
{"id":13102,"date":"2015-07-29T19:43:31","date_gmt":"2015-07-29T17:43:31","guid":{"rendered":"\/magazin\/?p=13102"},"modified":"2016-12-29T13:05:19","modified_gmt":"2016-12-29T12:05:19","slug":"36-woche-oje-ich-wachse","status":"publish","type":"post","link":"https:\/\/www.babyartikel.de\/magazin\/36-woche-oje-ich-wachse","title":{"rendered":"Baby-Update: 36. Woche: Oje, ich wachse!"},"content":{"rendered":"<p>Im Moment zieht mir der Bub st&auml;ndig meine Hose vom Po. Nat&uuml;rlich nicht mit Absicht &ndash; er m&ouml;chte sich nur gerne an mir festhalten. Aber da ich vorzugsweise sommerleichte Haremshosen mit elastischem Bund trage, stehe ich augenblicklich in Unterw&auml;sche da, wenn der Kleine sich mit vollem Gewicht an meinen&nbsp;<span style=\"text-decoration: line-through\">Rockzipfel<\/span> Hosenzipfel h&auml;ngt.<p>Bereits seit einigen Tagen klammert sich mein &bdquo;kleines &Auml;ffchen&ldquo; wie ich ihn neuerdings nenne, extrem intensiv an mich. Will ich ihn Thomas geben, dann kostet es mich Kraft seine geschlossenen H&auml;ndchen von meinem Shirt zu l&ouml;sen und das Ganze wird von wildem Protest begleitet. Am liebsten klebt er an mir.<\/p><div id=\"ez-toc-container\" class=\"ez-toc-v2_0_82_2 counter-flat ez-toc-counter ez-toc-white ez-toc-container-direction\">\n<div class=\"ez-toc-title-container\">\n<p class=\"ez-toc-title\" style=\"cursor:inherit\">Inhaltsverzeichnis<\/p>\n<span class=\"ez-toc-title-toggle\"><a href=\"#\" class=\"ez-toc-pull-right ez-toc-btn ez-toc-btn-xs ez-toc-btn-default ez-toc-toggle\" aria-label=\"Toggle Table of Content\"><span class=\"ez-toc-js-icon-con\"><span class=\"\"><span class=\"eztoc-hide\" style=\"display:none;\">Toggle<\/span><span class=\"ez-toc-icon-toggle-span\"><svg style=\"fill: #999;color:#999\" xmlns=\"http:\/\/www.w3.org\/2000\/svg\" class=\"list-377408\" width=\"20px\" height=\"20px\" viewBox=\"0 0 24 24\" fill=\"none\"><path d=\"M6 6H4v2h2V6zm14 0H8v2h12V6zM4 11h2v2H4v-2zm16 0H8v2h12v-2zM4 16h2v2H4v-2zm16 0H8v2h12v-2z\" fill=\"currentColor\"><\/path><\/svg><svg style=\"fill: #999;color:#999\" class=\"arrow-unsorted-368013\" xmlns=\"http:\/\/www.w3.org\/2000\/svg\" width=\"10px\" height=\"10px\" viewBox=\"0 0 24 24\" version=\"1.2\" baseProfile=\"tiny\"><path d=\"M18.2 9.3l-6.2-6.3-6.2 6.3c-.2.2-.3.4-.3.7s.1.5.3.7c.2.2.4.3.7.3h11c.3 0 .5-.1.7-.3.2-.2.3-.5.3-.7s-.1-.5-.3-.7zM5.8 14.7l6.2 6.3 6.2-6.3c.2-.2.3-.5.3-.7s-.1-.5-.3-.7c-.2-.2-.4-.3-.7-.3h-11c-.3 0-.5.1-.7.3-.2.2-.3.5-.3.7s.1.5.3.7z\"\/><\/svg><\/span><\/span><\/span><\/a><\/span><\/div>\n<nav><ul class='ez-toc-list ez-toc-list-level-1 ' ><li class='ez-toc-page-1'><a class=\"ez-toc-link ez-toc-heading-1\" href=\"https:\/\/www.babyartikel.de\/magazin\/36-woche-oje-ich-wachse\/#Was_ist_nur_mit_ihm_los\" >Was ist nur mit ihm los?<\/a><\/li><li class='ez-toc-page-1'><a class=\"ez-toc-link ez-toc-heading-2\" href=\"https:\/\/www.babyartikel.de\/magazin\/36-woche-oje-ich-wachse\/#Unruhig_ohne_erkennbaren_Grund\" >Unruhig, ohne erkennbaren Grund<\/a><\/li><li class='ez-toc-page-1'><a class=\"ez-toc-link ez-toc-heading-3\" href=\"https:\/\/www.babyartikel.de\/magazin\/36-woche-oje-ich-wachse\/#Oje_ich_wachse\" >Oje, ich wachse<\/a><\/li><li class='ez-toc-page-1'><a class=\"ez-toc-link ez-toc-heading-4\" href=\"https:\/\/www.babyartikel.de\/magazin\/36-woche-oje-ich-wachse\/#Wachstumsschub_Oder_was\" >Wachstumsschub? Oder was?<\/a><\/li><li class='ez-toc-page-1'><a class=\"ez-toc-link ez-toc-heading-5\" href=\"https:\/\/www.babyartikel.de\/magazin\/36-woche-oje-ich-wachse\/#Anhaenglich_und_weinerlich\" >Anh&auml;nglich und weinerlich<\/a><\/li><li class='ez-toc-page-1'><a class=\"ez-toc-link ez-toc-heading-6\" href=\"https:\/\/www.babyartikel.de\/magazin\/36-woche-oje-ich-wachse\/#Ich_bin_da\" >Ich bin da!<\/a><\/li><\/ul><\/nav><\/div>\n<h2><span class=\"ez-toc-section\" id=\"Was_ist_nur_mit_ihm_los\"><\/span><b>Was ist nur mit ihm los?<\/b><span class=\"ez-toc-section-end\"><\/span><\/h2><p>Gestern schien er zudem wesensver&auml;ndert. Er quengelte den ganzen Nachmittag, nichts schien ihm Freude zu bereiten und dabei ist er sonst ein so ausgeglichenes und ruhiges Kerlchen, das sich wirklich lange mit sich alleine besch&auml;ftigen kann. Als er dann am Abend nur sehr schwer in den Schlaf fand und mehrfach &ndash; laut schreiend &ndash; aufschreckte, wurde ich skeptisch. Irgendetwas stimmte nicht mit ihm. Ich trug mein weinendes Baby durch die Wohnung und hatte keine Ahnung, was er hatte und wie ich ihm helfen konnte.<\/p><div class=\"marketing-slot\"><div id=\"block-18\" class=\"content-post-widget marketing-slot-1 widget_block\"><a href=\"#\" class=\"newsletter_popup\" style=\"\n  display: inline-block;\n  box-shadow: 0 4px 10px rgba(0,0,0,0.1);\n  margin: 20px auto;\n  max-width: 800px;\n  width: 100%;\">\n  <img src=\"https:\/\/media.babyartikel.de\/magazin\/wp-content\/uploads\/2025\/08\/NL-Banner-Magazin-8-25.webp\" alt=\"Newsletter Banner\" style=\"\n    width: 100%;\n    height: auto;\n    display: block;\" onclick=\"ga('send', 'event', 'banner', 'click', 'magazin-banner-newsletter-8-25');\">\n<\/a>\n\n\t<!-- Modal -->\n\t<div class=\"modal fade modal_popup\" id=\"newsletter_popup\" tabindex=\"-1\" aria-labelledby=\"exampleModalLabel\" aria-hidden=\"true\">\n\t\t<div class=\"modal-dialog modal-dialog-centered modal-dialog-scrollable\">\n\t\t\t<div class=\"modal-content\">\n\t\t\t\t<div class=\"modal-header small-header\">\n\t\t\t\t\t<h5 class=\"modal-title\" id=\"newsletterModalLabel\">\n\t\t\t\t\t\tNewsletter\t\t\t\t\t<\/h5>\n\t\t\t\t\t<button type=\"button\" class=\"btn-close small-close\" data-bs-dismiss=\"modal\" aria-label=\"Close\"><\/button>\n\t\t\t\t<\/div>\n\n\t\t\t\t<div class=\"modal-body\">\n\t\t\t\t\t\t<div class=\"newsletterForm-embed popup-form\">\n        <form name=\"newsletterSubscriptionForm\" id=\"newsletter_popup_69f4da41ab1ff_form\" data-newsletter-id=\"newsletter_popup_69f4da41ab1ff\" method=\"POST\">\n\n\t\t\t<input type=\"text\" name=\"website\" class=\"hidden\" tabindex=\"-1\" autocomplete=\"off\" style=\"position:absolute;left:-9999px;\">\n\t\t\t<input type=\"hidden\" name=\"ts\" value=\"1777654337\">\n\n\t\t\t                <input type=\"hidden\" name=\"emarsys-event-id\" value=\"3756\">\n            \n            \t\t\t<div class=\"mb-3\">\n\t\t\t\t<label for=\"date\" class=\"form-label\">Geburtstag\/ -termin Deines Babys<\/label>\n                <input type=\"date\" name=\"date\" class=\"input input--expand form-control\" required>\n\t\t\t<\/div>\n            \n\t\t\t<div class=\"mb-3\">\n\t\t\t\t<label for=\"email\" class=\"form-label\">E-Mail-Adresse<\/label>\n\t\t\t\t<input type=\"email\" name=\"email\" placeholder=\"E-Mail-Adresse\" class=\"input input--expand form-control\" required>\n\t\t\t<\/div>\n\n\t\t\t\t\t\t\t<button type=\"submit\" class=\"btn btn-primary\">Absenden<\/button>\n\t\t\t\n\t\t\t\t\t\t\t<div class=\"small mt-3\" style=\"font-weight:normal;\">\n\t\t\t\t\t\n\t\t\t<div class=\"mt-3\">\n\t\t\t\tJa, ich m&ouml;chte den Newsletter von Babyartikel.de erhalten und &uuml;ber Aktionen informiert werden.\n  Dabei darf mein Nutzungsverhalten (z. B. &Ouml;ffnungen und Klicks) zur Personalisierung ausgewertet werden.\n  Mehr finde ich in der <a href=\"\/de\/datenschutz\" style=\"text-decoration:underline\">Datenschutzerkl&auml;rung<\/a>.\n\t\t\t<\/div>\n\t\t\t\t\t\t<\/div>\n\t\t\t\n\t\t\t\t\t\t\t<div class=\"small mb-3 mt-3\" style=\"font-weight:normal;\">\n\t\t\t\t\tJederzeit abbestellbar | <a href=\"\/de\/datenschutz\" style=\"text-decoration:underline\">\n\t\t\t\t\t\tDatenschutzerkl&auml;rung\n\t\t\t\t\t<\/a>\n\t\t\t\t<\/div>\n\t\t\t\n        <\/form>\n    <\/div>\n\t\n\t\t\t\t\t<div class=\"response-messages_newsletter_popup_69f4da41ab1ff\">\n\t\t\t\t\t\t<div class=\"alert alert-success success mt-3 mb-3 d-none\">\n\t\t\t\t\t\t\tNur noch ein Klick! Best&auml;tige Deine Anmeldung in der E-Mail, die du gleich erh&auml;ltst.\t\t\t\t\t\t<\/div>\n\t\t\t\t\t\t<div class=\"error mt-3 mb-3 d-none\">\n\t\t\t\t\t\t\t<div class=\"alert alert-danger \">\n\t\t\t\t\t\t\t\tEin Fehler ist aufgetreten. Bitte versuche es sp&auml;ter erneut.\t\t\t\t\t\t\t<\/div>\n\t\t\t\t\t\t<\/div>\n\t\t\t\t\t\t<div class=\"alert alert-danger other-2007 mt-3 mb-3 d-none\">\n\t\t\t\t\t\t\tUng&Atilde;&frac14;ltiges Datumsformat\t\t\t\t\t\t<\/div>\n\t\t\t\t\t<\/div>\n\t\t\t\t<\/div>\n\t\t\t<\/div>\n\t\t<\/div>\n\t<\/div>\n\n\t<\/div><!-- content-widget --><\/div><h2><span class=\"ez-toc-section\" id=\"Unruhig_ohne_erkennbaren_Grund\"><\/span><b>Unruhig, ohne erkennbaren Grund<\/b><span class=\"ez-toc-section-end\"><\/span><\/h2><p>Er schien Schmerzen zu haben, denn er weinte laut und langanhaltend, au&szlig;erdem drehte und wandte er sich in meinen Armen wie ein Aal. Ich konnte ihn kaum halten, geschweige denn beruhigen. Schlie&szlig;lich fragte ich mich, ob ihm wohl ein Schmerzmittel helfen k&ouml;nnte. Bevor ich mich dazu durchringen konnte (die beiden unteren Z&auml;hne brechen zwar gerade durch, aber&nbsp;ich wusste ja nicht sicher, was er hatte), bot ich ihm ein letztes Mal meine Milch an. Er nahm mein &bdquo;Still-Angebot&ldquo; an und schlief kurz darauf ein. Endlich. Mit der kleinen Schnute an meiner Brust, w&auml;hrend ich erleichtert &ndash; mit ihm in meinen Armen &ndash; &nbsp;durch die Wohnung lief.<\/p><h2><span class=\"ez-toc-section\" id=\"Oje_ich_wachse\"><\/span><b>Oje, ich wachse<\/b><span class=\"ez-toc-section-end\"><\/span><\/h2><p>Heute morgen schnappte ich mir dann sofort das Buch &bdquo;Oje, ich wachse&ldquo;, um mir die darin enthaltene &bdquo;Wolkengrafik&ldquo; anzuschauen. Volltreffer! Der Bub befindet sich in der 36. Woche und somit mitten in einer &bdquo;st&uuml;rmischen Zeit&ldquo;. Oha!<\/p><div class=\"postslot1\">[articles]<link rel=\"stylesheet\" href=\"https:\/\/cdn.jsdelivr.net\/npm\/swiper@8\/swiper-bundle.min.css\"><\/div><div class=\"marketing-slot\"><div id=\"block-25\" class=\"content-post-widget marketing-slot-2 widget_block\"><a href=\"https:\/\/www.babyartikel.de\/de\/angebote\" data-track-link-click=\"true\" data-track-name=\"nyoutlet2026-magazin\" data-track-medium=\"banner-magazin-post\" data-track-campaign=\"magazin-banner-nyoutlet2026\" onclick=\"ga('send', 'event', 'banner', 'click', 'magazin-banner-nyoutlet2026');\" style=\"display:block;width:100%;text-align:center;\"><img src=\"https:\/\/media.babyartikel.de\/magazin\/wp-content\/uploads\/2026\/01\/NY-Outlet-10-2026.webp\" alt=\"Sale\" style=\"max-width:100%;\"><\/a><\/div><!-- content-widget --><\/div><figure id=\"attachment_13109\" aria-describedby=\"caption-attachment-13109\" style=\"width: 690px\" class=\"wp-caption aligncenter\"><a href=\"https:\/\/www.babyartikel.de\/magazin\/wp-content\/uploads\/2015\/07\/Oje-ich.jpg\"><img loading=\"lazy\" decoding=\"async\" class=\"size-large wp-image-13109\" alt=\"Oje-ich\" src=\"https:\/\/www.babyartikel.de\/magazin\/wp-content\/uploads\/2015\/07\/Oje-ich-1024x891.jpg\" width=\"690\" height=\"600\" srcset=\"https:\/\/media.babyartikel.de\/magazin\/wp-content\/uploads\/2015\/07\/Oje-ich-1024x891.jpg 1024w, https:\/\/media.babyartikel.de\/magazin\/wp-content\/uploads\/2015\/07\/Oje-ich-690x601.jpg 690w, https:\/\/media.babyartikel.de\/magazin\/wp-content\/uploads\/2015\/07\/Oje-ich-1050x914.jpg 1050w, https:\/\/media.babyartikel.de\/magazin\/wp-content\/uploads\/2015\/07\/Oje-ich-150x131.jpg 150w, https:\/\/media.babyartikel.de\/magazin\/wp-content\/uploads\/2015\/07\/Oje-ich-768x669.jpg 768w, https:\/\/media.babyartikel.de\/magazin\/wp-content\/uploads\/2015\/07\/Oje-ich-300x261.jpg 300w, https:\/\/media.babyartikel.de\/magazin\/wp-content\/uploads\/2015\/07\/Oje-ich-600x522.jpg 600w, https:\/\/media.babyartikel.de\/magazin\/wp-content\/uploads\/2015\/07\/Oje-ich-666x580.jpg 666w, https:\/\/media.babyartikel.de\/magazin\/wp-content\/uploads\/2015\/07\/Oje-ich.jpg 1200w\" sizes=\"auto, (max-width: 690px) 100vw, 690px\"><\/a><figcaption id=\"caption-attachment-13109\" class=\"wp-caption-text\">Grafik aus &bdquo;Oje ich wachse&ldquo;<\/figcaption><\/figure><p>&bdquo;Oje, ich wachse&ldquo; z&auml;hlt zwar nicht zu meinen Lieblingsb&uuml;chern, weil sich jedes Baby sehr individuell entwickelt und sich sicherlich nicht immer an die im Buch beschriebenen Wachstumssch&uuml;be h&auml;lt. Dennoch werfe ich ab und zu einen Blick in dieses Buch und zwar immer dann, wenn sich der Bub irgendwie sonderbar verh&auml;lt.<\/p><h2><span class=\"ez-toc-section\" id=\"Wachstumsschub_Oder_was\"><\/span><b>Wachstumsschub? Oder was?<\/b><span class=\"ez-toc-section-end\"><\/span><\/h2><p>Im Grunde will ich ja nur eine plausible Erkl&auml;rung f&uuml;r das Verhalten meines Kindes. Ich finde es beruhigend, wenn ich wei&szlig;, dass die Z&auml;hnchen, eine Krankheit oder eben ein Wachstumsschub f&uuml;r miese Laune sorgen. Wobei das eigentlich Quatsch ist. Denn solange unsere Babys, uns nicht genau mitteilen k&ouml;nnen, was sie plagt, sondern einfach nur &bdquo;meckern&ldquo;, bleibt die wahre Ursache ein Geheimnis. Im Zweifelsfall sind es eben die Z&auml;hne. Oder ein Schub&hellip;<\/p><h2><span class=\"ez-toc-section\" id=\"Anhaenglich_und_weinerlich\"><\/span><b>Anh&auml;nglich und weinerlich<\/b><span class=\"ez-toc-section-end\"><\/span><\/h2><p>Was auch immer die Ursache sein mag &ndash; der Bub ist schlecht drauf, aber wesentlich friedlicher und gl&uuml;cklicher, wenn ich mich mit ihm besch&auml;ftige und ihn durch die Gegend trage. Zu Bekannten (Nachbarin, Freundin) geht er nur, wenn der Blickkontakt zu mir nicht abbricht. Kommen ihm Fremde zu nah, zieht er sofort ein Schippchen. Laufe ich durch die Wohnung, tappt er immer sofort hinterher. Lasse ich ihn auf fremdem Terrain auf den Boden, klammert er sich an mich und wenn das nicht geht, bricht er in Tr&auml;nen aus.<\/p><h2><span class=\"ez-toc-section\" id=\"Ich_bin_da\"><\/span><b>Ich bin da!<\/b><span class=\"ez-toc-section-end\"><\/span><\/h2><p>Das ist eine ziemlich aufregende Zeit f&uuml;r uns beide, weil er einerseits seinen Abstand von mir durch seine zunehmende Mobilit&auml;t von ganz alleine vergr&ouml;&szlig;ert (manchmal mehr als ihm geheuer ist) und weil er gleichzeitig meine N&auml;he verst&auml;rkt sucht &ndash; wahrscheinlich gerade wegen seiner F&auml;higkeit, sich in Windeseile von mir fortzubewegen, wenn ihn die Neugier packt.<\/p><p>Ich nehme es gelassen, weil ich wei&szlig;, dass es nur eine Phase ist und ich versuche f&uuml;r ihn da zu sein, wann immer er mich braucht. Zwischendurch gebe ich ihn zwar weiterhin zu Thomas (auch ohne Blickkontakt), damit ich zumindest in Ruhe duschen, kochen oder ein paar Augenblicke allein mit seiner Schwester verbringen kann. Aber &bdquo;ruft&ldquo; bzw. weint er laut nach mir (sprechen kann er ja noch nicht), dann nehme ich ihn sofort auf den Arm. Oder ins Tuch, denn darin eingehuschelt ist er ebenfalls ganz in meiner N&auml;he und ich habe zumindest beide H&auml;nde frei.<\/p><p>&nbsp;<\/p><div class=\"credits-overlay\" data-target=\".wp-image-13107\"><a href=\"#\" target=\"_blank\">@Nestling.org<\/a><\/div><\/p>\n","protected":false},"excerpt":{"rendered":"<p>Im Moment zieht mir der Bub st&auml;ndig meine Hose vom Po. Nat&uuml;rlich nicht mit Absicht &ndash; er m&ouml;chte sich nur gerne an mir festhalten. Aber da ich vorzugsweise sommerleichte Haremshosen mit elastischem Bund trage, stehe ich augenblicklich in Unterw&auml;sche da, wenn der Kleine sich mit vollem Gewicht an meinen&nbsp;Rockzipfel Hosenzipfel h&auml;ngt.Bereits seit einigen Tagen klammert [&#8230;]<\/p>\n<p><a class=\"btn btn-secondary understrap-read-more-link\" href=\"https:\/\/www.babyartikel.de\/magazin\/36-woche-oje-ich-wachse\">Weiterlesen&#8230;<\/a><\/p>\n","protected":false},"author":6,"featured_media":13107,"comment_status":"open","ping_status":"open","sticky":false,"template":"","format":"standard","meta":{"_acf_changed":false,"footnotes":""},"categories":[79,2820,2802],"tags":[],"class_list":["post-13102","post","type-post","status-publish","format-standard","has-post-thumbnail","hentry","category-baby","category-leben-mit-baby","category-mamablogger-berichten"],"acf":[],"yoast_head":"<!-- This site is optimized with the Yoast SEO Premium plugin v27.2 (Yoast SEO v27.2) - https:\/\/yoast.com\/product\/yoast-seo-premium-wordpress\/ -->\n<title>Baby-Update: 36. Woche: Oje, ich wachse! | Babyartikel.de Magazin<\/title>\n<meta name=\"robots\" content=\"index, follow, max-snippet:-1, max-image-preview:large, max-video-preview:-1\" \/>\n<link rel=\"canonical\" href=\"https:\/\/www.babyartikel.de\/magazin\/36-woche-oje-ich-wachse\" \/>\n<meta property=\"og:locale\" content=\"de_DE\" \/>\n<meta property=\"og:type\" content=\"article\" \/>\n<meta property=\"og:title\" content=\"Baby-Update: 36. Woche: Oje, ich wachse!\" \/>\n<meta property=\"og:description\" content=\"Im Moment zieht mir der Bub st&auml;ndig meine Hose vom Po. Nat&uuml;rlich nicht mit Absicht &ndash; er m&ouml;chte sich nur gerne an mir festhalten. Aber da ich vorzugsweise sommerleichte Haremshosen mit elastischem Bund trage, stehe ich augenblicklich in Unterw&auml;sche da, wenn der Kleine sich mit vollem Gewicht an meinen&nbsp;Rockzipfel Hosenzipfel h&auml;ngt.Bereits seit einigen Tagen klammert [...]Weiterlesen...\" \/>\n<meta property=\"og:url\" content=\"https:\/\/www.babyartikel.de\/magazin\/36-woche-oje-ich-wachse\" \/>\n<meta property=\"og:site_name\" content=\"Babyartikel.de Magazin\" \/>\n<meta property=\"article:published_time\" content=\"2015-07-29T17:43:31+00:00\" \/>\n<meta property=\"article:modified_time\" content=\"2016-12-29T12:05:19+00:00\" \/>\n<meta property=\"og:image\" content=\"https:\/\/www.babyartikel.de\/magazin\/wp-content\/uploads\/2015\/07\/oje.jpg\" \/>\n\t<meta property=\"og:image:width\" content=\"1200\" \/>\n\t<meta property=\"og:image:height\" content=\"887\" \/>\n\t<meta property=\"og:image:type\" content=\"image\/jpeg\" \/>\n<meta name=\"author\" content=\"Kathrin\" \/>\n<meta name=\"twitter:card\" content=\"summary_large_image\" \/>\n<meta name=\"twitter:label1\" content=\"Verfasst von\" \/>\n\t<meta name=\"twitter:data1\" content=\"Kathrin\" \/>\n\t<meta name=\"twitter:label2\" content=\"Gesch\u00e4tzte Lesezeit\" \/>\n\t<meta name=\"twitter:data2\" content=\"4\u00a0Minuten\" \/>\n<script type=\"application\/ld+json\" class=\"yoast-schema-graph\">{\"@context\":\"https:\/\/schema.org\",\"@graph\":[{\"@type\":\"Article\",\"@id\":\"https:\/\/www.babyartikel.de\/magazin\/36-woche-oje-ich-wachse#article\",\"isPartOf\":{\"@id\":\"https:\/\/www.babyartikel.de\/magazin\/36-woche-oje-ich-wachse\"},\"author\":{\"name\":\"Kathrin\",\"@id\":\"https:\/\/www.babyartikel.de\/magazin\/#\/schema\/person\/1db11e46f2cc589fbd7acee6c5191911\"},\"headline\":\"Baby-Update: 36. Woche: Oje, ich wachse!\",\"datePublished\":\"2015-07-29T17:43:31+00:00\",\"dateModified\":\"2016-12-29T12:05:19+00:00\",\"mainEntityOfPage\":{\"@id\":\"https:\/\/www.babyartikel.de\/magazin\/36-woche-oje-ich-wachse\"},\"wordCount\":762,\"commentCount\":0,\"image\":{\"@id\":\"https:\/\/www.babyartikel.de\/magazin\/36-woche-oje-ich-wachse#primaryimage\"},\"thumbnailUrl\":\"https:\/\/media.babyartikel.de\/magazin\/wp-content\/uploads\/2015\/07\/oje.jpg\",\"articleSection\":[\"Baby\",\"Leben mit Baby\",\"Mamablogger berichten\"],\"inLanguage\":\"de\",\"potentialAction\":[{\"@type\":\"CommentAction\",\"name\":\"Comment\",\"target\":[\"https:\/\/www.babyartikel.de\/magazin\/36-woche-oje-ich-wachse#respond\"]}]},{\"@type\":\"WebPage\",\"@id\":\"https:\/\/www.babyartikel.de\/magazin\/36-woche-oje-ich-wachse\",\"url\":\"https:\/\/www.babyartikel.de\/magazin\/36-woche-oje-ich-wachse\",\"name\":\"Baby-Update: 36. Woche: Oje, ich wachse! | Babyartikel.de Magazin\",\"isPartOf\":{\"@id\":\"https:\/\/www.babyartikel.de\/magazin\/#website\"},\"primaryImageOfPage\":{\"@id\":\"https:\/\/www.babyartikel.de\/magazin\/36-woche-oje-ich-wachse#primaryimage\"},\"image\":{\"@id\":\"https:\/\/www.babyartikel.de\/magazin\/36-woche-oje-ich-wachse#primaryimage\"},\"thumbnailUrl\":\"https:\/\/media.babyartikel.de\/magazin\/wp-content\/uploads\/2015\/07\/oje.jpg\",\"datePublished\":\"2015-07-29T17:43:31+00:00\",\"dateModified\":\"2016-12-29T12:05:19+00:00\",\"author\":{\"@id\":\"https:\/\/www.babyartikel.de\/magazin\/#\/schema\/person\/1db11e46f2cc589fbd7acee6c5191911\"},\"breadcrumb\":{\"@id\":\"https:\/\/www.babyartikel.de\/magazin\/36-woche-oje-ich-wachse#breadcrumb\"},\"inLanguage\":\"de\",\"potentialAction\":[{\"@type\":\"ReadAction\",\"target\":[\"https:\/\/www.babyartikel.de\/magazin\/36-woche-oje-ich-wachse\"]}]},{\"@type\":\"ImageObject\",\"inLanguage\":\"de\",\"@id\":\"https:\/\/www.babyartikel.de\/magazin\/36-woche-oje-ich-wachse#primaryimage\",\"url\":\"https:\/\/media.babyartikel.de\/magazin\/wp-content\/uploads\/2015\/07\/oje.jpg\",\"contentUrl\":\"https:\/\/media.babyartikel.de\/magazin\/wp-content\/uploads\/2015\/07\/oje.jpg\",\"width\":1200,\"height\":887},{\"@type\":\"BreadcrumbList\",\"@id\":\"https:\/\/www.babyartikel.de\/magazin\/36-woche-oje-ich-wachse#breadcrumb\",\"itemListElement\":[{\"@type\":\"ListItem\",\"position\":1,\"name\":\"Startseite\",\"item\":\"https:\/\/www.babyartikel.de\/magazin\"},{\"@type\":\"ListItem\",\"position\":2,\"name\":\"Baby-Update: 36. Woche: Oje, ich wachse!\"}]},{\"@type\":\"WebSite\",\"@id\":\"https:\/\/www.babyartikel.de\/magazin\/#website\",\"url\":\"https:\/\/www.babyartikel.de\/magazin\/\",\"name\":\"Babyartikel.de Magazin\",\"description\":\"\",\"potentialAction\":[{\"@type\":\"SearchAction\",\"target\":{\"@type\":\"EntryPoint\",\"urlTemplate\":\"https:\/\/www.babyartikel.de\/magazin\/?s={search_term_string}\"},\"query-input\":{\"@type\":\"PropertyValueSpecification\",\"valueRequired\":true,\"valueName\":\"search_term_string\"}}],\"inLanguage\":\"de\"},{\"@type\":\"Person\",\"@id\":\"https:\/\/www.babyartikel.de\/magazin\/#\/schema\/person\/1db11e46f2cc589fbd7acee6c5191911\",\"name\":\"Kathrin\",\"image\":{\"@type\":\"ImageObject\",\"inLanguage\":\"de\",\"@id\":\"https:\/\/secure.gravatar.com\/avatar\/5d45d670bebfbc1b2ddaa9a7bbaedbe41756cbd8db0940323b4d161b32a80ff4?s=96&d=mm&r=g\",\"url\":\"https:\/\/secure.gravatar.com\/avatar\/5d45d670bebfbc1b2ddaa9a7bbaedbe41756cbd8db0940323b4d161b32a80ff4?s=96&d=mm&r=g\",\"contentUrl\":\"https:\/\/secure.gravatar.com\/avatar\/5d45d670bebfbc1b2ddaa9a7bbaedbe41756cbd8db0940323b4d161b32a80ff4?s=96&d=mm&r=g\",\"caption\":\"Kathrin\"},\"description\":\"Ich m\u00f6chte mir und anderen M\u00fcttern Mut machen, der eigenen Intuition zu folgen und nicht gesellschaftlichen Erwartungshaltungen entsprechen zu m\u00fcssen. Ich m\u00f6chte ermuntern auf die individuellen Bed\u00fcrfnisse von Kindern einzugehen. Ihnen zu zuh\u00f6ren. Sie zu verstehen. Ihnen Nestw\u00e4rme zu geben!\",\"sameAs\":[\"http:\/\/www.nestling.org\"],\"url\":\"https:\/\/www.babyartikel.de\/magazin\/author\/nestling\"}]}<\/script>\n<!-- \/ Yoast SEO Premium plugin. -->","yoast_head_json":{"title":"Baby-Update: 36. Woche: Oje, ich wachse! | Babyartikel.de Magazin","robots":{"index":"index","follow":"follow","max-snippet":"max-snippet:-1","max-image-preview":"max-image-preview:large","max-video-preview":"max-video-preview:-1"},"canonical":"https:\/\/www.babyartikel.de\/magazin\/36-woche-oje-ich-wachse","og_locale":"de_DE","og_type":"article","og_title":"Baby-Update: 36. Woche: Oje, ich wachse!","og_description":"Im Moment zieht mir der Bub st&auml;ndig meine Hose vom Po. Nat&uuml;rlich nicht mit Absicht &ndash; er m&ouml;chte sich nur gerne an mir festhalten. Aber da ich vorzugsweise sommerleichte Haremshosen mit elastischem Bund trage, stehe ich augenblicklich in Unterw&auml;sche da, wenn der Kleine sich mit vollem Gewicht an meinen&nbsp;Rockzipfel Hosenzipfel h&auml;ngt.Bereits seit einigen Tagen klammert [...]Weiterlesen...","og_url":"https:\/\/www.babyartikel.de\/magazin\/36-woche-oje-ich-wachse","og_site_name":"Babyartikel.de Magazin","article_published_time":"2015-07-29T17:43:31+00:00","article_modified_time":"2016-12-29T12:05:19+00:00","og_image":[{"width":1200,"height":887,"url":"https:\/\/www.babyartikel.de\/magazin\/wp-content\/uploads\/2015\/07\/oje.jpg","type":"image\/jpeg"}],"author":"Kathrin","twitter_card":"summary_large_image","twitter_misc":{"Verfasst von":"Kathrin","Gesch\u00e4tzte Lesezeit":"4\u00a0Minuten"},"schema":{"@context":"https:\/\/schema.org","@graph":[{"@type":"Article","@id":"https:\/\/www.babyartikel.de\/magazin\/36-woche-oje-ich-wachse#article","isPartOf":{"@id":"https:\/\/www.babyartikel.de\/magazin\/36-woche-oje-ich-wachse"},"author":{"name":"Kathrin","@id":"https:\/\/www.babyartikel.de\/magazin\/#\/schema\/person\/1db11e46f2cc589fbd7acee6c5191911"},"headline":"Baby-Update: 36. Woche: Oje, ich wachse!","datePublished":"2015-07-29T17:43:31+00:00","dateModified":"2016-12-29T12:05:19+00:00","mainEntityOfPage":{"@id":"https:\/\/www.babyartikel.de\/magazin\/36-woche-oje-ich-wachse"},"wordCount":762,"commentCount":0,"image":{"@id":"https:\/\/www.babyartikel.de\/magazin\/36-woche-oje-ich-wachse#primaryimage"},"thumbnailUrl":"https:\/\/media.babyartikel.de\/magazin\/wp-content\/uploads\/2015\/07\/oje.jpg","articleSection":["Baby","Leben mit Baby","Mamablogger berichten"],"inLanguage":"de","potentialAction":[{"@type":"CommentAction","name":"Comment","target":["https:\/\/www.babyartikel.de\/magazin\/36-woche-oje-ich-wachse#respond"]}]},{"@type":"WebPage","@id":"https:\/\/www.babyartikel.de\/magazin\/36-woche-oje-ich-wachse","url":"https:\/\/www.babyartikel.de\/magazin\/36-woche-oje-ich-wachse","name":"Baby-Update: 36. Woche: Oje, ich wachse! | Babyartikel.de Magazin","isPartOf":{"@id":"https:\/\/www.babyartikel.de\/magazin\/#website"},"primaryImageOfPage":{"@id":"https:\/\/www.babyartikel.de\/magazin\/36-woche-oje-ich-wachse#primaryimage"},"image":{"@id":"https:\/\/www.babyartikel.de\/magazin\/36-woche-oje-ich-wachse#primaryimage"},"thumbnailUrl":"https:\/\/media.babyartikel.de\/magazin\/wp-content\/uploads\/2015\/07\/oje.jpg","datePublished":"2015-07-29T17:43:31+00:00","dateModified":"2016-12-29T12:05:19+00:00","author":{"@id":"https:\/\/www.babyartikel.de\/magazin\/#\/schema\/person\/1db11e46f2cc589fbd7acee6c5191911"},"breadcrumb":{"@id":"https:\/\/www.babyartikel.de\/magazin\/36-woche-oje-ich-wachse#breadcrumb"},"inLanguage":"de","potentialAction":[{"@type":"ReadAction","target":["https:\/\/www.babyartikel.de\/magazin\/36-woche-oje-ich-wachse"]}]},{"@type":"ImageObject","inLanguage":"de","@id":"https:\/\/www.babyartikel.de\/magazin\/36-woche-oje-ich-wachse#primaryimage","url":"https:\/\/media.babyartikel.de\/magazin\/wp-content\/uploads\/2015\/07\/oje.jpg","contentUrl":"https:\/\/media.babyartikel.de\/magazin\/wp-content\/uploads\/2015\/07\/oje.jpg","width":1200,"height":887},{"@type":"BreadcrumbList","@id":"https:\/\/www.babyartikel.de\/magazin\/36-woche-oje-ich-wachse#breadcrumb","itemListElement":[{"@type":"ListItem","position":1,"name":"Startseite","item":"https:\/\/www.babyartikel.de\/magazin"},{"@type":"ListItem","position":2,"name":"Baby-Update: 36. Woche: Oje, ich wachse!"}]},{"@type":"WebSite","@id":"https:\/\/www.babyartikel.de\/magazin\/#website","url":"https:\/\/www.babyartikel.de\/magazin\/","name":"Babyartikel.de Magazin","description":"","potentialAction":[{"@type":"SearchAction","target":{"@type":"EntryPoint","urlTemplate":"https:\/\/www.babyartikel.de\/magazin\/?s={search_term_string}"},"query-input":{"@type":"PropertyValueSpecification","valueRequired":true,"valueName":"search_term_string"}}],"inLanguage":"de"},{"@type":"Person","@id":"https:\/\/www.babyartikel.de\/magazin\/#\/schema\/person\/1db11e46f2cc589fbd7acee6c5191911","name":"Kathrin","image":{"@type":"ImageObject","inLanguage":"de","@id":"https:\/\/secure.gravatar.com\/avatar\/5d45d670bebfbc1b2ddaa9a7bbaedbe41756cbd8db0940323b4d161b32a80ff4?s=96&d=mm&r=g","url":"https:\/\/secure.gravatar.com\/avatar\/5d45d670bebfbc1b2ddaa9a7bbaedbe41756cbd8db0940323b4d161b32a80ff4?s=96&d=mm&r=g","contentUrl":"https:\/\/secure.gravatar.com\/avatar\/5d45d670bebfbc1b2ddaa9a7bbaedbe41756cbd8db0940323b4d161b32a80ff4?s=96&d=mm&r=g","caption":"Kathrin"},"description":"Ich m\u00f6chte mir und anderen M\u00fcttern Mut machen, der eigenen Intuition zu folgen und nicht gesellschaftlichen Erwartungshaltungen entsprechen zu m\u00fcssen. Ich m\u00f6chte ermuntern auf die individuellen Bed\u00fcrfnisse von Kindern einzugehen. Ihnen zu zuh\u00f6ren. Sie zu verstehen. Ihnen Nestw\u00e4rme zu geben!","sameAs":["http:\/\/www.nestling.org"],"url":"https:\/\/www.babyartikel.de\/magazin\/author\/nestling"}]}},"abstract_sku":"","_links":{"self":[{"href":"https:\/\/www.babyartikel.de\/magazin\/wp-json\/wp\/v2\/posts\/13102","targetHints":{"allow":["GET"]}}],"collection":[{"href":"https:\/\/www.babyartikel.de\/magazin\/wp-json\/wp\/v2\/posts"}],"about":[{"href":"https:\/\/www.babyartikel.de\/magazin\/wp-json\/wp\/v2\/types\/post"}],"author":[{"embeddable":true,"href":"https:\/\/www.babyartikel.de\/magazin\/wp-json\/wp\/v2\/users\/6"}],"replies":[{"embeddable":true,"href":"https:\/\/www.babyartikel.de\/magazin\/wp-json\/wp\/v2\/comments?post=13102"}],"version-history":[{"count":6,"href":"https:\/\/www.babyartikel.de\/magazin\/wp-json\/wp\/v2\/posts\/13102\/revisions"}],"predecessor-version":[{"id":35034,"href":"https:\/\/www.babyartikel.de\/magazin\/wp-json\/wp\/v2\/posts\/13102\/revisions\/35034"}],"wp:featuredmedia":[{"embeddable":true,"href":"https:\/\/www.babyartikel.de\/magazin\/wp-json\/wp\/v2\/media\/13107"}],"wp:attachment":[{"href":"https:\/\/www.babyartikel.de\/magazin\/wp-json\/wp\/v2\/media?parent=13102"}],"wp:term":[{"taxonomy":"category","embeddable":true,"href":"https:\/\/www.babyartikel.de\/magazin\/wp-json\/wp\/v2\/categories?post=13102"},{"taxonomy":"post_tag","embeddable":true,"href":"https:\/\/www.babyartikel.de\/magazin\/wp-json\/wp\/v2\/tags?post=13102"}],"curies":[{"name":"wp","href":"https:\/\/api.w.org\/{rel}","templated":true}]}}