
{"id":14520,"date":"2015-09-02T11:25:45","date_gmt":"2015-09-02T09:25:45","guid":{"rendered":"\/magazin\/?p=14520"},"modified":"2025-11-05T14:00:59","modified_gmt":"2025-11-05T13:00:59","slug":"wie-war-die-erste-kitawoche-interview-mit-papa-teil-1","status":"publish","type":"post","link":"https:\/\/www.babyartikel.de\/magazin\/wie-war-die-erste-kitawoche-interview-mit-papa-teil-1","title":{"rendered":"Wie war die erste Kitawoche? Interview mit Papa (Teil 1)"},"content":{"rendered":"<p>Unser kleiner Spatz (12,5 Monate alt) hatte seine erste Eingew&ouml;hnungswoche im Kindergarten. Schon &hellip; Was f&uuml;r viele hier in Berlin ganz normal ist, war f&uuml;r mich und Papa neu. Denn unser Gro&szlig;er ist &bdquo;erst&ldquo; mit zwei Jahren in die Kita gegangen. Aber diesmal war uns schon vor der Geburt klar, dass unser Kleiner mit einem Jahr in die Kita gehen und ich wieder arbeiten muss. Allerdings muss ich sagen, wenn ich den Eindruck gehabt h&auml;tte, dass die Kita noch nichts f&uuml;r unseren kleinen Spatz ist, dann h&auml;tte ich mich lieber beim Arbeiten weiter verbogen, um ihm mehr Zeit zu Hause zu geben. Aber wir fanden, dass er schon so weit ist, das Abenteuer Kita anzugehen.<p>Da Papa gerade Elternzeit hat, hat er die erste Eingew&ouml;hnungswoche &uuml;bernommen. N&auml;chste Woche muss er wieder arbeiten und ich &uuml;bernehme die weitere <a href=\"https:\/\/www.babyartikel.de\/magazin\/kita-krippe-tagesmutter-so-gelingt-die-eingewoehnung\">Eingew&ouml;hnung<\/a>. Um zu erfahren, wie die erste Kitawoche war, hab ich f&uuml;r Euch (und mich) meinen Mann alias Papa interviewt.<\/p><h2 class=\"wp-block-heading\" id=\"h-1-eingewohnungstag-montag\">1. Eingew&ouml;hnungstag: Montag<\/h2><p><em><strong>Heute war der erste Eingew&ouml;hnungstag f&uuml;r unseren Kleinen. Andere Kinder aus seiner Gruppe haben schon letzte Woche angefangen. Wie viele Kinder waren denn heute da?<\/strong><\/em><\/p><div class=\"marketing-slot\"><div id=\"block-18\" class=\"content-post-widget marketing-slot-1 widget_block\"><a href=\"#\" class=\"newsletter_popup\" style=\"\n  display: inline-block;\n  box-shadow: 0 4px 10px rgba(0,0,0,0.1);\n  margin: 20px auto;\n  max-width: 800px;\n  width: 100%;\">\n  <img src=\"https:\/\/media.babyartikel.de\/magazin\/wp-content\/uploads\/2025\/08\/NL-Banner-Magazin-8-25.webp\" alt=\"Newsletter Banner\" style=\"\n    width: 100%;\n    height: auto;\n    display: block;\" onclick=\"ga('send', 'event', 'banner', 'click', 'magazin-banner-newsletter-8-25');\">\n<\/a>\n\n\t<!-- Modal -->\n\t<div class=\"modal fade modal_popup\" id=\"newsletter_popup\" tabindex=\"-1\" aria-labelledby=\"exampleModalLabel\" aria-hidden=\"true\">\n\t\t<div class=\"modal-dialog modal-dialog-centered modal-dialog-scrollable\">\n\t\t\t<div class=\"modal-content\">\n\t\t\t\t<div class=\"modal-header small-header\">\n\t\t\t\t\t<h5 class=\"modal-title\" id=\"newsletterModalLabel\">\n\t\t\t\t\t\tNewsletter\t\t\t\t\t<\/h5>\n\t\t\t\t\t<button type=\"button\" class=\"btn-close small-close\" data-bs-dismiss=\"modal\" aria-label=\"Close\"><\/button>\n\t\t\t\t<\/div>\n\n\t\t\t\t<div class=\"modal-body\">\n\t\t\t\t\t\t<div class=\"newsletterForm-embed popup-form\">\n        <form name=\"newsletterSubscriptionForm\" id=\"newsletter_popup_69f352e3e0be3_form\" data-newsletter-id=\"newsletter_popup_69f352e3e0be3\" method=\"POST\">\n\n\t\t\t<input type=\"text\" name=\"website\" class=\"hidden\" tabindex=\"-1\" autocomplete=\"off\" style=\"position:absolute;left:-9999px;\">\n\t\t\t<input type=\"hidden\" name=\"ts\" value=\"1777554147\">\n\n\t\t\t                <input type=\"hidden\" name=\"emarsys-event-id\" value=\"3756\">\n            \n            \t\t\t<div class=\"mb-3\">\n\t\t\t\t<label for=\"date\" class=\"form-label\">Geburtstag\/ -termin Deines Babys<\/label>\n                <input type=\"date\" name=\"date\" class=\"input input--expand form-control\" required>\n\t\t\t<\/div>\n            \n\t\t\t<div class=\"mb-3\">\n\t\t\t\t<label for=\"email\" class=\"form-label\">E-Mail-Adresse<\/label>\n\t\t\t\t<input type=\"email\" name=\"email\" placeholder=\"E-Mail-Adresse\" class=\"input input--expand form-control\" required>\n\t\t\t<\/div>\n\n\t\t\t\t\t\t\t<button type=\"submit\" class=\"btn btn-primary\">Absenden<\/button>\n\t\t\t\n\t\t\t\t\t\t\t<div class=\"small mt-3\" style=\"font-weight:normal;\">\n\t\t\t\t\t\n\t\t\t<div class=\"mt-3\">\n\t\t\t\tJa, ich m&ouml;chte den Newsletter von Babyartikel.de erhalten und &uuml;ber Aktionen informiert werden.\n  Dabei darf mein Nutzungsverhalten (z. B. &Ouml;ffnungen und Klicks) zur Personalisierung ausgewertet werden.\n  Mehr finde ich in der <a href=\"\/de\/datenschutz\" style=\"text-decoration:underline\">Datenschutzerkl&auml;rung<\/a>.\n\t\t\t<\/div>\n\t\t\t\t\t\t<\/div>\n\t\t\t\n\t\t\t\t\t\t\t<div class=\"small mb-3 mt-3\" style=\"font-weight:normal;\">\n\t\t\t\t\tJederzeit abbestellbar | <a href=\"\/de\/datenschutz\" style=\"text-decoration:underline\">\n\t\t\t\t\t\tDatenschutzerkl&auml;rung\n\t\t\t\t\t<\/a>\n\t\t\t\t<\/div>\n\t\t\t\n        <\/form>\n    <\/div>\n\t\n\t\t\t\t\t<div class=\"response-messages_newsletter_popup_69f352e3e0be3\">\n\t\t\t\t\t\t<div class=\"alert alert-success success mt-3 mb-3 d-none\">\n\t\t\t\t\t\t\tNur noch ein Klick! Best&auml;tige Deine Anmeldung in der E-Mail, die du gleich erh&auml;ltst.\t\t\t\t\t\t<\/div>\n\t\t\t\t\t\t<div class=\"error mt-3 mb-3 d-none\">\n\t\t\t\t\t\t\t<div class=\"alert alert-danger \">\n\t\t\t\t\t\t\t\tEin Fehler ist aufgetreten. Bitte versuche es sp&auml;ter erneut.\t\t\t\t\t\t\t<\/div>\n\t\t\t\t\t\t<\/div>\n\t\t\t\t\t\t<div class=\"alert alert-danger other-2007 mt-3 mb-3 d-none\">\n\t\t\t\t\t\t\tUng&Atilde;&frac14;ltiges Datumsformat\t\t\t\t\t\t<\/div>\n\t\t\t\t\t<\/div>\n\t\t\t\t<\/div>\n\t\t\t<\/div>\n\t\t<\/div>\n\t<\/div>\n\n\t<\/div><!-- content-widget --><\/div><p>Am Ende der Stunde waren acht Kinder im Gruppenraum. Sechs Kinder haben letzte Woche gestartet. Die sind schon &auml;lter. Vielleicht eineinhalb bis zwei Jahre alt. Unser Kleiner und ein anderes Kind in seinem Alter haben heute angefangen.<\/p><p><em><strong>So viele Kinder? Waren dann auch noch acht Eltern mit im Raum?<\/strong><\/em><\/p><div class=\"postslot1\">[articles]<link rel=\"stylesheet\" href=\"https:\/\/cdn.jsdelivr.net\/npm\/swiper@8\/swiper-bundle.min.css\"><\/div><div class=\"marketing-slot\"><div id=\"block-25\" class=\"content-post-widget marketing-slot-2 widget_block\"><a href=\"https:\/\/www.babyartikel.de\/de\/angebote\" data-track-link-click=\"true\" data-track-name=\"nyoutlet2026-magazin\" data-track-medium=\"banner-magazin-post\" data-track-campaign=\"magazin-banner-nyoutlet2026\" onclick=\"ga('send', 'event', 'banner', 'click', 'magazin-banner-nyoutlet2026');\" style=\"display:block;width:100%;text-align:center;\"><img src=\"https:\/\/media.babyartikel.de\/magazin\/wp-content\/uploads\/2026\/01\/NY-Outlet-10-2026.webp\" alt=\"Sale\" style=\"max-width:100%;\"><\/a><\/div><!-- content-widget --><\/div><p>Ich hab nicht genau durchgez&auml;hlt. Aber im Raum waren ungef&auml;hr sechs oder sieben Erwachsene &ndash; zwei davon die Erzieher.<\/p><p><em><strong>Beim <a href=\"https:\/\/www.babyartikel.de\/magazin\/pekip-was-ist-das\">Pekip<\/a> hat sich unser kleiner Spatz ja immer wohlgef&uuml;hlt mit so viel kleinen und gro&szlig;en Menschen im Raum. Wie war es heute f&uuml;r ihn? Ist er in die Mitte des Raumes gekrabbelt oder erst mal bei dir geblieben?<\/strong><\/em><\/p><p>Ich hab ihn in die Mitte des Raumes zu den Spielzeugen gelegt und mich an den Rand gesetzt. Er hat sich gleich wohlgef&uuml;hlt. Ohne sich einmal nach mir umzusehen, hat er sich ein Spielzeug gesucht. Nach 10 Min. hat er mal einen kurzen Blick in meine Richtung geworfen und nach 25 Min. ist er dann einmal zu mir gerobbt. Ansonsten hat er da auf dem Boden gespielt.<\/p><p><em><strong>Das ist neu! Beim Pekip wollte er immer in meiner N&auml;he bleiben. Wie hat unser Spatz auf die anderen Kinder reagiert?<\/strong><\/em><\/p><p>Er hat sie immer mal wieder beobachtet. Einer hat ihn dann fast mit Bausteinen getroffen, &hellip;<\/p><p><em><strong>(&hellip; waaas mein Kind ;-) )<\/strong><\/em><\/p><p>&hellip; die beiden haben sich dann sehr interessiert angeguckt. Ansonsten hat unser Kleiner sich nach und nach durch das Schlachtfeld der Spielzeuge durchgerobbt. Er hat dann ziemlich schnell angefangen f&uuml;r sich was zu erz&auml;hlen, was ja immer ein Zeichen daf&uuml;r ist, dass er sich wohlf&uuml;hlt.<\/p><p><em><strong>So ne Stunde geht ja schnell rum. Gab&rsquo;s trotzdem schon Programmpunkte?<\/strong><\/em><\/p><p>Programmpunkte gab&rsquo;s nicht. Wie die Stunde ablief, wurde von den Kindern bestimmt. Wie die eben so drauf waren. Ein paar M&uuml;tter sind dann nach und nach gegangen. Das war ein bisschen kurios, denn f&uuml;r mich schienen sie spontan aufzuspringen, sich zu verabschieden und zu gehen. Wahrscheinlich lief das &uuml;ber Blickkontakt mit den Erziehern ab, den ich nicht gesehen hab.<\/p><p>Nach den Verabschiedungen gab&rsquo;s schon ein paar Kinder, die geweint haben. Die Erzieherinnen sind dann immer sofort zu den Kleinen hin und haben versucht, sie zu beruhigen. Zum Beispiel mit ans Fenster gehen. Die hatten da schon ein paar Rituale, was sie mit den Kindern machen, wenn die Mama gegangen ist. Unser kleinen Spatz hat sich davon aber nicht sonderlich beeindrucken lassen.<\/p><p><em><strong>Wie ging es dir damit, die anderen Kinder so zu sehen?<\/strong><\/em><\/p><p>Es war eine kleine Gef&uuml;hlsachterbahn heute. Ganz am Anfang dachte ich &bdquo;Ach wie toll, unser Kleiner spielt da so f&uuml;r sich.&ldquo; Ich kenne die Eingew&ouml;hnung ja schon von unserem Gro&szlig;en und f&uuml;hlte mich daher sehr entspannt. Dann fand ich es traurig, dass die Kinder weinten, als ihre Mutter gegangen war. Das war schon ergreifend. Man denkt ja unwillk&uuml;rlich an sein eigenes Kind und fragt sich, ob es dem auch bald so geht.<\/p><p><em><strong>Das w&auml;re mir bestimmt genauso gegangen! Habt ihr denn dar&uuml;ber gesprochen, wie die n&auml;chsten Tage aussehen?<\/strong><\/em><\/p><p>Die Erzieher haben gesagt, dass unser Kleiner morgen am Besten wieder eine Stunde da ist. Ich soll dann die letzten f&uuml;nf bis zehn Minuten rausgehen und ihn anschlie&szlig;end abholen kommen.<\/p><p><em><strong>Papa kommt wieder &hellip;<\/strong><\/em><\/p><p>Genau und dann gehen wir gleich zusammen nach Hause.<\/p><p><em><strong>Wie ging es unserem kleinen Spatz nach seinem ersten Kitatag?<\/strong><\/em><\/p><p>Er war total gut gelaunt aber auch m&uuml;de. Beim Essen hat er den Kopf auf die Tischplatte gelegt und den Mund aufgemacht, um sich f&uuml;ttern zu lassen. Nach dem Mittagessen ist er dann sehr schnell eingeschlafen.<\/p><h2 class=\"wp-block-heading\" id=\"h-2-eingewohnungstag-dienstag\">2. Eingew&ouml;hnungstag: Dienstag<\/h2><p><em><strong>Was war denn am zweiten Kitatag so los?<\/strong><\/em><\/p><p>&Uuml;berraschend war, dass heute nur eine Erzieherin mit drei Kindern im Raum sa&szlig;. Sie hatten entschieden die Gruppe zu teilen, um mit den Kindern rauszugehen, die im Hof besser zu beruhigen waren. Daher war es im Raum viel ruhiger und die Erzieherin konnte mit unserem Kleinen und den anderen spielen, um eine Beziehung aufzubauen.<\/p><p><em><strong>Wie war unser Spatz drauf?<\/strong><\/em><\/p><p>Er hat auch am zweiten Tag wieder v&ouml;llig entspannt gespielt. Vor allem die Tiere mochte er. Er fand&rsquo;s auch nicht so schlecht, dass weniger los ist und er hatte wieder keine Ber&uuml;hrungs&auml;ngste.<\/p><p><em><strong>Ist dir heute was Besonderes aufgefallen oder durch den Kopf gegangen?<\/strong><\/em><\/p><p>Wenn ein Kind weinen muss, werden ja alle ein bisschen nerv&ouml;s, aber vor allem die Erzieher. Das ist mir schon gestern aufgefallen. Mein Eindruck war, dass die Erzieher unter Rechtvertigungsdrang kamen, da ja noch andere Eltern mit im Raum waren. Man kennt das ja von sich, wenn man irgendwo sein Kind beruhigen soll. Man ist viel gehemmter und hat&rsquo;s viel schwerer, wenn andere Leute dabei sind. So geht es eben momentan auch den Erziehern.<\/p><p><em><strong>Wie lange bist du dann raus gegangen?<\/strong><\/em><\/p><p>Zehn Minuten vor zehn sagte die Erzieherin &bdquo;Jetzt k&ouml;nnen Sie mal raus in den Umkleideraum gehen! Sie h&ouml;ren ja dann, wenn es ein Problem gibt.&ldquo; Vorm Rausgehen, hab ich mich nat&uuml;rlich verabschiedet. &bdquo;Tsch&uuml;s mein Kleiner,&ldquo; er lag gerade unter der Heizung, &bdquo;Papa kommt gleich wieder.&ldquo; Aber er hat gar nicht gro&szlig; reagiert. Als ich ihn nach 10 Min. wieder abgeholt habe, hat er immer noch gespielt. Daher meinte die Erzieherin dann auch, dass ich morgen 20-25 Min. drau&szlig;en bleibe.<\/p><p><em><strong>Okay, da bin ich ja mal gespannt, ob er das dann auch noch so gelassen hinnimmt!<\/strong><\/em><\/p><p>Da das gesamte Interview von der ersten Eingew&ouml;hnungswoche so lange geworden ist, muss ich zwei Teile draus machen. Den zweiten Teil gibts in ein paar Tagen hier im Magazin :-)<\/p><div class=\"credits-overlay\" data-target=\".wp-image-14604\"><a href=\"#\" target=\"_blank\">&copy; Anne<\/a><\/div><\/p>\n","protected":false},"excerpt":{"rendered":"<p>Unser kleiner Spatz (12,5 Monate alt) hatte seine erste Eingew&ouml;hnungswoche im Kindergarten. Schon &hellip; Was f&uuml;r viele hier in Berlin ganz normal ist, war f&uuml;r mich und Papa neu. Denn unser Gro&szlig;er ist &bdquo;erst&ldquo; mit zwei Jahren in die Kita gegangen. Aber diesmal war uns schon vor der Geburt klar, dass unser Kleiner mit einem [&#8230;]<\/p>\n<p><a class=\"btn btn-secondary understrap-read-more-link\" href=\"https:\/\/www.babyartikel.de\/magazin\/wie-war-die-erste-kitawoche-interview-mit-papa-teil-1\">Weiterlesen&#8230;<\/a><\/p>\n","protected":false},"author":19,"featured_media":14604,"comment_status":"open","ping_status":"open","sticky":false,"template":"","format":"standard","meta":{"_acf_changed":false,"footnotes":""},"categories":[2827,1430,2802],"tags":[232],"class_list":["post-14520","post","type-post","status-publish","format-standard","has-post-thumbnail","hentry","category-kindergarten-kita","category-kleinkind","category-mamablogger-berichten","tag-kindergarten"],"acf":[],"yoast_head":"<!-- This site is optimized with the Yoast SEO Premium plugin v27.2 (Yoast SEO v27.2) - https:\/\/yoast.com\/product\/yoast-seo-premium-wordpress\/ -->\n<title>Wie war die erste Kitawoche? Interview mit Papa (Teil 1) | Babyartikel.de Magazin<\/title>\n<meta name=\"robots\" content=\"index, follow, max-snippet:-1, max-image-preview:large, max-video-preview:-1\" \/>\n<link rel=\"canonical\" href=\"https:\/\/www.babyartikel.de\/magazin\/wie-war-die-erste-kitawoche-interview-mit-papa-teil-1\" \/>\n<meta property=\"og:locale\" content=\"de_DE\" \/>\n<meta property=\"og:type\" content=\"article\" \/>\n<meta property=\"og:title\" content=\"Wie war die erste Kitawoche? Interview mit Papa (Teil 1)\" \/>\n<meta property=\"og:description\" content=\"Unser kleiner Spatz (12,5 Monate alt) hatte seine erste Eingew&ouml;hnungswoche im Kindergarten. Schon &hellip; Was f&uuml;r viele hier in Berlin ganz normal ist, war f&uuml;r mich und Papa neu. Denn unser Gro&szlig;er ist &bdquo;erst&ldquo; mit zwei Jahren in die Kita gegangen. Aber diesmal war uns schon vor der Geburt klar, dass unser Kleiner mit einem [...]Weiterlesen...\" \/>\n<meta property=\"og:url\" content=\"https:\/\/www.babyartikel.de\/magazin\/wie-war-die-erste-kitawoche-interview-mit-papa-teil-1\" \/>\n<meta property=\"og:site_name\" content=\"Babyartikel.de Magazin\" \/>\n<meta property=\"article:published_time\" content=\"2015-09-02T09:25:45+00:00\" \/>\n<meta property=\"article:modified_time\" content=\"2025-11-05T13:00:59+00:00\" \/>\n<meta property=\"og:image\" content=\"https:\/\/media.babyartikel.de\/magazin\/wp-content\/uploads\/2015\/08\/b29_erste-kitawoche-papa-teil1.jpg\" \/>\n\t<meta property=\"og:image:width\" content=\"1050\" \/>\n\t<meta property=\"og:image:height\" content=\"605\" \/>\n\t<meta property=\"og:image:type\" content=\"image\/jpeg\" \/>\n<meta name=\"author\" content=\"Anne\" \/>\n<meta name=\"twitter:card\" content=\"summary_large_image\" \/>\n<meta name=\"twitter:label1\" content=\"Verfasst von\" \/>\n\t<meta name=\"twitter:data1\" content=\"Anne\" \/>\n\t<meta name=\"twitter:label2\" content=\"Gesch\u00e4tzte Lesezeit\" \/>\n\t<meta name=\"twitter:data2\" content=\"7\u00a0Minuten\" \/>\n<script type=\"application\/ld+json\" class=\"yoast-schema-graph\">{\"@context\":\"https:\/\/schema.org\",\"@graph\":[{\"@type\":\"Article\",\"@id\":\"https:\/\/www.babyartikel.de\/magazin\/wie-war-die-erste-kitawoche-interview-mit-papa-teil-1#article\",\"isPartOf\":{\"@id\":\"https:\/\/www.babyartikel.de\/magazin\/wie-war-die-erste-kitawoche-interview-mit-papa-teil-1\"},\"author\":{\"name\":\"Anne\",\"@id\":\"https:\/\/www.babyartikel.de\/magazin\/#\/schema\/person\/c14b99a236c7e8e0440181061ecff817\"},\"headline\":\"Wie war die erste Kitawoche? Interview mit Papa (Teil 1)\",\"datePublished\":\"2015-09-02T09:25:45+00:00\",\"dateModified\":\"2025-11-05T13:00:59+00:00\",\"mainEntityOfPage\":{\"@id\":\"https:\/\/www.babyartikel.de\/magazin\/wie-war-die-erste-kitawoche-interview-mit-papa-teil-1\"},\"wordCount\":1138,\"commentCount\":1,\"image\":{\"@id\":\"https:\/\/www.babyartikel.de\/magazin\/wie-war-die-erste-kitawoche-interview-mit-papa-teil-1#primaryimage\"},\"thumbnailUrl\":\"https:\/\/media.babyartikel.de\/magazin\/wp-content\/uploads\/2015\/08\/b29_erste-kitawoche-papa-teil1.jpg\",\"keywords\":[\"kindergarten\"],\"articleSection\":[\"Kindergarten &amp; KiTa\",\"Kleinkind\",\"Mamablogger berichten\"],\"inLanguage\":\"de\",\"potentialAction\":[{\"@type\":\"CommentAction\",\"name\":\"Comment\",\"target\":[\"https:\/\/www.babyartikel.de\/magazin\/wie-war-die-erste-kitawoche-interview-mit-papa-teil-1#respond\"]}]},{\"@type\":\"WebPage\",\"@id\":\"https:\/\/www.babyartikel.de\/magazin\/wie-war-die-erste-kitawoche-interview-mit-papa-teil-1\",\"url\":\"https:\/\/www.babyartikel.de\/magazin\/wie-war-die-erste-kitawoche-interview-mit-papa-teil-1\",\"name\":\"Wie war die erste Kitawoche? Interview mit Papa (Teil 1) | Babyartikel.de Magazin\",\"isPartOf\":{\"@id\":\"https:\/\/www.babyartikel.de\/magazin\/#website\"},\"primaryImageOfPage\":{\"@id\":\"https:\/\/www.babyartikel.de\/magazin\/wie-war-die-erste-kitawoche-interview-mit-papa-teil-1#primaryimage\"},\"image\":{\"@id\":\"https:\/\/www.babyartikel.de\/magazin\/wie-war-die-erste-kitawoche-interview-mit-papa-teil-1#primaryimage\"},\"thumbnailUrl\":\"https:\/\/media.babyartikel.de\/magazin\/wp-content\/uploads\/2015\/08\/b29_erste-kitawoche-papa-teil1.jpg\",\"datePublished\":\"2015-09-02T09:25:45+00:00\",\"dateModified\":\"2025-11-05T13:00:59+00:00\",\"author\":{\"@id\":\"https:\/\/www.babyartikel.de\/magazin\/#\/schema\/person\/c14b99a236c7e8e0440181061ecff817\"},\"breadcrumb\":{\"@id\":\"https:\/\/www.babyartikel.de\/magazin\/wie-war-die-erste-kitawoche-interview-mit-papa-teil-1#breadcrumb\"},\"inLanguage\":\"de\",\"potentialAction\":[{\"@type\":\"ReadAction\",\"target\":[\"https:\/\/www.babyartikel.de\/magazin\/wie-war-die-erste-kitawoche-interview-mit-papa-teil-1\"]}]},{\"@type\":\"ImageObject\",\"inLanguage\":\"de\",\"@id\":\"https:\/\/www.babyartikel.de\/magazin\/wie-war-die-erste-kitawoche-interview-mit-papa-teil-1#primaryimage\",\"url\":\"https:\/\/media.babyartikel.de\/magazin\/wp-content\/uploads\/2015\/08\/b29_erste-kitawoche-papa-teil1.jpg\",\"contentUrl\":\"https:\/\/media.babyartikel.de\/magazin\/wp-content\/uploads\/2015\/08\/b29_erste-kitawoche-papa-teil1.jpg\",\"width\":1050,\"height\":605,\"caption\":\"Erste Eingew\u00f6hnungswoche in der Kita\"},{\"@type\":\"BreadcrumbList\",\"@id\":\"https:\/\/www.babyartikel.de\/magazin\/wie-war-die-erste-kitawoche-interview-mit-papa-teil-1#breadcrumb\",\"itemListElement\":[{\"@type\":\"ListItem\",\"position\":1,\"name\":\"Startseite\",\"item\":\"https:\/\/www.babyartikel.de\/magazin\"},{\"@type\":\"ListItem\",\"position\":2,\"name\":\"Wie war die erste Kitawoche? Interview mit Papa (Teil 1)\"}]},{\"@type\":\"WebSite\",\"@id\":\"https:\/\/www.babyartikel.de\/magazin\/#website\",\"url\":\"https:\/\/www.babyartikel.de\/magazin\/\",\"name\":\"Babyartikel.de Magazin\",\"description\":\"\",\"potentialAction\":[{\"@type\":\"SearchAction\",\"target\":{\"@type\":\"EntryPoint\",\"urlTemplate\":\"https:\/\/www.babyartikel.de\/magazin\/?s={search_term_string}\"},\"query-input\":{\"@type\":\"PropertyValueSpecification\",\"valueRequired\":true,\"valueName\":\"search_term_string\"}}],\"inLanguage\":\"de\"},{\"@type\":\"Person\",\"@id\":\"https:\/\/www.babyartikel.de\/magazin\/#\/schema\/person\/c14b99a236c7e8e0440181061ecff817\",\"name\":\"Anne\",\"image\":{\"@type\":\"ImageObject\",\"inLanguage\":\"de\",\"@id\":\"https:\/\/secure.gravatar.com\/avatar\/dc6bb895c7854c302aeeafbb6333e6f220ba26106b9f9a0202f83b0104b3729f?s=96&d=mm&r=g\",\"url\":\"https:\/\/secure.gravatar.com\/avatar\/dc6bb895c7854c302aeeafbb6333e6f220ba26106b9f9a0202f83b0104b3729f?s=96&d=mm&r=g\",\"contentUrl\":\"https:\/\/secure.gravatar.com\/avatar\/dc6bb895c7854c302aeeafbb6333e6f220ba26106b9f9a0202f83b0104b3729f?s=96&d=mm&r=g\",\"caption\":\"Anne\"},\"description\":\"Hallo! Ich bin Anne, 33 Jahre alt und Mama von zwei Jungs. Der Kleine wurde erst vor neun Wochen geboren und der Gro\u00dfe ist schon drei Jahre alt. Zusammen mit dem \u00e4ltesten \u201eJungen\u201c im Bunde (37) \u2013 auch Papa genannt \u2013 leben wir vier im bunten Berlin. Wenn ich meinen Lebensweg in einem Satz zusammenfassen m\u00fcsste, w\u00fcrde der momentan so lauten: Ich bin in Baden-W\u00fcrttemberg geboren, aufgewachsen und ausgebildet worden, habe in Bayern gearbeitet und in Berlin meine Kinder zur Welt gebracht und geheiratet. Schon seit einer Weile habe ich mit dem Gedanken gespielt \u00fcber meinen Alltag als Mama zu bloggen und freue mich, dass jetzt der Zeitpunkt gekommen ist, um damit anzufangen. Ich hoffe, dass ich dem ein oder anderen mit meinen Tipps, Erfahrungen und Gedanken zum ganz normalen Familienwahnsinn weiterhelfen oder euch einfach nur unterhalten kann.\",\"url\":\"https:\/\/www.babyartikel.de\/magazin\/author\/anne\"}]}<\/script>\n<!-- \/ Yoast SEO Premium plugin. -->","yoast_head_json":{"title":"Wie war die erste Kitawoche? Interview mit Papa (Teil 1) | Babyartikel.de Magazin","robots":{"index":"index","follow":"follow","max-snippet":"max-snippet:-1","max-image-preview":"max-image-preview:large","max-video-preview":"max-video-preview:-1"},"canonical":"https:\/\/www.babyartikel.de\/magazin\/wie-war-die-erste-kitawoche-interview-mit-papa-teil-1","og_locale":"de_DE","og_type":"article","og_title":"Wie war die erste Kitawoche? Interview mit Papa (Teil 1)","og_description":"Unser kleiner Spatz (12,5 Monate alt) hatte seine erste Eingew&ouml;hnungswoche im Kindergarten. Schon &hellip; Was f&uuml;r viele hier in Berlin ganz normal ist, war f&uuml;r mich und Papa neu. Denn unser Gro&szlig;er ist &bdquo;erst&ldquo; mit zwei Jahren in die Kita gegangen. Aber diesmal war uns schon vor der Geburt klar, dass unser Kleiner mit einem [...]Weiterlesen...","og_url":"https:\/\/www.babyartikel.de\/magazin\/wie-war-die-erste-kitawoche-interview-mit-papa-teil-1","og_site_name":"Babyartikel.de Magazin","article_published_time":"2015-09-02T09:25:45+00:00","article_modified_time":"2025-11-05T13:00:59+00:00","og_image":[{"width":1050,"height":605,"url":"https:\/\/media.babyartikel.de\/magazin\/wp-content\/uploads\/2015\/08\/b29_erste-kitawoche-papa-teil1.jpg","type":"image\/jpeg"}],"author":"Anne","twitter_card":"summary_large_image","twitter_misc":{"Verfasst von":"Anne","Gesch\u00e4tzte Lesezeit":"7\u00a0Minuten"},"schema":{"@context":"https:\/\/schema.org","@graph":[{"@type":"Article","@id":"https:\/\/www.babyartikel.de\/magazin\/wie-war-die-erste-kitawoche-interview-mit-papa-teil-1#article","isPartOf":{"@id":"https:\/\/www.babyartikel.de\/magazin\/wie-war-die-erste-kitawoche-interview-mit-papa-teil-1"},"author":{"name":"Anne","@id":"https:\/\/www.babyartikel.de\/magazin\/#\/schema\/person\/c14b99a236c7e8e0440181061ecff817"},"headline":"Wie war die erste Kitawoche? Interview mit Papa (Teil 1)","datePublished":"2015-09-02T09:25:45+00:00","dateModified":"2025-11-05T13:00:59+00:00","mainEntityOfPage":{"@id":"https:\/\/www.babyartikel.de\/magazin\/wie-war-die-erste-kitawoche-interview-mit-papa-teil-1"},"wordCount":1138,"commentCount":1,"image":{"@id":"https:\/\/www.babyartikel.de\/magazin\/wie-war-die-erste-kitawoche-interview-mit-papa-teil-1#primaryimage"},"thumbnailUrl":"https:\/\/media.babyartikel.de\/magazin\/wp-content\/uploads\/2015\/08\/b29_erste-kitawoche-papa-teil1.jpg","keywords":["kindergarten"],"articleSection":["Kindergarten &amp; KiTa","Kleinkind","Mamablogger berichten"],"inLanguage":"de","potentialAction":[{"@type":"CommentAction","name":"Comment","target":["https:\/\/www.babyartikel.de\/magazin\/wie-war-die-erste-kitawoche-interview-mit-papa-teil-1#respond"]}]},{"@type":"WebPage","@id":"https:\/\/www.babyartikel.de\/magazin\/wie-war-die-erste-kitawoche-interview-mit-papa-teil-1","url":"https:\/\/www.babyartikel.de\/magazin\/wie-war-die-erste-kitawoche-interview-mit-papa-teil-1","name":"Wie war die erste Kitawoche? Interview mit Papa (Teil 1) | Babyartikel.de Magazin","isPartOf":{"@id":"https:\/\/www.babyartikel.de\/magazin\/#website"},"primaryImageOfPage":{"@id":"https:\/\/www.babyartikel.de\/magazin\/wie-war-die-erste-kitawoche-interview-mit-papa-teil-1#primaryimage"},"image":{"@id":"https:\/\/www.babyartikel.de\/magazin\/wie-war-die-erste-kitawoche-interview-mit-papa-teil-1#primaryimage"},"thumbnailUrl":"https:\/\/media.babyartikel.de\/magazin\/wp-content\/uploads\/2015\/08\/b29_erste-kitawoche-papa-teil1.jpg","datePublished":"2015-09-02T09:25:45+00:00","dateModified":"2025-11-05T13:00:59+00:00","author":{"@id":"https:\/\/www.babyartikel.de\/magazin\/#\/schema\/person\/c14b99a236c7e8e0440181061ecff817"},"breadcrumb":{"@id":"https:\/\/www.babyartikel.de\/magazin\/wie-war-die-erste-kitawoche-interview-mit-papa-teil-1#breadcrumb"},"inLanguage":"de","potentialAction":[{"@type":"ReadAction","target":["https:\/\/www.babyartikel.de\/magazin\/wie-war-die-erste-kitawoche-interview-mit-papa-teil-1"]}]},{"@type":"ImageObject","inLanguage":"de","@id":"https:\/\/www.babyartikel.de\/magazin\/wie-war-die-erste-kitawoche-interview-mit-papa-teil-1#primaryimage","url":"https:\/\/media.babyartikel.de\/magazin\/wp-content\/uploads\/2015\/08\/b29_erste-kitawoche-papa-teil1.jpg","contentUrl":"https:\/\/media.babyartikel.de\/magazin\/wp-content\/uploads\/2015\/08\/b29_erste-kitawoche-papa-teil1.jpg","width":1050,"height":605,"caption":"Erste Eingew\u00f6hnungswoche in der Kita"},{"@type":"BreadcrumbList","@id":"https:\/\/www.babyartikel.de\/magazin\/wie-war-die-erste-kitawoche-interview-mit-papa-teil-1#breadcrumb","itemListElement":[{"@type":"ListItem","position":1,"name":"Startseite","item":"https:\/\/www.babyartikel.de\/magazin"},{"@type":"ListItem","position":2,"name":"Wie war die erste Kitawoche? Interview mit Papa (Teil 1)"}]},{"@type":"WebSite","@id":"https:\/\/www.babyartikel.de\/magazin\/#website","url":"https:\/\/www.babyartikel.de\/magazin\/","name":"Babyartikel.de Magazin","description":"","potentialAction":[{"@type":"SearchAction","target":{"@type":"EntryPoint","urlTemplate":"https:\/\/www.babyartikel.de\/magazin\/?s={search_term_string}"},"query-input":{"@type":"PropertyValueSpecification","valueRequired":true,"valueName":"search_term_string"}}],"inLanguage":"de"},{"@type":"Person","@id":"https:\/\/www.babyartikel.de\/magazin\/#\/schema\/person\/c14b99a236c7e8e0440181061ecff817","name":"Anne","image":{"@type":"ImageObject","inLanguage":"de","@id":"https:\/\/secure.gravatar.com\/avatar\/dc6bb895c7854c302aeeafbb6333e6f220ba26106b9f9a0202f83b0104b3729f?s=96&d=mm&r=g","url":"https:\/\/secure.gravatar.com\/avatar\/dc6bb895c7854c302aeeafbb6333e6f220ba26106b9f9a0202f83b0104b3729f?s=96&d=mm&r=g","contentUrl":"https:\/\/secure.gravatar.com\/avatar\/dc6bb895c7854c302aeeafbb6333e6f220ba26106b9f9a0202f83b0104b3729f?s=96&d=mm&r=g","caption":"Anne"},"description":"Hallo! Ich bin Anne, 33 Jahre alt und Mama von zwei Jungs. Der Kleine wurde erst vor neun Wochen geboren und der Gro\u00dfe ist schon drei Jahre alt. Zusammen mit dem \u00e4ltesten \u201eJungen\u201c im Bunde (37) \u2013 auch Papa genannt \u2013 leben wir vier im bunten Berlin. Wenn ich meinen Lebensweg in einem Satz zusammenfassen m\u00fcsste, w\u00fcrde der momentan so lauten: Ich bin in Baden-W\u00fcrttemberg geboren, aufgewachsen und ausgebildet worden, habe in Bayern gearbeitet und in Berlin meine Kinder zur Welt gebracht und geheiratet. Schon seit einer Weile habe ich mit dem Gedanken gespielt \u00fcber meinen Alltag als Mama zu bloggen und freue mich, dass jetzt der Zeitpunkt gekommen ist, um damit anzufangen. Ich hoffe, dass ich dem ein oder anderen mit meinen Tipps, Erfahrungen und Gedanken zum ganz normalen Familienwahnsinn weiterhelfen oder euch einfach nur unterhalten kann.","url":"https:\/\/www.babyartikel.de\/magazin\/author\/anne"}]}},"abstract_sku":"","_links":{"self":[{"href":"https:\/\/www.babyartikel.de\/magazin\/wp-json\/wp\/v2\/posts\/14520","targetHints":{"allow":["GET"]}}],"collection":[{"href":"https:\/\/www.babyartikel.de\/magazin\/wp-json\/wp\/v2\/posts"}],"about":[{"href":"https:\/\/www.babyartikel.de\/magazin\/wp-json\/wp\/v2\/types\/post"}],"author":[{"embeddable":true,"href":"https:\/\/www.babyartikel.de\/magazin\/wp-json\/wp\/v2\/users\/19"}],"replies":[{"embeddable":true,"href":"https:\/\/www.babyartikel.de\/magazin\/wp-json\/wp\/v2\/comments?post=14520"}],"version-history":[{"count":19,"href":"https:\/\/www.babyartikel.de\/magazin\/wp-json\/wp\/v2\/posts\/14520\/revisions"}],"predecessor-version":[{"id":965202,"href":"https:\/\/www.babyartikel.de\/magazin\/wp-json\/wp\/v2\/posts\/14520\/revisions\/965202"}],"wp:featuredmedia":[{"embeddable":true,"href":"https:\/\/www.babyartikel.de\/magazin\/wp-json\/wp\/v2\/media\/14604"}],"wp:attachment":[{"href":"https:\/\/www.babyartikel.de\/magazin\/wp-json\/wp\/v2\/media?parent=14520"}],"wp:term":[{"taxonomy":"category","embeddable":true,"href":"https:\/\/www.babyartikel.de\/magazin\/wp-json\/wp\/v2\/categories?post=14520"},{"taxonomy":"post_tag","embeddable":true,"href":"https:\/\/www.babyartikel.de\/magazin\/wp-json\/wp\/v2\/tags?post=14520"}],"curies":[{"name":"wp","href":"https:\/\/api.w.org\/{rel}","templated":true}]}}