
{"id":14562,"date":"2015-08-28T09:01:23","date_gmt":"2015-08-28T07:01:23","guid":{"rendered":"\/magazin\/?p=14562"},"modified":"2020-10-20T12:14:22","modified_gmt":"2020-10-20T10:14:22","slug":"ich-will-nicht-in-den-kindergarten","status":"publish","type":"post","link":"https:\/\/www.babyartikel.de\/magazin\/ich-will-nicht-in-den-kindergarten","title":{"rendered":"Ich will nicht in den Kindergarten!"},"content":{"rendered":"<p>Ein Jahr lang ging unser M&auml;dchen (4 Jahre) vergn&uuml;gt in den Kindergarten und nach den vierw&ouml;chigen Sommerferien gab es pl&ouml;tzlich Tr&auml;nen und Protest. Nur eine normale Phase? Oder stimmt da etwas nicht?<p>&bdquo;Sie hing heute morgen wie eine Klette an mir&ldquo;, erz&auml;hlte mir Thomas am ersten Kindergarten-Tag nach der Sommerpause. &bdquo;Sie war traurig, als ich gehen wollte und fand keinen Anschluss zu den anderen Kindern.&ldquo;<\/p><p>Ich wunderte mich sehr, denn seit <a href=\"http:\/\/www.nestling.org\/kindergarten-ab-drei-ein-erfahrungsbericht\/\" target=\"_blank\" rel=\"noopener noreferrer\">ihrer Eingew&ouml;hnung<\/a> letzten Sommer gab es nie Probleme. Nach wenigen Tagen mit Papa blieb sie v&ouml;llig selbstverst&auml;ndlich und quietschvergn&uuml;gt in ihrer neuen Gruppe, ohne dass sich daran etwas &auml;nderte. Ich hatte nach der Geburt des Buben im November damit gerechnet, dass sie lieber zu Hause bleiben will. Genau wie das Baby. Oder nach den Weihnachtsferien, weil bis dahin vielleicht der &bdquo;langweilige&ldquo; Alltag eingekehrt war. Aber nein, sie ging jeden einzelnen Tag ohne Wanken hin.<\/p><div class=\"marketing-slot\"><div id=\"block-18\" class=\"content-post-widget marketing-slot-1 widget_block\"><a href=\"#\" class=\"newsletter_popup\" style=\"\n  display: inline-block;\n  box-shadow: 0 4px 10px rgba(0,0,0,0.1);\n  margin: 20px auto;\n  max-width: 800px;\n  width: 100%;\">\n  <img src=\"https:\/\/media.babyartikel.de\/magazin\/wp-content\/uploads\/2025\/08\/NL-Banner-Magazin-8-25.webp\" alt=\"Newsletter Banner\" style=\"\n    width: 100%;\n    height: auto;\n    display: block;\" onclick=\"ga('send', 'event', 'banner', 'click', 'magazin-banner-newsletter-8-25');\">\n<\/a>\n\n\t<!-- Modal -->\n\t<div class=\"modal fade modal_popup\" id=\"newsletter_popup\" tabindex=\"-1\" aria-labelledby=\"exampleModalLabel\" aria-hidden=\"true\">\n\t\t<div class=\"modal-dialog modal-dialog-centered modal-dialog-scrollable\">\n\t\t\t<div class=\"modal-content\">\n\t\t\t\t<div class=\"modal-header small-header\">\n\t\t\t\t\t<h5 class=\"modal-title\" id=\"newsletterModalLabel\">\n\t\t\t\t\t\tNewsletter\t\t\t\t\t<\/h5>\n\t\t\t\t\t<button type=\"button\" class=\"btn-close small-close\" data-bs-dismiss=\"modal\" aria-label=\"Close\"><\/button>\n\t\t\t\t<\/div>\n\n\t\t\t\t<div class=\"modal-body\">\n\t\t\t\t\t\t<div class=\"newsletterForm-embed popup-form\">\n        <form name=\"newsletterSubscriptionForm\" id=\"newsletter_popup_69f36b1ec0703_form\" data-newsletter-id=\"newsletter_popup_69f36b1ec0703\" method=\"POST\">\n\n\t\t\t<input type=\"text\" name=\"website\" class=\"hidden\" tabindex=\"-1\" autocomplete=\"off\" style=\"position:absolute;left:-9999px;\">\n\t\t\t<input type=\"hidden\" name=\"ts\" value=\"1777560350\">\n\n\t\t\t                <input type=\"hidden\" name=\"emarsys-event-id\" value=\"3756\">\n            \n            \t\t\t<div class=\"mb-3\">\n\t\t\t\t<label for=\"date\" class=\"form-label\">Geburtstag\/ -termin Deines Babys<\/label>\n                <input type=\"date\" name=\"date\" class=\"input input--expand form-control\" required>\n\t\t\t<\/div>\n            \n\t\t\t<div class=\"mb-3\">\n\t\t\t\t<label for=\"email\" class=\"form-label\">E-Mail-Adresse<\/label>\n\t\t\t\t<input type=\"email\" name=\"email\" placeholder=\"E-Mail-Adresse\" class=\"input input--expand form-control\" required>\n\t\t\t<\/div>\n\n\t\t\t\t\t\t\t<button type=\"submit\" class=\"btn btn-primary\">Absenden<\/button>\n\t\t\t\n\t\t\t\t\t\t\t<div class=\"small mt-3\" style=\"font-weight:normal;\">\n\t\t\t\t\t\n\t\t\t<div class=\"mt-3\">\n\t\t\t\tJa, ich m&ouml;chte den Newsletter von Babyartikel.de erhalten und &uuml;ber Aktionen informiert werden.\n  Dabei darf mein Nutzungsverhalten (z. B. &Ouml;ffnungen und Klicks) zur Personalisierung ausgewertet werden.\n  Mehr finde ich in der <a href=\"\/de\/datenschutz\" style=\"text-decoration:underline\">Datenschutzerkl&auml;rung<\/a>.\n\t\t\t<\/div>\n\t\t\t\t\t\t<\/div>\n\t\t\t\n\t\t\t\t\t\t\t<div class=\"small mb-3 mt-3\" style=\"font-weight:normal;\">\n\t\t\t\t\tJederzeit abbestellbar | <a href=\"\/de\/datenschutz\" style=\"text-decoration:underline\">\n\t\t\t\t\t\tDatenschutzerkl&auml;rung\n\t\t\t\t\t<\/a>\n\t\t\t\t<\/div>\n\t\t\t\n        <\/form>\n    <\/div>\n\t\n\t\t\t\t\t<div class=\"response-messages_newsletter_popup_69f36b1ec0703\">\n\t\t\t\t\t\t<div class=\"alert alert-success success mt-3 mb-3 d-none\">\n\t\t\t\t\t\t\tNur noch ein Klick! Best&auml;tige Deine Anmeldung in der E-Mail, die du gleich erh&auml;ltst.\t\t\t\t\t\t<\/div>\n\t\t\t\t\t\t<div class=\"error mt-3 mb-3 d-none\">\n\t\t\t\t\t\t\t<div class=\"alert alert-danger \">\n\t\t\t\t\t\t\t\tEin Fehler ist aufgetreten. Bitte versuche es sp&auml;ter erneut.\t\t\t\t\t\t\t<\/div>\n\t\t\t\t\t\t<\/div>\n\t\t\t\t\t\t<div class=\"alert alert-danger other-2007 mt-3 mb-3 d-none\">\n\t\t\t\t\t\t\tUng&Atilde;&frac14;ltiges Datumsformat\t\t\t\t\t\t<\/div>\n\t\t\t\t\t<\/div>\n\t\t\t\t<\/div>\n\t\t\t<\/div>\n\t\t<\/div>\n\t<\/div>\n\n\t<\/div><!-- content-widget --><\/div><div id=\"ez-toc-container\" class=\"ez-toc-v2_0_82_2 counter-flat ez-toc-counter ez-toc-white ez-toc-container-direction\">\n<div class=\"ez-toc-title-container\">\n<p class=\"ez-toc-title\" style=\"cursor:inherit\">Inhaltsverzeichnis<\/p>\n<span class=\"ez-toc-title-toggle\"><a href=\"#\" class=\"ez-toc-pull-right ez-toc-btn ez-toc-btn-xs ez-toc-btn-default ez-toc-toggle\" aria-label=\"Toggle Table of Content\"><span class=\"ez-toc-js-icon-con\"><span class=\"\"><span class=\"eztoc-hide\" style=\"display:none;\">Toggle<\/span><span class=\"ez-toc-icon-toggle-span\"><svg style=\"fill: #999;color:#999\" xmlns=\"http:\/\/www.w3.org\/2000\/svg\" class=\"list-377408\" width=\"20px\" height=\"20px\" viewBox=\"0 0 24 24\" fill=\"none\"><path d=\"M6 6H4v2h2V6zm14 0H8v2h12V6zM4 11h2v2H4v-2zm16 0H8v2h12v-2zM4 16h2v2H4v-2zm16 0H8v2h12v-2z\" fill=\"currentColor\"><\/path><\/svg><svg style=\"fill: #999;color:#999\" class=\"arrow-unsorted-368013\" xmlns=\"http:\/\/www.w3.org\/2000\/svg\" width=\"10px\" height=\"10px\" viewBox=\"0 0 24 24\" version=\"1.2\" baseProfile=\"tiny\"><path d=\"M18.2 9.3l-6.2-6.3-6.2 6.3c-.2.2-.3.4-.3.7s.1.5.3.7c.2.2.4.3.7.3h11c.3 0 .5-.1.7-.3.2-.2.3-.5.3-.7s-.1-.5-.3-.7zM5.8 14.7l6.2 6.3 6.2-6.3c.2-.2.3-.5.3-.7s-.1-.5-.3-.7c-.2-.2-.4-.3-.7-.3h-11c-.3 0-.5.1-.7.3-.2.2-.3.5-.3.7s.1.5.3.7z\"\/><\/svg><\/span><\/span><\/span><\/a><\/span><\/div>\n<nav><ul class='ez-toc-list ez-toc-list-level-1 ' ><li class='ez-toc-page-1'><a class=\"ez-toc-link ez-toc-heading-1\" href=\"https:\/\/www.babyartikel.de\/magazin\/ich-will-nicht-in-den-kindergarten\/#Weinendes_Kind_in_der_Kita_abgeben\" >Weinendes Kind in der Kita abgeben?<\/a><\/li><li class='ez-toc-page-1'><a class=\"ez-toc-link ez-toc-heading-2\" href=\"https:\/\/www.babyartikel.de\/magazin\/ich-will-nicht-in-den-kindergarten\/#Gefuehle_ernst_nehmen\" >Gef&uuml;hle ernst nehmen<\/a><\/li><li class='ez-toc-page-1'><a class=\"ez-toc-link ez-toc-heading-3\" href=\"https:\/\/www.babyartikel.de\/magazin\/ich-will-nicht-in-den-kindergarten\/#Zu_Hause_lassen_Oder_lieber_nicht\" >Zu Hause lassen? Oder lieber nicht?<\/a><\/li><li class='ez-toc-page-1'><a class=\"ez-toc-link ez-toc-heading-4\" href=\"https:\/\/www.babyartikel.de\/magazin\/ich-will-nicht-in-den-kindergarten\/#Langsamer_Wiedereinstieg\" >Langsamer Wiedereinstieg<\/a><\/li><li class='ez-toc-page-1'><a class=\"ez-toc-link ez-toc-heading-5\" href=\"https:\/\/www.babyartikel.de\/magazin\/ich-will-nicht-in-den-kindergarten\/#Warum_will_mein_Kind_nicht_in_die_Kita\" >Warum will mein Kind nicht in die Kita?<\/a><\/li><li class='ez-toc-page-1'><a class=\"ez-toc-link ez-toc-heading-6\" href=\"https:\/\/www.babyartikel.de\/magazin\/ich-will-nicht-in-den-kindergarten\/#Elterngespraech\" >Elterngespr&auml;ch<\/a><\/li><\/ul><\/nav><\/div>\n<h2><span class=\"ez-toc-section\" id=\"Weinendes_Kind_in_der_Kita_abgeben\"><\/span><b>Weinendes Kind in der Kita abgeben?<\/b><span class=\"ez-toc-section-end\"><\/span><\/h2><p>Am Ende der letzten Woche weinte sie dann sogar, als Thomas sich verabschiedete und er lie&szlig; sie weinend zur&uuml;ck. An einem Vormittag, weil er einen wichtigen Termin hatte und an zwei weiteren weil die Erzieherinnen sich sicher waren, dass sich diese &bdquo;Phase&ldquo; so schnell wieder legt.<\/p><p>Mein Bauch grummelte, als ich davon erfuhr, weil ich unser M&auml;dchen nicht gerne gegen ihren Willen irgendwo abgebe. Sie machte bislang alles mit und zwar immer mit einer inneren Bereitschaft und ihrem Einverst&auml;ndnis. Egal ob Kindergartenbesuch oder &Uuml;bernachtung bei der Omi. Ich zwang sie nie zu irgendetwas, weil es sich f&uuml;r mich falsch anf&uuml;hlt, wenn wir sie traurig zur&uuml;cklassen, obwohl sie lieber bei uns sein m&ouml;chte und deswegen entschied ich, dass wir ihr Zeit &ndash; erneute Wiedereingew&ouml;hnungszeit &ndash; geben.<\/p><div class=\"postslot1\">[articles]<link rel=\"stylesheet\" href=\"https:\/\/cdn.jsdelivr.net\/npm\/swiper@8\/swiper-bundle.min.css\"><\/div><div class=\"marketing-slot\"><div id=\"block-25\" class=\"content-post-widget marketing-slot-2 widget_block\"><a href=\"https:\/\/www.babyartikel.de\/de\/angebote\" data-track-link-click=\"true\" data-track-name=\"nyoutlet2026-magazin\" data-track-medium=\"banner-magazin-post\" data-track-campaign=\"magazin-banner-nyoutlet2026\" onclick=\"ga('send', 'event', 'banner', 'click', 'magazin-banner-nyoutlet2026');\" style=\"display:block;width:100%;text-align:center;\"><img src=\"https:\/\/media.babyartikel.de\/magazin\/wp-content\/uploads\/2026\/01\/NY-Outlet-10-2026.webp\" alt=\"Sale\" style=\"max-width:100%;\"><\/a><\/div><!-- content-widget --><\/div><h2><span class=\"ez-toc-section\" id=\"Gefuehle_ernst_nehmen\"><\/span><b>Gef&uuml;hle ernst nehmen<\/b><span class=\"ez-toc-section-end\"><\/span><\/h2><p>Nach dem Wochenende sagte sie dann jedoch zum ersten Mal ganz deutlich, dass sie nicht in den Kindergarten will. Ich fragte sie warum, doch sie konnte es nicht konkret benennen. Ich hakte nach, ob sie jemand &auml;rgere, da fiel der Name Aron, aber keine weiteren Details.<\/p><p>Ich versprach ihr, dass ich gemeinsam mit ihrer Erzieherin versuchen werde herauszufinden, was los ist (Elterngespr&auml;ch). Und dass Papa solange bei ihr in der Kita bleibt, bis sie sich wohlf&uuml;hlt.<\/p><h2><span class=\"ez-toc-section\" id=\"Zu_Hause_lassen_Oder_lieber_nicht\"><\/span><b>Zu Hause lassen? Oder lieber nicht?<\/b><span class=\"ez-toc-section-end\"><\/span><\/h2><p>Sie &auml;u&szlig;erte den Wunsch zu Hause zu bleiben aber so stark und &uuml;berzeugend, dass wir nur kurz &uuml;berlegten und sie am Montag tats&auml;chlich f&uuml;r einen Tag daheim lie&szlig;en. Thomas ging mit beiden Kindern in den Zoo, w&auml;hrend ich mit dem Laptop auf dem Schoss im Auto auf dem Parkplatz davor arbeitete. F&uuml;r den Fall, dass der Bub zwischendurch hungrig ist. War er aber nicht&hellip;<\/p><p>Sie freute sich sehr &uuml;ber unsere Entscheidung und genoss das verl&auml;ngerte Wochenende. Der Zoo war wie leergefegt (alle Kinder im Kindergarten oder in der Schule), aber sie schlenderte trotzdem gl&uuml;cklich durch und wirkte an diesem Tag sehr entspannt. Vielleicht brauchte sie genau das? Eine Auszeit vom Kindergarten?<\/p><p>Ich hatte ihr an diesem Montag aber auch direkt erkl&auml;rt, dass das eine Ausnahme ist und Papa sie am n&auml;chsten Tag wieder in den Kindergarten bringt. Sie zog eine Flappe und senkte den Kopf. Und wieder h&ouml;rte ich ein &bdquo;Ich will nicht in den Kindergarten&ldquo;.<\/p><p>Gerne h&auml;tte ich sie noch ein paar Tage beurlaubt, damit sie merkt wie toll der Kindergarten ist und dass sie nicht gehen &bdquo;muss&ldquo;. Aber wir sind selbstst&auml;ndig und auf jede Minute angewiesen, die sie dort ist, denn die Stundenanzahl ist eigentlich sehr gering &ndash; wir bringen sie erst gegen halb neun und holen sie bereits nach dem Mittagessen wieder ab.<\/p><h2><span class=\"ez-toc-section\" id=\"Langsamer_Wiedereinstieg\"><\/span><b>Langsamer Wiedereinstieg<\/b><span class=\"ez-toc-section-end\"><\/span><\/h2><p>Wir machen trotzdem keinen kurzen Prozess (das weinende Kind stehen lassen), aber auch keine l&auml;ngere Pause. Wir versuchen es mit einem sanften Wiedereinstieg, in der Hoffnung, dass sie wieder Freude am Spiel mit ihren Freundinnen findet und gerne bleibt, weil sie merkt, dass wir da sind, wenn sie uns mal braucht.<\/p><p>Die vergangenen Tage setzte sich Thomas dementsprechend still in die Gruppe, statt sich schnell zu verabschieden und wartete geduldig auf ein Signal unserer Tochter. Dieses kam in der Regel nach dem Fr&uuml;hst&uuml;ck (gegen 10 Uhr) und sie spielte dann noch entspannt ohne ihn.<\/p><h2><span class=\"ez-toc-section\" id=\"Warum_will_mein_Kind_nicht_in_die_Kita\"><\/span><b>Warum will mein Kind nicht in die Kita?<\/b><span class=\"ez-toc-section-end\"><\/span><\/h2><p>Dennoch sagt sie uns seitdem jeden Morgen, dass sie nicht in den Kindergarten will. Ich w&uuml;nschte, sie k&ouml;nnte uns erkl&auml;ren warum, aber ich sch&auml;tze sie ist mit ihren vier Jahren noch nicht in der Lage die Ursache zu benennen. Jedenfalls bekomme ich aus ihr keine brauchbaren Informationen heraus.<\/p><p>Ich kann mir vorstellen, dass es etwas mit den vier neuen Kindern zu tun hat, die gerade eingew&ouml;hnt werden. Damit, dass vier &auml;ltere Kinder, zu denen sie ein gutes Verh&auml;ltnis hatte, nun in die Schule gehen. Dass wir die vier Wochen Sommerferien gemeinsam als Familie fr&ouml;hlich vergn&uuml;gt im Schwimmbad und auf Spielpl&auml;tzen verbrachten. Und vielleicht hat sie Verlust&auml;ngste wegen ihres Bruders, obwohl ich nicht verstehe warum erst jetzt und nicht schon eher.<\/p><h2><span class=\"ez-toc-section\" id=\"Elterngespraech\"><\/span><b>Elterngespr&auml;ch<\/b><span class=\"ez-toc-section-end\"><\/span><\/h2><p>Am Dienstag treffen wir uns mit ihrer Erzieherin zu einem Elterngespr&auml;ch. Vielleicht f&auml;llt ihr zu dem Thema etwas ein, ansonsten machen wir weiter wie bisher. Beobachten, was im Kindergarten passiert (sofern uns das m&ouml;glich ist), sie langsam wieder eingew&ouml;hnen und ab und zu eine Pause einlegen, wenn ihr der Gang in die Kita zu gro&szlig;e Bauchschmerzen bereitet.<\/p><div class=\"credits-overlay\" data-target=\".wp-image-822353\"><a href=\"#\" target=\"_blank\">&copy; Tropical studio &ndash; stock.adobe.com<\/a><\/div><\/p>\n","protected":false},"excerpt":{"rendered":"<p>Ein Jahr lang ging unser M&auml;dchen (4 Jahre) vergn&uuml;gt in den Kindergarten und nach den vierw&ouml;chigen Sommerferien gab es pl&ouml;tzlich Tr&auml;nen und Protest. Nur eine normale Phase? Oder stimmt da etwas nicht?&bdquo;Sie hing heute morgen wie eine Klette an mir&ldquo;, erz&auml;hlte mir Thomas am ersten Kindergarten-Tag nach der Sommerpause. &bdquo;Sie war traurig, als ich gehen [&#8230;]<\/p>\n<p><a class=\"btn btn-secondary understrap-read-more-link\" href=\"https:\/\/www.babyartikel.de\/magazin\/ich-will-nicht-in-den-kindergarten\">Weiterlesen&#8230;<\/a><\/p>\n","protected":false},"author":6,"featured_media":822353,"comment_status":"open","ping_status":"open","sticky":false,"template":"","format":"standard","meta":{"_acf_changed":false,"footnotes":""},"categories":[2827,1430,2802],"tags":[232],"class_list":["post-14562","post","type-post","status-publish","format-standard","has-post-thumbnail","hentry","category-kindergarten-kita","category-kleinkind","category-mamablogger-berichten","tag-kindergarten"],"acf":[],"yoast_head":"<!-- This site is optimized with the Yoast SEO Premium plugin v27.2 (Yoast SEO v27.2) - https:\/\/yoast.com\/product\/yoast-seo-premium-wordpress\/ -->\n<title>Ich will nicht in den Kindergarten! | Babyartikel.de Magazin<\/title>\n<meta name=\"robots\" content=\"index, follow, max-snippet:-1, max-image-preview:large, max-video-preview:-1\" \/>\n<link rel=\"canonical\" href=\"https:\/\/www.babyartikel.de\/magazin\/ich-will-nicht-in-den-kindergarten\" \/>\n<meta property=\"og:locale\" content=\"de_DE\" \/>\n<meta property=\"og:type\" content=\"article\" \/>\n<meta property=\"og:title\" content=\"Ich will nicht in den Kindergarten!\" \/>\n<meta property=\"og:description\" content=\"Ein Jahr lang ging unser M&auml;dchen (4 Jahre) vergn&uuml;gt in den Kindergarten und nach den vierw&ouml;chigen Sommerferien gab es pl&ouml;tzlich Tr&auml;nen und Protest. Nur eine normale Phase? Oder stimmt da etwas nicht?&bdquo;Sie hing heute morgen wie eine Klette an mir&ldquo;, erz&auml;hlte mir Thomas am ersten Kindergarten-Tag nach der Sommerpause. &bdquo;Sie war traurig, als ich gehen [...]Weiterlesen...\" \/>\n<meta property=\"og:url\" content=\"https:\/\/www.babyartikel.de\/magazin\/ich-will-nicht-in-den-kindergarten\" \/>\n<meta property=\"og:site_name\" content=\"Babyartikel.de Magazin\" \/>\n<meta property=\"article:published_time\" content=\"2015-08-28T07:01:23+00:00\" \/>\n<meta property=\"article:modified_time\" content=\"2020-10-20T10:14:22+00:00\" \/>\n<meta property=\"og:image\" content=\"https:\/\/www.babyartikel.de\/magazin\/wp-content\/uploads\/2015\/08\/wuetendes-Kleinkind-will-nicht-in-den-Kindergarten-scaled.jpeg\" \/>\n\t<meta property=\"og:image:width\" content=\"2560\" \/>\n\t<meta property=\"og:image:height\" content=\"1707\" \/>\n\t<meta property=\"og:image:type\" content=\"image\/jpeg\" \/>\n<meta name=\"author\" content=\"Kathrin\" \/>\n<meta name=\"twitter:card\" content=\"summary_large_image\" \/>\n<meta name=\"twitter:label1\" content=\"Verfasst von\" \/>\n\t<meta name=\"twitter:data1\" content=\"Kathrin\" \/>\n\t<meta name=\"twitter:label2\" content=\"Gesch\u00e4tzte Lesezeit\" \/>\n\t<meta name=\"twitter:data2\" content=\"5\u00a0Minuten\" \/>\n<script type=\"application\/ld+json\" class=\"yoast-schema-graph\">{\"@context\":\"https:\/\/schema.org\",\"@graph\":[{\"@type\":\"Article\",\"@id\":\"https:\/\/www.babyartikel.de\/magazin\/ich-will-nicht-in-den-kindergarten#article\",\"isPartOf\":{\"@id\":\"https:\/\/www.babyartikel.de\/magazin\/ich-will-nicht-in-den-kindergarten\"},\"author\":{\"name\":\"Kathrin\",\"@id\":\"https:\/\/www.babyartikel.de\/magazin\/#\/schema\/person\/1db11e46f2cc589fbd7acee6c5191911\"},\"headline\":\"Ich will nicht in den Kindergarten!\",\"datePublished\":\"2015-08-28T07:01:23+00:00\",\"dateModified\":\"2020-10-20T10:14:22+00:00\",\"mainEntityOfPage\":{\"@id\":\"https:\/\/www.babyartikel.de\/magazin\/ich-will-nicht-in-den-kindergarten\"},\"wordCount\":913,\"commentCount\":0,\"image\":{\"@id\":\"https:\/\/www.babyartikel.de\/magazin\/ich-will-nicht-in-den-kindergarten#primaryimage\"},\"thumbnailUrl\":\"https:\/\/media.babyartikel.de\/magazin\/wp-content\/uploads\/2015\/08\/wuetendes-Kleinkind-will-nicht-in-den-Kindergarten-scaled.jpeg\",\"keywords\":[\"kindergarten\"],\"articleSection\":[\"Kindergarten &amp; KiTa\",\"Kleinkind\",\"Mamablogger berichten\"],\"inLanguage\":\"de\",\"potentialAction\":[{\"@type\":\"CommentAction\",\"name\":\"Comment\",\"target\":[\"https:\/\/www.babyartikel.de\/magazin\/ich-will-nicht-in-den-kindergarten#respond\"]}]},{\"@type\":\"WebPage\",\"@id\":\"https:\/\/www.babyartikel.de\/magazin\/ich-will-nicht-in-den-kindergarten\",\"url\":\"https:\/\/www.babyartikel.de\/magazin\/ich-will-nicht-in-den-kindergarten\",\"name\":\"Ich will nicht in den Kindergarten! | Babyartikel.de Magazin\",\"isPartOf\":{\"@id\":\"https:\/\/www.babyartikel.de\/magazin\/#website\"},\"primaryImageOfPage\":{\"@id\":\"https:\/\/www.babyartikel.de\/magazin\/ich-will-nicht-in-den-kindergarten#primaryimage\"},\"image\":{\"@id\":\"https:\/\/www.babyartikel.de\/magazin\/ich-will-nicht-in-den-kindergarten#primaryimage\"},\"thumbnailUrl\":\"https:\/\/media.babyartikel.de\/magazin\/wp-content\/uploads\/2015\/08\/wuetendes-Kleinkind-will-nicht-in-den-Kindergarten-scaled.jpeg\",\"datePublished\":\"2015-08-28T07:01:23+00:00\",\"dateModified\":\"2020-10-20T10:14:22+00:00\",\"author\":{\"@id\":\"https:\/\/www.babyartikel.de\/magazin\/#\/schema\/person\/1db11e46f2cc589fbd7acee6c5191911\"},\"breadcrumb\":{\"@id\":\"https:\/\/www.babyartikel.de\/magazin\/ich-will-nicht-in-den-kindergarten#breadcrumb\"},\"inLanguage\":\"de\",\"potentialAction\":[{\"@type\":\"ReadAction\",\"target\":[\"https:\/\/www.babyartikel.de\/magazin\/ich-will-nicht-in-den-kindergarten\"]}]},{\"@type\":\"ImageObject\",\"inLanguage\":\"de\",\"@id\":\"https:\/\/www.babyartikel.de\/magazin\/ich-will-nicht-in-den-kindergarten#primaryimage\",\"url\":\"https:\/\/media.babyartikel.de\/magazin\/wp-content\/uploads\/2015\/08\/wuetendes-Kleinkind-will-nicht-in-den-Kindergarten-scaled.jpeg\",\"contentUrl\":\"https:\/\/media.babyartikel.de\/magazin\/wp-content\/uploads\/2015\/08\/wuetendes-Kleinkind-will-nicht-in-den-Kindergarten-scaled.jpeg\",\"width\":2560,\"height\":1707,\"caption\":\"w\u00fctendes Kleinkind mag nicht in den Kindergarten\"},{\"@type\":\"BreadcrumbList\",\"@id\":\"https:\/\/www.babyartikel.de\/magazin\/ich-will-nicht-in-den-kindergarten#breadcrumb\",\"itemListElement\":[{\"@type\":\"ListItem\",\"position\":1,\"name\":\"Startseite\",\"item\":\"https:\/\/www.babyartikel.de\/magazin\"},{\"@type\":\"ListItem\",\"position\":2,\"name\":\"Ich will nicht in den Kindergarten!\"}]},{\"@type\":\"WebSite\",\"@id\":\"https:\/\/www.babyartikel.de\/magazin\/#website\",\"url\":\"https:\/\/www.babyartikel.de\/magazin\/\",\"name\":\"Babyartikel.de Magazin\",\"description\":\"\",\"potentialAction\":[{\"@type\":\"SearchAction\",\"target\":{\"@type\":\"EntryPoint\",\"urlTemplate\":\"https:\/\/www.babyartikel.de\/magazin\/?s={search_term_string}\"},\"query-input\":{\"@type\":\"PropertyValueSpecification\",\"valueRequired\":true,\"valueName\":\"search_term_string\"}}],\"inLanguage\":\"de\"},{\"@type\":\"Person\",\"@id\":\"https:\/\/www.babyartikel.de\/magazin\/#\/schema\/person\/1db11e46f2cc589fbd7acee6c5191911\",\"name\":\"Kathrin\",\"image\":{\"@type\":\"ImageObject\",\"inLanguage\":\"de\",\"@id\":\"https:\/\/secure.gravatar.com\/avatar\/5d45d670bebfbc1b2ddaa9a7bbaedbe41756cbd8db0940323b4d161b32a80ff4?s=96&d=mm&r=g\",\"url\":\"https:\/\/secure.gravatar.com\/avatar\/5d45d670bebfbc1b2ddaa9a7bbaedbe41756cbd8db0940323b4d161b32a80ff4?s=96&d=mm&r=g\",\"contentUrl\":\"https:\/\/secure.gravatar.com\/avatar\/5d45d670bebfbc1b2ddaa9a7bbaedbe41756cbd8db0940323b4d161b32a80ff4?s=96&d=mm&r=g\",\"caption\":\"Kathrin\"},\"description\":\"Ich m\u00f6chte mir und anderen M\u00fcttern Mut machen, der eigenen Intuition zu folgen und nicht gesellschaftlichen Erwartungshaltungen entsprechen zu m\u00fcssen. Ich m\u00f6chte ermuntern auf die individuellen Bed\u00fcrfnisse von Kindern einzugehen. Ihnen zu zuh\u00f6ren. Sie zu verstehen. Ihnen Nestw\u00e4rme zu geben!\",\"sameAs\":[\"http:\/\/www.nestling.org\"],\"url\":\"https:\/\/www.babyartikel.de\/magazin\/author\/nestling\"}]}<\/script>\n<!-- \/ Yoast SEO Premium plugin. -->","yoast_head_json":{"title":"Ich will nicht in den Kindergarten! | Babyartikel.de Magazin","robots":{"index":"index","follow":"follow","max-snippet":"max-snippet:-1","max-image-preview":"max-image-preview:large","max-video-preview":"max-video-preview:-1"},"canonical":"https:\/\/www.babyartikel.de\/magazin\/ich-will-nicht-in-den-kindergarten","og_locale":"de_DE","og_type":"article","og_title":"Ich will nicht in den Kindergarten!","og_description":"Ein Jahr lang ging unser M&auml;dchen (4 Jahre) vergn&uuml;gt in den Kindergarten und nach den vierw&ouml;chigen Sommerferien gab es pl&ouml;tzlich Tr&auml;nen und Protest. Nur eine normale Phase? Oder stimmt da etwas nicht?&bdquo;Sie hing heute morgen wie eine Klette an mir&ldquo;, erz&auml;hlte mir Thomas am ersten Kindergarten-Tag nach der Sommerpause. &bdquo;Sie war traurig, als ich gehen [...]Weiterlesen...","og_url":"https:\/\/www.babyartikel.de\/magazin\/ich-will-nicht-in-den-kindergarten","og_site_name":"Babyartikel.de Magazin","article_published_time":"2015-08-28T07:01:23+00:00","article_modified_time":"2020-10-20T10:14:22+00:00","og_image":[{"width":2560,"height":1707,"url":"https:\/\/www.babyartikel.de\/magazin\/wp-content\/uploads\/2015\/08\/wuetendes-Kleinkind-will-nicht-in-den-Kindergarten-scaled.jpeg","type":"image\/jpeg"}],"author":"Kathrin","twitter_card":"summary_large_image","twitter_misc":{"Verfasst von":"Kathrin","Gesch\u00e4tzte Lesezeit":"5\u00a0Minuten"},"schema":{"@context":"https:\/\/schema.org","@graph":[{"@type":"Article","@id":"https:\/\/www.babyartikel.de\/magazin\/ich-will-nicht-in-den-kindergarten#article","isPartOf":{"@id":"https:\/\/www.babyartikel.de\/magazin\/ich-will-nicht-in-den-kindergarten"},"author":{"name":"Kathrin","@id":"https:\/\/www.babyartikel.de\/magazin\/#\/schema\/person\/1db11e46f2cc589fbd7acee6c5191911"},"headline":"Ich will nicht in den Kindergarten!","datePublished":"2015-08-28T07:01:23+00:00","dateModified":"2020-10-20T10:14:22+00:00","mainEntityOfPage":{"@id":"https:\/\/www.babyartikel.de\/magazin\/ich-will-nicht-in-den-kindergarten"},"wordCount":913,"commentCount":0,"image":{"@id":"https:\/\/www.babyartikel.de\/magazin\/ich-will-nicht-in-den-kindergarten#primaryimage"},"thumbnailUrl":"https:\/\/media.babyartikel.de\/magazin\/wp-content\/uploads\/2015\/08\/wuetendes-Kleinkind-will-nicht-in-den-Kindergarten-scaled.jpeg","keywords":["kindergarten"],"articleSection":["Kindergarten &amp; KiTa","Kleinkind","Mamablogger berichten"],"inLanguage":"de","potentialAction":[{"@type":"CommentAction","name":"Comment","target":["https:\/\/www.babyartikel.de\/magazin\/ich-will-nicht-in-den-kindergarten#respond"]}]},{"@type":"WebPage","@id":"https:\/\/www.babyartikel.de\/magazin\/ich-will-nicht-in-den-kindergarten","url":"https:\/\/www.babyartikel.de\/magazin\/ich-will-nicht-in-den-kindergarten","name":"Ich will nicht in den Kindergarten! | Babyartikel.de Magazin","isPartOf":{"@id":"https:\/\/www.babyartikel.de\/magazin\/#website"},"primaryImageOfPage":{"@id":"https:\/\/www.babyartikel.de\/magazin\/ich-will-nicht-in-den-kindergarten#primaryimage"},"image":{"@id":"https:\/\/www.babyartikel.de\/magazin\/ich-will-nicht-in-den-kindergarten#primaryimage"},"thumbnailUrl":"https:\/\/media.babyartikel.de\/magazin\/wp-content\/uploads\/2015\/08\/wuetendes-Kleinkind-will-nicht-in-den-Kindergarten-scaled.jpeg","datePublished":"2015-08-28T07:01:23+00:00","dateModified":"2020-10-20T10:14:22+00:00","author":{"@id":"https:\/\/www.babyartikel.de\/magazin\/#\/schema\/person\/1db11e46f2cc589fbd7acee6c5191911"},"breadcrumb":{"@id":"https:\/\/www.babyartikel.de\/magazin\/ich-will-nicht-in-den-kindergarten#breadcrumb"},"inLanguage":"de","potentialAction":[{"@type":"ReadAction","target":["https:\/\/www.babyartikel.de\/magazin\/ich-will-nicht-in-den-kindergarten"]}]},{"@type":"ImageObject","inLanguage":"de","@id":"https:\/\/www.babyartikel.de\/magazin\/ich-will-nicht-in-den-kindergarten#primaryimage","url":"https:\/\/media.babyartikel.de\/magazin\/wp-content\/uploads\/2015\/08\/wuetendes-Kleinkind-will-nicht-in-den-Kindergarten-scaled.jpeg","contentUrl":"https:\/\/media.babyartikel.de\/magazin\/wp-content\/uploads\/2015\/08\/wuetendes-Kleinkind-will-nicht-in-den-Kindergarten-scaled.jpeg","width":2560,"height":1707,"caption":"w\u00fctendes Kleinkind mag nicht in den Kindergarten"},{"@type":"BreadcrumbList","@id":"https:\/\/www.babyartikel.de\/magazin\/ich-will-nicht-in-den-kindergarten#breadcrumb","itemListElement":[{"@type":"ListItem","position":1,"name":"Startseite","item":"https:\/\/www.babyartikel.de\/magazin"},{"@type":"ListItem","position":2,"name":"Ich will nicht in den Kindergarten!"}]},{"@type":"WebSite","@id":"https:\/\/www.babyartikel.de\/magazin\/#website","url":"https:\/\/www.babyartikel.de\/magazin\/","name":"Babyartikel.de Magazin","description":"","potentialAction":[{"@type":"SearchAction","target":{"@type":"EntryPoint","urlTemplate":"https:\/\/www.babyartikel.de\/magazin\/?s={search_term_string}"},"query-input":{"@type":"PropertyValueSpecification","valueRequired":true,"valueName":"search_term_string"}}],"inLanguage":"de"},{"@type":"Person","@id":"https:\/\/www.babyartikel.de\/magazin\/#\/schema\/person\/1db11e46f2cc589fbd7acee6c5191911","name":"Kathrin","image":{"@type":"ImageObject","inLanguage":"de","@id":"https:\/\/secure.gravatar.com\/avatar\/5d45d670bebfbc1b2ddaa9a7bbaedbe41756cbd8db0940323b4d161b32a80ff4?s=96&d=mm&r=g","url":"https:\/\/secure.gravatar.com\/avatar\/5d45d670bebfbc1b2ddaa9a7bbaedbe41756cbd8db0940323b4d161b32a80ff4?s=96&d=mm&r=g","contentUrl":"https:\/\/secure.gravatar.com\/avatar\/5d45d670bebfbc1b2ddaa9a7bbaedbe41756cbd8db0940323b4d161b32a80ff4?s=96&d=mm&r=g","caption":"Kathrin"},"description":"Ich m\u00f6chte mir und anderen M\u00fcttern Mut machen, der eigenen Intuition zu folgen und nicht gesellschaftlichen Erwartungshaltungen entsprechen zu m\u00fcssen. Ich m\u00f6chte ermuntern auf die individuellen Bed\u00fcrfnisse von Kindern einzugehen. Ihnen zu zuh\u00f6ren. Sie zu verstehen. Ihnen Nestw\u00e4rme zu geben!","sameAs":["http:\/\/www.nestling.org"],"url":"https:\/\/www.babyartikel.de\/magazin\/author\/nestling"}]}},"abstract_sku":"","_links":{"self":[{"href":"https:\/\/www.babyartikel.de\/magazin\/wp-json\/wp\/v2\/posts\/14562","targetHints":{"allow":["GET"]}}],"collection":[{"href":"https:\/\/www.babyartikel.de\/magazin\/wp-json\/wp\/v2\/posts"}],"about":[{"href":"https:\/\/www.babyartikel.de\/magazin\/wp-json\/wp\/v2\/types\/post"}],"author":[{"embeddable":true,"href":"https:\/\/www.babyartikel.de\/magazin\/wp-json\/wp\/v2\/users\/6"}],"replies":[{"embeddable":true,"href":"https:\/\/www.babyartikel.de\/magazin\/wp-json\/wp\/v2\/comments?post=14562"}],"version-history":[{"count":4,"href":"https:\/\/www.babyartikel.de\/magazin\/wp-json\/wp\/v2\/posts\/14562\/revisions"}],"predecessor-version":[{"id":822355,"href":"https:\/\/www.babyartikel.de\/magazin\/wp-json\/wp\/v2\/posts\/14562\/revisions\/822355"}],"wp:featuredmedia":[{"embeddable":true,"href":"https:\/\/www.babyartikel.de\/magazin\/wp-json\/wp\/v2\/media\/822353"}],"wp:attachment":[{"href":"https:\/\/www.babyartikel.de\/magazin\/wp-json\/wp\/v2\/media?parent=14562"}],"wp:term":[{"taxonomy":"category","embeddable":true,"href":"https:\/\/www.babyartikel.de\/magazin\/wp-json\/wp\/v2\/categories?post=14562"},{"taxonomy":"post_tag","embeddable":true,"href":"https:\/\/www.babyartikel.de\/magazin\/wp-json\/wp\/v2\/tags?post=14562"}],"curies":[{"name":"wp","href":"https:\/\/api.w.org\/{rel}","templated":true}]}}