
{"id":14941,"date":"2015-09-23T08:00:22","date_gmt":"2015-09-23T06:00:22","guid":{"rendered":"\/magazin\/?p=14941"},"modified":"2017-06-01T11:53:01","modified_gmt":"2017-06-01T09:53:01","slug":"ist-physiotherapie-fuers-krabbeln-lernen-noetig","status":"publish","type":"post","link":"https:\/\/www.babyartikel.de\/magazin\/ist-physiotherapie-fuers-krabbeln-lernen-noetig","title":{"rendered":"Ist Physiotherapie f\u00fcrs Krabbeln lernen n\u00f6tig?"},"content":{"rendered":"<p>Mein kleiner Spatz (13 Monate) ist in seiner zweiten Eingew&ouml;hnungswoche in der Kita und robbt zwischen den anderen Kindern herum. <a title=\"Wann f&auml;ngt mein Baby an zu krabbeln?\" href=\"https:\/\/www.babyartikel.de\/magazin\/wann-faengt-mein-baby-an-zu-krabbeln\" target=\"_blank\" rel=\"noopener noreferrer\">Krabbeln <\/a>tut er noch nicht, aber daf&uuml;r bewegt er sich seit zwei Monaten vorw&auml;rts durch den Raum. Da viele Kinder in seinem Alter bereits an M&ouml;beln entlang wandern, hat ihm die <a title=\"Unser Kinderarztbesuch f&uuml;r die U6\" href=\"https:\/\/www.babyartikel.de\/magazin\/unser-kinderarztbesuch-fuer-die-u6\" target=\"_blank\" rel=\"noopener noreferrer\">Kinder&auml;rztin bei der U6<\/a> Physiotherapie verschrieben. Also gibts ab sofort einmal die Woche Sport, um das Krabbeln und Stehen voran zu bringen&nbsp;;-)<div id=\"ez-toc-container\" class=\"ez-toc-v2_0_82_2 counter-flat ez-toc-counter ez-toc-white ez-toc-container-direction\">\n<div class=\"ez-toc-title-container\">\n<p class=\"ez-toc-title\" style=\"cursor:inherit\">Inhaltsverzeichnis<\/p>\n<span class=\"ez-toc-title-toggle\"><a href=\"#\" class=\"ez-toc-pull-right ez-toc-btn ez-toc-btn-xs ez-toc-btn-default ez-toc-toggle\" aria-label=\"Toggle Table of Content\"><span class=\"ez-toc-js-icon-con\"><span class=\"\"><span class=\"eztoc-hide\" style=\"display:none;\">Toggle<\/span><span class=\"ez-toc-icon-toggle-span\"><svg style=\"fill: #999;color:#999\" xmlns=\"http:\/\/www.w3.org\/2000\/svg\" class=\"list-377408\" width=\"20px\" height=\"20px\" viewBox=\"0 0 24 24\" fill=\"none\"><path d=\"M6 6H4v2h2V6zm14 0H8v2h12V6zM4 11h2v2H4v-2zm16 0H8v2h12v-2zM4 16h2v2H4v-2zm16 0H8v2h12v-2z\" fill=\"currentColor\"><\/path><\/svg><svg style=\"fill: #999;color:#999\" class=\"arrow-unsorted-368013\" xmlns=\"http:\/\/www.w3.org\/2000\/svg\" width=\"10px\" height=\"10px\" viewBox=\"0 0 24 24\" version=\"1.2\" baseProfile=\"tiny\"><path d=\"M18.2 9.3l-6.2-6.3-6.2 6.3c-.2.2-.3.4-.3.7s.1.5.3.7c.2.2.4.3.7.3h11c.3 0 .5-.1.7-.3.2-.2.3-.5.3-.7s-.1-.5-.3-.7zM5.8 14.7l6.2 6.3 6.2-6.3c.2-.2.3-.5.3-.7s-.1-.5-.3-.7c-.2-.2-.4-.3-.7-.3h-11c-.3 0-.5.1-.7.3-.2.2-.3.5-.3.7s.1.5.3.7z\"\/><\/svg><\/span><\/span><\/span><\/a><\/span><\/div>\n<nav><ul class='ez-toc-list ez-toc-list-level-1 ' ><li class='ez-toc-page-1'><a class=\"ez-toc-link ez-toc-heading-1\" href=\"https:\/\/www.babyartikel.de\/magazin\/ist-physiotherapie-fuers-krabbeln-lernen-noetig\/#Physiotherapiepraxis_finden\" >Physiotherapiepraxis finden<\/a><\/li><li class='ez-toc-page-1'><a class=\"ez-toc-link ez-toc-heading-2\" href=\"https:\/\/www.babyartikel.de\/magazin\/ist-physiotherapie-fuers-krabbeln-lernen-noetig\/#Erster_Physiotherapietermin\" >Erster Physiotherapietermin<\/a><\/li><li class='ez-toc-page-1'><a class=\"ez-toc-link ez-toc-heading-3\" href=\"https:\/\/www.babyartikel.de\/magazin\/ist-physiotherapie-fuers-krabbeln-lernen-noetig\/#Wie_wirke_ich_dem_Rechtsdrall_entgegen\" >Wie wirke ich dem Rechtsdrall entgegen?<\/a><\/li><li class='ez-toc-page-1'><a class=\"ez-toc-link ez-toc-heading-4\" href=\"https:\/\/www.babyartikel.de\/magazin\/ist-physiotherapie-fuers-krabbeln-lernen-noetig\/#Das_erste_Mal_Aufstehen\" >Das erste Mal Aufstehen<\/a><\/li><li class='ez-toc-page-1'><a class=\"ez-toc-link ez-toc-heading-5\" href=\"https:\/\/www.babyartikel.de\/magazin\/ist-physiotherapie-fuers-krabbeln-lernen-noetig\/#Wie_foerdere_ich_mein_Kind_zu_Hause\" >Wie f&ouml;rdere ich mein Kind zu Hause?<\/a><\/li><\/ul><\/nav><\/div>\n<h2><span class=\"ez-toc-section\" id=\"Physiotherapiepraxis_finden\"><\/span>Physiotherapiepraxis finden<span class=\"ez-toc-section-end\"><\/span><\/h2><p>Die Kinder&auml;rztin wollte mir schon eine Physiotherapiepraxis empfehlen, doch wir haben bereits eine. Dort hat sich mein Kleiner vor einem Jahr schon sehr wohl gef&uuml;hlt, als wir zur Osteopathie da waren. Die Osteopatin hat ihm damals sanft die Spannungen der Saugglockengeburt gel&ouml;st. Gerne denke ich an die beiden Termine zur&uuml;ck. Meinem Kleinen haben sie sehr gut getan. Er war im wahrsten Sinne des Wortes in guten H&auml;nden.<\/p><h2><span class=\"ez-toc-section\" id=\"Erster_Physiotherapietermin\"><\/span>Erster Physiotherapietermin<span class=\"ez-toc-section-end\"><\/span><\/h2><p>Da momentan auch die <a title=\"Wie war die erste Kitawoche?\" href=\"https:\/\/www.babyartikel.de\/magazin\/wie-war-die-erste-kitawoche-interview-mit-papa-teil-1\" target=\"_blank\" rel=\"noopener noreferrer\">Eingew&ouml;hnung in die Kita<\/a> l&auml;uft, fragte ich mich, ob meinem Kleinen das nicht zu viel wird. Daher kam es mir gerade recht, dass der 1.&nbsp;Termin f&uuml;r die Physiotherapie erst in der zweiten Kitawoche war.<\/p><div class=\"marketing-slot\"><div id=\"block-18\" class=\"content-post-widget marketing-slot-1 widget_block\"><a href=\"#\" class=\"newsletter_popup\" style=\"\n  display: inline-block;\n  box-shadow: 0 4px 10px rgba(0,0,0,0.1);\n  margin: 20px auto;\n  max-width: 800px;\n  width: 100%;\">\n  <img src=\"https:\/\/media.babyartikel.de\/magazin\/wp-content\/uploads\/2025\/08\/NL-Banner-Magazin-8-25.webp\" alt=\"Newsletter Banner\" style=\"\n    width: 100%;\n    height: auto;\n    display: block;\" onclick=\"ga('send', 'event', 'banner', 'click', 'magazin-banner-newsletter-8-25');\">\n<\/a>\n\n\t<!-- Modal -->\n\t<div class=\"modal fade modal_popup\" id=\"newsletter_popup\" tabindex=\"-1\" aria-labelledby=\"exampleModalLabel\" aria-hidden=\"true\">\n\t\t<div class=\"modal-dialog modal-dialog-centered modal-dialog-scrollable\">\n\t\t\t<div class=\"modal-content\">\n\t\t\t\t<div class=\"modal-header small-header\">\n\t\t\t\t\t<h5 class=\"modal-title\" id=\"newsletterModalLabel\">\n\t\t\t\t\t\tNewsletter\t\t\t\t\t<\/h5>\n\t\t\t\t\t<button type=\"button\" class=\"btn-close small-close\" data-bs-dismiss=\"modal\" aria-label=\"Close\"><\/button>\n\t\t\t\t<\/div>\n\n\t\t\t\t<div class=\"modal-body\">\n\t\t\t\t\t\t<div class=\"newsletterForm-embed popup-form\">\n        <form name=\"newsletterSubscriptionForm\" id=\"newsletter_popup_69f36b088d41f_form\" data-newsletter-id=\"newsletter_popup_69f36b088d41f\" method=\"POST\">\n\n\t\t\t<input type=\"text\" name=\"website\" class=\"hidden\" tabindex=\"-1\" autocomplete=\"off\" style=\"position:absolute;left:-9999px;\">\n\t\t\t<input type=\"hidden\" name=\"ts\" value=\"1777560328\">\n\n\t\t\t                <input type=\"hidden\" name=\"emarsys-event-id\" value=\"3756\">\n            \n            \t\t\t<div class=\"mb-3\">\n\t\t\t\t<label for=\"date\" class=\"form-label\">Geburtstag\/ -termin Deines Babys<\/label>\n                <input type=\"date\" name=\"date\" class=\"input input--expand form-control\" required>\n\t\t\t<\/div>\n            \n\t\t\t<div class=\"mb-3\">\n\t\t\t\t<label for=\"email\" class=\"form-label\">E-Mail-Adresse<\/label>\n\t\t\t\t<input type=\"email\" name=\"email\" placeholder=\"E-Mail-Adresse\" class=\"input input--expand form-control\" required>\n\t\t\t<\/div>\n\n\t\t\t\t\t\t\t<button type=\"submit\" class=\"btn btn-primary\">Absenden<\/button>\n\t\t\t\n\t\t\t\t\t\t\t<div class=\"small mt-3\" style=\"font-weight:normal;\">\n\t\t\t\t\t\n\t\t\t<div class=\"mt-3\">\n\t\t\t\tJa, ich m&ouml;chte den Newsletter von Babyartikel.de erhalten und &uuml;ber Aktionen informiert werden.\n  Dabei darf mein Nutzungsverhalten (z. B. &Ouml;ffnungen und Klicks) zur Personalisierung ausgewertet werden.\n  Mehr finde ich in der <a href=\"\/de\/datenschutz\" style=\"text-decoration:underline\">Datenschutzerkl&auml;rung<\/a>.\n\t\t\t<\/div>\n\t\t\t\t\t\t<\/div>\n\t\t\t\n\t\t\t\t\t\t\t<div class=\"small mb-3 mt-3\" style=\"font-weight:normal;\">\n\t\t\t\t\tJederzeit abbestellbar | <a href=\"\/de\/datenschutz\" style=\"text-decoration:underline\">\n\t\t\t\t\t\tDatenschutzerkl&auml;rung\n\t\t\t\t\t<\/a>\n\t\t\t\t<\/div>\n\t\t\t\n        <\/form>\n    <\/div>\n\t\n\t\t\t\t\t<div class=\"response-messages_newsletter_popup_69f36b088d41f\">\n\t\t\t\t\t\t<div class=\"alert alert-success success mt-3 mb-3 d-none\">\n\t\t\t\t\t\t\tNur noch ein Klick! Best&auml;tige Deine Anmeldung in der E-Mail, die du gleich erh&auml;ltst.\t\t\t\t\t\t<\/div>\n\t\t\t\t\t\t<div class=\"error mt-3 mb-3 d-none\">\n\t\t\t\t\t\t\t<div class=\"alert alert-danger \">\n\t\t\t\t\t\t\t\tEin Fehler ist aufgetreten. Bitte versuche es sp&auml;ter erneut.\t\t\t\t\t\t\t<\/div>\n\t\t\t\t\t\t<\/div>\n\t\t\t\t\t\t<div class=\"alert alert-danger other-2007 mt-3 mb-3 d-none\">\n\t\t\t\t\t\t\tUng&Atilde;&frac14;ltiges Datumsformat\t\t\t\t\t\t<\/div>\n\t\t\t\t\t<\/div>\n\t\t\t\t<\/div>\n\t\t\t<\/div>\n\t\t<\/div>\n\t<\/div>\n\n\t<\/div><!-- content-widget --><\/div><p>Gegen Ende letzter Woche war unser Kleiner tags&uuml;ber und vor allem nachts sehr unruhig. Papa und ich bef&uuml;rchteten schon, dass er krank wird oder neue Z&auml;hne bekommt. Aber beides war nicht der Fall. Er musste einfach die vielen neuen Eindr&uuml;cke in der Kita verarbeiten.<\/p><p>Diese Woche ist unser kleiner Spatz wieder super drauf. Also stand der ersten Physiotherapiestunde nichts im Weg. Nach seinem Mittagsschlaf und einem Vesper war er ausgeschlafen, satt und zufrieden und freute sich &uuml;ber einen Ausflug. Wir tigerten also zum ersten Termin und begr&uuml;&szlig;ten die nette Physiotherapeutin. Da mein Kleiner momentan keine Ber&uuml;hrungs&auml;ngste hat, war er dem neuen Raum mit seinen neuen Spielsachen gegen&uuml;ber sehr aufgeschlossen. Als ich ihn mit der Physiotherapeutin so beobachtete, hatte ich den Eindruck, es w&auml;re nicht unser erster, sondern zehnter Termin.<\/p><div class=\"postslot1\">[articles]<link rel=\"stylesheet\" href=\"https:\/\/cdn.jsdelivr.net\/npm\/swiper@8\/swiper-bundle.min.css\"><\/div><div class=\"marketing-slot\"><div id=\"block-25\" class=\"content-post-widget marketing-slot-2 widget_block\"><a href=\"https:\/\/www.babyartikel.de\/de\/angebote\" data-track-link-click=\"true\" data-track-name=\"nyoutlet2026-magazin\" data-track-medium=\"banner-magazin-post\" data-track-campaign=\"magazin-banner-nyoutlet2026\" onclick=\"ga('send', 'event', 'banner', 'click', 'magazin-banner-nyoutlet2026');\" style=\"display:block;width:100%;text-align:center;\"><img src=\"https:\/\/media.babyartikel.de\/magazin\/wp-content\/uploads\/2026\/01\/NY-Outlet-10-2026.webp\" alt=\"Sale\" style=\"max-width:100%;\"><\/a><\/div><!-- content-widget --><\/div><h2><span class=\"ez-toc-section\" id=\"Wie_wirke_ich_dem_Rechtsdrall_entgegen\"><\/span>Wie wirke ich dem Rechtsdrall entgegen?<span class=\"ez-toc-section-end\"><\/span><\/h2><p>Nach kurzer Zeit fiel der Physiotherapeutin auf, dass mein Kleiner immer &uuml;ber das rechte Bein vorw&auml;rts robbt. Das Linke entspannt in dieser Zeit und l&auml;sst sich gem&uuml;tlich ziehen. Ich hatte sofort ein schlechtes Gewissen und &auml;rgerte mich, dass mir das nicht selbst aufgefallen war. Aber w&auml;re es mir aufgefallen, dann h&auml;tte ich ihn trotzdem nicht so behandeln k&ouml;nnen, wie die Physiotherapeutin. Denn sie zeigte meinem Kleinen gleich, wie er sein linkes Bein zum Robben benutzen kann. Sie lie&szlig; ihre unterst&uuml;tzenden Bewegungen ganz nat&uuml;rlich in seine einflie&szlig;en. Ihre Ber&uuml;hrungen und Aktivierungen scheinen ihm Impulse zu geben, wie eine Art Erinnerung: &bdquo;Hallo, hier ist dein linkes Bein! Ich bin auch noch da. So f&uuml;hlt es sich &uuml;brigens an, wenn du dich mit mir vorw&auml;rts bewegen willst :-) &ldquo;<\/p><h2><span class=\"ez-toc-section\" id=\"Das_erste_Mal_Aufstehen\"><\/span>Das erste Mal Aufstehen<span class=\"ez-toc-section-end\"><\/span><\/h2><p>Mein kleiner Spatz robbte einmal quer durch den Raum und pr&auml;sentierte an einer Treppe, wie toll er sich ins Knien hochziehen kann. Ich freute mich noch, wie gut er das innerhalb kurzer Zeit gelernt hatte, da stand er pl&ouml;tzlich auf. Ganz leicht, als h&auml;tte er das schon tausend Mal gemacht. Es sah noch etwas unbeholfen aus, wie er so da stand, seinen Po rausstreckte und vor sich hin plapperte. Ich freute mich riesig. Mein kleiner Spatz ist zum ersten Mal allein aufgestanden und es machte ihm sichtlich Spa&szlig;!<\/p><h2><span class=\"ez-toc-section\" id=\"Wie_foerdere_ich_mein_Kind_zu_Hause\"><\/span>Wie f&ouml;rdere ich mein Kind zu Hause?<span class=\"ez-toc-section-end\"><\/span><\/h2><p>Nach der ersten Physiotherapiestunde holten wir den gro&szlig;en Spatz von der Kita ab. Zu Hause angekommen, lie&szlig;en wir uns im Kinderzimmer nieder, um zu spielen. Allerdings ist es momentan ein Ding der Unm&ouml;glichkeit mit beiden Jungs gemeinsam zu spielen. Entweder der Kleine spielt f&uuml;r sich und ich spiele mit dem Gro&szlig;en oder umgekehrt.<\/p><p>Nachdem ich die neue Rennbahn meines Gro&szlig;en bewundert hatte, machte er sich daran die Autos in die Startl&ouml;cher zu schichten. W&auml;hrenddessen robbt mein Kleiner durch den Raum und ich schob dabei sein linkes Bein nach vorne. So wie es mir die Physiotherapeutin gezeigt hat. Allerdings nicht so elegant. Aber kurz darauf winkelt er sein linkes Bein von selbst an. Nur einmal zwar, aber das ist doch ein Anfang :-)<\/p><p>Der erste Physiotermin hat schon jetzt vollen Erfolg gezeigt und ich bin gespannt, was er noch so alles in Gang setzen wird!<\/p><div class=\"credits-overlay\" data-target=\".wp-image-14993\"><a href=\"#\" target=\"_blank\">&copy; Anne<\/a><\/div><\/p>\n","protected":false},"excerpt":{"rendered":"<p>Mein kleiner Spatz (13 Monate) ist in seiner zweiten Eingew&ouml;hnungswoche in der Kita und robbt zwischen den anderen Kindern herum. Krabbeln tut er noch nicht, aber daf&uuml;r bewegt er sich seit zwei Monaten vorw&auml;rts durch den Raum. Da viele Kinder in seinem Alter bereits an M&ouml;beln entlang wandern, hat ihm die Kinder&auml;rztin bei der U6 [&#8230;]<\/p>\n<p><a class=\"btn btn-secondary understrap-read-more-link\" href=\"https:\/\/www.babyartikel.de\/magazin\/ist-physiotherapie-fuers-krabbeln-lernen-noetig\">Weiterlesen&#8230;<\/a><\/p>\n","protected":false},"author":19,"featured_media":14993,"comment_status":"open","ping_status":"open","sticky":false,"template":"","format":"standard","meta":{"_acf_changed":false,"footnotes":""},"categories":[79,3248,2802],"tags":[],"class_list":["post-14941","post","type-post","status-publish","format-standard","has-post-thumbnail","hentry","category-baby","category-babyentwicklungskalender","category-mamablogger-berichten"],"acf":[],"yoast_head":"<!-- This site is optimized with the Yoast SEO Premium plugin v27.2 (Yoast SEO v27.2) - https:\/\/yoast.com\/product\/yoast-seo-premium-wordpress\/ -->\n<title>Ist Physiotherapie f\u00fcrs Krabbeln lernen n\u00f6tig? | Babyartikel.de Magazin<\/title>\n<meta name=\"robots\" content=\"index, follow, max-snippet:-1, max-image-preview:large, max-video-preview:-1\" \/>\n<link rel=\"canonical\" href=\"https:\/\/www.babyartikel.de\/magazin\/ist-physiotherapie-fuers-krabbeln-lernen-noetig\" \/>\n<meta property=\"og:locale\" content=\"de_DE\" \/>\n<meta property=\"og:type\" content=\"article\" \/>\n<meta property=\"og:title\" content=\"Ist Physiotherapie f\u00fcrs Krabbeln lernen n\u00f6tig?\" \/>\n<meta property=\"og:description\" content=\"Mein kleiner Spatz (13 Monate) ist in seiner zweiten Eingew&ouml;hnungswoche in der Kita und robbt zwischen den anderen Kindern herum. Krabbeln tut er noch nicht, aber daf&uuml;r bewegt er sich seit zwei Monaten vorw&auml;rts durch den Raum. Da viele Kinder in seinem Alter bereits an M&ouml;beln entlang wandern, hat ihm die Kinder&auml;rztin bei der U6 [...]Weiterlesen...\" \/>\n<meta property=\"og:url\" content=\"https:\/\/www.babyartikel.de\/magazin\/ist-physiotherapie-fuers-krabbeln-lernen-noetig\" \/>\n<meta property=\"og:site_name\" content=\"Babyartikel.de Magazin\" \/>\n<meta property=\"article:published_time\" content=\"2015-09-23T06:00:22+00:00\" \/>\n<meta property=\"article:modified_time\" content=\"2017-06-01T09:53:01+00:00\" \/>\n<meta property=\"og:image\" content=\"https:\/\/www.babyartikel.de\/magazin\/wp-content\/uploads\/2015\/09\/b32_ist-physiotherapie-wirklich-n\u00f6tig.jpg\" \/>\n\t<meta property=\"og:image:width\" content=\"1050\" \/>\n\t<meta property=\"og:image:height\" content=\"605\" \/>\n\t<meta property=\"og:image:type\" content=\"image\/jpeg\" \/>\n<meta name=\"author\" content=\"Anne\" \/>\n<meta name=\"twitter:card\" content=\"summary_large_image\" \/>\n<meta name=\"twitter:label1\" content=\"Verfasst von\" \/>\n\t<meta name=\"twitter:data1\" content=\"Anne\" \/>\n\t<meta name=\"twitter:label2\" content=\"Gesch\u00e4tzte Lesezeit\" \/>\n\t<meta name=\"twitter:data2\" content=\"4\u00a0Minuten\" \/>\n<script type=\"application\/ld+json\" class=\"yoast-schema-graph\">{\"@context\":\"https:\/\/schema.org\",\"@graph\":[{\"@type\":\"Article\",\"@id\":\"https:\/\/www.babyartikel.de\/magazin\/ist-physiotherapie-fuers-krabbeln-lernen-noetig#article\",\"isPartOf\":{\"@id\":\"https:\/\/www.babyartikel.de\/magazin\/ist-physiotherapie-fuers-krabbeln-lernen-noetig\"},\"author\":{\"name\":\"Anne\",\"@id\":\"https:\/\/www.babyartikel.de\/magazin\/#\/schema\/person\/c14b99a236c7e8e0440181061ecff817\"},\"headline\":\"Ist Physiotherapie f\u00fcrs Krabbeln lernen n\u00f6tig?\",\"datePublished\":\"2015-09-23T06:00:22+00:00\",\"dateModified\":\"2017-06-01T09:53:01+00:00\",\"mainEntityOfPage\":{\"@id\":\"https:\/\/www.babyartikel.de\/magazin\/ist-physiotherapie-fuers-krabbeln-lernen-noetig\"},\"wordCount\":739,\"commentCount\":1,\"image\":{\"@id\":\"https:\/\/www.babyartikel.de\/magazin\/ist-physiotherapie-fuers-krabbeln-lernen-noetig#primaryimage\"},\"thumbnailUrl\":\"https:\/\/media.babyartikel.de\/magazin\/wp-content\/uploads\/2015\/09\/b32_ist-physiotherapie-wirklich-n\u00f6tig.jpg\",\"articleSection\":[\"Baby\",\"Baby-Entwicklungskalender\",\"Mamablogger berichten\"],\"inLanguage\":\"de\",\"potentialAction\":[{\"@type\":\"CommentAction\",\"name\":\"Comment\",\"target\":[\"https:\/\/www.babyartikel.de\/magazin\/ist-physiotherapie-fuers-krabbeln-lernen-noetig#respond\"]}]},{\"@type\":\"WebPage\",\"@id\":\"https:\/\/www.babyartikel.de\/magazin\/ist-physiotherapie-fuers-krabbeln-lernen-noetig\",\"url\":\"https:\/\/www.babyartikel.de\/magazin\/ist-physiotherapie-fuers-krabbeln-lernen-noetig\",\"name\":\"Ist Physiotherapie f\u00fcrs Krabbeln lernen n\u00f6tig? | Babyartikel.de Magazin\",\"isPartOf\":{\"@id\":\"https:\/\/www.babyartikel.de\/magazin\/#website\"},\"primaryImageOfPage\":{\"@id\":\"https:\/\/www.babyartikel.de\/magazin\/ist-physiotherapie-fuers-krabbeln-lernen-noetig#primaryimage\"},\"image\":{\"@id\":\"https:\/\/www.babyartikel.de\/magazin\/ist-physiotherapie-fuers-krabbeln-lernen-noetig#primaryimage\"},\"thumbnailUrl\":\"https:\/\/media.babyartikel.de\/magazin\/wp-content\/uploads\/2015\/09\/b32_ist-physiotherapie-wirklich-n\u00f6tig.jpg\",\"datePublished\":\"2015-09-23T06:00:22+00:00\",\"dateModified\":\"2017-06-01T09:53:01+00:00\",\"author\":{\"@id\":\"https:\/\/www.babyartikel.de\/magazin\/#\/schema\/person\/c14b99a236c7e8e0440181061ecff817\"},\"breadcrumb\":{\"@id\":\"https:\/\/www.babyartikel.de\/magazin\/ist-physiotherapie-fuers-krabbeln-lernen-noetig#breadcrumb\"},\"inLanguage\":\"de\",\"potentialAction\":[{\"@type\":\"ReadAction\",\"target\":[\"https:\/\/www.babyartikel.de\/magazin\/ist-physiotherapie-fuers-krabbeln-lernen-noetig\"]}]},{\"@type\":\"ImageObject\",\"inLanguage\":\"de\",\"@id\":\"https:\/\/www.babyartikel.de\/magazin\/ist-physiotherapie-fuers-krabbeln-lernen-noetig#primaryimage\",\"url\":\"https:\/\/media.babyartikel.de\/magazin\/wp-content\/uploads\/2015\/09\/b32_ist-physiotherapie-wirklich-n\u00f6tig.jpg\",\"contentUrl\":\"https:\/\/media.babyartikel.de\/magazin\/wp-content\/uploads\/2015\/09\/b32_ist-physiotherapie-wirklich-n\u00f6tig.jpg\",\"width\":1050,\"height\":605,\"caption\":\"Ist Physiotherapie f\u00fcrs Krabbeln lernen n\u00f6tig?\"},{\"@type\":\"BreadcrumbList\",\"@id\":\"https:\/\/www.babyartikel.de\/magazin\/ist-physiotherapie-fuers-krabbeln-lernen-noetig#breadcrumb\",\"itemListElement\":[{\"@type\":\"ListItem\",\"position\":1,\"name\":\"Startseite\",\"item\":\"https:\/\/www.babyartikel.de\/magazin\"},{\"@type\":\"ListItem\",\"position\":2,\"name\":\"Ist Physiotherapie f\u00fcrs Krabbeln lernen n\u00f6tig?\"}]},{\"@type\":\"WebSite\",\"@id\":\"https:\/\/www.babyartikel.de\/magazin\/#website\",\"url\":\"https:\/\/www.babyartikel.de\/magazin\/\",\"name\":\"Babyartikel.de Magazin\",\"description\":\"\",\"potentialAction\":[{\"@type\":\"SearchAction\",\"target\":{\"@type\":\"EntryPoint\",\"urlTemplate\":\"https:\/\/www.babyartikel.de\/magazin\/?s={search_term_string}\"},\"query-input\":{\"@type\":\"PropertyValueSpecification\",\"valueRequired\":true,\"valueName\":\"search_term_string\"}}],\"inLanguage\":\"de\"},{\"@type\":\"Person\",\"@id\":\"https:\/\/www.babyartikel.de\/magazin\/#\/schema\/person\/c14b99a236c7e8e0440181061ecff817\",\"name\":\"Anne\",\"image\":{\"@type\":\"ImageObject\",\"inLanguage\":\"de\",\"@id\":\"https:\/\/secure.gravatar.com\/avatar\/dc6bb895c7854c302aeeafbb6333e6f220ba26106b9f9a0202f83b0104b3729f?s=96&d=mm&r=g\",\"url\":\"https:\/\/secure.gravatar.com\/avatar\/dc6bb895c7854c302aeeafbb6333e6f220ba26106b9f9a0202f83b0104b3729f?s=96&d=mm&r=g\",\"contentUrl\":\"https:\/\/secure.gravatar.com\/avatar\/dc6bb895c7854c302aeeafbb6333e6f220ba26106b9f9a0202f83b0104b3729f?s=96&d=mm&r=g\",\"caption\":\"Anne\"},\"description\":\"Hallo! Ich bin Anne, 33 Jahre alt und Mama von zwei Jungs. Der Kleine wurde erst vor neun Wochen geboren und der Gro\u00dfe ist schon drei Jahre alt. Zusammen mit dem \u00e4ltesten \u201eJungen\u201c im Bunde (37) \u2013 auch Papa genannt \u2013 leben wir vier im bunten Berlin. Wenn ich meinen Lebensweg in einem Satz zusammenfassen m\u00fcsste, w\u00fcrde der momentan so lauten: Ich bin in Baden-W\u00fcrttemberg geboren, aufgewachsen und ausgebildet worden, habe in Bayern gearbeitet und in Berlin meine Kinder zur Welt gebracht und geheiratet. Schon seit einer Weile habe ich mit dem Gedanken gespielt \u00fcber meinen Alltag als Mama zu bloggen und freue mich, dass jetzt der Zeitpunkt gekommen ist, um damit anzufangen. Ich hoffe, dass ich dem ein oder anderen mit meinen Tipps, Erfahrungen und Gedanken zum ganz normalen Familienwahnsinn weiterhelfen oder euch einfach nur unterhalten kann.\",\"url\":\"https:\/\/www.babyartikel.de\/magazin\/author\/anne\"}]}<\/script>\n<!-- \/ Yoast SEO Premium plugin. -->","yoast_head_json":{"title":"Ist Physiotherapie f\u00fcrs Krabbeln lernen n\u00f6tig? | Babyartikel.de Magazin","robots":{"index":"index","follow":"follow","max-snippet":"max-snippet:-1","max-image-preview":"max-image-preview:large","max-video-preview":"max-video-preview:-1"},"canonical":"https:\/\/www.babyartikel.de\/magazin\/ist-physiotherapie-fuers-krabbeln-lernen-noetig","og_locale":"de_DE","og_type":"article","og_title":"Ist Physiotherapie f\u00fcrs Krabbeln lernen n\u00f6tig?","og_description":"Mein kleiner Spatz (13 Monate) ist in seiner zweiten Eingew&ouml;hnungswoche in der Kita und robbt zwischen den anderen Kindern herum. Krabbeln tut er noch nicht, aber daf&uuml;r bewegt er sich seit zwei Monaten vorw&auml;rts durch den Raum. Da viele Kinder in seinem Alter bereits an M&ouml;beln entlang wandern, hat ihm die Kinder&auml;rztin bei der U6 [...]Weiterlesen...","og_url":"https:\/\/www.babyartikel.de\/magazin\/ist-physiotherapie-fuers-krabbeln-lernen-noetig","og_site_name":"Babyartikel.de Magazin","article_published_time":"2015-09-23T06:00:22+00:00","article_modified_time":"2017-06-01T09:53:01+00:00","og_image":[{"width":1050,"height":605,"url":"https:\/\/www.babyartikel.de\/magazin\/wp-content\/uploads\/2015\/09\/b32_ist-physiotherapie-wirklich-n\u00f6tig.jpg","type":"image\/jpeg"}],"author":"Anne","twitter_card":"summary_large_image","twitter_misc":{"Verfasst von":"Anne","Gesch\u00e4tzte Lesezeit":"4\u00a0Minuten"},"schema":{"@context":"https:\/\/schema.org","@graph":[{"@type":"Article","@id":"https:\/\/www.babyartikel.de\/magazin\/ist-physiotherapie-fuers-krabbeln-lernen-noetig#article","isPartOf":{"@id":"https:\/\/www.babyartikel.de\/magazin\/ist-physiotherapie-fuers-krabbeln-lernen-noetig"},"author":{"name":"Anne","@id":"https:\/\/www.babyartikel.de\/magazin\/#\/schema\/person\/c14b99a236c7e8e0440181061ecff817"},"headline":"Ist Physiotherapie f\u00fcrs Krabbeln lernen n\u00f6tig?","datePublished":"2015-09-23T06:00:22+00:00","dateModified":"2017-06-01T09:53:01+00:00","mainEntityOfPage":{"@id":"https:\/\/www.babyartikel.de\/magazin\/ist-physiotherapie-fuers-krabbeln-lernen-noetig"},"wordCount":739,"commentCount":1,"image":{"@id":"https:\/\/www.babyartikel.de\/magazin\/ist-physiotherapie-fuers-krabbeln-lernen-noetig#primaryimage"},"thumbnailUrl":"https:\/\/media.babyartikel.de\/magazin\/wp-content\/uploads\/2015\/09\/b32_ist-physiotherapie-wirklich-n\u00f6tig.jpg","articleSection":["Baby","Baby-Entwicklungskalender","Mamablogger berichten"],"inLanguage":"de","potentialAction":[{"@type":"CommentAction","name":"Comment","target":["https:\/\/www.babyartikel.de\/magazin\/ist-physiotherapie-fuers-krabbeln-lernen-noetig#respond"]}]},{"@type":"WebPage","@id":"https:\/\/www.babyartikel.de\/magazin\/ist-physiotherapie-fuers-krabbeln-lernen-noetig","url":"https:\/\/www.babyartikel.de\/magazin\/ist-physiotherapie-fuers-krabbeln-lernen-noetig","name":"Ist Physiotherapie f\u00fcrs Krabbeln lernen n\u00f6tig? | Babyartikel.de Magazin","isPartOf":{"@id":"https:\/\/www.babyartikel.de\/magazin\/#website"},"primaryImageOfPage":{"@id":"https:\/\/www.babyartikel.de\/magazin\/ist-physiotherapie-fuers-krabbeln-lernen-noetig#primaryimage"},"image":{"@id":"https:\/\/www.babyartikel.de\/magazin\/ist-physiotherapie-fuers-krabbeln-lernen-noetig#primaryimage"},"thumbnailUrl":"https:\/\/media.babyartikel.de\/magazin\/wp-content\/uploads\/2015\/09\/b32_ist-physiotherapie-wirklich-n\u00f6tig.jpg","datePublished":"2015-09-23T06:00:22+00:00","dateModified":"2017-06-01T09:53:01+00:00","author":{"@id":"https:\/\/www.babyartikel.de\/magazin\/#\/schema\/person\/c14b99a236c7e8e0440181061ecff817"},"breadcrumb":{"@id":"https:\/\/www.babyartikel.de\/magazin\/ist-physiotherapie-fuers-krabbeln-lernen-noetig#breadcrumb"},"inLanguage":"de","potentialAction":[{"@type":"ReadAction","target":["https:\/\/www.babyartikel.de\/magazin\/ist-physiotherapie-fuers-krabbeln-lernen-noetig"]}]},{"@type":"ImageObject","inLanguage":"de","@id":"https:\/\/www.babyartikel.de\/magazin\/ist-physiotherapie-fuers-krabbeln-lernen-noetig#primaryimage","url":"https:\/\/media.babyartikel.de\/magazin\/wp-content\/uploads\/2015\/09\/b32_ist-physiotherapie-wirklich-n\u00f6tig.jpg","contentUrl":"https:\/\/media.babyartikel.de\/magazin\/wp-content\/uploads\/2015\/09\/b32_ist-physiotherapie-wirklich-n\u00f6tig.jpg","width":1050,"height":605,"caption":"Ist Physiotherapie f\u00fcrs Krabbeln lernen n\u00f6tig?"},{"@type":"BreadcrumbList","@id":"https:\/\/www.babyartikel.de\/magazin\/ist-physiotherapie-fuers-krabbeln-lernen-noetig#breadcrumb","itemListElement":[{"@type":"ListItem","position":1,"name":"Startseite","item":"https:\/\/www.babyartikel.de\/magazin"},{"@type":"ListItem","position":2,"name":"Ist Physiotherapie f\u00fcrs Krabbeln lernen n\u00f6tig?"}]},{"@type":"WebSite","@id":"https:\/\/www.babyartikel.de\/magazin\/#website","url":"https:\/\/www.babyartikel.de\/magazin\/","name":"Babyartikel.de Magazin","description":"","potentialAction":[{"@type":"SearchAction","target":{"@type":"EntryPoint","urlTemplate":"https:\/\/www.babyartikel.de\/magazin\/?s={search_term_string}"},"query-input":{"@type":"PropertyValueSpecification","valueRequired":true,"valueName":"search_term_string"}}],"inLanguage":"de"},{"@type":"Person","@id":"https:\/\/www.babyartikel.de\/magazin\/#\/schema\/person\/c14b99a236c7e8e0440181061ecff817","name":"Anne","image":{"@type":"ImageObject","inLanguage":"de","@id":"https:\/\/secure.gravatar.com\/avatar\/dc6bb895c7854c302aeeafbb6333e6f220ba26106b9f9a0202f83b0104b3729f?s=96&d=mm&r=g","url":"https:\/\/secure.gravatar.com\/avatar\/dc6bb895c7854c302aeeafbb6333e6f220ba26106b9f9a0202f83b0104b3729f?s=96&d=mm&r=g","contentUrl":"https:\/\/secure.gravatar.com\/avatar\/dc6bb895c7854c302aeeafbb6333e6f220ba26106b9f9a0202f83b0104b3729f?s=96&d=mm&r=g","caption":"Anne"},"description":"Hallo! Ich bin Anne, 33 Jahre alt und Mama von zwei Jungs. Der Kleine wurde erst vor neun Wochen geboren und der Gro\u00dfe ist schon drei Jahre alt. Zusammen mit dem \u00e4ltesten \u201eJungen\u201c im Bunde (37) \u2013 auch Papa genannt \u2013 leben wir vier im bunten Berlin. Wenn ich meinen Lebensweg in einem Satz zusammenfassen m\u00fcsste, w\u00fcrde der momentan so lauten: Ich bin in Baden-W\u00fcrttemberg geboren, aufgewachsen und ausgebildet worden, habe in Bayern gearbeitet und in Berlin meine Kinder zur Welt gebracht und geheiratet. Schon seit einer Weile habe ich mit dem Gedanken gespielt \u00fcber meinen Alltag als Mama zu bloggen und freue mich, dass jetzt der Zeitpunkt gekommen ist, um damit anzufangen. Ich hoffe, dass ich dem ein oder anderen mit meinen Tipps, Erfahrungen und Gedanken zum ganz normalen Familienwahnsinn weiterhelfen oder euch einfach nur unterhalten kann.","url":"https:\/\/www.babyartikel.de\/magazin\/author\/anne"}]}},"abstract_sku":"","_links":{"self":[{"href":"https:\/\/www.babyartikel.de\/magazin\/wp-json\/wp\/v2\/posts\/14941","targetHints":{"allow":["GET"]}}],"collection":[{"href":"https:\/\/www.babyartikel.de\/magazin\/wp-json\/wp\/v2\/posts"}],"about":[{"href":"https:\/\/www.babyartikel.de\/magazin\/wp-json\/wp\/v2\/types\/post"}],"author":[{"embeddable":true,"href":"https:\/\/www.babyartikel.de\/magazin\/wp-json\/wp\/v2\/users\/19"}],"replies":[{"embeddable":true,"href":"https:\/\/www.babyartikel.de\/magazin\/wp-json\/wp\/v2\/comments?post=14941"}],"version-history":[{"count":13,"href":"https:\/\/www.babyartikel.de\/magazin\/wp-json\/wp\/v2\/posts\/14941\/revisions"}],"predecessor-version":[{"id":54123,"href":"https:\/\/www.babyartikel.de\/magazin\/wp-json\/wp\/v2\/posts\/14941\/revisions\/54123"}],"wp:featuredmedia":[{"embeddable":true,"href":"https:\/\/www.babyartikel.de\/magazin\/wp-json\/wp\/v2\/media\/14993"}],"wp:attachment":[{"href":"https:\/\/www.babyartikel.de\/magazin\/wp-json\/wp\/v2\/media?parent=14941"}],"wp:term":[{"taxonomy":"category","embeddable":true,"href":"https:\/\/www.babyartikel.de\/magazin\/wp-json\/wp\/v2\/categories?post=14941"},{"taxonomy":"post_tag","embeddable":true,"href":"https:\/\/www.babyartikel.de\/magazin\/wp-json\/wp\/v2\/tags?post=14941"}],"curies":[{"name":"wp","href":"https:\/\/api.w.org\/{rel}","templated":true}]}}