
{"id":15145,"date":"2015-09-30T08:17:56","date_gmt":"2015-09-30T06:17:56","guid":{"rendered":"\/magazin\/?p=15145"},"modified":"2017-02-27T14:53:26","modified_gmt":"2017-02-27T13:53:26","slug":"wie-lange-dauert-die-kitaeingewoehnung","status":"publish","type":"post","link":"https:\/\/www.babyartikel.de\/magazin\/wie-lange-dauert-die-kitaeingewoehnung","title":{"rendered":"Wie lange dauert die Kitaeingew\u00f6hnung?"},"content":{"rendered":"<p>Mein Kleiner ist nun schon die f&uuml;nfte Woche im Kindergarten und ich bin sehr froh, dass die Eingew&ouml;hnung bisher so gut gelaufen ist. Mit den Trennungen kommt er gut klar und daher ging es die letzten Wochen sehr schnell voran. Wenn ich zur&uuml;ck blicke, vergingen die vier Wochen wie im Flug. Mir ging es teilweise etwas zu schnell, muss ich zugeben, aber dazu sp&auml;ter mehr.<div id=\"ez-toc-container\" class=\"ez-toc-v2_0_82_2 counter-flat ez-toc-counter ez-toc-white ez-toc-container-direction\">\n<div class=\"ez-toc-title-container\">\n<p class=\"ez-toc-title\" style=\"cursor:inherit\">Inhaltsverzeichnis<\/p>\n<span class=\"ez-toc-title-toggle\"><a href=\"#\" class=\"ez-toc-pull-right ez-toc-btn ez-toc-btn-xs ez-toc-btn-default ez-toc-toggle\" aria-label=\"Toggle Table of Content\"><span class=\"ez-toc-js-icon-con\"><span class=\"\"><span class=\"eztoc-hide\" style=\"display:none;\">Toggle<\/span><span class=\"ez-toc-icon-toggle-span\"><svg style=\"fill: #999;color:#999\" xmlns=\"http:\/\/www.w3.org\/2000\/svg\" class=\"list-377408\" width=\"20px\" height=\"20px\" viewBox=\"0 0 24 24\" fill=\"none\"><path d=\"M6 6H4v2h2V6zm14 0H8v2h12V6zM4 11h2v2H4v-2zm16 0H8v2h12v-2zM4 16h2v2H4v-2zm16 0H8v2h12v-2z\" fill=\"currentColor\"><\/path><\/svg><svg style=\"fill: #999;color:#999\" class=\"arrow-unsorted-368013\" xmlns=\"http:\/\/www.w3.org\/2000\/svg\" width=\"10px\" height=\"10px\" viewBox=\"0 0 24 24\" version=\"1.2\" baseProfile=\"tiny\"><path d=\"M18.2 9.3l-6.2-6.3-6.2 6.3c-.2.2-.3.4-.3.7s.1.5.3.7c.2.2.4.3.7.3h11c.3 0 .5-.1.7-.3.2-.2.3-.5.3-.7s-.1-.5-.3-.7zM5.8 14.7l6.2 6.3 6.2-6.3c.2-.2.3-.5.3-.7s-.1-.5-.3-.7c-.2-.2-.4-.3-.7-.3h-11c-.3 0-.5.1-.7.3-.2.2-.3.5-.3.7s.1.5.3.7z\"\/><\/svg><\/span><\/span><\/span><\/a><\/span><\/div>\n<nav><ul class='ez-toc-list ez-toc-list-level-1 ' ><li class='ez-toc-page-1'><a class=\"ez-toc-link ez-toc-heading-1\" href=\"https:\/\/www.babyartikel.de\/magazin\/wie-lange-dauert-die-kitaeingewoehnung\/#Wie_war_die_2_Eingewoehnungswoche\" >Wie war die 2. Eingew&ouml;hnungswoche?<\/a><\/li><li class='ez-toc-page-1'><a class=\"ez-toc-link ez-toc-heading-2\" href=\"https:\/\/www.babyartikel.de\/magazin\/wie-lange-dauert-die-kitaeingewoehnung\/#Wie_war_die_3_Eingewoehnungswoche\" >Wie war die 3. Eingew&ouml;hnungswoche?<\/a><\/li><li class='ez-toc-page-1'><a class=\"ez-toc-link ez-toc-heading-3\" href=\"https:\/\/www.babyartikel.de\/magazin\/wie-lange-dauert-die-kitaeingewoehnung\/#Ist_die_Eingewoehnung_jetzt_schon_abgeschlossen\" >Ist die Eingew&ouml;hnung jetzt schon abgeschlossen?<\/a><\/li><\/ul><\/nav><\/div>\n<h2><span class=\"ez-toc-section\" id=\"Wie_war_die_2_Eingewoehnungswoche\"><\/span>Wie war die 2. Eingew&ouml;hnungswoche?<span class=\"ez-toc-section-end\"><\/span><\/h2><p>Nachdem <a title=\"Wie war die erste Kitawoche? Interview mit Papa (Teil 1)\" href=\"https:\/\/www.babyartikel.de\/magazin\/wie-war-die-erste-kitawoche-interview-mit-papa-teil-1\" target=\"_blank\">Papa die erste Eingew&ouml;hnungswoche<\/a> &uuml;bernommen hatte, habe ich ab der zweiten Woche unseren kleinen Spatz in die Kita begleitet. Er war gut drauf, sowohl morgens auf dem Weg zum Kindergarten als auch beim Abholen. Nun sa&szlig; ich also mit ihm im Gruppenraum und beobachtete ihn beim Spielen und Herumrobben. Hin und wieder kam er zu mir r&uuml;ber gekuschelt um sich einen Kuss abzuholen, dann waren die Spielzeuge und anderen Kinder wieder interessanter.<\/p><h3>Ist keine Verabschiedung auch eine Verabschiedung?<\/h3><p>Komisch waren f&uuml;r mich die Verabschiedungen. Denn obwohl unser Kleiner schon sehr viel versteht, reagierte er nicht auf mein Verabschieden. Ich nahm ihn immer kurz hoch, gab ihm einen Kuss und sagte tsch&uuml;ss. Nachdem ich ihn wieder auf dem Boden abgesetzt hatte, war er schon am weiter spielen. Ich bog mich in sein Blickfeld und winkte, was das Zeug hielt. Keine Reaktion! Nicht mal ein m&uuml;der Blick! Nat&uuml;rlich war ich froh, dass er nicht weinen musste, doch so gar keine Reaktion zu bekommen war auch komisch.<\/p><div class=\"marketing-slot\"><div id=\"block-18\" class=\"content-post-widget marketing-slot-1 widget_block\"><a href=\"#\" class=\"newsletter_popup\" style=\"\n  display: inline-block;\n  box-shadow: 0 4px 10px rgba(0,0,0,0.1);\n  margin: 20px auto;\n  max-width: 800px;\n  width: 100%;\">\n  <img src=\"https:\/\/media.babyartikel.de\/magazin\/wp-content\/uploads\/2025\/08\/NL-Banner-Magazin-8-25.webp\" alt=\"Newsletter Banner\" style=\"\n    width: 100%;\n    height: auto;\n    display: block;\" onclick=\"ga('send', 'event', 'banner', 'click', 'magazin-banner-newsletter-8-25');\">\n<\/a>\n\n\t<!-- Modal -->\n\t<div class=\"modal fade modal_popup\" id=\"newsletter_popup\" tabindex=\"-1\" aria-labelledby=\"exampleModalLabel\" aria-hidden=\"true\">\n\t\t<div class=\"modal-dialog modal-dialog-centered modal-dialog-scrollable\">\n\t\t\t<div class=\"modal-content\">\n\t\t\t\t<div class=\"modal-header small-header\">\n\t\t\t\t\t<h5 class=\"modal-title\" id=\"newsletterModalLabel\">\n\t\t\t\t\t\tNewsletter\t\t\t\t\t<\/h5>\n\t\t\t\t\t<button type=\"button\" class=\"btn-close small-close\" data-bs-dismiss=\"modal\" aria-label=\"Close\"><\/button>\n\t\t\t\t<\/div>\n\n\t\t\t\t<div class=\"modal-body\">\n\t\t\t\t\t\t<div class=\"newsletterForm-embed popup-form\">\n        <form name=\"newsletterSubscriptionForm\" id=\"newsletter_popup_69f35315c7eda_form\" data-newsletter-id=\"newsletter_popup_69f35315c7eda\" method=\"POST\">\n\n\t\t\t<input type=\"text\" name=\"website\" class=\"hidden\" tabindex=\"-1\" autocomplete=\"off\" style=\"position:absolute;left:-9999px;\">\n\t\t\t<input type=\"hidden\" name=\"ts\" value=\"1777554197\">\n\n\t\t\t                <input type=\"hidden\" name=\"emarsys-event-id\" value=\"3756\">\n            \n            \t\t\t<div class=\"mb-3\">\n\t\t\t\t<label for=\"date\" class=\"form-label\">Geburtstag\/ -termin Deines Babys<\/label>\n                <input type=\"date\" name=\"date\" class=\"input input--expand form-control\" required>\n\t\t\t<\/div>\n            \n\t\t\t<div class=\"mb-3\">\n\t\t\t\t<label for=\"email\" class=\"form-label\">E-Mail-Adresse<\/label>\n\t\t\t\t<input type=\"email\" name=\"email\" placeholder=\"E-Mail-Adresse\" class=\"input input--expand form-control\" required>\n\t\t\t<\/div>\n\n\t\t\t\t\t\t\t<button type=\"submit\" class=\"btn btn-primary\">Absenden<\/button>\n\t\t\t\n\t\t\t\t\t\t\t<div class=\"small mt-3\" style=\"font-weight:normal;\">\n\t\t\t\t\t\n\t\t\t<div class=\"mt-3\">\n\t\t\t\tJa, ich m&ouml;chte den Newsletter von Babyartikel.de erhalten und &uuml;ber Aktionen informiert werden.\n  Dabei darf mein Nutzungsverhalten (z. B. &Ouml;ffnungen und Klicks) zur Personalisierung ausgewertet werden.\n  Mehr finde ich in der <a href=\"\/de\/datenschutz\" style=\"text-decoration:underline\">Datenschutzerkl&auml;rung<\/a>.\n\t\t\t<\/div>\n\t\t\t\t\t\t<\/div>\n\t\t\t\n\t\t\t\t\t\t\t<div class=\"small mb-3 mt-3\" style=\"font-weight:normal;\">\n\t\t\t\t\tJederzeit abbestellbar | <a href=\"\/de\/datenschutz\" style=\"text-decoration:underline\">\n\t\t\t\t\t\tDatenschutzerkl&auml;rung\n\t\t\t\t\t<\/a>\n\t\t\t\t<\/div>\n\t\t\t\n        <\/form>\n    <\/div>\n\t\n\t\t\t\t\t<div class=\"response-messages_newsletter_popup_69f35315c7eda\">\n\t\t\t\t\t\t<div class=\"alert alert-success success mt-3 mb-3 d-none\">\n\t\t\t\t\t\t\tNur noch ein Klick! Best&auml;tige Deine Anmeldung in der E-Mail, die du gleich erh&auml;ltst.\t\t\t\t\t\t<\/div>\n\t\t\t\t\t\t<div class=\"error mt-3 mb-3 d-none\">\n\t\t\t\t\t\t\t<div class=\"alert alert-danger \">\n\t\t\t\t\t\t\t\tEin Fehler ist aufgetreten. Bitte versuche es sp&auml;ter erneut.\t\t\t\t\t\t\t<\/div>\n\t\t\t\t\t\t<\/div>\n\t\t\t\t\t\t<div class=\"alert alert-danger other-2007 mt-3 mb-3 d-none\">\n\t\t\t\t\t\t\tUng&Atilde;&frac14;ltiges Datumsformat\t\t\t\t\t\t<\/div>\n\t\t\t\t\t<\/div>\n\t\t\t\t<\/div>\n\t\t\t<\/div>\n\t\t<\/div>\n\t<\/div>\n\n\t<\/div><!-- content-widget --><\/div><p>Wenn ich meinen Spatz dann abholte, war es im ersten Moment wie beim Verabschieden. Die Begr&uuml;&szlig;ungsst&uuml;rme hielten sich sehr in Grenzen ;-) Er machte eher den Eindruck, als w&auml;re ich nur kurz aus dem Zimmer gegangen. Aber nach ein paar Minuten im Umkleideraum wurde er kuschelig und schmiegte sich an mich ran.<\/p><h3>Abl&ouml;sung in gro&szlig;en Schritten<\/h3><p>Einmal war mir die vorgeschlagene Trennung zu lange und wir einigten uns auf eine k&uuml;rzere. Da war ich froh, dass ein Arzttermin anstand, den ich als Grund vorschieben konnte. Andere Argumente gab es schlie&szlig;lich nicht. Ich merkte, dass <span style=\"text-decoration: underline\">ich<\/span> diejenige war, die nicht richtig loslassen konnte, da ich mich auf eine l&auml;ngere Eingew&ouml;hnungszeit eingestellt hatte. Daher setzte ich mich zum ersten Mal mit dem Gedanken auseinander, dass die Eingew&ouml;hnung schneller ablaufen k&ouml;nnte.<\/p><div class=\"postslot1\">[articles]<link rel=\"stylesheet\" href=\"https:\/\/cdn.jsdelivr.net\/npm\/swiper@8\/swiper-bundle.min.css\"><\/div><div class=\"marketing-slot\"><div id=\"block-25\" class=\"content-post-widget marketing-slot-2 widget_block\"><a href=\"https:\/\/www.babyartikel.de\/de\/angebote\" data-track-link-click=\"true\" data-track-name=\"nyoutlet2026-magazin\" data-track-medium=\"banner-magazin-post\" data-track-campaign=\"magazin-banner-nyoutlet2026\" onclick=\"ga('send', 'event', 'banner', 'click', 'magazin-banner-nyoutlet2026');\" style=\"display:block;width:100%;text-align:center;\"><img src=\"https:\/\/media.babyartikel.de\/magazin\/wp-content\/uploads\/2026\/01\/NY-Outlet-10-2026.webp\" alt=\"Sale\" style=\"max-width:100%;\"><\/a><\/div><!-- content-widget --><\/div><p>So verging die zweite Woche und das Einzige, was sich &auml;nderte, waren die Zeiten mit mir und ohne mich. Gegen Ende der Woche blieb mein Kleiner dann sogar schon zum Mittagessen da (bis 11:30 Uhr)&nbsp; &hellip; und es schmeckte :-)<\/p><h2><span class=\"ez-toc-section\" id=\"Wie_war_die_3_Eingewoehnungswoche\"><\/span>Wie war die 3. Eingew&ouml;hnungswoche?<span class=\"ez-toc-section-end\"><\/span><\/h2><p>Die dritte Eingew&ouml;hnungswoche begann so, wie die zweite aufgeh&ouml;rt hatte. Unser Kleiner blieb zweieinhalb Stunden ohne mich in der Kita und a&szlig; dort zu Mittag. Vor dem Mittagessen sah er immer seinen gro&szlig;en Bruder im Hof beim Sandkastenbuddeln.<\/p><h3>Jetzt schon der Mittagsschlaf?<\/h3><p>Da mein Kleiner auch in der dritten Woche mit der Verabschiedung und der Trennung kein Problem hatte, schlug die Erzieherin vor, es dienstags mit dem Mittagsschlaf zu probieren. Dieser Vorschlag war nicht neu f&uuml;r mich, denn sie hatte ihn schon freitags ge&auml;u&szlig;ert. Also hatte ich quasi das ganze Wochenende Zeit, mich an den Gedanken zu gew&ouml;hnen &ndash; oder eben auch nicht.<\/p><h3>Mamas Eingew&ouml;hnung<\/h3><p>W&auml;hrend ich gerade diesen Text f&uuml;r Euch schreibe, merke ich, wie schwer es mir f&auml;llt, meine Gef&uuml;hle in Worte zu fassen. Denn auch jetzt versuche ich, sie irgendwie logisch zu verstehen. Aber das gelingt mir nicht. Daher ein paar Gedanken, zwischen denen ich hin und her gerissen war:<\/p><p><em>&bdquo;Sei doch froh, dass Dein Sohn so gut damit umgehen kann! Warum nicht die Sonnenscheinphase nutzen?&ldquo;<\/em><\/p><p><em>&bdquo;Er ist doch erst 14 Monate alt! Was ist, wenn es ihm dann doch zu schnell geht?&ldquo;<\/em><\/p><p><em>&bdquo;Willst Du etwa auf die n&auml;chste Fremdelphase warten?&ldquo;<\/em><\/p><p><em>&bdquo;Aber kann er wirklich schon in einer fremden Umgebung einschlafen? Ohne Papa oder mich?&ldquo;<\/em><\/p><p><em>&bdquo;Das h&auml;ttest Du dir ja wirklich mal fr&uuml;her &uuml;berlegen k&ouml;nnen. Schlie&szlig;lich wusstest Du doch, dass der Mittagsschlaf irgendwann ansteht.&ldquo;<\/em><\/p><p><em>&bdquo;*grummel* Ja, irgendwann n&auml;chste Woche oder ENDE dieser Woche meinetwegen. Wie auch immer, jedenfalls will ich nicht, dass er sich in den Schlaf weinen muss!&ldquo;<\/em><\/p><p><em>&bdquo;Aber die Erzieherinnen haben doch Deine Handynummer und du bleibst in der N&auml;he. Sie rufen Dich an, wenn sie ihn nicht beruhigen k&ouml;nnen.&ldquo;<\/em><\/p><p><em>&bdquo;Ja, den Eindruck habe ich auch &hellip; trotzdem!!!&ldquo;<\/em><\/p><p>Um nicht alles mit mir alleine auszumachen, tagte der Familienrat. Papa war daf&uuml;r es ruhig schon mit dem Mittagsschlaf zu probieren, wenn unser Kleiner montags noch genauso locker ist wie bisher.<\/p><p>In der Kita traf ich dann eine Mutter, deren Kind ebenfalls gerade die Eingew&ouml;hnung macht. W&auml;hrend sie mit im Gruppenraum sa&szlig;, nahm sie meinen Kleinen immer ganz entspannt wahr. Es tat gut, diese Beobachtung nicht nur von den Erzieherinnen, sondern auch von einer anderen Mutter zu h&ouml;ren.<\/p><p>Langsam &ndash; sehr langsam &ndash; gew&ouml;hnte ich mich an den Gedanken. Montags beim Abholen vergewisserte ich mich noch mal, dass bei meinem kleinen Spatz alles wie immer war. Dann einigten wir uns auf 13:30&nbsp;Uhr, da die Kinder in der Eingew&ouml;hnungsphase meist nur ein bis eineinhalb Stunden schlafen.<\/p><h3>Wie war der erste Mittagsschlaf in der Kita?<\/h3><p>Nat&uuml;rlich war ich dienstags sehr gespannt, wie meinen Kleiner mit der neuen Schlafsituation zurecht gekommen war. Die Erzieherin erz&auml;hlte, dass er auf ihrem Arm eingeschlafen war. Ganz wie&nbsp; zuhause! Mein Spatz freute sich mich zu sehen und wir kuschelten ausgiebig.<\/p><p>Die n&auml;chsten Tage verliefen &auml;hnlich und ich ging ab 12:00&nbsp;Uhr in die N&auml;he, um gleich bei meinem Spatz sein zu k&ouml;nnen, falls mich eine der Erzieherinnen anrufen w&uuml;rde. Doch da ich keinen Anruf bekam, konnte ich nach einer Mittagspause(!) im Caf&eacute; arbeiten.<\/p><h2><span class=\"ez-toc-section\" id=\"Ist_die_Eingewoehnung_jetzt_schon_abgeschlossen\"><\/span>Ist die Eingew&ouml;hnung jetzt schon abgeschlossen?<span class=\"ez-toc-section-end\"><\/span><\/h2><p>Jein! Denn es dauert noch eine Weile, bis alle Kinder eingew&ouml;hnt sind. Daher ist es tags&uuml;ber und mittags immer wieder unruhig und da m&uuml;ssen dann nat&uuml;rlich alle Kinder durch. Denn bei Kindern, die sich mit der Trennung schwerer tun oder krank werden, kann man locker zwei bis drei Wochen dazu rechnen.<\/p><p>Ich glaube, die Eingew&ouml;hnung geht so lange, bis alle Kinder eingew&ouml;hnt sind. Nur f&uuml;r uns Eltern ist die Eingew&ouml;hnung fr&uuml;her vorbei. Mittlerweile kann ich meinen Kleinen ruhigen Gewissens im Kindergarten lassen, ohne in der N&auml;he bleiben zu m&uuml;ssen, um gleich bei ihm sein zu k&ouml;nnen. Ich kann mich ab etwa 9:15&nbsp;Uhr auf den Nachhauseweg machen und unterwegs einkaufen. Zugegeben, ich bin froh nun vormittags arbeiten zu k&ouml;nnen. Dadurch bleibt abends Zeit zum Ausapannen, f&uuml;r liegen gebliebenen Haushalt oder f&uuml;r die Arbeit an der Weihnachtsgeschichte.<\/p><div class=\"credits-overlay\" data-target=\".wp-image-15640\"><a href=\"#\" target=\"_blank\">&copy; Anne<\/a><\/div><\/p>\n","protected":false},"excerpt":{"rendered":"<p>Mein Kleiner ist nun schon die f&uuml;nfte Woche im Kindergarten und ich bin sehr froh, dass die Eingew&ouml;hnung bisher so gut gelaufen ist. Mit den Trennungen kommt er gut klar und daher ging es die letzten Wochen sehr schnell voran. Wenn ich zur&uuml;ck blicke, vergingen die vier Wochen wie im Flug. Mir ging es teilweise [&#8230;]<\/p>\n<p><a class=\"btn btn-secondary understrap-read-more-link\" href=\"https:\/\/www.babyartikel.de\/magazin\/wie-lange-dauert-die-kitaeingewoehnung\">Weiterlesen&#8230;<\/a><\/p>\n","protected":false},"author":19,"featured_media":15640,"comment_status":"open","ping_status":"open","sticky":false,"template":"","format":"standard","meta":{"_acf_changed":false,"footnotes":""},"categories":[2827,1430,2802],"tags":[232],"class_list":["post-15145","post","type-post","status-publish","format-standard","has-post-thumbnail","hentry","category-kindergarten-kita","category-kleinkind","category-mamablogger-berichten","tag-kindergarten"],"acf":[],"yoast_head":"<!-- This site is optimized with the Yoast SEO Premium plugin v27.2 (Yoast SEO v27.2) - https:\/\/yoast.com\/product\/yoast-seo-premium-wordpress\/ -->\n<title>Wie lange dauert die Kitaeingew\u00f6hnung? | Babyartikel.de Magazin<\/title>\n<meta name=\"robots\" content=\"index, follow, max-snippet:-1, max-image-preview:large, max-video-preview:-1\" \/>\n<link rel=\"canonical\" href=\"https:\/\/www.babyartikel.de\/magazin\/wie-lange-dauert-die-kitaeingewoehnung\" \/>\n<meta property=\"og:locale\" content=\"de_DE\" \/>\n<meta property=\"og:type\" content=\"article\" \/>\n<meta property=\"og:title\" content=\"Wie lange dauert die Kitaeingew\u00f6hnung?\" \/>\n<meta property=\"og:description\" content=\"Mein Kleiner ist nun schon die f&uuml;nfte Woche im Kindergarten und ich bin sehr froh, dass die Eingew&ouml;hnung bisher so gut gelaufen ist. Mit den Trennungen kommt er gut klar und daher ging es die letzten Wochen sehr schnell voran. Wenn ich zur&uuml;ck blicke, vergingen die vier Wochen wie im Flug. Mir ging es teilweise [...]Weiterlesen...\" \/>\n<meta property=\"og:url\" content=\"https:\/\/www.babyartikel.de\/magazin\/wie-lange-dauert-die-kitaeingewoehnung\" \/>\n<meta property=\"og:site_name\" content=\"Babyartikel.de Magazin\" \/>\n<meta property=\"article:published_time\" content=\"2015-09-30T06:17:56+00:00\" \/>\n<meta property=\"article:modified_time\" content=\"2017-02-27T13:53:26+00:00\" \/>\n<meta property=\"og:image\" content=\"https:\/\/www.babyartikel.de\/magazin\/wp-content\/uploads\/2015\/09\/b33_wie-lange-kitaeingewoehnung05.jpg\" \/>\n\t<meta property=\"og:image:width\" content=\"1050\" \/>\n\t<meta property=\"og:image:height\" content=\"605\" \/>\n\t<meta property=\"og:image:type\" content=\"image\/jpeg\" \/>\n<meta name=\"author\" content=\"Anne\" \/>\n<meta name=\"twitter:card\" content=\"summary_large_image\" \/>\n<meta name=\"twitter:label1\" content=\"Verfasst von\" \/>\n\t<meta name=\"twitter:data1\" content=\"Anne\" \/>\n\t<meta name=\"twitter:label2\" content=\"Gesch\u00e4tzte Lesezeit\" \/>\n\t<meta name=\"twitter:data2\" content=\"6\u00a0Minuten\" \/>\n<script type=\"application\/ld+json\" class=\"yoast-schema-graph\">{\"@context\":\"https:\/\/schema.org\",\"@graph\":[{\"@type\":\"Article\",\"@id\":\"https:\/\/www.babyartikel.de\/magazin\/wie-lange-dauert-die-kitaeingewoehnung#article\",\"isPartOf\":{\"@id\":\"https:\/\/www.babyartikel.de\/magazin\/wie-lange-dauert-die-kitaeingewoehnung\"},\"author\":{\"name\":\"Anne\",\"@id\":\"https:\/\/www.babyartikel.de\/magazin\/#\/schema\/person\/c14b99a236c7e8e0440181061ecff817\"},\"headline\":\"Wie lange dauert die Kitaeingew\u00f6hnung?\",\"datePublished\":\"2015-09-30T06:17:56+00:00\",\"dateModified\":\"2017-02-27T13:53:26+00:00\",\"mainEntityOfPage\":{\"@id\":\"https:\/\/www.babyartikel.de\/magazin\/wie-lange-dauert-die-kitaeingewoehnung\"},\"wordCount\":1115,\"commentCount\":1,\"image\":{\"@id\":\"https:\/\/www.babyartikel.de\/magazin\/wie-lange-dauert-die-kitaeingewoehnung#primaryimage\"},\"thumbnailUrl\":\"https:\/\/media.babyartikel.de\/magazin\/wp-content\/uploads\/2015\/09\/b33_wie-lange-kitaeingewoehnung05.jpg\",\"keywords\":[\"kindergarten\"],\"articleSection\":[\"Kindergarten &amp; KiTa\",\"Kleinkind\",\"Mamablogger berichten\"],\"inLanguage\":\"de\",\"potentialAction\":[{\"@type\":\"CommentAction\",\"name\":\"Comment\",\"target\":[\"https:\/\/www.babyartikel.de\/magazin\/wie-lange-dauert-die-kitaeingewoehnung#respond\"]}]},{\"@type\":\"WebPage\",\"@id\":\"https:\/\/www.babyartikel.de\/magazin\/wie-lange-dauert-die-kitaeingewoehnung\",\"url\":\"https:\/\/www.babyartikel.de\/magazin\/wie-lange-dauert-die-kitaeingewoehnung\",\"name\":\"Wie lange dauert die Kitaeingew\u00f6hnung? | Babyartikel.de Magazin\",\"isPartOf\":{\"@id\":\"https:\/\/www.babyartikel.de\/magazin\/#website\"},\"primaryImageOfPage\":{\"@id\":\"https:\/\/www.babyartikel.de\/magazin\/wie-lange-dauert-die-kitaeingewoehnung#primaryimage\"},\"image\":{\"@id\":\"https:\/\/www.babyartikel.de\/magazin\/wie-lange-dauert-die-kitaeingewoehnung#primaryimage\"},\"thumbnailUrl\":\"https:\/\/media.babyartikel.de\/magazin\/wp-content\/uploads\/2015\/09\/b33_wie-lange-kitaeingewoehnung05.jpg\",\"datePublished\":\"2015-09-30T06:17:56+00:00\",\"dateModified\":\"2017-02-27T13:53:26+00:00\",\"author\":{\"@id\":\"https:\/\/www.babyartikel.de\/magazin\/#\/schema\/person\/c14b99a236c7e8e0440181061ecff817\"},\"breadcrumb\":{\"@id\":\"https:\/\/www.babyartikel.de\/magazin\/wie-lange-dauert-die-kitaeingewoehnung#breadcrumb\"},\"inLanguage\":\"de\",\"potentialAction\":[{\"@type\":\"ReadAction\",\"target\":[\"https:\/\/www.babyartikel.de\/magazin\/wie-lange-dauert-die-kitaeingewoehnung\"]}]},{\"@type\":\"ImageObject\",\"inLanguage\":\"de\",\"@id\":\"https:\/\/www.babyartikel.de\/magazin\/wie-lange-dauert-die-kitaeingewoehnung#primaryimage\",\"url\":\"https:\/\/media.babyartikel.de\/magazin\/wp-content\/uploads\/2015\/09\/b33_wie-lange-kitaeingewoehnung05.jpg\",\"contentUrl\":\"https:\/\/media.babyartikel.de\/magazin\/wp-content\/uploads\/2015\/09\/b33_wie-lange-kitaeingewoehnung05.jpg\",\"width\":1050,\"height\":605,\"caption\":\"Wie lange dauert die Kitaeingew\u00f6hnung?\"},{\"@type\":\"BreadcrumbList\",\"@id\":\"https:\/\/www.babyartikel.de\/magazin\/wie-lange-dauert-die-kitaeingewoehnung#breadcrumb\",\"itemListElement\":[{\"@type\":\"ListItem\",\"position\":1,\"name\":\"Startseite\",\"item\":\"https:\/\/www.babyartikel.de\/magazin\"},{\"@type\":\"ListItem\",\"position\":2,\"name\":\"Wie lange dauert die Kitaeingew\u00f6hnung?\"}]},{\"@type\":\"WebSite\",\"@id\":\"https:\/\/www.babyartikel.de\/magazin\/#website\",\"url\":\"https:\/\/www.babyartikel.de\/magazin\/\",\"name\":\"Babyartikel.de Magazin\",\"description\":\"\",\"potentialAction\":[{\"@type\":\"SearchAction\",\"target\":{\"@type\":\"EntryPoint\",\"urlTemplate\":\"https:\/\/www.babyartikel.de\/magazin\/?s={search_term_string}\"},\"query-input\":{\"@type\":\"PropertyValueSpecification\",\"valueRequired\":true,\"valueName\":\"search_term_string\"}}],\"inLanguage\":\"de\"},{\"@type\":\"Person\",\"@id\":\"https:\/\/www.babyartikel.de\/magazin\/#\/schema\/person\/c14b99a236c7e8e0440181061ecff817\",\"name\":\"Anne\",\"image\":{\"@type\":\"ImageObject\",\"inLanguage\":\"de\",\"@id\":\"https:\/\/secure.gravatar.com\/avatar\/dc6bb895c7854c302aeeafbb6333e6f220ba26106b9f9a0202f83b0104b3729f?s=96&d=mm&r=g\",\"url\":\"https:\/\/secure.gravatar.com\/avatar\/dc6bb895c7854c302aeeafbb6333e6f220ba26106b9f9a0202f83b0104b3729f?s=96&d=mm&r=g\",\"contentUrl\":\"https:\/\/secure.gravatar.com\/avatar\/dc6bb895c7854c302aeeafbb6333e6f220ba26106b9f9a0202f83b0104b3729f?s=96&d=mm&r=g\",\"caption\":\"Anne\"},\"description\":\"Hallo! Ich bin Anne, 33 Jahre alt und Mama von zwei Jungs. Der Kleine wurde erst vor neun Wochen geboren und der Gro\u00dfe ist schon drei Jahre alt. Zusammen mit dem \u00e4ltesten \u201eJungen\u201c im Bunde (37) \u2013 auch Papa genannt \u2013 leben wir vier im bunten Berlin. Wenn ich meinen Lebensweg in einem Satz zusammenfassen m\u00fcsste, w\u00fcrde der momentan so lauten: Ich bin in Baden-W\u00fcrttemberg geboren, aufgewachsen und ausgebildet worden, habe in Bayern gearbeitet und in Berlin meine Kinder zur Welt gebracht und geheiratet. Schon seit einer Weile habe ich mit dem Gedanken gespielt \u00fcber meinen Alltag als Mama zu bloggen und freue mich, dass jetzt der Zeitpunkt gekommen ist, um damit anzufangen. Ich hoffe, dass ich dem ein oder anderen mit meinen Tipps, Erfahrungen und Gedanken zum ganz normalen Familienwahnsinn weiterhelfen oder euch einfach nur unterhalten kann.\",\"url\":\"https:\/\/www.babyartikel.de\/magazin\/author\/anne\"}]}<\/script>\n<!-- \/ Yoast SEO Premium plugin. -->","yoast_head_json":{"title":"Wie lange dauert die Kitaeingew\u00f6hnung? | Babyartikel.de Magazin","robots":{"index":"index","follow":"follow","max-snippet":"max-snippet:-1","max-image-preview":"max-image-preview:large","max-video-preview":"max-video-preview:-1"},"canonical":"https:\/\/www.babyartikel.de\/magazin\/wie-lange-dauert-die-kitaeingewoehnung","og_locale":"de_DE","og_type":"article","og_title":"Wie lange dauert die Kitaeingew\u00f6hnung?","og_description":"Mein Kleiner ist nun schon die f&uuml;nfte Woche im Kindergarten und ich bin sehr froh, dass die Eingew&ouml;hnung bisher so gut gelaufen ist. Mit den Trennungen kommt er gut klar und daher ging es die letzten Wochen sehr schnell voran. Wenn ich zur&uuml;ck blicke, vergingen die vier Wochen wie im Flug. Mir ging es teilweise [...]Weiterlesen...","og_url":"https:\/\/www.babyartikel.de\/magazin\/wie-lange-dauert-die-kitaeingewoehnung","og_site_name":"Babyartikel.de Magazin","article_published_time":"2015-09-30T06:17:56+00:00","article_modified_time":"2017-02-27T13:53:26+00:00","og_image":[{"width":1050,"height":605,"url":"https:\/\/www.babyartikel.de\/magazin\/wp-content\/uploads\/2015\/09\/b33_wie-lange-kitaeingewoehnung05.jpg","type":"image\/jpeg"}],"author":"Anne","twitter_card":"summary_large_image","twitter_misc":{"Verfasst von":"Anne","Gesch\u00e4tzte Lesezeit":"6\u00a0Minuten"},"schema":{"@context":"https:\/\/schema.org","@graph":[{"@type":"Article","@id":"https:\/\/www.babyartikel.de\/magazin\/wie-lange-dauert-die-kitaeingewoehnung#article","isPartOf":{"@id":"https:\/\/www.babyartikel.de\/magazin\/wie-lange-dauert-die-kitaeingewoehnung"},"author":{"name":"Anne","@id":"https:\/\/www.babyartikel.de\/magazin\/#\/schema\/person\/c14b99a236c7e8e0440181061ecff817"},"headline":"Wie lange dauert die Kitaeingew\u00f6hnung?","datePublished":"2015-09-30T06:17:56+00:00","dateModified":"2017-02-27T13:53:26+00:00","mainEntityOfPage":{"@id":"https:\/\/www.babyartikel.de\/magazin\/wie-lange-dauert-die-kitaeingewoehnung"},"wordCount":1115,"commentCount":1,"image":{"@id":"https:\/\/www.babyartikel.de\/magazin\/wie-lange-dauert-die-kitaeingewoehnung#primaryimage"},"thumbnailUrl":"https:\/\/media.babyartikel.de\/magazin\/wp-content\/uploads\/2015\/09\/b33_wie-lange-kitaeingewoehnung05.jpg","keywords":["kindergarten"],"articleSection":["Kindergarten &amp; KiTa","Kleinkind","Mamablogger berichten"],"inLanguage":"de","potentialAction":[{"@type":"CommentAction","name":"Comment","target":["https:\/\/www.babyartikel.de\/magazin\/wie-lange-dauert-die-kitaeingewoehnung#respond"]}]},{"@type":"WebPage","@id":"https:\/\/www.babyartikel.de\/magazin\/wie-lange-dauert-die-kitaeingewoehnung","url":"https:\/\/www.babyartikel.de\/magazin\/wie-lange-dauert-die-kitaeingewoehnung","name":"Wie lange dauert die Kitaeingew\u00f6hnung? | Babyartikel.de Magazin","isPartOf":{"@id":"https:\/\/www.babyartikel.de\/magazin\/#website"},"primaryImageOfPage":{"@id":"https:\/\/www.babyartikel.de\/magazin\/wie-lange-dauert-die-kitaeingewoehnung#primaryimage"},"image":{"@id":"https:\/\/www.babyartikel.de\/magazin\/wie-lange-dauert-die-kitaeingewoehnung#primaryimage"},"thumbnailUrl":"https:\/\/media.babyartikel.de\/magazin\/wp-content\/uploads\/2015\/09\/b33_wie-lange-kitaeingewoehnung05.jpg","datePublished":"2015-09-30T06:17:56+00:00","dateModified":"2017-02-27T13:53:26+00:00","author":{"@id":"https:\/\/www.babyartikel.de\/magazin\/#\/schema\/person\/c14b99a236c7e8e0440181061ecff817"},"breadcrumb":{"@id":"https:\/\/www.babyartikel.de\/magazin\/wie-lange-dauert-die-kitaeingewoehnung#breadcrumb"},"inLanguage":"de","potentialAction":[{"@type":"ReadAction","target":["https:\/\/www.babyartikel.de\/magazin\/wie-lange-dauert-die-kitaeingewoehnung"]}]},{"@type":"ImageObject","inLanguage":"de","@id":"https:\/\/www.babyartikel.de\/magazin\/wie-lange-dauert-die-kitaeingewoehnung#primaryimage","url":"https:\/\/media.babyartikel.de\/magazin\/wp-content\/uploads\/2015\/09\/b33_wie-lange-kitaeingewoehnung05.jpg","contentUrl":"https:\/\/media.babyartikel.de\/magazin\/wp-content\/uploads\/2015\/09\/b33_wie-lange-kitaeingewoehnung05.jpg","width":1050,"height":605,"caption":"Wie lange dauert die Kitaeingew\u00f6hnung?"},{"@type":"BreadcrumbList","@id":"https:\/\/www.babyartikel.de\/magazin\/wie-lange-dauert-die-kitaeingewoehnung#breadcrumb","itemListElement":[{"@type":"ListItem","position":1,"name":"Startseite","item":"https:\/\/www.babyartikel.de\/magazin"},{"@type":"ListItem","position":2,"name":"Wie lange dauert die Kitaeingew\u00f6hnung?"}]},{"@type":"WebSite","@id":"https:\/\/www.babyartikel.de\/magazin\/#website","url":"https:\/\/www.babyartikel.de\/magazin\/","name":"Babyartikel.de Magazin","description":"","potentialAction":[{"@type":"SearchAction","target":{"@type":"EntryPoint","urlTemplate":"https:\/\/www.babyartikel.de\/magazin\/?s={search_term_string}"},"query-input":{"@type":"PropertyValueSpecification","valueRequired":true,"valueName":"search_term_string"}}],"inLanguage":"de"},{"@type":"Person","@id":"https:\/\/www.babyartikel.de\/magazin\/#\/schema\/person\/c14b99a236c7e8e0440181061ecff817","name":"Anne","image":{"@type":"ImageObject","inLanguage":"de","@id":"https:\/\/secure.gravatar.com\/avatar\/dc6bb895c7854c302aeeafbb6333e6f220ba26106b9f9a0202f83b0104b3729f?s=96&d=mm&r=g","url":"https:\/\/secure.gravatar.com\/avatar\/dc6bb895c7854c302aeeafbb6333e6f220ba26106b9f9a0202f83b0104b3729f?s=96&d=mm&r=g","contentUrl":"https:\/\/secure.gravatar.com\/avatar\/dc6bb895c7854c302aeeafbb6333e6f220ba26106b9f9a0202f83b0104b3729f?s=96&d=mm&r=g","caption":"Anne"},"description":"Hallo! Ich bin Anne, 33 Jahre alt und Mama von zwei Jungs. Der Kleine wurde erst vor neun Wochen geboren und der Gro\u00dfe ist schon drei Jahre alt. Zusammen mit dem \u00e4ltesten \u201eJungen\u201c im Bunde (37) \u2013 auch Papa genannt \u2013 leben wir vier im bunten Berlin. Wenn ich meinen Lebensweg in einem Satz zusammenfassen m\u00fcsste, w\u00fcrde der momentan so lauten: Ich bin in Baden-W\u00fcrttemberg geboren, aufgewachsen und ausgebildet worden, habe in Bayern gearbeitet und in Berlin meine Kinder zur Welt gebracht und geheiratet. Schon seit einer Weile habe ich mit dem Gedanken gespielt \u00fcber meinen Alltag als Mama zu bloggen und freue mich, dass jetzt der Zeitpunkt gekommen ist, um damit anzufangen. Ich hoffe, dass ich dem ein oder anderen mit meinen Tipps, Erfahrungen und Gedanken zum ganz normalen Familienwahnsinn weiterhelfen oder euch einfach nur unterhalten kann.","url":"https:\/\/www.babyartikel.de\/magazin\/author\/anne"}]}},"abstract_sku":"","_links":{"self":[{"href":"https:\/\/www.babyartikel.de\/magazin\/wp-json\/wp\/v2\/posts\/15145","targetHints":{"allow":["GET"]}}],"collection":[{"href":"https:\/\/www.babyartikel.de\/magazin\/wp-json\/wp\/v2\/posts"}],"about":[{"href":"https:\/\/www.babyartikel.de\/magazin\/wp-json\/wp\/v2\/types\/post"}],"author":[{"embeddable":true,"href":"https:\/\/www.babyartikel.de\/magazin\/wp-json\/wp\/v2\/users\/19"}],"replies":[{"embeddable":true,"href":"https:\/\/www.babyartikel.de\/magazin\/wp-json\/wp\/v2\/comments?post=15145"}],"version-history":[{"count":30,"href":"https:\/\/www.babyartikel.de\/magazin\/wp-json\/wp\/v2\/posts\/15145\/revisions"}],"predecessor-version":[{"id":37947,"href":"https:\/\/www.babyartikel.de\/magazin\/wp-json\/wp\/v2\/posts\/15145\/revisions\/37947"}],"wp:featuredmedia":[{"embeddable":true,"href":"https:\/\/www.babyartikel.de\/magazin\/wp-json\/wp\/v2\/media\/15640"}],"wp:attachment":[{"href":"https:\/\/www.babyartikel.de\/magazin\/wp-json\/wp\/v2\/media?parent=15145"}],"wp:term":[{"taxonomy":"category","embeddable":true,"href":"https:\/\/www.babyartikel.de\/magazin\/wp-json\/wp\/v2\/categories?post=15145"},{"taxonomy":"post_tag","embeddable":true,"href":"https:\/\/www.babyartikel.de\/magazin\/wp-json\/wp\/v2\/tags?post=15145"}],"curies":[{"name":"wp","href":"https:\/\/api.w.org\/{rel}","templated":true}]}}