
{"id":16904,"date":"2015-11-13T09:31:01","date_gmt":"2015-11-13T08:31:01","guid":{"rendered":"\/magazin\/?p=16904"},"modified":"2018-11-07T13:53:42","modified_gmt":"2018-11-07T12:53:42","slug":"warum-gibt-es-den-vorlesetag","status":"publish","type":"post","link":"https:\/\/www.babyartikel.de\/magazin\/warum-gibt-es-den-vorlesetag","title":{"rendered":"Warum gibt es den Vorlesetag?"},"content":{"rendered":"<p>Vor Kurzem habe ich den Vorlesetag entdeckt. Er ist kommenden Freitag am 20. November und soll die Begeisterung am Lesen und Vorlesen wecken.<p>Laut der Stiftung Lesen pr&auml;gt Vorlesen das soziale Empfinden und Verhalten von Kindern und unterst&uuml;tzt die individuelle Entwicklung. Auch die famili&auml;re Bindung wird durch Vorlesen gest&auml;rkt.<\/p><p>F&uuml;r uns ist es nicht zuletzt einfach ein sch&ouml;nes Ritual, unserem 4-j&auml;hrigen Sohn abends vor dem ins Bett gehen vorzulesen. F&uuml;r ihn ist quasi jeder Tag ein Vorlesetag. Was habe ich mir diese Zeit herbeigesehnt, als er noch zu klein f&uuml;rs Vorlesen war und ich mit anderen Ritualen versucht habe die Schlafenszeit einzul&auml;uten.<\/p><div class=\"marketing-slot\"><div id=\"block-18\" class=\"content-post-widget marketing-slot-1 widget_block\"><a href=\"#\" class=\"newsletter_popup\" style=\"\n  display: inline-block;\n  box-shadow: 0 4px 10px rgba(0,0,0,0.1);\n  margin: 20px auto;\n  max-width: 800px;\n  width: 100%;\">\n  <img src=\"https:\/\/media.babyartikel.de\/magazin\/wp-content\/uploads\/2025\/08\/NL-Banner-Magazin-8-25.webp\" alt=\"Newsletter Banner\" style=\"\n    width: 100%;\n    height: auto;\n    display: block;\" onclick=\"ga('send', 'event', 'banner', 'click', 'magazin-banner-newsletter-8-25');\">\n<\/a>\n\n\t<!-- Modal -->\n\t<div class=\"modal fade modal_popup\" id=\"newsletter_popup\" tabindex=\"-1\" aria-labelledby=\"exampleModalLabel\" aria-hidden=\"true\">\n\t\t<div class=\"modal-dialog modal-dialog-centered modal-dialog-scrollable\">\n\t\t\t<div class=\"modal-content\">\n\t\t\t\t<div class=\"modal-header small-header\">\n\t\t\t\t\t<h5 class=\"modal-title\" id=\"newsletterModalLabel\">\n\t\t\t\t\t\tNewsletter\t\t\t\t\t<\/h5>\n\t\t\t\t\t<button type=\"button\" class=\"btn-close small-close\" data-bs-dismiss=\"modal\" aria-label=\"Close\"><\/button>\n\t\t\t\t<\/div>\n\n\t\t\t\t<div class=\"modal-body\">\n\t\t\t\t\t\t<div class=\"newsletterForm-embed popup-form\">\n        <form name=\"newsletterSubscriptionForm\" id=\"newsletter_popup_69f28eaad852d_form\" data-newsletter-id=\"newsletter_popup_69f28eaad852d\" method=\"POST\">\n\n\t\t\t<input type=\"text\" name=\"website\" class=\"hidden\" tabindex=\"-1\" autocomplete=\"off\" style=\"position:absolute;left:-9999px;\">\n\t\t\t<input type=\"hidden\" name=\"ts\" value=\"1777503914\">\n\n\t\t\t                <input type=\"hidden\" name=\"emarsys-event-id\" value=\"3756\">\n            \n            \t\t\t<div class=\"mb-3\">\n\t\t\t\t<label for=\"date\" class=\"form-label\">Geburtstag\/ -termin Deines Babys<\/label>\n                <input type=\"date\" name=\"date\" class=\"input input--expand form-control\" required>\n\t\t\t<\/div>\n            \n\t\t\t<div class=\"mb-3\">\n\t\t\t\t<label for=\"email\" class=\"form-label\">E-Mail-Adresse<\/label>\n\t\t\t\t<input type=\"email\" name=\"email\" placeholder=\"E-Mail-Adresse\" class=\"input input--expand form-control\" required>\n\t\t\t<\/div>\n\n\t\t\t\t\t\t\t<button type=\"submit\" class=\"btn btn-primary\">Absenden<\/button>\n\t\t\t\n\t\t\t\t\t\t\t<div class=\"small mt-3\" style=\"font-weight:normal;\">\n\t\t\t\t\t\n\t\t\t<div class=\"mt-3\">\n\t\t\t\tJa, ich m&ouml;chte den Newsletter von Babyartikel.de erhalten und &uuml;ber Aktionen informiert werden.\n  Dabei darf mein Nutzungsverhalten (z. B. &Ouml;ffnungen und Klicks) zur Personalisierung ausgewertet werden.\n  Mehr finde ich in der <a href=\"\/de\/datenschutz\" style=\"text-decoration:underline\">Datenschutzerkl&auml;rung<\/a>.\n\t\t\t<\/div>\n\t\t\t\t\t\t<\/div>\n\t\t\t\n\t\t\t\t\t\t\t<div class=\"small mb-3 mt-3\" style=\"font-weight:normal;\">\n\t\t\t\t\tJederzeit abbestellbar | <a href=\"\/de\/datenschutz\" style=\"text-decoration:underline\">\n\t\t\t\t\t\tDatenschutzerkl&auml;rung\n\t\t\t\t\t<\/a>\n\t\t\t\t<\/div>\n\t\t\t\n        <\/form>\n    <\/div>\n\t\n\t\t\t\t\t<div class=\"response-messages_newsletter_popup_69f28eaad852d\">\n\t\t\t\t\t\t<div class=\"alert alert-success success mt-3 mb-3 d-none\">\n\t\t\t\t\t\t\tNur noch ein Klick! Best&auml;tige Deine Anmeldung in der E-Mail, die du gleich erh&auml;ltst.\t\t\t\t\t\t<\/div>\n\t\t\t\t\t\t<div class=\"error mt-3 mb-3 d-none\">\n\t\t\t\t\t\t\t<div class=\"alert alert-danger \">\n\t\t\t\t\t\t\t\tEin Fehler ist aufgetreten. Bitte versuche es sp&auml;ter erneut.\t\t\t\t\t\t\t<\/div>\n\t\t\t\t\t\t<\/div>\n\t\t\t\t\t\t<div class=\"alert alert-danger other-2007 mt-3 mb-3 d-none\">\n\t\t\t\t\t\t\tUng&Atilde;&frac14;ltiges Datumsformat\t\t\t\t\t\t<\/div>\n\t\t\t\t\t<\/div>\n\t\t\t\t<\/div>\n\t\t\t<\/div>\n\t\t<\/div>\n\t<\/div>\n\n\t<\/div><!-- content-widget --><\/div><p>So einen Vorlesetag finde ich eine gute Sache und daher habe ich mich als Vorleserin angemeldet und hoffe, dass ich bis n&auml;chsten Freitag noch einen Vorleseort finde!<\/p><h2>Ab wieviel Monaten kann ich meinem Kleinkind vorlesen?<\/h2><p>Das ist nat&uuml;rlich von Kind zu Kind unterschiedlich und es bringt sicherlich nichts, den ersten Geburtstag oder den 17. Monat als Vorlesestart zu betiteln. Ich finde wichtig, dass geeignete B&uuml;cher greifbar sind und man sie immer mal wieder anbieten kann. Dann merkt man schnell, ob schon Interesse besteht oder nicht.<\/p><div class=\"postslot1\">[articles]<link rel=\"stylesheet\" href=\"https:\/\/cdn.jsdelivr.net\/npm\/swiper@8\/swiper-bundle.min.css\"><\/div><div class=\"marketing-slot\"><div id=\"block-25\" class=\"content-post-widget marketing-slot-2 widget_block\"><a href=\"https:\/\/www.babyartikel.de\/de\/angebote\" data-track-link-click=\"true\" data-track-name=\"nyoutlet2026-magazin\" data-track-medium=\"banner-magazin-post\" data-track-campaign=\"magazin-banner-nyoutlet2026\" onclick=\"ga('send', 'event', 'banner', 'click', 'magazin-banner-nyoutlet2026');\" style=\"display:block;width:100%;text-align:center;\"><img src=\"https:\/\/media.babyartikel.de\/magazin\/wp-content\/uploads\/2026\/01\/NY-Outlet-10-2026.webp\" alt=\"Sale\" style=\"max-width:100%;\"><\/a><\/div><!-- content-widget --><\/div><p>Mein kleiner Spatz hat zu seinem <a href=\"\/magazin\/einladung-zum-1-geburtstag-per-mp3\">ersten Geburtstag<\/a> ein paar B&uuml;cher geschenkt bekommen und sie interessiert durchgebl&auml;ttert. Mittlerweile ist er 15 Monate alt und liebt B&uuml;cher &uuml;ber alles. Aber den meisten Spa&szlig; hat er, wenn ich sie mit ihm zusammen anschaue, einzelne W&ouml;rter sage und die passenden Ger&auml;usche dazu mache. Tiere sind nach wie vor seine Favoriten, aber auch Fahrzeuge haben es ihm nun angetan.<\/p><h3>Folgende B&uuml;cher sind momentan seine Lieblingsb&uuml;cher:<\/h3><ul>\n<li>Wer macht Miau? Wer bellt Wau-Wau? von ministeps<\/li>\n<li><a href=\"https:\/\/www.babyartikel.de\/prod\/ravensburger-buch-meine-allerersten-woerter\" target=\"_blank\">Meine allerersten W&ouml;rter von Ravensburger<\/a><\/li>\n<li>Kribbel Krabbel: Mein lustiges Fingerspielbuch von Coppenrath<\/li>\n<li><a href=\"https:\/\/www.babyartikel.de\/prod\/ministeps-buch-guck-mal-fuehl-mal\" target=\"_blank\">Guck mal! F&uuml;hl mal! von ministeps<\/a><\/li>\n<li><a href=\"https:\/\/www.babyartikel.de\/prod\/ministeps-buch-wenn-kleine-tiere-muede-sind\" target=\"_blank\">Wenn kleine Tiere m&uuml;de sind von ministeps<\/a><\/li>\n<\/ul><figure id=\"attachment_17074\" aria-describedby=\"caption-attachment-17074\" style=\"width: 600px\" class=\"wp-caption aligncenter\"><a href=\"https:\/\/www.babyartikel.de\/magazin\/wp-content\/uploads\/2015\/11\/b38_vorlesetag_meine-allerersten-woerter1.jpg\"><img loading=\"lazy\" decoding=\"async\" class=\"wp-image-17074 size-full\" title=\"Meine allerersten W&ouml;rter - Ravensburger\" src=\"https:\/\/www.babyartikel.de\/magazin\/wp-content\/uploads\/2015\/11\/b38_vorlesetag_meine-allerersten-woerter1.jpg\" alt=\"Meine allerersten W&ouml;rter - Ravensburger\" width=\"600\" height=\"450\" srcset=\"https:\/\/media.babyartikel.de\/magazin\/wp-content\/uploads\/2015\/11\/b38_vorlesetag_meine-allerersten-woerter1.jpg 600w, https:\/\/media.babyartikel.de\/magazin\/wp-content\/uploads\/2015\/11\/b38_vorlesetag_meine-allerersten-woerter1-150x113.jpg 150w, https:\/\/media.babyartikel.de\/magazin\/wp-content\/uploads\/2015\/11\/b38_vorlesetag_meine-allerersten-woerter1-300x225.jpg 300w\" sizes=\"auto, (max-width: 600px) 100vw, 600px\"><\/a><figcaption id=\"caption-attachment-17074\" class=\"wp-caption-text\">Das Buch &bdquo;Meine allerersten W&ouml;rter&ldquo; liebt mein Kleiner seit seinem 1. Geburtstag.<\/figcaption><\/figure><figure id=\"attachment_17073\" aria-describedby=\"caption-attachment-17073\" style=\"width: 600px\" class=\"wp-caption aligncenter\"><a href=\"https:\/\/www.babyartikel.de\/magazin\/wp-content\/uploads\/2015\/11\/b38_vorlesetag_guck-mal-fuehl-mal1.jpg\"><img loading=\"lazy\" decoding=\"async\" class=\"wp-image-17073 size-full\" src=\"https:\/\/www.babyartikel.de\/magazin\/wp-content\/uploads\/2015\/11\/b38_vorlesetag_guck-mal-fuehl-mal1.jpg\" alt=\"Guck mal! F&uuml;hl mal! - ministeps\" width=\"600\" height=\"450\" srcset=\"https:\/\/media.babyartikel.de\/magazin\/wp-content\/uploads\/2015\/11\/b38_vorlesetag_guck-mal-fuehl-mal1.jpg 600w, https:\/\/media.babyartikel.de\/magazin\/wp-content\/uploads\/2015\/11\/b38_vorlesetag_guck-mal-fuehl-mal1-150x113.jpg 150w, https:\/\/media.babyartikel.de\/magazin\/wp-content\/uploads\/2015\/11\/b38_vorlesetag_guck-mal-fuehl-mal1-300x225.jpg 300w\" sizes=\"auto, (max-width: 600px) 100vw, 600px\"><\/a><figcaption id=\"caption-attachment-17073\" class=\"wp-caption-text\">Erst waren die Tiere interessant, jetzt auch Traktor, Bagger und Laster.<\/figcaption><\/figure><figure id=\"attachment_17067\" aria-describedby=\"caption-attachment-17067\" style=\"width: 600px\" class=\"wp-caption aligncenter\"><a href=\"https:\/\/www.babyartikel.de\/magazin\/wp-content\/uploads\/2015\/11\/b38_vorlesetag_wer-macht-miau-wer-bellt-wauwau.jpg\"><img loading=\"lazy\" decoding=\"async\" class=\"size-full wp-image-17067\" src=\"https:\/\/www.babyartikel.de\/magazin\/wp-content\/uploads\/2015\/11\/b38_vorlesetag_wer-macht-miau-wer-bellt-wauwau.jpg\" alt=\"Wer macht Miau? Wer bellt Wau-Wau? - ministeps\" width=\"600\" height=\"450\" srcset=\"https:\/\/media.babyartikel.de\/magazin\/wp-content\/uploads\/2015\/11\/b38_vorlesetag_wer-macht-miau-wer-bellt-wauwau.jpg 600w, https:\/\/media.babyartikel.de\/magazin\/wp-content\/uploads\/2015\/11\/b38_vorlesetag_wer-macht-miau-wer-bellt-wauwau-150x113.jpg 150w, https:\/\/media.babyartikel.de\/magazin\/wp-content\/uploads\/2015\/11\/b38_vorlesetag_wer-macht-miau-wer-bellt-wauwau-300x225.jpg 300w\" sizes=\"auto, (max-width: 600px) 100vw, 600px\"><\/a><figcaption id=\"caption-attachment-17067\" class=\"wp-caption-text\">Das neue Lieblingsbuch: Wer macht Miau? Wer bellt Wau-Wau?<\/figcaption><\/figure><h2>Das lesen wir unserem gro&szlig;en Spatz (4 Jahre alt) vor<\/h2><p>Auch unser Gro&szlig;er hat sich fr&uuml;her sehr gerne B&uuml;cher mit uns angesehen. Es war genauso wildes Gebl&auml;tter angesagt, wie jetzt bei unserem Kleinen. Irgendwann bemerkte ich, dass die <a href=\"\/magazin\/ab-wann-kann-ich-meinem-kind-vorlesen\">Zeit des richtigen Vorlesens<\/a> gekommen war und von da an wollte er dieselben B&uuml;cher immer wieder vorgelesen bekommen. Ich kann gar nicht sagen, wie oft ich das Buch &bdquo;Wenn kleine Tiere m&uuml;de sind&ldquo; abends vorgelesen habe. Geschenkt bekommen hatten wir das Buch von einer meiner besten Freundinnen und mein Gro&szlig;er hat es geliebt (und ich auch :-) ).<\/p><h3>Mittlerweile sind andere Geschichten interessanter :-) Daher lesen wir unserem gro&szlig;en Spatz aus folgenden B&uuml;chern vor:<\/h3><ul>\n<li>Leo Lausemaus von Marco Campanella<\/li>\n<li>Petterson und Findus von Sven Nordqvist<\/li>\n<li>Der kleine Drache Kokusnuss von Ingo Siegner<\/li>\n<li>K&ouml;nig Kallewirsch von Tilde Michels<\/li>\n<li>Pipi Langstrumpf von Astrid Lindgren<\/li>\n<\/ul><div class=\"credits-overlay\" data-target=\".wp-image-17065\"><a href=\"#\" target=\"_blank\">&copy; Anne<\/a><\/div><div class=\"credits-overlay\" data-target=\".wp-image-17074\"><a href=\"#\" target=\"_blank\">&copy; Anne<\/a><\/div><div class=\"credits-overlay\" data-target=\".wp-image-17073\"><a href=\"#\" target=\"_blank\">&copy; Anne<\/a><\/div><div class=\"credits-overlay\" data-target=\".wp-image-17067\"><a href=\"#\" target=\"_blank\">&copy; Anne<\/a><\/div><\/p>\n","protected":false},"excerpt":{"rendered":"<p>Vor Kurzem habe ich den Vorlesetag entdeckt. Er ist kommenden Freitag am 20. November und soll die Begeisterung am Lesen und Vorlesen wecken.Laut der Stiftung Lesen pr&auml;gt Vorlesen das soziale Empfinden und Verhalten von Kindern und unterst&uuml;tzt die individuelle Entwicklung. Auch die famili&auml;re Bindung wird durch Vorlesen gest&auml;rkt.F&uuml;r uns ist es nicht zuletzt einfach ein [&#8230;]<\/p>\n<p><a class=\"btn btn-secondary understrap-read-more-link\" href=\"https:\/\/www.babyartikel.de\/magazin\/warum-gibt-es-den-vorlesetag\">Weiterlesen&#8230;<\/a><\/p>\n","protected":false},"author":19,"featured_media":17065,"comment_status":"open","ping_status":"open","sticky":false,"template":"","format":"standard","meta":{"_acf_changed":false,"footnotes":""},"categories":[79,1430,2820,2824,2802],"tags":[],"class_list":["post-16904","post","type-post","status-publish","format-standard","has-post-thumbnail","hentry","category-baby","category-kleinkind","category-leben-mit-baby","category-entwicklung-kleinkind","category-mamablogger-berichten"],"acf":[],"yoast_head":"<!-- This site is optimized with the Yoast SEO Premium plugin v27.2 (Yoast SEO v27.2) - https:\/\/yoast.com\/product\/yoast-seo-premium-wordpress\/ -->\n<title>Warum gibt es den Vorlesetag? | Babyartikel.de Magazin<\/title>\n<meta name=\"robots\" content=\"index, follow, max-snippet:-1, max-image-preview:large, max-video-preview:-1\" \/>\n<link rel=\"canonical\" href=\"https:\/\/www.babyartikel.de\/magazin\/warum-gibt-es-den-vorlesetag\" \/>\n<meta property=\"og:locale\" content=\"de_DE\" \/>\n<meta property=\"og:type\" content=\"article\" \/>\n<meta property=\"og:title\" content=\"Warum gibt es den Vorlesetag?\" \/>\n<meta property=\"og:description\" content=\"Vor Kurzem habe ich den Vorlesetag entdeckt. Er ist kommenden Freitag am 20. November und soll die Begeisterung am Lesen und Vorlesen wecken.Laut der Stiftung Lesen pr&auml;gt Vorlesen das soziale Empfinden und Verhalten von Kindern und unterst&uuml;tzt die individuelle Entwicklung. Auch die famili&auml;re Bindung wird durch Vorlesen gest&auml;rkt.F&uuml;r uns ist es nicht zuletzt einfach ein [...]Weiterlesen...\" \/>\n<meta property=\"og:url\" content=\"https:\/\/www.babyartikel.de\/magazin\/warum-gibt-es-den-vorlesetag\" \/>\n<meta property=\"og:site_name\" content=\"Babyartikel.de Magazin\" \/>\n<meta property=\"article:published_time\" content=\"2015-11-13T08:31:01+00:00\" \/>\n<meta property=\"article:modified_time\" content=\"2018-11-07T12:53:42+00:00\" \/>\n<meta property=\"og:image\" content=\"https:\/\/www.babyartikel.de\/magazin\/wp-content\/uploads\/2015\/11\/b36_vorlesetag.jpg\" \/>\n\t<meta property=\"og:image:width\" content=\"1050\" \/>\n\t<meta property=\"og:image:height\" content=\"585\" \/>\n\t<meta property=\"og:image:type\" content=\"image\/jpeg\" \/>\n<meta name=\"author\" content=\"Anne\" \/>\n<meta name=\"twitter:card\" content=\"summary_large_image\" \/>\n<meta name=\"twitter:label1\" content=\"Verfasst von\" \/>\n\t<meta name=\"twitter:data1\" content=\"Anne\" \/>\n\t<meta name=\"twitter:label2\" content=\"Gesch\u00e4tzte Lesezeit\" \/>\n\t<meta name=\"twitter:data2\" content=\"3\u00a0Minuten\" \/>\n<script type=\"application\/ld+json\" class=\"yoast-schema-graph\">{\"@context\":\"https:\/\/schema.org\",\"@graph\":[{\"@type\":\"Article\",\"@id\":\"https:\/\/www.babyartikel.de\/magazin\/warum-gibt-es-den-vorlesetag#article\",\"isPartOf\":{\"@id\":\"https:\/\/www.babyartikel.de\/magazin\/warum-gibt-es-den-vorlesetag\"},\"author\":{\"name\":\"Anne\",\"@id\":\"https:\/\/www.babyartikel.de\/magazin\/#\/schema\/person\/c14b99a236c7e8e0440181061ecff817\"},\"headline\":\"Warum gibt es den Vorlesetag?\",\"datePublished\":\"2015-11-13T08:31:01+00:00\",\"dateModified\":\"2018-11-07T12:53:42+00:00\",\"mainEntityOfPage\":{\"@id\":\"https:\/\/www.babyartikel.de\/magazin\/warum-gibt-es-den-vorlesetag\"},\"wordCount\":518,\"commentCount\":1,\"image\":{\"@id\":\"https:\/\/www.babyartikel.de\/magazin\/warum-gibt-es-den-vorlesetag#primaryimage\"},\"thumbnailUrl\":\"https:\/\/media.babyartikel.de\/magazin\/wp-content\/uploads\/2015\/11\/b36_vorlesetag.jpg\",\"articleSection\":[\"Baby\",\"Kleinkind\",\"Leben mit Baby\",\"Leben mit Kleinkind\",\"Mamablogger berichten\"],\"inLanguage\":\"de\",\"potentialAction\":[{\"@type\":\"CommentAction\",\"name\":\"Comment\",\"target\":[\"https:\/\/www.babyartikel.de\/magazin\/warum-gibt-es-den-vorlesetag#respond\"]}]},{\"@type\":\"WebPage\",\"@id\":\"https:\/\/www.babyartikel.de\/magazin\/warum-gibt-es-den-vorlesetag\",\"url\":\"https:\/\/www.babyartikel.de\/magazin\/warum-gibt-es-den-vorlesetag\",\"name\":\"Warum gibt es den Vorlesetag? | Babyartikel.de Magazin\",\"isPartOf\":{\"@id\":\"https:\/\/www.babyartikel.de\/magazin\/#website\"},\"primaryImageOfPage\":{\"@id\":\"https:\/\/www.babyartikel.de\/magazin\/warum-gibt-es-den-vorlesetag#primaryimage\"},\"image\":{\"@id\":\"https:\/\/www.babyartikel.de\/magazin\/warum-gibt-es-den-vorlesetag#primaryimage\"},\"thumbnailUrl\":\"https:\/\/media.babyartikel.de\/magazin\/wp-content\/uploads\/2015\/11\/b36_vorlesetag.jpg\",\"datePublished\":\"2015-11-13T08:31:01+00:00\",\"dateModified\":\"2018-11-07T12:53:42+00:00\",\"author\":{\"@id\":\"https:\/\/www.babyartikel.de\/magazin\/#\/schema\/person\/c14b99a236c7e8e0440181061ecff817\"},\"breadcrumb\":{\"@id\":\"https:\/\/www.babyartikel.de\/magazin\/warum-gibt-es-den-vorlesetag#breadcrumb\"},\"inLanguage\":\"de\",\"potentialAction\":[{\"@type\":\"ReadAction\",\"target\":[\"https:\/\/www.babyartikel.de\/magazin\/warum-gibt-es-den-vorlesetag\"]}]},{\"@type\":\"ImageObject\",\"inLanguage\":\"de\",\"@id\":\"https:\/\/www.babyartikel.de\/magazin\/warum-gibt-es-den-vorlesetag#primaryimage\",\"url\":\"https:\/\/media.babyartikel.de\/magazin\/wp-content\/uploads\/2015\/11\/b36_vorlesetag.jpg\",\"contentUrl\":\"https:\/\/media.babyartikel.de\/magazin\/wp-content\/uploads\/2015\/11\/b36_vorlesetag.jpg\",\"width\":1050,\"height\":585,\"caption\":\"Vorlesetag f\u00fcr Kinder\"},{\"@type\":\"BreadcrumbList\",\"@id\":\"https:\/\/www.babyartikel.de\/magazin\/warum-gibt-es-den-vorlesetag#breadcrumb\",\"itemListElement\":[{\"@type\":\"ListItem\",\"position\":1,\"name\":\"Startseite\",\"item\":\"https:\/\/www.babyartikel.de\/magazin\"},{\"@type\":\"ListItem\",\"position\":2,\"name\":\"Warum gibt es den Vorlesetag?\"}]},{\"@type\":\"WebSite\",\"@id\":\"https:\/\/www.babyartikel.de\/magazin\/#website\",\"url\":\"https:\/\/www.babyartikel.de\/magazin\/\",\"name\":\"Babyartikel.de Magazin\",\"description\":\"\",\"potentialAction\":[{\"@type\":\"SearchAction\",\"target\":{\"@type\":\"EntryPoint\",\"urlTemplate\":\"https:\/\/www.babyartikel.de\/magazin\/?s={search_term_string}\"},\"query-input\":{\"@type\":\"PropertyValueSpecification\",\"valueRequired\":true,\"valueName\":\"search_term_string\"}}],\"inLanguage\":\"de\"},{\"@type\":\"Person\",\"@id\":\"https:\/\/www.babyartikel.de\/magazin\/#\/schema\/person\/c14b99a236c7e8e0440181061ecff817\",\"name\":\"Anne\",\"image\":{\"@type\":\"ImageObject\",\"inLanguage\":\"de\",\"@id\":\"https:\/\/secure.gravatar.com\/avatar\/dc6bb895c7854c302aeeafbb6333e6f220ba26106b9f9a0202f83b0104b3729f?s=96&d=mm&r=g\",\"url\":\"https:\/\/secure.gravatar.com\/avatar\/dc6bb895c7854c302aeeafbb6333e6f220ba26106b9f9a0202f83b0104b3729f?s=96&d=mm&r=g\",\"contentUrl\":\"https:\/\/secure.gravatar.com\/avatar\/dc6bb895c7854c302aeeafbb6333e6f220ba26106b9f9a0202f83b0104b3729f?s=96&d=mm&r=g\",\"caption\":\"Anne\"},\"description\":\"Hallo! Ich bin Anne, 33 Jahre alt und Mama von zwei Jungs. Der Kleine wurde erst vor neun Wochen geboren und der Gro\u00dfe ist schon drei Jahre alt. Zusammen mit dem \u00e4ltesten \u201eJungen\u201c im Bunde (37) \u2013 auch Papa genannt \u2013 leben wir vier im bunten Berlin. Wenn ich meinen Lebensweg in einem Satz zusammenfassen m\u00fcsste, w\u00fcrde der momentan so lauten: Ich bin in Baden-W\u00fcrttemberg geboren, aufgewachsen und ausgebildet worden, habe in Bayern gearbeitet und in Berlin meine Kinder zur Welt gebracht und geheiratet. Schon seit einer Weile habe ich mit dem Gedanken gespielt \u00fcber meinen Alltag als Mama zu bloggen und freue mich, dass jetzt der Zeitpunkt gekommen ist, um damit anzufangen. Ich hoffe, dass ich dem ein oder anderen mit meinen Tipps, Erfahrungen und Gedanken zum ganz normalen Familienwahnsinn weiterhelfen oder euch einfach nur unterhalten kann.\",\"url\":\"https:\/\/www.babyartikel.de\/magazin\/author\/anne\"}]}<\/script>\n<!-- \/ Yoast SEO Premium plugin. -->","yoast_head_json":{"title":"Warum gibt es den Vorlesetag? | Babyartikel.de Magazin","robots":{"index":"index","follow":"follow","max-snippet":"max-snippet:-1","max-image-preview":"max-image-preview:large","max-video-preview":"max-video-preview:-1"},"canonical":"https:\/\/www.babyartikel.de\/magazin\/warum-gibt-es-den-vorlesetag","og_locale":"de_DE","og_type":"article","og_title":"Warum gibt es den Vorlesetag?","og_description":"Vor Kurzem habe ich den Vorlesetag entdeckt. Er ist kommenden Freitag am 20. November und soll die Begeisterung am Lesen und Vorlesen wecken.Laut der Stiftung Lesen pr&auml;gt Vorlesen das soziale Empfinden und Verhalten von Kindern und unterst&uuml;tzt die individuelle Entwicklung. Auch die famili&auml;re Bindung wird durch Vorlesen gest&auml;rkt.F&uuml;r uns ist es nicht zuletzt einfach ein [...]Weiterlesen...","og_url":"https:\/\/www.babyartikel.de\/magazin\/warum-gibt-es-den-vorlesetag","og_site_name":"Babyartikel.de Magazin","article_published_time":"2015-11-13T08:31:01+00:00","article_modified_time":"2018-11-07T12:53:42+00:00","og_image":[{"width":1050,"height":585,"url":"https:\/\/www.babyartikel.de\/magazin\/wp-content\/uploads\/2015\/11\/b36_vorlesetag.jpg","type":"image\/jpeg"}],"author":"Anne","twitter_card":"summary_large_image","twitter_misc":{"Verfasst von":"Anne","Gesch\u00e4tzte Lesezeit":"3\u00a0Minuten"},"schema":{"@context":"https:\/\/schema.org","@graph":[{"@type":"Article","@id":"https:\/\/www.babyartikel.de\/magazin\/warum-gibt-es-den-vorlesetag#article","isPartOf":{"@id":"https:\/\/www.babyartikel.de\/magazin\/warum-gibt-es-den-vorlesetag"},"author":{"name":"Anne","@id":"https:\/\/www.babyartikel.de\/magazin\/#\/schema\/person\/c14b99a236c7e8e0440181061ecff817"},"headline":"Warum gibt es den Vorlesetag?","datePublished":"2015-11-13T08:31:01+00:00","dateModified":"2018-11-07T12:53:42+00:00","mainEntityOfPage":{"@id":"https:\/\/www.babyartikel.de\/magazin\/warum-gibt-es-den-vorlesetag"},"wordCount":518,"commentCount":1,"image":{"@id":"https:\/\/www.babyartikel.de\/magazin\/warum-gibt-es-den-vorlesetag#primaryimage"},"thumbnailUrl":"https:\/\/media.babyartikel.de\/magazin\/wp-content\/uploads\/2015\/11\/b36_vorlesetag.jpg","articleSection":["Baby","Kleinkind","Leben mit Baby","Leben mit Kleinkind","Mamablogger berichten"],"inLanguage":"de","potentialAction":[{"@type":"CommentAction","name":"Comment","target":["https:\/\/www.babyartikel.de\/magazin\/warum-gibt-es-den-vorlesetag#respond"]}]},{"@type":"WebPage","@id":"https:\/\/www.babyartikel.de\/magazin\/warum-gibt-es-den-vorlesetag","url":"https:\/\/www.babyartikel.de\/magazin\/warum-gibt-es-den-vorlesetag","name":"Warum gibt es den Vorlesetag? | Babyartikel.de Magazin","isPartOf":{"@id":"https:\/\/www.babyartikel.de\/magazin\/#website"},"primaryImageOfPage":{"@id":"https:\/\/www.babyartikel.de\/magazin\/warum-gibt-es-den-vorlesetag#primaryimage"},"image":{"@id":"https:\/\/www.babyartikel.de\/magazin\/warum-gibt-es-den-vorlesetag#primaryimage"},"thumbnailUrl":"https:\/\/media.babyartikel.de\/magazin\/wp-content\/uploads\/2015\/11\/b36_vorlesetag.jpg","datePublished":"2015-11-13T08:31:01+00:00","dateModified":"2018-11-07T12:53:42+00:00","author":{"@id":"https:\/\/www.babyartikel.de\/magazin\/#\/schema\/person\/c14b99a236c7e8e0440181061ecff817"},"breadcrumb":{"@id":"https:\/\/www.babyartikel.de\/magazin\/warum-gibt-es-den-vorlesetag#breadcrumb"},"inLanguage":"de","potentialAction":[{"@type":"ReadAction","target":["https:\/\/www.babyartikel.de\/magazin\/warum-gibt-es-den-vorlesetag"]}]},{"@type":"ImageObject","inLanguage":"de","@id":"https:\/\/www.babyartikel.de\/magazin\/warum-gibt-es-den-vorlesetag#primaryimage","url":"https:\/\/media.babyartikel.de\/magazin\/wp-content\/uploads\/2015\/11\/b36_vorlesetag.jpg","contentUrl":"https:\/\/media.babyartikel.de\/magazin\/wp-content\/uploads\/2015\/11\/b36_vorlesetag.jpg","width":1050,"height":585,"caption":"Vorlesetag f\u00fcr Kinder"},{"@type":"BreadcrumbList","@id":"https:\/\/www.babyartikel.de\/magazin\/warum-gibt-es-den-vorlesetag#breadcrumb","itemListElement":[{"@type":"ListItem","position":1,"name":"Startseite","item":"https:\/\/www.babyartikel.de\/magazin"},{"@type":"ListItem","position":2,"name":"Warum gibt es den Vorlesetag?"}]},{"@type":"WebSite","@id":"https:\/\/www.babyartikel.de\/magazin\/#website","url":"https:\/\/www.babyartikel.de\/magazin\/","name":"Babyartikel.de Magazin","description":"","potentialAction":[{"@type":"SearchAction","target":{"@type":"EntryPoint","urlTemplate":"https:\/\/www.babyartikel.de\/magazin\/?s={search_term_string}"},"query-input":{"@type":"PropertyValueSpecification","valueRequired":true,"valueName":"search_term_string"}}],"inLanguage":"de"},{"@type":"Person","@id":"https:\/\/www.babyartikel.de\/magazin\/#\/schema\/person\/c14b99a236c7e8e0440181061ecff817","name":"Anne","image":{"@type":"ImageObject","inLanguage":"de","@id":"https:\/\/secure.gravatar.com\/avatar\/dc6bb895c7854c302aeeafbb6333e6f220ba26106b9f9a0202f83b0104b3729f?s=96&d=mm&r=g","url":"https:\/\/secure.gravatar.com\/avatar\/dc6bb895c7854c302aeeafbb6333e6f220ba26106b9f9a0202f83b0104b3729f?s=96&d=mm&r=g","contentUrl":"https:\/\/secure.gravatar.com\/avatar\/dc6bb895c7854c302aeeafbb6333e6f220ba26106b9f9a0202f83b0104b3729f?s=96&d=mm&r=g","caption":"Anne"},"description":"Hallo! Ich bin Anne, 33 Jahre alt und Mama von zwei Jungs. Der Kleine wurde erst vor neun Wochen geboren und der Gro\u00dfe ist schon drei Jahre alt. Zusammen mit dem \u00e4ltesten \u201eJungen\u201c im Bunde (37) \u2013 auch Papa genannt \u2013 leben wir vier im bunten Berlin. Wenn ich meinen Lebensweg in einem Satz zusammenfassen m\u00fcsste, w\u00fcrde der momentan so lauten: Ich bin in Baden-W\u00fcrttemberg geboren, aufgewachsen und ausgebildet worden, habe in Bayern gearbeitet und in Berlin meine Kinder zur Welt gebracht und geheiratet. Schon seit einer Weile habe ich mit dem Gedanken gespielt \u00fcber meinen Alltag als Mama zu bloggen und freue mich, dass jetzt der Zeitpunkt gekommen ist, um damit anzufangen. Ich hoffe, dass ich dem ein oder anderen mit meinen Tipps, Erfahrungen und Gedanken zum ganz normalen Familienwahnsinn weiterhelfen oder euch einfach nur unterhalten kann.","url":"https:\/\/www.babyartikel.de\/magazin\/author\/anne"}]}},"abstract_sku":"","_links":{"self":[{"href":"https:\/\/www.babyartikel.de\/magazin\/wp-json\/wp\/v2\/posts\/16904","targetHints":{"allow":["GET"]}}],"collection":[{"href":"https:\/\/www.babyartikel.de\/magazin\/wp-json\/wp\/v2\/posts"}],"about":[{"href":"https:\/\/www.babyartikel.de\/magazin\/wp-json\/wp\/v2\/types\/post"}],"author":[{"embeddable":true,"href":"https:\/\/www.babyartikel.de\/magazin\/wp-json\/wp\/v2\/users\/19"}],"replies":[{"embeddable":true,"href":"https:\/\/www.babyartikel.de\/magazin\/wp-json\/wp\/v2\/comments?post=16904"}],"version-history":[{"count":10,"href":"https:\/\/www.babyartikel.de\/magazin\/wp-json\/wp\/v2\/posts\/16904\/revisions"}],"predecessor-version":[{"id":60519,"href":"https:\/\/www.babyartikel.de\/magazin\/wp-json\/wp\/v2\/posts\/16904\/revisions\/60519"}],"wp:featuredmedia":[{"embeddable":true,"href":"https:\/\/www.babyartikel.de\/magazin\/wp-json\/wp\/v2\/media\/17065"}],"wp:attachment":[{"href":"https:\/\/www.babyartikel.de\/magazin\/wp-json\/wp\/v2\/media?parent=16904"}],"wp:term":[{"taxonomy":"category","embeddable":true,"href":"https:\/\/www.babyartikel.de\/magazin\/wp-json\/wp\/v2\/categories?post=16904"},{"taxonomy":"post_tag","embeddable":true,"href":"https:\/\/www.babyartikel.de\/magazin\/wp-json\/wp\/v2\/tags?post=16904"}],"curies":[{"name":"wp","href":"https:\/\/api.w.org\/{rel}","templated":true}]}}