
{"id":17714,"date":"2015-12-18T13:05:22","date_gmt":"2015-12-18T12:05:22","guid":{"rendered":"\/magazin\/?p=17714"},"modified":"2023-12-06T15:48:31","modified_gmt":"2023-12-06T14:48:31","slug":"fremdelphase-mit-14-monaten","status":"publish","type":"post","link":"https:\/\/www.babyartikel.de\/magazin\/fremdelphase-mit-14-monaten","title":{"rendered":"Fremdelphase mit 14 Monaten"},"content":{"rendered":"<p>Mein kleiner Spatz war gerade 14 Monate alt, als seine Fremdelphase begann. Zum ersten Mal nahm ich sie bewusst wahr. <a href=\"\/magazin\/mein-kind-fremdelt-was-kann-ich-tun\">Die erste Fremdelphase, die mit sechs Monaten sein soll<\/a>, haben wir irgendwie ausgelassen. Vielleicht waren die Zeichen meines Kleinen auch nicht so ausgepr&auml;gt, oder ich kann mich einfach nicht mehr daran erinnern. In diesem Fall kann ich es sogar noch auf die Stilldemenz schieben ;-)<div id=\"ez-toc-container\" class=\"ez-toc-v2_0_82_2 counter-flat ez-toc-counter ez-toc-white ez-toc-container-direction\">\n<div class=\"ez-toc-title-container\">\n<p class=\"ez-toc-title\" style=\"cursor:inherit\">Inhaltsverzeichnis<\/p>\n<span class=\"ez-toc-title-toggle\"><a href=\"#\" class=\"ez-toc-pull-right ez-toc-btn ez-toc-btn-xs ez-toc-btn-default ez-toc-toggle\" aria-label=\"Toggle Table of Content\"><span class=\"ez-toc-js-icon-con\"><span class=\"\"><span class=\"eztoc-hide\" style=\"display:none;\">Toggle<\/span><span class=\"ez-toc-icon-toggle-span\"><svg style=\"fill: #999;color:#999\" xmlns=\"http:\/\/www.w3.org\/2000\/svg\" class=\"list-377408\" width=\"20px\" height=\"20px\" viewBox=\"0 0 24 24\" fill=\"none\"><path d=\"M6 6H4v2h2V6zm14 0H8v2h12V6zM4 11h2v2H4v-2zm16 0H8v2h12v-2zM4 16h2v2H4v-2zm16 0H8v2h12v-2z\" fill=\"currentColor\"><\/path><\/svg><svg style=\"fill: #999;color:#999\" class=\"arrow-unsorted-368013\" xmlns=\"http:\/\/www.w3.org\/2000\/svg\" width=\"10px\" height=\"10px\" viewBox=\"0 0 24 24\" version=\"1.2\" baseProfile=\"tiny\"><path d=\"M18.2 9.3l-6.2-6.3-6.2 6.3c-.2.2-.3.4-.3.7s.1.5.3.7c.2.2.4.3.7.3h11c.3 0 .5-.1.7-.3.2-.2.3-.5.3-.7s-.1-.5-.3-.7zM5.8 14.7l6.2 6.3 6.2-6.3c.2-.2.3-.5.3-.7s-.1-.5-.3-.7c-.2-.2-.4-.3-.7-.3h-11c-.3 0-.5.1-.7.3-.2.2-.3.5-.3.7s.1.5.3.7z\"\/><\/svg><\/span><\/span><\/span><\/a><\/span><\/div>\n<nav><ul class='ez-toc-list ez-toc-list-level-1 ' ><li class='ez-toc-page-1'><a class=\"ez-toc-link ez-toc-heading-1\" href=\"https:\/\/www.babyartikel.de\/magazin\/fremdelphase-mit-14-monaten\/#Schleichender_Anfang\" >Schleichender Anfang<\/a><\/li><li class='ez-toc-page-1'><a class=\"ez-toc-link ez-toc-heading-2\" href=\"https:\/\/www.babyartikel.de\/magazin\/fremdelphase-mit-14-monaten\/#Abschied_ist_schwer_%E2%80%A6\" >Abschied ist schwer &hellip;<\/a><\/li><li class='ez-toc-page-1'><a class=\"ez-toc-link ez-toc-heading-3\" href=\"https:\/\/www.babyartikel.de\/magazin\/fremdelphase-mit-14-monaten\/#%E2%80%A6_Einschlafen_auch\" >&hellip; Einschlafen auch<\/a><\/li><li class='ez-toc-page-1'><a class=\"ez-toc-link ez-toc-heading-4\" href=\"https:\/\/www.babyartikel.de\/magazin\/fremdelphase-mit-14-monaten\/#Fremdelphase_geschafft\" >Fremdelphase geschafft!<\/a><\/li><\/ul><\/nav><\/div>\n<h2><span class=\"ez-toc-section\" id=\"Schleichender_Anfang\"><\/span>Schleichender Anfang<span class=\"ez-toc-section-end\"><\/span><\/h2><p>Wir waren gerade bei meinen Eltern zu Besuch, als in mir die Vermutung aufkam, dass mein kleiner Spatz in einer Fremdelphase sein k&ouml;nnte. Es waren kurze Momente, welche diese Vermutung immer st&auml;rker werden lie&szlig;.<\/p><p>Meine Mutter passte auf den Kleinen auf, w&auml;hrend ich kurz einkaufen ging. Als ich zur&uuml;ckkam, war mein Kleiner erleichtert mich zu sehen und kam mir entgegen gekrabbelt. Bisher schien es immer so, als ob er meine Abwesenheit gar nicht gemerkt hat. Diese Reaktion war also neu.<\/p><div class=\"marketing-slot\"><div id=\"block-18\" class=\"content-post-widget marketing-slot-1 widget_block\"><a href=\"#\" class=\"newsletter_popup\" style=\"\n  display: inline-block;\n  box-shadow: 0 4px 10px rgba(0,0,0,0.1);\n  margin: 20px auto;\n  max-width: 800px;\n  width: 100%;\">\n  <img src=\"https:\/\/media.babyartikel.de\/magazin\/wp-content\/uploads\/2025\/08\/NL-Banner-Magazin-8-25.webp\" alt=\"Newsletter Banner\" style=\"\n    width: 100%;\n    height: auto;\n    display: block;\" onclick=\"ga('send', 'event', 'banner', 'click', 'magazin-banner-newsletter-8-25');\">\n<\/a>\n\n\t<!-- Modal -->\n\t<div class=\"modal fade modal_popup\" id=\"newsletter_popup\" tabindex=\"-1\" aria-labelledby=\"exampleModalLabel\" aria-hidden=\"true\">\n\t\t<div class=\"modal-dialog modal-dialog-centered modal-dialog-scrollable\">\n\t\t\t<div class=\"modal-content\">\n\t\t\t\t<div class=\"modal-header small-header\">\n\t\t\t\t\t<h5 class=\"modal-title\" id=\"newsletterModalLabel\">\n\t\t\t\t\t\tNewsletter\t\t\t\t\t<\/h5>\n\t\t\t\t\t<button type=\"button\" class=\"btn-close small-close\" data-bs-dismiss=\"modal\" aria-label=\"Close\"><\/button>\n\t\t\t\t<\/div>\n\n\t\t\t\t<div class=\"modal-body\">\n\t\t\t\t\t\t<div class=\"newsletterForm-embed popup-form\">\n        <form name=\"newsletterSubscriptionForm\" id=\"newsletter_popup_69f352e20fef7_form\" data-newsletter-id=\"newsletter_popup_69f352e20fef7\" method=\"POST\">\n\n\t\t\t<input type=\"text\" name=\"website\" class=\"hidden\" tabindex=\"-1\" autocomplete=\"off\" style=\"position:absolute;left:-9999px;\">\n\t\t\t<input type=\"hidden\" name=\"ts\" value=\"1777554146\">\n\n\t\t\t                <input type=\"hidden\" name=\"emarsys-event-id\" value=\"3756\">\n            \n            \t\t\t<div class=\"mb-3\">\n\t\t\t\t<label for=\"date\" class=\"form-label\">Geburtstag\/ -termin Deines Babys<\/label>\n                <input type=\"date\" name=\"date\" class=\"input input--expand form-control\" required>\n\t\t\t<\/div>\n            \n\t\t\t<div class=\"mb-3\">\n\t\t\t\t<label for=\"email\" class=\"form-label\">E-Mail-Adresse<\/label>\n\t\t\t\t<input type=\"email\" name=\"email\" placeholder=\"E-Mail-Adresse\" class=\"input input--expand form-control\" required>\n\t\t\t<\/div>\n\n\t\t\t\t\t\t\t<button type=\"submit\" class=\"btn btn-primary\">Absenden<\/button>\n\t\t\t\n\t\t\t\t\t\t\t<div class=\"small mt-3\" style=\"font-weight:normal;\">\n\t\t\t\t\t\n\t\t\t<div class=\"mt-3\">\n\t\t\t\tJa, ich m&ouml;chte den Newsletter von Babyartikel.de erhalten und &uuml;ber Aktionen informiert werden.\n  Dabei darf mein Nutzungsverhalten (z. B. &Ouml;ffnungen und Klicks) zur Personalisierung ausgewertet werden.\n  Mehr finde ich in der <a href=\"\/de\/datenschutz\" style=\"text-decoration:underline\">Datenschutzerkl&auml;rung<\/a>.\n\t\t\t<\/div>\n\t\t\t\t\t\t<\/div>\n\t\t\t\n\t\t\t\t\t\t\t<div class=\"small mb-3 mt-3\" style=\"font-weight:normal;\">\n\t\t\t\t\tJederzeit abbestellbar | <a href=\"\/de\/datenschutz\" style=\"text-decoration:underline\">\n\t\t\t\t\t\tDatenschutzerkl&auml;rung\n\t\t\t\t\t<\/a>\n\t\t\t\t<\/div>\n\t\t\t\n        <\/form>\n    <\/div>\n\t\n\t\t\t\t\t<div class=\"response-messages_newsletter_popup_69f352e20fef7\">\n\t\t\t\t\t\t<div class=\"alert alert-success success mt-3 mb-3 d-none\">\n\t\t\t\t\t\t\tNur noch ein Klick! Best&auml;tige Deine Anmeldung in der E-Mail, die du gleich erh&auml;ltst.\t\t\t\t\t\t<\/div>\n\t\t\t\t\t\t<div class=\"error mt-3 mb-3 d-none\">\n\t\t\t\t\t\t\t<div class=\"alert alert-danger \">\n\t\t\t\t\t\t\t\tEin Fehler ist aufgetreten. Bitte versuche es sp&auml;ter erneut.\t\t\t\t\t\t\t<\/div>\n\t\t\t\t\t\t<\/div>\n\t\t\t\t\t\t<div class=\"alert alert-danger other-2007 mt-3 mb-3 d-none\">\n\t\t\t\t\t\t\tUng&Atilde;&frac14;ltiges Datumsformat\t\t\t\t\t\t<\/div>\n\t\t\t\t\t<\/div>\n\t\t\t\t<\/div>\n\t\t\t<\/div>\n\t\t<\/div>\n\t<\/div>\n\n\t<\/div><!-- content-widget --><\/div><p>Gegen Ende meines Heimaturlaubes bemerkte ich immer wieder, dass er zur&uuml;ck in meine Arme wollte. Selbst wenn er bei guten Freunden oder Verwandten auf dem Arm war. Zur&uuml;ck auf meinem Arm schien er immer selbstsicherer zu sein. Das war eine weitere deutliche Ver&auml;nderung, denn bisher st&ouml;rte ihn das nicht.<\/p><h2><span class=\"ez-toc-section\" id=\"Abschied_ist_schwer_%E2%80%A6\"><\/span>Abschied ist schwer &hellip;<span class=\"ez-toc-section-end\"><\/span><\/h2><p>Zur&uuml;ck in Berlin sind unsere beiden Jungs wieder in die Kita gegangen. Ich machte mir bereits Gedanken, wie die Verabschiedung im Kindergarten werden w&uuml;rde. Vielleicht erinnert Ihr Euch daran, dass ich bei der <a href=\"https:\/\/www.babyartikel.de\/magazin\/wie-lange-dauert-die-kitaeingewoehnung\">Eingew&ouml;hnung <\/a>froh war, dass er die Trennungen so gut hinnahm. Allerdings schwante mir da schon, dass noch eine Fremdelphase kommen w&uuml;rde.<\/p><div class=\"postslot1\">[articles]<link rel=\"stylesheet\" href=\"https:\/\/cdn.jsdelivr.net\/npm\/swiper@8\/swiper-bundle.min.css\"><\/div><div class=\"marketing-slot\"><div id=\"block-25\" class=\"content-post-widget marketing-slot-2 widget_block\"><a href=\"https:\/\/www.babyartikel.de\/de\/angebote\" data-track-link-click=\"true\" data-track-name=\"nyoutlet2026-magazin\" data-track-medium=\"banner-magazin-post\" data-track-campaign=\"magazin-banner-nyoutlet2026\" onclick=\"ga('send', 'event', 'banner', 'click', 'magazin-banner-nyoutlet2026');\" style=\"display:block;width:100%;text-align:center;\"><img src=\"https:\/\/media.babyartikel.de\/magazin\/wp-content\/uploads\/2026\/01\/NY-Outlet-10-2026.webp\" alt=\"Sale\" style=\"max-width:100%;\"><\/a><\/div><!-- content-widget --><\/div><p>Wie dem auch sei, Papa brachte die Jungs morgens in die Kita und ich konnte mich der Blogarbeit und den Bewerbungen widmen. Zur&uuml;ck zu Hause, berichtete mir Papa dann, dass unserem Kleinen der Abschied schwergefallen ist. Also hatten sich meine Bef&uuml;rchtungen leider bewahrheitet.<\/p><p>Nat&uuml;rlich war mir klar, dass unser Kleiner sich nach zwei Wochen Mama, Papa, Bruder und Gro&szlig;eltern erst wieder an den Alltag gew&ouml;hnen muss. Nun kam auch noch die Fremdelphase dazu. Das war nat&uuml;rlich doppelt schwer. Die ersten zwei Wochen, fiel unserem kleinen Spatz der Abschied nicht leicht. Am liebsten h&auml;tte ich ihn immer wieder gern zur&uuml;ck zu mir auf den Arm genommen. Aber das h&auml;tte es f&uuml;r ihn noch schwerer gemacht. Eine der beiden Erzieherinnen nahm ihn oft zu sich auf den Arm, bis er sich wieder mehr l&ouml;sen konnte. Ich bin ihr so dankbar daf&uuml;r und froh, dass dies in unserer Kita m&ouml;glich ist!<\/p><p>Mittags beim Abholen viel mir mein Kleiner dann quasi in die Arme. Innerhalb kurzer Zeit war er gut drauf und freute sich auf Mama-Zeit Zuhause. Und ich erst!<\/p><h2><span class=\"ez-toc-section\" id=\"%E2%80%A6_Einschlafen_auch\"><\/span>&hellip; Einschlafen auch<span class=\"ez-toc-section-end\"><\/span><\/h2><p>Zu Hause war unser Spatz anh&auml;nglicher als sonst. Vor allem abends beim Insbettbringen. Nach Sandm&auml;nnchen, Bad und Buch angucken ist unser Kleiner meist m&uuml;de. Er g&auml;hnt, reibt sich die Augen oder quengelt etwas und kuschelt sich dann noch mal an mich.<\/p><p>Auch w&auml;hrend der Fremdelphase war das so. Ich achtete deshalb besonders drauf, da diese M&uuml;digkeitsanzeichen wie weggefegt waren, sobald ich ihn ins Bett legte. Im ersten Moment merkte ich es nicht und dachte jeden Abend aufs Neue, &bdquo;Also heute ist er wirklich m&uuml;de und wird bald einschlafen!&ldquo;. Doch w&auml;hrend ich ihn streichelte oder leise sang, fing er an zu plappern. Was soll ich sagen, er klang so wach wie morgens nach dem Aufstehen. Puh, Ihr k&ouml;nnt Euch meine Entt&auml;uschung sicher vorstellen. Es ist, als ob man ein St&uuml;ck Schokolade vor sich liegen hat und eigentlich nur reinbei&szlig;en m&uuml;sste und im n&auml;chsten Moment scheint die Schokolade eine Joggingrunde weit weg zu liegen. Also stellte ich mich jeden Abend erneut auf l&auml;ngeres Einschlafbegleiten vor. Zu meinem Gl&uuml;ck dauerte es dann meist nicht so lange, wie im ersten Moment bef&uuml;rchtet.<\/p><h2><span class=\"ez-toc-section\" id=\"Fremdelphase_geschafft\"><\/span>Fremdelphase geschafft!<span class=\"ez-toc-section-end\"><\/span><\/h2><p>Nach zwei Wochen tat sich mein Kleiner dann deutlich leichter beim morgendlichen Abschied in der Kita. Das &auml;nderte gottseidank auch eine Woche Erk&auml;ltung mit Husten nicht.<\/p><p>Letzte Woche Montag war der Nikolaus in der Kita. Anstatt sich zu f&uuml;rchten, ist mein kleiner Spatz auf den Nikolaus zugekrabbelt und hat sich sein Geschenk abgeholt. Da wusste ich dann, die Fremdelphase ist vorbei!<\/p><p>Jetzt, nach der zweiten Hustenrunde, setzten wir die n&auml;chste Erk&auml;ltungswelle hoffentlich aus ;-)<\/p><p>Dr&uuml;ck&lsquo; Euch und Euren Knirpsen die Daumen, dass Ihr nicht krank werdet! Allen bei denen das zu sp&auml;t kommt, gute und baldige Besserung!!!<\/p><p>&#10148; <a href=\"https:\/\/www.babyartikel.de\/magazin\/baby-14-monate-vom-laufen-schlafen-und-wutanfaellen\">Erfahre in Julias Beitrag mehr &uuml;ber die Entwicklung, den Schlafbedarf und alterstypische Themen Deines Kindes mit 14 Monaten.<\/a><\/p><div class=\"credits-overlay\" data-target=\".wp-image-17718\"><a href=\"#\" target=\"_blank\">&copy; Anne<\/a><\/div><\/p>\n","protected":false},"excerpt":{"rendered":"<p>Mein kleiner Spatz war gerade 14 Monate alt, als seine Fremdelphase begann. Zum ersten Mal nahm ich sie bewusst wahr. Die erste Fremdelphase, die mit sechs Monaten sein soll, haben wir irgendwie ausgelassen. Vielleicht waren die Zeichen meines Kleinen auch nicht so ausgepr&auml;gt, oder ich kann mich einfach nicht mehr daran erinnern. In diesem Fall [&#8230;]<\/p>\n<p><a class=\"btn btn-secondary understrap-read-more-link\" href=\"https:\/\/www.babyartikel.de\/magazin\/fremdelphase-mit-14-monaten\">Weiterlesen&#8230;<\/a><\/p>\n","protected":false},"author":19,"featured_media":17718,"comment_status":"open","ping_status":"open","sticky":false,"template":"","format":"standard","meta":{"_acf_changed":false,"footnotes":""},"categories":[1430,2824,2802],"tags":[1514],"class_list":["post-17714","post","type-post","status-publish","format-standard","has-post-thumbnail","hentry","category-kleinkind","category-entwicklung-kleinkind","category-mamablogger-berichten","tag-kita"],"acf":[],"yoast_head":"<!-- This site is optimized with the Yoast SEO Premium plugin v27.2 (Yoast SEO v27.2) - https:\/\/yoast.com\/product\/yoast-seo-premium-wordpress\/ -->\n<title>Fremdelphase mit 14 Monaten | Babyartikel.de Magazin<\/title>\n<meta name=\"robots\" content=\"index, follow, max-snippet:-1, max-image-preview:large, max-video-preview:-1\" \/>\n<link rel=\"canonical\" href=\"https:\/\/www.babyartikel.de\/magazin\/fremdelphase-mit-14-monaten\" \/>\n<meta property=\"og:locale\" content=\"de_DE\" \/>\n<meta property=\"og:type\" content=\"article\" \/>\n<meta property=\"og:title\" content=\"Fremdelphase mit 14 Monaten\" \/>\n<meta property=\"og:description\" content=\"Mein kleiner Spatz war gerade 14 Monate alt, als seine Fremdelphase begann. Zum ersten Mal nahm ich sie bewusst wahr. Die erste Fremdelphase, die mit sechs Monaten sein soll, haben wir irgendwie ausgelassen. Vielleicht waren die Zeichen meines Kleinen auch nicht so ausgepr&auml;gt, oder ich kann mich einfach nicht mehr daran erinnern. In diesem Fall [...]Weiterlesen...\" \/>\n<meta property=\"og:url\" content=\"https:\/\/www.babyartikel.de\/magazin\/fremdelphase-mit-14-monaten\" \/>\n<meta property=\"og:site_name\" content=\"Babyartikel.de Magazin\" \/>\n<meta property=\"article:published_time\" content=\"2015-12-18T12:05:22+00:00\" \/>\n<meta property=\"article:modified_time\" content=\"2023-12-06T14:48:31+00:00\" \/>\n<meta property=\"og:image\" content=\"https:\/\/cdn.magazin.babyartikel.de\/magazin\/wp-content\/uploads\/2015\/12\/b40_fremdelphase-14Monate.jpg\" \/>\n\t<meta property=\"og:image:width\" content=\"1024\" \/>\n\t<meta property=\"og:image:height\" content=\"652\" \/>\n\t<meta property=\"og:image:type\" content=\"image\/jpeg\" \/>\n<meta name=\"author\" content=\"Anne\" \/>\n<meta name=\"twitter:card\" content=\"summary_large_image\" \/>\n<meta name=\"twitter:label1\" content=\"Verfasst von\" \/>\n\t<meta name=\"twitter:data1\" content=\"Anne\" \/>\n\t<meta name=\"twitter:label2\" content=\"Gesch\u00e4tzte Lesezeit\" \/>\n\t<meta name=\"twitter:data2\" content=\"5\u00a0Minuten\" \/>\n<script type=\"application\/ld+json\" class=\"yoast-schema-graph\">{\"@context\":\"https:\/\/schema.org\",\"@graph\":[{\"@type\":\"Article\",\"@id\":\"https:\/\/www.babyartikel.de\/magazin\/fremdelphase-mit-14-monaten#article\",\"isPartOf\":{\"@id\":\"https:\/\/www.babyartikel.de\/magazin\/fremdelphase-mit-14-monaten\"},\"author\":{\"name\":\"Anne\",\"@id\":\"https:\/\/www.babyartikel.de\/magazin\/#\/schema\/person\/c14b99a236c7e8e0440181061ecff817\"},\"headline\":\"Fremdelphase mit 14 Monaten\",\"datePublished\":\"2015-12-18T12:05:22+00:00\",\"dateModified\":\"2023-12-06T14:48:31+00:00\",\"mainEntityOfPage\":{\"@id\":\"https:\/\/www.babyartikel.de\/magazin\/fremdelphase-mit-14-monaten\"},\"wordCount\":776,\"commentCount\":0,\"image\":{\"@id\":\"https:\/\/www.babyartikel.de\/magazin\/fremdelphase-mit-14-monaten#primaryimage\"},\"thumbnailUrl\":\"https:\/\/media.babyartikel.de\/magazin\/wp-content\/uploads\/2015\/12\/b40_fremdelphase-14Monate.jpg\",\"keywords\":[\"kita\"],\"articleSection\":[\"Kleinkind\",\"Leben mit Kleinkind\",\"Mamablogger berichten\"],\"inLanguage\":\"de\",\"potentialAction\":[{\"@type\":\"CommentAction\",\"name\":\"Comment\",\"target\":[\"https:\/\/www.babyartikel.de\/magazin\/fremdelphase-mit-14-monaten#respond\"]}]},{\"@type\":\"WebPage\",\"@id\":\"https:\/\/www.babyartikel.de\/magazin\/fremdelphase-mit-14-monaten\",\"url\":\"https:\/\/www.babyartikel.de\/magazin\/fremdelphase-mit-14-monaten\",\"name\":\"Fremdelphase mit 14 Monaten | Babyartikel.de Magazin\",\"isPartOf\":{\"@id\":\"https:\/\/www.babyartikel.de\/magazin\/#website\"},\"primaryImageOfPage\":{\"@id\":\"https:\/\/www.babyartikel.de\/magazin\/fremdelphase-mit-14-monaten#primaryimage\"},\"image\":{\"@id\":\"https:\/\/www.babyartikel.de\/magazin\/fremdelphase-mit-14-monaten#primaryimage\"},\"thumbnailUrl\":\"https:\/\/media.babyartikel.de\/magazin\/wp-content\/uploads\/2015\/12\/b40_fremdelphase-14Monate.jpg\",\"datePublished\":\"2015-12-18T12:05:22+00:00\",\"dateModified\":\"2023-12-06T14:48:31+00:00\",\"author\":{\"@id\":\"https:\/\/www.babyartikel.de\/magazin\/#\/schema\/person\/c14b99a236c7e8e0440181061ecff817\"},\"breadcrumb\":{\"@id\":\"https:\/\/www.babyartikel.de\/magazin\/fremdelphase-mit-14-monaten#breadcrumb\"},\"inLanguage\":\"de\",\"potentialAction\":[{\"@type\":\"ReadAction\",\"target\":[\"https:\/\/www.babyartikel.de\/magazin\/fremdelphase-mit-14-monaten\"]}]},{\"@type\":\"ImageObject\",\"inLanguage\":\"de\",\"@id\":\"https:\/\/www.babyartikel.de\/magazin\/fremdelphase-mit-14-monaten#primaryimage\",\"url\":\"https:\/\/media.babyartikel.de\/magazin\/wp-content\/uploads\/2015\/12\/b40_fremdelphase-14Monate.jpg\",\"contentUrl\":\"https:\/\/media.babyartikel.de\/magazin\/wp-content\/uploads\/2015\/12\/b40_fremdelphase-14Monate.jpg\",\"width\":1024,\"height\":652,\"caption\":\"Fremdelphase mit 14 Monaten\"},{\"@type\":\"BreadcrumbList\",\"@id\":\"https:\/\/www.babyartikel.de\/magazin\/fremdelphase-mit-14-monaten#breadcrumb\",\"itemListElement\":[{\"@type\":\"ListItem\",\"position\":1,\"name\":\"Startseite\",\"item\":\"https:\/\/www.babyartikel.de\/magazin\"},{\"@type\":\"ListItem\",\"position\":2,\"name\":\"Fremdelphase mit 14 Monaten\"}]},{\"@type\":\"WebSite\",\"@id\":\"https:\/\/www.babyartikel.de\/magazin\/#website\",\"url\":\"https:\/\/www.babyartikel.de\/magazin\/\",\"name\":\"Babyartikel.de Magazin\",\"description\":\"\",\"potentialAction\":[{\"@type\":\"SearchAction\",\"target\":{\"@type\":\"EntryPoint\",\"urlTemplate\":\"https:\/\/www.babyartikel.de\/magazin\/?s={search_term_string}\"},\"query-input\":{\"@type\":\"PropertyValueSpecification\",\"valueRequired\":true,\"valueName\":\"search_term_string\"}}],\"inLanguage\":\"de\"},{\"@type\":\"Person\",\"@id\":\"https:\/\/www.babyartikel.de\/magazin\/#\/schema\/person\/c14b99a236c7e8e0440181061ecff817\",\"name\":\"Anne\",\"image\":{\"@type\":\"ImageObject\",\"inLanguage\":\"de\",\"@id\":\"https:\/\/secure.gravatar.com\/avatar\/dc6bb895c7854c302aeeafbb6333e6f220ba26106b9f9a0202f83b0104b3729f?s=96&d=mm&r=g\",\"url\":\"https:\/\/secure.gravatar.com\/avatar\/dc6bb895c7854c302aeeafbb6333e6f220ba26106b9f9a0202f83b0104b3729f?s=96&d=mm&r=g\",\"contentUrl\":\"https:\/\/secure.gravatar.com\/avatar\/dc6bb895c7854c302aeeafbb6333e6f220ba26106b9f9a0202f83b0104b3729f?s=96&d=mm&r=g\",\"caption\":\"Anne\"},\"description\":\"Hallo! Ich bin Anne, 33 Jahre alt und Mama von zwei Jungs. Der Kleine wurde erst vor neun Wochen geboren und der Gro\u00dfe ist schon drei Jahre alt. Zusammen mit dem \u00e4ltesten \u201eJungen\u201c im Bunde (37) \u2013 auch Papa genannt \u2013 leben wir vier im bunten Berlin. Wenn ich meinen Lebensweg in einem Satz zusammenfassen m\u00fcsste, w\u00fcrde der momentan so lauten: Ich bin in Baden-W\u00fcrttemberg geboren, aufgewachsen und ausgebildet worden, habe in Bayern gearbeitet und in Berlin meine Kinder zur Welt gebracht und geheiratet. Schon seit einer Weile habe ich mit dem Gedanken gespielt \u00fcber meinen Alltag als Mama zu bloggen und freue mich, dass jetzt der Zeitpunkt gekommen ist, um damit anzufangen. Ich hoffe, dass ich dem ein oder anderen mit meinen Tipps, Erfahrungen und Gedanken zum ganz normalen Familienwahnsinn weiterhelfen oder euch einfach nur unterhalten kann.\",\"url\":\"https:\/\/www.babyartikel.de\/magazin\/author\/anne\"}]}<\/script>\n<!-- \/ Yoast SEO Premium plugin. -->","yoast_head_json":{"title":"Fremdelphase mit 14 Monaten | Babyartikel.de Magazin","robots":{"index":"index","follow":"follow","max-snippet":"max-snippet:-1","max-image-preview":"max-image-preview:large","max-video-preview":"max-video-preview:-1"},"canonical":"https:\/\/www.babyartikel.de\/magazin\/fremdelphase-mit-14-monaten","og_locale":"de_DE","og_type":"article","og_title":"Fremdelphase mit 14 Monaten","og_description":"Mein kleiner Spatz war gerade 14 Monate alt, als seine Fremdelphase begann. Zum ersten Mal nahm ich sie bewusst wahr. Die erste Fremdelphase, die mit sechs Monaten sein soll, haben wir irgendwie ausgelassen. Vielleicht waren die Zeichen meines Kleinen auch nicht so ausgepr&auml;gt, oder ich kann mich einfach nicht mehr daran erinnern. In diesem Fall [...]Weiterlesen...","og_url":"https:\/\/www.babyartikel.de\/magazin\/fremdelphase-mit-14-monaten","og_site_name":"Babyartikel.de Magazin","article_published_time":"2015-12-18T12:05:22+00:00","article_modified_time":"2023-12-06T14:48:31+00:00","og_image":[{"width":1024,"height":652,"url":"https:\/\/cdn.magazin.babyartikel.de\/magazin\/wp-content\/uploads\/2015\/12\/b40_fremdelphase-14Monate.jpg","type":"image\/jpeg"}],"author":"Anne","twitter_card":"summary_large_image","twitter_misc":{"Verfasst von":"Anne","Gesch\u00e4tzte Lesezeit":"5\u00a0Minuten"},"schema":{"@context":"https:\/\/schema.org","@graph":[{"@type":"Article","@id":"https:\/\/www.babyartikel.de\/magazin\/fremdelphase-mit-14-monaten#article","isPartOf":{"@id":"https:\/\/www.babyartikel.de\/magazin\/fremdelphase-mit-14-monaten"},"author":{"name":"Anne","@id":"https:\/\/www.babyartikel.de\/magazin\/#\/schema\/person\/c14b99a236c7e8e0440181061ecff817"},"headline":"Fremdelphase mit 14 Monaten","datePublished":"2015-12-18T12:05:22+00:00","dateModified":"2023-12-06T14:48:31+00:00","mainEntityOfPage":{"@id":"https:\/\/www.babyartikel.de\/magazin\/fremdelphase-mit-14-monaten"},"wordCount":776,"commentCount":0,"image":{"@id":"https:\/\/www.babyartikel.de\/magazin\/fremdelphase-mit-14-monaten#primaryimage"},"thumbnailUrl":"https:\/\/media.babyartikel.de\/magazin\/wp-content\/uploads\/2015\/12\/b40_fremdelphase-14Monate.jpg","keywords":["kita"],"articleSection":["Kleinkind","Leben mit Kleinkind","Mamablogger berichten"],"inLanguage":"de","potentialAction":[{"@type":"CommentAction","name":"Comment","target":["https:\/\/www.babyartikel.de\/magazin\/fremdelphase-mit-14-monaten#respond"]}]},{"@type":"WebPage","@id":"https:\/\/www.babyartikel.de\/magazin\/fremdelphase-mit-14-monaten","url":"https:\/\/www.babyartikel.de\/magazin\/fremdelphase-mit-14-monaten","name":"Fremdelphase mit 14 Monaten | Babyartikel.de Magazin","isPartOf":{"@id":"https:\/\/www.babyartikel.de\/magazin\/#website"},"primaryImageOfPage":{"@id":"https:\/\/www.babyartikel.de\/magazin\/fremdelphase-mit-14-monaten#primaryimage"},"image":{"@id":"https:\/\/www.babyartikel.de\/magazin\/fremdelphase-mit-14-monaten#primaryimage"},"thumbnailUrl":"https:\/\/media.babyartikel.de\/magazin\/wp-content\/uploads\/2015\/12\/b40_fremdelphase-14Monate.jpg","datePublished":"2015-12-18T12:05:22+00:00","dateModified":"2023-12-06T14:48:31+00:00","author":{"@id":"https:\/\/www.babyartikel.de\/magazin\/#\/schema\/person\/c14b99a236c7e8e0440181061ecff817"},"breadcrumb":{"@id":"https:\/\/www.babyartikel.de\/magazin\/fremdelphase-mit-14-monaten#breadcrumb"},"inLanguage":"de","potentialAction":[{"@type":"ReadAction","target":["https:\/\/www.babyartikel.de\/magazin\/fremdelphase-mit-14-monaten"]}]},{"@type":"ImageObject","inLanguage":"de","@id":"https:\/\/www.babyartikel.de\/magazin\/fremdelphase-mit-14-monaten#primaryimage","url":"https:\/\/media.babyartikel.de\/magazin\/wp-content\/uploads\/2015\/12\/b40_fremdelphase-14Monate.jpg","contentUrl":"https:\/\/media.babyartikel.de\/magazin\/wp-content\/uploads\/2015\/12\/b40_fremdelphase-14Monate.jpg","width":1024,"height":652,"caption":"Fremdelphase mit 14 Monaten"},{"@type":"BreadcrumbList","@id":"https:\/\/www.babyartikel.de\/magazin\/fremdelphase-mit-14-monaten#breadcrumb","itemListElement":[{"@type":"ListItem","position":1,"name":"Startseite","item":"https:\/\/www.babyartikel.de\/magazin"},{"@type":"ListItem","position":2,"name":"Fremdelphase mit 14 Monaten"}]},{"@type":"WebSite","@id":"https:\/\/www.babyartikel.de\/magazin\/#website","url":"https:\/\/www.babyartikel.de\/magazin\/","name":"Babyartikel.de Magazin","description":"","potentialAction":[{"@type":"SearchAction","target":{"@type":"EntryPoint","urlTemplate":"https:\/\/www.babyartikel.de\/magazin\/?s={search_term_string}"},"query-input":{"@type":"PropertyValueSpecification","valueRequired":true,"valueName":"search_term_string"}}],"inLanguage":"de"},{"@type":"Person","@id":"https:\/\/www.babyartikel.de\/magazin\/#\/schema\/person\/c14b99a236c7e8e0440181061ecff817","name":"Anne","image":{"@type":"ImageObject","inLanguage":"de","@id":"https:\/\/secure.gravatar.com\/avatar\/dc6bb895c7854c302aeeafbb6333e6f220ba26106b9f9a0202f83b0104b3729f?s=96&d=mm&r=g","url":"https:\/\/secure.gravatar.com\/avatar\/dc6bb895c7854c302aeeafbb6333e6f220ba26106b9f9a0202f83b0104b3729f?s=96&d=mm&r=g","contentUrl":"https:\/\/secure.gravatar.com\/avatar\/dc6bb895c7854c302aeeafbb6333e6f220ba26106b9f9a0202f83b0104b3729f?s=96&d=mm&r=g","caption":"Anne"},"description":"Hallo! Ich bin Anne, 33 Jahre alt und Mama von zwei Jungs. Der Kleine wurde erst vor neun Wochen geboren und der Gro\u00dfe ist schon drei Jahre alt. Zusammen mit dem \u00e4ltesten \u201eJungen\u201c im Bunde (37) \u2013 auch Papa genannt \u2013 leben wir vier im bunten Berlin. Wenn ich meinen Lebensweg in einem Satz zusammenfassen m\u00fcsste, w\u00fcrde der momentan so lauten: Ich bin in Baden-W\u00fcrttemberg geboren, aufgewachsen und ausgebildet worden, habe in Bayern gearbeitet und in Berlin meine Kinder zur Welt gebracht und geheiratet. Schon seit einer Weile habe ich mit dem Gedanken gespielt \u00fcber meinen Alltag als Mama zu bloggen und freue mich, dass jetzt der Zeitpunkt gekommen ist, um damit anzufangen. Ich hoffe, dass ich dem ein oder anderen mit meinen Tipps, Erfahrungen und Gedanken zum ganz normalen Familienwahnsinn weiterhelfen oder euch einfach nur unterhalten kann.","url":"https:\/\/www.babyartikel.de\/magazin\/author\/anne"}]}},"abstract_sku":"","_links":{"self":[{"href":"https:\/\/www.babyartikel.de\/magazin\/wp-json\/wp\/v2\/posts\/17714","targetHints":{"allow":["GET"]}}],"collection":[{"href":"https:\/\/www.babyartikel.de\/magazin\/wp-json\/wp\/v2\/posts"}],"about":[{"href":"https:\/\/www.babyartikel.de\/magazin\/wp-json\/wp\/v2\/types\/post"}],"author":[{"embeddable":true,"href":"https:\/\/www.babyartikel.de\/magazin\/wp-json\/wp\/v2\/users\/19"}],"replies":[{"embeddable":true,"href":"https:\/\/www.babyartikel.de\/magazin\/wp-json\/wp\/v2\/comments?post=17714"}],"version-history":[{"count":4,"href":"https:\/\/www.babyartikel.de\/magazin\/wp-json\/wp\/v2\/posts\/17714\/revisions"}],"predecessor-version":[{"id":908155,"href":"https:\/\/www.babyartikel.de\/magazin\/wp-json\/wp\/v2\/posts\/17714\/revisions\/908155"}],"wp:featuredmedia":[{"embeddable":true,"href":"https:\/\/www.babyartikel.de\/magazin\/wp-json\/wp\/v2\/media\/17718"}],"wp:attachment":[{"href":"https:\/\/www.babyartikel.de\/magazin\/wp-json\/wp\/v2\/media?parent=17714"}],"wp:term":[{"taxonomy":"category","embeddable":true,"href":"https:\/\/www.babyartikel.de\/magazin\/wp-json\/wp\/v2\/categories?post=17714"},{"taxonomy":"post_tag","embeddable":true,"href":"https:\/\/www.babyartikel.de\/magazin\/wp-json\/wp\/v2\/tags?post=17714"}],"curies":[{"name":"wp","href":"https:\/\/api.w.org\/{rel}","templated":true}]}}