
{"id":18229,"date":"2016-01-17T11:16:47","date_gmt":"2016-01-17T10:16:47","guid":{"rendered":"\/magazin\/?p=18229"},"modified":"2016-12-29T09:49:39","modified_gmt":"2016-12-29T08:49:39","slug":"rezept-saftiges-dinkelbrot","status":"publish","type":"post","link":"https:\/\/www.babyartikel.de\/magazin\/rezept-saftiges-dinkelbrot","title":{"rendered":"Rezept: Saftiges Dinkelbrot"},"content":{"rendered":"<p>Letztens habe ich beim B&auml;cker ein Dinkelbrot gekauft und war entt&auml;uscht dar&uuml;ber, dass es so trocken schmeckte. Nicht erst nach ein paar Tagen, sondern gleich beim ersten Probieren. Mit viel Frischk&auml;se hat es trotzdem lecker geschmeckt. Aber es hat mich ins Gr&uuml;beln gebracht, ob man nicht ein <strong>Dinkelbrot<\/strong> machen kann, das feuchter ist und auch ein paar Tage bleibt.<p>Bei diversen Kuchen werden geriebene Mandeln, Karotten oder Zucchini verwendet, die den Kuchen auch nach zwei Tagen noch saftig bleiben lassen. Also probierte ich immer wieder eigene Rezepte aus. Mal ein Dinkelbrot mit geriebenen Mandeln, mal mit Karotten oder Zucchini. Es hat tats&auml;chlich geklappt. Mit Zutaten, die die Feuchtigkeit im Brot halten, schmeckt auch ein Dinkelbrot nicht mehr trocken.<\/p><p>Am besten schmeckt uns allen die Karottenvariante. Die finden wir superlecker! Daher verrate ich Euch hier mein Rezept:<\/p><div class=\"marketing-slot\"><div id=\"block-18\" class=\"content-post-widget marketing-slot-1 widget_block\"><a href=\"#\" class=\"newsletter_popup\" style=\"\n  display: inline-block;\n  box-shadow: 0 4px 10px rgba(0,0,0,0.1);\n  margin: 20px auto;\n  max-width: 800px;\n  width: 100%;\">\n  <img src=\"https:\/\/media.babyartikel.de\/magazin\/wp-content\/uploads\/2025\/08\/NL-Banner-Magazin-8-25.webp\" alt=\"Newsletter Banner\" style=\"\n    width: 100%;\n    height: auto;\n    display: block;\" onclick=\"ga('send', 'event', 'banner', 'click', 'magazin-banner-newsletter-8-25');\">\n<\/a>\n\n\t<!-- Modal -->\n\t<div class=\"modal fade modal_popup\" id=\"newsletter_popup\" tabindex=\"-1\" aria-labelledby=\"exampleModalLabel\" aria-hidden=\"true\">\n\t\t<div class=\"modal-dialog modal-dialog-centered modal-dialog-scrollable\">\n\t\t\t<div class=\"modal-content\">\n\t\t\t\t<div class=\"modal-header small-header\">\n\t\t\t\t\t<h5 class=\"modal-title\" id=\"newsletterModalLabel\">\n\t\t\t\t\t\tNewsletter\t\t\t\t\t<\/h5>\n\t\t\t\t\t<button type=\"button\" class=\"btn-close small-close\" data-bs-dismiss=\"modal\" aria-label=\"Close\"><\/button>\n\t\t\t\t<\/div>\n\n\t\t\t\t<div class=\"modal-body\">\n\t\t\t\t\t\t<div class=\"newsletterForm-embed popup-form\">\n        <form name=\"newsletterSubscriptionForm\" id=\"newsletter_popup_69f352e217a4f_form\" data-newsletter-id=\"newsletter_popup_69f352e217a4f\" method=\"POST\">\n\n\t\t\t<input type=\"text\" name=\"website\" class=\"hidden\" tabindex=\"-1\" autocomplete=\"off\" style=\"position:absolute;left:-9999px;\">\n\t\t\t<input type=\"hidden\" name=\"ts\" value=\"1777554146\">\n\n\t\t\t                <input type=\"hidden\" name=\"emarsys-event-id\" value=\"3756\">\n            \n            \t\t\t<div class=\"mb-3\">\n\t\t\t\t<label for=\"date\" class=\"form-label\">Geburtstag\/ -termin Deines Babys<\/label>\n                <input type=\"date\" name=\"date\" class=\"input input--expand form-control\" required>\n\t\t\t<\/div>\n            \n\t\t\t<div class=\"mb-3\">\n\t\t\t\t<label for=\"email\" class=\"form-label\">E-Mail-Adresse<\/label>\n\t\t\t\t<input type=\"email\" name=\"email\" placeholder=\"E-Mail-Adresse\" class=\"input input--expand form-control\" required>\n\t\t\t<\/div>\n\n\t\t\t\t\t\t\t<button type=\"submit\" class=\"btn btn-primary\">Absenden<\/button>\n\t\t\t\n\t\t\t\t\t\t\t<div class=\"small mt-3\" style=\"font-weight:normal;\">\n\t\t\t\t\t\n\t\t\t<div class=\"mt-3\">\n\t\t\t\tJa, ich m&ouml;chte den Newsletter von Babyartikel.de erhalten und &uuml;ber Aktionen informiert werden.\n  Dabei darf mein Nutzungsverhalten (z. B. &Ouml;ffnungen und Klicks) zur Personalisierung ausgewertet werden.\n  Mehr finde ich in der <a href=\"\/de\/datenschutz\" style=\"text-decoration:underline\">Datenschutzerkl&auml;rung<\/a>.\n\t\t\t<\/div>\n\t\t\t\t\t\t<\/div>\n\t\t\t\n\t\t\t\t\t\t\t<div class=\"small mb-3 mt-3\" style=\"font-weight:normal;\">\n\t\t\t\t\tJederzeit abbestellbar | <a href=\"\/de\/datenschutz\" style=\"text-decoration:underline\">\n\t\t\t\t\t\tDatenschutzerkl&auml;rung\n\t\t\t\t\t<\/a>\n\t\t\t\t<\/div>\n\t\t\t\n        <\/form>\n    <\/div>\n\t\n\t\t\t\t\t<div class=\"response-messages_newsletter_popup_69f352e217a4f\">\n\t\t\t\t\t\t<div class=\"alert alert-success success mt-3 mb-3 d-none\">\n\t\t\t\t\t\t\tNur noch ein Klick! Best&auml;tige Deine Anmeldung in der E-Mail, die du gleich erh&auml;ltst.\t\t\t\t\t\t<\/div>\n\t\t\t\t\t\t<div class=\"error mt-3 mb-3 d-none\">\n\t\t\t\t\t\t\t<div class=\"alert alert-danger \">\n\t\t\t\t\t\t\t\tEin Fehler ist aufgetreten. Bitte versuche es sp&auml;ter erneut.\t\t\t\t\t\t\t<\/div>\n\t\t\t\t\t\t<\/div>\n\t\t\t\t\t\t<div class=\"alert alert-danger other-2007 mt-3 mb-3 d-none\">\n\t\t\t\t\t\t\tUng&Atilde;&frac14;ltiges Datumsformat\t\t\t\t\t\t<\/div>\n\t\t\t\t\t<\/div>\n\t\t\t\t<\/div>\n\t\t\t<\/div>\n\t\t<\/div>\n\t<\/div>\n\n\t<\/div><!-- content-widget --><\/div><div id=\"ez-toc-container\" class=\"ez-toc-v2_0_82_2 counter-flat ez-toc-counter ez-toc-white ez-toc-container-direction\">\n<div class=\"ez-toc-title-container\">\n<p class=\"ez-toc-title\" style=\"cursor:inherit\">Inhaltsverzeichnis<\/p>\n<span class=\"ez-toc-title-toggle\"><a href=\"#\" class=\"ez-toc-pull-right ez-toc-btn ez-toc-btn-xs ez-toc-btn-default ez-toc-toggle\" aria-label=\"Toggle Table of Content\"><span class=\"ez-toc-js-icon-con\"><span class=\"\"><span class=\"eztoc-hide\" style=\"display:none;\">Toggle<\/span><span class=\"ez-toc-icon-toggle-span\"><svg style=\"fill: #999;color:#999\" xmlns=\"http:\/\/www.w3.org\/2000\/svg\" class=\"list-377408\" width=\"20px\" height=\"20px\" viewBox=\"0 0 24 24\" fill=\"none\"><path d=\"M6 6H4v2h2V6zm14 0H8v2h12V6zM4 11h2v2H4v-2zm16 0H8v2h12v-2zM4 16h2v2H4v-2zm16 0H8v2h12v-2z\" fill=\"currentColor\"><\/path><\/svg><svg style=\"fill: #999;color:#999\" class=\"arrow-unsorted-368013\" xmlns=\"http:\/\/www.w3.org\/2000\/svg\" width=\"10px\" height=\"10px\" viewBox=\"0 0 24 24\" version=\"1.2\" baseProfile=\"tiny\"><path d=\"M18.2 9.3l-6.2-6.3-6.2 6.3c-.2.2-.3.4-.3.7s.1.5.3.7c.2.2.4.3.7.3h11c.3 0 .5-.1.7-.3.2-.2.3-.5.3-.7s-.1-.5-.3-.7zM5.8 14.7l6.2 6.3 6.2-6.3c.2-.2.3-.5.3-.7s-.1-.5-.3-.7c-.2-.2-.4-.3-.7-.3h-11c-.3 0-.5.1-.7.3-.2.2-.3.5-.3.7s.1.5.3.7z\"\/><\/svg><\/span><\/span><\/span><\/a><\/span><\/div>\n<nav><ul class='ez-toc-list ez-toc-list-level-1 ' ><li class='ez-toc-page-1'><a class=\"ez-toc-link ez-toc-heading-1\" href=\"https:\/\/www.babyartikel.de\/magazin\/rezept-saftiges-dinkelbrot\/#Zutaten_fuer_das_Dinkelbrot\" >Zutaten f&uuml;r das Dinkelbrot<\/a><\/li><li class='ez-toc-page-1'><a class=\"ez-toc-link ez-toc-heading-2\" href=\"https:\/\/www.babyartikel.de\/magazin\/rezept-saftiges-dinkelbrot\/#Verarbeitung\" >Verarbeitung<\/a><\/li><li class='ez-toc-page-1'><a class=\"ez-toc-link ez-toc-heading-3\" href=\"https:\/\/www.babyartikel.de\/magazin\/rezept-saftiges-dinkelbrot\/#Dinkelbrot-Varianten\" >Dinkelbrot-Varianten<\/a><\/li><\/ul><\/nav><\/div>\n<h2><span class=\"ez-toc-section\" id=\"Zutaten_fuer_das_Dinkelbrot\"><\/span>Zutaten f&uuml;r das Dinkelbrot<span class=\"ez-toc-section-end\"><\/span><\/h2><p>400&nbsp;g Vollkorndinkelmehl<\/p><p>100&nbsp;g Haferflocken<\/p><div class=\"postslot1\">[articles]<link rel=\"stylesheet\" href=\"https:\/\/cdn.jsdelivr.net\/npm\/swiper@8\/swiper-bundle.min.css\"><\/div><div class=\"marketing-slot\"><div id=\"block-25\" class=\"content-post-widget marketing-slot-2 widget_block\"><a href=\"https:\/\/www.babyartikel.de\/de\/angebote\" data-track-link-click=\"true\" data-track-name=\"nyoutlet2026-magazin\" data-track-medium=\"banner-magazin-post\" data-track-campaign=\"magazin-banner-nyoutlet2026\" onclick=\"ga('send', 'event', 'banner', 'click', 'magazin-banner-nyoutlet2026');\" style=\"display:block;width:100%;text-align:center;\"><img src=\"https:\/\/media.babyartikel.de\/magazin\/wp-content\/uploads\/2026\/01\/NY-Outlet-10-2026.webp\" alt=\"Sale\" style=\"max-width:100%;\"><\/a><\/div><!-- content-widget --><\/div><p>200&nbsp;g geriebene Karotten<\/p><p>250&nbsp;ml Wasser<\/p><p>1&nbsp;Pck. Trockenhefe<\/p><p>1,5&nbsp;TL Salz<\/p><p>1-2&nbsp;EL Chia Samen<\/p><p>2&nbsp;EL K&uuml;rbiskerne<\/p><h2><span class=\"ez-toc-section\" id=\"Verarbeitung\"><\/span>Verarbeitung<span class=\"ez-toc-section-end\"><\/span><\/h2><p>Zuerst weiche ich die Chia Samen in Wasser ein und stelle sie beiseite.<\/p><p>Nun mische ich in einer Sch&uuml;ssel Mehl, Haferflocken, Hefe, Salz und die K&uuml;rbiskerne.<\/p><p><a href=\"https:\/\/www.babyartikel.de\/magazin\/wp-content\/uploads\/2016\/01\/b45_Karotten-Dinkelbrot_mehl-etc.jpg\"><img loading=\"lazy\" decoding=\"async\" class=\"size-full wp-image-18233 aligncenter\" src=\"https:\/\/www.babyartikel.de\/magazin\/wp-content\/uploads\/2016\/01\/b45_Karotten-Dinkelbrot_mehl-etc.jpg\" alt=\"Dinkelbrot - Mehl, etc. mischen\" width=\"600\" height=\"450\" srcset=\"https:\/\/media.babyartikel.de\/magazin\/wp-content\/uploads\/2016\/01\/b45_Karotten-Dinkelbrot_mehl-etc.jpg 600w, https:\/\/media.babyartikel.de\/magazin\/wp-content\/uploads\/2016\/01\/b45_Karotten-Dinkelbrot_mehl-etc-150x113.jpg 150w, https:\/\/media.babyartikel.de\/magazin\/wp-content\/uploads\/2016\/01\/b45_Karotten-Dinkelbrot_mehl-etc-300x225.jpg 300w\" sizes=\"auto, (max-width: 600px) 100vw, 600px\"><\/a><\/p><p>Anschlie&szlig;end reibe ich die Karotten und gebe sie zu dem Mehl. Die Chia Samen sind mittlerweile geleeartig geworden und kommen ebenfalls zum Mehl.<\/p><p><a href=\"https:\/\/www.babyartikel.de\/magazin\/wp-content\/uploads\/2016\/01\/b45_Karotten-Dinkelbrot_geriebene-karotten.jpg\"><img loading=\"lazy\" decoding=\"async\" class=\"size-full wp-image-18232 aligncenter\" src=\"https:\/\/www.babyartikel.de\/magazin\/wp-content\/uploads\/2016\/01\/b45_Karotten-Dinkelbrot_geriebene-karotten.jpg\" alt=\"Dinkelbrot - Karotten reiben\" width=\"600\" height=\"450\" srcset=\"https:\/\/media.babyartikel.de\/magazin\/wp-content\/uploads\/2016\/01\/b45_Karotten-Dinkelbrot_geriebene-karotten.jpg 600w, https:\/\/media.babyartikel.de\/magazin\/wp-content\/uploads\/2016\/01\/b45_Karotten-Dinkelbrot_geriebene-karotten-150x113.jpg 150w, https:\/\/media.babyartikel.de\/magazin\/wp-content\/uploads\/2016\/01\/b45_Karotten-Dinkelbrot_geriebene-karotten-300x225.jpg 300w\" sizes=\"auto, (max-width: 600px) 100vw, 600px\"><\/a><\/p><p>Nun r&uuml;hre ich das Wasser nach und nach unter. So lange, bis sich der Teig von der Sch&uuml;ssel l&ouml;st. Je nachdem wie viel Wasser bei den Chia Samen dabei war, brauche ich etwas mehr oder weniger Wasser als 250&nbsp;ml.<\/p><p><a href=\"https:\/\/www.babyartikel.de\/magazin\/wp-content\/uploads\/2016\/01\/b45_Karotten-Dinkelbrot_wasser.jpg\"><img loading=\"lazy\" decoding=\"async\" class=\"size-full wp-image-18234 aligncenter\" src=\"https:\/\/www.babyartikel.de\/magazin\/wp-content\/uploads\/2016\/01\/b45_Karotten-Dinkelbrot_wasser.jpg\" alt=\"Dinkelbrot - Wasser\" width=\"600\" height=\"450\" srcset=\"https:\/\/media.babyartikel.de\/magazin\/wp-content\/uploads\/2016\/01\/b45_Karotten-Dinkelbrot_wasser.jpg 600w, https:\/\/media.babyartikel.de\/magazin\/wp-content\/uploads\/2016\/01\/b45_Karotten-Dinkelbrot_wasser-150x113.jpg 150w, https:\/\/media.babyartikel.de\/magazin\/wp-content\/uploads\/2016\/01\/b45_Karotten-Dinkelbrot_wasser-300x225.jpg 300w\" sizes=\"auto, (max-width: 600px) 100vw, 600px\"><br>\n<\/a><a href=\"https:\/\/www.babyartikel.de\/magazin\/wp-content\/uploads\/2016\/01\/b45_Karotten-Dinkelbrot_alles-mischen.jpg\"><img loading=\"lazy\" decoding=\"async\" class=\"size-full wp-image-18236 aligncenter\" src=\"https:\/\/www.babyartikel.de\/magazin\/wp-content\/uploads\/2016\/01\/b45_Karotten-Dinkelbrot_alles-mischen.jpg\" alt=\"Dinkelbrot - alles mischen\" width=\"600\" height=\"450\" srcset=\"https:\/\/media.babyartikel.de\/magazin\/wp-content\/uploads\/2016\/01\/b45_Karotten-Dinkelbrot_alles-mischen.jpg 600w, https:\/\/media.babyartikel.de\/magazin\/wp-content\/uploads\/2016\/01\/b45_Karotten-Dinkelbrot_alles-mischen-150x113.jpg 150w, https:\/\/media.babyartikel.de\/magazin\/wp-content\/uploads\/2016\/01\/b45_Karotten-Dinkelbrot_alles-mischen-300x225.jpg 300w\" sizes=\"auto, (max-width: 600px) 100vw, 600px\"><\/a><\/p><p>Wenn der Teig fertig ist, lasse ich ihn 45-60&nbsp;min gehen. Wenn Ihr die Sch&uuml;ssel mit dem Teig in einen warmen Raum oder neben die Heizung stellt, geht er schneller auf.<\/p><p>Bevor ich den Teig in eine rechteckige Backform gebe, knete ich ihn von Hand noch mal durch. Mit einem nassen L&ouml;ffel streiche ich den Teig in der Backform glatt.<\/p><p><a href=\"https:\/\/www.babyartikel.de\/magazin\/wp-content\/uploads\/2016\/01\/b45_Karotten-Dinkelbrot_backform.jpg\"><img loading=\"lazy\" decoding=\"async\" class=\"size-full wp-image-18231 aligncenter\" src=\"https:\/\/www.babyartikel.de\/magazin\/wp-content\/uploads\/2016\/01\/b45_Karotten-Dinkelbrot_backform.jpg\" alt=\"Dinkelbrot - Teig in Brotbackform\" width=\"600\" height=\"366\" srcset=\"https:\/\/media.babyartikel.de\/magazin\/wp-content\/uploads\/2016\/01\/b45_Karotten-Dinkelbrot_backform.jpg 600w, https:\/\/media.babyartikel.de\/magazin\/wp-content\/uploads\/2016\/01\/b45_Karotten-Dinkelbrot_backform-150x92.jpg 150w, https:\/\/media.babyartikel.de\/magazin\/wp-content\/uploads\/2016\/01\/b45_Karotten-Dinkelbrot_backform-300x183.jpg 300w\" sizes=\"auto, (max-width: 600px) 100vw, 600px\"><\/a><\/p><p>Dann hei&szlig;t es: Ab in den Ofen! Ich lasse das Brot bei 180&deg; und Umluft backen. Bei Ober- und Unterhitze w&uuml;rde ich mal 200&deg; ausprobieren. Den Ofen mache ich erst an, wenn das Brot drinnen ist. So geht der Teig noch einmal etwas auf.<\/p><p>Nach 45&nbsp;min nehme ich das Brot aus dem Ofen und auch gleich aus der Backform.<\/p><h2><span class=\"ez-toc-section\" id=\"Dinkelbrot-Varianten\"><\/span>Dinkelbrot-Varianten<span class=\"ez-toc-section-end\"><\/span><\/h2><p>Seit mein kleiner Spatz auch festere Sachen gut kauen kann, mische ich unter das Mehl auch gerne mal ein paar zerhackte Waln&uuml;sse. Sonnenblumenkerne oder Hirse schmecken auch toll im Brot. Da hat man ein bisschen mehr zu bei&szlig;en.<\/p><p>Geriebene &Auml;pfel habe ich auch schon einmal ausprobiert. Allerdings hatte ich da nur noch zwei Kleine. Demnach hat das Brot nicht sehr viel von der Apfels&uuml;&szlig;e gehabt. Das n&auml;chste Mal werde ich zwei gro&szlig;e &Auml;pfel oder vier kleine nehmen. Vielleicht auch Apfelsaft statt Wasser. Das schmeckt bestimmt lecker s&uuml;&szlig;. Ein Fr&uuml;hst&uuml;cksbrot sozusagen oder f&uuml;rs Vesper.<\/p><p>Nat&uuml;rlich kann man auch Gem&uuml;ses&auml;fte anstelle von Wasser nehmen. Dann schmeckt das Brot etwas w&uuml;rziger und bekommt eine Farbe.<\/p><p>Probiert doch einfach mal Eure Dinkelbrotvariante aus. Lasst Euch nicht entmutigen, falls es beim ersten Mal nicht so hinhaut wie Ihr Euch das vorgestellt habt! Bei mir hat auch nicht jede Version hingehauen.<\/p><p><strong>Ich w&uuml;nsche Euch gutes Gelingen und anschlie&szlig;end einen guten Appetit! :-)<\/strong><\/p><div class=\"credits-overlay\" data-target=\".wp-image-18237\"><a href=\"#\" target=\"_blank\">&copy; Anne<\/a><\/div><div class=\"credits-overlay\" data-target=\".wp-image-18233\"><a href=\"#\" target=\"_blank\">&copy; Anne<\/a><\/div><div class=\"credits-overlay\" data-target=\".wp-image-18232\"><a href=\"#\" target=\"_blank\">&copy; Anne<\/a><\/div><div class=\"credits-overlay\" data-target=\".wp-image-18234\"><a href=\"#\" target=\"_blank\">&copy; Anne<\/a><\/div><div class=\"credits-overlay\" data-target=\".wp-image-18236\"><a href=\"#\" target=\"_blank\">&copy; Anne<\/a><\/div><div class=\"credits-overlay\" data-target=\".wp-image-18231\"><a href=\"#\" target=\"_blank\">&copy; Anne<\/a><\/div><\/p>\n","protected":false},"excerpt":{"rendered":"<p>Letztens habe ich beim B&auml;cker ein Dinkelbrot gekauft und war entt&auml;uscht dar&uuml;ber, dass es so trocken schmeckte. Nicht erst nach ein paar Tagen, sondern gleich beim ersten Probieren. Mit viel Frischk&auml;se hat es trotzdem lecker geschmeckt. Aber es hat mich ins Gr&uuml;beln gebracht, ob man nicht ein Dinkelbrot machen kann, das feuchter ist und auch [&#8230;]<\/p>\n<p><a class=\"btn btn-secondary understrap-read-more-link\" href=\"https:\/\/www.babyartikel.de\/magazin\/rezept-saftiges-dinkelbrot\">Weiterlesen&#8230;<\/a><\/p>\n","protected":false},"author":19,"featured_media":18237,"comment_status":"open","ping_status":"open","sticky":false,"template":"","format":"standard","meta":{"_acf_changed":false,"footnotes":""},"categories":[2802],"tags":[],"class_list":["post-18229","post","type-post","status-publish","format-standard","has-post-thumbnail","hentry","category-mamablogger-berichten"],"acf":[],"yoast_head":"<!-- This site is optimized with the Yoast SEO Premium plugin v27.2 (Yoast SEO v27.2) - https:\/\/yoast.com\/product\/yoast-seo-premium-wordpress\/ -->\n<title>Rezept: Saftiges Dinkelbrot | Babyartikel.de Magazin<\/title>\n<meta name=\"robots\" content=\"index, follow, max-snippet:-1, max-image-preview:large, max-video-preview:-1\" \/>\n<link rel=\"canonical\" href=\"https:\/\/www.babyartikel.de\/magazin\/rezept-saftiges-dinkelbrot\" \/>\n<meta property=\"og:locale\" content=\"de_DE\" \/>\n<meta property=\"og:type\" content=\"article\" \/>\n<meta property=\"og:title\" content=\"Rezept: Saftiges Dinkelbrot\" \/>\n<meta property=\"og:description\" content=\"Letztens habe ich beim B&auml;cker ein Dinkelbrot gekauft und war entt&auml;uscht dar&uuml;ber, dass es so trocken schmeckte. Nicht erst nach ein paar Tagen, sondern gleich beim ersten Probieren. Mit viel Frischk&auml;se hat es trotzdem lecker geschmeckt. Aber es hat mich ins Gr&uuml;beln gebracht, ob man nicht ein Dinkelbrot machen kann, das feuchter ist und auch [...]Weiterlesen...\" \/>\n<meta property=\"og:url\" content=\"https:\/\/www.babyartikel.de\/magazin\/rezept-saftiges-dinkelbrot\" \/>\n<meta property=\"og:site_name\" content=\"Babyartikel.de Magazin\" \/>\n<meta property=\"article:published_time\" content=\"2016-01-17T10:16:47+00:00\" \/>\n<meta property=\"article:modified_time\" content=\"2016-12-29T08:49:39+00:00\" \/>\n<meta property=\"og:image\" content=\"https:\/\/www.babyartikel.de\/magazin\/wp-content\/uploads\/2016\/01\/b45_Karottendinkelbrot1.jpg\" \/>\n\t<meta property=\"og:image:width\" content=\"1024\" \/>\n\t<meta property=\"og:image:height\" content=\"605\" \/>\n\t<meta property=\"og:image:type\" content=\"image\/jpeg\" \/>\n<meta name=\"author\" content=\"Anne\" \/>\n<meta name=\"twitter:card\" content=\"summary_large_image\" \/>\n<meta name=\"twitter:label1\" content=\"Verfasst von\" \/>\n\t<meta name=\"twitter:data1\" content=\"Anne\" \/>\n\t<meta name=\"twitter:label2\" content=\"Gesch\u00e4tzte Lesezeit\" \/>\n\t<meta name=\"twitter:data2\" content=\"3\u00a0Minuten\" \/>\n<script type=\"application\/ld+json\" class=\"yoast-schema-graph\">{\"@context\":\"https:\/\/schema.org\",\"@graph\":[{\"@type\":\"Article\",\"@id\":\"https:\/\/www.babyartikel.de\/magazin\/rezept-saftiges-dinkelbrot#article\",\"isPartOf\":{\"@id\":\"https:\/\/www.babyartikel.de\/magazin\/rezept-saftiges-dinkelbrot\"},\"author\":{\"name\":\"Anne\",\"@id\":\"https:\/\/www.babyartikel.de\/magazin\/#\/schema\/person\/c14b99a236c7e8e0440181061ecff817\"},\"headline\":\"Rezept: Saftiges Dinkelbrot\",\"datePublished\":\"2016-01-17T10:16:47+00:00\",\"dateModified\":\"2016-12-29T08:49:39+00:00\",\"mainEntityOfPage\":{\"@id\":\"https:\/\/www.babyartikel.de\/magazin\/rezept-saftiges-dinkelbrot\"},\"wordCount\":557,\"commentCount\":0,\"image\":{\"@id\":\"https:\/\/www.babyartikel.de\/magazin\/rezept-saftiges-dinkelbrot#primaryimage\"},\"thumbnailUrl\":\"https:\/\/media.babyartikel.de\/magazin\/wp-content\/uploads\/2016\/01\/b45_Karottendinkelbrot1.jpg\",\"articleSection\":[\"Mamablogger berichten\"],\"inLanguage\":\"de\",\"potentialAction\":[{\"@type\":\"CommentAction\",\"name\":\"Comment\",\"target\":[\"https:\/\/www.babyartikel.de\/magazin\/rezept-saftiges-dinkelbrot#respond\"]}]},{\"@type\":\"WebPage\",\"@id\":\"https:\/\/www.babyartikel.de\/magazin\/rezept-saftiges-dinkelbrot\",\"url\":\"https:\/\/www.babyartikel.de\/magazin\/rezept-saftiges-dinkelbrot\",\"name\":\"Rezept: Saftiges Dinkelbrot | Babyartikel.de Magazin\",\"isPartOf\":{\"@id\":\"https:\/\/www.babyartikel.de\/magazin\/#website\"},\"primaryImageOfPage\":{\"@id\":\"https:\/\/www.babyartikel.de\/magazin\/rezept-saftiges-dinkelbrot#primaryimage\"},\"image\":{\"@id\":\"https:\/\/www.babyartikel.de\/magazin\/rezept-saftiges-dinkelbrot#primaryimage\"},\"thumbnailUrl\":\"https:\/\/media.babyartikel.de\/magazin\/wp-content\/uploads\/2016\/01\/b45_Karottendinkelbrot1.jpg\",\"datePublished\":\"2016-01-17T10:16:47+00:00\",\"dateModified\":\"2016-12-29T08:49:39+00:00\",\"author\":{\"@id\":\"https:\/\/www.babyartikel.de\/magazin\/#\/schema\/person\/c14b99a236c7e8e0440181061ecff817\"},\"breadcrumb\":{\"@id\":\"https:\/\/www.babyartikel.de\/magazin\/rezept-saftiges-dinkelbrot#breadcrumb\"},\"inLanguage\":\"de\",\"potentialAction\":[{\"@type\":\"ReadAction\",\"target\":[\"https:\/\/www.babyartikel.de\/magazin\/rezept-saftiges-dinkelbrot\"]}]},{\"@type\":\"ImageObject\",\"inLanguage\":\"de\",\"@id\":\"https:\/\/www.babyartikel.de\/magazin\/rezept-saftiges-dinkelbrot#primaryimage\",\"url\":\"https:\/\/media.babyartikel.de\/magazin\/wp-content\/uploads\/2016\/01\/b45_Karottendinkelbrot1.jpg\",\"contentUrl\":\"https:\/\/media.babyartikel.de\/magazin\/wp-content\/uploads\/2016\/01\/b45_Karottendinkelbrot1.jpg\",\"width\":1024,\"height\":605,\"caption\":\"Rezept: saftiges Dinkelbrot\"},{\"@type\":\"BreadcrumbList\",\"@id\":\"https:\/\/www.babyartikel.de\/magazin\/rezept-saftiges-dinkelbrot#breadcrumb\",\"itemListElement\":[{\"@type\":\"ListItem\",\"position\":1,\"name\":\"Startseite\",\"item\":\"https:\/\/www.babyartikel.de\/magazin\"},{\"@type\":\"ListItem\",\"position\":2,\"name\":\"Rezept: Saftiges Dinkelbrot\"}]},{\"@type\":\"WebSite\",\"@id\":\"https:\/\/www.babyartikel.de\/magazin\/#website\",\"url\":\"https:\/\/www.babyartikel.de\/magazin\/\",\"name\":\"Babyartikel.de Magazin\",\"description\":\"\",\"potentialAction\":[{\"@type\":\"SearchAction\",\"target\":{\"@type\":\"EntryPoint\",\"urlTemplate\":\"https:\/\/www.babyartikel.de\/magazin\/?s={search_term_string}\"},\"query-input\":{\"@type\":\"PropertyValueSpecification\",\"valueRequired\":true,\"valueName\":\"search_term_string\"}}],\"inLanguage\":\"de\"},{\"@type\":\"Person\",\"@id\":\"https:\/\/www.babyartikel.de\/magazin\/#\/schema\/person\/c14b99a236c7e8e0440181061ecff817\",\"name\":\"Anne\",\"image\":{\"@type\":\"ImageObject\",\"inLanguage\":\"de\",\"@id\":\"https:\/\/secure.gravatar.com\/avatar\/dc6bb895c7854c302aeeafbb6333e6f220ba26106b9f9a0202f83b0104b3729f?s=96&d=mm&r=g\",\"url\":\"https:\/\/secure.gravatar.com\/avatar\/dc6bb895c7854c302aeeafbb6333e6f220ba26106b9f9a0202f83b0104b3729f?s=96&d=mm&r=g\",\"contentUrl\":\"https:\/\/secure.gravatar.com\/avatar\/dc6bb895c7854c302aeeafbb6333e6f220ba26106b9f9a0202f83b0104b3729f?s=96&d=mm&r=g\",\"caption\":\"Anne\"},\"description\":\"Hallo! Ich bin Anne, 33 Jahre alt und Mama von zwei Jungs. Der Kleine wurde erst vor neun Wochen geboren und der Gro\u00dfe ist schon drei Jahre alt. Zusammen mit dem \u00e4ltesten \u201eJungen\u201c im Bunde (37) \u2013 auch Papa genannt \u2013 leben wir vier im bunten Berlin. Wenn ich meinen Lebensweg in einem Satz zusammenfassen m\u00fcsste, w\u00fcrde der momentan so lauten: Ich bin in Baden-W\u00fcrttemberg geboren, aufgewachsen und ausgebildet worden, habe in Bayern gearbeitet und in Berlin meine Kinder zur Welt gebracht und geheiratet. Schon seit einer Weile habe ich mit dem Gedanken gespielt \u00fcber meinen Alltag als Mama zu bloggen und freue mich, dass jetzt der Zeitpunkt gekommen ist, um damit anzufangen. Ich hoffe, dass ich dem ein oder anderen mit meinen Tipps, Erfahrungen und Gedanken zum ganz normalen Familienwahnsinn weiterhelfen oder euch einfach nur unterhalten kann.\",\"url\":\"https:\/\/www.babyartikel.de\/magazin\/author\/anne\"}]}<\/script>\n<!-- \/ Yoast SEO Premium plugin. -->","yoast_head_json":{"title":"Rezept: Saftiges Dinkelbrot | Babyartikel.de Magazin","robots":{"index":"index","follow":"follow","max-snippet":"max-snippet:-1","max-image-preview":"max-image-preview:large","max-video-preview":"max-video-preview:-1"},"canonical":"https:\/\/www.babyartikel.de\/magazin\/rezept-saftiges-dinkelbrot","og_locale":"de_DE","og_type":"article","og_title":"Rezept: Saftiges Dinkelbrot","og_description":"Letztens habe ich beim B&auml;cker ein Dinkelbrot gekauft und war entt&auml;uscht dar&uuml;ber, dass es so trocken schmeckte. Nicht erst nach ein paar Tagen, sondern gleich beim ersten Probieren. Mit viel Frischk&auml;se hat es trotzdem lecker geschmeckt. Aber es hat mich ins Gr&uuml;beln gebracht, ob man nicht ein Dinkelbrot machen kann, das feuchter ist und auch [...]Weiterlesen...","og_url":"https:\/\/www.babyartikel.de\/magazin\/rezept-saftiges-dinkelbrot","og_site_name":"Babyartikel.de Magazin","article_published_time":"2016-01-17T10:16:47+00:00","article_modified_time":"2016-12-29T08:49:39+00:00","og_image":[{"width":1024,"height":605,"url":"https:\/\/www.babyartikel.de\/magazin\/wp-content\/uploads\/2016\/01\/b45_Karottendinkelbrot1.jpg","type":"image\/jpeg"}],"author":"Anne","twitter_card":"summary_large_image","twitter_misc":{"Verfasst von":"Anne","Gesch\u00e4tzte Lesezeit":"3\u00a0Minuten"},"schema":{"@context":"https:\/\/schema.org","@graph":[{"@type":"Article","@id":"https:\/\/www.babyartikel.de\/magazin\/rezept-saftiges-dinkelbrot#article","isPartOf":{"@id":"https:\/\/www.babyartikel.de\/magazin\/rezept-saftiges-dinkelbrot"},"author":{"name":"Anne","@id":"https:\/\/www.babyartikel.de\/magazin\/#\/schema\/person\/c14b99a236c7e8e0440181061ecff817"},"headline":"Rezept: Saftiges Dinkelbrot","datePublished":"2016-01-17T10:16:47+00:00","dateModified":"2016-12-29T08:49:39+00:00","mainEntityOfPage":{"@id":"https:\/\/www.babyartikel.de\/magazin\/rezept-saftiges-dinkelbrot"},"wordCount":557,"commentCount":0,"image":{"@id":"https:\/\/www.babyartikel.de\/magazin\/rezept-saftiges-dinkelbrot#primaryimage"},"thumbnailUrl":"https:\/\/media.babyartikel.de\/magazin\/wp-content\/uploads\/2016\/01\/b45_Karottendinkelbrot1.jpg","articleSection":["Mamablogger berichten"],"inLanguage":"de","potentialAction":[{"@type":"CommentAction","name":"Comment","target":["https:\/\/www.babyartikel.de\/magazin\/rezept-saftiges-dinkelbrot#respond"]}]},{"@type":"WebPage","@id":"https:\/\/www.babyartikel.de\/magazin\/rezept-saftiges-dinkelbrot","url":"https:\/\/www.babyartikel.de\/magazin\/rezept-saftiges-dinkelbrot","name":"Rezept: Saftiges Dinkelbrot | Babyartikel.de Magazin","isPartOf":{"@id":"https:\/\/www.babyartikel.de\/magazin\/#website"},"primaryImageOfPage":{"@id":"https:\/\/www.babyartikel.de\/magazin\/rezept-saftiges-dinkelbrot#primaryimage"},"image":{"@id":"https:\/\/www.babyartikel.de\/magazin\/rezept-saftiges-dinkelbrot#primaryimage"},"thumbnailUrl":"https:\/\/media.babyartikel.de\/magazin\/wp-content\/uploads\/2016\/01\/b45_Karottendinkelbrot1.jpg","datePublished":"2016-01-17T10:16:47+00:00","dateModified":"2016-12-29T08:49:39+00:00","author":{"@id":"https:\/\/www.babyartikel.de\/magazin\/#\/schema\/person\/c14b99a236c7e8e0440181061ecff817"},"breadcrumb":{"@id":"https:\/\/www.babyartikel.de\/magazin\/rezept-saftiges-dinkelbrot#breadcrumb"},"inLanguage":"de","potentialAction":[{"@type":"ReadAction","target":["https:\/\/www.babyartikel.de\/magazin\/rezept-saftiges-dinkelbrot"]}]},{"@type":"ImageObject","inLanguage":"de","@id":"https:\/\/www.babyartikel.de\/magazin\/rezept-saftiges-dinkelbrot#primaryimage","url":"https:\/\/media.babyartikel.de\/magazin\/wp-content\/uploads\/2016\/01\/b45_Karottendinkelbrot1.jpg","contentUrl":"https:\/\/media.babyartikel.de\/magazin\/wp-content\/uploads\/2016\/01\/b45_Karottendinkelbrot1.jpg","width":1024,"height":605,"caption":"Rezept: saftiges Dinkelbrot"},{"@type":"BreadcrumbList","@id":"https:\/\/www.babyartikel.de\/magazin\/rezept-saftiges-dinkelbrot#breadcrumb","itemListElement":[{"@type":"ListItem","position":1,"name":"Startseite","item":"https:\/\/www.babyartikel.de\/magazin"},{"@type":"ListItem","position":2,"name":"Rezept: Saftiges Dinkelbrot"}]},{"@type":"WebSite","@id":"https:\/\/www.babyartikel.de\/magazin\/#website","url":"https:\/\/www.babyartikel.de\/magazin\/","name":"Babyartikel.de Magazin","description":"","potentialAction":[{"@type":"SearchAction","target":{"@type":"EntryPoint","urlTemplate":"https:\/\/www.babyartikel.de\/magazin\/?s={search_term_string}"},"query-input":{"@type":"PropertyValueSpecification","valueRequired":true,"valueName":"search_term_string"}}],"inLanguage":"de"},{"@type":"Person","@id":"https:\/\/www.babyartikel.de\/magazin\/#\/schema\/person\/c14b99a236c7e8e0440181061ecff817","name":"Anne","image":{"@type":"ImageObject","inLanguage":"de","@id":"https:\/\/secure.gravatar.com\/avatar\/dc6bb895c7854c302aeeafbb6333e6f220ba26106b9f9a0202f83b0104b3729f?s=96&d=mm&r=g","url":"https:\/\/secure.gravatar.com\/avatar\/dc6bb895c7854c302aeeafbb6333e6f220ba26106b9f9a0202f83b0104b3729f?s=96&d=mm&r=g","contentUrl":"https:\/\/secure.gravatar.com\/avatar\/dc6bb895c7854c302aeeafbb6333e6f220ba26106b9f9a0202f83b0104b3729f?s=96&d=mm&r=g","caption":"Anne"},"description":"Hallo! Ich bin Anne, 33 Jahre alt und Mama von zwei Jungs. Der Kleine wurde erst vor neun Wochen geboren und der Gro\u00dfe ist schon drei Jahre alt. Zusammen mit dem \u00e4ltesten \u201eJungen\u201c im Bunde (37) \u2013 auch Papa genannt \u2013 leben wir vier im bunten Berlin. Wenn ich meinen Lebensweg in einem Satz zusammenfassen m\u00fcsste, w\u00fcrde der momentan so lauten: Ich bin in Baden-W\u00fcrttemberg geboren, aufgewachsen und ausgebildet worden, habe in Bayern gearbeitet und in Berlin meine Kinder zur Welt gebracht und geheiratet. Schon seit einer Weile habe ich mit dem Gedanken gespielt \u00fcber meinen Alltag als Mama zu bloggen und freue mich, dass jetzt der Zeitpunkt gekommen ist, um damit anzufangen. Ich hoffe, dass ich dem ein oder anderen mit meinen Tipps, Erfahrungen und Gedanken zum ganz normalen Familienwahnsinn weiterhelfen oder euch einfach nur unterhalten kann.","url":"https:\/\/www.babyartikel.de\/magazin\/author\/anne"}]}},"abstract_sku":"","_links":{"self":[{"href":"https:\/\/www.babyartikel.de\/magazin\/wp-json\/wp\/v2\/posts\/18229","targetHints":{"allow":["GET"]}}],"collection":[{"href":"https:\/\/www.babyartikel.de\/magazin\/wp-json\/wp\/v2\/posts"}],"about":[{"href":"https:\/\/www.babyartikel.de\/magazin\/wp-json\/wp\/v2\/types\/post"}],"author":[{"embeddable":true,"href":"https:\/\/www.babyartikel.de\/magazin\/wp-json\/wp\/v2\/users\/19"}],"replies":[{"embeddable":true,"href":"https:\/\/www.babyartikel.de\/magazin\/wp-json\/wp\/v2\/comments?post=18229"}],"version-history":[{"count":15,"href":"https:\/\/www.babyartikel.de\/magazin\/wp-json\/wp\/v2\/posts\/18229\/revisions"}],"predecessor-version":[{"id":18261,"href":"https:\/\/www.babyartikel.de\/magazin\/wp-json\/wp\/v2\/posts\/18229\/revisions\/18261"}],"wp:featuredmedia":[{"embeddable":true,"href":"https:\/\/www.babyartikel.de\/magazin\/wp-json\/wp\/v2\/media\/18237"}],"wp:attachment":[{"href":"https:\/\/www.babyartikel.de\/magazin\/wp-json\/wp\/v2\/media?parent=18229"}],"wp:term":[{"taxonomy":"category","embeddable":true,"href":"https:\/\/www.babyartikel.de\/magazin\/wp-json\/wp\/v2\/categories?post=18229"},{"taxonomy":"post_tag","embeddable":true,"href":"https:\/\/www.babyartikel.de\/magazin\/wp-json\/wp\/v2\/tags?post=18229"}],"curies":[{"name":"wp","href":"https:\/\/api.w.org\/{rel}","templated":true}]}}