
{"id":18293,"date":"2016-02-17T11:09:15","date_gmt":"2016-02-17T10:09:15","guid":{"rendered":"\/magazin\/?p=18293"},"modified":"2022-08-02T10:31:34","modified_gmt":"2022-08-02T08:31:34","slug":"warum-wir-unserem-baby-keinen-brei-geben","status":"publish","type":"post","link":"https:\/\/www.babyartikel.de\/magazin\/warum-wir-unserem-baby-keinen-brei-geben","title":{"rendered":"Warum wir unserem Baby keinen Brei geben"},"content":{"rendered":"<p>Manche<img loading=\"lazy\" decoding=\"async\" src=\"https:\/\/ssl-vg03.met.vgwort.de\/na\/9583127dc28449b6ae3e56fead69479d\" alt=\"\" width=\"1\" height=\"1\"> bekommen ihn schon mit wenigen Wochen, viele erst mit 6 Monaten: den ersten Brei. F&uuml;r Eltern wie auch f&uuml;r die Kleinsten ist das ein gro&szlig;es Ereignis, eine gro&szlig;e Umstellung. Von reiner Milchnahrung hin zu festem Essen. Auch unser Baby hat die 6 Monate voll und wir haben mit Beikost begonnen. Allerdings nicht mit Brei.<p>Bei einer Freundin habe ich es zum ersten Mal erlebt: ihre Kleine, mittlerweile 10 Monate, isst ganz normales Essen. Keinen Brei. Den hat sie n&auml;mlich partout nicht angenommen, w&auml;hrend sie Fingerfood und feste Nahrung gen&uuml;sslich in sich hineinstopft. So hat sie mit 8 Monaten zum Fr&uuml;hst&uuml;ck eine Banane, eine Birne und dazu ein Butterbrot vertilgt. <a href=\"https:\/\/www.babyartikel.de\/magazin\/breifrei-so-waren-unsere-ersten-wochen\">Breifrei<\/a>. <a href=\"https:\/\/www.babyartikel.de\/magazin\/baby-led-weaning\">Baby-led-weaning<\/a>. Egal, wie man es nennt, dahinter steht eine ganze Reihe an &Uuml;berlegungen und Gr&uuml;nden, nicht den traditionellen Weg mit Babybrei zu gehen.<\/p><h2 class=\"wp-block-heading\" id=\"h-vorteil-fur-uns-weniger-aufwand\">Vorteil f&uuml;r uns: weniger Aufwand<\/h2><p>Der Grund, der mich letztendlich restlos &uuml;berzeugt hat: kein Brei bedeutet auch <strong>weniger&nbsp;Stress<\/strong>: kein gesondertes Kochen, kein Mitschleppen oder Einkaufen von Gl&auml;schen, kein Suchen nach einer M&ouml;glichkeit, diese unterwegs zu erw&auml;rmen. Kein Kind f&uuml;ttern und dann selbst essen, kein Betteln, dass das Baby noch ein L&ouml;ffelchen nimmt, weil dann die geplante Menge erreicht w&auml;re oder das Gl&auml;schen leer.<\/p><div class=\"marketing-slot\"><div id=\"block-18\" class=\"content-post-widget marketing-slot-1 widget_block\"><a href=\"#\" class=\"newsletter_popup\" style=\"\n  display: inline-block;\n  box-shadow: 0 4px 10px rgba(0,0,0,0.1);\n  margin: 20px auto;\n  max-width: 800px;\n  width: 100%;\">\n  <img src=\"https:\/\/media.babyartikel.de\/magazin\/wp-content\/uploads\/2025\/08\/NL-Banner-Magazin-8-25.webp\" alt=\"Newsletter Banner\" style=\"\n    width: 100%;\n    height: auto;\n    display: block;\" onclick=\"ga('send', 'event', 'banner', 'click', 'magazin-banner-newsletter-8-25');\">\n<\/a>\n\n\t<!-- Modal -->\n\t<div class=\"modal fade modal_popup\" id=\"newsletter_popup\" tabindex=\"-1\" aria-labelledby=\"exampleModalLabel\" aria-hidden=\"true\">\n\t\t<div class=\"modal-dialog modal-dialog-centered modal-dialog-scrollable\">\n\t\t\t<div class=\"modal-content\">\n\t\t\t\t<div class=\"modal-header small-header\">\n\t\t\t\t\t<h5 class=\"modal-title\" id=\"newsletterModalLabel\">\n\t\t\t\t\t\tNewsletter\t\t\t\t\t<\/h5>\n\t\t\t\t\t<button type=\"button\" class=\"btn-close small-close\" data-bs-dismiss=\"modal\" aria-label=\"Close\"><\/button>\n\t\t\t\t<\/div>\n\n\t\t\t\t<div class=\"modal-body\">\n\t\t\t\t\t\t<div class=\"newsletterForm-embed popup-form\">\n        <form name=\"newsletterSubscriptionForm\" id=\"newsletter_popup_69f59d806d418_form\" data-newsletter-id=\"newsletter_popup_69f59d806d418\" method=\"POST\">\n\n\t\t\t<input type=\"text\" name=\"website\" class=\"hidden\" tabindex=\"-1\" autocomplete=\"off\" style=\"position:absolute;left:-9999px;\">\n\t\t\t<input type=\"hidden\" name=\"ts\" value=\"1777704320\">\n\n\t\t\t                <input type=\"hidden\" name=\"emarsys-event-id\" value=\"3756\">\n            \n            \t\t\t<div class=\"mb-3\">\n\t\t\t\t<label for=\"date\" class=\"form-label\">Geburtstag\/ -termin Deines Babys<\/label>\n                <input type=\"date\" name=\"date\" class=\"input input--expand form-control\" required>\n\t\t\t<\/div>\n            \n\t\t\t<div class=\"mb-3\">\n\t\t\t\t<label for=\"email\" class=\"form-label\">E-Mail-Adresse<\/label>\n\t\t\t\t<input type=\"email\" name=\"email\" placeholder=\"E-Mail-Adresse\" class=\"input input--expand form-control\" required>\n\t\t\t<\/div>\n\n\t\t\t\t\t\t\t<button type=\"submit\" class=\"btn btn-primary\">Absenden<\/button>\n\t\t\t\n\t\t\t\t\t\t\t<div class=\"small mt-3\" style=\"font-weight:normal;\">\n\t\t\t\t\t\n\t\t\t<div class=\"mt-3\">\n\t\t\t\tJa, ich m&ouml;chte den Newsletter von Babyartikel.de erhalten und &uuml;ber Aktionen informiert werden.\n  Dabei darf mein Nutzungsverhalten (z. B. &Ouml;ffnungen und Klicks) zur Personalisierung ausgewertet werden.\n  Mehr finde ich in der <a href=\"\/de\/datenschutz\" style=\"text-decoration:underline\">Datenschutzerkl&auml;rung<\/a>.\n\t\t\t<\/div>\n\t\t\t\t\t\t<\/div>\n\t\t\t\n\t\t\t\t\t\t\t<div class=\"small mb-3 mt-3\" style=\"font-weight:normal;\">\n\t\t\t\t\tJederzeit abbestellbar | <a href=\"\/de\/datenschutz\" style=\"text-decoration:underline\">\n\t\t\t\t\t\tDatenschutzerkl&auml;rung\n\t\t\t\t\t<\/a>\n\t\t\t\t<\/div>\n\t\t\t\n        <\/form>\n    <\/div>\n\t\n\t\t\t\t\t<div class=\"response-messages_newsletter_popup_69f59d806d418\">\n\t\t\t\t\t\t<div class=\"alert alert-success success mt-3 mb-3 d-none\">\n\t\t\t\t\t\t\tNur noch ein Klick! Best&auml;tige Deine Anmeldung in der E-Mail, die du gleich erh&auml;ltst.\t\t\t\t\t\t<\/div>\n\t\t\t\t\t\t<div class=\"error mt-3 mb-3 d-none\">\n\t\t\t\t\t\t\t<div class=\"alert alert-danger \">\n\t\t\t\t\t\t\t\tEin Fehler ist aufgetreten. Bitte versuche es sp&auml;ter erneut.\t\t\t\t\t\t\t<\/div>\n\t\t\t\t\t\t<\/div>\n\t\t\t\t\t\t<div class=\"alert alert-danger other-2007 mt-3 mb-3 d-none\">\n\t\t\t\t\t\t\tUng&Atilde;&frac14;ltiges Datumsformat\t\t\t\t\t\t<\/div>\n\t\t\t\t\t<\/div>\n\t\t\t\t<\/div>\n\t\t\t<\/div>\n\t\t<\/div>\n\t<\/div>\n\n\t<\/div><!-- content-widget --><\/div><h2 class=\"wp-block-heading\" id=\"h-zahlreiche-vorteile-furs-baby\">Zahlreiche Vorteile f&uuml;rs Baby<\/h2><p>Gleichzeitig hat Fingerfood aber auch einige Vorteile f&uuml;r unser Baby: Unser Kleiner&nbsp;darf <strong>Nahrung in ihrer urspr&uuml;nglicher Form<\/strong> kennenlernen. Also nicht nur den Geschmack, sondern auch die Konsistenz, Form und Farbe. Mit H&auml;nden und Mund kann er die Beschaffenheit in Verbindung setzen mit dem Geschmack und selbst enscheiden, was ihm schmeckt und was nicht. Meistens bekommt er mehr als ein Nahrungsmittel angeboten und kann, je nach Vorliebe, sich l&auml;nger oder auch gar nicht mit etwas besch&auml;ftigen.<\/p><p>Au&szlig;erdem lernt er auf diese Weise verschiedene <strong>einzelne Geschmacksrichtungen<\/strong> kennen, getrennt voneinander und nicht schon vermischt wie in vielen Breis.<\/p><div class=\"postslot1\">[articles]<link rel=\"stylesheet\" href=\"https:\/\/cdn.jsdelivr.net\/npm\/swiper@8\/swiper-bundle.min.css\"><\/div><div class=\"marketing-slot\"><div id=\"block-25\" class=\"content-post-widget marketing-slot-2 widget_block\"><a href=\"https:\/\/www.babyartikel.de\/de\/angebote\" data-track-link-click=\"true\" data-track-name=\"nyoutlet2026-magazin\" data-track-medium=\"banner-magazin-post\" data-track-campaign=\"magazin-banner-nyoutlet2026\" onclick=\"ga('send', 'event', 'banner', 'click', 'magazin-banner-nyoutlet2026');\" style=\"display:block;width:100%;text-align:center;\"><img src=\"https:\/\/media.babyartikel.de\/magazin\/wp-content\/uploads\/2026\/01\/NY-Outlet-10-2026.webp\" alt=\"Sale\" style=\"max-width:100%;\"><\/a><\/div><!-- content-widget --><\/div><p>Unser <strong>Kind ist Teil des Familientisches<\/strong> und nimmt gleichberechtigt an Mahlzeiten teil. Er muss weder alleine Essen noch zusehen, wie wir ohne ihn essen. Er kann das tun, was Kinder am liebsten m&ouml;gen: dasselbe wie die Erwachsenen. Weil wir ihn&nbsp;nicht gesondert f&uuml;ttern m&uuml;ssen, sondern er <strong>selbst&auml;ndig isst<\/strong>, kann er seine Konzentration selbst steuern &ndash; ob er lieber uns beobachtet oder sich auf seine Mahlzeit konzentriert, bleibt ihm &uuml;berlassen.<\/p><p>Ein Kind, das selbst entscheiden darf, wann es wie viel isst, verlernt nicht, auf <strong>S&auml;ttigungsgef&uuml;hl<\/strong> zu h&ouml;ren. Unser Kleiner entscheidet selbst, wann er nicht mehr m&ouml;chte oder etwas anderes f&uuml;r wichtiger erachtet. Keine Flugzeugger&auml;usche zu einem sich ann&auml;hernden L&ouml;ffel oder Ablenkung, um den L&ouml;ffel m&ouml;glichst sauber in den Mund zu bekommen. Alles, was er nicht isst, bekommt er aktuell eben dann, wenn er wieder Hunger hat, &uuml;ber die Muttermilch. Solange, bis er selbst genug isst und sich sozusagen <strong>selbst abstillt<\/strong>. Bei mir hat das als Kind &uuml;brigens super geklappt, ich wollte die Brust nicht mehr, als ich ca. 1 Jahr alt war.<\/p><p>Durch das Essen von Fingerfood wird &uuml;brigens auch die <strong>Feinmotorik<\/strong> und die <strong>Hand-Mund-Koordination<\/strong> geschult. Es ist faszinierend, wie schell er von unkoordiniertem Hand-ins-Essen-Klatschen dazu &uuml;bergegangen ist, gezielt nach St&uuml;ckchen zu greifen und &ndash; ganz ohne Pinzettengriff &ndash; aus seiner Faust in den Mund zu bef&ouml;rdern.<\/p><p>Auch die&nbsp;<strong>Gesichts-, Mund- und Zungenmuskulatur<\/strong> wird dabei&nbsp;trainiert, was sich meist positiv auf die&nbsp;Sprachentwicklung auswirkt. Es ist n&auml;mlich gar nicht so einfach, z.B. ein St&uuml;ck Tomatenhaut vom Gaumen zu entfernen, das war mir bis vor kurzem gar nicht mehr so klar.<\/p><p><strong>Noch mehr umfassende Infos zum Thema Baby led weaning findest Du in unserem Artikel <a href=\"https:\/\/www.babyartikel.de\/magazin\/baby-led-weaning\">&bdquo;Baby led weaning: Fingerfood statt Babybrei&ldquo;.<\/a><\/strong><\/p><div class=\"credits-overlay\" data-target=\".wp-image-822505\"><a href=\"#\" target=\"_blank\">&copy; nataliaderiabina &ndash; stock.adobe.com<\/a><\/div><\/p>\n","protected":false},"excerpt":{"rendered":"<p>Manche bekommen ihn schon mit wenigen Wochen, viele erst mit 6 Monaten: den ersten Brei. F&uuml;r Eltern wie auch f&uuml;r die Kleinsten ist das ein gro&szlig;es Ereignis, eine gro&szlig;e Umstellung. Von reiner Milchnahrung hin zu festem Essen. Auch unser Baby hat die 6 Monate voll und wir haben mit Beikost begonnen. Allerdings nicht mit Brei.Bei [&#8230;]<\/p>\n<p><a class=\"btn btn-secondary understrap-read-more-link\" href=\"https:\/\/www.babyartikel.de\/magazin\/warum-wir-unserem-baby-keinen-brei-geben\">Weiterlesen&#8230;<\/a><\/p>\n","protected":false},"author":34,"featured_media":822505,"comment_status":"open","ping_status":"open","sticky":false,"template":"","format":"standard","meta":{"_acf_changed":false,"footnotes":""},"categories":[79,2817,2802],"tags":[],"class_list":["post-18293","post","type-post","status-publish","format-standard","has-post-thumbnail","hentry","category-baby","category-baby-ernaehrung","category-mamablogger-berichten"],"acf":[],"yoast_head":"<!-- This site is optimized with the Yoast SEO Premium plugin v27.2 (Yoast SEO v27.2) - https:\/\/yoast.com\/product\/yoast-seo-premium-wordpress\/ -->\n<title>Warum wir unserem Baby keinen Brei geben | Babyartikel.de Magazin<\/title>\n<meta name=\"robots\" content=\"index, follow, max-snippet:-1, max-image-preview:large, max-video-preview:-1\" \/>\n<link rel=\"canonical\" href=\"https:\/\/www.babyartikel.de\/magazin\/warum-wir-unserem-baby-keinen-brei-geben\" \/>\n<meta property=\"og:locale\" content=\"de_DE\" \/>\n<meta property=\"og:type\" content=\"article\" \/>\n<meta property=\"og:title\" content=\"Warum wir unserem Baby keinen Brei geben\" \/>\n<meta property=\"og:description\" content=\"Manche bekommen ihn schon mit wenigen Wochen, viele erst mit 6 Monaten: den ersten Brei. F&uuml;r Eltern wie auch f&uuml;r die Kleinsten ist das ein gro&szlig;es Ereignis, eine gro&szlig;e Umstellung. Von reiner Milchnahrung hin zu festem Essen. Auch unser Baby hat die 6 Monate voll und wir haben mit Beikost begonnen. Allerdings nicht mit Brei.Bei [...]Weiterlesen...\" \/>\n<meta property=\"og:url\" content=\"https:\/\/www.babyartikel.de\/magazin\/warum-wir-unserem-baby-keinen-brei-geben\" \/>\n<meta property=\"og:site_name\" content=\"Babyartikel.de Magazin\" \/>\n<meta property=\"article:author\" content=\"https:\/\/www.facebook.com\/babyledweaning.de\/\" \/>\n<meta property=\"article:published_time\" content=\"2016-02-17T10:09:15+00:00\" \/>\n<meta property=\"article:modified_time\" content=\"2022-08-02T08:31:34+00:00\" \/>\n<meta property=\"og:image\" content=\"https:\/\/www.babyartikel.de\/magazin\/wp-content\/uploads\/2016\/02\/Baby-Brei-Spinat-scaled.jpeg\" \/>\n\t<meta property=\"og:image:width\" content=\"2560\" \/>\n\t<meta property=\"og:image:height\" content=\"1707\" \/>\n\t<meta property=\"og:image:type\" content=\"image\/jpeg\" \/>\n<meta name=\"author\" content=\"Hanna Bose\" \/>\n<meta name=\"twitter:card\" content=\"summary_large_image\" \/>\n<meta name=\"twitter:label1\" content=\"Verfasst von\" \/>\n\t<meta name=\"twitter:data1\" content=\"Hanna Bose\" \/>\n\t<meta name=\"twitter:label2\" content=\"Gesch\u00e4tzte Lesezeit\" \/>\n\t<meta name=\"twitter:data2\" content=\"4\u00a0Minuten\" \/>\n<script type=\"application\/ld+json\" class=\"yoast-schema-graph\">{\"@context\":\"https:\/\/schema.org\",\"@graph\":[{\"@type\":\"Article\",\"@id\":\"https:\/\/www.babyartikel.de\/magazin\/warum-wir-unserem-baby-keinen-brei-geben#article\",\"isPartOf\":{\"@id\":\"https:\/\/www.babyartikel.de\/magazin\/warum-wir-unserem-baby-keinen-brei-geben\"},\"author\":{\"name\":\"Hanna Bose\",\"@id\":\"https:\/\/www.babyartikel.de\/magazin\/#\/schema\/person\/6ee1e315ac6bd5b2cf5cfc51901067dd\"},\"headline\":\"Warum wir unserem Baby keinen Brei geben\",\"datePublished\":\"2016-02-17T10:09:15+00:00\",\"dateModified\":\"2022-08-02T08:31:34+00:00\",\"mainEntityOfPage\":{\"@id\":\"https:\/\/www.babyartikel.de\/magazin\/warum-wir-unserem-baby-keinen-brei-geben\"},\"wordCount\":629,\"commentCount\":1,\"image\":{\"@id\":\"https:\/\/www.babyartikel.de\/magazin\/warum-wir-unserem-baby-keinen-brei-geben#primaryimage\"},\"thumbnailUrl\":\"https:\/\/media.babyartikel.de\/magazin\/wp-content\/uploads\/2016\/02\/Baby-Brei-Spinat-scaled.jpeg\",\"articleSection\":[\"Baby\",\"Baby-Ern\u00e4hrung\",\"Mamablogger berichten\"],\"inLanguage\":\"de\",\"potentialAction\":[{\"@type\":\"CommentAction\",\"name\":\"Comment\",\"target\":[\"https:\/\/www.babyartikel.de\/magazin\/warum-wir-unserem-baby-keinen-brei-geben#respond\"]}]},{\"@type\":\"WebPage\",\"@id\":\"https:\/\/www.babyartikel.de\/magazin\/warum-wir-unserem-baby-keinen-brei-geben\",\"url\":\"https:\/\/www.babyartikel.de\/magazin\/warum-wir-unserem-baby-keinen-brei-geben\",\"name\":\"Warum wir unserem Baby keinen Brei geben | Babyartikel.de Magazin\",\"isPartOf\":{\"@id\":\"https:\/\/www.babyartikel.de\/magazin\/#website\"},\"primaryImageOfPage\":{\"@id\":\"https:\/\/www.babyartikel.de\/magazin\/warum-wir-unserem-baby-keinen-brei-geben#primaryimage\"},\"image\":{\"@id\":\"https:\/\/www.babyartikel.de\/magazin\/warum-wir-unserem-baby-keinen-brei-geben#primaryimage\"},\"thumbnailUrl\":\"https:\/\/media.babyartikel.de\/magazin\/wp-content\/uploads\/2016\/02\/Baby-Brei-Spinat-scaled.jpeg\",\"datePublished\":\"2016-02-17T10:09:15+00:00\",\"dateModified\":\"2022-08-02T08:31:34+00:00\",\"author\":{\"@id\":\"https:\/\/www.babyartikel.de\/magazin\/#\/schema\/person\/6ee1e315ac6bd5b2cf5cfc51901067dd\"},\"breadcrumb\":{\"@id\":\"https:\/\/www.babyartikel.de\/magazin\/warum-wir-unserem-baby-keinen-brei-geben#breadcrumb\"},\"inLanguage\":\"de\",\"potentialAction\":[{\"@type\":\"ReadAction\",\"target\":[\"https:\/\/www.babyartikel.de\/magazin\/warum-wir-unserem-baby-keinen-brei-geben\"]}]},{\"@type\":\"ImageObject\",\"inLanguage\":\"de\",\"@id\":\"https:\/\/www.babyartikel.de\/magazin\/warum-wir-unserem-baby-keinen-brei-geben#primaryimage\",\"url\":\"https:\/\/media.babyartikel.de\/magazin\/wp-content\/uploads\/2016\/02\/Baby-Brei-Spinat-scaled.jpeg\",\"contentUrl\":\"https:\/\/media.babyartikel.de\/magazin\/wp-content\/uploads\/2016\/02\/Baby-Brei-Spinat-scaled.jpeg\",\"width\":2560,\"height\":1707,\"caption\":\"Babybrei breifrei Warum wir unserem Baby keine Brei geben\"},{\"@type\":\"BreadcrumbList\",\"@id\":\"https:\/\/www.babyartikel.de\/magazin\/warum-wir-unserem-baby-keinen-brei-geben#breadcrumb\",\"itemListElement\":[{\"@type\":\"ListItem\",\"position\":1,\"name\":\"Startseite\",\"item\":\"https:\/\/www.babyartikel.de\/magazin\"},{\"@type\":\"ListItem\",\"position\":2,\"name\":\"Warum wir unserem Baby keinen Brei geben\"}]},{\"@type\":\"WebSite\",\"@id\":\"https:\/\/www.babyartikel.de\/magazin\/#website\",\"url\":\"https:\/\/www.babyartikel.de\/magazin\/\",\"name\":\"Babyartikel.de Magazin\",\"description\":\"\",\"potentialAction\":[{\"@type\":\"SearchAction\",\"target\":{\"@type\":\"EntryPoint\",\"urlTemplate\":\"https:\/\/www.babyartikel.de\/magazin\/?s={search_term_string}\"},\"query-input\":{\"@type\":\"PropertyValueSpecification\",\"valueRequired\":true,\"valueName\":\"search_term_string\"}}],\"inLanguage\":\"de\"},{\"@type\":\"Person\",\"@id\":\"https:\/\/www.babyartikel.de\/magazin\/#\/schema\/person\/6ee1e315ac6bd5b2cf5cfc51901067dd\",\"name\":\"Hanna Bose\",\"image\":{\"@type\":\"ImageObject\",\"inLanguage\":\"de\",\"@id\":\"https:\/\/secure.gravatar.com\/avatar\/1dd69317cf23cfe19f265b2c9eca62c20a8cd1bef58878b246fa55e1a1840b81?s=96&d=mm&r=g\",\"url\":\"https:\/\/secure.gravatar.com\/avatar\/1dd69317cf23cfe19f265b2c9eca62c20a8cd1bef58878b246fa55e1a1840b81?s=96&d=mm&r=g\",\"contentUrl\":\"https:\/\/secure.gravatar.com\/avatar\/1dd69317cf23cfe19f265b2c9eca62c20a8cd1bef58878b246fa55e1a1840b81?s=96&d=mm&r=g\",\"caption\":\"Hanna Bose\"},\"description\":\"Ich bin Hanna und Mama von drei Jungs. Als Fachkraft f\u00fcr babyfreundliche Beikost schreibe ich unter anderem \u00fcber Baby Led Weaning und Beikostthemen, aber auch \u00fcber alle anderen Belange rund um Schwangerschaft, Babyzeit und dar\u00fcber hinaus.\",\"sameAs\":[\"https:\/\/babyled-weaning.de\",\"https:\/\/www.facebook.com\/babyledweaning.de\/\",\"https:\/\/www.instagram.com\/baby.led.weaning_de\/\",\"https:\/\/www.pinterest.de\/mutterinstinkte\/\"],\"url\":\"https:\/\/www.babyartikel.de\/magazin\/author\/hanna\"}]}<\/script>\n<!-- \/ Yoast SEO Premium plugin. -->","yoast_head_json":{"title":"Warum wir unserem Baby keinen Brei geben | Babyartikel.de Magazin","robots":{"index":"index","follow":"follow","max-snippet":"max-snippet:-1","max-image-preview":"max-image-preview:large","max-video-preview":"max-video-preview:-1"},"canonical":"https:\/\/www.babyartikel.de\/magazin\/warum-wir-unserem-baby-keinen-brei-geben","og_locale":"de_DE","og_type":"article","og_title":"Warum wir unserem Baby keinen Brei geben","og_description":"Manche bekommen ihn schon mit wenigen Wochen, viele erst mit 6 Monaten: den ersten Brei. F&uuml;r Eltern wie auch f&uuml;r die Kleinsten ist das ein gro&szlig;es Ereignis, eine gro&szlig;e Umstellung. Von reiner Milchnahrung hin zu festem Essen. Auch unser Baby hat die 6 Monate voll und wir haben mit Beikost begonnen. Allerdings nicht mit Brei.Bei [...]Weiterlesen...","og_url":"https:\/\/www.babyartikel.de\/magazin\/warum-wir-unserem-baby-keinen-brei-geben","og_site_name":"Babyartikel.de Magazin","article_author":"https:\/\/www.facebook.com\/babyledweaning.de\/","article_published_time":"2016-02-17T10:09:15+00:00","article_modified_time":"2022-08-02T08:31:34+00:00","og_image":[{"width":2560,"height":1707,"url":"https:\/\/www.babyartikel.de\/magazin\/wp-content\/uploads\/2016\/02\/Baby-Brei-Spinat-scaled.jpeg","type":"image\/jpeg"}],"author":"Hanna Bose","twitter_card":"summary_large_image","twitter_misc":{"Verfasst von":"Hanna Bose","Gesch\u00e4tzte Lesezeit":"4\u00a0Minuten"},"schema":{"@context":"https:\/\/schema.org","@graph":[{"@type":"Article","@id":"https:\/\/www.babyartikel.de\/magazin\/warum-wir-unserem-baby-keinen-brei-geben#article","isPartOf":{"@id":"https:\/\/www.babyartikel.de\/magazin\/warum-wir-unserem-baby-keinen-brei-geben"},"author":{"name":"Hanna Bose","@id":"https:\/\/www.babyartikel.de\/magazin\/#\/schema\/person\/6ee1e315ac6bd5b2cf5cfc51901067dd"},"headline":"Warum wir unserem Baby keinen Brei geben","datePublished":"2016-02-17T10:09:15+00:00","dateModified":"2022-08-02T08:31:34+00:00","mainEntityOfPage":{"@id":"https:\/\/www.babyartikel.de\/magazin\/warum-wir-unserem-baby-keinen-brei-geben"},"wordCount":629,"commentCount":1,"image":{"@id":"https:\/\/www.babyartikel.de\/magazin\/warum-wir-unserem-baby-keinen-brei-geben#primaryimage"},"thumbnailUrl":"https:\/\/media.babyartikel.de\/magazin\/wp-content\/uploads\/2016\/02\/Baby-Brei-Spinat-scaled.jpeg","articleSection":["Baby","Baby-Ern\u00e4hrung","Mamablogger berichten"],"inLanguage":"de","potentialAction":[{"@type":"CommentAction","name":"Comment","target":["https:\/\/www.babyartikel.de\/magazin\/warum-wir-unserem-baby-keinen-brei-geben#respond"]}]},{"@type":"WebPage","@id":"https:\/\/www.babyartikel.de\/magazin\/warum-wir-unserem-baby-keinen-brei-geben","url":"https:\/\/www.babyartikel.de\/magazin\/warum-wir-unserem-baby-keinen-brei-geben","name":"Warum wir unserem Baby keinen Brei geben | Babyartikel.de Magazin","isPartOf":{"@id":"https:\/\/www.babyartikel.de\/magazin\/#website"},"primaryImageOfPage":{"@id":"https:\/\/www.babyartikel.de\/magazin\/warum-wir-unserem-baby-keinen-brei-geben#primaryimage"},"image":{"@id":"https:\/\/www.babyartikel.de\/magazin\/warum-wir-unserem-baby-keinen-brei-geben#primaryimage"},"thumbnailUrl":"https:\/\/media.babyartikel.de\/magazin\/wp-content\/uploads\/2016\/02\/Baby-Brei-Spinat-scaled.jpeg","datePublished":"2016-02-17T10:09:15+00:00","dateModified":"2022-08-02T08:31:34+00:00","author":{"@id":"https:\/\/www.babyartikel.de\/magazin\/#\/schema\/person\/6ee1e315ac6bd5b2cf5cfc51901067dd"},"breadcrumb":{"@id":"https:\/\/www.babyartikel.de\/magazin\/warum-wir-unserem-baby-keinen-brei-geben#breadcrumb"},"inLanguage":"de","potentialAction":[{"@type":"ReadAction","target":["https:\/\/www.babyartikel.de\/magazin\/warum-wir-unserem-baby-keinen-brei-geben"]}]},{"@type":"ImageObject","inLanguage":"de","@id":"https:\/\/www.babyartikel.de\/magazin\/warum-wir-unserem-baby-keinen-brei-geben#primaryimage","url":"https:\/\/media.babyartikel.de\/magazin\/wp-content\/uploads\/2016\/02\/Baby-Brei-Spinat-scaled.jpeg","contentUrl":"https:\/\/media.babyartikel.de\/magazin\/wp-content\/uploads\/2016\/02\/Baby-Brei-Spinat-scaled.jpeg","width":2560,"height":1707,"caption":"Babybrei breifrei Warum wir unserem Baby keine Brei geben"},{"@type":"BreadcrumbList","@id":"https:\/\/www.babyartikel.de\/magazin\/warum-wir-unserem-baby-keinen-brei-geben#breadcrumb","itemListElement":[{"@type":"ListItem","position":1,"name":"Startseite","item":"https:\/\/www.babyartikel.de\/magazin"},{"@type":"ListItem","position":2,"name":"Warum wir unserem Baby keinen Brei geben"}]},{"@type":"WebSite","@id":"https:\/\/www.babyartikel.de\/magazin\/#website","url":"https:\/\/www.babyartikel.de\/magazin\/","name":"Babyartikel.de Magazin","description":"","potentialAction":[{"@type":"SearchAction","target":{"@type":"EntryPoint","urlTemplate":"https:\/\/www.babyartikel.de\/magazin\/?s={search_term_string}"},"query-input":{"@type":"PropertyValueSpecification","valueRequired":true,"valueName":"search_term_string"}}],"inLanguage":"de"},{"@type":"Person","@id":"https:\/\/www.babyartikel.de\/magazin\/#\/schema\/person\/6ee1e315ac6bd5b2cf5cfc51901067dd","name":"Hanna Bose","image":{"@type":"ImageObject","inLanguage":"de","@id":"https:\/\/secure.gravatar.com\/avatar\/1dd69317cf23cfe19f265b2c9eca62c20a8cd1bef58878b246fa55e1a1840b81?s=96&d=mm&r=g","url":"https:\/\/secure.gravatar.com\/avatar\/1dd69317cf23cfe19f265b2c9eca62c20a8cd1bef58878b246fa55e1a1840b81?s=96&d=mm&r=g","contentUrl":"https:\/\/secure.gravatar.com\/avatar\/1dd69317cf23cfe19f265b2c9eca62c20a8cd1bef58878b246fa55e1a1840b81?s=96&d=mm&r=g","caption":"Hanna Bose"},"description":"Ich bin Hanna und Mama von drei Jungs. Als Fachkraft f\u00fcr babyfreundliche Beikost schreibe ich unter anderem \u00fcber Baby Led Weaning und Beikostthemen, aber auch \u00fcber alle anderen Belange rund um Schwangerschaft, Babyzeit und dar\u00fcber hinaus.","sameAs":["https:\/\/babyled-weaning.de","https:\/\/www.facebook.com\/babyledweaning.de\/","https:\/\/www.instagram.com\/baby.led.weaning_de\/","https:\/\/www.pinterest.de\/mutterinstinkte\/"],"url":"https:\/\/www.babyartikel.de\/magazin\/author\/hanna"}]}},"abstract_sku":"","_links":{"self":[{"href":"https:\/\/www.babyartikel.de\/magazin\/wp-json\/wp\/v2\/posts\/18293","targetHints":{"allow":["GET"]}}],"collection":[{"href":"https:\/\/www.babyartikel.de\/magazin\/wp-json\/wp\/v2\/posts"}],"about":[{"href":"https:\/\/www.babyartikel.de\/magazin\/wp-json\/wp\/v2\/types\/post"}],"author":[{"embeddable":true,"href":"https:\/\/www.babyartikel.de\/magazin\/wp-json\/wp\/v2\/users\/34"}],"replies":[{"embeddable":true,"href":"https:\/\/www.babyartikel.de\/magazin\/wp-json\/wp\/v2\/comments?post=18293"}],"version-history":[{"count":16,"href":"https:\/\/www.babyartikel.de\/magazin\/wp-json\/wp\/v2\/posts\/18293\/revisions"}],"predecessor-version":[{"id":863848,"href":"https:\/\/www.babyartikel.de\/magazin\/wp-json\/wp\/v2\/posts\/18293\/revisions\/863848"}],"wp:featuredmedia":[{"embeddable":true,"href":"https:\/\/www.babyartikel.de\/magazin\/wp-json\/wp\/v2\/media\/822505"}],"wp:attachment":[{"href":"https:\/\/www.babyartikel.de\/magazin\/wp-json\/wp\/v2\/media?parent=18293"}],"wp:term":[{"taxonomy":"category","embeddable":true,"href":"https:\/\/www.babyartikel.de\/magazin\/wp-json\/wp\/v2\/categories?post=18293"},{"taxonomy":"post_tag","embeddable":true,"href":"https:\/\/www.babyartikel.de\/magazin\/wp-json\/wp\/v2\/tags?post=18293"}],"curies":[{"name":"wp","href":"https:\/\/api.w.org\/{rel}","templated":true}]}}