
{"id":18692,"date":"2016-02-02T08:11:52","date_gmt":"2016-02-02T07:11:52","guid":{"rendered":"\/magazin\/?p=18692"},"modified":"2021-02-09T14:26:50","modified_gmt":"2021-02-09T13:26:50","slug":"die-windel-soll-tagsueber-weg-aber-wie","status":"publish","type":"post","link":"https:\/\/www.babyartikel.de\/magazin\/die-windel-soll-tagsueber-weg-aber-wie","title":{"rendered":"Die Windel soll tags\u00fcber weg! Aber wie?"},"content":{"rendered":"<p class=\"western\">Das Interesse Eures Kindes am eigenen K&ouml;rper und an seinen Ausscheidungen wie Stuhl, beginnt zwischen dem 2. und 3. Lebensjahr, also gleichzeitig mit der Trotzphase. Jetzt ist Euer Kind von seiner Reife her soweit, dass Ihr mit der <strong>Sauberkeitserziehung<\/strong> beginnen k&ouml;nnt. Da sp&auml;testens ab dem dritten Lebensjahr der <a href=\"https:\/\/www.babyartikel.de\/magazin\/funktioniert-windelfrei-wirklich\">windelfreie<\/a> Kindergarten ansteht, ist zweieinhalb Jahre eine gute Zeit zum Beginnen.<h2 class=\"western\">Was braucht Ihr als Vorbereitung?<\/h2><p class=\"western\">Gut sind B&uuml;cher, welche dieses Thema kindgerecht behandeln. Zus&auml;tzlich ben&ouml;tigt ihr nat&uuml;rlich ein T&ouml;pfchen. Da gibt es ganz witzige, die klingeln wenn Pipi hinein flie&szlig;t. Der Phantasie sind hier keine Grenzen gesetzt, es sollte nur bequem sein. F&uuml;r die Toilette eignet sich entweder ein Treppchen mit integriertem Sitzverkleinerer oder ein separater Sitzverkleinerer (toll sind die schaumstoffgef&uuml;tterten) mit einem separaten Toilettenhocker.<\/p><h2 class=\"western\">Die Windel soll weg! So geht Ihr am besten vor:<\/h2><p class=\"western\">Zur Vorbereitung eignen sich gut B&uuml;cher mit dieser Thematik, wie &bdquo;Der kleine Zauberer Windelfutsch&ldquo; oder &bdquo;H&auml;schen braucht keine Windel mehr&ldquo;&nbsp;u.&#8192;v.&#8192;a. Lest und schaut sie Euch t&auml;glich zusammen mit Eurem Kind an. So habt Ihr gemeinsam entspannt die M&ouml;glichkeit Euch dieser Thematik anzun&auml;hern.<\/p><div class=\"marketing-slot\"><div id=\"block-18\" class=\"content-post-widget marketing-slot-1 widget_block\"><a href=\"#\" class=\"newsletter_popup\" style=\"\n  display: inline-block;\n  box-shadow: 0 4px 10px rgba(0,0,0,0.1);\n  margin: 20px auto;\n  max-width: 800px;\n  width: 100%;\">\n  <img src=\"https:\/\/media.babyartikel.de\/magazin\/wp-content\/uploads\/2025\/08\/NL-Banner-Magazin-8-25.webp\" alt=\"Newsletter Banner\" style=\"\n    width: 100%;\n    height: auto;\n    display: block;\" onclick=\"ga('send', 'event', 'banner', 'click', 'magazin-banner-newsletter-8-25');\">\n<\/a>\n\n\t<!-- Modal -->\n\t<div class=\"modal fade modal_popup\" id=\"newsletter_popup\" tabindex=\"-1\" aria-labelledby=\"exampleModalLabel\" aria-hidden=\"true\">\n\t\t<div class=\"modal-dialog modal-dialog-centered modal-dialog-scrollable\">\n\t\t\t<div class=\"modal-content\">\n\t\t\t\t<div class=\"modal-header small-header\">\n\t\t\t\t\t<h5 class=\"modal-title\" id=\"newsletterModalLabel\">\n\t\t\t\t\t\tNewsletter\t\t\t\t\t<\/h5>\n\t\t\t\t\t<button type=\"button\" class=\"btn-close small-close\" data-bs-dismiss=\"modal\" aria-label=\"Close\"><\/button>\n\t\t\t\t<\/div>\n\n\t\t\t\t<div class=\"modal-body\">\n\t\t\t\t\t\t<div class=\"newsletterForm-embed popup-form\">\n        <form name=\"newsletterSubscriptionForm\" id=\"newsletter_popup_69f123128ac60_form\" data-newsletter-id=\"newsletter_popup_69f123128ac60\" method=\"POST\">\n\n\t\t\t<input type=\"text\" name=\"website\" class=\"hidden\" tabindex=\"-1\" autocomplete=\"off\" style=\"position:absolute;left:-9999px;\">\n\t\t\t<input type=\"hidden\" name=\"ts\" value=\"1777410834\">\n\n\t\t\t                <input type=\"hidden\" name=\"emarsys-event-id\" value=\"3756\">\n            \n            \t\t\t<div class=\"mb-3\">\n\t\t\t\t<label for=\"date\" class=\"form-label\">Geburtstag\/ -termin Deines Babys<\/label>\n                <input type=\"date\" name=\"date\" class=\"input input--expand form-control\" required>\n\t\t\t<\/div>\n            \n\t\t\t<div class=\"mb-3\">\n\t\t\t\t<label for=\"email\" class=\"form-label\">E-Mail-Adresse<\/label>\n\t\t\t\t<input type=\"email\" name=\"email\" placeholder=\"E-Mail-Adresse\" class=\"input input--expand form-control\" required>\n\t\t\t<\/div>\n\n\t\t\t\t\t\t\t<button type=\"submit\" class=\"btn btn-primary\">Absenden<\/button>\n\t\t\t\n\t\t\t\t\t\t\t<div class=\"small mt-3\" style=\"font-weight:normal;\">\n\t\t\t\t\t\n\t\t\t<div class=\"mt-3\">\n\t\t\t\tJa, ich m&ouml;chte den Newsletter von Babyartikel.de erhalten und &uuml;ber Aktionen informiert werden.\n  Dabei darf mein Nutzungsverhalten (z. B. &Ouml;ffnungen und Klicks) zur Personalisierung ausgewertet werden.\n  Mehr finde ich in der <a href=\"\/de\/datenschutz\" style=\"text-decoration:underline\">Datenschutzerkl&auml;rung<\/a>.\n\t\t\t<\/div>\n\t\t\t\t\t\t<\/div>\n\t\t\t\n\t\t\t\t\t\t\t<div class=\"small mb-3 mt-3\" style=\"font-weight:normal;\">\n\t\t\t\t\tJederzeit abbestellbar | <a href=\"\/de\/datenschutz\" style=\"text-decoration:underline\">\n\t\t\t\t\t\tDatenschutzerkl&auml;rung\n\t\t\t\t\t<\/a>\n\t\t\t\t<\/div>\n\t\t\t\n        <\/form>\n    <\/div>\n\t\n\t\t\t\t\t<div class=\"response-messages_newsletter_popup_69f123128ac60\">\n\t\t\t\t\t\t<div class=\"alert alert-success success mt-3 mb-3 d-none\">\n\t\t\t\t\t\t\tNur noch ein Klick! Best&auml;tige Deine Anmeldung in der E-Mail, die du gleich erh&auml;ltst.\t\t\t\t\t\t<\/div>\n\t\t\t\t\t\t<div class=\"error mt-3 mb-3 d-none\">\n\t\t\t\t\t\t\t<div class=\"alert alert-danger \">\n\t\t\t\t\t\t\t\tEin Fehler ist aufgetreten. Bitte versuche es sp&auml;ter erneut.\t\t\t\t\t\t\t<\/div>\n\t\t\t\t\t\t<\/div>\n\t\t\t\t\t\t<div class=\"alert alert-danger other-2007 mt-3 mb-3 d-none\">\n\t\t\t\t\t\t\tUng&Atilde;&frac14;ltiges Datumsformat\t\t\t\t\t\t<\/div>\n\t\t\t\t\t<\/div>\n\t\t\t\t<\/div>\n\t\t\t<\/div>\n\t\t<\/div>\n\t<\/div>\n\n\t<\/div><!-- content-widget --><\/div><p class=\"western\">Und dann fangt einfach an, zu Hause die Windel wegzulassen. Das erfordert viel Geduld, denn am Anfang wird fast alles in die Hose gehen&hellip;<\/p><p class=\"western\">Ihr erleichtert Euch diese Zeit, indem Ihr immer Kleidung zum Umziehen parat habt und Euch einfach mit den W&auml;schebergen arrangiert. Praktisch ist es auch, Wischlappen und Mopp bereit zu stellen, f&uuml;r die kleinen Seen in der Wohnung.<\/p><div class=\"postslot1\">[articles]<link rel=\"stylesheet\" href=\"https:\/\/cdn.jsdelivr.net\/npm\/swiper@8\/swiper-bundle.min.css\"><\/div><div class=\"marketing-slot\"><div id=\"block-25\" class=\"content-post-widget marketing-slot-2 widget_block\"><a href=\"https:\/\/www.babyartikel.de\/de\/angebote\" data-track-link-click=\"true\" data-track-name=\"nyoutlet2026-magazin\" data-track-medium=\"banner-magazin-post\" data-track-campaign=\"magazin-banner-nyoutlet2026\" onclick=\"ga('send', 'event', 'banner', 'click', 'magazin-banner-nyoutlet2026');\" style=\"display:block;width:100%;text-align:center;\"><img src=\"https:\/\/media.babyartikel.de\/magazin\/wp-content\/uploads\/2026\/01\/NY-Outlet-10-2026.webp\" alt=\"Sale\" style=\"max-width:100%;\"><\/a><\/div><!-- content-widget --><\/div><p class=\"western\">F&uuml;r unterwegs eignen sich am Anfang hervorragend Windeln, die Ihr wie eine Unterhose rauf und runter ziehen k&ouml;nnt. Desinfektionst&uuml;cher f&uuml;r fremde Toiletten sind ebenfalls sehr n&uuml;tzlich.<\/p><p class=\"western\"><strong>Wenn das alles l&auml;nger dauert als geplant, ist es m&ouml;glich, ein Belohnungssystem einzuf&uuml;hren. Da die Windeln heutzutage so trocken sind, ist bei vielen Kindern keine Einsicht zum Sauberwerden da.<\/strong><\/p><p class=\"western\"><strong>Das Belohnungssystem ist wie folgt aufgebaut:<\/strong><\/p><ul>\n<li class=\"western\" style=\"text-align: justify;\">Versucht Euer Kind Urin oder Stuhlgang ins T&ouml;pfchen zu machen: ein Gummib&auml;rchen<\/li>\n<li class=\"western\" style=\"text-align: justify;\">Urin ist im T&ouml;pfchen gelandet: zwei Gummib&auml;rchen<\/li>\n<li class=\"western\" style=\"text-align: justify;\">Stuhlgang ist im T&ouml;pfchen gelandet: drei Gummib&auml;rchen<\/li>\n<\/ul><p class=\"western\">Das Belohnungssystem funktioniert in der Regel sehr gut, finden allerdings manche p&auml;dagogisch fragw&uuml;rdig. Egal, Hauptsache es hilft. Ich finde es besser, als &Auml;rger und Stress und Schimpfen&hellip;.<\/p><p>Wie Du&nbsp;Deinem Kind auch <a href=\"\/magazin\/wie-wird-euer-kind-nachts-windelfrei\">nachts die Windel abgew&ouml;hnst, erf&auml;hrst Du hier<\/a><\/p><h3 class=\"western\">Mehr zum Thema Sauberwerden<\/h3><p class=\"western\">\n<\/p><div class=\"credits-overlay\" data-target=\".wp-image-18733\"><a href=\"#\" target=\"_blank\">&copy;  Superingo &ndash; Fotolia.com<\/a><\/div><\/p>\n","protected":false},"excerpt":{"rendered":"<p>Das Interesse Eures Kindes am eigenen K&ouml;rper und an seinen Ausscheidungen wie Stuhl, beginnt zwischen dem 2. und 3. Lebensjahr, also gleichzeitig mit der Trotzphase. Jetzt ist Euer Kind von seiner Reife her soweit, dass Ihr mit der Sauberkeitserziehung beginnen k&ouml;nnt. Da sp&auml;testens ab dem dritten Lebensjahr der windelfreie Kindergarten ansteht, ist zweieinhalb Jahre eine [&#8230;]<\/p>\n<p><a class=\"btn btn-secondary understrap-read-more-link\" href=\"https:\/\/www.babyartikel.de\/magazin\/die-windel-soll-tagsueber-weg-aber-wie\">Weiterlesen&#8230;<\/a><\/p>\n","protected":false},"author":24,"featured_media":18733,"comment_status":"open","ping_status":"open","sticky":false,"template":"","format":"standard","meta":{"_acf_changed":false,"footnotes":""},"categories":[2800,1430,2824],"tags":[],"class_list":["post-18692","post","type-post","status-publish","format-standard","has-post-thumbnail","hentry","category-hebammenarbeit","category-kleinkind","category-entwicklung-kleinkind"],"acf":[],"yoast_head":"<!-- This site is optimized with the Yoast SEO Premium plugin v27.2 (Yoast SEO v27.2) - https:\/\/yoast.com\/product\/yoast-seo-premium-wordpress\/ -->\n<title>Die Windel soll tags\u00fcber weg! Aber wie? | Babyartikel.de Magazin<\/title>\n<meta name=\"robots\" content=\"index, follow, max-snippet:-1, max-image-preview:large, max-video-preview:-1\" \/>\n<link rel=\"canonical\" href=\"https:\/\/www.babyartikel.de\/magazin\/die-windel-soll-tagsueber-weg-aber-wie\" \/>\n<meta property=\"og:locale\" content=\"de_DE\" \/>\n<meta property=\"og:type\" content=\"article\" \/>\n<meta property=\"og:title\" content=\"Die Windel soll tags\u00fcber weg! Aber wie?\" \/>\n<meta property=\"og:description\" content=\"Das Interesse Eures Kindes am eigenen K&ouml;rper und an seinen Ausscheidungen wie Stuhl, beginnt zwischen dem 2. und 3. Lebensjahr, also gleichzeitig mit der Trotzphase. Jetzt ist Euer Kind von seiner Reife her soweit, dass Ihr mit der Sauberkeitserziehung beginnen k&ouml;nnt. Da sp&auml;testens ab dem dritten Lebensjahr der windelfreie Kindergarten ansteht, ist zweieinhalb Jahre eine [...]Weiterlesen...\" \/>\n<meta property=\"og:url\" content=\"https:\/\/www.babyartikel.de\/magazin\/die-windel-soll-tagsueber-weg-aber-wie\" \/>\n<meta property=\"og:site_name\" content=\"Babyartikel.de Magazin\" \/>\n<meta property=\"article:published_time\" content=\"2016-02-02T07:11:52+00:00\" \/>\n<meta property=\"article:modified_time\" content=\"2021-02-09T13:26:50+00:00\" \/>\n<meta property=\"og:image\" content=\"https:\/\/www.babyartikel.de\/magazin\/wp-content\/uploads\/2016\/02\/Windel-soll-tags\u00fcber-weg.jpg\" \/>\n\t<meta property=\"og:image:width\" content=\"1100\" \/>\n\t<meta property=\"og:image:height\" content=\"825\" \/>\n\t<meta property=\"og:image:type\" content=\"image\/jpeg\" \/>\n<meta name=\"author\" content=\"Hebamme Silke\" \/>\n<meta name=\"twitter:card\" content=\"summary_large_image\" \/>\n<meta name=\"twitter:label1\" content=\"Verfasst von\" \/>\n\t<meta name=\"twitter:data1\" content=\"Hebamme Silke\" \/>\n\t<meta name=\"twitter:label2\" content=\"Gesch\u00e4tzte Lesezeit\" \/>\n\t<meta name=\"twitter:data2\" content=\"2\u00a0Minuten\" \/>\n<script type=\"application\/ld+json\" class=\"yoast-schema-graph\">{\"@context\":\"https:\/\/schema.org\",\"@graph\":[{\"@type\":\"Article\",\"@id\":\"https:\/\/www.babyartikel.de\/magazin\/die-windel-soll-tagsueber-weg-aber-wie#article\",\"isPartOf\":{\"@id\":\"https:\/\/www.babyartikel.de\/magazin\/die-windel-soll-tagsueber-weg-aber-wie\"},\"author\":{\"name\":\"Hebamme Silke\",\"@id\":\"https:\/\/www.babyartikel.de\/magazin\/#\/schema\/person\/d920f547ac65e4e7fc3d7b0c29131e13\"},\"headline\":\"Die Windel soll tags\u00fcber weg! Aber wie?\",\"datePublished\":\"2016-02-02T07:11:52+00:00\",\"dateModified\":\"2021-02-09T13:26:50+00:00\",\"mainEntityOfPage\":{\"@id\":\"https:\/\/www.babyartikel.de\/magazin\/die-windel-soll-tagsueber-weg-aber-wie\"},\"wordCount\":412,\"commentCount\":0,\"image\":{\"@id\":\"https:\/\/www.babyartikel.de\/magazin\/die-windel-soll-tagsueber-weg-aber-wie#primaryimage\"},\"thumbnailUrl\":\"https:\/\/media.babyartikel.de\/magazin\/wp-content\/uploads\/2016\/02\/Windel-soll-tags\u00fcber-weg.jpg\",\"articleSection\":[\"Hebammen-Beratung\",\"Kleinkind\",\"Leben mit Kleinkind\"],\"inLanguage\":\"de\",\"potentialAction\":[{\"@type\":\"CommentAction\",\"name\":\"Comment\",\"target\":[\"https:\/\/www.babyartikel.de\/magazin\/die-windel-soll-tagsueber-weg-aber-wie#respond\"]}]},{\"@type\":\"WebPage\",\"@id\":\"https:\/\/www.babyartikel.de\/magazin\/die-windel-soll-tagsueber-weg-aber-wie\",\"url\":\"https:\/\/www.babyartikel.de\/magazin\/die-windel-soll-tagsueber-weg-aber-wie\",\"name\":\"Die Windel soll tags\u00fcber weg! Aber wie? | Babyartikel.de Magazin\",\"isPartOf\":{\"@id\":\"https:\/\/www.babyartikel.de\/magazin\/#website\"},\"primaryImageOfPage\":{\"@id\":\"https:\/\/www.babyartikel.de\/magazin\/die-windel-soll-tagsueber-weg-aber-wie#primaryimage\"},\"image\":{\"@id\":\"https:\/\/www.babyartikel.de\/magazin\/die-windel-soll-tagsueber-weg-aber-wie#primaryimage\"},\"thumbnailUrl\":\"https:\/\/media.babyartikel.de\/magazin\/wp-content\/uploads\/2016\/02\/Windel-soll-tags\u00fcber-weg.jpg\",\"datePublished\":\"2016-02-02T07:11:52+00:00\",\"dateModified\":\"2021-02-09T13:26:50+00:00\",\"author\":{\"@id\":\"https:\/\/www.babyartikel.de\/magazin\/#\/schema\/person\/d920f547ac65e4e7fc3d7b0c29131e13\"},\"breadcrumb\":{\"@id\":\"https:\/\/www.babyartikel.de\/magazin\/die-windel-soll-tagsueber-weg-aber-wie#breadcrumb\"},\"inLanguage\":\"de\",\"potentialAction\":[{\"@type\":\"ReadAction\",\"target\":[\"https:\/\/www.babyartikel.de\/magazin\/die-windel-soll-tagsueber-weg-aber-wie\"]}]},{\"@type\":\"ImageObject\",\"inLanguage\":\"de\",\"@id\":\"https:\/\/www.babyartikel.de\/magazin\/die-windel-soll-tagsueber-weg-aber-wie#primaryimage\",\"url\":\"https:\/\/media.babyartikel.de\/magazin\/wp-content\/uploads\/2016\/02\/Windel-soll-tags\u00fcber-weg.jpg\",\"contentUrl\":\"https:\/\/media.babyartikel.de\/magazin\/wp-content\/uploads\/2016\/02\/Windel-soll-tags\u00fcber-weg.jpg\",\"width\":1100,\"height\":825,\"caption\":\"M\u00e4dchen auf T\u00f6pfchen\"},{\"@type\":\"BreadcrumbList\",\"@id\":\"https:\/\/www.babyartikel.de\/magazin\/die-windel-soll-tagsueber-weg-aber-wie#breadcrumb\",\"itemListElement\":[{\"@type\":\"ListItem\",\"position\":1,\"name\":\"Startseite\",\"item\":\"https:\/\/www.babyartikel.de\/magazin\"},{\"@type\":\"ListItem\",\"position\":2,\"name\":\"Die Windel soll tags\u00fcber weg! Aber wie?\"}]},{\"@type\":\"WebSite\",\"@id\":\"https:\/\/www.babyartikel.de\/magazin\/#website\",\"url\":\"https:\/\/www.babyartikel.de\/magazin\/\",\"name\":\"Babyartikel.de Magazin\",\"description\":\"\",\"potentialAction\":[{\"@type\":\"SearchAction\",\"target\":{\"@type\":\"EntryPoint\",\"urlTemplate\":\"https:\/\/www.babyartikel.de\/magazin\/?s={search_term_string}\"},\"query-input\":{\"@type\":\"PropertyValueSpecification\",\"valueRequired\":true,\"valueName\":\"search_term_string\"}}],\"inLanguage\":\"de\"},{\"@type\":\"Person\",\"@id\":\"https:\/\/www.babyartikel.de\/magazin\/#\/schema\/person\/d920f547ac65e4e7fc3d7b0c29131e13\",\"name\":\"Hebamme Silke\",\"image\":{\"@type\":\"ImageObject\",\"inLanguage\":\"de\",\"@id\":\"https:\/\/secure.gravatar.com\/avatar\/e066a2c09ca807af5729edbcec36a348332d5d364ab061ba16acd324a8c6884b?s=96&d=mm&r=g\",\"url\":\"https:\/\/secure.gravatar.com\/avatar\/e066a2c09ca807af5729edbcec36a348332d5d364ab061ba16acd324a8c6884b?s=96&d=mm&r=g\",\"contentUrl\":\"https:\/\/secure.gravatar.com\/avatar\/e066a2c09ca807af5729edbcec36a348332d5d364ab061ba16acd324a8c6884b?s=96&d=mm&r=g\",\"caption\":\"Hebamme Silke\"},\"description\":\"Hebamme seit 1996, Heilpraktikerin f\u00fcr Psychotherapie Familien- und Hypnosetherapeutin, systemische Familienstellerin\",\"sameAs\":[\"http:\/\/www.hypnobirthing-muenchen.de\"],\"url\":\"https:\/\/www.babyartikel.de\/magazin\/author\/silke-grundmann\"}]}<\/script>\n<!-- \/ Yoast SEO Premium plugin. -->","yoast_head_json":{"title":"Die Windel soll tags\u00fcber weg! Aber wie? | Babyartikel.de Magazin","robots":{"index":"index","follow":"follow","max-snippet":"max-snippet:-1","max-image-preview":"max-image-preview:large","max-video-preview":"max-video-preview:-1"},"canonical":"https:\/\/www.babyartikel.de\/magazin\/die-windel-soll-tagsueber-weg-aber-wie","og_locale":"de_DE","og_type":"article","og_title":"Die Windel soll tags\u00fcber weg! Aber wie?","og_description":"Das Interesse Eures Kindes am eigenen K&ouml;rper und an seinen Ausscheidungen wie Stuhl, beginnt zwischen dem 2. und 3. Lebensjahr, also gleichzeitig mit der Trotzphase. Jetzt ist Euer Kind von seiner Reife her soweit, dass Ihr mit der Sauberkeitserziehung beginnen k&ouml;nnt. Da sp&auml;testens ab dem dritten Lebensjahr der windelfreie Kindergarten ansteht, ist zweieinhalb Jahre eine [...]Weiterlesen...","og_url":"https:\/\/www.babyartikel.de\/magazin\/die-windel-soll-tagsueber-weg-aber-wie","og_site_name":"Babyartikel.de Magazin","article_published_time":"2016-02-02T07:11:52+00:00","article_modified_time":"2021-02-09T13:26:50+00:00","og_image":[{"width":1100,"height":825,"url":"https:\/\/www.babyartikel.de\/magazin\/wp-content\/uploads\/2016\/02\/Windel-soll-tags\u00fcber-weg.jpg","type":"image\/jpeg"}],"author":"Hebamme Silke","twitter_card":"summary_large_image","twitter_misc":{"Verfasst von":"Hebamme Silke","Gesch\u00e4tzte Lesezeit":"2\u00a0Minuten"},"schema":{"@context":"https:\/\/schema.org","@graph":[{"@type":"Article","@id":"https:\/\/www.babyartikel.de\/magazin\/die-windel-soll-tagsueber-weg-aber-wie#article","isPartOf":{"@id":"https:\/\/www.babyartikel.de\/magazin\/die-windel-soll-tagsueber-weg-aber-wie"},"author":{"name":"Hebamme Silke","@id":"https:\/\/www.babyartikel.de\/magazin\/#\/schema\/person\/d920f547ac65e4e7fc3d7b0c29131e13"},"headline":"Die Windel soll tags\u00fcber weg! Aber wie?","datePublished":"2016-02-02T07:11:52+00:00","dateModified":"2021-02-09T13:26:50+00:00","mainEntityOfPage":{"@id":"https:\/\/www.babyartikel.de\/magazin\/die-windel-soll-tagsueber-weg-aber-wie"},"wordCount":412,"commentCount":0,"image":{"@id":"https:\/\/www.babyartikel.de\/magazin\/die-windel-soll-tagsueber-weg-aber-wie#primaryimage"},"thumbnailUrl":"https:\/\/media.babyartikel.de\/magazin\/wp-content\/uploads\/2016\/02\/Windel-soll-tags\u00fcber-weg.jpg","articleSection":["Hebammen-Beratung","Kleinkind","Leben mit Kleinkind"],"inLanguage":"de","potentialAction":[{"@type":"CommentAction","name":"Comment","target":["https:\/\/www.babyartikel.de\/magazin\/die-windel-soll-tagsueber-weg-aber-wie#respond"]}]},{"@type":"WebPage","@id":"https:\/\/www.babyartikel.de\/magazin\/die-windel-soll-tagsueber-weg-aber-wie","url":"https:\/\/www.babyartikel.de\/magazin\/die-windel-soll-tagsueber-weg-aber-wie","name":"Die Windel soll tags\u00fcber weg! Aber wie? | Babyartikel.de Magazin","isPartOf":{"@id":"https:\/\/www.babyartikel.de\/magazin\/#website"},"primaryImageOfPage":{"@id":"https:\/\/www.babyartikel.de\/magazin\/die-windel-soll-tagsueber-weg-aber-wie#primaryimage"},"image":{"@id":"https:\/\/www.babyartikel.de\/magazin\/die-windel-soll-tagsueber-weg-aber-wie#primaryimage"},"thumbnailUrl":"https:\/\/media.babyartikel.de\/magazin\/wp-content\/uploads\/2016\/02\/Windel-soll-tags\u00fcber-weg.jpg","datePublished":"2016-02-02T07:11:52+00:00","dateModified":"2021-02-09T13:26:50+00:00","author":{"@id":"https:\/\/www.babyartikel.de\/magazin\/#\/schema\/person\/d920f547ac65e4e7fc3d7b0c29131e13"},"breadcrumb":{"@id":"https:\/\/www.babyartikel.de\/magazin\/die-windel-soll-tagsueber-weg-aber-wie#breadcrumb"},"inLanguage":"de","potentialAction":[{"@type":"ReadAction","target":["https:\/\/www.babyartikel.de\/magazin\/die-windel-soll-tagsueber-weg-aber-wie"]}]},{"@type":"ImageObject","inLanguage":"de","@id":"https:\/\/www.babyartikel.de\/magazin\/die-windel-soll-tagsueber-weg-aber-wie#primaryimage","url":"https:\/\/media.babyartikel.de\/magazin\/wp-content\/uploads\/2016\/02\/Windel-soll-tags\u00fcber-weg.jpg","contentUrl":"https:\/\/media.babyartikel.de\/magazin\/wp-content\/uploads\/2016\/02\/Windel-soll-tags\u00fcber-weg.jpg","width":1100,"height":825,"caption":"M\u00e4dchen auf T\u00f6pfchen"},{"@type":"BreadcrumbList","@id":"https:\/\/www.babyartikel.de\/magazin\/die-windel-soll-tagsueber-weg-aber-wie#breadcrumb","itemListElement":[{"@type":"ListItem","position":1,"name":"Startseite","item":"https:\/\/www.babyartikel.de\/magazin"},{"@type":"ListItem","position":2,"name":"Die Windel soll tags\u00fcber weg! Aber wie?"}]},{"@type":"WebSite","@id":"https:\/\/www.babyartikel.de\/magazin\/#website","url":"https:\/\/www.babyartikel.de\/magazin\/","name":"Babyartikel.de Magazin","description":"","potentialAction":[{"@type":"SearchAction","target":{"@type":"EntryPoint","urlTemplate":"https:\/\/www.babyartikel.de\/magazin\/?s={search_term_string}"},"query-input":{"@type":"PropertyValueSpecification","valueRequired":true,"valueName":"search_term_string"}}],"inLanguage":"de"},{"@type":"Person","@id":"https:\/\/www.babyartikel.de\/magazin\/#\/schema\/person\/d920f547ac65e4e7fc3d7b0c29131e13","name":"Hebamme Silke","image":{"@type":"ImageObject","inLanguage":"de","@id":"https:\/\/secure.gravatar.com\/avatar\/e066a2c09ca807af5729edbcec36a348332d5d364ab061ba16acd324a8c6884b?s=96&d=mm&r=g","url":"https:\/\/secure.gravatar.com\/avatar\/e066a2c09ca807af5729edbcec36a348332d5d364ab061ba16acd324a8c6884b?s=96&d=mm&r=g","contentUrl":"https:\/\/secure.gravatar.com\/avatar\/e066a2c09ca807af5729edbcec36a348332d5d364ab061ba16acd324a8c6884b?s=96&d=mm&r=g","caption":"Hebamme Silke"},"description":"Hebamme seit 1996, Heilpraktikerin f\u00fcr Psychotherapie Familien- und Hypnosetherapeutin, systemische Familienstellerin","sameAs":["http:\/\/www.hypnobirthing-muenchen.de"],"url":"https:\/\/www.babyartikel.de\/magazin\/author\/silke-grundmann"}]}},"abstract_sku":"","_links":{"self":[{"href":"https:\/\/www.babyartikel.de\/magazin\/wp-json\/wp\/v2\/posts\/18692","targetHints":{"allow":["GET"]}}],"collection":[{"href":"https:\/\/www.babyartikel.de\/magazin\/wp-json\/wp\/v2\/posts"}],"about":[{"href":"https:\/\/www.babyartikel.de\/magazin\/wp-json\/wp\/v2\/types\/post"}],"author":[{"embeddable":true,"href":"https:\/\/www.babyartikel.de\/magazin\/wp-json\/wp\/v2\/users\/24"}],"replies":[{"embeddable":true,"href":"https:\/\/www.babyartikel.de\/magazin\/wp-json\/wp\/v2\/comments?post=18692"}],"version-history":[{"count":11,"href":"https:\/\/www.babyartikel.de\/magazin\/wp-json\/wp\/v2\/posts\/18692\/revisions"}],"predecessor-version":[{"id":828706,"href":"https:\/\/www.babyartikel.de\/magazin\/wp-json\/wp\/v2\/posts\/18692\/revisions\/828706"}],"wp:featuredmedia":[{"embeddable":true,"href":"https:\/\/www.babyartikel.de\/magazin\/wp-json\/wp\/v2\/media\/18733"}],"wp:attachment":[{"href":"https:\/\/www.babyartikel.de\/magazin\/wp-json\/wp\/v2\/media?parent=18692"}],"wp:term":[{"taxonomy":"category","embeddable":true,"href":"https:\/\/www.babyartikel.de\/magazin\/wp-json\/wp\/v2\/categories?post=18692"},{"taxonomy":"post_tag","embeddable":true,"href":"https:\/\/www.babyartikel.de\/magazin\/wp-json\/wp\/v2\/tags?post=18692"}],"curies":[{"name":"wp","href":"https:\/\/api.w.org\/{rel}","templated":true}]}}