
{"id":20111,"date":"2016-04-19T08:00:02","date_gmt":"2016-04-19T06:00:02","guid":{"rendered":"\/magazin\/?p=20111"},"modified":"2024-12-12T10:39:15","modified_gmt":"2024-12-12T09:39:15","slug":"babyglueck-update-21-wochen-5-monate-zu-viert","status":"publish","type":"post","link":"https:\/\/www.babyartikel.de\/magazin\/babyglueck-update-21-wochen-5-monate-zu-viert","title":{"rendered":"Baby-Update: 21 Wochen \/\/ 5 Monate zu viert"},"content":{"rendered":"<p>Mein gar nicht mehr so kleines Baby ist nun schon f&uuml;nf Monate alt. Seit f&uuml;nf Monaten sind wir zu viert. Eltern von zwei Kindern. Den bezauberndsten kleinen Jungs, die ich mir h&auml;tte w&uuml;nschen k&ouml;nnen. Es ist nicht immer einfach, &ouml;fters stressig, laut und hektisch, aber mindestens genauso wundersch&ouml;n und toll. Und wenn mir doch mal alles &uuml;berm Kopf zusammen w&auml;chst, muss ich mich nur kurz besinnen, meine Zwei ganz feste knuddeln, an ihnen schnuffeln und es geht mir gleich wieder besser.<p>F&uuml;nf Monate Taavi. Und auch beim zweiten Kind freut man sich &uuml;ber jeden Entwicklungsschritt und Meilenstein genauso, wie beim ersten. Nur kurz, nachdem er gelernt hat, sich vom R&uuml;cken auf den Bauch zu drehen, klappte es auch schon andersrum. Seit zwei Wochen bewegt er sich nun rollend fort und es ist fast nichts mehr vor ihm sicher. Die letzten Tage geht er sogar in den &bdquo;Kopfstand&ldquo;, dr&uuml;ckt seinen Popo ganz fest in die H&ouml;he und versucht, sich mit den F&uuml;&szlig;en abzudr&uuml;cken, um nach vorne zu kommen. Vom Robben sind wir wohl nicht mehr weit entfernt. Ich muss regelm&auml;&szlig;ig die Spielsachen, die Mika-Flynn auf dem Fu&szlig;boden verteilt, einsammeln und wegr&auml;umen, damit Taavi sie sich nicht schnappt. Erkl&auml;rt mal einem Dreij&auml;hrigen, dass er nicht alles liegen lassen kann, weil sein kleiner Bruder sich sonst daran verschlucken k&ouml;nnte. Er zeigt zwar Verst&auml;ndnis, aber keine f&uuml;nf Minuten sp&auml;ter liegen die n&auml;chsten Sachen verstreut auf dem Boden&hellip;Das kann noch was werden&hellip;<\/p><h6><img loading=\"lazy\" decoding=\"async\" class=\"alignnone wp-image-4057 size-full\" src=\"https:\/\/www.wunderhaftig.net\/wp-content\/uploads\/2016\/04\/Baby-Update-5-month-Monate-Babyglueck-Post-21-Wochen-Babyboy-Elternglueck-Milestone-Baby-Cards.jpg\" alt=\"Baby-Update-5-month-Monate-Babyglueck-Post-21-Wochen-Babyboy-Elternglueck-Milestone-Baby-Cards\" width=\"1500\" height=\"1117\"><\/h6><div id=\"ez-toc-container\" class=\"ez-toc-v2_0_82_2 counter-flat ez-toc-counter ez-toc-white ez-toc-container-direction\">\n<div class=\"ez-toc-title-container\">\n<p class=\"ez-toc-title\" style=\"cursor:inherit\">Inhaltsverzeichnis<\/p>\n<span class=\"ez-toc-title-toggle\"><a href=\"#\" class=\"ez-toc-pull-right ez-toc-btn ez-toc-btn-xs ez-toc-btn-default ez-toc-toggle\" aria-label=\"Toggle Table of Content\"><span class=\"ez-toc-js-icon-con\"><span class=\"\"><span class=\"eztoc-hide\" style=\"display:none;\">Toggle<\/span><span class=\"ez-toc-icon-toggle-span\"><svg style=\"fill: #999;color:#999\" xmlns=\"http:\/\/www.w3.org\/2000\/svg\" class=\"list-377408\" width=\"20px\" height=\"20px\" viewBox=\"0 0 24 24\" fill=\"none\"><path d=\"M6 6H4v2h2V6zm14 0H8v2h12V6zM4 11h2v2H4v-2zm16 0H8v2h12v-2zM4 16h2v2H4v-2zm16 0H8v2h12v-2z\" fill=\"currentColor\"><\/path><\/svg><svg style=\"fill: #999;color:#999\" class=\"arrow-unsorted-368013\" xmlns=\"http:\/\/www.w3.org\/2000\/svg\" width=\"10px\" height=\"10px\" viewBox=\"0 0 24 24\" version=\"1.2\" baseProfile=\"tiny\"><path d=\"M18.2 9.3l-6.2-6.3-6.2 6.3c-.2.2-.3.4-.3.7s.1.5.3.7c.2.2.4.3.7.3h11c.3 0 .5-.1.7-.3.2-.2.3-.5.3-.7s-.1-.5-.3-.7zM5.8 14.7l6.2 6.3 6.2-6.3c.2-.2.3-.5.3-.7s-.1-.5-.3-.7c-.2-.2-.4-.3-.7-.3h-11c-.3 0-.5.1-.7.3-.2.2-.3.5-.3.7s.1.5.3.7z\"\/><\/svg><\/span><\/span><\/span><\/a><\/span><\/div>\n<nav><ul class='ez-toc-list ez-toc-list-level-1 ' ><li class='ez-toc-page-1'><a class=\"ez-toc-link ez-toc-heading-1\" href=\"https:\/\/www.babyartikel.de\/magazin\/babyglueck-update-21-wochen-5-monate-zu-viert\/#21_Wochen_Baby_sein\" >21&nbsp;Wochen Baby sein<\/a><\/li><li class='ez-toc-page-1'><a class=\"ez-toc-link ez-toc-heading-2\" href=\"https:\/\/www.babyartikel.de\/magazin\/babyglueck-update-21-wochen-5-monate-zu-viert\/#21_Wochen_Eltern_sein_von_zwei_Kindern\" >21&nbsp;Wochen Eltern sein von zwei Kindern<\/a><\/li><li class='ez-toc-page-1'><a class=\"ez-toc-link ez-toc-heading-3\" href=\"https:\/\/www.babyartikel.de\/magazin\/babyglueck-update-21-wochen-5-monate-zu-viert\/#Meine_Babyglueck-Updates\" >Meine Babygl&uuml;ck-Updates:<\/a><\/li><\/ul><\/nav><\/div>\n<h2><span class=\"ez-toc-section\" id=\"21_Wochen_Baby_sein\"><\/span>21&nbsp;Wochen Baby sein<span class=\"ez-toc-section-end\"><\/span><\/h2><p><strong>Lieblingsbesch&auml;ftigung:<\/strong>&nbsp;Strahlen, lachen, jauchzen, gugglen. Immer mehr neue T&ouml;ne werden ausprobiert. Tiefes &bdquo;R&ouml;hren&ldquo; und auch ziemlich lautes Quietschen und Kreischen. Letzteres macht besonders viel Spa&szlig;. Am liebsten fr&uuml;h morgens, damit auch wirklich alle wach werden und wissen, dass ich nicht mehr m&uuml;de bin, sondern lieber unterhalten werden m&ouml;chte. Dann hole ich ganz tief Luft und gebe alles, so laut ich kann. Das macht ja soo viel Spa&szlig;!<\/p><p>Ich kann aber auch ganz leise sein. Auf meiner Krabbeldecke auf dem Bauch liegend alles um mich herum bestaunen und ganz lange betrachten. Die Decke, die Bilder an der Wand, meine H&auml;nde. Doch am liebsten rolle ich durch die Gegend, um von A nach B zu kommen und mir das zu schnappen, was ich ersp&auml;ht habe. Wenn ich es dann geschafft habe, muss es sofort in den Mund. Egal, was es ist. Alles wird abgenuckelt und angesabbert. Spielzeugautos vom gro&szlig;en Bruder mag ich besonders gern. Ansonsten tut es auch meine Raschel-Knister-Schepper-Katze oder mein Oball. Ich kann mich schon ganz wunderbar mit mir alleine besch&auml;ftigen und spielen. Und es gibt ja so viel zu entdecken!<\/p><div class=\"marketing-slot\"><div id=\"block-18\" class=\"content-post-widget marketing-slot-1 widget_block\"><a href=\"#\" class=\"newsletter_popup\" style=\"\n  display: inline-block;\n  box-shadow: 0 4px 10px rgba(0,0,0,0.1);\n  margin: 20px auto;\n  max-width: 800px;\n  width: 100%;\">\n  <img src=\"https:\/\/media.babyartikel.de\/magazin\/wp-content\/uploads\/2025\/08\/NL-Banner-Magazin-8-25.webp\" alt=\"Newsletter Banner\" style=\"\n    width: 100%;\n    height: auto;\n    display: block;\" onclick=\"ga('send', 'event', 'banner', 'click', 'magazin-banner-newsletter-8-25');\">\n<\/a>\n\n\t<!-- Modal -->\n\t<div class=\"modal fade modal_popup\" id=\"newsletter_popup\" tabindex=\"-1\" aria-labelledby=\"exampleModalLabel\" aria-hidden=\"true\">\n\t\t<div class=\"modal-dialog modal-dialog-centered modal-dialog-scrollable\">\n\t\t\t<div class=\"modal-content\">\n\t\t\t\t<div class=\"modal-header small-header\">\n\t\t\t\t\t<h5 class=\"modal-title\" id=\"newsletterModalLabel\">\n\t\t\t\t\t\tNewsletter\t\t\t\t\t<\/h5>\n\t\t\t\t\t<button type=\"button\" class=\"btn-close small-close\" data-bs-dismiss=\"modal\" aria-label=\"Close\"><\/button>\n\t\t\t\t<\/div>\n\n\t\t\t\t<div class=\"modal-body\">\n\t\t\t\t\t\t<div class=\"newsletterForm-embed popup-form\">\n        <form name=\"newsletterSubscriptionForm\" id=\"newsletter_popup_69f581204971b_form\" data-newsletter-id=\"newsletter_popup_69f581204971b\" method=\"POST\">\n\n\t\t\t<input type=\"text\" name=\"website\" class=\"hidden\" tabindex=\"-1\" autocomplete=\"off\" style=\"position:absolute;left:-9999px;\">\n\t\t\t<input type=\"hidden\" name=\"ts\" value=\"1777697056\">\n\n\t\t\t                <input type=\"hidden\" name=\"emarsys-event-id\" value=\"3756\">\n            \n            \t\t\t<div class=\"mb-3\">\n\t\t\t\t<label for=\"date\" class=\"form-label\">Geburtstag\/ -termin Deines Babys<\/label>\n                <input type=\"date\" name=\"date\" class=\"input input--expand form-control\" required>\n\t\t\t<\/div>\n            \n\t\t\t<div class=\"mb-3\">\n\t\t\t\t<label for=\"email\" class=\"form-label\">E-Mail-Adresse<\/label>\n\t\t\t\t<input type=\"email\" name=\"email\" placeholder=\"E-Mail-Adresse\" class=\"input input--expand form-control\" required>\n\t\t\t<\/div>\n\n\t\t\t\t\t\t\t<button type=\"submit\" class=\"btn btn-primary\">Absenden<\/button>\n\t\t\t\n\t\t\t\t\t\t\t<div class=\"small mt-3\" style=\"font-weight:normal;\">\n\t\t\t\t\t\n\t\t\t<div class=\"mt-3\">\n\t\t\t\tJa, ich m&ouml;chte den Newsletter von Babyartikel.de erhalten und &uuml;ber Aktionen informiert werden.\n  Dabei darf mein Nutzungsverhalten (z. B. &Ouml;ffnungen und Klicks) zur Personalisierung ausgewertet werden.\n  Mehr finde ich in der <a href=\"\/de\/datenschutz\" style=\"text-decoration:underline\">Datenschutzerkl&auml;rung<\/a>.\n\t\t\t<\/div>\n\t\t\t\t\t\t<\/div>\n\t\t\t\n\t\t\t\t\t\t\t<div class=\"small mb-3 mt-3\" style=\"font-weight:normal;\">\n\t\t\t\t\tJederzeit abbestellbar | <a href=\"\/de\/datenschutz\" style=\"text-decoration:underline\">\n\t\t\t\t\t\tDatenschutzerkl&auml;rung\n\t\t\t\t\t<\/a>\n\t\t\t\t<\/div>\n\t\t\t\n        <\/form>\n    <\/div>\n\t\n\t\t\t\t\t<div class=\"response-messages_newsletter_popup_69f581204971b\">\n\t\t\t\t\t\t<div class=\"alert alert-success success mt-3 mb-3 d-none\">\n\t\t\t\t\t\t\tNur noch ein Klick! Best&auml;tige Deine Anmeldung in der E-Mail, die du gleich erh&auml;ltst.\t\t\t\t\t\t<\/div>\n\t\t\t\t\t\t<div class=\"error mt-3 mb-3 d-none\">\n\t\t\t\t\t\t\t<div class=\"alert alert-danger \">\n\t\t\t\t\t\t\t\tEin Fehler ist aufgetreten. Bitte versuche es sp&auml;ter erneut.\t\t\t\t\t\t\t<\/div>\n\t\t\t\t\t\t<\/div>\n\t\t\t\t\t\t<div class=\"alert alert-danger other-2007 mt-3 mb-3 d-none\">\n\t\t\t\t\t\t\tUng&Atilde;&frac14;ltiges Datumsformat\t\t\t\t\t\t<\/div>\n\t\t\t\t\t<\/div>\n\t\t\t\t<\/div>\n\t\t\t<\/div>\n\t\t<\/div>\n\t<\/div>\n\n\t<\/div><!-- content-widget --><\/div><p>Das geht auch gut in der Trage. Denn am liebsten bin ich sowieso &uuml;berall ganz nah dabei. Ob auf dem Scho&szlig; oder auf dem Arm, da hat man einfach den besten &Uuml;berblick.<\/p><div class=\"postslot1\">[articles]<link rel=\"stylesheet\" href=\"https:\/\/cdn.jsdelivr.net\/npm\/swiper@8\/swiper-bundle.min.css\"><\/div><div class=\"marketing-slot\"><div id=\"block-25\" class=\"content-post-widget marketing-slot-2 widget_block\"><a href=\"https:\/\/www.babyartikel.de\/de\/angebote\" data-track-link-click=\"true\" data-track-name=\"nyoutlet2026-magazin\" data-track-medium=\"banner-magazin-post\" data-track-campaign=\"magazin-banner-nyoutlet2026\" onclick=\"ga('send', 'event', 'banner', 'click', 'magazin-banner-nyoutlet2026');\" style=\"display:block;width:100%;text-align:center;\"><img src=\"https:\/\/media.babyartikel.de\/magazin\/wp-content\/uploads\/2026\/01\/NY-Outlet-10-2026.webp\" alt=\"Sale\" style=\"max-width:100%;\"><\/a><\/div><!-- content-widget --><\/div><p>Bald darf ich dann auch das erste Mal Beikost probieren. Mittlerweile klaue ich meinen Eltern n&auml;mlich mit den Augen das Essen von der Gabel, schmatze dabei ganz wild und imitiere ihr Kauen. Mama glaubt auch, dass ich so langsam bereit bin.<\/p><p><strong>Das mag ich gar nicht:<\/strong>&nbsp;Wenn ich mich rollend fortbewege und dann an einem Tisch- oder Stuhlbein oder dem Sessel ankomme und es nicht weiter geht. Auch mit aller Kraft nicht. Jedes Mal muss mich Mama wieder aus dieser Lage retten und ich finde das ziemlich bl&ouml;d. Auch, dass ich mich noch nicht richtig hinsetzen kann, ist Mist. Selbst wenn ich mich noch so sehr anstrenge mit meinen Sit-Ups, will es noch nicht klappen.<\/p><p>Ich finde es auch nicht lustig, wenn ich wach bin und Mama mich ins Bett oder die Wiege legt, weil sie duschen gehen m&ouml;chte. Alleine sein ist einfach doof. Ich muss sehen oder h&ouml;ren, dass noch jemand im Raum ist.<\/p><p><strong>Was ich schon erlebt habe:&nbsp;<\/strong>Die erste lange Autofahrt in den Norden zu Oma und Opa hinter mich gebracht und dabei fast die ganze Zeit geschlafen (die R&uuml;ckfahrt fand ich dann nicht ganz so toll und hatte &uuml;berhaupt keine Lust, nur im Maxi-Cosi zu sitzen). Das erste Mal Ostern gefeiert. Meine zwei anderen Tanten und Cousins kennen gelernt. Das erste Mal Zug und noch besser: Schiff gefahren! Dabei kam ich aus dem Staunen nicht mehr heraus.<\/p><p><strong>Das kann ich schon:<\/strong>&nbsp;Vom R&uuml;cken auf den Bauch und wieder zur&uuml;ck drehen. Rollen, mich vorw&auml;rts schieben und beinahe robben. Strampeln und mit den Beinen poltern, als ob ich gleich loslaufen w&uuml;rde. Viele bunte und ziemlich laute T&ouml;ne von mir geben. Mich auf den Armen und H&auml;nden aufst&uuml;tzen und meinen Kopf ganz weit in die H&ouml;he recken, um m&ouml;glichst viel zu sehen. Alles greifen, was in der N&auml;he liegt und mir schnappen. Und dann sofort ab in den Mund damit.<\/p><p><img loading=\"lazy\" decoding=\"async\" class=\"alignnone wp-image-4058 size-full\" src=\"https:\/\/www.wunderhaftig.net\/wp-content\/uploads\/2016\/04\/Baby-Update-5-month-Monate-Babyglueck-Post-21-Wochen-Babyboy-Elternglueck-Milestone-Baby-Cards-Wunderhaftig.jpg\" alt=\"Baby-Update-5-month-Monate-Babyglueck-Post-21-Wochen-Babyboy-Elternglueck-Milestone-Baby-Cards-Wunderhaftig\" width=\"1500\" height=\"1115\"><\/p><h2><span class=\"ez-toc-section\" id=\"21_Wochen_Eltern_sein_von_zwei_Kindern\"><\/span>21&nbsp;Wochen Eltern sein von zwei Kindern<span class=\"ez-toc-section-end\"><\/span><\/h2><p><strong>Neue Erkenntnisse:<\/strong>&nbsp;Als Mama krank sein mit Kleinkind und Baby ist der gr&ouml;&szlig;te Mist. Wir haben wirklich jede Erk&auml;ltung mitgenommen, die ging. Erst die Jungs, die ihren bl&ouml;den Polterhusten ewig nicht loswurden und am Ende dann ich. Drei Tage war ich wirklich ausgeknockt und ziemlich fertig. Aber das interessiert ein&nbsp;kleines Baby nat&uuml;rlich nicht und auch das gro&szlig;e Kind m&ouml;chte irgendwie unterhalten werden. Also Z&auml;hne zusammen bei&szlig;en und irgendwie den Tag &uuml;berstehen. Drei Kreuze machen, wenn der Mann Feierabend hat&nbsp;und man sich zumindest etwas entspannen kann. Toitoitoi, dass es das jetzt mit diesen bl&ouml;den Viren erstmal war.<\/p><p>Au&szlig;erdem mal wieder festgestellt: Beim Zweiten ist man tats&auml;chlich irgendwie gelassener, als beim ersten Kind. Zumindest geht es mir so. Wollte ich Mika-Flynn als Baby eigentlich keine Sekunde abgeben, f&auml;llt es mir bei Taavi leichter, wenn mal jemand anderes sich um ihn k&uuml;mmert oder aufpasst. Ich glaube, ich wei&szlig; instinktiv noch besser, was ihm gut tut und womit er sich wohl f&uuml;hlt und kann deswegen einfacher &bdquo;loslassen&ldquo;.<\/p><p><strong>Schreckmoment:<\/strong>&nbsp;Gab es keinen.<\/p><p><strong>Daf&uuml;r fehlt die Zeit:<\/strong>&nbsp;F&uuml;r den Haushalt, die W&auml;sche, gr&uuml;ndliches Putzen und ausgiebige Vorbereitungen f&uuml;r Ostern (ohne sie in purem Stress ausarten zu lassen). Mein Zeitmanagement ist aktuell auch ziemlich f&uuml;r die Tonne. Und daran muss sich was &auml;ndern. Im Moment bin ich um 12 Uhr gerade mal mit Fr&uuml;hst&uuml;ck und Duschen fertig und bereit Mika-Flynn vom Kindergarten abzuholen, was daran liegt, dass ich mit Taavi auch gerne mal noch etwas l&auml;nger im Bett liegen bleibe und nicht so recht in die G&auml;nge kommen mag. Mein Plan ist es, jetzt wo es morgens wieder heller ist und das Aufstehen (hoffentlich) leichter f&auml;llt, sp&auml;testens um 9 Uhr mit allem fertig zu sein. Vielleicht sollte ich daf&uuml;r aber auch evtl. mal eher schlafen gehen und nicht bis Mitten in der Nacht Blogposts tippen&hellip;(aber wann sonst, wenn nicht dann?)<\/p><p><strong>Das war bl&ouml;d:<\/strong>&nbsp;Dauererk&auml;ltungen und dadurch schwindende Kr&auml;fte. Das Gef&uuml;hl, ausgelaugt und kaputt zu sein, dadurch auch unmotiviert und frustriert. Die Sehnsucht nach Fr&uuml;hling war auch ganz gro&szlig;. Endlich wieder raus gehen k&ouml;nnen, ohne sich dick einzupacken und ohne zu frieren.<\/p><p>Streit &uuml;ber Kleinigkeiten, unn&ouml;tige Hektik und dadurch entstehender Stress, z.B., wenn man zu viert irgendwo hin m&ouml;chte, die Kinder aber von unseren Pl&auml;nen nicht so viel halten. Besonders Mika-Flynn stellt sich da im Moment ziemlich gerne quer, will nicht aufstehen, sich nicht anziehen,&hellip;<\/p><p><strong>Gl&uuml;cklichster Moment:<\/strong>&nbsp;Unser erster kleiner Familienausflug&nbsp;nach Hamburg. Nur wir vier. Die staunenden Gesichter der Jungs beim Zug- und Schifffahren. Und ganz viel Familienzeit. Es war teilweise anstrengend (Baby den ganzen Tag in der Trage, ein Kleinkind, das st&auml;ndig weg rennt), aber dennoch war ich am Ende des Tages selig und dankbar.<\/p><p>Und die Ostereier-Suche und Freude von Mika-Flynn dabei. Pures Gl&uuml;ck in seinen Augen und ganz viel Spa&szlig;.<\/p><p><strong>N&auml;chte\/Schlaf: <\/strong>Relativ unver&auml;ndert. Stillabst&auml;nde von 2-3 Stunden, manchmal auch etwas l&auml;nger, sind aktuell normal. Oft hat er gar keinen Hunger, sondern will einfach nur nuckeln. Ich wache dann nur kurz auf, docke ihn an und schlafe meistens wieder ein. Gegen 6 Uhr wird er dann in letzter Zeit ziemlich unruhig, zappelt und bewegt sich viel, was auch mich nicht mehr ruhig schlafen l&auml;sst. Ich d&ouml;se dann, so lange es geht.<\/p><p>Tags&uuml;ber ist er immer l&auml;nger wach, schl&auml;ft vormittags nochmal kurz und ab und zu nachmittags. Aber meistens nicht l&auml;nger als eine halbe Stunde.<\/p><p><strong>Darauf freuen wir uns:&nbsp;<\/strong>Auf immer w&auml;rmer werdende Tage, viele Spielplatz- und Eisdielenbesuche, Feiertage und Zeit zu viert. Auf den Fr&uuml;hling und Sommer und unseren Urlaub Anfang Juli.<\/p><p><strong>Das macht Mama und Papa gl&uuml;cklich:<\/strong>&nbsp;Unser 8-J&auml;hriges zu &bdquo;feiern&ldquo;. Und kleine Auszeiten zu zweit. Im Osterurlaub bei der Schwiegerfamilie&nbsp;hat Yannick mich beim Laufen begleitet, w&auml;hrend die Kids bei Oma und Opa geblieben sind und wir waren das erste Mal seit Taavis Geburt alleine&nbsp;essen. Relativ spontan und auch nur f&uuml;r knapp zwei Stunden (in zehn Minuten w&auml;ren wir wieder zu Hause gewesen), aber es tat gut, auch mal nur als Paar etwas zu machen. Das kommt aktuell wirklich etwas zu kurz, dabei ist es so wichtig f&uuml;r die Beziehung. Deswegen werden wir uns auch auf jeden Fall nach einem Babysitter umsehen, wenn Taavi noch etwas &auml;lter ist und nicht mehr ausschlie&szlig;lich gestillt wird.<\/p><p>Genauso wichtig sind auch kleine Auszeiten nur f&uuml;r sich selbst. Yannick war wohl richtig gl&uuml;cklich, endlich sein Geburtstagsgeschenk seiner besten Kumpels einzul&ouml;sen und ein Wochenende mit ihnen zu verbringen, um gemeinsam ins Stadion zu seiner Lieblingsmannschaft zu gehen, die dann auch noch haushoch gewonnen hat.<\/p><p>Mich macht es schon happy, endlich wieder laufen gehen zu k&ouml;nnen, ohne dass mich die Erk&auml;ltung einschr&auml;nkt und an alten Zeiten arbeiten zu k&ouml;nnen. Und dass es abends so lange hell und endlich wieder w&auml;rmer ist. Sonne auf der Nase und die ersten Sommersprossen sind Dinge, die mich gl&uuml;cklich machen.<\/p><h2><span class=\"ez-toc-section\" id=\"Meine_Babyglueck-Updates\"><\/span>Meine Babygl&uuml;ck-Updates:<span class=\"ez-toc-section-end\"><\/span><\/h2><ul>\n<li><a href=\"\/magazin\/babyglueck-update-8-wochen-zu-viert\">Babygl&uuml;ck Update: 8 Wochen zu viert<\/a><\/li>\n<li><a href=\"\/magazin\/babyglueck-update-13-wochen-3-monate-zu-viert\">Babygl&uuml;ck Update: 13 Wochen \/\/ 3 Monate zu viert<\/a><\/li>\n<li><a href=\"\/magazin\/babyglueck-update-17-wochen-4-monate-zu-viert\">Babygl&uuml;ck Update: 17 Wochen \/\/ 4 Monate zu viert<\/a><\/li>\n<li>alle Babygl&uuml;ck-Posts&nbsp;<\/li>\n<\/ul><div class=\"credits-overlay\" data-target=\".wp-image-20115\"><a href=\"#\" target=\"_blank\">&copy; Nathalie<\/a><\/div><\/p>\n","protected":false},"excerpt":{"rendered":"<p>Mein gar nicht mehr so kleines Baby ist nun schon f&uuml;nf Monate alt. Seit f&uuml;nf Monaten sind wir zu viert. Eltern von zwei Kindern. Den bezauberndsten kleinen Jungs, die ich mir h&auml;tte w&uuml;nschen k&ouml;nnen. Es ist nicht immer einfach, &ouml;fters stressig, laut und hektisch, aber mindestens genauso wundersch&ouml;n und toll. Und wenn mir doch mal [&#8230;]<\/p>\n<p><a class=\"btn btn-secondary understrap-read-more-link\" href=\"https:\/\/www.babyartikel.de\/magazin\/babyglueck-update-21-wochen-5-monate-zu-viert\">Weiterlesen&#8230;<\/a><\/p>\n","protected":false},"author":38,"featured_media":20115,"comment_status":"open","ping_status":"open","sticky":false,"template":"","format":"standard","meta":{"_acf_changed":false,"footnotes":""},"categories":[79,2820,2802],"tags":[],"class_list":["post-20111","post","type-post","status-publish","format-standard","has-post-thumbnail","hentry","category-baby","category-leben-mit-baby","category-mamablogger-berichten"],"acf":[],"yoast_head":"<!-- This site is optimized with the Yoast SEO Premium plugin v27.2 (Yoast SEO v27.2) - https:\/\/yoast.com\/product\/yoast-seo-premium-wordpress\/ -->\n<title>Baby-Update: 21 Wochen \/\/ 5 Monate zu viert | Babyartikel.de Magazin<\/title>\n<meta name=\"robots\" content=\"index, follow, max-snippet:-1, max-image-preview:large, max-video-preview:-1\" \/>\n<link rel=\"canonical\" href=\"https:\/\/www.babyartikel.de\/magazin\/babyglueck-update-21-wochen-5-monate-zu-viert\" \/>\n<meta property=\"og:locale\" content=\"de_DE\" \/>\n<meta property=\"og:type\" content=\"article\" \/>\n<meta property=\"og:title\" content=\"Baby-Update: 21 Wochen \/\/ 5 Monate zu viert\" \/>\n<meta property=\"og:description\" content=\"Mein gar nicht mehr so kleines Baby ist nun schon f&uuml;nf Monate alt. Seit f&uuml;nf Monaten sind wir zu viert. Eltern von zwei Kindern. Den bezauberndsten kleinen Jungs, die ich mir h&auml;tte w&uuml;nschen k&ouml;nnen. Es ist nicht immer einfach, &ouml;fters stressig, laut und hektisch, aber mindestens genauso wundersch&ouml;n und toll. Und wenn mir doch mal [...]Weiterlesen...\" \/>\n<meta property=\"og:url\" content=\"https:\/\/www.babyartikel.de\/magazin\/babyglueck-update-21-wochen-5-monate-zu-viert\" \/>\n<meta property=\"og:site_name\" content=\"Babyartikel.de Magazin\" \/>\n<meta property=\"article:published_time\" content=\"2016-04-19T06:00:02+00:00\" \/>\n<meta property=\"article:modified_time\" content=\"2024-12-12T09:39:15+00:00\" \/>\n<meta property=\"og:image\" content=\"https:\/\/cdn.magazin.babyartikel.de\/magazin\/wp-content\/uploads\/2016\/04\/Baby-Update-5-month-Monate-Babyglueck-Post-21-Wochen-Babyboy-Elternglueck-scaled.jpg\" \/>\n\t<meta property=\"og:image:width\" content=\"2560\" \/>\n\t<meta property=\"og:image:height\" content=\"1763\" \/>\n\t<meta property=\"og:image:type\" content=\"image\/jpeg\" \/>\n<meta name=\"author\" content=\"Nathalie\" \/>\n<meta name=\"twitter:card\" content=\"summary_large_image\" \/>\n<meta name=\"twitter:label1\" content=\"Verfasst von\" \/>\n\t<meta name=\"twitter:data1\" content=\"Nathalie\" \/>\n\t<meta name=\"twitter:label2\" content=\"Gesch\u00e4tzte Lesezeit\" \/>\n\t<meta name=\"twitter:data2\" content=\"10\u00a0Minuten\" \/>\n<script type=\"application\/ld+json\" class=\"yoast-schema-graph\">{\"@context\":\"https:\/\/schema.org\",\"@graph\":[{\"@type\":\"Article\",\"@id\":\"https:\/\/www.babyartikel.de\/magazin\/babyglueck-update-21-wochen-5-monate-zu-viert#article\",\"isPartOf\":{\"@id\":\"https:\/\/www.babyartikel.de\/magazin\/babyglueck-update-21-wochen-5-monate-zu-viert\"},\"author\":{\"name\":\"Nathalie\",\"@id\":\"https:\/\/www.babyartikel.de\/magazin\/#\/schema\/person\/5c47106d17cecd48473243eae64594a1\"},\"headline\":\"Baby-Update: 21 Wochen \/\/ 5 Monate zu viert\",\"datePublished\":\"2016-04-19T06:00:02+00:00\",\"dateModified\":\"2024-12-12T09:39:15+00:00\",\"mainEntityOfPage\":{\"@id\":\"https:\/\/www.babyartikel.de\/magazin\/babyglueck-update-21-wochen-5-monate-zu-viert\"},\"wordCount\":1706,\"commentCount\":0,\"image\":{\"@id\":\"https:\/\/www.babyartikel.de\/magazin\/babyglueck-update-21-wochen-5-monate-zu-viert#primaryimage\"},\"thumbnailUrl\":\"https:\/\/media.babyartikel.de\/magazin\/wp-content\/uploads\/2016\/04\/Baby-Update-5-month-Monate-Babyglueck-Post-21-Wochen-Babyboy-Elternglueck-scaled.jpg\",\"articleSection\":[\"Baby\",\"Leben mit Baby\",\"Mamablogger berichten\"],\"inLanguage\":\"de\",\"potentialAction\":[{\"@type\":\"CommentAction\",\"name\":\"Comment\",\"target\":[\"https:\/\/www.babyartikel.de\/magazin\/babyglueck-update-21-wochen-5-monate-zu-viert#respond\"]}]},{\"@type\":\"WebPage\",\"@id\":\"https:\/\/www.babyartikel.de\/magazin\/babyglueck-update-21-wochen-5-monate-zu-viert\",\"url\":\"https:\/\/www.babyartikel.de\/magazin\/babyglueck-update-21-wochen-5-monate-zu-viert\",\"name\":\"Baby-Update: 21 Wochen \/\/ 5 Monate zu viert | Babyartikel.de Magazin\",\"isPartOf\":{\"@id\":\"https:\/\/www.babyartikel.de\/magazin\/#website\"},\"primaryImageOfPage\":{\"@id\":\"https:\/\/www.babyartikel.de\/magazin\/babyglueck-update-21-wochen-5-monate-zu-viert#primaryimage\"},\"image\":{\"@id\":\"https:\/\/www.babyartikel.de\/magazin\/babyglueck-update-21-wochen-5-monate-zu-viert#primaryimage\"},\"thumbnailUrl\":\"https:\/\/media.babyartikel.de\/magazin\/wp-content\/uploads\/2016\/04\/Baby-Update-5-month-Monate-Babyglueck-Post-21-Wochen-Babyboy-Elternglueck-scaled.jpg\",\"datePublished\":\"2016-04-19T06:00:02+00:00\",\"dateModified\":\"2024-12-12T09:39:15+00:00\",\"author\":{\"@id\":\"https:\/\/www.babyartikel.de\/magazin\/#\/schema\/person\/5c47106d17cecd48473243eae64594a1\"},\"breadcrumb\":{\"@id\":\"https:\/\/www.babyartikel.de\/magazin\/babyglueck-update-21-wochen-5-monate-zu-viert#breadcrumb\"},\"inLanguage\":\"de\",\"potentialAction\":[{\"@type\":\"ReadAction\",\"target\":[\"https:\/\/www.babyartikel.de\/magazin\/babyglueck-update-21-wochen-5-monate-zu-viert\"]}]},{\"@type\":\"ImageObject\",\"inLanguage\":\"de\",\"@id\":\"https:\/\/www.babyartikel.de\/magazin\/babyglueck-update-21-wochen-5-monate-zu-viert#primaryimage\",\"url\":\"https:\/\/media.babyartikel.de\/magazin\/wp-content\/uploads\/2016\/04\/Baby-Update-5-month-Monate-Babyglueck-Post-21-Wochen-Babyboy-Elternglueck-scaled.jpg\",\"contentUrl\":\"https:\/\/media.babyartikel.de\/magazin\/wp-content\/uploads\/2016\/04\/Baby-Update-5-month-Monate-Babyglueck-Post-21-Wochen-Babyboy-Elternglueck-scaled.jpg\",\"width\":2560,\"height\":1763},{\"@type\":\"BreadcrumbList\",\"@id\":\"https:\/\/www.babyartikel.de\/magazin\/babyglueck-update-21-wochen-5-monate-zu-viert#breadcrumb\",\"itemListElement\":[{\"@type\":\"ListItem\",\"position\":1,\"name\":\"Startseite\",\"item\":\"https:\/\/www.babyartikel.de\/magazin\"},{\"@type\":\"ListItem\",\"position\":2,\"name\":\"Baby-Update: 21 Wochen \/\/ 5 Monate zu viert\"}]},{\"@type\":\"WebSite\",\"@id\":\"https:\/\/www.babyartikel.de\/magazin\/#website\",\"url\":\"https:\/\/www.babyartikel.de\/magazin\/\",\"name\":\"Babyartikel.de Magazin\",\"description\":\"\",\"potentialAction\":[{\"@type\":\"SearchAction\",\"target\":{\"@type\":\"EntryPoint\",\"urlTemplate\":\"https:\/\/www.babyartikel.de\/magazin\/?s={search_term_string}\"},\"query-input\":{\"@type\":\"PropertyValueSpecification\",\"valueRequired\":true,\"valueName\":\"search_term_string\"}}],\"inLanguage\":\"de\"},{\"@type\":\"Person\",\"@id\":\"https:\/\/www.babyartikel.de\/magazin\/#\/schema\/person\/5c47106d17cecd48473243eae64594a1\",\"name\":\"Nathalie\",\"image\":{\"@type\":\"ImageObject\",\"inLanguage\":\"de\",\"@id\":\"https:\/\/secure.gravatar.com\/avatar\/018e42b7af8f1ceeb7e2183e6069536b83ff7bfa7dfc835de8c6a765847fc91c?s=96&d=mm&r=g\",\"url\":\"https:\/\/secure.gravatar.com\/avatar\/018e42b7af8f1ceeb7e2183e6069536b83ff7bfa7dfc835de8c6a765847fc91c?s=96&d=mm&r=g\",\"contentUrl\":\"https:\/\/secure.gravatar.com\/avatar\/018e42b7af8f1ceeb7e2183e6069536b83ff7bfa7dfc835de8c6a765847fc91c?s=96&d=mm&r=g\",\"caption\":\"Nathalie\"},\"description\":\"Mein Name ist Nathalie und ich wohne zusammen mit meinen drei Liebsten, meinem Freund, unseren zwei kleinen S\u00f6hnen und unserer Katze Coco im sch\u00f6nen Baden-W\u00fcrttemberg. Auf meinem Blog schreibe ich seit Januar 2010 \u00fcber alles was mir gef\u00e4llt und was ich f\u00fcr sch\u00f6n befinde. Lifestyle, aktuelle Trends, das Leben mit Kindern und Familie, Mode, Rezepte, Interior und Reisen - Erfahrungen, Erlebnisse und Einblicke in unsere kleine Welt. Ich freue mich, dass ich nun auch im Magazin von babyartikel.de dabei sein darf und regelm\u00e4\u00dfig Beitr\u00e4ge und Gedanken mit euch teilen kann.\",\"sameAs\":[\"http:\/\/www.wunderhaftig.net\"],\"url\":\"https:\/\/www.babyartikel.de\/magazin\/author\/nathalie\"}]}<\/script>\n<!-- \/ Yoast SEO Premium plugin. -->","yoast_head_json":{"title":"Baby-Update: 21 Wochen \/\/ 5 Monate zu viert | Babyartikel.de Magazin","robots":{"index":"index","follow":"follow","max-snippet":"max-snippet:-1","max-image-preview":"max-image-preview:large","max-video-preview":"max-video-preview:-1"},"canonical":"https:\/\/www.babyartikel.de\/magazin\/babyglueck-update-21-wochen-5-monate-zu-viert","og_locale":"de_DE","og_type":"article","og_title":"Baby-Update: 21 Wochen \/\/ 5 Monate zu viert","og_description":"Mein gar nicht mehr so kleines Baby ist nun schon f&uuml;nf Monate alt. Seit f&uuml;nf Monaten sind wir zu viert. Eltern von zwei Kindern. Den bezauberndsten kleinen Jungs, die ich mir h&auml;tte w&uuml;nschen k&ouml;nnen. Es ist nicht immer einfach, &ouml;fters stressig, laut und hektisch, aber mindestens genauso wundersch&ouml;n und toll. Und wenn mir doch mal [...]Weiterlesen...","og_url":"https:\/\/www.babyartikel.de\/magazin\/babyglueck-update-21-wochen-5-monate-zu-viert","og_site_name":"Babyartikel.de Magazin","article_published_time":"2016-04-19T06:00:02+00:00","article_modified_time":"2024-12-12T09:39:15+00:00","og_image":[{"width":2560,"height":1763,"url":"https:\/\/cdn.magazin.babyartikel.de\/magazin\/wp-content\/uploads\/2016\/04\/Baby-Update-5-month-Monate-Babyglueck-Post-21-Wochen-Babyboy-Elternglueck-scaled.jpg","type":"image\/jpeg"}],"author":"Nathalie","twitter_card":"summary_large_image","twitter_misc":{"Verfasst von":"Nathalie","Gesch\u00e4tzte Lesezeit":"10\u00a0Minuten"},"schema":{"@context":"https:\/\/schema.org","@graph":[{"@type":"Article","@id":"https:\/\/www.babyartikel.de\/magazin\/babyglueck-update-21-wochen-5-monate-zu-viert#article","isPartOf":{"@id":"https:\/\/www.babyartikel.de\/magazin\/babyglueck-update-21-wochen-5-monate-zu-viert"},"author":{"name":"Nathalie","@id":"https:\/\/www.babyartikel.de\/magazin\/#\/schema\/person\/5c47106d17cecd48473243eae64594a1"},"headline":"Baby-Update: 21 Wochen \/\/ 5 Monate zu viert","datePublished":"2016-04-19T06:00:02+00:00","dateModified":"2024-12-12T09:39:15+00:00","mainEntityOfPage":{"@id":"https:\/\/www.babyartikel.de\/magazin\/babyglueck-update-21-wochen-5-monate-zu-viert"},"wordCount":1706,"commentCount":0,"image":{"@id":"https:\/\/www.babyartikel.de\/magazin\/babyglueck-update-21-wochen-5-monate-zu-viert#primaryimage"},"thumbnailUrl":"https:\/\/media.babyartikel.de\/magazin\/wp-content\/uploads\/2016\/04\/Baby-Update-5-month-Monate-Babyglueck-Post-21-Wochen-Babyboy-Elternglueck-scaled.jpg","articleSection":["Baby","Leben mit Baby","Mamablogger berichten"],"inLanguage":"de","potentialAction":[{"@type":"CommentAction","name":"Comment","target":["https:\/\/www.babyartikel.de\/magazin\/babyglueck-update-21-wochen-5-monate-zu-viert#respond"]}]},{"@type":"WebPage","@id":"https:\/\/www.babyartikel.de\/magazin\/babyglueck-update-21-wochen-5-monate-zu-viert","url":"https:\/\/www.babyartikel.de\/magazin\/babyglueck-update-21-wochen-5-monate-zu-viert","name":"Baby-Update: 21 Wochen \/\/ 5 Monate zu viert | Babyartikel.de Magazin","isPartOf":{"@id":"https:\/\/www.babyartikel.de\/magazin\/#website"},"primaryImageOfPage":{"@id":"https:\/\/www.babyartikel.de\/magazin\/babyglueck-update-21-wochen-5-monate-zu-viert#primaryimage"},"image":{"@id":"https:\/\/www.babyartikel.de\/magazin\/babyglueck-update-21-wochen-5-monate-zu-viert#primaryimage"},"thumbnailUrl":"https:\/\/media.babyartikel.de\/magazin\/wp-content\/uploads\/2016\/04\/Baby-Update-5-month-Monate-Babyglueck-Post-21-Wochen-Babyboy-Elternglueck-scaled.jpg","datePublished":"2016-04-19T06:00:02+00:00","dateModified":"2024-12-12T09:39:15+00:00","author":{"@id":"https:\/\/www.babyartikel.de\/magazin\/#\/schema\/person\/5c47106d17cecd48473243eae64594a1"},"breadcrumb":{"@id":"https:\/\/www.babyartikel.de\/magazin\/babyglueck-update-21-wochen-5-monate-zu-viert#breadcrumb"},"inLanguage":"de","potentialAction":[{"@type":"ReadAction","target":["https:\/\/www.babyartikel.de\/magazin\/babyglueck-update-21-wochen-5-monate-zu-viert"]}]},{"@type":"ImageObject","inLanguage":"de","@id":"https:\/\/www.babyartikel.de\/magazin\/babyglueck-update-21-wochen-5-monate-zu-viert#primaryimage","url":"https:\/\/media.babyartikel.de\/magazin\/wp-content\/uploads\/2016\/04\/Baby-Update-5-month-Monate-Babyglueck-Post-21-Wochen-Babyboy-Elternglueck-scaled.jpg","contentUrl":"https:\/\/media.babyartikel.de\/magazin\/wp-content\/uploads\/2016\/04\/Baby-Update-5-month-Monate-Babyglueck-Post-21-Wochen-Babyboy-Elternglueck-scaled.jpg","width":2560,"height":1763},{"@type":"BreadcrumbList","@id":"https:\/\/www.babyartikel.de\/magazin\/babyglueck-update-21-wochen-5-monate-zu-viert#breadcrumb","itemListElement":[{"@type":"ListItem","position":1,"name":"Startseite","item":"https:\/\/www.babyartikel.de\/magazin"},{"@type":"ListItem","position":2,"name":"Baby-Update: 21 Wochen \/\/ 5 Monate zu viert"}]},{"@type":"WebSite","@id":"https:\/\/www.babyartikel.de\/magazin\/#website","url":"https:\/\/www.babyartikel.de\/magazin\/","name":"Babyartikel.de Magazin","description":"","potentialAction":[{"@type":"SearchAction","target":{"@type":"EntryPoint","urlTemplate":"https:\/\/www.babyartikel.de\/magazin\/?s={search_term_string}"},"query-input":{"@type":"PropertyValueSpecification","valueRequired":true,"valueName":"search_term_string"}}],"inLanguage":"de"},{"@type":"Person","@id":"https:\/\/www.babyartikel.de\/magazin\/#\/schema\/person\/5c47106d17cecd48473243eae64594a1","name":"Nathalie","image":{"@type":"ImageObject","inLanguage":"de","@id":"https:\/\/secure.gravatar.com\/avatar\/018e42b7af8f1ceeb7e2183e6069536b83ff7bfa7dfc835de8c6a765847fc91c?s=96&d=mm&r=g","url":"https:\/\/secure.gravatar.com\/avatar\/018e42b7af8f1ceeb7e2183e6069536b83ff7bfa7dfc835de8c6a765847fc91c?s=96&d=mm&r=g","contentUrl":"https:\/\/secure.gravatar.com\/avatar\/018e42b7af8f1ceeb7e2183e6069536b83ff7bfa7dfc835de8c6a765847fc91c?s=96&d=mm&r=g","caption":"Nathalie"},"description":"Mein Name ist Nathalie und ich wohne zusammen mit meinen drei Liebsten, meinem Freund, unseren zwei kleinen S\u00f6hnen und unserer Katze Coco im sch\u00f6nen Baden-W\u00fcrttemberg. Auf meinem Blog schreibe ich seit Januar 2010 \u00fcber alles was mir gef\u00e4llt und was ich f\u00fcr sch\u00f6n befinde. Lifestyle, aktuelle Trends, das Leben mit Kindern und Familie, Mode, Rezepte, Interior und Reisen - Erfahrungen, Erlebnisse und Einblicke in unsere kleine Welt. Ich freue mich, dass ich nun auch im Magazin von babyartikel.de dabei sein darf und regelm\u00e4\u00dfig Beitr\u00e4ge und Gedanken mit euch teilen kann.","sameAs":["http:\/\/www.wunderhaftig.net"],"url":"https:\/\/www.babyartikel.de\/magazin\/author\/nathalie"}]}},"abstract_sku":"","_links":{"self":[{"href":"https:\/\/www.babyartikel.de\/magazin\/wp-json\/wp\/v2\/posts\/20111","targetHints":{"allow":["GET"]}}],"collection":[{"href":"https:\/\/www.babyartikel.de\/magazin\/wp-json\/wp\/v2\/posts"}],"about":[{"href":"https:\/\/www.babyartikel.de\/magazin\/wp-json\/wp\/v2\/types\/post"}],"author":[{"embeddable":true,"href":"https:\/\/www.babyartikel.de\/magazin\/wp-json\/wp\/v2\/users\/38"}],"replies":[{"embeddable":true,"href":"https:\/\/www.babyartikel.de\/magazin\/wp-json\/wp\/v2\/comments?post=20111"}],"version-history":[{"count":11,"href":"https:\/\/www.babyartikel.de\/magazin\/wp-json\/wp\/v2\/posts\/20111\/revisions"}],"predecessor-version":[{"id":955631,"href":"https:\/\/www.babyartikel.de\/magazin\/wp-json\/wp\/v2\/posts\/20111\/revisions\/955631"}],"wp:featuredmedia":[{"embeddable":true,"href":"https:\/\/www.babyartikel.de\/magazin\/wp-json\/wp\/v2\/media\/20115"}],"wp:attachment":[{"href":"https:\/\/www.babyartikel.de\/magazin\/wp-json\/wp\/v2\/media?parent=20111"}],"wp:term":[{"taxonomy":"category","embeddable":true,"href":"https:\/\/www.babyartikel.de\/magazin\/wp-json\/wp\/v2\/categories?post=20111"},{"taxonomy":"post_tag","embeddable":true,"href":"https:\/\/www.babyartikel.de\/magazin\/wp-json\/wp\/v2\/tags?post=20111"}],"curies":[{"name":"wp","href":"https:\/\/api.w.org\/{rel}","templated":true}]}}