
{"id":20691,"date":"2016-05-10T09:09:12","date_gmt":"2016-05-10T07:09:12","guid":{"rendered":"\/magazin\/?p=20691"},"modified":"2024-12-12T10:42:23","modified_gmt":"2024-12-12T09:42:23","slug":"babyglueck-update-26-wochen-6-monate-zu-viert","status":"publish","type":"post","link":"https:\/\/www.babyartikel.de\/magazin\/babyglueck-update-26-wochen-6-monate-zu-viert","title":{"rendered":"Babygl\u00fcck Update: 26 Wochen \/\/ 6 Monate zu viert"},"content":{"rendered":"<p>Ein halbes Jahr. Wirklich?! Fassen kann ich es irgendwie&nbsp;immer noch nicht so richtig, wie schnell die letzten sechs Monate nun vergangen sind. Ich meine, ein halbes Jahr! Nochmal genau so lange und mein Baby ist schon eins! Dabei lag er doch gerade eben noch ganz frisch geschl&uuml;pft in meinen Armen&hellip;Hallo Zeit, ich glaube manchmal, du willst mir einen Streich spielen, indem du rast und rast und rast&hellip;<p>Inzwischen ist aus diesem winzigen Neugeborenen ein gar nicht mehr so kleiner, aufgeweckter und unglaublich knuffiger Wirbelwind geworden, der uns ziemlich auf Trab h&auml;lt. Kaum noch etwas ist vor ihm sicher, jeden Tag lernt er etwas Neues, entdeckt die Welt und w&uuml;rde wohl am liebsten schon all das k&ouml;nnen, was sein gro&szlig;er Bruder kann. Gro&szlig; ist das Gemecker, wenn er feststellt, dass er eben doch noch etwas zu klein ist, um mit ihm toben, rennen und spielen zu k&ouml;nnen. Noch gr&ouml;&szlig;er, wenn ihm lautstark verk&uuml;ndet wird, dass er nicht mit den Autos, den Stra&szlig;enschienen, usw. spielen darf, weil Mika-Flynn von Teilen aktuell nicht so viel h&auml;lt. Ich bin gespannt, wie sich das entwickelt. Und ob das schon Vorboten der ersten Geschwisterstreits sind&hellip;Bis auf diese Besitzanspr&uuml;che geht es zwischen den Beiden aber meistens noch relativ harmonisch zu. Au&szlig;er, dass Mika-Flynn eben immer noch nicht ganz versteht, dass er es mit einem Baby und keinem Gleichaltrigen zu tun hat. Aber wie war das? Kleine Geschwister sind von Anfang an h&auml;rter im Nehmen und robuster, um mit den Kuschel-, Knutsch- und (Er)Dr&uuml;ck-Attacken besser umgehen zu k&ouml;nnen? Sonst w&uuml;rde Taavi wohl kaum fr&ouml;hlich lachen, wenn Mika-Flynn auf seinem Bauch sitzend &bdquo;Hoppe, hoppe Reiter&ldquo; spielt, oder?&nbsp;Hach ja, diese Geschwisterliebe&hellip;<\/p><h6><img loading=\"lazy\" decoding=\"async\" class=\"alignnone wp-image-4313 size-full\" src=\"https:\/\/www.wunderhaftig.net\/wp-content\/uploads\/2016\/05\/Baby-Update-6-month-Monate-Babyglueck-Post-26-Wochen-Babyboy-Elternglueck-Milestone-Baby-Cards-Photography.jpg\" alt=\"Baby-Update-6-month-Monate-Babyglueck-Post-26-Wochen-Babyboy-Elternglueck-Milestone-Baby-Cards-Photography\" width=\"1500\" height=\"1125\"><\/h6><div id=\"ez-toc-container\" class=\"ez-toc-v2_0_82_2 counter-flat ez-toc-counter ez-toc-white ez-toc-container-direction\">\n<div class=\"ez-toc-title-container\">\n<p class=\"ez-toc-title\" style=\"cursor:inherit\">Inhaltsverzeichnis<\/p>\n<span class=\"ez-toc-title-toggle\"><a href=\"#\" class=\"ez-toc-pull-right ez-toc-btn ez-toc-btn-xs ez-toc-btn-default ez-toc-toggle\" aria-label=\"Toggle Table of Content\"><span class=\"ez-toc-js-icon-con\"><span class=\"\"><span class=\"eztoc-hide\" style=\"display:none;\">Toggle<\/span><span class=\"ez-toc-icon-toggle-span\"><svg style=\"fill: #999;color:#999\" xmlns=\"http:\/\/www.w3.org\/2000\/svg\" class=\"list-377408\" width=\"20px\" height=\"20px\" viewBox=\"0 0 24 24\" fill=\"none\"><path d=\"M6 6H4v2h2V6zm14 0H8v2h12V6zM4 11h2v2H4v-2zm16 0H8v2h12v-2zM4 16h2v2H4v-2zm16 0H8v2h12v-2z\" fill=\"currentColor\"><\/path><\/svg><svg style=\"fill: #999;color:#999\" class=\"arrow-unsorted-368013\" xmlns=\"http:\/\/www.w3.org\/2000\/svg\" width=\"10px\" height=\"10px\" viewBox=\"0 0 24 24\" version=\"1.2\" baseProfile=\"tiny\"><path d=\"M18.2 9.3l-6.2-6.3-6.2 6.3c-.2.2-.3.4-.3.7s.1.5.3.7c.2.2.4.3.7.3h11c.3 0 .5-.1.7-.3.2-.2.3-.5.3-.7s-.1-.5-.3-.7zM5.8 14.7l6.2 6.3 6.2-6.3c.2-.2.3-.5.3-.7s-.1-.5-.3-.7c-.2-.2-.4-.3-.7-.3h-11c-.3 0-.5.1-.7.3-.2.2-.3.5-.3.7s.1.5.3.7z\"\/><\/svg><\/span><\/span><\/span><\/a><\/span><\/div>\n<nav><ul class='ez-toc-list ez-toc-list-level-1 ' ><li class='ez-toc-page-1'><a class=\"ez-toc-link ez-toc-heading-1\" href=\"https:\/\/www.babyartikel.de\/magazin\/babyglueck-update-26-wochen-6-monate-zu-viert\/#26_Wochen_Baby_sein\" >26&nbsp;Wochen Baby sein<\/a><\/li><li class='ez-toc-page-1'><a class=\"ez-toc-link ez-toc-heading-2\" href=\"https:\/\/www.babyartikel.de\/magazin\/babyglueck-update-26-wochen-6-monate-zu-viert\/#26_Wochen_Eltern_sein_von_zwei_Kindern\" >26 Wochen Eltern sein von zwei Kindern<\/a><\/li><li class='ez-toc-page-1'><a class=\"ez-toc-link ez-toc-heading-3\" href=\"https:\/\/www.babyartikel.de\/magazin\/babyglueck-update-26-wochen-6-monate-zu-viert\/#Meine_Babyglueck-Updates\" >Meine Babygl&uuml;ck-Updates:<\/a><\/li><\/ul><\/nav><\/div>\n<h2><span class=\"ez-toc-section\" id=\"26_Wochen_Baby_sein\"><\/span>26&nbsp;Wochen Baby sein<span class=\"ez-toc-section-end\"><\/span><\/h2><p><strong>Lieblingsbesch&auml;ftigung:<\/strong>&nbsp;Durch die Gegend robben und das so schnell es geht. Wenn ich etwas entdeckt habe, versuche ich wie besessen, dorthin zu kommen, um es mir zu schnappen und es sofort in den Mund zu stecken. Egal, was ich zu fassen kriege, alles wird gen&uuml;sslich angesabbert, angekaut und als Zahnungshilfe benutzt. Denn von denen habe ich inzwischen schon drei St&uuml;ck. Den ersten haben Mama und Papa vor zwei Wochen entdeckt. Nur ein paar Tage sp&auml;ter dann Nr. 2 und 3. Wann wohl die n&auml;chsten zu sehen sind?<\/p><p>Damit kann ich nun auch schon richtig toll die leckeren Mais- und Dinkelwaffeln m&uuml;mmeln, oder Bananen, die ich ganz besonders gerne mag. Ich darf nun n&auml;mlich immer mehr probieren und selber essen, was super klappt, weil ich mittlerweile auch schon im Hochstuhl sitzen kann. Doch am liebsten trinke ich noch immer Mamas Milch. Vor Allem, wenn ich quengelig bin oder mich meine Z&auml;hnchen plagen, kann ich dabei so sch&ouml;n zur Ruhe kommen und einschlafen.<\/p><div class=\"marketing-slot\"><div id=\"block-18\" class=\"content-post-widget marketing-slot-1 widget_block\"><a href=\"#\" class=\"newsletter_popup\" style=\"\n  display: inline-block;\n  box-shadow: 0 4px 10px rgba(0,0,0,0.1);\n  margin: 20px auto;\n  max-width: 800px;\n  width: 100%;\">\n  <img src=\"https:\/\/media.babyartikel.de\/magazin\/wp-content\/uploads\/2025\/08\/NL-Banner-Magazin-8-25.webp\" alt=\"Newsletter Banner\" style=\"\n    width: 100%;\n    height: auto;\n    display: block;\" onclick=\"ga('send', 'event', 'banner', 'click', 'magazin-banner-newsletter-8-25');\">\n<\/a>\n\n\t<!-- Modal -->\n\t<div class=\"modal fade modal_popup\" id=\"newsletter_popup\" tabindex=\"-1\" aria-labelledby=\"exampleModalLabel\" aria-hidden=\"true\">\n\t\t<div class=\"modal-dialog modal-dialog-centered modal-dialog-scrollable\">\n\t\t\t<div class=\"modal-content\">\n\t\t\t\t<div class=\"modal-header small-header\">\n\t\t\t\t\t<h5 class=\"modal-title\" id=\"newsletterModalLabel\">\n\t\t\t\t\t\tNewsletter\t\t\t\t\t<\/h5>\n\t\t\t\t\t<button type=\"button\" class=\"btn-close small-close\" data-bs-dismiss=\"modal\" aria-label=\"Close\"><\/button>\n\t\t\t\t<\/div>\n\n\t\t\t\t<div class=\"modal-body\">\n\t\t\t\t\t\t<div class=\"newsletterForm-embed popup-form\">\n        <form name=\"newsletterSubscriptionForm\" id=\"newsletter_popup_69f1920933fe1_form\" data-newsletter-id=\"newsletter_popup_69f1920933fe1\" method=\"POST\">\n\n\t\t\t<input type=\"text\" name=\"website\" class=\"hidden\" tabindex=\"-1\" autocomplete=\"off\" style=\"position:absolute;left:-9999px;\">\n\t\t\t<input type=\"hidden\" name=\"ts\" value=\"1777439241\">\n\n\t\t\t                <input type=\"hidden\" name=\"emarsys-event-id\" value=\"3756\">\n            \n            \t\t\t<div class=\"mb-3\">\n\t\t\t\t<label for=\"date\" class=\"form-label\">Geburtstag\/ -termin Deines Babys<\/label>\n                <input type=\"date\" name=\"date\" class=\"input input--expand form-control\" required>\n\t\t\t<\/div>\n            \n\t\t\t<div class=\"mb-3\">\n\t\t\t\t<label for=\"email\" class=\"form-label\">E-Mail-Adresse<\/label>\n\t\t\t\t<input type=\"email\" name=\"email\" placeholder=\"E-Mail-Adresse\" class=\"input input--expand form-control\" required>\n\t\t\t<\/div>\n\n\t\t\t\t\t\t\t<button type=\"submit\" class=\"btn btn-primary\">Absenden<\/button>\n\t\t\t\n\t\t\t\t\t\t\t<div class=\"small mt-3\" style=\"font-weight:normal;\">\n\t\t\t\t\t\n\t\t\t<div class=\"mt-3\">\n\t\t\t\tJa, ich m&ouml;chte den Newsletter von Babyartikel.de erhalten und &uuml;ber Aktionen informiert werden.\n  Dabei darf mein Nutzungsverhalten (z. B. &Ouml;ffnungen und Klicks) zur Personalisierung ausgewertet werden.\n  Mehr finde ich in der <a href=\"\/de\/datenschutz\" style=\"text-decoration:underline\">Datenschutzerkl&auml;rung<\/a>.\n\t\t\t<\/div>\n\t\t\t\t\t\t<\/div>\n\t\t\t\n\t\t\t\t\t\t\t<div class=\"small mb-3 mt-3\" style=\"font-weight:normal;\">\n\t\t\t\t\tJederzeit abbestellbar | <a href=\"\/de\/datenschutz\" style=\"text-decoration:underline\">\n\t\t\t\t\t\tDatenschutzerkl&auml;rung\n\t\t\t\t\t<\/a>\n\t\t\t\t<\/div>\n\t\t\t\n        <\/form>\n    <\/div>\n\t\n\t\t\t\t\t<div class=\"response-messages_newsletter_popup_69f1920933fe1\">\n\t\t\t\t\t\t<div class=\"alert alert-success success mt-3 mb-3 d-none\">\n\t\t\t\t\t\t\tNur noch ein Klick! Best&auml;tige Deine Anmeldung in der E-Mail, die du gleich erh&auml;ltst.\t\t\t\t\t\t<\/div>\n\t\t\t\t\t\t<div class=\"error mt-3 mb-3 d-none\">\n\t\t\t\t\t\t\t<div class=\"alert alert-danger \">\n\t\t\t\t\t\t\t\tEin Fehler ist aufgetreten. Bitte versuche es sp&auml;ter erneut.\t\t\t\t\t\t\t<\/div>\n\t\t\t\t\t\t<\/div>\n\t\t\t\t\t\t<div class=\"alert alert-danger other-2007 mt-3 mb-3 d-none\">\n\t\t\t\t\t\t\tUng&Atilde;&frac14;ltiges Datumsformat\t\t\t\t\t\t<\/div>\n\t\t\t\t\t<\/div>\n\t\t\t\t<\/div>\n\t\t\t<\/div>\n\t\t<\/div>\n\t<\/div>\n\n\t<\/div><!-- content-widget --><\/div><p><strong>Das mag ich gar nicht:<\/strong>&nbsp;Wenn man mir Dinge wegnimmt, die ich mir gerade m&uuml;hsam erk&auml;mpft und geschnappt habe, egal, was es ist. Die Autos von meinem Bruder sind doch so toll! Genauso wie die bunten Kabel, die hier teilweise auf dem Boden liegen und die ich so gerne annage. Ich verstehe gar nicht, warum Mama und Papa immer schimpfen, wenn ich sie wieder mal entdeckt habe.<\/p><div class=\"postslot1\">[articles]<link rel=\"stylesheet\" href=\"https:\/\/cdn.jsdelivr.net\/npm\/swiper@8\/swiper-bundle.min.css\"><\/div><p><strong>Was ich schon erlebt habe:&nbsp;<\/strong>Mit meinem Bruder gemeinsam im Kinderwagen gefahren, auf dem Spielplatz geschaukelt, den Wald erkundet, mir von der Sonne die Nase kitzeln lassen, leckere Sachen probiert, Maifest im Kindergarten gefeiert, Eis essen gewesen (ich durfte aber nur zugucken&hellip;wie gemein, dabei h&auml;tte ich so gerne auch probiert!),&hellip;<\/p><div class=\"marketing-slot\"><div id=\"block-25\" class=\"content-post-widget marketing-slot-2 widget_block\"><a href=\"https:\/\/www.babyartikel.de\/de\/angebote\" data-track-link-click=\"true\" data-track-name=\"nyoutlet2026-magazin\" data-track-medium=\"banner-magazin-post\" data-track-campaign=\"magazin-banner-nyoutlet2026\" onclick=\"ga('send', 'event', 'banner', 'click', 'magazin-banner-nyoutlet2026');\" style=\"display:block;width:100%;text-align:center;\"><img src=\"https:\/\/media.babyartikel.de\/magazin\/wp-content\/uploads\/2026\/01\/NY-Outlet-10-2026.webp\" alt=\"Sale\" style=\"max-width:100%;\"><\/a><\/div><!-- content-widget --><\/div><p><strong>Das kann ich schon:<\/strong>&nbsp;Neben dem mich selbst Hinsetzen und Robben, kann ich auch immer besser krabbeln. Vielmehr ist es eher eine Mischung aus Beidem. Zwei, drei Krabbelz&uuml;ge, dann wird es wieder anstrengend, ich lasse mich auf den Bauch plumpsen und ziehe mich mit den Armen vorw&auml;rts, robbe und schiebe mich von A nach B. Und dann wieder ab auf die Knie, mit dem Popo vor und zur&uuml;ck gewippt, Schwung geholt und wieder ein paar Krabbler. Gerne stelle ich mich dabei auch auf die F&uuml;&szlig;e, so als ob ich gleich los sprinten m&ouml;chte. Und vermutlich m&uuml;ssen Mama und Papa bald die Matratze meines Bettes runter stellen, weil ich am liebsten schon &uuml;ber die Gitterst&auml;be klettern w&uuml;rde. Es dauert wohl nicht mehr lange, bis ich mich endlich &uuml;berall hochziehen kann.<\/p><p><img loading=\"lazy\" decoding=\"async\" class=\"alignnone wp-image-4310 size-full\" src=\"https:\/\/www.wunderhaftig.net\/wp-content\/uploads\/2016\/05\/Baby-Update-6-month-Monate-Babyglueck-Post-26-Wochen-Babyboy-Elternglueck-Milestone-Baby-Cards-Wunderhaftig.jpg\" alt=\"Baby-Update-6-month-Monate-Babyglueck-Post-26-Wochen-Babyboy-Elternglueck-Milestone-Baby-Cards-Wunderhaftig\" width=\"1500\" height=\"1132\"><\/p><h2><span class=\"ez-toc-section\" id=\"26_Wochen_Eltern_sein_von_zwei_Kindern\"><\/span>26 Wochen Eltern sein von zwei Kindern<span class=\"ez-toc-section-end\"><\/span><\/h2><p><strong>Neue Erkenntnisse:&nbsp;<\/strong>Beim zweiten Kind verpufft die Zeit f&ouml;rmlich. Es geht wirklich alles noch so viel schneller, als beim ersten. Und sobald das Zweite ins Entdeckeralter kommt, mobil wird und die Wohnung unsicher macht, schafft man nichts mehr. Denn schlie&szlig;lich wollen nun zwei Kinder rund um die Uhr bespa&szlig;t werden, Taavi kann ich nicht mehr aus den Augen lassen oder mal kurz auf seine Krabbeldecke legen, um schnell etwas zu erledigen. Da liegt er n&auml;mlich nicht lange&hellip;<\/p><p>Schl&auml;ft das eine Kind gerade oder macht Mittagsschlaf, ist das andere wach und umgekehrt. Ich muss mir zweimal &uuml;berlegen, was ich anfange, weil ich wei&szlig;, dass ich es vermutlich sowieso nicht an einem St&uuml;ck zu Ende bringen kann.<\/p><p>Und was ist eigentlich Zeitmanagement? Schafft man das mit einem trotzigen Kleinkind, dass sich grunds&auml;tzlich nie anziehen und fertig machen lassen will, wenn man das Haus verlassen m&ouml;chte (&bdquo;Ich muss noch spielen!&ldquo;, &bdquo;Ich muss noch Autos mitnehmen!&ldquo; &bdquo;Nein, den Pullover mag ich nicht anziehen!&ldquo;) und einem kleinen Baby &uuml;berhaupt?<\/p><p><strong>Schreckmoment:<\/strong>&nbsp;Morgens aufzuwachen und das Baby putzmunter am Fu&szlig;ende des Bettes vorzufinden. Yannick hatte ihm nach dem Aufstehen bereits die Windel gewechselt und den Schlafsack ausgelassen, was Taavi gleich zum Anlass nahm, um seine Krabbel&uuml;bungen ins Bett zu verlegen. Bl&ouml;d nur, wenn Mama dabei wieder eind&ouml;st und davon nichts mitbekommt&hellip;<\/p><p><strong>Daf&uuml;r fehlt die Zeit: <\/strong>Zum<strong>&nbsp;<\/strong>Backen, Aufr&auml;umen, Putzen, Bloggen, To-Do-Listen bew&auml;ltigen, Dinge f&uuml;r Vater- und Muttertag vorbereiten, so wie ich mir das vorstelle&hellip;Der Perfektionist in mir muss immer mal wieder inne halten und tief durchatmen&hellip;<\/p><p><strong>Das war bl&ouml;d: <\/strong>Sich nach der letzten auskurierten Erk&auml;ltung gleich die n&auml;chste einzufangen, eine angeknackste Rippe vom Husten und sich dadurch kaum bewegen k&ouml;nnen. Ganz toll, wenn man sein Baby st&auml;ndig tragen muss, aber wirklich jede kleinste Bewegung unglaublich schmerzt. Ich bin wirklich nicht wehleidig und jammere ungern, aber das war die H&ouml;lle. Ich hasse es, eingeschr&auml;nkt zu sein und nicht so tun und machen zu k&ouml;nnen, wie ich mir das vorstelle. Das wirkt sich dann auch auf meine Stimmung und Laune aus. Sowieso war ich in den letzten Wochen sehr ausgelaugt, m&uuml;de, kraftlos und hatte unglaubliche Sehnsucht nach w&auml;rmeren Temperaturen, dem Fr&uuml;hling, Sonne und drau&szlig;en sein.<\/p><p><strong>Gl&uuml;cklichster Moment: <\/strong>Jeder neue Entwicklungsschritt von Taavi freut uns riesig. Krabbeln, sitzen, brabbeln und erz&auml;hlen. Der erste Zahn, das erste Mal etwas Richtiges zu essen &ndash; die letzten Wochen waren so spannend. Auch beim zweiten Kind verlieren diese Ereignisse nicht an ihrem Zauber und machen happy.<\/p><p>Jeden Morgen aufzuwachen und in diese freundlichen, riesigen Kulleraugen zu blicken, die mich anstrahlen. Das ist pures Gl&uuml;ck.<\/p><p>Und ruhige Momente nur mit Mika-Flynn, exklusive Zeit mit ihm allein. Denn in den letzten Wochen kam das leider etwas zu kurz. Umso bewusster genie&szlig;e ich sie.<\/p><p><strong>N&auml;chte\/Schlaf:&nbsp;<\/strong>Relativ unver&auml;ndert, Taavi schl&auml;ft weiterhin nachts bei uns im Bett oder Babybay und wird in der Regel alle 2-4 Stunden wach. Das ist ganz unterschiedlich. In den letzten Tagen war sein Schlaf und dadurch auch meiner, sehr unruhig. Vermutlich, weil ihn die Z&auml;hne &auml;rgern und er aktuell auch schubt. Er zappelt dann, quengelt etwas und es dauert eine Weile, bis er wieder tief schl&auml;ft. Bin ich dann erstmal wach, finde ich nat&uuml;rlich auch nicht mehr richtig in den Schlaf. Morgens wacht er meistens auf, wenn die Sonne ins Schlafzimmer scheint und da wir keine Verdunklung haben, ist er so zwischen 6 und 7 Uhr munter.<\/p><p>Tags&uuml;ber sind seine Schlafphasen sehr wenig geworden. Er ist wirklich viel wach und es kann auch schonmal vorkommen, dass er den ganzen Nachmittag nicht schl&auml;ft. Oder allerh&ouml;chstens f&uuml;r eine halbe Stunde. Wenn er beim Stillen eind&ouml;st und ich ihn in sein Bett im Kinderzimmer lege, wacht er auch oft nach kurzer Zeit wieder auf. Es ist aber ja auch alles viel spannender, als zu schlafen. Man k&ouml;nnte schlie&szlig;lich etwas verpassen.<\/p><p>Wenn er dann doch m&uuml;de wird, merkt man das daran, dass er quengelig wird. Was aber nicht bedeutet, dass er dann auch gleich einschl&auml;ft&hellip;Wenn gar nichts mehr hilft, setzen wir ihn in seinen Maxi-Cosi, um ihn zu wippen, bis er eingeschlafen ist.<\/p><p><strong>Darauf freuen wir uns: <\/strong>Auf viele sch&ouml;ne und warme&nbsp;Fr&uuml;hlingstage im Freien, gemeinsame Feiertage, Familienzeit und Ausfl&uuml;ge und den ersten Sommerurlaub zu viert, der auch&nbsp;bald&nbsp;bevorsteht.<\/p><p><strong>Das macht Mama und Papa gl&uuml;cklich:&nbsp;<\/strong>Kleine Auszeiten. F&uuml;r Yannick war das, &uuml;ber Vatertag nach Norddeutschland zu fahren und den Tag mit seinen Kumpels zu verbringen. Oder aber auch mal ganz in Ruhe Fu&szlig;ball zu schauen. F&uuml;r mich ist das die Zeit, in der ich alleine laufen gehen kann. Oder wenn ich am Wochenende mal l&auml;nger schlafen darf, weil Yannick mit den Jungs aufsteht.<\/p><p>Ich freue mich, wenn ich etwas, das ich mir vorgenommen habe, fertig machen und am Ende des Tages ein paar H&auml;kchen auf der To-Do-Liste abhaken kann.<\/p><p>Gl&uuml;cklich machen mich au&szlig;erdem der Fr&uuml;hling, die lauen Abende auf dem Balkon in den letzten Tagen, W&auml;rme auf der Haut, die ersten Sommersprossen und ganz viel Eis aus der Lieblingseisdiele.<\/p><h2><span class=\"ez-toc-section\" id=\"Meine_Babyglueck-Updates\"><\/span>Meine Babygl&uuml;ck-Updates:<span class=\"ez-toc-section-end\"><\/span><\/h2><ul>\n<li><a href=\"\/magazin\/babyglueck-update-13-wochen-3-monate-zu-viert\">Babygl&uuml;ck Update: 13 Wochen \/\/ 3 Monate zu viert<\/a><\/li>\n<li><a href=\"\/magazin\/babyglueck-update-17-wochen-4-monate-zu-viert\">Babygl&uuml;ck Update: 17 Wochen \/\/ 4 Monate zu viert<\/a><\/li>\n<li>alle Babygl&uuml;ck-Posts&nbsp;<\/li>\n<\/ul><div class=\"credits-overlay\" data-target=\".wp-image-20696\"><a href=\"#\" target=\"_blank\">&copy; Nathalie<\/a><\/div><\/p>\n","protected":false},"excerpt":{"rendered":"<p>Ein halbes Jahr. Wirklich?! Fassen kann ich es irgendwie&nbsp;immer noch nicht so richtig, wie schnell die letzten sechs Monate nun vergangen sind. Ich meine, ein halbes Jahr! Nochmal genau so lange und mein Baby ist schon eins! Dabei lag er doch gerade eben noch ganz frisch geschl&uuml;pft in meinen Armen&hellip;Hallo Zeit, ich glaube manchmal, du [&#8230;]<\/p>\n<p><a class=\"btn btn-secondary understrap-read-more-link\" href=\"https:\/\/www.babyartikel.de\/magazin\/babyglueck-update-26-wochen-6-monate-zu-viert\">Weiterlesen&#8230;<\/a><\/p>\n","protected":false},"author":38,"featured_media":20696,"comment_status":"open","ping_status":"open","sticky":false,"template":"","format":"standard","meta":{"_acf_changed":false,"footnotes":""},"categories":[2802],"tags":[1044],"class_list":["post-20691","post","type-post","status-publish","format-standard","has-post-thumbnail","hentry","category-mamablogger-berichten","tag-entwicklung"],"acf":[],"yoast_head":"<!-- This site is optimized with the Yoast SEO Premium plugin v27.2 (Yoast SEO v27.2) - https:\/\/yoast.com\/product\/yoast-seo-premium-wordpress\/ -->\n<title>Babygl\u00fcck Update: 26 Wochen \/\/ 6 Monate zu viert | Babyartikel.de Magazin<\/title>\n<meta name=\"robots\" content=\"index, follow, max-snippet:-1, max-image-preview:large, max-video-preview:-1\" \/>\n<link rel=\"canonical\" href=\"https:\/\/www.babyartikel.de\/magazin\/babyglueck-update-26-wochen-6-monate-zu-viert\" \/>\n<meta property=\"og:locale\" content=\"de_DE\" \/>\n<meta property=\"og:type\" content=\"article\" \/>\n<meta property=\"og:title\" content=\"Babygl\u00fcck Update: 26 Wochen \/\/ 6 Monate zu viert\" \/>\n<meta property=\"og:description\" content=\"Ein halbes Jahr. Wirklich?! Fassen kann ich es irgendwie&nbsp;immer noch nicht so richtig, wie schnell die letzten sechs Monate nun vergangen sind. Ich meine, ein halbes Jahr! Nochmal genau so lange und mein Baby ist schon eins! Dabei lag er doch gerade eben noch ganz frisch geschl&uuml;pft in meinen Armen&hellip;Hallo Zeit, ich glaube manchmal, du [...]Weiterlesen...\" \/>\n<meta property=\"og:url\" content=\"https:\/\/www.babyartikel.de\/magazin\/babyglueck-update-26-wochen-6-monate-zu-viert\" \/>\n<meta property=\"og:site_name\" content=\"Babyartikel.de Magazin\" \/>\n<meta property=\"article:published_time\" content=\"2016-05-10T07:09:12+00:00\" \/>\n<meta property=\"article:modified_time\" content=\"2024-12-12T09:42:23+00:00\" \/>\n<meta property=\"og:image\" content=\"https:\/\/cdn.magazin.babyartikel.de\/magazin\/wp-content\/uploads\/2016\/05\/Baby-Update-6-month-Monate-Babyglueck-Post-26-Wochen-Babyboy-Elternglueck-Milestone-Baby-Cards-Photography-Babyartikel.jpg\" \/>\n\t<meta property=\"og:image:width\" content=\"1500\" \/>\n\t<meta property=\"og:image:height\" content=\"1125\" \/>\n\t<meta property=\"og:image:type\" content=\"image\/jpeg\" \/>\n<meta name=\"author\" content=\"Nathalie\" \/>\n<meta name=\"twitter:card\" content=\"summary_large_image\" \/>\n<meta name=\"twitter:label1\" content=\"Verfasst von\" \/>\n\t<meta name=\"twitter:data1\" content=\"Nathalie\" \/>\n\t<meta name=\"twitter:label2\" content=\"Gesch\u00e4tzte Lesezeit\" \/>\n\t<meta name=\"twitter:data2\" content=\"10\u00a0Minuten\" \/>\n<script type=\"application\/ld+json\" class=\"yoast-schema-graph\">{\"@context\":\"https:\/\/schema.org\",\"@graph\":[{\"@type\":\"Article\",\"@id\":\"https:\/\/www.babyartikel.de\/magazin\/babyglueck-update-26-wochen-6-monate-zu-viert#article\",\"isPartOf\":{\"@id\":\"https:\/\/www.babyartikel.de\/magazin\/babyglueck-update-26-wochen-6-monate-zu-viert\"},\"author\":{\"name\":\"Nathalie\",\"@id\":\"https:\/\/www.babyartikel.de\/magazin\/#\/schema\/person\/5c47106d17cecd48473243eae64594a1\"},\"headline\":\"Babygl\u00fcck Update: 26 Wochen \/\/ 6 Monate zu viert\",\"datePublished\":\"2016-05-10T07:09:12+00:00\",\"dateModified\":\"2024-12-12T09:42:23+00:00\",\"mainEntityOfPage\":{\"@id\":\"https:\/\/www.babyartikel.de\/magazin\/babyglueck-update-26-wochen-6-monate-zu-viert\"},\"wordCount\":1628,\"commentCount\":1,\"image\":{\"@id\":\"https:\/\/www.babyartikel.de\/magazin\/babyglueck-update-26-wochen-6-monate-zu-viert#primaryimage\"},\"thumbnailUrl\":\"https:\/\/media.babyartikel.de\/magazin\/wp-content\/uploads\/2016\/05\/Baby-Update-6-month-Monate-Babyglueck-Post-26-Wochen-Babyboy-Elternglueck-Milestone-Baby-Cards-Photography-Babyartikel.jpg\",\"keywords\":[\"entwicklung\"],\"articleSection\":[\"Mamablogger berichten\"],\"inLanguage\":\"de\",\"potentialAction\":[{\"@type\":\"CommentAction\",\"name\":\"Comment\",\"target\":[\"https:\/\/www.babyartikel.de\/magazin\/babyglueck-update-26-wochen-6-monate-zu-viert#respond\"]}]},{\"@type\":\"WebPage\",\"@id\":\"https:\/\/www.babyartikel.de\/magazin\/babyglueck-update-26-wochen-6-monate-zu-viert\",\"url\":\"https:\/\/www.babyartikel.de\/magazin\/babyglueck-update-26-wochen-6-monate-zu-viert\",\"name\":\"Babygl\u00fcck Update: 26 Wochen \/\/ 6 Monate zu viert | Babyartikel.de Magazin\",\"isPartOf\":{\"@id\":\"https:\/\/www.babyartikel.de\/magazin\/#website\"},\"primaryImageOfPage\":{\"@id\":\"https:\/\/www.babyartikel.de\/magazin\/babyglueck-update-26-wochen-6-monate-zu-viert#primaryimage\"},\"image\":{\"@id\":\"https:\/\/www.babyartikel.de\/magazin\/babyglueck-update-26-wochen-6-monate-zu-viert#primaryimage\"},\"thumbnailUrl\":\"https:\/\/media.babyartikel.de\/magazin\/wp-content\/uploads\/2016\/05\/Baby-Update-6-month-Monate-Babyglueck-Post-26-Wochen-Babyboy-Elternglueck-Milestone-Baby-Cards-Photography-Babyartikel.jpg\",\"datePublished\":\"2016-05-10T07:09:12+00:00\",\"dateModified\":\"2024-12-12T09:42:23+00:00\",\"author\":{\"@id\":\"https:\/\/www.babyartikel.de\/magazin\/#\/schema\/person\/5c47106d17cecd48473243eae64594a1\"},\"breadcrumb\":{\"@id\":\"https:\/\/www.babyartikel.de\/magazin\/babyglueck-update-26-wochen-6-monate-zu-viert#breadcrumb\"},\"inLanguage\":\"de\",\"potentialAction\":[{\"@type\":\"ReadAction\",\"target\":[\"https:\/\/www.babyartikel.de\/magazin\/babyglueck-update-26-wochen-6-monate-zu-viert\"]}]},{\"@type\":\"ImageObject\",\"inLanguage\":\"de\",\"@id\":\"https:\/\/www.babyartikel.de\/magazin\/babyglueck-update-26-wochen-6-monate-zu-viert#primaryimage\",\"url\":\"https:\/\/media.babyartikel.de\/magazin\/wp-content\/uploads\/2016\/05\/Baby-Update-6-month-Monate-Babyglueck-Post-26-Wochen-Babyboy-Elternglueck-Milestone-Baby-Cards-Photography-Babyartikel.jpg\",\"contentUrl\":\"https:\/\/media.babyartikel.de\/magazin\/wp-content\/uploads\/2016\/05\/Baby-Update-6-month-Monate-Babyglueck-Post-26-Wochen-Babyboy-Elternglueck-Milestone-Baby-Cards-Photography-Babyartikel.jpg\",\"width\":1500,\"height\":1125},{\"@type\":\"BreadcrumbList\",\"@id\":\"https:\/\/www.babyartikel.de\/magazin\/babyglueck-update-26-wochen-6-monate-zu-viert#breadcrumb\",\"itemListElement\":[{\"@type\":\"ListItem\",\"position\":1,\"name\":\"Startseite\",\"item\":\"https:\/\/www.babyartikel.de\/magazin\"},{\"@type\":\"ListItem\",\"position\":2,\"name\":\"Babygl\u00fcck Update: 26 Wochen \/\/ 6 Monate zu viert\"}]},{\"@type\":\"WebSite\",\"@id\":\"https:\/\/www.babyartikel.de\/magazin\/#website\",\"url\":\"https:\/\/www.babyartikel.de\/magazin\/\",\"name\":\"Babyartikel.de Magazin\",\"description\":\"\",\"potentialAction\":[{\"@type\":\"SearchAction\",\"target\":{\"@type\":\"EntryPoint\",\"urlTemplate\":\"https:\/\/www.babyartikel.de\/magazin\/?s={search_term_string}\"},\"query-input\":{\"@type\":\"PropertyValueSpecification\",\"valueRequired\":true,\"valueName\":\"search_term_string\"}}],\"inLanguage\":\"de\"},{\"@type\":\"Person\",\"@id\":\"https:\/\/www.babyartikel.de\/magazin\/#\/schema\/person\/5c47106d17cecd48473243eae64594a1\",\"name\":\"Nathalie\",\"image\":{\"@type\":\"ImageObject\",\"inLanguage\":\"de\",\"@id\":\"https:\/\/secure.gravatar.com\/avatar\/018e42b7af8f1ceeb7e2183e6069536b83ff7bfa7dfc835de8c6a765847fc91c?s=96&d=mm&r=g\",\"url\":\"https:\/\/secure.gravatar.com\/avatar\/018e42b7af8f1ceeb7e2183e6069536b83ff7bfa7dfc835de8c6a765847fc91c?s=96&d=mm&r=g\",\"contentUrl\":\"https:\/\/secure.gravatar.com\/avatar\/018e42b7af8f1ceeb7e2183e6069536b83ff7bfa7dfc835de8c6a765847fc91c?s=96&d=mm&r=g\",\"caption\":\"Nathalie\"},\"description\":\"Mein Name ist Nathalie und ich wohne zusammen mit meinen drei Liebsten, meinem Freund, unseren zwei kleinen S\u00f6hnen und unserer Katze Coco im sch\u00f6nen Baden-W\u00fcrttemberg. Auf meinem Blog schreibe ich seit Januar 2010 \u00fcber alles was mir gef\u00e4llt und was ich f\u00fcr sch\u00f6n befinde. Lifestyle, aktuelle Trends, das Leben mit Kindern und Familie, Mode, Rezepte, Interior und Reisen - Erfahrungen, Erlebnisse und Einblicke in unsere kleine Welt. Ich freue mich, dass ich nun auch im Magazin von babyartikel.de dabei sein darf und regelm\u00e4\u00dfig Beitr\u00e4ge und Gedanken mit euch teilen kann.\",\"sameAs\":[\"http:\/\/www.wunderhaftig.net\"],\"url\":\"https:\/\/www.babyartikel.de\/magazin\/author\/nathalie\"}]}<\/script>\n<!-- \/ Yoast SEO Premium plugin. -->","yoast_head_json":{"title":"Babygl\u00fcck Update: 26 Wochen \/\/ 6 Monate zu viert | Babyartikel.de Magazin","robots":{"index":"index","follow":"follow","max-snippet":"max-snippet:-1","max-image-preview":"max-image-preview:large","max-video-preview":"max-video-preview:-1"},"canonical":"https:\/\/www.babyartikel.de\/magazin\/babyglueck-update-26-wochen-6-monate-zu-viert","og_locale":"de_DE","og_type":"article","og_title":"Babygl\u00fcck Update: 26 Wochen \/\/ 6 Monate zu viert","og_description":"Ein halbes Jahr. Wirklich?! Fassen kann ich es irgendwie&nbsp;immer noch nicht so richtig, wie schnell die letzten sechs Monate nun vergangen sind. Ich meine, ein halbes Jahr! Nochmal genau so lange und mein Baby ist schon eins! Dabei lag er doch gerade eben noch ganz frisch geschl&uuml;pft in meinen Armen&hellip;Hallo Zeit, ich glaube manchmal, du [...]Weiterlesen...","og_url":"https:\/\/www.babyartikel.de\/magazin\/babyglueck-update-26-wochen-6-monate-zu-viert","og_site_name":"Babyartikel.de Magazin","article_published_time":"2016-05-10T07:09:12+00:00","article_modified_time":"2024-12-12T09:42:23+00:00","og_image":[{"width":1500,"height":1125,"url":"https:\/\/cdn.magazin.babyartikel.de\/magazin\/wp-content\/uploads\/2016\/05\/Baby-Update-6-month-Monate-Babyglueck-Post-26-Wochen-Babyboy-Elternglueck-Milestone-Baby-Cards-Photography-Babyartikel.jpg","type":"image\/jpeg"}],"author":"Nathalie","twitter_card":"summary_large_image","twitter_misc":{"Verfasst von":"Nathalie","Gesch\u00e4tzte Lesezeit":"10\u00a0Minuten"},"schema":{"@context":"https:\/\/schema.org","@graph":[{"@type":"Article","@id":"https:\/\/www.babyartikel.de\/magazin\/babyglueck-update-26-wochen-6-monate-zu-viert#article","isPartOf":{"@id":"https:\/\/www.babyartikel.de\/magazin\/babyglueck-update-26-wochen-6-monate-zu-viert"},"author":{"name":"Nathalie","@id":"https:\/\/www.babyartikel.de\/magazin\/#\/schema\/person\/5c47106d17cecd48473243eae64594a1"},"headline":"Babygl\u00fcck Update: 26 Wochen \/\/ 6 Monate zu viert","datePublished":"2016-05-10T07:09:12+00:00","dateModified":"2024-12-12T09:42:23+00:00","mainEntityOfPage":{"@id":"https:\/\/www.babyartikel.de\/magazin\/babyglueck-update-26-wochen-6-monate-zu-viert"},"wordCount":1628,"commentCount":1,"image":{"@id":"https:\/\/www.babyartikel.de\/magazin\/babyglueck-update-26-wochen-6-monate-zu-viert#primaryimage"},"thumbnailUrl":"https:\/\/media.babyartikel.de\/magazin\/wp-content\/uploads\/2016\/05\/Baby-Update-6-month-Monate-Babyglueck-Post-26-Wochen-Babyboy-Elternglueck-Milestone-Baby-Cards-Photography-Babyartikel.jpg","keywords":["entwicklung"],"articleSection":["Mamablogger berichten"],"inLanguage":"de","potentialAction":[{"@type":"CommentAction","name":"Comment","target":["https:\/\/www.babyartikel.de\/magazin\/babyglueck-update-26-wochen-6-monate-zu-viert#respond"]}]},{"@type":"WebPage","@id":"https:\/\/www.babyartikel.de\/magazin\/babyglueck-update-26-wochen-6-monate-zu-viert","url":"https:\/\/www.babyartikel.de\/magazin\/babyglueck-update-26-wochen-6-monate-zu-viert","name":"Babygl\u00fcck Update: 26 Wochen \/\/ 6 Monate zu viert | Babyartikel.de Magazin","isPartOf":{"@id":"https:\/\/www.babyartikel.de\/magazin\/#website"},"primaryImageOfPage":{"@id":"https:\/\/www.babyartikel.de\/magazin\/babyglueck-update-26-wochen-6-monate-zu-viert#primaryimage"},"image":{"@id":"https:\/\/www.babyartikel.de\/magazin\/babyglueck-update-26-wochen-6-monate-zu-viert#primaryimage"},"thumbnailUrl":"https:\/\/media.babyartikel.de\/magazin\/wp-content\/uploads\/2016\/05\/Baby-Update-6-month-Monate-Babyglueck-Post-26-Wochen-Babyboy-Elternglueck-Milestone-Baby-Cards-Photography-Babyartikel.jpg","datePublished":"2016-05-10T07:09:12+00:00","dateModified":"2024-12-12T09:42:23+00:00","author":{"@id":"https:\/\/www.babyartikel.de\/magazin\/#\/schema\/person\/5c47106d17cecd48473243eae64594a1"},"breadcrumb":{"@id":"https:\/\/www.babyartikel.de\/magazin\/babyglueck-update-26-wochen-6-monate-zu-viert#breadcrumb"},"inLanguage":"de","potentialAction":[{"@type":"ReadAction","target":["https:\/\/www.babyartikel.de\/magazin\/babyglueck-update-26-wochen-6-monate-zu-viert"]}]},{"@type":"ImageObject","inLanguage":"de","@id":"https:\/\/www.babyartikel.de\/magazin\/babyglueck-update-26-wochen-6-monate-zu-viert#primaryimage","url":"https:\/\/media.babyartikel.de\/magazin\/wp-content\/uploads\/2016\/05\/Baby-Update-6-month-Monate-Babyglueck-Post-26-Wochen-Babyboy-Elternglueck-Milestone-Baby-Cards-Photography-Babyartikel.jpg","contentUrl":"https:\/\/media.babyartikel.de\/magazin\/wp-content\/uploads\/2016\/05\/Baby-Update-6-month-Monate-Babyglueck-Post-26-Wochen-Babyboy-Elternglueck-Milestone-Baby-Cards-Photography-Babyartikel.jpg","width":1500,"height":1125},{"@type":"BreadcrumbList","@id":"https:\/\/www.babyartikel.de\/magazin\/babyglueck-update-26-wochen-6-monate-zu-viert#breadcrumb","itemListElement":[{"@type":"ListItem","position":1,"name":"Startseite","item":"https:\/\/www.babyartikel.de\/magazin"},{"@type":"ListItem","position":2,"name":"Babygl\u00fcck Update: 26 Wochen \/\/ 6 Monate zu viert"}]},{"@type":"WebSite","@id":"https:\/\/www.babyartikel.de\/magazin\/#website","url":"https:\/\/www.babyartikel.de\/magazin\/","name":"Babyartikel.de Magazin","description":"","potentialAction":[{"@type":"SearchAction","target":{"@type":"EntryPoint","urlTemplate":"https:\/\/www.babyartikel.de\/magazin\/?s={search_term_string}"},"query-input":{"@type":"PropertyValueSpecification","valueRequired":true,"valueName":"search_term_string"}}],"inLanguage":"de"},{"@type":"Person","@id":"https:\/\/www.babyartikel.de\/magazin\/#\/schema\/person\/5c47106d17cecd48473243eae64594a1","name":"Nathalie","image":{"@type":"ImageObject","inLanguage":"de","@id":"https:\/\/secure.gravatar.com\/avatar\/018e42b7af8f1ceeb7e2183e6069536b83ff7bfa7dfc835de8c6a765847fc91c?s=96&d=mm&r=g","url":"https:\/\/secure.gravatar.com\/avatar\/018e42b7af8f1ceeb7e2183e6069536b83ff7bfa7dfc835de8c6a765847fc91c?s=96&d=mm&r=g","contentUrl":"https:\/\/secure.gravatar.com\/avatar\/018e42b7af8f1ceeb7e2183e6069536b83ff7bfa7dfc835de8c6a765847fc91c?s=96&d=mm&r=g","caption":"Nathalie"},"description":"Mein Name ist Nathalie und ich wohne zusammen mit meinen drei Liebsten, meinem Freund, unseren zwei kleinen S\u00f6hnen und unserer Katze Coco im sch\u00f6nen Baden-W\u00fcrttemberg. Auf meinem Blog schreibe ich seit Januar 2010 \u00fcber alles was mir gef\u00e4llt und was ich f\u00fcr sch\u00f6n befinde. Lifestyle, aktuelle Trends, das Leben mit Kindern und Familie, Mode, Rezepte, Interior und Reisen - Erfahrungen, Erlebnisse und Einblicke in unsere kleine Welt. Ich freue mich, dass ich nun auch im Magazin von babyartikel.de dabei sein darf und regelm\u00e4\u00dfig Beitr\u00e4ge und Gedanken mit euch teilen kann.","sameAs":["http:\/\/www.wunderhaftig.net"],"url":"https:\/\/www.babyartikel.de\/magazin\/author\/nathalie"}]}},"abstract_sku":"","_links":{"self":[{"href":"https:\/\/www.babyartikel.de\/magazin\/wp-json\/wp\/v2\/posts\/20691","targetHints":{"allow":["GET"]}}],"collection":[{"href":"https:\/\/www.babyartikel.de\/magazin\/wp-json\/wp\/v2\/posts"}],"about":[{"href":"https:\/\/www.babyartikel.de\/magazin\/wp-json\/wp\/v2\/types\/post"}],"author":[{"embeddable":true,"href":"https:\/\/www.babyartikel.de\/magazin\/wp-json\/wp\/v2\/users\/38"}],"replies":[{"embeddable":true,"href":"https:\/\/www.babyartikel.de\/magazin\/wp-json\/wp\/v2\/comments?post=20691"}],"version-history":[{"count":5,"href":"https:\/\/www.babyartikel.de\/magazin\/wp-json\/wp\/v2\/posts\/20691\/revisions"}],"predecessor-version":[{"id":955635,"href":"https:\/\/www.babyartikel.de\/magazin\/wp-json\/wp\/v2\/posts\/20691\/revisions\/955635"}],"wp:featuredmedia":[{"embeddable":true,"href":"https:\/\/www.babyartikel.de\/magazin\/wp-json\/wp\/v2\/media\/20696"}],"wp:attachment":[{"href":"https:\/\/www.babyartikel.de\/magazin\/wp-json\/wp\/v2\/media?parent=20691"}],"wp:term":[{"taxonomy":"category","embeddable":true,"href":"https:\/\/www.babyartikel.de\/magazin\/wp-json\/wp\/v2\/categories?post=20691"},{"taxonomy":"post_tag","embeddable":true,"href":"https:\/\/www.babyartikel.de\/magazin\/wp-json\/wp\/v2\/tags?post=20691"}],"curies":[{"name":"wp","href":"https:\/\/api.w.org\/{rel}","templated":true}]}}