
{"id":20888,"date":"2016-05-20T11:22:17","date_gmt":"2016-05-20T09:22:17","guid":{"rendered":"\/magazin\/?p=20888"},"modified":"2017-07-28T21:05:41","modified_gmt":"2017-07-28T19:05:41","slug":"geschwister-6-dinge-die-sich-mit-dem-2-baby-aendern","status":"publish","type":"post","link":"https:\/\/www.babyartikel.de\/magazin\/geschwister-6-dinge-die-sich-mit-dem-2-baby-aendern","title":{"rendered":"Geschwister \u2013 6 Dinge, die sich mit dem 2. Baby \u00e4ndern!"},"content":{"rendered":"<p>Mit jedem Kind soll sich immer weniger &auml;ndern &ndash; stimmt das? Diese Frage kann ich Euch nicht beantworten, aber ich kann erz&auml;hlen, was sich mit einem zweiten Baby &auml;ndert.<div id=\"ez-toc-container\" class=\"ez-toc-v2_0_82_2 counter-flat ez-toc-counter ez-toc-white ez-toc-container-direction\">\n<div class=\"ez-toc-title-container\">\n<p class=\"ez-toc-title\" style=\"cursor:inherit\">Inhaltsverzeichnis<\/p>\n<span class=\"ez-toc-title-toggle\"><a href=\"#\" class=\"ez-toc-pull-right ez-toc-btn ez-toc-btn-xs ez-toc-btn-default ez-toc-toggle\" aria-label=\"Toggle Table of Content\"><span class=\"ez-toc-js-icon-con\"><span class=\"\"><span class=\"eztoc-hide\" style=\"display:none;\">Toggle<\/span><span class=\"ez-toc-icon-toggle-span\"><svg style=\"fill: #999;color:#999\" xmlns=\"http:\/\/www.w3.org\/2000\/svg\" class=\"list-377408\" width=\"20px\" height=\"20px\" viewBox=\"0 0 24 24\" fill=\"none\"><path d=\"M6 6H4v2h2V6zm14 0H8v2h12V6zM4 11h2v2H4v-2zm16 0H8v2h12v-2zM4 16h2v2H4v-2zm16 0H8v2h12v-2z\" fill=\"currentColor\"><\/path><\/svg><svg style=\"fill: #999;color:#999\" class=\"arrow-unsorted-368013\" xmlns=\"http:\/\/www.w3.org\/2000\/svg\" width=\"10px\" height=\"10px\" viewBox=\"0 0 24 24\" version=\"1.2\" baseProfile=\"tiny\"><path d=\"M18.2 9.3l-6.2-6.3-6.2 6.3c-.2.2-.3.4-.3.7s.1.5.3.7c.2.2.4.3.7.3h11c.3 0 .5-.1.7-.3.2-.2.3-.5.3-.7s-.1-.5-.3-.7zM5.8 14.7l6.2 6.3 6.2-6.3c.2-.2.3-.5.3-.7s-.1-.5-.3-.7c-.2-.2-.4-.3-.7-.3h-11c-.3 0-.5.1-.7.3-.2.2-.3.5-.3.7s.1.5.3.7z\"\/><\/svg><\/span><\/span><\/span><\/a><\/span><\/div>\n<nav><ul class='ez-toc-list ez-toc-list-level-1 ' ><li class='ez-toc-page-1'><a class=\"ez-toc-link ez-toc-heading-1\" href=\"https:\/\/www.babyartikel.de\/magazin\/geschwister-6-dinge-die-sich-mit-dem-2-baby-aendern\/#1_Mannschaftsaufstellung\" >1. Mannschaftsaufstellung<\/a><\/li><li class='ez-toc-page-1'><a class=\"ez-toc-link ez-toc-heading-2\" href=\"https:\/\/www.babyartikel.de\/magazin\/geschwister-6-dinge-die-sich-mit-dem-2-baby-aendern\/#2_Aufmerksamkeit\" >2. Aufmerksamkeit<\/a><\/li><li class='ez-toc-page-1'><a class=\"ez-toc-link ez-toc-heading-3\" href=\"https:\/\/www.babyartikel.de\/magazin\/geschwister-6-dinge-die-sich-mit-dem-2-baby-aendern\/#3_Rollenverteilung\" >3. Rollenverteilung<\/a><\/li><li class='ez-toc-page-1'><a class=\"ez-toc-link ez-toc-heading-4\" href=\"https:\/\/www.babyartikel.de\/magazin\/geschwister-6-dinge-die-sich-mit-dem-2-baby-aendern\/#4_Teilen\" >4. Teilen<\/a><\/li><li class='ez-toc-page-1'><a class=\"ez-toc-link ez-toc-heading-5\" href=\"https:\/\/www.babyartikel.de\/magazin\/geschwister-6-dinge-die-sich-mit-dem-2-baby-aendern\/#5_Auszeiten\" >5. Auszeiten<\/a><\/li><li class='ez-toc-page-1'><a class=\"ez-toc-link ez-toc-heading-6\" href=\"https:\/\/www.babyartikel.de\/magazin\/geschwister-6-dinge-die-sich-mit-dem-2-baby-aendern\/#6_Haushalt\" >6. Haushalt<\/a><\/li><li class='ez-toc-page-1'><a class=\"ez-toc-link ez-toc-heading-7\" href=\"https:\/\/www.babyartikel.de\/magazin\/geschwister-6-dinge-die-sich-mit-dem-2-baby-aendern\/#Zum_Weiterlesen\" >Zum Weiterlesen:<\/a><\/li><\/ul><\/nav><\/div>\n<h2><span class=\"ez-toc-section\" id=\"1_Mannschaftsaufstellung\"><\/span>1. Mannschaftsaufstellung<span class=\"ez-toc-section-end\"><\/span><\/h2><p><strong>Vorher:<\/strong><\/p><p>Vor der Geburt unseres zweiten Spatzes kann man uns eigentlich so beschreiben: Wir waren zwei Torh&uuml;ter und ein kleiner St&uuml;rmer. Egal auf welches Tor der St&uuml;rmer schoss, jeder Treffer galt seiner Mannschaft.<\/p><div class=\"marketing-slot\"><div id=\"block-18\" class=\"content-post-widget marketing-slot-1 widget_block\"><a href=\"#\" class=\"newsletter_popup\" style=\"\n  display: inline-block;\n  box-shadow: 0 4px 10px rgba(0,0,0,0.1);\n  margin: 20px auto;\n  max-width: 800px;\n  width: 100%;\">\n  <img src=\"https:\/\/media.babyartikel.de\/magazin\/wp-content\/uploads\/2025\/08\/NL-Banner-Magazin-8-25.webp\" alt=\"Newsletter Banner\" style=\"\n    width: 100%;\n    height: auto;\n    display: block;\" onclick=\"ga('send', 'event', 'banner', 'click', 'magazin-banner-newsletter-8-25');\">\n<\/a>\n\n\t<!-- Modal -->\n\t<div class=\"modal fade modal_popup\" id=\"newsletter_popup\" tabindex=\"-1\" aria-labelledby=\"exampleModalLabel\" aria-hidden=\"true\">\n\t\t<div class=\"modal-dialog modal-dialog-centered modal-dialog-scrollable\">\n\t\t\t<div class=\"modal-content\">\n\t\t\t\t<div class=\"modal-header small-header\">\n\t\t\t\t\t<h5 class=\"modal-title\" id=\"newsletterModalLabel\">\n\t\t\t\t\t\tNewsletter\t\t\t\t\t<\/h5>\n\t\t\t\t\t<button type=\"button\" class=\"btn-close small-close\" data-bs-dismiss=\"modal\" aria-label=\"Close\"><\/button>\n\t\t\t\t<\/div>\n\n\t\t\t\t<div class=\"modal-body\">\n\t\t\t\t\t\t<div class=\"newsletterForm-embed popup-form\">\n        <form name=\"newsletterSubscriptionForm\" id=\"newsletter_popup_69f187d543c4a_form\" data-newsletter-id=\"newsletter_popup_69f187d543c4a\" method=\"POST\">\n\n\t\t\t<input type=\"text\" name=\"website\" class=\"hidden\" tabindex=\"-1\" autocomplete=\"off\" style=\"position:absolute;left:-9999px;\">\n\t\t\t<input type=\"hidden\" name=\"ts\" value=\"1777436629\">\n\n\t\t\t                <input type=\"hidden\" name=\"emarsys-event-id\" value=\"3756\">\n            \n            \t\t\t<div class=\"mb-3\">\n\t\t\t\t<label for=\"date\" class=\"form-label\">Geburtstag\/ -termin Deines Babys<\/label>\n                <input type=\"date\" name=\"date\" class=\"input input--expand form-control\" required>\n\t\t\t<\/div>\n            \n\t\t\t<div class=\"mb-3\">\n\t\t\t\t<label for=\"email\" class=\"form-label\">E-Mail-Adresse<\/label>\n\t\t\t\t<input type=\"email\" name=\"email\" placeholder=\"E-Mail-Adresse\" class=\"input input--expand form-control\" required>\n\t\t\t<\/div>\n\n\t\t\t\t\t\t\t<button type=\"submit\" class=\"btn btn-primary\">Absenden<\/button>\n\t\t\t\n\t\t\t\t\t\t\t<div class=\"small mt-3\" style=\"font-weight:normal;\">\n\t\t\t\t\t\n\t\t\t<div class=\"mt-3\">\n\t\t\t\tJa, ich m&ouml;chte den Newsletter von Babyartikel.de erhalten und &uuml;ber Aktionen informiert werden.\n  Dabei darf mein Nutzungsverhalten (z. B. &Ouml;ffnungen und Klicks) zur Personalisierung ausgewertet werden.\n  Mehr finde ich in der <a href=\"\/de\/datenschutz\" style=\"text-decoration:underline\">Datenschutzerkl&auml;rung<\/a>.\n\t\t\t<\/div>\n\t\t\t\t\t\t<\/div>\n\t\t\t\n\t\t\t\t\t\t\t<div class=\"small mb-3 mt-3\" style=\"font-weight:normal;\">\n\t\t\t\t\tJederzeit abbestellbar | <a href=\"\/de\/datenschutz\" style=\"text-decoration:underline\">\n\t\t\t\t\t\tDatenschutzerkl&auml;rung\n\t\t\t\t\t<\/a>\n\t\t\t\t<\/div>\n\t\t\t\n        <\/form>\n    <\/div>\n\t\n\t\t\t\t\t<div class=\"response-messages_newsletter_popup_69f187d543c4a\">\n\t\t\t\t\t\t<div class=\"alert alert-success success mt-3 mb-3 d-none\">\n\t\t\t\t\t\t\tNur noch ein Klick! Best&auml;tige Deine Anmeldung in der E-Mail, die du gleich erh&auml;ltst.\t\t\t\t\t\t<\/div>\n\t\t\t\t\t\t<div class=\"error mt-3 mb-3 d-none\">\n\t\t\t\t\t\t\t<div class=\"alert alert-danger \">\n\t\t\t\t\t\t\t\tEin Fehler ist aufgetreten. Bitte versuche es sp&auml;ter erneut.\t\t\t\t\t\t\t<\/div>\n\t\t\t\t\t\t<\/div>\n\t\t\t\t\t\t<div class=\"alert alert-danger other-2007 mt-3 mb-3 d-none\">\n\t\t\t\t\t\t\tUng&Atilde;&frac14;ltiges Datumsformat\t\t\t\t\t\t<\/div>\n\t\t\t\t\t<\/div>\n\t\t\t\t<\/div>\n\t\t\t<\/div>\n\t\t<\/div>\n\t<\/div>\n\n\t<\/div><!-- content-widget --><\/div><p><strong>Nachher:<\/strong><\/p><p>Aus der Sicht meines Gro&szlig;en k&ouml;nnte man die neue Situation so beschreiben:<\/p><div class=\"postslot1\">[articles]<link rel=\"stylesheet\" href=\"https:\/\/cdn.jsdelivr.net\/npm\/swiper@8\/swiper-bundle.min.css\"><\/div><div class=\"marketing-slot\"><div id=\"block-25\" class=\"content-post-widget marketing-slot-2 widget_block\"><a href=\"https:\/\/www.babyartikel.de\/de\/angebote\" data-track-link-click=\"true\" data-track-name=\"nyoutlet2026-magazin\" data-track-medium=\"banner-magazin-post\" data-track-campaign=\"magazin-banner-nyoutlet2026\" onclick=\"ga('send', 'event', 'banner', 'click', 'magazin-banner-nyoutlet2026');\" style=\"display:block;width:100%;text-align:center;\"><img src=\"https:\/\/media.babyartikel.de\/magazin\/wp-content\/uploads\/2026\/01\/NY-Outlet-10-2026.webp\" alt=\"Sale\" style=\"max-width:100%;\"><\/a><\/div><!-- content-widget --><\/div><p>Mama steht nicht mehr im Tor &hellip; Wo ist sie denn hin? H&auml;ngt bei dem Maskottchen auf der Ersatzbank herum. Aha! Na dann schie&szlig; ich eben nur auf ein Tor. Geht auch.<br>\nVerfolgt Mama auch, wie toll ich st&uuml;rme? Nein, st&auml;ndig mit dem Maskottchen besch&auml;ftigt. Mensch, die war auch schon mal aufmerksamer!<\/p><p>Juhu, endlich ist Mama wieder auf ihrem Posten! Richtig so! Das Maskottchen kann ja auch mal alleine auf der Ersatzbank sitzen. Aber, &hellip; wo isses der denn hin? Bei Mama im Tor? Nein &hellip;<br>\nWer hat hier quer geschossen? Mit MEINEN Ball!!! Das Maskottchen ist auch ein St&uuml;rmer? &hellip; Okay, Plan&auml;nderung. Lasst uns Foodball spielen. AUF IHN!!!<\/p><h2><span class=\"ez-toc-section\" id=\"2_Aufmerksamkeit\"><\/span>2. Aufmerksamkeit<span class=\"ez-toc-section-end\"><\/span><\/h2><p><strong>Vorher:<\/strong><\/p><p>Unser gro&szlig;er Spatz hat von Anfang an viel Aufmerksamkeit von uns gefordert und diese auch bekommen. An den Wochenenden machten wir immer kleine oder gro&szlig;e Ausfl&uuml;ge zu dritt. Als die Geburt des Br&uuml;derchens immer n&auml;her r&uuml;ckte, machten Papa und unser gro&szlig;er Spatz &ouml;fter M&auml;nnerausfl&uuml;ge. Zum n&auml;chsten Bahnhof um Z&uuml;ge anzugucken oder an die Spree, um Schiffe zu begutachten.<\/p><p><strong>Nachher:<\/strong><\/p><p>Nach der Geburt fanden die M&auml;nnerausfl&uuml;ge etwas h&auml;ufiger statt. So hatte unser Gro&szlig;er den Papa ganz f&uuml;r sich allein und ich konnte mich in der Zeit um unseren Neuank&ouml;mmling k&uuml;mmern. Aber irgendwann kehrt nat&uuml;rlich der Alltag ein und irgendwann muss jedes gro&szlig;e Geschwisterkind lernen, dass es die Aufmerksamkeit nun teilen muss. Vor allem in Situationen, aus denen ich schwer raus kam, wurde das ganz genau getestet. Beispielsweise beim Stillen. Genauergesagt, in dem Moment, in dem ich mich zum Stillen hingesetzt und der kleine Spatz zu trinken angefangen hatte. Genau dann erkl&auml;rte mir mein gro&szlig;er Spatz, dass er JETZT aufs Klo m&uuml;sse. Sich teilen zu k&ouml;nnen, w&auml;re da sehr praktisch gewesen!<\/p><p>Egal wie alt die beiden sind, ich denke das Thema Aufmerksamkeit wird uns noch lange begleiten. Mittlerweile ist nun auch der Kleine sehr stark daran interessiert und tut dies auf seine Weise kund.<\/p><h2><span class=\"ez-toc-section\" id=\"3_Rollenverteilung\"><\/span>3. Rollenverteilung<span class=\"ez-toc-section-end\"><\/span><\/h2><p><strong>Vorher:<\/strong><\/p><p>Unser Gro&szlig;er war der kleine Spatz, um den sich alles drehte. Es gab zwar immer wieder Diskussionen ums alleine Anziehen, aber da konnte ich mich auf ihn konzentrieren.<\/p><p><strong>Nachher:<\/strong><\/p><p>Als das Sp&auml;tzlein aus der Bauchwohnung auszog, wurde unser ehemaliger Kleiner zum gro&szlig;en Bruder. Anfangs freute er sich riesig dar&uuml;ber, aber nach einer Weile wollte er auch wieder der Kleine sein. Er probierte durch Sabbern und Brabbeln alle Gesichter zum Strahlen zu bringen, was jedoch nicht funktionierte. Es war auch niemand begeistert dar&uuml;ber, dass er wieder angezogen werden musste, obwohl er das doch schon selbst konnte. Eigentlich! Und eigentlich wollte ich geduldig in solchen Situationen reagieren, aber in der Realit&auml;t sieht das dann einfach anders aus. Mich hat es sehr gestresst, pl&ouml;tzlich zwei Babys zu haben. Ich hab ihm immer wieder gesagt, dass ich es sch&ouml;n finde, dass er mir genau sagen kann, was er m&ouml;chte und das ich stolz bin, dass er sich schon alleine anziehen kann. Aber in diesen Momenten zog das nie. Er blieb entweder vehement bei seiner Babysprache oder versicherte mir, dass er sich nicht alleine anziehen kann. *Seufz*<\/p><p>Auch diese Phasen gehen vorbei (gut es kommen andere, aber DIESE ist dann vorbei ;-) ).<\/p><h2><span class=\"ez-toc-section\" id=\"4_Teilen\"><\/span>4. Teilen<span class=\"ez-toc-section-end\"><\/span><\/h2><p><strong>Vorher:<\/strong><\/p><p>Alle Spielsachen geh&ouml;rten unserem gro&szlig;en Racker. Er teilte seine Spielsachen zwar mal mit Freunden, aber zu Hause machte ihm keiner was streitig. (Mit Ausnahme von Papa, der ein Auge auf die Eisenbahn geworfen hat ;-) )<\/p><p><strong>Nachher:<\/strong><\/p><p>Je mehr der kleine Bruder konnte, um so schwieriger wurde es f&uuml;r den Gro&szlig;en, seine Spielsachen in Sicherheit zu bringen. Zu seiner Freude durfte das Br&uuml;derchen gar nicht alle Autos haben, schlie&szlig;lich haben sie Kleinteile, die er verschlucken k&ouml;nnte. Manchmal bitte ich ihn darum, seinem Br&uuml;derchen Spielzeuge zu leihen. Aber ich passe auch auf, dass der Kleine sich kein Lieblingsspielzeug vom gro&szlig;en Bruder schnappt. Ich finde wichtig, dass es f&uuml;r jeden Dinge gibt, die nicht geteilt werden m&uuml;ssen. Bisher funktioniert das ganz gut. :-)<\/p><h2><span class=\"ez-toc-section\" id=\"5_Auszeiten\"><\/span>5. Auszeiten<span class=\"ez-toc-section-end\"><\/span><\/h2><p><strong>Vorher:<\/strong><\/p><p>An den Wochenenden haben wir uns gegenseitig Auszeiten verschafft, in dem wir uns mit Ausschlafen abgewechselt haben.<\/p><p><strong>Nachher:<\/strong><\/p><p>Diese Auszeiten versuchen wir beizubehalten. Allerdings ist es nun schwieriger, da die Aufmerksamkeit geteilt werden muss. Es gibt Tage da funktioniert es gut und an anderen ist es einfach nur anstrengend. Nicht immer einfach, aber es geht trotzdem.<\/p><h2><span class=\"ez-toc-section\" id=\"6_Haushalt\"><\/span>6. Haushalt<span class=\"ez-toc-section-end\"><\/span><\/h2><p><strong>Vorher:<\/strong><\/p><p>Mit der Geburt meines ersten Spatzes wurde der Plan, alles sch&ouml;n aufger&auml;umt, sortiert und sauber zu halten schnell zu &bdquo;Mission Impossible&ldquo;. Nur mit einem neuen Plan war der Lage einigerma&szlig;en Herr bzw. Frau zu werden. Ein Zimmer nach dem anderen wurde erst gesaugt und dann geputzt. Ich schaffte viele Spielzeugkisten an, in die am Abend (!) alles verstaut wurde (alles ist in diesem Fall relativ zu sehen). F&uuml;rs Trocknen der W&auml;sche beh&auml;ngte ich in m&uuml;hevoller Kleinstarbeit zwei W&auml;schest&auml;nder und tr&auml;umte von einem Trockner.<\/p><p><strong>Nachher:<\/strong><\/p><p>Die W&auml;scheberge t&uuml;rmen sich: im W&auml;schekorb, in der Waschmaschine, im Trockner (Juhu!), auf einem (!) W&auml;schest&auml;nder und auf dem Sofa. Wenn die W&auml;sche mal nicht &uuml;berall verteilt ist, geht der Deckel des W&auml;schekorbs nicht mehr zu.<\/p><p>Naja, was soll ich sagen. Mit mehr W&auml;sche, mehr Spielzeugen und einem Rumkr&uuml;meler mehr, wird der Haushalt zu &bdquo;Mission Impossible II&ldquo;. Ein dritter Teil ist nicht geplant. ;-)<\/p><p>&nbsp;<\/p><h2><span class=\"ez-toc-section\" id=\"Zum_Weiterlesen\"><\/span>Zum Weiterlesen:<span class=\"ez-toc-section-end\"><\/span><\/h2><ul>\n<li><a href=\"\/magazin\/partnerschaft-6-dinge-die-sich-mit-baby-aendern\">Partnerschaft &ndash; 6 Dinge, die sich mit Baby &auml;ndern!<\/a><\/li>\n<li><a href=\"\/magazin\/alltag-6-dinge-die-sich-mit-baby-aendern\">Alltag &ndash; 6 Dinge, die sich mit Baby &auml;ndern!<\/a><\/li>\n<li><a href=\"\/magazin\/mama-von-zwei-kindern\">Mama von zwei Kindern<\/a><\/li>\n<\/ul><div class=\"credits-overlay\" data-target=\".wp-image-20893\"><a href=\"#\" target=\"_blank\">&copy; Anne Thorau<\/a><\/div><\/p>\n","protected":false},"excerpt":{"rendered":"<p>Mit jedem Kind soll sich immer weniger &auml;ndern &ndash; stimmt das? Diese Frage kann ich Euch nicht beantworten, aber ich kann erz&auml;hlen, was sich mit einem zweiten Baby &auml;ndert.1. MannschaftsaufstellungVorher:Vor der Geburt unseres zweiten Spatzes kann man uns eigentlich so beschreiben: Wir waren zwei Torh&uuml;ter und ein kleiner St&uuml;rmer. Egal auf welches Tor der St&uuml;rmer [&#8230;]<\/p>\n<p><a class=\"btn btn-secondary understrap-read-more-link\" href=\"https:\/\/www.babyartikel.de\/magazin\/geschwister-6-dinge-die-sich-mit-dem-2-baby-aendern\">Weiterlesen&#8230;<\/a><\/p>\n","protected":false},"author":19,"featured_media":20893,"comment_status":"open","ping_status":"open","sticky":false,"template":"","format":"standard","meta":{"_acf_changed":false,"footnotes":""},"categories":[79,2820,2802],"tags":[3593],"class_list":["post-20888","post","type-post","status-publish","format-standard","has-post-thumbnail","hentry","category-baby","category-leben-mit-baby","category-mamablogger-berichten","tag-geschwister"],"acf":[],"yoast_head":"<!-- This site is optimized with the Yoast SEO Premium plugin v27.2 (Yoast SEO v27.2) - https:\/\/yoast.com\/product\/yoast-seo-premium-wordpress\/ -->\n<title>Geschwister \u2013 6 Dinge, die sich mit dem 2. Baby \u00e4ndern! | Babyartikel.de Magazin<\/title>\n<meta name=\"robots\" content=\"index, follow, max-snippet:-1, max-image-preview:large, max-video-preview:-1\" \/>\n<link rel=\"canonical\" href=\"https:\/\/www.babyartikel.de\/magazin\/geschwister-6-dinge-die-sich-mit-dem-2-baby-aendern\" \/>\n<meta property=\"og:locale\" content=\"de_DE\" \/>\n<meta property=\"og:type\" content=\"article\" \/>\n<meta property=\"og:title\" content=\"Geschwister \u2013 6 Dinge, die sich mit dem 2. Baby \u00e4ndern!\" \/>\n<meta property=\"og:description\" content=\"Mit jedem Kind soll sich immer weniger &auml;ndern &ndash; stimmt das? Diese Frage kann ich Euch nicht beantworten, aber ich kann erz&auml;hlen, was sich mit einem zweiten Baby &auml;ndert.1. MannschaftsaufstellungVorher:Vor der Geburt unseres zweiten Spatzes kann man uns eigentlich so beschreiben: Wir waren zwei Torh&uuml;ter und ein kleiner St&uuml;rmer. Egal auf welches Tor der St&uuml;rmer [...]Weiterlesen...\" \/>\n<meta property=\"og:url\" content=\"https:\/\/www.babyartikel.de\/magazin\/geschwister-6-dinge-die-sich-mit-dem-2-baby-aendern\" \/>\n<meta property=\"og:site_name\" content=\"Babyartikel.de Magazin\" \/>\n<meta property=\"article:published_time\" content=\"2016-05-20T09:22:17+00:00\" \/>\n<meta property=\"article:modified_time\" content=\"2017-07-28T19:05:41+00:00\" \/>\n<meta property=\"og:image\" content=\"https:\/\/www.babyartikel.de\/magazin\/wp-content\/uploads\/2016\/05\/b37_geschwister-6-dinge-die-sich-\u00e4ndern.jpg\" \/>\n\t<meta property=\"og:image:width\" content=\"1050\" \/>\n\t<meta property=\"og:image:height\" content=\"700\" \/>\n\t<meta property=\"og:image:type\" content=\"image\/jpeg\" \/>\n<meta name=\"author\" content=\"Anne\" \/>\n<meta name=\"twitter:card\" content=\"summary_large_image\" \/>\n<meta name=\"twitter:label1\" content=\"Verfasst von\" \/>\n\t<meta name=\"twitter:data1\" content=\"Anne\" \/>\n\t<meta name=\"twitter:label2\" content=\"Gesch\u00e4tzte Lesezeit\" \/>\n\t<meta name=\"twitter:data2\" content=\"5\u00a0Minuten\" \/>\n<script type=\"application\/ld+json\" class=\"yoast-schema-graph\">{\"@context\":\"https:\/\/schema.org\",\"@graph\":[{\"@type\":\"Article\",\"@id\":\"https:\/\/www.babyartikel.de\/magazin\/geschwister-6-dinge-die-sich-mit-dem-2-baby-aendern#article\",\"isPartOf\":{\"@id\":\"https:\/\/www.babyartikel.de\/magazin\/geschwister-6-dinge-die-sich-mit-dem-2-baby-aendern\"},\"author\":{\"name\":\"Anne\",\"@id\":\"https:\/\/www.babyartikel.de\/magazin\/#\/schema\/person\/c14b99a236c7e8e0440181061ecff817\"},\"headline\":\"Geschwister \u2013 6 Dinge, die sich mit dem 2. Baby \u00e4ndern!\",\"datePublished\":\"2016-05-20T09:22:17+00:00\",\"dateModified\":\"2017-07-28T19:05:41+00:00\",\"mainEntityOfPage\":{\"@id\":\"https:\/\/www.babyartikel.de\/magazin\/geschwister-6-dinge-die-sich-mit-dem-2-baby-aendern\"},\"wordCount\":1016,\"commentCount\":0,\"image\":{\"@id\":\"https:\/\/www.babyartikel.de\/magazin\/geschwister-6-dinge-die-sich-mit-dem-2-baby-aendern#primaryimage\"},\"thumbnailUrl\":\"https:\/\/media.babyartikel.de\/magazin\/wp-content\/uploads\/2016\/05\/b37_geschwister-6-dinge-die-sich-\u00e4ndern.jpg\",\"keywords\":[\"geschwister\"],\"articleSection\":[\"Baby\",\"Leben mit Baby\",\"Mamablogger berichten\"],\"inLanguage\":\"de\",\"potentialAction\":[{\"@type\":\"CommentAction\",\"name\":\"Comment\",\"target\":[\"https:\/\/www.babyartikel.de\/magazin\/geschwister-6-dinge-die-sich-mit-dem-2-baby-aendern#respond\"]}]},{\"@type\":\"WebPage\",\"@id\":\"https:\/\/www.babyartikel.de\/magazin\/geschwister-6-dinge-die-sich-mit-dem-2-baby-aendern\",\"url\":\"https:\/\/www.babyartikel.de\/magazin\/geschwister-6-dinge-die-sich-mit-dem-2-baby-aendern\",\"name\":\"Geschwister \u2013 6 Dinge, die sich mit dem 2. Baby \u00e4ndern! | Babyartikel.de Magazin\",\"isPartOf\":{\"@id\":\"https:\/\/www.babyartikel.de\/magazin\/#website\"},\"primaryImageOfPage\":{\"@id\":\"https:\/\/www.babyartikel.de\/magazin\/geschwister-6-dinge-die-sich-mit-dem-2-baby-aendern#primaryimage\"},\"image\":{\"@id\":\"https:\/\/www.babyartikel.de\/magazin\/geschwister-6-dinge-die-sich-mit-dem-2-baby-aendern#primaryimage\"},\"thumbnailUrl\":\"https:\/\/media.babyartikel.de\/magazin\/wp-content\/uploads\/2016\/05\/b37_geschwister-6-dinge-die-sich-\u00e4ndern.jpg\",\"datePublished\":\"2016-05-20T09:22:17+00:00\",\"dateModified\":\"2017-07-28T19:05:41+00:00\",\"author\":{\"@id\":\"https:\/\/www.babyartikel.de\/magazin\/#\/schema\/person\/c14b99a236c7e8e0440181061ecff817\"},\"breadcrumb\":{\"@id\":\"https:\/\/www.babyartikel.de\/magazin\/geschwister-6-dinge-die-sich-mit-dem-2-baby-aendern#breadcrumb\"},\"inLanguage\":\"de\",\"potentialAction\":[{\"@type\":\"ReadAction\",\"target\":[\"https:\/\/www.babyartikel.de\/magazin\/geschwister-6-dinge-die-sich-mit-dem-2-baby-aendern\"]}]},{\"@type\":\"ImageObject\",\"inLanguage\":\"de\",\"@id\":\"https:\/\/www.babyartikel.de\/magazin\/geschwister-6-dinge-die-sich-mit-dem-2-baby-aendern#primaryimage\",\"url\":\"https:\/\/media.babyartikel.de\/magazin\/wp-content\/uploads\/2016\/05\/b37_geschwister-6-dinge-die-sich-\u00e4ndern.jpg\",\"contentUrl\":\"https:\/\/media.babyartikel.de\/magazin\/wp-content\/uploads\/2016\/05\/b37_geschwister-6-dinge-die-sich-\u00e4ndern.jpg\",\"width\":1050,\"height\":700,\"caption\":\"Geschwister \u2013 6 Dinge, die sich mit dem 2. Baby \u00e4ndern!\"},{\"@type\":\"BreadcrumbList\",\"@id\":\"https:\/\/www.babyartikel.de\/magazin\/geschwister-6-dinge-die-sich-mit-dem-2-baby-aendern#breadcrumb\",\"itemListElement\":[{\"@type\":\"ListItem\",\"position\":1,\"name\":\"Startseite\",\"item\":\"https:\/\/www.babyartikel.de\/magazin\"},{\"@type\":\"ListItem\",\"position\":2,\"name\":\"Geschwister \u2013 6 Dinge, die sich mit dem 2. Baby \u00e4ndern!\"}]},{\"@type\":\"WebSite\",\"@id\":\"https:\/\/www.babyartikel.de\/magazin\/#website\",\"url\":\"https:\/\/www.babyartikel.de\/magazin\/\",\"name\":\"Babyartikel.de Magazin\",\"description\":\"\",\"potentialAction\":[{\"@type\":\"SearchAction\",\"target\":{\"@type\":\"EntryPoint\",\"urlTemplate\":\"https:\/\/www.babyartikel.de\/magazin\/?s={search_term_string}\"},\"query-input\":{\"@type\":\"PropertyValueSpecification\",\"valueRequired\":true,\"valueName\":\"search_term_string\"}}],\"inLanguage\":\"de\"},{\"@type\":\"Person\",\"@id\":\"https:\/\/www.babyartikel.de\/magazin\/#\/schema\/person\/c14b99a236c7e8e0440181061ecff817\",\"name\":\"Anne\",\"image\":{\"@type\":\"ImageObject\",\"inLanguage\":\"de\",\"@id\":\"https:\/\/secure.gravatar.com\/avatar\/dc6bb895c7854c302aeeafbb6333e6f220ba26106b9f9a0202f83b0104b3729f?s=96&d=mm&r=g\",\"url\":\"https:\/\/secure.gravatar.com\/avatar\/dc6bb895c7854c302aeeafbb6333e6f220ba26106b9f9a0202f83b0104b3729f?s=96&d=mm&r=g\",\"contentUrl\":\"https:\/\/secure.gravatar.com\/avatar\/dc6bb895c7854c302aeeafbb6333e6f220ba26106b9f9a0202f83b0104b3729f?s=96&d=mm&r=g\",\"caption\":\"Anne\"},\"description\":\"Hallo! Ich bin Anne, 33 Jahre alt und Mama von zwei Jungs. Der Kleine wurde erst vor neun Wochen geboren und der Gro\u00dfe ist schon drei Jahre alt. Zusammen mit dem \u00e4ltesten \u201eJungen\u201c im Bunde (37) \u2013 auch Papa genannt \u2013 leben wir vier im bunten Berlin. Wenn ich meinen Lebensweg in einem Satz zusammenfassen m\u00fcsste, w\u00fcrde der momentan so lauten: Ich bin in Baden-W\u00fcrttemberg geboren, aufgewachsen und ausgebildet worden, habe in Bayern gearbeitet und in Berlin meine Kinder zur Welt gebracht und geheiratet. Schon seit einer Weile habe ich mit dem Gedanken gespielt \u00fcber meinen Alltag als Mama zu bloggen und freue mich, dass jetzt der Zeitpunkt gekommen ist, um damit anzufangen. Ich hoffe, dass ich dem ein oder anderen mit meinen Tipps, Erfahrungen und Gedanken zum ganz normalen Familienwahnsinn weiterhelfen oder euch einfach nur unterhalten kann.\",\"url\":\"https:\/\/www.babyartikel.de\/magazin\/author\/anne\"}]}<\/script>\n<!-- \/ Yoast SEO Premium plugin. -->","yoast_head_json":{"title":"Geschwister \u2013 6 Dinge, die sich mit dem 2. Baby \u00e4ndern! | Babyartikel.de Magazin","robots":{"index":"index","follow":"follow","max-snippet":"max-snippet:-1","max-image-preview":"max-image-preview:large","max-video-preview":"max-video-preview:-1"},"canonical":"https:\/\/www.babyartikel.de\/magazin\/geschwister-6-dinge-die-sich-mit-dem-2-baby-aendern","og_locale":"de_DE","og_type":"article","og_title":"Geschwister \u2013 6 Dinge, die sich mit dem 2. Baby \u00e4ndern!","og_description":"Mit jedem Kind soll sich immer weniger &auml;ndern &ndash; stimmt das? Diese Frage kann ich Euch nicht beantworten, aber ich kann erz&auml;hlen, was sich mit einem zweiten Baby &auml;ndert.1. MannschaftsaufstellungVorher:Vor der Geburt unseres zweiten Spatzes kann man uns eigentlich so beschreiben: Wir waren zwei Torh&uuml;ter und ein kleiner St&uuml;rmer. Egal auf welches Tor der St&uuml;rmer [...]Weiterlesen...","og_url":"https:\/\/www.babyartikel.de\/magazin\/geschwister-6-dinge-die-sich-mit-dem-2-baby-aendern","og_site_name":"Babyartikel.de Magazin","article_published_time":"2016-05-20T09:22:17+00:00","article_modified_time":"2017-07-28T19:05:41+00:00","og_image":[{"width":1050,"height":700,"url":"https:\/\/www.babyartikel.de\/magazin\/wp-content\/uploads\/2016\/05\/b37_geschwister-6-dinge-die-sich-\u00e4ndern.jpg","type":"image\/jpeg"}],"author":"Anne","twitter_card":"summary_large_image","twitter_misc":{"Verfasst von":"Anne","Gesch\u00e4tzte Lesezeit":"5\u00a0Minuten"},"schema":{"@context":"https:\/\/schema.org","@graph":[{"@type":"Article","@id":"https:\/\/www.babyartikel.de\/magazin\/geschwister-6-dinge-die-sich-mit-dem-2-baby-aendern#article","isPartOf":{"@id":"https:\/\/www.babyartikel.de\/magazin\/geschwister-6-dinge-die-sich-mit-dem-2-baby-aendern"},"author":{"name":"Anne","@id":"https:\/\/www.babyartikel.de\/magazin\/#\/schema\/person\/c14b99a236c7e8e0440181061ecff817"},"headline":"Geschwister \u2013 6 Dinge, die sich mit dem 2. Baby \u00e4ndern!","datePublished":"2016-05-20T09:22:17+00:00","dateModified":"2017-07-28T19:05:41+00:00","mainEntityOfPage":{"@id":"https:\/\/www.babyartikel.de\/magazin\/geschwister-6-dinge-die-sich-mit-dem-2-baby-aendern"},"wordCount":1016,"commentCount":0,"image":{"@id":"https:\/\/www.babyartikel.de\/magazin\/geschwister-6-dinge-die-sich-mit-dem-2-baby-aendern#primaryimage"},"thumbnailUrl":"https:\/\/media.babyartikel.de\/magazin\/wp-content\/uploads\/2016\/05\/b37_geschwister-6-dinge-die-sich-\u00e4ndern.jpg","keywords":["geschwister"],"articleSection":["Baby","Leben mit Baby","Mamablogger berichten"],"inLanguage":"de","potentialAction":[{"@type":"CommentAction","name":"Comment","target":["https:\/\/www.babyartikel.de\/magazin\/geschwister-6-dinge-die-sich-mit-dem-2-baby-aendern#respond"]}]},{"@type":"WebPage","@id":"https:\/\/www.babyartikel.de\/magazin\/geschwister-6-dinge-die-sich-mit-dem-2-baby-aendern","url":"https:\/\/www.babyartikel.de\/magazin\/geschwister-6-dinge-die-sich-mit-dem-2-baby-aendern","name":"Geschwister \u2013 6 Dinge, die sich mit dem 2. Baby \u00e4ndern! | Babyartikel.de Magazin","isPartOf":{"@id":"https:\/\/www.babyartikel.de\/magazin\/#website"},"primaryImageOfPage":{"@id":"https:\/\/www.babyartikel.de\/magazin\/geschwister-6-dinge-die-sich-mit-dem-2-baby-aendern#primaryimage"},"image":{"@id":"https:\/\/www.babyartikel.de\/magazin\/geschwister-6-dinge-die-sich-mit-dem-2-baby-aendern#primaryimage"},"thumbnailUrl":"https:\/\/media.babyartikel.de\/magazin\/wp-content\/uploads\/2016\/05\/b37_geschwister-6-dinge-die-sich-\u00e4ndern.jpg","datePublished":"2016-05-20T09:22:17+00:00","dateModified":"2017-07-28T19:05:41+00:00","author":{"@id":"https:\/\/www.babyartikel.de\/magazin\/#\/schema\/person\/c14b99a236c7e8e0440181061ecff817"},"breadcrumb":{"@id":"https:\/\/www.babyartikel.de\/magazin\/geschwister-6-dinge-die-sich-mit-dem-2-baby-aendern#breadcrumb"},"inLanguage":"de","potentialAction":[{"@type":"ReadAction","target":["https:\/\/www.babyartikel.de\/magazin\/geschwister-6-dinge-die-sich-mit-dem-2-baby-aendern"]}]},{"@type":"ImageObject","inLanguage":"de","@id":"https:\/\/www.babyartikel.de\/magazin\/geschwister-6-dinge-die-sich-mit-dem-2-baby-aendern#primaryimage","url":"https:\/\/media.babyartikel.de\/magazin\/wp-content\/uploads\/2016\/05\/b37_geschwister-6-dinge-die-sich-\u00e4ndern.jpg","contentUrl":"https:\/\/media.babyartikel.de\/magazin\/wp-content\/uploads\/2016\/05\/b37_geschwister-6-dinge-die-sich-\u00e4ndern.jpg","width":1050,"height":700,"caption":"Geschwister \u2013 6 Dinge, die sich mit dem 2. Baby \u00e4ndern!"},{"@type":"BreadcrumbList","@id":"https:\/\/www.babyartikel.de\/magazin\/geschwister-6-dinge-die-sich-mit-dem-2-baby-aendern#breadcrumb","itemListElement":[{"@type":"ListItem","position":1,"name":"Startseite","item":"https:\/\/www.babyartikel.de\/magazin"},{"@type":"ListItem","position":2,"name":"Geschwister \u2013 6 Dinge, die sich mit dem 2. Baby \u00e4ndern!"}]},{"@type":"WebSite","@id":"https:\/\/www.babyartikel.de\/magazin\/#website","url":"https:\/\/www.babyartikel.de\/magazin\/","name":"Babyartikel.de Magazin","description":"","potentialAction":[{"@type":"SearchAction","target":{"@type":"EntryPoint","urlTemplate":"https:\/\/www.babyartikel.de\/magazin\/?s={search_term_string}"},"query-input":{"@type":"PropertyValueSpecification","valueRequired":true,"valueName":"search_term_string"}}],"inLanguage":"de"},{"@type":"Person","@id":"https:\/\/www.babyartikel.de\/magazin\/#\/schema\/person\/c14b99a236c7e8e0440181061ecff817","name":"Anne","image":{"@type":"ImageObject","inLanguage":"de","@id":"https:\/\/secure.gravatar.com\/avatar\/dc6bb895c7854c302aeeafbb6333e6f220ba26106b9f9a0202f83b0104b3729f?s=96&d=mm&r=g","url":"https:\/\/secure.gravatar.com\/avatar\/dc6bb895c7854c302aeeafbb6333e6f220ba26106b9f9a0202f83b0104b3729f?s=96&d=mm&r=g","contentUrl":"https:\/\/secure.gravatar.com\/avatar\/dc6bb895c7854c302aeeafbb6333e6f220ba26106b9f9a0202f83b0104b3729f?s=96&d=mm&r=g","caption":"Anne"},"description":"Hallo! Ich bin Anne, 33 Jahre alt und Mama von zwei Jungs. Der Kleine wurde erst vor neun Wochen geboren und der Gro\u00dfe ist schon drei Jahre alt. Zusammen mit dem \u00e4ltesten \u201eJungen\u201c im Bunde (37) \u2013 auch Papa genannt \u2013 leben wir vier im bunten Berlin. Wenn ich meinen Lebensweg in einem Satz zusammenfassen m\u00fcsste, w\u00fcrde der momentan so lauten: Ich bin in Baden-W\u00fcrttemberg geboren, aufgewachsen und ausgebildet worden, habe in Bayern gearbeitet und in Berlin meine Kinder zur Welt gebracht und geheiratet. Schon seit einer Weile habe ich mit dem Gedanken gespielt \u00fcber meinen Alltag als Mama zu bloggen und freue mich, dass jetzt der Zeitpunkt gekommen ist, um damit anzufangen. Ich hoffe, dass ich dem ein oder anderen mit meinen Tipps, Erfahrungen und Gedanken zum ganz normalen Familienwahnsinn weiterhelfen oder euch einfach nur unterhalten kann.","url":"https:\/\/www.babyartikel.de\/magazin\/author\/anne"}]}},"abstract_sku":"","_links":{"self":[{"href":"https:\/\/www.babyartikel.de\/magazin\/wp-json\/wp\/v2\/posts\/20888","targetHints":{"allow":["GET"]}}],"collection":[{"href":"https:\/\/www.babyartikel.de\/magazin\/wp-json\/wp\/v2\/posts"}],"about":[{"href":"https:\/\/www.babyartikel.de\/magazin\/wp-json\/wp\/v2\/types\/post"}],"author":[{"embeddable":true,"href":"https:\/\/www.babyartikel.de\/magazin\/wp-json\/wp\/v2\/users\/19"}],"replies":[{"embeddable":true,"href":"https:\/\/www.babyartikel.de\/magazin\/wp-json\/wp\/v2\/comments?post=20888"}],"version-history":[{"count":5,"href":"https:\/\/www.babyartikel.de\/magazin\/wp-json\/wp\/v2\/posts\/20888\/revisions"}],"predecessor-version":[{"id":20895,"href":"https:\/\/www.babyartikel.de\/magazin\/wp-json\/wp\/v2\/posts\/20888\/revisions\/20895"}],"wp:featuredmedia":[{"embeddable":true,"href":"https:\/\/www.babyartikel.de\/magazin\/wp-json\/wp\/v2\/media\/20893"}],"wp:attachment":[{"href":"https:\/\/www.babyartikel.de\/magazin\/wp-json\/wp\/v2\/media?parent=20888"}],"wp:term":[{"taxonomy":"category","embeddable":true,"href":"https:\/\/www.babyartikel.de\/magazin\/wp-json\/wp\/v2\/categories?post=20888"},{"taxonomy":"post_tag","embeddable":true,"href":"https:\/\/www.babyartikel.de\/magazin\/wp-json\/wp\/v2\/tags?post=20888"}],"curies":[{"name":"wp","href":"https:\/\/api.w.org\/{rel}","templated":true}]}}