
{"id":21065,"date":"2016-07-03T11:50:45","date_gmt":"2016-07-03T09:50:45","guid":{"rendered":"\/magazin\/?p=21065"},"modified":"2020-04-15T16:43:35","modified_gmt":"2020-04-15T14:43:35","slug":"test-tragetuch-bykay-essential","status":"publish","type":"post","link":"https:\/\/www.babyartikel.de\/magazin\/test-tragetuch-bykay-essential","title":{"rendered":"Test: Tragetuch Bykay Essential"},"content":{"rendered":"<p>Seit einigen Wochen d&uuml;rfen wir das Tragetuch Bykay Essential testen und heute wollte ich Euch kurz von meinen Erfahrungen und meinem Eindruck berichten.<div id=\"ez-toc-container\" class=\"ez-toc-v2_0_82_2 counter-flat ez-toc-counter ez-toc-white ez-toc-container-direction\">\n<div class=\"ez-toc-title-container\">\n<p class=\"ez-toc-title\" style=\"cursor:inherit\">Inhaltsverzeichnis<\/p>\n<span class=\"ez-toc-title-toggle\"><a href=\"#\" class=\"ez-toc-pull-right ez-toc-btn ez-toc-btn-xs ez-toc-btn-default ez-toc-toggle\" aria-label=\"Toggle Table of Content\"><span class=\"ez-toc-js-icon-con\"><span class=\"\"><span class=\"eztoc-hide\" style=\"display:none;\">Toggle<\/span><span class=\"ez-toc-icon-toggle-span\"><svg style=\"fill: #999;color:#999\" xmlns=\"http:\/\/www.w3.org\/2000\/svg\" class=\"list-377408\" width=\"20px\" height=\"20px\" viewBox=\"0 0 24 24\" fill=\"none\"><path d=\"M6 6H4v2h2V6zm14 0H8v2h12V6zM4 11h2v2H4v-2zm16 0H8v2h12v-2zM4 16h2v2H4v-2zm16 0H8v2h12v-2z\" fill=\"currentColor\"><\/path><\/svg><svg style=\"fill: #999;color:#999\" class=\"arrow-unsorted-368013\" xmlns=\"http:\/\/www.w3.org\/2000\/svg\" width=\"10px\" height=\"10px\" viewBox=\"0 0 24 24\" version=\"1.2\" baseProfile=\"tiny\"><path d=\"M18.2 9.3l-6.2-6.3-6.2 6.3c-.2.2-.3.4-.3.7s.1.5.3.7c.2.2.4.3.7.3h11c.3 0 .5-.1.7-.3.2-.2.3-.5.3-.7s-.1-.5-.3-.7zM5.8 14.7l6.2 6.3 6.2-6.3c.2-.2.3-.5.3-.7s-.1-.5-.3-.7c-.2-.2-.4-.3-.7-.3h-11c-.3 0-.5.1-.7.3-.2.2-.3.5-.3.7s.1.5.3.7z\"\/><\/svg><\/span><\/span><\/span><\/a><\/span><\/div>\n<nav><ul class='ez-toc-list ez-toc-list-level-1 ' ><li class='ez-toc-page-1'><a class=\"ez-toc-link ez-toc-heading-1\" href=\"https:\/\/www.babyartikel.de\/magazin\/test-tragetuch-bykay-essential\/#Grundsaetzliches_zum_Tragen\" >Grunds&auml;tzliches zum Tragen<\/a><\/li><li class='ez-toc-page-1'><a class=\"ez-toc-link ez-toc-heading-2\" href=\"https:\/\/www.babyartikel.de\/magazin\/test-tragetuch-bykay-essential\/#Das_Tragetuch_Bykay_Essential\" >Das Tragetuch Bykay Essential<\/a><\/li><li class='ez-toc-page-1'><a class=\"ez-toc-link ez-toc-heading-3\" href=\"https:\/\/www.babyartikel.de\/magazin\/test-tragetuch-bykay-essential\/#Fazit_zum_Tragetuch_Bykay_Essential\" >Fazit zum Tragetuch&nbsp;Bykay Essential<\/a><\/li><\/ul><\/nav><\/div>\n<h2><span class=\"ez-toc-section\" id=\"Grundsaetzliches_zum_Tragen\"><\/span>Grunds&auml;tzliches zum Tragen<span class=\"ez-toc-section-end\"><\/span><\/h2><p>Als Hebamme und Mama kann ich pers&ouml;nlich immer nur wieder empfehlen, sich auf das Tragen einzulassen. Noch immer stehen viele junge Eltern dem Tragen eher skeptisch gegen&uuml;ber, aus Angst vor dem Verw&ouml;hnen oder weil sie f&uuml;rchten, gerade mit dem Tragetuch nicht zurecht zu kommen. <a href=\"https:\/\/www.babyartikel.de\/magazin\/babyerziehung-verwoehnen-erwuenscht\">Dass Babys nicht verw&ouml;hnt werden k&ouml;nnen<\/a>, sage ich an dieser Stelle gerne auch noch einmal, zum Thema Tragetuch binden kann ich Euch nur empfehlen, fr&uuml;hzeitig mit einer Hebamme oder Trageberaterin Kontakt aufzunehmen, die kann Euch diese &Auml;ngste sicher nehmen.<\/p><p>Aus pers&ouml;nlicher Erfahrung kann ich sagen, dass gerade wenn schon Geschwisterkinder da sind, eine Form der Tragehilfe Gold wert ist, man hat beide H&auml;nde frei und ist deutlich schneller und flexibler unterwegs als mit einem Kinderwagen.<\/p><div class=\"marketing-slot\"><div id=\"block-18\" class=\"content-post-widget marketing-slot-1 widget_block\"><a href=\"#\" class=\"newsletter_popup\" style=\"\n  display: inline-block;\n  box-shadow: 0 4px 10px rgba(0,0,0,0.1);\n  margin: 20px auto;\n  max-width: 800px;\n  width: 100%;\">\n  <img src=\"https:\/\/media.babyartikel.de\/magazin\/wp-content\/uploads\/2025\/08\/NL-Banner-Magazin-8-25.webp\" alt=\"Newsletter Banner\" style=\"\n    width: 100%;\n    height: auto;\n    display: block;\" onclick=\"ga('send', 'event', 'banner', 'click', 'magazin-banner-newsletter-8-25');\">\n<\/a>\n\n\t<!-- Modal -->\n\t<div class=\"modal fade modal_popup\" id=\"newsletter_popup\" tabindex=\"-1\" aria-labelledby=\"exampleModalLabel\" aria-hidden=\"true\">\n\t\t<div class=\"modal-dialog modal-dialog-centered modal-dialog-scrollable\">\n\t\t\t<div class=\"modal-content\">\n\t\t\t\t<div class=\"modal-header small-header\">\n\t\t\t\t\t<h5 class=\"modal-title\" id=\"newsletterModalLabel\">\n\t\t\t\t\t\tNewsletter\t\t\t\t\t<\/h5>\n\t\t\t\t\t<button type=\"button\" class=\"btn-close small-close\" data-bs-dismiss=\"modal\" aria-label=\"Close\"><\/button>\n\t\t\t\t<\/div>\n\n\t\t\t\t<div class=\"modal-body\">\n\t\t\t\t\t\t<div class=\"newsletterForm-embed popup-form\">\n        <form name=\"newsletterSubscriptionForm\" id=\"newsletter_popup_69ef23546e6df_form\" data-newsletter-id=\"newsletter_popup_69ef23546e6df\" method=\"POST\">\n\n\t\t\t<input type=\"text\" name=\"website\" class=\"hidden\" tabindex=\"-1\" autocomplete=\"off\" style=\"position:absolute;left:-9999px;\">\n\t\t\t<input type=\"hidden\" name=\"ts\" value=\"1777279828\">\n\n\t\t\t                <input type=\"hidden\" name=\"emarsys-event-id\" value=\"3756\">\n            \n            \t\t\t<div class=\"mb-3\">\n\t\t\t\t<label for=\"date\" class=\"form-label\">Geburtstag\/ -termin Deines Babys<\/label>\n                <input type=\"date\" name=\"date\" class=\"input input--expand form-control\" required>\n\t\t\t<\/div>\n            \n\t\t\t<div class=\"mb-3\">\n\t\t\t\t<label for=\"email\" class=\"form-label\">E-Mail-Adresse<\/label>\n\t\t\t\t<input type=\"email\" name=\"email\" placeholder=\"E-Mail-Adresse\" class=\"input input--expand form-control\" required>\n\t\t\t<\/div>\n\n\t\t\t\t\t\t\t<button type=\"submit\" class=\"btn btn-primary\">Absenden<\/button>\n\t\t\t\n\t\t\t\t\t\t\t<div class=\"small mt-3\" style=\"font-weight:normal;\">\n\t\t\t\t\t\n\t\t\t<div class=\"mt-3\">\n\t\t\t\tJa, ich m&ouml;chte den Newsletter von Babyartikel.de erhalten und &uuml;ber Aktionen informiert werden.\n  Dabei darf mein Nutzungsverhalten (z. B. &Ouml;ffnungen und Klicks) zur Personalisierung ausgewertet werden.\n  Mehr finde ich in der <a href=\"\/de\/datenschutz\" style=\"text-decoration:underline\">Datenschutzerkl&auml;rung<\/a>.\n\t\t\t<\/div>\n\t\t\t\t\t\t<\/div>\n\t\t\t\n\t\t\t\t\t\t\t<div class=\"small mb-3 mt-3\" style=\"font-weight:normal;\">\n\t\t\t\t\tJederzeit abbestellbar | <a href=\"\/de\/datenschutz\" style=\"text-decoration:underline\">\n\t\t\t\t\t\tDatenschutzerkl&auml;rung\n\t\t\t\t\t<\/a>\n\t\t\t\t<\/div>\n\t\t\t\n        <\/form>\n    <\/div>\n\t\n\t\t\t\t\t<div class=\"response-messages_newsletter_popup_69ef23546e6df\">\n\t\t\t\t\t\t<div class=\"alert alert-success success mt-3 mb-3 d-none\">\n\t\t\t\t\t\t\tNur noch ein Klick! Best&auml;tige Deine Anmeldung in der E-Mail, die du gleich erh&auml;ltst.\t\t\t\t\t\t<\/div>\n\t\t\t\t\t\t<div class=\"error mt-3 mb-3 d-none\">\n\t\t\t\t\t\t\t<div class=\"alert alert-danger \">\n\t\t\t\t\t\t\t\tEin Fehler ist aufgetreten. Bitte versuche es sp&auml;ter erneut.\t\t\t\t\t\t\t<\/div>\n\t\t\t\t\t\t<\/div>\n\t\t\t\t\t\t<div class=\"alert alert-danger other-2007 mt-3 mb-3 d-none\">\n\t\t\t\t\t\t\tUng&Atilde;&frac14;ltiges Datumsformat\t\t\t\t\t\t<\/div>\n\t\t\t\t\t<\/div>\n\t\t\t\t<\/div>\n\t\t\t<\/div>\n\t\t<\/div>\n\t<\/div>\n\n\t<\/div><!-- content-widget --><\/div><h2><span class=\"ez-toc-section\" id=\"Das_Tragetuch_Bykay_Essential\"><\/span>Das Tragetuch Bykay Essential<span class=\"ez-toc-section-end\"><\/span><\/h2><h3>Allgemeines<\/h3><p>Mein getestetes Tragetuch Bykay Essential hat eine L&auml;nge von 5,5 Metern. Das klingt zun&auml;chst einmal wahnsinnig lang, aber sowohl mein Mann als auch ich sind keine Riesen und z&auml;hlen auch eher zu den schlankeren Menschen. Dennoch kamen mit dieser L&auml;nge super zurecht. Viele &bdquo;Trageneulinge&ldquo; machen den Fehler, ein zu kurzes Tuch zu kaufen, weil sie glauben, es sei leichter zu handhaben.&nbsp;Tats&auml;chlich bietet ein langes Tuch aber einfach viel mehr M&ouml;glichkeiten und ist viel angenehmer zu binden und auch zu tragen.<\/p><p>Das Tuch gibt es in unterschiedlichen Farben und Designs, durchweg eher schlicht und kein bisschen &bdquo;&ouml;kig&ldquo;, so dass auch mein Mann es gerne tr&auml;gt und sich kein bisschen bl&ouml;d damit vorkommt.<\/p><div class=\"postslot1\">\t\t<div style=\"clear:both\"><\/div>\n\t\t\t\t\t\t<div id=\"productPanel253\" class=\"product-panel-bottom\">&nbsp;<\/div>\n\t\t\t\t\t\t<script type=\"module\">\n\t\t\t\t\t\t\trequestProductPanel(\"https:\/\/www.babyartikel.de\/magazin\/wp-content\/plugins\/wp-productpanel2\/ProductPanel.php\", \"?panel_type=automatic&basis_category=1-BT&basis_product=&swipe_mobile=1&postid=21065&template=auto&max=4&productPanelId=253&solrQuery=\", 253, 1);\n\t\t\t\t\t\t<\/script>\n\t\t\t\t\t<link rel=\"stylesheet\" href=\"https:\/\/cdn.jsdelivr.net\/npm\/swiper@8\/swiper-bundle.min.css\"><\/div><div class=\"marketing-slot\"><div id=\"block-25\" class=\"content-post-widget marketing-slot-2 widget_block\"><a href=\"https:\/\/www.babyartikel.de\/de\/angebote\" data-track-link-click=\"true\" data-track-name=\"nyoutlet2026-magazin\" data-track-medium=\"banner-magazin-post\" data-track-campaign=\"magazin-banner-nyoutlet2026\" onclick=\"ga('send', 'event', 'banner', 'click', 'magazin-banner-nyoutlet2026');\" style=\"display:block;width:100%;text-align:center;\"><img src=\"https:\/\/media.babyartikel.de\/magazin\/wp-content\/uploads\/2026\/01\/NY-Outlet-10-2026.webp\" alt=\"Sale\" style=\"max-width:100%;\"><\/a><\/div><!-- content-widget --><\/div><p>Es besteht aus 100 % Baumwolle und ist nicht nur sehr angenehm auf der Haut, sondern gerade f&uuml;r Leute, die das Tragetuch vielleicht gerade erst kennenlernen ideal als &bdquo;Einstieg&ldquo;, da es sehr einfach zu Binden ist und auch kleine &bdquo;Fehler&ldquo; verzeiht. Man kann es problemlos in die Waschmaschine stecken und bei 40 Grad waschen, Form und Farbe leiden darunter &uuml;berhaupt nicht. Geliefert wird das Tuch in einem kleinen Sack, so dass man es bei Nichtgebrauch gut verstauen und auch einfach (z. B. als Erg&auml;nzung zum Kinderwagen oder auf Reisen) mitnehmen kann. Mit einem Preis von 49,95 &euro; ist es deutlich g&uuml;nstiger als viele vergleichbare T&uuml;cher gro&szlig;er Markenhersteller.<\/p><h3>Testbedingungen<\/h3><p>Ich bin seit Kurzem stolze Zweifachmama und trage unseren Kleinen seit seiner Geburt vor vier Wochen regelm&auml;&szlig;ig.<\/p><p>Wir bestreiten mit dem Tuch nicht nur den Gro&szlig;teil der Hausarbeit, wir sind damit auch drau&szlig;en unterwegs und begleiten den gro&szlig;en Bruder auf Laufrad, Kinderspielplatz oder im Supermarkt.<\/p><p>Das Tuch eignet sich prima f&uuml;r das Tragen von Anfang an, also auch kleine S&auml;uglinge sind dort sicher und gut &bdquo;verpackt&ldquo;. Mit etwas &Uuml;bung und einer helfenden Hand am Anfang ist das Binden problemlos und einfach.<\/p><h3>Positives<\/h3><ul>\n<li>einfach zu binden<\/li>\n<li>angenehmes Tragegef&uuml;hl<\/li>\n<li>schlichtes Design<\/li>\n<li>sehr gutes Preis-Leistungs-Verh&auml;ltnis<\/li>\n<\/ul><h3>Negatives<\/h3><ul>\n<li>aufgrund der leichten, jersey&auml;hnlichen Struktur gibt das Tuch bei W&auml;rme und wenn man lange tr&auml;gt, leicht nach (&auml;hnlich wie eine enge Jeans mit dem Tragen weiter wird), ich pers&ouml;nlich bin mir nicht sicher, ob sich ein Kind bis 10 kg entsprechend der Herstellerinformation damit tragen l&auml;sst<\/li>\n<\/ul><h2><span class=\"ez-toc-section\" id=\"Fazit_zum_Tragetuch_Bykay_Essential\"><\/span>Fazit zum Tragetuch&nbsp;Bykay Essential<span class=\"ez-toc-section-end\"><\/span><\/h2><p>Aufgrund des wirklich sehr guten Preis-Leistungs-Verh&auml;ltnisses ist dieses Tuch gerade f&uuml;r Paare, die noch unsicher sind, ob und wie sie tragen wollen, ideal. Ich w&uuml;rde es auf jeden Fall weiterempfehlen und freu mich sehr, dass wir es testen durften.<\/p><div class=\"credits-overlay\" data-target=\".wp-image-22020\"><a href=\"#\" target=\"_blank\">&copy; Hebamme Christina Schmid<\/a><\/div><\/p>\n","protected":false},"excerpt":{"rendered":"<p>Seit einigen Wochen d&uuml;rfen wir das Tragetuch Bykay Essential testen und heute wollte ich Euch kurz von meinen Erfahrungen und meinem Eindruck berichten.Grunds&auml;tzliches zum TragenAls Hebamme und Mama kann ich pers&ouml;nlich immer nur wieder empfehlen, sich auf das Tragen einzulassen. Noch immer stehen viele junge Eltern dem Tragen eher skeptisch gegen&uuml;ber, aus Angst vor dem [&#8230;]<\/p>\n<p><a class=\"btn btn-secondary understrap-read-more-link\" href=\"https:\/\/www.babyartikel.de\/magazin\/test-tragetuch-bykay-essential\">Weiterlesen&#8230;<\/a><\/p>\n","protected":false},"author":28,"featured_media":22020,"comment_status":"open","ping_status":"open","sticky":false,"template":"","format":"standard","meta":{"_acf_changed":false,"footnotes":""},"categories":[2806,2800,48],"tags":[3447],"class_list":["post-21065","post","type-post","status-publish","format-standard","has-post-thumbnail","hentry","category-baby-erstausstattung","category-hebammenarbeit","category-test-bewertungen","tag-babytrage"],"acf":[],"yoast_head":"<!-- This site is optimized with the Yoast SEO Premium plugin v27.2 (Yoast SEO v27.2) - https:\/\/yoast.com\/product\/yoast-seo-premium-wordpress\/ -->\n<title>Test: Tragetuch Bykay Essential | Babyartikel.de Magazin<\/title>\n<meta name=\"robots\" content=\"index, follow, max-snippet:-1, max-image-preview:large, max-video-preview:-1\" \/>\n<link rel=\"canonical\" href=\"https:\/\/www.babyartikel.de\/magazin\/test-tragetuch-bykay-essential\" \/>\n<meta property=\"og:locale\" content=\"de_DE\" \/>\n<meta property=\"og:type\" content=\"article\" \/>\n<meta property=\"og:title\" content=\"Test: Tragetuch Bykay Essential\" \/>\n<meta property=\"og:description\" content=\"Seit einigen Wochen d&uuml;rfen wir das Tragetuch Bykay Essential testen und heute wollte ich Euch kurz von meinen Erfahrungen und meinem Eindruck berichten.Grunds&auml;tzliches zum TragenAls Hebamme und Mama kann ich pers&ouml;nlich immer nur wieder empfehlen, sich auf das Tragen einzulassen. Noch immer stehen viele junge Eltern dem Tragen eher skeptisch gegen&uuml;ber, aus Angst vor dem [...]Weiterlesen...\" \/>\n<meta property=\"og:url\" content=\"https:\/\/www.babyartikel.de\/magazin\/test-tragetuch-bykay-essential\" \/>\n<meta property=\"og:site_name\" content=\"Babyartikel.de Magazin\" \/>\n<meta property=\"article:published_time\" content=\"2016-07-03T09:50:45+00:00\" \/>\n<meta property=\"article:modified_time\" content=\"2020-04-15T14:43:35+00:00\" \/>\n<meta property=\"og:image\" content=\"https:\/\/www.babyartikel.de\/magazin\/wp-content\/uploads\/2016\/06\/20160612_175335-scaled.jpg\" \/>\n\t<meta property=\"og:image:width\" content=\"2560\" \/>\n\t<meta property=\"og:image:height\" content=\"2091\" \/>\n\t<meta property=\"og:image:type\" content=\"image\/jpeg\" \/>\n<meta name=\"author\" content=\"Hebamme Christina Schmid\" \/>\n<meta name=\"twitter:card\" content=\"summary_large_image\" \/>\n<meta name=\"twitter:label1\" content=\"Verfasst von\" \/>\n\t<meta name=\"twitter:data1\" content=\"Hebamme Christina Schmid\" \/>\n\t<meta name=\"twitter:label2\" content=\"Gesch\u00e4tzte Lesezeit\" \/>\n\t<meta name=\"twitter:data2\" content=\"3\u00a0Minuten\" \/>\n<script type=\"application\/ld+json\" class=\"yoast-schema-graph\">{\"@context\":\"https:\/\/schema.org\",\"@graph\":[{\"@type\":\"Article\",\"@id\":\"https:\/\/www.babyartikel.de\/magazin\/test-tragetuch-bykay-essential#article\",\"isPartOf\":{\"@id\":\"https:\/\/www.babyartikel.de\/magazin\/test-tragetuch-bykay-essential\"},\"author\":{\"name\":\"Hebamme Christina Schmid\",\"@id\":\"https:\/\/www.babyartikel.de\/magazin\/#\/schema\/person\/ae4eda2a9347a35d9617e433662c2858\"},\"headline\":\"Test: Tragetuch Bykay Essential\",\"datePublished\":\"2016-07-03T09:50:45+00:00\",\"dateModified\":\"2020-04-15T14:43:35+00:00\",\"mainEntityOfPage\":{\"@id\":\"https:\/\/www.babyartikel.de\/magazin\/test-tragetuch-bykay-essential\"},\"wordCount\":592,\"commentCount\":0,\"image\":{\"@id\":\"https:\/\/www.babyartikel.de\/magazin\/test-tragetuch-bykay-essential#primaryimage\"},\"thumbnailUrl\":\"https:\/\/media.babyartikel.de\/magazin\/wp-content\/uploads\/2016\/06\/20160612_175335-scaled.jpg\",\"keywords\":[\"babytrage\"],\"articleSection\":[\"Baby Erstausstattung\",\"Hebammen-Beratung\",\"Tests\"],\"inLanguage\":\"de\",\"potentialAction\":[{\"@type\":\"CommentAction\",\"name\":\"Comment\",\"target\":[\"https:\/\/www.babyartikel.de\/magazin\/test-tragetuch-bykay-essential#respond\"]}]},{\"@type\":\"WebPage\",\"@id\":\"https:\/\/www.babyartikel.de\/magazin\/test-tragetuch-bykay-essential\",\"url\":\"https:\/\/www.babyartikel.de\/magazin\/test-tragetuch-bykay-essential\",\"name\":\"Test: Tragetuch Bykay Essential | Babyartikel.de Magazin\",\"isPartOf\":{\"@id\":\"https:\/\/www.babyartikel.de\/magazin\/#website\"},\"primaryImageOfPage\":{\"@id\":\"https:\/\/www.babyartikel.de\/magazin\/test-tragetuch-bykay-essential#primaryimage\"},\"image\":{\"@id\":\"https:\/\/www.babyartikel.de\/magazin\/test-tragetuch-bykay-essential#primaryimage\"},\"thumbnailUrl\":\"https:\/\/media.babyartikel.de\/magazin\/wp-content\/uploads\/2016\/06\/20160612_175335-scaled.jpg\",\"datePublished\":\"2016-07-03T09:50:45+00:00\",\"dateModified\":\"2020-04-15T14:43:35+00:00\",\"author\":{\"@id\":\"https:\/\/www.babyartikel.de\/magazin\/#\/schema\/person\/ae4eda2a9347a35d9617e433662c2858\"},\"breadcrumb\":{\"@id\":\"https:\/\/www.babyartikel.de\/magazin\/test-tragetuch-bykay-essential#breadcrumb\"},\"inLanguage\":\"de\",\"potentialAction\":[{\"@type\":\"ReadAction\",\"target\":[\"https:\/\/www.babyartikel.de\/magazin\/test-tragetuch-bykay-essential\"]}]},{\"@type\":\"ImageObject\",\"inLanguage\":\"de\",\"@id\":\"https:\/\/www.babyartikel.de\/magazin\/test-tragetuch-bykay-essential#primaryimage\",\"url\":\"https:\/\/media.babyartikel.de\/magazin\/wp-content\/uploads\/2016\/06\/20160612_175335-scaled.jpg\",\"contentUrl\":\"https:\/\/media.babyartikel.de\/magazin\/wp-content\/uploads\/2016\/06\/20160612_175335-scaled.jpg\",\"width\":2560,\"height\":2091,\"caption\":\"Test Bykay Tragetuch Essential\"},{\"@type\":\"BreadcrumbList\",\"@id\":\"https:\/\/www.babyartikel.de\/magazin\/test-tragetuch-bykay-essential#breadcrumb\",\"itemListElement\":[{\"@type\":\"ListItem\",\"position\":1,\"name\":\"Startseite\",\"item\":\"https:\/\/www.babyartikel.de\/magazin\"},{\"@type\":\"ListItem\",\"position\":2,\"name\":\"Test: Tragetuch Bykay Essential\"}]},{\"@type\":\"WebSite\",\"@id\":\"https:\/\/www.babyartikel.de\/magazin\/#website\",\"url\":\"https:\/\/www.babyartikel.de\/magazin\/\",\"name\":\"Babyartikel.de Magazin\",\"description\":\"\",\"potentialAction\":[{\"@type\":\"SearchAction\",\"target\":{\"@type\":\"EntryPoint\",\"urlTemplate\":\"https:\/\/www.babyartikel.de\/magazin\/?s={search_term_string}\"},\"query-input\":{\"@type\":\"PropertyValueSpecification\",\"valueRequired\":true,\"valueName\":\"search_term_string\"}}],\"inLanguage\":\"de\"},{\"@type\":\"Person\",\"@id\":\"https:\/\/www.babyartikel.de\/magazin\/#\/schema\/person\/ae4eda2a9347a35d9617e433662c2858\",\"name\":\"Hebamme Christina Schmid\",\"image\":{\"@type\":\"ImageObject\",\"inLanguage\":\"de\",\"@id\":\"https:\/\/secure.gravatar.com\/avatar\/f69b07fe34b507d000c2304d2212472abc8b979ed0d619a30eb63ffab12c2e1e?s=96&d=mm&r=g\",\"url\":\"https:\/\/secure.gravatar.com\/avatar\/f69b07fe34b507d000c2304d2212472abc8b979ed0d619a30eb63ffab12c2e1e?s=96&d=mm&r=g\",\"contentUrl\":\"https:\/\/secure.gravatar.com\/avatar\/f69b07fe34b507d000c2304d2212472abc8b979ed0d619a30eb63ffab12c2e1e?s=96&d=mm&r=g\",\"caption\":\"Hebamme Christina Schmid\"},\"description\":\"Mein Name ist Christina Schmid und ich bin seit 2002 Hebamme. In den mehr als 20 Jahren in meinem Beruf habe ich einige Bereiche dieser vielf\u00e4ltigen Arbeit kennengelernt, in unterschiedlichen Kliniken gearbeitet, Geburtsvorbereitungs- und R\u00fcckbildungskurse geleitet und Familien in der Schwangerschaft und im Wochenbett betreut. Durch die Betreuung von Frauen, Paaren und Familien durfte ich tolle Menschen kennenlernen und das Privileg erleben, in einer ganz besonderen Lebenssituation an ihrer Seite zu sein. Meine eigenen drei Kinder haben mich vermutlich weder zu einem besseren Menschen noch zu einer besseren Hebamme gemacht. Aber sie er\u00f6ffnen mir jeden Tag neue Blickwinkel und eine Sicht auf die Welt, die mit dem Alter wohl oft verloren geht. F\u00fcr Babyartikel.de schreibe ich seit 2014 und das unheimlich gerne. Denn ich vereine meine gro\u00dfe Leidenschaft f\u00fcr das Schreiben mit der gro\u00dfen Leidenschaft f\u00fcr meinen Hebammenberuf.\",\"url\":\"https:\/\/www.babyartikel.de\/magazin\/author\/christina-schmid\"}]}<\/script>\n<!-- \/ Yoast SEO Premium plugin. -->","yoast_head_json":{"title":"Test: Tragetuch Bykay Essential | Babyartikel.de Magazin","robots":{"index":"index","follow":"follow","max-snippet":"max-snippet:-1","max-image-preview":"max-image-preview:large","max-video-preview":"max-video-preview:-1"},"canonical":"https:\/\/www.babyartikel.de\/magazin\/test-tragetuch-bykay-essential","og_locale":"de_DE","og_type":"article","og_title":"Test: Tragetuch Bykay Essential","og_description":"Seit einigen Wochen d&uuml;rfen wir das Tragetuch Bykay Essential testen und heute wollte ich Euch kurz von meinen Erfahrungen und meinem Eindruck berichten.Grunds&auml;tzliches zum TragenAls Hebamme und Mama kann ich pers&ouml;nlich immer nur wieder empfehlen, sich auf das Tragen einzulassen. Noch immer stehen viele junge Eltern dem Tragen eher skeptisch gegen&uuml;ber, aus Angst vor dem [...]Weiterlesen...","og_url":"https:\/\/www.babyartikel.de\/magazin\/test-tragetuch-bykay-essential","og_site_name":"Babyartikel.de Magazin","article_published_time":"2016-07-03T09:50:45+00:00","article_modified_time":"2020-04-15T14:43:35+00:00","og_image":[{"width":2560,"height":2091,"url":"https:\/\/www.babyartikel.de\/magazin\/wp-content\/uploads\/2016\/06\/20160612_175335-scaled.jpg","type":"image\/jpeg"}],"author":"Hebamme Christina Schmid","twitter_card":"summary_large_image","twitter_misc":{"Verfasst von":"Hebamme Christina Schmid","Gesch\u00e4tzte Lesezeit":"3\u00a0Minuten"},"schema":{"@context":"https:\/\/schema.org","@graph":[{"@type":"Article","@id":"https:\/\/www.babyartikel.de\/magazin\/test-tragetuch-bykay-essential#article","isPartOf":{"@id":"https:\/\/www.babyartikel.de\/magazin\/test-tragetuch-bykay-essential"},"author":{"name":"Hebamme Christina Schmid","@id":"https:\/\/www.babyartikel.de\/magazin\/#\/schema\/person\/ae4eda2a9347a35d9617e433662c2858"},"headline":"Test: Tragetuch Bykay Essential","datePublished":"2016-07-03T09:50:45+00:00","dateModified":"2020-04-15T14:43:35+00:00","mainEntityOfPage":{"@id":"https:\/\/www.babyartikel.de\/magazin\/test-tragetuch-bykay-essential"},"wordCount":592,"commentCount":0,"image":{"@id":"https:\/\/www.babyartikel.de\/magazin\/test-tragetuch-bykay-essential#primaryimage"},"thumbnailUrl":"https:\/\/media.babyartikel.de\/magazin\/wp-content\/uploads\/2016\/06\/20160612_175335-scaled.jpg","keywords":["babytrage"],"articleSection":["Baby Erstausstattung","Hebammen-Beratung","Tests"],"inLanguage":"de","potentialAction":[{"@type":"CommentAction","name":"Comment","target":["https:\/\/www.babyartikel.de\/magazin\/test-tragetuch-bykay-essential#respond"]}]},{"@type":"WebPage","@id":"https:\/\/www.babyartikel.de\/magazin\/test-tragetuch-bykay-essential","url":"https:\/\/www.babyartikel.de\/magazin\/test-tragetuch-bykay-essential","name":"Test: Tragetuch Bykay Essential | Babyartikel.de Magazin","isPartOf":{"@id":"https:\/\/www.babyartikel.de\/magazin\/#website"},"primaryImageOfPage":{"@id":"https:\/\/www.babyartikel.de\/magazin\/test-tragetuch-bykay-essential#primaryimage"},"image":{"@id":"https:\/\/www.babyartikel.de\/magazin\/test-tragetuch-bykay-essential#primaryimage"},"thumbnailUrl":"https:\/\/media.babyartikel.de\/magazin\/wp-content\/uploads\/2016\/06\/20160612_175335-scaled.jpg","datePublished":"2016-07-03T09:50:45+00:00","dateModified":"2020-04-15T14:43:35+00:00","author":{"@id":"https:\/\/www.babyartikel.de\/magazin\/#\/schema\/person\/ae4eda2a9347a35d9617e433662c2858"},"breadcrumb":{"@id":"https:\/\/www.babyartikel.de\/magazin\/test-tragetuch-bykay-essential#breadcrumb"},"inLanguage":"de","potentialAction":[{"@type":"ReadAction","target":["https:\/\/www.babyartikel.de\/magazin\/test-tragetuch-bykay-essential"]}]},{"@type":"ImageObject","inLanguage":"de","@id":"https:\/\/www.babyartikel.de\/magazin\/test-tragetuch-bykay-essential#primaryimage","url":"https:\/\/media.babyartikel.de\/magazin\/wp-content\/uploads\/2016\/06\/20160612_175335-scaled.jpg","contentUrl":"https:\/\/media.babyartikel.de\/magazin\/wp-content\/uploads\/2016\/06\/20160612_175335-scaled.jpg","width":2560,"height":2091,"caption":"Test Bykay Tragetuch Essential"},{"@type":"BreadcrumbList","@id":"https:\/\/www.babyartikel.de\/magazin\/test-tragetuch-bykay-essential#breadcrumb","itemListElement":[{"@type":"ListItem","position":1,"name":"Startseite","item":"https:\/\/www.babyartikel.de\/magazin"},{"@type":"ListItem","position":2,"name":"Test: Tragetuch Bykay Essential"}]},{"@type":"WebSite","@id":"https:\/\/www.babyartikel.de\/magazin\/#website","url":"https:\/\/www.babyartikel.de\/magazin\/","name":"Babyartikel.de Magazin","description":"","potentialAction":[{"@type":"SearchAction","target":{"@type":"EntryPoint","urlTemplate":"https:\/\/www.babyartikel.de\/magazin\/?s={search_term_string}"},"query-input":{"@type":"PropertyValueSpecification","valueRequired":true,"valueName":"search_term_string"}}],"inLanguage":"de"},{"@type":"Person","@id":"https:\/\/www.babyartikel.de\/magazin\/#\/schema\/person\/ae4eda2a9347a35d9617e433662c2858","name":"Hebamme Christina Schmid","image":{"@type":"ImageObject","inLanguage":"de","@id":"https:\/\/secure.gravatar.com\/avatar\/f69b07fe34b507d000c2304d2212472abc8b979ed0d619a30eb63ffab12c2e1e?s=96&d=mm&r=g","url":"https:\/\/secure.gravatar.com\/avatar\/f69b07fe34b507d000c2304d2212472abc8b979ed0d619a30eb63ffab12c2e1e?s=96&d=mm&r=g","contentUrl":"https:\/\/secure.gravatar.com\/avatar\/f69b07fe34b507d000c2304d2212472abc8b979ed0d619a30eb63ffab12c2e1e?s=96&d=mm&r=g","caption":"Hebamme Christina Schmid"},"description":"Mein Name ist Christina Schmid und ich bin seit 2002 Hebamme. In den mehr als 20 Jahren in meinem Beruf habe ich einige Bereiche dieser vielf\u00e4ltigen Arbeit kennengelernt, in unterschiedlichen Kliniken gearbeitet, Geburtsvorbereitungs- und R\u00fcckbildungskurse geleitet und Familien in der Schwangerschaft und im Wochenbett betreut. Durch die Betreuung von Frauen, Paaren und Familien durfte ich tolle Menschen kennenlernen und das Privileg erleben, in einer ganz besonderen Lebenssituation an ihrer Seite zu sein. Meine eigenen drei Kinder haben mich vermutlich weder zu einem besseren Menschen noch zu einer besseren Hebamme gemacht. Aber sie er\u00f6ffnen mir jeden Tag neue Blickwinkel und eine Sicht auf die Welt, die mit dem Alter wohl oft verloren geht. F\u00fcr Babyartikel.de schreibe ich seit 2014 und das unheimlich gerne. Denn ich vereine meine gro\u00dfe Leidenschaft f\u00fcr das Schreiben mit der gro\u00dfen Leidenschaft f\u00fcr meinen Hebammenberuf.","url":"https:\/\/www.babyartikel.de\/magazin\/author\/christina-schmid"}]}},"abstract_sku":"","_links":{"self":[{"href":"https:\/\/www.babyartikel.de\/magazin\/wp-json\/wp\/v2\/posts\/21065","targetHints":{"allow":["GET"]}}],"collection":[{"href":"https:\/\/www.babyartikel.de\/magazin\/wp-json\/wp\/v2\/posts"}],"about":[{"href":"https:\/\/www.babyartikel.de\/magazin\/wp-json\/wp\/v2\/types\/post"}],"author":[{"embeddable":true,"href":"https:\/\/www.babyartikel.de\/magazin\/wp-json\/wp\/v2\/users\/28"}],"replies":[{"embeddable":true,"href":"https:\/\/www.babyartikel.de\/magazin\/wp-json\/wp\/v2\/comments?post=21065"}],"version-history":[{"count":10,"href":"https:\/\/www.babyartikel.de\/magazin\/wp-json\/wp\/v2\/posts\/21065\/revisions"}],"predecessor-version":[{"id":808682,"href":"https:\/\/www.babyartikel.de\/magazin\/wp-json\/wp\/v2\/posts\/21065\/revisions\/808682"}],"wp:featuredmedia":[{"embeddable":true,"href":"https:\/\/www.babyartikel.de\/magazin\/wp-json\/wp\/v2\/media\/22020"}],"wp:attachment":[{"href":"https:\/\/www.babyartikel.de\/magazin\/wp-json\/wp\/v2\/media?parent=21065"}],"wp:term":[{"taxonomy":"category","embeddable":true,"href":"https:\/\/www.babyartikel.de\/magazin\/wp-json\/wp\/v2\/categories?post=21065"},{"taxonomy":"post_tag","embeddable":true,"href":"https:\/\/www.babyartikel.de\/magazin\/wp-json\/wp\/v2\/tags?post=21065"}],"curies":[{"name":"wp","href":"https:\/\/api.w.org\/{rel}","templated":true}]}}