
{"id":220775,"date":"2019-10-16T10:58:59","date_gmt":"2019-10-16T08:58:59","guid":{"rendered":"https:\/\/www.babyartikel.de\/magazin\/?p=220775"},"modified":"2025-12-17T11:31:25","modified_gmt":"2025-12-17T10:31:25","slug":"lieblinge-im-oktober-10-schoene-und-praktische-dinge-fuer-deinen-herbst-mit-baby","status":"publish","type":"post","link":"https:\/\/www.babyartikel.de\/magazin\/lieblinge-im-oktober-10-schoene-und-praktische-dinge-fuer-deinen-herbst-mit-baby","title":{"rendered":"Lieblinge im Oktober: 10 sch\u00f6ne und praktische Dinge f\u00fcr Deinen Herbst mit Baby"},"content":{"rendered":"<p>Vom kuscheligen Fu&szlig;sack bis zum gl&auml;nzenden K&uuml;chenhelfer: In diesem Monat haben wir wieder <strong>10 sch&ouml;ne Produkte<\/strong> ausgesucht, die Deinen Alltag mit Baby leichter machen. Entdecke hier unsere Herbst-Favoriten. <h2 class=\"wp-block-heading\" id=\"h-warm-eingepackt\">Warm eingepackt<\/h2><figure class=\"wp-block-image size-large\"><a href=\"https:\/\/www.babyartikel.de\/prod\/fillikid-lammfell-fusssack-bernina-exklusiv-melange-hellgrau\" target=\"_blank\" rel=\"noopener noreferrer\"><img loading=\"lazy\" decoding=\"async\" width=\"1050\" height=\"700\" src=\"https:\/\/www.babyartikel.de\/magazin\/wp-content\/uploads\/2019\/10\/KP4790-17-Winterfusssack-Benina-Lammfell-hellgrau-melange-natur-16-1050x700.jpg\" alt=\"Winterfu&szlig;sack Bernina Lammfell Baby Fu&szlig;sack Fillikid\" class=\"wp-image-821363\" srcset=\"https:\/\/media.babyartikel.de\/magazin\/wp-content\/uploads\/2019\/10\/KP4790-17-Winterfusssack-Benina-Lammfell-hellgrau-melange-natur-16-1050x700.jpg 1050w, https:\/\/media.babyartikel.de\/magazin\/wp-content\/uploads\/2019\/10\/KP4790-17-Winterfusssack-Benina-Lammfell-hellgrau-melange-natur-16-690x460.jpg 690w, https:\/\/media.babyartikel.de\/magazin\/wp-content\/uploads\/2019\/10\/KP4790-17-Winterfusssack-Benina-Lammfell-hellgrau-melange-natur-16-150x100.jpg 150w, https:\/\/media.babyartikel.de\/magazin\/wp-content\/uploads\/2019\/10\/KP4790-17-Winterfusssack-Benina-Lammfell-hellgrau-melange-natur-16-768x512.jpg 768w, https:\/\/media.babyartikel.de\/magazin\/wp-content\/uploads\/2019\/10\/KP4790-17-Winterfusssack-Benina-Lammfell-hellgrau-melange-natur-16-1536x1024.jpg 1536w, https:\/\/media.babyartikel.de\/magazin\/wp-content\/uploads\/2019\/10\/KP4790-17-Winterfusssack-Benina-Lammfell-hellgrau-melange-natur-16-2048x1365.jpg 2048w, https:\/\/media.babyartikel.de\/magazin\/wp-content\/uploads\/2019\/10\/KP4790-17-Winterfusssack-Benina-Lammfell-hellgrau-melange-natur-16-272x182.jpg 272w\" sizes=\"auto, (max-width: 1050px) 100vw, 1050px\"><\/a><\/figure><p>Jetzt im Herbst und Winter brauchst Du einen Fu&szlig;sack f&uuml;r den Buggy oder Kinderwagen, damit Dein Kind unterwegs sch&ouml;n eingemummelt ist. Besonders kuschelig warm hat es Dein Schatz im <strong><a href=\"https:\/\/www.babyartikel.de\/prod\/fillikid-lammfell-fusssack-bernina-exklusiv-melange-hellgrau\" target=\"_blank\" rel=\"noreferrer noopener\"><strong>Fillikid<\/strong>&nbsp;Lammfell-Fu&szlig;sack Bernina<\/a><\/strong>. Lammfell wirkt temperaturausgleichend und sorgt daf&uuml;r, dass Dein Kind nicht schwitzt. Praktisch: Ohne das Oberteil wird aus dem Fu&szlig;sack eine gem&uuml;tlich kuschelige Sitzauflage.<\/p><h2 class=\"wp-block-heading\" id=\"h-wickeln-ohne-weinen\">Wickeln ohne Weinen<\/h2><figure class=\"wp-block-image size-large\"><a href=\"https:\/\/www.babyartikel.de\/prod\/reer-wickelheizstrahler-2-in-1-feelwell\" target=\"_blank\" rel=\"noopener noreferrer\"><img loading=\"lazy\" decoding=\"async\" width=\"1050\" height=\"788\" src=\"https:\/\/www.babyartikel.de\/magazin\/wp-content\/uploads\/2019\/10\/thema-Wickeln-3-1050x788.jpg\" alt=\"Wickelheizstrahler von reer Feel Well mit Standfu&szlig; W&auml;rmelampe\" class=\"wp-image-220960\" srcset=\"https:\/\/media.babyartikel.de\/magazin\/wp-content\/uploads\/2019\/10\/thema-Wickeln-3-1050x788.jpg 1050w, https:\/\/media.babyartikel.de\/magazin\/wp-content\/uploads\/2019\/10\/thema-Wickeln-3-690x518.jpg 690w, https:\/\/media.babyartikel.de\/magazin\/wp-content\/uploads\/2019\/10\/thema-Wickeln-3-150x113.jpg 150w, https:\/\/media.babyartikel.de\/magazin\/wp-content\/uploads\/2019\/10\/thema-Wickeln-3-768x576.jpg 768w, https:\/\/media.babyartikel.de\/magazin\/wp-content\/uploads\/2019\/10\/thema-Wickeln-3-1536x1152.jpg 1536w, https:\/\/media.babyartikel.de\/magazin\/wp-content\/uploads\/2019\/10\/thema-Wickeln-3-2048x1536.jpg 2048w, https:\/\/media.babyartikel.de\/magazin\/wp-content\/uploads\/2019\/10\/thema-Wickeln-3-500x375.jpg 500w\" sizes=\"auto, (max-width: 1050px) 100vw, 1050px\"><\/a><\/figure><p>Auch beim Windeln wechseln soll es Dein Baby angenehm warm haben. Unser Tipp: eine W&auml;rmelampe &uuml;ber dem Wickeltisch. So friert Dein Kleines nicht, wenn Du es ausziehst. Es kann nach Herzenslust auch mal nackig strampeln oder bei der Babymassage entspannen. Vorteil am <a href=\"https:\/\/www.babyartikel.de\/prod\/reer-wickelheizstrahler-2-in-1-feelwell\" target=\"_blank\" rel=\"noreferrer noopener\"><strong>Wickelheizstrahler 2 in 1 FeelWell von Reer<\/strong><\/a> ist, dass er mit einem Standfu&szlig; daherkommt und Du nicht zwei L&ouml;cher in die Wand &uuml;ber dem Wickeltisch bohren musst. <\/p><div class=\"marketing-slot\"><div id=\"block-18\" class=\"content-post-widget marketing-slot-1 widget_block\"><a href=\"#\" class=\"newsletter_popup\" style=\"\n  display: inline-block;\n  box-shadow: 0 4px 10px rgba(0,0,0,0.1);\n  margin: 20px auto;\n  max-width: 800px;\n  width: 100%;\">\n  <img src=\"https:\/\/media.babyartikel.de\/magazin\/wp-content\/uploads\/2025\/08\/NL-Banner-Magazin-8-25.webp\" alt=\"Newsletter Banner\" style=\"\n    width: 100%;\n    height: auto;\n    display: block;\" onclick=\"ga('send', 'event', 'banner', 'click', 'magazin-banner-newsletter-8-25');\">\n<\/a>\n\n\t<!-- Modal -->\n\t<div class=\"modal fade modal_popup\" id=\"newsletter_popup\" tabindex=\"-1\" aria-labelledby=\"exampleModalLabel\" aria-hidden=\"true\">\n\t\t<div class=\"modal-dialog modal-dialog-centered modal-dialog-scrollable\">\n\t\t\t<div class=\"modal-content\">\n\t\t\t\t<div class=\"modal-header small-header\">\n\t\t\t\t\t<h5 class=\"modal-title\" id=\"newsletterModalLabel\">\n\t\t\t\t\t\tNewsletter\t\t\t\t\t<\/h5>\n\t\t\t\t\t<button type=\"button\" class=\"btn-close small-close\" data-bs-dismiss=\"modal\" aria-label=\"Close\"><\/button>\n\t\t\t\t<\/div>\n\n\t\t\t\t<div class=\"modal-body\">\n\t\t\t\t\t\t<div class=\"newsletterForm-embed popup-form\">\n        <form name=\"newsletterSubscriptionForm\" id=\"newsletter_popup_69f5ec292b5c9_form\" data-newsletter-id=\"newsletter_popup_69f5ec292b5c9\" method=\"POST\">\n\n\t\t\t<input type=\"text\" name=\"website\" class=\"hidden\" tabindex=\"-1\" autocomplete=\"off\" style=\"position:absolute;left:-9999px;\">\n\t\t\t<input type=\"hidden\" name=\"ts\" value=\"1777724457\">\n\n\t\t\t                <input type=\"hidden\" name=\"emarsys-event-id\" value=\"3756\">\n            \n            \t\t\t<div class=\"mb-3\">\n\t\t\t\t<label for=\"date\" class=\"form-label\">Geburtstag\/ -termin Deines Babys<\/label>\n                <input type=\"date\" name=\"date\" class=\"input input--expand form-control\" required>\n\t\t\t<\/div>\n            \n\t\t\t<div class=\"mb-3\">\n\t\t\t\t<label for=\"email\" class=\"form-label\">E-Mail-Adresse<\/label>\n\t\t\t\t<input type=\"email\" name=\"email\" placeholder=\"E-Mail-Adresse\" class=\"input input--expand form-control\" required>\n\t\t\t<\/div>\n\n\t\t\t\t\t\t\t<button type=\"submit\" class=\"btn btn-primary\">Absenden<\/button>\n\t\t\t\n\t\t\t\t\t\t\t<div class=\"small mt-3\" style=\"font-weight:normal;\">\n\t\t\t\t\t\n\t\t\t<div class=\"mt-3\">\n\t\t\t\tJa, ich m&ouml;chte den Newsletter von Babyartikel.de erhalten und &uuml;ber Aktionen informiert werden.\n  Dabei darf mein Nutzungsverhalten (z. B. &Ouml;ffnungen und Klicks) zur Personalisierung ausgewertet werden.\n  Mehr finde ich in der <a href=\"\/de\/datenschutz\" style=\"text-decoration:underline\">Datenschutzerkl&auml;rung<\/a>.\n\t\t\t<\/div>\n\t\t\t\t\t\t<\/div>\n\t\t\t\n\t\t\t\t\t\t\t<div class=\"small mb-3 mt-3\" style=\"font-weight:normal;\">\n\t\t\t\t\tJederzeit abbestellbar | <a href=\"\/de\/datenschutz\" style=\"text-decoration:underline\">\n\t\t\t\t\t\tDatenschutzerkl&auml;rung\n\t\t\t\t\t<\/a>\n\t\t\t\t<\/div>\n\t\t\t\n        <\/form>\n    <\/div>\n\t\n\t\t\t\t\t<div class=\"response-messages_newsletter_popup_69f5ec292b5c9\">\n\t\t\t\t\t\t<div class=\"alert alert-success success mt-3 mb-3 d-none\">\n\t\t\t\t\t\t\tNur noch ein Klick! Best&auml;tige Deine Anmeldung in der E-Mail, die du gleich erh&auml;ltst.\t\t\t\t\t\t<\/div>\n\t\t\t\t\t\t<div class=\"error mt-3 mb-3 d-none\">\n\t\t\t\t\t\t\t<div class=\"alert alert-danger \">\n\t\t\t\t\t\t\t\tEin Fehler ist aufgetreten. Bitte versuche es sp&auml;ter erneut.\t\t\t\t\t\t\t<\/div>\n\t\t\t\t\t\t<\/div>\n\t\t\t\t\t\t<div class=\"alert alert-danger other-2007 mt-3 mb-3 d-none\">\n\t\t\t\t\t\t\tUng&Atilde;&frac14;ltiges Datumsformat\t\t\t\t\t\t<\/div>\n\t\t\t\t\t<\/div>\n\t\t\t\t<\/div>\n\t\t\t<\/div>\n\t\t<\/div>\n\t<\/div>\n\n\t<\/div><!-- content-widget --><\/div><h2 class=\"wp-block-heading\" id=\"h-die-will-doch-nur-spielen\">Die will doch nur spielen<\/h2><figure class=\"wp-block-image size-large\"><a href=\"https:\/\/www.babyartikel.de\/prod\/sigikid-anhaenger-fuer-babyschale-fledermaus-baby-bite-me\" target=\"_blank\" rel=\"noopener\"><img loading=\"lazy\" decoding=\"async\" width=\"1050\" height=\"788\" src=\"https:\/\/www.babyartikel.de\/magazin\/wp-content\/uploads\/2019\/10\/fledermaus-3-1050x788.jpg\" alt=\"Fledermaus Anh&auml;nger f&uuml;r Babyschale Mobile Babyspielzeug Sigikid \" class=\"wp-image-220801\" srcset=\"https:\/\/media.babyartikel.de\/magazin\/wp-content\/uploads\/2019\/10\/fledermaus-3-1050x788.jpg 1050w, https:\/\/media.babyartikel.de\/magazin\/wp-content\/uploads\/2019\/10\/fledermaus-3-690x518.jpg 690w, https:\/\/media.babyartikel.de\/magazin\/wp-content\/uploads\/2019\/10\/fledermaus-3-150x113.jpg 150w, https:\/\/media.babyartikel.de\/magazin\/wp-content\/uploads\/2019\/10\/fledermaus-3-768x576.jpg 768w, https:\/\/media.babyartikel.de\/magazin\/wp-content\/uploads\/2019\/10\/fledermaus-3-1536x1152.jpg 1536w, https:\/\/media.babyartikel.de\/magazin\/wp-content\/uploads\/2019\/10\/fledermaus-3-2048x1536.jpg 2048w, https:\/\/media.babyartikel.de\/magazin\/wp-content\/uploads\/2019\/10\/fledermaus-3-500x375.jpg 500w\" sizes=\"auto, (max-width: 1050px) 100vw, 1050px\"><\/a><\/figure><p>Boooh!!! Keine Sorge, vor dieser kleinen <a href=\"https:\/\/www.babyartikel.de\/prod\/sigikid-anhaenger-fuer-babyschale-fledermaus-baby-bite-me\" target=\"_blank\" rel=\"noreferrer noopener\"><strong>Fledermaus Baby Bite Me von Sigikid<\/strong><\/a> hat Dein Kind garantiert keine Angst. Kopf&uuml;ber h&auml;ngt das kleine Tierchen an der Babyschale oder dem Kinderwagen und sorgt unterwegs f&uuml;r jede Menge Spielspa&szlig;. <\/p><h2 class=\"wp-block-heading\" id=\"h-sicher-und-gesund-schlafen\">Sicher und gesund schlafen<\/h2><figure class=\"wp-block-image size-large\"><a href=\"https:\/\/www.babyartikel.de\/prod\/alvi-baby-maexchen-3-tlg-triangel-silbergrau\" target=\"_blank\" rel=\"noopener noreferrer\"><img loading=\"lazy\" decoding=\"async\" width=\"1050\" height=\"792\" src=\"https:\/\/www.babyartikel.de\/magazin\/wp-content\/uploads\/2019\/10\/schlafsack-1-1050x792.jpg\" alt=\"Baby Schlafsack Baby M&auml;xchen von Alvi grau wei&szlig;\" class=\"wp-image-220779\" srcset=\"https:\/\/media.babyartikel.de\/magazin\/wp-content\/uploads\/2019\/10\/schlafsack-1-1050x792.jpg 1050w, https:\/\/media.babyartikel.de\/magazin\/wp-content\/uploads\/2019\/10\/schlafsack-1-690x520.jpg 690w, https:\/\/media.babyartikel.de\/magazin\/wp-content\/uploads\/2019\/10\/schlafsack-1-150x113.jpg 150w, https:\/\/media.babyartikel.de\/magazin\/wp-content\/uploads\/2019\/10\/schlafsack-1-768x579.jpg 768w, https:\/\/media.babyartikel.de\/magazin\/wp-content\/uploads\/2019\/10\/schlafsack-1-1536x1158.jpg 1536w, https:\/\/media.babyartikel.de\/magazin\/wp-content\/uploads\/2019\/10\/schlafsack-1-2048x1545.jpg 2048w, https:\/\/media.babyartikel.de\/magazin\/wp-content\/uploads\/2019\/10\/schlafsack-1-500x377.jpg 500w\" sizes=\"auto, (max-width: 1050px) 100vw, 1050px\"><\/a><\/figure><p>Ein guter Babyschlafsack geh&ouml;rt zu den Must-haves jeder Erstausstattung. Hebammen empfehlen die <strong><a href=\"https:\/\/www.babyartikel.de\/prod\/alvi-baby-maexchen-3-tlg-triangel-silbergrau\" target=\"_blank\" rel=\"noreferrer noopener\">Baby-M&auml;xchen von Alvi<\/a><\/strong>. In warmen N&auml;chten verwendest Du den lang&auml;rmlichen Jersey-Innensack einfach einzeln &ndash; wenn es k&uuml;hler ist, ziehst Du Deinem Baby zus&auml;tzlich den wattierten Au&szlig;ensack &uuml;ber. Der w&auml;chst &uuml;brigens durch die verstellbare Knopfleiste mit. Das Tolle am Baby-M&auml;xchen ist der umlaufende Rei&szlig;verschluss: So kannst Du Dein Baby nachts wickeln, ohne es komplett auszuziehen. <a href=\"https:\/\/www.babyartikel.de\/marken\/alvi\/babykleidung\">Die Baby-M&auml;xchen findest Du hier in vielen sch&ouml;nen Designs.<\/a><\/p><div class=\"postslot1\">\t\t<div style=\"clear:both\"><\/div>\n\t\t\t\t\t\t<div id=\"productPanel335\" class=\"product-panel-bottom\">&nbsp;<\/div>\n\t\t\t\t\t\t<script type=\"module\">\n\t\t\t\t\t\t\trequestProductPanel(\"https:\/\/www.babyartikel.de\/magazin\/wp-content\/plugins\/wp-productpanel2\/ProductPanel.php\", \"?panel_type=automatic&basis_category=&basis_product=202000001831,201400009320,202000002347,202000001812&swipe_mobile=1&postid=220775&template=auto&max=4&productPanelId=335&solrQuery=\", 335, 1);\n\t\t\t\t\t\t<\/script>\n\t\t\t\t\t<link rel=\"stylesheet\" href=\"https:\/\/cdn.jsdelivr.net\/npm\/swiper@8\/swiper-bundle.min.css\"><\/div><div class=\"marketing-slot\"><div id=\"block-25\" class=\"content-post-widget marketing-slot-2 widget_block\"><a href=\"https:\/\/www.babyartikel.de\/de\/angebote\" data-track-link-click=\"true\" data-track-name=\"nyoutlet2026-magazin\" data-track-medium=\"banner-magazin-post\" data-track-campaign=\"magazin-banner-nyoutlet2026\" onclick=\"ga('send', 'event', 'banner', 'click', 'magazin-banner-nyoutlet2026');\" style=\"display:block;width:100%;text-align:center;\"><img src=\"https:\/\/media.babyartikel.de\/magazin\/wp-content\/uploads\/2026\/01\/NY-Outlet-10-2026.webp\" alt=\"Sale\" style=\"max-width:100%;\"><\/a><\/div><!-- content-widget --><\/div><h2 class=\"wp-block-heading\" id=\"h-waschen-ohne-chemie\">Waschen ohne Chemie<\/h2><figure class=\"wp-block-image size-large\"><a href=\"https:\/\/www.babyartikel.de\/prod\/heldengruen-oeko-waschball-nachhaltiges-waschmittel\" target=\"_blank\" rel=\"noopener noreferrer\"><img loading=\"lazy\" decoding=\"async\" width=\"1050\" height=\"792\" src=\"https:\/\/www.babyartikel.de\/magazin\/wp-content\/uploads\/2020\/10\/heldengruen-Waschball-oel-nachhaltig-waschen.jpg\" alt=\"Heldengr&uuml;n Waschball nachhaltig waschen ohne Chemie &Ouml;ko\" class=\"wp-image-822127\" srcset=\"https:\/\/media.babyartikel.de\/magazin\/wp-content\/uploads\/2020\/10\/heldengruen-Waschball-oel-nachhaltig-waschen.jpg 1050w, https:\/\/media.babyartikel.de\/magazin\/wp-content\/uploads\/2020\/10\/heldengruen-Waschball-oel-nachhaltig-waschen-690x520.jpg 690w, https:\/\/media.babyartikel.de\/magazin\/wp-content\/uploads\/2020\/10\/heldengruen-Waschball-oel-nachhaltig-waschen-150x113.jpg 150w, https:\/\/media.babyartikel.de\/magazin\/wp-content\/uploads\/2020\/10\/heldengruen-Waschball-oel-nachhaltig-waschen-768x579.jpg 768w\" sizes=\"auto, (max-width: 1050px) 100vw, 1050px\"><\/a><\/figure><p>Nachhaltig und hautfreundlich: Mit dem <a href=\"https:\/\/www.babyartikel.de\/prod\/heldengruen-oeko-waschball-nachhaltiges-waschmittel\" target=\"_blank\" rel=\"noreferrer noopener\">&Ouml;ko-Waschball von Heldengr&uuml;n<\/a>&nbsp;w&auml;schst Du Eure gesamte W&auml;sche ganz ohne chemische Zusatzstoffe, Tenside und k&uuml;nstliche Duftstoffe &ndash; daf&uuml;r mit 100% nat&uuml;rlicher Reinigungskraft. Wie das funktioniert? Im Inneren hat der Ball eine spezielle, antibakterielle Mineralienformel, die schmutzige Kleidung schon bei 30-40 &deg;C wieder sauber macht. Ideal f&uuml;r Allergiker und Kinder mit empfindlicher Haut. Der Waschball reicht f&uuml;r ca. 1000 Waschladungen &ndash; und schont so die Umwelt und Deinen Geldbeutel! <\/p><div style=\"clear:both\"><\/div><div id=\"productPanel619\" class=\"product-panel-bottom\">&nbsp;<\/div><script type=\"module\">\n\t\t\t\t\t\t\trequestProductPanel(\"https:\/\/www.babyartikel.de\/magazin\/wp-content\/plugins\/wp-productpanel2\/ProductPanel.php\", \"?panel_type=automatic&basis_category=0&basis_product=202000001812&swipe_mobile=1&postid=220775&template=automatic&max=8&productPanelId=619&solrQuery=\", 619, 1);\n\t\t\t\t\t\t<\/script><h2 class=\"wp-block-heading\" id=\"h-fur-schnelle-besserung\">F&uuml;r schnelle Besserung<\/h2><figure class=\"wp-block-image size-large\"><a href=\"https:\/\/www.babyartikel.de\/prod\/miniland-baby-gesundheits-set-basic-5-tlg-mit-elektr-nasensauger-2-fieberthermometer-badethermometer\" target=\"_blank\" rel=\"noopener\"><img loading=\"lazy\" decoding=\"async\" width=\"1050\" height=\"784\" src=\"https:\/\/www.babyartikel.de\/magazin\/wp-content\/uploads\/2020\/10\/MINILAND-Baby-Gesundheits-set-1050x784.jpg\" alt=\"\" class=\"wp-image-822191\" srcset=\"https:\/\/media.babyartikel.de\/magazin\/wp-content\/uploads\/2020\/10\/MINILAND-Baby-Gesundheits-set-1050x784.jpg 1050w, https:\/\/media.babyartikel.de\/magazin\/wp-content\/uploads\/2020\/10\/MINILAND-Baby-Gesundheits-set-690x515.jpg 690w, https:\/\/media.babyartikel.de\/magazin\/wp-content\/uploads\/2020\/10\/MINILAND-Baby-Gesundheits-set-150x112.jpg 150w, https:\/\/media.babyartikel.de\/magazin\/wp-content\/uploads\/2020\/10\/MINILAND-Baby-Gesundheits-set-768x574.jpg 768w, https:\/\/media.babyartikel.de\/magazin\/wp-content\/uploads\/2020\/10\/MINILAND-Baby-Gesundheits-set-1536x1147.jpg 1536w, https:\/\/media.babyartikel.de\/magazin\/wp-content\/uploads\/2020\/10\/MINILAND-Baby-Gesundheits-set-2048x1530.jpg 2048w\" sizes=\"auto, (max-width: 1050px) 100vw, 1050px\"><\/a><\/figure><p>Herbst ist da und mit ihm die Erk&auml;ltungszeit. Auf die erste Erk&auml;ltung Deines Babys solltest Du auf jeden Fall vorbereitet sein. Das <strong><a rel=\"noreferrer noopener\" href=\"https:\/\/www.babyartikel.de\/prod\/miniland-baby-gesundheits-set-basic-5-tlg-mit-elektr-nasensauger-2-fieberthermometer-badethermometer\" target=\"_blank\">Gesundheits-Set Basic von Miniland<\/a><\/strong> enth&auml;lt alles, was Du daf&uuml;r brauchst. Mit dabei sind 3 Thermometer f&uuml;r K&ouml;rper-, Raum- und Badewassertemperatur &ndash; alle h&uuml;bsch und praktisch in einem Etui verpackt. On top erh&auml;ltst Du im Set einen elektrischen Nasensauger, der das N&auml;schen Deines Schatzes vom l&auml;stigen Schleim befreit. So kann Dein Baby wieder richtig atmen, trinken und schlafen.  <br><\/p><h2 class=\"wp-block-heading\" id=\"h-milch-auf-knopfdruck\">Milch auf Knopfdruck&hellip;<\/h2><figure class=\"wp-block-image size-large\"><a href=\"https:\/\/www.babyartikel.de\/prod\/beaba-flaschenzubereiter-2-in-1-bib-expresso-neo-nachtblau-rose\" target=\"_blank\" rel=\"noopener\"><img loading=\"lazy\" decoding=\"async\" width=\"1050\" height=\"805\" src=\"https:\/\/www.babyartikel.de\/magazin\/wp-content\/uploads\/2019\/10\/Beaba-Bib-Expresso-Flaschenzubereiter-1050x805.jpg\" alt=\"Beaba Bib Expresso Flaschenzubereiter\" class=\"wp-image-220778\" srcset=\"https:\/\/media.babyartikel.de\/magazin\/wp-content\/uploads\/2019\/10\/Beaba-Bib-Expresso-Flaschenzubereiter-1050x805.jpg 1050w, https:\/\/media.babyartikel.de\/magazin\/wp-content\/uploads\/2019\/10\/Beaba-Bib-Expresso-Flaschenzubereiter-690x529.jpg 690w, https:\/\/media.babyartikel.de\/magazin\/wp-content\/uploads\/2019\/10\/Beaba-Bib-Expresso-Flaschenzubereiter-150x115.jpg 150w, https:\/\/media.babyartikel.de\/magazin\/wp-content\/uploads\/2019\/10\/Beaba-Bib-Expresso-Flaschenzubereiter-768x589.jpg 768w, https:\/\/media.babyartikel.de\/magazin\/wp-content\/uploads\/2019\/10\/Beaba-Bib-Expresso-Flaschenzubereiter-1536x1178.jpg 1536w, https:\/\/media.babyartikel.de\/magazin\/wp-content\/uploads\/2019\/10\/Beaba-Bib-Expresso-Flaschenzubereiter-2048x1571.jpg 2048w, https:\/\/media.babyartikel.de\/magazin\/wp-content\/uploads\/2019\/10\/Beaba-Bib-Expresso-Flaschenzubereiter-500x383.jpg 500w\" sizes=\"auto, (max-width: 1050px) 100vw, 1050px\"><\/a><\/figure><p>&hellip; zumindest fast. Das Milchpulver musst Du schon noch selbst in die Flasche f&uuml;llen. Den Rest erledigt der <a href=\"https:\/\/www.babyartikel.de\/prod\/beaba-flaschenzubereiter-2-in-1-bib-expresso-neo-nachtblau-rose\" target=\"_blank\" rel=\"noreferrer noopener\"><strong>Beaba&nbsp;Bib Expresso<\/strong><\/a> f&uuml;r Dich. Durch den stetigen Wasserfluss entstehen keine Kl&uuml;mpchen. Innerhalb von 30 Sekunden ist das Fl&auml;schchen f&uuml;r Dein Baby trinkfertig &ndash; es hat n&auml;mlich bereits die perfekte Temperatur. Das ist vor allem nachts eine echte Erleichterung! Der Bib Expresso kann au&szlig;erdem Fl&auml;schchen und Gl&auml;schen erw&auml;rmen. Erh&auml;ltlich in zwei Farben.<\/p><h2 class=\"wp-block-heading\" id=\"h-stein-auf-stein\">Stein auf Stein&hellip;<\/h2><figure class=\"wp-block-image size-large\"><a href=\"https:\/\/www.babyartikel.de\/prod\/kindsgut-holzbausteine\" target=\"_blank\" rel=\"noopener\"><img loading=\"lazy\" decoding=\"async\" width=\"1050\" height=\"700\" src=\"https:\/\/www.babyartikel.de\/magazin\/wp-content\/uploads\/2019\/10\/KG_03072018-HR-21-1050x700.jpg\" alt=\"Holzbausteine von Kindsgut natur schwarz blau wei&szlig; Bausteine \" class=\"wp-image-220795\" srcset=\"https:\/\/media.babyartikel.de\/magazin\/wp-content\/uploads\/2019\/10\/KG_03072018-HR-21-1050x700.jpg 1050w, https:\/\/media.babyartikel.de\/magazin\/wp-content\/uploads\/2019\/10\/KG_03072018-HR-21-690x460.jpg 690w, https:\/\/media.babyartikel.de\/magazin\/wp-content\/uploads\/2019\/10\/KG_03072018-HR-21-150x100.jpg 150w, https:\/\/media.babyartikel.de\/magazin\/wp-content\/uploads\/2019\/10\/KG_03072018-HR-21-768x512.jpg 768w, https:\/\/media.babyartikel.de\/magazin\/wp-content\/uploads\/2019\/10\/KG_03072018-HR-21-1536x1024.jpg 1536w, https:\/\/media.babyartikel.de\/magazin\/wp-content\/uploads\/2019\/10\/KG_03072018-HR-21-2048x1365.jpg 2048w, https:\/\/media.babyartikel.de\/magazin\/wp-content\/uploads\/2019\/10\/KG_03072018-HR-21-272x182.jpg 272w, https:\/\/media.babyartikel.de\/magazin\/wp-content\/uploads\/2019\/10\/KG_03072018-HR-21-500x333.jpg 500w\" sizes=\"auto, (max-width: 1050px) 100vw, 1050px\"><\/a><\/figure><p>&hellip; das H&auml;uschen wird bald fertig sein oder der Turm oder das Schloss. Mit den <a href=\"https:\/\/www.babyartikel.de\/prod\/kindsgut-holzbausteine\" target=\"_blank\" rel=\"noreferrer noopener\"><strong>29 Kl&ouml;tzchen von Kindsgut<\/strong><\/a> sind der Fantasie Deines Kindes keine Grenzen gesetzt. Sortieren, stapeln, wieder umschmei&szlig;en und von vorne beginnen &ndash; das macht kleinen Baumeistern Spa&szlig; und f&ouml;rdert ganz nebenbei  die Feinmotorik. Mit den dezent bunten Farben sind die Holzbausteine auch ein sch&ouml;ner Hingucker im Kinderzimmer. <\/p><div class=\"wp-block-group\"><div class=\"wp-block-group__inner-container is-layout-flow wp-block-group-is-layout-flow\">\n<h2 class=\"wp-block-heading\" id=\"h-der-passt-wie-angegossen\">Der passt wie angegossen<\/h2>\n\n\n<div class=\"su-image-carousel  su-image-carousel-has-spacing su-image-carousel-crop su-image-carousel-crop-1-1 su-image-carousel-has-outline su-image-carousel-adaptive su-image-carousel-slides-style-minimal su-image-carousel-controls-style-dark su-image-carousel-align-none\" style=\"\" data-flickity-options='{\"groupCells\":true,\"cellSelector\":\".su-image-carousel-item\",\"adaptiveHeight\":false,\"cellAlign\":\"left\",\"prevNextButtons\":true,\"pageDots\":true,\"autoPlay\":false,\"imagesLoaded\":true,\"contain\":true,\"selectedAttraction\":0.025,\"friction\":0.28}' id=\"su_image_carousel_69f5ec2909c57\"><div class=\"su-image-carousel-item\"><div class=\"su-image-carousel-item-content\"><a href=\"\" target=\"_blank\" rel=\"noopener noreferrer\" data-caption=\"\">    <picture>\n        <source type=\"image\/avif\" srcset=\"https:\/\/media.babyartikel.de\/magazin\/wp-content\/uploads\/2019\/10\/201900002196-bravado-bh-seamless-rythm-white-m-d1.jpg?preset=large&amp;format=avif&amp;dpr=1 1x, https:\/\/media.babyartikel.de\/magazin\/wp-content\/uploads\/2019\/10\/201900002196-bravado-bh-seamless-rythm-white-m-d1.jpg?preset=large&amp;format=avif&amp;dpr=2 2x, https:\/\/media.babyartikel.de\/magazin\/wp-content\/uploads\/2019\/10\/201900002196-bravado-bh-seamless-rythm-white-m-d1.jpg?preset=large&amp;format=avif&amp;dpr=3 3x\">\n        <source type=\"image\/webp\" srcset=\"https:\/\/media.babyartikel.de\/magazin\/wp-content\/uploads\/2019\/10\/201900002196-bravado-bh-seamless-rythm-white-m-d1.jpg?preset=large&amp;format=webp&amp;dpr=1 1x, https:\/\/media.babyartikel.de\/magazin\/wp-content\/uploads\/2019\/10\/201900002196-bravado-bh-seamless-rythm-white-m-d1.jpg?preset=large&amp;format=webp&amp;dpr=2 2x, https:\/\/media.babyartikel.de\/magazin\/wp-content\/uploads\/2019\/10\/201900002196-bravado-bh-seamless-rythm-white-m-d1.jpg?preset=large&amp;format=webp&amp;dpr=3 3x\">\n        <source type=\"image\/jpeg\" srcset=\"https:\/\/media.babyartikel.de\/magazin\/wp-content\/uploads\/2019\/10\/201900002196-bravado-bh-seamless-rythm-white-m-d1.jpg?preset=large&amp;format=jpeg&amp;dpr=1 1x, https:\/\/media.babyartikel.de\/magazin\/wp-content\/uploads\/2019\/10\/201900002196-bravado-bh-seamless-rythm-white-m-d1.jpg?preset=large&amp;format=jpeg&amp;dpr=2 2x, https:\/\/media.babyartikel.de\/magazin\/wp-content\/uploads\/2019\/10\/201900002196-bravado-bh-seamless-rythm-white-m-d1.jpg?preset=large&amp;format=jpeg&amp;dpr=3 3x\">\n        <source type=\"image\/jpeg\" srcset=\"https:\/\/media.babyartikel.de\/magazin\/wp-content\/uploads\/2019\/10\/201900002196-bravado-bh-seamless-rythm-white-m-d1.jpg?preset=large&amp;dpr=1 1x, https:\/\/media.babyartikel.de\/magazin\/wp-content\/uploads\/2019\/10\/201900002196-bravado-bh-seamless-rythm-white-m-d1.jpg?preset=large&amp;dpr=2 2x, https:\/\/media.babyartikel.de\/magazin\/wp-content\/uploads\/2019\/10\/201900002196-bravado-bh-seamless-rythm-white-m-d1.jpg?preset=large&amp;dpr=3 3x\">\n        <img loading=\"lazy\" decoding=\"async\" width=\"1000\" height=\"1000\" src=\"https:\/\/media.babyartikel.de\/magazin\/wp-content\/uploads\/2019\/10\/201900002196-bravado-bh-seamless-rythm-white-m-d1.jpg\" class=\" wp-image-220782\" alt=\"\" srcset=\"https:\/\/media.babyartikel.de\/magazin\/wp-content\/uploads\/2019\/10\/201900002196-bravado-bh-seamless-rythm-white-m-d1.jpg 1000w, https:\/\/media.babyartikel.de\/magazin\/wp-content\/uploads\/2019\/10\/201900002196-bravado-bh-seamless-rythm-white-m-d1-690x690.jpg 690w, https:\/\/media.babyartikel.de\/magazin\/wp-content\/uploads\/2019\/10\/201900002196-bravado-bh-seamless-rythm-white-m-d1-150x150.jpg 150w, https:\/\/media.babyartikel.de\/magazin\/wp-content\/uploads\/2019\/10\/201900002196-bravado-bh-seamless-rythm-white-m-d1-768x768.jpg 768w, https:\/\/media.babyartikel.de\/magazin\/wp-content\/uploads\/2019\/10\/201900002196-bravado-bh-seamless-rythm-white-m-d1-500x500.jpg 500w\" sizes=\"auto, (max-width: 1000px) 100vw, 1000px\">\n    <\/source><\/source><\/source><\/source><\/picture><\/a><\/div><\/div><div class=\"su-image-carousel-item\"><div class=\"su-image-carousel-item-content\"><a href=\"\" target=\"_blank\" rel=\"noopener noreferrer\" data-caption=\"\">    <picture>\n        <source type=\"image\/avif\" srcset=\"https:\/\/media.babyartikel.de\/magazin\/wp-content\/uploads\/2019\/10\/201900002196-bravado-bh-seamless-rythm-white-m-d2.jpg?preset=large&amp;format=avif&amp;dpr=1 1x, https:\/\/media.babyartikel.de\/magazin\/wp-content\/uploads\/2019\/10\/201900002196-bravado-bh-seamless-rythm-white-m-d2.jpg?preset=large&amp;format=avif&amp;dpr=2 2x, https:\/\/media.babyartikel.de\/magazin\/wp-content\/uploads\/2019\/10\/201900002196-bravado-bh-seamless-rythm-white-m-d2.jpg?preset=large&amp;format=avif&amp;dpr=3 3x\">\n        <source type=\"image\/webp\" srcset=\"https:\/\/media.babyartikel.de\/magazin\/wp-content\/uploads\/2019\/10\/201900002196-bravado-bh-seamless-rythm-white-m-d2.jpg?preset=large&amp;format=webp&amp;dpr=1 1x, https:\/\/media.babyartikel.de\/magazin\/wp-content\/uploads\/2019\/10\/201900002196-bravado-bh-seamless-rythm-white-m-d2.jpg?preset=large&amp;format=webp&amp;dpr=2 2x, https:\/\/media.babyartikel.de\/magazin\/wp-content\/uploads\/2019\/10\/201900002196-bravado-bh-seamless-rythm-white-m-d2.jpg?preset=large&amp;format=webp&amp;dpr=3 3x\">\n        <source type=\"image\/jpeg\" srcset=\"https:\/\/media.babyartikel.de\/magazin\/wp-content\/uploads\/2019\/10\/201900002196-bravado-bh-seamless-rythm-white-m-d2.jpg?preset=large&amp;format=jpeg&amp;dpr=1 1x, https:\/\/media.babyartikel.de\/magazin\/wp-content\/uploads\/2019\/10\/201900002196-bravado-bh-seamless-rythm-white-m-d2.jpg?preset=large&amp;format=jpeg&amp;dpr=2 2x, https:\/\/media.babyartikel.de\/magazin\/wp-content\/uploads\/2019\/10\/201900002196-bravado-bh-seamless-rythm-white-m-d2.jpg?preset=large&amp;format=jpeg&amp;dpr=3 3x\">\n        <source type=\"image\/jpeg\" srcset=\"https:\/\/media.babyartikel.de\/magazin\/wp-content\/uploads\/2019\/10\/201900002196-bravado-bh-seamless-rythm-white-m-d2.jpg?preset=large&amp;dpr=1 1x, https:\/\/media.babyartikel.de\/magazin\/wp-content\/uploads\/2019\/10\/201900002196-bravado-bh-seamless-rythm-white-m-d2.jpg?preset=large&amp;dpr=2 2x, https:\/\/media.babyartikel.de\/magazin\/wp-content\/uploads\/2019\/10\/201900002196-bravado-bh-seamless-rythm-white-m-d2.jpg?preset=large&amp;dpr=3 3x\">\n        <img loading=\"lazy\" decoding=\"async\" width=\"1000\" height=\"1000\" src=\"https:\/\/media.babyartikel.de\/magazin\/wp-content\/uploads\/2019\/10\/201900002196-bravado-bh-seamless-rythm-white-m-d2.jpg\" class=\" wp-image-220781\" alt=\"\" srcset=\"https:\/\/media.babyartikel.de\/magazin\/wp-content\/uploads\/2019\/10\/201900002196-bravado-bh-seamless-rythm-white-m-d2.jpg 1000w, https:\/\/media.babyartikel.de\/magazin\/wp-content\/uploads\/2019\/10\/201900002196-bravado-bh-seamless-rythm-white-m-d2-690x690.jpg 690w, https:\/\/media.babyartikel.de\/magazin\/wp-content\/uploads\/2019\/10\/201900002196-bravado-bh-seamless-rythm-white-m-d2-150x150.jpg 150w, https:\/\/media.babyartikel.de\/magazin\/wp-content\/uploads\/2019\/10\/201900002196-bravado-bh-seamless-rythm-white-m-d2-768x768.jpg 768w, https:\/\/media.babyartikel.de\/magazin\/wp-content\/uploads\/2019\/10\/201900002196-bravado-bh-seamless-rythm-white-m-d2-500x500.jpg 500w\" sizes=\"auto, (max-width: 1000px) 100vw, 1000px\">\n    <\/source><\/source><\/source><\/source><\/picture><\/a><\/div><\/div><div class=\"su-image-carousel-item\"><div class=\"su-image-carousel-item-content\"><a href=\"\" target=\"_blank\" rel=\"noopener noreferrer\" data-caption=\"\">    <picture>\n        <source type=\"image\/avif\" srcset=\"https:\/\/media.babyartikel.de\/magazin\/wp-content\/uploads\/2019\/10\/201900002196-bravado-bh-seamless-rythm-white-m-d4.jpg?preset=large&amp;format=avif&amp;dpr=1 1x, https:\/\/media.babyartikel.de\/magazin\/wp-content\/uploads\/2019\/10\/201900002196-bravado-bh-seamless-rythm-white-m-d4.jpg?preset=large&amp;format=avif&amp;dpr=2 2x, https:\/\/media.babyartikel.de\/magazin\/wp-content\/uploads\/2019\/10\/201900002196-bravado-bh-seamless-rythm-white-m-d4.jpg?preset=large&amp;format=avif&amp;dpr=3 3x\">\n        <source type=\"image\/webp\" srcset=\"https:\/\/media.babyartikel.de\/magazin\/wp-content\/uploads\/2019\/10\/201900002196-bravado-bh-seamless-rythm-white-m-d4.jpg?preset=large&amp;format=webp&amp;dpr=1 1x, https:\/\/media.babyartikel.de\/magazin\/wp-content\/uploads\/2019\/10\/201900002196-bravado-bh-seamless-rythm-white-m-d4.jpg?preset=large&amp;format=webp&amp;dpr=2 2x, https:\/\/media.babyartikel.de\/magazin\/wp-content\/uploads\/2019\/10\/201900002196-bravado-bh-seamless-rythm-white-m-d4.jpg?preset=large&amp;format=webp&amp;dpr=3 3x\">\n        <source type=\"image\/jpeg\" srcset=\"https:\/\/media.babyartikel.de\/magazin\/wp-content\/uploads\/2019\/10\/201900002196-bravado-bh-seamless-rythm-white-m-d4.jpg?preset=large&amp;format=jpeg&amp;dpr=1 1x, https:\/\/media.babyartikel.de\/magazin\/wp-content\/uploads\/2019\/10\/201900002196-bravado-bh-seamless-rythm-white-m-d4.jpg?preset=large&amp;format=jpeg&amp;dpr=2 2x, https:\/\/media.babyartikel.de\/magazin\/wp-content\/uploads\/2019\/10\/201900002196-bravado-bh-seamless-rythm-white-m-d4.jpg?preset=large&amp;format=jpeg&amp;dpr=3 3x\">\n        <source type=\"image\/jpeg\" srcset=\"https:\/\/media.babyartikel.de\/magazin\/wp-content\/uploads\/2019\/10\/201900002196-bravado-bh-seamless-rythm-white-m-d4.jpg?preset=large&amp;dpr=1 1x, https:\/\/media.babyartikel.de\/magazin\/wp-content\/uploads\/2019\/10\/201900002196-bravado-bh-seamless-rythm-white-m-d4.jpg?preset=large&amp;dpr=2 2x, https:\/\/media.babyartikel.de\/magazin\/wp-content\/uploads\/2019\/10\/201900002196-bravado-bh-seamless-rythm-white-m-d4.jpg?preset=large&amp;dpr=3 3x\">\n        <img loading=\"lazy\" decoding=\"async\" width=\"1000\" height=\"1000\" src=\"https:\/\/media.babyartikel.de\/magazin\/wp-content\/uploads\/2019\/10\/201900002196-bravado-bh-seamless-rythm-white-m-d4.jpg\" class=\" wp-image-220784\" alt=\"\" srcset=\"https:\/\/media.babyartikel.de\/magazin\/wp-content\/uploads\/2019\/10\/201900002196-bravado-bh-seamless-rythm-white-m-d4.jpg 1000w, https:\/\/media.babyartikel.de\/magazin\/wp-content\/uploads\/2019\/10\/201900002196-bravado-bh-seamless-rythm-white-m-d4-690x690.jpg 690w, https:\/\/media.babyartikel.de\/magazin\/wp-content\/uploads\/2019\/10\/201900002196-bravado-bh-seamless-rythm-white-m-d4-150x150.jpg 150w, https:\/\/media.babyartikel.de\/magazin\/wp-content\/uploads\/2019\/10\/201900002196-bravado-bh-seamless-rythm-white-m-d4-768x768.jpg 768w, https:\/\/media.babyartikel.de\/magazin\/wp-content\/uploads\/2019\/10\/201900002196-bravado-bh-seamless-rythm-white-m-d4-500x500.jpg 500w\" sizes=\"auto, (max-width: 1000px) 100vw, 1000px\">\n    <\/source><\/source><\/source><\/source><\/picture><\/a><\/div><\/div><div class=\"su-image-carousel-item\"><div class=\"su-image-carousel-item-content\"><a href=\"\" target=\"_blank\" rel=\"noopener noreferrer\" data-caption=\"\">    <picture>\n        <source type=\"image\/avif\" srcset=\"https:\/\/media.babyartikel.de\/magazin\/wp-content\/uploads\/2019\/10\/201900002196-bravado-bh-seamless-rythm-white-m-d3.jpg?preset=large&amp;format=avif&amp;dpr=1 1x, https:\/\/media.babyartikel.de\/magazin\/wp-content\/uploads\/2019\/10\/201900002196-bravado-bh-seamless-rythm-white-m-d3.jpg?preset=large&amp;format=avif&amp;dpr=2 2x, https:\/\/media.babyartikel.de\/magazin\/wp-content\/uploads\/2019\/10\/201900002196-bravado-bh-seamless-rythm-white-m-d3.jpg?preset=large&amp;format=avif&amp;dpr=3 3x\">\n        <source type=\"image\/webp\" srcset=\"https:\/\/media.babyartikel.de\/magazin\/wp-content\/uploads\/2019\/10\/201900002196-bravado-bh-seamless-rythm-white-m-d3.jpg?preset=large&amp;format=webp&amp;dpr=1 1x, https:\/\/media.babyartikel.de\/magazin\/wp-content\/uploads\/2019\/10\/201900002196-bravado-bh-seamless-rythm-white-m-d3.jpg?preset=large&amp;format=webp&amp;dpr=2 2x, https:\/\/media.babyartikel.de\/magazin\/wp-content\/uploads\/2019\/10\/201900002196-bravado-bh-seamless-rythm-white-m-d3.jpg?preset=large&amp;format=webp&amp;dpr=3 3x\">\n        <source type=\"image\/jpeg\" srcset=\"https:\/\/media.babyartikel.de\/magazin\/wp-content\/uploads\/2019\/10\/201900002196-bravado-bh-seamless-rythm-white-m-d3.jpg?preset=large&amp;format=jpeg&amp;dpr=1 1x, https:\/\/media.babyartikel.de\/magazin\/wp-content\/uploads\/2019\/10\/201900002196-bravado-bh-seamless-rythm-white-m-d3.jpg?preset=large&amp;format=jpeg&amp;dpr=2 2x, https:\/\/media.babyartikel.de\/magazin\/wp-content\/uploads\/2019\/10\/201900002196-bravado-bh-seamless-rythm-white-m-d3.jpg?preset=large&amp;format=jpeg&amp;dpr=3 3x\">\n        <source type=\"image\/jpeg\" srcset=\"https:\/\/media.babyartikel.de\/magazin\/wp-content\/uploads\/2019\/10\/201900002196-bravado-bh-seamless-rythm-white-m-d3.jpg?preset=large&amp;dpr=1 1x, https:\/\/media.babyartikel.de\/magazin\/wp-content\/uploads\/2019\/10\/201900002196-bravado-bh-seamless-rythm-white-m-d3.jpg?preset=large&amp;dpr=2 2x, https:\/\/media.babyartikel.de\/magazin\/wp-content\/uploads\/2019\/10\/201900002196-bravado-bh-seamless-rythm-white-m-d3.jpg?preset=large&amp;dpr=3 3x\">\n        <img loading=\"lazy\" decoding=\"async\" width=\"1000\" height=\"1000\" src=\"https:\/\/media.babyartikel.de\/magazin\/wp-content\/uploads\/2019\/10\/201900002196-bravado-bh-seamless-rythm-white-m-d3.jpg\" class=\" wp-image-220783\" alt=\"\" srcset=\"https:\/\/media.babyartikel.de\/magazin\/wp-content\/uploads\/2019\/10\/201900002196-bravado-bh-seamless-rythm-white-m-d3.jpg 1000w, https:\/\/media.babyartikel.de\/magazin\/wp-content\/uploads\/2019\/10\/201900002196-bravado-bh-seamless-rythm-white-m-d3-690x690.jpg 690w, https:\/\/media.babyartikel.de\/magazin\/wp-content\/uploads\/2019\/10\/201900002196-bravado-bh-seamless-rythm-white-m-d3-150x150.jpg 150w, https:\/\/media.babyartikel.de\/magazin\/wp-content\/uploads\/2019\/10\/201900002196-bravado-bh-seamless-rythm-white-m-d3-768x768.jpg 768w, https:\/\/media.babyartikel.de\/magazin\/wp-content\/uploads\/2019\/10\/201900002196-bravado-bh-seamless-rythm-white-m-d3-500x500.jpg 500w\" sizes=\"auto, (max-width: 1000px) 100vw, 1000px\">\n    <\/source><\/source><\/source><\/source><\/picture><\/a><\/div><\/div><\/div><script id=\"su_image_carousel_69f5ec2909c57_script\">if(window.SUImageCarousel){setTimeout(function() {window.SUImageCarousel.initGallery(document.getElementById(\"su_image_carousel_69f5ec2909c57\"))}, 0);}var su_image_carousel_69f5ec2909c57_script=document.getElementById(\"su_image_carousel_69f5ec2909c57_script\");if(su_image_carousel_69f5ec2909c57_script){su_image_carousel_69f5ec2909c57_script.parentNode.removeChild(su_image_carousel_69f5ec2909c57_script);}<\/script>\n\n\n\n<p>Bereits in der Schwangerschaft ver&auml;ndert sich Dein Busen, er wird schwerer und empfindlicher. Deshalb solltest Du Dir schon jetzt einen gut sitzenden BH anschaffen, der sich an Deine K&ouml;rperform anschmiegt ohne einzuschn&uuml;ren. Beim <a href=\"https:\/\/www.babyartikel.de\/prod\/bravado-still-schwangerschafts-bh-body-silk-seamless-rhythm-white-grey\" target=\"_blank\" rel=\"noreferrer noopener\"><strong>Still- &amp; Schwangerschafts-BH von Bravado<\/strong><\/a> kneift und dr&uuml;ckt nichts, er ist ohne B&uuml;gel und st&ouml;rende N&auml;hte gefertigt und w&auml;chst mit! In der Stillzeit kannst Du die Cups mit einer Hand per Clipverschluss &ouml;ffnen und herunterklappen. <\/p>\n\n\n\n<h2 class=\"wp-block-heading\" id=\"h-grosse-elefantenliebe\">Gro&szlig;e Elefantenliebe <\/h2>\n\n\n\n<figure class=\"wp-block-image size-large\"><a href=\"https:\/\/www.babyartikel.de\/prod\/nattou-schaukeltier-elefant-tembo\" target=\"_blank\" rel=\"noopener\"><img loading=\"lazy\" decoding=\"async\" width=\"1050\" height=\"795\" src=\"https:\/\/www.babyartikel.de\/magazin\/wp-content\/uploads\/2020\/10\/nattou-schaukeltier-elefant-tembo-lieblinge-oktober-1050x795.jpg\" alt=\"\" class=\"wp-image-822194\" srcset=\"https:\/\/media.babyartikel.de\/magazin\/wp-content\/uploads\/2020\/10\/nattou-schaukeltier-elefant-tembo-lieblinge-oktober-1050x795.jpg 1050w, https:\/\/media.babyartikel.de\/magazin\/wp-content\/uploads\/2020\/10\/nattou-schaukeltier-elefant-tembo-lieblinge-oktober-690x522.jpg 690w, https:\/\/media.babyartikel.de\/magazin\/wp-content\/uploads\/2020\/10\/nattou-schaukeltier-elefant-tembo-lieblinge-oktober-150x114.jpg 150w, https:\/\/media.babyartikel.de\/magazin\/wp-content\/uploads\/2020\/10\/nattou-schaukeltier-elefant-tembo-lieblinge-oktober-768x581.jpg 768w, https:\/\/media.babyartikel.de\/magazin\/wp-content\/uploads\/2020\/10\/nattou-schaukeltier-elefant-tembo-lieblinge-oktober.jpg 1453w\" sizes=\"auto, (max-width: 1050px) 100vw, 1050px\"><\/a><\/figure>\n\n\n\n<p>Auf <a href=\"https:\/\/www.babyartikel.de\/prod\/nattou-schaukeltier-elefant-tembo\" target=\"_blank\" rel=\"noreferrer noopener\"><strong>Elefant Tembo<\/strong> <strong>von Nattou<\/strong><\/a> erlebt Dein Schatz jeden Tag ein neues Abenteuer. Durch die hohe, dick gepolsterte Sitzeinfassung und den zus&auml;tzlichen Sicherheitsgurt schaukeln schon die ganze Kleinen (10-36 Monaten) sicher und gem&uuml;tlich auf dem kuschelweichen Tier. Das Highlight in jedem Kinderzimmer. <\/p>\n<\/div><\/div><div style=\"clear:both\"><\/div><div id=\"productPanel806\" class=\"product-panel-bottom\">&nbsp;<\/div><script type=\"module\">\n\t\t\t\t\t\t\trequestProductPanel(\"https:\/\/www.babyartikel.de\/magazin\/wp-content\/plugins\/wp-productpanel2\/ProductPanel.php\", \"?panel_type=automatic&basis_category=0&basis_product=202000001686,202000001687,202000001682,202000001685&swipe_mobile=1&postid=220775&template=automatic&max=8&productPanelId=806&solrQuery=\", 806, 1);\n\t\t\t\t\t\t<\/script><p><strong>Das waren unsere 10 Lieblinge im Herbst. Welches Produkt hat Dir am besten gefallen und warum? Schreib&lsquo; es uns gerne in einem Kommentar! <\/strong><\/p><div class=\"credits-overlay\" data-target=\".wp-image-821363\"><a href=\"#\" target=\"_blank\">&copy; Fillikid<\/a><\/div><\/p>\n","protected":false},"excerpt":{"rendered":"<p>Vom kuscheligen Fu&szlig;sack bis zum gl&auml;nzenden K&uuml;chenhelfer: In diesem Monat haben wir wieder 10 sch&ouml;ne Produkte ausgesucht, die Deinen Alltag mit Baby leichter machen. Entdecke hier unsere Herbst-Favoriten. Warm eingepacktJetzt im Herbst und Winter brauchst Du einen Fu&szlig;sack f&uuml;r den Buggy oder Kinderwagen, damit Dein Kind unterwegs sch&ouml;n eingemummelt ist. Besonders kuschelig warm hat es [&#8230;]<\/p>\n<p><a class=\"btn btn-secondary understrap-read-more-link\" href=\"https:\/\/www.babyartikel.de\/magazin\/lieblinge-im-oktober-10-schoene-und-praktische-dinge-fuer-deinen-herbst-mit-baby\">Weiterlesen&#8230;<\/a><\/p>\n","protected":false},"author":32,"featured_media":822206,"comment_status":"open","ping_status":"closed","sticky":false,"template":"","format":"standard","meta":{"_acf_changed":false,"footnotes":""},"categories":[79,2806,2829,2820,2824,2803],"tags":[3338,15870],"class_list":["post-220775","post","type-post","status-publish","format-standard","has-post-thumbnail","hentry","category-baby","category-baby-erstausstattung","category-kaufberater","category-leben-mit-baby","category-entwicklung-kleinkind","category-produkte-fuer-die-schwangerschaft","tag-alltag-mit-baby","tag-lieblingsprodukte"],"acf":[],"yoast_head":"<!-- This site is optimized with the Yoast SEO Premium plugin v27.2 (Yoast SEO v27.2) - https:\/\/yoast.com\/product\/yoast-seo-premium-wordpress\/ -->\n<title>Lieblinge im Oktober: 10 sch\u00f6ne und praktische Dinge f\u00fcr Deinen Herbst mit Baby | Babyartikel.de Magazin<\/title>\n<meta name=\"description\" content=\"In diesem Monat haben wir wieder \u2794 10 sch\u00f6ne Neuheiten \u2605 ausgesucht, die Deinen Alltag mit Baby leichter machen. Entdecke hier unsere Herbst-Favoriten.\" \/>\n<meta name=\"robots\" content=\"index, follow, max-snippet:-1, max-image-preview:large, max-video-preview:-1\" \/>\n<link rel=\"canonical\" href=\"https:\/\/www.babyartikel.de\/magazin\/lieblinge-im-oktober-10-schoene-und-praktische-dinge-fuer-deinen-herbst-mit-baby\" \/>\n<meta property=\"og:locale\" content=\"de_DE\" \/>\n<meta property=\"og:type\" content=\"article\" \/>\n<meta property=\"og:title\" content=\"Lieblinge im Oktober: 10 sch\u00f6ne und praktische Dinge f\u00fcr Deinen Herbst mit Baby\" \/>\n<meta property=\"og:description\" content=\"In diesem Monat haben wir wieder \u2794 10 sch\u00f6ne Neuheiten \u2605 ausgesucht, die Deinen Alltag mit Baby leichter machen. Entdecke hier unsere Herbst-Favoriten.\" \/>\n<meta property=\"og:url\" content=\"https:\/\/www.babyartikel.de\/magazin\/lieblinge-im-oktober-10-schoene-und-praktische-dinge-fuer-deinen-herbst-mit-baby\" \/>\n<meta property=\"og:site_name\" content=\"Babyartikel.de Magazin\" \/>\n<meta property=\"article:author\" content=\"https:\/\/www.facebook.com\/babyartikel\/\" \/>\n<meta property=\"article:published_time\" content=\"2019-10-16T08:58:59+00:00\" \/>\n<meta property=\"article:modified_time\" content=\"2025-12-17T10:31:25+00:00\" \/>\n<meta property=\"og:image\" content=\"https:\/\/media.babyartikel.de\/magazin\/wp-content\/uploads\/2019\/10\/lieblinge-Oktober-facebook-Bild.jpg\" \/>\n\t<meta property=\"og:image:width\" content=\"1050\" \/>\n\t<meta property=\"og:image:height\" content=\"549\" \/>\n\t<meta property=\"og:image:type\" content=\"image\/jpeg\" \/>\n<meta name=\"author\" content=\"Christin D\u00fchrsen\" \/>\n<meta name=\"twitter:card\" content=\"summary_large_image\" \/>\n<meta name=\"twitter:label1\" content=\"Verfasst von\" \/>\n\t<meta name=\"twitter:data1\" content=\"Christin D\u00fchrsen\" \/>\n\t<meta name=\"twitter:label2\" content=\"Gesch\u00e4tzte Lesezeit\" \/>\n\t<meta name=\"twitter:data2\" content=\"6\u00a0Minuten\" \/>\n<script type=\"application\/ld+json\" class=\"yoast-schema-graph\">{\"@context\":\"https:\/\/schema.org\",\"@graph\":[{\"@type\":\"Article\",\"@id\":\"https:\/\/www.babyartikel.de\/magazin\/lieblinge-im-oktober-10-schoene-und-praktische-dinge-fuer-deinen-herbst-mit-baby#article\",\"isPartOf\":{\"@id\":\"https:\/\/www.babyartikel.de\/magazin\/lieblinge-im-oktober-10-schoene-und-praktische-dinge-fuer-deinen-herbst-mit-baby\"},\"author\":{\"name\":\"Christin D\u00fchrsen\",\"@id\":\"https:\/\/www.babyartikel.de\/magazin\/#\/schema\/person\/73ee5f4db5a055f58b1fe37b1d15654d\"},\"headline\":\"Lieblinge im Oktober: 10 sch\u00f6ne und praktische Dinge f\u00fcr Deinen Herbst mit Baby\",\"datePublished\":\"2019-10-16T08:58:59+00:00\",\"dateModified\":\"2025-12-17T10:31:25+00:00\",\"mainEntityOfPage\":{\"@id\":\"https:\/\/www.babyartikel.de\/magazin\/lieblinge-im-oktober-10-schoene-und-praktische-dinge-fuer-deinen-herbst-mit-baby\"},\"wordCount\":806,\"commentCount\":0,\"image\":{\"@id\":\"https:\/\/www.babyartikel.de\/magazin\/lieblinge-im-oktober-10-schoene-und-praktische-dinge-fuer-deinen-herbst-mit-baby#primaryimage\"},\"thumbnailUrl\":\"https:\/\/media.babyartikel.de\/magazin\/wp-content\/uploads\/2019\/10\/Lieblinge-des-Monats-Oktober-Herbst.jpg\",\"keywords\":[\"alltag mit baby\",\"lieblingsprodukte\"],\"articleSection\":[\"Baby\",\"Baby Erstausstattung\",\"Kaufberater\",\"Leben mit Baby\",\"Leben mit Kleinkind\",\"Produkte f\u00fcr Schwangere\"],\"inLanguage\":\"de\",\"potentialAction\":[{\"@type\":\"CommentAction\",\"name\":\"Comment\",\"target\":[\"https:\/\/www.babyartikel.de\/magazin\/lieblinge-im-oktober-10-schoene-und-praktische-dinge-fuer-deinen-herbst-mit-baby#respond\"]}]},{\"@type\":\"WebPage\",\"@id\":\"https:\/\/www.babyartikel.de\/magazin\/lieblinge-im-oktober-10-schoene-und-praktische-dinge-fuer-deinen-herbst-mit-baby\",\"url\":\"https:\/\/www.babyartikel.de\/magazin\/lieblinge-im-oktober-10-schoene-und-praktische-dinge-fuer-deinen-herbst-mit-baby\",\"name\":\"Lieblinge im Oktober: 10 sch\u00f6ne und praktische Dinge f\u00fcr Deinen Herbst mit Baby | Babyartikel.de Magazin\",\"isPartOf\":{\"@id\":\"https:\/\/www.babyartikel.de\/magazin\/#website\"},\"primaryImageOfPage\":{\"@id\":\"https:\/\/www.babyartikel.de\/magazin\/lieblinge-im-oktober-10-schoene-und-praktische-dinge-fuer-deinen-herbst-mit-baby#primaryimage\"},\"image\":{\"@id\":\"https:\/\/www.babyartikel.de\/magazin\/lieblinge-im-oktober-10-schoene-und-praktische-dinge-fuer-deinen-herbst-mit-baby#primaryimage\"},\"thumbnailUrl\":\"https:\/\/media.babyartikel.de\/magazin\/wp-content\/uploads\/2019\/10\/Lieblinge-des-Monats-Oktober-Herbst.jpg\",\"datePublished\":\"2019-10-16T08:58:59+00:00\",\"dateModified\":\"2025-12-17T10:31:25+00:00\",\"author\":{\"@id\":\"https:\/\/www.babyartikel.de\/magazin\/#\/schema\/person\/73ee5f4db5a055f58b1fe37b1d15654d\"},\"description\":\"In diesem Monat haben wir wieder \u2794 10 sch\u00f6ne Neuheiten \u2605 ausgesucht, die Deinen Alltag mit Baby leichter machen. Entdecke hier unsere Herbst-Favoriten.\",\"breadcrumb\":{\"@id\":\"https:\/\/www.babyartikel.de\/magazin\/lieblinge-im-oktober-10-schoene-und-praktische-dinge-fuer-deinen-herbst-mit-baby#breadcrumb\"},\"inLanguage\":\"de\",\"potentialAction\":[{\"@type\":\"ReadAction\",\"target\":[\"https:\/\/www.babyartikel.de\/magazin\/lieblinge-im-oktober-10-schoene-und-praktische-dinge-fuer-deinen-herbst-mit-baby\"]}]},{\"@type\":\"ImageObject\",\"inLanguage\":\"de\",\"@id\":\"https:\/\/www.babyartikel.de\/magazin\/lieblinge-im-oktober-10-schoene-und-praktische-dinge-fuer-deinen-herbst-mit-baby#primaryimage\",\"url\":\"https:\/\/media.babyartikel.de\/magazin\/wp-content\/uploads\/2019\/10\/Lieblinge-des-Monats-Oktober-Herbst.jpg\",\"contentUrl\":\"https:\/\/media.babyartikel.de\/magazin\/wp-content\/uploads\/2019\/10\/Lieblinge-des-Monats-Oktober-Herbst.jpg\",\"width\":2550,\"height\":1700,\"caption\":\"Lieblinge des Monats Oktober Herbst\"},{\"@type\":\"BreadcrumbList\",\"@id\":\"https:\/\/www.babyartikel.de\/magazin\/lieblinge-im-oktober-10-schoene-und-praktische-dinge-fuer-deinen-herbst-mit-baby#breadcrumb\",\"itemListElement\":[{\"@type\":\"ListItem\",\"position\":1,\"name\":\"Startseite\",\"item\":\"https:\/\/www.babyartikel.de\/magazin\"},{\"@type\":\"ListItem\",\"position\":2,\"name\":\"Lieblinge im Oktober: 10 sch\u00f6ne und praktische Dinge f\u00fcr Deinen Herbst mit Baby\"}]},{\"@type\":\"WebSite\",\"@id\":\"https:\/\/www.babyartikel.de\/magazin\/#website\",\"url\":\"https:\/\/www.babyartikel.de\/magazin\/\",\"name\":\"Babyartikel.de Magazin\",\"description\":\"\",\"potentialAction\":[{\"@type\":\"SearchAction\",\"target\":{\"@type\":\"EntryPoint\",\"urlTemplate\":\"https:\/\/www.babyartikel.de\/magazin\/?s={search_term_string}\"},\"query-input\":{\"@type\":\"PropertyValueSpecification\",\"valueRequired\":true,\"valueName\":\"search_term_string\"}}],\"inLanguage\":\"de\"},{\"@type\":\"Person\",\"@id\":\"https:\/\/www.babyartikel.de\/magazin\/#\/schema\/person\/73ee5f4db5a055f58b1fe37b1d15654d\",\"name\":\"Christin D\u00fchrsen\",\"image\":{\"@type\":\"ImageObject\",\"inLanguage\":\"de\",\"@id\":\"https:\/\/media.babyartikel.de\/magazin\/wp-content\/uploads\/2021\/12\/IMG_1571-150x150.png\",\"url\":\"https:\/\/media.babyartikel.de\/magazin\/wp-content\/uploads\/2021\/12\/IMG_1571-150x150.png\",\"contentUrl\":\"https:\/\/media.babyartikel.de\/magazin\/wp-content\/uploads\/2021\/12\/IMG_1571-150x150.png\",\"caption\":\"Christin D\u00fchrsen\"},\"description\":\"Ich hei\u00dfe Christin, bin Mama von zwei Schulkindern und bereits seit 2014 Social Media Managerin bei Babyartikel.de. In unseren sozialen Netzwerken sowie hier im Magazin stelle ich Euch regelm\u00e4\u00dfig neue, coole Produkte vor. Au\u00dferdem m\u00f6chte ich Eltern inspirieren und dabei unterst\u00fctzen, ihren Alltag mit Baby stressfreier und erf\u00fcllter zu gestalten.\",\"sameAs\":[\"https:\/\/www.instagram.com\/babyartikel.de\/\",\"https:\/\/www.facebook.com\/babyartikel\/\",\"https:\/\/www.pinterest.de\/babyartikel\/\",\"https:\/\/www.youtube.com\/channel\/UCWA9_j6yzCyn3nTVkV2KDBw\"],\"url\":\"https:\/\/www.babyartikel.de\/magazin\/author\/christin-duehrsen\"}]}<\/script>\n<!-- \/ Yoast SEO Premium plugin. -->","yoast_head_json":{"title":"Lieblinge im Oktober: 10 sch\u00f6ne und praktische Dinge f\u00fcr Deinen Herbst mit Baby | Babyartikel.de Magazin","description":"In diesem Monat haben wir wieder \u2794 10 sch\u00f6ne Neuheiten \u2605 ausgesucht, die Deinen Alltag mit Baby leichter machen. Entdecke hier unsere Herbst-Favoriten.","robots":{"index":"index","follow":"follow","max-snippet":"max-snippet:-1","max-image-preview":"max-image-preview:large","max-video-preview":"max-video-preview:-1"},"canonical":"https:\/\/www.babyartikel.de\/magazin\/lieblinge-im-oktober-10-schoene-und-praktische-dinge-fuer-deinen-herbst-mit-baby","og_locale":"de_DE","og_type":"article","og_title":"Lieblinge im Oktober: 10 sch\u00f6ne und praktische Dinge f\u00fcr Deinen Herbst mit Baby","og_description":"In diesem Monat haben wir wieder \u2794 10 sch\u00f6ne Neuheiten \u2605 ausgesucht, die Deinen Alltag mit Baby leichter machen. Entdecke hier unsere Herbst-Favoriten.","og_url":"https:\/\/www.babyartikel.de\/magazin\/lieblinge-im-oktober-10-schoene-und-praktische-dinge-fuer-deinen-herbst-mit-baby","og_site_name":"Babyartikel.de Magazin","article_author":"https:\/\/www.facebook.com\/babyartikel\/","article_published_time":"2019-10-16T08:58:59+00:00","article_modified_time":"2025-12-17T10:31:25+00:00","og_image":[{"width":1050,"height":549,"url":"https:\/\/media.babyartikel.de\/magazin\/wp-content\/uploads\/2019\/10\/lieblinge-Oktober-facebook-Bild.jpg","type":"image\/jpeg"}],"author":"Christin D\u00fchrsen","twitter_card":"summary_large_image","twitter_misc":{"Verfasst von":"Christin D\u00fchrsen","Gesch\u00e4tzte Lesezeit":"6\u00a0Minuten"},"schema":{"@context":"https:\/\/schema.org","@graph":[{"@type":"Article","@id":"https:\/\/www.babyartikel.de\/magazin\/lieblinge-im-oktober-10-schoene-und-praktische-dinge-fuer-deinen-herbst-mit-baby#article","isPartOf":{"@id":"https:\/\/www.babyartikel.de\/magazin\/lieblinge-im-oktober-10-schoene-und-praktische-dinge-fuer-deinen-herbst-mit-baby"},"author":{"name":"Christin D\u00fchrsen","@id":"https:\/\/www.babyartikel.de\/magazin\/#\/schema\/person\/73ee5f4db5a055f58b1fe37b1d15654d"},"headline":"Lieblinge im Oktober: 10 sch\u00f6ne und praktische Dinge f\u00fcr Deinen Herbst mit Baby","datePublished":"2019-10-16T08:58:59+00:00","dateModified":"2025-12-17T10:31:25+00:00","mainEntityOfPage":{"@id":"https:\/\/www.babyartikel.de\/magazin\/lieblinge-im-oktober-10-schoene-und-praktische-dinge-fuer-deinen-herbst-mit-baby"},"wordCount":806,"commentCount":0,"image":{"@id":"https:\/\/www.babyartikel.de\/magazin\/lieblinge-im-oktober-10-schoene-und-praktische-dinge-fuer-deinen-herbst-mit-baby#primaryimage"},"thumbnailUrl":"https:\/\/media.babyartikel.de\/magazin\/wp-content\/uploads\/2019\/10\/Lieblinge-des-Monats-Oktober-Herbst.jpg","keywords":["alltag mit baby","lieblingsprodukte"],"articleSection":["Baby","Baby Erstausstattung","Kaufberater","Leben mit Baby","Leben mit Kleinkind","Produkte f\u00fcr Schwangere"],"inLanguage":"de","potentialAction":[{"@type":"CommentAction","name":"Comment","target":["https:\/\/www.babyartikel.de\/magazin\/lieblinge-im-oktober-10-schoene-und-praktische-dinge-fuer-deinen-herbst-mit-baby#respond"]}]},{"@type":"WebPage","@id":"https:\/\/www.babyartikel.de\/magazin\/lieblinge-im-oktober-10-schoene-und-praktische-dinge-fuer-deinen-herbst-mit-baby","url":"https:\/\/www.babyartikel.de\/magazin\/lieblinge-im-oktober-10-schoene-und-praktische-dinge-fuer-deinen-herbst-mit-baby","name":"Lieblinge im Oktober: 10 sch\u00f6ne und praktische Dinge f\u00fcr Deinen Herbst mit Baby | Babyartikel.de Magazin","isPartOf":{"@id":"https:\/\/www.babyartikel.de\/magazin\/#website"},"primaryImageOfPage":{"@id":"https:\/\/www.babyartikel.de\/magazin\/lieblinge-im-oktober-10-schoene-und-praktische-dinge-fuer-deinen-herbst-mit-baby#primaryimage"},"image":{"@id":"https:\/\/www.babyartikel.de\/magazin\/lieblinge-im-oktober-10-schoene-und-praktische-dinge-fuer-deinen-herbst-mit-baby#primaryimage"},"thumbnailUrl":"https:\/\/media.babyartikel.de\/magazin\/wp-content\/uploads\/2019\/10\/Lieblinge-des-Monats-Oktober-Herbst.jpg","datePublished":"2019-10-16T08:58:59+00:00","dateModified":"2025-12-17T10:31:25+00:00","author":{"@id":"https:\/\/www.babyartikel.de\/magazin\/#\/schema\/person\/73ee5f4db5a055f58b1fe37b1d15654d"},"description":"In diesem Monat haben wir wieder \u2794 10 sch\u00f6ne Neuheiten \u2605 ausgesucht, die Deinen Alltag mit Baby leichter machen. Entdecke hier unsere Herbst-Favoriten.","breadcrumb":{"@id":"https:\/\/www.babyartikel.de\/magazin\/lieblinge-im-oktober-10-schoene-und-praktische-dinge-fuer-deinen-herbst-mit-baby#breadcrumb"},"inLanguage":"de","potentialAction":[{"@type":"ReadAction","target":["https:\/\/www.babyartikel.de\/magazin\/lieblinge-im-oktober-10-schoene-und-praktische-dinge-fuer-deinen-herbst-mit-baby"]}]},{"@type":"ImageObject","inLanguage":"de","@id":"https:\/\/www.babyartikel.de\/magazin\/lieblinge-im-oktober-10-schoene-und-praktische-dinge-fuer-deinen-herbst-mit-baby#primaryimage","url":"https:\/\/media.babyartikel.de\/magazin\/wp-content\/uploads\/2019\/10\/Lieblinge-des-Monats-Oktober-Herbst.jpg","contentUrl":"https:\/\/media.babyartikel.de\/magazin\/wp-content\/uploads\/2019\/10\/Lieblinge-des-Monats-Oktober-Herbst.jpg","width":2550,"height":1700,"caption":"Lieblinge des Monats Oktober Herbst"},{"@type":"BreadcrumbList","@id":"https:\/\/www.babyartikel.de\/magazin\/lieblinge-im-oktober-10-schoene-und-praktische-dinge-fuer-deinen-herbst-mit-baby#breadcrumb","itemListElement":[{"@type":"ListItem","position":1,"name":"Startseite","item":"https:\/\/www.babyartikel.de\/magazin"},{"@type":"ListItem","position":2,"name":"Lieblinge im Oktober: 10 sch\u00f6ne und praktische Dinge f\u00fcr Deinen Herbst mit Baby"}]},{"@type":"WebSite","@id":"https:\/\/www.babyartikel.de\/magazin\/#website","url":"https:\/\/www.babyartikel.de\/magazin\/","name":"Babyartikel.de Magazin","description":"","potentialAction":[{"@type":"SearchAction","target":{"@type":"EntryPoint","urlTemplate":"https:\/\/www.babyartikel.de\/magazin\/?s={search_term_string}"},"query-input":{"@type":"PropertyValueSpecification","valueRequired":true,"valueName":"search_term_string"}}],"inLanguage":"de"},{"@type":"Person","@id":"https:\/\/www.babyartikel.de\/magazin\/#\/schema\/person\/73ee5f4db5a055f58b1fe37b1d15654d","name":"Christin D\u00fchrsen","image":{"@type":"ImageObject","inLanguage":"de","@id":"https:\/\/media.babyartikel.de\/magazin\/wp-content\/uploads\/2021\/12\/IMG_1571-150x150.png","url":"https:\/\/media.babyartikel.de\/magazin\/wp-content\/uploads\/2021\/12\/IMG_1571-150x150.png","contentUrl":"https:\/\/media.babyartikel.de\/magazin\/wp-content\/uploads\/2021\/12\/IMG_1571-150x150.png","caption":"Christin D\u00fchrsen"},"description":"Ich hei\u00dfe Christin, bin Mama von zwei Schulkindern und bereits seit 2014 Social Media Managerin bei Babyartikel.de. In unseren sozialen Netzwerken sowie hier im Magazin stelle ich Euch regelm\u00e4\u00dfig neue, coole Produkte vor. Au\u00dferdem m\u00f6chte ich Eltern inspirieren und dabei unterst\u00fctzen, ihren Alltag mit Baby stressfreier und erf\u00fcllter zu gestalten.","sameAs":["https:\/\/www.instagram.com\/babyartikel.de\/","https:\/\/www.facebook.com\/babyartikel\/","https:\/\/www.pinterest.de\/babyartikel\/","https:\/\/www.youtube.com\/channel\/UCWA9_j6yzCyn3nTVkV2KDBw"],"url":"https:\/\/www.babyartikel.de\/magazin\/author\/christin-duehrsen"}]}},"abstract_sku":"","_links":{"self":[{"href":"https:\/\/www.babyartikel.de\/magazin\/wp-json\/wp\/v2\/posts\/220775","targetHints":{"allow":["GET"]}}],"collection":[{"href":"https:\/\/www.babyartikel.de\/magazin\/wp-json\/wp\/v2\/posts"}],"about":[{"href":"https:\/\/www.babyartikel.de\/magazin\/wp-json\/wp\/v2\/types\/post"}],"author":[{"embeddable":true,"href":"https:\/\/www.babyartikel.de\/magazin\/wp-json\/wp\/v2\/users\/32"}],"replies":[{"embeddable":true,"href":"https:\/\/www.babyartikel.de\/magazin\/wp-json\/wp\/v2\/comments?post=220775"}],"version-history":[{"count":62,"href":"https:\/\/www.babyartikel.de\/magazin\/wp-json\/wp\/v2\/posts\/220775\/revisions"}],"predecessor-version":[{"id":966192,"href":"https:\/\/www.babyartikel.de\/magazin\/wp-json\/wp\/v2\/posts\/220775\/revisions\/966192"}],"wp:featuredmedia":[{"embeddable":true,"href":"https:\/\/www.babyartikel.de\/magazin\/wp-json\/wp\/v2\/media\/822206"}],"wp:attachment":[{"href":"https:\/\/www.babyartikel.de\/magazin\/wp-json\/wp\/v2\/media?parent=220775"}],"wp:term":[{"taxonomy":"category","embeddable":true,"href":"https:\/\/www.babyartikel.de\/magazin\/wp-json\/wp\/v2\/categories?post=220775"},{"taxonomy":"post_tag","embeddable":true,"href":"https:\/\/www.babyartikel.de\/magazin\/wp-json\/wp\/v2\/tags?post=220775"}],"curies":[{"name":"wp","href":"https:\/\/api.w.org\/{rel}","templated":true}]}}