
{"id":25668,"date":"2016-10-09T08:20:31","date_gmt":"2016-10-09T06:20:31","guid":{"rendered":"https:\/\/www.babyartikel.de\/magazin\/?p=25668"},"modified":"2024-09-09T10:05:33","modified_gmt":"2024-09-09T08:05:33","slug":"kita-eingewoehnung-nach-dem-berliner-modell","status":"publish","type":"post","link":"https:\/\/www.babyartikel.de\/magazin\/kita-eingewoehnung-nach-dem-berliner-modell","title":{"rendered":"Berliner Modell: Kita-Eingew\u00f6hnung auf die sanfte Tour"},"content":{"rendered":"<p class=\"has-text-align-left\"><a href=\"https:\/\/www.babyartikel.de\/magazin\/beduerfnisorientierte-erziehung-was-bedeutet-attachment-parenting-wirklich\">&bdquo;Bed&uuml;rfnisorientierte<img loading=\"lazy\" decoding=\"async\" src=\"https:\/\/ssl-vg03.met.vgwort.de\/na\/b2b2c355a5da4d3fadfc8954a9e548ff\" alt=\"\" width=\"1\" height=\"1\"> Erziehung&ldquo;<\/a> steht&nbsp;mittlerweile bei vielen jungen Eltern im Vordergrund. Auch in Kindertagesst&auml;tten&nbsp;ist dieser&nbsp;kindgerechte Ansatz mittlerweile angekommen: <strong>Viele Kitas machen die Eingew&ouml;hnung nach dem sogenannten &bdquo;Berliner Modell&ldquo;.<\/strong> Was steckt dahinter und warum wird dabei so vorsichtig vorgegangen? Wie die Eingew&ouml;hnung nach dem Berliner Modell abl&auml;uft, was dabei auf Dich als Mama oder Papa zukommt und welche Vorteile das Berliner Modell hat, erkl&auml;re ich Dir im Folgenden.<div id=\"ez-toc-container\" class=\"ez-toc-v2_0_82_2 counter-flat ez-toc-counter ez-toc-white ez-toc-container-direction\">\n<div class=\"ez-toc-title-container\">\n<p class=\"ez-toc-title\" style=\"cursor:inherit\">Inhaltsverzeichnis<\/p>\n<span class=\"ez-toc-title-toggle\"><a href=\"#\" class=\"ez-toc-pull-right ez-toc-btn ez-toc-btn-xs ez-toc-btn-default ez-toc-toggle\" aria-label=\"Toggle Table of Content\"><span class=\"ez-toc-js-icon-con\"><span class=\"\"><span class=\"eztoc-hide\" style=\"display:none;\">Toggle<\/span><span class=\"ez-toc-icon-toggle-span\"><svg style=\"fill: #999;color:#999\" xmlns=\"http:\/\/www.w3.org\/2000\/svg\" class=\"list-377408\" width=\"20px\" height=\"20px\" viewBox=\"0 0 24 24\" fill=\"none\"><path d=\"M6 6H4v2h2V6zm14 0H8v2h12V6zM4 11h2v2H4v-2zm16 0H8v2h12v-2zM4 16h2v2H4v-2zm16 0H8v2h12v-2z\" fill=\"currentColor\"><\/path><\/svg><svg style=\"fill: #999;color:#999\" class=\"arrow-unsorted-368013\" xmlns=\"http:\/\/www.w3.org\/2000\/svg\" width=\"10px\" height=\"10px\" viewBox=\"0 0 24 24\" version=\"1.2\" baseProfile=\"tiny\"><path d=\"M18.2 9.3l-6.2-6.3-6.2 6.3c-.2.2-.3.4-.3.7s.1.5.3.7c.2.2.4.3.7.3h11c.3 0 .5-.1.7-.3.2-.2.3-.5.3-.7s-.1-.5-.3-.7zM5.8 14.7l6.2 6.3 6.2-6.3c.2-.2.3-.5.3-.7s-.1-.5-.3-.7c-.2-.2-.4-.3-.7-.3h-11c-.3 0-.5.1-.7.3-.2.2-.3.5-.3.7s.1.5.3.7z\"\/><\/svg><\/span><\/span><\/span><\/a><\/span><\/div>\n<nav><ul class='ez-toc-list ez-toc-list-level-1 ' ><li class='ez-toc-page-1'><a class=\"ez-toc-link ez-toc-heading-1\" href=\"https:\/\/www.babyartikel.de\/magazin\/kita-eingewoehnung-nach-dem-berliner-modell\/#Berliner_Modell_Sanftes_Eingewoehnungs-Konzept\" >Berliner Modell: Sanftes Eingew&ouml;hnungs-Konzept<\/a><\/li><li class='ez-toc-page-1'><a class=\"ez-toc-link ez-toc-heading-2\" href=\"https:\/\/www.babyartikel.de\/magazin\/kita-eingewoehnung-nach-dem-berliner-modell\/#Was_ist_das_Berliner_Modell\" >Was ist das Berliner Modell?<\/a><\/li><li class='ez-toc-page-1'><a class=\"ez-toc-link ez-toc-heading-3\" href=\"https:\/\/www.babyartikel.de\/magazin\/kita-eingewoehnung-nach-dem-berliner-modell\/#Wie_lange_dauert_die_Kita-Eingewoehnung_nach_dem_Berliner_Modell\" >Wie lange dauert die Kita-Eingew&ouml;hnung nach dem Berliner Modell?<\/a><\/li><li class='ez-toc-page-1'><a class=\"ez-toc-link ez-toc-heading-4\" href=\"https:\/\/www.babyartikel.de\/magazin\/kita-eingewoehnung-nach-dem-berliner-modell\/#Ablauf_des_Berliner_Eingewoehnungsmodells\" >Ablauf des Berliner Eingew&ouml;hnungsmodells<\/a><\/li><li class='ez-toc-page-1'><a class=\"ez-toc-link ez-toc-heading-5\" href=\"https:\/\/www.babyartikel.de\/magazin\/kita-eingewoehnung-nach-dem-berliner-modell\/#Dauert_die_Eingewoehnung_nach_dem_Berliner_Modell_zu_lange\" >Dauert die Eingew&ouml;hnung nach dem Berliner Modell zu lange?<\/a><\/li><li class='ez-toc-page-1'><a class=\"ez-toc-link ez-toc-heading-6\" href=\"https:\/\/www.babyartikel.de\/magazin\/kita-eingewoehnung-nach-dem-berliner-modell\/#Kita-Eingewoehnung_nach_dem_Berliner_Modell_Meine_Erfahrungen\" >Kita-Eingew&ouml;hnung nach dem Berliner Modell: Meine Erfahrungen<\/a><\/li><li class='ez-toc-page-1'><a class=\"ez-toc-link ez-toc-heading-7\" href=\"https:\/\/www.babyartikel.de\/magazin\/kita-eingewoehnung-nach-dem-berliner-modell\/#Fazit_Berliner_Modell_tut_Deinem_Kind_gut\" >Fazit: Berliner Modell tut Deinem Kind gut<\/a><\/li><\/ul><\/nav><\/div>\n<h2 class=\"wp-block-heading\" id=\"h-berliner-modell-sanftes-eingewohnungs-konzept\"><span class=\"ez-toc-section\" id=\"Berliner_Modell_Sanftes_Eingewoehnungs-Konzept\"><\/span>Berliner Modell: Sanftes Eingew&ouml;hnungs-Konzept<span class=\"ez-toc-section-end\"><\/span><\/h2><p class=\"has-text-align-left\">Als mein Mann und ich uns entschieden, unseren Sohn mit 14 Monaten in die Tagesst&auml;tte zu geben, war das f&uuml;r uns <a href=\"https:\/\/www.babyartikel.de\/magazin\/warum-mein-baby-bald-ein-kita-kind-wird\" target=\"_blank\" rel=\"noopener noreferrer\">keine leichte Entscheidung<\/a>. Wir stellten schnell fest, das viele Eltern bei diesem Thema von den gleichen Zweifeln geplagt werden, wie wir. Wie wird es unserem Kleinen dort gehen? Wird er Angst haben ohne seine Mama? Gar traumatisiert? Was, wenn sich die Erzieher nicht so um ihn k&uuml;mmern, wie wir uns das vorstellen?<\/p><p class=\"has-text-align-left\">Zum Gl&uuml;ck wird der Start in diese neue, aufregende Phase mittlerweile anders gestaltet als fr&uuml;her: <strong>Das Kind wird nicht mehr einfach an der Pforte abgegeben und dann seinem Schicksal bzw. den Erziehern &uuml;berlassen, sondern ganz sanft und bindungsorientiert eingew&ouml;hnt. Dieses Modell der Eingew&ouml;hnung nennt man &bdquo;Berliner Modell&ldquo;.<\/strong><\/p><h2 class=\"wp-block-heading\" id=\"h-was-ist-das-berliner-modell\"><span class=\"ez-toc-section\" id=\"Was_ist_das_Berliner_Modell\"><\/span>Was ist das Berliner Modell?<span class=\"ez-toc-section-end\"><\/span><\/h2><p class=\"has-text-align-left\">Das <strong>Berliner Eingew&ouml;hnungsmodell, <\/strong>auch <strong>Eingew&ouml;hnungsmodell nach infans<\/strong> (Institut f&uuml;r angewandte Sozialisationsforschung\/Fr&uuml;he Kindheit e.V.) genannt, st&uuml;tzt sich &uuml;berwiegend auf die <a href=\"http:\/\/www.bindungstheorie.net\/\">Bindungstheorie von John Bowlby<\/a>. Der Schwerpunkt liegt darauf, die <strong>Bindung des Kindes an seine Eltern zu beachten<\/strong> sowie&nbsp;die Tatsache, dass jedes Kind sich&nbsp;<strong>unterschiedlich schnell und unterschiedlich fest bindet<\/strong>. <\/p><div class=\"marketing-slot\"><div id=\"block-18\" class=\"content-post-widget marketing-slot-1 widget_block\"><a href=\"#\" class=\"newsletter_popup\" style=\"\n  display: inline-block;\n  box-shadow: 0 4px 10px rgba(0,0,0,0.1);\n  margin: 20px auto;\n  max-width: 800px;\n  width: 100%;\">\n  <img src=\"https:\/\/media.babyartikel.de\/magazin\/wp-content\/uploads\/2025\/08\/NL-Banner-Magazin-8-25.webp\" alt=\"Newsletter Banner\" style=\"\n    width: 100%;\n    height: auto;\n    display: block;\" onclick=\"ga('send', 'event', 'banner', 'click', 'magazin-banner-newsletter-8-25');\">\n<\/a>\n\n\t<!-- Modal -->\n\t<div class=\"modal fade modal_popup\" id=\"newsletter_popup\" tabindex=\"-1\" aria-labelledby=\"exampleModalLabel\" aria-hidden=\"true\">\n\t\t<div class=\"modal-dialog modal-dialog-centered modal-dialog-scrollable\">\n\t\t\t<div class=\"modal-content\">\n\t\t\t\t<div class=\"modal-header small-header\">\n\t\t\t\t\t<h5 class=\"modal-title\" id=\"newsletterModalLabel\">\n\t\t\t\t\t\tNewsletter\t\t\t\t\t<\/h5>\n\t\t\t\t\t<button type=\"button\" class=\"btn-close small-close\" data-bs-dismiss=\"modal\" aria-label=\"Close\"><\/button>\n\t\t\t\t<\/div>\n\n\t\t\t\t<div class=\"modal-body\">\n\t\t\t\t\t\t<div class=\"newsletterForm-embed popup-form\">\n        <form name=\"newsletterSubscriptionForm\" id=\"newsletter_popup_69f4e2d690351_form\" data-newsletter-id=\"newsletter_popup_69f4e2d690351\" method=\"POST\">\n\n\t\t\t<input type=\"text\" name=\"website\" class=\"hidden\" tabindex=\"-1\" autocomplete=\"off\" style=\"position:absolute;left:-9999px;\">\n\t\t\t<input type=\"hidden\" name=\"ts\" value=\"1777656534\">\n\n\t\t\t                <input type=\"hidden\" name=\"emarsys-event-id\" value=\"3756\">\n            \n            \t\t\t<div class=\"mb-3\">\n\t\t\t\t<label for=\"date\" class=\"form-label\">Geburtstag\/ -termin Deines Babys<\/label>\n                <input type=\"date\" name=\"date\" class=\"input input--expand form-control\" required>\n\t\t\t<\/div>\n            \n\t\t\t<div class=\"mb-3\">\n\t\t\t\t<label for=\"email\" class=\"form-label\">E-Mail-Adresse<\/label>\n\t\t\t\t<input type=\"email\" name=\"email\" placeholder=\"E-Mail-Adresse\" class=\"input input--expand form-control\" required>\n\t\t\t<\/div>\n\n\t\t\t\t\t\t\t<button type=\"submit\" class=\"btn btn-primary\">Absenden<\/button>\n\t\t\t\n\t\t\t\t\t\t\t<div class=\"small mt-3\" style=\"font-weight:normal;\">\n\t\t\t\t\t\n\t\t\t<div class=\"mt-3\">\n\t\t\t\tJa, ich m&ouml;chte den Newsletter von Babyartikel.de erhalten und &uuml;ber Aktionen informiert werden.\n  Dabei darf mein Nutzungsverhalten (z. B. &Ouml;ffnungen und Klicks) zur Personalisierung ausgewertet werden.\n  Mehr finde ich in der <a href=\"\/de\/datenschutz\" style=\"text-decoration:underline\">Datenschutzerkl&auml;rung<\/a>.\n\t\t\t<\/div>\n\t\t\t\t\t\t<\/div>\n\t\t\t\n\t\t\t\t\t\t\t<div class=\"small mb-3 mt-3\" style=\"font-weight:normal;\">\n\t\t\t\t\tJederzeit abbestellbar | <a href=\"\/de\/datenschutz\" style=\"text-decoration:underline\">\n\t\t\t\t\t\tDatenschutzerkl&auml;rung\n\t\t\t\t\t<\/a>\n\t\t\t\t<\/div>\n\t\t\t\n        <\/form>\n    <\/div>\n\t\n\t\t\t\t\t<div class=\"response-messages_newsletter_popup_69f4e2d690351\">\n\t\t\t\t\t\t<div class=\"alert alert-success success mt-3 mb-3 d-none\">\n\t\t\t\t\t\t\tNur noch ein Klick! Best&auml;tige Deine Anmeldung in der E-Mail, die du gleich erh&auml;ltst.\t\t\t\t\t\t<\/div>\n\t\t\t\t\t\t<div class=\"error mt-3 mb-3 d-none\">\n\t\t\t\t\t\t\t<div class=\"alert alert-danger \">\n\t\t\t\t\t\t\t\tEin Fehler ist aufgetreten. Bitte versuche es sp&auml;ter erneut.\t\t\t\t\t\t\t<\/div>\n\t\t\t\t\t\t<\/div>\n\t\t\t\t\t\t<div class=\"alert alert-danger other-2007 mt-3 mb-3 d-none\">\n\t\t\t\t\t\t\tUng&Atilde;&frac14;ltiges Datumsformat\t\t\t\t\t\t<\/div>\n\t\t\t\t\t<\/div>\n\t\t\t\t<\/div>\n\t\t\t<\/div>\n\t\t<\/div>\n\t<\/div>\n\n\t<\/div><!-- content-widget --><\/div><p class=\"has-text-align-left\">Um das Kind vor psychischen Sch&auml;den zu bewahren, wird die Eingew&ouml;hnung<strong> individuell an die Bed&uuml;rfnisse des Kindes angepasst<\/strong> und l&auml;uft in verschiedenen Stufen ab. Das Kind wird nur langsam vom betreuenden Elternteil getrennt&nbsp;und gleicherma&szlig;en an die Erzieher:in als Bezugsperson herangef&uuml;hrt.<\/p><p class=\"has-text-align-left\">Neben der Kita-Eingew&ouml;hnung nach dem Berliner Modell gibt es noch das sog. &bdquo;M&uuml;nchener Modell&ldquo;. Dieses Modell legt zus&auml;tzlich andere Schwerpunkte, ist aber im gro&szlig;en und ganzen &auml;hnlich sanft in der Durchf&uuml;hrung.<\/p><div class=\"postslot1\">[articles]<link rel=\"stylesheet\" href=\"https:\/\/cdn.jsdelivr.net\/npm\/swiper@8\/swiper-bundle.min.css\"><\/div><div class=\"marketing-slot\"><div id=\"block-25\" class=\"content-post-widget marketing-slot-2 widget_block\"><a href=\"https:\/\/www.babyartikel.de\/de\/angebote\" data-track-link-click=\"true\" data-track-name=\"nyoutlet2026-magazin\" data-track-medium=\"banner-magazin-post\" data-track-campaign=\"magazin-banner-nyoutlet2026\" onclick=\"ga('send', 'event', 'banner', 'click', 'magazin-banner-nyoutlet2026');\" style=\"display:block;width:100%;text-align:center;\"><img src=\"https:\/\/media.babyartikel.de\/magazin\/wp-content\/uploads\/2026\/01\/NY-Outlet-10-2026.webp\" alt=\"Sale\" style=\"max-width:100%;\"><\/a><\/div><!-- content-widget --><\/div><h2 class=\"wp-block-heading\" id=\"h-wie-lange-dauert-die-kita-eingewohnung-nach-dem-berliner-modell\"><span class=\"ez-toc-section\" id=\"Wie_lange_dauert_die_Kita-Eingewoehnung_nach_dem_Berliner_Modell\"><\/span>Wie lange dauert die Kita-Eingew&ouml;hnung nach dem Berliner Modell?<span class=\"ez-toc-section-end\"><\/span><\/h2><p class=\"has-text-align-left\">Wie lange eine solche Eingew&ouml;hnung dauert, richtet sich komplett nach dem Kind, da <strong>jedes Kind individuell<\/strong> in seinen <strong>Erfahrungen<\/strong>, seinem <strong>Bindungsverhalten <\/strong>und vor allem seinem <strong>Tempo <\/strong>ist. Die Erzieher:in beobachtet das Kind in den ersten Tagen und passt so die L&auml;nge der Eingew&ouml;hnung an. <\/p><p class=\"has-text-align-left\"><strong>W&auml;hrend der gesamten Eingew&ouml;hnung ist das Kind maximal halbtags anwesend.<\/strong> Auch danach wird die L&auml;nge nur langsam gesteigert. Manche Kinder schlafen relativ fr&uuml;h in der Betreuungseinrichtung, dann aber in Anwesenheit des Elternteils. Oft findet der Mittagsschlaf aber erst nach der Eingew&ouml;hnungszeit in der Kita statt, sodass Erzieher und Kind dann ein eigenes Ritual entwickeln k&ouml;nnen.<\/p><h2 class=\"wp-block-heading\" id=\"h-ablauf-des-berliner-eingewohnungsmodells\"><span class=\"ez-toc-section\" id=\"Ablauf_des_Berliner_Eingewoehnungsmodells\"><\/span>Ablauf des Berliner Eingew&ouml;hnungsmodells<span class=\"ez-toc-section-end\"><\/span><\/h2><p class=\"has-text-align-left\">Die Kita-Eingew&ouml;hnung nach dem Berliner Modell gliedert sich in <a href=\"https:\/\/www.kita-fachtexte.de\/fileadmin\/Redaktion\/Publikationen\/KiTaFT_Braukhane_Knobeloch_2011.pdf\">4 Phasen<\/a>:<\/p><h3 class=\"wp-block-heading\" id=\"h-1-grundphase\">1. Grundphase<\/h3><p>In den <strong>ersten 3-4 Tagen<\/strong> kommst Du<strong> gemeinsam mit dem Kind f&uuml;r ein bis zwei Stunden<\/strong> und die beiden halten sich gemeinsam in den R&auml;umlichkeiten auf. Der Bezugserzieher nimmt ersten Kontakt zum Kind auf &uuml;ber Spielangebote. Es finden <strong>keine Trennungsversuche<\/strong> statt, Du konzentrierst sich voll auf das Kind und bist&nbsp;jederzeit verf&uuml;gbar. Du spielst m&ouml;glichst nicht mit anderen Kindern.<\/p><h3 class=\"wp-block-heading\" id=\"h-2-erster-trennungsversuch\">2. Erster Trennungsversuch<\/h3><p>Nachdem Du und Dein und Kind Euch wieder einige Zeit gemeinsam vor Ort aufgehalten habt, folgt die erste Trennung: Der <strong>Elternteil verl&auml;sst die R&auml;umlichkeiten.<\/strong> Auch die L&auml;nge dieser Phase passt sich an das Verhalten des Kindes an: Reagiert das Kind mit starkem Weinen und Panik, kommst Du nach ca.&nbsp;2 Minuten schon zur&uuml;ck. Reagiert das Kind gleichg&uuml;ltig bzw. l&auml;sst sich schnell beruhigen, kann die erste Trennung <strong>bis zu 30 Minuten <\/strong>betragen. Wie alle neuen Schritte findet die erste Trennung <strong>nie an einem Montag <\/strong>statt. <br>Wichtig beim ersten Trennungsversucht ist, dass der <strong>Du Dich verabschiedest<\/strong>, am besten mit einem t&auml;glich sich wiederholenden Ritual, und Dich nicht einfach wegschleichst, wenn Dein Kind abgelenkt ist.<\/p><h3 class=\"wp-block-heading\" id=\"h-3-stabilisierungsphase\">3. Stabilisierungsphase<\/h3><p>Diese beginnt i.d.R. mit dem <strong>5. Tag<\/strong>: Die Bezugserzieher:in &uuml;bernimmt immer mehr die Betreuung des Kindes, w&auml;hrend Du noch anwesend bist, aber nach M&ouml;glichkeit nicht mehr eingreifst bzw. nur dann, wenn Dein Kind die Erzieher:in nicht akzeptiert. <strong>Trennungszeiten werden t&auml;glich verl&auml;ngert<\/strong>, je nach Reaktion und dem anschlie&szlig;enden Verhalten des Kindes.<\/p><h3 class=\"wp-block-heading\" id=\"h-4-schlussphase\">4. Schlussphase<\/h3><p>Die Eingew&ouml;hnung ist dann abgeschlossen, wenn das Kind eine <strong>erste Bindung zur Erzieher:in <\/strong>aufgebaut hat. Es weint zwar vielleicht noch, wenn Du Dich verabschiedest, l&auml;sst sich aber von der Bezugs-Erzieher:in auf den Arm nehmen und tr&ouml;sten. In der Zeit, in der das Kind allein in der Kita verbringt, nimmt es aktiv und neugierig an den Gruppenaktivit&auml;ten teil bzw. ist an R&auml;umen, Spielzeug und anderen Kindern interessiert. <strong>Insgesamt dauert dieser Prozess der Eingew&ouml;hnung nach dem Berliner Modell in der Regel zwischen einer und drei Wochen.<\/strong> <\/p><h4 class=\"wp-block-heading\" id=\"h-sind-drei-wochen-wirklich-das-maximum\">Sind drei Wochen wirklich das Maximum?<\/h4><p id=\"h-bei-euch-dauert-die-eingew-hnung-l-nger-als-drei-wochen-keine-panik-bei-krippenkindern-unter-drei-jahren-ist-es-aber-auch-v-llig-normal-und-in-ordnung-wenn-sich-die-eingew-hnungsphase-noch-l-nger-hinzieht-insbesondere-wenn-das-kind-w-hrend-der-eingew-hnung-krank-wird-passiert-sehr-oft-zahnt-oder-einen-entwicklungsschub-durchmacht-kann-die-eingew-hnung-nach-dem-berliner-modell-auch-mal-ein-paar-wochen-l-nger-dauern\"><strong>Bei Euch dauert die Eingew&ouml;hnung l&auml;nger als drei Wochen?<\/strong> Keine Panik: Bei Krippenkindern unter drei Jahren ist es aber auch v&ouml;llig normal und in Ordnung, wenn sich die Eingew&ouml;hnungsphase noch l&auml;nger hinzieht! Insbesondere wenn das Kind w&auml;hrend der Eingew&ouml;hnung krank wird (passiert sehr oft!), <a href=\"https:\/\/www.babyartikel.de\/magazin\/sofort-hilfe-tipps-beim-zahnen\">zahnt <\/a>oder einen <a href=\"https:\/\/www.babyartikel.de\/magazin\/wachstumsschuebe-kleinkind-tabelle-ueberblick\">Entwicklungsschub <\/a>durchmacht, kann die Eingew&ouml;hnung nach dem Berliner Modell auch mal ein paar Wochen l&auml;nger dauern.<\/p><p><a href=\"https:\/\/www.babyartikel.de\/magazin\/kitastart-gesund\">Lies hier, wie Du das Immunsystem Deines Krippenkindes st&auml;rken kannst.<\/a><\/p><h2 class=\"wp-block-heading\" id=\"h-dauert-die-eingewohnung-nach-dem-berliner-modell-zu-lange\"><span class=\"ez-toc-section\" id=\"Dauert_die_Eingewoehnung_nach_dem_Berliner_Modell_zu_lange\"><\/span>Dauert die Eingew&ouml;hnung nach dem Berliner Modell zu lange?<span class=\"ez-toc-section-end\"><\/span><\/h2><p class=\"has-text-align-left\">Immer wieder h&ouml;re ich auch von Eltern, denen dieser Prozess der Kita-Eingew&ouml;hnung nach dem Berliner Modell zu lange dauert. Allerdings ist es wirklich wichtig, diese Eingew&ouml;hnung so gut und erfolgreich wie m&ouml;glich durchzuf&uuml;hren. <strong>Studien belegen, dass eine fehlende bzw. mangelhafte Eingew&ouml;hnung Nachteile f&uuml;r das Kind nach sich zieht:<\/strong><\/p><ul class=\"wp-block-list\">\n<li>Kinder, die nicht ausreichend eingew&ouml;hnt wurden, sind in den folgenden Monaten h&auml;ufiger und l&auml;nger krank.<\/li>\n\n\n\n<li>Diese Kinder k&ouml;nnen die M&ouml;glichkeiten und F&ouml;rderpotentiale, die ihnen die Kindertagesst&auml;tte bietet, nicht ideal wahrnehmen.<\/li>\n\n\n\n<li>Sie leiden ggf. unter <a href=\"https:\/\/www.babyartikel.de\/magazin\/kind-trennungsangst\">Trennungsangst <\/a>und haben Schwierigkeiten in sp&auml;teren Bindungsbeziehungen.<\/li>\n<\/ul><h2 class=\"wp-block-heading\" id=\"h-kita-eingewohnung-nach-dem-berliner-modell-meine-erfahrungen\"><span class=\"ez-toc-section\" id=\"Kita-Eingewoehnung_nach_dem_Berliner_Modell_Meine_Erfahrungen\"><\/span>Kita-Eingew&ouml;hnung nach dem Berliner Modell: Meine Erfahrungen<span class=\"ez-toc-section-end\"><\/span><\/h2><h3 class=\"wp-block-heading\" id=\"h-erste-trennung-am-4-tag\">Erste Trennung am 4. Tag<\/h3><p class=\"has-text-align-left\">Auch unsere Kita-Eingew&ouml;hnung wurde nach dem Berliner Modell durchgef&uuml;hrt. Drei Tage lang durfte unser 14 Monate alter Sohn jeweils 1-2 Stunden die R&auml;umlichkeiten erkunden, w&auml;hrend ich noch anwesend war. Daran hatte er offensichtlich gro&szlig;en Spa&szlig;. Auch der<strong> erste Trennungsversuch am vierten Tag<\/strong>, insgesamt 10 Minuten, lief super. Er suchte wohl kurz nach mir, spielte dann aber weiter.<\/p><h3 class=\"wp-block-heading\" id=\"h-schwieriger-abschied-am-5-tag\">Schwieriger Abschied am 5. Tag<\/h3><p class=\"has-text-align-left\">Erst <strong>am f&uuml;nften Tag fing er, als er mich weggehen sah, bitterlich an zu weinen<\/strong>. Diese Erfahrung, wenn das eigene Kind weint und man ihm einfach den R&uuml;cken zudreht, w&uuml;nsche ich wirklich niemandem. Das ist wirklich schwer auszuhalten. Sein Bezugserzieher konnte ihn soweit beruhigen und er verbrachte die 30 Minuten, die ich wegblieb, auf dessen Arm.<\/p><h3 class=\"wp-block-heading\" id=\"h-langsame-eingewohnung-gibt-mir-ein-gutes-gefuhl\">Langsame Eingew&ouml;hnung gibt mir ein gutes Gef&uuml;hl<\/h3><p class=\"has-text-align-left\">Die n&auml;chsten Tage liefen besser und die <strong>Zeit meiner Abwesenheit wurde sukzessive auf 3 Stunden ausgedehnt<\/strong>. Nach dem Mittagessen, also vor seinem Schlaf, nehme ich ihn dann jeden Tag mit nach Hause. Auch wenn die Eingew&ouml;hnung nun soweit abgeschlossen ist, wollen wir das noch einige Tage so beibehalten. <strong>In einem n&auml;chsten Schritt soll er dann lernen, auch seinen Mittagsschlaf vor Ort zu machen <\/strong>und wir gehen einige Zeit direkt danach nach Hause. Erst, wenn er sich richtig wohl f&uuml;hlt und die Bindung zu den Erziehern fest ist, m&ouml;chte ich die 5-7 Stunden, die wir zur Verf&uuml;gung haben, voll aussch&ouml;pfen.<\/p><h2 class=\"wp-block-heading\" id=\"h-fazit-berliner-modell-tut-deinem-kind-gut\"><span class=\"ez-toc-section\" id=\"Fazit_Berliner_Modell_tut_Deinem_Kind_gut\"><\/span>Fazit: Berliner Modell tut Deinem Kind gut<span class=\"ez-toc-section-end\"><\/span><\/h2><p>Auch, wenn Dir die Zeit, die Du mit Deinem Kind in der Kita verbringst, anfangs lang vorkommt: <strong>Dein Kind braucht diese Zeit, um sich mir Dir als vertrautem Begleiter, um sich an die neue Umgebung und an die vielen neuen Personen zu gew&ouml;hnen. <\/strong><\/p><p>Das <strong>Berliner Modell ist auf die Individualit&auml;t eines jeden Kita-Kindes ausgerichtet <\/strong>und erm&ouml;glicht den Erzieher:innen viel Flexibilit&auml;t. Voraussetzung ist aber auch, dass der Zeitplan, in dem mehrere Kinder nacheinander in die Kita eingew&ouml;hnt werden, bei einer fachgerechten Umsetzung des Berliner Modells nicht zu straff sein darf. Sonst hat die neue Bezugsperson mitunter nicht die Kapazit&auml;ten, die sie vielleicht f&uuml;r Dein Kind br&auml;uchte.<\/p><h3 class=\"wp-block-heading\" id=\"h-eingewohnung-nach-dem-berliner-modell-die-besten-tipps-zusammengefasst\">Eingew&ouml;hnung nach dem Berliner Modell: Die besten Tipps zusammengefasst<\/h3><p><strong>Mit den folgenden Tipps wirst Du die Krippen- oder Kindergarteneingew&ouml;hnung nach dem Berliner Modell mit Deinem Kind gut meistern:<\/strong><\/p><ul class=\"wp-block-list\">\n<li>Plane <strong>ausreichend Zeit<\/strong> f&uuml;r die Eingew&ouml;hnung ein (mindestens drei Wochen). <\/li>\n\n\n\n<li><strong>Vertraue dem Betreuungspersonal <\/strong>und deren Erfahrung.<\/li>\n\n\n\n<li>Gehe mit einer <strong>positiven Einstellung <\/strong>in die Eingew&ouml;hnung &ndash; das &uuml;bertr&auml;gt sich auf Dein Kind, genauso wie skeptische Gef&uuml;hle.<\/li>\n\n\n\n<li><strong>Bringe auch Deinem Kind Vertrauen entgegen.<\/strong><\/li>\n\n\n\n<li>Verabschiede Dich wirklich immer von Deinem Kind. <strong>Halte die Abschiedssituation dabei kurz.<\/strong> Einmal umgedreht, verlasse den Raum z&uuml;gig &ndash; auch, wenn Dein Kind weint und es Dir schwerf&auml;llt.<\/li>\n\n\n\n<li><strong>Fokussiere Dich w&auml;hrend der gemeinsamen Zeit in der Gruppe auf Dein Kind<\/strong> &ndash; lass&lsquo; aber auch zu, wenn Dein Kind von sich aus alleine, mit anderen Kindern oder mit der Erzieherin zu spielen beginnt.<\/li>\n\n\n\n<li>Wenn Du sehr unter den ersten Trennungen leidest, versuche Dich unbedingt abzulenken. <strong>Nutze die Momente der Trennung f&uuml;r Dich selbst <\/strong>&ndash; mit allem, was Dir gerade guttut oder Dich auf andere Gedanken bringt (Je nach Dauer Lesen, basteln, Hausarbeit, Gespr&auml;che mit anderen Eltern oder der besten Freundin am Telefon).<\/li>\n\n\n\n<li><strong>Lasse aber ruhig auch Deine Tr&auml;nen zu!<\/strong> <\/li>\n\n\n\n<li>Plane <strong>keine wichtigen Termine <\/strong>unmittelbar nach dem Kita-Besuch in der Eingew&ouml;hnungszeit ein und auch nicht zu viel Freizeit-Action. Ein guter Mittagsschlaf und der normale Familienalltag geben Deinem Kind Stabilit&auml;t, mit den ungewohnten Neuerungen zurecht zu kommen.<\/li>\n\n\n\n<li>Falls Du Dein Krippenkind noch stillst und Ihr Euch damit wohlf&uuml;hlt, behalte Euer Ritual ruhig noch bei. Dasselbe gilt f&uuml;r&rsquo;s Fl&auml;schchen geben und das <a href=\"https:\/\/www.babyartikel.de\/magazin\/baby-einschlafrituale\">Einschlafritual am Abend.<\/a><\/li>\n\n\n\n<li>Wenn Du nach mehreren Tagen \/ Wochen das Gef&uuml;hl hast, dass die Eingew&ouml;hnung nicht fachgerecht nach dem Berliner Modell durchgef&uuml;hrt wird, <strong>suche das Gespr&auml;ch mit der Bezugserzieher:in oder mit der Einrichtungsleitung<\/strong>. <\/li>\n\n\n\n<li><strong>Lass&lsquo; Dich nicht verunsichern, wenn Dein Kind nach einer erfolgreichen Berliner Modell-Eingew&ouml;hnung pl&ouml;tzlich &bdquo;R&uuml;ckschritte&ldquo; macht <\/strong>und sich schlecht trennen kann. Das ist normal, weil Dein Kind Zeit braucht, um zu verstehen, dass die Kita jetzt zu seinem festen Alltag geh&ouml;rt.<\/li>\n<\/ul><p><strong><em>Konnte ich alle Deine Fragen zur Eingew&ouml;hnung nach dem Berliner Modell beantworten? Wie sind Deine Erfahrungen mit diesem Konzept? Ich bin gespannt auf Deinen Kommentar!<\/em><\/strong><\/p><div class=\"credits-overlay\" data-target=\".wp-image-822606\"><a href=\"#\" target=\"_blank\">&copy; New Africa &ndash; stock.adobe.com<\/a><\/div><\/p>\n","protected":false},"excerpt":{"rendered":"<p>&bdquo;Bed&uuml;rfnisorientierte Erziehung&ldquo; steht&nbsp;mittlerweile bei vielen jungen Eltern im Vordergrund. Auch in Kindertagesst&auml;tten&nbsp;ist dieser&nbsp;kindgerechte Ansatz mittlerweile angekommen: Viele Kitas machen die Eingew&ouml;hnung nach dem sogenannten &bdquo;Berliner Modell&ldquo;. Was steckt dahinter und warum wird dabei so vorsichtig vorgegangen? Wie die Eingew&ouml;hnung nach dem Berliner Modell abl&auml;uft, was dabei auf Dich als Mama oder Papa zukommt und welche [&#8230;]<\/p>\n<p><a class=\"btn btn-secondary understrap-read-more-link\" href=\"https:\/\/www.babyartikel.de\/magazin\/kita-eingewoehnung-nach-dem-berliner-modell\">Weiterlesen&#8230;<\/a><\/p>\n","protected":false},"author":34,"featured_media":822606,"comment_status":"open","ping_status":"open","sticky":false,"template":"","format":"standard","meta":{"_acf_changed":false,"footnotes":""},"categories":[2827,1430,2802],"tags":[1514],"class_list":["post-25668","post","type-post","status-publish","format-standard","has-post-thumbnail","hentry","category-kindergarten-kita","category-kleinkind","category-mamablogger-berichten","tag-kita"],"acf":[],"yoast_head":"<!-- This site is optimized with the Yoast SEO Premium plugin v27.2 (Yoast SEO v27.2) - https:\/\/yoast.com\/product\/yoast-seo-premium-wordpress\/ -->\n<title>Berliner Modell: Kita-Eingew\u00f6hnung auf die sanfte Tour | Babyartikel.de Magazin<\/title>\n<meta name=\"description\" content=\"Berliner Modell: Lies hier, was Du \u00fcber das \u2764 bed\u00fcrfnisorientierte Konzept \u2764 wissen musst - und wie Ihr die Kita-Eingew\u00f6hnung meistert.\" \/>\n<meta name=\"robots\" content=\"index, follow, max-snippet:-1, max-image-preview:large, max-video-preview:-1\" \/>\n<link rel=\"canonical\" href=\"https:\/\/www.babyartikel.de\/magazin\/kita-eingewoehnung-nach-dem-berliner-modell\" \/>\n<meta property=\"og:locale\" content=\"de_DE\" \/>\n<meta property=\"og:type\" content=\"article\" \/>\n<meta property=\"og:title\" content=\"Berliner Modell: Kita-Eingew\u00f6hnung auf die sanfte Tour\" \/>\n<meta property=\"og:description\" content=\"Berliner Modell: Lies hier, was Du \u00fcber das \u2764 bed\u00fcrfnisorientierte Konzept \u2764 wissen musst - und wie Ihr die Kita-Eingew\u00f6hnung meistert.\" \/>\n<meta property=\"og:url\" content=\"https:\/\/www.babyartikel.de\/magazin\/kita-eingewoehnung-nach-dem-berliner-modell\" \/>\n<meta property=\"og:site_name\" content=\"Babyartikel.de Magazin\" \/>\n<meta property=\"article:author\" content=\"https:\/\/www.facebook.com\/babyledweaning.de\/\" \/>\n<meta property=\"article:published_time\" content=\"2016-10-09T06:20:31+00:00\" \/>\n<meta property=\"article:modified_time\" content=\"2024-09-09T08:05:33+00:00\" \/>\n<meta property=\"og:image\" content=\"https:\/\/cdn.magazin.babyartikel.de\/magazin\/wp-content\/uploads\/2016\/10\/AdobeStock_268687274-scaled.jpeg\" \/>\n\t<meta property=\"og:image:width\" content=\"2560\" \/>\n\t<meta property=\"og:image:height\" content=\"1707\" \/>\n\t<meta property=\"og:image:type\" content=\"image\/jpeg\" \/>\n<meta name=\"author\" content=\"Hanna Bose\" \/>\n<meta name=\"twitter:card\" content=\"summary_large_image\" \/>\n<meta name=\"twitter:label1\" content=\"Verfasst von\" \/>\n\t<meta name=\"twitter:data1\" content=\"Hanna Bose\" \/>\n\t<meta name=\"twitter:label2\" content=\"Gesch\u00e4tzte Lesezeit\" \/>\n\t<meta name=\"twitter:data2\" content=\"10\u00a0Minuten\" \/>\n<script type=\"application\/ld+json\" class=\"yoast-schema-graph\">{\"@context\":\"https:\/\/schema.org\",\"@graph\":[{\"@type\":\"Article\",\"@id\":\"https:\/\/www.babyartikel.de\/magazin\/kita-eingewoehnung-nach-dem-berliner-modell#article\",\"isPartOf\":{\"@id\":\"https:\/\/www.babyartikel.de\/magazin\/kita-eingewoehnung-nach-dem-berliner-modell\"},\"author\":{\"name\":\"Hanna Bose\",\"@id\":\"https:\/\/www.babyartikel.de\/magazin\/#\/schema\/person\/6ee1e315ac6bd5b2cf5cfc51901067dd\"},\"headline\":\"Berliner Modell: Kita-Eingew\u00f6hnung auf die sanfte Tour\",\"datePublished\":\"2016-10-09T06:20:31+00:00\",\"dateModified\":\"2024-09-09T08:05:33+00:00\",\"mainEntityOfPage\":{\"@id\":\"https:\/\/www.babyartikel.de\/magazin\/kita-eingewoehnung-nach-dem-berliner-modell\"},\"wordCount\":1782,\"commentCount\":3,\"image\":{\"@id\":\"https:\/\/www.babyartikel.de\/magazin\/kita-eingewoehnung-nach-dem-berliner-modell#primaryimage\"},\"thumbnailUrl\":\"https:\/\/media.babyartikel.de\/magazin\/wp-content\/uploads\/2016\/10\/AdobeStock_268687274-scaled.jpeg\",\"keywords\":[\"kita\"],\"articleSection\":[\"Kindergarten &amp; KiTa\",\"Kleinkind\",\"Mamablogger berichten\"],\"inLanguage\":\"de\",\"potentialAction\":[{\"@type\":\"CommentAction\",\"name\":\"Comment\",\"target\":[\"https:\/\/www.babyartikel.de\/magazin\/kita-eingewoehnung-nach-dem-berliner-modell#respond\"]}]},{\"@type\":\"WebPage\",\"@id\":\"https:\/\/www.babyartikel.de\/magazin\/kita-eingewoehnung-nach-dem-berliner-modell\",\"url\":\"https:\/\/www.babyartikel.de\/magazin\/kita-eingewoehnung-nach-dem-berliner-modell\",\"name\":\"Berliner Modell: Kita-Eingew\u00f6hnung auf die sanfte Tour | Babyartikel.de Magazin\",\"isPartOf\":{\"@id\":\"https:\/\/www.babyartikel.de\/magazin\/#website\"},\"primaryImageOfPage\":{\"@id\":\"https:\/\/www.babyartikel.de\/magazin\/kita-eingewoehnung-nach-dem-berliner-modell#primaryimage\"},\"image\":{\"@id\":\"https:\/\/www.babyartikel.de\/magazin\/kita-eingewoehnung-nach-dem-berliner-modell#primaryimage\"},\"thumbnailUrl\":\"https:\/\/media.babyartikel.de\/magazin\/wp-content\/uploads\/2016\/10\/AdobeStock_268687274-scaled.jpeg\",\"datePublished\":\"2016-10-09T06:20:31+00:00\",\"dateModified\":\"2024-09-09T08:05:33+00:00\",\"author\":{\"@id\":\"https:\/\/www.babyartikel.de\/magazin\/#\/schema\/person\/6ee1e315ac6bd5b2cf5cfc51901067dd\"},\"description\":\"Berliner Modell: Lies hier, was Du \u00fcber das \u2764 bed\u00fcrfnisorientierte Konzept \u2764 wissen musst - und wie Ihr die Kita-Eingew\u00f6hnung meistert.\",\"breadcrumb\":{\"@id\":\"https:\/\/www.babyartikel.de\/magazin\/kita-eingewoehnung-nach-dem-berliner-modell#breadcrumb\"},\"inLanguage\":\"de\",\"potentialAction\":[{\"@type\":\"ReadAction\",\"target\":[\"https:\/\/www.babyartikel.de\/magazin\/kita-eingewoehnung-nach-dem-berliner-modell\"]}]},{\"@type\":\"ImageObject\",\"inLanguage\":\"de\",\"@id\":\"https:\/\/www.babyartikel.de\/magazin\/kita-eingewoehnung-nach-dem-berliner-modell#primaryimage\",\"url\":\"https:\/\/media.babyartikel.de\/magazin\/wp-content\/uploads\/2016\/10\/AdobeStock_268687274-scaled.jpeg\",\"contentUrl\":\"https:\/\/media.babyartikel.de\/magazin\/wp-content\/uploads\/2016\/10\/AdobeStock_268687274-scaled.jpeg\",\"width\":2560,\"height\":1707,\"caption\":\"Little child holding hands with his father outdoors, closeup. Family time\"},{\"@type\":\"BreadcrumbList\",\"@id\":\"https:\/\/www.babyartikel.de\/magazin\/kita-eingewoehnung-nach-dem-berliner-modell#breadcrumb\",\"itemListElement\":[{\"@type\":\"ListItem\",\"position\":1,\"name\":\"Startseite\",\"item\":\"https:\/\/www.babyartikel.de\/magazin\"},{\"@type\":\"ListItem\",\"position\":2,\"name\":\"Berliner Modell: Kita-Eingew\u00f6hnung auf die sanfte Tour\"}]},{\"@type\":\"WebSite\",\"@id\":\"https:\/\/www.babyartikel.de\/magazin\/#website\",\"url\":\"https:\/\/www.babyartikel.de\/magazin\/\",\"name\":\"Babyartikel.de Magazin\",\"description\":\"\",\"potentialAction\":[{\"@type\":\"SearchAction\",\"target\":{\"@type\":\"EntryPoint\",\"urlTemplate\":\"https:\/\/www.babyartikel.de\/magazin\/?s={search_term_string}\"},\"query-input\":{\"@type\":\"PropertyValueSpecification\",\"valueRequired\":true,\"valueName\":\"search_term_string\"}}],\"inLanguage\":\"de\"},{\"@type\":\"Person\",\"@id\":\"https:\/\/www.babyartikel.de\/magazin\/#\/schema\/person\/6ee1e315ac6bd5b2cf5cfc51901067dd\",\"name\":\"Hanna Bose\",\"image\":{\"@type\":\"ImageObject\",\"inLanguage\":\"de\",\"@id\":\"https:\/\/secure.gravatar.com\/avatar\/1dd69317cf23cfe19f265b2c9eca62c20a8cd1bef58878b246fa55e1a1840b81?s=96&d=mm&r=g\",\"url\":\"https:\/\/secure.gravatar.com\/avatar\/1dd69317cf23cfe19f265b2c9eca62c20a8cd1bef58878b246fa55e1a1840b81?s=96&d=mm&r=g\",\"contentUrl\":\"https:\/\/secure.gravatar.com\/avatar\/1dd69317cf23cfe19f265b2c9eca62c20a8cd1bef58878b246fa55e1a1840b81?s=96&d=mm&r=g\",\"caption\":\"Hanna Bose\"},\"description\":\"Ich bin Hanna und Mama von drei Jungs. Als Fachkraft f\u00fcr babyfreundliche Beikost schreibe ich unter anderem \u00fcber Baby Led Weaning und Beikostthemen, aber auch \u00fcber alle anderen Belange rund um Schwangerschaft, Babyzeit und dar\u00fcber hinaus.\",\"sameAs\":[\"https:\/\/babyled-weaning.de\",\"https:\/\/www.facebook.com\/babyledweaning.de\/\",\"https:\/\/www.instagram.com\/baby.led.weaning_de\/\",\"https:\/\/www.pinterest.de\/mutterinstinkte\/\"],\"url\":\"https:\/\/www.babyartikel.de\/magazin\/author\/hanna\"}]}<\/script>\n<!-- \/ Yoast SEO Premium plugin. -->","yoast_head_json":{"title":"Berliner Modell: Kita-Eingew\u00f6hnung auf die sanfte Tour | Babyartikel.de Magazin","description":"Berliner Modell: Lies hier, was Du \u00fcber das \u2764 bed\u00fcrfnisorientierte Konzept \u2764 wissen musst - und wie Ihr die Kita-Eingew\u00f6hnung meistert.","robots":{"index":"index","follow":"follow","max-snippet":"max-snippet:-1","max-image-preview":"max-image-preview:large","max-video-preview":"max-video-preview:-1"},"canonical":"https:\/\/www.babyartikel.de\/magazin\/kita-eingewoehnung-nach-dem-berliner-modell","og_locale":"de_DE","og_type":"article","og_title":"Berliner Modell: Kita-Eingew\u00f6hnung auf die sanfte Tour","og_description":"Berliner Modell: Lies hier, was Du \u00fcber das \u2764 bed\u00fcrfnisorientierte Konzept \u2764 wissen musst - und wie Ihr die Kita-Eingew\u00f6hnung meistert.","og_url":"https:\/\/www.babyartikel.de\/magazin\/kita-eingewoehnung-nach-dem-berliner-modell","og_site_name":"Babyartikel.de Magazin","article_author":"https:\/\/www.facebook.com\/babyledweaning.de\/","article_published_time":"2016-10-09T06:20:31+00:00","article_modified_time":"2024-09-09T08:05:33+00:00","og_image":[{"width":2560,"height":1707,"url":"https:\/\/cdn.magazin.babyartikel.de\/magazin\/wp-content\/uploads\/2016\/10\/AdobeStock_268687274-scaled.jpeg","type":"image\/jpeg"}],"author":"Hanna Bose","twitter_card":"summary_large_image","twitter_misc":{"Verfasst von":"Hanna Bose","Gesch\u00e4tzte Lesezeit":"10\u00a0Minuten"},"schema":{"@context":"https:\/\/schema.org","@graph":[{"@type":"Article","@id":"https:\/\/www.babyartikel.de\/magazin\/kita-eingewoehnung-nach-dem-berliner-modell#article","isPartOf":{"@id":"https:\/\/www.babyartikel.de\/magazin\/kita-eingewoehnung-nach-dem-berliner-modell"},"author":{"name":"Hanna Bose","@id":"https:\/\/www.babyartikel.de\/magazin\/#\/schema\/person\/6ee1e315ac6bd5b2cf5cfc51901067dd"},"headline":"Berliner Modell: Kita-Eingew\u00f6hnung auf die sanfte Tour","datePublished":"2016-10-09T06:20:31+00:00","dateModified":"2024-09-09T08:05:33+00:00","mainEntityOfPage":{"@id":"https:\/\/www.babyartikel.de\/magazin\/kita-eingewoehnung-nach-dem-berliner-modell"},"wordCount":1782,"commentCount":3,"image":{"@id":"https:\/\/www.babyartikel.de\/magazin\/kita-eingewoehnung-nach-dem-berliner-modell#primaryimage"},"thumbnailUrl":"https:\/\/media.babyartikel.de\/magazin\/wp-content\/uploads\/2016\/10\/AdobeStock_268687274-scaled.jpeg","keywords":["kita"],"articleSection":["Kindergarten &amp; KiTa","Kleinkind","Mamablogger berichten"],"inLanguage":"de","potentialAction":[{"@type":"CommentAction","name":"Comment","target":["https:\/\/www.babyartikel.de\/magazin\/kita-eingewoehnung-nach-dem-berliner-modell#respond"]}]},{"@type":"WebPage","@id":"https:\/\/www.babyartikel.de\/magazin\/kita-eingewoehnung-nach-dem-berliner-modell","url":"https:\/\/www.babyartikel.de\/magazin\/kita-eingewoehnung-nach-dem-berliner-modell","name":"Berliner Modell: Kita-Eingew\u00f6hnung auf die sanfte Tour | Babyartikel.de Magazin","isPartOf":{"@id":"https:\/\/www.babyartikel.de\/magazin\/#website"},"primaryImageOfPage":{"@id":"https:\/\/www.babyartikel.de\/magazin\/kita-eingewoehnung-nach-dem-berliner-modell#primaryimage"},"image":{"@id":"https:\/\/www.babyartikel.de\/magazin\/kita-eingewoehnung-nach-dem-berliner-modell#primaryimage"},"thumbnailUrl":"https:\/\/media.babyartikel.de\/magazin\/wp-content\/uploads\/2016\/10\/AdobeStock_268687274-scaled.jpeg","datePublished":"2016-10-09T06:20:31+00:00","dateModified":"2024-09-09T08:05:33+00:00","author":{"@id":"https:\/\/www.babyartikel.de\/magazin\/#\/schema\/person\/6ee1e315ac6bd5b2cf5cfc51901067dd"},"description":"Berliner Modell: Lies hier, was Du \u00fcber das \u2764 bed\u00fcrfnisorientierte Konzept \u2764 wissen musst - und wie Ihr die Kita-Eingew\u00f6hnung meistert.","breadcrumb":{"@id":"https:\/\/www.babyartikel.de\/magazin\/kita-eingewoehnung-nach-dem-berliner-modell#breadcrumb"},"inLanguage":"de","potentialAction":[{"@type":"ReadAction","target":["https:\/\/www.babyartikel.de\/magazin\/kita-eingewoehnung-nach-dem-berliner-modell"]}]},{"@type":"ImageObject","inLanguage":"de","@id":"https:\/\/www.babyartikel.de\/magazin\/kita-eingewoehnung-nach-dem-berliner-modell#primaryimage","url":"https:\/\/media.babyartikel.de\/magazin\/wp-content\/uploads\/2016\/10\/AdobeStock_268687274-scaled.jpeg","contentUrl":"https:\/\/media.babyartikel.de\/magazin\/wp-content\/uploads\/2016\/10\/AdobeStock_268687274-scaled.jpeg","width":2560,"height":1707,"caption":"Little child holding hands with his father outdoors, closeup. Family time"},{"@type":"BreadcrumbList","@id":"https:\/\/www.babyartikel.de\/magazin\/kita-eingewoehnung-nach-dem-berliner-modell#breadcrumb","itemListElement":[{"@type":"ListItem","position":1,"name":"Startseite","item":"https:\/\/www.babyartikel.de\/magazin"},{"@type":"ListItem","position":2,"name":"Berliner Modell: Kita-Eingew\u00f6hnung auf die sanfte Tour"}]},{"@type":"WebSite","@id":"https:\/\/www.babyartikel.de\/magazin\/#website","url":"https:\/\/www.babyartikel.de\/magazin\/","name":"Babyartikel.de Magazin","description":"","potentialAction":[{"@type":"SearchAction","target":{"@type":"EntryPoint","urlTemplate":"https:\/\/www.babyartikel.de\/magazin\/?s={search_term_string}"},"query-input":{"@type":"PropertyValueSpecification","valueRequired":true,"valueName":"search_term_string"}}],"inLanguage":"de"},{"@type":"Person","@id":"https:\/\/www.babyartikel.de\/magazin\/#\/schema\/person\/6ee1e315ac6bd5b2cf5cfc51901067dd","name":"Hanna Bose","image":{"@type":"ImageObject","inLanguage":"de","@id":"https:\/\/secure.gravatar.com\/avatar\/1dd69317cf23cfe19f265b2c9eca62c20a8cd1bef58878b246fa55e1a1840b81?s=96&d=mm&r=g","url":"https:\/\/secure.gravatar.com\/avatar\/1dd69317cf23cfe19f265b2c9eca62c20a8cd1bef58878b246fa55e1a1840b81?s=96&d=mm&r=g","contentUrl":"https:\/\/secure.gravatar.com\/avatar\/1dd69317cf23cfe19f265b2c9eca62c20a8cd1bef58878b246fa55e1a1840b81?s=96&d=mm&r=g","caption":"Hanna Bose"},"description":"Ich bin Hanna und Mama von drei Jungs. Als Fachkraft f\u00fcr babyfreundliche Beikost schreibe ich unter anderem \u00fcber Baby Led Weaning und Beikostthemen, aber auch \u00fcber alle anderen Belange rund um Schwangerschaft, Babyzeit und dar\u00fcber hinaus.","sameAs":["https:\/\/babyled-weaning.de","https:\/\/www.facebook.com\/babyledweaning.de\/","https:\/\/www.instagram.com\/baby.led.weaning_de\/","https:\/\/www.pinterest.de\/mutterinstinkte\/"],"url":"https:\/\/www.babyartikel.de\/magazin\/author\/hanna"}]}},"abstract_sku":"","_links":{"self":[{"href":"https:\/\/www.babyartikel.de\/magazin\/wp-json\/wp\/v2\/posts\/25668","targetHints":{"allow":["GET"]}}],"collection":[{"href":"https:\/\/www.babyartikel.de\/magazin\/wp-json\/wp\/v2\/posts"}],"about":[{"href":"https:\/\/www.babyartikel.de\/magazin\/wp-json\/wp\/v2\/types\/post"}],"author":[{"embeddable":true,"href":"https:\/\/www.babyartikel.de\/magazin\/wp-json\/wp\/v2\/users\/34"}],"replies":[{"embeddable":true,"href":"https:\/\/www.babyartikel.de\/magazin\/wp-json\/wp\/v2\/comments?post=25668"}],"version-history":[{"count":33,"href":"https:\/\/www.babyartikel.de\/magazin\/wp-json\/wp\/v2\/posts\/25668\/revisions"}],"predecessor-version":[{"id":951393,"href":"https:\/\/www.babyartikel.de\/magazin\/wp-json\/wp\/v2\/posts\/25668\/revisions\/951393"}],"wp:featuredmedia":[{"embeddable":true,"href":"https:\/\/www.babyartikel.de\/magazin\/wp-json\/wp\/v2\/media\/822606"}],"wp:attachment":[{"href":"https:\/\/www.babyartikel.de\/magazin\/wp-json\/wp\/v2\/media?parent=25668"}],"wp:term":[{"taxonomy":"category","embeddable":true,"href":"https:\/\/www.babyartikel.de\/magazin\/wp-json\/wp\/v2\/categories?post=25668"},{"taxonomy":"post_tag","embeddable":true,"href":"https:\/\/www.babyartikel.de\/magazin\/wp-json\/wp\/v2\/tags?post=25668"}],"curies":[{"name":"wp","href":"https:\/\/api.w.org\/{rel}","templated":true}]}}