
{"id":2764,"date":"2015-01-05T09:31:59","date_gmt":"2015-01-05T08:31:59","guid":{"rendered":"\/magazin\/?p=2764"},"modified":"2024-11-14T12:25:57","modified_gmt":"2024-11-14T11:25:57","slug":"babybett-das-erste-bett-fuers-baby","status":"publish","type":"post","link":"https:\/\/www.babyartikel.de\/magazin\/babybett-das-erste-bett-fuers-baby","title":{"rendered":"Welches Babybett &#8211; Wie finde ich das richtige Modell?"},"content":{"rendered":"<p>Wenn es darum geht, welche <a href=\"https:\/\/www.babyartikel.de\/cat\/babybetten\">Baby-M&ouml;bel<\/a>&nbsp;gekauft werden m&uuml;ssen, f&auml;llt einem das <a href=\"https:\/\/www.babyartikel.de\/cat\/betten\">Babybett<\/a> als erstes ein. Doch bei der Suche f&auml;llt einem schnell auf, dass es nicht nur eine Art von Babybett gibt. Welches Babybett ist das richtige &ndash; Nehme ich einen <strong>Stubenwagen<\/strong>, eine <strong>Wiege<\/strong>, ein <strong>Beistellbett<\/strong> oder doch lieber ein <strong>Kinderbett<\/strong>?<p>Jedes <strong>Babybett<\/strong> hat andere praktische Vorteile. Oft spielt auch der Wohnraum eine gro&szlig;e Rolle f&uuml;r die Entscheidung. <strong>Wo<\/strong> soll das Kinderbett stehen und <strong>wie viel Platz<\/strong> steht dort zur Verf&uuml;gung? Oder <a href=\"https:\/\/www.babyartikel.de\/magazin\/soll-mein-baby-mit-uns-im-bett-schlafen\">schl&auml;ft das Baby bei uns im Bett<\/a>? Wenn das Budget knapp ist, kann auch die <strong>Nutzungsdauer<\/strong> eine Entscheidungshilfe f&uuml;r den Kauf sein. Wie viele Monate oder Jahre kann mein Baby in dem Babybett schlafen?<\/p><div id=\"ez-toc-container\" class=\"ez-toc-v2_0_82_2 counter-flat ez-toc-counter ez-toc-white ez-toc-container-direction\">\n<div class=\"ez-toc-title-container\">\n<p class=\"ez-toc-title\" style=\"cursor:inherit\">Inhaltsverzeichnis<\/p>\n<span class=\"ez-toc-title-toggle\"><a href=\"#\" class=\"ez-toc-pull-right ez-toc-btn ez-toc-btn-xs ez-toc-btn-default ez-toc-toggle\" aria-label=\"Toggle Table of Content\"><span class=\"ez-toc-js-icon-con\"><span class=\"\"><span class=\"eztoc-hide\" style=\"display:none;\">Toggle<\/span><span class=\"ez-toc-icon-toggle-span\"><svg style=\"fill: #999;color:#999\" xmlns=\"http:\/\/www.w3.org\/2000\/svg\" class=\"list-377408\" width=\"20px\" height=\"20px\" viewBox=\"0 0 24 24\" fill=\"none\"><path d=\"M6 6H4v2h2V6zm14 0H8v2h12V6zM4 11h2v2H4v-2zm16 0H8v2h12v-2zM4 16h2v2H4v-2zm16 0H8v2h12v-2z\" fill=\"currentColor\"><\/path><\/svg><svg style=\"fill: #999;color:#999\" class=\"arrow-unsorted-368013\" xmlns=\"http:\/\/www.w3.org\/2000\/svg\" width=\"10px\" height=\"10px\" viewBox=\"0 0 24 24\" version=\"1.2\" baseProfile=\"tiny\"><path d=\"M18.2 9.3l-6.2-6.3-6.2 6.3c-.2.2-.3.4-.3.7s.1.5.3.7c.2.2.4.3.7.3h11c.3 0 .5-.1.7-.3.2-.2.3-.5.3-.7s-.1-.5-.3-.7zM5.8 14.7l6.2 6.3 6.2-6.3c.2-.2.3-.5.3-.7s-.1-.5-.3-.7c-.2-.2-.4-.3-.7-.3h-11c-.3 0-.5.1-.7.3-.2.2-.3.5-.3.7s.1.5.3.7z\"\/><\/svg><\/span><\/span><\/span><\/a><\/span><\/div>\n<nav><ul class='ez-toc-list ez-toc-list-level-1 ' ><li class='ez-toc-page-1'><a class=\"ez-toc-link ez-toc-heading-1\" href=\"https:\/\/www.babyartikel.de\/magazin\/babybett-das-erste-bett-fuers-baby\/#Welches_Babybett_ist_das_richtige_fuer_mein_Baby\" >Welches Babybett ist das richtige f&uuml;r mein Baby?<\/a><\/li><li class='ez-toc-page-1'><a class=\"ez-toc-link ez-toc-heading-2\" href=\"https:\/\/www.babyartikel.de\/magazin\/babybett-das-erste-bett-fuers-baby\/#Beistellbetten\" >Beistellbetten<\/a><\/li><li class='ez-toc-page-1'><a class=\"ez-toc-link ez-toc-heading-3\" href=\"https:\/\/www.babyartikel.de\/magazin\/babybett-das-erste-bett-fuers-baby\/#Wiegen\" >Wiegen<\/a><\/li><li class='ez-toc-page-1'><a class=\"ez-toc-link ez-toc-heading-4\" href=\"https:\/\/www.babyartikel.de\/magazin\/babybett-das-erste-bett-fuers-baby\/#Stubenwagen\" >Stubenwagen<\/a><\/li><li class='ez-toc-page-1'><a class=\"ez-toc-link ez-toc-heading-5\" href=\"https:\/\/www.babyartikel.de\/magazin\/babybett-das-erste-bett-fuers-baby\/#Kinderbetten\" >Kinderbetten<\/a><\/li><li class='ez-toc-page-1'><a class=\"ez-toc-link ez-toc-heading-6\" href=\"https:\/\/www.babyartikel.de\/magazin\/babybett-das-erste-bett-fuers-baby\/#Wie_sind_die_Babybetten_ausgestattet\" >Wie sind die Babybetten ausgestattet?<\/a><\/li><li class='ez-toc-page-1'><a class=\"ez-toc-link ez-toc-heading-7\" href=\"https:\/\/www.babyartikel.de\/magazin\/babybett-das-erste-bett-fuers-baby\/#Gibt_es_Kombi-Babybetten\" >Gibt es Kombi-Babybetten?<\/a><\/li><\/ul><\/nav><\/div>\n<h2 class=\"wp-block-heading\" id=\"h-welches-babybett-ist-das-richtige-fur-mein-baby\"><span class=\"ez-toc-section\" id=\"Welches_Babybett_ist_das_richtige_fuer_mein_Baby\"><\/span>Welches Babybett ist das richtige f&uuml;r mein Baby?<span class=\"ez-toc-section-end\"><\/span><\/h2><h2 class=\"wp-block-heading\" id=\"h-beistellbetten\"><span class=\"ez-toc-section\" id=\"Beistellbetten\"><\/span>Beistellbetten<span class=\"ez-toc-section-end\"><\/span><\/h2><p>Heutzutage wollen viele Eltern Ihr Baby nachts ganz nah bei sich haben. Deshalb gibt es die praktischen und sch&ouml;nen <a href=\"https:\/\/www.babyartikel.de\/cat\/beistellbetten\">Beistellbetten<\/a>, die direkt am Elternbett befestigt werden. Hier solltest Du vor dem Kauf darauf achten, dass die H&ouml;he der Liegefl&auml;che des Beistellbettes dem Elternbett entspricht.<\/p><div class=\"marketing-slot\"><div id=\"block-18\" class=\"content-post-widget marketing-slot-1 widget_block\"><a href=\"#\" class=\"newsletter_popup\" style=\"\n  display: inline-block;\n  box-shadow: 0 4px 10px rgba(0,0,0,0.1);\n  margin: 20px auto;\n  max-width: 800px;\n  width: 100%;\">\n  <img src=\"https:\/\/media.babyartikel.de\/magazin\/wp-content\/uploads\/2025\/08\/NL-Banner-Magazin-8-25.webp\" alt=\"Newsletter Banner\" style=\"\n    width: 100%;\n    height: auto;\n    display: block;\" onclick=\"ga('send', 'event', 'banner', 'click', 'magazin-banner-newsletter-8-25');\">\n<\/a>\n\n\t<!-- Modal -->\n\t<div class=\"modal fade modal_popup\" id=\"newsletter_popup\" tabindex=\"-1\" aria-labelledby=\"exampleModalLabel\" aria-hidden=\"true\">\n\t\t<div class=\"modal-dialog modal-dialog-centered modal-dialog-scrollable\">\n\t\t\t<div class=\"modal-content\">\n\t\t\t\t<div class=\"modal-header small-header\">\n\t\t\t\t\t<h5 class=\"modal-title\" id=\"newsletterModalLabel\">\n\t\t\t\t\t\tNewsletter\t\t\t\t\t<\/h5>\n\t\t\t\t\t<button type=\"button\" class=\"btn-close small-close\" data-bs-dismiss=\"modal\" aria-label=\"Close\"><\/button>\n\t\t\t\t<\/div>\n\n\t\t\t\t<div class=\"modal-body\">\n\t\t\t\t\t\t<div class=\"newsletterForm-embed popup-form\">\n        <form name=\"newsletterSubscriptionForm\" id=\"newsletter_popup_69f352e3cfba3_form\" data-newsletter-id=\"newsletter_popup_69f352e3cfba3\" method=\"POST\">\n\n\t\t\t<input type=\"text\" name=\"website\" class=\"hidden\" tabindex=\"-1\" autocomplete=\"off\" style=\"position:absolute;left:-9999px;\">\n\t\t\t<input type=\"hidden\" name=\"ts\" value=\"1777554147\">\n\n\t\t\t                <input type=\"hidden\" name=\"emarsys-event-id\" value=\"3756\">\n            \n            \t\t\t<div class=\"mb-3\">\n\t\t\t\t<label for=\"date\" class=\"form-label\">Geburtstag\/ -termin Deines Babys<\/label>\n                <input type=\"date\" name=\"date\" class=\"input input--expand form-control\" required>\n\t\t\t<\/div>\n            \n\t\t\t<div class=\"mb-3\">\n\t\t\t\t<label for=\"email\" class=\"form-label\">E-Mail-Adresse<\/label>\n\t\t\t\t<input type=\"email\" name=\"email\" placeholder=\"E-Mail-Adresse\" class=\"input input--expand form-control\" required>\n\t\t\t<\/div>\n\n\t\t\t\t\t\t\t<button type=\"submit\" class=\"btn btn-primary\">Absenden<\/button>\n\t\t\t\n\t\t\t\t\t\t\t<div class=\"small mt-3\" style=\"font-weight:normal;\">\n\t\t\t\t\t\n\t\t\t<div class=\"mt-3\">\n\t\t\t\tJa, ich m&ouml;chte den Newsletter von Babyartikel.de erhalten und &uuml;ber Aktionen informiert werden.\n  Dabei darf mein Nutzungsverhalten (z. B. &Ouml;ffnungen und Klicks) zur Personalisierung ausgewertet werden.\n  Mehr finde ich in der <a href=\"\/de\/datenschutz\" style=\"text-decoration:underline\">Datenschutzerkl&auml;rung<\/a>.\n\t\t\t<\/div>\n\t\t\t\t\t\t<\/div>\n\t\t\t\n\t\t\t\t\t\t\t<div class=\"small mb-3 mt-3\" style=\"font-weight:normal;\">\n\t\t\t\t\tJederzeit abbestellbar | <a href=\"\/de\/datenschutz\" style=\"text-decoration:underline\">\n\t\t\t\t\t\tDatenschutzerkl&auml;rung\n\t\t\t\t\t<\/a>\n\t\t\t\t<\/div>\n\t\t\t\n        <\/form>\n    <\/div>\n\t\n\t\t\t\t\t<div class=\"response-messages_newsletter_popup_69f352e3cfba3\">\n\t\t\t\t\t\t<div class=\"alert alert-success success mt-3 mb-3 d-none\">\n\t\t\t\t\t\t\tNur noch ein Klick! Best&auml;tige Deine Anmeldung in der E-Mail, die du gleich erh&auml;ltst.\t\t\t\t\t\t<\/div>\n\t\t\t\t\t\t<div class=\"error mt-3 mb-3 d-none\">\n\t\t\t\t\t\t\t<div class=\"alert alert-danger \">\n\t\t\t\t\t\t\t\tEin Fehler ist aufgetreten. Bitte versuche es sp&auml;ter erneut.\t\t\t\t\t\t\t<\/div>\n\t\t\t\t\t\t<\/div>\n\t\t\t\t\t\t<div class=\"alert alert-danger other-2007 mt-3 mb-3 d-none\">\n\t\t\t\t\t\t\tUng&Atilde;&frac14;ltiges Datumsformat\t\t\t\t\t\t<\/div>\n\t\t\t\t\t<\/div>\n\t\t\t\t<\/div>\n\t\t\t<\/div>\n\t\t<\/div>\n\t<\/div>\n\n\t<\/div><!-- content-widget --><\/div><p><strong>Vorteile eines Beistellbetts<br><\/strong>In den ersten Monaten muss das Baby auch nachts &ouml;fter gestillt werden. Bei einem Bestellbett kannst Du Dein Baby ganz einfach zu Dir ins Bett holen und dort stillen. Dadurch musst Du nachts nicht st&auml;ndig aufstehen und bis morgens ausgeruhter.<br>Manche Beistellbetten k&ouml;nnen auch in ein frei stehendes, kleines Babybett umgebaut werden oder sogar nach der Babyzeit als Kinderbank weiter genutzt werden.<\/p><p><strong>Wie viel Platz nimmt ein Beistellbett ein?<br><\/strong>Beistellbetten nehmen am wenigsten Platz in Anspruch. Schon allein deshalb, weil sie direkt am Elternbett stehen und nicht frei im Raum.<br>Je nach Hersteller sind die Beistellbetten 43-48 cm breit, 85-96 cm lang und ca. 80 cm hoch.<\/p><div class=\"postslot1\">\t\t<div style=\"clear:both\"><\/div>\n\t\t\t\t\t\t<div id=\"productPanel743\" class=\"product-panel-bottom\">&nbsp;<\/div>\n\t\t\t\t\t\t<script type=\"module\">\n\t\t\t\t\t\t\trequestProductPanel(\"https:\/\/www.babyartikel.de\/magazin\/wp-content\/plugins\/wp-productpanel2\/ProductPanel.php\", \"?panel_type=automatic&basis_category=4-M-B-GB&basis_product=&swipe_mobile=1&postid=2764&template=auto&max=4&productPanelId=743&solrQuery=\", 743, 1);\n\t\t\t\t\t\t<\/script>\n\t\t\t\t\t<link rel=\"stylesheet\" href=\"https:\/\/cdn.jsdelivr.net\/npm\/swiper@8\/swiper-bundle.min.css\"><\/div><p><strong>Wie lange kann ich ein Beistellbett nutzen?<br><\/strong>In einem Beistellbett kann Dein Baby schlafen, bis es fast 8 Monate alt ist. Sp&auml;testens wenn es anf&auml;ngt selbst&auml;ndig zu sitzen, solltest Du das Beistellbett wechseln, damit es nicht &uuml;ber den Rand nach unten f&auml;llt.<\/p><div class=\"marketing-slot\"><div id=\"block-25\" class=\"content-post-widget marketing-slot-2 widget_block\"><a href=\"https:\/\/www.babyartikel.de\/de\/angebote\" data-track-link-click=\"true\" data-track-name=\"nyoutlet2026-magazin\" data-track-medium=\"banner-magazin-post\" data-track-campaign=\"magazin-banner-nyoutlet2026\" onclick=\"ga('send', 'event', 'banner', 'click', 'magazin-banner-nyoutlet2026');\" style=\"display:block;width:100%;text-align:center;\"><img src=\"https:\/\/media.babyartikel.de\/magazin\/wp-content\/uploads\/2026\/01\/NY-Outlet-10-2026.webp\" alt=\"Sale\" style=\"max-width:100%;\"><\/a><\/div><!-- content-widget --><\/div><h2 class=\"wp-block-heading\" id=\"h-wiegen\"><span class=\"ez-toc-section\" id=\"Wiegen\"><\/span>Wiegen<span class=\"ez-toc-section-end\"><\/span><\/h2><p><a href=\"https:\/\/www.babyartikel.de\/cat\/stubenwagen-wiegen\">Wiegen<\/a> sind ein echter Klassiker und passen trotzdem in modern eingerichtete Wohnungen.<br>Es gibt <strong>zwei Wiegenarten<\/strong>: Die <strong>klassische Wiege<\/strong> und die <strong>Pendelwiege<\/strong>. Die klassische Wiege kannst Du auf ihren Kufen komplett hin und herschaukeln, w&auml;hrend sich bei der Pendelwiege nur der Schlafkasten bewegt.<\/p><p><strong>Vorteile einer Wiege<br><\/strong>Mit einer Wiege kannst Du Deinen kleinen Schatz wunderbar in den Schlaf schaukeln. Pendelwiegen sind dazu noch mit Rollen ausgestattet und k&ouml;nnen wie der Stubenwagen mit in ein anderes Zimmer genommen werden.<\/p><p><strong>Wie viel Platz brauche ich f&uuml;r eine Wiege?<\/strong><br>Wiegen nehmen wenig Platz in Anspruch. Sie sind zwar meist etwas gr&ouml;&szlig;er als Beistellbetten, aber etwas schmaler als Stubenwagen und kleiner als Kinderbetten.<br>Je nach Hersteller sind die Beistellbetten 45-65 cm breit, 85-102 cm lang und 76-82 cm hoch (mit Himmel kommen etwa 70 cm in der H&ouml;he dazu).<\/p><p><strong>Wie lange kann ich eine Wiege nutzen?<br><\/strong>In einer Wiege kann Dein Baby schlafen, bis es fast 12 Monate alt ist.<br>Sobald das Kleine anf&auml;ngt selbst&auml;ndig zu sitzen und zu krabbeln, solltest Du von der Wiege zum Kinderbett wechseln, damit Dein Baby nicht &uuml;ber den Rand der Wiege f&auml;llt.<\/p><h2 class=\"wp-block-heading\" id=\"h-stubenwagen\"><span class=\"ez-toc-section\" id=\"Stubenwagen\"><\/span>Stubenwagen<span class=\"ez-toc-section-end\"><\/span><\/h2><p>Der <a href=\"https:\/\/www.babyartikel.de\/cat\/stubenwagen-wiegen\">Stubenwagen<\/a> ist nicht nur was f&uuml;r Nostalgiker. Mittlerweile erlebt der Stubenwagen ein echtes Revival! Warum? Weil er chic aussieht und gleichzeitig praktisch und bequem ist.<\/p><p><strong>Vorteile des Stubenwagens<br><\/strong>Durch die Rollen ist der Stubenwagen Dein mobiler Begleiter in jedem Zimmer. So ist das Baby immer in Deiner N&auml;he und Du kannst schnell reagieren, sollte es aufwachen und Dich vermissen.<br>Modernere Stubenwagen k&ouml;nnen oft auch umgebaut werden: in eine Wiege, ein Beistellbett, ein Kinderbett und manchmal sogar in eine Bank.<\/p><p><strong>Wie viel Platz brauche ich f&uuml;r einen Stubenwagen?<\/strong><br>Stubenwagen nehmen relativ wenig Platz in Anspruch. Jedoch sind die klassischen Stubenwagen mit Korb meist breiter, als die kastenf&ouml;rmigen Wiegen und Beistellbetten. Trotzdem sind sie viel kleiner als Kinderbetten.<br>Ein Stubenwagen ist, je nach Hersteller, 30-66 cm breit, 63-94 cm lang und 55-77 cm hoch (mit einem Himmel ca. 100 cm hoch).<\/p><p><strong>Wie lange kann ich einen Stubenwagen nutzen?<br><\/strong>In einem Stubenwagen kann Dein Baby schlafen, bis es fast 6 Monate alt ist.<br>Sp&auml;testens wenn Dein Baby anf&auml;ngt selbst&auml;ndig zu sitzen, solltest Du aber vom Stubenwagen zum Babybett wechseln, damit es nicht &uuml;ber den Rand nach unten f&auml;llt.<\/p><h2 class=\"wp-block-heading\" id=\"h-kinderbetten\"><span class=\"ez-toc-section\" id=\"Kinderbetten\"><\/span>Kinderbetten<span class=\"ez-toc-section-end\"><\/span><\/h2><p><a href=\"https:\/\/www.babyartikel.de\/cat\/gitterbetten\">Kinderbetten<\/a> k&ouml;nnen durch ihr modulares Design zum Teil bis zur Einschulung genutzt werden.<br>Es gibt zwei verschiedene Kinderbetten-Modelle: Kinderbetten mit den Ma&szlig;en 70 x 140 cm oder 60 x 120 cm. Je nachdem, wie viel Platz man zu Hause zu Verf&uuml;gung hat, kann man das gr&ouml;&szlig;ere oder kleinere Modell nutzen, bevor man dann ein gro&szlig;es Bett kauft.<\/p><p><strong>Vorteile des Kinderbetts<br><\/strong>Bei vielen Kinderbetten kannst Du die H&ouml;he des Lattenrostes verstellen. So kannst Du das Kinderbett nutzen, bis Dein kleiner Schatz krabbeln lernt. Dann wird der Lattenrost unten angebracht und Dein Baby kann sich an den St&auml;ben hochziehen, ohne runter zu fallen.<\/p><p>Bei manchen Kinderbetten kann man 2-3 St&auml;be herausnehmen und ein Schlupfloch herstellen, damit Dein Kleines alleine aus dem Bett und wieder hinein krabbeln kann.<\/p><p>Au&szlig;erdem k&ouml;nnen einige Kinderbetten zum Juniorbett umgebaut werden. Dazu werden die Gitterst&auml;be entfernt und oft auch das Kopf- und Fu&szlig;ende verkleinert. Dadurch kann Dein Kleines so wie die Gro&szlig;en schlafen, ohne dass gleich ein riesiges Bett in seinem Kinderzimmer stehen muss.<\/p><p><strong>Wie viel Platz nimmt ein Babybett ein?<\/strong><br>Das Babybett nimmt mit den Ma&szlig;en 70 x 140 cm oder 60 x 120 cm am meisten Platz ein.<\/p><p><strong>Wie lange kann ich ein Kinderbett nutzen?<br><\/strong>Das Kinderbett 60&times;120 cm kann Dein Kind nutzen bis es etwa 5 Jahre alt ist. Das Kinderbett 70&times;140 cm reicht, bis Dein Kind etwa 7 Jahre alt ist.<\/p><h2 class=\"wp-block-heading\" id=\"h-wie-sind-die-babybetten-ausgestattet\"><span class=\"ez-toc-section\" id=\"Wie_sind_die_Babybetten_ausgestattet\"><\/span>Wie sind die Babybetten ausgestattet?<span class=\"ez-toc-section-end\"><\/span><\/h2><p>Es gibt Einzelbetten und Komplett-Sets.<\/p><p>Bei Einzelbetten bekommst Du ein Bettgestell inklusive Lattenrost. Alles Weitere kannst Du frei nach Deinem Geschmack zusammenstellen. Wichtig f&uuml;r Eltern, die eine besonderes hochwertige Matratze und mehr Auswahl bei den Bett-Sets haben wollen.<\/p><p>Komplettbetten werden mit Himmel, Himmelhalter, Bettw&auml;sche, Nestchen und Matratze geliefert. Hier erh&auml;ltst Du alles auf einmal, ohne die einzelnen Teile selber zusammensuchen zu m&uuml;ssen.<\/p><h2 class=\"wp-block-heading\" id=\"h-gibt-es-kombi-babybetten\"><span class=\"ez-toc-section\" id=\"Gibt_es_Kombi-Babybetten\"><\/span>Gibt es Kombi-Babybetten?<span class=\"ez-toc-section-end\"><\/span><\/h2><p>Mittlerweile gibt es Babybetten, die in bis zu vier verschiedene Modelle umgebaut werden k&ouml;nnen: in einen <strong>Stubenwagen<\/strong> (mit Rollen), eine <strong>Wiege<\/strong> (mit Kufen), ein <strong>Beistellbett<\/strong> (ein Gitter abnehmbar) und ein <strong>Kinderbett<\/strong>. Manche dieser <strong>4in1-Stubenbetten<\/strong> oder <strong>Multifunktionsbetten<\/strong> k&ouml;nnen sogar in eine Kinderbank umgebaut werden.<br>Diese Kombi-Babybetten sind ideal f&uuml;r Eltern, die sich noch nicht fest f&uuml;r ein Modell entscheiden wollen.<\/p><p><strong><em>Schau doch mal in unser Video zum Thema Beistellbett rein:&nbsp;<\/em><\/strong><\/p><figure class=\"wp-block-embed is-type-video is-provider-youtube wp-block-embed-youtube wp-embed-aspect-16-9 wp-has-aspect-ratio\"><div class=\"wp-block-embed__wrapper\">\n<lite-youtube videoid=\"jHwiOCyqtSE\" style=\"background-image: url('https:\/\/yt.babyartikel.de\/jHwiOCyqtSE\/hqdefault.webp'\"><p class=\"lite-youtube__privacy-notice\">Beim Klick wird dieses Video von den YouTube-Servern geladen. Details siehe <a href=\"\/de\/datenschutz\">Datenschutzerkl&auml;rung<\/a>.<\/p><\/lite-youtube>\n<\/div><\/figure><div class=\"credits-overlay\" data-target=\".wp-image-5289\"><a href=\"#\" target=\"_blank\">&copy; marchibas &ndash; Fotolia.com<\/a><\/div><\/p>\n","protected":false},"excerpt":{"rendered":"<p>Wenn es darum geht, welche Baby-M&ouml;bel&nbsp;gekauft werden m&uuml;ssen, f&auml;llt einem das Babybett als erstes ein. Doch bei der Suche f&auml;llt einem schnell auf, dass es nicht nur eine Art von Babybett gibt. Welches Babybett ist das richtige &ndash; Nehme ich einen Stubenwagen, eine Wiege, ein Beistellbett oder doch lieber ein Kinderbett?Jedes Babybett hat andere praktische [&#8230;]<\/p>\n<p><a class=\"btn btn-secondary understrap-read-more-link\" href=\"https:\/\/www.babyartikel.de\/magazin\/babybett-das-erste-bett-fuers-baby\">Weiterlesen&#8230;<\/a><\/p>\n","protected":false},"author":19,"featured_media":5289,"comment_status":"open","ping_status":"open","sticky":false,"template":"","format":"standard","meta":{"_acf_changed":false,"footnotes":""},"categories":[79,2806],"tags":[],"class_list":["post-2764","post","type-post","status-publish","format-standard","has-post-thumbnail","hentry","category-baby","category-baby-erstausstattung"],"acf":[],"yoast_head":"<!-- This site is optimized with the Yoast SEO Premium plugin v27.2 (Yoast SEO v27.2) - https:\/\/yoast.com\/product\/yoast-seo-premium-wordpress\/ -->\n<title>Welches Babybett brauche ich? | Babyartikel.de Magazin<\/title>\n<meta name=\"description\" content=\"Welches Babybett ist das richtige? Egal ob Beistellbett, Wiege, Stubenwagen oder klassisches Kinderbett - bei uns erf\u00e4hrst Du, was zu Dir passt.\" \/>\n<meta name=\"robots\" content=\"index, follow, max-snippet:-1, max-image-preview:large, max-video-preview:-1\" \/>\n<link rel=\"canonical\" href=\"https:\/\/www.babyartikel.de\/magazin\/babybett-das-erste-bett-fuers-baby\" \/>\n<meta property=\"og:locale\" content=\"de_DE\" \/>\n<meta property=\"og:type\" content=\"article\" \/>\n<meta property=\"og:title\" content=\"Welches Babybett - Wie finde ich das richtige Modell?\" \/>\n<meta property=\"og:description\" content=\"Welches Babybett ist das richtige? Egal ob Beistellbett, Wiege, Stubenwagen oder klassisches Kinderbett - bei uns erf\u00e4hrst Du, was zu Dir passt.\" \/>\n<meta property=\"og:url\" content=\"https:\/\/www.babyartikel.de\/magazin\/babybett-das-erste-bett-fuers-baby\" \/>\n<meta property=\"og:site_name\" content=\"Babyartikel.de Magazin\" \/>\n<meta property=\"article:published_time\" content=\"2015-01-05T08:31:59+00:00\" \/>\n<meta property=\"article:modified_time\" content=\"2024-11-14T11:25:57+00:00\" \/>\n<meta property=\"og:image\" content=\"https:\/\/cdn.magazin.babyartikel.de\/magazin\/wp-content\/uploads\/2015\/01\/babybett-e1497944768706.jpg\" \/>\n\t<meta property=\"og:image:width\" content=\"1000\" \/>\n\t<meta property=\"og:image:height\" content=\"675\" \/>\n\t<meta property=\"og:image:type\" content=\"image\/jpeg\" \/>\n<meta name=\"author\" content=\"Anne\" \/>\n<meta name=\"twitter:card\" content=\"summary_large_image\" \/>\n<meta name=\"twitter:label1\" content=\"Verfasst von\" \/>\n\t<meta name=\"twitter:data1\" content=\"Anne\" \/>\n\t<meta name=\"twitter:label2\" content=\"Gesch\u00e4tzte Lesezeit\" \/>\n\t<meta name=\"twitter:data2\" content=\"7\u00a0Minuten\" \/>\n<script type=\"application\/ld+json\" class=\"yoast-schema-graph\">{\"@context\":\"https:\/\/schema.org\",\"@graph\":[{\"@type\":\"Article\",\"@id\":\"https:\/\/www.babyartikel.de\/magazin\/babybett-das-erste-bett-fuers-baby#article\",\"isPartOf\":{\"@id\":\"https:\/\/www.babyartikel.de\/magazin\/babybett-das-erste-bett-fuers-baby\"},\"author\":{\"name\":\"Anne\",\"@id\":\"https:\/\/www.babyartikel.de\/magazin\/#\/schema\/person\/c14b99a236c7e8e0440181061ecff817\"},\"headline\":\"Welches Babybett &#8211; Wie finde ich das richtige Modell?\",\"datePublished\":\"2015-01-05T08:31:59+00:00\",\"dateModified\":\"2024-11-14T11:25:57+00:00\",\"mainEntityOfPage\":{\"@id\":\"https:\/\/www.babyartikel.de\/magazin\/babybett-das-erste-bett-fuers-baby\"},\"wordCount\":1124,\"commentCount\":0,\"image\":{\"@id\":\"https:\/\/www.babyartikel.de\/magazin\/babybett-das-erste-bett-fuers-baby#primaryimage\"},\"thumbnailUrl\":\"https:\/\/media.babyartikel.de\/magazin\/wp-content\/uploads\/2015\/01\/babybett-e1497944768706.jpg\",\"articleSection\":[\"Baby\",\"Baby Erstausstattung\"],\"inLanguage\":\"de\",\"potentialAction\":[{\"@type\":\"CommentAction\",\"name\":\"Comment\",\"target\":[\"https:\/\/www.babyartikel.de\/magazin\/babybett-das-erste-bett-fuers-baby#respond\"]}]},{\"@type\":\"WebPage\",\"@id\":\"https:\/\/www.babyartikel.de\/magazin\/babybett-das-erste-bett-fuers-baby\",\"url\":\"https:\/\/www.babyartikel.de\/magazin\/babybett-das-erste-bett-fuers-baby\",\"name\":\"Welches Babybett brauche ich? | Babyartikel.de Magazin\",\"isPartOf\":{\"@id\":\"https:\/\/www.babyartikel.de\/magazin\/#website\"},\"primaryImageOfPage\":{\"@id\":\"https:\/\/www.babyartikel.de\/magazin\/babybett-das-erste-bett-fuers-baby#primaryimage\"},\"image\":{\"@id\":\"https:\/\/www.babyartikel.de\/magazin\/babybett-das-erste-bett-fuers-baby#primaryimage\"},\"thumbnailUrl\":\"https:\/\/media.babyartikel.de\/magazin\/wp-content\/uploads\/2015\/01\/babybett-e1497944768706.jpg\",\"datePublished\":\"2015-01-05T08:31:59+00:00\",\"dateModified\":\"2024-11-14T11:25:57+00:00\",\"author\":{\"@id\":\"https:\/\/www.babyartikel.de\/magazin\/#\/schema\/person\/c14b99a236c7e8e0440181061ecff817\"},\"description\":\"Welches Babybett ist das richtige? Egal ob Beistellbett, Wiege, Stubenwagen oder klassisches Kinderbett - bei uns erf\u00e4hrst Du, was zu Dir passt.\",\"breadcrumb\":{\"@id\":\"https:\/\/www.babyartikel.de\/magazin\/babybett-das-erste-bett-fuers-baby#breadcrumb\"},\"inLanguage\":\"de\",\"potentialAction\":[{\"@type\":\"ReadAction\",\"target\":[\"https:\/\/www.babyartikel.de\/magazin\/babybett-das-erste-bett-fuers-baby\"]}]},{\"@type\":\"ImageObject\",\"inLanguage\":\"de\",\"@id\":\"https:\/\/www.babyartikel.de\/magazin\/babybett-das-erste-bett-fuers-baby#primaryimage\",\"url\":\"https:\/\/media.babyartikel.de\/magazin\/wp-content\/uploads\/2015\/01\/babybett-e1497944768706.jpg\",\"contentUrl\":\"https:\/\/media.babyartikel.de\/magazin\/wp-content\/uploads\/2015\/01\/babybett-e1497944768706.jpg\",\"width\":1000,\"height\":675,\"caption\":\"Babybett\"},{\"@type\":\"BreadcrumbList\",\"@id\":\"https:\/\/www.babyartikel.de\/magazin\/babybett-das-erste-bett-fuers-baby#breadcrumb\",\"itemListElement\":[{\"@type\":\"ListItem\",\"position\":1,\"name\":\"Startseite\",\"item\":\"https:\/\/www.babyartikel.de\/magazin\"},{\"@type\":\"ListItem\",\"position\":2,\"name\":\"Welches Babybett &#8211; Wie finde ich das richtige Modell?\"}]},{\"@type\":\"WebSite\",\"@id\":\"https:\/\/www.babyartikel.de\/magazin\/#website\",\"url\":\"https:\/\/www.babyartikel.de\/magazin\/\",\"name\":\"Babyartikel.de Magazin\",\"description\":\"\",\"potentialAction\":[{\"@type\":\"SearchAction\",\"target\":{\"@type\":\"EntryPoint\",\"urlTemplate\":\"https:\/\/www.babyartikel.de\/magazin\/?s={search_term_string}\"},\"query-input\":{\"@type\":\"PropertyValueSpecification\",\"valueRequired\":true,\"valueName\":\"search_term_string\"}}],\"inLanguage\":\"de\"},{\"@type\":\"Person\",\"@id\":\"https:\/\/www.babyartikel.de\/magazin\/#\/schema\/person\/c14b99a236c7e8e0440181061ecff817\",\"name\":\"Anne\",\"image\":{\"@type\":\"ImageObject\",\"inLanguage\":\"de\",\"@id\":\"https:\/\/secure.gravatar.com\/avatar\/dc6bb895c7854c302aeeafbb6333e6f220ba26106b9f9a0202f83b0104b3729f?s=96&d=mm&r=g\",\"url\":\"https:\/\/secure.gravatar.com\/avatar\/dc6bb895c7854c302aeeafbb6333e6f220ba26106b9f9a0202f83b0104b3729f?s=96&d=mm&r=g\",\"contentUrl\":\"https:\/\/secure.gravatar.com\/avatar\/dc6bb895c7854c302aeeafbb6333e6f220ba26106b9f9a0202f83b0104b3729f?s=96&d=mm&r=g\",\"caption\":\"Anne\"},\"description\":\"Hallo! Ich bin Anne, 33 Jahre alt und Mama von zwei Jungs. Der Kleine wurde erst vor neun Wochen geboren und der Gro\u00dfe ist schon drei Jahre alt. Zusammen mit dem \u00e4ltesten \u201eJungen\u201c im Bunde (37) \u2013 auch Papa genannt \u2013 leben wir vier im bunten Berlin. Wenn ich meinen Lebensweg in einem Satz zusammenfassen m\u00fcsste, w\u00fcrde der momentan so lauten: Ich bin in Baden-W\u00fcrttemberg geboren, aufgewachsen und ausgebildet worden, habe in Bayern gearbeitet und in Berlin meine Kinder zur Welt gebracht und geheiratet. Schon seit einer Weile habe ich mit dem Gedanken gespielt \u00fcber meinen Alltag als Mama zu bloggen und freue mich, dass jetzt der Zeitpunkt gekommen ist, um damit anzufangen. Ich hoffe, dass ich dem ein oder anderen mit meinen Tipps, Erfahrungen und Gedanken zum ganz normalen Familienwahnsinn weiterhelfen oder euch einfach nur unterhalten kann.\",\"url\":\"https:\/\/www.babyartikel.de\/magazin\/author\/anne\"}]}<\/script>\n<!-- \/ Yoast SEO Premium plugin. -->","yoast_head_json":{"title":"Welches Babybett brauche ich? | Babyartikel.de Magazin","description":"Welches Babybett ist das richtige? Egal ob Beistellbett, Wiege, Stubenwagen oder klassisches Kinderbett - bei uns erf\u00e4hrst Du, was zu Dir passt.","robots":{"index":"index","follow":"follow","max-snippet":"max-snippet:-1","max-image-preview":"max-image-preview:large","max-video-preview":"max-video-preview:-1"},"canonical":"https:\/\/www.babyartikel.de\/magazin\/babybett-das-erste-bett-fuers-baby","og_locale":"de_DE","og_type":"article","og_title":"Welches Babybett - Wie finde ich das richtige Modell?","og_description":"Welches Babybett ist das richtige? Egal ob Beistellbett, Wiege, Stubenwagen oder klassisches Kinderbett - bei uns erf\u00e4hrst Du, was zu Dir passt.","og_url":"https:\/\/www.babyartikel.de\/magazin\/babybett-das-erste-bett-fuers-baby","og_site_name":"Babyartikel.de Magazin","article_published_time":"2015-01-05T08:31:59+00:00","article_modified_time":"2024-11-14T11:25:57+00:00","og_image":[{"width":1000,"height":675,"url":"https:\/\/cdn.magazin.babyartikel.de\/magazin\/wp-content\/uploads\/2015\/01\/babybett-e1497944768706.jpg","type":"image\/jpeg"}],"author":"Anne","twitter_card":"summary_large_image","twitter_misc":{"Verfasst von":"Anne","Gesch\u00e4tzte Lesezeit":"7\u00a0Minuten"},"schema":{"@context":"https:\/\/schema.org","@graph":[{"@type":"Article","@id":"https:\/\/www.babyartikel.de\/magazin\/babybett-das-erste-bett-fuers-baby#article","isPartOf":{"@id":"https:\/\/www.babyartikel.de\/magazin\/babybett-das-erste-bett-fuers-baby"},"author":{"name":"Anne","@id":"https:\/\/www.babyartikel.de\/magazin\/#\/schema\/person\/c14b99a236c7e8e0440181061ecff817"},"headline":"Welches Babybett &#8211; Wie finde ich das richtige Modell?","datePublished":"2015-01-05T08:31:59+00:00","dateModified":"2024-11-14T11:25:57+00:00","mainEntityOfPage":{"@id":"https:\/\/www.babyartikel.de\/magazin\/babybett-das-erste-bett-fuers-baby"},"wordCount":1124,"commentCount":0,"image":{"@id":"https:\/\/www.babyartikel.de\/magazin\/babybett-das-erste-bett-fuers-baby#primaryimage"},"thumbnailUrl":"https:\/\/media.babyartikel.de\/magazin\/wp-content\/uploads\/2015\/01\/babybett-e1497944768706.jpg","articleSection":["Baby","Baby Erstausstattung"],"inLanguage":"de","potentialAction":[{"@type":"CommentAction","name":"Comment","target":["https:\/\/www.babyartikel.de\/magazin\/babybett-das-erste-bett-fuers-baby#respond"]}]},{"@type":"WebPage","@id":"https:\/\/www.babyartikel.de\/magazin\/babybett-das-erste-bett-fuers-baby","url":"https:\/\/www.babyartikel.de\/magazin\/babybett-das-erste-bett-fuers-baby","name":"Welches Babybett brauche ich? | Babyartikel.de Magazin","isPartOf":{"@id":"https:\/\/www.babyartikel.de\/magazin\/#website"},"primaryImageOfPage":{"@id":"https:\/\/www.babyartikel.de\/magazin\/babybett-das-erste-bett-fuers-baby#primaryimage"},"image":{"@id":"https:\/\/www.babyartikel.de\/magazin\/babybett-das-erste-bett-fuers-baby#primaryimage"},"thumbnailUrl":"https:\/\/media.babyartikel.de\/magazin\/wp-content\/uploads\/2015\/01\/babybett-e1497944768706.jpg","datePublished":"2015-01-05T08:31:59+00:00","dateModified":"2024-11-14T11:25:57+00:00","author":{"@id":"https:\/\/www.babyartikel.de\/magazin\/#\/schema\/person\/c14b99a236c7e8e0440181061ecff817"},"description":"Welches Babybett ist das richtige? Egal ob Beistellbett, Wiege, Stubenwagen oder klassisches Kinderbett - bei uns erf\u00e4hrst Du, was zu Dir passt.","breadcrumb":{"@id":"https:\/\/www.babyartikel.de\/magazin\/babybett-das-erste-bett-fuers-baby#breadcrumb"},"inLanguage":"de","potentialAction":[{"@type":"ReadAction","target":["https:\/\/www.babyartikel.de\/magazin\/babybett-das-erste-bett-fuers-baby"]}]},{"@type":"ImageObject","inLanguage":"de","@id":"https:\/\/www.babyartikel.de\/magazin\/babybett-das-erste-bett-fuers-baby#primaryimage","url":"https:\/\/media.babyartikel.de\/magazin\/wp-content\/uploads\/2015\/01\/babybett-e1497944768706.jpg","contentUrl":"https:\/\/media.babyartikel.de\/magazin\/wp-content\/uploads\/2015\/01\/babybett-e1497944768706.jpg","width":1000,"height":675,"caption":"Babybett"},{"@type":"BreadcrumbList","@id":"https:\/\/www.babyartikel.de\/magazin\/babybett-das-erste-bett-fuers-baby#breadcrumb","itemListElement":[{"@type":"ListItem","position":1,"name":"Startseite","item":"https:\/\/www.babyartikel.de\/magazin"},{"@type":"ListItem","position":2,"name":"Welches Babybett &#8211; Wie finde ich das richtige Modell?"}]},{"@type":"WebSite","@id":"https:\/\/www.babyartikel.de\/magazin\/#website","url":"https:\/\/www.babyartikel.de\/magazin\/","name":"Babyartikel.de Magazin","description":"","potentialAction":[{"@type":"SearchAction","target":{"@type":"EntryPoint","urlTemplate":"https:\/\/www.babyartikel.de\/magazin\/?s={search_term_string}"},"query-input":{"@type":"PropertyValueSpecification","valueRequired":true,"valueName":"search_term_string"}}],"inLanguage":"de"},{"@type":"Person","@id":"https:\/\/www.babyartikel.de\/magazin\/#\/schema\/person\/c14b99a236c7e8e0440181061ecff817","name":"Anne","image":{"@type":"ImageObject","inLanguage":"de","@id":"https:\/\/secure.gravatar.com\/avatar\/dc6bb895c7854c302aeeafbb6333e6f220ba26106b9f9a0202f83b0104b3729f?s=96&d=mm&r=g","url":"https:\/\/secure.gravatar.com\/avatar\/dc6bb895c7854c302aeeafbb6333e6f220ba26106b9f9a0202f83b0104b3729f?s=96&d=mm&r=g","contentUrl":"https:\/\/secure.gravatar.com\/avatar\/dc6bb895c7854c302aeeafbb6333e6f220ba26106b9f9a0202f83b0104b3729f?s=96&d=mm&r=g","caption":"Anne"},"description":"Hallo! Ich bin Anne, 33 Jahre alt und Mama von zwei Jungs. Der Kleine wurde erst vor neun Wochen geboren und der Gro\u00dfe ist schon drei Jahre alt. Zusammen mit dem \u00e4ltesten \u201eJungen\u201c im Bunde (37) \u2013 auch Papa genannt \u2013 leben wir vier im bunten Berlin. Wenn ich meinen Lebensweg in einem Satz zusammenfassen m\u00fcsste, w\u00fcrde der momentan so lauten: Ich bin in Baden-W\u00fcrttemberg geboren, aufgewachsen und ausgebildet worden, habe in Bayern gearbeitet und in Berlin meine Kinder zur Welt gebracht und geheiratet. Schon seit einer Weile habe ich mit dem Gedanken gespielt \u00fcber meinen Alltag als Mama zu bloggen und freue mich, dass jetzt der Zeitpunkt gekommen ist, um damit anzufangen. Ich hoffe, dass ich dem ein oder anderen mit meinen Tipps, Erfahrungen und Gedanken zum ganz normalen Familienwahnsinn weiterhelfen oder euch einfach nur unterhalten kann.","url":"https:\/\/www.babyartikel.de\/magazin\/author\/anne"}]}},"abstract_sku":"","_links":{"self":[{"href":"https:\/\/www.babyartikel.de\/magazin\/wp-json\/wp\/v2\/posts\/2764","targetHints":{"allow":["GET"]}}],"collection":[{"href":"https:\/\/www.babyartikel.de\/magazin\/wp-json\/wp\/v2\/posts"}],"about":[{"href":"https:\/\/www.babyartikel.de\/magazin\/wp-json\/wp\/v2\/types\/post"}],"author":[{"embeddable":true,"href":"https:\/\/www.babyartikel.de\/magazin\/wp-json\/wp\/v2\/users\/19"}],"replies":[{"embeddable":true,"href":"https:\/\/www.babyartikel.de\/magazin\/wp-json\/wp\/v2\/comments?post=2764"}],"version-history":[{"count":28,"href":"https:\/\/www.babyartikel.de\/magazin\/wp-json\/wp\/v2\/posts\/2764\/revisions"}],"predecessor-version":[{"id":954086,"href":"https:\/\/www.babyartikel.de\/magazin\/wp-json\/wp\/v2\/posts\/2764\/revisions\/954086"}],"wp:featuredmedia":[{"embeddable":true,"href":"https:\/\/www.babyartikel.de\/magazin\/wp-json\/wp\/v2\/media\/5289"}],"wp:attachment":[{"href":"https:\/\/www.babyartikel.de\/magazin\/wp-json\/wp\/v2\/media?parent=2764"}],"wp:term":[{"taxonomy":"category","embeddable":true,"href":"https:\/\/www.babyartikel.de\/magazin\/wp-json\/wp\/v2\/categories?post=2764"},{"taxonomy":"post_tag","embeddable":true,"href":"https:\/\/www.babyartikel.de\/magazin\/wp-json\/wp\/v2\/tags?post=2764"}],"curies":[{"name":"wp","href":"https:\/\/api.w.org\/{rel}","templated":true}]}}