
{"id":294,"date":"2014-04-29T08:12:54","date_gmt":"2014-04-29T06:12:54","guid":{"rendered":"\/blog\/?p=294"},"modified":"2025-11-05T14:53:20","modified_gmt":"2025-11-05T13:53:20","slug":"unangenehmer-geruch-woche-9","status":"publish","type":"post","link":"https:\/\/www.babyartikel.de\/magazin\/unangenehmer-geruch-woche-9","title":{"rendered":"SSW-Update: Unangenehmer Geruch (9. SSW)"},"content":{"rendered":"<p><b>15. April 2014<\/b><p>Es ist 8.40 Uhr. Thomas steht pl&ouml;tzlich neben mir und fragt mich: &bdquo;Sag mal ist es Dir unangenehm, wenn ich Dir sage, dass Du m&uuml;ffelst?&ldquo; Pam! Das ist genau die Art von Frage, die eine Frau gerne fr&uuml;h am Morgen h&ouml;ren m&ouml;chte. Ich schlucke und wei&szlig; nicht so Recht, was ich antworten soll. Nat&uuml;rlich ist es mir unangenehm, wenn ich stinke! Aber da ich m&ouml;chte, dass wir uns immer die Wahrheit sagen, soll er solche Dinge auch aussprechen d&uuml;rfen.<\/p><p>&bdquo;Ich glaube, das liegt an der Schwangerschaft&ldquo;, antworte ich unwirsch. &bdquo;Ja sag es mir ruhig, denn ich merke es noch nicht einmal!&ldquo; Uff, wie peinlich. Wir sind jetzt zwar schon acht Jahre zusammen und wissen auch wie wir morgens nach dem Aufstehen &ndash; also in echt &ndash; aussehen, aber zu stinken, ohne es zu merken, ist echt bl&ouml;d.<\/p><div class=\"marketing-slot\"><div id=\"block-18\" class=\"content-post-widget marketing-slot-1 widget_block\"><a href=\"#\" class=\"newsletter_popup\" style=\"\n  display: inline-block;\n  box-shadow: 0 4px 10px rgba(0,0,0,0.1);\n  margin: 20px auto;\n  max-width: 800px;\n  width: 100%;\">\n  <img src=\"https:\/\/media.babyartikel.de\/magazin\/wp-content\/uploads\/2025\/08\/NL-Banner-Magazin-8-25.webp\" alt=\"Newsletter Banner\" style=\"\n    width: 100%;\n    height: auto;\n    display: block;\" onclick=\"ga('send', 'event', 'banner', 'click', 'magazin-banner-newsletter-8-25');\">\n<\/a>\n\n\t<!-- Modal -->\n\t<div class=\"modal fade modal_popup\" id=\"newsletter_popup\" tabindex=\"-1\" aria-labelledby=\"exampleModalLabel\" aria-hidden=\"true\">\n\t\t<div class=\"modal-dialog modal-dialog-centered modal-dialog-scrollable\">\n\t\t\t<div class=\"modal-content\">\n\t\t\t\t<div class=\"modal-header small-header\">\n\t\t\t\t\t<h5 class=\"modal-title\" id=\"newsletterModalLabel\">\n\t\t\t\t\t\tNewsletter\t\t\t\t\t<\/h5>\n\t\t\t\t\t<button type=\"button\" class=\"btn-close small-close\" data-bs-dismiss=\"modal\" aria-label=\"Close\"><\/button>\n\t\t\t\t<\/div>\n\n\t\t\t\t<div class=\"modal-body\">\n\t\t\t\t\t\t<div class=\"newsletterForm-embed popup-form\">\n        <form name=\"newsletterSubscriptionForm\" id=\"newsletter_popup_69f33f5134469_form\" data-newsletter-id=\"newsletter_popup_69f33f5134469\" method=\"POST\">\n\n\t\t\t<input type=\"text\" name=\"website\" class=\"hidden\" tabindex=\"-1\" autocomplete=\"off\" style=\"position:absolute;left:-9999px;\">\n\t\t\t<input type=\"hidden\" name=\"ts\" value=\"1777549137\">\n\n\t\t\t                <input type=\"hidden\" name=\"emarsys-event-id\" value=\"3756\">\n            \n            \t\t\t<div class=\"mb-3\">\n\t\t\t\t<label for=\"date\" class=\"form-label\">Geburtstag\/ -termin Deines Babys<\/label>\n                <input type=\"date\" name=\"date\" class=\"input input--expand form-control\" required>\n\t\t\t<\/div>\n            \n\t\t\t<div class=\"mb-3\">\n\t\t\t\t<label for=\"email\" class=\"form-label\">E-Mail-Adresse<\/label>\n\t\t\t\t<input type=\"email\" name=\"email\" placeholder=\"E-Mail-Adresse\" class=\"input input--expand form-control\" required>\n\t\t\t<\/div>\n\n\t\t\t\t\t\t\t<button type=\"submit\" class=\"btn btn-primary\">Absenden<\/button>\n\t\t\t\n\t\t\t\t\t\t\t<div class=\"small mt-3\" style=\"font-weight:normal;\">\n\t\t\t\t\t\n\t\t\t<div class=\"mt-3\">\n\t\t\t\tJa, ich m&ouml;chte den Newsletter von Babyartikel.de erhalten und &uuml;ber Aktionen informiert werden.\n  Dabei darf mein Nutzungsverhalten (z. B. &Ouml;ffnungen und Klicks) zur Personalisierung ausgewertet werden.\n  Mehr finde ich in der <a href=\"\/de\/datenschutz\" style=\"text-decoration:underline\">Datenschutzerkl&auml;rung<\/a>.\n\t\t\t<\/div>\n\t\t\t\t\t\t<\/div>\n\t\t\t\n\t\t\t\t\t\t\t<div class=\"small mb-3 mt-3\" style=\"font-weight:normal;\">\n\t\t\t\t\tJederzeit abbestellbar | <a href=\"\/de\/datenschutz\" style=\"text-decoration:underline\">\n\t\t\t\t\t\tDatenschutzerkl&auml;rung\n\t\t\t\t\t<\/a>\n\t\t\t\t<\/div>\n\t\t\t\n        <\/form>\n    <\/div>\n\t\n\t\t\t\t\t<div class=\"response-messages_newsletter_popup_69f33f5134469\">\n\t\t\t\t\t\t<div class=\"alert alert-success success mt-3 mb-3 d-none\">\n\t\t\t\t\t\t\tNur noch ein Klick! Best&auml;tige Deine Anmeldung in der E-Mail, die du gleich erh&auml;ltst.\t\t\t\t\t\t<\/div>\n\t\t\t\t\t\t<div class=\"error mt-3 mb-3 d-none\">\n\t\t\t\t\t\t\t<div class=\"alert alert-danger \">\n\t\t\t\t\t\t\t\tEin Fehler ist aufgetreten. Bitte versuche es sp&auml;ter erneut.\t\t\t\t\t\t\t<\/div>\n\t\t\t\t\t\t<\/div>\n\t\t\t\t\t\t<div class=\"alert alert-danger other-2007 mt-3 mb-3 d-none\">\n\t\t\t\t\t\t\tUng&Atilde;&frac14;ltiges Datumsformat\t\t\t\t\t\t<\/div>\n\t\t\t\t\t<\/div>\n\t\t\t\t<\/div>\n\t\t\t<\/div>\n\t\t<\/div>\n\t<\/div>\n\n\t<\/div><!-- content-widget --><\/div><p>F&uuml;r Thomas ist die Situation mindestens genauso unangenehm wie f&uuml;r mich. Er schlufft hinter mir her und denkt (so wie er schaut), dass ich wegen seiner Frage sauer bin. Ich versichere ihm, dass es v&ouml;llig in Ordnung ist, mir so etwas zu sagen. Das &auml;ndert aber nichts an der Tatsache, dass ich nicht m&uuml;ffeln will.<\/p><p>Ich befrage erst einmal das Internet &ndash; nach wenigen Klicks die Best&auml;tigung. Die Hormonumstellung in der Schwangerschaft kann einerseits dazu f&uuml;hren, dass Schwangere mehr K&ouml;rperfl&uuml;ssigkeiten ausscheiden. Dass sie mehr schwitzen. Andererseits ist es nicht un&uuml;blich, dass Schwangere intensiver\/ anders riechen. Sehr nett ausgedr&uuml;ckt. Ich bin also nicht die einzige m&uuml;ffelnde Schwangere. So weit so gut, doch was kann ich dagegen machen?<\/p><div class=\"postslot1\">[articles]<link rel=\"stylesheet\" href=\"https:\/\/cdn.jsdelivr.net\/npm\/swiper@8\/swiper-bundle.min.css\"><\/div><div class=\"marketing-slot\"><div id=\"block-25\" class=\"content-post-widget marketing-slot-2 widget_block\"><a href=\"https:\/\/www.babyartikel.de\/de\/angebote\" data-track-link-click=\"true\" data-track-name=\"nyoutlet2026-magazin\" data-track-medium=\"banner-magazin-post\" data-track-campaign=\"magazin-banner-nyoutlet2026\" onclick=\"ga('send', 'event', 'banner', 'click', 'magazin-banner-nyoutlet2026');\" style=\"display:block;width:100%;text-align:center;\"><img src=\"https:\/\/media.babyartikel.de\/magazin\/wp-content\/uploads\/2026\/01\/NY-Outlet-10-2026.webp\" alt=\"Sale\" style=\"max-width:100%;\"><\/a><\/div><!-- content-widget --><\/div><p>Bislang duschte ich jeden Tag einmal. Eigentlich schon viel zu viel f&uuml;r die empfindliche Haut, die durch das t&auml;gliche, hei&szlig;e Duschen und Einseifen belastet und ausgetrocknet wird (siehe &bdquo;<a href=\"https:\/\/www.mz-web.de\/leben\/gesundheit\/-koerperhygiene-zu-oft-duschen-schadet-der-haut-5158362\" target=\"_blank\" rel=\"noopener noreferrer\">Zu h&auml;ufig Duschen schadet der Haut<\/a>&ldquo;). Aber ich mag mich nicht an das Waschbecken stellen und mich umst&auml;ndlich mit einem Waschlappen reinigen. Dann lieber kurz unter das flie&szlig;ende Wasser und dabei das tolle Gef&uuml;hl von w&auml;rmenden Wasserstrahlen auf der Haut genie&szlig;en.<\/p><p>Doch einmal duschen und meine bisherige K&ouml;rperhygiene reichen offensichtlich nicht mehr aus, zumindest im Moment nicht. Ich entschlie&szlig;e, mich von nun an in der zweiten Tagesh&auml;lfte auf die <b>Waschlappen-Methode<\/b> zur&uuml;ck zu greifen (ausschlie&szlig;lich mit warmen Wasser). Au&szlig;erdem entferne ich meine Haare jetzt noch akribischer, denn die Hautbakterien, die den Schwei&szlig;geruch &uuml;berhaupt entstehen lassen, tummeln sich am Liebsten in <b>Achselhaaren<\/b>.<\/p><p><b>17. April 2014<\/b><\/p><p>Ich wechselte kurzerhand die <b>Deo<\/b> Marke, was nicht ganz einfach war, denn seit Jahren benutzte ich ein und dasselbe Produkt. Ich begab mich also auf die Suche nach einem neuen, wohlriechenden und wirksamen Deo, doch in der Drogerie wartete ein komplettes Regal auf mich. Das Durchlesen der Inhaltsstoffe und Beschreibungen dauerte eine halbe Ewigkeit, f&uuml;r die ich mein quengelndes M&auml;dchen mit einem Obstriegel bestechen musste. Schlie&szlig;lich k&ouml;derte mich das Balsam Deo von Seba Med: <i>&bdquo;Es bindet Geruchsstoffe und hemmt geruchsbildende Hautbakterien, ohne die nat&uuml;rliche Schwei&szlig;bildung zu unterdr&uuml;cken.&ldquo;<\/i><\/p><p>Das Deo riecht super und in Kombination mit dem zweifachen, t&auml;glichen Waschen hilft es mir ungemein gegen die unangenehmen Schwei&szlig;ger&uuml;che.<\/p><p>Meine Waffen gegen &uuml;ble Ger&uuml;che :)<\/p><p>An Schwei&szlig;geruch in der ersten Schwangerschaft kann ich mich nicht erinnern, daf&uuml;r an einen ver&auml;nderten <b>Geruch im Intimbereich<\/b>. Ich wusch mich damals intensiver, um den Geruch loszuwerden, doch durch die &uuml;bertriebene Hygiene mit normalem Duschgel, zerst&ouml;rte ich die nat&uuml;rlich vorhandenen Bakterien in meiner Scheidenflora. So fing ich mir einen Infekt ein. Seitdem verwende ich nur noch spezielle Intim-Waschlotionen f&uuml;r den Intimbereich. Au&szlig;erdem verzichte ich auf synthetische Unterw&auml;sche, da diese Geruchsbildung f&ouml;rdert.<\/p><p>Diese Intimhygienevorkehrungen setzte ich bis zum heutigen Tage fort. Jetzt in der zweiten Schwangerschaft benutze ich zus&auml;tzlich Slipeinlagen ohne Duftstoffe und mit &bdquo;Cotton Extract&ldquo;, denn vor allem in den ersten Wochen nach der <a href=\"https:\/\/www.babyartikel.de\/magazin\/befruchtung\">Befruchtung<\/a> hatte ich vermehrten Ausfluss (&uuml;brigens ein Schwangerschaftsanzeichen) und dementsprechend Angst vor erneuten Ger&uuml;chen. Doch die Kombination aus <b>Intim-Waschlotion, Unterw&auml;sche mit nat&uuml;rlichen Fasern und Slipeinlagen<\/b> sorgt daf&uuml;r, dass ich auch &bdquo;untenrum&ldquo; nicht m&uuml;ffele.<\/p><p>Den ultimativen Tipp gegen Schwei&szlig;geruch &ndash; <b>Wechselduschen<\/b> &ndash; habe ich Weichei erst wenige Male angewendet. Es hei&szlig;t sie bringen nicht nur den &bdquo;Kreislauf in Schwung, sondern eine kalte Dusche am Schluss sorge auch daf&uuml;r, dass sich die Poren &ndash; auch die der Schwei&szlig;dr&uuml;sen &ndash; zusammenziehen&ldquo; (siehe &bdquo;<a href=\"https:\/\/www.welt.de\/wissenschaft\/article7080302\/Was-gegen-penetranten-Schweissgeruch-hilft.html\" target=\"_blank\" rel=\"noopener noreferrer\">Was gegen Schwei&szlig;geruch hilft<\/a>&ldquo;). Das klingt zwar einleuchtend, aber noch bin ich nicht tapfer genug, den Hebel bei jedem Duschgang auf eiskalt zu stellen. Brrrrr.<\/p><\/p>\n","protected":false},"excerpt":{"rendered":"<p>15. April 2014Es ist 8.40 Uhr. Thomas steht pl&ouml;tzlich neben mir und fragt mich: &bdquo;Sag mal ist es Dir unangenehm, wenn ich Dir sage, dass Du m&uuml;ffelst?&ldquo; Pam! Das ist genau die Art von Frage, die eine Frau gerne fr&uuml;h am Morgen h&ouml;ren m&ouml;chte. Ich schlucke und wei&szlig; nicht so Recht, was ich antworten soll. [&#8230;]<\/p>\n<p><a class=\"btn btn-secondary understrap-read-more-link\" href=\"https:\/\/www.babyartikel.de\/magazin\/unangenehmer-geruch-woche-9\">Weiterlesen&#8230;<\/a><\/p>\n","protected":false},"author":6,"featured_media":0,"comment_status":"open","ping_status":"open","sticky":false,"template":"","format":"standard","meta":{"_acf_changed":false,"footnotes":""},"categories":[2802,34],"tags":[3355,3243],"class_list":["post-294","post","type-post","status-publish","format-standard","hentry","category-mamablogger-berichten","category-schwangerschaft","tag-9-ssw","tag-ssw-update"],"acf":[],"yoast_head":"<!-- This site is optimized with the Yoast SEO Premium plugin v27.2 (Yoast SEO v27.2) - https:\/\/yoast.com\/product\/yoast-seo-premium-wordpress\/ -->\n<title>SSW-Update: Unangenehmer Geruch (9. SSW) | Babyartikel.de Magazin<\/title>\n<meta name=\"robots\" content=\"index, follow, max-snippet:-1, max-image-preview:large, max-video-preview:-1\" \/>\n<link rel=\"canonical\" href=\"https:\/\/www.babyartikel.de\/magazin\/unangenehmer-geruch-woche-9\" \/>\n<meta property=\"og:locale\" content=\"de_DE\" \/>\n<meta property=\"og:type\" content=\"article\" \/>\n<meta property=\"og:title\" content=\"SSW-Update: Unangenehmer Geruch (9. SSW)\" \/>\n<meta property=\"og:description\" content=\"15. April 2014Es ist 8.40 Uhr. Thomas steht pl&ouml;tzlich neben mir und fragt mich: &bdquo;Sag mal ist es Dir unangenehm, wenn ich Dir sage, dass Du m&uuml;ffelst?&ldquo; Pam! Das ist genau die Art von Frage, die eine Frau gerne fr&uuml;h am Morgen h&ouml;ren m&ouml;chte. Ich schlucke und wei&szlig; nicht so Recht, was ich antworten soll. [...]Weiterlesen...\" \/>\n<meta property=\"og:url\" content=\"https:\/\/www.babyartikel.de\/magazin\/unangenehmer-geruch-woche-9\" \/>\n<meta property=\"og:site_name\" content=\"Babyartikel.de Magazin\" \/>\n<meta property=\"article:published_time\" content=\"2014-04-29T06:12:54+00:00\" \/>\n<meta property=\"article:modified_time\" content=\"2025-11-05T13:53:20+00:00\" \/>\n<meta name=\"author\" content=\"Kathrin\" \/>\n<meta name=\"twitter:card\" content=\"summary_large_image\" \/>\n<meta name=\"twitter:label1\" content=\"Verfasst von\" \/>\n\t<meta name=\"twitter:data1\" content=\"Kathrin\" \/>\n\t<meta name=\"twitter:label2\" content=\"Gesch\u00e4tzte Lesezeit\" \/>\n\t<meta name=\"twitter:data2\" content=\"4\u00a0Minuten\" \/>\n<script type=\"application\/ld+json\" class=\"yoast-schema-graph\">{\"@context\":\"https:\/\/schema.org\",\"@graph\":[{\"@type\":\"Article\",\"@id\":\"https:\/\/www.babyartikel.de\/magazin\/unangenehmer-geruch-woche-9#article\",\"isPartOf\":{\"@id\":\"https:\/\/www.babyartikel.de\/magazin\/unangenehmer-geruch-woche-9\"},\"author\":{\"name\":\"Kathrin\",\"@id\":\"https:\/\/www.babyartikel.de\/magazin\/#\/schema\/person\/1db11e46f2cc589fbd7acee6c5191911\"},\"headline\":\"SSW-Update: Unangenehmer Geruch (9. SSW)\",\"datePublished\":\"2014-04-29T06:12:54+00:00\",\"dateModified\":\"2025-11-05T13:53:20+00:00\",\"mainEntityOfPage\":{\"@id\":\"https:\/\/www.babyartikel.de\/magazin\/unangenehmer-geruch-woche-9\"},\"wordCount\":767,\"commentCount\":1,\"keywords\":[\"9. SSW\",\"ssw-update\"],\"articleSection\":[\"Mamablogger berichten\",\"Schwangerschaft\"],\"inLanguage\":\"de\",\"potentialAction\":[{\"@type\":\"CommentAction\",\"name\":\"Comment\",\"target\":[\"https:\/\/www.babyartikel.de\/magazin\/unangenehmer-geruch-woche-9#respond\"]}]},{\"@type\":\"WebPage\",\"@id\":\"https:\/\/www.babyartikel.de\/magazin\/unangenehmer-geruch-woche-9\",\"url\":\"https:\/\/www.babyartikel.de\/magazin\/unangenehmer-geruch-woche-9\",\"name\":\"SSW-Update: Unangenehmer Geruch (9. SSW) | Babyartikel.de Magazin\",\"isPartOf\":{\"@id\":\"https:\/\/www.babyartikel.de\/magazin\/#website\"},\"datePublished\":\"2014-04-29T06:12:54+00:00\",\"dateModified\":\"2025-11-05T13:53:20+00:00\",\"author\":{\"@id\":\"https:\/\/www.babyartikel.de\/magazin\/#\/schema\/person\/1db11e46f2cc589fbd7acee6c5191911\"},\"breadcrumb\":{\"@id\":\"https:\/\/www.babyartikel.de\/magazin\/unangenehmer-geruch-woche-9#breadcrumb\"},\"inLanguage\":\"de\",\"potentialAction\":[{\"@type\":\"ReadAction\",\"target\":[\"https:\/\/www.babyartikel.de\/magazin\/unangenehmer-geruch-woche-9\"]}]},{\"@type\":\"BreadcrumbList\",\"@id\":\"https:\/\/www.babyartikel.de\/magazin\/unangenehmer-geruch-woche-9#breadcrumb\",\"itemListElement\":[{\"@type\":\"ListItem\",\"position\":1,\"name\":\"Startseite\",\"item\":\"https:\/\/www.babyartikel.de\/magazin\"},{\"@type\":\"ListItem\",\"position\":2,\"name\":\"SSW-Update: Unangenehmer Geruch (9. SSW)\"}]},{\"@type\":\"WebSite\",\"@id\":\"https:\/\/www.babyartikel.de\/magazin\/#website\",\"url\":\"https:\/\/www.babyartikel.de\/magazin\/\",\"name\":\"Babyartikel.de Magazin\",\"description\":\"\",\"potentialAction\":[{\"@type\":\"SearchAction\",\"target\":{\"@type\":\"EntryPoint\",\"urlTemplate\":\"https:\/\/www.babyartikel.de\/magazin\/?s={search_term_string}\"},\"query-input\":{\"@type\":\"PropertyValueSpecification\",\"valueRequired\":true,\"valueName\":\"search_term_string\"}}],\"inLanguage\":\"de\"},{\"@type\":\"Person\",\"@id\":\"https:\/\/www.babyartikel.de\/magazin\/#\/schema\/person\/1db11e46f2cc589fbd7acee6c5191911\",\"name\":\"Kathrin\",\"image\":{\"@type\":\"ImageObject\",\"inLanguage\":\"de\",\"@id\":\"https:\/\/secure.gravatar.com\/avatar\/5d45d670bebfbc1b2ddaa9a7bbaedbe41756cbd8db0940323b4d161b32a80ff4?s=96&d=mm&r=g\",\"url\":\"https:\/\/secure.gravatar.com\/avatar\/5d45d670bebfbc1b2ddaa9a7bbaedbe41756cbd8db0940323b4d161b32a80ff4?s=96&d=mm&r=g\",\"contentUrl\":\"https:\/\/secure.gravatar.com\/avatar\/5d45d670bebfbc1b2ddaa9a7bbaedbe41756cbd8db0940323b4d161b32a80ff4?s=96&d=mm&r=g\",\"caption\":\"Kathrin\"},\"description\":\"Ich m\u00f6chte mir und anderen M\u00fcttern Mut machen, der eigenen Intuition zu folgen und nicht gesellschaftlichen Erwartungshaltungen entsprechen zu m\u00fcssen. Ich m\u00f6chte ermuntern auf die individuellen Bed\u00fcrfnisse von Kindern einzugehen. Ihnen zu zuh\u00f6ren. Sie zu verstehen. Ihnen Nestw\u00e4rme zu geben!\",\"sameAs\":[\"http:\/\/www.nestling.org\"],\"url\":\"https:\/\/www.babyartikel.de\/magazin\/author\/nestling\"}]}<\/script>\n<!-- \/ Yoast SEO Premium plugin. -->","yoast_head_json":{"title":"SSW-Update: Unangenehmer Geruch (9. SSW) | Babyartikel.de Magazin","robots":{"index":"index","follow":"follow","max-snippet":"max-snippet:-1","max-image-preview":"max-image-preview:large","max-video-preview":"max-video-preview:-1"},"canonical":"https:\/\/www.babyartikel.de\/magazin\/unangenehmer-geruch-woche-9","og_locale":"de_DE","og_type":"article","og_title":"SSW-Update: Unangenehmer Geruch (9. SSW)","og_description":"15. April 2014Es ist 8.40 Uhr. Thomas steht pl&ouml;tzlich neben mir und fragt mich: &bdquo;Sag mal ist es Dir unangenehm, wenn ich Dir sage, dass Du m&uuml;ffelst?&ldquo; Pam! Das ist genau die Art von Frage, die eine Frau gerne fr&uuml;h am Morgen h&ouml;ren m&ouml;chte. Ich schlucke und wei&szlig; nicht so Recht, was ich antworten soll. [...]Weiterlesen...","og_url":"https:\/\/www.babyartikel.de\/magazin\/unangenehmer-geruch-woche-9","og_site_name":"Babyartikel.de Magazin","article_published_time":"2014-04-29T06:12:54+00:00","article_modified_time":"2025-11-05T13:53:20+00:00","author":"Kathrin","twitter_card":"summary_large_image","twitter_misc":{"Verfasst von":"Kathrin","Gesch\u00e4tzte Lesezeit":"4\u00a0Minuten"},"schema":{"@context":"https:\/\/schema.org","@graph":[{"@type":"Article","@id":"https:\/\/www.babyartikel.de\/magazin\/unangenehmer-geruch-woche-9#article","isPartOf":{"@id":"https:\/\/www.babyartikel.de\/magazin\/unangenehmer-geruch-woche-9"},"author":{"name":"Kathrin","@id":"https:\/\/www.babyartikel.de\/magazin\/#\/schema\/person\/1db11e46f2cc589fbd7acee6c5191911"},"headline":"SSW-Update: Unangenehmer Geruch (9. SSW)","datePublished":"2014-04-29T06:12:54+00:00","dateModified":"2025-11-05T13:53:20+00:00","mainEntityOfPage":{"@id":"https:\/\/www.babyartikel.de\/magazin\/unangenehmer-geruch-woche-9"},"wordCount":767,"commentCount":1,"keywords":["9. SSW","ssw-update"],"articleSection":["Mamablogger berichten","Schwangerschaft"],"inLanguage":"de","potentialAction":[{"@type":"CommentAction","name":"Comment","target":["https:\/\/www.babyartikel.de\/magazin\/unangenehmer-geruch-woche-9#respond"]}]},{"@type":"WebPage","@id":"https:\/\/www.babyartikel.de\/magazin\/unangenehmer-geruch-woche-9","url":"https:\/\/www.babyartikel.de\/magazin\/unangenehmer-geruch-woche-9","name":"SSW-Update: Unangenehmer Geruch (9. SSW) | Babyartikel.de Magazin","isPartOf":{"@id":"https:\/\/www.babyartikel.de\/magazin\/#website"},"datePublished":"2014-04-29T06:12:54+00:00","dateModified":"2025-11-05T13:53:20+00:00","author":{"@id":"https:\/\/www.babyartikel.de\/magazin\/#\/schema\/person\/1db11e46f2cc589fbd7acee6c5191911"},"breadcrumb":{"@id":"https:\/\/www.babyartikel.de\/magazin\/unangenehmer-geruch-woche-9#breadcrumb"},"inLanguage":"de","potentialAction":[{"@type":"ReadAction","target":["https:\/\/www.babyartikel.de\/magazin\/unangenehmer-geruch-woche-9"]}]},{"@type":"BreadcrumbList","@id":"https:\/\/www.babyartikel.de\/magazin\/unangenehmer-geruch-woche-9#breadcrumb","itemListElement":[{"@type":"ListItem","position":1,"name":"Startseite","item":"https:\/\/www.babyartikel.de\/magazin"},{"@type":"ListItem","position":2,"name":"SSW-Update: Unangenehmer Geruch (9. SSW)"}]},{"@type":"WebSite","@id":"https:\/\/www.babyartikel.de\/magazin\/#website","url":"https:\/\/www.babyartikel.de\/magazin\/","name":"Babyartikel.de Magazin","description":"","potentialAction":[{"@type":"SearchAction","target":{"@type":"EntryPoint","urlTemplate":"https:\/\/www.babyartikel.de\/magazin\/?s={search_term_string}"},"query-input":{"@type":"PropertyValueSpecification","valueRequired":true,"valueName":"search_term_string"}}],"inLanguage":"de"},{"@type":"Person","@id":"https:\/\/www.babyartikel.de\/magazin\/#\/schema\/person\/1db11e46f2cc589fbd7acee6c5191911","name":"Kathrin","image":{"@type":"ImageObject","inLanguage":"de","@id":"https:\/\/secure.gravatar.com\/avatar\/5d45d670bebfbc1b2ddaa9a7bbaedbe41756cbd8db0940323b4d161b32a80ff4?s=96&d=mm&r=g","url":"https:\/\/secure.gravatar.com\/avatar\/5d45d670bebfbc1b2ddaa9a7bbaedbe41756cbd8db0940323b4d161b32a80ff4?s=96&d=mm&r=g","contentUrl":"https:\/\/secure.gravatar.com\/avatar\/5d45d670bebfbc1b2ddaa9a7bbaedbe41756cbd8db0940323b4d161b32a80ff4?s=96&d=mm&r=g","caption":"Kathrin"},"description":"Ich m\u00f6chte mir und anderen M\u00fcttern Mut machen, der eigenen Intuition zu folgen und nicht gesellschaftlichen Erwartungshaltungen entsprechen zu m\u00fcssen. Ich m\u00f6chte ermuntern auf die individuellen Bed\u00fcrfnisse von Kindern einzugehen. Ihnen zu zuh\u00f6ren. Sie zu verstehen. Ihnen Nestw\u00e4rme zu geben!","sameAs":["http:\/\/www.nestling.org"],"url":"https:\/\/www.babyartikel.de\/magazin\/author\/nestling"}]}},"abstract_sku":"","_links":{"self":[{"href":"https:\/\/www.babyartikel.de\/magazin\/wp-json\/wp\/v2\/posts\/294","targetHints":{"allow":["GET"]}}],"collection":[{"href":"https:\/\/www.babyartikel.de\/magazin\/wp-json\/wp\/v2\/posts"}],"about":[{"href":"https:\/\/www.babyartikel.de\/magazin\/wp-json\/wp\/v2\/types\/post"}],"author":[{"embeddable":true,"href":"https:\/\/www.babyartikel.de\/magazin\/wp-json\/wp\/v2\/users\/6"}],"replies":[{"embeddable":true,"href":"https:\/\/www.babyartikel.de\/magazin\/wp-json\/wp\/v2\/comments?post=294"}],"version-history":[{"count":16,"href":"https:\/\/www.babyartikel.de\/magazin\/wp-json\/wp\/v2\/posts\/294\/revisions"}],"predecessor-version":[{"id":965256,"href":"https:\/\/www.babyartikel.de\/magazin\/wp-json\/wp\/v2\/posts\/294\/revisions\/965256"}],"wp:attachment":[{"href":"https:\/\/www.babyartikel.de\/magazin\/wp-json\/wp\/v2\/media?parent=294"}],"wp:term":[{"taxonomy":"category","embeddable":true,"href":"https:\/\/www.babyartikel.de\/magazin\/wp-json\/wp\/v2\/categories?post=294"},{"taxonomy":"post_tag","embeddable":true,"href":"https:\/\/www.babyartikel.de\/magazin\/wp-json\/wp\/v2\/tags?post=294"}],"curies":[{"name":"wp","href":"https:\/\/api.w.org\/{rel}","templated":true}]}}