
{"id":3574,"date":"2014-10-29T16:32:26","date_gmt":"2014-10-29T15:32:26","guid":{"rendered":"\/magazin\/?p=3574"},"modified":"2021-02-09T13:52:56","modified_gmt":"2021-02-09T12:52:56","slug":"wurzelbehandlung-in-der-schwangerschaft-371","status":"publish","type":"post","link":"https:\/\/www.babyartikel.de\/magazin\/wurzelbehandlung-in-der-schwangerschaft-371","title":{"rendered":"Wurzelbehandlung in der Schwangerschaft (37+1)"},"content":{"rendered":"<h2><b>Mittwoch, 29. 10. 2014<\/b><p>Montag ging ich zum Zahnarzt, weil mein kompletter rechter, unterer Kieferbereich bereits&nbsp; seit einer Woche schmerzte. Abends im Liegen wurde es so richtig unangenehm und ich wollte wissen, ob es nur eine Begleiterscheinung der Schwangerschaft oder etwas Ernstes ist.<\/p><p>Mein Zahnarzt klopfte die Z&auml;hne in dem schmerzhaften Bereich einzeln ab und als er den Unangenehmsten auf diese Weise ermittelt hatte, pr&uuml;fte er dessen Empfindlichkeit mit Hilfe eines vereisten Watteb&auml;llchens. Ich sp&uuml;rte nichts, was bedeutete, dass dieser Zahn tot ist. Krass!!<\/p><p>Da ich mich innerlich auf entz&uuml;ndetes Zahnfleisch oder &auml;hnliche harmlose Diagnosen eingestellt hatte, war ich schockiert. Der Zahn sei tot und unter der F&uuml;llung g&auml;be es eine bakterielle Entz&uuml;ndung der Nerven. Eine sogenannte <a href=\"https:\/\/www.apotheken-umschau.de\/Zahnwurzelentzuendung\" target=\"_blank\" rel=\"noopener noreferrer\">Zahnwurzelentz&uuml;ndung<\/a>. Mindestens seit 3 Monaten, vermutlich schon viel l&auml;nger, so mein Arzt. Es sei normal, dass man von solch einer unterschwelligen, chronischen Entz&uuml;ndung lange Zeit nichts sp&uuml;re. Das sei das Heimt&uuml;ckische daran.<\/p><div class=\"marketing-slot\"><div id=\"block-18\" class=\"content-post-widget marketing-slot-1 widget_block\"><a href=\"#\" class=\"newsletter_popup\" style=\"\n  display: inline-block;\n  box-shadow: 0 4px 10px rgba(0,0,0,0.1);\n  margin: 20px auto;\n  max-width: 800px;\n  width: 100%;\">\n  <img src=\"https:\/\/media.babyartikel.de\/magazin\/wp-content\/uploads\/2025\/08\/NL-Banner-Magazin-8-25.webp\" alt=\"Newsletter Banner\" style=\"\n    width: 100%;\n    height: auto;\n    display: block;\" onclick=\"ga('send', 'event', 'banner', 'click', 'magazin-banner-newsletter-8-25');\">\n<\/a>\n\n\t<!-- Modal -->\n\t<div class=\"modal fade modal_popup\" id=\"newsletter_popup\" tabindex=\"-1\" aria-labelledby=\"exampleModalLabel\" aria-hidden=\"true\">\n\t\t<div class=\"modal-dialog modal-dialog-centered modal-dialog-scrollable\">\n\t\t\t<div class=\"modal-content\">\n\t\t\t\t<div class=\"modal-header small-header\">\n\t\t\t\t\t<h5 class=\"modal-title\" id=\"newsletterModalLabel\">\n\t\t\t\t\t\tNewsletter\t\t\t\t\t<\/h5>\n\t\t\t\t\t<button type=\"button\" class=\"btn-close small-close\" data-bs-dismiss=\"modal\" aria-label=\"Close\"><\/button>\n\t\t\t\t<\/div>\n\n\t\t\t\t<div class=\"modal-body\">\n\t\t\t\t\t\t<div class=\"newsletterForm-embed popup-form\">\n        <form name=\"newsletterSubscriptionForm\" id=\"newsletter_popup_69f58a816645b_form\" data-newsletter-id=\"newsletter_popup_69f58a816645b\" method=\"POST\">\n\n\t\t\t<input type=\"text\" name=\"website\" class=\"hidden\" tabindex=\"-1\" autocomplete=\"off\" style=\"position:absolute;left:-9999px;\">\n\t\t\t<input type=\"hidden\" name=\"ts\" value=\"1777699457\">\n\n\t\t\t                <input type=\"hidden\" name=\"emarsys-event-id\" value=\"3756\">\n            \n            \t\t\t<div class=\"mb-3\">\n\t\t\t\t<label for=\"date\" class=\"form-label\">Geburtstag\/ -termin Deines Babys<\/label>\n                <input type=\"date\" name=\"date\" class=\"input input--expand form-control\" required>\n\t\t\t<\/div>\n            \n\t\t\t<div class=\"mb-3\">\n\t\t\t\t<label for=\"email\" class=\"form-label\">E-Mail-Adresse<\/label>\n\t\t\t\t<input type=\"email\" name=\"email\" placeholder=\"E-Mail-Adresse\" class=\"input input--expand form-control\" required>\n\t\t\t<\/div>\n\n\t\t\t\t\t\t\t<button type=\"submit\" class=\"btn btn-primary\">Absenden<\/button>\n\t\t\t\n\t\t\t\t\t\t\t<div class=\"small mt-3\" style=\"font-weight:normal;\">\n\t\t\t\t\t\n\t\t\t<div class=\"mt-3\">\n\t\t\t\tJa, ich m&ouml;chte den Newsletter von Babyartikel.de erhalten und &uuml;ber Aktionen informiert werden.\n  Dabei darf mein Nutzungsverhalten (z. B. &Ouml;ffnungen und Klicks) zur Personalisierung ausgewertet werden.\n  Mehr finde ich in der <a href=\"\/de\/datenschutz\" style=\"text-decoration:underline\">Datenschutzerkl&auml;rung<\/a>.\n\t\t\t<\/div>\n\t\t\t\t\t\t<\/div>\n\t\t\t\n\t\t\t\t\t\t\t<div class=\"small mb-3 mt-3\" style=\"font-weight:normal;\">\n\t\t\t\t\tJederzeit abbestellbar | <a href=\"\/de\/datenschutz\" style=\"text-decoration:underline\">\n\t\t\t\t\t\tDatenschutzerkl&auml;rung\n\t\t\t\t\t<\/a>\n\t\t\t\t<\/div>\n\t\t\t\n        <\/form>\n    <\/div>\n\t\n\t\t\t\t\t<div class=\"response-messages_newsletter_popup_69f58a816645b\">\n\t\t\t\t\t\t<div class=\"alert alert-success success mt-3 mb-3 d-none\">\n\t\t\t\t\t\t\tNur noch ein Klick! Best&auml;tige Deine Anmeldung in der E-Mail, die du gleich erh&auml;ltst.\t\t\t\t\t\t<\/div>\n\t\t\t\t\t\t<div class=\"error mt-3 mb-3 d-none\">\n\t\t\t\t\t\t\t<div class=\"alert alert-danger \">\n\t\t\t\t\t\t\t\tEin Fehler ist aufgetreten. Bitte versuche es sp&auml;ter erneut.\t\t\t\t\t\t\t<\/div>\n\t\t\t\t\t\t<\/div>\n\t\t\t\t\t\t<div class=\"alert alert-danger other-2007 mt-3 mb-3 d-none\">\n\t\t\t\t\t\t\tUng&Atilde;&frac14;ltiges Datumsformat\t\t\t\t\t\t<\/div>\n\t\t\t\t\t<\/div>\n\t\t\t\t<\/div>\n\t\t\t<\/div>\n\t\t<\/div>\n\t<\/div>\n\n\t<\/div><!-- content-widget --><\/div><p>Er erkl&auml;rte darauf hin, dass er nun eine Wurzelbehandlung durchf&uuml;hren m&uuml;sse und dieser Zahn drei Wurzelkan&auml;le hat, die es zu weiten und zu reinigen gilt. Da ich vor einigen Monaten bereits eine Wurzelbehandlung auf der anderen Kiefernseite hatte, wusste ich exakt, was auf mich zukommt. Obwohl, dass es noch mal um einiges schmerzhafter wird, damit hatte ich nicht gerechnet.<\/p><h2><b>Schmerzmittel in der Schwangerschaft <\/b><\/h2><p>Mein Arzt setzte das lokale Schmerzmittel sehr sparsam ein (denn die einzelnen Wirkstoffe k&ouml;nnten <a href=\"https:\/\/www.9monate.de\/schwangerschaft-geburt\/beschwerden-erkrankungen\/schmerzmittel-in-der-schwangerschaft-id94143.html\" target=\"_blank\" rel=\"noopener noreferrer\">Auswirkungen auf das Ungeborene<\/a> haben), was zur Folge hatte, dass ich w&auml;hrend der Behandlung ein paar Mal fast an die Decke sprang. Eigentlich h&auml;tte ich bei Schmerzen meine rechte Hand heben sollen, aber als ich pl&ouml;tzlich spitze Nadeln tief im Zahnfleisch sp&uuml;rte, fuhr ich reflexartig hoch, noch ehe ich an meine H&auml;nde denken konnte.<\/p><div class=\"postslot1\">[articles]<link rel=\"stylesheet\" href=\"https:\/\/cdn.jsdelivr.net\/npm\/swiper@8\/swiper-bundle.min.css\"><\/div><div class=\"marketing-slot\"><div id=\"block-25\" class=\"content-post-widget marketing-slot-2 widget_block\"><a href=\"https:\/\/www.babyartikel.de\/de\/angebote\" data-track-link-click=\"true\" data-track-name=\"nyoutlet2026-magazin\" data-track-medium=\"banner-magazin-post\" data-track-campaign=\"magazin-banner-nyoutlet2026\" onclick=\"ga('send', 'event', 'banner', 'click', 'magazin-banner-nyoutlet2026');\" style=\"display:block;width:100%;text-align:center;\"><img src=\"https:\/\/media.babyartikel.de\/magazin\/wp-content\/uploads\/2026\/01\/NY-Outlet-10-2026.webp\" alt=\"Sale\" style=\"max-width:100%;\"><\/a><\/div><!-- content-widget --><\/div><p>Mein Arzt spritzte zwar in regelm&auml;&szlig;igen Abst&auml;nden ein bisschen Schmerzmittel nach, aber da er sehr erpicht darauf war, die Dosis gering zu halten, merkte ich fast alles. Vor allem das unangenehme &Ouml;ffnen und Reinigen der zusammengewachsenen Wurzelkan&auml;le mit den spitzen Nadeln. Ein wahr gewordener Alptraum, der mich trotz k&uuml;hler Raumtemperatur heftig schwitzen lie&szlig;. Doch zum Gl&uuml;ck fand auch diese Tortur irgendwann ihr Ende.<\/p><h2><span class=\"ez-toc-section\" id=\"Roentgen_in_der_Schwangerschaft\"><\/span><b>R&ouml;ntgen in der Schwangerschaft<\/b><span class=\"ez-toc-section-end\"><\/span><\/h2><p>Meine Praxis macht normalerweise aus Versicherungsgr&uuml;nden keine R&ouml;ntgenaufnahmen in der Schwangerschaft. Ich wollte aber nicht, dass mein Arzt blind arbeitet! Und wie weit die Entz&uuml;ndung fortgeschritten ist bzw. ob er alle Wurzelkan&auml;le bei der Behandlung gut erwischt hat, l&auml;sst sich nun mal nur mit Hilfe eines R&ouml;ntgenbildes nachweisen.<\/p><p>Au&szlig;erdem gelten <a href=\"http:\/\/www.babycenter.de\/x8926\/ist-es-gef%C3%A4hrlich-sich-in-der-schwangerschaft-r%C3%B6ntgen-zu-lassen\" target=\"_blank\" rel=\"noopener noreferrer\">R&ouml;ntgenaufnahmen bei ordnungsgem&auml;&szlig;em Strahlenschutz auch f&uuml;r Schwangere als unbedenklich<\/a>. Davon abgesehen wurde ja nur mein Kopf ger&ouml;ntgt und eine Entz&uuml;ndung, die nicht einged&auml;mmt werden kann, sondern weiterhin unkontrolliert vor sich hin brodelt, ist f&uuml;r den Embryo ebenfalls nicht ungef&auml;hrlich. Ich unterschrieb also einen Zettel, der bescheinigt, dass die R&ouml;ntgenaufnahmen auf meinen Wunsch hin erfolgten und wir sahen uns das &Uuml;bel an.<\/p><h2><span class=\"ez-toc-section\" id=\"Behandlung_in_mehreren_Schritten\"><\/span><b>Behandlung in mehreren Schritten<\/b><span class=\"ez-toc-section-end\"><\/span><\/h2><p>Das R&ouml;ntgenbild zeigte, dass die Entz&uuml;ndung bereits auf den Knochen &uuml;bergegangen war. Mein Arzt entschied daraufhin, den Zahn zun&auml;chst provisorisch (mit einem entz&uuml;ndungshemmenden und desinfizierenden Medikament) zu f&uuml;llen und diese bis zur kompletten Verheilung regelm&auml;&szlig;ig zu &uuml;berpr&uuml;fen und gegebenenfalls zu erneuern.<\/p><p>Montagabend versp&uuml;rte ich noch recht starke Schmerzen und nahm eine Paracetamol zum Schlafengehen. Gestern lie&szlig; das unangenehme Gef&uuml;hl deutlich nach &ndash; das Medikament zeigte offensichtlich seine Wirkung. Heute stand die erste Kontrolluntersuchung an und mein Arzt reinigte nur eben meine anderen Z&auml;hnchen. N&auml;chsten Freitag will er das Provisorium inklusive Medikament wechseln. Eine vern&uuml;nftige F&uuml;llung gibt es erst nach der Geburt, wenn die Entz&uuml;ndung dann hoffentlich komplett verheilt ist.<\/p><p>&nbsp;<\/p><p>&nbsp;<\/p><p>&nbsp;<\/p><\/h2>\n","protected":false},"excerpt":{"rendered":"<p>Mittwoch, 29. 10. 2014Montag ging ich zum Zahnarzt, weil mein kompletter rechter, unterer Kieferbereich bereits&nbsp; seit einer Woche schmerzte. Abends im Liegen wurde es so richtig unangenehm und ich wollte wissen, ob es nur eine Begleiterscheinung der Schwangerschaft oder etwas Ernstes ist.Mein Zahnarzt klopfte die Z&auml;hne in dem schmerzhaften Bereich einzeln ab und als er [&#8230;]<\/p>\n<p><a class=\"btn btn-secondary understrap-read-more-link\" href=\"https:\/\/www.babyartikel.de\/magazin\/wurzelbehandlung-in-der-schwangerschaft-371\">Weiterlesen&#8230;<\/a><\/p>\n","protected":false},"author":6,"featured_media":0,"comment_status":"open","ping_status":"open","sticky":false,"template":"","format":"standard","meta":{"_acf_changed":false,"footnotes":""},"categories":[2802,34],"tags":[2119,3243],"class_list":["post-3574","post","type-post","status-publish","format-standard","hentry","category-mamablogger-berichten","category-schwangerschaft","tag-38-ssw","tag-ssw-update"],"acf":[],"yoast_head":"<!-- This site is optimized with the Yoast SEO Premium plugin v27.2 (Yoast SEO v27.2) - https:\/\/yoast.com\/product\/yoast-seo-premium-wordpress\/ -->\n<title>Wurzelbehandlung in der Schwangerschaft (37+1) | Babyartikel.de Magazin<\/title>\n<meta name=\"robots\" content=\"index, follow, max-snippet:-1, max-image-preview:large, max-video-preview:-1\" \/>\n<link rel=\"canonical\" href=\"https:\/\/www.babyartikel.de\/magazin\/wurzelbehandlung-in-der-schwangerschaft-371\" \/>\n<meta property=\"og:locale\" content=\"de_DE\" \/>\n<meta property=\"og:type\" content=\"article\" \/>\n<meta property=\"og:title\" content=\"Wurzelbehandlung in der Schwangerschaft (37+1)\" \/>\n<meta property=\"og:description\" content=\"Mittwoch, 29. 10. 2014Montag ging ich zum Zahnarzt, weil mein kompletter rechter, unterer Kieferbereich bereits&nbsp; seit einer Woche schmerzte. Abends im Liegen wurde es so richtig unangenehm und ich wollte wissen, ob es nur eine Begleiterscheinung der Schwangerschaft oder etwas Ernstes ist.Mein Zahnarzt klopfte die Z&auml;hne in dem schmerzhaften Bereich einzeln ab und als er [...]Weiterlesen...\" \/>\n<meta property=\"og:url\" content=\"https:\/\/www.babyartikel.de\/magazin\/wurzelbehandlung-in-der-schwangerschaft-371\" \/>\n<meta property=\"og:site_name\" content=\"Babyartikel.de Magazin\" \/>\n<meta property=\"article:published_time\" content=\"2014-10-29T15:32:26+00:00\" \/>\n<meta property=\"article:modified_time\" content=\"2021-02-09T12:52:56+00:00\" \/>\n<meta name=\"author\" content=\"Kathrin\" \/>\n<meta name=\"twitter:card\" content=\"summary_large_image\" \/>\n<meta name=\"twitter:label1\" content=\"Verfasst von\" \/>\n\t<meta name=\"twitter:data1\" content=\"Kathrin\" \/>\n\t<meta name=\"twitter:label2\" content=\"Gesch\u00e4tzte Lesezeit\" \/>\n\t<meta name=\"twitter:data2\" content=\"3\u00a0Minuten\" \/>\n<script type=\"application\/ld+json\" class=\"yoast-schema-graph\">{\"@context\":\"https:\/\/schema.org\",\"@graph\":[{\"@type\":\"Article\",\"@id\":\"https:\/\/www.babyartikel.de\/magazin\/wurzelbehandlung-in-der-schwangerschaft-371#article\",\"isPartOf\":{\"@id\":\"https:\/\/www.babyartikel.de\/magazin\/wurzelbehandlung-in-der-schwangerschaft-371\"},\"author\":{\"name\":\"Kathrin\",\"@id\":\"https:\/\/www.babyartikel.de\/magazin\/#\/schema\/person\/1db11e46f2cc589fbd7acee6c5191911\"},\"headline\":\"Wurzelbehandlung in der Schwangerschaft (37+1)\",\"datePublished\":\"2014-10-29T15:32:26+00:00\",\"dateModified\":\"2021-02-09T12:52:56+00:00\",\"mainEntityOfPage\":{\"@id\":\"https:\/\/www.babyartikel.de\/magazin\/wurzelbehandlung-in-der-schwangerschaft-371\"},\"wordCount\":633,\"commentCount\":1,\"keywords\":[\"38. SSW\",\"ssw-update\"],\"articleSection\":[\"Mamablogger berichten\",\"Schwangerschaft\"],\"inLanguage\":\"de\",\"potentialAction\":[{\"@type\":\"CommentAction\",\"name\":\"Comment\",\"target\":[\"https:\/\/www.babyartikel.de\/magazin\/wurzelbehandlung-in-der-schwangerschaft-371#respond\"]}]},{\"@type\":\"WebPage\",\"@id\":\"https:\/\/www.babyartikel.de\/magazin\/wurzelbehandlung-in-der-schwangerschaft-371\",\"url\":\"https:\/\/www.babyartikel.de\/magazin\/wurzelbehandlung-in-der-schwangerschaft-371\",\"name\":\"Wurzelbehandlung in der Schwangerschaft (37+1) | Babyartikel.de Magazin\",\"isPartOf\":{\"@id\":\"https:\/\/www.babyartikel.de\/magazin\/#website\"},\"datePublished\":\"2014-10-29T15:32:26+00:00\",\"dateModified\":\"2021-02-09T12:52:56+00:00\",\"author\":{\"@id\":\"https:\/\/www.babyartikel.de\/magazin\/#\/schema\/person\/1db11e46f2cc589fbd7acee6c5191911\"},\"breadcrumb\":{\"@id\":\"https:\/\/www.babyartikel.de\/magazin\/wurzelbehandlung-in-der-schwangerschaft-371#breadcrumb\"},\"inLanguage\":\"de\",\"potentialAction\":[{\"@type\":\"ReadAction\",\"target\":[\"https:\/\/www.babyartikel.de\/magazin\/wurzelbehandlung-in-der-schwangerschaft-371\"]}]},{\"@type\":\"BreadcrumbList\",\"@id\":\"https:\/\/www.babyartikel.de\/magazin\/wurzelbehandlung-in-der-schwangerschaft-371#breadcrumb\",\"itemListElement\":[{\"@type\":\"ListItem\",\"position\":1,\"name\":\"Startseite\",\"item\":\"https:\/\/www.babyartikel.de\/magazin\"},{\"@type\":\"ListItem\",\"position\":2,\"name\":\"Wurzelbehandlung in der Schwangerschaft (37+1)\"}]},{\"@type\":\"WebSite\",\"@id\":\"https:\/\/www.babyartikel.de\/magazin\/#website\",\"url\":\"https:\/\/www.babyartikel.de\/magazin\/\",\"name\":\"Babyartikel.de Magazin\",\"description\":\"\",\"potentialAction\":[{\"@type\":\"SearchAction\",\"target\":{\"@type\":\"EntryPoint\",\"urlTemplate\":\"https:\/\/www.babyartikel.de\/magazin\/?s={search_term_string}\"},\"query-input\":{\"@type\":\"PropertyValueSpecification\",\"valueRequired\":true,\"valueName\":\"search_term_string\"}}],\"inLanguage\":\"de\"},{\"@type\":\"Person\",\"@id\":\"https:\/\/www.babyartikel.de\/magazin\/#\/schema\/person\/1db11e46f2cc589fbd7acee6c5191911\",\"name\":\"Kathrin\",\"image\":{\"@type\":\"ImageObject\",\"inLanguage\":\"de\",\"@id\":\"https:\/\/secure.gravatar.com\/avatar\/5d45d670bebfbc1b2ddaa9a7bbaedbe41756cbd8db0940323b4d161b32a80ff4?s=96&d=mm&r=g\",\"url\":\"https:\/\/secure.gravatar.com\/avatar\/5d45d670bebfbc1b2ddaa9a7bbaedbe41756cbd8db0940323b4d161b32a80ff4?s=96&d=mm&r=g\",\"contentUrl\":\"https:\/\/secure.gravatar.com\/avatar\/5d45d670bebfbc1b2ddaa9a7bbaedbe41756cbd8db0940323b4d161b32a80ff4?s=96&d=mm&r=g\",\"caption\":\"Kathrin\"},\"description\":\"Ich m\u00f6chte mir und anderen M\u00fcttern Mut machen, der eigenen Intuition zu folgen und nicht gesellschaftlichen Erwartungshaltungen entsprechen zu m\u00fcssen. Ich m\u00f6chte ermuntern auf die individuellen Bed\u00fcrfnisse von Kindern einzugehen. Ihnen zu zuh\u00f6ren. Sie zu verstehen. Ihnen Nestw\u00e4rme zu geben!\",\"sameAs\":[\"http:\/\/www.nestling.org\"],\"url\":\"https:\/\/www.babyartikel.de\/magazin\/author\/nestling\"}]}<\/script>\n<!-- \/ Yoast SEO Premium plugin. -->","yoast_head_json":{"title":"Wurzelbehandlung in der Schwangerschaft (37+1) | Babyartikel.de Magazin","robots":{"index":"index","follow":"follow","max-snippet":"max-snippet:-1","max-image-preview":"max-image-preview:large","max-video-preview":"max-video-preview:-1"},"canonical":"https:\/\/www.babyartikel.de\/magazin\/wurzelbehandlung-in-der-schwangerschaft-371","og_locale":"de_DE","og_type":"article","og_title":"Wurzelbehandlung in der Schwangerschaft (37+1)","og_description":"Mittwoch, 29. 10. 2014Montag ging ich zum Zahnarzt, weil mein kompletter rechter, unterer Kieferbereich bereits&nbsp; seit einer Woche schmerzte. Abends im Liegen wurde es so richtig unangenehm und ich wollte wissen, ob es nur eine Begleiterscheinung der Schwangerschaft oder etwas Ernstes ist.Mein Zahnarzt klopfte die Z&auml;hne in dem schmerzhaften Bereich einzeln ab und als er [...]Weiterlesen...","og_url":"https:\/\/www.babyartikel.de\/magazin\/wurzelbehandlung-in-der-schwangerschaft-371","og_site_name":"Babyartikel.de Magazin","article_published_time":"2014-10-29T15:32:26+00:00","article_modified_time":"2021-02-09T12:52:56+00:00","author":"Kathrin","twitter_card":"summary_large_image","twitter_misc":{"Verfasst von":"Kathrin","Gesch\u00e4tzte Lesezeit":"3\u00a0Minuten"},"schema":{"@context":"https:\/\/schema.org","@graph":[{"@type":"Article","@id":"https:\/\/www.babyartikel.de\/magazin\/wurzelbehandlung-in-der-schwangerschaft-371#article","isPartOf":{"@id":"https:\/\/www.babyartikel.de\/magazin\/wurzelbehandlung-in-der-schwangerschaft-371"},"author":{"name":"Kathrin","@id":"https:\/\/www.babyartikel.de\/magazin\/#\/schema\/person\/1db11e46f2cc589fbd7acee6c5191911"},"headline":"Wurzelbehandlung in der Schwangerschaft (37+1)","datePublished":"2014-10-29T15:32:26+00:00","dateModified":"2021-02-09T12:52:56+00:00","mainEntityOfPage":{"@id":"https:\/\/www.babyartikel.de\/magazin\/wurzelbehandlung-in-der-schwangerschaft-371"},"wordCount":633,"commentCount":1,"keywords":["38. SSW","ssw-update"],"articleSection":["Mamablogger berichten","Schwangerschaft"],"inLanguage":"de","potentialAction":[{"@type":"CommentAction","name":"Comment","target":["https:\/\/www.babyartikel.de\/magazin\/wurzelbehandlung-in-der-schwangerschaft-371#respond"]}]},{"@type":"WebPage","@id":"https:\/\/www.babyartikel.de\/magazin\/wurzelbehandlung-in-der-schwangerschaft-371","url":"https:\/\/www.babyartikel.de\/magazin\/wurzelbehandlung-in-der-schwangerschaft-371","name":"Wurzelbehandlung in der Schwangerschaft (37+1) | Babyartikel.de Magazin","isPartOf":{"@id":"https:\/\/www.babyartikel.de\/magazin\/#website"},"datePublished":"2014-10-29T15:32:26+00:00","dateModified":"2021-02-09T12:52:56+00:00","author":{"@id":"https:\/\/www.babyartikel.de\/magazin\/#\/schema\/person\/1db11e46f2cc589fbd7acee6c5191911"},"breadcrumb":{"@id":"https:\/\/www.babyartikel.de\/magazin\/wurzelbehandlung-in-der-schwangerschaft-371#breadcrumb"},"inLanguage":"de","potentialAction":[{"@type":"ReadAction","target":["https:\/\/www.babyartikel.de\/magazin\/wurzelbehandlung-in-der-schwangerschaft-371"]}]},{"@type":"BreadcrumbList","@id":"https:\/\/www.babyartikel.de\/magazin\/wurzelbehandlung-in-der-schwangerschaft-371#breadcrumb","itemListElement":[{"@type":"ListItem","position":1,"name":"Startseite","item":"https:\/\/www.babyartikel.de\/magazin"},{"@type":"ListItem","position":2,"name":"Wurzelbehandlung in der Schwangerschaft (37+1)"}]},{"@type":"WebSite","@id":"https:\/\/www.babyartikel.de\/magazin\/#website","url":"https:\/\/www.babyartikel.de\/magazin\/","name":"Babyartikel.de Magazin","description":"","potentialAction":[{"@type":"SearchAction","target":{"@type":"EntryPoint","urlTemplate":"https:\/\/www.babyartikel.de\/magazin\/?s={search_term_string}"},"query-input":{"@type":"PropertyValueSpecification","valueRequired":true,"valueName":"search_term_string"}}],"inLanguage":"de"},{"@type":"Person","@id":"https:\/\/www.babyartikel.de\/magazin\/#\/schema\/person\/1db11e46f2cc589fbd7acee6c5191911","name":"Kathrin","image":{"@type":"ImageObject","inLanguage":"de","@id":"https:\/\/secure.gravatar.com\/avatar\/5d45d670bebfbc1b2ddaa9a7bbaedbe41756cbd8db0940323b4d161b32a80ff4?s=96&d=mm&r=g","url":"https:\/\/secure.gravatar.com\/avatar\/5d45d670bebfbc1b2ddaa9a7bbaedbe41756cbd8db0940323b4d161b32a80ff4?s=96&d=mm&r=g","contentUrl":"https:\/\/secure.gravatar.com\/avatar\/5d45d670bebfbc1b2ddaa9a7bbaedbe41756cbd8db0940323b4d161b32a80ff4?s=96&d=mm&r=g","caption":"Kathrin"},"description":"Ich m\u00f6chte mir und anderen M\u00fcttern Mut machen, der eigenen Intuition zu folgen und nicht gesellschaftlichen Erwartungshaltungen entsprechen zu m\u00fcssen. Ich m\u00f6chte ermuntern auf die individuellen Bed\u00fcrfnisse von Kindern einzugehen. Ihnen zu zuh\u00f6ren. Sie zu verstehen. Ihnen Nestw\u00e4rme zu geben!","sameAs":["http:\/\/www.nestling.org"],"url":"https:\/\/www.babyartikel.de\/magazin\/author\/nestling"}]}},"abstract_sku":"","_links":{"self":[{"href":"https:\/\/www.babyartikel.de\/magazin\/wp-json\/wp\/v2\/posts\/3574","targetHints":{"allow":["GET"]}}],"collection":[{"href":"https:\/\/www.babyartikel.de\/magazin\/wp-json\/wp\/v2\/posts"}],"about":[{"href":"https:\/\/www.babyartikel.de\/magazin\/wp-json\/wp\/v2\/types\/post"}],"author":[{"embeddable":true,"href":"https:\/\/www.babyartikel.de\/magazin\/wp-json\/wp\/v2\/users\/6"}],"replies":[{"embeddable":true,"href":"https:\/\/www.babyartikel.de\/magazin\/wp-json\/wp\/v2\/comments?post=3574"}],"version-history":[{"count":6,"href":"https:\/\/www.babyartikel.de\/magazin\/wp-json\/wp\/v2\/posts\/3574\/revisions"}],"predecessor-version":[{"id":828545,"href":"https:\/\/www.babyartikel.de\/magazin\/wp-json\/wp\/v2\/posts\/3574\/revisions\/828545"}],"wp:attachment":[{"href":"https:\/\/www.babyartikel.de\/magazin\/wp-json\/wp\/v2\/media?parent=3574"}],"wp:term":[{"taxonomy":"category","embeddable":true,"href":"https:\/\/www.babyartikel.de\/magazin\/wp-json\/wp\/v2\/categories?post=3574"},{"taxonomy":"post_tag","embeddable":true,"href":"https:\/\/www.babyartikel.de\/magazin\/wp-json\/wp\/v2\/tags?post=3574"}],"curies":[{"name":"wp","href":"https:\/\/api.w.org\/{rel}","templated":true}]}}