
{"id":4080,"date":"2014-11-21T15:40:36","date_gmt":"2014-11-21T14:40:36","guid":{"rendered":"\/magazin\/?p=4080"},"modified":"2024-11-15T11:43:27","modified_gmt":"2024-11-15T10:43:27","slug":"produkttest-laessig-erste-hilfe-tasche-fuer-den-taeglichen-gebrauch","status":"publish","type":"post","link":"https:\/\/www.babyartikel.de\/magazin\/produkttest-laessig-erste-hilfe-tasche-fuer-den-taeglichen-gebrauch","title":{"rendered":"Test: L\u00e4ssig Erste Hilfe Tasche f\u00fcr den t\u00e4glichen Gebrauch"},"content":{"rendered":"<p>Zun&auml;chst wollte ich ein Erste Hilfe T&auml;schchen, am Ende habe ich es umgemodelt zu einem &bdquo;Das brauche ich t&auml;glich an Medikamenten&ldquo;-T&auml;schchen. Ich spreche von der <a href=\"https:\/\/www.babyartikel.de\/prod\/laessig-erste-hilfe-tasche-first-aid-kit-sos-universe-anthracite\">L&auml;ssig&nbsp;Erste Hilfe Tasche First Aid Kit<\/a> &ndash; Red Deer. Normal nutzt man solch eine Tasche ja nur im Notfall. Ich wollte zun&auml;chst Verbandszeug hinein legen. Allerdings habe ich das eh schon separat im Schrank und griffbereit. Also habe ich mich dazu entschieden N&uuml;tzliches zusammen zu suchen, was ich eh oft nutze bei einem Kleinkind und einem Baby.<div id=\"ez-toc-container\" class=\"ez-toc-v2_0_82_2 counter-flat ez-toc-counter ez-toc-white ez-toc-container-direction\">\n<div class=\"ez-toc-title-container\">\n<p class=\"ez-toc-title\" style=\"cursor:inherit\">Inhaltsverzeichnis<\/p>\n<span class=\"ez-toc-title-toggle\"><a href=\"#\" class=\"ez-toc-pull-right ez-toc-btn ez-toc-btn-xs ez-toc-btn-default ez-toc-toggle\" aria-label=\"Toggle Table of Content\"><span class=\"ez-toc-js-icon-con\"><span class=\"\"><span class=\"eztoc-hide\" style=\"display:none;\">Toggle<\/span><span class=\"ez-toc-icon-toggle-span\"><svg style=\"fill: #999;color:#999\" xmlns=\"http:\/\/www.w3.org\/2000\/svg\" class=\"list-377408\" width=\"20px\" height=\"20px\" viewBox=\"0 0 24 24\" fill=\"none\"><path d=\"M6 6H4v2h2V6zm14 0H8v2h12V6zM4 11h2v2H4v-2zm16 0H8v2h12v-2zM4 16h2v2H4v-2zm16 0H8v2h12v-2z\" fill=\"currentColor\"><\/path><\/svg><svg style=\"fill: #999;color:#999\" class=\"arrow-unsorted-368013\" xmlns=\"http:\/\/www.w3.org\/2000\/svg\" width=\"10px\" height=\"10px\" viewBox=\"0 0 24 24\" version=\"1.2\" baseProfile=\"tiny\"><path d=\"M18.2 9.3l-6.2-6.3-6.2 6.3c-.2.2-.3.4-.3.7s.1.5.3.7c.2.2.4.3.7.3h11c.3 0 .5-.1.7-.3.2-.2.3-.5.3-.7s-.1-.5-.3-.7zM5.8 14.7l6.2 6.3 6.2-6.3c.2-.2.3-.5.3-.7s-.1-.5-.3-.7c-.2-.2-.4-.3-.7-.3h-11c-.3 0-.5.1-.7.3-.2.2-.3.5-.3.7s.1.5.3.7z\"\/><\/svg><\/span><\/span><\/span><\/a><\/span><\/div>\n<nav><ul class='ez-toc-list ez-toc-list-level-1 ' ><li class='ez-toc-page-1'><a class=\"ez-toc-link ez-toc-heading-1\" href=\"https:\/\/www.babyartikel.de\/magazin\/produkttest-laessig-erste-hilfe-tasche-fuer-den-taeglichen-gebrauch\/#Was_habe_ich_alles_in_der_Erste_Hilfe_Tasche\" >Was habe ich alles in der Erste Hilfe Tasche?<\/a><\/li><li class='ez-toc-page-1'><a class=\"ez-toc-link ez-toc-heading-2\" href=\"https:\/\/www.babyartikel.de\/magazin\/produkttest-laessig-erste-hilfe-tasche-fuer-den-taeglichen-gebrauch\/#Braucht_man_eine_Erste_Hilfe_Tasche\" >Braucht man eine Erste Hilfe Tasche?<\/a><\/li><li class='ez-toc-page-1'><a class=\"ez-toc-link ez-toc-heading-3\" href=\"https:\/\/www.babyartikel.de\/magazin\/produkttest-laessig-erste-hilfe-tasche-fuer-den-taeglichen-gebrauch\/#Die_Verarbeitung\" >Die Verarbeitung<\/a><\/li><\/ul><\/nav><\/div>\n<h2 class=\"wp-block-heading\" id=\"h-was-habe-ich-alles-in-der-erste-hilfe-tasche\"><span class=\"ez-toc-section\" id=\"Was_habe_ich_alles_in_der_Erste_Hilfe_Tasche\"><\/span>Was habe ich alles in der Erste Hilfe Tasche?<span class=\"ez-toc-section-end\"><\/span><\/h2><h2 class=\"wp-block-heading\" id=\"h-\"><a href=\"https:\/\/www.babyartikel.de\/prod\/laessig-erste-hilfe-tasche-first-aid-kit-sos-universe-anthracite\"><img loading=\"lazy\" decoding=\"async\" width=\"671\" height=\"414\" class=\"aligncenter size-full wp-image-4084\" src=\"https:\/\/www.babyartikel.de\/magazin\/wp-content\/uploads\/2014\/11\/lknld.jpg\" alt=\"lknld\" srcset=\"https:\/\/media.babyartikel.de\/magazin\/wp-content\/uploads\/2014\/11\/lknld.jpg 671w, https:\/\/media.babyartikel.de\/magazin\/wp-content\/uploads\/2014\/11\/lknld-150x93.jpg 150w, https:\/\/media.babyartikel.de\/magazin\/wp-content\/uploads\/2014\/11\/lknld-300x185.jpg 300w, https:\/\/media.babyartikel.de\/magazin\/wp-content\/uploads\/2014\/11\/lknld-600x370.jpg 600w\" sizes=\"auto, (max-width: 671px) 100vw, 671px\"><\/a><\/h2><p>Man kann auf dem Bild schon sehen, was alles drin ist. Hinzu kommen aber noch Z&auml;pfchen f&uuml;r die Kleine und &bdquo;Trostpflaster&ldquo;. So bin ich bestens ausger&uuml;stet.<\/p><p>Manches brauche ich t&auml;glich. Dazu geh&ouml;ren die D-Fluoretten und die Jodtabletten, die ich t&auml;glich nutze. Sollte Christopher, mein Sohn, mal krank werden, habe ich aber auch alles griffbereit. Oder wenn Christopher mal bei seiner Oma oder Tante &uuml;bernachtet, kann ich das Kit sehr gut mitgeben. So hat man alles beisammen. Die Kleinen werden ab und an von jetzt auf gleich krank und da Oma und Tante keine Kleinkinder haben, ist es toll, wenn man alles so mitgeben kann.<\/p><div class=\"marketing-slot\"><div id=\"block-18\" class=\"content-post-widget marketing-slot-1 widget_block\"><a href=\"#\" class=\"newsletter_popup\" style=\"\n  display: inline-block;\n  box-shadow: 0 4px 10px rgba(0,0,0,0.1);\n  margin: 20px auto;\n  max-width: 800px;\n  width: 100%;\">\n  <img src=\"https:\/\/media.babyartikel.de\/magazin\/wp-content\/uploads\/2025\/08\/NL-Banner-Magazin-8-25.webp\" alt=\"Newsletter Banner\" style=\"\n    width: 100%;\n    height: auto;\n    display: block;\" onclick=\"ga('send', 'event', 'banner', 'click', 'magazin-banner-newsletter-8-25');\">\n<\/a>\n\n\t<!-- Modal -->\n\t<div class=\"modal fade modal_popup\" id=\"newsletter_popup\" tabindex=\"-1\" aria-labelledby=\"exampleModalLabel\" aria-hidden=\"true\">\n\t\t<div class=\"modal-dialog modal-dialog-centered modal-dialog-scrollable\">\n\t\t\t<div class=\"modal-content\">\n\t\t\t\t<div class=\"modal-header small-header\">\n\t\t\t\t\t<h5 class=\"modal-title\" id=\"newsletterModalLabel\">\n\t\t\t\t\t\tNewsletter\t\t\t\t\t<\/h5>\n\t\t\t\t\t<button type=\"button\" class=\"btn-close small-close\" data-bs-dismiss=\"modal\" aria-label=\"Close\"><\/button>\n\t\t\t\t<\/div>\n\n\t\t\t\t<div class=\"modal-body\">\n\t\t\t\t\t\t<div class=\"newsletterForm-embed popup-form\">\n        <form name=\"newsletterSubscriptionForm\" id=\"newsletter_popup_69f352abbdf58_form\" data-newsletter-id=\"newsletter_popup_69f352abbdf58\" method=\"POST\">\n\n\t\t\t<input type=\"text\" name=\"website\" class=\"hidden\" tabindex=\"-1\" autocomplete=\"off\" style=\"position:absolute;left:-9999px;\">\n\t\t\t<input type=\"hidden\" name=\"ts\" value=\"1777554091\">\n\n\t\t\t                <input type=\"hidden\" name=\"emarsys-event-id\" value=\"3756\">\n            \n            \t\t\t<div class=\"mb-3\">\n\t\t\t\t<label for=\"date\" class=\"form-label\">Geburtstag\/ -termin Deines Babys<\/label>\n                <input type=\"date\" name=\"date\" class=\"input input--expand form-control\" required>\n\t\t\t<\/div>\n            \n\t\t\t<div class=\"mb-3\">\n\t\t\t\t<label for=\"email\" class=\"form-label\">E-Mail-Adresse<\/label>\n\t\t\t\t<input type=\"email\" name=\"email\" placeholder=\"E-Mail-Adresse\" class=\"input input--expand form-control\" required>\n\t\t\t<\/div>\n\n\t\t\t\t\t\t\t<button type=\"submit\" class=\"btn btn-primary\">Absenden<\/button>\n\t\t\t\n\t\t\t\t\t\t\t<div class=\"small mt-3\" style=\"font-weight:normal;\">\n\t\t\t\t\t\n\t\t\t<div class=\"mt-3\">\n\t\t\t\tJa, ich m&ouml;chte den Newsletter von Babyartikel.de erhalten und &uuml;ber Aktionen informiert werden.\n  Dabei darf mein Nutzungsverhalten (z. B. &Ouml;ffnungen und Klicks) zur Personalisierung ausgewertet werden.\n  Mehr finde ich in der <a href=\"\/de\/datenschutz\" style=\"text-decoration:underline\">Datenschutzerkl&auml;rung<\/a>.\n\t\t\t<\/div>\n\t\t\t\t\t\t<\/div>\n\t\t\t\n\t\t\t\t\t\t\t<div class=\"small mb-3 mt-3\" style=\"font-weight:normal;\">\n\t\t\t\t\tJederzeit abbestellbar | <a href=\"\/de\/datenschutz\" style=\"text-decoration:underline\">\n\t\t\t\t\t\tDatenschutzerkl&auml;rung\n\t\t\t\t\t<\/a>\n\t\t\t\t<\/div>\n\t\t\t\n        <\/form>\n    <\/div>\n\t\n\t\t\t\t\t<div class=\"response-messages_newsletter_popup_69f352abbdf58\">\n\t\t\t\t\t\t<div class=\"alert alert-success success mt-3 mb-3 d-none\">\n\t\t\t\t\t\t\tNur noch ein Klick! Best&auml;tige Deine Anmeldung in der E-Mail, die du gleich erh&auml;ltst.\t\t\t\t\t\t<\/div>\n\t\t\t\t\t\t<div class=\"error mt-3 mb-3 d-none\">\n\t\t\t\t\t\t\t<div class=\"alert alert-danger \">\n\t\t\t\t\t\t\t\tEin Fehler ist aufgetreten. Bitte versuche es sp&auml;ter erneut.\t\t\t\t\t\t\t<\/div>\n\t\t\t\t\t\t<\/div>\n\t\t\t\t\t\t<div class=\"alert alert-danger other-2007 mt-3 mb-3 d-none\">\n\t\t\t\t\t\t\tUng&Atilde;&frac14;ltiges Datumsformat\t\t\t\t\t\t<\/div>\n\t\t\t\t\t<\/div>\n\t\t\t\t<\/div>\n\t\t\t<\/div>\n\t\t<\/div>\n\t<\/div>\n\n\t<\/div><!-- content-widget --><\/div><h2 class=\"wp-block-heading\" id=\"h-\"><a href=\"https:\/\/www.babyartikel.de\/prod\/laessig-erste-hilfe-tasche-first-aid-kit-sos-universe-anthracite\"><img loading=\"lazy\" decoding=\"async\" width=\"720\" height=\"480\" class=\"aligncenter size-full wp-image-4150\" src=\"https:\/\/www.babyartikel.de\/magazin\/wp-content\/uploads\/2014\/11\/IMG_4015.jpg\" alt=\"IMG_4015\" srcset=\"https:\/\/media.babyartikel.de\/magazin\/wp-content\/uploads\/2014\/11\/IMG_4015.jpg 720w, https:\/\/media.babyartikel.de\/magazin\/wp-content\/uploads\/2014\/11\/IMG_4015-690x460.jpg 690w, https:\/\/media.babyartikel.de\/magazin\/wp-content\/uploads\/2014\/11\/IMG_4015-150x100.jpg 150w, https:\/\/media.babyartikel.de\/magazin\/wp-content\/uploads\/2014\/11\/IMG_4015-272x182.jpg 272w, https:\/\/media.babyartikel.de\/magazin\/wp-content\/uploads\/2014\/11\/IMG_4015-300x200.jpg 300w, https:\/\/media.babyartikel.de\/magazin\/wp-content\/uploads\/2014\/11\/IMG_4015-600x400.jpg 600w, https:\/\/media.babyartikel.de\/magazin\/wp-content\/uploads\/2014\/11\/IMG_4015-296x197.jpg 296w\" sizes=\"auto, (max-width: 720px) 100vw, 720px\"><\/a><\/h2><h2 class=\"wp-block-heading\" id=\"h-braucht-man-eine-erste-hilfe-tasche\"><span class=\"ez-toc-section\" id=\"Braucht_man_eine_Erste_Hilfe_Tasche\"><\/span>Braucht man eine Erste Hilfe Tasche?<span class=\"ez-toc-section-end\"><\/span><\/h2><p>F&uuml;r Mamas und Papas, die eh schon alles zusammen haben, wenn es mal schnell gehen muss, ist es sicher kein &bdquo;Muss.&ldquo; F&uuml;r Mamas wie mich, die Ihre Medikamente sonst immer mit den der Kinder zusammen vermischt in einem Korb hatte, sicherlich hilfreich. Ich greife jetzt am Morgen nur noch nach der Tasche und habe direkt f&uuml;r Amelie und mich die Tabletten, die wir brauchen und muss nicht ewig im Korb suchen.<\/p><h2 class=\"wp-block-heading\" id=\"h-die-verarbeitung\"><span class=\"ez-toc-section\" id=\"Die_Verarbeitung\"><\/span>Die Verarbeitung<span class=\"ez-toc-section-end\"><\/span><\/h2><p>Ich habe mir die Tasche genau angesehen. Ich hatte etwas Angst, dass die N&auml;hte da, wo ich die Nasentropfen durchgeschoben habe, evtl. schnell kaputt gehen. Aber ich wurde eines Besseren belehrt. Die N&auml;hte halten sehr gut und man muss wirklich keine Angst haben, dass sie kaputt gehen. Sollte man mal Globulis oder sonstiges durch die Laschen schieben, muss man nicht vorsichtig sein.<\/p><div class=\"postslot1\">\t\t<div style=\"clear:both\"><\/div>\n\t\t\t\t\t\t<div id=\"productPanel887\" class=\"product-panel-bottom\">&nbsp;<\/div>\n\t\t\t\t\t\t<script type=\"module\">\n\t\t\t\t\t\t\trequestProductPanel(\"https:\/\/www.babyartikel.de\/magazin\/wp-content\/plugins\/wp-productpanel2\/ProductPanel.php\", \"?panel_type=automatic&basis_category=3-G-HA&basis_product=202100003550&swipe_mobile=1&postid=4080&template=auto&max=4&productPanelId=887&solrQuery=\", 887, 1);\n\t\t\t\t\t\t<\/script>\n\t\t\t\t\t<link rel=\"stylesheet\" href=\"https:\/\/cdn.jsdelivr.net\/npm\/swiper@8\/swiper-bundle.min.css\"><\/div><div class=\"marketing-slot\"><div id=\"block-25\" class=\"content-post-widget marketing-slot-2 widget_block\"><a href=\"https:\/\/www.babyartikel.de\/de\/angebote\" data-track-link-click=\"true\" data-track-name=\"nyoutlet2026-magazin\" data-track-medium=\"banner-magazin-post\" data-track-campaign=\"magazin-banner-nyoutlet2026\" onclick=\"ga('send', 'event', 'banner', 'click', 'magazin-banner-nyoutlet2026');\" style=\"display:block;width:100%;text-align:center;\"><img src=\"https:\/\/media.babyartikel.de\/magazin\/wp-content\/uploads\/2026\/01\/NY-Outlet-10-2026.webp\" alt=\"Sale\" style=\"max-width:100%;\"><\/a><\/div><!-- content-widget --><\/div><p>Liebe Gr&uuml;&szlig;e, Janina<\/p><\/p>\n","protected":false},"excerpt":{"rendered":"<p>Zun&auml;chst wollte ich ein Erste Hilfe T&auml;schchen, am Ende habe ich es umgemodelt zu einem &bdquo;Das brauche ich t&auml;glich an Medikamenten&ldquo;-T&auml;schchen. Ich spreche von der L&auml;ssig&nbsp;Erste Hilfe Tasche First Aid Kit &ndash; Red Deer. Normal nutzt man solch eine Tasche ja nur im Notfall. Ich wollte zun&auml;chst Verbandszeug hinein legen. Allerdings habe ich das eh [&#8230;]<\/p>\n<p><a class=\"btn btn-secondary understrap-read-more-link\" href=\"https:\/\/www.babyartikel.de\/magazin\/produkttest-laessig-erste-hilfe-tasche-fuer-den-taeglichen-gebrauch\">Weiterlesen&#8230;<\/a><\/p>\n","protected":false},"author":13,"featured_media":4082,"comment_status":"open","ping_status":"open","sticky":false,"template":"","format":"standard","meta":{"_acf_changed":false,"footnotes":""},"categories":[2806,2802,48],"tags":[],"class_list":["post-4080","post","type-post","status-publish","format-standard","has-post-thumbnail","hentry","category-baby-erstausstattung","category-mamablogger-berichten","category-test-bewertungen"],"acf":[],"yoast_head":"<!-- This site is optimized with the Yoast SEO Premium plugin v27.2 (Yoast SEO v27.2) - https:\/\/yoast.com\/product\/yoast-seo-premium-wordpress\/ -->\n<title>Test: L\u00e4ssig Erste Hilfe Tasche f\u00fcr den t\u00e4glichen Gebrauch | Babyartikel.de Magazin<\/title>\n<meta name=\"robots\" content=\"index, follow, max-snippet:-1, max-image-preview:large, max-video-preview:-1\" \/>\n<link rel=\"canonical\" href=\"https:\/\/www.babyartikel.de\/magazin\/produkttest-laessig-erste-hilfe-tasche-fuer-den-taeglichen-gebrauch\" \/>\n<meta property=\"og:locale\" content=\"de_DE\" \/>\n<meta property=\"og:type\" content=\"article\" \/>\n<meta property=\"og:title\" content=\"Test: L\u00e4ssig Erste Hilfe Tasche f\u00fcr den t\u00e4glichen Gebrauch\" \/>\n<meta property=\"og:description\" content=\"Zun&auml;chst wollte ich ein Erste Hilfe T&auml;schchen, am Ende habe ich es umgemodelt zu einem &bdquo;Das brauche ich t&auml;glich an Medikamenten&ldquo;-T&auml;schchen. Ich spreche von der L&auml;ssig&nbsp;Erste Hilfe Tasche First Aid Kit &ndash; Red Deer. Normal nutzt man solch eine Tasche ja nur im Notfall. Ich wollte zun&auml;chst Verbandszeug hinein legen. Allerdings habe ich das eh [...]Weiterlesen...\" \/>\n<meta property=\"og:url\" content=\"https:\/\/www.babyartikel.de\/magazin\/produkttest-laessig-erste-hilfe-tasche-fuer-den-taeglichen-gebrauch\" \/>\n<meta property=\"og:site_name\" content=\"Babyartikel.de Magazin\" \/>\n<meta property=\"article:published_time\" content=\"2014-11-21T14:40:36+00:00\" \/>\n<meta property=\"article:modified_time\" content=\"2024-11-15T10:43:27+00:00\" \/>\n<meta property=\"og:image\" content=\"https:\/\/cdn.magazin.babyartikel.de\/magazin\/wp-content\/uploads\/2014\/11\/IMG_4021.jpg\" \/>\n\t<meta property=\"og:image:width\" content=\"720\" \/>\n\t<meta property=\"og:image:height\" content=\"480\" \/>\n\t<meta property=\"og:image:type\" content=\"image\/jpeg\" \/>\n<meta name=\"author\" content=\"Janina\" \/>\n<meta name=\"twitter:card\" content=\"summary_large_image\" \/>\n<meta name=\"twitter:label1\" content=\"Verfasst von\" \/>\n\t<meta name=\"twitter:data1\" content=\"Janina\" \/>\n\t<meta name=\"twitter:label2\" content=\"Gesch\u00e4tzte Lesezeit\" \/>\n\t<meta name=\"twitter:data2\" content=\"3\u00a0Minuten\" \/>\n<script type=\"application\/ld+json\" class=\"yoast-schema-graph\">{\"@context\":\"https:\/\/schema.org\",\"@graph\":[{\"@type\":\"Article\",\"@id\":\"https:\/\/www.babyartikel.de\/magazin\/produkttest-laessig-erste-hilfe-tasche-fuer-den-taeglichen-gebrauch#article\",\"isPartOf\":{\"@id\":\"https:\/\/www.babyartikel.de\/magazin\/produkttest-laessig-erste-hilfe-tasche-fuer-den-taeglichen-gebrauch\"},\"author\":{\"name\":\"Janina\",\"@id\":\"https:\/\/www.babyartikel.de\/magazin\/#\/schema\/person\/8c9476d0a9560c0f4cb290090652514a\"},\"headline\":\"Test: L\u00e4ssig Erste Hilfe Tasche f\u00fcr den t\u00e4glichen Gebrauch\",\"datePublished\":\"2014-11-21T14:40:36+00:00\",\"dateModified\":\"2024-11-15T10:43:27+00:00\",\"mainEntityOfPage\":{\"@id\":\"https:\/\/www.babyartikel.de\/magazin\/produkttest-laessig-erste-hilfe-tasche-fuer-den-taeglichen-gebrauch\"},\"wordCount\":373,\"commentCount\":2,\"image\":{\"@id\":\"https:\/\/www.babyartikel.de\/magazin\/produkttest-laessig-erste-hilfe-tasche-fuer-den-taeglichen-gebrauch#primaryimage\"},\"thumbnailUrl\":\"https:\/\/media.babyartikel.de\/magazin\/wp-content\/uploads\/2014\/11\/IMG_4021.jpg\",\"articleSection\":[\"Baby Erstausstattung\",\"Mamablogger berichten\",\"Tests\"],\"inLanguage\":\"de\",\"potentialAction\":[{\"@type\":\"CommentAction\",\"name\":\"Comment\",\"target\":[\"https:\/\/www.babyartikel.de\/magazin\/produkttest-laessig-erste-hilfe-tasche-fuer-den-taeglichen-gebrauch#respond\"]}]},{\"@type\":\"WebPage\",\"@id\":\"https:\/\/www.babyartikel.de\/magazin\/produkttest-laessig-erste-hilfe-tasche-fuer-den-taeglichen-gebrauch\",\"url\":\"https:\/\/www.babyartikel.de\/magazin\/produkttest-laessig-erste-hilfe-tasche-fuer-den-taeglichen-gebrauch\",\"name\":\"Test: L\u00e4ssig Erste Hilfe Tasche f\u00fcr den t\u00e4glichen Gebrauch | Babyartikel.de Magazin\",\"isPartOf\":{\"@id\":\"https:\/\/www.babyartikel.de\/magazin\/#website\"},\"primaryImageOfPage\":{\"@id\":\"https:\/\/www.babyartikel.de\/magazin\/produkttest-laessig-erste-hilfe-tasche-fuer-den-taeglichen-gebrauch#primaryimage\"},\"image\":{\"@id\":\"https:\/\/www.babyartikel.de\/magazin\/produkttest-laessig-erste-hilfe-tasche-fuer-den-taeglichen-gebrauch#primaryimage\"},\"thumbnailUrl\":\"https:\/\/media.babyartikel.de\/magazin\/wp-content\/uploads\/2014\/11\/IMG_4021.jpg\",\"datePublished\":\"2014-11-21T14:40:36+00:00\",\"dateModified\":\"2024-11-15T10:43:27+00:00\",\"author\":{\"@id\":\"https:\/\/www.babyartikel.de\/magazin\/#\/schema\/person\/8c9476d0a9560c0f4cb290090652514a\"},\"breadcrumb\":{\"@id\":\"https:\/\/www.babyartikel.de\/magazin\/produkttest-laessig-erste-hilfe-tasche-fuer-den-taeglichen-gebrauch#breadcrumb\"},\"inLanguage\":\"de\",\"potentialAction\":[{\"@type\":\"ReadAction\",\"target\":[\"https:\/\/www.babyartikel.de\/magazin\/produkttest-laessig-erste-hilfe-tasche-fuer-den-taeglichen-gebrauch\"]}]},{\"@type\":\"ImageObject\",\"inLanguage\":\"de\",\"@id\":\"https:\/\/www.babyartikel.de\/magazin\/produkttest-laessig-erste-hilfe-tasche-fuer-den-taeglichen-gebrauch#primaryimage\",\"url\":\"https:\/\/media.babyartikel.de\/magazin\/wp-content\/uploads\/2014\/11\/IMG_4021.jpg\",\"contentUrl\":\"https:\/\/media.babyartikel.de\/magazin\/wp-content\/uploads\/2014\/11\/IMG_4021.jpg\",\"width\":720,\"height\":480},{\"@type\":\"BreadcrumbList\",\"@id\":\"https:\/\/www.babyartikel.de\/magazin\/produkttest-laessig-erste-hilfe-tasche-fuer-den-taeglichen-gebrauch#breadcrumb\",\"itemListElement\":[{\"@type\":\"ListItem\",\"position\":1,\"name\":\"Startseite\",\"item\":\"https:\/\/www.babyartikel.de\/magazin\"},{\"@type\":\"ListItem\",\"position\":2,\"name\":\"Test: L\u00e4ssig Erste Hilfe Tasche f\u00fcr den t\u00e4glichen Gebrauch\"}]},{\"@type\":\"WebSite\",\"@id\":\"https:\/\/www.babyartikel.de\/magazin\/#website\",\"url\":\"https:\/\/www.babyartikel.de\/magazin\/\",\"name\":\"Babyartikel.de Magazin\",\"description\":\"\",\"potentialAction\":[{\"@type\":\"SearchAction\",\"target\":{\"@type\":\"EntryPoint\",\"urlTemplate\":\"https:\/\/www.babyartikel.de\/magazin\/?s={search_term_string}\"},\"query-input\":{\"@type\":\"PropertyValueSpecification\",\"valueRequired\":true,\"valueName\":\"search_term_string\"}}],\"inLanguage\":\"de\"},{\"@type\":\"Person\",\"@id\":\"https:\/\/www.babyartikel.de\/magazin\/#\/schema\/person\/8c9476d0a9560c0f4cb290090652514a\",\"name\":\"Janina\",\"image\":{\"@type\":\"ImageObject\",\"inLanguage\":\"de\",\"@id\":\"https:\/\/secure.gravatar.com\/avatar\/9f536a6b3c5a768bd1d7042c9323360df56e15c7007c4f1472ee416d9f7043ad?s=96&d=mm&r=g\",\"url\":\"https:\/\/secure.gravatar.com\/avatar\/9f536a6b3c5a768bd1d7042c9323360df56e15c7007c4f1472ee416d9f7043ad?s=96&d=mm&r=g\",\"contentUrl\":\"https:\/\/secure.gravatar.com\/avatar\/9f536a6b3c5a768bd1d7042c9323360df56e15c7007c4f1472ee416d9f7043ad?s=96&d=mm&r=g\",\"caption\":\"Janina\"},\"description\":\"Ich hei\u00dfe Janina, auf meinem Blog \\\"Make Up Und More\\\" schreibe ich \u00fcber Kosmetik, aber auch \u00fcber meinen Sohn und meine Tochter.\",\"sameAs\":[\"http:\/\/sunny189.blogspot.de\/\"],\"url\":\"https:\/\/www.babyartikel.de\/magazin\/author\/janina\"}]}<\/script>\n<!-- \/ Yoast SEO Premium plugin. -->","yoast_head_json":{"title":"Test: L\u00e4ssig Erste Hilfe Tasche f\u00fcr den t\u00e4glichen Gebrauch | Babyartikel.de Magazin","robots":{"index":"index","follow":"follow","max-snippet":"max-snippet:-1","max-image-preview":"max-image-preview:large","max-video-preview":"max-video-preview:-1"},"canonical":"https:\/\/www.babyartikel.de\/magazin\/produkttest-laessig-erste-hilfe-tasche-fuer-den-taeglichen-gebrauch","og_locale":"de_DE","og_type":"article","og_title":"Test: L\u00e4ssig Erste Hilfe Tasche f\u00fcr den t\u00e4glichen Gebrauch","og_description":"Zun&auml;chst wollte ich ein Erste Hilfe T&auml;schchen, am Ende habe ich es umgemodelt zu einem &bdquo;Das brauche ich t&auml;glich an Medikamenten&ldquo;-T&auml;schchen. Ich spreche von der L&auml;ssig&nbsp;Erste Hilfe Tasche First Aid Kit &ndash; Red Deer. Normal nutzt man solch eine Tasche ja nur im Notfall. Ich wollte zun&auml;chst Verbandszeug hinein legen. Allerdings habe ich das eh [...]Weiterlesen...","og_url":"https:\/\/www.babyartikel.de\/magazin\/produkttest-laessig-erste-hilfe-tasche-fuer-den-taeglichen-gebrauch","og_site_name":"Babyartikel.de Magazin","article_published_time":"2014-11-21T14:40:36+00:00","article_modified_time":"2024-11-15T10:43:27+00:00","og_image":[{"width":720,"height":480,"url":"https:\/\/cdn.magazin.babyartikel.de\/magazin\/wp-content\/uploads\/2014\/11\/IMG_4021.jpg","type":"image\/jpeg"}],"author":"Janina","twitter_card":"summary_large_image","twitter_misc":{"Verfasst von":"Janina","Gesch\u00e4tzte Lesezeit":"3\u00a0Minuten"},"schema":{"@context":"https:\/\/schema.org","@graph":[{"@type":"Article","@id":"https:\/\/www.babyartikel.de\/magazin\/produkttest-laessig-erste-hilfe-tasche-fuer-den-taeglichen-gebrauch#article","isPartOf":{"@id":"https:\/\/www.babyartikel.de\/magazin\/produkttest-laessig-erste-hilfe-tasche-fuer-den-taeglichen-gebrauch"},"author":{"name":"Janina","@id":"https:\/\/www.babyartikel.de\/magazin\/#\/schema\/person\/8c9476d0a9560c0f4cb290090652514a"},"headline":"Test: L\u00e4ssig Erste Hilfe Tasche f\u00fcr den t\u00e4glichen Gebrauch","datePublished":"2014-11-21T14:40:36+00:00","dateModified":"2024-11-15T10:43:27+00:00","mainEntityOfPage":{"@id":"https:\/\/www.babyartikel.de\/magazin\/produkttest-laessig-erste-hilfe-tasche-fuer-den-taeglichen-gebrauch"},"wordCount":373,"commentCount":2,"image":{"@id":"https:\/\/www.babyartikel.de\/magazin\/produkttest-laessig-erste-hilfe-tasche-fuer-den-taeglichen-gebrauch#primaryimage"},"thumbnailUrl":"https:\/\/media.babyartikel.de\/magazin\/wp-content\/uploads\/2014\/11\/IMG_4021.jpg","articleSection":["Baby Erstausstattung","Mamablogger berichten","Tests"],"inLanguage":"de","potentialAction":[{"@type":"CommentAction","name":"Comment","target":["https:\/\/www.babyartikel.de\/magazin\/produkttest-laessig-erste-hilfe-tasche-fuer-den-taeglichen-gebrauch#respond"]}]},{"@type":"WebPage","@id":"https:\/\/www.babyartikel.de\/magazin\/produkttest-laessig-erste-hilfe-tasche-fuer-den-taeglichen-gebrauch","url":"https:\/\/www.babyartikel.de\/magazin\/produkttest-laessig-erste-hilfe-tasche-fuer-den-taeglichen-gebrauch","name":"Test: L\u00e4ssig Erste Hilfe Tasche f\u00fcr den t\u00e4glichen Gebrauch | Babyartikel.de Magazin","isPartOf":{"@id":"https:\/\/www.babyartikel.de\/magazin\/#website"},"primaryImageOfPage":{"@id":"https:\/\/www.babyartikel.de\/magazin\/produkttest-laessig-erste-hilfe-tasche-fuer-den-taeglichen-gebrauch#primaryimage"},"image":{"@id":"https:\/\/www.babyartikel.de\/magazin\/produkttest-laessig-erste-hilfe-tasche-fuer-den-taeglichen-gebrauch#primaryimage"},"thumbnailUrl":"https:\/\/media.babyartikel.de\/magazin\/wp-content\/uploads\/2014\/11\/IMG_4021.jpg","datePublished":"2014-11-21T14:40:36+00:00","dateModified":"2024-11-15T10:43:27+00:00","author":{"@id":"https:\/\/www.babyartikel.de\/magazin\/#\/schema\/person\/8c9476d0a9560c0f4cb290090652514a"},"breadcrumb":{"@id":"https:\/\/www.babyartikel.de\/magazin\/produkttest-laessig-erste-hilfe-tasche-fuer-den-taeglichen-gebrauch#breadcrumb"},"inLanguage":"de","potentialAction":[{"@type":"ReadAction","target":["https:\/\/www.babyartikel.de\/magazin\/produkttest-laessig-erste-hilfe-tasche-fuer-den-taeglichen-gebrauch"]}]},{"@type":"ImageObject","inLanguage":"de","@id":"https:\/\/www.babyartikel.de\/magazin\/produkttest-laessig-erste-hilfe-tasche-fuer-den-taeglichen-gebrauch#primaryimage","url":"https:\/\/media.babyartikel.de\/magazin\/wp-content\/uploads\/2014\/11\/IMG_4021.jpg","contentUrl":"https:\/\/media.babyartikel.de\/magazin\/wp-content\/uploads\/2014\/11\/IMG_4021.jpg","width":720,"height":480},{"@type":"BreadcrumbList","@id":"https:\/\/www.babyartikel.de\/magazin\/produkttest-laessig-erste-hilfe-tasche-fuer-den-taeglichen-gebrauch#breadcrumb","itemListElement":[{"@type":"ListItem","position":1,"name":"Startseite","item":"https:\/\/www.babyartikel.de\/magazin"},{"@type":"ListItem","position":2,"name":"Test: L\u00e4ssig Erste Hilfe Tasche f\u00fcr den t\u00e4glichen Gebrauch"}]},{"@type":"WebSite","@id":"https:\/\/www.babyartikel.de\/magazin\/#website","url":"https:\/\/www.babyartikel.de\/magazin\/","name":"Babyartikel.de Magazin","description":"","potentialAction":[{"@type":"SearchAction","target":{"@type":"EntryPoint","urlTemplate":"https:\/\/www.babyartikel.de\/magazin\/?s={search_term_string}"},"query-input":{"@type":"PropertyValueSpecification","valueRequired":true,"valueName":"search_term_string"}}],"inLanguage":"de"},{"@type":"Person","@id":"https:\/\/www.babyartikel.de\/magazin\/#\/schema\/person\/8c9476d0a9560c0f4cb290090652514a","name":"Janina","image":{"@type":"ImageObject","inLanguage":"de","@id":"https:\/\/secure.gravatar.com\/avatar\/9f536a6b3c5a768bd1d7042c9323360df56e15c7007c4f1472ee416d9f7043ad?s=96&d=mm&r=g","url":"https:\/\/secure.gravatar.com\/avatar\/9f536a6b3c5a768bd1d7042c9323360df56e15c7007c4f1472ee416d9f7043ad?s=96&d=mm&r=g","contentUrl":"https:\/\/secure.gravatar.com\/avatar\/9f536a6b3c5a768bd1d7042c9323360df56e15c7007c4f1472ee416d9f7043ad?s=96&d=mm&r=g","caption":"Janina"},"description":"Ich hei\u00dfe Janina, auf meinem Blog \"Make Up Und More\" schreibe ich \u00fcber Kosmetik, aber auch \u00fcber meinen Sohn und meine Tochter.","sameAs":["http:\/\/sunny189.blogspot.de\/"],"url":"https:\/\/www.babyartikel.de\/magazin\/author\/janina"}]}},"abstract_sku":"","_links":{"self":[{"href":"https:\/\/www.babyartikel.de\/magazin\/wp-json\/wp\/v2\/posts\/4080","targetHints":{"allow":["GET"]}}],"collection":[{"href":"https:\/\/www.babyartikel.de\/magazin\/wp-json\/wp\/v2\/posts"}],"about":[{"href":"https:\/\/www.babyartikel.de\/magazin\/wp-json\/wp\/v2\/types\/post"}],"author":[{"embeddable":true,"href":"https:\/\/www.babyartikel.de\/magazin\/wp-json\/wp\/v2\/users\/13"}],"replies":[{"embeddable":true,"href":"https:\/\/www.babyartikel.de\/magazin\/wp-json\/wp\/v2\/comments?post=4080"}],"version-history":[{"count":22,"href":"https:\/\/www.babyartikel.de\/magazin\/wp-json\/wp\/v2\/posts\/4080\/revisions"}],"predecessor-version":[{"id":954246,"href":"https:\/\/www.babyartikel.de\/magazin\/wp-json\/wp\/v2\/posts\/4080\/revisions\/954246"}],"wp:featuredmedia":[{"embeddable":true,"href":"https:\/\/www.babyartikel.de\/magazin\/wp-json\/wp\/v2\/media\/4082"}],"wp:attachment":[{"href":"https:\/\/www.babyartikel.de\/magazin\/wp-json\/wp\/v2\/media?parent=4080"}],"wp:term":[{"taxonomy":"category","embeddable":true,"href":"https:\/\/www.babyartikel.de\/magazin\/wp-json\/wp\/v2\/categories?post=4080"},{"taxonomy":"post_tag","embeddable":true,"href":"https:\/\/www.babyartikel.de\/magazin\/wp-json\/wp\/v2\/tags?post=4080"}],"curies":[{"name":"wp","href":"https:\/\/api.w.org\/{rel}","templated":true}]}}