
{"id":47832,"date":"2017-06-19T05:33:19","date_gmt":"2017-06-19T03:33:19","guid":{"rendered":"https:\/\/www.babyartikel.de\/magazin\/?p=47832"},"modified":"2024-11-12T15:31:37","modified_gmt":"2024-11-12T14:31:37","slug":"presswehen","status":"publish","type":"post","link":"https:\/\/www.babyartikel.de\/magazin\/presswehen","title":{"rendered":"Die Presswehen &#8211; Dein Baby kommt auf die Welt"},"content":{"rendered":"<p>Du hast gek&auml;mpft, geschwitzt und geatmet und pl&ouml;tzlich sind sie da, die ersten Presswehen. Du sp&uuml;rst, dass es nun nicht mehr lange dauern kann, bis Du Dein Baby im Arm h&auml;ltst. Wie sich Presswehen von Er&ouml;ffnungswehen unterscheiden, was w&auml;hrend dieser letzten Phase der Geburt passiert und wie man Dich vielleicht noch ein wenig unterst&uuml;tzen kann, dar&uuml;ber m&ouml;chte ich heute berichten.<div id=\"ez-toc-container\" class=\"ez-toc-v2_0_82_2 counter-flat ez-toc-counter ez-toc-white ez-toc-container-direction\">\n<div class=\"ez-toc-title-container\">\n<p class=\"ez-toc-title\" style=\"cursor:inherit\">Inhaltsverzeichnis<\/p>\n<span class=\"ez-toc-title-toggle\"><a href=\"#\" class=\"ez-toc-pull-right ez-toc-btn ez-toc-btn-xs ez-toc-btn-default ez-toc-toggle\" aria-label=\"Toggle Table of Content\"><span class=\"ez-toc-js-icon-con\"><span class=\"\"><span class=\"eztoc-hide\" style=\"display:none;\">Toggle<\/span><span class=\"ez-toc-icon-toggle-span\"><svg style=\"fill: #999;color:#999\" xmlns=\"http:\/\/www.w3.org\/2000\/svg\" class=\"list-377408\" width=\"20px\" height=\"20px\" viewBox=\"0 0 24 24\" fill=\"none\"><path d=\"M6 6H4v2h2V6zm14 0H8v2h12V6zM4 11h2v2H4v-2zm16 0H8v2h12v-2zM4 16h2v2H4v-2zm16 0H8v2h12v-2z\" fill=\"currentColor\"><\/path><\/svg><svg style=\"fill: #999;color:#999\" class=\"arrow-unsorted-368013\" xmlns=\"http:\/\/www.w3.org\/2000\/svg\" width=\"10px\" height=\"10px\" viewBox=\"0 0 24 24\" version=\"1.2\" baseProfile=\"tiny\"><path d=\"M18.2 9.3l-6.2-6.3-6.2 6.3c-.2.2-.3.4-.3.7s.1.5.3.7c.2.2.4.3.7.3h11c.3 0 .5-.1.7-.3.2-.2.3-.5.3-.7s-.1-.5-.3-.7zM5.8 14.7l6.2 6.3 6.2-6.3c.2-.2.3-.5.3-.7s-.1-.5-.3-.7c-.2-.2-.4-.3-.7-.3h-11c-.3 0-.5.1-.7.3-.2.2-.3.5-.3.7s.1.5.3.7z\"\/><\/svg><\/span><\/span><\/span><\/a><\/span><\/div>\n<nav><ul class='ez-toc-list ez-toc-list-level-1 ' ><li class='ez-toc-page-1'><a class=\"ez-toc-link ez-toc-heading-1\" href=\"https:\/\/www.babyartikel.de\/magazin\/presswehen\/#Wann_beginnen_die_Presswehen\" >Wann beginnen die Presswehen?<\/a><\/li><li class='ez-toc-page-1'><a class=\"ez-toc-link ez-toc-heading-2\" href=\"https:\/\/www.babyartikel.de\/magazin\/presswehen\/#Warum_mir_der_Begriff_Austreibungswehen_lieber_ist\" >Warum mir der Begriff Austreibungswehen lieber ist<\/a><\/li><li class='ez-toc-page-1'><a class=\"ez-toc-link ez-toc-heading-3\" href=\"https:\/\/www.babyartikel.de\/magazin\/presswehen\/#_Wie_fuehlen_sich_Presswehen_an\" >&nbsp;Wie f&uuml;hlen sich Presswehen an?<\/a><\/li><li class='ez-toc-page-1'><a class=\"ez-toc-link ez-toc-heading-4\" href=\"https:\/\/www.babyartikel.de\/magazin\/presswehen\/#Was_Dir_in_der_letzten_Phase_der_Geburt_helfen_kann\" >Was Dir in der letzten Phase der Geburt helfen kann<\/a><\/li><li class='ez-toc-page-1'><a class=\"ez-toc-link ez-toc-heading-5\" href=\"https:\/\/www.babyartikel.de\/magazin\/presswehen\/#Wie_lange_dauern_die_Presswehen\" >Wie lange dauern die Presswehen?<\/a><\/li><\/ul><\/nav><\/div>\n<h2 class=\"wp-block-heading\" id=\"h-wann-beginnen-die-presswehen\"><span class=\"ez-toc-section\" id=\"Wann_beginnen_die_Presswehen\"><\/span>Wann beginnen die Presswehen?<span class=\"ez-toc-section-end\"><\/span><\/h2><p>Eine Tatsache, die gerade beim ersten Kind immer wieder f&uuml;r Verwunderung sorgt, ist der Umstand, dass ein vollst&auml;ndig er&ouml;ffneter Muttermund nicht hei&szlig;t, dass jetzt sofort das Kind heraus purzelt. Anders als in diversen Filmen dargestellt kann das n&auml;mlich durchaus auch noch etwas dauern. Zwischen Er&ouml;ffnungswehen und Presswehen liegt eine Phase der Geburt, die in den Erz&auml;hlungen manchmal etwas kurz kommt, da sie den &Uuml;bergang zwischen Er&ouml;ffnung und Austreibung (also der Geburt des Kindes ) darstellt, hei&szlig;t sie auch &Uuml;bergangsphase. Im <a href=\"https:\/\/www.babyartikel.de\/magazin\/der-geburtsvorbereitungskurs\">Geburtsvorbereitungskurs<\/a> wirst Du ausf&uuml;hrlich &uuml;ber die Phasen der Geburt informiert, das w&uuml;rde an dieser Stelle wirklich den Rahmen sprengen. Deshalb sei nur ganz kurz erw&auml;hnt, dass sich in dieser Phase das K&ouml;pfchen des Kindes durch das Becken dreht und schlie&szlig;lich in der letzten Beckenebene, am Beckenausgang steht. Und erst dann beginnen die Presswehen, die ich pers&ouml;nlich lieber Austreibungswehen nenne.<\/p><h2 class=\"wp-block-heading\" id=\"h-warum-mir-der-begriff-austreibungswehen-lieber-ist\"><span class=\"ez-toc-section\" id=\"Warum_mir_der_Begriff_Austreibungswehen_lieber_ist\"><\/span>Warum mir der Begriff Austreibungswehen lieber ist<span class=\"ez-toc-section-end\"><\/span><\/h2><p>Hast Du auch dieses Bild im Kopf, wenn Du an eine Geburt denkst? Eine Frau liegt auf einer Pritsche oder gar einem gyn&auml;kologischen Stuhl, &nbsp;zieht die Beine an, der Kopf ist krebsrot und sie wird von allen Seiten angebr&uuml;llt: &bdquo;Pressen!&ldquo; Dann ist es h&ouml;chste Zeit, sich einmal ausf&uuml;hrlich mit einer Hebamme zu unterhalten ?&nbsp;In den meisten Krei&szlig;s&auml;len hat inzwischen n&auml;mlich gl&uuml;cklicherweise eine andere Geburtshilfe Einzug gehalten, bei der ganz viel auf die Physiologie und auch die W&uuml;nsche und Bed&uuml;rfnisse von Dir als werdende Mama R&uuml;cksicht genommen wird. Man wei&szlig; heute, dass ung&uuml;nstiger als die R&uuml;ckenlage zum Geb&auml;ren eigentlich nur der Kopfstand ist und das Empfinden der Mutter einen riesengro&szlig;en Einfluss auf die Geburt hat. Eine Frau, die weniger Angst hat, ihre Position frei w&auml;hlen darf und unter der Geburt die M&ouml;glichkeit hat, sich zu bewegen braucht weniger Schmerzmittel, kommt besser mit den Wehen zurecht und geb&auml;rt schneller. Aus diesem Grunde bieten Kliniken heute deutlich mehr M&ouml;glichkeiten und man kann im Stehen, Knien, auf dem Hocker oder im Vierf&uuml;sslerstand geb&auml;ren. Viel wichtiger aber finde ich, dass man die Frauen auf ihren K&ouml;rper h&ouml;ren l&auml;sst und das tun, was der ihnen sagt. Wenn alles gut ist, es Mama und Kind den Umst&auml;nden entsprechend gut geht und die Geburt gut voran schreitet, gibt es keinen Grund zum &bdquo;Powerpressen&ldquo;. Du schiebst einfach so mit, &nbsp;wie Du musst und dann ist es gut.<\/p><div class=\"marketing-slot\"><div id=\"block-18\" class=\"content-post-widget marketing-slot-1 widget_block\"><a href=\"#\" class=\"newsletter_popup\" style=\"\n  display: inline-block;\n  box-shadow: 0 4px 10px rgba(0,0,0,0.1);\n  margin: 20px auto;\n  max-width: 800px;\n  width: 100%;\">\n  <img src=\"https:\/\/media.babyartikel.de\/magazin\/wp-content\/uploads\/2025\/08\/NL-Banner-Magazin-8-25.webp\" alt=\"Newsletter Banner\" style=\"\n    width: 100%;\n    height: auto;\n    display: block;\" onclick=\"ga('send', 'event', 'banner', 'click', 'magazin-banner-newsletter-8-25');\">\n<\/a>\n\n\t<!-- Modal -->\n\t<div class=\"modal fade modal_popup\" id=\"newsletter_popup\" tabindex=\"-1\" aria-labelledby=\"exampleModalLabel\" aria-hidden=\"true\">\n\t\t<div class=\"modal-dialog modal-dialog-centered modal-dialog-scrollable\">\n\t\t\t<div class=\"modal-content\">\n\t\t\t\t<div class=\"modal-header small-header\">\n\t\t\t\t\t<h5 class=\"modal-title\" id=\"newsletterModalLabel\">\n\t\t\t\t\t\tNewsletter\t\t\t\t\t<\/h5>\n\t\t\t\t\t<button type=\"button\" class=\"btn-close small-close\" data-bs-dismiss=\"modal\" aria-label=\"Close\"><\/button>\n\t\t\t\t<\/div>\n\n\t\t\t\t<div class=\"modal-body\">\n\t\t\t\t\t\t<div class=\"newsletterForm-embed popup-form\">\n        <form name=\"newsletterSubscriptionForm\" id=\"newsletter_popup_69f511a6eaa48_form\" data-newsletter-id=\"newsletter_popup_69f511a6eaa48\" method=\"POST\">\n\n\t\t\t<input type=\"text\" name=\"website\" class=\"hidden\" tabindex=\"-1\" autocomplete=\"off\" style=\"position:absolute;left:-9999px;\">\n\t\t\t<input type=\"hidden\" name=\"ts\" value=\"1777668518\">\n\n\t\t\t                <input type=\"hidden\" name=\"emarsys-event-id\" value=\"3756\">\n            \n            \t\t\t<div class=\"mb-3\">\n\t\t\t\t<label for=\"date\" class=\"form-label\">Geburtstag\/ -termin Deines Babys<\/label>\n                <input type=\"date\" name=\"date\" class=\"input input--expand form-control\" required>\n\t\t\t<\/div>\n            \n\t\t\t<div class=\"mb-3\">\n\t\t\t\t<label for=\"email\" class=\"form-label\">E-Mail-Adresse<\/label>\n\t\t\t\t<input type=\"email\" name=\"email\" placeholder=\"E-Mail-Adresse\" class=\"input input--expand form-control\" required>\n\t\t\t<\/div>\n\n\t\t\t\t\t\t\t<button type=\"submit\" class=\"btn btn-primary\">Absenden<\/button>\n\t\t\t\n\t\t\t\t\t\t\t<div class=\"small mt-3\" style=\"font-weight:normal;\">\n\t\t\t\t\t\n\t\t\t<div class=\"mt-3\">\n\t\t\t\tJa, ich m&ouml;chte den Newsletter von Babyartikel.de erhalten und &uuml;ber Aktionen informiert werden.\n  Dabei darf mein Nutzungsverhalten (z. B. &Ouml;ffnungen und Klicks) zur Personalisierung ausgewertet werden.\n  Mehr finde ich in der <a href=\"\/de\/datenschutz\" style=\"text-decoration:underline\">Datenschutzerkl&auml;rung<\/a>.\n\t\t\t<\/div>\n\t\t\t\t\t\t<\/div>\n\t\t\t\n\t\t\t\t\t\t\t<div class=\"small mb-3 mt-3\" style=\"font-weight:normal;\">\n\t\t\t\t\tJederzeit abbestellbar | <a href=\"\/de\/datenschutz\" style=\"text-decoration:underline\">\n\t\t\t\t\t\tDatenschutzerkl&auml;rung\n\t\t\t\t\t<\/a>\n\t\t\t\t<\/div>\n\t\t\t\n        <\/form>\n    <\/div>\n\t\n\t\t\t\t\t<div class=\"response-messages_newsletter_popup_69f511a6eaa48\">\n\t\t\t\t\t\t<div class=\"alert alert-success success mt-3 mb-3 d-none\">\n\t\t\t\t\t\t\tNur noch ein Klick! Best&auml;tige Deine Anmeldung in der E-Mail, die du gleich erh&auml;ltst.\t\t\t\t\t\t<\/div>\n\t\t\t\t\t\t<div class=\"error mt-3 mb-3 d-none\">\n\t\t\t\t\t\t\t<div class=\"alert alert-danger \">\n\t\t\t\t\t\t\t\tEin Fehler ist aufgetreten. Bitte versuche es sp&auml;ter erneut.\t\t\t\t\t\t\t<\/div>\n\t\t\t\t\t\t<\/div>\n\t\t\t\t\t\t<div class=\"alert alert-danger other-2007 mt-3 mb-3 d-none\">\n\t\t\t\t\t\t\tUng&Atilde;&frac14;ltiges Datumsformat\t\t\t\t\t\t<\/div>\n\t\t\t\t\t<\/div>\n\t\t\t\t<\/div>\n\t\t\t<\/div>\n\t\t<\/div>\n\t<\/div>\n\n\t<\/div><!-- content-widget --><\/div><figure class=\"wp-block-embed is-type-video is-provider-youtube wp-block-embed-youtube wp-embed-aspect-16-9 wp-has-aspect-ratio\"><div class=\"wp-block-embed__wrapper\">\n<iframe loading=\"lazy\" title=\"Pressen in der Austreibungsphase | babyartikel.de\" width=\"1050\" height=\"591\" src=\"https:\/\/www.youtube.com\/embed\/1LVYOHCVZ6w?list=PLK-Uz_WAuJbbo0L-peZr8EVFm_jh-JhV8\" frameborder=\"0\" allow=\"accelerometer; autoplay; clipboard-write; encrypted-media; gyroscope; picture-in-picture; web-share\" allowfullscreen><\/iframe>\n<\/div><\/figure><h2 class=\"wp-block-heading\" id=\"h-nbsp-wie-fuhlen-sich-presswehen-an\"><span class=\"ez-toc-section\" id=\"_Wie_fuehlen_sich_Presswehen_an\"><\/span>&nbsp;Wie f&uuml;hlen sich Presswehen an?<span class=\"ez-toc-section-end\"><\/span><\/h2><p>Sehr unromantisch: Presswehen f&uuml;hlen sich so an, als m&uuml;sstest Du aufs Klo. Ebenfalls anders als im Kino, sagen die meisten Frauen bei der ersten Presswehe n&auml;mlich nicht &bdquo;Das Kind kommt &bdquo;, sondern &bdquo;Ich glaub, ich muss nochmal auf Toilette &bdquo;. Das Baby muss auf seinem Weg nach drau&szlig;en am Darm vorbei und dr&uuml;ckt diesen zusammen. Dadurch entsteht das Gef&uuml;hl, als k&auml;me Stuhlgang.<\/p><p>Zus&auml;tzlich hast Du bei den Presswehen das Gef&uuml;hl, dass Dein K&ouml;rper ganz alleine dr&uuml;ckt, eben so, wie beim Stuhlgang auf Toilette. Die Atmung ver&auml;ndert sich, &nbsp;auch wenn Du die ganze Zeit gut mit der Wehenatmung zurecht gekommen bist, merkst Du jetzt, dass Du die Wehen nicht mehr veratmen kannst. Und das ist wichtig und gut, denn das Baby m&ouml;chte raus.<\/p><div class=\"postslot1\">[articles]<link rel=\"stylesheet\" href=\"https:\/\/cdn.jsdelivr.net\/npm\/swiper@8\/swiper-bundle.min.css\"><\/div><div class=\"marketing-slot\"><div id=\"block-25\" class=\"content-post-widget marketing-slot-2 widget_block\"><a href=\"https:\/\/www.babyartikel.de\/de\/angebote\" data-track-link-click=\"true\" data-track-name=\"nyoutlet2026-magazin\" data-track-medium=\"banner-magazin-post\" data-track-campaign=\"magazin-banner-nyoutlet2026\" onclick=\"ga('send', 'event', 'banner', 'click', 'magazin-banner-nyoutlet2026');\" style=\"display:block;width:100%;text-align:center;\"><img src=\"https:\/\/media.babyartikel.de\/magazin\/wp-content\/uploads\/2026\/01\/NY-Outlet-10-2026.webp\" alt=\"Sale\" style=\"max-width:100%;\"><\/a><\/div><!-- content-widget --><\/div><p>Kurz vor dem Beginn der Austreibung sagen die meisten Frauen &bdquo;Ich kann nicht mehr &ldquo; und meinen das auch. Aber glaub&lsquo; mir, wenn die ersten Presswehen kommen, hast Du die Kraft und Dein Baby hilft auch mit so gut es kann.<\/p><p>Ganz viele Frauen empfinden die Presswehen als deutlich besser zu verarbeiten als die Wehen der (sp&auml;ten) Er&ouml;ffnungsphase. Manche beschrieben das Gef&uuml;hl des &bdquo;Mitdr&uuml;cken-D&uuml;rfens&ldquo; sogar als erleichternd.<\/p><p>Definitiv leichter ist es in diesen letzten anstrengenden Minuten der Geburt,&nbsp; Dich zu motivieren, alle Kr&auml;fte noch einmal mobil zu machen, da Du das erste Mal wirklich einen unmittelbaren Erfolg merkst und sp&uuml;ren kannst, dass Du Dich nicht umsonst m&uuml;hst.<\/p><p><em>Wie f&uuml;hlen sich Wehen generell an? In diesem Beitrag beschreibe ich es Dir: <a href=\"https:\/\/www.babyartikel.de\/magazin\/wie-fuehlen-sich-wehen-an\">Wie f&uuml;hlen sich Wehen an? Ein Erkl&auml;rungsversuch<\/a><\/em><\/p><h2 class=\"wp-block-heading\" id=\"h-was-dir-in-der-letzten-phase-der-geburt-helfen-kann\"><span class=\"ez-toc-section\" id=\"Was_Dir_in_der_letzten_Phase_der_Geburt_helfen_kann\"><\/span>Was Dir in der letzten Phase der Geburt helfen kann<span class=\"ez-toc-section-end\"><\/span><\/h2><p>An alle Begleitpersonen: am Ende ist weniger wirklich mehr. Die Geburt geht vielleicht schon lange und in dieser letzten anstrengenden Phase muss die werdende Mama sich ganz auf sich und das Baby konzentrieren. Also ist das Wichtigste, einfach da zu sein, leise zu ermutigen oder einfach mal zu sagen : &bdquo;Ich bin stolz auf Dich &bdquo;. Ber&uuml;hrungen au&szlig;er dem obligatorischen H&auml;ndchen halten m&ouml;gen die meisten in der Austreibung nicht mehr, da es zu sehr ablenkt. Aber ein Schluck Wasser nach der Wehe oder auch ein k&uuml;hler Waschlappen auf die Stirn wird oft gerne angenommen.<\/p><p>Schmerzmittel werden in dieser Phase der Geburt nicht mehr gegeben, da viele Medikamente die Atmung des Babys beeintr&auml;chtigen k&ouml;nnen. Auch eine <a href=\"https:\/\/www.babyartikel.de\/magazin\/geburt-pda-ablauf\">PDA<\/a> wird gegen Ende der Geburt normalerweise nicht mehr nachgespritzt. Manchmal wird dadurch n&auml;mlich der Pressdrang vermindert und Du hast nicht mehr so stark das Gef&uuml;hl, mitdr&uuml;cken zu m&uuml;ssen. Gerade dieses Gef&uuml;hl ist aber wahnsinnig wichtig, damit das Baby gut auf die Welt kommen kann.<\/p><h2 class=\"wp-block-heading\" id=\"h-wie-lange-dauern-die-presswehen\"><span class=\"ez-toc-section\" id=\"Wie_lange_dauern_die_Presswehen\"><\/span>Wie lange dauern die Presswehen?<span class=\"ez-toc-section-end\"><\/span><\/h2><p>Das ist sehr unterschiedlich und h&auml;ngt auch wieder von unterschiedlichen Faktoren ab. Beim ersten Kind &ndash; und jetzt bitte nicht erschrecken &ndash; kann die Austreibungsphase bis zu zwei Stunden dauern. Das hei&szlig;t aber nicht, dass Du zwei Stunden lang aktiv mitdr&uuml;cken musst. Vielleicht gibt es zwischendurch immer mal wieder eine nicht so kr&auml;ftige Presswehen oder die Wehen kommen in etwas zu gro&szlig;en Abst&auml;nden. Wenn sich die Endphase zu lange hinzieht und die Gefahr besteht, dass es f&uuml;r Dich oder Dein Baby zu anstrengend wird, wird am Ende vielleicht noch ein Wehenmittel verabreicht, um die Geburt ein wenig zu beschleunigen.<\/p><p>In jedem Fall kann ich Dir sagen, dass in den Krei&szlig;s&auml;len die Zeit still zu stehen scheint und jedes Zeitgef&uuml;hl verloren geht.<\/p><p>Deshalb versuch Dir im Vorfeld nicht zu viele Gedanken zu machen, im entscheidenden Moment denkst Du eh nur noch von einer Wehe bis zur n&auml;chsten und das ist auch gut so.<\/p><p>Aus meiner Erfahrung als Hebamme und Mama kann ich Dir sagen: eine Geburt ist anstrengend, teilweise be&auml;ngstigend und bringt einen k&ouml;rperlich und emotional an seine Grenzen. Genau so wie das Leben mit Kindern. Vielleicht bist Du entt&auml;uscht, weil alles ganz anders war, als du es Dir vorgestellt hast, vielleicht bist Du aber auch &uuml;berrascht davon, was Du leisten kannst.<\/p><p>Aber wie auch immer der Start ins Leben f&uuml;r Dein Baby gelaufen ist,&nbsp; Ihr beide habt die erste gro&szlig;e H&uuml;rde gemeinsam gemeistert und nur das z&auml;hlt!<\/p><p><strong>Du interessierst Dich f&uuml;r die Wehenatmung beim Pressen? Dann schau Dir hier unser Hebammen-Video an:<\/strong><\/p><figure class=\"wp-block-embed is-type-video is-provider-youtube wp-block-embed-youtube wp-embed-aspect-16-9 wp-has-aspect-ratio\"><div class=\"wp-block-embed__wrapper\">\n<iframe loading=\"lazy\" title=\"Atmen, T&ouml;nen, Pressen | Mamalie Technik zur Geburtserleichterung | babyartikel.de\" width=\"1050\" height=\"591\" src=\"https:\/\/www.youtube.com\/embed\/oBh8sVKdYbk?list=PLK-Uz_WAuJbbo0L-peZr8EVFm_jh-JhV8\" frameborder=\"0\" allow=\"accelerometer; autoplay; clipboard-write; encrypted-media; gyroscope; picture-in-picture; web-share\" allowfullscreen><\/iframe>\n<\/div><\/figure><div class=\"credits-overlay\" data-target=\".wp-image-48149\"><a href=\"#\" target=\"_blank\">@ Gajus &ndash; Fotolia.com<\/a><\/div><\/p>\n","protected":false},"excerpt":{"rendered":"<p>Du hast gek&auml;mpft, geschwitzt und geatmet und pl&ouml;tzlich sind sie da, die ersten Presswehen. Du sp&uuml;rst, dass es nun nicht mehr lange dauern kann, bis Du Dein Baby im Arm h&auml;ltst. Wie sich Presswehen von Er&ouml;ffnungswehen unterscheiden, was w&auml;hrend dieser letzten Phase der Geburt passiert und wie man Dich vielleicht noch ein wenig unterst&uuml;tzen kann, [&#8230;]<\/p>\n<p><a class=\"btn btn-secondary understrap-read-more-link\" href=\"https:\/\/www.babyartikel.de\/magazin\/presswehen\">Weiterlesen&#8230;<\/a><\/p>\n","protected":false},"author":28,"featured_media":48149,"comment_status":"open","ping_status":"closed","sticky":false,"template":"","format":"standard","meta":{"_acf_changed":false,"footnotes":""},"categories":[2801],"tags":[2850],"class_list":["post-47832","post","type-post","status-publish","format-standard","has-post-thumbnail","hentry","category-die-geburt","tag-40-ssw"],"acf":[],"yoast_head":"<!-- This site is optimized with the Yoast SEO Premium plugin v27.2 (Yoast SEO v27.2) - https:\/\/yoast.com\/product\/yoast-seo-premium-wordpress\/ -->\n<title>Presswehen - Dein Baby will jetzt endlich auf die Welt kommen<\/title>\n<meta name=\"description\" content=\"Hebamme Christina erkl\u00e4rt Dir ausf\u00fchrlich, was Presswehen sind, wie lange die Austreibungsphase dauert und was Dir jetzt hilft.\" \/>\n<meta name=\"robots\" content=\"index, follow, max-snippet:-1, max-image-preview:large, max-video-preview:-1\" \/>\n<link rel=\"canonical\" href=\"https:\/\/www.babyartikel.de\/magazin\/presswehen\" \/>\n<meta property=\"og:locale\" content=\"de_DE\" \/>\n<meta property=\"og:type\" content=\"article\" \/>\n<meta property=\"og:title\" content=\"Die Presswehen - Dein Baby kommt auf die Welt\" \/>\n<meta property=\"og:description\" content=\"Hebamme Christina erkl\u00e4rt Dir ausf\u00fchrlich, was Presswehen sind, wie lange die Austreibungsphase dauert und was Dir jetzt hilft.\" \/>\n<meta property=\"og:url\" content=\"https:\/\/www.babyartikel.de\/magazin\/presswehen\" \/>\n<meta property=\"og:site_name\" content=\"Babyartikel.de Magazin\" \/>\n<meta property=\"article:published_time\" content=\"2017-06-19T03:33:19+00:00\" \/>\n<meta property=\"article:modified_time\" content=\"2024-11-12T14:31:37+00:00\" \/>\n<meta property=\"og:image\" content=\"https:\/\/cdn.magazin.babyartikel.de\/magazin\/wp-content\/uploads\/2017\/04\/Gajus-Fotolia_70542965_Subscription_Monthly_M-e1495532923185.jpg\" \/>\n\t<meta property=\"og:image:width\" content=\"1000\" \/>\n\t<meta property=\"og:image:height\" content=\"667\" \/>\n\t<meta property=\"og:image:type\" content=\"image\/jpeg\" \/>\n<meta name=\"author\" content=\"Hebamme Christina Schmid\" \/>\n<meta name=\"twitter:card\" content=\"summary_large_image\" \/>\n<meta name=\"twitter:label1\" content=\"Verfasst von\" \/>\n\t<meta name=\"twitter:data1\" content=\"Hebamme Christina Schmid\" \/>\n\t<meta name=\"twitter:label2\" content=\"Gesch\u00e4tzte Lesezeit\" \/>\n\t<meta name=\"twitter:data2\" content=\"7\u00a0Minuten\" \/>\n<script type=\"application\/ld+json\" class=\"yoast-schema-graph\">{\"@context\":\"https:\/\/schema.org\",\"@graph\":[{\"@type\":\"Article\",\"@id\":\"https:\/\/www.babyartikel.de\/magazin\/presswehen#article\",\"isPartOf\":{\"@id\":\"https:\/\/www.babyartikel.de\/magazin\/presswehen\"},\"author\":{\"name\":\"Hebamme Christina Schmid\",\"@id\":\"https:\/\/www.babyartikel.de\/magazin\/#\/schema\/person\/ae4eda2a9347a35d9617e433662c2858\"},\"headline\":\"Die Presswehen &#8211; Dein Baby kommt auf die Welt\",\"datePublished\":\"2017-06-19T03:33:19+00:00\",\"dateModified\":\"2024-11-12T14:31:37+00:00\",\"mainEntityOfPage\":{\"@id\":\"https:\/\/www.babyartikel.de\/magazin\/presswehen\"},\"wordCount\":1256,\"commentCount\":0,\"image\":{\"@id\":\"https:\/\/www.babyartikel.de\/magazin\/presswehen#primaryimage\"},\"thumbnailUrl\":\"https:\/\/media.babyartikel.de\/magazin\/wp-content\/uploads\/2017\/04\/Gajus-Fotolia_70542965_Subscription_Monthly_M-e1495532923185.jpg\",\"keywords\":[\"40. SSW\"],\"articleSection\":[\"Geburt\"],\"inLanguage\":\"de\",\"potentialAction\":[{\"@type\":\"CommentAction\",\"name\":\"Comment\",\"target\":[\"https:\/\/www.babyartikel.de\/magazin\/presswehen#respond\"]}]},{\"@type\":\"WebPage\",\"@id\":\"https:\/\/www.babyartikel.de\/magazin\/presswehen\",\"url\":\"https:\/\/www.babyartikel.de\/magazin\/presswehen\",\"name\":\"Presswehen - Dein Baby will jetzt endlich auf die Welt kommen\",\"isPartOf\":{\"@id\":\"https:\/\/www.babyartikel.de\/magazin\/#website\"},\"primaryImageOfPage\":{\"@id\":\"https:\/\/www.babyartikel.de\/magazin\/presswehen#primaryimage\"},\"image\":{\"@id\":\"https:\/\/www.babyartikel.de\/magazin\/presswehen#primaryimage\"},\"thumbnailUrl\":\"https:\/\/media.babyartikel.de\/magazin\/wp-content\/uploads\/2017\/04\/Gajus-Fotolia_70542965_Subscription_Monthly_M-e1495532923185.jpg\",\"datePublished\":\"2017-06-19T03:33:19+00:00\",\"dateModified\":\"2024-11-12T14:31:37+00:00\",\"author\":{\"@id\":\"https:\/\/www.babyartikel.de\/magazin\/#\/schema\/person\/ae4eda2a9347a35d9617e433662c2858\"},\"description\":\"Hebamme Christina erkl\u00e4rt Dir ausf\u00fchrlich, was Presswehen sind, wie lange die Austreibungsphase dauert und was Dir jetzt hilft.\",\"breadcrumb\":{\"@id\":\"https:\/\/www.babyartikel.de\/magazin\/presswehen#breadcrumb\"},\"inLanguage\":\"de\",\"potentialAction\":[{\"@type\":\"ReadAction\",\"target\":[\"https:\/\/www.babyartikel.de\/magazin\/presswehen\"]}]},{\"@type\":\"ImageObject\",\"inLanguage\":\"de\",\"@id\":\"https:\/\/www.babyartikel.de\/magazin\/presswehen#primaryimage\",\"url\":\"https:\/\/media.babyartikel.de\/magazin\/wp-content\/uploads\/2017\/04\/Gajus-Fotolia_70542965_Subscription_Monthly_M-e1495532923185.jpg\",\"contentUrl\":\"https:\/\/media.babyartikel.de\/magazin\/wp-content\/uploads\/2017\/04\/Gajus-Fotolia_70542965_Subscription_Monthly_M-e1495532923185.jpg\",\"width\":1000,\"height\":667,\"caption\":\"Presswehen\"},{\"@type\":\"BreadcrumbList\",\"@id\":\"https:\/\/www.babyartikel.de\/magazin\/presswehen#breadcrumb\",\"itemListElement\":[{\"@type\":\"ListItem\",\"position\":1,\"name\":\"Startseite\",\"item\":\"https:\/\/www.babyartikel.de\/magazin\"},{\"@type\":\"ListItem\",\"position\":2,\"name\":\"Die Presswehen &#8211; Dein Baby kommt auf die Welt\"}]},{\"@type\":\"WebSite\",\"@id\":\"https:\/\/www.babyartikel.de\/magazin\/#website\",\"url\":\"https:\/\/www.babyartikel.de\/magazin\/\",\"name\":\"Babyartikel.de Magazin\",\"description\":\"\",\"potentialAction\":[{\"@type\":\"SearchAction\",\"target\":{\"@type\":\"EntryPoint\",\"urlTemplate\":\"https:\/\/www.babyartikel.de\/magazin\/?s={search_term_string}\"},\"query-input\":{\"@type\":\"PropertyValueSpecification\",\"valueRequired\":true,\"valueName\":\"search_term_string\"}}],\"inLanguage\":\"de\"},{\"@type\":\"Person\",\"@id\":\"https:\/\/www.babyartikel.de\/magazin\/#\/schema\/person\/ae4eda2a9347a35d9617e433662c2858\",\"name\":\"Hebamme Christina Schmid\",\"image\":{\"@type\":\"ImageObject\",\"inLanguage\":\"de\",\"@id\":\"https:\/\/secure.gravatar.com\/avatar\/f69b07fe34b507d000c2304d2212472abc8b979ed0d619a30eb63ffab12c2e1e?s=96&d=mm&r=g\",\"url\":\"https:\/\/secure.gravatar.com\/avatar\/f69b07fe34b507d000c2304d2212472abc8b979ed0d619a30eb63ffab12c2e1e?s=96&d=mm&r=g\",\"contentUrl\":\"https:\/\/secure.gravatar.com\/avatar\/f69b07fe34b507d000c2304d2212472abc8b979ed0d619a30eb63ffab12c2e1e?s=96&d=mm&r=g\",\"caption\":\"Hebamme Christina Schmid\"},\"description\":\"Mein Name ist Christina Schmid und ich bin seit 2002 Hebamme. In den mehr als 20 Jahren in meinem Beruf habe ich einige Bereiche dieser vielf\u00e4ltigen Arbeit kennengelernt, in unterschiedlichen Kliniken gearbeitet, Geburtsvorbereitungs- und R\u00fcckbildungskurse geleitet und Familien in der Schwangerschaft und im Wochenbett betreut. Durch die Betreuung von Frauen, Paaren und Familien durfte ich tolle Menschen kennenlernen und das Privileg erleben, in einer ganz besonderen Lebenssituation an ihrer Seite zu sein. Meine eigenen drei Kinder haben mich vermutlich weder zu einem besseren Menschen noch zu einer besseren Hebamme gemacht. Aber sie er\u00f6ffnen mir jeden Tag neue Blickwinkel und eine Sicht auf die Welt, die mit dem Alter wohl oft verloren geht. F\u00fcr Babyartikel.de schreibe ich seit 2014 und das unheimlich gerne. Denn ich vereine meine gro\u00dfe Leidenschaft f\u00fcr das Schreiben mit der gro\u00dfen Leidenschaft f\u00fcr meinen Hebammenberuf.\",\"url\":\"https:\/\/www.babyartikel.de\/magazin\/author\/christina-schmid\"}]}<\/script>\n<!-- \/ Yoast SEO Premium plugin. -->","yoast_head_json":{"title":"Presswehen - Dein Baby will jetzt endlich auf die Welt kommen","description":"Hebamme Christina erkl\u00e4rt Dir ausf\u00fchrlich, was Presswehen sind, wie lange die Austreibungsphase dauert und was Dir jetzt hilft.","robots":{"index":"index","follow":"follow","max-snippet":"max-snippet:-1","max-image-preview":"max-image-preview:large","max-video-preview":"max-video-preview:-1"},"canonical":"https:\/\/www.babyartikel.de\/magazin\/presswehen","og_locale":"de_DE","og_type":"article","og_title":"Die Presswehen - Dein Baby kommt auf die Welt","og_description":"Hebamme Christina erkl\u00e4rt Dir ausf\u00fchrlich, was Presswehen sind, wie lange die Austreibungsphase dauert und was Dir jetzt hilft.","og_url":"https:\/\/www.babyartikel.de\/magazin\/presswehen","og_site_name":"Babyartikel.de Magazin","article_published_time":"2017-06-19T03:33:19+00:00","article_modified_time":"2024-11-12T14:31:37+00:00","og_image":[{"width":1000,"height":667,"url":"https:\/\/cdn.magazin.babyartikel.de\/magazin\/wp-content\/uploads\/2017\/04\/Gajus-Fotolia_70542965_Subscription_Monthly_M-e1495532923185.jpg","type":"image\/jpeg"}],"author":"Hebamme Christina Schmid","twitter_card":"summary_large_image","twitter_misc":{"Verfasst von":"Hebamme Christina Schmid","Gesch\u00e4tzte Lesezeit":"7\u00a0Minuten"},"schema":{"@context":"https:\/\/schema.org","@graph":[{"@type":"Article","@id":"https:\/\/www.babyartikel.de\/magazin\/presswehen#article","isPartOf":{"@id":"https:\/\/www.babyartikel.de\/magazin\/presswehen"},"author":{"name":"Hebamme Christina Schmid","@id":"https:\/\/www.babyartikel.de\/magazin\/#\/schema\/person\/ae4eda2a9347a35d9617e433662c2858"},"headline":"Die Presswehen &#8211; Dein Baby kommt auf die Welt","datePublished":"2017-06-19T03:33:19+00:00","dateModified":"2024-11-12T14:31:37+00:00","mainEntityOfPage":{"@id":"https:\/\/www.babyartikel.de\/magazin\/presswehen"},"wordCount":1256,"commentCount":0,"image":{"@id":"https:\/\/www.babyartikel.de\/magazin\/presswehen#primaryimage"},"thumbnailUrl":"https:\/\/media.babyartikel.de\/magazin\/wp-content\/uploads\/2017\/04\/Gajus-Fotolia_70542965_Subscription_Monthly_M-e1495532923185.jpg","keywords":["40. SSW"],"articleSection":["Geburt"],"inLanguage":"de","potentialAction":[{"@type":"CommentAction","name":"Comment","target":["https:\/\/www.babyartikel.de\/magazin\/presswehen#respond"]}]},{"@type":"WebPage","@id":"https:\/\/www.babyartikel.de\/magazin\/presswehen","url":"https:\/\/www.babyartikel.de\/magazin\/presswehen","name":"Presswehen - Dein Baby will jetzt endlich auf die Welt kommen","isPartOf":{"@id":"https:\/\/www.babyartikel.de\/magazin\/#website"},"primaryImageOfPage":{"@id":"https:\/\/www.babyartikel.de\/magazin\/presswehen#primaryimage"},"image":{"@id":"https:\/\/www.babyartikel.de\/magazin\/presswehen#primaryimage"},"thumbnailUrl":"https:\/\/media.babyartikel.de\/magazin\/wp-content\/uploads\/2017\/04\/Gajus-Fotolia_70542965_Subscription_Monthly_M-e1495532923185.jpg","datePublished":"2017-06-19T03:33:19+00:00","dateModified":"2024-11-12T14:31:37+00:00","author":{"@id":"https:\/\/www.babyartikel.de\/magazin\/#\/schema\/person\/ae4eda2a9347a35d9617e433662c2858"},"description":"Hebamme Christina erkl\u00e4rt Dir ausf\u00fchrlich, was Presswehen sind, wie lange die Austreibungsphase dauert und was Dir jetzt hilft.","breadcrumb":{"@id":"https:\/\/www.babyartikel.de\/magazin\/presswehen#breadcrumb"},"inLanguage":"de","potentialAction":[{"@type":"ReadAction","target":["https:\/\/www.babyartikel.de\/magazin\/presswehen"]}]},{"@type":"ImageObject","inLanguage":"de","@id":"https:\/\/www.babyartikel.de\/magazin\/presswehen#primaryimage","url":"https:\/\/media.babyartikel.de\/magazin\/wp-content\/uploads\/2017\/04\/Gajus-Fotolia_70542965_Subscription_Monthly_M-e1495532923185.jpg","contentUrl":"https:\/\/media.babyartikel.de\/magazin\/wp-content\/uploads\/2017\/04\/Gajus-Fotolia_70542965_Subscription_Monthly_M-e1495532923185.jpg","width":1000,"height":667,"caption":"Presswehen"},{"@type":"BreadcrumbList","@id":"https:\/\/www.babyartikel.de\/magazin\/presswehen#breadcrumb","itemListElement":[{"@type":"ListItem","position":1,"name":"Startseite","item":"https:\/\/www.babyartikel.de\/magazin"},{"@type":"ListItem","position":2,"name":"Die Presswehen &#8211; Dein Baby kommt auf die Welt"}]},{"@type":"WebSite","@id":"https:\/\/www.babyartikel.de\/magazin\/#website","url":"https:\/\/www.babyartikel.de\/magazin\/","name":"Babyartikel.de Magazin","description":"","potentialAction":[{"@type":"SearchAction","target":{"@type":"EntryPoint","urlTemplate":"https:\/\/www.babyartikel.de\/magazin\/?s={search_term_string}"},"query-input":{"@type":"PropertyValueSpecification","valueRequired":true,"valueName":"search_term_string"}}],"inLanguage":"de"},{"@type":"Person","@id":"https:\/\/www.babyartikel.de\/magazin\/#\/schema\/person\/ae4eda2a9347a35d9617e433662c2858","name":"Hebamme Christina Schmid","image":{"@type":"ImageObject","inLanguage":"de","@id":"https:\/\/secure.gravatar.com\/avatar\/f69b07fe34b507d000c2304d2212472abc8b979ed0d619a30eb63ffab12c2e1e?s=96&d=mm&r=g","url":"https:\/\/secure.gravatar.com\/avatar\/f69b07fe34b507d000c2304d2212472abc8b979ed0d619a30eb63ffab12c2e1e?s=96&d=mm&r=g","contentUrl":"https:\/\/secure.gravatar.com\/avatar\/f69b07fe34b507d000c2304d2212472abc8b979ed0d619a30eb63ffab12c2e1e?s=96&d=mm&r=g","caption":"Hebamme Christina Schmid"},"description":"Mein Name ist Christina Schmid und ich bin seit 2002 Hebamme. In den mehr als 20 Jahren in meinem Beruf habe ich einige Bereiche dieser vielf\u00e4ltigen Arbeit kennengelernt, in unterschiedlichen Kliniken gearbeitet, Geburtsvorbereitungs- und R\u00fcckbildungskurse geleitet und Familien in der Schwangerschaft und im Wochenbett betreut. Durch die Betreuung von Frauen, Paaren und Familien durfte ich tolle Menschen kennenlernen und das Privileg erleben, in einer ganz besonderen Lebenssituation an ihrer Seite zu sein. Meine eigenen drei Kinder haben mich vermutlich weder zu einem besseren Menschen noch zu einer besseren Hebamme gemacht. Aber sie er\u00f6ffnen mir jeden Tag neue Blickwinkel und eine Sicht auf die Welt, die mit dem Alter wohl oft verloren geht. F\u00fcr Babyartikel.de schreibe ich seit 2014 und das unheimlich gerne. Denn ich vereine meine gro\u00dfe Leidenschaft f\u00fcr das Schreiben mit der gro\u00dfen Leidenschaft f\u00fcr meinen Hebammenberuf.","url":"https:\/\/www.babyartikel.de\/magazin\/author\/christina-schmid"}]}},"abstract_sku":"","_links":{"self":[{"href":"https:\/\/www.babyartikel.de\/magazin\/wp-json\/wp\/v2\/posts\/47832","targetHints":{"allow":["GET"]}}],"collection":[{"href":"https:\/\/www.babyartikel.de\/magazin\/wp-json\/wp\/v2\/posts"}],"about":[{"href":"https:\/\/www.babyartikel.de\/magazin\/wp-json\/wp\/v2\/types\/post"}],"author":[{"embeddable":true,"href":"https:\/\/www.babyartikel.de\/magazin\/wp-json\/wp\/v2\/users\/28"}],"replies":[{"embeddable":true,"href":"https:\/\/www.babyartikel.de\/magazin\/wp-json\/wp\/v2\/comments?post=47832"}],"version-history":[{"count":14,"href":"https:\/\/www.babyartikel.de\/magazin\/wp-json\/wp\/v2\/posts\/47832\/revisions"}],"predecessor-version":[{"id":953920,"href":"https:\/\/www.babyartikel.de\/magazin\/wp-json\/wp\/v2\/posts\/47832\/revisions\/953920"}],"wp:featuredmedia":[{"embeddable":true,"href":"https:\/\/www.babyartikel.de\/magazin\/wp-json\/wp\/v2\/media\/48149"}],"wp:attachment":[{"href":"https:\/\/www.babyartikel.de\/magazin\/wp-json\/wp\/v2\/media?parent=47832"}],"wp:term":[{"taxonomy":"category","embeddable":true,"href":"https:\/\/www.babyartikel.de\/magazin\/wp-json\/wp\/v2\/categories?post=47832"},{"taxonomy":"post_tag","embeddable":true,"href":"https:\/\/www.babyartikel.de\/magazin\/wp-json\/wp\/v2\/tags?post=47832"}],"curies":[{"name":"wp","href":"https:\/\/api.w.org\/{rel}","templated":true}]}}