
{"id":50223,"date":"2017-09-19T05:38:10","date_gmt":"2017-09-19T03:38:10","guid":{"rendered":"https:\/\/www.babyartikel.de\/magazin\/?p=50223"},"modified":"2024-11-14T14:05:33","modified_gmt":"2024-11-14T13:05:33","slug":"dreimonatskoliken","status":"publish","type":"post","link":"https:\/\/www.babyartikel.de\/magazin\/dreimonatskoliken","title":{"rendered":"3 Monats Koliken: Was hilft wirklich?"},"content":{"rendered":"<p>Wenn <img loading=\"lazy\" decoding=\"async\" src=\"https:\/\/vg01.met.vgwort.de\/na\/7db3ae265b86449cbcb284f8ef17b449\" width=\"1\" height=\"1\" alt=\"\">Dein Baby ungew&ouml;hnlich viel schreit und sich nicht beruhigen l&auml;sst, stecken vermutlich die 3 Monats Koliken dahinter. Wahrscheinlich hast Du den Begriff schon einmal geh&ouml;rt, aber Dich nicht n&auml;her informiert &ndash; bis Du selbst bzw. Dein eigenes Baby betroffen war. Was genau hinter den ber&uuml;hmt-ber&uuml;chtigten 3-Monats-Koliken steckt und wie Du Deinem Kind wirklich helfen kannst, erf&auml;hrst Du hier.<div id=\"ez-toc-container\" class=\"ez-toc-v2_0_82_2 counter-flat ez-toc-counter ez-toc-white ez-toc-container-direction\">\n<div class=\"ez-toc-title-container\">\n<p class=\"ez-toc-title\" style=\"cursor:inherit\">Inhaltsverzeichnis<\/p>\n<span class=\"ez-toc-title-toggle\"><a href=\"#\" class=\"ez-toc-pull-right ez-toc-btn ez-toc-btn-xs ez-toc-btn-default ez-toc-toggle\" aria-label=\"Toggle Table of Content\"><span class=\"ez-toc-js-icon-con\"><span class=\"\"><span class=\"eztoc-hide\" style=\"display:none;\">Toggle<\/span><span class=\"ez-toc-icon-toggle-span\"><svg style=\"fill: #999;color:#999\" xmlns=\"http:\/\/www.w3.org\/2000\/svg\" class=\"list-377408\" width=\"20px\" height=\"20px\" viewBox=\"0 0 24 24\" fill=\"none\"><path d=\"M6 6H4v2h2V6zm14 0H8v2h12V6zM4 11h2v2H4v-2zm16 0H8v2h12v-2zM4 16h2v2H4v-2zm16 0H8v2h12v-2z\" fill=\"currentColor\"><\/path><\/svg><svg style=\"fill: #999;color:#999\" class=\"arrow-unsorted-368013\" xmlns=\"http:\/\/www.w3.org\/2000\/svg\" width=\"10px\" height=\"10px\" viewBox=\"0 0 24 24\" version=\"1.2\" baseProfile=\"tiny\"><path d=\"M18.2 9.3l-6.2-6.3-6.2 6.3c-.2.2-.3.4-.3.7s.1.5.3.7c.2.2.4.3.7.3h11c.3 0 .5-.1.7-.3.2-.2.3-.5.3-.7s-.1-.5-.3-.7zM5.8 14.7l6.2 6.3 6.2-6.3c.2-.2.3-.5.3-.7s-.1-.5-.3-.7c-.2-.2-.4-.3-.7-.3h-11c-.3 0-.5.1-.7.3-.2.2-.3.5-.3.7s.1.5.3.7z\"\/><\/svg><\/span><\/span><\/span><\/a><\/span><\/div>\n<nav><ul class='ez-toc-list ez-toc-list-level-1 ' ><li class='ez-toc-page-1'><a class=\"ez-toc-link ez-toc-heading-1\" href=\"https:\/\/www.babyartikel.de\/magazin\/dreimonatskoliken\/#Was_sind_3_Monats_Koliken\" >Was sind 3 Monats Koliken?<\/a><\/li><li class='ez-toc-page-1'><a class=\"ez-toc-link ez-toc-heading-2\" href=\"https:\/\/www.babyartikel.de\/magazin\/dreimonatskoliken\/#Wie_entstehen_3-Monats-Koliken\" >Wie entstehen 3-Monats-Koliken?<\/a><\/li><li class='ez-toc-page-1'><a class=\"ez-toc-link ez-toc-heading-3\" href=\"https:\/\/www.babyartikel.de\/magazin\/dreimonatskoliken\/#Wie_erkenne_ich_ob_mein_Baby_Koliken_hat\" >Wie erkenne ich, ob mein Baby Koliken hat?<\/a><\/li><li class='ez-toc-page-1'><a class=\"ez-toc-link ez-toc-heading-4\" href=\"https:\/\/www.babyartikel.de\/magazin\/dreimonatskoliken\/#3_Monats_Koliken_%E2%80%93_was_tun\" >3 Monats Koliken &ndash; was tun?<\/a><\/li><li class='ez-toc-page-1'><a class=\"ez-toc-link ez-toc-heading-5\" href=\"https:\/\/www.babyartikel.de\/magazin\/dreimonatskoliken\/#3_Monats_Koliken_%E2%80%93_was_hilft_wirklich\" >3 Monats Koliken &ndash; was hilft wirklich?<\/a><\/li><li class='ez-toc-page-1'><a class=\"ez-toc-link ez-toc-heading-6\" href=\"https:\/\/www.babyartikel.de\/magazin\/dreimonatskoliken\/#Bitte_nicht_schuetteln\" >Bitte nicht sch&uuml;tteln!<\/a><\/li><\/ul><\/nav><\/div>\n<h2 class=\"wp-block-heading\" id=\"h-was-sind-3-monats-koliken\"><span class=\"ez-toc-section\" id=\"Was_sind_3_Monats_Koliken\"><\/span>Was sind 3 Monats Koliken?<span class=\"ez-toc-section-end\"><\/span><\/h2><p><strong>Von 3-Monats-Koliken spricht man, wenn ein S&auml;ugling<\/strong> <strong>an mehr als 3 Wochentagen mindestens 3 Stunden schreit &ndash; und das &uuml;ber einen Zeitraum von 3 Wochen hinweg<\/strong>. Normale Babys schreien ca. 30 Minuten t&auml;glich &ndash; aus ersichtlichem Grund. Kinder mit 3 Monats Koliken sind augenscheinlich gesund und weinen trotzdem sehr viel, ohne dass schnelle Hilfe m&ouml;glich w&auml;re.<\/p><p>Umgangssprachlich spricht man auch von &bdquo;<a href=\"https:\/\/www.babyartikel.de\/magazin\/schreibaby-wenn-der-nachwuchs-schreit\"><strong>Schreibabys<\/strong>&bdquo;<\/a>, medizinisch von S&auml;uglingen mit <strong>Regulationsst&ouml;rungen<\/strong>. Jungs sind &uuml;brigens nicht h&auml;ufiger betroffen als M&auml;dchen, auch wenn sich dieses Ger&uuml;cht hartn&auml;ckig h&auml;lt. Insgesamt haben bis zu 25% aller S&auml;uglinge im entsprechenden Alter 3-Monats-Koliken.<\/p><div class=\"marketing-slot\"><div id=\"block-18\" class=\"content-post-widget marketing-slot-1 widget_block\"><a href=\"#\" class=\"newsletter_popup\" style=\"\n  display: inline-block;\n  box-shadow: 0 4px 10px rgba(0,0,0,0.1);\n  margin: 20px auto;\n  max-width: 800px;\n  width: 100%;\">\n  <img src=\"https:\/\/media.babyartikel.de\/magazin\/wp-content\/uploads\/2025\/08\/NL-Banner-Magazin-8-25.webp\" alt=\"Newsletter Banner\" style=\"\n    width: 100%;\n    height: auto;\n    display: block;\" onclick=\"ga('send', 'event', 'banner', 'click', 'magazin-banner-newsletter-8-25');\">\n<\/a>\n\n\t<!-- Modal -->\n\t<div class=\"modal fade modal_popup\" id=\"newsletter_popup\" tabindex=\"-1\" aria-labelledby=\"exampleModalLabel\" aria-hidden=\"true\">\n\t\t<div class=\"modal-dialog modal-dialog-centered modal-dialog-scrollable\">\n\t\t\t<div class=\"modal-content\">\n\t\t\t\t<div class=\"modal-header small-header\">\n\t\t\t\t\t<h5 class=\"modal-title\" id=\"newsletterModalLabel\">\n\t\t\t\t\t\tNewsletter\t\t\t\t\t<\/h5>\n\t\t\t\t\t<button type=\"button\" class=\"btn-close small-close\" data-bs-dismiss=\"modal\" aria-label=\"Close\"><\/button>\n\t\t\t\t<\/div>\n\n\t\t\t\t<div class=\"modal-body\">\n\t\t\t\t\t\t<div class=\"newsletterForm-embed popup-form\">\n        <form name=\"newsletterSubscriptionForm\" id=\"newsletter_popup_69f29928ca7e0_form\" data-newsletter-id=\"newsletter_popup_69f29928ca7e0\" method=\"POST\">\n\n\t\t\t<input type=\"text\" name=\"website\" class=\"hidden\" tabindex=\"-1\" autocomplete=\"off\" style=\"position:absolute;left:-9999px;\">\n\t\t\t<input type=\"hidden\" name=\"ts\" value=\"1777506600\">\n\n\t\t\t                <input type=\"hidden\" name=\"emarsys-event-id\" value=\"3756\">\n            \n            \t\t\t<div class=\"mb-3\">\n\t\t\t\t<label for=\"date\" class=\"form-label\">Geburtstag\/ -termin Deines Babys<\/label>\n                <input type=\"date\" name=\"date\" class=\"input input--expand form-control\" required>\n\t\t\t<\/div>\n            \n\t\t\t<div class=\"mb-3\">\n\t\t\t\t<label for=\"email\" class=\"form-label\">E-Mail-Adresse<\/label>\n\t\t\t\t<input type=\"email\" name=\"email\" placeholder=\"E-Mail-Adresse\" class=\"input input--expand form-control\" required>\n\t\t\t<\/div>\n\n\t\t\t\t\t\t\t<button type=\"submit\" class=\"btn btn-primary\">Absenden<\/button>\n\t\t\t\n\t\t\t\t\t\t\t<div class=\"small mt-3\" style=\"font-weight:normal;\">\n\t\t\t\t\t\n\t\t\t<div class=\"mt-3\">\n\t\t\t\tJa, ich m&ouml;chte den Newsletter von Babyartikel.de erhalten und &uuml;ber Aktionen informiert werden.\n  Dabei darf mein Nutzungsverhalten (z. B. &Ouml;ffnungen und Klicks) zur Personalisierung ausgewertet werden.\n  Mehr finde ich in der <a href=\"\/de\/datenschutz\" style=\"text-decoration:underline\">Datenschutzerkl&auml;rung<\/a>.\n\t\t\t<\/div>\n\t\t\t\t\t\t<\/div>\n\t\t\t\n\t\t\t\t\t\t\t<div class=\"small mb-3 mt-3\" style=\"font-weight:normal;\">\n\t\t\t\t\tJederzeit abbestellbar | <a href=\"\/de\/datenschutz\" style=\"text-decoration:underline\">\n\t\t\t\t\t\tDatenschutzerkl&auml;rung\n\t\t\t\t\t<\/a>\n\t\t\t\t<\/div>\n\t\t\t\n        <\/form>\n    <\/div>\n\t\n\t\t\t\t\t<div class=\"response-messages_newsletter_popup_69f29928ca7e0\">\n\t\t\t\t\t\t<div class=\"alert alert-success success mt-3 mb-3 d-none\">\n\t\t\t\t\t\t\tNur noch ein Klick! Best&auml;tige Deine Anmeldung in der E-Mail, die du gleich erh&auml;ltst.\t\t\t\t\t\t<\/div>\n\t\t\t\t\t\t<div class=\"error mt-3 mb-3 d-none\">\n\t\t\t\t\t\t\t<div class=\"alert alert-danger \">\n\t\t\t\t\t\t\t\tEin Fehler ist aufgetreten. Bitte versuche es sp&auml;ter erneut.\t\t\t\t\t\t\t<\/div>\n\t\t\t\t\t\t<\/div>\n\t\t\t\t\t\t<div class=\"alert alert-danger other-2007 mt-3 mb-3 d-none\">\n\t\t\t\t\t\t\tUng&Atilde;&frac14;ltiges Datumsformat\t\t\t\t\t\t<\/div>\n\t\t\t\t\t<\/div>\n\t\t\t\t<\/div>\n\t\t\t<\/div>\n\t\t<\/div>\n\t<\/div>\n\n\t<\/div><!-- content-widget --><\/div><p>Diese Kinder haben meist auch <strong>Probleme mit dem Ein- und Weiterschlafen<\/strong>. Wenn sie schreien, &uuml;berstrecken sie sich nach hinten und bekommen einen <strong>harten Bl&auml;hbauch<\/strong>, oft auch einen <strong>roten Kopf<\/strong> und <strong>ballen ihre F&auml;uste<\/strong>. Meist schreien die Kinder <strong>am sp&auml;ten Nachmittag oder abends<\/strong> bis sp&auml;t in die Nacht.<\/p><p>Dieses herausfordernde Schreiverhalten <strong>f&auml;ngt oft mit ca. 2 Wochen an und endet meist mit 3 Monaten<\/strong>, kann aber auch bis zu 6 Monate andauern oder erst mit 3-6 Monaten losgehen. <\/p><div class=\"postslot1\">\t\t<div style=\"clear:both\"><\/div>\n\t\t\t\t\t\t<div id=\"productPanel677\" class=\"product-panel-bottom\">&nbsp;<\/div>\n\t\t\t\t\t\t<script type=\"module\">\n\t\t\t\t\t\t\trequestProductPanel(\"https:\/\/www.babyartikel.de\/magazin\/wp-content\/plugins\/wp-productpanel2\/ProductPanel.php\", \"?panel_type=automatic&basis_category=1-BT&basis_product=&swipe_mobile=1&postid=50223&template=auto&max=4&productPanelId=677&solrQuery=\", 677, 1);\n\t\t\t\t\t\t<\/script>\n\t\t\t\t\t<link rel=\"stylesheet\" href=\"https:\/\/cdn.jsdelivr.net\/npm\/swiper@8\/swiper-bundle.min.css\"><\/div><div class=\"marketing-slot\"><div id=\"block-25\" class=\"content-post-widget marketing-slot-2 widget_block\"><a href=\"https:\/\/www.babyartikel.de\/de\/angebote\" data-track-link-click=\"true\" data-track-name=\"nyoutlet2026-magazin\" data-track-medium=\"banner-magazin-post\" data-track-campaign=\"magazin-banner-nyoutlet2026\" onclick=\"ga('send', 'event', 'banner', 'click', 'magazin-banner-nyoutlet2026');\" style=\"display:block;width:100%;text-align:center;\"><img src=\"https:\/\/media.babyartikel.de\/magazin\/wp-content\/uploads\/2026\/01\/NY-Outlet-10-2026.webp\" alt=\"Sale\" style=\"max-width:100%;\"><\/a><\/div><!-- content-widget --><\/div><p><strong>Eine Vorhersage, wie der Verlauf der 3 Monats Koliken bei <em>Deinem <\/em>Baby sein wird und wie lange es damit zu k&auml;mpfen hat, kann also leider niemand treffen.<\/strong><\/p><h2 class=\"wp-block-heading\" id=\"h-wie-entstehen-3-monats-koliken\"><span class=\"ez-toc-section\" id=\"Wie_entstehen_3-Monats-Koliken\"><\/span>Wie entstehen 3-Monats-Koliken?<span class=\"ez-toc-section-end\"><\/span><\/h2><p>Heute verwenden Mediziner nicht mehr den Begriff &bdquo;3 Monats Koliken&ldquo;, sondern nennen das Verhalten von Neugeborenen &bdquo;<strong>Regulationsst&ouml;rung<\/strong>&bdquo;. Unter einer Regulationsst&ouml;rung versteht man die noch nicht ausgebildete F&auml;higkeit zur Selbstberuhigung. Babys mit Regulationsst&ouml;rungen sind sensibler und reagieren empfindlicher auf Reize von au&szlig;en. Sie sind schnell &uuml;berfordert und &uuml;berreizt.<\/p><p>Man geht mittlerweile auch nicht mehr davon aus, dass starke Bauchschmerzen bzw. Koliken die Ursache sind. Vielmehr ist die Luft im Bauch die Folge des vielen Schreiens. <strong>Vereinfacht gesagt weinen diese Kinder also nicht, weil sie viele Bauchschmerzen haben, sondern sie haben Bauchschmerzen, weil sie viel weinen. <\/strong>Denn beim Weinen schlucken die Kinder Luft, die sie nicht so einfach wieder loswerden k&ouml;nnen.<\/p><p>Ganz vom Tisch ist die Bauchschmerzen-Erkl&auml;rung aber noch nicht. Es k&ouml;nnte z.B. auch ein unreifer Darm hinter den 3-Monats-Koliken stecken, eine St&ouml;rung der Darmflora oder auch eine unzureichende Melatonin-Produktion mit einer Verspannung der Darmmuskulatur als Folge. <\/p><p>Vielleicht ist am Ende die genaue Ursache f&uuml;r uns Eltern weniger wichtig als die Frage, wie wir unseren Kleinen helfen k&ouml;nnen. Dazu kommen wir gleich. <\/p><h2 class=\"wp-block-heading\" id=\"h-wie-erkenne-ich-ob-mein-baby-koliken-hat\"><span class=\"ez-toc-section\" id=\"Wie_erkenne_ich_ob_mein_Baby_Koliken_hat\"><\/span>Wie erkenne ich, ob mein Baby Koliken hat?<span class=\"ez-toc-section-end\"><\/span><\/h2><p>Folgende Symptome deuten daraufhin, dass Dein Baby unter Dreimonatskoliken leidet:<\/p><ul class=\"wp-block-list\">\n<li>Dein Baby <strong>weint mehr als 3 Stunden<\/strong> an mindestens 3 Wochentagen f&uuml;r mehr als 3 Wochen.<\/li>\n\n\n\n<li>Der <strong>Grund des Weinens ist nicht klar ersichtlich<\/strong>, es handelt sich nicht um Hunger, M&uuml;digkeit, N&auml;hebed&uuml;rfnis oder &Auml;hnliches.<\/li>\n\n\n\n<li>Dein Kind ist unruhig, weint, <strong>zieht die Beinchen krampfartig an<\/strong> und streckt sie dann wieder energisch weg.<\/li>\n\n\n\n<li><strong>&Uuml;berstrecken nach hinten<\/strong>, geballte F&auml;uste, roter Kopf.<\/li>\n\n\n\n<li>Der <strong>Bauch ist hart und aufgebl&auml;h<\/strong>t, Du vermutest Bauchschmerzen als Ursache des Weinens.<\/li>\n\n\n\n<li>Die Beschwerden treten oft zur selben Tageszeit auf, <strong>bevorzugt am Nachmittag und Abend.<\/strong><\/li>\n\n\n\n<li>Dein Kind hat <strong>Probleme, einzuschlafen<\/strong> und \/ oder l&auml;nger am St&uuml;ck zu schlafen.<\/li>\n<\/ul><h2 class=\"wp-block-heading\" id=\"h-3-monats-koliken-was-tun\"><span class=\"ez-toc-section\" id=\"3_Monats_Koliken_%E2%80%93_was_tun\"><\/span>3 Monats Koliken &ndash; was tun?<span class=\"ez-toc-section-end\"><\/span><\/h2><p>Wenn Du diese Anzeichen bei Deinem Baby best&auml;tigt siehst, solltest Du als allererstes <strong>mit dem Kinderarzt sprechen<\/strong> und andere medizinische Ursachen abkl&auml;ren lassen. Zum Beispiel k&ouml;nnte auch eine <a href=\"https:\/\/www.babyartikel.de\/magazin\/hat-mein-baby-eine-laktoseintoleranz\">Milchzucker-Unvertr&auml;glichkeit<\/a>, Verstopfung oder eine Ohrentz&uuml;ndung dahinter stecken. Wenn medizinische Ursachen auszuschlie&szlig;en sind, stellt er die Diagnose &bdquo;Regulationsst&ouml;rung&ldquo;.<\/p><p>Allein damit k&ouml;nnen schon einige Eltern mehr Verst&auml;ndnis f&uuml;r das Verhalten ihres Kindes aufbringen. Tats&auml;chlich kann es schon etwas helfen, <strong>sensibel auf die Bed&uuml;rfnisse Deines Babys einzugehen und viel Geduld zu haben<\/strong>. So hilfst Du ihm, sich zu regulieren, was zu weniger Schreiphasen f&uuml;hrt. <\/p><p>Auch verschiedene Coachings, Elternschulen oder Gespr&auml;che mit anderen betroffenen Eltern oder Hebammen k&ouml;nnen helfen, die <strong>Eltern-Kind-Kommunikation<\/strong> zu verbessern. Wenn Du daf&uuml;r sorgst, dass zumindest unmittelbare Bed&uuml;rfnisse wie das nach Nahrung, W&auml;rme, Schlaf und k&ouml;rperlicher N&auml;he zuverl&auml;ssig erf&uuml;llt werden, hat Dein Kind weniger Stress und weniger Weinphasen.<\/p><p>Nat&uuml;rlich kann das die Ursache nicht komplett beheben. Wenn ihr ein Schreibaby habt, dann hat das in vielen F&auml;llen nur bedingt oder &uuml;berhaupt nichts mit eurem Verhalten als Eltern zu tun. Lass Dich nicht unter Druck setzen von Spr&uuml;chen wie &bdquo;Entspannte Eltern &ndash; entspannte Kinder&ldquo;. Wer so etwas von sich gibt, glaubt wahrscheinlich daran, hatte aber noch nie einen S&auml;ugling mit 3-Monats-Koliken.<\/p><p>Zum Gl&uuml;ck gibt es noch ein paar ganz konkrete Ma&szlig;nahmen und Tipps, die ich Dir im n&auml;chsten Kapitel erkl&auml;ren werde. Danach hilft vor allem eins: <strong>Aushalten<\/strong>. Denn fr&uuml;her oder sp&auml;ter wird Dein Baby aufh&ouml;ren, so viel zu schreien &ndash; versprochen!<\/p><h2 class=\"wp-block-heading\" id=\"h-3-monats-koliken-was-hilft-wirklich\"><span class=\"ez-toc-section\" id=\"3_Monats_Koliken_%E2%80%93_was_hilft_wirklich\"><\/span>3 Monats Koliken &ndash; was hilft wirklich?<span class=\"ez-toc-section-end\"><\/span><\/h2><p>Was hilft am besten gegen 3-Monats-Koliken? Wenn es ein Allheilmittel f&uuml;r 3-Monats-Koliken g&auml;be, das bei allen Babys schnell und unkompliziert hilft, w&uuml;rden sich nicht alle Eltern diese Frage stellen. Leider gibt es keines. Aber es gibt verschiedene Ma&szlig;nahmen, die Du versuchen kannst und die vielleicht f&uuml;r Linderung sorgen.<\/p><h3 class=\"wp-block-heading\" id=\"h-behandlung-der-wirbelsaule\">Behandlung der Wirbels&auml;ule<\/h3><p>Bei einigen Kindern (nicht bei allen) wirkt eine <a href=\"https:\/\/www.babyartikel.de\/magazin\/osteopathie-baby\">Behandlung durch einen Osteopathen<\/a> oder Chiropraktiker Wunder.<\/p><h3 class=\"wp-block-heading\" id=\"h-co-regulation\">Co-Regulation<\/h3><p>Wie gesagt kann es sein, dass Dein Baby Hilfe braucht, sich zu regulieren, d.h. Spannungen und Stress abzubauen und zur Ruhe zu kommen. Solange es das noch nicht selbst kann, ist es auf seine Bezugspersonen angewiesen. Unterst&uuml;tzen kannst Du Dein Kind durch<\/p><ul class=\"wp-block-list\">\n<li><strong>viel K&ouml;rperkontakt<\/strong><\/li>\n\n\n\n<li><strong>Beruhigende Bewegungen, z.B. Wiegen<\/strong><\/li>\n\n\n\n<li><strong>fester Tagesablauf<\/strong><\/li>\n\n\n\n<li><strong><a href=\"https:\/\/www.babyartikel.de\/magazin\/weisses-rauschen-dein-baby-liebt-diese-einschlafhilfe\">Wei&szlig;es Rauschen<\/a> zur Beruhigung bzw. Einschlafen<\/strong><\/li>\n\n\n\n<li><strong>Viel Tragen in der <a href=\"https:\/\/www.babyartikel.de\/cat\/babytragen-tragetuecher\">Babytrage bzw. dem Tragetuch<\/a><\/strong><\/li>\n\n\n\n<li><a href=\"https:\/\/www.babyartikel.de\/marken\/membantu\"><strong>Federwiege<\/strong><\/a><\/li>\n\n\n\n<li><strong>Reize tags&uuml;ber verringern<\/strong><\/li>\n<\/ul><h3 class=\"wp-block-heading\" id=\"h-massnahmen-gegen-blahungen-und-bauchschmerzen\">Ma&szlig;nahmen gegen Bl&auml;hungen und Bauchschmerzen<\/h3><p>Egal, ob nun die Bauchmerzen Ursache oder Folgeerscheinung des vielen Schreiens sind: Wenn Dein Baby Beschwerden hat, kannst Du versuchen, f&uuml;r Abhilfe zu sorgen. Zun&auml;chst einmal pr&auml;ventiv, indem Du daf&uuml;r sorgst, dass es m&ouml;glichst wenig Luft schluckt beim F&uuml;ttern:<\/p><ul class=\"wp-block-list\">\n<li>Sorge f&uuml;r eine ruhige, entspannte Atmosph&auml;re beim Stillen oder F&uuml;ttern.<\/li>\n\n\n\n<li>Achte darauf, dass Dein Baby die Brustwarze ganz in den Mund nimmt.<\/li>\n\n\n\n<li>Wechsle ab und zu die Position, damit Dein Baby etwas aufrechter ist. Sogenanntes <a href=\"https:\/\/www.babyartikel.de\/magazin\/bergauf-stillen-anleitung-vorteile-fuer-mutter-und-kind\">Bergauf-Stillen <\/a>erleichtert das Aufsto&szlig;en Deines Kleinen.<\/li>\n\n\n\n<li>Nimm Dein Baby w&auml;hrend der Mahlzeit hoch, damit es <a href=\"https:\/\/www.babyartikel.de\/magazin\/baeuerchen-ausloesen-beim-baby-7-methoden\">B&auml;uerchen machen<\/a> kann. <\/li>\n\n\n\n<li>Wenn Du mit der Flasche f&uuml;tterst achte darauf, dass Du ein kleines Saugerloch verwendest. Je kleiner das Loch, umso weniger Milch kommt hindurch und Dein Baby trinkt automatisch langsamer &ndash; und schluckt weniger Luft.<\/li>\n\n\n\n<li>Wenn Du Deinem Kind die Flasche gibst solltest Du warten bis sich der Schaum vom Sch&uuml;tteln der Milch gesetzt hat.<\/li>\n\n\n\n<li>Es gibt im Handel Spezial-Nahrung f&uuml;r Babys mit Drei-Monats-Koliken. Hier solltest Du vorher auf jeden Fall mit dem Kinderarzt sprechen!<\/li>\n\n\n\n<li>St&auml;rke die Darmflora Deines Babys durch viel Stillen oder Probiotika (z.B. BiGaia Tropfen)<\/li>\n<\/ul><p>Wenn Dein <a href=\"https:\/\/www.babyartikel.de\/magazin\/mein-baby-hat-blaehungen-wie-kann-ich-helfen\">Baby Bl&auml;hungen<\/a> und Kr&auml;mpfe w&auml;hrend der Dreimonatskoliken hat, kannst Du folgendes ausprobieren:<\/p><ul class=\"wp-block-list\">\n<li>Auch W&auml;rme hilft gut bei Kr&auml;mpfen, etwa bei einem Bad oder mit einem <a href=\"https:\/\/www.babyartikel.de\/cat\/waermekissen-koernerkissen\">W&auml;rmekissen.<\/a><\/li>\n\n\n\n<li>Medikamente wie entsch&auml;umende Tropfen (Lefax oder Sab)<\/li>\n\n\n\n<li>Bauchmassagen mit K&uuml;mmel&ouml;l<\/li>\n\n\n\n<li><a href=\"https:\/\/www.adventuremo.de\/diy\/baby-massage-techniken-tipps-gegen-bauchweh-massageoel\/\">Massage der Fu&szlig;reflexzohnen<\/a> <\/li>\n\n\n\n<li>K&ouml;rpern&auml;he beruhigt und hilft Deinem Kind zu entspannen.<\/li>\n\n\n\n<li>Der &bdquo;<a href=\"https:\/\/www.babyartikel.de\/magazin\/fliegergriff-babys-lieblingsposition\">Fliegergriff<\/a>&bdquo;: Dein Baby liegt in Bauchlage auf Deinem Unterarm, der Kopf in Deiner Armbeuge. So kann die angestaute Luft leichter abgehen.<\/li>\n\n\n\n<li>Oft helfen hom&ouml;opathische Mittel wie beispielsweise <a href=\"https:\/\/www.babyartikel.de\/magazin\/kuemmelzaepfchen-fuers-baby-was-du-ueber-carum-carvi-wissen-musst\">K&uuml;mmelz&auml;pfchen (Carum Carvi)<\/a>. Auch hier solltest Du den Kinderarzt um Rat fragen!<\/li>\n<\/ul><h2 class=\"wp-block-heading\" id=\"h-bitte-nicht-schutteln\"><span class=\"ez-toc-section\" id=\"Bitte_nicht_schuetteln\"><\/span>Bitte nicht sch&uuml;tteln!<span class=\"ez-toc-section-end\"><\/span><\/h2><p>Wichtig ist am Ende noch, dass Du Dir klar machst, dass diese Phase der Dreimonatskoliken auch f&uuml;r Dich eine <strong>absolute Ausnahmesituation<\/strong> ist. Haushalt, Vereinsarbeit oder andere verschiebbare Termine darfst Du in dieser Phase einfach mal reduzieren. Du bist keine schlechte Mutter oder schlechter Vater, wenn Du das Gef&uuml;hl hast, keine Kraft mehr zu haben oder Du in dieser Zeit gar keine rechte Freude am Elternsein empfindest.<\/p><p>Umso wichtiger ist es, sich in dieser Situation Hilfe zu holen, statt in die totale &Uuml;berforderung zu schlittern. Hilfe bekommst Du zum Beispiel hier: <\/p><ul class=\"wp-block-list\">\n<li><a href=\"https:\/\/www.babyartikel.de\/magazin\/schreiambulanz-hilfe-fur-schreibabys-und-eltern\">Schreiambulanz<\/a><\/li>\n\n\n\n<li>Elternschule<\/li>\n\n\n\n<li>Hebamme<\/li>\n\n\n\n<li>Sozialp&auml;diatrisches Zentrum<\/li>\n\n\n\n<li>Psychologische Praxis<\/li>\n\n\n\n<li>Familie und Freunde. <\/li>\n<\/ul><p>Und egal, was passiert:<strong> Du darfst Dein Baby niemals sch&uuml;tteln!<\/strong> Wenn Du das Gef&uuml;hl hast, dass Du das Geschrei jetzt einfach nicht mehr aush&auml;ltst und keine Hilfe anwesend ist, leg Dein Baby sicher ab und verlasse kurz den Raum, anstatt die Beherrschung zu verlieren. <\/p><p>Das kommt leider immer wieder vor, wenn Eltern nicht nachdenken und das wie von Sinnen schreiende S&auml;ugling wieder &bdquo;zur Besinnung bringen&ldquo; wollen. Erwachsene packt man dann ja auch manchmal an den Schultern und sch&uuml;ttelt sie.<\/p><p>Bei Babys hat das fatale Folgen: Die Nackenmuskulatur ist zu schwach, um den &uuml;berdimensional schweren Kopf zu halten. Der Kopf schleudert hin und her, Blutgef&auml;&szlig;e und Nervenbahnen werden verletzt. In Folge kann es zu Hirnblutungen kommen, die im schlimmsten Fall zum Tod f&uuml;hren. Pro Jahr passiert das in Deutschland etwa 400 Mal.<\/p><div class=\"credits-overlay\" data-target=\".wp-image-50649\"><a href=\"#\" target=\"_blank\">@ Ilka Burckhardt &ndash; Fotolia.com<\/a><\/div><\/p>\n","protected":false},"excerpt":{"rendered":"<p>Wenn Dein Baby ungew&ouml;hnlich viel schreit und sich nicht beruhigen l&auml;sst, stecken vermutlich die 3 Monats Koliken dahinter. Wahrscheinlich hast Du den Begriff schon einmal geh&ouml;rt, aber Dich nicht n&auml;her informiert &ndash; bis Du selbst bzw. Dein eigenes Baby betroffen war. Was genau hinter den ber&uuml;hmt-ber&uuml;chtigten 3-Monats-Koliken steckt und wie Du Deinem Kind wirklich helfen [&#8230;]<\/p>\n<p><a class=\"btn btn-secondary understrap-read-more-link\" href=\"https:\/\/www.babyartikel.de\/magazin\/dreimonatskoliken\">Weiterlesen&#8230;<\/a><\/p>\n","protected":false},"author":34,"featured_media":50649,"comment_status":"open","ping_status":"closed","sticky":false,"template":"","format":"standard","meta":{"_acf_changed":false,"footnotes":""},"categories":[79,2820,2818,2816],"tags":[3334,3567],"class_list":["post-50223","post","type-post","status-publish","format-standard","has-post-thumbnail","hentry","category-baby","category-leben-mit-baby","category-pflege-gesundheit","category-stillen","tag-gesundheit","tag-neugeborenes"],"acf":[],"yoast_head":"<!-- This site is optimized with the Yoast SEO Premium plugin v27.2 (Yoast SEO v27.2) - https:\/\/yoast.com\/product\/yoast-seo-premium-wordpress\/ -->\n<title>3 Monats Koliken: Was hilft wirklich? | Babyartikel.de Magazin<\/title>\n<meta name=\"description\" content=\"Dein Baby schreit und windet sich? Hier k\u00f6nnen 3-Monats-Koliken schuld sein. Erfahre jetzt, wie Du Deinem Kind helfen kannst.\" \/>\n<meta name=\"robots\" content=\"index, follow, max-snippet:-1, max-image-preview:large, max-video-preview:-1\" \/>\n<link rel=\"canonical\" href=\"https:\/\/www.babyartikel.de\/magazin\/dreimonatskoliken\" \/>\n<meta property=\"og:locale\" content=\"de_DE\" \/>\n<meta property=\"og:type\" content=\"article\" \/>\n<meta property=\"og:title\" content=\"3 Monats Koliken: Was hilft wirklich?\" \/>\n<meta property=\"og:description\" content=\"Dein Baby schreit und windet sich? Hier k\u00f6nnen 3-Monats-Koliken schuld sein. Erfahre jetzt, wie Du Deinem Kind helfen kannst.\" \/>\n<meta property=\"og:url\" content=\"https:\/\/www.babyartikel.de\/magazin\/dreimonatskoliken\" \/>\n<meta property=\"og:site_name\" content=\"Babyartikel.de Magazin\" \/>\n<meta property=\"article:author\" content=\"https:\/\/www.facebook.com\/babyledweaning.de\/\" \/>\n<meta property=\"article:published_time\" content=\"2017-09-19T03:38:10+00:00\" \/>\n<meta property=\"article:modified_time\" content=\"2024-11-14T13:05:33+00:00\" \/>\n<meta property=\"og:image\" content=\"https:\/\/cdn.magazin.babyartikel.de\/magazin\/wp-content\/uploads\/2017\/07\/Dreimonatskoliken-Ilka-Burckhardt-Fotolia_34050684_Subscription_Monthly_M-e1502347329166.jpg\" \/>\n\t<meta property=\"og:image:width\" content=\"997\" \/>\n\t<meta property=\"og:image:height\" content=\"602\" \/>\n\t<meta property=\"og:image:type\" content=\"image\/jpeg\" \/>\n<meta name=\"author\" content=\"Hanna Bose\" \/>\n<meta name=\"twitter:card\" content=\"summary_large_image\" \/>\n<meta name=\"twitter:label1\" content=\"Verfasst von\" \/>\n\t<meta name=\"twitter:data1\" content=\"Hanna Bose\" \/>\n\t<meta name=\"twitter:label2\" content=\"Gesch\u00e4tzte Lesezeit\" \/>\n\t<meta name=\"twitter:data2\" content=\"9\u00a0Minuten\" \/>\n<script type=\"application\/ld+json\" class=\"yoast-schema-graph\">{\"@context\":\"https:\/\/schema.org\",\"@graph\":[{\"@type\":\"Article\",\"@id\":\"https:\/\/www.babyartikel.de\/magazin\/dreimonatskoliken#article\",\"isPartOf\":{\"@id\":\"https:\/\/www.babyartikel.de\/magazin\/dreimonatskoliken\"},\"author\":{\"name\":\"Hanna Bose\",\"@id\":\"https:\/\/www.babyartikel.de\/magazin\/#\/schema\/person\/6ee1e315ac6bd5b2cf5cfc51901067dd\"},\"headline\":\"3 Monats Koliken: Was hilft wirklich?\",\"datePublished\":\"2017-09-19T03:38:10+00:00\",\"dateModified\":\"2024-11-14T13:05:33+00:00\",\"mainEntityOfPage\":{\"@id\":\"https:\/\/www.babyartikel.de\/magazin\/dreimonatskoliken\"},\"wordCount\":1561,\"commentCount\":0,\"image\":{\"@id\":\"https:\/\/www.babyartikel.de\/magazin\/dreimonatskoliken#primaryimage\"},\"thumbnailUrl\":\"https:\/\/media.babyartikel.de\/magazin\/wp-content\/uploads\/2017\/07\/Dreimonatskoliken-Ilka-Burckhardt-Fotolia_34050684_Subscription_Monthly_M-e1502347329166.jpg\",\"keywords\":[\"gesundheit\",\"neugeborenes\"],\"articleSection\":[\"Baby\",\"Leben mit Baby\",\"Pflege &amp; Gesundheit\",\"Stillen\"],\"inLanguage\":\"de\",\"potentialAction\":[{\"@type\":\"CommentAction\",\"name\":\"Comment\",\"target\":[\"https:\/\/www.babyartikel.de\/magazin\/dreimonatskoliken#respond\"]}]},{\"@type\":\"WebPage\",\"@id\":\"https:\/\/www.babyartikel.de\/magazin\/dreimonatskoliken\",\"url\":\"https:\/\/www.babyartikel.de\/magazin\/dreimonatskoliken\",\"name\":\"3 Monats Koliken: Was hilft wirklich? | Babyartikel.de Magazin\",\"isPartOf\":{\"@id\":\"https:\/\/www.babyartikel.de\/magazin\/#website\"},\"primaryImageOfPage\":{\"@id\":\"https:\/\/www.babyartikel.de\/magazin\/dreimonatskoliken#primaryimage\"},\"image\":{\"@id\":\"https:\/\/www.babyartikel.de\/magazin\/dreimonatskoliken#primaryimage\"},\"thumbnailUrl\":\"https:\/\/media.babyartikel.de\/magazin\/wp-content\/uploads\/2017\/07\/Dreimonatskoliken-Ilka-Burckhardt-Fotolia_34050684_Subscription_Monthly_M-e1502347329166.jpg\",\"datePublished\":\"2017-09-19T03:38:10+00:00\",\"dateModified\":\"2024-11-14T13:05:33+00:00\",\"author\":{\"@id\":\"https:\/\/www.babyartikel.de\/magazin\/#\/schema\/person\/6ee1e315ac6bd5b2cf5cfc51901067dd\"},\"description\":\"Dein Baby schreit und windet sich? Hier k\u00f6nnen 3-Monats-Koliken schuld sein. Erfahre jetzt, wie Du Deinem Kind helfen kannst.\",\"breadcrumb\":{\"@id\":\"https:\/\/www.babyartikel.de\/magazin\/dreimonatskoliken#breadcrumb\"},\"inLanguage\":\"de\",\"potentialAction\":[{\"@type\":\"ReadAction\",\"target\":[\"https:\/\/www.babyartikel.de\/magazin\/dreimonatskoliken\"]}]},{\"@type\":\"ImageObject\",\"inLanguage\":\"de\",\"@id\":\"https:\/\/www.babyartikel.de\/magazin\/dreimonatskoliken#primaryimage\",\"url\":\"https:\/\/media.babyartikel.de\/magazin\/wp-content\/uploads\/2017\/07\/Dreimonatskoliken-Ilka-Burckhardt-Fotolia_34050684_Subscription_Monthly_M-e1502347329166.jpg\",\"contentUrl\":\"https:\/\/media.babyartikel.de\/magazin\/wp-content\/uploads\/2017\/07\/Dreimonatskoliken-Ilka-Burckhardt-Fotolia_34050684_Subscription_Monthly_M-e1502347329166.jpg\",\"width\":997,\"height\":602,\"caption\":\"3-Monats-Koliken\"},{\"@type\":\"BreadcrumbList\",\"@id\":\"https:\/\/www.babyartikel.de\/magazin\/dreimonatskoliken#breadcrumb\",\"itemListElement\":[{\"@type\":\"ListItem\",\"position\":1,\"name\":\"Startseite\",\"item\":\"https:\/\/www.babyartikel.de\/magazin\"},{\"@type\":\"ListItem\",\"position\":2,\"name\":\"3 Monats Koliken: Was hilft wirklich?\"}]},{\"@type\":\"WebSite\",\"@id\":\"https:\/\/www.babyartikel.de\/magazin\/#website\",\"url\":\"https:\/\/www.babyartikel.de\/magazin\/\",\"name\":\"Babyartikel.de Magazin\",\"description\":\"\",\"potentialAction\":[{\"@type\":\"SearchAction\",\"target\":{\"@type\":\"EntryPoint\",\"urlTemplate\":\"https:\/\/www.babyartikel.de\/magazin\/?s={search_term_string}\"},\"query-input\":{\"@type\":\"PropertyValueSpecification\",\"valueRequired\":true,\"valueName\":\"search_term_string\"}}],\"inLanguage\":\"de\"},{\"@type\":\"Person\",\"@id\":\"https:\/\/www.babyartikel.de\/magazin\/#\/schema\/person\/6ee1e315ac6bd5b2cf5cfc51901067dd\",\"name\":\"Hanna Bose\",\"image\":{\"@type\":\"ImageObject\",\"inLanguage\":\"de\",\"@id\":\"https:\/\/secure.gravatar.com\/avatar\/1dd69317cf23cfe19f265b2c9eca62c20a8cd1bef58878b246fa55e1a1840b81?s=96&d=mm&r=g\",\"url\":\"https:\/\/secure.gravatar.com\/avatar\/1dd69317cf23cfe19f265b2c9eca62c20a8cd1bef58878b246fa55e1a1840b81?s=96&d=mm&r=g\",\"contentUrl\":\"https:\/\/secure.gravatar.com\/avatar\/1dd69317cf23cfe19f265b2c9eca62c20a8cd1bef58878b246fa55e1a1840b81?s=96&d=mm&r=g\",\"caption\":\"Hanna Bose\"},\"description\":\"Ich bin Hanna und Mama von drei Jungs. Als Fachkraft f\u00fcr babyfreundliche Beikost schreibe ich unter anderem \u00fcber Baby Led Weaning und Beikostthemen, aber auch \u00fcber alle anderen Belange rund um Schwangerschaft, Babyzeit und dar\u00fcber hinaus.\",\"sameAs\":[\"https:\/\/babyled-weaning.de\",\"https:\/\/www.facebook.com\/babyledweaning.de\/\",\"https:\/\/www.instagram.com\/baby.led.weaning_de\/\",\"https:\/\/www.pinterest.de\/mutterinstinkte\/\"],\"url\":\"https:\/\/www.babyartikel.de\/magazin\/author\/hanna\"}]}<\/script>\n<!-- \/ Yoast SEO Premium plugin. -->","yoast_head_json":{"title":"3 Monats Koliken: Was hilft wirklich? | Babyartikel.de Magazin","description":"Dein Baby schreit und windet sich? Hier k\u00f6nnen 3-Monats-Koliken schuld sein. Erfahre jetzt, wie Du Deinem Kind helfen kannst.","robots":{"index":"index","follow":"follow","max-snippet":"max-snippet:-1","max-image-preview":"max-image-preview:large","max-video-preview":"max-video-preview:-1"},"canonical":"https:\/\/www.babyartikel.de\/magazin\/dreimonatskoliken","og_locale":"de_DE","og_type":"article","og_title":"3 Monats Koliken: Was hilft wirklich?","og_description":"Dein Baby schreit und windet sich? Hier k\u00f6nnen 3-Monats-Koliken schuld sein. Erfahre jetzt, wie Du Deinem Kind helfen kannst.","og_url":"https:\/\/www.babyartikel.de\/magazin\/dreimonatskoliken","og_site_name":"Babyartikel.de Magazin","article_author":"https:\/\/www.facebook.com\/babyledweaning.de\/","article_published_time":"2017-09-19T03:38:10+00:00","article_modified_time":"2024-11-14T13:05:33+00:00","og_image":[{"width":997,"height":602,"url":"https:\/\/cdn.magazin.babyartikel.de\/magazin\/wp-content\/uploads\/2017\/07\/Dreimonatskoliken-Ilka-Burckhardt-Fotolia_34050684_Subscription_Monthly_M-e1502347329166.jpg","type":"image\/jpeg"}],"author":"Hanna Bose","twitter_card":"summary_large_image","twitter_misc":{"Verfasst von":"Hanna Bose","Gesch\u00e4tzte Lesezeit":"9\u00a0Minuten"},"schema":{"@context":"https:\/\/schema.org","@graph":[{"@type":"Article","@id":"https:\/\/www.babyartikel.de\/magazin\/dreimonatskoliken#article","isPartOf":{"@id":"https:\/\/www.babyartikel.de\/magazin\/dreimonatskoliken"},"author":{"name":"Hanna Bose","@id":"https:\/\/www.babyartikel.de\/magazin\/#\/schema\/person\/6ee1e315ac6bd5b2cf5cfc51901067dd"},"headline":"3 Monats Koliken: Was hilft wirklich?","datePublished":"2017-09-19T03:38:10+00:00","dateModified":"2024-11-14T13:05:33+00:00","mainEntityOfPage":{"@id":"https:\/\/www.babyartikel.de\/magazin\/dreimonatskoliken"},"wordCount":1561,"commentCount":0,"image":{"@id":"https:\/\/www.babyartikel.de\/magazin\/dreimonatskoliken#primaryimage"},"thumbnailUrl":"https:\/\/media.babyartikel.de\/magazin\/wp-content\/uploads\/2017\/07\/Dreimonatskoliken-Ilka-Burckhardt-Fotolia_34050684_Subscription_Monthly_M-e1502347329166.jpg","keywords":["gesundheit","neugeborenes"],"articleSection":["Baby","Leben mit Baby","Pflege &amp; Gesundheit","Stillen"],"inLanguage":"de","potentialAction":[{"@type":"CommentAction","name":"Comment","target":["https:\/\/www.babyartikel.de\/magazin\/dreimonatskoliken#respond"]}]},{"@type":"WebPage","@id":"https:\/\/www.babyartikel.de\/magazin\/dreimonatskoliken","url":"https:\/\/www.babyartikel.de\/magazin\/dreimonatskoliken","name":"3 Monats Koliken: Was hilft wirklich? | Babyartikel.de Magazin","isPartOf":{"@id":"https:\/\/www.babyartikel.de\/magazin\/#website"},"primaryImageOfPage":{"@id":"https:\/\/www.babyartikel.de\/magazin\/dreimonatskoliken#primaryimage"},"image":{"@id":"https:\/\/www.babyartikel.de\/magazin\/dreimonatskoliken#primaryimage"},"thumbnailUrl":"https:\/\/media.babyartikel.de\/magazin\/wp-content\/uploads\/2017\/07\/Dreimonatskoliken-Ilka-Burckhardt-Fotolia_34050684_Subscription_Monthly_M-e1502347329166.jpg","datePublished":"2017-09-19T03:38:10+00:00","dateModified":"2024-11-14T13:05:33+00:00","author":{"@id":"https:\/\/www.babyartikel.de\/magazin\/#\/schema\/person\/6ee1e315ac6bd5b2cf5cfc51901067dd"},"description":"Dein Baby schreit und windet sich? Hier k\u00f6nnen 3-Monats-Koliken schuld sein. Erfahre jetzt, wie Du Deinem Kind helfen kannst.","breadcrumb":{"@id":"https:\/\/www.babyartikel.de\/magazin\/dreimonatskoliken#breadcrumb"},"inLanguage":"de","potentialAction":[{"@type":"ReadAction","target":["https:\/\/www.babyartikel.de\/magazin\/dreimonatskoliken"]}]},{"@type":"ImageObject","inLanguage":"de","@id":"https:\/\/www.babyartikel.de\/magazin\/dreimonatskoliken#primaryimage","url":"https:\/\/media.babyartikel.de\/magazin\/wp-content\/uploads\/2017\/07\/Dreimonatskoliken-Ilka-Burckhardt-Fotolia_34050684_Subscription_Monthly_M-e1502347329166.jpg","contentUrl":"https:\/\/media.babyartikel.de\/magazin\/wp-content\/uploads\/2017\/07\/Dreimonatskoliken-Ilka-Burckhardt-Fotolia_34050684_Subscription_Monthly_M-e1502347329166.jpg","width":997,"height":602,"caption":"3-Monats-Koliken"},{"@type":"BreadcrumbList","@id":"https:\/\/www.babyartikel.de\/magazin\/dreimonatskoliken#breadcrumb","itemListElement":[{"@type":"ListItem","position":1,"name":"Startseite","item":"https:\/\/www.babyartikel.de\/magazin"},{"@type":"ListItem","position":2,"name":"3 Monats Koliken: Was hilft wirklich?"}]},{"@type":"WebSite","@id":"https:\/\/www.babyartikel.de\/magazin\/#website","url":"https:\/\/www.babyartikel.de\/magazin\/","name":"Babyartikel.de Magazin","description":"","potentialAction":[{"@type":"SearchAction","target":{"@type":"EntryPoint","urlTemplate":"https:\/\/www.babyartikel.de\/magazin\/?s={search_term_string}"},"query-input":{"@type":"PropertyValueSpecification","valueRequired":true,"valueName":"search_term_string"}}],"inLanguage":"de"},{"@type":"Person","@id":"https:\/\/www.babyartikel.de\/magazin\/#\/schema\/person\/6ee1e315ac6bd5b2cf5cfc51901067dd","name":"Hanna Bose","image":{"@type":"ImageObject","inLanguage":"de","@id":"https:\/\/secure.gravatar.com\/avatar\/1dd69317cf23cfe19f265b2c9eca62c20a8cd1bef58878b246fa55e1a1840b81?s=96&d=mm&r=g","url":"https:\/\/secure.gravatar.com\/avatar\/1dd69317cf23cfe19f265b2c9eca62c20a8cd1bef58878b246fa55e1a1840b81?s=96&d=mm&r=g","contentUrl":"https:\/\/secure.gravatar.com\/avatar\/1dd69317cf23cfe19f265b2c9eca62c20a8cd1bef58878b246fa55e1a1840b81?s=96&d=mm&r=g","caption":"Hanna Bose"},"description":"Ich bin Hanna und Mama von drei Jungs. Als Fachkraft f\u00fcr babyfreundliche Beikost schreibe ich unter anderem \u00fcber Baby Led Weaning und Beikostthemen, aber auch \u00fcber alle anderen Belange rund um Schwangerschaft, Babyzeit und dar\u00fcber hinaus.","sameAs":["https:\/\/babyled-weaning.de","https:\/\/www.facebook.com\/babyledweaning.de\/","https:\/\/www.instagram.com\/baby.led.weaning_de\/","https:\/\/www.pinterest.de\/mutterinstinkte\/"],"url":"https:\/\/www.babyartikel.de\/magazin\/author\/hanna"}]}},"abstract_sku":"","_links":{"self":[{"href":"https:\/\/www.babyartikel.de\/magazin\/wp-json\/wp\/v2\/posts\/50223","targetHints":{"allow":["GET"]}}],"collection":[{"href":"https:\/\/www.babyartikel.de\/magazin\/wp-json\/wp\/v2\/posts"}],"about":[{"href":"https:\/\/www.babyartikel.de\/magazin\/wp-json\/wp\/v2\/types\/post"}],"author":[{"embeddable":true,"href":"https:\/\/www.babyartikel.de\/magazin\/wp-json\/wp\/v2\/users\/34"}],"replies":[{"embeddable":true,"href":"https:\/\/www.babyartikel.de\/magazin\/wp-json\/wp\/v2\/comments?post=50223"}],"version-history":[{"count":26,"href":"https:\/\/www.babyartikel.de\/magazin\/wp-json\/wp\/v2\/posts\/50223\/revisions"}],"predecessor-version":[{"id":954152,"href":"https:\/\/www.babyartikel.de\/magazin\/wp-json\/wp\/v2\/posts\/50223\/revisions\/954152"}],"wp:featuredmedia":[{"embeddable":true,"href":"https:\/\/www.babyartikel.de\/magazin\/wp-json\/wp\/v2\/media\/50649"}],"wp:attachment":[{"href":"https:\/\/www.babyartikel.de\/magazin\/wp-json\/wp\/v2\/media?parent=50223"}],"wp:term":[{"taxonomy":"category","embeddable":true,"href":"https:\/\/www.babyartikel.de\/magazin\/wp-json\/wp\/v2\/categories?post=50223"},{"taxonomy":"post_tag","embeddable":true,"href":"https:\/\/www.babyartikel.de\/magazin\/wp-json\/wp\/v2\/tags?post=50223"}],"curies":[{"name":"wp","href":"https:\/\/api.w.org\/{rel}","templated":true}]}}