
{"id":51711,"date":"2017-11-12T09:18:58","date_gmt":"2017-11-12T08:18:58","guid":{"rendered":"https:\/\/www.babyartikel.de\/magazin\/?p=51711"},"modified":"2025-02-11T13:11:19","modified_gmt":"2025-02-11T12:11:19","slug":"baby-hat-rote-flecken-im-gesicht","status":"publish","type":"post","link":"https:\/\/www.babyartikel.de\/magazin\/baby-hat-rote-flecken-im-gesicht","title":{"rendered":"\u201eMein Baby hat rote Flecken im Gesicht!\u201c Was steckt dahinter?"},"content":{"rendered":"<p>Viele Babys haben fr&uuml;her oder sp&auml;ter rote Flecken im Gesicht, die manchmal harmlos sind und von selbst wieder verschwinden, manchmal aber auch eine spezielle Therapie erfordern. Ich, <a href=\"https:\/\/www.dermatologie-schlosspalais.de\/hauterkrankungen\/kinderdermatologie\/\">Dr. von Bayern<\/a>, verrate Euch, was hinter den unliebsamen Hautver&auml;nderungen steckt und was dagegen hilft. Babys werden schnell krank, weil ihr Immunsystem noch nicht ausgereift ist. Deshalb kommt es auch h&auml;ufig zu r&ouml;tlichen Hautver&auml;nderungen im Gesicht, die ganz unterschiedlich aussehen und viele Ursachen haben k&ouml;nnen. Dieser Artikel enth&auml;lt einen Auszug m&ouml;glicher Erkrankungen &ndash; f&uuml;r eine fundierte Diagnose suche deshalb am besten einen Kinderdermatologen auf.<h3 class=\"wp-block-heading\" id=\"h-pickel-durch-babyakne\">Pickel durch Babyakne<\/h3><p>Verstopfte Talgdr&uuml;sen oder Hormone k&ouml;nnen dazu f&uuml;hren, dass kleinere rote Flecken und Pickel entstehen. Dr&uuml;cke die Pickel nicht aus, um Entz&uuml;ndungen zu vermeiden, und verwende keine fettige Hautpflege in diesem Bereich. Eine milde Hautreinigung ist ausreichend. Die S&auml;uglingsakne verschwindet in der Regel von selbst. Sind die Pickel nach zwei bis drei Monaten immer noch da, wird Dir Euer Kinderdermatologe eventuell entz&uuml;ndungshemmende Medikamente verschreiben.<\/p><h3 class=\"wp-block-heading\" id=\"h-eiterflechte-eine-hoch-ansteckende-angelegenheit\">Eiterflechte: eine hoch ansteckende Angelegenheit<\/h3><p>Rote Papeln mit honiggelben Krusten k&ouml;nnen auch Symptome einer Eiterflechte sein, die sich nach und nach ausbreitet. Sie kann am gesamten K&ouml;rper auftreten und sich auf weitere Areale ausbreiten, wenn Dein Kind kratzt. Regelm&auml;&szlig;iges H&auml;ndewaschen und h&auml;ufiger Kleiderwechsel d&auml;mmen die Ausbreitung der Infektion ein, die beispielsweise mit Lokalantibiotika behandelt wird.<\/p><div class=\"marketing-slot\"><div id=\"block-18\" class=\"content-post-widget marketing-slot-1 widget_block\"><a href=\"#\" class=\"newsletter_popup\" style=\"\n  display: inline-block;\n  box-shadow: 0 4px 10px rgba(0,0,0,0.1);\n  margin: 20px auto;\n  max-width: 800px;\n  width: 100%;\">\n  <img src=\"https:\/\/media.babyartikel.de\/magazin\/wp-content\/uploads\/2025\/08\/NL-Banner-Magazin-8-25.webp\" alt=\"Newsletter Banner\" style=\"\n    width: 100%;\n    height: auto;\n    display: block;\" onclick=\"ga('send', 'event', 'banner', 'click', 'magazin-banner-newsletter-8-25');\">\n<\/a>\n\n\t<!-- Modal -->\n\t<div class=\"modal fade modal_popup\" id=\"newsletter_popup\" tabindex=\"-1\" aria-labelledby=\"exampleModalLabel\" aria-hidden=\"true\">\n\t\t<div class=\"modal-dialog modal-dialog-centered modal-dialog-scrollable\">\n\t\t\t<div class=\"modal-content\">\n\t\t\t\t<div class=\"modal-header small-header\">\n\t\t\t\t\t<h5 class=\"modal-title\" id=\"newsletterModalLabel\">\n\t\t\t\t\t\tNewsletter\t\t\t\t\t<\/h5>\n\t\t\t\t\t<button type=\"button\" class=\"btn-close small-close\" data-bs-dismiss=\"modal\" aria-label=\"Close\"><\/button>\n\t\t\t\t<\/div>\n\n\t\t\t\t<div class=\"modal-body\">\n\t\t\t\t\t\t<div class=\"newsletterForm-embed popup-form\">\n        <form name=\"newsletterSubscriptionForm\" id=\"newsletter_popup_69f23fd37a060_form\" data-newsletter-id=\"newsletter_popup_69f23fd37a060\" method=\"POST\">\n\n\t\t\t<input type=\"text\" name=\"website\" class=\"hidden\" tabindex=\"-1\" autocomplete=\"off\" style=\"position:absolute;left:-9999px;\">\n\t\t\t<input type=\"hidden\" name=\"ts\" value=\"1777483731\">\n\n\t\t\t                <input type=\"hidden\" name=\"emarsys-event-id\" value=\"3756\">\n            \n            \t\t\t<div class=\"mb-3\">\n\t\t\t\t<label for=\"date\" class=\"form-label\">Geburtstag\/ -termin Deines Babys<\/label>\n                <input type=\"date\" name=\"date\" class=\"input input--expand form-control\" required>\n\t\t\t<\/div>\n            \n\t\t\t<div class=\"mb-3\">\n\t\t\t\t<label for=\"email\" class=\"form-label\">E-Mail-Adresse<\/label>\n\t\t\t\t<input type=\"email\" name=\"email\" placeholder=\"E-Mail-Adresse\" class=\"input input--expand form-control\" required>\n\t\t\t<\/div>\n\n\t\t\t\t\t\t\t<button type=\"submit\" class=\"btn btn-primary\">Absenden<\/button>\n\t\t\t\n\t\t\t\t\t\t\t<div class=\"small mt-3\" style=\"font-weight:normal;\">\n\t\t\t\t\t\n\t\t\t<div class=\"mt-3\">\n\t\t\t\tJa, ich m&ouml;chte den Newsletter von Babyartikel.de erhalten und &uuml;ber Aktionen informiert werden.\n  Dabei darf mein Nutzungsverhalten (z. B. &Ouml;ffnungen und Klicks) zur Personalisierung ausgewertet werden.\n  Mehr finde ich in der <a href=\"\/de\/datenschutz\" style=\"text-decoration:underline\">Datenschutzerkl&auml;rung<\/a>.\n\t\t\t<\/div>\n\t\t\t\t\t\t<\/div>\n\t\t\t\n\t\t\t\t\t\t\t<div class=\"small mb-3 mt-3\" style=\"font-weight:normal;\">\n\t\t\t\t\tJederzeit abbestellbar | <a href=\"\/de\/datenschutz\" style=\"text-decoration:underline\">\n\t\t\t\t\t\tDatenschutzerkl&auml;rung\n\t\t\t\t\t<\/a>\n\t\t\t\t<\/div>\n\t\t\t\n        <\/form>\n    <\/div>\n\t\n\t\t\t\t\t<div class=\"response-messages_newsletter_popup_69f23fd37a060\">\n\t\t\t\t\t\t<div class=\"alert alert-success success mt-3 mb-3 d-none\">\n\t\t\t\t\t\t\tNur noch ein Klick! Best&auml;tige Deine Anmeldung in der E-Mail, die du gleich erh&auml;ltst.\t\t\t\t\t\t<\/div>\n\t\t\t\t\t\t<div class=\"error mt-3 mb-3 d-none\">\n\t\t\t\t\t\t\t<div class=\"alert alert-danger \">\n\t\t\t\t\t\t\t\tEin Fehler ist aufgetreten. Bitte versuche es sp&auml;ter erneut.\t\t\t\t\t\t\t<\/div>\n\t\t\t\t\t\t<\/div>\n\t\t\t\t\t\t<div class=\"alert alert-danger other-2007 mt-3 mb-3 d-none\">\n\t\t\t\t\t\t\tUng&Atilde;&frac14;ltiges Datumsformat\t\t\t\t\t\t<\/div>\n\t\t\t\t\t<\/div>\n\t\t\t\t<\/div>\n\t\t\t<\/div>\n\t\t<\/div>\n\t<\/div>\n\n\t<\/div><!-- content-widget --><\/div><h3 class=\"wp-block-heading\" id=\"h-neurodermitis-starker-juckreiz-in-schuben\">Neurodermitis: starker Juckreiz in Sch&uuml;ben<\/h3><p>Rote Flecken auf der Haut, die schuppt und stark juckt, k&ouml;nnte auch eine Neurodermitis zugrunde liegen. Bei S&auml;uglingen treten die Symptome vor allem an den Wangen oder an den Streckseiten der Arme und Beine auf. Manchmal sind sie st&auml;rker, manchmal schw&auml;cher. Insgesamt haben Babys, die unter Neurodermitis leiden, eher trockene Haut. Um die Entz&uuml;ndungsreaktionen der Haut zu lindern und neuen Ekzemen vorzubeugen, sind r&uuml;ckfettende Pflegesalben zu empfehlen.<\/p><h3 class=\"wp-block-heading\" id=\"h-juckende-beulen-und-quaddeln\">Juckende Beulen und Quaddeln<\/h3><p>Ein Hautausschlag mit verstreuten roten, juckenden Beulen, manchmal auch Pustelbildung, k&ouml;nnte auf einen Milbenbefall zur&uuml;ckzuf&uuml;hren sein. Der K&ouml;rper wehrt sich gegen die Eindringlinge, indem er eine allergische Reaktion hervorruft. Unter dem Mikroskop findet der Dermatologe Spuren der unliebsamen Parasiten, gegen die es eine spezielle Salbe gibt.<\/p><div class=\"postslot1\">[articles]<link rel=\"stylesheet\" href=\"https:\/\/cdn.jsdelivr.net\/npm\/swiper@8\/swiper-bundle.min.css\"><\/div><div class=\"marketing-slot\"><div id=\"block-25\" class=\"content-post-widget marketing-slot-2 widget_block\"><a href=\"https:\/\/www.babyartikel.de\/de\/angebote\" data-track-link-click=\"true\" data-track-name=\"nyoutlet2026-magazin\" data-track-medium=\"banner-magazin-post\" data-track-campaign=\"magazin-banner-nyoutlet2026\" onclick=\"ga('send', 'event', 'banner', 'click', 'magazin-banner-nyoutlet2026');\" style=\"display:block;width:100%;text-align:center;\"><img src=\"https:\/\/media.babyartikel.de\/magazin\/wp-content\/uploads\/2026\/01\/NY-Outlet-10-2026.webp\" alt=\"Sale\" style=\"max-width:100%;\"><\/a><\/div><!-- content-widget --><\/div><p>Auch die Nesselsucht kann f&uuml;r rote Flecken auf der Haut verantwortlich sein. Sie &auml;u&szlig;ert sich mit juckenden Quaddeln und Schwellungen und betrifft h&auml;ufig auch die Schleimh&auml;ute. Antihistaminika, bei Bedarf auch weitere Medikamente, sorgen f&uuml;r die Linderung der Symptome.<\/p><h3 class=\"wp-block-heading\" id=\"h-masern-und-roteln\">Masern und R&ouml;teln<\/h3><p>Rote Punkte an Gesicht, Hals und Ohren sind vor allem in Kombination mit weiteren Symptomen Alarmsignale: Fieber, Husten, Schnupfen und Bindehautentz&uuml;ndungen k&ouml;nnen Anzeichen einer Ansteckung mit Masern sein. Da es keine spezifische Therapie, sondern nur die Masernschutzimpfung gibt, kann Euer Arzt im Fall einer Infektion lediglich die Symptome lindern.<\/p><p>Ein fleckiger, roter Ausschlag, der sich girlandenf&ouml;rmig im Gesicht und auf dem Rumpf ausbreitet und mit erk&auml;ltungs&auml;hnlichen Symptomen einhergeht, k&ouml;nnte auf Ringelr&ouml;teln hindeuten. R&ouml;teln hat mit grippe&auml;hnlichen Beschwerden und blassen, mittelgro&szlig;en Hautausschl&auml;gen &auml;hnliche Symptome. Beide Erkrankungen sind bei Babys eher selten, weil sie vor allem Schulkinder betreffen.<\/p><h3 class=\"wp-block-heading\" id=\"h-wann-zum-arzt\">Wann zum Arzt?<\/h3><p>Nat&uuml;rlich gibt es noch viele weitere Ursachen, die rote Flecken im Gesicht ausl&ouml;sen k&ouml;nnen. Deshalb suche bei unerkl&auml;rlichen Hautver&auml;nderungen am besten einen Kinderdermatologen auf, der eine eingehende Diagnostik und wenn n&ouml;tig eine Behandlung einleitet. Handelt es sich um einen Ausschlag, der von Fieber begleitet ist, solltest Du Dich mit Deinem Baby m&ouml;glichst bald auf den Weg zum Kinderarzt machen.<\/p><div class=\"credits-overlay\" data-target=\".wp-image-51852\"><a href=\"#\" target=\"_blank\">@ Sasenski &ndash; Fotolia.com<\/a><\/div><\/p>\n","protected":false},"excerpt":{"rendered":"<p>Viele Babys haben fr&uuml;her oder sp&auml;ter rote Flecken im Gesicht, die manchmal harmlos sind und von selbst wieder verschwinden, manchmal aber auch eine spezielle Therapie erfordern. Ich, Dr. von Bayern, verrate Euch, was hinter den unliebsamen Hautver&auml;nderungen steckt und was dagegen hilft. Babys werden schnell krank, weil ihr Immunsystem noch nicht ausgereift ist. Deshalb kommt [&#8230;]<\/p>\n<p><a class=\"btn btn-secondary understrap-read-more-link\" href=\"https:\/\/www.babyartikel.de\/magazin\/baby-hat-rote-flecken-im-gesicht\">Weiterlesen&#8230;<\/a><\/p>\n","protected":false},"author":87,"featured_media":51852,"comment_status":"open","ping_status":"closed","sticky":false,"template":"","format":"standard","meta":{"_acf_changed":false,"footnotes":""},"categories":[79,2818],"tags":[3334],"class_list":["post-51711","post","type-post","status-publish","format-standard","has-post-thumbnail","hentry","category-baby","category-pflege-gesundheit","tag-gesundheit"],"acf":[],"yoast_head":"<!-- This site is optimized with the Yoast SEO Premium plugin v27.2 (Yoast SEO v27.2) - https:\/\/yoast.com\/product\/yoast-seo-premium-wordpress\/ -->\n<title>\u201eMein Baby hat rote Flecken im Gesicht!\u201c Was steckt dahinter?<\/title>\n<meta name=\"robots\" content=\"index, follow, max-snippet:-1, max-image-preview:large, max-video-preview:-1\" \/>\n<link rel=\"canonical\" href=\"https:\/\/www.babyartikel.de\/magazin\/baby-hat-rote-flecken-im-gesicht\" \/>\n<meta property=\"og:locale\" content=\"de_DE\" \/>\n<meta property=\"og:type\" content=\"article\" \/>\n<meta property=\"og:title\" content=\"\u201eMein Baby hat rote Flecken im Gesicht!\u201c Was steckt dahinter?\" \/>\n<meta property=\"og:description\" content=\"Viele Babys haben fr&uuml;her oder sp&auml;ter rote Flecken im Gesicht, die manchmal harmlos sind und von selbst wieder verschwinden, manchmal aber auch eine spezielle Therapie erfordern. Ich, Dr. von Bayern, verrate Euch, was hinter den unliebsamen Hautver&auml;nderungen steckt und was dagegen hilft. Babys werden schnell krank, weil ihr Immunsystem noch nicht ausgereift ist. Deshalb kommt [...]Weiterlesen...\" \/>\n<meta property=\"og:url\" content=\"https:\/\/www.babyartikel.de\/magazin\/baby-hat-rote-flecken-im-gesicht\" \/>\n<meta property=\"og:site_name\" content=\"Babyartikel.de Magazin\" \/>\n<meta property=\"article:published_time\" content=\"2017-11-12T08:18:58+00:00\" \/>\n<meta property=\"article:modified_time\" content=\"2025-02-11T12:11:19+00:00\" \/>\n<meta property=\"og:image\" content=\"https:\/\/cdn.magazin.babyartikel.de\/magazin\/wp-content\/uploads\/2017\/10\/Fotolia_144958825_Subscription_Monthly_M.jpg\" \/>\n\t<meta property=\"og:image:width\" content=\"1694\" \/>\n\t<meta property=\"og:image:height\" content=\"1122\" \/>\n\t<meta property=\"og:image:type\" content=\"image\/jpeg\" \/>\n<meta name=\"author\" content=\"Dr. Tatiana von Bayern\" \/>\n<meta name=\"twitter:card\" content=\"summary_large_image\" \/>\n<meta name=\"twitter:label1\" content=\"Verfasst von\" \/>\n\t<meta name=\"twitter:data1\" content=\"Dr. Tatiana von Bayern\" \/>\n\t<meta name=\"twitter:label2\" content=\"Gesch\u00e4tzte Lesezeit\" \/>\n\t<meta name=\"twitter:data2\" content=\"4\u00a0Minuten\" \/>\n<script type=\"application\/ld+json\" class=\"yoast-schema-graph\">{\"@context\":\"https:\/\/schema.org\",\"@graph\":[{\"@type\":\"Article\",\"@id\":\"https:\/\/www.babyartikel.de\/magazin\/baby-hat-rote-flecken-im-gesicht#article\",\"isPartOf\":{\"@id\":\"https:\/\/www.babyartikel.de\/magazin\/baby-hat-rote-flecken-im-gesicht\"},\"author\":{\"name\":\"Dr. Tatiana von Bayern\",\"@id\":\"https:\/\/www.babyartikel.de\/magazin\/#\/schema\/person\/04aa0e7f35d22fbac8abc9e0c04f9c7b\"},\"headline\":\"\u201eMein Baby hat rote Flecken im Gesicht!\u201c Was steckt dahinter?\",\"datePublished\":\"2017-11-12T08:18:58+00:00\",\"dateModified\":\"2025-02-11T12:11:19+00:00\",\"mainEntityOfPage\":{\"@id\":\"https:\/\/www.babyartikel.de\/magazin\/baby-hat-rote-flecken-im-gesicht\"},\"wordCount\":600,\"commentCount\":3,\"image\":{\"@id\":\"https:\/\/www.babyartikel.de\/magazin\/baby-hat-rote-flecken-im-gesicht#primaryimage\"},\"thumbnailUrl\":\"https:\/\/media.babyartikel.de\/magazin\/wp-content\/uploads\/2017\/10\/Fotolia_144958825_Subscription_Monthly_M.jpg\",\"keywords\":[\"gesundheit\"],\"articleSection\":[\"Baby\",\"Pflege &amp; Gesundheit\"],\"inLanguage\":\"de\",\"potentialAction\":[{\"@type\":\"CommentAction\",\"name\":\"Comment\",\"target\":[\"https:\/\/www.babyartikel.de\/magazin\/baby-hat-rote-flecken-im-gesicht#respond\"]}]},{\"@type\":\"WebPage\",\"@id\":\"https:\/\/www.babyartikel.de\/magazin\/baby-hat-rote-flecken-im-gesicht\",\"url\":\"https:\/\/www.babyartikel.de\/magazin\/baby-hat-rote-flecken-im-gesicht\",\"name\":\"\u201eMein Baby hat rote Flecken im Gesicht!\u201c Was steckt dahinter?\",\"isPartOf\":{\"@id\":\"https:\/\/www.babyartikel.de\/magazin\/#website\"},\"primaryImageOfPage\":{\"@id\":\"https:\/\/www.babyartikel.de\/magazin\/baby-hat-rote-flecken-im-gesicht#primaryimage\"},\"image\":{\"@id\":\"https:\/\/www.babyartikel.de\/magazin\/baby-hat-rote-flecken-im-gesicht#primaryimage\"},\"thumbnailUrl\":\"https:\/\/media.babyartikel.de\/magazin\/wp-content\/uploads\/2017\/10\/Fotolia_144958825_Subscription_Monthly_M.jpg\",\"datePublished\":\"2017-11-12T08:18:58+00:00\",\"dateModified\":\"2025-02-11T12:11:19+00:00\",\"author\":{\"@id\":\"https:\/\/www.babyartikel.de\/magazin\/#\/schema\/person\/04aa0e7f35d22fbac8abc9e0c04f9c7b\"},\"breadcrumb\":{\"@id\":\"https:\/\/www.babyartikel.de\/magazin\/baby-hat-rote-flecken-im-gesicht#breadcrumb\"},\"inLanguage\":\"de\",\"potentialAction\":[{\"@type\":\"ReadAction\",\"target\":[\"https:\/\/www.babyartikel.de\/magazin\/baby-hat-rote-flecken-im-gesicht\"]}]},{\"@type\":\"ImageObject\",\"inLanguage\":\"de\",\"@id\":\"https:\/\/www.babyartikel.de\/magazin\/baby-hat-rote-flecken-im-gesicht#primaryimage\",\"url\":\"https:\/\/media.babyartikel.de\/magazin\/wp-content\/uploads\/2017\/10\/Fotolia_144958825_Subscription_Monthly_M.jpg\",\"contentUrl\":\"https:\/\/media.babyartikel.de\/magazin\/wp-content\/uploads\/2017\/10\/Fotolia_144958825_Subscription_Monthly_M.jpg\",\"width\":1694,\"height\":1122,\"caption\":\"rote Flecken im Gesicht\"},{\"@type\":\"BreadcrumbList\",\"@id\":\"https:\/\/www.babyartikel.de\/magazin\/baby-hat-rote-flecken-im-gesicht#breadcrumb\",\"itemListElement\":[{\"@type\":\"ListItem\",\"position\":1,\"name\":\"Startseite\",\"item\":\"https:\/\/www.babyartikel.de\/magazin\"},{\"@type\":\"ListItem\",\"position\":2,\"name\":\"\u201eMein Baby hat rote Flecken im Gesicht!\u201c Was steckt dahinter?\"}]},{\"@type\":\"WebSite\",\"@id\":\"https:\/\/www.babyartikel.de\/magazin\/#website\",\"url\":\"https:\/\/www.babyartikel.de\/magazin\/\",\"name\":\"Babyartikel.de Magazin\",\"description\":\"\",\"potentialAction\":[{\"@type\":\"SearchAction\",\"target\":{\"@type\":\"EntryPoint\",\"urlTemplate\":\"https:\/\/www.babyartikel.de\/magazin\/?s={search_term_string}\"},\"query-input\":{\"@type\":\"PropertyValueSpecification\",\"valueRequired\":true,\"valueName\":\"search_term_string\"}}],\"inLanguage\":\"de\"},{\"@type\":\"Person\",\"@id\":\"https:\/\/www.babyartikel.de\/magazin\/#\/schema\/person\/04aa0e7f35d22fbac8abc9e0c04f9c7b\",\"name\":\"Dr. Tatiana von Bayern\",\"image\":{\"@type\":\"ImageObject\",\"inLanguage\":\"de\",\"@id\":\"https:\/\/media.babyartikel.de\/magazin\/wp-content\/uploads\/2017\/08\/Dr.-Tatiana-von-Bayern-150x150.jpg\",\"url\":\"https:\/\/media.babyartikel.de\/magazin\/wp-content\/uploads\/2017\/08\/Dr.-Tatiana-von-Bayern-150x150.jpg\",\"contentUrl\":\"https:\/\/media.babyartikel.de\/magazin\/wp-content\/uploads\/2017\/08\/Dr.-Tatiana-von-Bayern-150x150.jpg\",\"caption\":\"Dr. Tatiana von Bayern\"},\"description\":\"- Dermatologin seit 2005 - Fach\u00e4rztin f\u00fcr Haut- und Geschlechtskrankheiten seit 2012 - Zusatzbezeichnungen: Ern\u00e4hrungsmedizin, psychosomatische Grundversorgung, Naturheilverfahren Bevor ich meine eigene Praxis ge\u00f6ffnet habe, war in in mehreren Unikliniken und Hautarztpraxen t\u00e4tig. Zu meine T\u00e4tigkeitsfeldern geh\u00f6ren \u00e4sthetische und operative Dermatologie, Lasertherapie, Hautkrebsvorsorge und Allergologie.\",\"sameAs\":[\"http:\/\/www.dermatologie-schlosspalais.de\/\"],\"url\":\"https:\/\/www.babyartikel.de\/magazin\/author\/dr-tatiana-von-bayern\"}]}<\/script>\n<!-- \/ Yoast SEO Premium plugin. -->","yoast_head_json":{"title":"\u201eMein Baby hat rote Flecken im Gesicht!\u201c Was steckt dahinter?","robots":{"index":"index","follow":"follow","max-snippet":"max-snippet:-1","max-image-preview":"max-image-preview:large","max-video-preview":"max-video-preview:-1"},"canonical":"https:\/\/www.babyartikel.de\/magazin\/baby-hat-rote-flecken-im-gesicht","og_locale":"de_DE","og_type":"article","og_title":"\u201eMein Baby hat rote Flecken im Gesicht!\u201c Was steckt dahinter?","og_description":"Viele Babys haben fr&uuml;her oder sp&auml;ter rote Flecken im Gesicht, die manchmal harmlos sind und von selbst wieder verschwinden, manchmal aber auch eine spezielle Therapie erfordern. Ich, Dr. von Bayern, verrate Euch, was hinter den unliebsamen Hautver&auml;nderungen steckt und was dagegen hilft. Babys werden schnell krank, weil ihr Immunsystem noch nicht ausgereift ist. Deshalb kommt [...]Weiterlesen...","og_url":"https:\/\/www.babyartikel.de\/magazin\/baby-hat-rote-flecken-im-gesicht","og_site_name":"Babyartikel.de Magazin","article_published_time":"2017-11-12T08:18:58+00:00","article_modified_time":"2025-02-11T12:11:19+00:00","og_image":[{"width":1694,"height":1122,"url":"https:\/\/cdn.magazin.babyartikel.de\/magazin\/wp-content\/uploads\/2017\/10\/Fotolia_144958825_Subscription_Monthly_M.jpg","type":"image\/jpeg"}],"author":"Dr. Tatiana von Bayern","twitter_card":"summary_large_image","twitter_misc":{"Verfasst von":"Dr. Tatiana von Bayern","Gesch\u00e4tzte Lesezeit":"4\u00a0Minuten"},"schema":{"@context":"https:\/\/schema.org","@graph":[{"@type":"Article","@id":"https:\/\/www.babyartikel.de\/magazin\/baby-hat-rote-flecken-im-gesicht#article","isPartOf":{"@id":"https:\/\/www.babyartikel.de\/magazin\/baby-hat-rote-flecken-im-gesicht"},"author":{"name":"Dr. Tatiana von Bayern","@id":"https:\/\/www.babyartikel.de\/magazin\/#\/schema\/person\/04aa0e7f35d22fbac8abc9e0c04f9c7b"},"headline":"\u201eMein Baby hat rote Flecken im Gesicht!\u201c Was steckt dahinter?","datePublished":"2017-11-12T08:18:58+00:00","dateModified":"2025-02-11T12:11:19+00:00","mainEntityOfPage":{"@id":"https:\/\/www.babyartikel.de\/magazin\/baby-hat-rote-flecken-im-gesicht"},"wordCount":600,"commentCount":3,"image":{"@id":"https:\/\/www.babyartikel.de\/magazin\/baby-hat-rote-flecken-im-gesicht#primaryimage"},"thumbnailUrl":"https:\/\/media.babyartikel.de\/magazin\/wp-content\/uploads\/2017\/10\/Fotolia_144958825_Subscription_Monthly_M.jpg","keywords":["gesundheit"],"articleSection":["Baby","Pflege &amp; Gesundheit"],"inLanguage":"de","potentialAction":[{"@type":"CommentAction","name":"Comment","target":["https:\/\/www.babyartikel.de\/magazin\/baby-hat-rote-flecken-im-gesicht#respond"]}]},{"@type":"WebPage","@id":"https:\/\/www.babyartikel.de\/magazin\/baby-hat-rote-flecken-im-gesicht","url":"https:\/\/www.babyartikel.de\/magazin\/baby-hat-rote-flecken-im-gesicht","name":"\u201eMein Baby hat rote Flecken im Gesicht!\u201c Was steckt dahinter?","isPartOf":{"@id":"https:\/\/www.babyartikel.de\/magazin\/#website"},"primaryImageOfPage":{"@id":"https:\/\/www.babyartikel.de\/magazin\/baby-hat-rote-flecken-im-gesicht#primaryimage"},"image":{"@id":"https:\/\/www.babyartikel.de\/magazin\/baby-hat-rote-flecken-im-gesicht#primaryimage"},"thumbnailUrl":"https:\/\/media.babyartikel.de\/magazin\/wp-content\/uploads\/2017\/10\/Fotolia_144958825_Subscription_Monthly_M.jpg","datePublished":"2017-11-12T08:18:58+00:00","dateModified":"2025-02-11T12:11:19+00:00","author":{"@id":"https:\/\/www.babyartikel.de\/magazin\/#\/schema\/person\/04aa0e7f35d22fbac8abc9e0c04f9c7b"},"breadcrumb":{"@id":"https:\/\/www.babyartikel.de\/magazin\/baby-hat-rote-flecken-im-gesicht#breadcrumb"},"inLanguage":"de","potentialAction":[{"@type":"ReadAction","target":["https:\/\/www.babyartikel.de\/magazin\/baby-hat-rote-flecken-im-gesicht"]}]},{"@type":"ImageObject","inLanguage":"de","@id":"https:\/\/www.babyartikel.de\/magazin\/baby-hat-rote-flecken-im-gesicht#primaryimage","url":"https:\/\/media.babyartikel.de\/magazin\/wp-content\/uploads\/2017\/10\/Fotolia_144958825_Subscription_Monthly_M.jpg","contentUrl":"https:\/\/media.babyartikel.de\/magazin\/wp-content\/uploads\/2017\/10\/Fotolia_144958825_Subscription_Monthly_M.jpg","width":1694,"height":1122,"caption":"rote Flecken im Gesicht"},{"@type":"BreadcrumbList","@id":"https:\/\/www.babyartikel.de\/magazin\/baby-hat-rote-flecken-im-gesicht#breadcrumb","itemListElement":[{"@type":"ListItem","position":1,"name":"Startseite","item":"https:\/\/www.babyartikel.de\/magazin"},{"@type":"ListItem","position":2,"name":"\u201eMein Baby hat rote Flecken im Gesicht!\u201c Was steckt dahinter?"}]},{"@type":"WebSite","@id":"https:\/\/www.babyartikel.de\/magazin\/#website","url":"https:\/\/www.babyartikel.de\/magazin\/","name":"Babyartikel.de Magazin","description":"","potentialAction":[{"@type":"SearchAction","target":{"@type":"EntryPoint","urlTemplate":"https:\/\/www.babyartikel.de\/magazin\/?s={search_term_string}"},"query-input":{"@type":"PropertyValueSpecification","valueRequired":true,"valueName":"search_term_string"}}],"inLanguage":"de"},{"@type":"Person","@id":"https:\/\/www.babyartikel.de\/magazin\/#\/schema\/person\/04aa0e7f35d22fbac8abc9e0c04f9c7b","name":"Dr. Tatiana von Bayern","image":{"@type":"ImageObject","inLanguage":"de","@id":"https:\/\/media.babyartikel.de\/magazin\/wp-content\/uploads\/2017\/08\/Dr.-Tatiana-von-Bayern-150x150.jpg","url":"https:\/\/media.babyartikel.de\/magazin\/wp-content\/uploads\/2017\/08\/Dr.-Tatiana-von-Bayern-150x150.jpg","contentUrl":"https:\/\/media.babyartikel.de\/magazin\/wp-content\/uploads\/2017\/08\/Dr.-Tatiana-von-Bayern-150x150.jpg","caption":"Dr. Tatiana von Bayern"},"description":"- Dermatologin seit 2005 - Fach\u00e4rztin f\u00fcr Haut- und Geschlechtskrankheiten seit 2012 - Zusatzbezeichnungen: Ern\u00e4hrungsmedizin, psychosomatische Grundversorgung, Naturheilverfahren Bevor ich meine eigene Praxis ge\u00f6ffnet habe, war in in mehreren Unikliniken und Hautarztpraxen t\u00e4tig. Zu meine T\u00e4tigkeitsfeldern geh\u00f6ren \u00e4sthetische und operative Dermatologie, Lasertherapie, Hautkrebsvorsorge und Allergologie.","sameAs":["http:\/\/www.dermatologie-schlosspalais.de\/"],"url":"https:\/\/www.babyartikel.de\/magazin\/author\/dr-tatiana-von-bayern"}]}},"abstract_sku":"","_links":{"self":[{"href":"https:\/\/www.babyartikel.de\/magazin\/wp-json\/wp\/v2\/posts\/51711","targetHints":{"allow":["GET"]}}],"collection":[{"href":"https:\/\/www.babyartikel.de\/magazin\/wp-json\/wp\/v2\/posts"}],"about":[{"href":"https:\/\/www.babyartikel.de\/magazin\/wp-json\/wp\/v2\/types\/post"}],"author":[{"embeddable":true,"href":"https:\/\/www.babyartikel.de\/magazin\/wp-json\/wp\/v2\/users\/87"}],"replies":[{"embeddable":true,"href":"https:\/\/www.babyartikel.de\/magazin\/wp-json\/wp\/v2\/comments?post=51711"}],"version-history":[{"count":4,"href":"https:\/\/www.babyartikel.de\/magazin\/wp-json\/wp\/v2\/posts\/51711\/revisions"}],"predecessor-version":[{"id":957576,"href":"https:\/\/www.babyartikel.de\/magazin\/wp-json\/wp\/v2\/posts\/51711\/revisions\/957576"}],"wp:featuredmedia":[{"embeddable":true,"href":"https:\/\/www.babyartikel.de\/magazin\/wp-json\/wp\/v2\/media\/51852"}],"wp:attachment":[{"href":"https:\/\/www.babyartikel.de\/magazin\/wp-json\/wp\/v2\/media?parent=51711"}],"wp:term":[{"taxonomy":"category","embeddable":true,"href":"https:\/\/www.babyartikel.de\/magazin\/wp-json\/wp\/v2\/categories?post=51711"},{"taxonomy":"post_tag","embeddable":true,"href":"https:\/\/www.babyartikel.de\/magazin\/wp-json\/wp\/v2\/tags?post=51711"}],"curies":[{"name":"wp","href":"https:\/\/api.w.org\/{rel}","templated":true}]}}