
{"id":51948,"date":"2018-03-11T08:24:58","date_gmt":"2018-03-11T07:24:58","guid":{"rendered":"https:\/\/www.babyartikel.de\/magazin\/?p=51948"},"modified":"2025-01-17T10:52:28","modified_gmt":"2025-01-17T09:52:28","slug":"hat-mein-baby-eine-laktoseintoleranz","status":"publish","type":"post","link":"https:\/\/www.babyartikel.de\/magazin\/hat-mein-baby-eine-laktoseintoleranz","title":{"rendered":"Hat mein Baby eine Laktoseintoleranz?"},"content":{"rendered":"<p>Wenn<img loading=\"lazy\" decoding=\"async\" width=\"1\" height=\"1\" src=\"https:\/\/ssl-vg03.met.vgwort.de\/na\/0d560d373f2c478785db0ad51cec1b8c\" alt=\"\"> ein Baby in den ersten Lebensmonaten h&auml;ufig weint, unter Bl&auml;hungen und Verdauungsproblemen leidet, steht schnell ein Verdacht im Raum: Laktoseintoleranz. Allerdings ist eine echte Laktoseintoleranz bei Babys relativ selten. Was viele nicht wissen: Abstillen und auf&nbsp;hypoallergene S&auml;uglingsmilch umstellen ist meist gar nicht notwendig.<div id=\"ez-toc-container\" class=\"ez-toc-v2_0_82_2 counter-flat ez-toc-counter ez-toc-white ez-toc-container-direction\">\n<div class=\"ez-toc-title-container\">\n<p class=\"ez-toc-title\" style=\"cursor:inherit\">Inhaltsverzeichnis<\/p>\n<span class=\"ez-toc-title-toggle\"><a href=\"#\" class=\"ez-toc-pull-right ez-toc-btn ez-toc-btn-xs ez-toc-btn-default ez-toc-toggle\" aria-label=\"Toggle Table of Content\"><span class=\"ez-toc-js-icon-con\"><span class=\"\"><span class=\"eztoc-hide\" style=\"display:none;\">Toggle<\/span><span class=\"ez-toc-icon-toggle-span\"><svg style=\"fill: #999;color:#999\" xmlns=\"http:\/\/www.w3.org\/2000\/svg\" class=\"list-377408\" width=\"20px\" height=\"20px\" viewBox=\"0 0 24 24\" fill=\"none\"><path d=\"M6 6H4v2h2V6zm14 0H8v2h12V6zM4 11h2v2H4v-2zm16 0H8v2h12v-2zM4 16h2v2H4v-2zm16 0H8v2h12v-2z\" fill=\"currentColor\"><\/path><\/svg><svg style=\"fill: #999;color:#999\" class=\"arrow-unsorted-368013\" xmlns=\"http:\/\/www.w3.org\/2000\/svg\" width=\"10px\" height=\"10px\" viewBox=\"0 0 24 24\" version=\"1.2\" baseProfile=\"tiny\"><path d=\"M18.2 9.3l-6.2-6.3-6.2 6.3c-.2.2-.3.4-.3.7s.1.5.3.7c.2.2.4.3.7.3h11c.3 0 .5-.1.7-.3.2-.2.3-.5.3-.7s-.1-.5-.3-.7zM5.8 14.7l6.2 6.3 6.2-6.3c.2-.2.3-.5.3-.7s-.1-.5-.3-.7c-.2-.2-.4-.3-.7-.3h-11c-.3 0-.5.1-.7.3-.2.2-.3.5-.3.7s.1.5.3.7z\"\/><\/svg><\/span><\/span><\/span><\/a><\/span><\/div>\n<nav><ul class='ez-toc-list ez-toc-list-level-1 ' ><li class='ez-toc-page-1'><a class=\"ez-toc-link ez-toc-heading-1\" href=\"https:\/\/www.babyartikel.de\/magazin\/hat-mein-baby-eine-laktoseintoleranz\/#Was_ist_eine_Laktoseintoleranz\" >Was ist eine Laktoseintoleranz?<\/a><\/li><li class='ez-toc-page-1'><a class=\"ez-toc-link ez-toc-heading-2\" href=\"https:\/\/www.babyartikel.de\/magazin\/hat-mein-baby-eine-laktoseintoleranz\/#Wie_aeussert_sich_eine_Laktoseintoleranz_bei_Babys\" >Wie &auml;u&szlig;ert sich eine Laktoseintoleranz bei Babys?<\/a><\/li><li class='ez-toc-page-1'><a class=\"ez-toc-link ez-toc-heading-3\" href=\"https:\/\/www.babyartikel.de\/magazin\/hat-mein-baby-eine-laktoseintoleranz\/#Kann_ich_mein_Baby_auf_Laktoseintoleranz_testen_lassen\" >Kann ich mein Baby auf Laktoseintoleranz testen lassen?<\/a><\/li><li class='ez-toc-page-1'><a class=\"ez-toc-link ez-toc-heading-4\" href=\"https:\/\/www.babyartikel.de\/magazin\/hat-mein-baby-eine-laktoseintoleranz\/#Wie_ernaehre_ich_ein_Baby_mit_Laktoserintoleranz\" >Wie ern&auml;hre ich ein Baby mit Laktoserintoleranz?<\/a><\/li><\/ul><\/nav><\/div>\n<h2 class=\"wp-block-heading\" id=\"h-was-ist-eine-laktoseintoleranz\"><span class=\"ez-toc-section\" id=\"Was_ist_eine_Laktoseintoleranz\"><\/span>Was ist eine Laktoseintoleranz?<span class=\"ez-toc-section-end\"><\/span><\/h2><p>Wer laktoseintolerant ist, kann den in Milchprodukten enthaltenen <strong>Milchzucker (Laktose)<\/strong> nicht richtig verdauen. Die Laktose wird nicht vollst&auml;ndig von Enzymen (Laktase) im Darm aufgespalten, sondern verbleibt im Verdauungstrakt. Dort wird sie von Mikroorganismen verwertet, wodurch Milchs&auml;ure und Gase entstehen.<\/p><section><div class=\"cta-container custom-infobox\" style=\"background-color: #F9ECF4; box-shadow: 1px 1px 4px #9d9d9d; padding: 10px; border: 2px solid white; margin-bottom: 10px; margin-top: 25px; border-radius: 0.125rem;\"><div class=\"text-center\"><img decoding=\"async\" src=\"https:\/\/www.babyartikel.de\/magazin\/wp-content\/plugins\/wp-ba-custom-block\/img\/chicklet.svg\" alt=\"chicklet.svg\" style=\"padding: 0.1rem; border: solid #FCF8FB; border-radius: 50%; margin-top: -2.75rem; width: 2.5rem; height: 2.5rem; background-color: #FCF8FB\"><\/div><label style=\"color: #95326B; \" class=\"labelHomePage h5\">Laktoseintoleranz oder Kuhmilchallergie?<\/label>\n<p>Eine Laktoseintoleranz hat nichts mit einer <a href=\"https:\/\/www.babyartikel.de\/magazin\/kuhmilchallergie-baby\">Kuhmilchallergie<\/a> zu tun. Hier reagiert das kindliche Immunsystem auf das Kuhmilch-Eiwei&szlig;. Das hei&szlig;t, der Verzehr jeglicher Produkte aus Kuhmilch, auch laktosefreie Milch oder S&auml;uglingsmilch, ruft allergische Symptome hervor. Muttermilch dagegen vertragen diese Kinder problemlos.<\/p>\n<\/div><\/section><h2 class=\"wp-block-heading\" id=\"h-wie-aussert-sich-eine-laktoseintoleranz-bei-babys\"><span class=\"ez-toc-section\" id=\"Wie_aeussert_sich_eine_Laktoseintoleranz_bei_Babys\"><\/span>Wie &auml;u&szlig;ert sich eine Laktoseintoleranz bei Babys?<span class=\"ez-toc-section-end\"><\/span><\/h2><p>Weltweit k&ouml;nnen nur etwa 10% der erwachsenen Menschen Milchzucker verdauen. Eine Laktoseintoleranz ist bei Erwachsenen also fast normal! Dass in Nord- und Mitteleuropa sehr viele Menschen Kuhmilch relativ gut vertragen, liegt an einer weit verbreiteten Genmutation. <strong>S&auml;uglinge hingegen vertragen die Laktose in der Regel gut &ndash; weil diese ja auch in der Muttermilch enthalten ist.<\/strong> Beschwerden treten in der Regel erst nach dem Kleinkindalter auf.<\/p><div class=\"marketing-slot\"><div id=\"block-18\" class=\"content-post-widget marketing-slot-1 widget_block\"><a href=\"#\" class=\"newsletter_popup\" style=\"\n  display: inline-block;\n  box-shadow: 0 4px 10px rgba(0,0,0,0.1);\n  margin: 20px auto;\n  max-width: 800px;\n  width: 100%;\">\n  <img src=\"https:\/\/media.babyartikel.de\/magazin\/wp-content\/uploads\/2025\/08\/NL-Banner-Magazin-8-25.webp\" alt=\"Newsletter Banner\" style=\"\n    width: 100%;\n    height: auto;\n    display: block;\" onclick=\"ga('send', 'event', 'banner', 'click', 'magazin-banner-newsletter-8-25');\">\n<\/a>\n\n\t<!-- Modal -->\n\t<div class=\"modal fade modal_popup\" id=\"newsletter_popup\" tabindex=\"-1\" aria-labelledby=\"exampleModalLabel\" aria-hidden=\"true\">\n\t\t<div class=\"modal-dialog modal-dialog-centered modal-dialog-scrollable\">\n\t\t\t<div class=\"modal-content\">\n\t\t\t\t<div class=\"modal-header small-header\">\n\t\t\t\t\t<h5 class=\"modal-title\" id=\"newsletterModalLabel\">\n\t\t\t\t\t\tNewsletter\t\t\t\t\t<\/h5>\n\t\t\t\t\t<button type=\"button\" class=\"btn-close small-close\" data-bs-dismiss=\"modal\" aria-label=\"Close\"><\/button>\n\t\t\t\t<\/div>\n\n\t\t\t\t<div class=\"modal-body\">\n\t\t\t\t\t\t<div class=\"newsletterForm-embed popup-form\">\n        <form name=\"newsletterSubscriptionForm\" id=\"newsletter_popup_69f23ab6b4b33_form\" data-newsletter-id=\"newsletter_popup_69f23ab6b4b33\" method=\"POST\">\n\n\t\t\t<input type=\"text\" name=\"website\" class=\"hidden\" tabindex=\"-1\" autocomplete=\"off\" style=\"position:absolute;left:-9999px;\">\n\t\t\t<input type=\"hidden\" name=\"ts\" value=\"1777482422\">\n\n\t\t\t                <input type=\"hidden\" name=\"emarsys-event-id\" value=\"3756\">\n            \n            \t\t\t<div class=\"mb-3\">\n\t\t\t\t<label for=\"date\" class=\"form-label\">Geburtstag\/ -termin Deines Babys<\/label>\n                <input type=\"date\" name=\"date\" class=\"input input--expand form-control\" required>\n\t\t\t<\/div>\n            \n\t\t\t<div class=\"mb-3\">\n\t\t\t\t<label for=\"email\" class=\"form-label\">E-Mail-Adresse<\/label>\n\t\t\t\t<input type=\"email\" name=\"email\" placeholder=\"E-Mail-Adresse\" class=\"input input--expand form-control\" required>\n\t\t\t<\/div>\n\n\t\t\t\t\t\t\t<button type=\"submit\" class=\"btn btn-primary\">Absenden<\/button>\n\t\t\t\n\t\t\t\t\t\t\t<div class=\"small mt-3\" style=\"font-weight:normal;\">\n\t\t\t\t\t\n\t\t\t<div class=\"mt-3\">\n\t\t\t\tJa, ich m&ouml;chte den Newsletter von Babyartikel.de erhalten und &uuml;ber Aktionen informiert werden.\n  Dabei darf mein Nutzungsverhalten (z. B. &Ouml;ffnungen und Klicks) zur Personalisierung ausgewertet werden.\n  Mehr finde ich in der <a href=\"\/de\/datenschutz\" style=\"text-decoration:underline\">Datenschutzerkl&auml;rung<\/a>.\n\t\t\t<\/div>\n\t\t\t\t\t\t<\/div>\n\t\t\t\n\t\t\t\t\t\t\t<div class=\"small mb-3 mt-3\" style=\"font-weight:normal;\">\n\t\t\t\t\tJederzeit abbestellbar | <a href=\"\/de\/datenschutz\" style=\"text-decoration:underline\">\n\t\t\t\t\t\tDatenschutzerkl&auml;rung\n\t\t\t\t\t<\/a>\n\t\t\t\t<\/div>\n\t\t\t\n        <\/form>\n    <\/div>\n\t\n\t\t\t\t\t<div class=\"response-messages_newsletter_popup_69f23ab6b4b33\">\n\t\t\t\t\t\t<div class=\"alert alert-success success mt-3 mb-3 d-none\">\n\t\t\t\t\t\t\tNur noch ein Klick! Best&auml;tige Deine Anmeldung in der E-Mail, die du gleich erh&auml;ltst.\t\t\t\t\t\t<\/div>\n\t\t\t\t\t\t<div class=\"error mt-3 mb-3 d-none\">\n\t\t\t\t\t\t\t<div class=\"alert alert-danger \">\n\t\t\t\t\t\t\t\tEin Fehler ist aufgetreten. Bitte versuche es sp&auml;ter erneut.\t\t\t\t\t\t\t<\/div>\n\t\t\t\t\t\t<\/div>\n\t\t\t\t\t\t<div class=\"alert alert-danger other-2007 mt-3 mb-3 d-none\">\n\t\t\t\t\t\t\tUng&Atilde;&frac14;ltiges Datumsformat\t\t\t\t\t\t<\/div>\n\t\t\t\t\t<\/div>\n\t\t\t\t<\/div>\n\t\t\t<\/div>\n\t\t<\/div>\n\t<\/div>\n\n\t<\/div><!-- content-widget --><\/div><p>Wenn nicht, kann das einen von zwei Gr&uuml;nden haben:<\/p><h3 class=\"wp-block-heading\" id=\"h-angeborener-laktasemangel\">Angeborener Laktasemangel<\/h3><p>Bei Babys kann eine Milchzuckerunvertr&auml;glichkeit angeboren sein, dann bleibt sie ein Leben lang erhalten. Allerdings ist das sehr selten und wird in der Regel in den ersten Lebenstagen entdeckt. Denn diese Kinder haben <strong>starke Verdauungsprobleme und Gedeihst&ouml;rungen<\/strong>.<\/p><div class=\"postslot1\">\t\t<div style=\"clear:both\"><\/div>\n\t\t\t\t\t\t<div id=\"productPanel489\" class=\"product-panel-bottom\">&nbsp;<\/div>\n\t\t\t\t\t\t<script type=\"module\">\n\t\t\t\t\t\t\trequestProductPanel(\"https:\/\/www.babyartikel.de\/magazin\/wp-content\/plugins\/wp-productpanel2\/ProductPanel.php\", \"?panel_type=automatic&basis_category=2-ST&basis_product=&swipe_mobile=1&postid=51948&template=auto&max=4&productPanelId=489&solrQuery=\", 489, 1);\n\t\t\t\t\t\t<\/script>\n\t\t\t\t\t<link rel=\"stylesheet\" href=\"https:\/\/cdn.jsdelivr.net\/npm\/swiper@8\/swiper-bundle.min.css\"><\/div><div class=\"marketing-slot\"><div id=\"block-25\" class=\"content-post-widget marketing-slot-2 widget_block\"><a href=\"https:\/\/www.babyartikel.de\/de\/angebote\" data-track-link-click=\"true\" data-track-name=\"nyoutlet2026-magazin\" data-track-medium=\"banner-magazin-post\" data-track-campaign=\"magazin-banner-nyoutlet2026\" onclick=\"ga('send', 'event', 'banner', 'click', 'magazin-banner-nyoutlet2026');\" style=\"display:block;width:100%;text-align:center;\"><img src=\"https:\/\/media.babyartikel.de\/magazin\/wp-content\/uploads\/2026\/01\/NY-Outlet-10-2026.webp\" alt=\"Sale\" style=\"max-width:100%;\"><\/a><\/div><!-- content-widget --><\/div><h3 class=\"wp-block-heading\" id=\"h-sekundare-laktoseintoleranz\">Sekund&auml;re Laktoseintoleranz<\/h3><p>Viel h&auml;ufiger kommt eine <strong>vor&uuml;bergehende Laktoseunvertr&auml;glichkeit<\/strong> in den ersten Lebensmonaten vor. Wenn der Darm bei der Geburt noch nicht richtig ausgereift ist, produziert er noch zu wenig Laktase, um den Milchzucker zu verdauen. Diese sekund&auml;re Laktoseintoleranz tritt meist in den ersten Lebenstagen auf und bessert sich allm&auml;hlich. Meist sind die Symptome nach einigen Tagen oder Wochen verschwunden.<\/p><p><strong>Laktoseintoleranz Symptome beim Baby<\/strong> sind typischerweise:<\/p><ul class=\"wp-block-list\">\n<li>Bl&auml;hungen und krampfartige Bauchschmerzen<\/li>\n\n\n\n<li>(starker) Durchfall<\/li>\n\n\n\n<li>laute Darmger&auml;usche<\/li>\n\n\n\n<li>Verstopfung<\/li>\n<\/ul><p>Diese Beschwerden treten regelm&auml;&szlig;ig und zeitnah nach der Nahrungsaufnahme auf. Nat&uuml;rlich kann ein Baby noch nicht sagen, dass es Bauchschmerzen hat. W&auml;hrend <a href=\"https:\/\/www.babyartikel.de\/magazin\/durchfall-bei-babys-was-dagegen-hilft\">Durchfall<\/a> und Verstopfung f&uuml;r die Eltern erkennbar sind, sollten sie zus&auml;tzlich darauf achten, ob ihr S&auml;ugling nach dem Trinken<\/p><ul class=\"wp-block-list\">\n<li>laut und anhaltend weint<\/li>\n\n\n\n<li>h&auml;ufig pupst<\/li>\n\n\n\n<li>laute Darmger&auml;usche wahrnehmbar sind<\/li>\n\n\n\n<li>der Windelinhalt unangenehm riecht<\/li>\n<\/ul><h2 class=\"wp-block-heading\" id=\"h-kann-ich-mein-baby-auf-laktoseintoleranz-testen-lassen\"><span class=\"ez-toc-section\" id=\"Kann_ich_mein_Baby_auf_Laktoseintoleranz_testen_lassen\"><\/span>Kann ich mein Baby auf Laktoseintoleranz testen lassen?<span class=\"ez-toc-section-end\"><\/span><\/h2><p>Der <strong>Intoleranz-Test (Wasserstoff-Atemtest) <\/strong>beim Erwachsenen zieht sich &uuml;ber viele Stunden und erfordert Mithilfe und Disziplin vom Betroffenen. Deshalb ist der Laktoseintoleranz-Test bei Babys vergleichsweise schwierig. Trotzdem muss man bei einer starken oder angeborenen Intoleranz schnell reagieren, denn sie kann zu ernsthaften Komplikationen und Entwicklungsverz&ouml;gerungen f&uuml;hren.<\/p><p>Wenn bei einem Baby der Verdacht auf laktoseintoleranz besteht, wird nach M&ouml;glichkeit erst einmal f&uuml;r einige Wochen <strong>spezielle laktosefreie Babynahrung<\/strong> auf Sojabasis (z.B. Humana SL, Milupa Aptamil SL milchfrei oder T&ouml;pfer Lactopriv) gegeben. Parallel kann ein <strong>Gentest<\/strong> zeigen, ob eine angeborene Intoleranz vorliegt.<\/p><h2 class=\"wp-block-heading\" id=\"h-wie-ernahre-ich-ein-baby-mit-laktoserintoleranz\"><span class=\"ez-toc-section\" id=\"Wie_ernaehre_ich_ein_Baby_mit_Laktoserintoleranz\"><\/span>Wie ern&auml;hre ich ein Baby mit Laktoserintoleranz?<span class=\"ez-toc-section-end\"><\/span><\/h2><p>F&uuml;r Flaschenkinder ist die Umstellung auf hypoallergene S&auml;uglingsmilch schnell vollzogen. F&uuml;r Stillm&uuml;tter stellt sich dagegen die Frage, ob sie ihr Baby trotz Laktoseintoleranz stillen d&uuml;rfen.<\/p><h3 class=\"wp-block-heading\" id=\"h-stillen-trotz-laktoseintoleranz\">Stillen trotz Laktoseintoleranz?<\/h3><p>Weil Muttermilch genauso wie Kuhmilch Laktose enth&auml;lt, kann ein Baby mit Laktoseintoleranz auch die Muttermilch nicht richtig verdauen.<\/p><p>H&auml;ufig denken Eltern, sie m&uuml;ssten stattdessen auf die oben genannte laktosefreie S&auml;uglingsmilch zur&uuml;ckgreifen. Das ist jedoch meistens gar nicht n&ouml;tig. Stattdessen gibt es mittlerweile <strong>Laktase-Pr&auml;parate<\/strong>, die Du Deinem Kind oral verabreichen oder der abgepumpten Muttermilch beif&uuml;gen kannst. Besprich mit Eurem Kinderarzt, ob das f&uuml;r Euch eine Alternative zum Abstillen sein k&ouml;nnte!<\/p><p>Weil die Symptome einer Laktoseintoleranz h&auml;ufig mit denen einer Kuhmilchallergie verwechselt werden und die Allergie viel h&auml;ufiger auftritt, ist es ohnehin sinnvoller, dass <strong>Mutter und Kind zun&auml;chst auf jegliche Kuhmilchprodukte verzichten<\/strong>. Erst, wenn eine Allergie und verschiedene andere Erkrankungen ausgeschlossen sind, sollte man wirklich dar&uuml;ber nachdenken, abzustillen.<\/p><h3 class=\"wp-block-heading\" id=\"h-laktoseintoleranz-und-beikost\">Laktoseintoleranz und Beikost<\/h3><p>Mit dem Beikoststart wird es sowohl bei einer Kuhmilchallergie, als auch bei einer Laktoseunvertr&auml;glichkeit, weitaus schwieriger. Denn vor allem Fertigprodukte und Snacks f&uuml;r unterwegs enthalten h&auml;ufig Kuhmilcheiwei&szlig; &ndash; auch Produkte, bei denen man es auf den ersten Blick nicht erwarten w&uuml;rde.<\/p><p>Vor allem im Hinblick auf die Kalziumversorgung besteht bei einer milchfreien Kinderern&auml;hrung h&auml;ufig Sorge. Was viele nicht wissen: Auch andere Nahrungsmittel verf&uuml;gen &uuml;ber ausreichend Kalzium f&uuml;r die wachsenden Kinderknochen. Vor allem&nbsp;N&uuml;sse, die Du z.B. in Form von unges&uuml;&szlig;tem Nussmus in den Brei geben kannst, und dunkelgr&uuml;nes Gem&uuml;se&nbsp;wie Brokkoli oder Gr&uuml;nkohl enthalten viel Kalzium.<\/p><p><strong><em>Hast Du Erfahrungen mit Laktoseintoleranz bei Babys? Wir freuen uns &uuml;ber Deinen Kommentar!<\/em><\/strong><\/p><div class=\"credits-overlay\" data-target=\".wp-image-53540\"><a href=\"#\" target=\"_blank\">@candy1812 &ndash; Fotolia.com<\/a><\/div><\/p>\n","protected":false},"excerpt":{"rendered":"<p>Wenn ein Baby in den ersten Lebensmonaten h&auml;ufig weint, unter Bl&auml;hungen und Verdauungsproblemen leidet, steht schnell ein Verdacht im Raum: Laktoseintoleranz. Allerdings ist eine echte Laktoseintoleranz bei Babys relativ selten. Was viele nicht wissen: Abstillen und auf&nbsp;hypoallergene S&auml;uglingsmilch umstellen ist meist gar nicht notwendig.Was ist eine Laktoseintoleranz?Wer laktoseintolerant ist, kann den in Milchprodukten enthaltenen Milchzucker [&#8230;]<\/p>\n<p><a class=\"btn btn-secondary understrap-read-more-link\" href=\"https:\/\/www.babyartikel.de\/magazin\/hat-mein-baby-eine-laktoseintoleranz\">Weiterlesen&#8230;<\/a><\/p>\n","protected":false},"author":34,"featured_media":53540,"comment_status":"open","ping_status":"closed","sticky":false,"template":"","format":"standard","meta":{"_acf_changed":false,"footnotes":""},"categories":[79,2817,2816],"tags":[3255,3743,3334,240],"class_list":["post-51948","post","type-post","status-publish","format-standard","has-post-thumbnail","hentry","category-baby","category-baby-ernaehrung","category-stillen","tag-baby-ernaehrung","tag-ernaehrung-in-der-stillzeit","tag-gesundheit","tag-stillen"],"acf":[],"yoast_head":"<!-- This site is optimized with the Yoast SEO Premium plugin v27.2 (Yoast SEO v27.2) - https:\/\/yoast.com\/product\/yoast-seo-premium-wordpress\/ -->\n<title>Hat mein Baby eine Laktoseintoleranz? | Babyartikel.de Magazin<\/title>\n<meta name=\"description\" content=\"Woran erkennst Du, ob Dein Baby eine Laktoseintoleranz hat? Und musst Du Dein Baby mit Laktoseintoleranz abstillen? Alle Antworten\" \/>\n<meta name=\"robots\" content=\"index, follow, max-snippet:-1, max-image-preview:large, max-video-preview:-1\" \/>\n<link rel=\"canonical\" href=\"https:\/\/www.babyartikel.de\/magazin\/hat-mein-baby-eine-laktoseintoleranz\" \/>\n<meta property=\"og:locale\" content=\"de_DE\" \/>\n<meta property=\"og:type\" content=\"article\" \/>\n<meta property=\"og:title\" content=\"Hat mein Baby eine Laktoseintoleranz?\" \/>\n<meta property=\"og:description\" content=\"Woran erkennst Du, ob Dein Baby eine Laktoseintoleranz hat? Und musst Du Dein Baby mit Laktoseintoleranz abstillen? Alle Antworten\" \/>\n<meta property=\"og:url\" content=\"https:\/\/www.babyartikel.de\/magazin\/hat-mein-baby-eine-laktoseintoleranz\" \/>\n<meta property=\"og:site_name\" content=\"Babyartikel.de Magazin\" \/>\n<meta property=\"article:author\" content=\"https:\/\/www.facebook.com\/babyledweaning.de\/\" \/>\n<meta property=\"article:published_time\" content=\"2018-03-11T07:24:58+00:00\" \/>\n<meta property=\"article:modified_time\" content=\"2025-01-17T09:52:28+00:00\" \/>\n<meta property=\"og:image\" content=\"https:\/\/cdn.magazin.babyartikel.de\/magazin\/wp-content\/uploads\/2017\/10\/Fotolia_140083918_Subscription_Monthly_M.jpg\" \/>\n\t<meta property=\"og:image:width\" content=\"1756\" \/>\n\t<meta property=\"og:image:height\" content=\"1082\" \/>\n\t<meta property=\"og:image:type\" content=\"image\/jpeg\" \/>\n<meta name=\"author\" content=\"Hanna Bose\" \/>\n<meta name=\"twitter:card\" content=\"summary_large_image\" \/>\n<meta name=\"twitter:label1\" content=\"Verfasst von\" \/>\n\t<meta name=\"twitter:data1\" content=\"Hanna Bose\" \/>\n\t<meta name=\"twitter:label2\" content=\"Gesch\u00e4tzte Lesezeit\" \/>\n\t<meta name=\"twitter:data2\" content=\"5\u00a0Minuten\" \/>\n<script type=\"application\/ld+json\" class=\"yoast-schema-graph\">{\"@context\":\"https:\/\/schema.org\",\"@graph\":[{\"@type\":\"Article\",\"@id\":\"https:\/\/www.babyartikel.de\/magazin\/hat-mein-baby-eine-laktoseintoleranz#article\",\"isPartOf\":{\"@id\":\"https:\/\/www.babyartikel.de\/magazin\/hat-mein-baby-eine-laktoseintoleranz\"},\"author\":{\"name\":\"Hanna Bose\",\"@id\":\"https:\/\/www.babyartikel.de\/magazin\/#\/schema\/person\/6ee1e315ac6bd5b2cf5cfc51901067dd\"},\"headline\":\"Hat mein Baby eine Laktoseintoleranz?\",\"datePublished\":\"2018-03-11T07:24:58+00:00\",\"dateModified\":\"2025-01-17T09:52:28+00:00\",\"mainEntityOfPage\":{\"@id\":\"https:\/\/www.babyartikel.de\/magazin\/hat-mein-baby-eine-laktoseintoleranz\"},\"wordCount\":812,\"commentCount\":4,\"image\":{\"@id\":\"https:\/\/www.babyartikel.de\/magazin\/hat-mein-baby-eine-laktoseintoleranz#primaryimage\"},\"thumbnailUrl\":\"https:\/\/media.babyartikel.de\/magazin\/wp-content\/uploads\/2017\/10\/Fotolia_140083918_Subscription_Monthly_M.jpg\",\"keywords\":[\"baby ern\u00e4hrung\",\"ern\u00e4hrung in der stillzeit\",\"gesundheit\",\"stillen\"],\"articleSection\":[\"Baby\",\"Baby-Ern\u00e4hrung\",\"Stillen\"],\"inLanguage\":\"de\",\"potentialAction\":[{\"@type\":\"CommentAction\",\"name\":\"Comment\",\"target\":[\"https:\/\/www.babyartikel.de\/magazin\/hat-mein-baby-eine-laktoseintoleranz#respond\"]}]},{\"@type\":\"WebPage\",\"@id\":\"https:\/\/www.babyartikel.de\/magazin\/hat-mein-baby-eine-laktoseintoleranz\",\"url\":\"https:\/\/www.babyartikel.de\/magazin\/hat-mein-baby-eine-laktoseintoleranz\",\"name\":\"Hat mein Baby eine Laktoseintoleranz? | Babyartikel.de Magazin\",\"isPartOf\":{\"@id\":\"https:\/\/www.babyartikel.de\/magazin\/#website\"},\"primaryImageOfPage\":{\"@id\":\"https:\/\/www.babyartikel.de\/magazin\/hat-mein-baby-eine-laktoseintoleranz#primaryimage\"},\"image\":{\"@id\":\"https:\/\/www.babyartikel.de\/magazin\/hat-mein-baby-eine-laktoseintoleranz#primaryimage\"},\"thumbnailUrl\":\"https:\/\/media.babyartikel.de\/magazin\/wp-content\/uploads\/2017\/10\/Fotolia_140083918_Subscription_Monthly_M.jpg\",\"datePublished\":\"2018-03-11T07:24:58+00:00\",\"dateModified\":\"2025-01-17T09:52:28+00:00\",\"author\":{\"@id\":\"https:\/\/www.babyartikel.de\/magazin\/#\/schema\/person\/6ee1e315ac6bd5b2cf5cfc51901067dd\"},\"description\":\"Woran erkennst Du, ob Dein Baby eine Laktoseintoleranz hat? Und musst Du Dein Baby mit Laktoseintoleranz abstillen? Alle Antworten\",\"breadcrumb\":{\"@id\":\"https:\/\/www.babyartikel.de\/magazin\/hat-mein-baby-eine-laktoseintoleranz#breadcrumb\"},\"inLanguage\":\"de\",\"potentialAction\":[{\"@type\":\"ReadAction\",\"target\":[\"https:\/\/www.babyartikel.de\/magazin\/hat-mein-baby-eine-laktoseintoleranz\"]}]},{\"@type\":\"ImageObject\",\"inLanguage\":\"de\",\"@id\":\"https:\/\/www.babyartikel.de\/magazin\/hat-mein-baby-eine-laktoseintoleranz#primaryimage\",\"url\":\"https:\/\/media.babyartikel.de\/magazin\/wp-content\/uploads\/2017\/10\/Fotolia_140083918_Subscription_Monthly_M.jpg\",\"contentUrl\":\"https:\/\/media.babyartikel.de\/magazin\/wp-content\/uploads\/2017\/10\/Fotolia_140083918_Subscription_Monthly_M.jpg\",\"width\":1756,\"height\":1082,\"caption\":\"Hat mein Baby Laktoseintoleranz?\"},{\"@type\":\"BreadcrumbList\",\"@id\":\"https:\/\/www.babyartikel.de\/magazin\/hat-mein-baby-eine-laktoseintoleranz#breadcrumb\",\"itemListElement\":[{\"@type\":\"ListItem\",\"position\":1,\"name\":\"Startseite\",\"item\":\"https:\/\/www.babyartikel.de\/magazin\"},{\"@type\":\"ListItem\",\"position\":2,\"name\":\"Hat mein Baby eine Laktoseintoleranz?\"}]},{\"@type\":\"WebSite\",\"@id\":\"https:\/\/www.babyartikel.de\/magazin\/#website\",\"url\":\"https:\/\/www.babyartikel.de\/magazin\/\",\"name\":\"Babyartikel.de Magazin\",\"description\":\"\",\"potentialAction\":[{\"@type\":\"SearchAction\",\"target\":{\"@type\":\"EntryPoint\",\"urlTemplate\":\"https:\/\/www.babyartikel.de\/magazin\/?s={search_term_string}\"},\"query-input\":{\"@type\":\"PropertyValueSpecification\",\"valueRequired\":true,\"valueName\":\"search_term_string\"}}],\"inLanguage\":\"de\"},{\"@type\":\"Person\",\"@id\":\"https:\/\/www.babyartikel.de\/magazin\/#\/schema\/person\/6ee1e315ac6bd5b2cf5cfc51901067dd\",\"name\":\"Hanna Bose\",\"image\":{\"@type\":\"ImageObject\",\"inLanguage\":\"de\",\"@id\":\"https:\/\/secure.gravatar.com\/avatar\/1dd69317cf23cfe19f265b2c9eca62c20a8cd1bef58878b246fa55e1a1840b81?s=96&d=mm&r=g\",\"url\":\"https:\/\/secure.gravatar.com\/avatar\/1dd69317cf23cfe19f265b2c9eca62c20a8cd1bef58878b246fa55e1a1840b81?s=96&d=mm&r=g\",\"contentUrl\":\"https:\/\/secure.gravatar.com\/avatar\/1dd69317cf23cfe19f265b2c9eca62c20a8cd1bef58878b246fa55e1a1840b81?s=96&d=mm&r=g\",\"caption\":\"Hanna Bose\"},\"description\":\"Ich bin Hanna und Mama von drei Jungs. Als Fachkraft f\u00fcr babyfreundliche Beikost schreibe ich unter anderem \u00fcber Baby Led Weaning und Beikostthemen, aber auch \u00fcber alle anderen Belange rund um Schwangerschaft, Babyzeit und dar\u00fcber hinaus.\",\"sameAs\":[\"https:\/\/babyled-weaning.de\",\"https:\/\/www.facebook.com\/babyledweaning.de\/\",\"https:\/\/www.instagram.com\/baby.led.weaning_de\/\",\"https:\/\/www.pinterest.de\/mutterinstinkte\/\"],\"url\":\"https:\/\/www.babyartikel.de\/magazin\/author\/hanna\"}]}<\/script>\n<!-- \/ Yoast SEO Premium plugin. -->","yoast_head_json":{"title":"Hat mein Baby eine Laktoseintoleranz? | Babyartikel.de Magazin","description":"Woran erkennst Du, ob Dein Baby eine Laktoseintoleranz hat? Und musst Du Dein Baby mit Laktoseintoleranz abstillen? Alle Antworten","robots":{"index":"index","follow":"follow","max-snippet":"max-snippet:-1","max-image-preview":"max-image-preview:large","max-video-preview":"max-video-preview:-1"},"canonical":"https:\/\/www.babyartikel.de\/magazin\/hat-mein-baby-eine-laktoseintoleranz","og_locale":"de_DE","og_type":"article","og_title":"Hat mein Baby eine Laktoseintoleranz?","og_description":"Woran erkennst Du, ob Dein Baby eine Laktoseintoleranz hat? Und musst Du Dein Baby mit Laktoseintoleranz abstillen? Alle Antworten","og_url":"https:\/\/www.babyartikel.de\/magazin\/hat-mein-baby-eine-laktoseintoleranz","og_site_name":"Babyartikel.de Magazin","article_author":"https:\/\/www.facebook.com\/babyledweaning.de\/","article_published_time":"2018-03-11T07:24:58+00:00","article_modified_time":"2025-01-17T09:52:28+00:00","og_image":[{"width":1756,"height":1082,"url":"https:\/\/cdn.magazin.babyartikel.de\/magazin\/wp-content\/uploads\/2017\/10\/Fotolia_140083918_Subscription_Monthly_M.jpg","type":"image\/jpeg"}],"author":"Hanna Bose","twitter_card":"summary_large_image","twitter_misc":{"Verfasst von":"Hanna Bose","Gesch\u00e4tzte Lesezeit":"5\u00a0Minuten"},"schema":{"@context":"https:\/\/schema.org","@graph":[{"@type":"Article","@id":"https:\/\/www.babyartikel.de\/magazin\/hat-mein-baby-eine-laktoseintoleranz#article","isPartOf":{"@id":"https:\/\/www.babyartikel.de\/magazin\/hat-mein-baby-eine-laktoseintoleranz"},"author":{"name":"Hanna Bose","@id":"https:\/\/www.babyartikel.de\/magazin\/#\/schema\/person\/6ee1e315ac6bd5b2cf5cfc51901067dd"},"headline":"Hat mein Baby eine Laktoseintoleranz?","datePublished":"2018-03-11T07:24:58+00:00","dateModified":"2025-01-17T09:52:28+00:00","mainEntityOfPage":{"@id":"https:\/\/www.babyartikel.de\/magazin\/hat-mein-baby-eine-laktoseintoleranz"},"wordCount":812,"commentCount":4,"image":{"@id":"https:\/\/www.babyartikel.de\/magazin\/hat-mein-baby-eine-laktoseintoleranz#primaryimage"},"thumbnailUrl":"https:\/\/media.babyartikel.de\/magazin\/wp-content\/uploads\/2017\/10\/Fotolia_140083918_Subscription_Monthly_M.jpg","keywords":["baby ern\u00e4hrung","ern\u00e4hrung in der stillzeit","gesundheit","stillen"],"articleSection":["Baby","Baby-Ern\u00e4hrung","Stillen"],"inLanguage":"de","potentialAction":[{"@type":"CommentAction","name":"Comment","target":["https:\/\/www.babyartikel.de\/magazin\/hat-mein-baby-eine-laktoseintoleranz#respond"]}]},{"@type":"WebPage","@id":"https:\/\/www.babyartikel.de\/magazin\/hat-mein-baby-eine-laktoseintoleranz","url":"https:\/\/www.babyartikel.de\/magazin\/hat-mein-baby-eine-laktoseintoleranz","name":"Hat mein Baby eine Laktoseintoleranz? | Babyartikel.de Magazin","isPartOf":{"@id":"https:\/\/www.babyartikel.de\/magazin\/#website"},"primaryImageOfPage":{"@id":"https:\/\/www.babyartikel.de\/magazin\/hat-mein-baby-eine-laktoseintoleranz#primaryimage"},"image":{"@id":"https:\/\/www.babyartikel.de\/magazin\/hat-mein-baby-eine-laktoseintoleranz#primaryimage"},"thumbnailUrl":"https:\/\/media.babyartikel.de\/magazin\/wp-content\/uploads\/2017\/10\/Fotolia_140083918_Subscription_Monthly_M.jpg","datePublished":"2018-03-11T07:24:58+00:00","dateModified":"2025-01-17T09:52:28+00:00","author":{"@id":"https:\/\/www.babyartikel.de\/magazin\/#\/schema\/person\/6ee1e315ac6bd5b2cf5cfc51901067dd"},"description":"Woran erkennst Du, ob Dein Baby eine Laktoseintoleranz hat? Und musst Du Dein Baby mit Laktoseintoleranz abstillen? Alle Antworten","breadcrumb":{"@id":"https:\/\/www.babyartikel.de\/magazin\/hat-mein-baby-eine-laktoseintoleranz#breadcrumb"},"inLanguage":"de","potentialAction":[{"@type":"ReadAction","target":["https:\/\/www.babyartikel.de\/magazin\/hat-mein-baby-eine-laktoseintoleranz"]}]},{"@type":"ImageObject","inLanguage":"de","@id":"https:\/\/www.babyartikel.de\/magazin\/hat-mein-baby-eine-laktoseintoleranz#primaryimage","url":"https:\/\/media.babyartikel.de\/magazin\/wp-content\/uploads\/2017\/10\/Fotolia_140083918_Subscription_Monthly_M.jpg","contentUrl":"https:\/\/media.babyartikel.de\/magazin\/wp-content\/uploads\/2017\/10\/Fotolia_140083918_Subscription_Monthly_M.jpg","width":1756,"height":1082,"caption":"Hat mein Baby Laktoseintoleranz?"},{"@type":"BreadcrumbList","@id":"https:\/\/www.babyartikel.de\/magazin\/hat-mein-baby-eine-laktoseintoleranz#breadcrumb","itemListElement":[{"@type":"ListItem","position":1,"name":"Startseite","item":"https:\/\/www.babyartikel.de\/magazin"},{"@type":"ListItem","position":2,"name":"Hat mein Baby eine Laktoseintoleranz?"}]},{"@type":"WebSite","@id":"https:\/\/www.babyartikel.de\/magazin\/#website","url":"https:\/\/www.babyartikel.de\/magazin\/","name":"Babyartikel.de Magazin","description":"","potentialAction":[{"@type":"SearchAction","target":{"@type":"EntryPoint","urlTemplate":"https:\/\/www.babyartikel.de\/magazin\/?s={search_term_string}"},"query-input":{"@type":"PropertyValueSpecification","valueRequired":true,"valueName":"search_term_string"}}],"inLanguage":"de"},{"@type":"Person","@id":"https:\/\/www.babyartikel.de\/magazin\/#\/schema\/person\/6ee1e315ac6bd5b2cf5cfc51901067dd","name":"Hanna Bose","image":{"@type":"ImageObject","inLanguage":"de","@id":"https:\/\/secure.gravatar.com\/avatar\/1dd69317cf23cfe19f265b2c9eca62c20a8cd1bef58878b246fa55e1a1840b81?s=96&d=mm&r=g","url":"https:\/\/secure.gravatar.com\/avatar\/1dd69317cf23cfe19f265b2c9eca62c20a8cd1bef58878b246fa55e1a1840b81?s=96&d=mm&r=g","contentUrl":"https:\/\/secure.gravatar.com\/avatar\/1dd69317cf23cfe19f265b2c9eca62c20a8cd1bef58878b246fa55e1a1840b81?s=96&d=mm&r=g","caption":"Hanna Bose"},"description":"Ich bin Hanna und Mama von drei Jungs. Als Fachkraft f\u00fcr babyfreundliche Beikost schreibe ich unter anderem \u00fcber Baby Led Weaning und Beikostthemen, aber auch \u00fcber alle anderen Belange rund um Schwangerschaft, Babyzeit und dar\u00fcber hinaus.","sameAs":["https:\/\/babyled-weaning.de","https:\/\/www.facebook.com\/babyledweaning.de\/","https:\/\/www.instagram.com\/baby.led.weaning_de\/","https:\/\/www.pinterest.de\/mutterinstinkte\/"],"url":"https:\/\/www.babyartikel.de\/magazin\/author\/hanna"}]}},"abstract_sku":"","_links":{"self":[{"href":"https:\/\/www.babyartikel.de\/magazin\/wp-json\/wp\/v2\/posts\/51948","targetHints":{"allow":["GET"]}}],"collection":[{"href":"https:\/\/www.babyartikel.de\/magazin\/wp-json\/wp\/v2\/posts"}],"about":[{"href":"https:\/\/www.babyartikel.de\/magazin\/wp-json\/wp\/v2\/types\/post"}],"author":[{"embeddable":true,"href":"https:\/\/www.babyartikel.de\/magazin\/wp-json\/wp\/v2\/users\/34"}],"replies":[{"embeddable":true,"href":"https:\/\/www.babyartikel.de\/magazin\/wp-json\/wp\/v2\/comments?post=51948"}],"version-history":[{"count":15,"href":"https:\/\/www.babyartikel.de\/magazin\/wp-json\/wp\/v2\/posts\/51948\/revisions"}],"predecessor-version":[{"id":956731,"href":"https:\/\/www.babyartikel.de\/magazin\/wp-json\/wp\/v2\/posts\/51948\/revisions\/956731"}],"wp:featuredmedia":[{"embeddable":true,"href":"https:\/\/www.babyartikel.de\/magazin\/wp-json\/wp\/v2\/media\/53540"}],"wp:attachment":[{"href":"https:\/\/www.babyartikel.de\/magazin\/wp-json\/wp\/v2\/media?parent=51948"}],"wp:term":[{"taxonomy":"category","embeddable":true,"href":"https:\/\/www.babyartikel.de\/magazin\/wp-json\/wp\/v2\/categories?post=51948"},{"taxonomy":"post_tag","embeddable":true,"href":"https:\/\/www.babyartikel.de\/magazin\/wp-json\/wp\/v2\/tags?post=51948"}],"curies":[{"name":"wp","href":"https:\/\/api.w.org\/{rel}","templated":true}]}}