
{"id":52007,"date":"2017-12-07T13:50:31","date_gmt":"2017-12-07T12:50:31","guid":{"rendered":"https:\/\/www.babyartikel.de\/magazin\/?p=52007"},"modified":"2023-11-20T14:05:26","modified_gmt":"2023-11-20T13:05:26","slug":"7-tipps-fuer-den-ersten-winter-mit-baby","status":"publish","type":"post","link":"https:\/\/www.babyartikel.de\/magazin\/7-tipps-fuer-den-ersten-winter-mit-baby","title":{"rendered":"7 Tipps f\u00fcr den ersten Winter mit Baby"},"content":{"rendered":"<p>Die Tage werden k&auml;lter und k&uuml;rzer, der Winter r&uuml;ckt immer n&auml;her. Trotzdem ist es wichtig, mit dem Baby an die frische Luft zu gehen, um sein Immunsystem zu st&auml;rken und Krankheiten vorzubeugen. Au&szlig;erdem sorgt das Licht f&uuml;r eine ausreichende Vitamin D-Zufuhr und st&auml;rkt damit das Knochenwachstum. Du fragst Dich, wie Du die Haut Deines Babys am besten sch&uuml;tzen kannst und was Du in der kalten Jahreszeit noch beachten musst? Hier habe ich einige Tipps f&uuml;r Dich zusammengefasst.<div id=\"ez-toc-container\" class=\"ez-toc-v2_0_82_2 counter-flat ez-toc-counter ez-toc-white ez-toc-container-direction\">\n<div class=\"ez-toc-title-container\">\n<p class=\"ez-toc-title\" style=\"cursor:inherit\">Inhaltsverzeichnis<\/p>\n<span class=\"ez-toc-title-toggle\"><a href=\"#\" class=\"ez-toc-pull-right ez-toc-btn ez-toc-btn-xs ez-toc-btn-default ez-toc-toggle\" aria-label=\"Toggle Table of Content\"><span class=\"ez-toc-js-icon-con\"><span class=\"\"><span class=\"eztoc-hide\" style=\"display:none;\">Toggle<\/span><span class=\"ez-toc-icon-toggle-span\"><svg style=\"fill: #999;color:#999\" xmlns=\"http:\/\/www.w3.org\/2000\/svg\" class=\"list-377408\" width=\"20px\" height=\"20px\" viewBox=\"0 0 24 24\" fill=\"none\"><path d=\"M6 6H4v2h2V6zm14 0H8v2h12V6zM4 11h2v2H4v-2zm16 0H8v2h12v-2zM4 16h2v2H4v-2zm16 0H8v2h12v-2z\" fill=\"currentColor\"><\/path><\/svg><svg style=\"fill: #999;color:#999\" class=\"arrow-unsorted-368013\" xmlns=\"http:\/\/www.w3.org\/2000\/svg\" width=\"10px\" height=\"10px\" viewBox=\"0 0 24 24\" version=\"1.2\" baseProfile=\"tiny\"><path d=\"M18.2 9.3l-6.2-6.3-6.2 6.3c-.2.2-.3.4-.3.7s.1.5.3.7c.2.2.4.3.7.3h11c.3 0 .5-.1.7-.3.2-.2.3-.5.3-.7s-.1-.5-.3-.7zM5.8 14.7l6.2 6.3 6.2-6.3c.2-.2.3-.5.3-.7s-.1-.5-.3-.7c-.2-.2-.4-.3-.7-.3h-11c-.3 0-.5.1-.7.3-.2.2-.3.5-.3.7s.1.5.3.7z\"\/><\/svg><\/span><\/span><\/span><\/a><\/span><\/div>\n<nav><ul class='ez-toc-list ez-toc-list-level-1 ' ><li class='ez-toc-page-1'><a class=\"ez-toc-link ez-toc-heading-1\" href=\"https:\/\/www.babyartikel.de\/magazin\/7-tipps-fuer-den-ersten-winter-mit-baby\/#Hautpflege_im_Winter\" >Hautpflege im Winter<\/a><\/li><li class='ez-toc-page-1'><a class=\"ez-toc-link ez-toc-heading-2\" href=\"https:\/\/www.babyartikel.de\/magazin\/7-tipps-fuer-den-ersten-winter-mit-baby\/#Tipps_fuer_unterwegs\" >Tipps f&uuml;r unterwegs<\/a><\/li><li class='ez-toc-page-1'><a class=\"ez-toc-link ez-toc-heading-3\" href=\"https:\/\/www.babyartikel.de\/magazin\/7-tipps-fuer-den-ersten-winter-mit-baby\/#Wie_lange_solltest_Du_im_Winter_draussen_bleiben\" >Wie lange solltest Du im Winter drau&szlig;en bleiben?<\/a><\/li><li class='ez-toc-page-1'><a class=\"ez-toc-link ez-toc-heading-4\" href=\"https:\/\/www.babyartikel.de\/magazin\/7-tipps-fuer-den-ersten-winter-mit-baby\/#Hebammentipps_Mit_Baby_im_Winter\" >Hebammentipps: Mit Baby im Winter<\/a><\/li><\/ul><\/nav><\/div>\n<h2 class=\"wp-block-heading\"><span class=\"ez-toc-section\" id=\"Hautpflege_im_Winter\"><\/span>Hautpflege im Winter<span class=\"ez-toc-section-end\"><\/span><\/h2><p>Die Haut Deines Babys ist im ersten Jahr besonders empfindlich und muss gesch&uuml;tzt werden, da der nat&uuml;rliche Schutzmantel der Haut noch im Aufbau ist. So kommt Ihr sicher durch die kalte Winterluft:<\/p><ul class=\"wp-block-list\">\n<li><strong>Fetthaltige Creme benutzen:<\/strong> Um die Haut zu sch&uuml;tzen, braucht Dein Baby eine Creme mit hohem Fettgehalt. Achte au&szlig;erdem darauf, dass die Creme keine Zusatzstoffe oder Parfum enth&auml;lt, um Reizungen zu vermeiden. Feuchtigkeitscremes sind nicht geeignet, da sie auf der Haut gefrieren k&ouml;nnten.<\/li>\n\n\n\n<li><strong>Die Haut vor der K&auml;lte sch&uuml;tzen:<\/strong> Drau&szlig;en solltest Du Dein Baby mit geeigneter Kleidung vor der K&auml;lte sch&uuml;tzen. Ein kuscheliger Schneeanzug oder <a href=\"https:\/\/www.babyartikel.de\/magazin\/fusssack-fuer-kinderwagen-buggy-oder-babyschale-so-findest-du-den-richtigen\">Fu&szlig;sack<\/a> sowie M&uuml;tze und Handschuhe aus nat&uuml;rlichen Materialien sind im Winter unerl&auml;sslich.<\/li>\n\n\n\n<li><strong>H&auml;ufiges Baden vermeiden:<\/strong> Nach dem <a href=\"https:\/\/www.babyartikel.de\/magazin\/baby-baden\">Baden<\/a> k&uuml;hlt die Haut ziemlich schnell aus und das Wasser kann die empfindliche Haut zus&auml;tzlich austrocknen. Im Winter reicht es v&ouml;llig, wenn Du Dein Baby einmal pro Woche badest. Die beste Zeit daf&uuml;r ist am Abend, so kann Dein Baby entspannt ins Bettchen gehen.<\/li>\n<\/ul><h2 class=\"wp-block-heading\"><span class=\"ez-toc-section\" id=\"Tipps_fuer_unterwegs\"><\/span>Tipps f&uuml;r unterwegs<span class=\"ez-toc-section-end\"><\/span><\/h2><ul class=\"wp-block-list\">\n<li><strong>Zwiebellook:<\/strong> Der Zwiebellook, also Kleidung in Schichten, hat zwei Vorteile. Erstens: Die W&auml;rme wird besser gespeichert, da die Lufth&uuml;lle zwischen den einzelnen Schichten aus Kleidung isolierend wirkt. Zweitens: Du kannst Deinem Baby eine Schicht ausziehen, wenn Ihr vom Kalten kurz ins Warme kommt, z.B. im Supermarkt. Denn es ist auch wichtig, dass Dein Baby nicht schwitzt, &uuml;berhitzt und dann feuchte Kleidung tr&auml;gt. Im Nacken kannst Du ganz einfach &uuml;berpr&uuml;fen, ob dein Baby schwitzt oder die Temperatur angenehm ist. Wenn sich der Nacken feucht anf&uuml;hlt, lieber eine Schicht ausziehen.<br><a href=\"https:\/\/www.babyartikel.de\/magazin\/winterbaby-anziehen-im-zwiebellook\">Mehr zum Thema <em>Winterbaby anziehen<\/em> verr&auml;t Dir Expertin Julia hier.<\/a><\/li>\n\n\n\n<li><strong>M&uuml;tze und Handschuhe:<\/strong> &Uuml;ber den Kopf verlieren Babys die meiste W&auml;rme, daher ist eine M&uuml;tze absolute Pflicht. Die kleinen Finger solltest Du am besten mit Handschuhen sch&uuml;tzen. F&auml;ustlinge eignen sich hier am besten, da sich die Finger gegenseitig w&auml;rmen.<\/li>\n\n\n\n<li><strong>Im Kinderwagen:<\/strong> Auch die Ausstattung im Kinderwagen musst Du an die kalten Temperaturen anpassen. Du solltest unbedingt einen <a href=\"https:\/\/www.babyartikel.de\/magazin\/fusssack-fuer-kinderwagen-buggy-oder-babyschale-so-findest-du-den-richtigen\">Winterfu&szlig;sack<\/a> benutzen, um Dein Baby auch auf l&auml;ngeren Strecken warm zu halten.<br>Zus&auml;tzlich kannst Du vor dem Spaziergang eine W&auml;rmflasche oder ein Kirschkernkissen hineinlegen. bevor Du Dein Baby in den Wagen legst, aber unbedingt wieder herausnehmen, um Verbrennungen zu vermeiden.<\/li>\n<\/ul><p><strong>In diesem Video zeigt Dir Steffi von Babyartikel.de Fu&szlig;s&auml;cke aus verschiedenen Materialien und demonstriert, wie sie funktionieren und sich unterscheiden. So findest Du garantiert den Richtigen!<\/strong><\/p><figure class=\"wp-block-embed is-type-video is-provider-youtube wp-block-embed-youtube wp-embed-aspect-16-9 wp-has-aspect-ratio\"><div class=\"wp-block-embed__wrapper\">\n<iframe loading=\"lazy\" title=\"Fu&szlig;sack f&uuml;r den Kinderwagen | Lammfell, Fleece, Daune? So findest Du den richtigen | babyartikel.de\" width=\"1050\" height=\"591\" src=\"https:\/\/www.youtube.com\/embed\/n95cxMje7Rc?feature=oembed\" frameborder=\"0\" allow=\"accelerometer; autoplay; clipboard-write; encrypted-media; gyroscope; picture-in-picture; web-share\" allowfullscreen><\/iframe>\n<\/div><\/figure><div class=\"marketing-slot\"><div id=\"block-18\" class=\"content-post-widget marketing-slot-1 widget_block\"><a href=\"#\" class=\"newsletter_popup\" style=\"\n  display: inline-block;\n  box-shadow: 0 4px 10px rgba(0,0,0,0.1);\n  margin: 20px auto;\n  max-width: 800px;\n  width: 100%;\">\n  <img src=\"https:\/\/media.babyartikel.de\/magazin\/wp-content\/uploads\/2025\/08\/NL-Banner-Magazin-8-25.webp\" alt=\"Newsletter Banner\" style=\"\n    width: 100%;\n    height: auto;\n    display: block;\" onclick=\"ga('send', 'event', 'banner', 'click', 'magazin-banner-newsletter-8-25');\">\n<\/a>\n\n\t<!-- Modal -->\n\t<div class=\"modal fade modal_popup\" id=\"newsletter_popup\" tabindex=\"-1\" aria-labelledby=\"exampleModalLabel\" aria-hidden=\"true\">\n\t\t<div class=\"modal-dialog modal-dialog-centered modal-dialog-scrollable\">\n\t\t\t<div class=\"modal-content\">\n\t\t\t\t<div class=\"modal-header small-header\">\n\t\t\t\t\t<h5 class=\"modal-title\" id=\"newsletterModalLabel\">\n\t\t\t\t\t\tNewsletter\t\t\t\t\t<\/h5>\n\t\t\t\t\t<button type=\"button\" class=\"btn-close small-close\" data-bs-dismiss=\"modal\" aria-label=\"Close\"><\/button>\n\t\t\t\t<\/div>\n\n\t\t\t\t<div class=\"modal-body\">\n\t\t\t\t\t\t<div class=\"newsletterForm-embed popup-form\">\n        <form name=\"newsletterSubscriptionForm\" id=\"newsletter_popup_69f38fc38af83_form\" data-newsletter-id=\"newsletter_popup_69f38fc38af83\" method=\"POST\">\n\n\t\t\t<input type=\"text\" name=\"website\" class=\"hidden\" tabindex=\"-1\" autocomplete=\"off\" style=\"position:absolute;left:-9999px;\">\n\t\t\t<input type=\"hidden\" name=\"ts\" value=\"1777569731\">\n\n\t\t\t                <input type=\"hidden\" name=\"emarsys-event-id\" value=\"3756\">\n            \n            \t\t\t<div class=\"mb-3\">\n\t\t\t\t<label for=\"date\" class=\"form-label\">Geburtstag\/ -termin Deines Babys<\/label>\n                <input type=\"date\" name=\"date\" class=\"input input--expand form-control\" required>\n\t\t\t<\/div>\n            \n\t\t\t<div class=\"mb-3\">\n\t\t\t\t<label for=\"email\" class=\"form-label\">E-Mail-Adresse<\/label>\n\t\t\t\t<input type=\"email\" name=\"email\" placeholder=\"E-Mail-Adresse\" class=\"input input--expand form-control\" required>\n\t\t\t<\/div>\n\n\t\t\t\t\t\t\t<button type=\"submit\" class=\"btn btn-primary\">Absenden<\/button>\n\t\t\t\n\t\t\t\t\t\t\t<div class=\"small mt-3\" style=\"font-weight:normal;\">\n\t\t\t\t\t\n\t\t\t<div class=\"mt-3\">\n\t\t\t\tJa, ich m&ouml;chte den Newsletter von Babyartikel.de erhalten und &uuml;ber Aktionen informiert werden.\n  Dabei darf mein Nutzungsverhalten (z. B. &Ouml;ffnungen und Klicks) zur Personalisierung ausgewertet werden.\n  Mehr finde ich in der <a href=\"\/de\/datenschutz\" style=\"text-decoration:underline\">Datenschutzerkl&auml;rung<\/a>.\n\t\t\t<\/div>\n\t\t\t\t\t\t<\/div>\n\t\t\t\n\t\t\t\t\t\t\t<div class=\"small mb-3 mt-3\" style=\"font-weight:normal;\">\n\t\t\t\t\tJederzeit abbestellbar | <a href=\"\/de\/datenschutz\" style=\"text-decoration:underline\">\n\t\t\t\t\t\tDatenschutzerkl&auml;rung\n\t\t\t\t\t<\/a>\n\t\t\t\t<\/div>\n\t\t\t\n        <\/form>\n    <\/div>\n\t\n\t\t\t\t\t<div class=\"response-messages_newsletter_popup_69f38fc38af83\">\n\t\t\t\t\t\t<div class=\"alert alert-success success mt-3 mb-3 d-none\">\n\t\t\t\t\t\t\tNur noch ein Klick! Best&auml;tige Deine Anmeldung in der E-Mail, die du gleich erh&auml;ltst.\t\t\t\t\t\t<\/div>\n\t\t\t\t\t\t<div class=\"error mt-3 mb-3 d-none\">\n\t\t\t\t\t\t\t<div class=\"alert alert-danger \">\n\t\t\t\t\t\t\t\tEin Fehler ist aufgetreten. Bitte versuche es sp&auml;ter erneut.\t\t\t\t\t\t\t<\/div>\n\t\t\t\t\t\t<\/div>\n\t\t\t\t\t\t<div class=\"alert alert-danger other-2007 mt-3 mb-3 d-none\">\n\t\t\t\t\t\t\tUng&Atilde;&frac14;ltiges Datumsformat\t\t\t\t\t\t<\/div>\n\t\t\t\t\t<\/div>\n\t\t\t\t<\/div>\n\t\t\t<\/div>\n\t\t<\/div>\n\t<\/div>\n\n\t<\/div><!-- content-widget --><\/div><ul class=\"wp-block-list\">\n<li><strong>In der Trage:<\/strong> An kalten Tagen kannst Du Dein Baby auch gut direkt am K&ouml;rper <a href=\"https:\/\/www.babyartikel.de\/magazin\/tragen-im-winter-worauf-muss-ich-achten\">tragen<\/a>. Mit Deiner K&ouml;rperw&auml;rme h&auml;lst Du Dein Baby kuschelig warm. Die Winterjacke solltest Du &uuml;ber dem Baby tragen. Besonders praktisch hierf&uuml;r ist eine spezielle Tragejacke &mdash; oder einfach eine warme Jacke vom Papa.<\/li>\n<\/ul><h2 class=\"wp-block-heading\"><span class=\"ez-toc-section\" id=\"Wie_lange_solltest_Du_im_Winter_draussen_bleiben\"><\/span>Wie lange solltest Du im Winter drau&szlig;en bleiben?<span class=\"ez-toc-section-end\"><\/span><\/h2><p>Kleine Babys sollten am Anfang nicht l&auml;nger als 30 Minuten drau&szlig;en bleiben, wenn die Temperaturen unter dem Gefrierpunkt liegen. Bei &auml;lteren Babys kannst Du die frische Luft genie&szlig;en, solange Dein Kind zufrieden ist. Trotzdem solltest Du immer wieder die Temperatur am Gesicht und an den Fingerchen pr&uuml;fen. Das Baby muss sich auch langsam an die k&auml;lteren Temperaturen gew&ouml;hnen und die Zeit an der frischen Luft sollte immer individuell an das Kind angepasst sein. Wenn Du unsicher bist, unternimm&lsquo; lieber kleine Runden in der City statt ausgedehnter Touren im Park. So k&ouml;nnt Ihr Euch zwischendurch notfalls in einem Caf&eacute; oder einem Gesch&auml;ft aufw&auml;rmen.<\/p><h2 class=\"wp-block-heading\" id=\"h-hebammentipps-mit-baby-im-winter\"><span class=\"ez-toc-section\" id=\"Hebammentipps_Mit_Baby_im_Winter\"><\/span>Hebammentipps: Mit Baby im Winter<span class=\"ez-toc-section-end\"><\/span><\/h2><p>Hebamme Christina gibt Dir im Beitrag <a href=\"https:\/\/www.babyartikel.de\/magazin\/winterbaby-die-dos-und-donts-fuer-den-winter-mit-baby\">Winterbaby: Do&rsquo;s &amp; Dont&rsquo;s rund um Schnupfen, Schlafen &amp; den ersten Spaziergang<\/a> ihre ganz pers&ouml;nlichen Tipps f&uuml;r den ersten Winter.<\/p><div class=\"postslot1\">\t\t<div style=\"clear:both\"><\/div>\n\t\t\t\t\t\t<div id=\"productPanel311\" class=\"product-panel-bottom\">&nbsp;<\/div>\n\t\t\t\t\t\t<script type=\"module\">\n\t\t\t\t\t\t\trequestProductPanel(\"https:\/\/www.babyartikel.de\/magazin\/wp-content\/plugins\/wp-productpanel2\/ProductPanel.php\", \"?panel_type=automatic&basis_category=1-F-KB&basis_product=&swipe_mobile=1&postid=52007&template=auto&max=4&productPanelId=311&solrQuery=\", 311, 1);\n\t\t\t\t\t\t<\/script>\n\t\t\t\t\t<link rel=\"stylesheet\" href=\"https:\/\/cdn.jsdelivr.net\/npm\/swiper@8\/swiper-bundle.min.css\"><\/div><div class=\"marketing-slot\"><div id=\"block-25\" class=\"content-post-widget marketing-slot-2 widget_block\"><a href=\"https:\/\/www.babyartikel.de\/de\/angebote\" data-track-link-click=\"true\" data-track-name=\"nyoutlet2026-magazin\" data-track-medium=\"banner-magazin-post\" data-track-campaign=\"magazin-banner-nyoutlet2026\" onclick=\"ga('send', 'event', 'banner', 'click', 'magazin-banner-nyoutlet2026');\" style=\"display:block;width:100%;text-align:center;\"><img src=\"https:\/\/media.babyartikel.de\/magazin\/wp-content\/uploads\/2026\/01\/NY-Outlet-10-2026.webp\" alt=\"Sale\" style=\"max-width:100%;\"><\/a><\/div><!-- content-widget --><\/div><p>Hebamme Anna-Maria erkl&auml;rt Dir im folgenden Video, worauf Du au&szlig;erdem achten musst, wenn Du mit Deinem Winterbaby unterwegs bist.<\/p><figure class=\"wp-block-embed is-type-video is-provider-youtube wp-block-embed-youtube wp-embed-aspect-16-9 wp-has-aspect-ratio\"><div class=\"wp-block-embed__wrapper\">\n<iframe loading=\"lazy\" title=\"Mit Baby im Winter &hearts;&#65039; Darauf solltest Du in der K&auml;lte achten | Hebammentipps von Anna-Maria\" width=\"1050\" height=\"591\" src=\"https:\/\/www.youtube.com\/embed\/oCx3hEIAFtc?feature=oembed\" frameborder=\"0\" allow=\"accelerometer; autoplay; clipboard-write; encrypted-media; gyroscope; picture-in-picture; web-share\" allowfullscreen><\/iframe>\n<\/div><\/figure><p>Hat Dir der Beitrag zum Thema <strong>Winter mit Baby<\/strong> gefallen? Hinterlass uns gerne Feedback in einem Kommentar.<\/p><div class=\"credits-overlay\" data-target=\".wp-image-52898\"><a href=\"#\" target=\"_blank\">&copy; famveldman &ndash; Fotolia<\/a><\/div><\/p>\n","protected":false},"excerpt":{"rendered":"<p>Die Tage werden k&auml;lter und k&uuml;rzer, der Winter r&uuml;ckt immer n&auml;her. Trotzdem ist es wichtig, mit dem Baby an die frische Luft zu gehen, um sein Immunsystem zu st&auml;rken und Krankheiten vorzubeugen. Au&szlig;erdem sorgt das Licht f&uuml;r eine ausreichende Vitamin D-Zufuhr und st&auml;rkt damit das Knochenwachstum. Du fragst Dich, wie Du die Haut Deines Babys [&#8230;]<\/p>\n<p><a class=\"btn btn-secondary understrap-read-more-link\" href=\"https:\/\/www.babyartikel.de\/magazin\/7-tipps-fuer-den-ersten-winter-mit-baby\">Weiterlesen&#8230;<\/a><\/p>\n","protected":false},"author":56,"featured_media":52898,"comment_status":"open","ping_status":"closed","sticky":false,"template":"","format":"standard","meta":{"_acf_changed":false,"footnotes":""},"categories":[2806,2820],"tags":[3338,3570],"class_list":["post-52007","post","type-post","status-publish","format-standard","has-post-thumbnail","hentry","category-baby-erstausstattung","category-leben-mit-baby","tag-alltag-mit-baby","tag-winter"],"acf":[],"yoast_head":"<!-- This site is optimized with the Yoast SEO Premium plugin v27.2 (Yoast SEO v27.2) - https:\/\/yoast.com\/product\/yoast-seo-premium-wordpress\/ -->\n<title>7 Tipps f\u00fcr den ersten Winter mit Baby | Babyartikel.de Magazin<\/title>\n<meta name=\"description\" content=\"Die Tage werden k\u00e4lter und k\u00fcrzer, der Winter r\u00fcckt immer n\u00e4her. Hier bekommst Du Tipps f\u00fcr die kalte Jahreszeit mit Baby.\" \/>\n<meta name=\"robots\" content=\"index, follow, max-snippet:-1, max-image-preview:large, max-video-preview:-1\" \/>\n<link rel=\"canonical\" href=\"https:\/\/www.babyartikel.de\/magazin\/7-tipps-fuer-den-ersten-winter-mit-baby\" \/>\n<meta property=\"og:locale\" content=\"de_DE\" \/>\n<meta property=\"og:type\" content=\"article\" \/>\n<meta property=\"og:title\" content=\"7 Tipps f\u00fcr den ersten Winter mit Baby\" \/>\n<meta property=\"og:description\" content=\"Die Tage werden k\u00e4lter und k\u00fcrzer, der Winter r\u00fcckt immer n\u00e4her. Hier bekommst Du Tipps f\u00fcr die kalte Jahreszeit mit Baby.\" \/>\n<meta property=\"og:url\" content=\"https:\/\/www.babyartikel.de\/magazin\/7-tipps-fuer-den-ersten-winter-mit-baby\" \/>\n<meta property=\"og:site_name\" content=\"Babyartikel.de Magazin\" \/>\n<meta property=\"article:published_time\" content=\"2017-12-07T12:50:31+00:00\" \/>\n<meta property=\"article:modified_time\" content=\"2023-11-20T13:05:26+00:00\" \/>\n<meta property=\"og:image\" content=\"https:\/\/cdn.magazin.babyartikel.de\/magazin\/wp-content\/uploads\/2017\/12\/tipps-winte-mit-baby.jpg\" \/>\n\t<meta property=\"og:image:width\" content=\"1050\" \/>\n\t<meta property=\"og:image:height\" content=\"549\" \/>\n\t<meta property=\"og:image:type\" content=\"image\/jpeg\" \/>\n<meta name=\"author\" content=\"Berenice\" \/>\n<meta name=\"twitter:card\" content=\"summary_large_image\" \/>\n<meta name=\"twitter:label1\" content=\"Verfasst von\" \/>\n\t<meta name=\"twitter:data1\" content=\"Berenice\" \/>\n\t<meta name=\"twitter:label2\" content=\"Gesch\u00e4tzte Lesezeit\" \/>\n\t<meta name=\"twitter:data2\" content=\"4\u00a0Minuten\" \/>\n<script type=\"application\/ld+json\" class=\"yoast-schema-graph\">{\"@context\":\"https:\/\/schema.org\",\"@graph\":[{\"@type\":\"Article\",\"@id\":\"https:\/\/www.babyartikel.de\/magazin\/7-tipps-fuer-den-ersten-winter-mit-baby#article\",\"isPartOf\":{\"@id\":\"https:\/\/www.babyartikel.de\/magazin\/7-tipps-fuer-den-ersten-winter-mit-baby\"},\"author\":{\"name\":\"Berenice\",\"@id\":\"https:\/\/www.babyartikel.de\/magazin\/#\/schema\/person\/8756a99664c6c3012182d6a8c33dd83b\"},\"headline\":\"7 Tipps f\u00fcr den ersten Winter mit Baby\",\"datePublished\":\"2017-12-07T12:50:31+00:00\",\"dateModified\":\"2023-11-20T13:05:26+00:00\",\"mainEntityOfPage\":{\"@id\":\"https:\/\/www.babyartikel.de\/magazin\/7-tipps-fuer-den-ersten-winter-mit-baby\"},\"wordCount\":776,\"commentCount\":1,\"image\":{\"@id\":\"https:\/\/www.babyartikel.de\/magazin\/7-tipps-fuer-den-ersten-winter-mit-baby#primaryimage\"},\"thumbnailUrl\":\"https:\/\/media.babyartikel.de\/magazin\/wp-content\/uploads\/2017\/10\/Fotolia_69689788_Subscription_Monthly_M.jpg\",\"keywords\":[\"alltag mit baby\",\"winter\"],\"articleSection\":[\"Baby Erstausstattung\",\"Leben mit Baby\"],\"inLanguage\":\"de\",\"potentialAction\":[{\"@type\":\"CommentAction\",\"name\":\"Comment\",\"target\":[\"https:\/\/www.babyartikel.de\/magazin\/7-tipps-fuer-den-ersten-winter-mit-baby#respond\"]}]},{\"@type\":\"WebPage\",\"@id\":\"https:\/\/www.babyartikel.de\/magazin\/7-tipps-fuer-den-ersten-winter-mit-baby\",\"url\":\"https:\/\/www.babyartikel.de\/magazin\/7-tipps-fuer-den-ersten-winter-mit-baby\",\"name\":\"7 Tipps f\u00fcr den ersten Winter mit Baby | Babyartikel.de Magazin\",\"isPartOf\":{\"@id\":\"https:\/\/www.babyartikel.de\/magazin\/#website\"},\"primaryImageOfPage\":{\"@id\":\"https:\/\/www.babyartikel.de\/magazin\/7-tipps-fuer-den-ersten-winter-mit-baby#primaryimage\"},\"image\":{\"@id\":\"https:\/\/www.babyartikel.de\/magazin\/7-tipps-fuer-den-ersten-winter-mit-baby#primaryimage\"},\"thumbnailUrl\":\"https:\/\/media.babyartikel.de\/magazin\/wp-content\/uploads\/2017\/10\/Fotolia_69689788_Subscription_Monthly_M.jpg\",\"datePublished\":\"2017-12-07T12:50:31+00:00\",\"dateModified\":\"2023-11-20T13:05:26+00:00\",\"author\":{\"@id\":\"https:\/\/www.babyartikel.de\/magazin\/#\/schema\/person\/8756a99664c6c3012182d6a8c33dd83b\"},\"description\":\"Die Tage werden k\u00e4lter und k\u00fcrzer, der Winter r\u00fcckt immer n\u00e4her. Hier bekommst Du Tipps f\u00fcr die kalte Jahreszeit mit Baby.\",\"breadcrumb\":{\"@id\":\"https:\/\/www.babyartikel.de\/magazin\/7-tipps-fuer-den-ersten-winter-mit-baby#breadcrumb\"},\"inLanguage\":\"de\",\"potentialAction\":[{\"@type\":\"ReadAction\",\"target\":[\"https:\/\/www.babyartikel.de\/magazin\/7-tipps-fuer-den-ersten-winter-mit-baby\"]}]},{\"@type\":\"ImageObject\",\"inLanguage\":\"de\",\"@id\":\"https:\/\/www.babyartikel.de\/magazin\/7-tipps-fuer-den-ersten-winter-mit-baby#primaryimage\",\"url\":\"https:\/\/media.babyartikel.de\/magazin\/wp-content\/uploads\/2017\/10\/Fotolia_69689788_Subscription_Monthly_M.jpg\",\"contentUrl\":\"https:\/\/media.babyartikel.de\/magazin\/wp-content\/uploads\/2017\/10\/Fotolia_69689788_Subscription_Monthly_M.jpg\",\"width\":1688,\"height\":1125,\"caption\":\"Tipps f\u00fcr den ersten Winter mit Baby\"},{\"@type\":\"BreadcrumbList\",\"@id\":\"https:\/\/www.babyartikel.de\/magazin\/7-tipps-fuer-den-ersten-winter-mit-baby#breadcrumb\",\"itemListElement\":[{\"@type\":\"ListItem\",\"position\":1,\"name\":\"Startseite\",\"item\":\"https:\/\/www.babyartikel.de\/magazin\"},{\"@type\":\"ListItem\",\"position\":2,\"name\":\"7 Tipps f\u00fcr den ersten Winter mit Baby\"}]},{\"@type\":\"WebSite\",\"@id\":\"https:\/\/www.babyartikel.de\/magazin\/#website\",\"url\":\"https:\/\/www.babyartikel.de\/magazin\/\",\"name\":\"Babyartikel.de Magazin\",\"description\":\"\",\"potentialAction\":[{\"@type\":\"SearchAction\",\"target\":{\"@type\":\"EntryPoint\",\"urlTemplate\":\"https:\/\/www.babyartikel.de\/magazin\/?s={search_term_string}\"},\"query-input\":{\"@type\":\"PropertyValueSpecification\",\"valueRequired\":true,\"valueName\":\"search_term_string\"}}],\"inLanguage\":\"de\"},{\"@type\":\"Person\",\"@id\":\"https:\/\/www.babyartikel.de\/magazin\/#\/schema\/person\/8756a99664c6c3012182d6a8c33dd83b\",\"name\":\"Berenice\",\"image\":{\"@type\":\"ImageObject\",\"inLanguage\":\"de\",\"@id\":\"https:\/\/media.babyartikel.de\/magazin\/wp-content\/uploads\/2020\/05\/Berenice-150x150.jpg\",\"url\":\"https:\/\/media.babyartikel.de\/magazin\/wp-content\/uploads\/2020\/05\/Berenice-150x150.jpg\",\"contentUrl\":\"https:\/\/media.babyartikel.de\/magazin\/wp-content\/uploads\/2020\/05\/Berenice-150x150.jpg\",\"caption\":\"Berenice\"},\"description\":\"Hi, ich bin Berenice, 35 Jahre alt und alleinerziehende Mama zweier T\u00f6chter. Zwischen Job, Haushalt und Schule ist das Schreiben ein wunderbarer Ausgleich f\u00fcr mich.\",\"url\":\"https:\/\/www.babyartikel.de\/magazin\/author\/berenice-acker\"}]}<\/script>\n<!-- \/ Yoast SEO Premium plugin. -->","yoast_head_json":{"title":"7 Tipps f\u00fcr den ersten Winter mit Baby | Babyartikel.de Magazin","description":"Die Tage werden k\u00e4lter und k\u00fcrzer, der Winter r\u00fcckt immer n\u00e4her. Hier bekommst Du Tipps f\u00fcr die kalte Jahreszeit mit Baby.","robots":{"index":"index","follow":"follow","max-snippet":"max-snippet:-1","max-image-preview":"max-image-preview:large","max-video-preview":"max-video-preview:-1"},"canonical":"https:\/\/www.babyartikel.de\/magazin\/7-tipps-fuer-den-ersten-winter-mit-baby","og_locale":"de_DE","og_type":"article","og_title":"7 Tipps f\u00fcr den ersten Winter mit Baby","og_description":"Die Tage werden k\u00e4lter und k\u00fcrzer, der Winter r\u00fcckt immer n\u00e4her. Hier bekommst Du Tipps f\u00fcr die kalte Jahreszeit mit Baby.","og_url":"https:\/\/www.babyartikel.de\/magazin\/7-tipps-fuer-den-ersten-winter-mit-baby","og_site_name":"Babyartikel.de Magazin","article_published_time":"2017-12-07T12:50:31+00:00","article_modified_time":"2023-11-20T13:05:26+00:00","og_image":[{"width":1050,"height":549,"url":"https:\/\/cdn.magazin.babyartikel.de\/magazin\/wp-content\/uploads\/2017\/12\/tipps-winte-mit-baby.jpg","type":"image\/jpeg"}],"author":"Berenice","twitter_card":"summary_large_image","twitter_misc":{"Verfasst von":"Berenice","Gesch\u00e4tzte Lesezeit":"4\u00a0Minuten"},"schema":{"@context":"https:\/\/schema.org","@graph":[{"@type":"Article","@id":"https:\/\/www.babyartikel.de\/magazin\/7-tipps-fuer-den-ersten-winter-mit-baby#article","isPartOf":{"@id":"https:\/\/www.babyartikel.de\/magazin\/7-tipps-fuer-den-ersten-winter-mit-baby"},"author":{"name":"Berenice","@id":"https:\/\/www.babyartikel.de\/magazin\/#\/schema\/person\/8756a99664c6c3012182d6a8c33dd83b"},"headline":"7 Tipps f\u00fcr den ersten Winter mit Baby","datePublished":"2017-12-07T12:50:31+00:00","dateModified":"2023-11-20T13:05:26+00:00","mainEntityOfPage":{"@id":"https:\/\/www.babyartikel.de\/magazin\/7-tipps-fuer-den-ersten-winter-mit-baby"},"wordCount":776,"commentCount":1,"image":{"@id":"https:\/\/www.babyartikel.de\/magazin\/7-tipps-fuer-den-ersten-winter-mit-baby#primaryimage"},"thumbnailUrl":"https:\/\/media.babyartikel.de\/magazin\/wp-content\/uploads\/2017\/10\/Fotolia_69689788_Subscription_Monthly_M.jpg","keywords":["alltag mit baby","winter"],"articleSection":["Baby Erstausstattung","Leben mit Baby"],"inLanguage":"de","potentialAction":[{"@type":"CommentAction","name":"Comment","target":["https:\/\/www.babyartikel.de\/magazin\/7-tipps-fuer-den-ersten-winter-mit-baby#respond"]}]},{"@type":"WebPage","@id":"https:\/\/www.babyartikel.de\/magazin\/7-tipps-fuer-den-ersten-winter-mit-baby","url":"https:\/\/www.babyartikel.de\/magazin\/7-tipps-fuer-den-ersten-winter-mit-baby","name":"7 Tipps f\u00fcr den ersten Winter mit Baby | Babyartikel.de Magazin","isPartOf":{"@id":"https:\/\/www.babyartikel.de\/magazin\/#website"},"primaryImageOfPage":{"@id":"https:\/\/www.babyartikel.de\/magazin\/7-tipps-fuer-den-ersten-winter-mit-baby#primaryimage"},"image":{"@id":"https:\/\/www.babyartikel.de\/magazin\/7-tipps-fuer-den-ersten-winter-mit-baby#primaryimage"},"thumbnailUrl":"https:\/\/media.babyartikel.de\/magazin\/wp-content\/uploads\/2017\/10\/Fotolia_69689788_Subscription_Monthly_M.jpg","datePublished":"2017-12-07T12:50:31+00:00","dateModified":"2023-11-20T13:05:26+00:00","author":{"@id":"https:\/\/www.babyartikel.de\/magazin\/#\/schema\/person\/8756a99664c6c3012182d6a8c33dd83b"},"description":"Die Tage werden k\u00e4lter und k\u00fcrzer, der Winter r\u00fcckt immer n\u00e4her. Hier bekommst Du Tipps f\u00fcr die kalte Jahreszeit mit Baby.","breadcrumb":{"@id":"https:\/\/www.babyartikel.de\/magazin\/7-tipps-fuer-den-ersten-winter-mit-baby#breadcrumb"},"inLanguage":"de","potentialAction":[{"@type":"ReadAction","target":["https:\/\/www.babyartikel.de\/magazin\/7-tipps-fuer-den-ersten-winter-mit-baby"]}]},{"@type":"ImageObject","inLanguage":"de","@id":"https:\/\/www.babyartikel.de\/magazin\/7-tipps-fuer-den-ersten-winter-mit-baby#primaryimage","url":"https:\/\/media.babyartikel.de\/magazin\/wp-content\/uploads\/2017\/10\/Fotolia_69689788_Subscription_Monthly_M.jpg","contentUrl":"https:\/\/media.babyartikel.de\/magazin\/wp-content\/uploads\/2017\/10\/Fotolia_69689788_Subscription_Monthly_M.jpg","width":1688,"height":1125,"caption":"Tipps f\u00fcr den ersten Winter mit Baby"},{"@type":"BreadcrumbList","@id":"https:\/\/www.babyartikel.de\/magazin\/7-tipps-fuer-den-ersten-winter-mit-baby#breadcrumb","itemListElement":[{"@type":"ListItem","position":1,"name":"Startseite","item":"https:\/\/www.babyartikel.de\/magazin"},{"@type":"ListItem","position":2,"name":"7 Tipps f\u00fcr den ersten Winter mit Baby"}]},{"@type":"WebSite","@id":"https:\/\/www.babyartikel.de\/magazin\/#website","url":"https:\/\/www.babyartikel.de\/magazin\/","name":"Babyartikel.de Magazin","description":"","potentialAction":[{"@type":"SearchAction","target":{"@type":"EntryPoint","urlTemplate":"https:\/\/www.babyartikel.de\/magazin\/?s={search_term_string}"},"query-input":{"@type":"PropertyValueSpecification","valueRequired":true,"valueName":"search_term_string"}}],"inLanguage":"de"},{"@type":"Person","@id":"https:\/\/www.babyartikel.de\/magazin\/#\/schema\/person\/8756a99664c6c3012182d6a8c33dd83b","name":"Berenice","image":{"@type":"ImageObject","inLanguage":"de","@id":"https:\/\/media.babyartikel.de\/magazin\/wp-content\/uploads\/2020\/05\/Berenice-150x150.jpg","url":"https:\/\/media.babyartikel.de\/magazin\/wp-content\/uploads\/2020\/05\/Berenice-150x150.jpg","contentUrl":"https:\/\/media.babyartikel.de\/magazin\/wp-content\/uploads\/2020\/05\/Berenice-150x150.jpg","caption":"Berenice"},"description":"Hi, ich bin Berenice, 35 Jahre alt und alleinerziehende Mama zweier T\u00f6chter. Zwischen Job, Haushalt und Schule ist das Schreiben ein wunderbarer Ausgleich f\u00fcr mich.","url":"https:\/\/www.babyartikel.de\/magazin\/author\/berenice-acker"}]}},"abstract_sku":"","_links":{"self":[{"href":"https:\/\/www.babyartikel.de\/magazin\/wp-json\/wp\/v2\/posts\/52007","targetHints":{"allow":["GET"]}}],"collection":[{"href":"https:\/\/www.babyartikel.de\/magazin\/wp-json\/wp\/v2\/posts"}],"about":[{"href":"https:\/\/www.babyartikel.de\/magazin\/wp-json\/wp\/v2\/types\/post"}],"author":[{"embeddable":true,"href":"https:\/\/www.babyartikel.de\/magazin\/wp-json\/wp\/v2\/users\/56"}],"replies":[{"embeddable":true,"href":"https:\/\/www.babyartikel.de\/magazin\/wp-json\/wp\/v2\/comments?post=52007"}],"version-history":[{"count":14,"href":"https:\/\/www.babyartikel.de\/magazin\/wp-json\/wp\/v2\/posts\/52007\/revisions"}],"predecessor-version":[{"id":907061,"href":"https:\/\/www.babyartikel.de\/magazin\/wp-json\/wp\/v2\/posts\/52007\/revisions\/907061"}],"wp:featuredmedia":[{"embeddable":true,"href":"https:\/\/www.babyartikel.de\/magazin\/wp-json\/wp\/v2\/media\/52898"}],"wp:attachment":[{"href":"https:\/\/www.babyartikel.de\/magazin\/wp-json\/wp\/v2\/media?parent=52007"}],"wp:term":[{"taxonomy":"category","embeddable":true,"href":"https:\/\/www.babyartikel.de\/magazin\/wp-json\/wp\/v2\/categories?post=52007"},{"taxonomy":"post_tag","embeddable":true,"href":"https:\/\/www.babyartikel.de\/magazin\/wp-json\/wp\/v2\/tags?post=52007"}],"curies":[{"name":"wp","href":"https:\/\/api.w.org\/{rel}","templated":true}]}}