
{"id":53009,"date":"2018-04-09T08:01:26","date_gmt":"2018-04-09T06:01:26","guid":{"rendered":"https:\/\/www.babyartikel.de\/magazin\/?p=53009"},"modified":"2025-04-24T13:52:38","modified_gmt":"2025-04-24T11:52:38","slug":"baby-baden","status":"publish","type":"post","link":"https:\/\/www.babyartikel.de\/magazin\/baby-baden","title":{"rendered":"Baby baden &#8211; Das Baby 1&#215;1"},"content":{"rendered":"<p>Du m&ouml;chtest Dein Baby endlich baden, bist Dir aber nicht sicher, ob Du das schon darfst? Erfahre hier, worauf Du beim Baby baden achten solltest.<p>Es kann passieren, dass Dein Baby beim ersten Bad vielleicht nicht so viel Spa&szlig; hat. Das hei&szlig;t aber nicht, dass es das Baden nicht mag, es ist einfach nur eine neue Situation. Hat es sich aber erst einmal daran gew&ouml;hnt und machst Du es ihm so angenehm wie m&ouml;glich, dann wird es das Baden lieben.<\/p><div id=\"ez-toc-container\" class=\"ez-toc-v2_0_82_2 counter-flat ez-toc-counter ez-toc-white ez-toc-container-direction\">\n<div class=\"ez-toc-title-container\">\n<p class=\"ez-toc-title\" style=\"cursor:inherit\">Inhaltsverzeichnis<\/p>\n<span class=\"ez-toc-title-toggle\"><a href=\"#\" class=\"ez-toc-pull-right ez-toc-btn ez-toc-btn-xs ez-toc-btn-default ez-toc-toggle\" aria-label=\"Toggle Table of Content\"><span class=\"ez-toc-js-icon-con\"><span class=\"\"><span class=\"eztoc-hide\" style=\"display:none;\">Toggle<\/span><span class=\"ez-toc-icon-toggle-span\"><svg style=\"fill: #999;color:#999\" xmlns=\"http:\/\/www.w3.org\/2000\/svg\" class=\"list-377408\" width=\"20px\" height=\"20px\" viewBox=\"0 0 24 24\" fill=\"none\"><path d=\"M6 6H4v2h2V6zm14 0H8v2h12V6zM4 11h2v2H4v-2zm16 0H8v2h12v-2zM4 16h2v2H4v-2zm16 0H8v2h12v-2z\" fill=\"currentColor\"><\/path><\/svg><svg style=\"fill: #999;color:#999\" class=\"arrow-unsorted-368013\" xmlns=\"http:\/\/www.w3.org\/2000\/svg\" width=\"10px\" height=\"10px\" viewBox=\"0 0 24 24\" version=\"1.2\" baseProfile=\"tiny\"><path d=\"M18.2 9.3l-6.2-6.3-6.2 6.3c-.2.2-.3.4-.3.7s.1.5.3.7c.2.2.4.3.7.3h11c.3 0 .5-.1.7-.3.2-.2.3-.5.3-.7s-.1-.5-.3-.7zM5.8 14.7l6.2 6.3 6.2-6.3c.2-.2.3-.5.3-.7s-.1-.5-.3-.7c-.2-.2-.4-.3-.7-.3h-11c-.3 0-.5.1-.7.3-.2.2-.3.5-.3.7s.1.5.3.7z\"\/><\/svg><\/span><\/span><\/span><\/a><\/span><\/div>\n<nav><ul class='ez-toc-list ez-toc-list-level-1 ' ><li class='ez-toc-page-1'><a class=\"ez-toc-link ez-toc-heading-1\" href=\"https:\/\/www.babyartikel.de\/magazin\/baby-baden\/#Ab_wann_darf_das_Baby_baden\" >Ab wann darf das Baby baden?<\/a><\/li><li class='ez-toc-page-1'><a class=\"ez-toc-link ez-toc-heading-2\" href=\"https:\/\/www.babyartikel.de\/magazin\/baby-baden\/#Wie_oft_solltest_Du_Dein_Baby_baden\" >Wie oft solltest Du Dein Baby baden?<\/a><\/li><li class='ez-toc-page-1'><a class=\"ez-toc-link ez-toc-heading-3\" href=\"https:\/\/www.babyartikel.de\/magazin\/baby-baden\/#Das_Baby_baden_Die_richtige_Temperatur\" >Das Baby baden: Die richtige Temperatur<\/a><\/li><li class='ez-toc-page-1'><a class=\"ez-toc-link ez-toc-heading-4\" href=\"https:\/\/www.babyartikel.de\/magazin\/baby-baden\/#Wo_kannst_Du_Dein_Baby_baden\" >Wo kannst Du Dein Baby baden?<\/a><\/li><li class='ez-toc-page-1'><a class=\"ez-toc-link ez-toc-heading-5\" href=\"https:\/\/www.babyartikel.de\/magazin\/baby-baden\/#So_macht_das_Baden_Spass_-Tipps_und_Tricks_zum_Ablauf\" >So macht das Baden Spa&szlig; -Tipps und Tricks zum Ablauf<\/a><\/li><\/ul><\/nav><\/div>\n<h2 class=\"wp-block-heading\" id=\"h-ab-wann-darf-das-baby-baden\"><span class=\"ez-toc-section\" id=\"Ab_wann_darf_das_Baby_baden\"><\/span>Ab wann darf das Baby baden?<span class=\"ez-toc-section-end\"><\/span><\/h2><p><strong>Fr&uuml;her wurden Babys nach der Geburt noch im Krei&szlig;saal gebadet<\/strong>, um die K&auml;seschmiere abzuwaschen. Mittlerweile wird aber davon abgeraten, da man inzwischen wei&szlig;, dass die K&auml;seschmiere die d&uuml;nne zarte Babyhaut vor &auml;u&szlig;eren Einfl&uuml;ssen sch&uuml;tzt.<\/p><p>Fr&uuml;her galt auch ein allgemeines Badeverbot f&uuml;r Babys, deren <a href=\"https:\/\/www.babyartikel.de\/magazin\/baby-1x1-nabelpflege\">Nabelschnurrest<\/a> noch nicht abgefallen war. Das erste Bad zuhause sollte erst stattfinden,<strong> wenn der Nabel abgefallen war<\/strong> und man keine Wunde und Kruste mehr zu sehen konnte. Heute sehen das zwar viele Hebammen etwas lockerer &ndash; wenn Du auf Nummer sicher gehen willst, dann warte aber lieber, bis Stelle gut verheilt ist. So vermeidest Du, dass Keime in den Nabel eindringen und eventuell eine Entz&uuml;ndung verursachen. Bis zum ersten Bad reicht es v&ouml;llig, wenn Du Dein Baby mit einem Waschlappen und warmem Wasser t&auml;glich pflegst.<\/p><div class=\"marketing-slot\"><div id=\"block-18\" class=\"content-post-widget marketing-slot-1 widget_block\"><a href=\"#\" class=\"newsletter_popup\" style=\"\n  display: inline-block;\n  box-shadow: 0 4px 10px rgba(0,0,0,0.1);\n  margin: 20px auto;\n  max-width: 800px;\n  width: 100%;\">\n  <img src=\"https:\/\/media.babyartikel.de\/magazin\/wp-content\/uploads\/2025\/08\/NL-Banner-Magazin-8-25.webp\" alt=\"Newsletter Banner\" style=\"\n    width: 100%;\n    height: auto;\n    display: block;\" onclick=\"ga('send', 'event', 'banner', 'click', 'magazin-banner-newsletter-8-25');\">\n<\/a>\n\n\t<!-- Modal -->\n\t<div class=\"modal fade modal_popup\" id=\"newsletter_popup\" tabindex=\"-1\" aria-labelledby=\"exampleModalLabel\" aria-hidden=\"true\">\n\t\t<div class=\"modal-dialog modal-dialog-centered modal-dialog-scrollable\">\n\t\t\t<div class=\"modal-content\">\n\t\t\t\t<div class=\"modal-header small-header\">\n\t\t\t\t\t<h5 class=\"modal-title\" id=\"newsletterModalLabel\">\n\t\t\t\t\t\tNewsletter\t\t\t\t\t<\/h5>\n\t\t\t\t\t<button type=\"button\" class=\"btn-close small-close\" data-bs-dismiss=\"modal\" aria-label=\"Close\"><\/button>\n\t\t\t\t<\/div>\n\n\t\t\t\t<div class=\"modal-body\">\n\t\t\t\t\t\t<div class=\"newsletterForm-embed popup-form\">\n        <form name=\"newsletterSubscriptionForm\" id=\"newsletter_popup_69f264847032f_form\" data-newsletter-id=\"newsletter_popup_69f264847032f\" method=\"POST\">\n\n\t\t\t<input type=\"text\" name=\"website\" class=\"hidden\" tabindex=\"-1\" autocomplete=\"off\" style=\"position:absolute;left:-9999px;\">\n\t\t\t<input type=\"hidden\" name=\"ts\" value=\"1777493124\">\n\n\t\t\t                <input type=\"hidden\" name=\"emarsys-event-id\" value=\"3756\">\n            \n            \t\t\t<div class=\"mb-3\">\n\t\t\t\t<label for=\"date\" class=\"form-label\">Geburtstag\/ -termin Deines Babys<\/label>\n                <input type=\"date\" name=\"date\" class=\"input input--expand form-control\" required>\n\t\t\t<\/div>\n            \n\t\t\t<div class=\"mb-3\">\n\t\t\t\t<label for=\"email\" class=\"form-label\">E-Mail-Adresse<\/label>\n\t\t\t\t<input type=\"email\" name=\"email\" placeholder=\"E-Mail-Adresse\" class=\"input input--expand form-control\" required>\n\t\t\t<\/div>\n\n\t\t\t\t\t\t\t<button type=\"submit\" class=\"btn btn-primary\">Absenden<\/button>\n\t\t\t\n\t\t\t\t\t\t\t<div class=\"small mt-3\" style=\"font-weight:normal;\">\n\t\t\t\t\t\n\t\t\t<div class=\"mt-3\">\n\t\t\t\tJa, ich m&ouml;chte den Newsletter von Babyartikel.de erhalten und &uuml;ber Aktionen informiert werden.\n  Dabei darf mein Nutzungsverhalten (z. B. &Ouml;ffnungen und Klicks) zur Personalisierung ausgewertet werden.\n  Mehr finde ich in der <a href=\"\/de\/datenschutz\" style=\"text-decoration:underline\">Datenschutzerkl&auml;rung<\/a>.\n\t\t\t<\/div>\n\t\t\t\t\t\t<\/div>\n\t\t\t\n\t\t\t\t\t\t\t<div class=\"small mb-3 mt-3\" style=\"font-weight:normal;\">\n\t\t\t\t\tJederzeit abbestellbar | <a href=\"\/de\/datenschutz\" style=\"text-decoration:underline\">\n\t\t\t\t\t\tDatenschutzerkl&auml;rung\n\t\t\t\t\t<\/a>\n\t\t\t\t<\/div>\n\t\t\t\n        <\/form>\n    <\/div>\n\t\n\t\t\t\t\t<div class=\"response-messages_newsletter_popup_69f264847032f\">\n\t\t\t\t\t\t<div class=\"alert alert-success success mt-3 mb-3 d-none\">\n\t\t\t\t\t\t\tNur noch ein Klick! Best&auml;tige Deine Anmeldung in der E-Mail, die du gleich erh&auml;ltst.\t\t\t\t\t\t<\/div>\n\t\t\t\t\t\t<div class=\"error mt-3 mb-3 d-none\">\n\t\t\t\t\t\t\t<div class=\"alert alert-danger \">\n\t\t\t\t\t\t\t\tEin Fehler ist aufgetreten. Bitte versuche es sp&auml;ter erneut.\t\t\t\t\t\t\t<\/div>\n\t\t\t\t\t\t<\/div>\n\t\t\t\t\t\t<div class=\"alert alert-danger other-2007 mt-3 mb-3 d-none\">\n\t\t\t\t\t\t\tUng&Atilde;&frac14;ltiges Datumsformat\t\t\t\t\t\t<\/div>\n\t\t\t\t\t<\/div>\n\t\t\t\t<\/div>\n\t\t\t<\/div>\n\t\t<\/div>\n\t<\/div>\n\n\t<\/div><!-- content-widget --><\/div><p><strong>Zudem sollte Dein Baby gesund sein<\/strong>. Hat es z.B. noch Gelbsucht, solltest Du mit dem ersten Bad noch etwas warten. Am besten sprichst Du mit Deiner Hebamme: Sie kann Dir sagen, ob Dein Baby bereit f&uuml;r ein Bad ist. Sie wird Dir dann auch die richtigen Griffe zeigen, die Dir und Deinem Baby ein entspanntes Baden erm&ouml;glichen. Dein Partner sollte auch dabei sein, damit er Dir helfen und auch selbst das Baden &uuml;bernehmen kann.<\/p><div class=\"postslot1\">\t\t<div style=\"clear:both\"><\/div>\n\t\t\t\t\t\t<div id=\"productPanel241\" class=\"product-panel-bottom\">&nbsp;<\/div>\n\t\t\t\t\t\t<script type=\"module\">\n\t\t\t\t\t\t\trequestProductPanel(\"https:\/\/www.babyartikel.de\/magazin\/wp-content\/plugins\/wp-productpanel2\/ProductPanel.php\", \"?panel_type=automatic&basis_category=3-BW-BWE&basis_product=&swipe_mobile=1&postid=53009&template=auto&max=4&productPanelId=241&solrQuery=\", 241, 1);\n\t\t\t\t\t\t<\/script>\n\t\t\t\t\t<link rel=\"stylesheet\" href=\"https:\/\/cdn.jsdelivr.net\/npm\/swiper@8\/swiper-bundle.min.css\"><\/div><h3 class=\"wp-block-heading\" id=\"h-babys-erstes-bad-hebamme-anna-maria-erklart-im-video-auf-was-du-achten-solltest\">Babys erstes Bad &ndash; Hebamme Anna-Maria erkl&auml;rt im Video, auf was Du achten solltest<\/h3><div class=\"marketing-slot\"><div id=\"block-25\" class=\"content-post-widget marketing-slot-2 widget_block\"><a href=\"https:\/\/www.babyartikel.de\/de\/angebote\" data-track-link-click=\"true\" data-track-name=\"nyoutlet2026-magazin\" data-track-medium=\"banner-magazin-post\" data-track-campaign=\"magazin-banner-nyoutlet2026\" onclick=\"ga('send', 'event', 'banner', 'click', 'magazin-banner-nyoutlet2026');\" style=\"display:block;width:100%;text-align:center;\"><img src=\"https:\/\/media.babyartikel.de\/magazin\/wp-content\/uploads\/2026\/01\/NY-Outlet-10-2026.webp\" alt=\"Sale\" style=\"max-width:100%;\"><\/a><\/div><!-- content-widget --><\/div><figure class=\"wp-block-embed is-type-rich is-provider-handler-einbetten wp-block-embed-handler-einbetten wp-embed-aspect-16-9 wp-has-aspect-ratio\"><div class=\"wp-block-embed__wrapper\">\n<iframe loading=\"lazy\" title=\"Baby richtig baden | Alles was Du beim ersten Bad beachten musst | Hebammentipps von Anna-Maria\" width=\"1050\" height=\"591\" src=\"https:\/\/www.youtube.com\/embed\/Ha2794oXa-s?feature=oembed\" frameborder=\"0\" allow=\"accelerometer; autoplay; clipboard-write; encrypted-media; gyroscope; picture-in-picture; web-share\" allowfullscreen><\/iframe>\n<\/div><\/figure><h2 class=\"wp-block-heading\" id=\"h-wie-oft-solltest-du-dein-baby-baden\"><span class=\"ez-toc-section\" id=\"Wie_oft_solltest_Du_Dein_Baby_baden\"><\/span>Wie oft solltest Du Dein Baby baden?<span class=\"ez-toc-section-end\"><\/span><\/h2><p>Das ist ganz Dir &uuml;berlassen. Allerdings haben Babys in den ersten Lebensmonaten eine sehr empfindliche Haut und sollten deshalb<strong> nicht &ouml;fter als ein- bis zweimal in der Woche<\/strong>. Wenn Du es t&auml;glich pflegst und w&auml;schst, reicht das auch aus. Baden ist eigentlich nur dann wirklich n&ouml;tig, wenn die Windel ausgelaufen ist oder das Kind sich vollgespuckt hat. Wenn Dein Kind erst einmal anf&auml;ngt zu krabbeln, wird es &ouml;fter ein Bad n&ouml;tig haben.<\/p><p>Aufgrund der empfindlichen Haut reicht warmes Wasser, <strong>Badezus&auml;tze sind eigentlich nicht n&ouml;tig<\/strong>. Wasche Dein Baby immer wieder mit einem Waschlappen ab, so wird es sauber und es kann die W&auml;rme und das Wasser genie&szlig;en. Anschlie&szlig;end kannst Du ihm noch mit einer Creme oder einem &Ouml;l eine Massage geben und es dabei bespa&szlig;en, mit ihm lachen und kuscheln. Achte darauf, dass Dein Baby nicht ausk&uuml;hlt und sorge f&uuml;r eine<strong> angenehme Raumtemperatur<\/strong>.<\/p><p>Bei Babys mit <a href=\"https:\/\/www.babyartikel.de\/magazin\/mein-kind-hat-neurodermitis-was-tun\"><strong>Hautproblemen<\/strong> <\/a>solltest Du den Kinderarzt nach speziellen Badezus&auml;tzen fragen und, ob das Baden das Problem vielleicht noch verschlimmern k&ouml;nnte.<\/p><h2 class=\"wp-block-heading\" id=\"h-das-baby-baden-die-richtige-temperatur\"><span class=\"ez-toc-section\" id=\"Das_Baby_baden_Die_richtige_Temperatur\"><\/span>Das Baby baden: Die richtige Temperatur<span class=\"ez-toc-section-end\"><\/span><\/h2><p>Babys sollten idealerweise bei rund 37 Grad baden. Das entspricht der K&ouml;rpertemperatur. Die Badedauer sollte 10 Minuten nicht &uuml;berschreiten. Lass zur Kontrolle der Temperatur am besten ein <a href=\"https:\/\/www.babyartikel.de\/cat\/badethermometer\">Badethermometer<\/a> im Wasser schwimmen. <\/p><h2 class=\"wp-block-heading\" id=\"h-wo-kannst-du-dein-baby-baden\"><span class=\"ez-toc-section\" id=\"Wo_kannst_Du_Dein_Baby_baden\"><\/span>Wo kannst Du Dein Baby baden?<span class=\"ez-toc-section-end\"><\/span><\/h2><p>Jedes Baby ist anders &ndash; manche lieben den <a href=\"https:\/\/www.babyartikel.de\/magazin\/wellness-programm-ab-der-geburt-der-softtub-baby-badeeimer-im-test\">Badeeimer <\/a>aufgrund seiner Begrenzung, andere finden die <a href=\"https:\/\/www.babyartikel.de\/cat\/babybadewannen-badeeimer\">Babybadewanne<\/a> besser. F&uuml;r die Eltern gilt das gleiche &ndash; die einen schw&ouml;ren auf den Badeeimer, die anderen finden die Babybadewanne viel praktischer. Nat&uuml;rlich kannst Du auch gemeinsam mit dem Baby in der gro&szlig;en Badewanne baden.<\/p><h3 class=\"wp-block-heading\" id=\"h-badeeimer\">Badeeimer<\/h3><p>Ein Badeeimer hat den Vorteil, dass er wenig Wasser braucht und eigentlich &uuml;berall aufgestellt werden kann. Auch das Ausleeren des Wassers geht schnell und einfach. Hier solltest Du auch wirklich einen Badeeimer f&uuml;r Babys kaufen, denn dieser erf&uuml;llt die Sicherheitsstandards. Bade Dein Baby auf keinen Fall in einem Haushaltseimer! Dein Baby hockt im Badeeimer und kann Dir nicht wegrutschen. Viele <strong>Babys f&uuml;hlen sich im Badeeimer geborgen<\/strong>, weil er sie aufgrund seiner Form an Mamas Bauch erinnert. Gerade f&uuml;r Babys, die Wasser nicht so gern m&ouml;gen, sind Badeeimer prima geeignet, um ihnen das Baden n&auml;her zu bringen.<\/p><div class=\"su-box su-box-style-default\" id=\"\" style=\"border-color:#94105b;border-radius:3px;\"><div class=\"su-box-title\" style=\"background-color:#C7438E;color:#110f0f;border-top-left-radius:1px;border-top-right-radius:1px\">Die optimale Badezeit<\/div><div class=\"su-box-content su-u-clearfix su-u-trim\" style=\"border-bottom-left-radius:1px;border-bottom-right-radius:1px\">Versuche, das Bad als Einschlafritual einzuf&uuml;hren. Viele Babys sind nach dem Baden oft m&uuml;de und entspannt und finden so leichter in den Schlaf. Es gibt aber auch Babys, die nach dem Baden erst so richtig aufdrehen. Findet einfach Eure optimale Badezeit und behaltet diese m&ouml;glichst bei!<\/div><\/div><h3 class=\"wp-block-heading\" id=\"h-babybadewanne\">Babybadewanne<\/h3><p>Die Form einer Babybadewanne erlaubt es Dir, Dein Baby mit dem <strong>klassischen Badegriff<\/strong> zu halten: Bevor Du Dein Baby in die Wanne legst, greifst Du mit Deiner rechten Hand einen Oberarm Deines Babys. Sein K&ouml;pfchen liegt dabei sicher auf Deinem Unterarm. Mit der linken Hand st&uuml;tzt Du es unter dem Po. Sobald Du es in die Wanne gelegt hast, kannst Du es mit der linken Hand waschen. Wenn Du Linksh&auml;nder(in) bist, mach es einfach umgekehrt.<\/p><div class=\"wp-block-image wp-image-53785 size-medium is-style-default\">\n<figure class=\"alignright\"><img loading=\"lazy\" decoding=\"async\" width=\"300\" height=\"258\" src=\"https:\/\/www.babyartikel.de\/magazin\/wp-content\/uploads\/2017\/12\/Baby_Baden_Badegriff_Fotolia_110109558-e1516094189564-300x258.jpg\" alt=\"Baby Baden - klassischer Badegriff - Baby beim Baden halten\" class=\"wp-image-53785\" srcset=\"https:\/\/media.babyartikel.de\/magazin\/wp-content\/uploads\/2017\/12\/Baby_Baden_Badegriff_Fotolia_110109558-e1516094189564-300x258.jpg 300w, https:\/\/media.babyartikel.de\/magazin\/wp-content\/uploads\/2017\/12\/Baby_Baden_Badegriff_Fotolia_110109558-e1516094189564-690x593.jpg 690w, https:\/\/media.babyartikel.de\/magazin\/wp-content\/uploads\/2017\/12\/Baby_Baden_Badegriff_Fotolia_110109558-e1516094189564-1050x902.jpg 1050w, https:\/\/media.babyartikel.de\/magazin\/wp-content\/uploads\/2017\/12\/Baby_Baden_Badegriff_Fotolia_110109558-e1516094189564-150x129.jpg 150w, https:\/\/media.babyartikel.de\/magazin\/wp-content\/uploads\/2017\/12\/Baby_Baden_Badegriff_Fotolia_110109558-e1516094189564-768x660.jpg 768w, https:\/\/media.babyartikel.de\/magazin\/wp-content\/uploads\/2017\/12\/Baby_Baden_Badegriff_Fotolia_110109558-e1516094189564-1024x880.jpg 1024w, https:\/\/media.babyartikel.de\/magazin\/wp-content\/uploads\/2017\/12\/Baby_Baden_Badegriff_Fotolia_110109558-e1516094189564-945x812.jpg 945w, https:\/\/media.babyartikel.de\/magazin\/wp-content\/uploads\/2017\/12\/Baby_Baden_Badegriff_Fotolia_110109558-e1516094189564-600x515.jpg 600w, https:\/\/media.babyartikel.de\/magazin\/wp-content\/uploads\/2017\/12\/Baby_Baden_Badegriff_Fotolia_110109558-e1516094189564.jpg 1136w\" sizes=\"auto, (max-width: 300px) 100vw, 300px\"><figcaption class=\"wp-element-caption\">Im klassischen Bade-Griff gehalten, f&uuml;hlt sich Dein Baby in der Wanne sicher<\/figcaption><\/figure><\/div><p>Es gibt Babys, die lieber<strong> in Bauchlage baden<\/strong>. Dabei drehst Du Dein Baby auf den Bauch und greifst mit Deiner linken Hand unter die Brust bis zur rechten Achselh&ouml;hle. So ist es optimal gest&uuml;tzt und Du hast wieder eine Hand zum Waschen frei.<\/p><p>Um Deinen R&uuml;cken zu schonen, sollte sich die Wanne idealerweise auf H&ouml;he Deiner H&uuml;fte befinden. Es gibt passende Gestelle, in die Du die Badewanne stellen kannst, alternativ kannst Du die Badewanne auch in der gro&szlig;en Wanne oder auf dem Boden platzieren. Hier ist es etwas schwieriger, denn das Wasser macht die Wanne schwer. Deshalb solltest Du nur so viel hineinf&uuml;llen, wie Du auch tragen kannst oder Ihr m<strong>acht das zu zweit. Es gibt spezielle Eins&auml;tze, auf die Du Dein Baby legen kannst oder auch rutschfeste Matten. Achte beim Kauf darauf, dass die<\/strong> Babybadewanne rutschfest ist und sicher steht.<\/p><p>&#10132; <a href=\"https:\/\/www.babyartikel.de\/magazin\/babybadewanne-und-badeeimer-das-sind-unsere-top-produkte\">Hier findest Du unsere Top-Babybadewannen und Badeeimer.<\/a><\/p><h3 class=\"wp-block-heading\" id=\"h-waschbecken\">Waschbecken<\/h3><p>Es gibt Waschbecken, die sind so breit und tief, dass man ein Baby auch darin baden kann. Gerade <strong>Neugeborene f&uuml;hlen sich in einem engen Waschbecken mitunter wohler als in der Badewanne<\/strong>. Hier ist ganz wichtig, dass Du darauf achtest, dass der Wasserhebel vom Baby weggedreht ist oder auf der kalten Seite steht. Die Gefahr, dass pl&ouml;tzlich hei&szlig;es Wasser herauskommt, ist hier gro&szlig;!<\/p><h3 class=\"wp-block-heading\" id=\"h-grosse-badewanne\">Gro&szlig;e Badewanne<\/h3><p>Wenn Dein Baby mindestens ein paar Wochen alt ist und schon &ouml;fter gebadet wurde, kannst Du es nat&uuml;rlich auch mit in die gro&szlig;e Wanne nehmen. Der Raum sollte dabei gut beheizt sein. Auch, wenn ihr gemeinsam badet, sollte die Temperatur 37 Grad nicht &uuml;berschreiten. Verzichte auf parf&uuml;mierte Badezus&auml;tze und bade nicht l&auml;nger als 10 Minuten. <strong>Lass Dir das Baby von Deinem Partner abnehmen, bevor Du aus der Wanne aussteigst!<\/strong> Er oder sie kann es in ein Handtuch wickeln und warm halten, w&auml;hrend Du Dir in Ruhe Deinen Bademantel anziehst.<\/p><hr class=\"wp-block-separator has-css-opacity\"><p><strong>Hinweis<\/strong>: Egal, f&uuml;r welche Variante Du Dich entscheidest: <strong>Lass Dein Baby oder Kleinkind niemals unbeaufsichtigt im Wasser! <\/strong>Halte die Kleinsten auch beim Baden immer fest! Schon ein paar Sekunden unter Wasser k&ouml;nnen lebensgef&auml;hrlich sein.<\/p><hr class=\"wp-block-separator has-css-opacity\"><h2 class=\"wp-block-heading\" id=\"h-so-macht-das-baden-spass-tipps-und-tricks-zum-ablauf\"><span class=\"ez-toc-section\" id=\"So_macht_das_Baden_Spass_-Tipps_und_Tricks_zum_Ablauf\"><\/span>So macht das Baden Spa&szlig; -Tipps und Tricks zum Ablauf<span class=\"ez-toc-section-end\"><\/span><\/h2><ul class=\"wp-block-list\">\n<li>Bereite alles vor und lege alles, was Du f&uuml;r das Baden brauchst, in <strong>Griffweite<\/strong> (Handtuch, Shampoo, Waschlappen, <a href=\"https:\/\/www.babyartikel.de\/cat\/badethermometer\">Thermometer<\/a>, evtl. <a href=\"https:\/\/www.babyartikel.de\/magazin\/badespielzeug-fuer-babys-kaufen\">Badespielzeug<\/a>).<\/li>\n\n\n\n<li>Sorge daf&uuml;r, dass der Wickelplatz <strong>vorgeheizt<\/strong> ist. Optimal ist hier ein Heizstrahler, ansonsten drehe die Heizung auf. Dein Baby sollte sich auch nach dem Baden noch wohlf&uuml;hlen. Zwischen Badewanne und Wickeltisch ist ein Kapuzenhandtuch, welches das Baby komplett einh&uuml;llt, optimal. Lege ein zweites trockenes Handtuch bereit, falls das erste sehr nass wird und Dein Baby friert.<\/li>\n\n\n\n<li>Den Baby sollte f&uuml;r das Baden gut drauf sein &ndash;<strong> satt, zufrieden und munter<\/strong>. Auch bei Bl&auml;hungen oder Bauchweh kann ein warmes Bad helfen.<\/li>\n\n\n\n<li>Wasche es mit einem Waschlappen und rede ihm gut zu, falls es sich unwohl f&uuml;hlt. <strong>Wasche Kopf und Haare zuletzt<\/strong>, damit es nicht ausk&uuml;hlt. Vergiss&lsquo; beim Waschen nicht die Hautfalten und Stellen, an die man sonst eher schlecht kommt: Hinter den Ohren, Achseln, zwischen den Zehen und die Hautfalte am Hals.<\/li>\n\n\n\n<li>Du kannst bei etwas &auml;lteren Babys Babyshampoo, -seife oder -lotion benutzen. <strong>Bei Milchschorf auf dem Kopf empfiehlt sich ein &Ouml;lbad<\/strong>. Auch etwas Muttermilch im Wasser kann Deinem Baby guttun. Achte beim Herausnehmen darauf, dass es glitschig wird, vor allem nach einem &Ouml;lbad!<\/li>\n\n\n\n<li>Trockne Dein Baby nach dem Baden gut ab, damit kein nassen Stellen zur&uuml;ckbleiben. Sie verursachen oft Entz&uuml;ndungen. Wenn Du m&ouml;chtest und es Deinem Baby nichts ausmacht, kannst Du es auch vorsichtig <strong>trocken f&ouml;nen<\/strong>. Achtung: Dabei den Windelbereich immer abdecken. Sonst besteht die Gefahr eines Stromschlags!<\/li>\n\n\n\n<li>Viele Babys wollen <strong>nach der Aufregung des Badens an die Brust<\/strong>. Auch, wenn sie eigentlich schon gef&uuml;ttert wurden!<\/li>\n<\/ul><p><strong><em>Welche Erfahrungen hast Du beim Baby baden gemacht? Hast Du vielleicht noch einen zus&auml;tzlichen Tipp? Wir freuen uns &uuml;ber Deinen Kommentar!<\/em><\/strong><\/p><p><\/p><div class=\"credits-overlay\" data-target=\".wp-image-53769\"><a href=\"#\" target=\"_blank\">@ronstik &ndash; Fotolia.com<\/a><\/div><div class=\"credits-overlay\" data-target=\".wp-image-53785\"><a href=\"#\" target=\"_blank\">@Halfpoint  &ndash; Fotolia.com<\/a><\/div><\/p>\n","protected":false},"excerpt":{"rendered":"<p>Du m&ouml;chtest Dein Baby endlich baden, bist Dir aber nicht sicher, ob Du das schon darfst? Erfahre hier, worauf Du beim Baby baden achten solltest.Es kann passieren, dass Dein Baby beim ersten Bad vielleicht nicht so viel Spa&szlig; hat. Das hei&szlig;t aber nicht, dass es das Baden nicht mag, es ist einfach nur eine neue [&#8230;]<\/p>\n<p><a class=\"btn btn-secondary understrap-read-more-link\" href=\"https:\/\/www.babyartikel.de\/magazin\/baby-baden\">Weiterlesen&#8230;<\/a><\/p>\n","protected":false},"author":57,"featured_media":53769,"comment_status":"open","ping_status":"closed","sticky":false,"template":"","format":"standard","meta":{"_acf_changed":false,"footnotes":""},"categories":[79,2818],"tags":[400],"class_list":["post-53009","post","type-post","status-publish","format-standard","has-post-thumbnail","hentry","category-baby","category-pflege-gesundheit","tag-babypflege"],"acf":[],"yoast_head":"<!-- This site is optimized with the Yoast SEO Premium plugin v27.2 (Yoast SEO v27.2) - https:\/\/yoast.com\/product\/yoast-seo-premium-wordpress\/ -->\n<title>Baby baden - Das Baby 1x1 | Babyartikel.de Magazin<\/title>\n<meta name=\"description\" content=\"Ab wann darfst Du Dein Baby zum ersten Mal baden? Und sollte es lieber der Badeeimer oder die Badewanne sein? Alle Infos findest Du hier\" \/>\n<meta name=\"robots\" content=\"index, follow, max-snippet:-1, max-image-preview:large, max-video-preview:-1\" \/>\n<link rel=\"canonical\" href=\"https:\/\/www.babyartikel.de\/magazin\/baby-baden\" \/>\n<meta property=\"og:locale\" content=\"de_DE\" \/>\n<meta property=\"og:type\" content=\"article\" \/>\n<meta property=\"og:title\" content=\"Baby baden - Das Baby 1x1\" \/>\n<meta property=\"og:description\" content=\"Ab wann darfst Du Dein Baby zum ersten Mal baden? Und sollte es lieber der Badeeimer oder die Badewanne sein? Alle Infos findest Du hier\" \/>\n<meta property=\"og:url\" content=\"https:\/\/www.babyartikel.de\/magazin\/baby-baden\" \/>\n<meta property=\"og:site_name\" content=\"Babyartikel.de Magazin\" \/>\n<meta property=\"article:author\" content=\"www.facebook.com\/mamapremiere\" \/>\n<meta property=\"article:published_time\" content=\"2018-04-09T06:01:26+00:00\" \/>\n<meta property=\"article:modified_time\" content=\"2025-04-24T11:52:38+00:00\" \/>\n<meta property=\"og:image\" content=\"https:\/\/cdn.magazin.babyartikel.de\/magazin\/wp-content\/uploads\/2018\/04\/baby-baden-tipps.png\" \/>\n\t<meta property=\"og:image:width\" content=\"1200\" \/>\n\t<meta property=\"og:image:height\" content=\"627\" \/>\n\t<meta property=\"og:image:type\" content=\"image\/png\" \/>\n<meta name=\"author\" content=\"Simone\" \/>\n<meta name=\"twitter:card\" content=\"summary_large_image\" \/>\n<meta name=\"twitter:creator\" content=\"@mamapremiere\" \/>\n<meta name=\"twitter:label1\" content=\"Verfasst von\" \/>\n\t<meta name=\"twitter:data1\" content=\"Simone\" \/>\n\t<meta name=\"twitter:label2\" content=\"Gesch\u00e4tzte Lesezeit\" \/>\n\t<meta name=\"twitter:data2\" content=\"9\u00a0Minuten\" \/>\n<script type=\"application\/ld+json\" class=\"yoast-schema-graph\">{\"@context\":\"https:\/\/schema.org\",\"@graph\":[{\"@type\":\"Article\",\"@id\":\"https:\/\/www.babyartikel.de\/magazin\/baby-baden#article\",\"isPartOf\":{\"@id\":\"https:\/\/www.babyartikel.de\/magazin\/baby-baden\"},\"author\":{\"name\":\"Simone\",\"@id\":\"https:\/\/www.babyartikel.de\/magazin\/#\/schema\/person\/de23436078078f4dc28107852c8d5687\"},\"headline\":\"Baby baden &#8211; Das Baby 1&#215;1\",\"datePublished\":\"2018-04-09T06:01:26+00:00\",\"dateModified\":\"2025-04-24T11:52:38+00:00\",\"mainEntityOfPage\":{\"@id\":\"https:\/\/www.babyartikel.de\/magazin\/baby-baden\"},\"wordCount\":1535,\"commentCount\":0,\"image\":{\"@id\":\"https:\/\/www.babyartikel.de\/magazin\/baby-baden#primaryimage\"},\"thumbnailUrl\":\"https:\/\/media.babyartikel.de\/magazin\/wp-content\/uploads\/2017\/12\/baby-baden_Fotolia_133997115-e1516020509795.jpg\",\"keywords\":[\"babypflege\"],\"articleSection\":[\"Baby\",\"Pflege &amp; Gesundheit\"],\"inLanguage\":\"de\",\"potentialAction\":[{\"@type\":\"CommentAction\",\"name\":\"Comment\",\"target\":[\"https:\/\/www.babyartikel.de\/magazin\/baby-baden#respond\"]}]},{\"@type\":\"WebPage\",\"@id\":\"https:\/\/www.babyartikel.de\/magazin\/baby-baden\",\"url\":\"https:\/\/www.babyartikel.de\/magazin\/baby-baden\",\"name\":\"Baby baden - Das Baby 1x1 | Babyartikel.de Magazin\",\"isPartOf\":{\"@id\":\"https:\/\/www.babyartikel.de\/magazin\/#website\"},\"primaryImageOfPage\":{\"@id\":\"https:\/\/www.babyartikel.de\/magazin\/baby-baden#primaryimage\"},\"image\":{\"@id\":\"https:\/\/www.babyartikel.de\/magazin\/baby-baden#primaryimage\"},\"thumbnailUrl\":\"https:\/\/media.babyartikel.de\/magazin\/wp-content\/uploads\/2017\/12\/baby-baden_Fotolia_133997115-e1516020509795.jpg\",\"datePublished\":\"2018-04-09T06:01:26+00:00\",\"dateModified\":\"2025-04-24T11:52:38+00:00\",\"author\":{\"@id\":\"https:\/\/www.babyartikel.de\/magazin\/#\/schema\/person\/de23436078078f4dc28107852c8d5687\"},\"description\":\"Ab wann darfst Du Dein Baby zum ersten Mal baden? Und sollte es lieber der Badeeimer oder die Badewanne sein? Alle Infos findest Du hier\",\"breadcrumb\":{\"@id\":\"https:\/\/www.babyartikel.de\/magazin\/baby-baden#breadcrumb\"},\"inLanguage\":\"de\",\"potentialAction\":[{\"@type\":\"ReadAction\",\"target\":[\"https:\/\/www.babyartikel.de\/magazin\/baby-baden\"]}]},{\"@type\":\"ImageObject\",\"inLanguage\":\"de\",\"@id\":\"https:\/\/www.babyartikel.de\/magazin\/baby-baden#primaryimage\",\"url\":\"https:\/\/media.babyartikel.de\/magazin\/wp-content\/uploads\/2017\/12\/baby-baden_Fotolia_133997115-e1516020509795.jpg\",\"contentUrl\":\"https:\/\/media.babyartikel.de\/magazin\/wp-content\/uploads\/2017\/12\/baby-baden_Fotolia_133997115-e1516020509795.jpg\",\"width\":1159,\"height\":893},{\"@type\":\"BreadcrumbList\",\"@id\":\"https:\/\/www.babyartikel.de\/magazin\/baby-baden#breadcrumb\",\"itemListElement\":[{\"@type\":\"ListItem\",\"position\":1,\"name\":\"Startseite\",\"item\":\"https:\/\/www.babyartikel.de\/magazin\"},{\"@type\":\"ListItem\",\"position\":2,\"name\":\"Baby baden &#8211; Das Baby 1&#215;1\"}]},{\"@type\":\"WebSite\",\"@id\":\"https:\/\/www.babyartikel.de\/magazin\/#website\",\"url\":\"https:\/\/www.babyartikel.de\/magazin\/\",\"name\":\"Babyartikel.de Magazin\",\"description\":\"\",\"potentialAction\":[{\"@type\":\"SearchAction\",\"target\":{\"@type\":\"EntryPoint\",\"urlTemplate\":\"https:\/\/www.babyartikel.de\/magazin\/?s={search_term_string}\"},\"query-input\":{\"@type\":\"PropertyValueSpecification\",\"valueRequired\":true,\"valueName\":\"search_term_string\"}}],\"inLanguage\":\"de\"},{\"@type\":\"Person\",\"@id\":\"https:\/\/www.babyartikel.de\/magazin\/#\/schema\/person\/de23436078078f4dc28107852c8d5687\",\"name\":\"Simone\",\"image\":{\"@type\":\"ImageObject\",\"inLanguage\":\"de\",\"@id\":\"https:\/\/secure.gravatar.com\/avatar\/fb3df32d53b52d8a53f13e8f1ea4b106b1b17c5e9e2c5b9960b90519c8533492?s=96&d=mm&r=g\",\"url\":\"https:\/\/secure.gravatar.com\/avatar\/fb3df32d53b52d8a53f13e8f1ea4b106b1b17c5e9e2c5b9960b90519c8533492?s=96&d=mm&r=g\",\"contentUrl\":\"https:\/\/secure.gravatar.com\/avatar\/fb3df32d53b52d8a53f13e8f1ea4b106b1b17c5e9e2c5b9960b90519c8533492?s=96&d=mm&r=g\",\"caption\":\"Simone\"},\"description\":\"Von einer Gro\u00dfstadtliebhaberin in Bayern zur Mama \\\"auf'm L\u00e4ndle\\\"... Im Januar 2015 kam mein Sohn zur Welt, im Sommer 2016 wude geheiratet und im August 2017 machte uns ein kleines M\u00e4dchen (vorerst) komplett. Mit den dreien lebe ich in Baden-W\u00fcrttemberg und wenn ich nicht gerade mit Mann, Kind, Haushalt und meiner Arbeit besch\u00e4ftigt bin, dann blogge ich \u00fcber mein Leben als Mama :)\",\"sameAs\":[\"www.facebook.com\/mamapremiere\",\"https:\/\/x.com\/mamapremiere\"],\"url\":\"https:\/\/www.babyartikel.de\/magazin\/author\/simone-nestvogel\"}]}<\/script>\n<!-- \/ Yoast SEO Premium plugin. -->","yoast_head_json":{"title":"Baby baden - Das Baby 1x1 | Babyartikel.de Magazin","description":"Ab wann darfst Du Dein Baby zum ersten Mal baden? Und sollte es lieber der Badeeimer oder die Badewanne sein? Alle Infos findest Du hier","robots":{"index":"index","follow":"follow","max-snippet":"max-snippet:-1","max-image-preview":"max-image-preview:large","max-video-preview":"max-video-preview:-1"},"canonical":"https:\/\/www.babyartikel.de\/magazin\/baby-baden","og_locale":"de_DE","og_type":"article","og_title":"Baby baden - Das Baby 1x1","og_description":"Ab wann darfst Du Dein Baby zum ersten Mal baden? Und sollte es lieber der Badeeimer oder die Badewanne sein? Alle Infos findest Du hier","og_url":"https:\/\/www.babyartikel.de\/magazin\/baby-baden","og_site_name":"Babyartikel.de Magazin","article_author":"www.facebook.com\/mamapremiere","article_published_time":"2018-04-09T06:01:26+00:00","article_modified_time":"2025-04-24T11:52:38+00:00","og_image":[{"width":1200,"height":627,"url":"https:\/\/cdn.magazin.babyartikel.de\/magazin\/wp-content\/uploads\/2018\/04\/baby-baden-tipps.png","type":"image\/png"}],"author":"Simone","twitter_card":"summary_large_image","twitter_creator":"@mamapremiere","twitter_misc":{"Verfasst von":"Simone","Gesch\u00e4tzte Lesezeit":"9\u00a0Minuten"},"schema":{"@context":"https:\/\/schema.org","@graph":[{"@type":"Article","@id":"https:\/\/www.babyartikel.de\/magazin\/baby-baden#article","isPartOf":{"@id":"https:\/\/www.babyartikel.de\/magazin\/baby-baden"},"author":{"name":"Simone","@id":"https:\/\/www.babyartikel.de\/magazin\/#\/schema\/person\/de23436078078f4dc28107852c8d5687"},"headline":"Baby baden &#8211; Das Baby 1&#215;1","datePublished":"2018-04-09T06:01:26+00:00","dateModified":"2025-04-24T11:52:38+00:00","mainEntityOfPage":{"@id":"https:\/\/www.babyartikel.de\/magazin\/baby-baden"},"wordCount":1535,"commentCount":0,"image":{"@id":"https:\/\/www.babyartikel.de\/magazin\/baby-baden#primaryimage"},"thumbnailUrl":"https:\/\/media.babyartikel.de\/magazin\/wp-content\/uploads\/2017\/12\/baby-baden_Fotolia_133997115-e1516020509795.jpg","keywords":["babypflege"],"articleSection":["Baby","Pflege &amp; Gesundheit"],"inLanguage":"de","potentialAction":[{"@type":"CommentAction","name":"Comment","target":["https:\/\/www.babyartikel.de\/magazin\/baby-baden#respond"]}]},{"@type":"WebPage","@id":"https:\/\/www.babyartikel.de\/magazin\/baby-baden","url":"https:\/\/www.babyartikel.de\/magazin\/baby-baden","name":"Baby baden - Das Baby 1x1 | Babyartikel.de Magazin","isPartOf":{"@id":"https:\/\/www.babyartikel.de\/magazin\/#website"},"primaryImageOfPage":{"@id":"https:\/\/www.babyartikel.de\/magazin\/baby-baden#primaryimage"},"image":{"@id":"https:\/\/www.babyartikel.de\/magazin\/baby-baden#primaryimage"},"thumbnailUrl":"https:\/\/media.babyartikel.de\/magazin\/wp-content\/uploads\/2017\/12\/baby-baden_Fotolia_133997115-e1516020509795.jpg","datePublished":"2018-04-09T06:01:26+00:00","dateModified":"2025-04-24T11:52:38+00:00","author":{"@id":"https:\/\/www.babyartikel.de\/magazin\/#\/schema\/person\/de23436078078f4dc28107852c8d5687"},"description":"Ab wann darfst Du Dein Baby zum ersten Mal baden? Und sollte es lieber der Badeeimer oder die Badewanne sein? Alle Infos findest Du hier","breadcrumb":{"@id":"https:\/\/www.babyartikel.de\/magazin\/baby-baden#breadcrumb"},"inLanguage":"de","potentialAction":[{"@type":"ReadAction","target":["https:\/\/www.babyartikel.de\/magazin\/baby-baden"]}]},{"@type":"ImageObject","inLanguage":"de","@id":"https:\/\/www.babyartikel.de\/magazin\/baby-baden#primaryimage","url":"https:\/\/media.babyartikel.de\/magazin\/wp-content\/uploads\/2017\/12\/baby-baden_Fotolia_133997115-e1516020509795.jpg","contentUrl":"https:\/\/media.babyartikel.de\/magazin\/wp-content\/uploads\/2017\/12\/baby-baden_Fotolia_133997115-e1516020509795.jpg","width":1159,"height":893},{"@type":"BreadcrumbList","@id":"https:\/\/www.babyartikel.de\/magazin\/baby-baden#breadcrumb","itemListElement":[{"@type":"ListItem","position":1,"name":"Startseite","item":"https:\/\/www.babyartikel.de\/magazin"},{"@type":"ListItem","position":2,"name":"Baby baden &#8211; Das Baby 1&#215;1"}]},{"@type":"WebSite","@id":"https:\/\/www.babyartikel.de\/magazin\/#website","url":"https:\/\/www.babyartikel.de\/magazin\/","name":"Babyartikel.de Magazin","description":"","potentialAction":[{"@type":"SearchAction","target":{"@type":"EntryPoint","urlTemplate":"https:\/\/www.babyartikel.de\/magazin\/?s={search_term_string}"},"query-input":{"@type":"PropertyValueSpecification","valueRequired":true,"valueName":"search_term_string"}}],"inLanguage":"de"},{"@type":"Person","@id":"https:\/\/www.babyartikel.de\/magazin\/#\/schema\/person\/de23436078078f4dc28107852c8d5687","name":"Simone","image":{"@type":"ImageObject","inLanguage":"de","@id":"https:\/\/secure.gravatar.com\/avatar\/fb3df32d53b52d8a53f13e8f1ea4b106b1b17c5e9e2c5b9960b90519c8533492?s=96&d=mm&r=g","url":"https:\/\/secure.gravatar.com\/avatar\/fb3df32d53b52d8a53f13e8f1ea4b106b1b17c5e9e2c5b9960b90519c8533492?s=96&d=mm&r=g","contentUrl":"https:\/\/secure.gravatar.com\/avatar\/fb3df32d53b52d8a53f13e8f1ea4b106b1b17c5e9e2c5b9960b90519c8533492?s=96&d=mm&r=g","caption":"Simone"},"description":"Von einer Gro\u00dfstadtliebhaberin in Bayern zur Mama \"auf'm L\u00e4ndle\"... Im Januar 2015 kam mein Sohn zur Welt, im Sommer 2016 wude geheiratet und im August 2017 machte uns ein kleines M\u00e4dchen (vorerst) komplett. Mit den dreien lebe ich in Baden-W\u00fcrttemberg und wenn ich nicht gerade mit Mann, Kind, Haushalt und meiner Arbeit besch\u00e4ftigt bin, dann blogge ich \u00fcber mein Leben als Mama :)","sameAs":["www.facebook.com\/mamapremiere","https:\/\/x.com\/mamapremiere"],"url":"https:\/\/www.babyartikel.de\/magazin\/author\/simone-nestvogel"}]}},"abstract_sku":"","_links":{"self":[{"href":"https:\/\/www.babyartikel.de\/magazin\/wp-json\/wp\/v2\/posts\/53009","targetHints":{"allow":["GET"]}}],"collection":[{"href":"https:\/\/www.babyartikel.de\/magazin\/wp-json\/wp\/v2\/posts"}],"about":[{"href":"https:\/\/www.babyartikel.de\/magazin\/wp-json\/wp\/v2\/types\/post"}],"author":[{"embeddable":true,"href":"https:\/\/www.babyartikel.de\/magazin\/wp-json\/wp\/v2\/users\/57"}],"replies":[{"embeddable":true,"href":"https:\/\/www.babyartikel.de\/magazin\/wp-json\/wp\/v2\/comments?post=53009"}],"version-history":[{"count":30,"href":"https:\/\/www.babyartikel.de\/magazin\/wp-json\/wp\/v2\/posts\/53009\/revisions"}],"predecessor-version":[{"id":960286,"href":"https:\/\/www.babyartikel.de\/magazin\/wp-json\/wp\/v2\/posts\/53009\/revisions\/960286"}],"wp:featuredmedia":[{"embeddable":true,"href":"https:\/\/www.babyartikel.de\/magazin\/wp-json\/wp\/v2\/media\/53769"}],"wp:attachment":[{"href":"https:\/\/www.babyartikel.de\/magazin\/wp-json\/wp\/v2\/media?parent=53009"}],"wp:term":[{"taxonomy":"category","embeddable":true,"href":"https:\/\/www.babyartikel.de\/magazin\/wp-json\/wp\/v2\/categories?post=53009"},{"taxonomy":"post_tag","embeddable":true,"href":"https:\/\/www.babyartikel.de\/magazin\/wp-json\/wp\/v2\/tags?post=53009"}],"curies":[{"name":"wp","href":"https:\/\/api.w.org\/{rel}","templated":true}]}}