
{"id":53349,"date":"2017-05-09T08:57:59","date_gmt":"2017-05-09T06:57:59","guid":{"rendered":"https:\/\/www.babyartikel.de\/magazin\/?p=53349"},"modified":"2025-11-05T11:20:53","modified_gmt":"2025-11-05T10:20:53","slug":"baby-1-jahr","status":"publish","type":"post","link":"https:\/\/www.babyartikel.de\/magazin\/baby-1-jahr","title":{"rendered":"Dein Baby ist 1 Jahr alt: So f\u00f6rderst Du seine Entwicklung"},"content":{"rendered":"<p>Endlich ist Dein Baby 1 Jahr alt! Offiziell ist die Babyzeit jetzt vorbei und es ist nun ein Kleinkind. Das erste Jahr im Leben als Eltern ist so spannend &ndash; aber was kann Dein einj&auml;hriges Baby schon alles? Und was kannst Du als Mutter tun, um die Entwicklung Deines Kindes zu f&ouml;rdern?<script>\n\tjQuery(document).ready(function() {\n\t\t\/\/ Swiper: Slider\n\t\tvar swiper = new Swiper('.swiper-547-3235', {\n\t\t\tslidesPerView: 9,\n\t\t\tslidesPerGroup: 1,\n\t\t\tspaceBetween: 5,\n\t\t\tinitialSlide: 11,\n\t\t\t\/\/direction: 'horizontal',\n\t\t\t\/\/loop: true,\n\t\t\tnavigation: {\n\t\t\t  nextEl: '.swiper-btn-nx-swiper-547-3235',\n\t\t\t  prevEl: '.swiper-btn-pr-swiper-547-3235',\n\t\t\t},\n\t\t\tbreakpoints: {\n\t\t\t\t1260: {\n\t\t\t\t\tslidesPerView: 7,\n\t\t\t\t},\n\t\t\t\t767: {\n\t\t\t\t\tslidesPerView: 5,\n\t\t\t\t},\n\t\t\t\t460: {\n\t\t\t\t\tslidesPerView: 4,\n\t\t\t\t},\n\t\t\t\t380: {\n\t\t\t\t\tslidesPerView: 3,\n\t\t\t\t},\n\t\t\t\t320: {\n\t\t\t\t\tslidesPerView: 2,\n\t\t\t\t}\n\t\t\t}\n\t\t  });\n\t\t});\n\t\t<\/script><section class=\"navigation-calender\">\n\t<div class=\"swiper-element\" style=\"background-color:white;\">\n\t\t<label class=\"text-center h2\">Baby-Monate im &Uuml;berblick<\/label>\n\t\t<div class=\"swiper_wrap swiper-wrap-wop\">\n\t\t\t<!-- Slider main container -->\n\t\t\t<div class=\"swiper-container swiper-container-wop swiper-547-3235\">\n\t\t\t\t<!-- Additional required wrapper -->\n\t\t\t\t<div class=\"swiper-wrapper\" style=\"width: 80%\">\n\t\t\t\t\t\n\t\t\t\t<div class=\"swiper-slide isagenav-slide\">\n\t\t\t\t\t<a href=\"\/magazin\/baby-1-monat\" class=\"notSelectedWeek\">Baby 1<br>Monat<\/a>\n\t\t\t\t<\/div>\n\t\t\t\t<div class=\"swiper-slide isagenav-slide\">\n\t\t\t\t\t<a href=\"\/magazin\/baby-2-monate\" class=\"notSelectedWeek\">Baby 2<br>Monate<\/a>\n\t\t\t\t<\/div>\n\t\t\t\t<div class=\"swiper-slide isagenav-slide\">\n\t\t\t\t\t<a href=\"\/magazin\/baby-3-monate\" class=\"notSelectedWeek\">Baby 3<br>Monate<\/a>\n\t\t\t\t<\/div>\n\t\t\t\t<div class=\"swiper-slide isagenav-slide\">\n\t\t\t\t\t<a href=\"\/magazin\/baby-4-monate\" class=\"notSelectedWeek\">Baby 4<br>Monate<\/a>\n\t\t\t\t<\/div>\n\t\t\t\t<div class=\"swiper-slide isagenav-slide\">\n\t\t\t\t\t<a href=\"\/magazin\/baby-5-monate\" class=\"notSelectedWeek\">Baby 5<br>Monate<\/a>\n\t\t\t\t<\/div>\n\t\t\t\t<div class=\"swiper-slide isagenav-slide\">\n\t\t\t\t\t<a href=\"\/magazin\/baby-6-monate-entwicklung\" class=\"notSelectedWeek\">Baby 6<br>Monate<\/a>\n\t\t\t\t<\/div>\n\t\t\t\t<div class=\"swiper-slide isagenav-slide\">\n\t\t\t\t\t<a href=\"\/magazin\/baby-7-monate\" class=\"notSelectedWeek\">Baby 7<br>Monate<\/a>\n\t\t\t\t<\/div>\n\t\t\t\t<div class=\"swiper-slide isagenav-slide\">\n\t\t\t\t\t<a href=\"\/magazin\/baby-8-monate\" class=\"notSelectedWeek\">Baby 8<br>Monate<\/a>\n\t\t\t\t<\/div>\n\t\t\t\t<div class=\"swiper-slide isagenav-slide\">\n\t\t\t\t\t<a href=\"\/magazin\/baby-9-monate-so-entwickelt-sich-dein-schatz\" class=\"notSelectedWeek\">Baby 9<br>Monate<\/a>\n\t\t\t\t<\/div>\n\t\t\t\t<div class=\"swiper-slide isagenav-slide\">\n\t\t\t\t\t<a href=\"\/magazin\/baby-10-monate-alles-ueber-schlaf-essen-entwicklung\" class=\"notSelectedWeek\">Baby 10<br>Monate<\/a>\n\t\t\t\t<\/div>\n\t\t\t\t<div class=\"swiper-slide isagenav-slide\">\n\t\t\t\t\t<a href=\"\/magazin\/baby-11-monate-entwicklung-und-foerderung\" class=\"notSelectedWeek\">Baby 11<br>Monate<\/a>\n\t\t\t\t<\/div>\n\t\t\t\t<div class=\"swiper-slide isagenav-slide\">\n\t\t\t\t\t<a href=\"\/magazin\/baby-1-jahr\" class=\"selectedWeek\">Baby 12<br>Monate<\/a>\n\t\t\t\t<\/div>\n\t\t\t\t<div class=\"swiper-slide isagenav-slide\">\n\t\t\t\t\t<a href=\"\/magazin\/baby-13-monate-entwicklung-schlaf-ernaehrung\" class=\"notSelectedWeek\">Baby 13<br>Monate<\/a>\n\t\t\t\t<\/div>\n\t\t\t\t<div class=\"swiper-slide isagenav-slide\">\n\t\t\t\t\t<a href=\"\/magazin\/baby-14-monate-vom-laufen-schlafen-und-wutanfaellen\" class=\"notSelectedWeek\">Baby 14<br>Monate<\/a>\n\t\t\t\t<\/div>\n\t\t\t\t<div class=\"swiper-slide isagenav-slide\">\n\t\t\t\t\t<a href=\"\/magazin\/baby-15-monate\" class=\"notSelectedWeek\">Baby 15<br>Monate<\/a>\n\t\t\t\t<\/div>\n\t\t\t\t<div class=\"swiper-slide isagenav-slide\">\n\t\t\t\t\t<a href=\"\/magazin\/16-monate-altes-kind\" class=\"notSelectedWeek\">Baby 16<br>Monate<\/a>\n\t\t\t\t<\/div>\n\t\t\t\t<div class=\"swiper-slide isagenav-slide\">\n\t\t\t\t\t<a href=\"\/magazin\/kind-17-monate-entwicklung-schlaf-essen-schub\" class=\"notSelectedWeek\">Baby 17<br>Monate<\/a>\n\t\t\t\t<\/div>\n\t\t\t\t<div class=\"swiper-slide isagenav-slide\">\n\t\t\t\t\t<a href=\"\/magazin\/kind-18-monate-entwicklung-herausforderungen\" class=\"notSelectedWeek\">Baby 18<br>Monate<\/a>\n\t\t\t\t<\/div>\n\t\t\t\t<\/div>\n\t\t\t\t\n\t\t\t<\/div>\n\t\t\t<!-- If we need navigation buttons -->\n\t\t\t<div class=\"swiper-button-prev-wop swiper-btn-pr-swiper-547-3235\" style=\"right: auto;\">\n\t\t\t\t<svg xmlns=\"http:\/\/www.w3.org\/2000\/svg\" width=\"25\" height=\"25\" fill=\"#3e3e3e\" class=\"bi bi-chevron-left\" viewbox=\"0 0 16 16\">\n\t\t\t\t\t<path fill-rule=\"evenodd\" d=\"M11.354 1.646a.5.5 0 0 1 0 .708L5.707 8l5.647 5.646a.5.5 0 0 1-.708.708l-6-6a.5.5 0 0 1 0-.708l6-6a.5.5 0 0 1 .708 0z\"><\/path>\n\t\t\t\t<\/svg>\n\t\t\t<\/div>\n\t\t\t<div class=\"swiper-button-next-wop swiper-btn-nx-swiper-547-3235\" style=\"right: 0px; left: auto;\">\n\t\t\t\t<svg xmlns=\"http:\/\/www.w3.org\/2000\/svg\" width=\"25\" height=\"25\" fill=\"#3e3e3e\" class=\"bi bi-chevron-right\" viewbox=\"0 0 16 16\">\n\t\t\t\t\t<path fill-rule=\"evenodd\" d=\"M4.646 1.646a.5.5 0 0 1 .708 0l6 6a.5.5 0 0 1 0 .708l-6 6a.5.5 0 0 1-.708-.708L10.293 8 4.646 2.354a.5.5 0 0 1 0-.708z\"><\/path>\n\t\t\t\t<\/svg>\n\t\t\t<\/div>\n\t\t<\/div>\n\t<\/div>\n\t<\/section><h2 class=\"wp-block-heading\">Babys Entwicklung mit einem Jahr<\/h2><p><strong>Dein Schatz ist gerade ein Jahr alt geworden?<\/strong> Gl&uuml;ckwunsch! Wahrscheinlich hat es das strahlend mit den ersten <a href=\"https:\/\/www.babyartikel.de\/magazin\/die-ersten-zaehne-lassen-sich-blicken\" target=\"_blank\" rel=\"noopener noreferrer\">Z&auml;hnchen<\/a> gefeiert. Zwei bis vier Z&auml;hne sollten mit einem Jahr in der Regel schon vorhanden sein.<\/p><p>Und wenn Dir Dein Kind noch nicht wackelig entgegenl&auml;uft, dann wird es wohl<strong> wild herumkrabbeln<\/strong> und sich &uuml;berall hochziehen. Sitzen kann Dein Baby sicher auch schon seit einer ganzen Weile.<\/p><div class=\"marketing-slot\"><div id=\"block-18\" class=\"content-post-widget marketing-slot-1 widget_block\"><a href=\"#\" class=\"newsletter_popup\" style=\"\n  display: inline-block;\n  box-shadow: 0 4px 10px rgba(0,0,0,0.1);\n  margin: 20px auto;\n  max-width: 800px;\n  width: 100%;\">\n  <img src=\"https:\/\/media.babyartikel.de\/magazin\/wp-content\/uploads\/2025\/08\/NL-Banner-Magazin-8-25.webp\" alt=\"Newsletter Banner\" style=\"\n    width: 100%;\n    height: auto;\n    display: block;\" onclick=\"ga('send', 'event', 'banner', 'click', 'magazin-banner-newsletter-8-25');\">\n<\/a>\n\n\t<!-- Modal -->\n\t<div class=\"modal fade modal_popup\" id=\"newsletter_popup\" tabindex=\"-1\" aria-labelledby=\"exampleModalLabel\" aria-hidden=\"true\">\n\t\t<div class=\"modal-dialog modal-dialog-centered modal-dialog-scrollable\">\n\t\t\t<div class=\"modal-content\">\n\t\t\t\t<div class=\"modal-header small-header\">\n\t\t\t\t\t<h5 class=\"modal-title\" id=\"newsletterModalLabel\">\n\t\t\t\t\t\tNewsletter\t\t\t\t\t<\/h5>\n\t\t\t\t\t<button type=\"button\" class=\"btn-close small-close\" data-bs-dismiss=\"modal\" aria-label=\"Close\"><\/button>\n\t\t\t\t<\/div>\n\n\t\t\t\t<div class=\"modal-body\">\n\t\t\t\t\t\t<div class=\"newsletterForm-embed popup-form\">\n        <form name=\"newsletterSubscriptionForm\" id=\"newsletter_popup_69f20f9a9dbe5_form\" data-newsletter-id=\"newsletter_popup_69f20f9a9dbe5\" method=\"POST\">\n\n\t\t\t<input type=\"text\" name=\"website\" class=\"hidden\" tabindex=\"-1\" autocomplete=\"off\" style=\"position:absolute;left:-9999px;\">\n\t\t\t<input type=\"hidden\" name=\"ts\" value=\"1777471386\">\n\n\t\t\t                <input type=\"hidden\" name=\"emarsys-event-id\" value=\"3756\">\n            \n            \t\t\t<div class=\"mb-3\">\n\t\t\t\t<label for=\"date\" class=\"form-label\">Geburtstag\/ -termin Deines Babys<\/label>\n                <input type=\"date\" name=\"date\" class=\"input input--expand form-control\" required>\n\t\t\t<\/div>\n            \n\t\t\t<div class=\"mb-3\">\n\t\t\t\t<label for=\"email\" class=\"form-label\">E-Mail-Adresse<\/label>\n\t\t\t\t<input type=\"email\" name=\"email\" placeholder=\"E-Mail-Adresse\" class=\"input input--expand form-control\" required>\n\t\t\t<\/div>\n\n\t\t\t\t\t\t\t<button type=\"submit\" class=\"btn btn-primary\">Absenden<\/button>\n\t\t\t\n\t\t\t\t\t\t\t<div class=\"small mt-3\" style=\"font-weight:normal;\">\n\t\t\t\t\t\n\t\t\t<div class=\"mt-3\">\n\t\t\t\tJa, ich m&ouml;chte den Newsletter von Babyartikel.de erhalten und &uuml;ber Aktionen informiert werden.\n  Dabei darf mein Nutzungsverhalten (z. B. &Ouml;ffnungen und Klicks) zur Personalisierung ausgewertet werden.\n  Mehr finde ich in der <a href=\"\/de\/datenschutz\" style=\"text-decoration:underline\">Datenschutzerkl&auml;rung<\/a>.\n\t\t\t<\/div>\n\t\t\t\t\t\t<\/div>\n\t\t\t\n\t\t\t\t\t\t\t<div class=\"small mb-3 mt-3\" style=\"font-weight:normal;\">\n\t\t\t\t\tJederzeit abbestellbar | <a href=\"\/de\/datenschutz\" style=\"text-decoration:underline\">\n\t\t\t\t\t\tDatenschutzerkl&auml;rung\n\t\t\t\t\t<\/a>\n\t\t\t\t<\/div>\n\t\t\t\n        <\/form>\n    <\/div>\n\t\n\t\t\t\t\t<div class=\"response-messages_newsletter_popup_69f20f9a9dbe5\">\n\t\t\t\t\t\t<div class=\"alert alert-success success mt-3 mb-3 d-none\">\n\t\t\t\t\t\t\tNur noch ein Klick! Best&auml;tige Deine Anmeldung in der E-Mail, die du gleich erh&auml;ltst.\t\t\t\t\t\t<\/div>\n\t\t\t\t\t\t<div class=\"error mt-3 mb-3 d-none\">\n\t\t\t\t\t\t\t<div class=\"alert alert-danger \">\n\t\t\t\t\t\t\t\tEin Fehler ist aufgetreten. Bitte versuche es sp&auml;ter erneut.\t\t\t\t\t\t\t<\/div>\n\t\t\t\t\t\t<\/div>\n\t\t\t\t\t\t<div class=\"alert alert-danger other-2007 mt-3 mb-3 d-none\">\n\t\t\t\t\t\t\tUng&Atilde;&frac14;ltiges Datumsformat\t\t\t\t\t\t<\/div>\n\t\t\t\t\t<\/div>\n\t\t\t\t<\/div>\n\t\t\t<\/div>\n\t\t<\/div>\n\t<\/div>\n\n\t<\/div><!-- content-widget --><\/div><p>Wenn Dein Baby nicht schon <strong>wenige kleine W&ouml;rter<\/strong> &ndash; und sei es nur &bdquo;da&ldquo; und &bdquo;Mama&ldquo; &ndash; sagen kann, wird auch das sicher bald losgehen.<\/p><p>Was das <strong>Essen<\/strong> angeht, geht bei den meisten Kindern die Brei-Phase zuende und <a href=\"https:\/\/www.babyartikel.de\/magazin\/baby-led-weaning\">sie wollen am liebsten all das essen, was bei Mama und Papa auf dem Teller liegt<\/a>.<\/p><div class=\"postslot1\">[articles]<link rel=\"stylesheet\" href=\"https:\/\/cdn.jsdelivr.net\/npm\/swiper@8\/swiper-bundle.min.css\"><\/div><div class=\"marketing-slot\"><div id=\"block-25\" class=\"content-post-widget marketing-slot-2 widget_block\"><a href=\"https:\/\/www.babyartikel.de\/de\/angebote\" data-track-link-click=\"true\" data-track-name=\"nyoutlet2026-magazin\" data-track-medium=\"banner-magazin-post\" data-track-campaign=\"magazin-banner-nyoutlet2026\" onclick=\"ga('send', 'event', 'banner', 'click', 'magazin-banner-nyoutlet2026');\" style=\"display:block;width:100%;text-align:center;\"><img src=\"https:\/\/media.babyartikel.de\/magazin\/wp-content\/uploads\/2026\/01\/NY-Outlet-10-2026.webp\" alt=\"Sale\" style=\"max-width:100%;\"><\/a><\/div><!-- content-widget --><\/div><p>Wenn Dein Kind aber noch etwas Zeit f&uuml;r all das braucht, ist das v&ouml;llig in Ordnung. Denn<strong> jedes Kind entwickelt sich in seinem ganz eigenen Tempo und auf eine einzigartige Art und Weise<\/strong>. Schlie&szlig;lich hat auch jeder Mensch seine pers&ouml;nlichen St&auml;rken und Schw&auml;chen. Wie viel Anregung oder Abwechslung, k&ouml;rperliche N&auml;he und Zuwendung Dein Schatz braucht, kann ganz anders sein als bei anderen Kindern.<\/p><p>Ist es eher ruhig oder lebhaft, schreit es wenig oder viel? Auch das ist bei jedem unterschiedlich.<strong> Kinder m&ouml;chten aus eigenem Antrieb Erfahrungen machen<\/strong> und Dein Kind wird Dir meist&nbsp;deutlich zu erkennen geben, wann es zu bestimmten Entwicklungsschritten bereit ist.<\/p><p>H&ouml;r also auf die individuellen Bed&uuml;rfnisse und tue nichts, zu dem es noch nicht bereit ist, das andere Kinder aber vielleicht schon k&ouml;nnen. <strong>Erziehung und Entwicklung sind kein Konkurrenzkampf.<\/strong> Lass Deinem Schatz die Zeit, die er braucht.<\/p><h3 class=\"wp-block-heading\">Was Du nicht beeinflussen kannst<\/h3><p>Viele Entwicklungen durchl&auml;uft Dein Baby sowieso von ganz allein.<\/p><p>Die Z&auml;hne kannst Du kaum hervorholen. Du kannst nur mit Bei&szlig;ringen und Co. etwas Abhilfe gegen den Schmerz und den Druck schaffen.<\/p><p>Auch das <a href=\"https:\/\/www.babyartikel.de\/magazin\/drehen-sitzen-laufen-lernen-so-foerderst-du-babys-motorik-richtig\">Sitzen, Krabbeln und Laufen <\/a>entwickelt sich bei jedem Kind unterschiedlich und sollte nicht erzwungen werden.<\/p><p>Wann es soweit ist, wird Dein Kind signalisieren. Dann kannst Du es dabei unterst&uuml;tzen, indem Du es an Dir hochziehen l&auml;sst.<\/p><p>Auch an den weiteren <a href=\"https:\/\/www.babyartikel.de\/magazin\/wachstumsschuebe-kleinkind-tabelle-ueberblick\">Entwicklungssch&uuml;ben<\/a> &ndash; kurz nach dem 1. Geburtstag befindet es sich eventuell schon im <a href=\"https:\/\/www.babyartikel.de\/magazin\/8-wachstumsschub-baby-55-wochen-schub-dauer-anzeichen-erfahrungen\">55-Wochen-Schub<\/a> &ndash; mitsamt evtl. auftretender <a href=\"https:\/\/www.babyartikel.de\/magazin\/schlafregression-7-tipps-fuer-einen-besseren-babyschlaf\">Schlafregression<\/a> kannst Du nichts &auml;ndern, sondern Dein Kind nur so gut es geht unterst&uuml;tzen. <\/p><h3 class=\"wp-block-heading\">Wie Du Dein einj&auml;hriges Baby f&ouml;rdern kannst<\/h3><h4 class=\"wp-block-heading\">Wecke Babys Forschergeist<\/h4><p>Dein Schatz ist nun robust und wissbegierig. Das solltest Du ausnutzen. Schau mit ihm <strong>Bilderb&uuml;cher<\/strong> an und zweige ihm immer wieder Bilder von Tieren, Alltagsdingen, Lebensmitteln usw. &ndash; so lernt er, die ersten Worte zu sprechen. &bdquo;Mama&ldquo;, &bdquo;Papa&ldquo;, &bdquo;nein&ldquo;, &bdquo;ja&ldquo; kommt sicherlich schon aus dem Mund Deines Schatzes. Sprich viel mit Deinem Kleinen, um ihm die F&uuml;lle der W&ouml;rter n&auml;herzubringen. Auch <strong>Lernspielzeug<\/strong> wird Dein Kind gerne annehmen.<\/p><h4 class=\"wp-block-heading\">Unterst&uuml;tze seine Motorik<\/h4><p>Neben der geistigen Entwicklung kannst Du Dein Kind auch motorisch f&ouml;rdern. Es ist nun so weit, um<strong> alleine aus einem Becher trinken zu lernen und auch schon die ersten eigenen L&ouml;ffelchen zu essen<\/strong>. So lernt es selbstst&auml;ndiger zu werden. Ob es beim Essen schon nach seinem <a href=\"https:\/\/www.babyartikel.de\/cat\/esslernbesteck\">Baby-Besteck<\/a> greift oder lieber mit den H&auml;nden isst, ist dabei ganz egal!<\/p><p>Jetzt, wo Dein Baby bestimmt schon stehen kann, macht es ihm auch besonders viel Spa&szlig; zu tanzen. Lass also <strong>Musik<\/strong> laufen und rege es zum Bewegen an. Bestimmt wippt es auch schon gern mit, klatscht in die H&auml;nde und freut sich, wenn Musik l&auml;uft, die ihm gef&auml;llt.<\/p><h4 class=\"wp-block-heading\">Hilf ihm, seine &Auml;ngste zu &uuml;berwinden<\/h4><p>Obwohl Kinder mit einem Jahr ihre Freiheit entdecken, haben sie immer wieder mit <a href=\"https:\/\/www.babyartikel.de\/magazin\/kind-trennungsangst\"><strong>Trennungs&auml;ngsten<\/strong> <\/a>zu k&auml;mpfen. Das ist aber vollkommen normal.<\/p><p>Plane immer etwas Zeit f&uuml;r Abschiede ein und bestelle Babysitter oder Tagesmutter lange, bevor Du aus dem Haus gehst bzw. bring Dein Kind p&uuml;nktlich zur Tagesmutter oder KiTa, um Stress zu vermeiden. So kann sich Dein Kind an die neue Situation gew&ouml;hnen. <strong>Versuche aber, den Abschiedsschmerz nicht durch endlose Umarmungen zu verst&auml;rken, schleiche Dich aber auch nicht davon<\/strong>. Ein Kuss reicht aus, damit Du und Dein Schatz Euch verabschieden k&ouml;nnt. <strong>Trennungen sind f&uuml;r Eltern und Kind wichtig<\/strong>, damit Dein Kleines selbstst&auml;ndiger wird und auch mal ohne Eltern sein kann.<\/p><h4 class=\"wp-block-heading\">Zeig Deinem Baby die Erwachsenenwelt<\/h4><p>Neben der r&auml;umlichen Trennung braucht Dein Schatz auch so viel Bewegungsfreiraum wie m&ouml;glich. In Deiner <a href=\"https:\/\/www.babyartikel.de\/magazin\/die-wohnung-kindersicher-machen-2\" target=\"_blank\" rel=\"noopener noreferrer\">kindersicheren Wohnung<\/a> solltest es sich frei bewegen und entdecken d&uuml;rfen.<strong> Integriere Dein Kind in Deine Alltags-Aktivit&auml;ten,<\/strong> wie W&auml;sche aufh&auml;ngen, aufr&auml;umen oder einkaufen gehen.<\/p><p>Die gemeinsame Zeit ist wichtig und Dein Kind schaut sich gerne seine Umwelt mit Dir an. Au&szlig;erdem lernt es so &bdquo;<strong>Erwachsendinge<\/strong>&ldquo; kennen &ndash; und wird immer mehr versuchen, alles, was Du tust &ndash; Kochen, Autofahren, Schuhe anziehen &ndash; im Spiel zu imitieren.<\/p><h2 class=\"wp-block-heading\" id=\"section3\">Weitere Tipps f&uuml;r Eltern<\/h2><p>Nat&uuml;rlich ist es toll, wie neugierig Kinder in diesem spannenden Alter sind. Man beschenkt sie gern mit<a href=\"https:\/\/www.babyartikel.de\/magazin\/wie-viel-spielzeug\"> viel Spielzeug<\/a> und auch die Familie bringt sicherlich so einiges mit. <strong>Es ist aber ratsam, dass Du immer mal wieder etwas Spielzeug beiseite packst.<\/strong> So wird Dein Kind nicht von der F&uuml;lle der Dinge &uuml;berfordert.<\/p><p>Viele Kleinkinder in diesem Alter sind frustriert dar&uuml;ber, dass sie ihre Bed&uuml;rfnisse nicht ausdr&uuml;cken k&ouml;nnen. <a href=\"https:\/\/www.babyartikel.de\/magazin\/babyzeichensprache\">Baby-Zeichensprache<\/a> kann Dir helfen, Dich mit Deinem Kind auszutauschen. Handzeichen, Laute und anderes zeigen Dir dann, was Dein Kind m&ouml;chte.<\/p><p>Au&szlig;erdem liebt Dein Kind es, Dich <strong>nachzuahmen<\/strong> und wird jedes Zeichen gerne annehmen und verinnerlichen. Eine tolle Methode, um Spa&szlig; zu haben und Deinem Kind beizubringen, wie es sich verst&auml;ndigen kann.<\/p><script>\n\tjQuery(document).ready(function() {\n\t\t\/\/ Swiper: Slider\n\t\tvar swiper = new Swiper('.swiper-4291-7214', {\n\t\t\tslidesPerView: 9,\n\t\t\tslidesPerGroup: 1,\n\t\t\tspaceBetween: 5,\n\t\t\tinitialSlide: 11,\n\t\t\t\/\/direction: 'horizontal',\n\t\t\t\/\/loop: true,\n\t\t\tnavigation: {\n\t\t\t  nextEl: '.swiper-btn-nx-swiper-4291-7214',\n\t\t\t  prevEl: '.swiper-btn-pr-swiper-4291-7214',\n\t\t\t},\n\t\t\tbreakpoints: {\n\t\t\t\t1260: {\n\t\t\t\t\tslidesPerView: 7,\n\t\t\t\t},\n\t\t\t\t767: {\n\t\t\t\t\tslidesPerView: 5,\n\t\t\t\t},\n\t\t\t\t460: {\n\t\t\t\t\tslidesPerView: 4,\n\t\t\t\t},\n\t\t\t\t380: {\n\t\t\t\t\tslidesPerView: 3,\n\t\t\t\t},\n\t\t\t\t320: {\n\t\t\t\t\tslidesPerView: 2,\n\t\t\t\t}\n\t\t\t}\n\t\t  });\n\t\t});\n\t\t<\/script><section class=\"navigation-calender\">\n\t<div class=\"swiper-element\" style=\"background-color:white;\">\n\t\t<label class=\"text-center h2\">Baby-Monate im &Uuml;berblick<\/label>\n\t\t<div class=\"swiper_wrap swiper-wrap-wop\">\n\t\t\t<!-- Slider main container -->\n\t\t\t<div class=\"swiper-container swiper-container-wop swiper-4291-7214\">\n\t\t\t\t<!-- Additional required wrapper -->\n\t\t\t\t<div class=\"swiper-wrapper\" style=\"width: 80%\">\n\t\t\t\t\t\n\t\t\t\t<div class=\"swiper-slide isagenav-slide\">\n\t\t\t\t\t<a href=\"\/magazin\/baby-1-monat\" class=\"notSelectedWeek\">Baby 1<br>Monat<\/a>\n\t\t\t\t<\/div>\n\t\t\t\t<div class=\"swiper-slide isagenav-slide\">\n\t\t\t\t\t<a href=\"\/magazin\/baby-2-monate\" class=\"notSelectedWeek\">Baby 2<br>Monate<\/a>\n\t\t\t\t<\/div>\n\t\t\t\t<div class=\"swiper-slide isagenav-slide\">\n\t\t\t\t\t<a href=\"\/magazin\/baby-3-monate\" class=\"notSelectedWeek\">Baby 3<br>Monate<\/a>\n\t\t\t\t<\/div>\n\t\t\t\t<div class=\"swiper-slide isagenav-slide\">\n\t\t\t\t\t<a href=\"\/magazin\/baby-4-monate\" class=\"notSelectedWeek\">Baby 4<br>Monate<\/a>\n\t\t\t\t<\/div>\n\t\t\t\t<div class=\"swiper-slide isagenav-slide\">\n\t\t\t\t\t<a href=\"\/magazin\/baby-5-monate\" class=\"notSelectedWeek\">Baby 5<br>Monate<\/a>\n\t\t\t\t<\/div>\n\t\t\t\t<div class=\"swiper-slide isagenav-slide\">\n\t\t\t\t\t<a href=\"\/magazin\/baby-6-monate-entwicklung\" class=\"notSelectedWeek\">Baby 6<br>Monate<\/a>\n\t\t\t\t<\/div>\n\t\t\t\t<div class=\"swiper-slide isagenav-slide\">\n\t\t\t\t\t<a href=\"\/magazin\/baby-7-monate\" class=\"notSelectedWeek\">Baby 7<br>Monate<\/a>\n\t\t\t\t<\/div>\n\t\t\t\t<div class=\"swiper-slide isagenav-slide\">\n\t\t\t\t\t<a href=\"\/magazin\/baby-8-monate\" class=\"notSelectedWeek\">Baby 8<br>Monate<\/a>\n\t\t\t\t<\/div>\n\t\t\t\t<div class=\"swiper-slide isagenav-slide\">\n\t\t\t\t\t<a href=\"\/magazin\/baby-9-monate-so-entwickelt-sich-dein-schatz\" class=\"notSelectedWeek\">Baby 9<br>Monate<\/a>\n\t\t\t\t<\/div>\n\t\t\t\t<div class=\"swiper-slide isagenav-slide\">\n\t\t\t\t\t<a href=\"\/magazin\/baby-10-monate-alles-ueber-schlaf-essen-entwicklung\" class=\"notSelectedWeek\">Baby 10<br>Monate<\/a>\n\t\t\t\t<\/div>\n\t\t\t\t<div class=\"swiper-slide isagenav-slide\">\n\t\t\t\t\t<a href=\"\/magazin\/baby-11-monate-entwicklung-und-foerderung\" class=\"notSelectedWeek\">Baby 11<br>Monate<\/a>\n\t\t\t\t<\/div>\n\t\t\t\t<div class=\"swiper-slide isagenav-slide\">\n\t\t\t\t\t<a href=\"\/magazin\/baby-1-jahr\" class=\"selectedWeek\">Baby 12<br>Monate<\/a>\n\t\t\t\t<\/div>\n\t\t\t\t<div class=\"swiper-slide isagenav-slide\">\n\t\t\t\t\t<a href=\"\/magazin\/baby-13-monate-entwicklung-schlaf-ernaehrung\" class=\"notSelectedWeek\">Baby 13<br>Monate<\/a>\n\t\t\t\t<\/div>\n\t\t\t\t<div class=\"swiper-slide isagenav-slide\">\n\t\t\t\t\t<a href=\"\/magazin\/baby-14-monate-vom-laufen-schlafen-und-wutanfaellen\" class=\"notSelectedWeek\">Baby 14<br>Monate<\/a>\n\t\t\t\t<\/div>\n\t\t\t\t<div class=\"swiper-slide isagenav-slide\">\n\t\t\t\t\t<a href=\"\/magazin\/baby-15-monate\" class=\"notSelectedWeek\">Baby 15<br>Monate<\/a>\n\t\t\t\t<\/div>\n\t\t\t\t<div class=\"swiper-slide isagenav-slide\">\n\t\t\t\t\t<a href=\"\/magazin\/16-monate-altes-kind\" class=\"notSelectedWeek\">Baby 16<br>Monate<\/a>\n\t\t\t\t<\/div>\n\t\t\t\t<div class=\"swiper-slide isagenav-slide\">\n\t\t\t\t\t<a href=\"\/magazin\/kind-17-monate-entwicklung-schlaf-essen-schub\" class=\"notSelectedWeek\">Baby 17<br>Monate<\/a>\n\t\t\t\t<\/div>\n\t\t\t\t<div class=\"swiper-slide isagenav-slide\">\n\t\t\t\t\t<a href=\"\/magazin\/kind-18-monate-entwicklung-herausforderungen\" class=\"notSelectedWeek\">Baby 18<br>Monate<\/a>\n\t\t\t\t<\/div>\n\t\t\t\t<\/div>\n\t\t\t\t\n\t\t\t<\/div>\n\t\t\t<!-- If we need navigation buttons -->\n\t\t\t<div class=\"swiper-button-prev-wop swiper-btn-pr-swiper-4291-7214\" style=\"right: auto;\">\n\t\t\t\t<svg xmlns=\"http:\/\/www.w3.org\/2000\/svg\" width=\"25\" height=\"25\" fill=\"#3e3e3e\" class=\"bi bi-chevron-left\" viewbox=\"0 0 16 16\">\n\t\t\t\t\t<path fill-rule=\"evenodd\" d=\"M11.354 1.646a.5.5 0 0 1 0 .708L5.707 8l5.647 5.646a.5.5 0 0 1-.708.708l-6-6a.5.5 0 0 1 0-.708l6-6a.5.5 0 0 1 .708 0z\"><\/path>\n\t\t\t\t<\/svg>\n\t\t\t<\/div>\n\t\t\t<div class=\"swiper-button-next-wop swiper-btn-nx-swiper-4291-7214\" style=\"right: 0px; left: auto;\">\n\t\t\t\t<svg xmlns=\"http:\/\/www.w3.org\/2000\/svg\" width=\"25\" height=\"25\" fill=\"#3e3e3e\" class=\"bi bi-chevron-right\" viewbox=\"0 0 16 16\">\n\t\t\t\t\t<path fill-rule=\"evenodd\" d=\"M4.646 1.646a.5.5 0 0 1 .708 0l6 6a.5.5 0 0 1 0 .708l-6 6a.5.5 0 0 1-.708-.708L10.293 8 4.646 2.354a.5.5 0 0 1 0-.708z\"><\/path>\n\t\t\t\t<\/svg>\n\t\t\t<\/div>\n\t\t<\/div>\n\t<\/div>\n\t<\/section><hr class=\"wp-block-separator has-alpha-channel-opacity\"><p><em><strong>Wie hast Du die Zeit um den 1. Geburtstag Deines Babys erlebt? Wir freuen uns &uuml;ber Deinen Kommentar!<\/strong><\/em><\/p><div class=\"credits-overlay\" data-target=\".wp-image-54172\"><a href=\"#\" target=\"_blank\">@Christin Lola &ndash; Fotolia.com<\/a><\/div><\/p>\n","protected":false},"excerpt":{"rendered":"<p>Endlich ist Dein Baby 1 Jahr alt! Offiziell ist die Babyzeit jetzt vorbei und es ist nun ein Kleinkind. Das erste Jahr im Leben als Eltern ist so spannend &ndash; aber was kann Dein einj&auml;hriges Baby schon alles? Und was kannst Du als Mutter tun, um die Entwicklung Deines Kindes zu f&ouml;rdern?Babys Entwicklung mit einem [&#8230;]<\/p>\n<p><a class=\"btn btn-secondary understrap-read-more-link\" href=\"https:\/\/www.babyartikel.de\/magazin\/baby-1-jahr\">Weiterlesen&#8230;<\/a><\/p>\n","protected":false},"author":66,"featured_media":54172,"comment_status":"open","ping_status":"closed","sticky":false,"template":"","format":"standard","meta":{"_acf_changed":false,"footnotes":""},"categories":[1430],"tags":[23136,1044,23137],"class_list":["post-53349","post","type-post","status-publish","format-standard","has-post-thumbnail","hentry","category-kleinkind","tag-baby-12-monate","tag-entwicklung","tag-month-12-primary"],"acf":[],"yoast_head":"<!-- This site is optimized with the Yoast SEO Premium plugin v27.2 (Yoast SEO v27.2) - https:\/\/yoast.com\/product\/yoast-seo-premium-wordpress\/ -->\n<title>Baby 1 Jahr: So f\u00f6rderst Du seine Entwicklung | Babyartikel.de<\/title>\n<meta name=\"description\" content=\"Dein Baby ist 1 Jahr alt und nun offiziell ein Kleinkind. Wie sich Dein 12 Monate altes Baby entwickelt und wie Du es jetzt f\u00f6rdern kannst.\" \/>\n<meta name=\"robots\" content=\"index, follow, max-snippet:-1, max-image-preview:large, max-video-preview:-1\" \/>\n<link rel=\"canonical\" href=\"https:\/\/www.babyartikel.de\/magazin\/baby-1-jahr\" \/>\n<meta property=\"og:locale\" content=\"de_DE\" \/>\n<meta property=\"og:type\" content=\"article\" \/>\n<meta property=\"og:title\" content=\"Dein Baby ist 1 Jahr alt: So f\u00f6rderst Du seine Entwicklung\" \/>\n<meta property=\"og:description\" content=\"Dein Baby ist 1 Jahr alt und nun offiziell ein Kleinkind. Wie sich Dein 12 Monate altes Baby entwickelt und wie Du es jetzt f\u00f6rdern kannst.\" \/>\n<meta property=\"og:url\" content=\"https:\/\/www.babyartikel.de\/magazin\/baby-1-jahr\" \/>\n<meta property=\"og:site_name\" content=\"Babyartikel.de Magazin\" \/>\n<meta property=\"article:published_time\" content=\"2017-05-09T06:57:59+00:00\" \/>\n<meta property=\"article:modified_time\" content=\"2025-11-05T10:20:53+00:00\" \/>\n<meta property=\"og:image\" content=\"https:\/\/media.babyartikel.de\/magazin\/wp-content\/uploads\/2017\/05\/Baby-1-Jahr-f\u00f6rdern.png\" \/>\n\t<meta property=\"og:image:width\" content=\"1200\" \/>\n\t<meta property=\"og:image:height\" content=\"627\" \/>\n\t<meta property=\"og:image:type\" content=\"image\/png\" \/>\n<meta name=\"author\" content=\"Mareike Fangmann\" \/>\n<meta name=\"twitter:card\" content=\"summary_large_image\" \/>\n<meta name=\"twitter:label1\" content=\"Verfasst von\" \/>\n\t<meta name=\"twitter:data1\" content=\"Mareike Fangmann\" \/>\n\t<meta name=\"twitter:label2\" content=\"Gesch\u00e4tzte Lesezeit\" \/>\n\t<meta name=\"twitter:data2\" content=\"6\u00a0Minuten\" \/>\n<script type=\"application\/ld+json\" class=\"yoast-schema-graph\">{\"@context\":\"https:\/\/schema.org\",\"@graph\":[{\"@type\":\"Article\",\"@id\":\"https:\/\/www.babyartikel.de\/magazin\/baby-1-jahr#article\",\"isPartOf\":{\"@id\":\"https:\/\/www.babyartikel.de\/magazin\/baby-1-jahr\"},\"author\":{\"name\":\"Mareike Fangmann\",\"@id\":\"https:\/\/www.babyartikel.de\/magazin\/#\/schema\/person\/ebca06311ba3b031c9bca7bf2502fd34\"},\"headline\":\"Dein Baby ist 1 Jahr alt: So f\u00f6rderst Du seine Entwicklung\",\"datePublished\":\"2017-05-09T06:57:59+00:00\",\"dateModified\":\"2025-11-05T10:20:53+00:00\",\"mainEntityOfPage\":{\"@id\":\"https:\/\/www.babyartikel.de\/magazin\/baby-1-jahr\"},\"wordCount\":1039,\"commentCount\":9,\"image\":{\"@id\":\"https:\/\/www.babyartikel.de\/magazin\/baby-1-jahr#primaryimage\"},\"thumbnailUrl\":\"https:\/\/media.babyartikel.de\/magazin\/wp-content\/uploads\/2017\/12\/Baby_ein_Jahr_Fotolia_110628871.jpg\",\"keywords\":[\"baby 12 monate\",\"entwicklung\",\"MONTH-12-primary\"],\"articleSection\":[\"Kleinkind\"],\"inLanguage\":\"de\",\"potentialAction\":[{\"@type\":\"CommentAction\",\"name\":\"Comment\",\"target\":[\"https:\/\/www.babyartikel.de\/magazin\/baby-1-jahr#respond\"]}]},{\"@type\":\"WebPage\",\"@id\":\"https:\/\/www.babyartikel.de\/magazin\/baby-1-jahr\",\"url\":\"https:\/\/www.babyartikel.de\/magazin\/baby-1-jahr\",\"name\":\"Baby 1 Jahr: So f\u00f6rderst Du seine Entwicklung | Babyartikel.de\",\"isPartOf\":{\"@id\":\"https:\/\/www.babyartikel.de\/magazin\/#website\"},\"primaryImageOfPage\":{\"@id\":\"https:\/\/www.babyartikel.de\/magazin\/baby-1-jahr#primaryimage\"},\"image\":{\"@id\":\"https:\/\/www.babyartikel.de\/magazin\/baby-1-jahr#primaryimage\"},\"thumbnailUrl\":\"https:\/\/media.babyartikel.de\/magazin\/wp-content\/uploads\/2017\/12\/Baby_ein_Jahr_Fotolia_110628871.jpg\",\"datePublished\":\"2017-05-09T06:57:59+00:00\",\"dateModified\":\"2025-11-05T10:20:53+00:00\",\"author\":{\"@id\":\"https:\/\/www.babyartikel.de\/magazin\/#\/schema\/person\/ebca06311ba3b031c9bca7bf2502fd34\"},\"description\":\"Dein Baby ist 1 Jahr alt und nun offiziell ein Kleinkind. Wie sich Dein 12 Monate altes Baby entwickelt und wie Du es jetzt f\u00f6rdern kannst.\",\"breadcrumb\":{\"@id\":\"https:\/\/www.babyartikel.de\/magazin\/baby-1-jahr#breadcrumb\"},\"inLanguage\":\"de\",\"potentialAction\":[{\"@type\":\"ReadAction\",\"target\":[\"https:\/\/www.babyartikel.de\/magazin\/baby-1-jahr\"]}]},{\"@type\":\"ImageObject\",\"inLanguage\":\"de\",\"@id\":\"https:\/\/www.babyartikel.de\/magazin\/baby-1-jahr#primaryimage\",\"url\":\"https:\/\/media.babyartikel.de\/magazin\/wp-content\/uploads\/2017\/12\/Baby_ein_Jahr_Fotolia_110628871.jpg\",\"contentUrl\":\"https:\/\/media.babyartikel.de\/magazin\/wp-content\/uploads\/2017\/12\/Baby_ein_Jahr_Fotolia_110628871.jpg\",\"width\":1688,\"height\":1126,\"caption\":\"Baby 1 Jahr, Entwicklung f\u00f6rdern, Baby ein Jahr\"},{\"@type\":\"BreadcrumbList\",\"@id\":\"https:\/\/www.babyartikel.de\/magazin\/baby-1-jahr#breadcrumb\",\"itemListElement\":[{\"@type\":\"ListItem\",\"position\":1,\"name\":\"Startseite\",\"item\":\"https:\/\/www.babyartikel.de\/magazin\"},{\"@type\":\"ListItem\",\"position\":2,\"name\":\"Dein Baby ist 1 Jahr alt: So f\u00f6rderst Du seine Entwicklung\"}]},{\"@type\":\"WebSite\",\"@id\":\"https:\/\/www.babyartikel.de\/magazin\/#website\",\"url\":\"https:\/\/www.babyartikel.de\/magazin\/\",\"name\":\"Babyartikel.de Magazin\",\"description\":\"\",\"potentialAction\":[{\"@type\":\"SearchAction\",\"target\":{\"@type\":\"EntryPoint\",\"urlTemplate\":\"https:\/\/www.babyartikel.de\/magazin\/?s={search_term_string}\"},\"query-input\":{\"@type\":\"PropertyValueSpecification\",\"valueRequired\":true,\"valueName\":\"search_term_string\"}}],\"inLanguage\":\"de\"},{\"@type\":\"Person\",\"@id\":\"https:\/\/www.babyartikel.de\/magazin\/#\/schema\/person\/ebca06311ba3b031c9bca7bf2502fd34\",\"name\":\"Mareike Fangmann\",\"image\":{\"@type\":\"ImageObject\",\"inLanguage\":\"de\",\"@id\":\"https:\/\/media.babyartikel.de\/magazin\/wp-content\/uploads\/2022\/05\/mareike-fangmann-mama-150x150.jpg\",\"url\":\"https:\/\/media.babyartikel.de\/magazin\/wp-content\/uploads\/2022\/05\/mareike-fangmann-mama-150x150.jpg\",\"contentUrl\":\"https:\/\/media.babyartikel.de\/magazin\/wp-content\/uploads\/2022\/05\/mareike-fangmann-mama-150x150.jpg\",\"caption\":\"Mareike Fangmann\"},\"description\":\"Schon mit 16 wusste ich, dass ich Journalistin werden m\u00f6chte. Damals wollte ich Promis ihre Geheimnisse entlocken und Geschichten schreiben, die ber\u00fchren oder Augen \u00f6ffnen. An Anekdoten aus meinem Alltag als Mama habe ich damals noch nicht gedacht, aber das Leben schreibt bekannterweise seine eigenen Geschichten \u2013 und meine passen sich ihm an. Ich schreibe zwar seit einigen Jahren tats\u00e4chlich \u00fcber Ber\u00fchrendes und (manchmal auch Un-)Bewegendes aus dem Alltag und der Welt, und das bei einem gro\u00dfen Medium in Hamburg. Aber als Elternteil wirst Du das kennen: Themen au\u00dferhalb des Baby-Kosmos sind besonders in der Anfangszeit unwichtiger denn je. Kein Promi der Welt ist dann noch so interessant wie das eigene Kind. Und ich bin froh, dass ich Dich in dieser Zeit mit Tipps zur Baby-Ausstattung, Hilfestellungen bei Problemen mit dem Stuhlgang, Stillen, Schlafen oder meinen Erfahrungen zum Leben mit Kleinkind unterst\u00fctzen kann.\",\"sameAs\":[\"https:\/\/www.linkedin.com\/in\/mareike-fangmann-476940ab\/\"],\"url\":\"https:\/\/www.babyartikel.de\/magazin\/author\/mareike\"}]}<\/script>\n<!-- \/ Yoast SEO Premium plugin. -->","yoast_head_json":{"title":"Baby 1 Jahr: So f\u00f6rderst Du seine Entwicklung | Babyartikel.de","description":"Dein Baby ist 1 Jahr alt und nun offiziell ein Kleinkind. Wie sich Dein 12 Monate altes Baby entwickelt und wie Du es jetzt f\u00f6rdern kannst.","robots":{"index":"index","follow":"follow","max-snippet":"max-snippet:-1","max-image-preview":"max-image-preview:large","max-video-preview":"max-video-preview:-1"},"canonical":"https:\/\/www.babyartikel.de\/magazin\/baby-1-jahr","og_locale":"de_DE","og_type":"article","og_title":"Dein Baby ist 1 Jahr alt: So f\u00f6rderst Du seine Entwicklung","og_description":"Dein Baby ist 1 Jahr alt und nun offiziell ein Kleinkind. Wie sich Dein 12 Monate altes Baby entwickelt und wie Du es jetzt f\u00f6rdern kannst.","og_url":"https:\/\/www.babyartikel.de\/magazin\/baby-1-jahr","og_site_name":"Babyartikel.de Magazin","article_published_time":"2017-05-09T06:57:59+00:00","article_modified_time":"2025-11-05T10:20:53+00:00","og_image":[{"width":1200,"height":627,"url":"https:\/\/media.babyartikel.de\/magazin\/wp-content\/uploads\/2017\/05\/Baby-1-Jahr-f\u00f6rdern.png","type":"image\/png"}],"author":"Mareike Fangmann","twitter_card":"summary_large_image","twitter_misc":{"Verfasst von":"Mareike Fangmann","Gesch\u00e4tzte Lesezeit":"6\u00a0Minuten"},"schema":{"@context":"https:\/\/schema.org","@graph":[{"@type":"Article","@id":"https:\/\/www.babyartikel.de\/magazin\/baby-1-jahr#article","isPartOf":{"@id":"https:\/\/www.babyartikel.de\/magazin\/baby-1-jahr"},"author":{"name":"Mareike Fangmann","@id":"https:\/\/www.babyartikel.de\/magazin\/#\/schema\/person\/ebca06311ba3b031c9bca7bf2502fd34"},"headline":"Dein Baby ist 1 Jahr alt: So f\u00f6rderst Du seine Entwicklung","datePublished":"2017-05-09T06:57:59+00:00","dateModified":"2025-11-05T10:20:53+00:00","mainEntityOfPage":{"@id":"https:\/\/www.babyartikel.de\/magazin\/baby-1-jahr"},"wordCount":1039,"commentCount":9,"image":{"@id":"https:\/\/www.babyartikel.de\/magazin\/baby-1-jahr#primaryimage"},"thumbnailUrl":"https:\/\/media.babyartikel.de\/magazin\/wp-content\/uploads\/2017\/12\/Baby_ein_Jahr_Fotolia_110628871.jpg","keywords":["baby 12 monate","entwicklung","MONTH-12-primary"],"articleSection":["Kleinkind"],"inLanguage":"de","potentialAction":[{"@type":"CommentAction","name":"Comment","target":["https:\/\/www.babyartikel.de\/magazin\/baby-1-jahr#respond"]}]},{"@type":"WebPage","@id":"https:\/\/www.babyartikel.de\/magazin\/baby-1-jahr","url":"https:\/\/www.babyartikel.de\/magazin\/baby-1-jahr","name":"Baby 1 Jahr: So f\u00f6rderst Du seine Entwicklung | Babyartikel.de","isPartOf":{"@id":"https:\/\/www.babyartikel.de\/magazin\/#website"},"primaryImageOfPage":{"@id":"https:\/\/www.babyartikel.de\/magazin\/baby-1-jahr#primaryimage"},"image":{"@id":"https:\/\/www.babyartikel.de\/magazin\/baby-1-jahr#primaryimage"},"thumbnailUrl":"https:\/\/media.babyartikel.de\/magazin\/wp-content\/uploads\/2017\/12\/Baby_ein_Jahr_Fotolia_110628871.jpg","datePublished":"2017-05-09T06:57:59+00:00","dateModified":"2025-11-05T10:20:53+00:00","author":{"@id":"https:\/\/www.babyartikel.de\/magazin\/#\/schema\/person\/ebca06311ba3b031c9bca7bf2502fd34"},"description":"Dein Baby ist 1 Jahr alt und nun offiziell ein Kleinkind. Wie sich Dein 12 Monate altes Baby entwickelt und wie Du es jetzt f\u00f6rdern kannst.","breadcrumb":{"@id":"https:\/\/www.babyartikel.de\/magazin\/baby-1-jahr#breadcrumb"},"inLanguage":"de","potentialAction":[{"@type":"ReadAction","target":["https:\/\/www.babyartikel.de\/magazin\/baby-1-jahr"]}]},{"@type":"ImageObject","inLanguage":"de","@id":"https:\/\/www.babyartikel.de\/magazin\/baby-1-jahr#primaryimage","url":"https:\/\/media.babyartikel.de\/magazin\/wp-content\/uploads\/2017\/12\/Baby_ein_Jahr_Fotolia_110628871.jpg","contentUrl":"https:\/\/media.babyartikel.de\/magazin\/wp-content\/uploads\/2017\/12\/Baby_ein_Jahr_Fotolia_110628871.jpg","width":1688,"height":1126,"caption":"Baby 1 Jahr, Entwicklung f\u00f6rdern, Baby ein Jahr"},{"@type":"BreadcrumbList","@id":"https:\/\/www.babyartikel.de\/magazin\/baby-1-jahr#breadcrumb","itemListElement":[{"@type":"ListItem","position":1,"name":"Startseite","item":"https:\/\/www.babyartikel.de\/magazin"},{"@type":"ListItem","position":2,"name":"Dein Baby ist 1 Jahr alt: So f\u00f6rderst Du seine Entwicklung"}]},{"@type":"WebSite","@id":"https:\/\/www.babyartikel.de\/magazin\/#website","url":"https:\/\/www.babyartikel.de\/magazin\/","name":"Babyartikel.de Magazin","description":"","potentialAction":[{"@type":"SearchAction","target":{"@type":"EntryPoint","urlTemplate":"https:\/\/www.babyartikel.de\/magazin\/?s={search_term_string}"},"query-input":{"@type":"PropertyValueSpecification","valueRequired":true,"valueName":"search_term_string"}}],"inLanguage":"de"},{"@type":"Person","@id":"https:\/\/www.babyartikel.de\/magazin\/#\/schema\/person\/ebca06311ba3b031c9bca7bf2502fd34","name":"Mareike Fangmann","image":{"@type":"ImageObject","inLanguage":"de","@id":"https:\/\/media.babyartikel.de\/magazin\/wp-content\/uploads\/2022\/05\/mareike-fangmann-mama-150x150.jpg","url":"https:\/\/media.babyartikel.de\/magazin\/wp-content\/uploads\/2022\/05\/mareike-fangmann-mama-150x150.jpg","contentUrl":"https:\/\/media.babyartikel.de\/magazin\/wp-content\/uploads\/2022\/05\/mareike-fangmann-mama-150x150.jpg","caption":"Mareike Fangmann"},"description":"Schon mit 16 wusste ich, dass ich Journalistin werden m\u00f6chte. Damals wollte ich Promis ihre Geheimnisse entlocken und Geschichten schreiben, die ber\u00fchren oder Augen \u00f6ffnen. An Anekdoten aus meinem Alltag als Mama habe ich damals noch nicht gedacht, aber das Leben schreibt bekannterweise seine eigenen Geschichten \u2013 und meine passen sich ihm an. Ich schreibe zwar seit einigen Jahren tats\u00e4chlich \u00fcber Ber\u00fchrendes und (manchmal auch Un-)Bewegendes aus dem Alltag und der Welt, und das bei einem gro\u00dfen Medium in Hamburg. Aber als Elternteil wirst Du das kennen: Themen au\u00dferhalb des Baby-Kosmos sind besonders in der Anfangszeit unwichtiger denn je. Kein Promi der Welt ist dann noch so interessant wie das eigene Kind. Und ich bin froh, dass ich Dich in dieser Zeit mit Tipps zur Baby-Ausstattung, Hilfestellungen bei Problemen mit dem Stuhlgang, Stillen, Schlafen oder meinen Erfahrungen zum Leben mit Kleinkind unterst\u00fctzen kann.","sameAs":["https:\/\/www.linkedin.com\/in\/mareike-fangmann-476940ab\/"],"url":"https:\/\/www.babyartikel.de\/magazin\/author\/mareike"}]}},"abstract_sku":"","_links":{"self":[{"href":"https:\/\/www.babyartikel.de\/magazin\/wp-json\/wp\/v2\/posts\/53349","targetHints":{"allow":["GET"]}}],"collection":[{"href":"https:\/\/www.babyartikel.de\/magazin\/wp-json\/wp\/v2\/posts"}],"about":[{"href":"https:\/\/www.babyartikel.de\/magazin\/wp-json\/wp\/v2\/types\/post"}],"author":[{"embeddable":true,"href":"https:\/\/www.babyartikel.de\/magazin\/wp-json\/wp\/v2\/users\/66"}],"replies":[{"embeddable":true,"href":"https:\/\/www.babyartikel.de\/magazin\/wp-json\/wp\/v2\/comments?post=53349"}],"version-history":[{"count":26,"href":"https:\/\/www.babyartikel.de\/magazin\/wp-json\/wp\/v2\/posts\/53349\/revisions"}],"predecessor-version":[{"id":965161,"href":"https:\/\/www.babyartikel.de\/magazin\/wp-json\/wp\/v2\/posts\/53349\/revisions\/965161"}],"wp:featuredmedia":[{"embeddable":true,"href":"https:\/\/www.babyartikel.de\/magazin\/wp-json\/wp\/v2\/media\/54172"}],"wp:attachment":[{"href":"https:\/\/www.babyartikel.de\/magazin\/wp-json\/wp\/v2\/media?parent=53349"}],"wp:term":[{"taxonomy":"category","embeddable":true,"href":"https:\/\/www.babyartikel.de\/magazin\/wp-json\/wp\/v2\/categories?post=53349"},{"taxonomy":"post_tag","embeddable":true,"href":"https:\/\/www.babyartikel.de\/magazin\/wp-json\/wp\/v2\/tags?post=53349"}],"curies":[{"name":"wp","href":"https:\/\/api.w.org\/{rel}","templated":true}]}}