
{"id":55803,"date":"2018-07-03T09:10:45","date_gmt":"2018-07-03T07:10:45","guid":{"rendered":"https:\/\/www.babyartikel.de\/magazin\/?p=55803"},"modified":"2024-11-14T13:46:19","modified_gmt":"2024-11-14T12:46:19","slug":"der-erste-urlaub-mit-baby","status":"publish","type":"post","link":"https:\/\/www.babyartikel.de\/magazin\/der-erste-urlaub-mit-baby","title":{"rendered":"Unser erster Urlaub mit Baby"},"content":{"rendered":"<p>Vor kurzem war es soweit: unser erster Urlaub mit unserem 10 Monate alten Sohn stand an! Wir hatten mit meinen Eltern eine Ferienwohnung an der Ostsee f&uuml;r vier Tage gebucht und ich war ziemlich gespannt, wie sich Max im ersten Urlaub verhalten w&uuml;rde. Dieser Artikel ist nicht nur ein Erfahrungsbericht &uuml;ber meinen ersten Urlaub mit Baby: Weiter unten habe ich auch eine Packliste f&uuml;r Babys ersten Urlaub zusammengestellt.<p>Bevor es &uuml;berhaupt losging, hie&szlig; es nat&uuml;rlich <strong>Koffer packen<\/strong>. Und ich war wirklich &uuml;berrascht, wie viel Gep&auml;ck f&uuml;r die vier Tage zusammengekommen waren. Windeln, verschiedenste Klamotten (an der See ist das Wetter ja doch ziemlich wechselhaft), Spielzeug, Babybrei, Knabberzeug, Medikamente f&uuml;r den Notfall und einiges mehr.<\/p><p>W&auml;hrend der 3,5 st&uuml;ndigen Fahrt sa&szlig; ich wie immer hinten neben Max, um ihn etwas besch&auml;ftigen zu k&ouml;nnen. Leider f&auml;hrt Max nicht so gerne Auto und ich war schon etwas angespannt, wie die Fahrt wohl werden wird&hellip; Und in der Tat musste ich Max fast die <strong>gesamte Fahrt &uuml;ber bespa&szlig;en<\/strong>, aber Gott sei Dank schlief er auch etwas &uuml;ber eine Stunde.<\/p><div class=\"marketing-slot\"><div id=\"block-18\" class=\"content-post-widget marketing-slot-1 widget_block\"><a href=\"#\" class=\"newsletter_popup\" style=\"\n  display: inline-block;\n  box-shadow: 0 4px 10px rgba(0,0,0,0.1);\n  margin: 20px auto;\n  max-width: 800px;\n  width: 100%;\">\n  <img src=\"https:\/\/media.babyartikel.de\/magazin\/wp-content\/uploads\/2025\/08\/NL-Banner-Magazin-8-25.webp\" alt=\"Newsletter Banner\" style=\"\n    width: 100%;\n    height: auto;\n    display: block;\" onclick=\"ga('send', 'event', 'banner', 'click', 'magazin-banner-newsletter-8-25');\">\n<\/a>\n\n\t<!-- Modal -->\n\t<div class=\"modal fade modal_popup\" id=\"newsletter_popup\" tabindex=\"-1\" aria-labelledby=\"exampleModalLabel\" aria-hidden=\"true\">\n\t\t<div class=\"modal-dialog modal-dialog-centered modal-dialog-scrollable\">\n\t\t\t<div class=\"modal-content\">\n\t\t\t\t<div class=\"modal-header small-header\">\n\t\t\t\t\t<h5 class=\"modal-title\" id=\"newsletterModalLabel\">\n\t\t\t\t\t\tNewsletter\t\t\t\t\t<\/h5>\n\t\t\t\t\t<button type=\"button\" class=\"btn-close small-close\" data-bs-dismiss=\"modal\" aria-label=\"Close\"><\/button>\n\t\t\t\t<\/div>\n\n\t\t\t\t<div class=\"modal-body\">\n\t\t\t\t\t\t<div class=\"newsletterForm-embed popup-form\">\n        <form name=\"newsletterSubscriptionForm\" id=\"newsletter_popup_69f0fb0b8c765_form\" data-newsletter-id=\"newsletter_popup_69f0fb0b8c765\" method=\"POST\">\n\n\t\t\t<input type=\"text\" name=\"website\" class=\"hidden\" tabindex=\"-1\" autocomplete=\"off\" style=\"position:absolute;left:-9999px;\">\n\t\t\t<input type=\"hidden\" name=\"ts\" value=\"1777400587\">\n\n\t\t\t                <input type=\"hidden\" name=\"emarsys-event-id\" value=\"3756\">\n            \n            \t\t\t<div class=\"mb-3\">\n\t\t\t\t<label for=\"date\" class=\"form-label\">Geburtstag\/ -termin Deines Babys<\/label>\n                <input type=\"date\" name=\"date\" class=\"input input--expand form-control\" required>\n\t\t\t<\/div>\n            \n\t\t\t<div class=\"mb-3\">\n\t\t\t\t<label for=\"email\" class=\"form-label\">E-Mail-Adresse<\/label>\n\t\t\t\t<input type=\"email\" name=\"email\" placeholder=\"E-Mail-Adresse\" class=\"input input--expand form-control\" required>\n\t\t\t<\/div>\n\n\t\t\t\t\t\t\t<button type=\"submit\" class=\"btn btn-primary\">Absenden<\/button>\n\t\t\t\n\t\t\t\t\t\t\t<div class=\"small mt-3\" style=\"font-weight:normal;\">\n\t\t\t\t\t\n\t\t\t<div class=\"mt-3\">\n\t\t\t\tJa, ich m&ouml;chte den Newsletter von Babyartikel.de erhalten und &uuml;ber Aktionen informiert werden.\n  Dabei darf mein Nutzungsverhalten (z. B. &Ouml;ffnungen und Klicks) zur Personalisierung ausgewertet werden.\n  Mehr finde ich in der <a href=\"\/de\/datenschutz\" style=\"text-decoration:underline\">Datenschutzerkl&auml;rung<\/a>.\n\t\t\t<\/div>\n\t\t\t\t\t\t<\/div>\n\t\t\t\n\t\t\t\t\t\t\t<div class=\"small mb-3 mt-3\" style=\"font-weight:normal;\">\n\t\t\t\t\tJederzeit abbestellbar | <a href=\"\/de\/datenschutz\" style=\"text-decoration:underline\">\n\t\t\t\t\t\tDatenschutzerkl&auml;rung\n\t\t\t\t\t<\/a>\n\t\t\t\t<\/div>\n\t\t\t\n        <\/form>\n    <\/div>\n\t\n\t\t\t\t\t<div class=\"response-messages_newsletter_popup_69f0fb0b8c765\">\n\t\t\t\t\t\t<div class=\"alert alert-success success mt-3 mb-3 d-none\">\n\t\t\t\t\t\t\tNur noch ein Klick! Best&auml;tige Deine Anmeldung in der E-Mail, die du gleich erh&auml;ltst.\t\t\t\t\t\t<\/div>\n\t\t\t\t\t\t<div class=\"error mt-3 mb-3 d-none\">\n\t\t\t\t\t\t\t<div class=\"alert alert-danger \">\n\t\t\t\t\t\t\t\tEin Fehler ist aufgetreten. Bitte versuche es sp&auml;ter erneut.\t\t\t\t\t\t\t<\/div>\n\t\t\t\t\t\t<\/div>\n\t\t\t\t\t\t<div class=\"alert alert-danger other-2007 mt-3 mb-3 d-none\">\n\t\t\t\t\t\t\tUng&Atilde;&frac14;ltiges Datumsformat\t\t\t\t\t\t<\/div>\n\t\t\t\t\t<\/div>\n\t\t\t\t<\/div>\n\t\t\t<\/div>\n\t\t<\/div>\n\t<\/div>\n\n\t<\/div><!-- content-widget --><\/div><p>In der Ferienwohnung angekommen, musste Max erst einmal <strong>s&auml;mtliche R&auml;ume erkunden<\/strong>. Keine Spur von Angst oder Unwohlsein. In den N&auml;chten schlief Max genauso gut (oder schlecht) wie zuhause, obwohl er zuvor noch nie in einem Reisebett geschlafen hatte. Was f&uuml;r ein Gl&uuml;ck!!<\/p><div class=\"wp-block-image wp-image-55804 size-medium\">\n<figure class=\"aligncenter\"><img loading=\"lazy\" decoding=\"async\" width=\"225\" height=\"300\" src=\"https:\/\/www.babyartikel.de\/magazin\/wp-content\/uploads\/2018\/04\/9-225x300.jpg\" alt=\"der erste Urlaub mit Baby\" class=\"wp-image-55804\" srcset=\"https:\/\/media.babyartikel.de\/magazin\/wp-content\/uploads\/2018\/04\/9-225x300.jpg 225w, https:\/\/media.babyartikel.de\/magazin\/wp-content\/uploads\/2018\/04\/9-518x690.jpg 518w, https:\/\/media.babyartikel.de\/magazin\/wp-content\/uploads\/2018\/04\/9-788x1050.jpg 788w, https:\/\/media.babyartikel.de\/magazin\/wp-content\/uploads\/2018\/04\/9-113x150.jpg 113w, https:\/\/media.babyartikel.de\/magazin\/wp-content\/uploads\/2018\/04\/9-768x1024.jpg 768w, https:\/\/media.babyartikel.de\/magazin\/wp-content\/uploads\/2018\/04\/9-1152x1536.jpg 1152w, https:\/\/media.babyartikel.de\/magazin\/wp-content\/uploads\/2018\/04\/9-1536x2048.jpg 1536w, https:\/\/media.babyartikel.de\/magazin\/wp-content\/uploads\/2018\/04\/9-945x1260.jpg 945w, https:\/\/media.babyartikel.de\/magazin\/wp-content\/uploads\/2018\/04\/9-600x800.jpg 600w, https:\/\/media.babyartikel.de\/magazin\/wp-content\/uploads\/2018\/04\/9-scaled.jpg 1920w\" sizes=\"auto, (max-width: 225px) 100vw, 225px\"><figcaption class=\"wp-element-caption\">Max in seinem ersten Urlaub<\/figcaption><\/figure><\/div><p>Insgesamt betrachtet war der <strong>erste Urlaub mit Max wirklich sehr sch&ouml;n und entspannt<\/strong>. Max hatte fast immer gute Laune und hat alles ohne Probleme mitgemacht. So bin ich nun deutlich gelassener, wenn ich an unseren zweiten Urlaub diesen Sommer nach D&auml;nemark denke.<br><strong>Au&szlig;erdem bin ich nach diesem Urlaub um einiges schlauer bzw. wei&szlig;, was ich beim zweiten Urlaub anders machen werde.<\/strong><\/p><div class=\"postslot1\">\t\t<div style=\"clear:both\"><\/div>\n\t\t\t\t\t\t<div id=\"productPanel853\" class=\"product-panel-bottom\">&nbsp;<\/div>\n\t\t\t\t\t\t<script type=\"module\">\n\t\t\t\t\t\t\trequestProductPanel(\"https:\/\/www.babyartikel.de\/magazin\/wp-content\/plugins\/wp-productpanel2\/ProductPanel.php\", \"?panel_type=automatic&basis_category=1-RZ&basis_product=&swipe_mobile=1&postid=55803&template=auto&max=4&productPanelId=853&solrQuery=\", 853, 1);\n\t\t\t\t\t\t<\/script>\n\t\t\t\t\t<link rel=\"stylesheet\" href=\"https:\/\/cdn.jsdelivr.net\/npm\/swiper@8\/swiper-bundle.min.css\"><\/div><div class=\"marketing-slot\"><div id=\"block-25\" class=\"content-post-widget marketing-slot-2 widget_block\"><a href=\"https:\/\/www.babyartikel.de\/de\/angebote\" data-track-link-click=\"true\" data-track-name=\"nyoutlet2026-magazin\" data-track-medium=\"banner-magazin-post\" data-track-campaign=\"magazin-banner-nyoutlet2026\" onclick=\"ga('send', 'event', 'banner', 'click', 'magazin-banner-nyoutlet2026');\" style=\"display:block;width:100%;text-align:center;\"><img src=\"https:\/\/media.babyartikel.de\/magazin\/wp-content\/uploads\/2026\/01\/NY-Outlet-10-2026.webp\" alt=\"Sale\" style=\"max-width:100%;\"><\/a><\/div><!-- content-widget --><\/div><h2 class=\"wp-block-heading\" id=\"h-tipps-fur-den-ersten-urlaub-mit-baby\"><strong>Tipps f&uuml;r den ersten Urlaub mit Baby<\/strong><\/h2><ul class=\"wp-block-list\">\n<li>Vorher eine <strong>Liste mit Dingen machen, die Du mitnehmen m&ouml;chtest. <\/strong>Das spart Zeit und Du kannst Dir sicher sein, dass Du nichts Wichtiges vergessen hast.<\/li>\n\n\n\n<li><strong>Gen&uuml;gend Pausen machen<\/strong>! Wir haben auf der 3,5 st&uuml;ndigen Fahrt zweimal angehalten und haben eine Pause von jeweils etwa einer halben Stunde gemacht. So konnten wir uns die Beine vertreten. Max hatte etwas Abwechslung von der Autofahrt und konnte sich bewegen anstatt die ganze Zeit eingeengt in der Babyschale zu sitzen.<\/li>\n\n\n\n<li>Ich bin mir sicher, dass Du nur die H&auml;lfte der eingepackten Klamotten Deinem Baby <strong>auch tats&auml;chlich anziehen wirst <\/strong>(so war es jedenfalls bei uns). Plane lieber vorher genauer und spare Platz f&uuml;r andere Sachen. &Uuml;berpr&uuml;fe aber in jedem Fall, ob es in Deiner Ferienwohnung oder in der N&auml;he eine <strong>Waschmaschine<\/strong> bzw. einen Waschsalon gibt.<\/li>\n\n\n\n<li><strong>Spielzeug einpacken<\/strong>! Ich bin wirklich froh, dass ich Max Lieblingsb&uuml;cher und verschiedenstes anderes Spielzeug eingepackt habe, da er damit sehr viel gespielt hat. Es sollte nat&uuml;rlich aber auch nicht zu viel sein, da man im Urlaub ja auch viel unterwegs ist und es sowieso viel zu entdecken gibt. Bei <strong>Wartezeiten<\/strong>, z.B. im Stau oder im Restaurant, sind Bilderb&uuml;cher oder kleine Spielsachen eine Riesenhilfe.<\/li>\n\n\n\n<li><strong>Windeln vorher abz&auml;hlen<\/strong> und nicht gleich die Gro&szlig;packung mitnehmen, weil es so praktisch ist. In einem l&auml;ngeren Urlaub kannst Du auch die <strong>Windeln erst im Urlaubsort kaufen<\/strong> &mdash; das spart noch mehr Platz. Falls Du die Gro&szlig;eltern in weiter Ferne besuchst, bitte sie einfach, vorher Windeln und T&uuml;cher zu besorgen.<\/li>\n\n\n\n<li><strong>Babygl&auml;schen mit Brei<\/strong> solltest Du aber lieber mitnehmen, sofern Du ins Ausland reist. Das Sortiment ist dort oft ganz anders und es auch nicht immer in Bio-Qualit&auml;t angeboten wird.<\/li>\n\n\n\n<li>Sehr praktisch empfand ich auch <strong>unsere <a href=\"https:\/\/www.babyartikel.de\/cat\/babytragen-tragetuecher\">Babytrage<\/a><\/strong>, da gerade beim Bummeln in der Stadt der gro&szlig;e Kinderwagen doch ziemlich st&ouml;rt. Au&szlig;erdem ist Max deutlich entspannter, wenn er an meinem K&ouml;rper getragen wird.<\/li>\n<\/ul><p>Falls Du mit Deinem Baby demn&auml;chst vielleicht sogar <strong>die erste Flugreise<\/strong> planst, findest Du <a href=\"https:\/\/www.babyartikel.de\/magazin\/flugreise-mit-baby-was-gibt-es-zu-beachten\">in diesem Magazin-Beitrag<\/a> spezielle Tipps.<\/p><h2 class=\"wp-block-heading\" id=\"h-checkliste-fur-den-urlaub-mit-baby\"><strong>Checkliste f&uuml;r den Urlaub mit Baby<br><\/strong><\/h2><p>Hier ein <strong>kleiner &Uuml;berblick<\/strong>, was Du im Urlaub mit Baby nicht vergessen solltest:<\/p><ul class=\"wp-block-list\">\n<li><strong>Kleidung<\/strong> (ein bis zwei Outfits pro Tag, au&szlig;erdem M&uuml;tze, Sonnenhut, warme Jacke, evt. Badesachen) und <strong>L&auml;tzchen<\/strong><\/li>\n\n\n\n<li><strong>Schlafsack<\/strong><\/li>\n\n\n\n<li><strong>Mullwindeln<\/strong><\/li>\n\n\n\n<li><strong>Medikamente<\/strong> und <strong>Cremes<\/strong> (Fieber-Z&auml;pfchen, Globulis, Wundcreme, Zahngel gegen Zahnschmerzen, Allwettercreme f&uuml;r die Haut, Sonnencreme, Nasentropfen oder Kochsalzl&ouml;sung gegen eine verstopfte Nase)<\/li>\n\n\n\n<li><strong>Gesundheitshelfer<\/strong> (<a href=\"https:\/\/www.babyartikel.de\/cat\/fieberthermometer\">Fieberthermometer<\/a>, <a href=\"https:\/\/www.babyartikel.de\/cat\/beissringe\">Bei&szlig;ring<\/a>, <a href=\"https:\/\/www.babyartikel.de\/cat\/waermekissen-koernerkissen\">Kirschkernkissen<\/a>, evt. <a href=\"https:\/\/www.babyartikel.de\/cat\/nasensauger\">Nasensauger<\/a>, Baby-Nagelschere)<\/li>\n\n\n\n<li><strong>Wickeltasche<\/strong> (u.a. mit einer Wickelunterlage, Feuchtt&uuml;chern und Papiertaschent&uuml;chern)<\/li>\n\n\n\n<li><strong>Windeln<\/strong> (und eventuell auch <strong>Schwimmwindeln<\/strong>)<strong><br><\/strong><\/li>\n\n\n\n<li><strong>Brei<\/strong>, <strong>Fingerfood<\/strong> und <strong>Wasser<\/strong><\/li>\n\n\n\n<li><strong>Milchnahrung <\/strong>und <strong>Fl&auml;schchen<br><\/strong><\/li>\n\n\n\n<li><strong>Trinkflasche, Breil&ouml;ffel<\/strong>, eventuell <strong>Babybesteck<\/strong><\/li>\n\n\n\n<li><strong>Spielzeug<\/strong>, B&uuml;cher<\/li>\n\n\n\n<li><strong>Nachtlicht<\/strong><\/li>\n\n\n\n<li><strong>Babytrage<\/strong> oder Tragetuch<\/li>\n\n\n\n<li>Mehrere <strong>Schnuller<\/strong> (im Ausland gibt es Euer Modell vielleicht nicht)<\/li>\n\n\n\n<li><strong>Kinderwagen<\/strong> oder (Reise-)Buggy<\/li>\n\n\n\n<li><strong>Babydecke<\/strong> zum Zudecken und ggf. <strong>Picknickdecke<\/strong> zum Krabbeln<\/li>\n\n\n\n<li><strong>Reisebett<\/strong> und <strong>Hochstuhl<\/strong> (gibt es oft auch vor Ort kostenlos oder zum Mieten. Eventuell kannst Du auch einfach den Buggy als Hochstuhl-Ersatz verwenden)<\/li>\n\n\n\n<li>wiederverschlie&szlig;bare <strong>Plastikbeutel<\/strong> (praktisch f&uuml;r nasse L&auml;tzchen, dreckige Kleidung, Essen und vieles mehr)<\/li>\n\n\n\n<li>evtl. <strong>Sonnenschirm<\/strong> oder Strandmuschel<\/li>\n\n\n\n<li><strong>Insektenschutz<\/strong> f&uuml;r den Kinderwagen<\/li>\n\n\n\n<li><strong>Babyphon<\/strong>e<\/li>\n<\/ul><p>Nat&uuml;rlich kannst Du noch viele weitere Dinge einpacken &ndash; aber dann wird Deine Reisetasche immer voller<strong>. &Uuml;berlege Dir genau, worauf Du im Urlaub verzichten k&ouml;nntest<\/strong> (z.B. Kapuzenhandt&uuml;cher, Babykostw&auml;rmer) und was Du keinen Fall liegen bleiben darf. Dann steht einem entspannten Urlaub nichts mehr im Weg!<\/p><div class=\"credits-overlay\" data-target=\".wp-image-55804\"><a href=\"#\" target=\"_blank\">edf<\/a><\/div><\/p>\n","protected":false},"excerpt":{"rendered":"<p>Vor kurzem war es soweit: unser erster Urlaub mit unserem 10 Monate alten Sohn stand an! Wir hatten mit meinen Eltern eine Ferienwohnung an der Ostsee f&uuml;r vier Tage gebucht und ich war ziemlich gespannt, wie sich Max im ersten Urlaub verhalten w&uuml;rde. Dieser Artikel ist nicht nur ein Erfahrungsbericht &uuml;ber meinen ersten Urlaub mit [&#8230;]<\/p>\n<p><a class=\"btn btn-secondary understrap-read-more-link\" href=\"https:\/\/www.babyartikel.de\/magazin\/der-erste-urlaub-mit-baby\">Weiterlesen&#8230;<\/a><\/p>\n","protected":false},"author":79,"featured_media":55805,"comment_status":"open","ping_status":"closed","sticky":false,"template":"","format":"standard","meta":{"_acf_changed":false,"footnotes":""},"categories":[79,2820],"tags":[1470],"class_list":["post-55803","post","type-post","status-publish","format-standard","has-post-thumbnail","hentry","category-baby","category-leben-mit-baby","tag-reisen-mit-baby"],"acf":[],"yoast_head":"<!-- This site is optimized with the Yoast SEO Premium plugin v27.2 (Yoast SEO v27.2) - https:\/\/yoast.com\/product\/yoast-seo-premium-wordpress\/ -->\n<title>Unser erster Urlaub mit Baby | Babyartikel.de Magazin<\/title>\n<meta name=\"description\" content=\"Vor kurzem war es soweit: unser \u2665 erster Urlaub mit Baby \u2665 stand an! Ich habe eine \u2192 Packliste f\u00fcr den ersten Urlaub mit Baby erstellt -- und gebe Dir noch weitere Tipps f\u00fcr den ersten Urlaub mit Baby\" \/>\n<meta name=\"robots\" content=\"index, follow, max-snippet:-1, max-image-preview:large, max-video-preview:-1\" \/>\n<link rel=\"canonical\" href=\"https:\/\/www.babyartikel.de\/magazin\/der-erste-urlaub-mit-baby\" \/>\n<meta property=\"og:locale\" content=\"de_DE\" \/>\n<meta property=\"og:type\" content=\"article\" \/>\n<meta property=\"og:title\" content=\"Unser erster Urlaub mit Baby\" \/>\n<meta property=\"og:description\" content=\"Vor kurzem war es soweit: unser \u2665 erster Urlaub mit Baby \u2665 stand an! Ich habe eine \u2192 Packliste f\u00fcr den ersten Urlaub mit Baby erstellt -- und gebe Dir noch weitere Tipps f\u00fcr den ersten Urlaub mit Baby\" \/>\n<meta property=\"og:url\" content=\"https:\/\/www.babyartikel.de\/magazin\/der-erste-urlaub-mit-baby\" \/>\n<meta property=\"og:site_name\" content=\"Babyartikel.de Magazin\" \/>\n<meta property=\"article:published_time\" content=\"2018-07-03T07:10:45+00:00\" \/>\n<meta property=\"article:modified_time\" content=\"2024-11-14T12:46:19+00:00\" \/>\n<meta property=\"og:image\" content=\"https:\/\/cdn.magazin.babyartikel.de\/magazin\/wp-content\/uploads\/2018\/04\/P1260216-scaled.jpg\" \/>\n\t<meta property=\"og:image:width\" content=\"2560\" \/>\n\t<meta property=\"og:image:height\" content=\"1920\" \/>\n\t<meta property=\"og:image:type\" content=\"image\/jpeg\" \/>\n<meta name=\"author\" content=\"Sandra Baumann\" \/>\n<meta name=\"twitter:card\" content=\"summary_large_image\" \/>\n<meta name=\"twitter:label1\" content=\"Verfasst von\" \/>\n\t<meta name=\"twitter:data1\" content=\"Sandra Baumann\" \/>\n\t<meta name=\"twitter:label2\" content=\"Gesch\u00e4tzte Lesezeit\" \/>\n\t<meta name=\"twitter:data2\" content=\"5\u00a0Minuten\" \/>\n<script type=\"application\/ld+json\" class=\"yoast-schema-graph\">{\"@context\":\"https:\/\/schema.org\",\"@graph\":[{\"@type\":\"Article\",\"@id\":\"https:\/\/www.babyartikel.de\/magazin\/der-erste-urlaub-mit-baby#article\",\"isPartOf\":{\"@id\":\"https:\/\/www.babyartikel.de\/magazin\/der-erste-urlaub-mit-baby\"},\"author\":{\"name\":\"Sandra Baumann\",\"@id\":\"https:\/\/www.babyartikel.de\/magazin\/#\/schema\/person\/ff48fd33e1e240dfb3012b74fce938f1\"},\"headline\":\"Unser erster Urlaub mit Baby\",\"datePublished\":\"2018-07-03T07:10:45+00:00\",\"dateModified\":\"2024-11-14T12:46:19+00:00\",\"mainEntityOfPage\":{\"@id\":\"https:\/\/www.babyartikel.de\/magazin\/der-erste-urlaub-mit-baby\"},\"wordCount\":890,\"commentCount\":0,\"image\":{\"@id\":\"https:\/\/www.babyartikel.de\/magazin\/der-erste-urlaub-mit-baby#primaryimage\"},\"thumbnailUrl\":\"https:\/\/media.babyartikel.de\/magazin\/wp-content\/uploads\/2018\/04\/P1260216-scaled.jpg\",\"keywords\":[\"reisen mit baby\"],\"articleSection\":[\"Baby\",\"Leben mit Baby\"],\"inLanguage\":\"de\",\"potentialAction\":[{\"@type\":\"CommentAction\",\"name\":\"Comment\",\"target\":[\"https:\/\/www.babyartikel.de\/magazin\/der-erste-urlaub-mit-baby#respond\"]}]},{\"@type\":\"WebPage\",\"@id\":\"https:\/\/www.babyartikel.de\/magazin\/der-erste-urlaub-mit-baby\",\"url\":\"https:\/\/www.babyartikel.de\/magazin\/der-erste-urlaub-mit-baby\",\"name\":\"Unser erster Urlaub mit Baby | Babyartikel.de Magazin\",\"isPartOf\":{\"@id\":\"https:\/\/www.babyartikel.de\/magazin\/#website\"},\"primaryImageOfPage\":{\"@id\":\"https:\/\/www.babyartikel.de\/magazin\/der-erste-urlaub-mit-baby#primaryimage\"},\"image\":{\"@id\":\"https:\/\/www.babyartikel.de\/magazin\/der-erste-urlaub-mit-baby#primaryimage\"},\"thumbnailUrl\":\"https:\/\/media.babyartikel.de\/magazin\/wp-content\/uploads\/2018\/04\/P1260216-scaled.jpg\",\"datePublished\":\"2018-07-03T07:10:45+00:00\",\"dateModified\":\"2024-11-14T12:46:19+00:00\",\"author\":{\"@id\":\"https:\/\/www.babyartikel.de\/magazin\/#\/schema\/person\/ff48fd33e1e240dfb3012b74fce938f1\"},\"description\":\"Vor kurzem war es soweit: unser \u2665 erster Urlaub mit Baby \u2665 stand an! Ich habe eine \u2192 Packliste f\u00fcr den ersten Urlaub mit Baby erstellt -- und gebe Dir noch weitere Tipps f\u00fcr den ersten Urlaub mit Baby\",\"breadcrumb\":{\"@id\":\"https:\/\/www.babyartikel.de\/magazin\/der-erste-urlaub-mit-baby#breadcrumb\"},\"inLanguage\":\"de\",\"potentialAction\":[{\"@type\":\"ReadAction\",\"target\":[\"https:\/\/www.babyartikel.de\/magazin\/der-erste-urlaub-mit-baby\"]}]},{\"@type\":\"ImageObject\",\"inLanguage\":\"de\",\"@id\":\"https:\/\/www.babyartikel.de\/magazin\/der-erste-urlaub-mit-baby#primaryimage\",\"url\":\"https:\/\/media.babyartikel.de\/magazin\/wp-content\/uploads\/2018\/04\/P1260216-scaled.jpg\",\"contentUrl\":\"https:\/\/media.babyartikel.de\/magazin\/wp-content\/uploads\/2018\/04\/P1260216-scaled.jpg\",\"width\":2560,\"height\":1920},{\"@type\":\"BreadcrumbList\",\"@id\":\"https:\/\/www.babyartikel.de\/magazin\/der-erste-urlaub-mit-baby#breadcrumb\",\"itemListElement\":[{\"@type\":\"ListItem\",\"position\":1,\"name\":\"Startseite\",\"item\":\"https:\/\/www.babyartikel.de\/magazin\"},{\"@type\":\"ListItem\",\"position\":2,\"name\":\"Unser erster Urlaub mit Baby\"}]},{\"@type\":\"WebSite\",\"@id\":\"https:\/\/www.babyartikel.de\/magazin\/#website\",\"url\":\"https:\/\/www.babyartikel.de\/magazin\/\",\"name\":\"Babyartikel.de Magazin\",\"description\":\"\",\"potentialAction\":[{\"@type\":\"SearchAction\",\"target\":{\"@type\":\"EntryPoint\",\"urlTemplate\":\"https:\/\/www.babyartikel.de\/magazin\/?s={search_term_string}\"},\"query-input\":{\"@type\":\"PropertyValueSpecification\",\"valueRequired\":true,\"valueName\":\"search_term_string\"}}],\"inLanguage\":\"de\"},{\"@type\":\"Person\",\"@id\":\"https:\/\/www.babyartikel.de\/magazin\/#\/schema\/person\/ff48fd33e1e240dfb3012b74fce938f1\",\"name\":\"Sandra Baumann\",\"image\":{\"@type\":\"ImageObject\",\"inLanguage\":\"de\",\"@id\":\"https:\/\/media.babyartikel.de\/magazin\/wp-content\/uploads\/2017\/03\/Sandra-Baumann-150x150.jpg\",\"url\":\"https:\/\/media.babyartikel.de\/magazin\/wp-content\/uploads\/2017\/03\/Sandra-Baumann-150x150.jpg\",\"contentUrl\":\"https:\/\/media.babyartikel.de\/magazin\/wp-content\/uploads\/2017\/03\/Sandra-Baumann-150x150.jpg\",\"caption\":\"Sandra Baumann\"},\"description\":\"Mein Name ist Sandra, ich bin Anfang 30 und wohne in der N\u00e4he von Hamburg. Eine eigene Familie haben - das war schon immer unser Wunsch und so hat sich im April 2017 unser Sohn in unsere Herzen geschlichen. Seitdem schreibe ich tats\u00e4chlich auch schon Artikel f\u00fcr das Babyartikel Magazin und habe immer noch sehr viel Freude daran. Unsere kleine Tochter hat unsere Familie dann im Juli 2019 komplett gemacht. Gerne m\u00f6chte ich Dir von meinen Erfahrungen berichten - besonders viel besch\u00e4ftige ich mich mit den Themen bed\u00fcrfnisorientierte Erziehung und Ern\u00e4hrung von Kindern - und vielleicht kann ich dir bei dem ein oder anderen Problem weiterhelfen.\",\"url\":\"https:\/\/www.babyartikel.de\/magazin\/author\/sandra-b\"}]}<\/script>\n<!-- \/ Yoast SEO Premium plugin. -->","yoast_head_json":{"title":"Unser erster Urlaub mit Baby | Babyartikel.de Magazin","description":"Vor kurzem war es soweit: unser \u2665 erster Urlaub mit Baby \u2665 stand an! Ich habe eine \u2192 Packliste f\u00fcr den ersten Urlaub mit Baby erstellt -- und gebe Dir noch weitere Tipps f\u00fcr den ersten Urlaub mit Baby","robots":{"index":"index","follow":"follow","max-snippet":"max-snippet:-1","max-image-preview":"max-image-preview:large","max-video-preview":"max-video-preview:-1"},"canonical":"https:\/\/www.babyartikel.de\/magazin\/der-erste-urlaub-mit-baby","og_locale":"de_DE","og_type":"article","og_title":"Unser erster Urlaub mit Baby","og_description":"Vor kurzem war es soweit: unser \u2665 erster Urlaub mit Baby \u2665 stand an! Ich habe eine \u2192 Packliste f\u00fcr den ersten Urlaub mit Baby erstellt -- und gebe Dir noch weitere Tipps f\u00fcr den ersten Urlaub mit Baby","og_url":"https:\/\/www.babyartikel.de\/magazin\/der-erste-urlaub-mit-baby","og_site_name":"Babyartikel.de Magazin","article_published_time":"2018-07-03T07:10:45+00:00","article_modified_time":"2024-11-14T12:46:19+00:00","og_image":[{"width":2560,"height":1920,"url":"https:\/\/cdn.magazin.babyartikel.de\/magazin\/wp-content\/uploads\/2018\/04\/P1260216-scaled.jpg","type":"image\/jpeg"}],"author":"Sandra Baumann","twitter_card":"summary_large_image","twitter_misc":{"Verfasst von":"Sandra Baumann","Gesch\u00e4tzte Lesezeit":"5\u00a0Minuten"},"schema":{"@context":"https:\/\/schema.org","@graph":[{"@type":"Article","@id":"https:\/\/www.babyartikel.de\/magazin\/der-erste-urlaub-mit-baby#article","isPartOf":{"@id":"https:\/\/www.babyartikel.de\/magazin\/der-erste-urlaub-mit-baby"},"author":{"name":"Sandra Baumann","@id":"https:\/\/www.babyartikel.de\/magazin\/#\/schema\/person\/ff48fd33e1e240dfb3012b74fce938f1"},"headline":"Unser erster Urlaub mit Baby","datePublished":"2018-07-03T07:10:45+00:00","dateModified":"2024-11-14T12:46:19+00:00","mainEntityOfPage":{"@id":"https:\/\/www.babyartikel.de\/magazin\/der-erste-urlaub-mit-baby"},"wordCount":890,"commentCount":0,"image":{"@id":"https:\/\/www.babyartikel.de\/magazin\/der-erste-urlaub-mit-baby#primaryimage"},"thumbnailUrl":"https:\/\/media.babyartikel.de\/magazin\/wp-content\/uploads\/2018\/04\/P1260216-scaled.jpg","keywords":["reisen mit baby"],"articleSection":["Baby","Leben mit Baby"],"inLanguage":"de","potentialAction":[{"@type":"CommentAction","name":"Comment","target":["https:\/\/www.babyartikel.de\/magazin\/der-erste-urlaub-mit-baby#respond"]}]},{"@type":"WebPage","@id":"https:\/\/www.babyartikel.de\/magazin\/der-erste-urlaub-mit-baby","url":"https:\/\/www.babyartikel.de\/magazin\/der-erste-urlaub-mit-baby","name":"Unser erster Urlaub mit Baby | Babyartikel.de Magazin","isPartOf":{"@id":"https:\/\/www.babyartikel.de\/magazin\/#website"},"primaryImageOfPage":{"@id":"https:\/\/www.babyartikel.de\/magazin\/der-erste-urlaub-mit-baby#primaryimage"},"image":{"@id":"https:\/\/www.babyartikel.de\/magazin\/der-erste-urlaub-mit-baby#primaryimage"},"thumbnailUrl":"https:\/\/media.babyartikel.de\/magazin\/wp-content\/uploads\/2018\/04\/P1260216-scaled.jpg","datePublished":"2018-07-03T07:10:45+00:00","dateModified":"2024-11-14T12:46:19+00:00","author":{"@id":"https:\/\/www.babyartikel.de\/magazin\/#\/schema\/person\/ff48fd33e1e240dfb3012b74fce938f1"},"description":"Vor kurzem war es soweit: unser \u2665 erster Urlaub mit Baby \u2665 stand an! Ich habe eine \u2192 Packliste f\u00fcr den ersten Urlaub mit Baby erstellt -- und gebe Dir noch weitere Tipps f\u00fcr den ersten Urlaub mit Baby","breadcrumb":{"@id":"https:\/\/www.babyartikel.de\/magazin\/der-erste-urlaub-mit-baby#breadcrumb"},"inLanguage":"de","potentialAction":[{"@type":"ReadAction","target":["https:\/\/www.babyartikel.de\/magazin\/der-erste-urlaub-mit-baby"]}]},{"@type":"ImageObject","inLanguage":"de","@id":"https:\/\/www.babyartikel.de\/magazin\/der-erste-urlaub-mit-baby#primaryimage","url":"https:\/\/media.babyartikel.de\/magazin\/wp-content\/uploads\/2018\/04\/P1260216-scaled.jpg","contentUrl":"https:\/\/media.babyartikel.de\/magazin\/wp-content\/uploads\/2018\/04\/P1260216-scaled.jpg","width":2560,"height":1920},{"@type":"BreadcrumbList","@id":"https:\/\/www.babyartikel.de\/magazin\/der-erste-urlaub-mit-baby#breadcrumb","itemListElement":[{"@type":"ListItem","position":1,"name":"Startseite","item":"https:\/\/www.babyartikel.de\/magazin"},{"@type":"ListItem","position":2,"name":"Unser erster Urlaub mit Baby"}]},{"@type":"WebSite","@id":"https:\/\/www.babyartikel.de\/magazin\/#website","url":"https:\/\/www.babyartikel.de\/magazin\/","name":"Babyartikel.de Magazin","description":"","potentialAction":[{"@type":"SearchAction","target":{"@type":"EntryPoint","urlTemplate":"https:\/\/www.babyartikel.de\/magazin\/?s={search_term_string}"},"query-input":{"@type":"PropertyValueSpecification","valueRequired":true,"valueName":"search_term_string"}}],"inLanguage":"de"},{"@type":"Person","@id":"https:\/\/www.babyartikel.de\/magazin\/#\/schema\/person\/ff48fd33e1e240dfb3012b74fce938f1","name":"Sandra Baumann","image":{"@type":"ImageObject","inLanguage":"de","@id":"https:\/\/media.babyartikel.de\/magazin\/wp-content\/uploads\/2017\/03\/Sandra-Baumann-150x150.jpg","url":"https:\/\/media.babyartikel.de\/magazin\/wp-content\/uploads\/2017\/03\/Sandra-Baumann-150x150.jpg","contentUrl":"https:\/\/media.babyartikel.de\/magazin\/wp-content\/uploads\/2017\/03\/Sandra-Baumann-150x150.jpg","caption":"Sandra Baumann"},"description":"Mein Name ist Sandra, ich bin Anfang 30 und wohne in der N\u00e4he von Hamburg. Eine eigene Familie haben - das war schon immer unser Wunsch und so hat sich im April 2017 unser Sohn in unsere Herzen geschlichen. Seitdem schreibe ich tats\u00e4chlich auch schon Artikel f\u00fcr das Babyartikel Magazin und habe immer noch sehr viel Freude daran. Unsere kleine Tochter hat unsere Familie dann im Juli 2019 komplett gemacht. Gerne m\u00f6chte ich Dir von meinen Erfahrungen berichten - besonders viel besch\u00e4ftige ich mich mit den Themen bed\u00fcrfnisorientierte Erziehung und Ern\u00e4hrung von Kindern - und vielleicht kann ich dir bei dem ein oder anderen Problem weiterhelfen.","url":"https:\/\/www.babyartikel.de\/magazin\/author\/sandra-b"}]}},"abstract_sku":"","_links":{"self":[{"href":"https:\/\/www.babyartikel.de\/magazin\/wp-json\/wp\/v2\/posts\/55803","targetHints":{"allow":["GET"]}}],"collection":[{"href":"https:\/\/www.babyartikel.de\/magazin\/wp-json\/wp\/v2\/posts"}],"about":[{"href":"https:\/\/www.babyartikel.de\/magazin\/wp-json\/wp\/v2\/types\/post"}],"author":[{"embeddable":true,"href":"https:\/\/www.babyartikel.de\/magazin\/wp-json\/wp\/v2\/users\/79"}],"replies":[{"embeddable":true,"href":"https:\/\/www.babyartikel.de\/magazin\/wp-json\/wp\/v2\/comments?post=55803"}],"version-history":[{"count":8,"href":"https:\/\/www.babyartikel.de\/magazin\/wp-json\/wp\/v2\/posts\/55803\/revisions"}],"predecessor-version":[{"id":954145,"href":"https:\/\/www.babyartikel.de\/magazin\/wp-json\/wp\/v2\/posts\/55803\/revisions\/954145"}],"wp:featuredmedia":[{"embeddable":true,"href":"https:\/\/www.babyartikel.de\/magazin\/wp-json\/wp\/v2\/media\/55805"}],"wp:attachment":[{"href":"https:\/\/www.babyartikel.de\/magazin\/wp-json\/wp\/v2\/media?parent=55803"}],"wp:term":[{"taxonomy":"category","embeddable":true,"href":"https:\/\/www.babyartikel.de\/magazin\/wp-json\/wp\/v2\/categories?post=55803"},{"taxonomy":"post_tag","embeddable":true,"href":"https:\/\/www.babyartikel.de\/magazin\/wp-json\/wp\/v2\/tags?post=55803"}],"curies":[{"name":"wp","href":"https:\/\/api.w.org\/{rel}","templated":true}]}}