
{"id":56028,"date":"2018-07-19T08:45:06","date_gmt":"2018-07-19T06:45:06","guid":{"rendered":"https:\/\/www.babyartikel.de\/magazin\/?p=56028"},"modified":"2024-11-15T12:29:30","modified_gmt":"2024-11-15T11:29:30","slug":"toepfchentraining-ab-wann","status":"publish","type":"post","link":"https:\/\/www.babyartikel.de\/magazin\/toepfchentraining-ab-wann","title":{"rendered":"T\u00f6pfchentraining: Ab wann ist der richtige Zeitpunkt?"},"content":{"rendered":"<p>Bis Dein Kind trocken ist ben&ouml;tigt es im Schnitt etwa 5.000 Windeln. Als zweifache Mutter verstehe ich Eltern sehr gut, die irgendwann keine Lust mehr auf Wickeln haben und hoffen, dass das Kind bald trocken wird. Aber wann das soweit ist, entscheidet jedes Kind selbst. Dennoch gibt es M&ouml;glichkeiten, das Kind bei diesem Meilenstein zu unterst&uuml;tzen. Hier gebe ich Dir einige Tipps zum T&ouml;pfchentraining und verrate Dir, ab wann es &uuml;berhaupt sinnvoll ist.<div id=\"ez-toc-container\" class=\"ez-toc-v2_0_82_2 counter-flat ez-toc-counter ez-toc-white ez-toc-container-direction\">\n<div class=\"ez-toc-title-container\">\n<p class=\"ez-toc-title\" style=\"cursor:inherit\">Inhaltsverzeichnis<\/p>\n<span class=\"ez-toc-title-toggle\"><a href=\"#\" class=\"ez-toc-pull-right ez-toc-btn ez-toc-btn-xs ez-toc-btn-default ez-toc-toggle\" aria-label=\"Toggle Table of Content\"><span class=\"ez-toc-js-icon-con\"><span class=\"\"><span class=\"eztoc-hide\" style=\"display:none;\">Toggle<\/span><span class=\"ez-toc-icon-toggle-span\"><svg style=\"fill: #999;color:#999\" xmlns=\"http:\/\/www.w3.org\/2000\/svg\" class=\"list-377408\" width=\"20px\" height=\"20px\" viewBox=\"0 0 24 24\" fill=\"none\"><path d=\"M6 6H4v2h2V6zm14 0H8v2h12V6zM4 11h2v2H4v-2zm16 0H8v2h12v-2zM4 16h2v2H4v-2zm16 0H8v2h12v-2z\" fill=\"currentColor\"><\/path><\/svg><svg style=\"fill: #999;color:#999\" class=\"arrow-unsorted-368013\" xmlns=\"http:\/\/www.w3.org\/2000\/svg\" width=\"10px\" height=\"10px\" viewBox=\"0 0 24 24\" version=\"1.2\" baseProfile=\"tiny\"><path d=\"M18.2 9.3l-6.2-6.3-6.2 6.3c-.2.2-.3.4-.3.7s.1.5.3.7c.2.2.4.3.7.3h11c.3 0 .5-.1.7-.3.2-.2.3-.5.3-.7s-.1-.5-.3-.7zM5.8 14.7l6.2 6.3 6.2-6.3c.2-.2.3-.5.3-.7s-.1-.5-.3-.7c-.2-.2-.4-.3-.7-.3h-11c-.3 0-.5.1-.7.3-.2.2-.3.5-.3.7s.1.5.3.7z\"\/><\/svg><\/span><\/span><\/span><\/a><\/span><\/div>\n<nav><ul class='ez-toc-list ez-toc-list-level-1 ' ><li class='ez-toc-page-1'><a class=\"ez-toc-link ez-toc-heading-1\" href=\"https:\/\/www.babyartikel.de\/magazin\/toepfchentraining-ab-wann\/#Ab_wann_ist_ein_Toepfchentraining_sinnvoll\" >Ab wann ist ein T&ouml;pfchentraining sinnvoll?<\/a><\/li><li class='ez-toc-page-1'><a class=\"ez-toc-link ez-toc-heading-2\" href=\"https:\/\/www.babyartikel.de\/magazin\/toepfchentraining-ab-wann\/#Voraussetzungen_fuer_das_Toepfchentraining\" >Voraussetzungen f&uuml;r das T&ouml;pfchentraining<\/a><\/li><li class='ez-toc-page-1'><a class=\"ez-toc-link ez-toc-heading-3\" href=\"https:\/\/www.babyartikel.de\/magazin\/toepfchentraining-ab-wann\/#Tipps_fuer_das_Toepfchentraining\" >Tipps f&uuml;r das T&ouml;pfchentraining<\/a><\/li><li class='ez-toc-page-1'><a class=\"ez-toc-link ez-toc-heading-4\" href=\"https:\/\/www.babyartikel.de\/magazin\/toepfchentraining-ab-wann\/#Fehler_beim_Toepfchentraining\" >Fehler beim T&ouml;pfchentraining<\/a><\/li><\/ul><\/nav><\/div>\n<h2 class=\"wp-block-heading\" id=\"h-ab-wann-ist-ein-topfchentraining-sinnvoll\"><span class=\"ez-toc-section\" id=\"Ab_wann_ist_ein_Toepfchentraining_sinnvoll\"><\/span>Ab wann ist ein T&ouml;pfchentraining sinnvoll?<span class=\"ez-toc-section-end\"><\/span><\/h2><p>Wie bei allen anderen Entwicklungsschritten auch hat jedes Kind sein eigenes Tempo. Manche Kinder sind vor ihrem zweiten Geburtstag schon trocken, andere tragen mit vier Jahren noch eine Windel. Die Zeitspanne ist gro&szlig; und bei den meisten Kindern liegt alles in Normbereich. <strong>Grunds&auml;tzlich l&auml;sst sich sagen, dass das T&ouml;pfchentraining vor dem 18. Lebensmonat keinen Sinn macht.<\/strong> Zum einen fehlen in diesem Alter wichtige Verkn&uuml;pfungen der Nerven, zum anderen k&ouml;nnen sich die Kinder noch nicht richtig ausdr&uuml;cken. <strong>In der Regel gehen die meisten Kinder zwischen dem zweiten und vierten Geburtstag auf die Toilette.<\/strong><\/p><h2 class=\"wp-block-heading\" id=\"h-voraussetzungen-fur-das-topfchentraining\"><span class=\"ez-toc-section\" id=\"Voraussetzungen_fuer_das_Toepfchentraining\"><\/span>Voraussetzungen f&uuml;r das T&ouml;pfchentraining<span class=\"ez-toc-section-end\"><\/span><\/h2><p>Wie erw&auml;hnt hat jedes Kind sein eigenes Tempo und jedes Kind entscheidet selbst, wann es keine Windel mehr braucht. <strong>Wenn Du mit Druck versuchen m&ouml;chtest, Deinem Kind die Windel abzutrainieren, kann das eher das Gegenteil bewirken.<\/strong> Die Folge kann beispielsweise eine chronische Verstopfung sein, da das Kind den Stuhl zur&uuml;ckh&auml;lt und abwartet bis es wieder eine Windel tr&auml;gt. Ebenso ist es sch&auml;dlich f&uuml;r eure Bindung. <strong>Du solltest also abwarten, bis Dein Kind bereit ist, trocken zu werden. <\/strong>Kinder m&uuml;ssen erst lernen, Darm und Blase kontrollieren zu k&ouml;nnen und den Druck zu sp&uuml;ren, wenn sie <em>m&uuml;ssen<\/em>. Die Darm- bzw. Blasenmuskulatur k&ouml;nnen Kinder fr&uuml;hestens im Alter von drei Jahren vollst&auml;ndig kontrollieren.<\/p><div class=\"marketing-slot\"><div id=\"block-18\" class=\"content-post-widget marketing-slot-1 widget_block\"><a href=\"#\" class=\"newsletter_popup\" style=\"\n  display: inline-block;\n  box-shadow: 0 4px 10px rgba(0,0,0,0.1);\n  margin: 20px auto;\n  max-width: 800px;\n  width: 100%;\">\n  <img src=\"https:\/\/media.babyartikel.de\/magazin\/wp-content\/uploads\/2025\/08\/NL-Banner-Magazin-8-25.webp\" alt=\"Newsletter Banner\" style=\"\n    width: 100%;\n    height: auto;\n    display: block;\" onclick=\"ga('send', 'event', 'banner', 'click', 'magazin-banner-newsletter-8-25');\">\n<\/a>\n\n\t<!-- Modal -->\n\t<div class=\"modal fade modal_popup\" id=\"newsletter_popup\" tabindex=\"-1\" aria-labelledby=\"exampleModalLabel\" aria-hidden=\"true\">\n\t\t<div class=\"modal-dialog modal-dialog-centered modal-dialog-scrollable\">\n\t\t\t<div class=\"modal-content\">\n\t\t\t\t<div class=\"modal-header small-header\">\n\t\t\t\t\t<h5 class=\"modal-title\" id=\"newsletterModalLabel\">\n\t\t\t\t\t\tNewsletter\t\t\t\t\t<\/h5>\n\t\t\t\t\t<button type=\"button\" class=\"btn-close small-close\" data-bs-dismiss=\"modal\" aria-label=\"Close\"><\/button>\n\t\t\t\t<\/div>\n\n\t\t\t\t<div class=\"modal-body\">\n\t\t\t\t\t\t<div class=\"newsletterForm-embed popup-form\">\n        <form name=\"newsletterSubscriptionForm\" id=\"newsletter_popup_69f0e01da3fae_form\" data-newsletter-id=\"newsletter_popup_69f0e01da3fae\" method=\"POST\">\n\n\t\t\t<input type=\"text\" name=\"website\" class=\"hidden\" tabindex=\"-1\" autocomplete=\"off\" style=\"position:absolute;left:-9999px;\">\n\t\t\t<input type=\"hidden\" name=\"ts\" value=\"1777393693\">\n\n\t\t\t                <input type=\"hidden\" name=\"emarsys-event-id\" value=\"3756\">\n            \n            \t\t\t<div class=\"mb-3\">\n\t\t\t\t<label for=\"date\" class=\"form-label\">Geburtstag\/ -termin Deines Babys<\/label>\n                <input type=\"date\" name=\"date\" class=\"input input--expand form-control\" required>\n\t\t\t<\/div>\n            \n\t\t\t<div class=\"mb-3\">\n\t\t\t\t<label for=\"email\" class=\"form-label\">E-Mail-Adresse<\/label>\n\t\t\t\t<input type=\"email\" name=\"email\" placeholder=\"E-Mail-Adresse\" class=\"input input--expand form-control\" required>\n\t\t\t<\/div>\n\n\t\t\t\t\t\t\t<button type=\"submit\" class=\"btn btn-primary\">Absenden<\/button>\n\t\t\t\n\t\t\t\t\t\t\t<div class=\"small mt-3\" style=\"font-weight:normal;\">\n\t\t\t\t\t\n\t\t\t<div class=\"mt-3\">\n\t\t\t\tJa, ich m&ouml;chte den Newsletter von Babyartikel.de erhalten und &uuml;ber Aktionen informiert werden.\n  Dabei darf mein Nutzungsverhalten (z. B. &Ouml;ffnungen und Klicks) zur Personalisierung ausgewertet werden.\n  Mehr finde ich in der <a href=\"\/de\/datenschutz\" style=\"text-decoration:underline\">Datenschutzerkl&auml;rung<\/a>.\n\t\t\t<\/div>\n\t\t\t\t\t\t<\/div>\n\t\t\t\n\t\t\t\t\t\t\t<div class=\"small mb-3 mt-3\" style=\"font-weight:normal;\">\n\t\t\t\t\tJederzeit abbestellbar | <a href=\"\/de\/datenschutz\" style=\"text-decoration:underline\">\n\t\t\t\t\t\tDatenschutzerkl&auml;rung\n\t\t\t\t\t<\/a>\n\t\t\t\t<\/div>\n\t\t\t\n        <\/form>\n    <\/div>\n\t\n\t\t\t\t\t<div class=\"response-messages_newsletter_popup_69f0e01da3fae\">\n\t\t\t\t\t\t<div class=\"alert alert-success success mt-3 mb-3 d-none\">\n\t\t\t\t\t\t\tNur noch ein Klick! Best&auml;tige Deine Anmeldung in der E-Mail, die du gleich erh&auml;ltst.\t\t\t\t\t\t<\/div>\n\t\t\t\t\t\t<div class=\"error mt-3 mb-3 d-none\">\n\t\t\t\t\t\t\t<div class=\"alert alert-danger \">\n\t\t\t\t\t\t\t\tEin Fehler ist aufgetreten. Bitte versuche es sp&auml;ter erneut.\t\t\t\t\t\t\t<\/div>\n\t\t\t\t\t\t<\/div>\n\t\t\t\t\t\t<div class=\"alert alert-danger other-2007 mt-3 mb-3 d-none\">\n\t\t\t\t\t\t\tUng&Atilde;&frac14;ltiges Datumsformat\t\t\t\t\t\t<\/div>\n\t\t\t\t\t<\/div>\n\t\t\t\t<\/div>\n\t\t\t<\/div>\n\t\t<\/div>\n\t<\/div>\n\n\t<\/div><!-- content-widget --><\/div><h3 class=\"wp-block-heading\" id=\"h-daran-erkennst-du-dass-du-mit-dem-topfchentraining-beginnen-kannst\">Daran erkennst Du, dass Du mit dem T&ouml;pfchentraining beginnen kannst:<\/h3><ul class=\"wp-block-list\">\n<li>Dein Kind zeigt<strong> kein Interesse mehr an der Windel<\/strong> und deren Inhalt.<\/li>\n\n\n\n<li>Es <strong>zieht sich zur&uuml;ck<\/strong>, wenn es in die Windel macht.<\/li>\n\n\n\n<li><strong>Wenn die Windel voll ist, <\/strong>berichtet es Dir davon.<\/li>\n\n\n\n<li>Dein Kind<strong> begleitet Dich oder seine Geschwister auf die Toilette.<\/strong><\/li>\n\n\n\n<li>Es <strong>spielt &bdquo;zur Toilette gehen&ldquo;<\/strong>, indem es sich selbst oder ein Kuscheltier z.B. auf einen Eimer setzt.<\/li>\n<\/ul><h2 class=\"wp-block-heading\" id=\"h-tipps-fur-das-topfchentraining\"><span class=\"ez-toc-section\" id=\"Tipps_fuer_das_Toepfchentraining\"><\/span>Tipps f&uuml;r das T&ouml;pfchentraining<span class=\"ez-toc-section-end\"><\/span><\/h2><p>Wenn Dein Kind bereit ist, kannst Du es aufs <a href=\"https:\/\/www.babyartikel.de\/cat\/kindertoiletten\">T&ouml;pfchen<\/a> setzen oder mit ihm zur Toilette &mdash; mit Kinder-Toilettensitz &mdash; gehen. Hier einige Tipps:<\/p><ul class=\"wp-block-list\">\n<li><strong>Ganz locker, ohne Druck. <\/strong>Auch wenn nichts kommt solltest Du Deinem Kind immer wieder anbieten, sich auf T&ouml;pfchen oder Toilette zu setzen. Am Anfang auch angezogen. So freundet es sich leichter mit dem Thema an, wenn es noch skeptisch ist.<\/li>\n\n\n\n<li><strong>Spielerisch beginnen.<\/strong> Vielleicht will sich Dein Kind gerade am Anfang nicht auf das T&ouml;pfchen setzen. Hier k&ouml;nnen Puppen oder Kuscheltiere helfen und zeigen, wie sie sich auf das T&ouml;pfchen setzen. Zu diesem Thema gibt es auch sehr sch&ouml;ne B&uuml;cher, die Ihr Euch gemeinsam anschauen k&ouml;nnt.<\/li>\n\n\n\n<li><strong> Die passende Kleidung.<\/strong> Du solltest unbedingt auf Kleidung achten, die man leicht an- und ausziehen kann. Bodies sind eher ungeeignet, ebenso wie Hosen mit schwierigen Kn&ouml;pfen. Hosen mit Gummibund und H&ouml;schenwindeln k&ouml;nnen auch die Kinder selbst problemlos herunterziehen.<\/li>\n\n\n\n<li><strong>Loben oder nicht?<\/strong> Ich finde es wichtig, das Kind zu loben, etwa wenn es sich selbst auf das T&ouml;pfchen gesetzt hat.<br>Ob Du es auch loben m&ouml;chtest, wenn tats&auml;chlich etwas im T&ouml;pfchen gelandet ist, solltest Du allerdings &uuml;berdenken: Denn vielleicht f&uuml;hlt sich Dein Kind sonst unter Druck gesetzt, wenn es nicht muss. Loben und Belohnungen motivieren Dein Kind. Und wenn es sich angestrengt hat und trotzdem &bdquo;nichts kommt&ldquo; &ndash; und es deshalb nicht von Dir gelobt wird, kann das eine sehr frustrierende Erfahrung sein. Eine <a href=\"https:\/\/www.babyartikel.de\/magazin\/toepfchentraining-mit-belohnung-lieber-nicht%ef%bb%bf\">kritische Meinung zum Thema T&ouml;pfchentraining mit Belohnung findest Du in diesem Artikel.<\/a><\/li>\n<\/ul><h2 class=\"wp-block-heading\" id=\"h-fehler-beim-topfchentraining\"><span class=\"ez-toc-section\" id=\"Fehler_beim_Toepfchentraining\"><\/span>Fehler beim T&ouml;pfchentraining<span class=\"ez-toc-section-end\"><\/span><\/h2><p>Neben den Tipps gibt es auch einige Dinge, die Du vermeiden solltest:<\/p><div class=\"postslot1\">\t\t<div style=\"clear:both\"><\/div>\n\t\t\t\t\t\t<div id=\"productPanel700\" class=\"product-panel-bottom\">&nbsp;<\/div>\n\t\t\t\t\t\t<script type=\"module\">\n\t\t\t\t\t\t\trequestProductPanel(\"https:\/\/www.babyartikel.de\/magazin\/wp-content\/plugins\/wp-productpanel2\/ProductPanel.php\", \"?panel_type=automatic&basis_category=3-KT&basis_product=&swipe_mobile=1&postid=56028&template=auto&max=4&productPanelId=700&solrQuery=\", 700, 1);\n\t\t\t\t\t\t<\/script>\n\t\t\t\t\t<link rel=\"stylesheet\" href=\"https:\/\/cdn.jsdelivr.net\/npm\/swiper@8\/swiper-bundle.min.css\"><\/div><div class=\"marketing-slot\"><div id=\"block-25\" class=\"content-post-widget marketing-slot-2 widget_block\"><a href=\"https:\/\/www.babyartikel.de\/de\/angebote\" data-track-link-click=\"true\" data-track-name=\"nyoutlet2026-magazin\" data-track-medium=\"banner-magazin-post\" data-track-campaign=\"magazin-banner-nyoutlet2026\" onclick=\"ga('send', 'event', 'banner', 'click', 'magazin-banner-nyoutlet2026');\" style=\"display:block;width:100%;text-align:center;\"><img src=\"https:\/\/media.babyartikel.de\/magazin\/wp-content\/uploads\/2026\/01\/NY-Outlet-10-2026.webp\" alt=\"Sale\" style=\"max-width:100%;\"><\/a><\/div><!-- content-widget --><\/div><ul class=\"wp-block-list\">\n<li><strong>Stress vermeiden:<\/strong> Du solltest das T&ouml;pfchentraining in einer ruhigen Phase beginnen, wenn nichts anderes wichtiges ansteht. Also nicht etwa nach einem Umzug, der Eingew&ouml;hnung im Kindergarten, usw.<\/li>\n\n\n\n<li><strong>Kein Druck:<\/strong> Du solltest keine zu hohen Erwartungen an Dein Kind haben und denken, dass es <em>pl&ouml;tzlich<\/em> trocken wird. Dieser Schritt ist sehr wichtig f&uuml;r die Entwicklung, kann mehrere Monate dauern und immer wieder R&uuml;ckf&auml;lle mit sich bringen. Hier solltest Du Dir keine Sorgen machen und Euch einfach Zeit geben.<\/li>\n\n\n\n<li><strong>Keine festen Uhrzeiten:<\/strong> Dein Kind muss den Zusammenhang zwischen dem Druck auf der Blase und dem Pipi machen erkennen. Deshalb solltest Du Dein Kind nicht zu festen Uhrzeiten auf das T&ouml;pfchen setzen, sondern immer dann, wenn es auch wirklich muss. Das erkennst Du an Anzeichen wie z.B. einer bestimmten Haltung oder bestimmten Worten.<\/li>\n\n\n\n<li><strong>Nicht schimpfen:<\/strong> Trocken werden ist ein langer Prozess und es wird nicht nur einmal etwas daneben gehen. Du solltest niemals mit Deinem Kind schimpfen, wenn es in die Hose macht oder nicht rechtzeitig auf der Toilette sitzt. Deinem Kind hilft es, wenn Du es tr&ouml;stest und aufmunterst. Beim n&auml;chsten Mal klappt es bestimmt!<\/li>\n\n\n\n<li><strong>Trinken wie bisher<\/strong>: Manche Eltern geben den Kinder weniger zu trinken, um Unf&auml;lle zu vermeiden. Das ist nat&uuml;rlich v&ouml;lliger Unsinn und kann auch gef&auml;hrlich werden. Dein Kind sollte auf w&auml;hrend des T&ouml;pfchentrainings die gewohnte Menge Fl&uuml;ssigkeit zu sich nehmen.<\/li>\n<\/ul><p>Ab wann Dein Kind auf die Toilette geht, entscheidet es selbst. Mit den oben genannten Tipps gibst Du ihm eine tolle Unterst&uuml;tzung auf seinem Weg in die Selbstst&auml;ndigkeit. Weitere Tipps zum Thema gibt Dir Kinderarzt Dr. Stefan Schwarz in unserem Experten-Interview <a href=\"https:\/\/www.babyartikel.de\/magazin\/wann-braucht-mein-kind-keine-windel-mehr\">&bdquo;Wann braucht mein Kind keine Windel mehr?&ldquo;<\/a><\/p><div class=\"credits-overlay\" data-target=\".wp-image-56146\"><a href=\"#\" target=\"_blank\">@Oksana Kuzmina &ndash; Fotolia.com<\/a><\/div><\/p>\n","protected":false},"excerpt":{"rendered":"<p>Bis Dein Kind trocken ist ben&ouml;tigt es im Schnitt etwa 5.000 Windeln. Als zweifache Mutter verstehe ich Eltern sehr gut, die irgendwann keine Lust mehr auf Wickeln haben und hoffen, dass das Kind bald trocken wird. Aber wann das soweit ist, entscheidet jedes Kind selbst. Dennoch gibt es M&ouml;glichkeiten, das Kind bei diesem Meilenstein zu [&#8230;]<\/p>\n<p><a class=\"btn btn-secondary understrap-read-more-link\" href=\"https:\/\/www.babyartikel.de\/magazin\/toepfchentraining-ab-wann\">Weiterlesen&#8230;<\/a><\/p>\n","protected":false},"author":56,"featured_media":56146,"comment_status":"open","ping_status":"closed","sticky":false,"template":"","format":"standard","meta":{"_acf_changed":false,"footnotes":""},"categories":[2825,1430],"tags":[3339,1044,305],"class_list":["post-56028","post","type-post","status-publish","format-standard","has-post-thumbnail","hentry","category-erziehungstipps","category-kleinkind","tag-alltag-mit-kleinkind","tag-entwicklung","tag-wickeln"],"acf":[],"yoast_head":"<!-- This site is optimized with the Yoast SEO Premium plugin v27.2 (Yoast SEO v27.2) - https:\/\/yoast.com\/product\/yoast-seo-premium-wordpress\/ -->\n<title>T\u00f6pfchentraining: Ab wann ist der richtige Zeitpunkt? | Babyartikel.de<\/title>\n<meta name=\"description\" content=\"Ab wann ist Dein Kind bereit f\u00fcr das T\u00f6pfchentraining? Und wie kannst Du Dein Kind beim Trocken werden unterst\u00fctzen? Erfahre hier, wie das T\u00f6pchentraining f\u00fcr Dich und Dein Baby m\u00f6glichst unkompliziert und stressfrei funktioniert.\" \/>\n<meta name=\"robots\" content=\"index, follow, max-snippet:-1, max-image-preview:large, max-video-preview:-1\" \/>\n<link rel=\"canonical\" href=\"https:\/\/www.babyartikel.de\/magazin\/toepfchentraining-ab-wann\" \/>\n<meta property=\"og:locale\" content=\"de_DE\" \/>\n<meta property=\"og:type\" content=\"article\" \/>\n<meta property=\"og:title\" content=\"T\u00f6pfchentraining: Ab wann ist der richtige Zeitpunkt?\" \/>\n<meta property=\"og:description\" content=\"Ab wann ist Dein Kind bereit f\u00fcr das T\u00f6pfchentraining? Und wie kannst Du Dein Kind beim Trocken werden unterst\u00fctzen? Erfahre hier, wie das T\u00f6pchentraining f\u00fcr Dich und Dein Baby m\u00f6glichst unkompliziert und stressfrei funktioniert.\" \/>\n<meta property=\"og:url\" content=\"https:\/\/www.babyartikel.de\/magazin\/toepfchentraining-ab-wann\" \/>\n<meta property=\"og:site_name\" content=\"Babyartikel.de Magazin\" \/>\n<meta property=\"article:published_time\" content=\"2018-07-19T06:45:06+00:00\" \/>\n<meta property=\"article:modified_time\" content=\"2024-11-15T11:29:30+00:00\" \/>\n<meta property=\"og:image\" content=\"https:\/\/cdn.magazin.babyartikel.de\/magazin\/wp-content\/uploads\/2018\/07\/T\u00f6pfchentraining-ab-wann.png\" \/>\n\t<meta property=\"og:image:width\" content=\"1200\" \/>\n\t<meta property=\"og:image:height\" content=\"627\" \/>\n\t<meta property=\"og:image:type\" content=\"image\/png\" \/>\n<meta name=\"author\" content=\"Berenice\" \/>\n<meta name=\"twitter:card\" content=\"summary_large_image\" \/>\n<meta name=\"twitter:label1\" content=\"Verfasst von\" \/>\n\t<meta name=\"twitter:data1\" content=\"Berenice\" \/>\n\t<meta name=\"twitter:label2\" content=\"Gesch\u00e4tzte Lesezeit\" \/>\n\t<meta name=\"twitter:data2\" content=\"6\u00a0Minuten\" \/>\n<script type=\"application\/ld+json\" class=\"yoast-schema-graph\">{\"@context\":\"https:\/\/schema.org\",\"@graph\":[{\"@type\":\"Article\",\"@id\":\"https:\/\/www.babyartikel.de\/magazin\/toepfchentraining-ab-wann#article\",\"isPartOf\":{\"@id\":\"https:\/\/www.babyartikel.de\/magazin\/toepfchentraining-ab-wann\"},\"author\":{\"name\":\"Berenice\",\"@id\":\"https:\/\/www.babyartikel.de\/magazin\/#\/schema\/person\/8756a99664c6c3012182d6a8c33dd83b\"},\"headline\":\"T\u00f6pfchentraining: Ab wann ist der richtige Zeitpunkt?\",\"datePublished\":\"2018-07-19T06:45:06+00:00\",\"dateModified\":\"2024-11-15T11:29:30+00:00\",\"mainEntityOfPage\":{\"@id\":\"https:\/\/www.babyartikel.de\/magazin\/toepfchentraining-ab-wann\"},\"wordCount\":960,\"commentCount\":6,\"image\":{\"@id\":\"https:\/\/www.babyartikel.de\/magazin\/toepfchentraining-ab-wann#primaryimage\"},\"thumbnailUrl\":\"https:\/\/media.babyartikel.de\/magazin\/wp-content\/uploads\/2018\/04\/t\u00f6pchentraining-ab-wann-e1525260975372.jpg\",\"keywords\":[\"alltag mit kleinkind\",\"entwicklung\",\"wickeln\"],\"articleSection\":[\"Erziehungstipps\",\"Kleinkind\"],\"inLanguage\":\"de\",\"potentialAction\":[{\"@type\":\"CommentAction\",\"name\":\"Comment\",\"target\":[\"https:\/\/www.babyartikel.de\/magazin\/toepfchentraining-ab-wann#respond\"]}]},{\"@type\":\"WebPage\",\"@id\":\"https:\/\/www.babyartikel.de\/magazin\/toepfchentraining-ab-wann\",\"url\":\"https:\/\/www.babyartikel.de\/magazin\/toepfchentraining-ab-wann\",\"name\":\"T\u00f6pfchentraining: Ab wann ist der richtige Zeitpunkt? | Babyartikel.de\",\"isPartOf\":{\"@id\":\"https:\/\/www.babyartikel.de\/magazin\/#website\"},\"primaryImageOfPage\":{\"@id\":\"https:\/\/www.babyartikel.de\/magazin\/toepfchentraining-ab-wann#primaryimage\"},\"image\":{\"@id\":\"https:\/\/www.babyartikel.de\/magazin\/toepfchentraining-ab-wann#primaryimage\"},\"thumbnailUrl\":\"https:\/\/media.babyartikel.de\/magazin\/wp-content\/uploads\/2018\/04\/t\u00f6pchentraining-ab-wann-e1525260975372.jpg\",\"datePublished\":\"2018-07-19T06:45:06+00:00\",\"dateModified\":\"2024-11-15T11:29:30+00:00\",\"author\":{\"@id\":\"https:\/\/www.babyartikel.de\/magazin\/#\/schema\/person\/8756a99664c6c3012182d6a8c33dd83b\"},\"description\":\"Ab wann ist Dein Kind bereit f\u00fcr das T\u00f6pfchentraining? Und wie kannst Du Dein Kind beim Trocken werden unterst\u00fctzen? Erfahre hier, wie das T\u00f6pchentraining f\u00fcr Dich und Dein Baby m\u00f6glichst unkompliziert und stressfrei funktioniert.\",\"breadcrumb\":{\"@id\":\"https:\/\/www.babyartikel.de\/magazin\/toepfchentraining-ab-wann#breadcrumb\"},\"inLanguage\":\"de\",\"potentialAction\":[{\"@type\":\"ReadAction\",\"target\":[\"https:\/\/www.babyartikel.de\/magazin\/toepfchentraining-ab-wann\"]}]},{\"@type\":\"ImageObject\",\"inLanguage\":\"de\",\"@id\":\"https:\/\/www.babyartikel.de\/magazin\/toepfchentraining-ab-wann#primaryimage\",\"url\":\"https:\/\/media.babyartikel.de\/magazin\/wp-content\/uploads\/2018\/04\/t\u00f6pchentraining-ab-wann-e1525260975372.jpg\",\"contentUrl\":\"https:\/\/media.babyartikel.de\/magazin\/wp-content\/uploads\/2018\/04\/t\u00f6pchentraining-ab-wann-e1525260975372.jpg\",\"width\":1361,\"height\":1006,\"caption\":\"t\u00f6pfchentraining: ab wann ist der richtige zeitpunkt zum trocken werden?\"},{\"@type\":\"BreadcrumbList\",\"@id\":\"https:\/\/www.babyartikel.de\/magazin\/toepfchentraining-ab-wann#breadcrumb\",\"itemListElement\":[{\"@type\":\"ListItem\",\"position\":1,\"name\":\"Startseite\",\"item\":\"https:\/\/www.babyartikel.de\/magazin\"},{\"@type\":\"ListItem\",\"position\":2,\"name\":\"T\u00f6pfchentraining: Ab wann ist der richtige Zeitpunkt?\"}]},{\"@type\":\"WebSite\",\"@id\":\"https:\/\/www.babyartikel.de\/magazin\/#website\",\"url\":\"https:\/\/www.babyartikel.de\/magazin\/\",\"name\":\"Babyartikel.de Magazin\",\"description\":\"\",\"potentialAction\":[{\"@type\":\"SearchAction\",\"target\":{\"@type\":\"EntryPoint\",\"urlTemplate\":\"https:\/\/www.babyartikel.de\/magazin\/?s={search_term_string}\"},\"query-input\":{\"@type\":\"PropertyValueSpecification\",\"valueRequired\":true,\"valueName\":\"search_term_string\"}}],\"inLanguage\":\"de\"},{\"@type\":\"Person\",\"@id\":\"https:\/\/www.babyartikel.de\/magazin\/#\/schema\/person\/8756a99664c6c3012182d6a8c33dd83b\",\"name\":\"Berenice\",\"image\":{\"@type\":\"ImageObject\",\"inLanguage\":\"de\",\"@id\":\"https:\/\/media.babyartikel.de\/magazin\/wp-content\/uploads\/2020\/05\/Berenice-150x150.jpg\",\"url\":\"https:\/\/media.babyartikel.de\/magazin\/wp-content\/uploads\/2020\/05\/Berenice-150x150.jpg\",\"contentUrl\":\"https:\/\/media.babyartikel.de\/magazin\/wp-content\/uploads\/2020\/05\/Berenice-150x150.jpg\",\"caption\":\"Berenice\"},\"description\":\"Hi, ich bin Berenice, 35 Jahre alt und alleinerziehende Mama zweier T\u00f6chter. Zwischen Job, Haushalt und Schule ist das Schreiben ein wunderbarer Ausgleich f\u00fcr mich.\",\"url\":\"https:\/\/www.babyartikel.de\/magazin\/author\/berenice-acker\"}]}<\/script>\n<!-- \/ Yoast SEO Premium plugin. -->","yoast_head_json":{"title":"T\u00f6pfchentraining: Ab wann ist der richtige Zeitpunkt? | Babyartikel.de","description":"Ab wann ist Dein Kind bereit f\u00fcr das T\u00f6pfchentraining? Und wie kannst Du Dein Kind beim Trocken werden unterst\u00fctzen? Erfahre hier, wie das T\u00f6pchentraining f\u00fcr Dich und Dein Baby m\u00f6glichst unkompliziert und stressfrei funktioniert.","robots":{"index":"index","follow":"follow","max-snippet":"max-snippet:-1","max-image-preview":"max-image-preview:large","max-video-preview":"max-video-preview:-1"},"canonical":"https:\/\/www.babyartikel.de\/magazin\/toepfchentraining-ab-wann","og_locale":"de_DE","og_type":"article","og_title":"T\u00f6pfchentraining: Ab wann ist der richtige Zeitpunkt?","og_description":"Ab wann ist Dein Kind bereit f\u00fcr das T\u00f6pfchentraining? Und wie kannst Du Dein Kind beim Trocken werden unterst\u00fctzen? Erfahre hier, wie das T\u00f6pchentraining f\u00fcr Dich und Dein Baby m\u00f6glichst unkompliziert und stressfrei funktioniert.","og_url":"https:\/\/www.babyartikel.de\/magazin\/toepfchentraining-ab-wann","og_site_name":"Babyartikel.de Magazin","article_published_time":"2018-07-19T06:45:06+00:00","article_modified_time":"2024-11-15T11:29:30+00:00","og_image":[{"width":1200,"height":627,"url":"https:\/\/cdn.magazin.babyartikel.de\/magazin\/wp-content\/uploads\/2018\/07\/T\u00f6pfchentraining-ab-wann.png","type":"image\/png"}],"author":"Berenice","twitter_card":"summary_large_image","twitter_misc":{"Verfasst von":"Berenice","Gesch\u00e4tzte Lesezeit":"6\u00a0Minuten"},"schema":{"@context":"https:\/\/schema.org","@graph":[{"@type":"Article","@id":"https:\/\/www.babyartikel.de\/magazin\/toepfchentraining-ab-wann#article","isPartOf":{"@id":"https:\/\/www.babyartikel.de\/magazin\/toepfchentraining-ab-wann"},"author":{"name":"Berenice","@id":"https:\/\/www.babyartikel.de\/magazin\/#\/schema\/person\/8756a99664c6c3012182d6a8c33dd83b"},"headline":"T\u00f6pfchentraining: Ab wann ist der richtige Zeitpunkt?","datePublished":"2018-07-19T06:45:06+00:00","dateModified":"2024-11-15T11:29:30+00:00","mainEntityOfPage":{"@id":"https:\/\/www.babyartikel.de\/magazin\/toepfchentraining-ab-wann"},"wordCount":960,"commentCount":6,"image":{"@id":"https:\/\/www.babyartikel.de\/magazin\/toepfchentraining-ab-wann#primaryimage"},"thumbnailUrl":"https:\/\/media.babyartikel.de\/magazin\/wp-content\/uploads\/2018\/04\/t\u00f6pchentraining-ab-wann-e1525260975372.jpg","keywords":["alltag mit kleinkind","entwicklung","wickeln"],"articleSection":["Erziehungstipps","Kleinkind"],"inLanguage":"de","potentialAction":[{"@type":"CommentAction","name":"Comment","target":["https:\/\/www.babyartikel.de\/magazin\/toepfchentraining-ab-wann#respond"]}]},{"@type":"WebPage","@id":"https:\/\/www.babyartikel.de\/magazin\/toepfchentraining-ab-wann","url":"https:\/\/www.babyartikel.de\/magazin\/toepfchentraining-ab-wann","name":"T\u00f6pfchentraining: Ab wann ist der richtige Zeitpunkt? | Babyartikel.de","isPartOf":{"@id":"https:\/\/www.babyartikel.de\/magazin\/#website"},"primaryImageOfPage":{"@id":"https:\/\/www.babyartikel.de\/magazin\/toepfchentraining-ab-wann#primaryimage"},"image":{"@id":"https:\/\/www.babyartikel.de\/magazin\/toepfchentraining-ab-wann#primaryimage"},"thumbnailUrl":"https:\/\/media.babyartikel.de\/magazin\/wp-content\/uploads\/2018\/04\/t\u00f6pchentraining-ab-wann-e1525260975372.jpg","datePublished":"2018-07-19T06:45:06+00:00","dateModified":"2024-11-15T11:29:30+00:00","author":{"@id":"https:\/\/www.babyartikel.de\/magazin\/#\/schema\/person\/8756a99664c6c3012182d6a8c33dd83b"},"description":"Ab wann ist Dein Kind bereit f\u00fcr das T\u00f6pfchentraining? Und wie kannst Du Dein Kind beim Trocken werden unterst\u00fctzen? Erfahre hier, wie das T\u00f6pchentraining f\u00fcr Dich und Dein Baby m\u00f6glichst unkompliziert und stressfrei funktioniert.","breadcrumb":{"@id":"https:\/\/www.babyartikel.de\/magazin\/toepfchentraining-ab-wann#breadcrumb"},"inLanguage":"de","potentialAction":[{"@type":"ReadAction","target":["https:\/\/www.babyartikel.de\/magazin\/toepfchentraining-ab-wann"]}]},{"@type":"ImageObject","inLanguage":"de","@id":"https:\/\/www.babyartikel.de\/magazin\/toepfchentraining-ab-wann#primaryimage","url":"https:\/\/media.babyartikel.de\/magazin\/wp-content\/uploads\/2018\/04\/t\u00f6pchentraining-ab-wann-e1525260975372.jpg","contentUrl":"https:\/\/media.babyartikel.de\/magazin\/wp-content\/uploads\/2018\/04\/t\u00f6pchentraining-ab-wann-e1525260975372.jpg","width":1361,"height":1006,"caption":"t\u00f6pfchentraining: ab wann ist der richtige zeitpunkt zum trocken werden?"},{"@type":"BreadcrumbList","@id":"https:\/\/www.babyartikel.de\/magazin\/toepfchentraining-ab-wann#breadcrumb","itemListElement":[{"@type":"ListItem","position":1,"name":"Startseite","item":"https:\/\/www.babyartikel.de\/magazin"},{"@type":"ListItem","position":2,"name":"T\u00f6pfchentraining: Ab wann ist der richtige Zeitpunkt?"}]},{"@type":"WebSite","@id":"https:\/\/www.babyartikel.de\/magazin\/#website","url":"https:\/\/www.babyartikel.de\/magazin\/","name":"Babyartikel.de Magazin","description":"","potentialAction":[{"@type":"SearchAction","target":{"@type":"EntryPoint","urlTemplate":"https:\/\/www.babyartikel.de\/magazin\/?s={search_term_string}"},"query-input":{"@type":"PropertyValueSpecification","valueRequired":true,"valueName":"search_term_string"}}],"inLanguage":"de"},{"@type":"Person","@id":"https:\/\/www.babyartikel.de\/magazin\/#\/schema\/person\/8756a99664c6c3012182d6a8c33dd83b","name":"Berenice","image":{"@type":"ImageObject","inLanguage":"de","@id":"https:\/\/media.babyartikel.de\/magazin\/wp-content\/uploads\/2020\/05\/Berenice-150x150.jpg","url":"https:\/\/media.babyartikel.de\/magazin\/wp-content\/uploads\/2020\/05\/Berenice-150x150.jpg","contentUrl":"https:\/\/media.babyartikel.de\/magazin\/wp-content\/uploads\/2020\/05\/Berenice-150x150.jpg","caption":"Berenice"},"description":"Hi, ich bin Berenice, 35 Jahre alt und alleinerziehende Mama zweier T\u00f6chter. Zwischen Job, Haushalt und Schule ist das Schreiben ein wunderbarer Ausgleich f\u00fcr mich.","url":"https:\/\/www.babyartikel.de\/magazin\/author\/berenice-acker"}]}},"abstract_sku":"","_links":{"self":[{"href":"https:\/\/www.babyartikel.de\/magazin\/wp-json\/wp\/v2\/posts\/56028","targetHints":{"allow":["GET"]}}],"collection":[{"href":"https:\/\/www.babyartikel.de\/magazin\/wp-json\/wp\/v2\/posts"}],"about":[{"href":"https:\/\/www.babyartikel.de\/magazin\/wp-json\/wp\/v2\/types\/post"}],"author":[{"embeddable":true,"href":"https:\/\/www.babyartikel.de\/magazin\/wp-json\/wp\/v2\/users\/56"}],"replies":[{"embeddable":true,"href":"https:\/\/www.babyartikel.de\/magazin\/wp-json\/wp\/v2\/comments?post=56028"}],"version-history":[{"count":8,"href":"https:\/\/www.babyartikel.de\/magazin\/wp-json\/wp\/v2\/posts\/56028\/revisions"}],"predecessor-version":[{"id":954310,"href":"https:\/\/www.babyartikel.de\/magazin\/wp-json\/wp\/v2\/posts\/56028\/revisions\/954310"}],"wp:featuredmedia":[{"embeddable":true,"href":"https:\/\/www.babyartikel.de\/magazin\/wp-json\/wp\/v2\/media\/56146"}],"wp:attachment":[{"href":"https:\/\/www.babyartikel.de\/magazin\/wp-json\/wp\/v2\/media?parent=56028"}],"wp:term":[{"taxonomy":"category","embeddable":true,"href":"https:\/\/www.babyartikel.de\/magazin\/wp-json\/wp\/v2\/categories?post=56028"},{"taxonomy":"post_tag","embeddable":true,"href":"https:\/\/www.babyartikel.de\/magazin\/wp-json\/wp\/v2\/tags?post=56028"}],"curies":[{"name":"wp","href":"https:\/\/api.w.org\/{rel}","templated":true}]}}