
{"id":59227,"date":"2018-12-09T08:37:33","date_gmt":"2018-12-09T07:37:33","guid":{"rendered":"https:\/\/www.babyartikel.de\/magazin\/?p=59227"},"modified":"2025-03-07T14:15:49","modified_gmt":"2025-03-07T13:15:49","slug":"baby-4-monate","status":"publish","type":"post","link":"https:\/\/www.babyartikel.de\/magazin\/baby-4-monate","title":{"rendered":"Baby 4 Monate alt: Jetzt lernt Dein Kind gezieltes Greifen und erkennt Farben"},"content":{"rendered":"<p>Erinnerst Du Dich noch daran, wie klein und zart Dein Neugeborenes am Tag der Geburt war? Erstaunlich, wie stark sich Dein Baby in den letzten Monaten ver&auml;ndert und entwickelt hat! <strong>Wenn Dein Baby 4 Monate alt ist, wirkt es zunehmend kr&auml;ftiger, wacher und immer mobiler.<\/strong> Sicher ist Dir aufgefallen, dass Dein kleiner Schatz Dich und seine Umgebung jetzt in seinem 5. Lebensmonat immer besser wahrnimmt. Dein 4 Monate altes Baby kommuniziert mit Dir, sucht nach Dir und ist in den letzten Wochen auch viel agiler geworden.<script>\n\tjQuery(document).ready(function() {\n\t\t\/\/ Swiper: Slider\n\t\tvar swiper = new Swiper('.swiper-3137-8544', {\n\t\t\tslidesPerView: 9,\n\t\t\tslidesPerGroup: 1,\n\t\t\tspaceBetween: 5,\n\t\t\tinitialSlide: 3,\n\t\t\t\/\/direction: 'horizontal',\n\t\t\t\/\/loop: true,\n\t\t\tnavigation: {\n\t\t\t  nextEl: '.swiper-btn-nx-swiper-3137-8544',\n\t\t\t  prevEl: '.swiper-btn-pr-swiper-3137-8544',\n\t\t\t},\n\t\t\tbreakpoints: {\n\t\t\t\t1260: {\n\t\t\t\t\tslidesPerView: 7,\n\t\t\t\t},\n\t\t\t\t767: {\n\t\t\t\t\tslidesPerView: 5,\n\t\t\t\t},\n\t\t\t\t460: {\n\t\t\t\t\tslidesPerView: 4,\n\t\t\t\t},\n\t\t\t\t380: {\n\t\t\t\t\tslidesPerView: 3,\n\t\t\t\t},\n\t\t\t\t320: {\n\t\t\t\t\tslidesPerView: 2,\n\t\t\t\t}\n\t\t\t}\n\t\t  });\n\t\t});\n\t\t<\/script><section class=\"navigation-calender\">\n\t<div class=\"swiper-element\" style=\"background-color:white;\">\n\t\t<label class=\"text-center h2\">Baby-Monate im &Uuml;berblick<\/label>\n\t\t<div class=\"swiper_wrap swiper-wrap-wop\">\n\t\t\t<!-- Slider main container -->\n\t\t\t<div class=\"swiper-container swiper-container-wop swiper-3137-8544\">\n\t\t\t\t<!-- Additional required wrapper -->\n\t\t\t\t<div class=\"swiper-wrapper\" style=\"width: 80%\">\n\t\t\t\t\t\n\t\t\t\t<div class=\"swiper-slide isagenav-slide\">\n\t\t\t\t\t<a href=\"\/magazin\/baby-1-monat\" class=\"notSelectedWeek\">Baby 1<br>Monat<\/a>\n\t\t\t\t<\/div>\n\t\t\t\t<div class=\"swiper-slide isagenav-slide\">\n\t\t\t\t\t<a href=\"\/magazin\/baby-2-monate\" class=\"notSelectedWeek\">Baby 2<br>Monate<\/a>\n\t\t\t\t<\/div>\n\t\t\t\t<div class=\"swiper-slide isagenav-slide\">\n\t\t\t\t\t<a href=\"\/magazin\/baby-3-monate\" class=\"notSelectedWeek\">Baby 3<br>Monate<\/a>\n\t\t\t\t<\/div>\n\t\t\t\t<div class=\"swiper-slide isagenav-slide\">\n\t\t\t\t\t<a href=\"\/magazin\/baby-4-monate\" class=\"selectedWeek\">Baby 4<br>Monate<\/a>\n\t\t\t\t<\/div>\n\t\t\t\t<div class=\"swiper-slide isagenav-slide\">\n\t\t\t\t\t<a href=\"\/magazin\/baby-5-monate\" class=\"notSelectedWeek\">Baby 5<br>Monate<\/a>\n\t\t\t\t<\/div>\n\t\t\t\t<div class=\"swiper-slide isagenav-slide\">\n\t\t\t\t\t<a href=\"\/magazin\/baby-6-monate-entwicklung\" class=\"notSelectedWeek\">Baby 6<br>Monate<\/a>\n\t\t\t\t<\/div>\n\t\t\t\t<div class=\"swiper-slide isagenav-slide\">\n\t\t\t\t\t<a href=\"\/magazin\/baby-7-monate\" class=\"notSelectedWeek\">Baby 7<br>Monate<\/a>\n\t\t\t\t<\/div>\n\t\t\t\t<div class=\"swiper-slide isagenav-slide\">\n\t\t\t\t\t<a href=\"\/magazin\/baby-8-monate\" class=\"notSelectedWeek\">Baby 8<br>Monate<\/a>\n\t\t\t\t<\/div>\n\t\t\t\t<div class=\"swiper-slide isagenav-slide\">\n\t\t\t\t\t<a href=\"\/magazin\/baby-9-monate-so-entwickelt-sich-dein-schatz\" class=\"notSelectedWeek\">Baby 9<br>Monate<\/a>\n\t\t\t\t<\/div>\n\t\t\t\t<div class=\"swiper-slide isagenav-slide\">\n\t\t\t\t\t<a href=\"\/magazin\/baby-10-monate-alles-ueber-schlaf-essen-entwicklung\" class=\"notSelectedWeek\">Baby 10<br>Monate<\/a>\n\t\t\t\t<\/div>\n\t\t\t\t<div class=\"swiper-slide isagenav-slide\">\n\t\t\t\t\t<a href=\"\/magazin\/baby-11-monate-entwicklung-und-foerderung\" class=\"notSelectedWeek\">Baby 11<br>Monate<\/a>\n\t\t\t\t<\/div>\n\t\t\t\t<div class=\"swiper-slide isagenav-slide\">\n\t\t\t\t\t<a href=\"\/magazin\/baby-1-jahr\" class=\"notSelectedWeek\">Baby 12<br>Monate<\/a>\n\t\t\t\t<\/div>\n\t\t\t\t<div class=\"swiper-slide isagenav-slide\">\n\t\t\t\t\t<a href=\"\/magazin\/baby-13-monate-entwicklung-schlaf-ernaehrung\" class=\"notSelectedWeek\">Baby 13<br>Monate<\/a>\n\t\t\t\t<\/div>\n\t\t\t\t<div class=\"swiper-slide isagenav-slide\">\n\t\t\t\t\t<a href=\"\/magazin\/baby-14-monate-vom-laufen-schlafen-und-wutanfaellen\" class=\"notSelectedWeek\">Baby 14<br>Monate<\/a>\n\t\t\t\t<\/div>\n\t\t\t\t<div class=\"swiper-slide isagenav-slide\">\n\t\t\t\t\t<a href=\"\/magazin\/baby-15-monate\" class=\"notSelectedWeek\">Baby 15<br>Monate<\/a>\n\t\t\t\t<\/div>\n\t\t\t\t<div class=\"swiper-slide isagenav-slide\">\n\t\t\t\t\t<a href=\"\/magazin\/16-monate-altes-kind\" class=\"notSelectedWeek\">Baby 16<br>Monate<\/a>\n\t\t\t\t<\/div>\n\t\t\t\t<div class=\"swiper-slide isagenav-slide\">\n\t\t\t\t\t<a href=\"\/magazin\/kind-17-monate-entwicklung-schlaf-essen-schub\" class=\"notSelectedWeek\">Baby 17<br>Monate<\/a>\n\t\t\t\t<\/div>\n\t\t\t\t<div class=\"swiper-slide isagenav-slide\">\n\t\t\t\t\t<a href=\"\/magazin\/kind-18-monate-entwicklung-herausforderungen\" class=\"notSelectedWeek\">Baby 18<br>Monate<\/a>\n\t\t\t\t<\/div>\n\t\t\t\t<\/div>\n\t\t\t\t\n\t\t\t<\/div>\n\t\t\t<!-- If we need navigation buttons -->\n\t\t\t<div class=\"swiper-button-prev-wop swiper-btn-pr-swiper-3137-8544\" style=\"right: auto;\">\n\t\t\t\t<svg xmlns=\"http:\/\/www.w3.org\/2000\/svg\" width=\"25\" height=\"25\" fill=\"#3e3e3e\" class=\"bi bi-chevron-left\" viewbox=\"0 0 16 16\">\n\t\t\t\t\t<path fill-rule=\"evenodd\" d=\"M11.354 1.646a.5.5 0 0 1 0 .708L5.707 8l5.647 5.646a.5.5 0 0 1-.708.708l-6-6a.5.5 0 0 1 0-.708l6-6a.5.5 0 0 1 .708 0z\"><\/path>\n\t\t\t\t<\/svg>\n\t\t\t<\/div>\n\t\t\t<div class=\"swiper-button-next-wop swiper-btn-nx-swiper-3137-8544\" style=\"right: 0px; left: auto;\">\n\t\t\t\t<svg xmlns=\"http:\/\/www.w3.org\/2000\/svg\" width=\"25\" height=\"25\" fill=\"#3e3e3e\" class=\"bi bi-chevron-right\" viewbox=\"0 0 16 16\">\n\t\t\t\t\t<path fill-rule=\"evenodd\" d=\"M4.646 1.646a.5.5 0 0 1 .708 0l6 6a.5.5 0 0 1 0 .708l-6 6a.5.5 0 0 1-.708-.708L10.293 8 4.646 2.354a.5.5 0 0 1 0-.708z\"><\/path>\n\t\t\t\t<\/svg>\n\t\t\t<\/div>\n\t\t<\/div>\n\t<\/div>\n\t<\/section><div id=\"ez-toc-container\" class=\"ez-toc-v2_0_82_2 counter-flat ez-toc-counter ez-toc-white ez-toc-container-direction\">\n<div class=\"ez-toc-title-container\">\n<p class=\"ez-toc-title\" style=\"cursor:inherit\">Inhaltsverzeichnis<\/p>\n<span class=\"ez-toc-title-toggle\"><a href=\"#\" class=\"ez-toc-pull-right ez-toc-btn ez-toc-btn-xs ez-toc-btn-default ez-toc-toggle\" aria-label=\"Toggle Table of Content\"><span class=\"ez-toc-js-icon-con\"><span class=\"\"><span class=\"eztoc-hide\" style=\"display:none;\">Toggle<\/span><span class=\"ez-toc-icon-toggle-span\"><svg style=\"fill: #999;color:#999\" xmlns=\"http:\/\/www.w3.org\/2000\/svg\" class=\"list-377408\" width=\"20px\" height=\"20px\" viewBox=\"0 0 24 24\" fill=\"none\"><path d=\"M6 6H4v2h2V6zm14 0H8v2h12V6zM4 11h2v2H4v-2zm16 0H8v2h12v-2zM4 16h2v2H4v-2zm16 0H8v2h12v-2z\" fill=\"currentColor\"><\/path><\/svg><svg style=\"fill: #999;color:#999\" class=\"arrow-unsorted-368013\" xmlns=\"http:\/\/www.w3.org\/2000\/svg\" width=\"10px\" height=\"10px\" viewBox=\"0 0 24 24\" version=\"1.2\" baseProfile=\"tiny\"><path d=\"M18.2 9.3l-6.2-6.3-6.2 6.3c-.2.2-.3.4-.3.7s.1.5.3.7c.2.2.4.3.7.3h11c.3 0 .5-.1.7-.3.2-.2.3-.5.3-.7s-.1-.5-.3-.7zM5.8 14.7l6.2 6.3 6.2-6.3c.2-.2.3-.5.3-.7s-.1-.5-.3-.7c-.2-.2-.4-.3-.7-.3h-11c-.3 0-.5.1-.7.3-.2.2-.3.5-.3.7s.1.5.3.7z\"\/><\/svg><\/span><\/span><\/span><\/a><\/span><\/div>\n<nav><ul class='ez-toc-list ez-toc-list-level-1 ' ><li class='ez-toc-page-1'><a class=\"ez-toc-link ez-toc-heading-1\" href=\"https:\/\/www.babyartikel.de\/magazin\/baby-4-monate\/#Im_Alter_zwischen_4_und_5_Monaten_werden_die_Kleinen_immer_mobiler\" >Im Alter zwischen 4 und 5 Monaten werden die Kleinen immer mobiler<\/a><\/li><li class='ez-toc-page-1'><a class=\"ez-toc-link ez-toc-heading-2\" href=\"https:\/\/www.babyartikel.de\/magazin\/baby-4-monate\/#Mit_4_Monaten_interessiert_sich_Dein_Baby_mehr_fuer_seine_Umgebung\" >Mit 4 Monaten interessiert sich Dein Baby mehr f&uuml;r seine Umgebung<\/a><\/li><li class='ez-toc-page-1'><a class=\"ez-toc-link ez-toc-heading-3\" href=\"https:\/\/www.babyartikel.de\/magazin\/baby-4-monate\/#Dein_4_Monate_altes_Baby_greift_immer_gezielter\" >Dein 4 Monate altes Baby greift immer gezielter<\/a><\/li><li class='ez-toc-page-1'><a class=\"ez-toc-link ez-toc-heading-4\" href=\"https:\/\/www.babyartikel.de\/magazin\/baby-4-monate\/#Wann_steht_der_Beikost-Start_an\" >Wann steht der Beikost-Start an?<\/a><\/li><li class='ez-toc-page-1'><a class=\"ez-toc-link ez-toc-heading-5\" href=\"https:\/\/www.babyartikel.de\/magazin\/baby-4-monate\/#Baby_4_Monate_alt_Diese_Spiele_sind_jetzt_ideal\" >Baby 4 Monate alt: Diese Spiele sind jetzt ideal &nbsp;<\/a><\/li><li class='ez-toc-page-1'><a class=\"ez-toc-link ez-toc-heading-6\" href=\"https:\/\/www.babyartikel.de\/magazin\/baby-4-monate\/#%E2%80%9EDer_Mund_wird_zur_dritten_Hand%E2%80%9C_%E2%80%93_die_orale_Phase_beginnt\" >&bdquo;Der Mund wird zur dritten Hand&ldquo; &ndash;  die orale Phase beginnt<\/a><\/li><\/ul><\/nav><\/div>\n<h2 class=\"wp-block-heading\" id=\"h-im-alter-zwischen-4-und-5-monaten-werden-die-kleinen-immer-mobiler\"><span class=\"ez-toc-section\" id=\"Im_Alter_zwischen_4_und_5_Monaten_werden_die_Kleinen_immer_mobiler\"><\/span>Im Alter zwischen 4 und 5 Monaten werden die Kleinen immer mobiler<span class=\"ez-toc-section-end\"><\/span><\/h2><p>Babys mit 4 Monaten sind schon richtig mobil: <strong>Sie k&ouml;nnen sich h&auml;ufig vom Bauch auf den R&uuml;cken und umgekehrt <a href=\"https:\/\/www.babyartikel.de\/magazin\/baby-drehen-lernen\">drehen<\/a><\/strong>. Wenn Du Deinem Kleinen Deine Finger reichst, versucht es, sich aus der R&uuml;ckenlage heraus nach oben zu ziehen. Deinem Baby f&auml;llt es inzwischen auch lange nicht mehr so schwer wie am Anfang, seinen <a href=\"https:\/\/www.babyartikel.de\/magazin\/baby-koepfchen-halten\">Kopf selbstst&auml;ndig zu heben<\/a>. Vielleicht kann Dein Kleines sogar schon seinen Oberk&ouml;rper auf den H&auml;nden abst&uuml;tzen.<\/p><section><div class=\"cta-container custom-infobox\" style=\"background-color: #fff8e2; box-shadow: 1px 1px 4px #9d9d9d; padding: 10px; border: 2px solid white; margin-bottom: 10px; margin-top: 10px;\"><div class=\"text-center\"><img decoding=\"async\" src=\"https:\/\/www.babyartikel.de\/magazin\/wp-content\/plugins\/wp-ba-custom-block\/img\/lightbulb.svg\" alt=\"plasticfree.svg\" style=\"padding: 0.1rem; border: solid #377C3A; border-radius: 50%; margin-top: -2.75rem; width: 2.5rem; height: 2.5rem; background-color: #377C3A\"><\/div><label style=\"color: #ffc107; \" class=\"labelHomePage h5\">Auf die Pl&auml;tze, fertig, los!<\/label>\n<p>Mit jeder Bewegung Deines Babys kr&auml;ftigt sich seine Muskulatur. Nicht mehr lange, und Dein Baby wird robben oder eine andere Fortbewegungsm&ouml;glichkeit f&uuml;r sich entdecken.<\/p>\n<\/div><\/section><h2 class=\"wp-block-heading\" id=\"h-mit-4-monaten-interessiert-sich-dein-baby-mehr-fur-seine-umgebung\"><span class=\"ez-toc-section\" id=\"Mit_4_Monaten_interessiert_sich_Dein_Baby_mehr_fuer_seine_Umgebung\"><\/span>Mit 4 Monaten interessiert sich Dein Baby mehr f&uuml;r seine Umgebung<span class=\"ez-toc-section-end\"><\/span><\/h2><p>Auch das <a href=\"https:\/\/www.babyartikel.de\/magazin\/baby-sehen\">Sehverm&ouml;gen<\/a> Deines 4 Monate alten Babys ist jetzt besser trainiert. <strong>Dein Baby kann mittlerweile dreidimensional sehen<\/strong> und unterscheiden, ob eine Person oder ein Gegenstand nah oder weit von ihm entfernt sind. Das Farbensehen ist noch nicht komplett ausgepr&auml;gt, Dein Baby kann aber bereits Farben und Kontraste unterscheiden.<\/p><div class=\"marketing-slot\"><div id=\"block-18\" class=\"content-post-widget marketing-slot-1 widget_block\"><a href=\"#\" class=\"newsletter_popup\" style=\"\n  display: inline-block;\n  box-shadow: 0 4px 10px rgba(0,0,0,0.1);\n  margin: 20px auto;\n  max-width: 800px;\n  width: 100%;\">\n  <img src=\"https:\/\/media.babyartikel.de\/magazin\/wp-content\/uploads\/2025\/08\/NL-Banner-Magazin-8-25.webp\" alt=\"Newsletter Banner\" style=\"\n    width: 100%;\n    height: auto;\n    display: block;\" onclick=\"ga('send', 'event', 'banner', 'click', 'magazin-banner-newsletter-8-25');\">\n<\/a>\n\n\t<!-- Modal -->\n\t<div class=\"modal fade modal_popup\" id=\"newsletter_popup\" tabindex=\"-1\" aria-labelledby=\"exampleModalLabel\" aria-hidden=\"true\">\n\t\t<div class=\"modal-dialog modal-dialog-centered modal-dialog-scrollable\">\n\t\t\t<div class=\"modal-content\">\n\t\t\t\t<div class=\"modal-header small-header\">\n\t\t\t\t\t<h5 class=\"modal-title\" id=\"newsletterModalLabel\">\n\t\t\t\t\t\tNewsletter\t\t\t\t\t<\/h5>\n\t\t\t\t\t<button type=\"button\" class=\"btn-close small-close\" data-bs-dismiss=\"modal\" aria-label=\"Close\"><\/button>\n\t\t\t\t<\/div>\n\n\t\t\t\t<div class=\"modal-body\">\n\t\t\t\t\t\t<div class=\"newsletterForm-embed popup-form\">\n        <form name=\"newsletterSubscriptionForm\" id=\"newsletter_popup_69f10670a1d66_form\" data-newsletter-id=\"newsletter_popup_69f10670a1d66\" method=\"POST\">\n\n\t\t\t<input type=\"text\" name=\"website\" class=\"hidden\" tabindex=\"-1\" autocomplete=\"off\" style=\"position:absolute;left:-9999px;\">\n\t\t\t<input type=\"hidden\" name=\"ts\" value=\"1777403504\">\n\n\t\t\t                <input type=\"hidden\" name=\"emarsys-event-id\" value=\"3756\">\n            \n            \t\t\t<div class=\"mb-3\">\n\t\t\t\t<label for=\"date\" class=\"form-label\">Geburtstag\/ -termin Deines Babys<\/label>\n                <input type=\"date\" name=\"date\" class=\"input input--expand form-control\" required>\n\t\t\t<\/div>\n            \n\t\t\t<div class=\"mb-3\">\n\t\t\t\t<label for=\"email\" class=\"form-label\">E-Mail-Adresse<\/label>\n\t\t\t\t<input type=\"email\" name=\"email\" placeholder=\"E-Mail-Adresse\" class=\"input input--expand form-control\" required>\n\t\t\t<\/div>\n\n\t\t\t\t\t\t\t<button type=\"submit\" class=\"btn btn-primary\">Absenden<\/button>\n\t\t\t\n\t\t\t\t\t\t\t<div class=\"small mt-3\" style=\"font-weight:normal;\">\n\t\t\t\t\t\n\t\t\t<div class=\"mt-3\">\n\t\t\t\tJa, ich m&ouml;chte den Newsletter von Babyartikel.de erhalten und &uuml;ber Aktionen informiert werden.\n  Dabei darf mein Nutzungsverhalten (z. B. &Ouml;ffnungen und Klicks) zur Personalisierung ausgewertet werden.\n  Mehr finde ich in der <a href=\"\/de\/datenschutz\" style=\"text-decoration:underline\">Datenschutzerkl&auml;rung<\/a>.\n\t\t\t<\/div>\n\t\t\t\t\t\t<\/div>\n\t\t\t\n\t\t\t\t\t\t\t<div class=\"small mb-3 mt-3\" style=\"font-weight:normal;\">\n\t\t\t\t\tJederzeit abbestellbar | <a href=\"\/de\/datenschutz\" style=\"text-decoration:underline\">\n\t\t\t\t\t\tDatenschutzerkl&auml;rung\n\t\t\t\t\t<\/a>\n\t\t\t\t<\/div>\n\t\t\t\n        <\/form>\n    <\/div>\n\t\n\t\t\t\t\t<div class=\"response-messages_newsletter_popup_69f10670a1d66\">\n\t\t\t\t\t\t<div class=\"alert alert-success success mt-3 mb-3 d-none\">\n\t\t\t\t\t\t\tNur noch ein Klick! Best&auml;tige Deine Anmeldung in der E-Mail, die du gleich erh&auml;ltst.\t\t\t\t\t\t<\/div>\n\t\t\t\t\t\t<div class=\"error mt-3 mb-3 d-none\">\n\t\t\t\t\t\t\t<div class=\"alert alert-danger \">\n\t\t\t\t\t\t\t\tEin Fehler ist aufgetreten. Bitte versuche es sp&auml;ter erneut.\t\t\t\t\t\t\t<\/div>\n\t\t\t\t\t\t<\/div>\n\t\t\t\t\t\t<div class=\"alert alert-danger other-2007 mt-3 mb-3 d-none\">\n\t\t\t\t\t\t\tUng&Atilde;&frac14;ltiges Datumsformat\t\t\t\t\t\t<\/div>\n\t\t\t\t\t<\/div>\n\t\t\t\t<\/div>\n\t\t\t<\/div>\n\t\t<\/div>\n\t<\/div>\n\n\t<\/div><!-- content-widget --><\/div><p><strong>Dein Baby ist im 5. Lebensmonat im Entdeckermodus.<\/strong> Es interessiert sich f&uuml;r alles, was in seiner Umgebung passiert. Dein Kleines folgt Dir und seinem Spielzeug dabei nicht nur mit Blicken, sondern m&ouml;chte alles, was es sieht, greifen und <a href=\"https:\/\/www.babyartikel.de\/magazin\/baby-nimmt-alles-in-den-mund-orale-phase-baby\">abschlecken<\/a>.<\/p><h2 class=\"wp-block-heading\" id=\"h-dein-4-monate-altes-baby-greift-immer-gezielter\"><span class=\"ez-toc-section\" id=\"Dein_4_Monate_altes_Baby_greift_immer_gezielter\"><\/span>Dein 4 Monate altes Baby greift immer gezielter <span class=\"ez-toc-section-end\"><\/span><\/h2><p>Die <strong>Hand-Auge-Koordination<\/strong> klappt mit 4 Monaten schon recht gut. Wenn Dein Baby nach einem Gegenstand oder Deinen Fingern <a href=\"https:\/\/www.babyartikel.de\/magazin\/baby-1-x-1-greifen-lernen\">greift<\/a>, ist es schon ziemlich geschickt. Zwar umfasst Dein Kind sein Spielzeug noch mit der ganzen Hand und nicht mit einzelnen Fingern, trotzdem gelingt es ihm, eine Rassel oder einen Greifling von einer Hand zur anderen zu geben.<\/p><div class=\"postslot1\">[articles]<link rel=\"stylesheet\" href=\"https:\/\/cdn.jsdelivr.net\/npm\/swiper@8\/swiper-bundle.min.css\"><\/div><div class=\"marketing-slot\"><div id=\"block-25\" class=\"content-post-widget marketing-slot-2 widget_block\"><a href=\"https:\/\/www.babyartikel.de\/de\/angebote\" data-track-link-click=\"true\" data-track-name=\"nyoutlet2026-magazin\" data-track-medium=\"banner-magazin-post\" data-track-campaign=\"magazin-banner-nyoutlet2026\" onclick=\"ga('send', 'event', 'banner', 'click', 'magazin-banner-nyoutlet2026');\" style=\"display:block;width:100%;text-align:center;\"><img src=\"https:\/\/media.babyartikel.de\/magazin\/wp-content\/uploads\/2026\/01\/NY-Outlet-10-2026.webp\" alt=\"Sale\" style=\"max-width:100%;\"><\/a><\/div><!-- content-widget --><\/div><h2 class=\"wp-block-heading\" id=\"h-wann-steht-der-beikost-start-an\"><span class=\"ez-toc-section\" id=\"Wann_steht_der_Beikost-Start_an\"><\/span>Wann steht der Beikost-Start an?<span class=\"ez-toc-section-end\"><\/span><\/h2><p>Je nachdem, welcher <a href=\"https:\/\/www.babyartikel.de\/magazin\/babybrei\">Beikost<\/a>-Empfehlung Du folgst, kannst Du irgendwann zwischen dem vollendeten vierten und dem sechsten Lebensmonat Deines Kindes mit der Beikost starten.<\/p><p><strong>Dabei solltest Du die Beikost-Reifezeichen Deines Babys beachten:<\/strong><\/p><ul class=\"wp-block-list\">\n<li>Verfolgt Dein Kleines das Essen, das Du zu Dir nimmst, mit den Augen?<\/li>\n\n\n\n<li>Schmatzt Dein Baby mit und ahmt Deine Kaubewegungen nach?<\/li>\n\n\n\n<li>Sitzt Dein Baby schon eine Weile (mit Unterst&uuml;tzung)?<\/li>\n\n\n\n<li>Kann Dein Kind schon Brei vom L&ouml;ffel nehmen und diesen schlucken?<\/li>\n\n\n\n<li>Oder ist der <a href=\"https:\/\/www.babyartikel.de\/magazin\/zungenstossreflex-warum-dein-baby-den-brei-rausschiebt\">Zungensto&szlig;reflex<\/a> Deines Babys noch sehr stark und das Kleine dr&uuml;ckt alles wieder heraus?<\/li>\n<\/ul><p>Wenn Dein Baby bereit ist, kannst Du mit dem ersten <a href=\"https:\/\/www.babyartikel.de\/magazin\/der-erste-brei-welcher-ist-der-richtige-und-wie-geht-es-weiter\">Brei<\/a> oder auch mit <a href=\"https:\/\/www.babyartikel.de\/magazin\/baby-led-weaning-tipps-und-fingerfood-ideen\">Fingerfood<\/a> starten. Im 5. Lebensmonat und zum Beikosteinstieg eignet sich p&uuml;riertes Gem&uuml;se als Brei oder gegartes Gem&uuml;se als Fingerfood.<\/p><h3 class=\"wp-block-heading\" id=\"h-dein-baby-will-noch-keine-beikost-essen\">Dein Baby will noch keine Beikost essen?<\/h3><p>Lass Deinem Baby Zeit, es muss jetzt noch nicht essen k&ouml;nnen. <strong>Dein 4 Monate altes Baby kann sich noch alle N&auml;hrstoffe aus der Muttermilch oder der <a href=\"https:\/\/www.babyartikel.de\/magazin\/milchnahrung\">Flaschen-Nahrung<\/a> holen.<\/strong> Probiert es einfach in einigen Wochen noch einmal. Und lass Dich nicht stressen oder verunsichern!<\/p><hr class=\"wp-block-separator has-alpha-channel-opacity\"><section><div class=\"cta-container custom-infobox\" style=\"background-color: #F9ECF4; box-shadow: 1px 1px 4px #9d9d9d; padding: 10px; border: 2px solid white; margin-bottom: 10px; margin-top: 25px; border-radius: 0.125rem;\"><div class=\"text-center\"><img decoding=\"async\" src=\"https:\/\/www.babyartikel.de\/magazin\/wp-content\/plugins\/wp-ba-custom-block\/img\/chicklet.svg\" alt=\"chicklet.svg\" style=\"padding: 0.1rem; border: solid #FCF8FB; border-radius: 50%; margin-top: -2.75rem; width: 2.5rem; height: 2.5rem; background-color: #FCF8FB\"><\/div><label style=\"color: #95326B; \" class=\"labelHomePage h5\">Wachstumsrechner &bdquo;Wie alt ist mein Baby?&ldquo;<\/label>\n<p>Du willst wissen, wie alt Dein Baby ganz genau ist? Unser <a href=\"https:\/\/www.babyartikel.de\/magazin\/wie-alt-ist-mein-baby-wochenrechner\">Wochenrechner<\/a> verr&auml;t es Dir. In Sekundenschnelle kannst Du ermitteln, wie alt Dein Kind in Tagen, Wochen oder Monaten ist. Das n&uuml;tzliche Tool hilft Dir, wenn Du Dich etwa &uuml;ber Entwicklungsschritte informieren m&ouml;chtest oder den Termin f&uuml;r die n&auml;chste U-Untersuchung vereinbaren willst &ndash; hier wird Babys Alter n&auml;mlich immer in Wochen angegeben.<\/p>\n<\/div><\/section><hr class=\"wp-block-separator has-alpha-channel-opacity\"><h2 class=\"wp-block-heading\" id=\"h-baby-4-monate-alt-diese-spiele-sind-jetzt-ideal-nbsp\"><span class=\"ez-toc-section\" id=\"Baby_4_Monate_alt_Diese_Spiele_sind_jetzt_ideal\"><\/span>Baby 4 Monate alt: Diese Spiele sind jetzt ideal &nbsp;<span class=\"ez-toc-section-end\"><\/span><\/h2><p>Dein Kind liebt jetzt <a href=\"https:\/\/www.babyartikel.de\/magazin\/fingerspiele-fuer-babys\">Fingerspiele<\/a>, Krabbelverse und das Kuckuck-Spiel.<strong> Auch das eigene Spiegelbild kann in dem Alter schon faszinierend sein.<\/strong><\/p><p>Besonders gerne mag Dein Baby, wenn Du mit ihm sprichst, singst oder wenn Du andere Ger&auml;usche von Dir gibst. Genauso gerne wie es Dich nachahmt, genie&szlig;t es jetzt, wenn Du seine Laute wiederholst. Probiere das unbedingt einmal aus, Du wirst sicher ein lautstarkes Lachen ernten.<\/p><h2 class=\"wp-block-heading\" id=\"h-der-mund-wird-zur-dritten-hand-die-orale-phase-beginnt\"><span class=\"ez-toc-section\" id=\"%E2%80%9EDer_Mund_wird_zur_dritten_Hand%E2%80%9C_%E2%80%93_die_orale_Phase_beginnt\"><\/span>&bdquo;Der Mund wird zur dritten Hand&ldquo; &ndash;  die orale Phase beginnt<span class=\"ez-toc-section-end\"><\/span><\/h2><p>Vielleicht wunderst Du Dich dar&uuml;ber, dass Dein Baby aktuell alles in den Mund nimmt? Keine Sorge, das ist v&ouml;llig normal. Dein Baby tastet mit seiner Zunge, man sagt auch: <a href=\"https:\/\/www.babyartikel.de\/magazin\/baby-nimmt-alles-in-den-mund-orale-phase-baby\">&bdquo;Der Mund ist die dritte Hand&ldquo;<\/a>.<\/p><p>Einige 4 Monate alte Babys bekommen schon ihr erstes Z&auml;hnchen (oder gleich die ersten beiden), die meisten anderen haben mit dem Einschie&szlig;en der Z&auml;hnchen in den Kiefer zu k&auml;mpfen. <strong>Wenn Dein Baby in diesem Alter sehr weinerlich ist und schlechter schl&auml;ft, kann das daran liegen, dass das <a href=\"https:\/\/www.babyartikel.de\/magazin\/zahnen-baby-symptome-fieber-zahnfleisch-wie-lange-was-hilft\">Zahnen<\/a> ganz sch&ouml;n schmerzhaft sein kann. <\/strong>Deinem Baby und seinem Kiefer helfen jetzt zarte Massagen und viel K&auml;lte. <a href=\"https:\/\/www.babyartikel.de\/cat\/beissringe\">Bei&szlig;ringe<\/a> eignen sich nicht nur zum Greifenlernen, sondern lindern auch die Schmerzen im Mund. Dein Baby wird sie lieben!<\/p><script>\n\tjQuery(document).ready(function() {\n\t\t\/\/ Swiper: Slider\n\t\tvar swiper = new Swiper('.swiper-790-4274', {\n\t\t\tslidesPerView: 9,\n\t\t\tslidesPerGroup: 1,\n\t\t\tspaceBetween: 5,\n\t\t\tinitialSlide: 3,\n\t\t\t\/\/direction: 'horizontal',\n\t\t\t\/\/loop: true,\n\t\t\tnavigation: {\n\t\t\t  nextEl: '.swiper-btn-nx-swiper-790-4274',\n\t\t\t  prevEl: '.swiper-btn-pr-swiper-790-4274',\n\t\t\t},\n\t\t\tbreakpoints: {\n\t\t\t\t1260: {\n\t\t\t\t\tslidesPerView: 7,\n\t\t\t\t},\n\t\t\t\t767: {\n\t\t\t\t\tslidesPerView: 5,\n\t\t\t\t},\n\t\t\t\t460: {\n\t\t\t\t\tslidesPerView: 4,\n\t\t\t\t},\n\t\t\t\t380: {\n\t\t\t\t\tslidesPerView: 3,\n\t\t\t\t},\n\t\t\t\t320: {\n\t\t\t\t\tslidesPerView: 2,\n\t\t\t\t}\n\t\t\t}\n\t\t  });\n\t\t});\n\t\t<\/script><section class=\"navigation-calender\">\n\t<div class=\"swiper-element\" style=\"background-color:white;\">\n\t\t<label class=\"text-center h2\">Baby-Monate im &Uuml;berblick<\/label>\n\t\t<div class=\"swiper_wrap swiper-wrap-wop\">\n\t\t\t<!-- Slider main container -->\n\t\t\t<div class=\"swiper-container swiper-container-wop swiper-790-4274\">\n\t\t\t\t<!-- Additional required wrapper -->\n\t\t\t\t<div class=\"swiper-wrapper\" style=\"width: 80%\">\n\t\t\t\t\t\n\t\t\t\t<div class=\"swiper-slide isagenav-slide\">\n\t\t\t\t\t<a href=\"\/magazin\/baby-1-monat\" class=\"notSelectedWeek\">Baby 1<br>Monat<\/a>\n\t\t\t\t<\/div>\n\t\t\t\t<div class=\"swiper-slide isagenav-slide\">\n\t\t\t\t\t<a href=\"\/magazin\/baby-2-monate\" class=\"notSelectedWeek\">Baby 2<br>Monate<\/a>\n\t\t\t\t<\/div>\n\t\t\t\t<div class=\"swiper-slide isagenav-slide\">\n\t\t\t\t\t<a href=\"\/magazin\/baby-3-monate\" class=\"notSelectedWeek\">Baby 3<br>Monate<\/a>\n\t\t\t\t<\/div>\n\t\t\t\t<div class=\"swiper-slide isagenav-slide\">\n\t\t\t\t\t<a href=\"\/magazin\/baby-4-monate\" class=\"selectedWeek\">Baby 4<br>Monate<\/a>\n\t\t\t\t<\/div>\n\t\t\t\t<div class=\"swiper-slide isagenav-slide\">\n\t\t\t\t\t<a href=\"\/magazin\/baby-5-monate\" class=\"notSelectedWeek\">Baby 5<br>Monate<\/a>\n\t\t\t\t<\/div>\n\t\t\t\t<div class=\"swiper-slide isagenav-slide\">\n\t\t\t\t\t<a href=\"\/magazin\/baby-6-monate-entwicklung\" class=\"notSelectedWeek\">Baby 6<br>Monate<\/a>\n\t\t\t\t<\/div>\n\t\t\t\t<div class=\"swiper-slide isagenav-slide\">\n\t\t\t\t\t<a href=\"\/magazin\/baby-7-monate\" class=\"notSelectedWeek\">Baby 7<br>Monate<\/a>\n\t\t\t\t<\/div>\n\t\t\t\t<div class=\"swiper-slide isagenav-slide\">\n\t\t\t\t\t<a href=\"\/magazin\/baby-8-monate\" class=\"notSelectedWeek\">Baby 8<br>Monate<\/a>\n\t\t\t\t<\/div>\n\t\t\t\t<div class=\"swiper-slide isagenav-slide\">\n\t\t\t\t\t<a href=\"\/magazin\/baby-9-monate-so-entwickelt-sich-dein-schatz\" class=\"notSelectedWeek\">Baby 9<br>Monate<\/a>\n\t\t\t\t<\/div>\n\t\t\t\t<div class=\"swiper-slide isagenav-slide\">\n\t\t\t\t\t<a href=\"\/magazin\/baby-10-monate-alles-ueber-schlaf-essen-entwicklung\" class=\"notSelectedWeek\">Baby 10<br>Monate<\/a>\n\t\t\t\t<\/div>\n\t\t\t\t<div class=\"swiper-slide isagenav-slide\">\n\t\t\t\t\t<a href=\"\/magazin\/baby-11-monate-entwicklung-und-foerderung\" class=\"notSelectedWeek\">Baby 11<br>Monate<\/a>\n\t\t\t\t<\/div>\n\t\t\t\t<div class=\"swiper-slide isagenav-slide\">\n\t\t\t\t\t<a href=\"\/magazin\/baby-1-jahr\" class=\"notSelectedWeek\">Baby 12<br>Monate<\/a>\n\t\t\t\t<\/div>\n\t\t\t\t<div class=\"swiper-slide isagenav-slide\">\n\t\t\t\t\t<a href=\"\/magazin\/baby-13-monate-entwicklung-schlaf-ernaehrung\" class=\"notSelectedWeek\">Baby 13<br>Monate<\/a>\n\t\t\t\t<\/div>\n\t\t\t\t<div class=\"swiper-slide isagenav-slide\">\n\t\t\t\t\t<a href=\"\/magazin\/baby-14-monate-vom-laufen-schlafen-und-wutanfaellen\" class=\"notSelectedWeek\">Baby 14<br>Monate<\/a>\n\t\t\t\t<\/div>\n\t\t\t\t<div class=\"swiper-slide isagenav-slide\">\n\t\t\t\t\t<a href=\"\/magazin\/baby-15-monate\" class=\"notSelectedWeek\">Baby 15<br>Monate<\/a>\n\t\t\t\t<\/div>\n\t\t\t\t<div class=\"swiper-slide isagenav-slide\">\n\t\t\t\t\t<a href=\"\/magazin\/16-monate-altes-kind\" class=\"notSelectedWeek\">Baby 16<br>Monate<\/a>\n\t\t\t\t<\/div>\n\t\t\t\t<div class=\"swiper-slide isagenav-slide\">\n\t\t\t\t\t<a href=\"\/magazin\/kind-17-monate-entwicklung-schlaf-essen-schub\" class=\"notSelectedWeek\">Baby 17<br>Monate<\/a>\n\t\t\t\t<\/div>\n\t\t\t\t<div class=\"swiper-slide isagenav-slide\">\n\t\t\t\t\t<a href=\"\/magazin\/kind-18-monate-entwicklung-herausforderungen\" class=\"notSelectedWeek\">Baby 18<br>Monate<\/a>\n\t\t\t\t<\/div>\n\t\t\t\t<\/div>\n\t\t\t\t\n\t\t\t<\/div>\n\t\t\t<!-- If we need navigation buttons -->\n\t\t\t<div class=\"swiper-button-prev-wop swiper-btn-pr-swiper-790-4274\" style=\"right: auto;\">\n\t\t\t\t<svg xmlns=\"http:\/\/www.w3.org\/2000\/svg\" width=\"25\" height=\"25\" fill=\"#3e3e3e\" class=\"bi bi-chevron-left\" viewbox=\"0 0 16 16\">\n\t\t\t\t\t<path fill-rule=\"evenodd\" d=\"M11.354 1.646a.5.5 0 0 1 0 .708L5.707 8l5.647 5.646a.5.5 0 0 1-.708.708l-6-6a.5.5 0 0 1 0-.708l6-6a.5.5 0 0 1 .708 0z\"><\/path>\n\t\t\t\t<\/svg>\n\t\t\t<\/div>\n\t\t\t<div class=\"swiper-button-next-wop swiper-btn-nx-swiper-790-4274\" style=\"right: 0px; left: auto;\">\n\t\t\t\t<svg xmlns=\"http:\/\/www.w3.org\/2000\/svg\" width=\"25\" height=\"25\" fill=\"#3e3e3e\" class=\"bi bi-chevron-right\" viewbox=\"0 0 16 16\">\n\t\t\t\t\t<path fill-rule=\"evenodd\" d=\"M4.646 1.646a.5.5 0 0 1 .708 0l6 6a.5.5 0 0 1 0 .708l-6 6a.5.5 0 0 1-.708-.708L10.293 8 4.646 2.354a.5.5 0 0 1 0-.708z\"><\/path>\n\t\t\t\t<\/svg>\n\t\t\t<\/div>\n\t\t<\/div>\n\t<\/div>\n\t<\/section><hr class=\"wp-block-separator has-alpha-channel-opacity\"><p><em><strong>Wie hast Du Dein 4 Monate altes Baby erlebt? Wir sind gespannt auf Deinen Kommentar!<\/strong><\/em><\/p><div class=\"credits-overlay\" data-target=\".wp-image-61224\"><a href=\"#\" target=\"_blank\"> &copy; MadPhotos\/ Fotolia<\/a><\/div><\/p>\n","protected":false},"excerpt":{"rendered":"<p>Erinnerst Du Dich noch daran, wie klein und zart Dein Neugeborenes am Tag der Geburt war? Erstaunlich, wie stark sich Dein Baby in den letzten Monaten ver&auml;ndert und entwickelt hat! Wenn Dein Baby 4 Monate alt ist, wirkt es zunehmend kr&auml;ftiger, wacher und immer mobiler. Sicher ist Dir aufgefallen, dass Dein kleiner Schatz Dich und [&#8230;]<\/p>\n<p><a class=\"btn btn-secondary understrap-read-more-link\" href=\"https:\/\/www.babyartikel.de\/magazin\/baby-4-monate\">Weiterlesen&#8230;<\/a><\/p>\n","protected":false},"author":63,"featured_media":61224,"comment_status":"open","ping_status":"closed","sticky":false,"template":"","format":"standard","meta":{"_acf_changed":false,"footnotes":""},"categories":[79,3248],"tags":[1044,23127],"class_list":["post-59227","post","type-post","status-publish","format-standard","has-post-thumbnail","hentry","category-baby","category-babyentwicklungskalender","tag-entwicklung","tag-month-4-primary"],"acf":[],"yoast_head":"<!-- This site is optimized with the Yoast SEO Premium plugin v27.2 (Yoast SEO v27.2) - https:\/\/yoast.com\/product\/yoast-seo-premium-wordpress\/ -->\n<title>Baby 4 Monate: Was Dein Baby jetzt kann | Babyartikel.de Magazin<\/title>\n<meta name=\"description\" content=\"Wenn Dein Baby 4 Monate alt ist, interessiert es sich jetzt mehr f\u00fcr seine Umwelt. Au\u00dferdem schl\u00e4ft es vielleicht schlechter: Erfahre mehr -&gt;\" \/>\n<meta name=\"robots\" content=\"index, follow, max-snippet:-1, max-image-preview:large, max-video-preview:-1\" \/>\n<link rel=\"canonical\" href=\"https:\/\/www.babyartikel.de\/magazin\/baby-4-monate\" \/>\n<meta property=\"og:locale\" content=\"de_DE\" \/>\n<meta property=\"og:type\" content=\"article\" \/>\n<meta property=\"og:title\" content=\"Baby 4 Monate alt: Jetzt lernt Dein Kind gezieltes Greifen und erkennt Farben\" \/>\n<meta property=\"og:description\" content=\"Wenn Dein Baby 4 Monate alt ist, interessiert es sich jetzt mehr f\u00fcr seine Umwelt. Au\u00dferdem schl\u00e4ft es vielleicht schlechter: Erfahre mehr -&gt;\" \/>\n<meta property=\"og:url\" content=\"https:\/\/www.babyartikel.de\/magazin\/baby-4-monate\" \/>\n<meta property=\"og:site_name\" content=\"Babyartikel.de Magazin\" \/>\n<meta property=\"article:published_time\" content=\"2018-12-09T07:37:33+00:00\" \/>\n<meta property=\"article:modified_time\" content=\"2025-03-07T13:15:49+00:00\" \/>\n<meta property=\"og:image\" content=\"https:\/\/cdn.magazin.babyartikel.de\/magazin\/wp-content\/uploads\/2018\/12\/baby-4-monate.jpg\" \/>\n\t<meta property=\"og:image:width\" content=\"1687\" \/>\n\t<meta property=\"og:image:height\" content=\"1126\" \/>\n\t<meta property=\"og:image:type\" content=\"image\/jpeg\" \/>\n<meta name=\"author\" content=\"Kerstin\" \/>\n<meta name=\"twitter:card\" content=\"summary_large_image\" \/>\n<meta name=\"twitter:label1\" content=\"Verfasst von\" \/>\n\t<meta name=\"twitter:data1\" content=\"Kerstin\" \/>\n\t<meta name=\"twitter:label2\" content=\"Gesch\u00e4tzte Lesezeit\" \/>\n\t<meta name=\"twitter:data2\" content=\"6\u00a0Minuten\" \/>\n<script type=\"application\/ld+json\" class=\"yoast-schema-graph\">{\"@context\":\"https:\/\/schema.org\",\"@graph\":[{\"@type\":\"Article\",\"@id\":\"https:\/\/www.babyartikel.de\/magazin\/baby-4-monate#article\",\"isPartOf\":{\"@id\":\"https:\/\/www.babyartikel.de\/magazin\/baby-4-monate\"},\"author\":{\"name\":\"Kerstin\",\"@id\":\"https:\/\/www.babyartikel.de\/magazin\/#\/schema\/person\/dc2d6be80316de8c42d8bf099a238049\"},\"headline\":\"Baby 4 Monate alt: Jetzt lernt Dein Kind gezieltes Greifen und erkennt Farben\",\"datePublished\":\"2018-12-09T07:37:33+00:00\",\"dateModified\":\"2025-03-07T13:15:49+00:00\",\"mainEntityOfPage\":{\"@id\":\"https:\/\/www.babyartikel.de\/magazin\/baby-4-monate\"},\"wordCount\":878,\"commentCount\":0,\"image\":{\"@id\":\"https:\/\/www.babyartikel.de\/magazin\/baby-4-monate#primaryimage\"},\"thumbnailUrl\":\"https:\/\/media.babyartikel.de\/magazin\/wp-content\/uploads\/2018\/12\/baby-4-monate.jpg\",\"keywords\":[\"entwicklung\",\"MONTH-4-primary\"],\"articleSection\":[\"Baby\",\"Baby-Entwicklungskalender\"],\"inLanguage\":\"de\",\"potentialAction\":[{\"@type\":\"CommentAction\",\"name\":\"Comment\",\"target\":[\"https:\/\/www.babyartikel.de\/magazin\/baby-4-monate#respond\"]}]},{\"@type\":\"WebPage\",\"@id\":\"https:\/\/www.babyartikel.de\/magazin\/baby-4-monate\",\"url\":\"https:\/\/www.babyartikel.de\/magazin\/baby-4-monate\",\"name\":\"Baby 4 Monate: Was Dein Baby jetzt kann | Babyartikel.de Magazin\",\"isPartOf\":{\"@id\":\"https:\/\/www.babyartikel.de\/magazin\/#website\"},\"primaryImageOfPage\":{\"@id\":\"https:\/\/www.babyartikel.de\/magazin\/baby-4-monate#primaryimage\"},\"image\":{\"@id\":\"https:\/\/www.babyartikel.de\/magazin\/baby-4-monate#primaryimage\"},\"thumbnailUrl\":\"https:\/\/media.babyartikel.de\/magazin\/wp-content\/uploads\/2018\/12\/baby-4-monate.jpg\",\"datePublished\":\"2018-12-09T07:37:33+00:00\",\"dateModified\":\"2025-03-07T13:15:49+00:00\",\"author\":{\"@id\":\"https:\/\/www.babyartikel.de\/magazin\/#\/schema\/person\/dc2d6be80316de8c42d8bf099a238049\"},\"description\":\"Wenn Dein Baby 4 Monate alt ist, interessiert es sich jetzt mehr f\u00fcr seine Umwelt. Au\u00dferdem schl\u00e4ft es vielleicht schlechter: Erfahre mehr ->\",\"breadcrumb\":{\"@id\":\"https:\/\/www.babyartikel.de\/magazin\/baby-4-monate#breadcrumb\"},\"inLanguage\":\"de\",\"potentialAction\":[{\"@type\":\"ReadAction\",\"target\":[\"https:\/\/www.babyartikel.de\/magazin\/baby-4-monate\"]}]},{\"@type\":\"ImageObject\",\"inLanguage\":\"de\",\"@id\":\"https:\/\/www.babyartikel.de\/magazin\/baby-4-monate#primaryimage\",\"url\":\"https:\/\/media.babyartikel.de\/magazin\/wp-content\/uploads\/2018\/12\/baby-4-monate.jpg\",\"contentUrl\":\"https:\/\/media.babyartikel.de\/magazin\/wp-content\/uploads\/2018\/12\/baby-4-monate.jpg\",\"width\":1687,\"height\":1126,\"caption\":\"Baby 4 Monate, 5. Lebensmonat, Baby Entwicklung\"},{\"@type\":\"BreadcrumbList\",\"@id\":\"https:\/\/www.babyartikel.de\/magazin\/baby-4-monate#breadcrumb\",\"itemListElement\":[{\"@type\":\"ListItem\",\"position\":1,\"name\":\"Startseite\",\"item\":\"https:\/\/www.babyartikel.de\/magazin\"},{\"@type\":\"ListItem\",\"position\":2,\"name\":\"Baby 4 Monate alt: Jetzt lernt Dein Kind gezieltes Greifen und erkennt Farben\"}]},{\"@type\":\"WebSite\",\"@id\":\"https:\/\/www.babyartikel.de\/magazin\/#website\",\"url\":\"https:\/\/www.babyartikel.de\/magazin\/\",\"name\":\"Babyartikel.de Magazin\",\"description\":\"\",\"potentialAction\":[{\"@type\":\"SearchAction\",\"target\":{\"@type\":\"EntryPoint\",\"urlTemplate\":\"https:\/\/www.babyartikel.de\/magazin\/?s={search_term_string}\"},\"query-input\":{\"@type\":\"PropertyValueSpecification\",\"valueRequired\":true,\"valueName\":\"search_term_string\"}}],\"inLanguage\":\"de\"},{\"@type\":\"Person\",\"@id\":\"https:\/\/www.babyartikel.de\/magazin\/#\/schema\/person\/dc2d6be80316de8c42d8bf099a238049\",\"name\":\"Kerstin\",\"image\":{\"@type\":\"ImageObject\",\"inLanguage\":\"de\",\"@id\":\"https:\/\/secure.gravatar.com\/avatar\/2ebf811fc92477ba3ca71a20cb29747f405ac4457f3ed310e3db11fa1f83e376?s=96&d=mm&r=g\",\"url\":\"https:\/\/secure.gravatar.com\/avatar\/2ebf811fc92477ba3ca71a20cb29747f405ac4457f3ed310e3db11fa1f83e376?s=96&d=mm&r=g\",\"contentUrl\":\"https:\/\/secure.gravatar.com\/avatar\/2ebf811fc92477ba3ca71a20cb29747f405ac4457f3ed310e3db11fa1f83e376?s=96&d=mm&r=g\",\"caption\":\"Kerstin\"},\"description\":\"Kerstin liebt gestreifte Gummistiefel, LEGO und das Gef\u00fchl, \u00fcber sich hinauszuwachsen. Als Mama von sieben Kindern (2x *2009, *2011, *2012, *2014, *2015, *2018) hat sie eines nie: Zeit. Kerstin ist eine Kindersitz-Spezialistin. Sie kennt die Welt der Autokindersitze seit 2008 aus jedem Blickwinkel: als Mama, als fr\u00fche Stimme in Foren und Vereinen (Reboard-Kindersitze e. V. &amp; Kinder sicher unterwegs e. V.) und als jemand, der die Reboarder-Aufkl\u00e4rung in Deutschland aktiv mit vorangetrieben hat, lange bevor das Thema im Mainstream angekommen ist. Seit 2015 arbeitet sie auch beruflich im Kindersitzbereich. In dieser Zeit hat sie weit \u00fcber tausend Familien bei der Auswahl sicherer Kindersitze beraten, unz\u00e4hlige Einbausituationen in verschiedenen Fahrzeugen gel\u00f6st und Fachh\u00e4ndlerinnen und Fachh\u00e4ndler geschult. Sie liebt den Austausch mit Expertinnen und Experten der Branche, analysiert ADAC-Kindersitztests und setzt sich daf\u00fcr ein, dass Kinder noch sicherer im Auto mitfahren. Seit 2025 teilt sie ihr Wissen auch auf Sitzkitz.de. Die Seite ist ein Herzensprojekt und genau die Webseite, die sie sich auf der Suche nach ihrer ersten Babyschale damals selbst gew\u00fcnscht h\u00e4tte.\",\"sameAs\":[\"https:\/\/sitzkitz.de\/\",\"https:\/\/www.linkedin.com\/in\/kerstin-wirsing\/\",\"https:\/\/de.pinterest.com\/sitzkitz\/\"],\"birthDate\":\"1981-07-07\",\"award\":[\"\u2013 \u00dcber 1.000 durchgef\u00fchrte Online-Kindersitzberatungen seit 2015 \u2013 Aufbau und Etablierung des Konzepts \u201eKindersitzvermietung\u201c im Fachhandel \u2013 Schulung von Kindersitz-Fachh\u00e4ndlerinnen und -Fachh\u00e4ndlern in Deutschland \u2013 Fr\u00fche Mitwirkung an der Reboarder-Aufkl\u00e4rung in Deutschland (seit 2008)\"],\"knowsAbout\":[\"Babyschalen\",\"Reboarder\",\"Folgesitze\",\"Kindersitze\",\"Kindersitznormen\",\"i-Size\",\"Kindersitztests\",\"Kindersitzpflicht\"],\"jobTitle\":\"Kindersitz-Spezialistin\",\"worksFor\":\"Reboard-Kindersitze e. V. \u2013 ehrenamtliche Kindersitzberatung (2011\u20132025) Kinder sicher unterwegs e. V. \u2013 ehrenamtliche Kindersitzberatung (2014\u20132024) Die Kindersitzprofis \u2013 Verbund von Kindersitzfachh\u00e4ndlern (2015\u20132018) Familie B\u00e4r \/ Behrendt Reboardkindersitze UG \u2013 Kindersitz-Fachgesch\u00e4ft und H\u00e4ndlerverbund (2018\u20132025)\",\"url\":\"https:\/\/www.babyartikel.de\/magazin\/author\/kerstin-wirsing\"}]}<\/script>\n<!-- \/ Yoast SEO Premium plugin. -->","yoast_head_json":{"title":"Baby 4 Monate: Was Dein Baby jetzt kann | Babyartikel.de Magazin","description":"Wenn Dein Baby 4 Monate alt ist, interessiert es sich jetzt mehr f\u00fcr seine Umwelt. Au\u00dferdem schl\u00e4ft es vielleicht schlechter: Erfahre mehr ->","robots":{"index":"index","follow":"follow","max-snippet":"max-snippet:-1","max-image-preview":"max-image-preview:large","max-video-preview":"max-video-preview:-1"},"canonical":"https:\/\/www.babyartikel.de\/magazin\/baby-4-monate","og_locale":"de_DE","og_type":"article","og_title":"Baby 4 Monate alt: Jetzt lernt Dein Kind gezieltes Greifen und erkennt Farben","og_description":"Wenn Dein Baby 4 Monate alt ist, interessiert es sich jetzt mehr f\u00fcr seine Umwelt. Au\u00dferdem schl\u00e4ft es vielleicht schlechter: Erfahre mehr ->","og_url":"https:\/\/www.babyartikel.de\/magazin\/baby-4-monate","og_site_name":"Babyartikel.de Magazin","article_published_time":"2018-12-09T07:37:33+00:00","article_modified_time":"2025-03-07T13:15:49+00:00","og_image":[{"width":1687,"height":1126,"url":"https:\/\/cdn.magazin.babyartikel.de\/magazin\/wp-content\/uploads\/2018\/12\/baby-4-monate.jpg","type":"image\/jpeg"}],"author":"Kerstin","twitter_card":"summary_large_image","twitter_misc":{"Verfasst von":"Kerstin","Gesch\u00e4tzte Lesezeit":"6\u00a0Minuten"},"schema":{"@context":"https:\/\/schema.org","@graph":[{"@type":"Article","@id":"https:\/\/www.babyartikel.de\/magazin\/baby-4-monate#article","isPartOf":{"@id":"https:\/\/www.babyartikel.de\/magazin\/baby-4-monate"},"author":{"name":"Kerstin","@id":"https:\/\/www.babyartikel.de\/magazin\/#\/schema\/person\/dc2d6be80316de8c42d8bf099a238049"},"headline":"Baby 4 Monate alt: Jetzt lernt Dein Kind gezieltes Greifen und erkennt Farben","datePublished":"2018-12-09T07:37:33+00:00","dateModified":"2025-03-07T13:15:49+00:00","mainEntityOfPage":{"@id":"https:\/\/www.babyartikel.de\/magazin\/baby-4-monate"},"wordCount":878,"commentCount":0,"image":{"@id":"https:\/\/www.babyartikel.de\/magazin\/baby-4-monate#primaryimage"},"thumbnailUrl":"https:\/\/media.babyartikel.de\/magazin\/wp-content\/uploads\/2018\/12\/baby-4-monate.jpg","keywords":["entwicklung","MONTH-4-primary"],"articleSection":["Baby","Baby-Entwicklungskalender"],"inLanguage":"de","potentialAction":[{"@type":"CommentAction","name":"Comment","target":["https:\/\/www.babyartikel.de\/magazin\/baby-4-monate#respond"]}]},{"@type":"WebPage","@id":"https:\/\/www.babyartikel.de\/magazin\/baby-4-monate","url":"https:\/\/www.babyartikel.de\/magazin\/baby-4-monate","name":"Baby 4 Monate: Was Dein Baby jetzt kann | Babyartikel.de Magazin","isPartOf":{"@id":"https:\/\/www.babyartikel.de\/magazin\/#website"},"primaryImageOfPage":{"@id":"https:\/\/www.babyartikel.de\/magazin\/baby-4-monate#primaryimage"},"image":{"@id":"https:\/\/www.babyartikel.de\/magazin\/baby-4-monate#primaryimage"},"thumbnailUrl":"https:\/\/media.babyartikel.de\/magazin\/wp-content\/uploads\/2018\/12\/baby-4-monate.jpg","datePublished":"2018-12-09T07:37:33+00:00","dateModified":"2025-03-07T13:15:49+00:00","author":{"@id":"https:\/\/www.babyartikel.de\/magazin\/#\/schema\/person\/dc2d6be80316de8c42d8bf099a238049"},"description":"Wenn Dein Baby 4 Monate alt ist, interessiert es sich jetzt mehr f\u00fcr seine Umwelt. Au\u00dferdem schl\u00e4ft es vielleicht schlechter: Erfahre mehr ->","breadcrumb":{"@id":"https:\/\/www.babyartikel.de\/magazin\/baby-4-monate#breadcrumb"},"inLanguage":"de","potentialAction":[{"@type":"ReadAction","target":["https:\/\/www.babyartikel.de\/magazin\/baby-4-monate"]}]},{"@type":"ImageObject","inLanguage":"de","@id":"https:\/\/www.babyartikel.de\/magazin\/baby-4-monate#primaryimage","url":"https:\/\/media.babyartikel.de\/magazin\/wp-content\/uploads\/2018\/12\/baby-4-monate.jpg","contentUrl":"https:\/\/media.babyartikel.de\/magazin\/wp-content\/uploads\/2018\/12\/baby-4-monate.jpg","width":1687,"height":1126,"caption":"Baby 4 Monate, 5. Lebensmonat, Baby Entwicklung"},{"@type":"BreadcrumbList","@id":"https:\/\/www.babyartikel.de\/magazin\/baby-4-monate#breadcrumb","itemListElement":[{"@type":"ListItem","position":1,"name":"Startseite","item":"https:\/\/www.babyartikel.de\/magazin"},{"@type":"ListItem","position":2,"name":"Baby 4 Monate alt: Jetzt lernt Dein Kind gezieltes Greifen und erkennt Farben"}]},{"@type":"WebSite","@id":"https:\/\/www.babyartikel.de\/magazin\/#website","url":"https:\/\/www.babyartikel.de\/magazin\/","name":"Babyartikel.de Magazin","description":"","potentialAction":[{"@type":"SearchAction","target":{"@type":"EntryPoint","urlTemplate":"https:\/\/www.babyartikel.de\/magazin\/?s={search_term_string}"},"query-input":{"@type":"PropertyValueSpecification","valueRequired":true,"valueName":"search_term_string"}}],"inLanguage":"de"},{"@type":"Person","@id":"https:\/\/www.babyartikel.de\/magazin\/#\/schema\/person\/dc2d6be80316de8c42d8bf099a238049","name":"Kerstin","image":{"@type":"ImageObject","inLanguage":"de","@id":"https:\/\/secure.gravatar.com\/avatar\/2ebf811fc92477ba3ca71a20cb29747f405ac4457f3ed310e3db11fa1f83e376?s=96&d=mm&r=g","url":"https:\/\/secure.gravatar.com\/avatar\/2ebf811fc92477ba3ca71a20cb29747f405ac4457f3ed310e3db11fa1f83e376?s=96&d=mm&r=g","contentUrl":"https:\/\/secure.gravatar.com\/avatar\/2ebf811fc92477ba3ca71a20cb29747f405ac4457f3ed310e3db11fa1f83e376?s=96&d=mm&r=g","caption":"Kerstin"},"description":"Kerstin liebt gestreifte Gummistiefel, LEGO und das Gef\u00fchl, \u00fcber sich hinauszuwachsen. Als Mama von sieben Kindern (2x *2009, *2011, *2012, *2014, *2015, *2018) hat sie eines nie: Zeit. Kerstin ist eine Kindersitz-Spezialistin. Sie kennt die Welt der Autokindersitze seit 2008 aus jedem Blickwinkel: als Mama, als fr\u00fche Stimme in Foren und Vereinen (Reboard-Kindersitze e. V. &amp; Kinder sicher unterwegs e. V.) und als jemand, der die Reboarder-Aufkl\u00e4rung in Deutschland aktiv mit vorangetrieben hat, lange bevor das Thema im Mainstream angekommen ist. Seit 2015 arbeitet sie auch beruflich im Kindersitzbereich. In dieser Zeit hat sie weit \u00fcber tausend Familien bei der Auswahl sicherer Kindersitze beraten, unz\u00e4hlige Einbausituationen in verschiedenen Fahrzeugen gel\u00f6st und Fachh\u00e4ndlerinnen und Fachh\u00e4ndler geschult. Sie liebt den Austausch mit Expertinnen und Experten der Branche, analysiert ADAC-Kindersitztests und setzt sich daf\u00fcr ein, dass Kinder noch sicherer im Auto mitfahren. Seit 2025 teilt sie ihr Wissen auch auf Sitzkitz.de. Die Seite ist ein Herzensprojekt und genau die Webseite, die sie sich auf der Suche nach ihrer ersten Babyschale damals selbst gew\u00fcnscht h\u00e4tte.","sameAs":["https:\/\/sitzkitz.de\/","https:\/\/www.linkedin.com\/in\/kerstin-wirsing\/","https:\/\/de.pinterest.com\/sitzkitz\/"],"birthDate":"1981-07-07","award":["\u2013 \u00dcber 1.000 durchgef\u00fchrte Online-Kindersitzberatungen seit 2015 \u2013 Aufbau und Etablierung des Konzepts \u201eKindersitzvermietung\u201c im Fachhandel \u2013 Schulung von Kindersitz-Fachh\u00e4ndlerinnen und -Fachh\u00e4ndlern in Deutschland \u2013 Fr\u00fche Mitwirkung an der Reboarder-Aufkl\u00e4rung in Deutschland (seit 2008)"],"knowsAbout":["Babyschalen","Reboarder","Folgesitze","Kindersitze","Kindersitznormen","i-Size","Kindersitztests","Kindersitzpflicht"],"jobTitle":"Kindersitz-Spezialistin","worksFor":"Reboard-Kindersitze e. V. \u2013 ehrenamtliche Kindersitzberatung (2011\u20132025) Kinder sicher unterwegs e. V. \u2013 ehrenamtliche Kindersitzberatung (2014\u20132024) Die Kindersitzprofis \u2013 Verbund von Kindersitzfachh\u00e4ndlern (2015\u20132018) Familie B\u00e4r \/ Behrendt Reboardkindersitze UG \u2013 Kindersitz-Fachgesch\u00e4ft und H\u00e4ndlerverbund (2018\u20132025)","url":"https:\/\/www.babyartikel.de\/magazin\/author\/kerstin-wirsing"}]}},"abstract_sku":"","_links":{"self":[{"href":"https:\/\/www.babyartikel.de\/magazin\/wp-json\/wp\/v2\/posts\/59227","targetHints":{"allow":["GET"]}}],"collection":[{"href":"https:\/\/www.babyartikel.de\/magazin\/wp-json\/wp\/v2\/posts"}],"about":[{"href":"https:\/\/www.babyartikel.de\/magazin\/wp-json\/wp\/v2\/types\/post"}],"author":[{"embeddable":true,"href":"https:\/\/www.babyartikel.de\/magazin\/wp-json\/wp\/v2\/users\/63"}],"replies":[{"embeddable":true,"href":"https:\/\/www.babyartikel.de\/magazin\/wp-json\/wp\/v2\/comments?post=59227"}],"version-history":[{"count":24,"href":"https:\/\/www.babyartikel.de\/magazin\/wp-json\/wp\/v2\/posts\/59227\/revisions"}],"predecessor-version":[{"id":958878,"href":"https:\/\/www.babyartikel.de\/magazin\/wp-json\/wp\/v2\/posts\/59227\/revisions\/958878"}],"wp:featuredmedia":[{"embeddable":true,"href":"https:\/\/www.babyartikel.de\/magazin\/wp-json\/wp\/v2\/media\/61224"}],"wp:attachment":[{"href":"https:\/\/www.babyartikel.de\/magazin\/wp-json\/wp\/v2\/media?parent=59227"}],"wp:term":[{"taxonomy":"category","embeddable":true,"href":"https:\/\/www.babyartikel.de\/magazin\/wp-json\/wp\/v2\/categories?post=59227"},{"taxonomy":"post_tag","embeddable":true,"href":"https:\/\/www.babyartikel.de\/magazin\/wp-json\/wp\/v2\/tags?post=59227"}],"curies":[{"name":"wp","href":"https:\/\/api.w.org\/{rel}","templated":true}]}}