
{"id":59831,"date":"2018-12-30T08:39:30","date_gmt":"2018-12-30T07:39:30","guid":{"rendered":"https:\/\/www.babyartikel.de\/magazin\/?p=59831"},"modified":"2025-01-10T09:15:52","modified_gmt":"2025-01-10T08:15:52","slug":"der-erste-wachstumsschub-erkennen","status":"publish","type":"post","link":"https:\/\/www.babyartikel.de\/magazin\/der-erste-wachstumsschub-erkennen","title":{"rendered":"Der 5-Wochen-Schub beim Baby: Das passiert jetzt"},"content":{"rendered":"<p>Wenn Dein Baby etwas Neues lernt, ist es oft ganz sch&ouml;n durch den Wind, schreit vermehrt und schl&auml;ft schlechter. <strong>Wachstumsschub, Entwicklungsschub<\/strong> oder <strong>Entwicklungssprung<\/strong> wird eine solche Phase genannt. Der erste Wachstumsschub findet bereits kurz nach der Geburt statt, und zwar um die 5. Lebenswoche.<strong> Ich erkl&auml;re Dir heute, an welchen Symptomen Du den ersten Wachstumsschub, auch 5-Wochen-Schub genannt, bei Deinem Baby erkennst, was jetzt passiert und wie Du Deinem Baby am besten durch den Entwicklungssprung helfen kannst.<\/strong><script>\n\tjQuery(document).ready(function() {\n\t\t\/\/ Swiper: Slider\n\t\tvar swiper = new Swiper('.swiper-7600-2436', {\n\t\t\tslidesPerView: 9,\n\t\t\tslidesPerGroup: 1,\n\t\t\tspaceBetween: 5,\n\t\t\tinitialSlide: 0,\n\t\t\t\/\/direction: 'horizontal',\n\t\t\t\/\/loop: true,\n\t\t\tnavigation: {\n\t\t\t  nextEl: '.swiper-btn-nx-swiper-7600-2436',\n\t\t\t  prevEl: '.swiper-btn-pr-swiper-7600-2436',\n\t\t\t},\n\t\t\tbreakpoints: {\n\t\t\t\t1260: {\n\t\t\t\t\tslidesPerView: 7,\n\t\t\t\t},\n\t\t\t\t767: {\n\t\t\t\t\tslidesPerView: 5,\n\t\t\t\t},\n\t\t\t\t460: {\n\t\t\t\t\tslidesPerView: 4,\n\t\t\t\t},\n\t\t\t\t380: {\n\t\t\t\t\tslidesPerView: 3,\n\t\t\t\t},\n\t\t\t\t320: {\n\t\t\t\t\tslidesPerView: 2,\n\t\t\t\t}\n\t\t\t}\n\t\t  });\n\t\t});\n\t\t<\/script><section class=\"navigation-calender\">\n\t<div class=\"swiper-element\" style=\"background-color:white;\">\n\t\t<label class=\"text-center h2\">Baby Wachstumssch&uuml;be<\/label>\n\t\t<div class=\"swiper_wrap swiper-wrap-wop\">\n\t\t\t<!-- Slider main container -->\n\t\t\t<div class=\"swiper-container swiper-container-wop swiper-7600-2436\">\n\t\t\t\t<!-- Additional required wrapper -->\n\t\t\t\t<div class=\"swiper-wrapper\" style=\"width: 80%\">\n\t\t\t\t\t\n\t\t\t<div class=\"swiper-slide\">\n\t\t\t\t<a href=\"\/magazin\/der-erste-wachstumsschub-erkennen\" class=\"selectedWeek\">1.<br>Schub<\/a>\n\t\t\t<\/div>\n\t\t\t<div class=\"swiper-slide\">\n\t\t\t\t<a href=\"\/magazin\/8-wochen-schub-anzeichen-dauer-schreien-schlaf\" class=\"notSelectedWeek\">2.<br>Schub<\/a>\n\t\t\t<\/div>\n\t\t\t<div class=\"swiper-slide\">\n\t\t\t\t<a href=\"\/magazin\/12-wochen-schub-so-erkennst-du-ihn\" class=\"notSelectedWeek\">3.<br>Schub<\/a>\n\t\t\t<\/div>\n\t\t\t<div class=\"swiper-slide\">\n\t\t\t\t<a href=\"\/magazin\/voll-erwischt-der-19-wochen-schub\" class=\"notSelectedWeek\">4.<br>Schub<\/a>\n\t\t\t<\/div>\n\t\t\t<div class=\"swiper-slide\">\n\t\t\t\t<a href=\"\/magazin\/der-26-wochen-schub-tipps-fuer-den-5-schub-beim-baby\" class=\"notSelectedWeek\">5.<br>Schub<\/a>\n\t\t\t<\/div>\n\t\t\t<div class=\"swiper-slide\">\n\t\t\t\t<a href=\"\/magazin\/babys-6-wachstumsschub-37-wochen-schub-typische-anzeichen-was-dein-kind-jetzt-lernt\" class=\"notSelectedWeek\">6.<br>Schub<\/a>\n\t\t\t<\/div>\n\t\t\t<div class=\"swiper-slide\">\n\t\t\t\t<a href=\"\/magazin\/46-wochen-schub-alter-anzeichen-wann-vor\" class=\"notSelectedWeek\">7.<br>Schub<\/a>\n\t\t\t<\/div>\n\t\t\t<div class=\"swiper-slide\">\n\t\t\t\t<a href=\"\/magazin\/8-wachstumsschub-baby-55-wochen-schub-dauer-anzeichen-erfahrungen\" class=\"notSelectedWeek\">8.<br>Schub<\/a>\n\t\t\t<\/div>\n\t\t\t<div class=\"swiper-slide\">\n\t\t\t\t<a href=\"\/magazin\/64-wochen-schub-erfahrungen-dauer-schlaf-schlimm-wann-vorbei\" class=\"notSelectedWeek\">9.<br>Schub<\/a>\n\t\t\t<\/div>\n\t\t\t\t<\/div>\n\t\t\t\t\n\t\t\t<\/div>\n\t\t\t<!-- If we need navigation buttons -->\n\t\t\t<div class=\"swiper-button-prev-wop swiper-btn-pr-swiper-7600-2436\" style=\"right: auto;\">\n\t\t\t\t<svg xmlns=\"http:\/\/www.w3.org\/2000\/svg\" width=\"25\" height=\"25\" fill=\"#3e3e3e\" class=\"bi bi-chevron-left\" viewbox=\"0 0 16 16\">\n\t\t\t\t\t<path fill-rule=\"evenodd\" d=\"M11.354 1.646a.5.5 0 0 1 0 .708L5.707 8l5.647 5.646a.5.5 0 0 1-.708.708l-6-6a.5.5 0 0 1 0-.708l6-6a.5.5 0 0 1 .708 0z\"><\/path>\n\t\t\t\t<\/svg>\n\t\t\t<\/div>\n\t\t\t<div class=\"swiper-button-next-wop swiper-btn-nx-swiper-7600-2436\" style=\"right: 0px; left: auto;\">\n\t\t\t\t<svg xmlns=\"http:\/\/www.w3.org\/2000\/svg\" width=\"25\" height=\"25\" fill=\"#3e3e3e\" class=\"bi bi-chevron-right\" viewbox=\"0 0 16 16\">\n\t\t\t\t\t<path fill-rule=\"evenodd\" d=\"M4.646 1.646a.5.5 0 0 1 .708 0l6 6a.5.5 0 0 1 0 .708l-6 6a.5.5 0 0 1-.708-.708L10.293 8 4.646 2.354a.5.5 0 0 1 0-.708z\"><\/path>\n\t\t\t\t<\/svg>\n\t\t\t<\/div>\n\t\t<\/div>\n\t<\/div>\n\t<\/section><div id=\"ez-toc-container\" class=\"ez-toc-v2_0_82_2 counter-flat ez-toc-counter ez-toc-white ez-toc-container-direction\">\n<div class=\"ez-toc-title-container\">\n<p class=\"ez-toc-title\" style=\"cursor:inherit\">Inhaltsverzeichnis<\/p>\n<span class=\"ez-toc-title-toggle\"><a href=\"#\" class=\"ez-toc-pull-right ez-toc-btn ez-toc-btn-xs ez-toc-btn-default ez-toc-toggle\" aria-label=\"Toggle Table of Content\"><span class=\"ez-toc-js-icon-con\"><span class=\"\"><span class=\"eztoc-hide\" style=\"display:none;\">Toggle<\/span><span class=\"ez-toc-icon-toggle-span\"><svg style=\"fill: #999;color:#999\" xmlns=\"http:\/\/www.w3.org\/2000\/svg\" class=\"list-377408\" width=\"20px\" height=\"20px\" viewBox=\"0 0 24 24\" fill=\"none\"><path d=\"M6 6H4v2h2V6zm14 0H8v2h12V6zM4 11h2v2H4v-2zm16 0H8v2h12v-2zM4 16h2v2H4v-2zm16 0H8v2h12v-2z\" fill=\"currentColor\"><\/path><\/svg><svg style=\"fill: #999;color:#999\" class=\"arrow-unsorted-368013\" xmlns=\"http:\/\/www.w3.org\/2000\/svg\" width=\"10px\" height=\"10px\" viewBox=\"0 0 24 24\" version=\"1.2\" baseProfile=\"tiny\"><path d=\"M18.2 9.3l-6.2-6.3-6.2 6.3c-.2.2-.3.4-.3.7s.1.5.3.7c.2.2.4.3.7.3h11c.3 0 .5-.1.7-.3.2-.2.3-.5.3-.7s-.1-.5-.3-.7zM5.8 14.7l6.2 6.3 6.2-6.3c.2-.2.3-.5.3-.7s-.1-.5-.3-.7c-.2-.2-.4-.3-.7-.3h-11c-.3 0-.5.1-.7.3-.2.2-.3.5-.3.7s.1.5.3.7z\"\/><\/svg><\/span><\/span><\/span><\/a><\/span><\/div>\n<nav><ul class='ez-toc-list ez-toc-list-level-1 ' ><li class='ez-toc-page-1'><a class=\"ez-toc-link ez-toc-heading-1\" href=\"https:\/\/www.babyartikel.de\/magazin\/der-erste-wachstumsschub-erkennen\/#Was_ist_ein_Wachstumsschub_beim_Baby\" >Was ist ein Wachstumsschub beim Baby?<\/a><\/li><li class='ez-toc-page-1'><a class=\"ez-toc-link ez-toc-heading-2\" href=\"https:\/\/www.babyartikel.de\/magazin\/der-erste-wachstumsschub-erkennen\/#Was_sind_die_Anzeichen_fuer_den_5-Wochen-Schub\" >Was sind die Anzeichen f&uuml;r den 5-Wochen-Schub?<\/a><\/li><li class='ez-toc-page-1'><a class=\"ez-toc-link ez-toc-heading-3\" href=\"https:\/\/www.babyartikel.de\/magazin\/der-erste-wachstumsschub-erkennen\/#Wann_findet_der_5-Wochen-Schub_statt_%E2%80%93_und_wie_lange_dauert_er\" >Wann findet der 5-Wochen-Schub statt &ndash; und wie lange dauert er?<\/a><\/li><li class='ez-toc-page-1'><a class=\"ez-toc-link ez-toc-heading-4\" href=\"https:\/\/www.babyartikel.de\/magazin\/der-erste-wachstumsschub-erkennen\/#Wie_kann_ich_meinem_Baby_durch_den_ersten_Wachstumsschub_helfen\" >Wie kann ich meinem Baby durch den ersten Wachstumsschub helfen?<\/a><\/li><li class='ez-toc-page-1'><a class=\"ez-toc-link ez-toc-heading-5\" href=\"https:\/\/www.babyartikel.de\/magazin\/der-erste-wachstumsschub-erkennen\/#Wann_ist_der_5-Wochen-Schubendlich_vorbei\" >Wann ist der 5-Wochen-Schubendlich vorbei?<\/a><\/li><li class='ez-toc-page-1'><a class=\"ez-toc-link ez-toc-heading-6\" href=\"https:\/\/www.babyartikel.de\/magazin\/der-erste-wachstumsschub-erkennen\/#Wachstumsschuebe_bei_Deinem_Baby_Video_mit_Hebamme_Anna-Maria\" >Wachstumssch&uuml;be bei Deinem Baby: Video mit Hebamme Anna-Maria<\/a><\/li><\/ul><\/nav><\/div>\n<h2 class=\"wp-block-heading\" id=\"h-was-ist-ein-wachstumsschub-beim-baby\"><span class=\"ez-toc-section\" id=\"Was_ist_ein_Wachstumsschub_beim_Baby\"><\/span>Was ist ein Wachstumsschub beim Baby?<span class=\"ez-toc-section-end\"><\/span><\/h2><p>Babys entwickeln sich im ersten Lebensjahr rasant: Bis zum ersten Geburtstag w&auml;chst ein Kind durchschnittlich 20 bis 25 cm. Au&szlig;erdem verdreifacht Dein Baby sein K&ouml;rpergewicht. Mit dem K&ouml;rper entwickelt sich auch das Gehirn Deines Kindes. Dein Kleines entdeckt die Welt und erlernt in den ersten Lebensmonaten viele neue F&auml;higkeiten. Die Entwicklung verl&auml;uft dabei aber nicht konstant, sondern in Phasen. <\/p><p>Zu Wachstumssch&uuml;ben gibt es unterschiedliche Theorien. Sie alle sind sich darin einig, dass sich Babys K&ouml;rper und sein Gehirn im ersten Lebensjahr schubartig entwickeln. <strong>Die mentale Entwicklung Deines Babys verl&auml;uft also nicht konstant, sondern in Phasen.<\/strong><\/p><div class=\"marketing-slot\"><div id=\"block-18\" class=\"content-post-widget marketing-slot-1 widget_block\"><a href=\"#\" class=\"newsletter_popup\" style=\"\n  display: inline-block;\n  box-shadow: 0 4px 10px rgba(0,0,0,0.1);\n  margin: 20px auto;\n  max-width: 800px;\n  width: 100%;\">\n  <img src=\"https:\/\/media.babyartikel.de\/magazin\/wp-content\/uploads\/2025\/08\/NL-Banner-Magazin-8-25.webp\" alt=\"Newsletter Banner\" style=\"\n    width: 100%;\n    height: auto;\n    display: block;\" onclick=\"ga('send', 'event', 'banner', 'click', 'magazin-banner-newsletter-8-25');\">\n<\/a>\n\n\t<!-- Modal -->\n\t<div class=\"modal fade modal_popup\" id=\"newsletter_popup\" tabindex=\"-1\" aria-labelledby=\"exampleModalLabel\" aria-hidden=\"true\">\n\t\t<div class=\"modal-dialog modal-dialog-centered modal-dialog-scrollable\">\n\t\t\t<div class=\"modal-content\">\n\t\t\t\t<div class=\"modal-header small-header\">\n\t\t\t\t\t<h5 class=\"modal-title\" id=\"newsletterModalLabel\">\n\t\t\t\t\t\tNewsletter\t\t\t\t\t<\/h5>\n\t\t\t\t\t<button type=\"button\" class=\"btn-close small-close\" data-bs-dismiss=\"modal\" aria-label=\"Close\"><\/button>\n\t\t\t\t<\/div>\n\n\t\t\t\t<div class=\"modal-body\">\n\t\t\t\t\t\t<div class=\"newsletterForm-embed popup-form\">\n        <form name=\"newsletterSubscriptionForm\" id=\"newsletter_popup_69f4da3c86572_form\" data-newsletter-id=\"newsletter_popup_69f4da3c86572\" method=\"POST\">\n\n\t\t\t<input type=\"text\" name=\"website\" class=\"hidden\" tabindex=\"-1\" autocomplete=\"off\" style=\"position:absolute;left:-9999px;\">\n\t\t\t<input type=\"hidden\" name=\"ts\" value=\"1777654332\">\n\n\t\t\t                <input type=\"hidden\" name=\"emarsys-event-id\" value=\"3756\">\n            \n            \t\t\t<div class=\"mb-3\">\n\t\t\t\t<label for=\"date\" class=\"form-label\">Geburtstag\/ -termin Deines Babys<\/label>\n                <input type=\"date\" name=\"date\" class=\"input input--expand form-control\" required>\n\t\t\t<\/div>\n            \n\t\t\t<div class=\"mb-3\">\n\t\t\t\t<label for=\"email\" class=\"form-label\">E-Mail-Adresse<\/label>\n\t\t\t\t<input type=\"email\" name=\"email\" placeholder=\"E-Mail-Adresse\" class=\"input input--expand form-control\" required>\n\t\t\t<\/div>\n\n\t\t\t\t\t\t\t<button type=\"submit\" class=\"btn btn-primary\">Absenden<\/button>\n\t\t\t\n\t\t\t\t\t\t\t<div class=\"small mt-3\" style=\"font-weight:normal;\">\n\t\t\t\t\t\n\t\t\t<div class=\"mt-3\">\n\t\t\t\tJa, ich m&ouml;chte den Newsletter von Babyartikel.de erhalten und &uuml;ber Aktionen informiert werden.\n  Dabei darf mein Nutzungsverhalten (z. B. &Ouml;ffnungen und Klicks) zur Personalisierung ausgewertet werden.\n  Mehr finde ich in der <a href=\"\/de\/datenschutz\" style=\"text-decoration:underline\">Datenschutzerkl&auml;rung<\/a>.\n\t\t\t<\/div>\n\t\t\t\t\t\t<\/div>\n\t\t\t\n\t\t\t\t\t\t\t<div class=\"small mb-3 mt-3\" style=\"font-weight:normal;\">\n\t\t\t\t\tJederzeit abbestellbar | <a href=\"\/de\/datenschutz\" style=\"text-decoration:underline\">\n\t\t\t\t\t\tDatenschutzerkl&auml;rung\n\t\t\t\t\t<\/a>\n\t\t\t\t<\/div>\n\t\t\t\n        <\/form>\n    <\/div>\n\t\n\t\t\t\t\t<div class=\"response-messages_newsletter_popup_69f4da3c86572\">\n\t\t\t\t\t\t<div class=\"alert alert-success success mt-3 mb-3 d-none\">\n\t\t\t\t\t\t\tNur noch ein Klick! Best&auml;tige Deine Anmeldung in der E-Mail, die du gleich erh&auml;ltst.\t\t\t\t\t\t<\/div>\n\t\t\t\t\t\t<div class=\"error mt-3 mb-3 d-none\">\n\t\t\t\t\t\t\t<div class=\"alert alert-danger \">\n\t\t\t\t\t\t\t\tEin Fehler ist aufgetreten. Bitte versuche es sp&auml;ter erneut.\t\t\t\t\t\t\t<\/div>\n\t\t\t\t\t\t<\/div>\n\t\t\t\t\t\t<div class=\"alert alert-danger other-2007 mt-3 mb-3 d-none\">\n\t\t\t\t\t\t\tUng&Atilde;&frac14;ltiges Datumsformat\t\t\t\t\t\t<\/div>\n\t\t\t\t\t<\/div>\n\t\t\t\t<\/div>\n\t\t\t<\/div>\n\t\t<\/div>\n\t<\/div>\n\n\t<\/div><!-- content-widget --><\/div><p>W&auml;hrend eine Theorie besagt, dass genau <strong>8 gro&szlig;e Wachstumssch&uuml;be in den ersten vierzehn Lebensmonaten eines Babys auftreten <\/strong>(siehe das Buch &bdquo;Oje, ich wachse&ldquo;), kommt die moderne Wissenschaft zu dem Schluss, dass sich das Gehirn bzw. das Baby tats&auml;chlich in kleineren Sch&uuml;ben entwickelt, diese Phasen aber von Kind zu Kind zu unterschiedlichen Zeitpunkten auftreten.<\/p><p><strong>&#10132; Fakt Ist: Innerhalb seines ersten Lebensjahres durchlebt Dein <a href=\"https:\/\/www.babyartikel.de\/magazin\/wachstumsschub-baby-die-8-entwicklungsschuebe-im-ueberblick\">Baby 8 gro&szlig;e Wachstumssch&uuml;be<\/a> bzw. Entwicklungsspr&uuml;nge.<\/strong><\/p><div class=\"postslot1\">\t\t<div style=\"clear:both\"><\/div>\n\t\t\t\t\t\t<div id=\"productPanel168\" class=\"product-panel-bottom\">&nbsp;<\/div>\n\t\t\t\t\t\t<script type=\"module\">\n\t\t\t\t\t\t\trequestProductPanel(\"https:\/\/www.babyartikel.de\/magazin\/wp-content\/plugins\/wp-productpanel2\/ProductPanel.php\", \"?panel_type=automatic&basis_category=1-BT&basis_product=&swipe_mobile=1&postid=59831&template=auto&max=4&productPanelId=168&solrQuery=\", 168, 1);\n\t\t\t\t\t\t<\/script>\n\t\t\t\t\t<link rel=\"stylesheet\" href=\"https:\/\/cdn.jsdelivr.net\/npm\/swiper@8\/swiper-bundle.min.css\"><\/div><p>In diesen Phasen lernt Dein Baby nicht nur etwas Neues, sondern ist h&auml;ufig unausgeglichener, hungriger, weinerlicher und sucht verst&auml;rkt nach Deiner N&auml;he.<\/p><div class=\"marketing-slot\"><div id=\"block-25\" class=\"content-post-widget marketing-slot-2 widget_block\"><a href=\"https:\/\/www.babyartikel.de\/de\/angebote\" data-track-link-click=\"true\" data-track-name=\"nyoutlet2026-magazin\" data-track-medium=\"banner-magazin-post\" data-track-campaign=\"magazin-banner-nyoutlet2026\" onclick=\"ga('send', 'event', 'banner', 'click', 'magazin-banner-nyoutlet2026');\" style=\"display:block;width:100%;text-align:center;\"><img src=\"https:\/\/media.babyartikel.de\/magazin\/wp-content\/uploads\/2026\/01\/NY-Outlet-10-2026.webp\" alt=\"Sale\" style=\"max-width:100%;\"><\/a><\/div><!-- content-widget --><\/div><p class=\"has-background\" style=\"background-color:#e6cdd4\"><strong>&#10148;&nbsp;<\/strong>Wochenrechner: <a href=\"https:\/\/www.babyartikel.de\/magazin\/wie-alt-ist-mein-baby-wochenrechner\"><strong>Berechne hier das Alter Deines Kindes in Monaten, Wochen und Tagen. <\/strong><\/a><\/p><h2 class=\"wp-block-heading\" id=\"h-was-sind-die-anzeichen-fur-den-5-wochen-schub\"><span class=\"ez-toc-section\" id=\"Was_sind_die_Anzeichen_fuer_den_5-Wochen-Schub\"><\/span>Was sind die Anzeichen f&uuml;r den 5-Wochen-Schub?<span class=\"ez-toc-section-end\"><\/span><\/h2><p>Jedes Baby ist anders und deshalb treffen sicherlich nicht immer alle Anzeichen auf Dein Baby zu. Wenn Dein Kind aber viele der folgenden Anzeichen auf einmal zeigt, ist es wahrscheinlich, dass es gerade etwas Neues lernt bzw. Dich bald mit einer neuen F&auml;higkeit &uuml;berrascht.<\/p><h3 class=\"wp-block-heading\" id=\"h-anzeichen-fur-babys-ersten-wachstumsschub\">Anzeichen f&uuml;r Babys ersten Wachstumsschub<\/h3><p><strong>Das Baby&hellip;<\/strong><\/p><ul class=\"wp-block-list\">\n<li>ist hungriger als sonst oder hat weniger Appetit.<\/li>\n\n\n\n<li>schl&auml;ft schlecht ein und wird nachts h&auml;ufiger wach.<\/li>\n\n\n\n<li>braucht mehr N&auml;he als sonst.<\/li>\n\n\n\n<li>wirkt unruhig und weint und schreit viel.<\/li>\n\n\n\n<li>reagiert sehr sensibel auf &auml;u&szlig;ere Reize, andere Menschen usw.<\/li>\n<\/ul><h2 class=\"wp-block-heading\" id=\"h-wann-findet-der-5-wochen-schub-statt-und-wie-lange-dauert-er\"><span class=\"ez-toc-section\" id=\"Wann_findet_der_5-Wochen-Schub_statt_%E2%80%93_und_wie_lange_dauert_er\"><\/span>Wann findet der 5-Wochen-Schub statt &ndash; und wie lange dauert er?<span class=\"ez-toc-section-end\"><\/span><\/h2><p>Der Schubtheorie zufolge findet der erste gro&szlig;e Entwicklungsschub eines Babys<strong> in der 5. Lebenswoche<\/strong> statt, oft beginnt er auch schon in der 4. Woche oder auch erst in der 6. Woche. Am Ende des Entwicklungssprungs wird Dir Dein Baby viel wacher vorkommen. Es beobachtet gezielter seine Umgebung, schaut Dich und sein Spielzeug l&auml;nger und interessierter an und reagiert st&auml;rker auf Eindr&uuml;cke von au&szlig;en.<\/p><p><strong>Mein Tipp: Lege Kalender und Handy direkt zur Seite.<\/strong> Du brauchst keine App und auch keine Erinnerung f&uuml;r einen Wachstumsschub. Babys sind keine Maschinen, sie rattern nicht nach einem Plan. Es kann sein, dass Dein Baby in der 5. Lebenswoche weinerlicher als sonst ist und &bdquo;eine Phase hat&ldquo;. Genauso gut kann es aber keine Phase haben. Der Kalender macht Dir unbewusst Angst, Du sorgst Dich und vielleicht &uuml;bertr&auml;gt sich dabei Dein mulmiges Gef&uuml;hl auf Dein Baby. Dein Kleines hat feine Antennen und sp&uuml;rt, dass etwas anders ist.<\/p><p><strong>Ich pers&ouml;nlich glaube, dass das Erwarten eines Wachstumsschubs nicht immer, aber manchmal eine selbsterf&uuml;llende Prophezeiung ist und das Baby vielleicht nur deshalb so &bdquo;anders&ldquo;, weil wir genau das von ihm erwarten.<\/strong><\/p><h2 class=\"wp-block-heading\" id=\"h-wie-kann-ich-meinem-baby-durch-den-ersten-wachstumsschub-helfen\"><span class=\"ez-toc-section\" id=\"Wie_kann_ich_meinem_Baby_durch_den_ersten_Wachstumsschub_helfen\"><\/span>Wie kann ich meinem Baby durch den ersten Wachstumsschub helfen?<span class=\"ez-toc-section-end\"><\/span><\/h2><p>Viele Eltern fragen sich, wie sie Ihrem Baby durch den 5-Wochen-Schub helfen k&ouml;nnen. <strong>Ich rate Dir: Tu das, was Du sonst auch machst, wenn Dein Baby unausgeglichen ist.<\/strong><\/p><p>Wenn Dein Kleines Neues erlernt, muss es viele Reize verarbeiten und f&uuml;hlt sich unsicher. <strong>Besorge Dir eine Trage oder hole das Tuch aus dem Schrank<\/strong> und halte Dein Baby nah bei Dir. K&ouml;rperkontakt hilft den Kleinen und schenkt ihnen Geborgenheit und Sicherheit. Fahre den Haushalt ganz weit zur&uuml;ck und nimm Dir (noch mehr) Zeit f&uuml;r Dein Kind.<strong> Sei da, wenn Dein Baby Dich braucht,<\/strong> tr&ouml;ste, singe, erz&auml;hle und begleite Dein Kind.<\/p><p><strong>Stillkinder clustern in Schubzeiten h&auml;ufiger,<\/strong> das hei&szlig;t sie trinken und nuckeln abends oft stundenlang an der Brust (mehr dazu in unserem Beitrag &uuml;ber das Ph&auml;nomen <a href=\"https:\/\/www.babyartikel.de\/magazin\/clusterfeeding-baby-will-staendig-an-die-brust\">&bdquo;Clusterfeeding&ldquo;<\/a>). F&uuml;r gestillte Babys gilt dabei das gleiche wie f&uuml;r Kinder, die mit dem Fl&auml;schchen gef&uuml;ttert werden: Stille beziehungsweise f&uuml;ttere Dein Kind nach Bedarf. Es ist kein Problem, wenn Dein Kind w&auml;hrend eines Schubs ein oder zwei oder auch drei Fl&auml;schchen mehr bekommt als sonst.<\/p><h2 class=\"wp-block-heading\" id=\"h-wann-ist-der-5-wochen-schubendlich-vorbei\"><span class=\"ez-toc-section\" id=\"Wann_ist_der_5-Wochen-Schubendlich_vorbei\"><\/span>Wann ist der 5-Wochen-Schubendlich vorbei?<span class=\"ez-toc-section-end\"><\/span><\/h2><p><strong>Die Schubtheorie besagt, dass der 5-Wochen-Schub bis zu einer Woche dauern kann <\/strong>(und zwei Wochen sp&auml;ter der 8-Wochen-Schub folgt). Ganz ehrlich? Das ist meine Erfahrung zu Wachstumssch&uuml;ben: Ein Schub dauert so lange wie er dauert. Ein Wachstumssprung kann einen Abend dauern oder zwei Wochen. Ein Schub kann den kompletten Familienalltag f&uuml;r einige Tage lahmlegen oder nach zwei Tagen vorbei sein. Jedes Baby entwickelt sich anders.<\/p><p>Das erste Lebensjahr besteht aus ganz vielen unterschiedlichen Phasen, sch&ouml;nen und schwierigen Momenten, langen Tagen, kurzen N&auml;chten, anstrengenden und gl&uuml;cklichen Zeiten, die sich immer wieder abwechseln.<\/p><p>Es ist auch gar nicht so wichtig, was genau Dein Baby gerade hat und wie diese Phase hei&szlig;t. <strong>Am allerwichtigsten ist, dass Du da bist und Deine kleine Tochter oder den kleinen Sohn liebevoll begleitest.<\/strong> Und falls Du Dich mit Deinem Baby gerade mitten in einem Schub befindest, kann ich Dir eines versprechen: Jede Phase ist irgendwann wieder vor&uuml;ber. Versprochen!<\/p><h2 class=\"wp-block-heading\" id=\"h-wachstumsschube-bei-deinem-baby-video-mit-hebamme-anna-maria\"><span class=\"ez-toc-section\" id=\"Wachstumsschuebe_bei_Deinem_Baby_Video_mit_Hebamme_Anna-Maria\"><\/span>Wachstumssch&uuml;be bei Deinem Baby: Video mit Hebamme Anna-Maria<span class=\"ez-toc-section-end\"><\/span><\/h2><figure class=\"wp-block-embed is-type-video is-provider-youtube wp-block-embed-youtube wp-embed-aspect-16-9 wp-has-aspect-ratio\"><div class=\"wp-block-embed__wrapper\">\n<lite-youtube videoid=\"I3GhQFaGuZU\" style=\"background-image: url('https:\/\/yt.babyartikel.de\/I3GhQFaGuZU\/hqdefault.webp'\"><p class=\"lite-youtube__privacy-notice\">Beim Klick wird dieses Video von den YouTube-Servern geladen. Details siehe <a href=\"\/de\/datenschutz\">Datenschutzerkl&auml;rung<\/a>.<\/p><\/lite-youtube>\n<\/div><\/figure><script>\n\tjQuery(document).ready(function() {\n\t\t\/\/ Swiper: Slider\n\t\tvar swiper = new Swiper('.swiper-130-1221', {\n\t\t\tslidesPerView: 9,\n\t\t\tslidesPerGroup: 1,\n\t\t\tspaceBetween: 5,\n\t\t\tinitialSlide: 0,\n\t\t\t\/\/direction: 'horizontal',\n\t\t\t\/\/loop: true,\n\t\t\tnavigation: {\n\t\t\t  nextEl: '.swiper-btn-nx-swiper-130-1221',\n\t\t\t  prevEl: '.swiper-btn-pr-swiper-130-1221',\n\t\t\t},\n\t\t\tbreakpoints: {\n\t\t\t\t1260: {\n\t\t\t\t\tslidesPerView: 7,\n\t\t\t\t},\n\t\t\t\t767: {\n\t\t\t\t\tslidesPerView: 5,\n\t\t\t\t},\n\t\t\t\t460: {\n\t\t\t\t\tslidesPerView: 4,\n\t\t\t\t},\n\t\t\t\t380: {\n\t\t\t\t\tslidesPerView: 3,\n\t\t\t\t},\n\t\t\t\t320: {\n\t\t\t\t\tslidesPerView: 2,\n\t\t\t\t}\n\t\t\t}\n\t\t  });\n\t\t});\n\t\t<\/script><section class=\"navigation-calender\">\n\t<div class=\"swiper-element\" style=\"background-color:white;\">\n\t\t<label class=\"text-center h2\">Baby Wachstumssch&uuml;be<\/label>\n\t\t<div class=\"swiper_wrap swiper-wrap-wop\">\n\t\t\t<!-- Slider main container -->\n\t\t\t<div class=\"swiper-container swiper-container-wop swiper-130-1221\">\n\t\t\t\t<!-- Additional required wrapper -->\n\t\t\t\t<div class=\"swiper-wrapper\" style=\"width: 80%\">\n\t\t\t\t\t\n\t\t\t<div class=\"swiper-slide\">\n\t\t\t\t<a href=\"\/magazin\/der-erste-wachstumsschub-erkennen\" class=\"selectedWeek\">1.<br>Schub<\/a>\n\t\t\t<\/div>\n\t\t\t<div class=\"swiper-slide\">\n\t\t\t\t<a href=\"\/magazin\/8-wochen-schub-anzeichen-dauer-schreien-schlaf\" class=\"notSelectedWeek\">2.<br>Schub<\/a>\n\t\t\t<\/div>\n\t\t\t<div class=\"swiper-slide\">\n\t\t\t\t<a href=\"\/magazin\/12-wochen-schub-so-erkennst-du-ihn\" class=\"notSelectedWeek\">3.<br>Schub<\/a>\n\t\t\t<\/div>\n\t\t\t<div class=\"swiper-slide\">\n\t\t\t\t<a href=\"\/magazin\/voll-erwischt-der-19-wochen-schub\" class=\"notSelectedWeek\">4.<br>Schub<\/a>\n\t\t\t<\/div>\n\t\t\t<div class=\"swiper-slide\">\n\t\t\t\t<a href=\"\/magazin\/der-26-wochen-schub-tipps-fuer-den-5-schub-beim-baby\" class=\"notSelectedWeek\">5.<br>Schub<\/a>\n\t\t\t<\/div>\n\t\t\t<div class=\"swiper-slide\">\n\t\t\t\t<a href=\"\/magazin\/babys-6-wachstumsschub-37-wochen-schub-typische-anzeichen-was-dein-kind-jetzt-lernt\" class=\"notSelectedWeek\">6.<br>Schub<\/a>\n\t\t\t<\/div>\n\t\t\t<div class=\"swiper-slide\">\n\t\t\t\t<a href=\"\/magazin\/46-wochen-schub-alter-anzeichen-wann-vor\" class=\"notSelectedWeek\">7.<br>Schub<\/a>\n\t\t\t<\/div>\n\t\t\t<div class=\"swiper-slide\">\n\t\t\t\t<a href=\"\/magazin\/8-wachstumsschub-baby-55-wochen-schub-dauer-anzeichen-erfahrungen\" class=\"notSelectedWeek\">8.<br>Schub<\/a>\n\t\t\t<\/div>\n\t\t\t<div class=\"swiper-slide\">\n\t\t\t\t<a href=\"\/magazin\/64-wochen-schub-erfahrungen-dauer-schlaf-schlimm-wann-vorbei\" class=\"notSelectedWeek\">9.<br>Schub<\/a>\n\t\t\t<\/div>\n\t\t\t\t<\/div>\n\t\t\t\t\n\t\t\t<\/div>\n\t\t\t<!-- If we need navigation buttons -->\n\t\t\t<div class=\"swiper-button-prev-wop swiper-btn-pr-swiper-130-1221\" style=\"right: auto;\">\n\t\t\t\t<svg xmlns=\"http:\/\/www.w3.org\/2000\/svg\" width=\"25\" height=\"25\" fill=\"#3e3e3e\" class=\"bi bi-chevron-left\" viewbox=\"0 0 16 16\">\n\t\t\t\t\t<path fill-rule=\"evenodd\" d=\"M11.354 1.646a.5.5 0 0 1 0 .708L5.707 8l5.647 5.646a.5.5 0 0 1-.708.708l-6-6a.5.5 0 0 1 0-.708l6-6a.5.5 0 0 1 .708 0z\"><\/path>\n\t\t\t\t<\/svg>\n\t\t\t<\/div>\n\t\t\t<div class=\"swiper-button-next-wop swiper-btn-nx-swiper-130-1221\" style=\"right: 0px; left: auto;\">\n\t\t\t\t<svg xmlns=\"http:\/\/www.w3.org\/2000\/svg\" width=\"25\" height=\"25\" fill=\"#3e3e3e\" class=\"bi bi-chevron-right\" viewbox=\"0 0 16 16\">\n\t\t\t\t\t<path fill-rule=\"evenodd\" d=\"M4.646 1.646a.5.5 0 0 1 .708 0l6 6a.5.5 0 0 1 0 .708l-6 6a.5.5 0 0 1-.708-.708L10.293 8 4.646 2.354a.5.5 0 0 1 0-.708z\"><\/path>\n\t\t\t\t<\/svg>\n\t\t\t<\/div>\n\t\t<\/div>\n\t<\/div>\n\t<\/section><div class=\"credits-overlay\" data-target=\".wp-image-60097\"><a href=\"#\" target=\"_blank\">&copy; Halfpoint\/ Fotolia<\/a><\/div><\/p>\n","protected":false},"excerpt":{"rendered":"<p>Wenn Dein Baby etwas Neues lernt, ist es oft ganz sch&ouml;n durch den Wind, schreit vermehrt und schl&auml;ft schlechter. Wachstumsschub, Entwicklungsschub oder Entwicklungssprung wird eine solche Phase genannt. Der erste Wachstumsschub findet bereits kurz nach der Geburt statt, und zwar um die 5. Lebenswoche. Ich erkl&auml;re Dir heute, an welchen Symptomen Du den ersten Wachstumsschub, [&#8230;]<\/p>\n<p><a class=\"btn btn-secondary understrap-read-more-link\" href=\"https:\/\/www.babyartikel.de\/magazin\/der-erste-wachstumsschub-erkennen\">Weiterlesen&#8230;<\/a><\/p>\n","protected":false},"author":63,"featured_media":60097,"comment_status":"open","ping_status":"closed","sticky":false,"template":"","format":"standard","meta":{"_acf_changed":false,"footnotes":""},"categories":[79,3248],"tags":[23116,1044,18894],"class_list":["post-59831","post","type-post","status-publish","format-standard","has-post-thumbnail","hentry","category-baby","category-babyentwicklungskalender","tag-boost-1-primary","tag-entwicklung","tag-wachstum"],"acf":[],"yoast_head":"<!-- This site is optimized with the Yoast SEO Premium plugin v27.2 (Yoast SEO v27.2) - https:\/\/yoast.com\/product\/yoast-seo-premium-wordpress\/ -->\n<title>5-Wochen-Schub beim Baby: Das passiert jetzt | Babyartikel.de Magazin<\/title>\n<meta name=\"description\" content=\"Der erste 5-Wochen-Schub beim Baby: Woran Du ihn erkennst - und wie Du Deinem Baby durch seinen ersten Wachstumsschub helfen kannst\" \/>\n<meta name=\"robots\" content=\"index, follow, max-snippet:-1, max-image-preview:large, max-video-preview:-1\" \/>\n<link rel=\"canonical\" href=\"https:\/\/www.babyartikel.de\/magazin\/der-erste-wachstumsschub-erkennen\" \/>\n<meta property=\"og:locale\" content=\"de_DE\" \/>\n<meta property=\"og:type\" content=\"article\" \/>\n<meta property=\"og:title\" content=\"Der 5-Wochen-Schub beim Baby: Das passiert jetzt\" \/>\n<meta property=\"og:description\" content=\"Der erste 5-Wochen-Schub beim Baby: Woran Du ihn erkennst - und wie Du Deinem Baby durch seinen ersten Wachstumsschub helfen kannst\" \/>\n<meta property=\"og:url\" content=\"https:\/\/www.babyartikel.de\/magazin\/der-erste-wachstumsschub-erkennen\" \/>\n<meta property=\"og:site_name\" content=\"Babyartikel.de Magazin\" \/>\n<meta property=\"article:published_time\" content=\"2018-12-30T07:39:30+00:00\" \/>\n<meta property=\"article:modified_time\" content=\"2025-01-10T08:15:52+00:00\" \/>\n<meta property=\"og:image\" content=\"https:\/\/cdn.magazin.babyartikel.de\/magazin\/wp-content\/uploads\/2018\/12\/wachsstumsschub.jpg\" \/>\n\t<meta property=\"og:image:width\" content=\"1200\" \/>\n\t<meta property=\"og:image:height\" content=\"627\" \/>\n\t<meta property=\"og:image:type\" content=\"image\/jpeg\" \/>\n<meta name=\"author\" content=\"Kerstin\" \/>\n<meta name=\"twitter:card\" content=\"summary_large_image\" \/>\n<meta name=\"twitter:label1\" content=\"Verfasst von\" \/>\n\t<meta name=\"twitter:data1\" content=\"Kerstin\" \/>\n\t<meta name=\"twitter:label2\" content=\"Gesch\u00e4tzte Lesezeit\" \/>\n\t<meta name=\"twitter:data2\" content=\"6\u00a0Minuten\" \/>\n<script type=\"application\/ld+json\" class=\"yoast-schema-graph\">{\"@context\":\"https:\/\/schema.org\",\"@graph\":[{\"@type\":\"Article\",\"@id\":\"https:\/\/www.babyartikel.de\/magazin\/der-erste-wachstumsschub-erkennen#article\",\"isPartOf\":{\"@id\":\"https:\/\/www.babyartikel.de\/magazin\/der-erste-wachstumsschub-erkennen\"},\"author\":{\"name\":\"Kerstin\",\"@id\":\"https:\/\/www.babyartikel.de\/magazin\/#\/schema\/person\/dc2d6be80316de8c42d8bf099a238049\"},\"headline\":\"Der 5-Wochen-Schub beim Baby: Das passiert jetzt\",\"datePublished\":\"2018-12-30T07:39:30+00:00\",\"dateModified\":\"2025-01-10T08:15:52+00:00\",\"mainEntityOfPage\":{\"@id\":\"https:\/\/www.babyartikel.de\/magazin\/der-erste-wachstumsschub-erkennen\"},\"wordCount\":995,\"commentCount\":9,\"image\":{\"@id\":\"https:\/\/www.babyartikel.de\/magazin\/der-erste-wachstumsschub-erkennen#primaryimage\"},\"thumbnailUrl\":\"https:\/\/media.babyartikel.de\/magazin\/wp-content\/uploads\/2018\/10\/erster-wahchstummschub-e1539855170205.jpg\",\"keywords\":[\"BOOST-1-primary\",\"entwicklung\",\"wachstum\"],\"articleSection\":[\"Baby\",\"Baby-Entwicklungskalender\"],\"inLanguage\":\"de\",\"potentialAction\":[{\"@type\":\"CommentAction\",\"name\":\"Comment\",\"target\":[\"https:\/\/www.babyartikel.de\/magazin\/der-erste-wachstumsschub-erkennen#respond\"]}]},{\"@type\":\"WebPage\",\"@id\":\"https:\/\/www.babyartikel.de\/magazin\/der-erste-wachstumsschub-erkennen\",\"url\":\"https:\/\/www.babyartikel.de\/magazin\/der-erste-wachstumsschub-erkennen\",\"name\":\"5-Wochen-Schub beim Baby: Das passiert jetzt | Babyartikel.de Magazin\",\"isPartOf\":{\"@id\":\"https:\/\/www.babyartikel.de\/magazin\/#website\"},\"primaryImageOfPage\":{\"@id\":\"https:\/\/www.babyartikel.de\/magazin\/der-erste-wachstumsschub-erkennen#primaryimage\"},\"image\":{\"@id\":\"https:\/\/www.babyartikel.de\/magazin\/der-erste-wachstumsschub-erkennen#primaryimage\"},\"thumbnailUrl\":\"https:\/\/media.babyartikel.de\/magazin\/wp-content\/uploads\/2018\/10\/erster-wahchstummschub-e1539855170205.jpg\",\"datePublished\":\"2018-12-30T07:39:30+00:00\",\"dateModified\":\"2025-01-10T08:15:52+00:00\",\"author\":{\"@id\":\"https:\/\/www.babyartikel.de\/magazin\/#\/schema\/person\/dc2d6be80316de8c42d8bf099a238049\"},\"description\":\"Der erste 5-Wochen-Schub beim Baby: Woran Du ihn erkennst - und wie Du Deinem Baby durch seinen ersten Wachstumsschub helfen kannst\",\"breadcrumb\":{\"@id\":\"https:\/\/www.babyartikel.de\/magazin\/der-erste-wachstumsschub-erkennen#breadcrumb\"},\"inLanguage\":\"de\",\"potentialAction\":[{\"@type\":\"ReadAction\",\"target\":[\"https:\/\/www.babyartikel.de\/magazin\/der-erste-wachstumsschub-erkennen\"]}]},{\"@type\":\"ImageObject\",\"inLanguage\":\"de\",\"@id\":\"https:\/\/www.babyartikel.de\/magazin\/der-erste-wachstumsschub-erkennen#primaryimage\",\"url\":\"https:\/\/media.babyartikel.de\/magazin\/wp-content\/uploads\/2018\/10\/erster-wahchstummschub-e1539855170205.jpg\",\"contentUrl\":\"https:\/\/media.babyartikel.de\/magazin\/wp-content\/uploads\/2018\/10\/erster-wahchstummschub-e1539855170205.jpg\",\"width\":1127,\"height\":871,\"caption\":\"erster wachstumsschub baby 2 monate, 5 wochen schub, entwicklungsschub\"},{\"@type\":\"BreadcrumbList\",\"@id\":\"https:\/\/www.babyartikel.de\/magazin\/der-erste-wachstumsschub-erkennen#breadcrumb\",\"itemListElement\":[{\"@type\":\"ListItem\",\"position\":1,\"name\":\"Startseite\",\"item\":\"https:\/\/www.babyartikel.de\/magazin\"},{\"@type\":\"ListItem\",\"position\":2,\"name\":\"Der 5-Wochen-Schub beim Baby: Das passiert jetzt\"}]},{\"@type\":\"WebSite\",\"@id\":\"https:\/\/www.babyartikel.de\/magazin\/#website\",\"url\":\"https:\/\/www.babyartikel.de\/magazin\/\",\"name\":\"Babyartikel.de Magazin\",\"description\":\"\",\"potentialAction\":[{\"@type\":\"SearchAction\",\"target\":{\"@type\":\"EntryPoint\",\"urlTemplate\":\"https:\/\/www.babyartikel.de\/magazin\/?s={search_term_string}\"},\"query-input\":{\"@type\":\"PropertyValueSpecification\",\"valueRequired\":true,\"valueName\":\"search_term_string\"}}],\"inLanguage\":\"de\"},{\"@type\":\"Person\",\"@id\":\"https:\/\/www.babyartikel.de\/magazin\/#\/schema\/person\/dc2d6be80316de8c42d8bf099a238049\",\"name\":\"Kerstin\",\"image\":{\"@type\":\"ImageObject\",\"inLanguage\":\"de\",\"@id\":\"https:\/\/secure.gravatar.com\/avatar\/2ebf811fc92477ba3ca71a20cb29747f405ac4457f3ed310e3db11fa1f83e376?s=96&d=mm&r=g\",\"url\":\"https:\/\/secure.gravatar.com\/avatar\/2ebf811fc92477ba3ca71a20cb29747f405ac4457f3ed310e3db11fa1f83e376?s=96&d=mm&r=g\",\"contentUrl\":\"https:\/\/secure.gravatar.com\/avatar\/2ebf811fc92477ba3ca71a20cb29747f405ac4457f3ed310e3db11fa1f83e376?s=96&d=mm&r=g\",\"caption\":\"Kerstin\"},\"description\":\"Kerstin liebt gestreifte Gummistiefel, LEGO und das Gef\u00fchl, \u00fcber sich hinauszuwachsen. Als Mama von sieben Kindern (2x *2009, *2011, *2012, *2014, *2015, *2018) hat sie eines nie: Zeit. Kerstin ist eine Kindersitz-Spezialistin. Sie kennt die Welt der Autokindersitze seit 2008 aus jedem Blickwinkel: als Mama, als fr\u00fche Stimme in Foren und Vereinen (Reboard-Kindersitze e. V. &amp; Kinder sicher unterwegs e. V.) und als jemand, der die Reboarder-Aufkl\u00e4rung in Deutschland aktiv mit vorangetrieben hat, lange bevor das Thema im Mainstream angekommen ist. Seit 2015 arbeitet sie auch beruflich im Kindersitzbereich. In dieser Zeit hat sie weit \u00fcber tausend Familien bei der Auswahl sicherer Kindersitze beraten, unz\u00e4hlige Einbausituationen in verschiedenen Fahrzeugen gel\u00f6st und Fachh\u00e4ndlerinnen und Fachh\u00e4ndler geschult. Sie liebt den Austausch mit Expertinnen und Experten der Branche, analysiert ADAC-Kindersitztests und setzt sich daf\u00fcr ein, dass Kinder noch sicherer im Auto mitfahren. Seit 2025 teilt sie ihr Wissen auch auf Sitzkitz.de. Die Seite ist ein Herzensprojekt und genau die Webseite, die sie sich auf der Suche nach ihrer ersten Babyschale damals selbst gew\u00fcnscht h\u00e4tte.\",\"sameAs\":[\"https:\/\/sitzkitz.de\/\",\"https:\/\/www.linkedin.com\/in\/kerstin-wirsing\/\",\"https:\/\/de.pinterest.com\/sitzkitz\/\"],\"birthDate\":\"1981-07-07\",\"award\":[\"\u2013 \u00dcber 1.000 durchgef\u00fchrte Online-Kindersitzberatungen seit 2015 \u2013 Aufbau und Etablierung des Konzepts \u201eKindersitzvermietung\u201c im Fachhandel \u2013 Schulung von Kindersitz-Fachh\u00e4ndlerinnen und -Fachh\u00e4ndlern in Deutschland \u2013 Fr\u00fche Mitwirkung an der Reboarder-Aufkl\u00e4rung in Deutschland (seit 2008)\"],\"knowsAbout\":[\"Babyschalen\",\"Reboarder\",\"Folgesitze\",\"Kindersitze\",\"Kindersitznormen\",\"i-Size\",\"Kindersitztests\",\"Kindersitzpflicht\"],\"jobTitle\":\"Kindersitz-Spezialistin\",\"worksFor\":\"Reboard-Kindersitze e. V. \u2013 ehrenamtliche Kindersitzberatung (2011\u20132025) Kinder sicher unterwegs e. V. \u2013 ehrenamtliche Kindersitzberatung (2014\u20132024) Die Kindersitzprofis \u2013 Verbund von Kindersitzfachh\u00e4ndlern (2015\u20132018) Familie B\u00e4r \/ Behrendt Reboardkindersitze UG \u2013 Kindersitz-Fachgesch\u00e4ft und H\u00e4ndlerverbund (2018\u20132025)\",\"url\":\"https:\/\/www.babyartikel.de\/magazin\/author\/kerstin-wirsing\"}]}<\/script>\n<!-- \/ Yoast SEO Premium plugin. -->","yoast_head_json":{"title":"5-Wochen-Schub beim Baby: Das passiert jetzt | Babyartikel.de Magazin","description":"Der erste 5-Wochen-Schub beim Baby: Woran Du ihn erkennst - und wie Du Deinem Baby durch seinen ersten Wachstumsschub helfen kannst","robots":{"index":"index","follow":"follow","max-snippet":"max-snippet:-1","max-image-preview":"max-image-preview:large","max-video-preview":"max-video-preview:-1"},"canonical":"https:\/\/www.babyartikel.de\/magazin\/der-erste-wachstumsschub-erkennen","og_locale":"de_DE","og_type":"article","og_title":"Der 5-Wochen-Schub beim Baby: Das passiert jetzt","og_description":"Der erste 5-Wochen-Schub beim Baby: Woran Du ihn erkennst - und wie Du Deinem Baby durch seinen ersten Wachstumsschub helfen kannst","og_url":"https:\/\/www.babyartikel.de\/magazin\/der-erste-wachstumsschub-erkennen","og_site_name":"Babyartikel.de Magazin","article_published_time":"2018-12-30T07:39:30+00:00","article_modified_time":"2025-01-10T08:15:52+00:00","og_image":[{"width":1200,"height":627,"url":"https:\/\/cdn.magazin.babyartikel.de\/magazin\/wp-content\/uploads\/2018\/12\/wachsstumsschub.jpg","type":"image\/jpeg"}],"author":"Kerstin","twitter_card":"summary_large_image","twitter_misc":{"Verfasst von":"Kerstin","Gesch\u00e4tzte Lesezeit":"6\u00a0Minuten"},"schema":{"@context":"https:\/\/schema.org","@graph":[{"@type":"Article","@id":"https:\/\/www.babyartikel.de\/magazin\/der-erste-wachstumsschub-erkennen#article","isPartOf":{"@id":"https:\/\/www.babyartikel.de\/magazin\/der-erste-wachstumsschub-erkennen"},"author":{"name":"Kerstin","@id":"https:\/\/www.babyartikel.de\/magazin\/#\/schema\/person\/dc2d6be80316de8c42d8bf099a238049"},"headline":"Der 5-Wochen-Schub beim Baby: Das passiert jetzt","datePublished":"2018-12-30T07:39:30+00:00","dateModified":"2025-01-10T08:15:52+00:00","mainEntityOfPage":{"@id":"https:\/\/www.babyartikel.de\/magazin\/der-erste-wachstumsschub-erkennen"},"wordCount":995,"commentCount":9,"image":{"@id":"https:\/\/www.babyartikel.de\/magazin\/der-erste-wachstumsschub-erkennen#primaryimage"},"thumbnailUrl":"https:\/\/media.babyartikel.de\/magazin\/wp-content\/uploads\/2018\/10\/erster-wahchstummschub-e1539855170205.jpg","keywords":["BOOST-1-primary","entwicklung","wachstum"],"articleSection":["Baby","Baby-Entwicklungskalender"],"inLanguage":"de","potentialAction":[{"@type":"CommentAction","name":"Comment","target":["https:\/\/www.babyartikel.de\/magazin\/der-erste-wachstumsschub-erkennen#respond"]}]},{"@type":"WebPage","@id":"https:\/\/www.babyartikel.de\/magazin\/der-erste-wachstumsschub-erkennen","url":"https:\/\/www.babyartikel.de\/magazin\/der-erste-wachstumsschub-erkennen","name":"5-Wochen-Schub beim Baby: Das passiert jetzt | Babyartikel.de Magazin","isPartOf":{"@id":"https:\/\/www.babyartikel.de\/magazin\/#website"},"primaryImageOfPage":{"@id":"https:\/\/www.babyartikel.de\/magazin\/der-erste-wachstumsschub-erkennen#primaryimage"},"image":{"@id":"https:\/\/www.babyartikel.de\/magazin\/der-erste-wachstumsschub-erkennen#primaryimage"},"thumbnailUrl":"https:\/\/media.babyartikel.de\/magazin\/wp-content\/uploads\/2018\/10\/erster-wahchstummschub-e1539855170205.jpg","datePublished":"2018-12-30T07:39:30+00:00","dateModified":"2025-01-10T08:15:52+00:00","author":{"@id":"https:\/\/www.babyartikel.de\/magazin\/#\/schema\/person\/dc2d6be80316de8c42d8bf099a238049"},"description":"Der erste 5-Wochen-Schub beim Baby: Woran Du ihn erkennst - und wie Du Deinem Baby durch seinen ersten Wachstumsschub helfen kannst","breadcrumb":{"@id":"https:\/\/www.babyartikel.de\/magazin\/der-erste-wachstumsschub-erkennen#breadcrumb"},"inLanguage":"de","potentialAction":[{"@type":"ReadAction","target":["https:\/\/www.babyartikel.de\/magazin\/der-erste-wachstumsschub-erkennen"]}]},{"@type":"ImageObject","inLanguage":"de","@id":"https:\/\/www.babyartikel.de\/magazin\/der-erste-wachstumsschub-erkennen#primaryimage","url":"https:\/\/media.babyartikel.de\/magazin\/wp-content\/uploads\/2018\/10\/erster-wahchstummschub-e1539855170205.jpg","contentUrl":"https:\/\/media.babyartikel.de\/magazin\/wp-content\/uploads\/2018\/10\/erster-wahchstummschub-e1539855170205.jpg","width":1127,"height":871,"caption":"erster wachstumsschub baby 2 monate, 5 wochen schub, entwicklungsschub"},{"@type":"BreadcrumbList","@id":"https:\/\/www.babyartikel.de\/magazin\/der-erste-wachstumsschub-erkennen#breadcrumb","itemListElement":[{"@type":"ListItem","position":1,"name":"Startseite","item":"https:\/\/www.babyartikel.de\/magazin"},{"@type":"ListItem","position":2,"name":"Der 5-Wochen-Schub beim Baby: Das passiert jetzt"}]},{"@type":"WebSite","@id":"https:\/\/www.babyartikel.de\/magazin\/#website","url":"https:\/\/www.babyartikel.de\/magazin\/","name":"Babyartikel.de Magazin","description":"","potentialAction":[{"@type":"SearchAction","target":{"@type":"EntryPoint","urlTemplate":"https:\/\/www.babyartikel.de\/magazin\/?s={search_term_string}"},"query-input":{"@type":"PropertyValueSpecification","valueRequired":true,"valueName":"search_term_string"}}],"inLanguage":"de"},{"@type":"Person","@id":"https:\/\/www.babyartikel.de\/magazin\/#\/schema\/person\/dc2d6be80316de8c42d8bf099a238049","name":"Kerstin","image":{"@type":"ImageObject","inLanguage":"de","@id":"https:\/\/secure.gravatar.com\/avatar\/2ebf811fc92477ba3ca71a20cb29747f405ac4457f3ed310e3db11fa1f83e376?s=96&d=mm&r=g","url":"https:\/\/secure.gravatar.com\/avatar\/2ebf811fc92477ba3ca71a20cb29747f405ac4457f3ed310e3db11fa1f83e376?s=96&d=mm&r=g","contentUrl":"https:\/\/secure.gravatar.com\/avatar\/2ebf811fc92477ba3ca71a20cb29747f405ac4457f3ed310e3db11fa1f83e376?s=96&d=mm&r=g","caption":"Kerstin"},"description":"Kerstin liebt gestreifte Gummistiefel, LEGO und das Gef\u00fchl, \u00fcber sich hinauszuwachsen. Als Mama von sieben Kindern (2x *2009, *2011, *2012, *2014, *2015, *2018) hat sie eines nie: Zeit. Kerstin ist eine Kindersitz-Spezialistin. Sie kennt die Welt der Autokindersitze seit 2008 aus jedem Blickwinkel: als Mama, als fr\u00fche Stimme in Foren und Vereinen (Reboard-Kindersitze e. V. &amp; Kinder sicher unterwegs e. V.) und als jemand, der die Reboarder-Aufkl\u00e4rung in Deutschland aktiv mit vorangetrieben hat, lange bevor das Thema im Mainstream angekommen ist. Seit 2015 arbeitet sie auch beruflich im Kindersitzbereich. In dieser Zeit hat sie weit \u00fcber tausend Familien bei der Auswahl sicherer Kindersitze beraten, unz\u00e4hlige Einbausituationen in verschiedenen Fahrzeugen gel\u00f6st und Fachh\u00e4ndlerinnen und Fachh\u00e4ndler geschult. Sie liebt den Austausch mit Expertinnen und Experten der Branche, analysiert ADAC-Kindersitztests und setzt sich daf\u00fcr ein, dass Kinder noch sicherer im Auto mitfahren. Seit 2025 teilt sie ihr Wissen auch auf Sitzkitz.de. Die Seite ist ein Herzensprojekt und genau die Webseite, die sie sich auf der Suche nach ihrer ersten Babyschale damals selbst gew\u00fcnscht h\u00e4tte.","sameAs":["https:\/\/sitzkitz.de\/","https:\/\/www.linkedin.com\/in\/kerstin-wirsing\/","https:\/\/de.pinterest.com\/sitzkitz\/"],"birthDate":"1981-07-07","award":["\u2013 \u00dcber 1.000 durchgef\u00fchrte Online-Kindersitzberatungen seit 2015 \u2013 Aufbau und Etablierung des Konzepts \u201eKindersitzvermietung\u201c im Fachhandel \u2013 Schulung von Kindersitz-Fachh\u00e4ndlerinnen und -Fachh\u00e4ndlern in Deutschland \u2013 Fr\u00fche Mitwirkung an der Reboarder-Aufkl\u00e4rung in Deutschland (seit 2008)"],"knowsAbout":["Babyschalen","Reboarder","Folgesitze","Kindersitze","Kindersitznormen","i-Size","Kindersitztests","Kindersitzpflicht"],"jobTitle":"Kindersitz-Spezialistin","worksFor":"Reboard-Kindersitze e. V. \u2013 ehrenamtliche Kindersitzberatung (2011\u20132025) Kinder sicher unterwegs e. V. \u2013 ehrenamtliche Kindersitzberatung (2014\u20132024) Die Kindersitzprofis \u2013 Verbund von Kindersitzfachh\u00e4ndlern (2015\u20132018) Familie B\u00e4r \/ Behrendt Reboardkindersitze UG \u2013 Kindersitz-Fachgesch\u00e4ft und H\u00e4ndlerverbund (2018\u20132025)","url":"https:\/\/www.babyartikel.de\/magazin\/author\/kerstin-wirsing"}]}},"abstract_sku":"","_links":{"self":[{"href":"https:\/\/www.babyartikel.de\/magazin\/wp-json\/wp\/v2\/posts\/59831","targetHints":{"allow":["GET"]}}],"collection":[{"href":"https:\/\/www.babyartikel.de\/magazin\/wp-json\/wp\/v2\/posts"}],"about":[{"href":"https:\/\/www.babyartikel.de\/magazin\/wp-json\/wp\/v2\/types\/post"}],"author":[{"embeddable":true,"href":"https:\/\/www.babyartikel.de\/magazin\/wp-json\/wp\/v2\/users\/63"}],"replies":[{"embeddable":true,"href":"https:\/\/www.babyartikel.de\/magazin\/wp-json\/wp\/v2\/comments?post=59831"}],"version-history":[{"count":28,"href":"https:\/\/www.babyartikel.de\/magazin\/wp-json\/wp\/v2\/posts\/59831\/revisions"}],"predecessor-version":[{"id":956507,"href":"https:\/\/www.babyartikel.de\/magazin\/wp-json\/wp\/v2\/posts\/59831\/revisions\/956507"}],"wp:featuredmedia":[{"embeddable":true,"href":"https:\/\/www.babyartikel.de\/magazin\/wp-json\/wp\/v2\/media\/60097"}],"wp:attachment":[{"href":"https:\/\/www.babyartikel.de\/magazin\/wp-json\/wp\/v2\/media?parent=59831"}],"wp:term":[{"taxonomy":"category","embeddable":true,"href":"https:\/\/www.babyartikel.de\/magazin\/wp-json\/wp\/v2\/categories?post=59831"},{"taxonomy":"post_tag","embeddable":true,"href":"https:\/\/www.babyartikel.de\/magazin\/wp-json\/wp\/v2\/tags?post=59831"}],"curies":[{"name":"wp","href":"https:\/\/api.w.org\/{rel}","templated":true}]}}