
{"id":6686,"date":"2015-02-28T08:58:10","date_gmt":"2015-02-28T07:58:10","guid":{"rendered":"\/magazin\/?p=6686"},"modified":"2021-12-06T09:47:33","modified_gmt":"2021-12-06T08:47:33","slug":"ab-wann-kann-ich-meinem-kind-vorlesen","status":"publish","type":"post","link":"https:\/\/www.babyartikel.de\/magazin\/ab-wann-kann-ich-meinem-kind-vorlesen","title":{"rendered":"Ab wann kann ich meinem Kind vorlesen?"},"content":{"rendered":"<p>Vorlesen f&ouml;rdert die Entwicklung Deines Kindes und st&auml;rkt die famili&auml;re Bindung. Ab wann Du Deinem Kind vorlesen kannst und welche wunderbaren M&ouml;glichkeiten B&uuml;cher bieten, erkl&auml;rt Dir P&auml;dagogin Martina L&ouml;ffler im Interview.<p><a href=\"https:\/\/www.babyartikel.de\/magazin\/wp-content\/uploads\/2015\/02\/Martina-L%C3%B6ffler-Interview-Vorlesen-e1424251965138.jpg\"><img loading=\"lazy\" decoding=\"async\" class=\"alignright wp-image-6739 size-medium\" src=\"https:\/\/www.babyartikel.de\/magazin\/wp-content\/uploads\/2015\/02\/Martina-L%C3%B6ffler-Interview-Vorlesen-e1424251965138-215x300.jpg\" alt=\"Martina L&ouml;ffler Interview Vorlesen\" width=\"215\" height=\"300\" srcset=\"https:\/\/media.babyartikel.de\/magazin\/wp-content\/uploads\/2015\/02\/Martina-L&ouml;ffler-Interview-Vorlesen-e1424251965138-215x300.jpg 215w, https:\/\/media.babyartikel.de\/magazin\/wp-content\/uploads\/2015\/02\/Martina-L&ouml;ffler-Interview-Vorlesen-e1424251965138-495x690.jpg 495w, https:\/\/media.babyartikel.de\/magazin\/wp-content\/uploads\/2015\/02\/Martina-L&ouml;ffler-Interview-Vorlesen-e1424251965138-754x1050.jpg 754w, https:\/\/media.babyartikel.de\/magazin\/wp-content\/uploads\/2015\/02\/Martina-L&ouml;ffler-Interview-Vorlesen-e1424251965138-108x150.jpg 108w, https:\/\/media.babyartikel.de\/magazin\/wp-content\/uploads\/2015\/02\/Martina-L&ouml;ffler-Interview-Vorlesen-e1424251965138-768x1070.jpg 768w, https:\/\/media.babyartikel.de\/magazin\/wp-content\/uploads\/2015\/02\/Martina-L&ouml;ffler-Interview-Vorlesen-e1424251965138-735x1024.jpg 735w, https:\/\/media.babyartikel.de\/magazin\/wp-content\/uploads\/2015\/02\/Martina-L&ouml;ffler-Interview-Vorlesen-e1424251965138.jpg 973w\" sizes=\"auto, (max-width: 215px) 100vw, 215px\"><\/a><\/p><div id=\"ez-toc-container\" class=\"ez-toc-v2_0_82_2 counter-flat ez-toc-counter ez-toc-white ez-toc-container-direction\">\n<div class=\"ez-toc-title-container\">\n<p class=\"ez-toc-title\" style=\"cursor:inherit\">Inhaltsverzeichnis<\/p>\n<span class=\"ez-toc-title-toggle\"><a href=\"#\" class=\"ez-toc-pull-right ez-toc-btn ez-toc-btn-xs ez-toc-btn-default ez-toc-toggle\" aria-label=\"Toggle Table of Content\"><span class=\"ez-toc-js-icon-con\"><span class=\"\"><span class=\"eztoc-hide\" style=\"display:none;\">Toggle<\/span><span class=\"ez-toc-icon-toggle-span\"><svg style=\"fill: #999;color:#999\" xmlns=\"http:\/\/www.w3.org\/2000\/svg\" class=\"list-377408\" width=\"20px\" height=\"20px\" viewBox=\"0 0 24 24\" fill=\"none\"><path d=\"M6 6H4v2h2V6zm14 0H8v2h12V6zM4 11h2v2H4v-2zm16 0H8v2h12v-2zM4 16h2v2H4v-2zm16 0H8v2h12v-2z\" fill=\"currentColor\"><\/path><\/svg><svg style=\"fill: #999;color:#999\" class=\"arrow-unsorted-368013\" xmlns=\"http:\/\/www.w3.org\/2000\/svg\" width=\"10px\" height=\"10px\" viewBox=\"0 0 24 24\" version=\"1.2\" baseProfile=\"tiny\"><path d=\"M18.2 9.3l-6.2-6.3-6.2 6.3c-.2.2-.3.4-.3.7s.1.5.3.7c.2.2.4.3.7.3h11c.3 0 .5-.1.7-.3.2-.2.3-.5.3-.7s-.1-.5-.3-.7zM5.8 14.7l6.2 6.3 6.2-6.3c.2-.2.3-.5.3-.7s-.1-.5-.3-.7c-.2-.2-.4-.3-.7-.3h-11c-.3 0-.5.1-.7.3-.2.2-.3.5-.3.7s.1.5.3.7z\"\/><\/svg><\/span><\/span><\/span><\/a><\/span><\/div>\n<nav><ul class='ez-toc-list ez-toc-list-level-1 ' ><li class='ez-toc-page-1'><a class=\"ez-toc-link ez-toc-heading-1\" href=\"https:\/\/www.babyartikel.de\/magazin\/ab-wann-kann-ich-meinem-kind-vorlesen\/#Ab_wann_kann_ich_mit_meinem_Kind_Buecher_anschauen_oder_ihm_Geschichten_vorlesen\" >Ab wann kann ich mit meinem Kind B&uuml;cher anschauen oder ihm Geschichten vorlesen?<\/a><\/li><li class='ez-toc-page-1'><a class=\"ez-toc-link ez-toc-heading-2\" href=\"https:\/\/www.babyartikel.de\/magazin\/ab-wann-kann-ich-meinem-kind-vorlesen\/#Woher_weiss_ich_welches_Buch_fuer_das_Alter_meines_Kindes_geeignet_ist\" >Woher wei&szlig; ich, welches Buch f&uuml;r das Alter meines Kindes geeignet ist?<\/a><\/li><li class='ez-toc-page-1'><a class=\"ez-toc-link ez-toc-heading-3\" href=\"https:\/\/www.babyartikel.de\/magazin\/ab-wann-kann-ich-meinem-kind-vorlesen\/#Wie_oft_sollte_ich_meinem_Kind_vorlesen\" >Wie oft sollte ich meinem Kind vorlesen?<\/a><\/li><li class='ez-toc-page-1'><a class=\"ez-toc-link ez-toc-heading-4\" href=\"https:\/\/www.babyartikel.de\/magazin\/ab-wann-kann-ich-meinem-kind-vorlesen\/#Warum_ist_es_dennoch_wichtig_meinem_Kind_vorzulesen\" >Warum ist es dennoch wichtig, meinem Kind vorzulesen?<\/a><\/li><li class='ez-toc-page-1'><a class=\"ez-toc-link ez-toc-heading-5\" href=\"https:\/\/www.babyartikel.de\/magazin\/ab-wann-kann-ich-meinem-kind-vorlesen\/#Was_bewirkt_das_Vorlesen_beim_Kind\" >Was bewirkt das Vorlesen beim Kind?<\/a><\/li><li class='ez-toc-page-1'><a class=\"ez-toc-link ez-toc-heading-6\" href=\"https:\/\/www.babyartikel.de\/magazin\/ab-wann-kann-ich-meinem-kind-vorlesen\/#Wie_kann_ich_mein_Kind_fuer_Buecher_begeistern\" >Wie kann ich mein Kind f&uuml;r B&uuml;cher begeistern?<\/a><\/li><li class='ez-toc-page-1'><a class=\"ez-toc-link ez-toc-heading-7\" href=\"https:\/\/www.babyartikel.de\/magazin\/ab-wann-kann-ich-meinem-kind-vorlesen\/#Zum_Weiterlesen\" >Zum Weiterlesen<\/a><\/li><\/ul><\/nav><\/div>\n<h2><span class=\"ez-toc-section\" id=\"Ab_wann_kann_ich_mit_meinem_Kind_Buecher_anschauen_oder_ihm_Geschichten_vorlesen\"><\/span>Ab wann kann ich mit meinem Kind B&uuml;cher anschauen oder ihm Geschichten vorlesen?<span class=\"ez-toc-section-end\"><\/span><\/h2><p><strong>Martina L&ouml;ffler:<\/strong> Das kommt auf die Entwicklungs- und Bildungsprozesse des einzelnen Kindes an. So berichten mir Eltern von Kindern im 8. oder 9. Lebensmonat &ndash; viele Kinder k&ouml;nnen in diesem Alter selbstst&auml;ndig sitzen &ndash;, dass sich ihr Kind das Bilderbuch verkehrt herum anschaut. Beim Buchbetrachten kommt demnach nicht nur dem Inhalt des Buchs mit seinen Bildern und sp&auml;ter dem Schriftbild eine Bedeutung zu. F&uuml;r kleine Kinder spielt das <strong>F&uuml;hlen, das Kennenlernen mit der Zunge<\/strong> und dem Mundraum oder der eben benannte &bdquo;Perspektivwechsel&ldquo; bei den ersten Kontakten mit dem Medium Buch eine ebenso gro&szlig;e Rolle.<\/p><h2><span class=\"ez-toc-section\" id=\"Woher_weiss_ich_welches_Buch_fuer_das_Alter_meines_Kindes_geeignet_ist\"><\/span>Woher wei&szlig; ich, welches Buch f&uuml;r das Alter meines Kindes geeignet ist?<span class=\"ez-toc-section-end\"><\/span><\/h2><p>Eine M&ouml;glichkeit w&auml;re, sich auf die Altersempfehlungen der Verlage zu verlassen. Nichtsdestrotrotz unterscheiden sich Kinder desselben Alters hinsichtlich ihres Geschlechts, Temperaments, Gesundheitszustands und der Umwelt, in der sie aufwachsen &ndash; kurz ihre <strong>Bed&uuml;rfnisse sind vielf&auml;ltig und individuell<\/strong>. So begeistert sich beispielsweise ein dreij&auml;hriges Kind f&uuml;r Indiandergeschichten &ndash; diese sind vielleicht erst f&uuml;r Kinder ab f&uuml;nf Jahren vorgesehen. Warum sollten die Eltern dem Interesse des Kindes nicht nachkommen? Nat&uuml;rlich ist es wichtig, dass Eltern auf Nachfragen oder Verst&auml;ndnisschwierigkeiten des Kindes reagieren und Dinge beispielsweise umformulieren. So lassen sich Unter- und &Uuml;berforderung vermeiden. Aus meiner Sicht sollten Eltern einfach auf ihr <strong>Bauchgef&uuml;hl<\/strong> vertrauen.<\/p><div class=\"marketing-slot\"><div id=\"block-18\" class=\"content-post-widget marketing-slot-1 widget_block\"><a href=\"#\" class=\"newsletter_popup\" style=\"\n  display: inline-block;\n  box-shadow: 0 4px 10px rgba(0,0,0,0.1);\n  margin: 20px auto;\n  max-width: 800px;\n  width: 100%;\">\n  <img src=\"https:\/\/media.babyartikel.de\/magazin\/wp-content\/uploads\/2025\/08\/NL-Banner-Magazin-8-25.webp\" alt=\"Newsletter Banner\" style=\"\n    width: 100%;\n    height: auto;\n    display: block;\" onclick=\"ga('send', 'event', 'banner', 'click', 'magazin-banner-newsletter-8-25');\">\n<\/a>\n\n\t<!-- Modal -->\n\t<div class=\"modal fade modal_popup\" id=\"newsletter_popup\" tabindex=\"-1\" aria-labelledby=\"exampleModalLabel\" aria-hidden=\"true\">\n\t\t<div class=\"modal-dialog modal-dialog-centered modal-dialog-scrollable\">\n\t\t\t<div class=\"modal-content\">\n\t\t\t\t<div class=\"modal-header small-header\">\n\t\t\t\t\t<h5 class=\"modal-title\" id=\"newsletterModalLabel\">\n\t\t\t\t\t\tNewsletter\t\t\t\t\t<\/h5>\n\t\t\t\t\t<button type=\"button\" class=\"btn-close small-close\" data-bs-dismiss=\"modal\" aria-label=\"Close\"><\/button>\n\t\t\t\t<\/div>\n\n\t\t\t\t<div class=\"modal-body\">\n\t\t\t\t\t\t<div class=\"newsletterForm-embed popup-form\">\n        <form name=\"newsletterSubscriptionForm\" id=\"newsletter_popup_69f3a94da8b04_form\" data-newsletter-id=\"newsletter_popup_69f3a94da8b04\" method=\"POST\">\n\n\t\t\t<input type=\"text\" name=\"website\" class=\"hidden\" tabindex=\"-1\" autocomplete=\"off\" style=\"position:absolute;left:-9999px;\">\n\t\t\t<input type=\"hidden\" name=\"ts\" value=\"1777576269\">\n\n\t\t\t                <input type=\"hidden\" name=\"emarsys-event-id\" value=\"3756\">\n            \n            \t\t\t<div class=\"mb-3\">\n\t\t\t\t<label for=\"date\" class=\"form-label\">Geburtstag\/ -termin Deines Babys<\/label>\n                <input type=\"date\" name=\"date\" class=\"input input--expand form-control\" required>\n\t\t\t<\/div>\n            \n\t\t\t<div class=\"mb-3\">\n\t\t\t\t<label for=\"email\" class=\"form-label\">E-Mail-Adresse<\/label>\n\t\t\t\t<input type=\"email\" name=\"email\" placeholder=\"E-Mail-Adresse\" class=\"input input--expand form-control\" required>\n\t\t\t<\/div>\n\n\t\t\t\t\t\t\t<button type=\"submit\" class=\"btn btn-primary\">Absenden<\/button>\n\t\t\t\n\t\t\t\t\t\t\t<div class=\"small mt-3\" style=\"font-weight:normal;\">\n\t\t\t\t\t\n\t\t\t<div class=\"mt-3\">\n\t\t\t\tJa, ich m&ouml;chte den Newsletter von Babyartikel.de erhalten und &uuml;ber Aktionen informiert werden.\n  Dabei darf mein Nutzungsverhalten (z. B. &Ouml;ffnungen und Klicks) zur Personalisierung ausgewertet werden.\n  Mehr finde ich in der <a href=\"\/de\/datenschutz\" style=\"text-decoration:underline\">Datenschutzerkl&auml;rung<\/a>.\n\t\t\t<\/div>\n\t\t\t\t\t\t<\/div>\n\t\t\t\n\t\t\t\t\t\t\t<div class=\"small mb-3 mt-3\" style=\"font-weight:normal;\">\n\t\t\t\t\tJederzeit abbestellbar | <a href=\"\/de\/datenschutz\" style=\"text-decoration:underline\">\n\t\t\t\t\t\tDatenschutzerkl&auml;rung\n\t\t\t\t\t<\/a>\n\t\t\t\t<\/div>\n\t\t\t\n        <\/form>\n    <\/div>\n\t\n\t\t\t\t\t<div class=\"response-messages_newsletter_popup_69f3a94da8b04\">\n\t\t\t\t\t\t<div class=\"alert alert-success success mt-3 mb-3 d-none\">\n\t\t\t\t\t\t\tNur noch ein Klick! Best&auml;tige Deine Anmeldung in der E-Mail, die du gleich erh&auml;ltst.\t\t\t\t\t\t<\/div>\n\t\t\t\t\t\t<div class=\"error mt-3 mb-3 d-none\">\n\t\t\t\t\t\t\t<div class=\"alert alert-danger \">\n\t\t\t\t\t\t\t\tEin Fehler ist aufgetreten. Bitte versuche es sp&auml;ter erneut.\t\t\t\t\t\t\t<\/div>\n\t\t\t\t\t\t<\/div>\n\t\t\t\t\t\t<div class=\"alert alert-danger other-2007 mt-3 mb-3 d-none\">\n\t\t\t\t\t\t\tUng&Atilde;&frac14;ltiges Datumsformat\t\t\t\t\t\t<\/div>\n\t\t\t\t\t<\/div>\n\t\t\t\t<\/div>\n\t\t\t<\/div>\n\t\t<\/div>\n\t<\/div>\n\n\t<\/div><!-- content-widget --><\/div><h2><span class=\"ez-toc-section\" id=\"Wie_oft_sollte_ich_meinem_Kind_vorlesen\"><\/span>Wie oft sollte ich meinem Kind vorlesen?<span class=\"ez-toc-section-end\"><\/span><\/h2><p>Hier ist meine Empfehlung, es <strong>nicht zu &uuml;bertreiben<\/strong>. Nat&uuml;rlich ist es ein Gewinn f&uuml;r Kinder mit B&uuml;chern aufzuwachsen und gro&szlig; zu werden. Sie identifizieren sich mit dem Helden, f&uuml;hlen mit, kommen mit dem Kulturgut unserer Gesellschaft in Kontakt und konstruieren sich ihr Wissen von und damit ihre Sicht auf die Welt. Insofern bieten B&uuml;cher einen unersch&ouml;pflichen Schatz. Entscheidend f&uuml;r das k&ouml;rperliche, geistige und psychische Wohlbefinden eines Kindes ist dennoch etwas anderes: Eine <strong>tragf&auml;hige und liebevolle Beziehung<\/strong> zu seinen prim&auml;ren Bezugspersonen.<\/p><h2><span class=\"ez-toc-section\" id=\"Warum_ist_es_dennoch_wichtig_meinem_Kind_vorzulesen\"><\/span>Warum ist es dennoch wichtig, meinem Kind vorzulesen?<span class=\"ez-toc-section-end\"><\/span><\/h2><p>Um die Beziehung zwischen Kind und prim&auml;ren Bezugspersonen aufzubauen und auszubauen und zu festigen. Vorlesen und Erz&auml;hlen erm&ouml;glichen es, in Kontakt zu sein, sich auszutauschen, Themen und Interessen des eigenen Kindes kennenzulernen, allt&auml;gliche und grundlegende Fragen, Probleme und Konflikte anzusprevchen und zu verarbeiten &ndash; kurz die <strong>famili&auml;ren Bindungen zu st&auml;rken<\/strong>. Das Anschauen von Bilderb&uuml;chern, das Vorlesen und Erz&auml;hlen von Geschichten kann also ein wichtiger und bedeutsamer Impuls sein, um Entwicklung anzuregen.<\/p><div class=\"postslot1\">\t\t<div style=\"clear:both\"><\/div>\n\t\t\t\t\t\t<div id=\"productPanel817\" class=\"product-panel-bottom\">&nbsp;<\/div>\n\t\t\t\t\t\t<script type=\"module\">\n\t\t\t\t\t\t\trequestProductPanel(\"https:\/\/www.babyartikel.de\/magazin\/wp-content\/plugins\/wp-productpanel2\/ProductPanel.php\", \"?panel_type=automatic&basis_category=6-BS-BUE&basis_product=&swipe_mobile=1&postid=6686&template=auto&max=4&productPanelId=817&solrQuery=\", 817, 1);\n\t\t\t\t\t\t<\/script>\n\t\t\t\t\t<link rel=\"stylesheet\" href=\"https:\/\/cdn.jsdelivr.net\/npm\/swiper@8\/swiper-bundle.min.css\"><\/div><div class=\"marketing-slot\"><div id=\"block-25\" class=\"content-post-widget marketing-slot-2 widget_block\"><a href=\"https:\/\/www.babyartikel.de\/de\/angebote\" data-track-link-click=\"true\" data-track-name=\"nyoutlet2026-magazin\" data-track-medium=\"banner-magazin-post\" data-track-campaign=\"magazin-banner-nyoutlet2026\" onclick=\"ga('send', 'event', 'banner', 'click', 'magazin-banner-nyoutlet2026');\" style=\"display:block;width:100%;text-align:center;\"><img src=\"https:\/\/media.babyartikel.de\/magazin\/wp-content\/uploads\/2026\/01\/NY-Outlet-10-2026.webp\" alt=\"Sale\" style=\"max-width:100%;\"><\/a><\/div><!-- content-widget --><\/div><figure id=\"attachment_56230\" aria-describedby=\"caption-attachment-56230\" style=\"width: 300px\" class=\"wp-caption alignleft\"><img loading=\"lazy\" decoding=\"async\" class=\"size-medium wp-image-56230\" src=\"https:\/\/www.babyartikel.de\/magazin\/wp-content\/uploads\/2015\/02\/ab-wann-Baby-vorlesen-300x200.png\" alt=\"ab-wann-Baby-vorlesen\" width=\"300\" height=\"200\" srcset=\"https:\/\/media.babyartikel.de\/magazin\/wp-content\/uploads\/2015\/02\/ab-wann-Baby-vorlesen-300x200.png 300w, https:\/\/media.babyartikel.de\/magazin\/wp-content\/uploads\/2015\/02\/ab-wann-Baby-vorlesen-690x460.png 690w, https:\/\/media.babyartikel.de\/magazin\/wp-content\/uploads\/2015\/02\/ab-wann-Baby-vorlesen-1050x700.png 1050w, https:\/\/media.babyartikel.de\/magazin\/wp-content\/uploads\/2015\/02\/ab-wann-Baby-vorlesen-150x100.png 150w, https:\/\/media.babyartikel.de\/magazin\/wp-content\/uploads\/2015\/02\/ab-wann-Baby-vorlesen-768x512.png 768w, https:\/\/media.babyartikel.de\/magazin\/wp-content\/uploads\/2015\/02\/ab-wann-Baby-vorlesen-272x182.png 272w, https:\/\/media.babyartikel.de\/magazin\/wp-content\/uploads\/2015\/02\/ab-wann-Baby-vorlesen-1024x683.png 1024w, https:\/\/media.babyartikel.de\/magazin\/wp-content\/uploads\/2015\/02\/ab-wann-Baby-vorlesen-945x630.png 945w, https:\/\/media.babyartikel.de\/magazin\/wp-content\/uploads\/2015\/02\/ab-wann-Baby-vorlesen-600x400.png 600w, https:\/\/media.babyartikel.de\/magazin\/wp-content\/uploads\/2015\/02\/ab-wann-Baby-vorlesen.png 1080w\" sizes=\"auto, (max-width: 300px) 100vw, 300px\"><figcaption id=\"caption-attachment-56230\" class=\"wp-caption-text\">@ Picsea on Unsplash<\/figcaption><\/figure><h2><span class=\"ez-toc-section\" id=\"Was_bewirkt_das_Vorlesen_beim_Kind\"><\/span>Was bewirkt das Vorlesen beim Kind?<strong><br>\n<\/strong><span class=\"ez-toc-section-end\"><\/span><\/h2><p>Dem Erz&auml;hlen und Vorlesen von Geschichten werden nat&uuml;rlich (zurecht) eine Reihe weiterer positiver Wirkungen zugeschrieben. Wahrnehmungsf&ouml;rderung, Sprach- und Kommunikationsf&ouml;rderung, F&ouml;rderung der Konzentrationsf&auml;higkeit, F&ouml;rderung der kognitiven und emotionalen <strong>Entwicklung<\/strong>, F&ouml;rderung der Fantasieentwicklung sind beispielsweise einige Ziele, die wir uns im Kindergarten bei der p&auml;dagogischen Arbeit mit den Kindern setzen. Hinzu kommen auch Ziele, wie die psychische Widerstandsf&auml;higkeit von Kindern zu st&auml;rken. Auch hier spielen Geschichten oder M&auml;rchen gro&szlig;e Rollen, da sie gut dazu dienen, mit Kindern im Gespr&auml;ch zu sein: &bdquo;Was k&ouml;nnte der Held jetzt tun?&ldquo;, &bdquo;Wer kann ihm helfen?&ldquo; &bdquo;Hast Du so etwas auch schon einmal erlebt?&ldquo; sind Fragen, die Ankn&uuml;pfungspunkte bieten.<\/p><h2><span class=\"ez-toc-section\" id=\"Wie_kann_ich_mein_Kind_fuer_Buecher_begeistern\"><\/span>Wie kann ich mein Kind f&uuml;r B&uuml;cher begeistern?<span class=\"ez-toc-section-end\"><\/span><\/h2><p>Eine gro&szlig;e Hilfe kann es sein, das Vorlesen und Erz&auml;hlen zu ritualisieren, beispielsweise <strong>vor dem Zubettgehen<\/strong>. Dies erm&ouml;glicht Kind und Erwachsenen, sich auf diese Phase des Tages einzustellen, ohne aus der T&auml;tigkeit, der man gerade nachgeht, gerissen zu werden und einen Rahmen zu bieten. F&uuml;r eine heimelige Atmosph&auml;re k&ouml;nnen Kissen, Betten und das entsprechende Licht dienen. Wichtig erscheint mir der K&ouml;rperkontakt zwischen Bezugsperson und Kind &ndash; er gibt Sicherheit, beispielsweise bei Szenen, die bedrohlich oder unheimlich erscheinen. Das Vorlesen oder Erz&auml;hlen sollte in einer ruhigen Umgebung stattfinden und dem Kind Raum und Zeit lassen f&uuml;r eigene &Auml;u&szlig;erungen.<\/p><h2><span class=\"ez-toc-section\" id=\"Zum_Weiterlesen\"><\/span>Zum Weiterlesen<span class=\"ez-toc-section-end\"><\/span><\/h2><ul>\n<li><a href=\"\/magazin\/vorlesen-fuer-das-baby-eine-liste-meiner-lieblingsbuecher\">Vorlesen f&uuml;r das Baby &ndash; Eine Liste meiner Lieblingsb&uuml;cher<\/a><\/li>\n<li><a href=\"\/magazin\/wieviel-medienkonsum-ist-gut-fuer-mein-kind\">Wie viel Medienkonsum ist gut f&uuml;r mein Kind? &ndash; Erziehungstipps von den Vissarys<\/a><\/li>\n<li><a href=\"\/magazin\/warum-rituale-fuer-kleinkinder-wichtig-sind\">Warum Rituale f&uuml;r Kleinkinder wichtig sind<\/a><\/li>\n<\/ul><div class=\"credits-overlay\" data-target=\".wp-image-6732\"><a href=\"#\" target=\"_blank\">&copy; Eva Vargyasi &ndash; Fotolia.com<\/a><\/div><div class=\"credits-overlay\" data-target=\".wp-image-56230\"><a href=\"#\" target=\"_blank\">@ Picsea on Unsplash<\/a><\/div><\/p>\n","protected":false},"excerpt":{"rendered":"<p>Vorlesen f&ouml;rdert die Entwicklung Deines Kindes und st&auml;rkt die famili&auml;re Bindung. Ab wann Du Deinem Kind vorlesen kannst und welche wunderbaren M&ouml;glichkeiten B&uuml;cher bieten, erkl&auml;rt Dir P&auml;dagogin Martina L&ouml;ffler im Interview.Ab wann kann ich mit meinem Kind B&uuml;cher anschauen oder ihm Geschichten vorlesen?Martina L&ouml;ffler: Das kommt auf die Entwicklungs- und Bildungsprozesse des einzelnen Kindes an. [&#8230;]<\/p>\n<p><a class=\"btn btn-secondary understrap-read-more-link\" href=\"https:\/\/www.babyartikel.de\/magazin\/ab-wann-kann-ich-meinem-kind-vorlesen\">Weiterlesen&#8230;<\/a><\/p>\n","protected":false},"author":32,"featured_media":6732,"comment_status":"open","ping_status":"open","sticky":false,"template":"","format":"standard","meta":{"_acf_changed":false,"footnotes":""},"categories":[79,2821,2802],"tags":[],"class_list":["post-6686","post","type-post","status-publish","format-standard","has-post-thumbnail","hentry","category-baby","category-baby-spielzeug-foerdern","category-mamablogger-berichten"],"acf":[],"yoast_head":"<!-- This site is optimized with the Yoast SEO Premium plugin v27.2 (Yoast SEO v27.2) - https:\/\/yoast.com\/product\/yoast-seo-premium-wordpress\/ -->\n<title>Ab wann kann ich meinem Kind vorlesen? | Babyartikel.de Magazin<\/title>\n<meta name=\"description\" content=\"Vorlesen f\u00f6rdert die Entwicklung Deines Kindes! \u2794 Ab wann Du Deinem Kind vorlesen kannst und welche wunderbaren M\u00f6glichkeiten B\u00fccher bieten, erkl\u00e4rt Dir P\u00e4dagogin Martina L\u00f6ffler im Interview.\" \/>\n<meta name=\"robots\" content=\"index, follow, max-snippet:-1, max-image-preview:large, max-video-preview:-1\" \/>\n<link rel=\"canonical\" href=\"https:\/\/www.babyartikel.de\/magazin\/ab-wann-kann-ich-meinem-kind-vorlesen\" \/>\n<meta property=\"og:locale\" content=\"de_DE\" \/>\n<meta property=\"og:type\" content=\"article\" \/>\n<meta property=\"og:title\" content=\"Ab wann kann ich meinem Kind vorlesen?\" \/>\n<meta property=\"og:description\" content=\"Vorlesen f\u00f6rdert die Entwicklung Deines Kindes! \u2794 Ab wann Du Deinem Kind vorlesen kannst und welche wunderbaren M\u00f6glichkeiten B\u00fccher bieten, erkl\u00e4rt Dir P\u00e4dagogin Martina L\u00f6ffler im Interview.\" \/>\n<meta property=\"og:url\" content=\"https:\/\/www.babyartikel.de\/magazin\/ab-wann-kann-ich-meinem-kind-vorlesen\" \/>\n<meta property=\"og:site_name\" content=\"Babyartikel.de Magazin\" \/>\n<meta property=\"article:author\" content=\"https:\/\/www.facebook.com\/babyartikel\/\" \/>\n<meta property=\"article:published_time\" content=\"2015-02-28T07:58:10+00:00\" \/>\n<meta property=\"article:modified_time\" content=\"2021-12-06T08:47:33+00:00\" \/>\n<meta property=\"og:image\" content=\"https:\/\/www.babyartikel.de\/magazin\/wp-content\/uploads\/2015\/02\/ab-wann-vorlesen.jpg\" \/>\n\t<meta property=\"og:image:width\" content=\"1200\" \/>\n\t<meta property=\"og:image:height\" content=\"627\" \/>\n\t<meta property=\"og:image:type\" content=\"image\/jpeg\" \/>\n<meta name=\"author\" content=\"Christin D\u00fchrsen\" \/>\n<meta name=\"twitter:card\" content=\"summary_large_image\" \/>\n<meta name=\"twitter:label1\" content=\"Verfasst von\" \/>\n\t<meta name=\"twitter:data1\" content=\"Christin D\u00fchrsen\" \/>\n\t<meta name=\"twitter:label2\" content=\"Gesch\u00e4tzte Lesezeit\" \/>\n\t<meta name=\"twitter:data2\" content=\"4\u00a0Minuten\" \/>\n<script type=\"application\/ld+json\" class=\"yoast-schema-graph\">{\"@context\":\"https:\/\/schema.org\",\"@graph\":[{\"@type\":\"Article\",\"@id\":\"https:\/\/www.babyartikel.de\/magazin\/ab-wann-kann-ich-meinem-kind-vorlesen#article\",\"isPartOf\":{\"@id\":\"https:\/\/www.babyartikel.de\/magazin\/ab-wann-kann-ich-meinem-kind-vorlesen\"},\"author\":{\"name\":\"Christin D\u00fchrsen\",\"@id\":\"https:\/\/www.babyartikel.de\/magazin\/#\/schema\/person\/73ee5f4db5a055f58b1fe37b1d15654d\"},\"headline\":\"Ab wann kann ich meinem Kind vorlesen?\",\"datePublished\":\"2015-02-28T07:58:10+00:00\",\"dateModified\":\"2021-12-06T08:47:33+00:00\",\"mainEntityOfPage\":{\"@id\":\"https:\/\/www.babyartikel.de\/magazin\/ab-wann-kann-ich-meinem-kind-vorlesen\"},\"wordCount\":746,\"commentCount\":0,\"image\":{\"@id\":\"https:\/\/www.babyartikel.de\/magazin\/ab-wann-kann-ich-meinem-kind-vorlesen#primaryimage\"},\"thumbnailUrl\":\"https:\/\/media.babyartikel.de\/magazin\/wp-content\/uploads\/2015\/02\/B\u00fccher-vorlesen.jpg\",\"articleSection\":[\"Baby\",\"Baby-Spielzeug &amp; F\u00f6rdern\",\"Mamablogger berichten\"],\"inLanguage\":\"de\",\"potentialAction\":[{\"@type\":\"CommentAction\",\"name\":\"Comment\",\"target\":[\"https:\/\/www.babyartikel.de\/magazin\/ab-wann-kann-ich-meinem-kind-vorlesen#respond\"]}]},{\"@type\":\"WebPage\",\"@id\":\"https:\/\/www.babyartikel.de\/magazin\/ab-wann-kann-ich-meinem-kind-vorlesen\",\"url\":\"https:\/\/www.babyartikel.de\/magazin\/ab-wann-kann-ich-meinem-kind-vorlesen\",\"name\":\"Ab wann kann ich meinem Kind vorlesen? | Babyartikel.de Magazin\",\"isPartOf\":{\"@id\":\"https:\/\/www.babyartikel.de\/magazin\/#website\"},\"primaryImageOfPage\":{\"@id\":\"https:\/\/www.babyartikel.de\/magazin\/ab-wann-kann-ich-meinem-kind-vorlesen#primaryimage\"},\"image\":{\"@id\":\"https:\/\/www.babyartikel.de\/magazin\/ab-wann-kann-ich-meinem-kind-vorlesen#primaryimage\"},\"thumbnailUrl\":\"https:\/\/media.babyartikel.de\/magazin\/wp-content\/uploads\/2015\/02\/B\u00fccher-vorlesen.jpg\",\"datePublished\":\"2015-02-28T07:58:10+00:00\",\"dateModified\":\"2021-12-06T08:47:33+00:00\",\"author\":{\"@id\":\"https:\/\/www.babyartikel.de\/magazin\/#\/schema\/person\/73ee5f4db5a055f58b1fe37b1d15654d\"},\"description\":\"Vorlesen f\u00f6rdert die Entwicklung Deines Kindes! \u2794 Ab wann Du Deinem Kind vorlesen kannst und welche wunderbaren M\u00f6glichkeiten B\u00fccher bieten, erkl\u00e4rt Dir P\u00e4dagogin Martina L\u00f6ffler im Interview.\",\"breadcrumb\":{\"@id\":\"https:\/\/www.babyartikel.de\/magazin\/ab-wann-kann-ich-meinem-kind-vorlesen#breadcrumb\"},\"inLanguage\":\"de\",\"potentialAction\":[{\"@type\":\"ReadAction\",\"target\":[\"https:\/\/www.babyartikel.de\/magazin\/ab-wann-kann-ich-meinem-kind-vorlesen\"]}]},{\"@type\":\"ImageObject\",\"inLanguage\":\"de\",\"@id\":\"https:\/\/www.babyartikel.de\/magazin\/ab-wann-kann-ich-meinem-kind-vorlesen#primaryimage\",\"url\":\"https:\/\/media.babyartikel.de\/magazin\/wp-content\/uploads\/2015\/02\/B\u00fccher-vorlesen.jpg\",\"contentUrl\":\"https:\/\/media.babyartikel.de\/magazin\/wp-content\/uploads\/2015\/02\/B\u00fccher-vorlesen.jpg\",\"width\":1100,\"height\":788,\"caption\":\"Kinder B\u00fccher vorlesen\"},{\"@type\":\"BreadcrumbList\",\"@id\":\"https:\/\/www.babyartikel.de\/magazin\/ab-wann-kann-ich-meinem-kind-vorlesen#breadcrumb\",\"itemListElement\":[{\"@type\":\"ListItem\",\"position\":1,\"name\":\"Startseite\",\"item\":\"https:\/\/www.babyartikel.de\/magazin\"},{\"@type\":\"ListItem\",\"position\":2,\"name\":\"Ab wann kann ich meinem Kind vorlesen?\"}]},{\"@type\":\"WebSite\",\"@id\":\"https:\/\/www.babyartikel.de\/magazin\/#website\",\"url\":\"https:\/\/www.babyartikel.de\/magazin\/\",\"name\":\"Babyartikel.de Magazin\",\"description\":\"\",\"potentialAction\":[{\"@type\":\"SearchAction\",\"target\":{\"@type\":\"EntryPoint\",\"urlTemplate\":\"https:\/\/www.babyartikel.de\/magazin\/?s={search_term_string}\"},\"query-input\":{\"@type\":\"PropertyValueSpecification\",\"valueRequired\":true,\"valueName\":\"search_term_string\"}}],\"inLanguage\":\"de\"},{\"@type\":\"Person\",\"@id\":\"https:\/\/www.babyartikel.de\/magazin\/#\/schema\/person\/73ee5f4db5a055f58b1fe37b1d15654d\",\"name\":\"Christin D\u00fchrsen\",\"image\":{\"@type\":\"ImageObject\",\"inLanguage\":\"de\",\"@id\":\"https:\/\/media.babyartikel.de\/magazin\/wp-content\/uploads\/2021\/12\/IMG_1571-150x150.png\",\"url\":\"https:\/\/media.babyartikel.de\/magazin\/wp-content\/uploads\/2021\/12\/IMG_1571-150x150.png\",\"contentUrl\":\"https:\/\/media.babyartikel.de\/magazin\/wp-content\/uploads\/2021\/12\/IMG_1571-150x150.png\",\"caption\":\"Christin D\u00fchrsen\"},\"description\":\"Ich hei\u00dfe Christin, bin Mama von zwei Schulkindern und bereits seit 2014 Social Media Managerin bei Babyartikel.de. In unseren sozialen Netzwerken sowie hier im Magazin stelle ich Euch regelm\u00e4\u00dfig neue, coole Produkte vor. Au\u00dferdem m\u00f6chte ich Eltern inspirieren und dabei unterst\u00fctzen, ihren Alltag mit Baby stressfreier und erf\u00fcllter zu gestalten.\",\"sameAs\":[\"https:\/\/www.instagram.com\/babyartikel.de\/\",\"https:\/\/www.facebook.com\/babyartikel\/\",\"https:\/\/www.pinterest.de\/babyartikel\/\",\"https:\/\/www.youtube.com\/channel\/UCWA9_j6yzCyn3nTVkV2KDBw\"],\"url\":\"https:\/\/www.babyartikel.de\/magazin\/author\/christin-duehrsen\"}]}<\/script>\n<!-- \/ Yoast SEO Premium plugin. -->","yoast_head_json":{"title":"Ab wann kann ich meinem Kind vorlesen? | Babyartikel.de Magazin","description":"Vorlesen f\u00f6rdert die Entwicklung Deines Kindes! \u2794 Ab wann Du Deinem Kind vorlesen kannst und welche wunderbaren M\u00f6glichkeiten B\u00fccher bieten, erkl\u00e4rt Dir P\u00e4dagogin Martina L\u00f6ffler im Interview.","robots":{"index":"index","follow":"follow","max-snippet":"max-snippet:-1","max-image-preview":"max-image-preview:large","max-video-preview":"max-video-preview:-1"},"canonical":"https:\/\/www.babyartikel.de\/magazin\/ab-wann-kann-ich-meinem-kind-vorlesen","og_locale":"de_DE","og_type":"article","og_title":"Ab wann kann ich meinem Kind vorlesen?","og_description":"Vorlesen f\u00f6rdert die Entwicklung Deines Kindes! \u2794 Ab wann Du Deinem Kind vorlesen kannst und welche wunderbaren M\u00f6glichkeiten B\u00fccher bieten, erkl\u00e4rt Dir P\u00e4dagogin Martina L\u00f6ffler im Interview.","og_url":"https:\/\/www.babyartikel.de\/magazin\/ab-wann-kann-ich-meinem-kind-vorlesen","og_site_name":"Babyartikel.de Magazin","article_author":"https:\/\/www.facebook.com\/babyartikel\/","article_published_time":"2015-02-28T07:58:10+00:00","article_modified_time":"2021-12-06T08:47:33+00:00","og_image":[{"width":1200,"height":627,"url":"https:\/\/www.babyartikel.de\/magazin\/wp-content\/uploads\/2015\/02\/ab-wann-vorlesen.jpg","type":"image\/jpeg"}],"author":"Christin D\u00fchrsen","twitter_card":"summary_large_image","twitter_misc":{"Verfasst von":"Christin D\u00fchrsen","Gesch\u00e4tzte Lesezeit":"4\u00a0Minuten"},"schema":{"@context":"https:\/\/schema.org","@graph":[{"@type":"Article","@id":"https:\/\/www.babyartikel.de\/magazin\/ab-wann-kann-ich-meinem-kind-vorlesen#article","isPartOf":{"@id":"https:\/\/www.babyartikel.de\/magazin\/ab-wann-kann-ich-meinem-kind-vorlesen"},"author":{"name":"Christin D\u00fchrsen","@id":"https:\/\/www.babyartikel.de\/magazin\/#\/schema\/person\/73ee5f4db5a055f58b1fe37b1d15654d"},"headline":"Ab wann kann ich meinem Kind vorlesen?","datePublished":"2015-02-28T07:58:10+00:00","dateModified":"2021-12-06T08:47:33+00:00","mainEntityOfPage":{"@id":"https:\/\/www.babyartikel.de\/magazin\/ab-wann-kann-ich-meinem-kind-vorlesen"},"wordCount":746,"commentCount":0,"image":{"@id":"https:\/\/www.babyartikel.de\/magazin\/ab-wann-kann-ich-meinem-kind-vorlesen#primaryimage"},"thumbnailUrl":"https:\/\/media.babyartikel.de\/magazin\/wp-content\/uploads\/2015\/02\/B\u00fccher-vorlesen.jpg","articleSection":["Baby","Baby-Spielzeug &amp; F\u00f6rdern","Mamablogger berichten"],"inLanguage":"de","potentialAction":[{"@type":"CommentAction","name":"Comment","target":["https:\/\/www.babyartikel.de\/magazin\/ab-wann-kann-ich-meinem-kind-vorlesen#respond"]}]},{"@type":"WebPage","@id":"https:\/\/www.babyartikel.de\/magazin\/ab-wann-kann-ich-meinem-kind-vorlesen","url":"https:\/\/www.babyartikel.de\/magazin\/ab-wann-kann-ich-meinem-kind-vorlesen","name":"Ab wann kann ich meinem Kind vorlesen? | Babyartikel.de Magazin","isPartOf":{"@id":"https:\/\/www.babyartikel.de\/magazin\/#website"},"primaryImageOfPage":{"@id":"https:\/\/www.babyartikel.de\/magazin\/ab-wann-kann-ich-meinem-kind-vorlesen#primaryimage"},"image":{"@id":"https:\/\/www.babyartikel.de\/magazin\/ab-wann-kann-ich-meinem-kind-vorlesen#primaryimage"},"thumbnailUrl":"https:\/\/media.babyartikel.de\/magazin\/wp-content\/uploads\/2015\/02\/B\u00fccher-vorlesen.jpg","datePublished":"2015-02-28T07:58:10+00:00","dateModified":"2021-12-06T08:47:33+00:00","author":{"@id":"https:\/\/www.babyartikel.de\/magazin\/#\/schema\/person\/73ee5f4db5a055f58b1fe37b1d15654d"},"description":"Vorlesen f\u00f6rdert die Entwicklung Deines Kindes! \u2794 Ab wann Du Deinem Kind vorlesen kannst und welche wunderbaren M\u00f6glichkeiten B\u00fccher bieten, erkl\u00e4rt Dir P\u00e4dagogin Martina L\u00f6ffler im Interview.","breadcrumb":{"@id":"https:\/\/www.babyartikel.de\/magazin\/ab-wann-kann-ich-meinem-kind-vorlesen#breadcrumb"},"inLanguage":"de","potentialAction":[{"@type":"ReadAction","target":["https:\/\/www.babyartikel.de\/magazin\/ab-wann-kann-ich-meinem-kind-vorlesen"]}]},{"@type":"ImageObject","inLanguage":"de","@id":"https:\/\/www.babyartikel.de\/magazin\/ab-wann-kann-ich-meinem-kind-vorlesen#primaryimage","url":"https:\/\/media.babyartikel.de\/magazin\/wp-content\/uploads\/2015\/02\/B\u00fccher-vorlesen.jpg","contentUrl":"https:\/\/media.babyartikel.de\/magazin\/wp-content\/uploads\/2015\/02\/B\u00fccher-vorlesen.jpg","width":1100,"height":788,"caption":"Kinder B\u00fccher vorlesen"},{"@type":"BreadcrumbList","@id":"https:\/\/www.babyartikel.de\/magazin\/ab-wann-kann-ich-meinem-kind-vorlesen#breadcrumb","itemListElement":[{"@type":"ListItem","position":1,"name":"Startseite","item":"https:\/\/www.babyartikel.de\/magazin"},{"@type":"ListItem","position":2,"name":"Ab wann kann ich meinem Kind vorlesen?"}]},{"@type":"WebSite","@id":"https:\/\/www.babyartikel.de\/magazin\/#website","url":"https:\/\/www.babyartikel.de\/magazin\/","name":"Babyartikel.de Magazin","description":"","potentialAction":[{"@type":"SearchAction","target":{"@type":"EntryPoint","urlTemplate":"https:\/\/www.babyartikel.de\/magazin\/?s={search_term_string}"},"query-input":{"@type":"PropertyValueSpecification","valueRequired":true,"valueName":"search_term_string"}}],"inLanguage":"de"},{"@type":"Person","@id":"https:\/\/www.babyartikel.de\/magazin\/#\/schema\/person\/73ee5f4db5a055f58b1fe37b1d15654d","name":"Christin D\u00fchrsen","image":{"@type":"ImageObject","inLanguage":"de","@id":"https:\/\/media.babyartikel.de\/magazin\/wp-content\/uploads\/2021\/12\/IMG_1571-150x150.png","url":"https:\/\/media.babyartikel.de\/magazin\/wp-content\/uploads\/2021\/12\/IMG_1571-150x150.png","contentUrl":"https:\/\/media.babyartikel.de\/magazin\/wp-content\/uploads\/2021\/12\/IMG_1571-150x150.png","caption":"Christin D\u00fchrsen"},"description":"Ich hei\u00dfe Christin, bin Mama von zwei Schulkindern und bereits seit 2014 Social Media Managerin bei Babyartikel.de. In unseren sozialen Netzwerken sowie hier im Magazin stelle ich Euch regelm\u00e4\u00dfig neue, coole Produkte vor. Au\u00dferdem m\u00f6chte ich Eltern inspirieren und dabei unterst\u00fctzen, ihren Alltag mit Baby stressfreier und erf\u00fcllter zu gestalten.","sameAs":["https:\/\/www.instagram.com\/babyartikel.de\/","https:\/\/www.facebook.com\/babyartikel\/","https:\/\/www.pinterest.de\/babyartikel\/","https:\/\/www.youtube.com\/channel\/UCWA9_j6yzCyn3nTVkV2KDBw"],"url":"https:\/\/www.babyartikel.de\/magazin\/author\/christin-duehrsen"}]}},"abstract_sku":"","_links":{"self":[{"href":"https:\/\/www.babyartikel.de\/magazin\/wp-json\/wp\/v2\/posts\/6686","targetHints":{"allow":["GET"]}}],"collection":[{"href":"https:\/\/www.babyartikel.de\/magazin\/wp-json\/wp\/v2\/posts"}],"about":[{"href":"https:\/\/www.babyartikel.de\/magazin\/wp-json\/wp\/v2\/types\/post"}],"author":[{"embeddable":true,"href":"https:\/\/www.babyartikel.de\/magazin\/wp-json\/wp\/v2\/users\/32"}],"replies":[{"embeddable":true,"href":"https:\/\/www.babyartikel.de\/magazin\/wp-json\/wp\/v2\/comments?post=6686"}],"version-history":[{"count":38,"href":"https:\/\/www.babyartikel.de\/magazin\/wp-json\/wp\/v2\/posts\/6686\/revisions"}],"predecessor-version":[{"id":848045,"href":"https:\/\/www.babyartikel.de\/magazin\/wp-json\/wp\/v2\/posts\/6686\/revisions\/848045"}],"wp:featuredmedia":[{"embeddable":true,"href":"https:\/\/www.babyartikel.de\/magazin\/wp-json\/wp\/v2\/media\/6732"}],"wp:attachment":[{"href":"https:\/\/www.babyartikel.de\/magazin\/wp-json\/wp\/v2\/media?parent=6686"}],"wp:term":[{"taxonomy":"category","embeddable":true,"href":"https:\/\/www.babyartikel.de\/magazin\/wp-json\/wp\/v2\/categories?post=6686"},{"taxonomy":"post_tag","embeddable":true,"href":"https:\/\/www.babyartikel.de\/magazin\/wp-json\/wp\/v2\/tags?post=6686"}],"curies":[{"name":"wp","href":"https:\/\/api.w.org\/{rel}","templated":true}]}}