
{"id":7688,"date":"2015-03-20T09:30:30","date_gmt":"2015-03-20T08:30:30","guid":{"rendered":"\/magazin\/?p=7688"},"modified":"2017-02-23T15:44:08","modified_gmt":"2017-02-23T14:44:08","slug":"die-ersten-zaehne-lassen-sich-blicken","status":"publish","type":"post","link":"https:\/\/www.babyartikel.de\/magazin\/die-ersten-zaehne-lassen-sich-blicken","title":{"rendered":"Die ersten Z\u00e4hne lassen sich blicken"},"content":{"rendered":"<p>Da es schon etwas her ist, dass ich Euch hier im Blog &uuml;ber meinen Alltag mit gro&szlig;em (3,5) und kleinem Spatz (28.-30. Woche) berichtet habe, kommt heute ein kleines Update. Thema ist, wie Ihr schon gelesen habt, das Zahnen. Das Zahnen ist f&uuml;r Eltern, glaube ich, die zweitgef&uuml;rchtetste Zeit nach den 3-Monats-Koliken bzw. der Anpassungsphase nach der Geburt. Wobei man, wie so oft, auch hier wieder sagen muss, dass jedes Kind anders auf die Zahnungsschmerzen reagiert.<p>Bei meinem Kleinen gab es schon seit ein paar Wochen immer wieder Phasen, in denen er permanent und auf Fingern oder Spielzeugen herumgekaut hat. Auch gesabbert hat er dann viel, sodass ich jedes Mal dachte, dass der erste Zahn bald da ist. Aber immer Fehlanzeige!<\/p><p>Dann, es war etwa in der 28. Woche, entdeckte ich eine helle Zahnfleischstelle im Mund meines Kleinen. Das wei&szlig;e Zahnfleisch war schon sehr deutlich zu erkennen. Ich hatte es nicht so fr&uuml;h entdeckt, da ich den unteren Zahn zuerst erwartet hatte. Aber hier war gerade der erste Schneidezahn auf dem Vormarsch.<\/p><div class=\"marketing-slot\"><div id=\"block-18\" class=\"content-post-widget marketing-slot-1 widget_block\"><a href=\"#\" class=\"newsletter_popup\" style=\"\n  display: inline-block;\n  box-shadow: 0 4px 10px rgba(0,0,0,0.1);\n  margin: 20px auto;\n  max-width: 800px;\n  width: 100%;\">\n  <img src=\"https:\/\/media.babyartikel.de\/magazin\/wp-content\/uploads\/2025\/08\/NL-Banner-Magazin-8-25.webp\" alt=\"Newsletter Banner\" style=\"\n    width: 100%;\n    height: auto;\n    display: block;\" onclick=\"ga('send', 'event', 'banner', 'click', 'magazin-banner-newsletter-8-25');\">\n<\/a>\n\n\t<!-- Modal -->\n\t<div class=\"modal fade modal_popup\" id=\"newsletter_popup\" tabindex=\"-1\" aria-labelledby=\"exampleModalLabel\" aria-hidden=\"true\">\n\t\t<div class=\"modal-dialog modal-dialog-centered modal-dialog-scrollable\">\n\t\t\t<div class=\"modal-content\">\n\t\t\t\t<div class=\"modal-header small-header\">\n\t\t\t\t\t<h5 class=\"modal-title\" id=\"newsletterModalLabel\">\n\t\t\t\t\t\tNewsletter\t\t\t\t\t<\/h5>\n\t\t\t\t\t<button type=\"button\" class=\"btn-close small-close\" data-bs-dismiss=\"modal\" aria-label=\"Close\"><\/button>\n\t\t\t\t<\/div>\n\n\t\t\t\t<div class=\"modal-body\">\n\t\t\t\t\t\t<div class=\"newsletterForm-embed popup-form\">\n        <form name=\"newsletterSubscriptionForm\" id=\"newsletter_popup_69f22a944f48e_form\" data-newsletter-id=\"newsletter_popup_69f22a944f48e\" method=\"POST\">\n\n\t\t\t<input type=\"text\" name=\"website\" class=\"hidden\" tabindex=\"-1\" autocomplete=\"off\" style=\"position:absolute;left:-9999px;\">\n\t\t\t<input type=\"hidden\" name=\"ts\" value=\"1777478292\">\n\n\t\t\t                <input type=\"hidden\" name=\"emarsys-event-id\" value=\"3756\">\n            \n            \t\t\t<div class=\"mb-3\">\n\t\t\t\t<label for=\"date\" class=\"form-label\">Geburtstag\/ -termin Deines Babys<\/label>\n                <input type=\"date\" name=\"date\" class=\"input input--expand form-control\" required>\n\t\t\t<\/div>\n            \n\t\t\t<div class=\"mb-3\">\n\t\t\t\t<label for=\"email\" class=\"form-label\">E-Mail-Adresse<\/label>\n\t\t\t\t<input type=\"email\" name=\"email\" placeholder=\"E-Mail-Adresse\" class=\"input input--expand form-control\" required>\n\t\t\t<\/div>\n\n\t\t\t\t\t\t\t<button type=\"submit\" class=\"btn btn-primary\">Absenden<\/button>\n\t\t\t\n\t\t\t\t\t\t\t<div class=\"small mt-3\" style=\"font-weight:normal;\">\n\t\t\t\t\t\n\t\t\t<div class=\"mt-3\">\n\t\t\t\tJa, ich m&ouml;chte den Newsletter von Babyartikel.de erhalten und &uuml;ber Aktionen informiert werden.\n  Dabei darf mein Nutzungsverhalten (z. B. &Ouml;ffnungen und Klicks) zur Personalisierung ausgewertet werden.\n  Mehr finde ich in der <a href=\"\/de\/datenschutz\" style=\"text-decoration:underline\">Datenschutzerkl&auml;rung<\/a>.\n\t\t\t<\/div>\n\t\t\t\t\t\t<\/div>\n\t\t\t\n\t\t\t\t\t\t\t<div class=\"small mb-3 mt-3\" style=\"font-weight:normal;\">\n\t\t\t\t\tJederzeit abbestellbar | <a href=\"\/de\/datenschutz\" style=\"text-decoration:underline\">\n\t\t\t\t\t\tDatenschutzerkl&auml;rung\n\t\t\t\t\t<\/a>\n\t\t\t\t<\/div>\n\t\t\t\n        <\/form>\n    <\/div>\n\t\n\t\t\t\t\t<div class=\"response-messages_newsletter_popup_69f22a944f48e\">\n\t\t\t\t\t\t<div class=\"alert alert-success success mt-3 mb-3 d-none\">\n\t\t\t\t\t\t\tNur noch ein Klick! Best&auml;tige Deine Anmeldung in der E-Mail, die du gleich erh&auml;ltst.\t\t\t\t\t\t<\/div>\n\t\t\t\t\t\t<div class=\"error mt-3 mb-3 d-none\">\n\t\t\t\t\t\t\t<div class=\"alert alert-danger \">\n\t\t\t\t\t\t\t\tEin Fehler ist aufgetreten. Bitte versuche es sp&auml;ter erneut.\t\t\t\t\t\t\t<\/div>\n\t\t\t\t\t\t<\/div>\n\t\t\t\t\t\t<div class=\"alert alert-danger other-2007 mt-3 mb-3 d-none\">\n\t\t\t\t\t\t\tUng&Atilde;&frac14;ltiges Datumsformat\t\t\t\t\t\t<\/div>\n\t\t\t\t\t<\/div>\n\t\t\t\t<\/div>\n\t\t\t<\/div>\n\t\t<\/div>\n\t<\/div>\n\n\t<\/div><!-- content-widget --><\/div><p>Mein kleiner Spatz, der ein sehr entspanntes Kind ist, wurde unentspannter. Tags&uuml;ber quengelte er &ouml;fter und wollte nicht mehr alleine spielen. Sobald ich ihn auf seine Spieldecke legte, fing er an zu weinen. Er lie&szlig; sich allerdings ablenken, durch herum laufen oder Bespa&szlig;ung mit Spielzeugen. Aber nat&uuml;rlich wurde ich dann unentspannt, da sich links die W&auml;sche, rechts das Geschirr und hinter mir diverse To-do-Zettel stapelten. Nachts wachte er &ouml;fter auf und wollte an die Brust. Aber es hielt sich alles noch in Grenzen.<\/p><p>Den Tag, an dem der erste Schneidezahn dann durch war, werde ich nicht so schnell vergessen. Es war morgens und mein Gro&szlig;er und ich waren gerade beim Fr&uuml;hst&uuml;ck. Der Kleine lag in seiner Wippe und kaute auf einem Bei&szlig;ring herum. Da sah ich auf einmal etwas Blut auf seiner Backe. Erst dachte ich, dass die Fingern&auml;gel wieder zu lang sind und er sich aufgekratzt hat. Aber da waren keine Kratzer. Dann sah ich auf seinem Bei&szlig;ring ebenfalls Blut und wusste, dass es vom Zahnen kommen musste. Und tats&auml;chlich! Ich erhaschte einen Blick in seinen Mund und da sah ich etwas kleines Wei&szlig;es hervor blitzen. Einen Tag sp&auml;ter war der Zahn dann durch. &bdquo;Jetzt hast du deinen ersten Zahn geschafft!&ldquo;, dachte ich. Eine Woche sp&auml;ter war dann der zweite Schneidezahn durch.<\/p><div class=\"postslot1\">[articles]<link rel=\"stylesheet\" href=\"https:\/\/cdn.jsdelivr.net\/npm\/swiper@8\/swiper-bundle.min.css\"><\/div><div class=\"marketing-slot\"><div id=\"block-25\" class=\"content-post-widget marketing-slot-2 widget_block\"><a href=\"https:\/\/www.babyartikel.de\/de\/angebote\" data-track-link-click=\"true\" data-track-name=\"nyoutlet2026-magazin\" data-track-medium=\"banner-magazin-post\" data-track-campaign=\"magazin-banner-nyoutlet2026\" onclick=\"ga('send', 'event', 'banner', 'click', 'magazin-banner-nyoutlet2026');\" style=\"display:block;width:100%;text-align:center;\"><img src=\"https:\/\/media.babyartikel.de\/magazin\/wp-content\/uploads\/2026\/01\/NY-Outlet-10-2026.webp\" alt=\"Sale\" style=\"max-width:100%;\"><\/a><\/div><!-- content-widget --><\/div><p>Die Tage danach erfreute ich mich an seinem neuen Zahn-L&auml;cheln. Ich musste mich zwar immer schr&auml;g vor ihn hinlegen, um die Z&auml;hne zu sehen, aber egal, es war einfach zu s&uuml;&szlig;. Wie sehr sich ein L&auml;cheln doch mit Z&auml;hnen ver&auml;ndert! Zugegeben, etwas Wehmut schwankt auch mit. Als gerade der zweite Zahn da war und beide noch so kurz waren, dass man sie kaum gesehen hat, hab ich noch schnell ein paar Fotos mit zahnlosem L&auml;cheln gemacht. Wobei wir bestimmt auch schon genug hatten&hellip;<\/p><p>Kurz, nachdem der erste Zahn durch war und ich gesehen hatte, dass der n&auml;chste vorm Durchbruch stand, hatte ich meinem kleinen Spatz ein hartes St&uuml;ck Brot gegeben. &bdquo;Kanten&ldquo; nennt man ihn in Berlin, &bdquo;Kn&auml;rzel&ldquo; in der Pfalz. Aber egal wie man dieses End- oder Anfangsst&uuml;ck eines Brotes auch nennen mag, der Vorteil ist viel Kruste, die ja gerne mal etwas fester ist. Dieses St&uuml;ck Brot gab ich ihm beim Abendessen, damit er mitessen konnte und das hat er dann auch getan bzw. versucht. Jedenfalls hat er sehr gesch&auml;ftig daran herumgekaut, gesabbert und genuckelt.<\/p><p>Je mehr die Z&auml;hne raus wuchsen, umso mehr merkte ich sie auch beim Stillen. Es tat nicht weh, es war nur etwas unangenehm bzw. die Haut ist an der Stelle allm&auml;hlich empfindlich. Schlimm war es, als mein lieber Kleiner meinte, beim Stillen die Umgebung betrachten zu m&uuml;ssen und daf&uuml;r den Kopf ruckartig drehte. Puh! Kein Spa&szlig;! Nach meinem kurzen Schrei sah er mich dann ganz &uuml;berrascht an. Kurz darauf trank er dann wieder weiter, als w&auml;re nichts gewesen. Gut, dass das nicht so oft passiert ist.<\/p><p>Soweit mein kleines Zahn-Update. Weitere Z&auml;hne k&uuml;ndigen sich schon an. Unten ist das Zahnfleisch bereits wei&szlig;. Ich bin sehr gespannt, wie er die n&auml;chsten beiden Ank&ouml;mmlinge so wegsteckt &hellip; Bald werde ich es wissen ;-)<\/p><div class=\"credits-overlay\" data-target=\".wp-image-7689\"><a href=\"#\" target=\"_blank\">&copy; Anne<\/a><\/div><\/p>\n","protected":false},"excerpt":{"rendered":"<p>Da es schon etwas her ist, dass ich Euch hier im Blog &uuml;ber meinen Alltag mit gro&szlig;em (3,5) und kleinem Spatz (28.-30. Woche) berichtet habe, kommt heute ein kleines Update. Thema ist, wie Ihr schon gelesen habt, das Zahnen. Das Zahnen ist f&uuml;r Eltern, glaube ich, die zweitgef&uuml;rchtetste Zeit nach den 3-Monats-Koliken bzw. der Anpassungsphase [&#8230;]<\/p>\n<p><a class=\"btn btn-secondary understrap-read-more-link\" href=\"https:\/\/www.babyartikel.de\/magazin\/die-ersten-zaehne-lassen-sich-blicken\">Weiterlesen&#8230;<\/a><\/p>\n","protected":false},"author":19,"featured_media":7689,"comment_status":"open","ping_status":"open","sticky":false,"template":"","format":"standard","meta":{"_acf_changed":false,"footnotes":""},"categories":[79,2820,2802],"tags":[3173,21],"class_list":["post-7688","post","type-post","status-publish","format-standard","has-post-thumbnail","hentry","category-baby","category-leben-mit-baby","category-mamablogger-berichten","tag-baby-7-monate","tag-zahnen"],"acf":[],"yoast_head":"<!-- This site is optimized with the Yoast SEO Premium plugin v27.2 (Yoast SEO v27.2) - https:\/\/yoast.com\/product\/yoast-seo-premium-wordpress\/ -->\n<title>Die ersten Z\u00e4hne lassen sich blicken | Babyartikel.de Magazin<\/title>\n<meta name=\"robots\" content=\"index, follow, max-snippet:-1, max-image-preview:large, max-video-preview:-1\" \/>\n<link rel=\"canonical\" href=\"https:\/\/www.babyartikel.de\/magazin\/die-ersten-zaehne-lassen-sich-blicken\" \/>\n<meta property=\"og:locale\" content=\"de_DE\" \/>\n<meta property=\"og:type\" content=\"article\" \/>\n<meta property=\"og:title\" content=\"Die ersten Z\u00e4hne lassen sich blicken\" \/>\n<meta property=\"og:description\" content=\"Da es schon etwas her ist, dass ich Euch hier im Blog &uuml;ber meinen Alltag mit gro&szlig;em (3,5) und kleinem Spatz (28.-30. Woche) berichtet habe, kommt heute ein kleines Update. Thema ist, wie Ihr schon gelesen habt, das Zahnen. Das Zahnen ist f&uuml;r Eltern, glaube ich, die zweitgef&uuml;rchtetste Zeit nach den 3-Monats-Koliken bzw. der Anpassungsphase [...]Weiterlesen...\" \/>\n<meta property=\"og:url\" content=\"https:\/\/www.babyartikel.de\/magazin\/die-ersten-zaehne-lassen-sich-blicken\" \/>\n<meta property=\"og:site_name\" content=\"Babyartikel.de Magazin\" \/>\n<meta property=\"article:published_time\" content=\"2015-03-20T08:30:30+00:00\" \/>\n<meta property=\"article:modified_time\" content=\"2017-02-23T14:44:08+00:00\" \/>\n<meta property=\"og:image\" content=\"https:\/\/www.babyartikel.de\/magazin\/wp-content\/uploads\/2015\/03\/b10_die-ersten-z\u00e4hne.jpg\" \/>\n\t<meta property=\"og:image:width\" content=\"1050\" \/>\n\t<meta property=\"og:image:height\" content=\"605\" \/>\n\t<meta property=\"og:image:type\" content=\"image\/jpeg\" \/>\n<meta name=\"author\" content=\"Anne\" \/>\n<meta name=\"twitter:card\" content=\"summary_large_image\" \/>\n<meta name=\"twitter:label1\" content=\"Verfasst von\" \/>\n\t<meta name=\"twitter:data1\" content=\"Anne\" \/>\n\t<meta name=\"twitter:label2\" content=\"Gesch\u00e4tzte Lesezeit\" \/>\n\t<meta name=\"twitter:data2\" content=\"4\u00a0Minuten\" \/>\n<script type=\"application\/ld+json\" class=\"yoast-schema-graph\">{\"@context\":\"https:\/\/schema.org\",\"@graph\":[{\"@type\":\"Article\",\"@id\":\"https:\/\/www.babyartikel.de\/magazin\/die-ersten-zaehne-lassen-sich-blicken#article\",\"isPartOf\":{\"@id\":\"https:\/\/www.babyartikel.de\/magazin\/die-ersten-zaehne-lassen-sich-blicken\"},\"author\":{\"name\":\"Anne\",\"@id\":\"https:\/\/www.babyartikel.de\/magazin\/#\/schema\/person\/c14b99a236c7e8e0440181061ecff817\"},\"headline\":\"Die ersten Z\u00e4hne lassen sich blicken\",\"datePublished\":\"2015-03-20T08:30:30+00:00\",\"dateModified\":\"2017-02-23T14:44:08+00:00\",\"mainEntityOfPage\":{\"@id\":\"https:\/\/www.babyartikel.de\/magazin\/die-ersten-zaehne-lassen-sich-blicken\"},\"wordCount\":727,\"commentCount\":0,\"image\":{\"@id\":\"https:\/\/www.babyartikel.de\/magazin\/die-ersten-zaehne-lassen-sich-blicken#primaryimage\"},\"thumbnailUrl\":\"https:\/\/media.babyartikel.de\/magazin\/wp-content\/uploads\/2015\/03\/b10_die-ersten-z\u00e4hne.jpg\",\"keywords\":[\"baby 7 monate\",\"zahnen\"],\"articleSection\":[\"Baby\",\"Leben mit Baby\",\"Mamablogger berichten\"],\"inLanguage\":\"de\",\"potentialAction\":[{\"@type\":\"CommentAction\",\"name\":\"Comment\",\"target\":[\"https:\/\/www.babyartikel.de\/magazin\/die-ersten-zaehne-lassen-sich-blicken#respond\"]}]},{\"@type\":\"WebPage\",\"@id\":\"https:\/\/www.babyartikel.de\/magazin\/die-ersten-zaehne-lassen-sich-blicken\",\"url\":\"https:\/\/www.babyartikel.de\/magazin\/die-ersten-zaehne-lassen-sich-blicken\",\"name\":\"Die ersten Z\u00e4hne lassen sich blicken | Babyartikel.de Magazin\",\"isPartOf\":{\"@id\":\"https:\/\/www.babyartikel.de\/magazin\/#website\"},\"primaryImageOfPage\":{\"@id\":\"https:\/\/www.babyartikel.de\/magazin\/die-ersten-zaehne-lassen-sich-blicken#primaryimage\"},\"image\":{\"@id\":\"https:\/\/www.babyartikel.de\/magazin\/die-ersten-zaehne-lassen-sich-blicken#primaryimage\"},\"thumbnailUrl\":\"https:\/\/media.babyartikel.de\/magazin\/wp-content\/uploads\/2015\/03\/b10_die-ersten-z\u00e4hne.jpg\",\"datePublished\":\"2015-03-20T08:30:30+00:00\",\"dateModified\":\"2017-02-23T14:44:08+00:00\",\"author\":{\"@id\":\"https:\/\/www.babyartikel.de\/magazin\/#\/schema\/person\/c14b99a236c7e8e0440181061ecff817\"},\"breadcrumb\":{\"@id\":\"https:\/\/www.babyartikel.de\/magazin\/die-ersten-zaehne-lassen-sich-blicken#breadcrumb\"},\"inLanguage\":\"de\",\"potentialAction\":[{\"@type\":\"ReadAction\",\"target\":[\"https:\/\/www.babyartikel.de\/magazin\/die-ersten-zaehne-lassen-sich-blicken\"]}]},{\"@type\":\"ImageObject\",\"inLanguage\":\"de\",\"@id\":\"https:\/\/www.babyartikel.de\/magazin\/die-ersten-zaehne-lassen-sich-blicken#primaryimage\",\"url\":\"https:\/\/media.babyartikel.de\/magazin\/wp-content\/uploads\/2015\/03\/b10_die-ersten-z\u00e4hne.jpg\",\"contentUrl\":\"https:\/\/media.babyartikel.de\/magazin\/wp-content\/uploads\/2015\/03\/b10_die-ersten-z\u00e4hne.jpg\",\"width\":1050,\"height\":605,\"caption\":\"die ersten Schneidez\u00e4hne\"},{\"@type\":\"BreadcrumbList\",\"@id\":\"https:\/\/www.babyartikel.de\/magazin\/die-ersten-zaehne-lassen-sich-blicken#breadcrumb\",\"itemListElement\":[{\"@type\":\"ListItem\",\"position\":1,\"name\":\"Startseite\",\"item\":\"https:\/\/www.babyartikel.de\/magazin\"},{\"@type\":\"ListItem\",\"position\":2,\"name\":\"Die ersten Z\u00e4hne lassen sich blicken\"}]},{\"@type\":\"WebSite\",\"@id\":\"https:\/\/www.babyartikel.de\/magazin\/#website\",\"url\":\"https:\/\/www.babyartikel.de\/magazin\/\",\"name\":\"Babyartikel.de Magazin\",\"description\":\"\",\"potentialAction\":[{\"@type\":\"SearchAction\",\"target\":{\"@type\":\"EntryPoint\",\"urlTemplate\":\"https:\/\/www.babyartikel.de\/magazin\/?s={search_term_string}\"},\"query-input\":{\"@type\":\"PropertyValueSpecification\",\"valueRequired\":true,\"valueName\":\"search_term_string\"}}],\"inLanguage\":\"de\"},{\"@type\":\"Person\",\"@id\":\"https:\/\/www.babyartikel.de\/magazin\/#\/schema\/person\/c14b99a236c7e8e0440181061ecff817\",\"name\":\"Anne\",\"image\":{\"@type\":\"ImageObject\",\"inLanguage\":\"de\",\"@id\":\"https:\/\/secure.gravatar.com\/avatar\/dc6bb895c7854c302aeeafbb6333e6f220ba26106b9f9a0202f83b0104b3729f?s=96&d=mm&r=g\",\"url\":\"https:\/\/secure.gravatar.com\/avatar\/dc6bb895c7854c302aeeafbb6333e6f220ba26106b9f9a0202f83b0104b3729f?s=96&d=mm&r=g\",\"contentUrl\":\"https:\/\/secure.gravatar.com\/avatar\/dc6bb895c7854c302aeeafbb6333e6f220ba26106b9f9a0202f83b0104b3729f?s=96&d=mm&r=g\",\"caption\":\"Anne\"},\"description\":\"Hallo! Ich bin Anne, 33 Jahre alt und Mama von zwei Jungs. Der Kleine wurde erst vor neun Wochen geboren und der Gro\u00dfe ist schon drei Jahre alt. Zusammen mit dem \u00e4ltesten \u201eJungen\u201c im Bunde (37) \u2013 auch Papa genannt \u2013 leben wir vier im bunten Berlin. Wenn ich meinen Lebensweg in einem Satz zusammenfassen m\u00fcsste, w\u00fcrde der momentan so lauten: Ich bin in Baden-W\u00fcrttemberg geboren, aufgewachsen und ausgebildet worden, habe in Bayern gearbeitet und in Berlin meine Kinder zur Welt gebracht und geheiratet. Schon seit einer Weile habe ich mit dem Gedanken gespielt \u00fcber meinen Alltag als Mama zu bloggen und freue mich, dass jetzt der Zeitpunkt gekommen ist, um damit anzufangen. Ich hoffe, dass ich dem ein oder anderen mit meinen Tipps, Erfahrungen und Gedanken zum ganz normalen Familienwahnsinn weiterhelfen oder euch einfach nur unterhalten kann.\",\"url\":\"https:\/\/www.babyartikel.de\/magazin\/author\/anne\"}]}<\/script>\n<!-- \/ Yoast SEO Premium plugin. -->","yoast_head_json":{"title":"Die ersten Z\u00e4hne lassen sich blicken | Babyartikel.de Magazin","robots":{"index":"index","follow":"follow","max-snippet":"max-snippet:-1","max-image-preview":"max-image-preview:large","max-video-preview":"max-video-preview:-1"},"canonical":"https:\/\/www.babyartikel.de\/magazin\/die-ersten-zaehne-lassen-sich-blicken","og_locale":"de_DE","og_type":"article","og_title":"Die ersten Z\u00e4hne lassen sich blicken","og_description":"Da es schon etwas her ist, dass ich Euch hier im Blog &uuml;ber meinen Alltag mit gro&szlig;em (3,5) und kleinem Spatz (28.-30. Woche) berichtet habe, kommt heute ein kleines Update. Thema ist, wie Ihr schon gelesen habt, das Zahnen. Das Zahnen ist f&uuml;r Eltern, glaube ich, die zweitgef&uuml;rchtetste Zeit nach den 3-Monats-Koliken bzw. der Anpassungsphase [...]Weiterlesen...","og_url":"https:\/\/www.babyartikel.de\/magazin\/die-ersten-zaehne-lassen-sich-blicken","og_site_name":"Babyartikel.de Magazin","article_published_time":"2015-03-20T08:30:30+00:00","article_modified_time":"2017-02-23T14:44:08+00:00","og_image":[{"width":1050,"height":605,"url":"https:\/\/www.babyartikel.de\/magazin\/wp-content\/uploads\/2015\/03\/b10_die-ersten-z\u00e4hne.jpg","type":"image\/jpeg"}],"author":"Anne","twitter_card":"summary_large_image","twitter_misc":{"Verfasst von":"Anne","Gesch\u00e4tzte Lesezeit":"4\u00a0Minuten"},"schema":{"@context":"https:\/\/schema.org","@graph":[{"@type":"Article","@id":"https:\/\/www.babyartikel.de\/magazin\/die-ersten-zaehne-lassen-sich-blicken#article","isPartOf":{"@id":"https:\/\/www.babyartikel.de\/magazin\/die-ersten-zaehne-lassen-sich-blicken"},"author":{"name":"Anne","@id":"https:\/\/www.babyartikel.de\/magazin\/#\/schema\/person\/c14b99a236c7e8e0440181061ecff817"},"headline":"Die ersten Z\u00e4hne lassen sich blicken","datePublished":"2015-03-20T08:30:30+00:00","dateModified":"2017-02-23T14:44:08+00:00","mainEntityOfPage":{"@id":"https:\/\/www.babyartikel.de\/magazin\/die-ersten-zaehne-lassen-sich-blicken"},"wordCount":727,"commentCount":0,"image":{"@id":"https:\/\/www.babyartikel.de\/magazin\/die-ersten-zaehne-lassen-sich-blicken#primaryimage"},"thumbnailUrl":"https:\/\/media.babyartikel.de\/magazin\/wp-content\/uploads\/2015\/03\/b10_die-ersten-z\u00e4hne.jpg","keywords":["baby 7 monate","zahnen"],"articleSection":["Baby","Leben mit Baby","Mamablogger berichten"],"inLanguage":"de","potentialAction":[{"@type":"CommentAction","name":"Comment","target":["https:\/\/www.babyartikel.de\/magazin\/die-ersten-zaehne-lassen-sich-blicken#respond"]}]},{"@type":"WebPage","@id":"https:\/\/www.babyartikel.de\/magazin\/die-ersten-zaehne-lassen-sich-blicken","url":"https:\/\/www.babyartikel.de\/magazin\/die-ersten-zaehne-lassen-sich-blicken","name":"Die ersten Z\u00e4hne lassen sich blicken | Babyartikel.de Magazin","isPartOf":{"@id":"https:\/\/www.babyartikel.de\/magazin\/#website"},"primaryImageOfPage":{"@id":"https:\/\/www.babyartikel.de\/magazin\/die-ersten-zaehne-lassen-sich-blicken#primaryimage"},"image":{"@id":"https:\/\/www.babyartikel.de\/magazin\/die-ersten-zaehne-lassen-sich-blicken#primaryimage"},"thumbnailUrl":"https:\/\/media.babyartikel.de\/magazin\/wp-content\/uploads\/2015\/03\/b10_die-ersten-z\u00e4hne.jpg","datePublished":"2015-03-20T08:30:30+00:00","dateModified":"2017-02-23T14:44:08+00:00","author":{"@id":"https:\/\/www.babyartikel.de\/magazin\/#\/schema\/person\/c14b99a236c7e8e0440181061ecff817"},"breadcrumb":{"@id":"https:\/\/www.babyartikel.de\/magazin\/die-ersten-zaehne-lassen-sich-blicken#breadcrumb"},"inLanguage":"de","potentialAction":[{"@type":"ReadAction","target":["https:\/\/www.babyartikel.de\/magazin\/die-ersten-zaehne-lassen-sich-blicken"]}]},{"@type":"ImageObject","inLanguage":"de","@id":"https:\/\/www.babyartikel.de\/magazin\/die-ersten-zaehne-lassen-sich-blicken#primaryimage","url":"https:\/\/media.babyartikel.de\/magazin\/wp-content\/uploads\/2015\/03\/b10_die-ersten-z\u00e4hne.jpg","contentUrl":"https:\/\/media.babyartikel.de\/magazin\/wp-content\/uploads\/2015\/03\/b10_die-ersten-z\u00e4hne.jpg","width":1050,"height":605,"caption":"die ersten Schneidez\u00e4hne"},{"@type":"BreadcrumbList","@id":"https:\/\/www.babyartikel.de\/magazin\/die-ersten-zaehne-lassen-sich-blicken#breadcrumb","itemListElement":[{"@type":"ListItem","position":1,"name":"Startseite","item":"https:\/\/www.babyartikel.de\/magazin"},{"@type":"ListItem","position":2,"name":"Die ersten Z\u00e4hne lassen sich blicken"}]},{"@type":"WebSite","@id":"https:\/\/www.babyartikel.de\/magazin\/#website","url":"https:\/\/www.babyartikel.de\/magazin\/","name":"Babyartikel.de Magazin","description":"","potentialAction":[{"@type":"SearchAction","target":{"@type":"EntryPoint","urlTemplate":"https:\/\/www.babyartikel.de\/magazin\/?s={search_term_string}"},"query-input":{"@type":"PropertyValueSpecification","valueRequired":true,"valueName":"search_term_string"}}],"inLanguage":"de"},{"@type":"Person","@id":"https:\/\/www.babyartikel.de\/magazin\/#\/schema\/person\/c14b99a236c7e8e0440181061ecff817","name":"Anne","image":{"@type":"ImageObject","inLanguage":"de","@id":"https:\/\/secure.gravatar.com\/avatar\/dc6bb895c7854c302aeeafbb6333e6f220ba26106b9f9a0202f83b0104b3729f?s=96&d=mm&r=g","url":"https:\/\/secure.gravatar.com\/avatar\/dc6bb895c7854c302aeeafbb6333e6f220ba26106b9f9a0202f83b0104b3729f?s=96&d=mm&r=g","contentUrl":"https:\/\/secure.gravatar.com\/avatar\/dc6bb895c7854c302aeeafbb6333e6f220ba26106b9f9a0202f83b0104b3729f?s=96&d=mm&r=g","caption":"Anne"},"description":"Hallo! Ich bin Anne, 33 Jahre alt und Mama von zwei Jungs. Der Kleine wurde erst vor neun Wochen geboren und der Gro\u00dfe ist schon drei Jahre alt. Zusammen mit dem \u00e4ltesten \u201eJungen\u201c im Bunde (37) \u2013 auch Papa genannt \u2013 leben wir vier im bunten Berlin. Wenn ich meinen Lebensweg in einem Satz zusammenfassen m\u00fcsste, w\u00fcrde der momentan so lauten: Ich bin in Baden-W\u00fcrttemberg geboren, aufgewachsen und ausgebildet worden, habe in Bayern gearbeitet und in Berlin meine Kinder zur Welt gebracht und geheiratet. Schon seit einer Weile habe ich mit dem Gedanken gespielt \u00fcber meinen Alltag als Mama zu bloggen und freue mich, dass jetzt der Zeitpunkt gekommen ist, um damit anzufangen. Ich hoffe, dass ich dem ein oder anderen mit meinen Tipps, Erfahrungen und Gedanken zum ganz normalen Familienwahnsinn weiterhelfen oder euch einfach nur unterhalten kann.","url":"https:\/\/www.babyartikel.de\/magazin\/author\/anne"}]}},"abstract_sku":"","_links":{"self":[{"href":"https:\/\/www.babyartikel.de\/magazin\/wp-json\/wp\/v2\/posts\/7688","targetHints":{"allow":["GET"]}}],"collection":[{"href":"https:\/\/www.babyartikel.de\/magazin\/wp-json\/wp\/v2\/posts"}],"about":[{"href":"https:\/\/www.babyartikel.de\/magazin\/wp-json\/wp\/v2\/types\/post"}],"author":[{"embeddable":true,"href":"https:\/\/www.babyartikel.de\/magazin\/wp-json\/wp\/v2\/users\/19"}],"replies":[{"embeddable":true,"href":"https:\/\/www.babyartikel.de\/magazin\/wp-json\/wp\/v2\/comments?post=7688"}],"version-history":[{"count":8,"href":"https:\/\/www.babyartikel.de\/magazin\/wp-json\/wp\/v2\/posts\/7688\/revisions"}],"predecessor-version":[{"id":7700,"href":"https:\/\/www.babyartikel.de\/magazin\/wp-json\/wp\/v2\/posts\/7688\/revisions\/7700"}],"wp:featuredmedia":[{"embeddable":true,"href":"https:\/\/www.babyartikel.de\/magazin\/wp-json\/wp\/v2\/media\/7689"}],"wp:attachment":[{"href":"https:\/\/www.babyartikel.de\/magazin\/wp-json\/wp\/v2\/media?parent=7688"}],"wp:term":[{"taxonomy":"category","embeddable":true,"href":"https:\/\/www.babyartikel.de\/magazin\/wp-json\/wp\/v2\/categories?post=7688"},{"taxonomy":"post_tag","embeddable":true,"href":"https:\/\/www.babyartikel.de\/magazin\/wp-json\/wp\/v2\/tags?post=7688"}],"curies":[{"name":"wp","href":"https:\/\/api.w.org\/{rel}","templated":true}]}}