
{"id":804819,"date":"2020-03-07T08:59:00","date_gmt":"2020-03-07T07:59:00","guid":{"rendered":"https:\/\/www.babyartikel.de\/magazin\/?p=804819"},"modified":"2025-04-24T13:42:50","modified_gmt":"2025-04-24T11:42:50","slug":"seltene-vornamen-verwechslungsgefahr-ausgeschlossen","status":"publish","type":"post","link":"https:\/\/www.babyartikel.de\/magazin\/seltene-vornamen-verwechslungsgefahr-ausgeschlossen","title":{"rendered":"Seltene Vornamen: Verwechslungsgefahr ausgeschlossen"},"content":{"rendered":"<p>Emilia<img loading=\"lazy\" decoding=\"async\" width=\"1\" height=\"1\" src=\"https:\/\/ssl-vg03.met.vgwort.de\/na\/601df95d608f49bc942ed01878690985\" alt=\"\">, Leon, Mia und Noah &ndash; nur einige Beispiele der <a href=\"https:\/\/www.babyartikel.de\/magazin\/babynamen-2023-das-werden-die-beliebtesten-vornamen\">beliebtesten Namen in Deutschland<\/a>. Seit Jahren werden unz&auml;hlige S&auml;uglinge so getauft. Das Resultat: In Kindergarten und Schule besuchen mehrere Kinder mit dem gleichen Vornamen die Gruppe oder Klasse. Wird der Name gerufen, herrscht zun&auml;chst Verwirrung dar&uuml;ber, wer &uuml;berhaupt gemeint ist. W&auml;hlen die Eltern dagegen seltene Vornamen f&uuml;r ihren Nachwuchs, ist <strong>Einzigartigkeit garantiert<\/strong>.&nbsp;Wir haben uns auf die Suche begeben und hier einige au&szlig;ergew&ouml;hnliche Vornamen &ndash; von skurril bis wundersch&ouml;n &ndash; f&uuml;r Dich gesammelt. <h3 class=\"wp-block-heading\" id=\"h-lieber-nicht-seltene-namen-die-sich-keiner-wunscht-nbsp\">Lieber nicht: Seltene Namen, die sich keiner w&uuml;nscht&nbsp;<\/h3><p>Heute z&auml;umen wir aber das Pferd einmal von hinten auf und fangen mit <strong>Negativbeispielen <\/strong>seltener Namen an. Einzigartig muss n&auml;mlich nicht immer auch sch&ouml;n sein. Es gibt Vornamen, die so schr&auml;g sind, dass sie sich direkt in unsere Erinnerung einbrennen.&nbsp;Unausl&ouml;schbar. Aber ob die Tr&auml;ger der folgenden Titel besonders gl&uuml;cklich damit sind? Das ist bei einigen Exemplaren wohl mehr als fraglich: &nbsp;&nbsp;<\/p><div id=\"ez-toc-container\" class=\"ez-toc-v2_0_82_2 counter-flat ez-toc-counter ez-toc-white ez-toc-container-direction\">\n<div class=\"ez-toc-title-container\">\n<p class=\"ez-toc-title\" style=\"cursor:inherit\">Inhaltsverzeichnis<\/p>\n<span class=\"ez-toc-title-toggle\"><a href=\"#\" class=\"ez-toc-pull-right ez-toc-btn ez-toc-btn-xs ez-toc-btn-default ez-toc-toggle\" aria-label=\"Toggle Table of Content\"><span class=\"ez-toc-js-icon-con\"><span class=\"\"><span class=\"eztoc-hide\" style=\"display:none;\">Toggle<\/span><span class=\"ez-toc-icon-toggle-span\"><svg style=\"fill: #999;color:#999\" xmlns=\"http:\/\/www.w3.org\/2000\/svg\" class=\"list-377408\" width=\"20px\" height=\"20px\" viewBox=\"0 0 24 24\" fill=\"none\"><path d=\"M6 6H4v2h2V6zm14 0H8v2h12V6zM4 11h2v2H4v-2zm16 0H8v2h12v-2zM4 16h2v2H4v-2zm16 0H8v2h12v-2z\" fill=\"currentColor\"><\/path><\/svg><svg style=\"fill: #999;color:#999\" class=\"arrow-unsorted-368013\" xmlns=\"http:\/\/www.w3.org\/2000\/svg\" width=\"10px\" height=\"10px\" viewBox=\"0 0 24 24\" version=\"1.2\" baseProfile=\"tiny\"><path d=\"M18.2 9.3l-6.2-6.3-6.2 6.3c-.2.2-.3.4-.3.7s.1.5.3.7c.2.2.4.3.7.3h11c.3 0 .5-.1.7-.3.2-.2.3-.5.3-.7s-.1-.5-.3-.7zM5.8 14.7l6.2 6.3 6.2-6.3c.2-.2.3-.5.3-.7s-.1-.5-.3-.7c-.2-.2-.4-.3-.7-.3h-11c-.3 0-.5.1-.7.3-.2.2-.3.5-.3.7s.1.5.3.7z\"\/><\/svg><\/span><\/span><\/span><\/a><\/span><\/div>\n<nav><ul class='ez-toc-list ez-toc-list-level-1 ' ><li class='ez-toc-page-1'><a class=\"ez-toc-link ez-toc-heading-1\" href=\"https:\/\/www.babyartikel.de\/magazin\/seltene-vornamen-verwechslungsgefahr-ausgeschlossen\/#Selten_schraeg_Namen_die_tatsaechlich_genehmigt_wurden\" >Selten schr&auml;g: Namen, die tats&auml;chlich genehmigt wurden&nbsp;<\/a><\/li><li class='ez-toc-page-1'><a class=\"ez-toc-link ez-toc-heading-2\" href=\"https:\/\/www.babyartikel.de\/magazin\/seltene-vornamen-verwechslungsgefahr-ausgeschlossen\/#No-Gos_Namen_die_nicht_erlaubt_wurden\" >No-Gos: Namen, die nicht erlaubt wurden&nbsp;<\/a><\/li><li class='ez-toc-page-1'><a class=\"ez-toc-link ez-toc-heading-3\" href=\"https:\/\/www.babyartikel.de\/magazin\/seltene-vornamen-verwechslungsgefahr-ausgeschlossen\/#Gesetzliche_Regeln_zur_Namensvergabe_in_Deutschland\" >Gesetzliche&nbsp;Regeln&nbsp;zur Namensvergabe in Deutschland<\/a><\/li><li class='ez-toc-page-1'><a class=\"ez-toc-link ez-toc-heading-4\" href=\"https:\/\/www.babyartikel.de\/magazin\/seltene-vornamen-verwechslungsgefahr-ausgeschlossen\/#Seltene_Namen_schoene_Ideen_fuer_Jungen_Maedchen\" >Seltene Namen: sch&ouml;ne Ideen f&uuml;r Jungen &amp; M&auml;dchen<\/a><\/li><\/ul><\/nav><\/div>\n<h2 class=\"wp-block-heading\" id=\"h-selten-schrag-namen-die-tatsachlich-genehmigt-wurden-nbsp\"><span class=\"ez-toc-section\" id=\"Selten_schraeg_Namen_die_tatsaechlich_genehmigt_wurden\"><\/span>Selten schr&auml;g: Namen, die tats&auml;chlich genehmigt wurden&nbsp;<span class=\"ez-toc-section-end\"><\/span><\/h2><p>Tats&auml;chlich laufen oder liefen Menschen mit folgenden Vornamen durch ihr Leben:&nbsp;<\/p><div class=\"marketing-slot\"><div id=\"block-18\" class=\"content-post-widget marketing-slot-1 widget_block\"><a href=\"#\" class=\"newsletter_popup\" style=\"\n  display: inline-block;\n  box-shadow: 0 4px 10px rgba(0,0,0,0.1);\n  margin: 20px auto;\n  max-width: 800px;\n  width: 100%;\">\n  <img src=\"https:\/\/media.babyartikel.de\/magazin\/wp-content\/uploads\/2025\/08\/NL-Banner-Magazin-8-25.webp\" alt=\"Newsletter Banner\" style=\"\n    width: 100%;\n    height: auto;\n    display: block;\" onclick=\"ga('send', 'event', 'banner', 'click', 'magazin-banner-newsletter-8-25');\">\n<\/a>\n\n\t<!-- Modal -->\n\t<div class=\"modal fade modal_popup\" id=\"newsletter_popup\" tabindex=\"-1\" aria-labelledby=\"exampleModalLabel\" aria-hidden=\"true\">\n\t\t<div class=\"modal-dialog modal-dialog-centered modal-dialog-scrollable\">\n\t\t\t<div class=\"modal-content\">\n\t\t\t\t<div class=\"modal-header small-header\">\n\t\t\t\t\t<h5 class=\"modal-title\" id=\"newsletterModalLabel\">\n\t\t\t\t\t\tNewsletter\t\t\t\t\t<\/h5>\n\t\t\t\t\t<button type=\"button\" class=\"btn-close small-close\" data-bs-dismiss=\"modal\" aria-label=\"Close\"><\/button>\n\t\t\t\t<\/div>\n\n\t\t\t\t<div class=\"modal-body\">\n\t\t\t\t\t\t<div class=\"newsletterForm-embed popup-form\">\n        <form name=\"newsletterSubscriptionForm\" id=\"newsletter_popup_69f380f7251b5_form\" data-newsletter-id=\"newsletter_popup_69f380f7251b5\" method=\"POST\">\n\n\t\t\t<input type=\"text\" name=\"website\" class=\"hidden\" tabindex=\"-1\" autocomplete=\"off\" style=\"position:absolute;left:-9999px;\">\n\t\t\t<input type=\"hidden\" name=\"ts\" value=\"1777565943\">\n\n\t\t\t                <input type=\"hidden\" name=\"emarsys-event-id\" value=\"3756\">\n            \n            \t\t\t<div class=\"mb-3\">\n\t\t\t\t<label for=\"date\" class=\"form-label\">Geburtstag\/ -termin Deines Babys<\/label>\n                <input type=\"date\" name=\"date\" class=\"input input--expand form-control\" required>\n\t\t\t<\/div>\n            \n\t\t\t<div class=\"mb-3\">\n\t\t\t\t<label for=\"email\" class=\"form-label\">E-Mail-Adresse<\/label>\n\t\t\t\t<input type=\"email\" name=\"email\" placeholder=\"E-Mail-Adresse\" class=\"input input--expand form-control\" required>\n\t\t\t<\/div>\n\n\t\t\t\t\t\t\t<button type=\"submit\" class=\"btn btn-primary\">Absenden<\/button>\n\t\t\t\n\t\t\t\t\t\t\t<div class=\"small mt-3\" style=\"font-weight:normal;\">\n\t\t\t\t\t\n\t\t\t<div class=\"mt-3\">\n\t\t\t\tJa, ich m&ouml;chte den Newsletter von Babyartikel.de erhalten und &uuml;ber Aktionen informiert werden.\n  Dabei darf mein Nutzungsverhalten (z. B. &Ouml;ffnungen und Klicks) zur Personalisierung ausgewertet werden.\n  Mehr finde ich in der <a href=\"\/de\/datenschutz\" style=\"text-decoration:underline\">Datenschutzerkl&auml;rung<\/a>.\n\t\t\t<\/div>\n\t\t\t\t\t\t<\/div>\n\t\t\t\n\t\t\t\t\t\t\t<div class=\"small mb-3 mt-3\" style=\"font-weight:normal;\">\n\t\t\t\t\tJederzeit abbestellbar | <a href=\"\/de\/datenschutz\" style=\"text-decoration:underline\">\n\t\t\t\t\t\tDatenschutzerkl&auml;rung\n\t\t\t\t\t<\/a>\n\t\t\t\t<\/div>\n\t\t\t\n        <\/form>\n    <\/div>\n\t\n\t\t\t\t\t<div class=\"response-messages_newsletter_popup_69f380f7251b5\">\n\t\t\t\t\t\t<div class=\"alert alert-success success mt-3 mb-3 d-none\">\n\t\t\t\t\t\t\tNur noch ein Klick! Best&auml;tige Deine Anmeldung in der E-Mail, die du gleich erh&auml;ltst.\t\t\t\t\t\t<\/div>\n\t\t\t\t\t\t<div class=\"error mt-3 mb-3 d-none\">\n\t\t\t\t\t\t\t<div class=\"alert alert-danger \">\n\t\t\t\t\t\t\t\tEin Fehler ist aufgetreten. Bitte versuche es sp&auml;ter erneut.\t\t\t\t\t\t\t<\/div>\n\t\t\t\t\t\t<\/div>\n\t\t\t\t\t\t<div class=\"alert alert-danger other-2007 mt-3 mb-3 d-none\">\n\t\t\t\t\t\t\tUng&Atilde;&frac14;ltiges Datumsformat\t\t\t\t\t\t<\/div>\n\t\t\t\t\t<\/div>\n\t\t\t\t<\/div>\n\t\t\t<\/div>\n\t\t<\/div>\n\t<\/div>\n\n\t<\/div><!-- content-widget --><\/div><ul class=\"wp-block-list\">\n<li><strong>Talula&nbsp;does&nbsp;the&nbsp;Hula&nbsp;from&nbsp;Hawaii&nbsp;<\/strong><\/li>\n\n\n\n<li><strong>Grey&nbsp;Deth&nbsp;<\/strong><\/li>\n\n\n\n<li><strong>Zwillinge: Winner and Loser&nbsp;<\/strong><\/li>\n\n\n\n<li><strong>Hashtag&nbsp;<\/strong><\/li>\n\n\n\n<li><strong>Windsbraut&nbsp;<\/strong><\/li>\n\n\n\n<li><strong>Popo&nbsp;<\/strong><\/li>\n\n\n\n<li><strong>Cinderella-Melodie&nbsp;<\/strong><\/li>\n\n\n\n<li><strong>Gneisenauette&nbsp;<\/strong><\/li>\n\n\n\n<li><strong>Katzbachine&nbsp;<\/strong><\/li>\n<\/ul><p><a rel=\"noreferrer noopener\" href=\"https:\/\/www.spiegel.de\/panorama\/gerichtsstreit-talula-does-the-hula-from-hawaii-klagt-gegen-ihren-vornamen-a-567823.html\" target=\"_blank\">Talula does the Hula from Hawaii<\/a>&nbsp;klagte &uuml;brigens im Alter von 9 Jahren gegen ihren Namen und gewann. Den Eltern wurde im Rahmen des Verfahrens sogar das Sorgerecht entzogen. Es ist nicht bekannt, wie sie sich seitdem nennt. Im Gegensatz dazu f&uuml;hlt sich&nbsp;<a rel=\"noreferrer noopener\" href=\"https:\/\/www.welt.de\/vermischtes\/kurioses\/article136025518\/Ich-fuehle-mich-sehr-wohl-als-Pepsi-Carola.html\" target=\"_blank\">Pepsi-Carola<\/a>&nbsp;sehr wohl mit ihrem Vornamen.&nbsp;&nbsp;<\/p><p>Ist ein Vorname in <strong>Deutschland <\/strong>einmal rechtskr&auml;ftig, kann er <strong>nicht mehr so einfach ge&auml;ndert werden<\/strong>. Wer sich umbenennen m&ouml;chte, der muss bei der zust&auml;ndigen Beh&ouml;rde einen entsprechenden Antrag stellen. Auch Kosten sind mit dem Akt verbunden. Diese k&ouml;nnen sich bei &Auml;nderungen des Vornamens <strong>zwischen 2,50 Euro und 255,00 Euro<\/strong> belaufen.&nbsp;&nbsp;<\/p><div class=\"postslot1\">[articles]<link rel=\"stylesheet\" href=\"https:\/\/cdn.jsdelivr.net\/npm\/swiper@8\/swiper-bundle.min.css\"><\/div><div class=\"marketing-slot\"><div id=\"block-25\" class=\"content-post-widget marketing-slot-2 widget_block\"><a href=\"https:\/\/www.babyartikel.de\/de\/angebote\" data-track-link-click=\"true\" data-track-name=\"nyoutlet2026-magazin\" data-track-medium=\"banner-magazin-post\" data-track-campaign=\"magazin-banner-nyoutlet2026\" onclick=\"ga('send', 'event', 'banner', 'click', 'magazin-banner-nyoutlet2026');\" style=\"display:block;width:100%;text-align:center;\"><img src=\"https:\/\/media.babyartikel.de\/magazin\/wp-content\/uploads\/2026\/01\/NY-Outlet-10-2026.webp\" alt=\"Sale\" style=\"max-width:100%;\"><\/a><\/div><!-- content-widget --><\/div><h2 class=\"wp-block-heading\" id=\"h-no-gos-namen-die-nicht-erlaubt-wurden-nbsp\"><span class=\"ez-toc-section\" id=\"No-Gos_Namen_die_nicht_erlaubt_wurden\"><\/span>No-Gos: Namen, die nicht erlaubt wurden&nbsp;<span class=\"ez-toc-section-end\"><\/span><\/h2><p>Es gibt allerdings auch Vorschl&auml;ge, welche den Eltern (gl&uuml;cklicherweise) durch die&nbsp;namensgebenden&nbsp;Beh&ouml;rden verweigert wurden. Dazu geh&ouml;ren:&nbsp;<\/p><ul class=\"wp-block-list\">\n<li><strong>@&nbsp;<\/strong><\/li>\n\n\n\n<li><strong>Brfxxccxxmnpcccclllmmnprxvclmnckssqlbb11116&nbsp;<\/strong><\/li>\n\n\n\n<li><strong>Keenan&nbsp;Got&nbsp;Lucy and Sex Fruit&nbsp;<\/strong><\/li>\n\n\n\n<li><strong>Anus&nbsp;<\/strong><\/li>\n\n\n\n<li><strong>Lucifer&nbsp;<\/strong><\/li>\n\n\n\n<li><strong>Zwillinge: Fish &amp; Chips&nbsp;<\/strong><\/li>\n\n\n\n<li><strong>Bierst&uuml;bl&nbsp;<\/strong><\/li>\n\n\n\n<li><strong>Gastritis&nbsp;<\/strong><\/li>\n\n\n\n<li><strong>Pepsi-Cola&nbsp;<\/strong><\/li>\n\n\n\n<li><strong>St&ouml;renfried&nbsp;<\/strong><\/li>\n<\/ul><p>Die genannten Beispiele stammen aus der ganzen Welt.&nbsp;&nbsp;<\/p><h2 class=\"wp-block-heading\" id=\"h-gesetzliche-nbsp-regeln-nbsp-zur-namensvergabe-in-deutschland\"><span class=\"ez-toc-section\" id=\"Gesetzliche_Regeln_zur_Namensvergabe_in_Deutschland\"><\/span>Gesetzliche&nbsp;Regeln&nbsp;zur Namensvergabe in Deutschland<span class=\"ez-toc-section-end\"><\/span><\/h2><p>Solltest Du &uuml;berlegen, Deinem Sohn oder Deiner Tochter einen au&szlig;ergew&ouml;hnlichen Vornamen zu geben, erkundige Dich vorher, was <strong>gesetzlich m&ouml;glich<\/strong> ist.&nbsp;&nbsp;<\/p><p>Prinzipiell ist es <strong>vorgeschrieben<\/strong>, dass Du den gew&uuml;nschten Namen Deines Babys <strong>bis vier Wochen nach der Geburt beim Standesamt eintragen<\/strong> l&auml;sst. Das bedeutet also, dass Dein Nachwuchs nicht direkt nach der Entbindung zwingend einen festen Vornamen braucht. Manche Eltern wollen das Baby erst sehen und erleben, bevor sie sich entscheiden. Im ersten Lebensmonat ist das ohne Schwierigkeiten m&ouml;glich.&nbsp;&nbsp;<\/p><p>Die <strong>Regelungen<\/strong>, welche Vornamen erlaubt sind und welche nicht, sind relativ schwammig. Dadurch landen entsprechende F&auml;lle tats&auml;chlich immer wieder vor Gericht. Das passiert unter anderem dann, wenn die Eltern sich nicht einigen k&ouml;nnen oder Eltern und Standesbeamte unterschiedlicher Auffassung sind.&nbsp;&nbsp;<\/p><p>Grunds&auml;tzlich sind <strong>das Kindeswohl<\/strong> und <strong>die Funktion als Vornamen<\/strong> entscheidend f&uuml;r die Gew&auml;hrung. Es sollten unter anderem folgende Dinge bei der Namenswahl beachtet werden:&nbsp;<\/p><ol class=\"wp-block-list\">\n<li>Der Vorname muss <strong>eindeutig als Vorname erkennbar<\/strong> sein.&nbsp;<\/li>\n\n\n\n<li>Der Name muss <strong>klar als weiblich oder m&auml;nnlich identifizierbar<\/strong> sein.&nbsp;<\/li>\n\n\n\n<li>Es sollte sich m&ouml;glichst um <strong>keinen Fantasie-Namen<\/strong> handeln.&nbsp;<\/li>\n\n\n\n<li>Auf <strong>Ortsnamen, Markenbezeichnungen oder Titel<\/strong> sollte ebenfalls verzichtet werden.&nbsp;<\/li>\n\n\n\n<li>Der Name sollte das Kind nicht <strong>zur Zielscheibe f&uuml;r Spott<\/strong> machen.&nbsp;&nbsp;<\/li>\n<\/ol><p>Alle genannten Punkte sind aber <strong>nur Richtlinien<\/strong>. Ausnahmen und Abweichungen kommen immer wieder vor. Eltern sollten bei der Namensvergabe immer daran denken, dass es in erster Linie um das Kind geht! Es soll sich <strong>zeitlebens mit dem Namen wohlf&uuml;hlen<\/strong>. Was Eltern witzig oder s&uuml;&szlig; finden, muss dem Nachwuchs nicht gefallen. Deshalb ist weniger Exotik m&ouml;glicherweise bei der Namenswahl besser.&nbsp;&nbsp;<\/p><h2 class=\"wp-block-heading\" id=\"h-seltene-namen-schone-ideen-fur-jungen-amp-madchen\"><span class=\"ez-toc-section\" id=\"Seltene_Namen_schoene_Ideen_fuer_Jungen_Maedchen\"><\/span>Seltene Namen: sch&ouml;ne Ideen f&uuml;r Jungen &amp; M&auml;dchen<span class=\"ez-toc-section-end\"><\/span><\/h2><p>Sch&ouml;n, dass es den goldenen Mittelweg gibt. Wer seinem S&auml;ugling weder einen der&nbsp;<a rel=\"noreferrer noopener\" href=\"https:\/\/www.babyartikel.de\/magazin\/so-heisst-deutschland-das-sind-unsere-10-beliebtesten-babynamen\" target=\"_blank\">10 beliebtesten Babynamen Deutschlands<\/a>&nbsp;noch einen extrem skurrilen Vornamen geben m&ouml;chte, findet trotzdem eine L&ouml;sung. Wie w&auml;re es beispielsweise mit einem alten Vornamen, der angenehm klingt aber <strong>bedauerlicherweise in Vergessenheit geraten<\/strong> ist?&nbsp;<\/p><p>Zur <strong>Inspiration <\/strong>haben wir hier einige <strong>altdeutsche, keltische, germanische und biblische<\/strong> Vornamen f&uuml;r Euch rausgesucht:<\/p><h3 class=\"wp-block-heading\" id=\"h-altdeutsche-vornamen-fur-jungen-nbsp\">Altdeutsche Vornamen f&uuml;r Jungen&nbsp;<\/h3><ul class=\"wp-block-list\">\n<li>Artur<\/li>\n\n\n\n<li>Levin<\/li>\n\n\n\n<li>Georg<\/li>\n\n\n\n<li>Carsten<\/li>\n\n\n\n<li>Hendrick<\/li>\n\n\n\n<li>Otto<\/li>\n\n\n\n<li>Henning<\/li>\n\n\n\n<li>Eike<\/li>\n\n\n\n<li>Peter<\/li>\n\n\n\n<li>Oskar<\/li>\n\n\n\n<li>Konrad<\/li>\n\n\n\n<li>Wilhelm<\/li>\n\n\n\n<li>Leonhard<\/li>\n\n\n\n<li>Johann<\/li>\n\n\n\n<li>Fridolin<\/li>\n\n\n\n<li>Theodor<\/li>\n\n\n\n<li>\n<\/li><\/ul><figure class=\"wp-block-image size-full\"><img loading=\"lazy\" decoding=\"async\" width=\"1000\" height=\"1000\" src=\"https:\/\/media.babyartikel.de\/magazin\/wp-content\/uploads\/2020\/03\/seltene-namen-altdeutsch-jungen.webp\" alt=\"\" class=\"wp-image-959898\" srcset=\"https:\/\/media.babyartikel.de\/magazin\/wp-content\/uploads\/2020\/03\/seltene-namen-altdeutsch-jungen.webp 1000w, https:\/\/media.babyartikel.de\/magazin\/wp-content\/uploads\/2020\/03\/seltene-namen-altdeutsch-jungen-690x690.webp 690w, https:\/\/media.babyartikel.de\/magazin\/wp-content\/uploads\/2020\/03\/seltene-namen-altdeutsch-jungen-150x150.webp 150w, https:\/\/media.babyartikel.de\/magazin\/wp-content\/uploads\/2020\/03\/seltene-namen-altdeutsch-jungen-768x768.webp 768w, https:\/\/media.babyartikel.de\/magazin\/wp-content\/uploads\/2020\/03\/seltene-namen-altdeutsch-jungen-631x631.webp 631w, https:\/\/media.babyartikel.de\/magazin\/wp-content\/uploads\/2020\/03\/seltene-namen-altdeutsch-jungen-415x415.webp 415w, https:\/\/media.babyartikel.de\/magazin\/wp-content\/uploads\/2020\/03\/seltene-namen-altdeutsch-jungen-412x412.webp 412w, https:\/\/media.babyartikel.de\/magazin\/wp-content\/uploads\/2020\/03\/seltene-namen-altdeutsch-jungen-391x391.webp 391w, https:\/\/media.babyartikel.de\/magazin\/wp-content\/uploads\/2020\/03\/seltene-namen-altdeutsch-jungen-376x376.webp 376w, https:\/\/media.babyartikel.de\/magazin\/wp-content\/uploads\/2020\/03\/seltene-namen-altdeutsch-jungen-360x360.webp 360w, https:\/\/media.babyartikel.de\/magazin\/wp-content\/uploads\/2020\/03\/seltene-namen-altdeutsch-jungen-40x40.webp 40w, https:\/\/media.babyartikel.de\/magazin\/wp-content\/uploads\/2020\/03\/seltene-namen-altdeutsch-jungen-90x90.webp 90w, https:\/\/media.babyartikel.de\/magazin\/wp-content\/uploads\/2020\/03\/seltene-namen-altdeutsch-jungen-192x192.webp 192w, https:\/\/media.babyartikel.de\/magazin\/wp-content\/uploads\/2020\/03\/seltene-namen-altdeutsch-jungen-96x96.webp 96w, https:\/\/media.babyartikel.de\/magazin\/wp-content\/uploads\/2020\/03\/seltene-namen-altdeutsch-jungen-25x25.webp 25w\" sizes=\"auto, (max-width: 1000px) 100vw, 1000px\"><\/figure><h3 class=\"wp-block-heading\" id=\"h-altdeutsche-vornamen-fur-madchen-nbsp\">Altdeutsche Vornamen f&uuml;r M&auml;dchen&nbsp;<\/h3><ul class=\"wp-block-list\">\n<li>Charlotte<\/li>\n\n\n\n<li>Grete<\/li>\n\n\n\n<li>Eleonora<\/li>\n\n\n\n<li>Franka<\/li>\n\n\n\n<li>Amalia<\/li>\n\n\n\n<li>Alma<\/li>\n\n\n\n<li>Frieda<\/li>\n\n\n\n<li>Ernestine<\/li>\n\n\n\n<li>Helena<\/li>\n\n\n\n<li>Irma<\/li>\n\n\n\n<li>Klara<\/li>\n\n\n\n<li>Lotte<\/li>\n\n\n\n<li>Viktoria<\/li>\n\n\n\n<li>Karla<\/li>\n\n\n\n<li>Thea<\/li>\n\n\n\n<li>Luise<\/li>\n<\/ul><figure class=\"wp-block-image size-full\"><img loading=\"lazy\" decoding=\"async\" width=\"1000\" height=\"1000\" src=\"https:\/\/media.babyartikel.de\/magazin\/wp-content\/uploads\/2020\/03\/seltene-namen-altdeutsch-maedchen.webp\" alt=\"\" class=\"wp-image-959899\" srcset=\"https:\/\/media.babyartikel.de\/magazin\/wp-content\/uploads\/2020\/03\/seltene-namen-altdeutsch-maedchen.webp 1000w, https:\/\/media.babyartikel.de\/magazin\/wp-content\/uploads\/2020\/03\/seltene-namen-altdeutsch-maedchen-690x690.webp 690w, https:\/\/media.babyartikel.de\/magazin\/wp-content\/uploads\/2020\/03\/seltene-namen-altdeutsch-maedchen-150x150.webp 150w, https:\/\/media.babyartikel.de\/magazin\/wp-content\/uploads\/2020\/03\/seltene-namen-altdeutsch-maedchen-768x768.webp 768w, https:\/\/media.babyartikel.de\/magazin\/wp-content\/uploads\/2020\/03\/seltene-namen-altdeutsch-maedchen-631x631.webp 631w, https:\/\/media.babyartikel.de\/magazin\/wp-content\/uploads\/2020\/03\/seltene-namen-altdeutsch-maedchen-415x415.webp 415w, https:\/\/media.babyartikel.de\/magazin\/wp-content\/uploads\/2020\/03\/seltene-namen-altdeutsch-maedchen-412x412.webp 412w, https:\/\/media.babyartikel.de\/magazin\/wp-content\/uploads\/2020\/03\/seltene-namen-altdeutsch-maedchen-391x391.webp 391w, https:\/\/media.babyartikel.de\/magazin\/wp-content\/uploads\/2020\/03\/seltene-namen-altdeutsch-maedchen-376x376.webp 376w, https:\/\/media.babyartikel.de\/magazin\/wp-content\/uploads\/2020\/03\/seltene-namen-altdeutsch-maedchen-360x360.webp 360w, https:\/\/media.babyartikel.de\/magazin\/wp-content\/uploads\/2020\/03\/seltene-namen-altdeutsch-maedchen-40x40.webp 40w, https:\/\/media.babyartikel.de\/magazin\/wp-content\/uploads\/2020\/03\/seltene-namen-altdeutsch-maedchen-90x90.webp 90w, https:\/\/media.babyartikel.de\/magazin\/wp-content\/uploads\/2020\/03\/seltene-namen-altdeutsch-maedchen-192x192.webp 192w, https:\/\/media.babyartikel.de\/magazin\/wp-content\/uploads\/2020\/03\/seltene-namen-altdeutsch-maedchen-96x96.webp 96w, https:\/\/media.babyartikel.de\/magazin\/wp-content\/uploads\/2020\/03\/seltene-namen-altdeutsch-maedchen-25x25.webp 25w\" sizes=\"auto, (max-width: 1000px) 100vw, 1000px\"><\/figure><h3 class=\"wp-block-heading\" id=\"h-keltische-vornamen-fur-jungen-nbsp\">Keltische Vornamen f&uuml;r Jungen&nbsp;<\/h3><ul class=\"wp-block-list\">\n<li>Cedric<\/li>\n\n\n\n<li>Lias<\/li>\n\n\n\n<li>Kenan<\/li>\n\n\n\n<li>Merlin<\/li>\n\n\n\n<li>Oskar \/ Oscar<\/li>\n\n\n\n<li>Kilian<\/li>\n\n\n\n<li>Nael<\/li>\n\n\n\n<li>Hendrick<\/li>\n\n\n\n<li>Lennox<\/li>\n\n\n\n<li>Niclas<\/li>\n\n\n\n<li>Thor<\/li>\n\n\n\n<li>Patrick<\/li>\n\n\n\n<li>Yanik \/ Yannick<\/li>\n\n\n\n<li>Tristan<\/li>\n\n\n\n<li>Melvin<\/li>\n<\/ul><figure class=\"wp-block-image size-full\"><img loading=\"lazy\" decoding=\"async\" width=\"1000\" height=\"1000\" src=\"https:\/\/media.babyartikel.de\/magazin\/wp-content\/uploads\/2020\/03\/seltene-namen-keltisch-jungen-vornamen.webp\" alt=\"\" class=\"wp-image-959900\" srcset=\"https:\/\/media.babyartikel.de\/magazin\/wp-content\/uploads\/2020\/03\/seltene-namen-keltisch-jungen-vornamen.webp 1000w, https:\/\/media.babyartikel.de\/magazin\/wp-content\/uploads\/2020\/03\/seltene-namen-keltisch-jungen-vornamen-690x690.webp 690w, https:\/\/media.babyartikel.de\/magazin\/wp-content\/uploads\/2020\/03\/seltene-namen-keltisch-jungen-vornamen-150x150.webp 150w, https:\/\/media.babyartikel.de\/magazin\/wp-content\/uploads\/2020\/03\/seltene-namen-keltisch-jungen-vornamen-768x768.webp 768w, https:\/\/media.babyartikel.de\/magazin\/wp-content\/uploads\/2020\/03\/seltene-namen-keltisch-jungen-vornamen-631x631.webp 631w, https:\/\/media.babyartikel.de\/magazin\/wp-content\/uploads\/2020\/03\/seltene-namen-keltisch-jungen-vornamen-415x415.webp 415w, https:\/\/media.babyartikel.de\/magazin\/wp-content\/uploads\/2020\/03\/seltene-namen-keltisch-jungen-vornamen-412x412.webp 412w, https:\/\/media.babyartikel.de\/magazin\/wp-content\/uploads\/2020\/03\/seltene-namen-keltisch-jungen-vornamen-391x391.webp 391w, https:\/\/media.babyartikel.de\/magazin\/wp-content\/uploads\/2020\/03\/seltene-namen-keltisch-jungen-vornamen-376x376.webp 376w, https:\/\/media.babyartikel.de\/magazin\/wp-content\/uploads\/2020\/03\/seltene-namen-keltisch-jungen-vornamen-360x360.webp 360w, https:\/\/media.babyartikel.de\/magazin\/wp-content\/uploads\/2020\/03\/seltene-namen-keltisch-jungen-vornamen-40x40.webp 40w, https:\/\/media.babyartikel.de\/magazin\/wp-content\/uploads\/2020\/03\/seltene-namen-keltisch-jungen-vornamen-90x90.webp 90w, https:\/\/media.babyartikel.de\/magazin\/wp-content\/uploads\/2020\/03\/seltene-namen-keltisch-jungen-vornamen-192x192.webp 192w, https:\/\/media.babyartikel.de\/magazin\/wp-content\/uploads\/2020\/03\/seltene-namen-keltisch-jungen-vornamen-96x96.webp 96w, https:\/\/media.babyartikel.de\/magazin\/wp-content\/uploads\/2020\/03\/seltene-namen-keltisch-jungen-vornamen-25x25.webp 25w\" sizes=\"auto, (max-width: 1000px) 100vw, 1000px\"><\/figure><h3 class=\"wp-block-heading\" id=\"h-keltische-vornamen-fur-madchen-nbsp\">Keltische Vornamen f&uuml;r M&auml;dchen&nbsp;<\/h3><ul class=\"wp-block-list\">\n<li>Annika<\/li>\n\n\n\n<li>Belana<\/li>\n\n\n\n<li>Enya<\/li>\n\n\n\n<li>Briana<\/li>\n\n\n\n<li>Freya<\/li>\n\n\n\n<li>Britta<\/li>\n\n\n\n<li>Henty<\/li>\n\n\n\n<li>Kendra<\/li>\n\n\n\n<li>Nara<\/li>\n\n\n\n<li>Juna<\/li>\n\n\n\n<li>Lara<\/li>\n\n\n\n<li>Ida<\/li>\n\n\n\n<li>Merle<\/li>\n\n\n\n<li>Mali<\/li>\n\n\n\n<li>Una<\/li>\n<\/ul><figure class=\"wp-block-image size-full\"><img loading=\"lazy\" decoding=\"async\" width=\"1000\" height=\"1000\" src=\"https:\/\/media.babyartikel.de\/magazin\/wp-content\/uploads\/2020\/03\/seltene-namen-keltisch-maedchen.webp\" alt=\"\" class=\"wp-image-959901\" srcset=\"https:\/\/media.babyartikel.de\/magazin\/wp-content\/uploads\/2020\/03\/seltene-namen-keltisch-maedchen.webp 1000w, https:\/\/media.babyartikel.de\/magazin\/wp-content\/uploads\/2020\/03\/seltene-namen-keltisch-maedchen-690x690.webp 690w, https:\/\/media.babyartikel.de\/magazin\/wp-content\/uploads\/2020\/03\/seltene-namen-keltisch-maedchen-150x150.webp 150w, https:\/\/media.babyartikel.de\/magazin\/wp-content\/uploads\/2020\/03\/seltene-namen-keltisch-maedchen-768x768.webp 768w, https:\/\/media.babyartikel.de\/magazin\/wp-content\/uploads\/2020\/03\/seltene-namen-keltisch-maedchen-631x631.webp 631w, https:\/\/media.babyartikel.de\/magazin\/wp-content\/uploads\/2020\/03\/seltene-namen-keltisch-maedchen-415x415.webp 415w, https:\/\/media.babyartikel.de\/magazin\/wp-content\/uploads\/2020\/03\/seltene-namen-keltisch-maedchen-412x412.webp 412w, https:\/\/media.babyartikel.de\/magazin\/wp-content\/uploads\/2020\/03\/seltene-namen-keltisch-maedchen-391x391.webp 391w, https:\/\/media.babyartikel.de\/magazin\/wp-content\/uploads\/2020\/03\/seltene-namen-keltisch-maedchen-376x376.webp 376w, https:\/\/media.babyartikel.de\/magazin\/wp-content\/uploads\/2020\/03\/seltene-namen-keltisch-maedchen-360x360.webp 360w, https:\/\/media.babyartikel.de\/magazin\/wp-content\/uploads\/2020\/03\/seltene-namen-keltisch-maedchen-40x40.webp 40w, https:\/\/media.babyartikel.de\/magazin\/wp-content\/uploads\/2020\/03\/seltene-namen-keltisch-maedchen-90x90.webp 90w, https:\/\/media.babyartikel.de\/magazin\/wp-content\/uploads\/2020\/03\/seltene-namen-keltisch-maedchen-192x192.webp 192w, https:\/\/media.babyartikel.de\/magazin\/wp-content\/uploads\/2020\/03\/seltene-namen-keltisch-maedchen-96x96.webp 96w, https:\/\/media.babyartikel.de\/magazin\/wp-content\/uploads\/2020\/03\/seltene-namen-keltisch-maedchen-25x25.webp 25w\" sizes=\"auto, (max-width: 1000px) 100vw, 1000px\"><\/figure><h3 class=\"wp-block-heading\" id=\"h-germanische-vornamen-fur-jungen-nbsp\">Germanische Vornamen f&uuml;r Jungen&nbsp;<\/h3><ul class=\"wp-block-list\">\n<li>Albert<\/li>\n\n\n\n<li>Anno<\/li>\n\n\n\n<li>Berwin<\/li>\n\n\n\n<li>Gustav<\/li>\n\n\n\n<li>Till<\/li>\n\n\n\n<li>Enno<\/li>\n\n\n\n<li>Eduard<\/li>\n\n\n\n<li>Hauke<\/li>\n\n\n\n<li>Falk<\/li>\n\n\n\n<li>Irmin<\/li>\n\n\n\n<li>Helmut<\/li>\n\n\n\n<li>Thilo<\/li>\n\n\n\n<li>Oskar<\/li>\n\n\n\n<li>Ole<\/li>\n\n\n\n<li>Leif<\/li>\n\n\n\n<li>Rune<\/li>\n\n\n\n<li>Rainer<\/li>\n\n\n\n<li>Kuno<\/li>\n<\/ul><figure class=\"wp-block-image size-full\"><img loading=\"lazy\" decoding=\"async\" width=\"1000\" height=\"1000\" src=\"https:\/\/media.babyartikel.de\/magazin\/wp-content\/uploads\/2020\/03\/seltene-namen-germanisch-jungen.webp\" alt=\"\" class=\"wp-image-959902\" srcset=\"https:\/\/media.babyartikel.de\/magazin\/wp-content\/uploads\/2020\/03\/seltene-namen-germanisch-jungen.webp 1000w, https:\/\/media.babyartikel.de\/magazin\/wp-content\/uploads\/2020\/03\/seltene-namen-germanisch-jungen-690x690.webp 690w, https:\/\/media.babyartikel.de\/magazin\/wp-content\/uploads\/2020\/03\/seltene-namen-germanisch-jungen-150x150.webp 150w, https:\/\/media.babyartikel.de\/magazin\/wp-content\/uploads\/2020\/03\/seltene-namen-germanisch-jungen-768x768.webp 768w, https:\/\/media.babyartikel.de\/magazin\/wp-content\/uploads\/2020\/03\/seltene-namen-germanisch-jungen-631x631.webp 631w, https:\/\/media.babyartikel.de\/magazin\/wp-content\/uploads\/2020\/03\/seltene-namen-germanisch-jungen-415x415.webp 415w, https:\/\/media.babyartikel.de\/magazin\/wp-content\/uploads\/2020\/03\/seltene-namen-germanisch-jungen-412x412.webp 412w, https:\/\/media.babyartikel.de\/magazin\/wp-content\/uploads\/2020\/03\/seltene-namen-germanisch-jungen-391x391.webp 391w, https:\/\/media.babyartikel.de\/magazin\/wp-content\/uploads\/2020\/03\/seltene-namen-germanisch-jungen-376x376.webp 376w, https:\/\/media.babyartikel.de\/magazin\/wp-content\/uploads\/2020\/03\/seltene-namen-germanisch-jungen-360x360.webp 360w, https:\/\/media.babyartikel.de\/magazin\/wp-content\/uploads\/2020\/03\/seltene-namen-germanisch-jungen-40x40.webp 40w, https:\/\/media.babyartikel.de\/magazin\/wp-content\/uploads\/2020\/03\/seltene-namen-germanisch-jungen-90x90.webp 90w, https:\/\/media.babyartikel.de\/magazin\/wp-content\/uploads\/2020\/03\/seltene-namen-germanisch-jungen-192x192.webp 192w, https:\/\/media.babyartikel.de\/magazin\/wp-content\/uploads\/2020\/03\/seltene-namen-germanisch-jungen-96x96.webp 96w, https:\/\/media.babyartikel.de\/magazin\/wp-content\/uploads\/2020\/03\/seltene-namen-germanisch-jungen-25x25.webp 25w\" sizes=\"auto, (max-width: 1000px) 100vw, 1000px\"><\/figure><h3 class=\"wp-block-heading\" id=\"h-germanische-vornamen-fur-madchen-nbsp\">Germanische Vornamen f&uuml;r M&auml;dchen&nbsp;<\/h3><ul class=\"wp-block-list\">\n<li>Adelheid<\/li>\n\n\n\n<li>Elvira<\/li>\n\n\n\n<li>Deike<\/li>\n\n\n\n<li>Alida<\/li>\n\n\n\n<li>Vanadis<\/li>\n\n\n\n<li>Eila<\/li>\n\n\n\n<li>Thialda<\/li>\n\n\n\n<li>Finja<\/li>\n\n\n\n<li>Ina<\/li>\n\n\n\n<li>Silke<\/li>\n\n\n\n<li>Imke<\/li>\n\n\n\n<li>Selma<\/li>\n\n\n\n<li>Elke<\/li>\n\n\n\n<li>Fara<\/li>\n\n\n\n<li>Ulrike<\/li>\n<\/ul><figure class=\"wp-block-image size-full\"><img loading=\"lazy\" decoding=\"async\" width=\"1000\" height=\"1000\" src=\"https:\/\/media.babyartikel.de\/magazin\/wp-content\/uploads\/2020\/03\/seltene-namen-germanisch-maedchen.webp\" alt=\"\" class=\"wp-image-959903\" srcset=\"https:\/\/media.babyartikel.de\/magazin\/wp-content\/uploads\/2020\/03\/seltene-namen-germanisch-maedchen.webp 1000w, https:\/\/media.babyartikel.de\/magazin\/wp-content\/uploads\/2020\/03\/seltene-namen-germanisch-maedchen-690x690.webp 690w, https:\/\/media.babyartikel.de\/magazin\/wp-content\/uploads\/2020\/03\/seltene-namen-germanisch-maedchen-150x150.webp 150w, https:\/\/media.babyartikel.de\/magazin\/wp-content\/uploads\/2020\/03\/seltene-namen-germanisch-maedchen-768x768.webp 768w, https:\/\/media.babyartikel.de\/magazin\/wp-content\/uploads\/2020\/03\/seltene-namen-germanisch-maedchen-631x631.webp 631w, https:\/\/media.babyartikel.de\/magazin\/wp-content\/uploads\/2020\/03\/seltene-namen-germanisch-maedchen-415x415.webp 415w, https:\/\/media.babyartikel.de\/magazin\/wp-content\/uploads\/2020\/03\/seltene-namen-germanisch-maedchen-412x412.webp 412w, https:\/\/media.babyartikel.de\/magazin\/wp-content\/uploads\/2020\/03\/seltene-namen-germanisch-maedchen-391x391.webp 391w, https:\/\/media.babyartikel.de\/magazin\/wp-content\/uploads\/2020\/03\/seltene-namen-germanisch-maedchen-376x376.webp 376w, https:\/\/media.babyartikel.de\/magazin\/wp-content\/uploads\/2020\/03\/seltene-namen-germanisch-maedchen-360x360.webp 360w, https:\/\/media.babyartikel.de\/magazin\/wp-content\/uploads\/2020\/03\/seltene-namen-germanisch-maedchen-40x40.webp 40w, https:\/\/media.babyartikel.de\/magazin\/wp-content\/uploads\/2020\/03\/seltene-namen-germanisch-maedchen-90x90.webp 90w, https:\/\/media.babyartikel.de\/magazin\/wp-content\/uploads\/2020\/03\/seltene-namen-germanisch-maedchen-192x192.webp 192w, https:\/\/media.babyartikel.de\/magazin\/wp-content\/uploads\/2020\/03\/seltene-namen-germanisch-maedchen-96x96.webp 96w, https:\/\/media.babyartikel.de\/magazin\/wp-content\/uploads\/2020\/03\/seltene-namen-germanisch-maedchen-25x25.webp 25w\" sizes=\"auto, (max-width: 1000px) 100vw, 1000px\"><\/figure><h3 class=\"wp-block-heading\" id=\"h-seltene-biblische-vornamen-fur-jungen-nbsp\">Seltene biblische Vornamen f&uuml;r Jungen&nbsp;<\/h3><ul class=\"wp-block-list\">\n<li>Samson<\/li>\n\n\n\n<li>Aram<\/li>\n\n\n\n<li>Simeon<\/li>\n\n\n\n<li>Isaac<\/li>\n\n\n\n<li>Ruben<\/li>\n\n\n\n<li>Andreas<\/li>\n\n\n\n<li>Bartholom&auml;us<\/li>\n\n\n\n<li>Ephraim<\/li>\n\n\n\n<li>Melchior<\/li>\n\n\n\n<li>Jesaja<\/li>\n\n\n\n<li>Nathanael<\/li>\n\n\n\n<li>Benjamin<\/li>\n\n\n\n<li>Joachim<\/li>\n\n\n\n<li>Abraham<\/li>\n<\/ul><figure class=\"wp-block-image size-full\"><img loading=\"lazy\" decoding=\"async\" width=\"1000\" height=\"1000\" src=\"https:\/\/media.babyartikel.de\/magazin\/wp-content\/uploads\/2020\/03\/seltene-namen-biblisch-jungen.webp\" alt=\"\" class=\"wp-image-959904\" srcset=\"https:\/\/media.babyartikel.de\/magazin\/wp-content\/uploads\/2020\/03\/seltene-namen-biblisch-jungen.webp 1000w, https:\/\/media.babyartikel.de\/magazin\/wp-content\/uploads\/2020\/03\/seltene-namen-biblisch-jungen-690x690.webp 690w, https:\/\/media.babyartikel.de\/magazin\/wp-content\/uploads\/2020\/03\/seltene-namen-biblisch-jungen-150x150.webp 150w, https:\/\/media.babyartikel.de\/magazin\/wp-content\/uploads\/2020\/03\/seltene-namen-biblisch-jungen-768x768.webp 768w, https:\/\/media.babyartikel.de\/magazin\/wp-content\/uploads\/2020\/03\/seltene-namen-biblisch-jungen-631x631.webp 631w, https:\/\/media.babyartikel.de\/magazin\/wp-content\/uploads\/2020\/03\/seltene-namen-biblisch-jungen-415x415.webp 415w, https:\/\/media.babyartikel.de\/magazin\/wp-content\/uploads\/2020\/03\/seltene-namen-biblisch-jungen-412x412.webp 412w, https:\/\/media.babyartikel.de\/magazin\/wp-content\/uploads\/2020\/03\/seltene-namen-biblisch-jungen-391x391.webp 391w, https:\/\/media.babyartikel.de\/magazin\/wp-content\/uploads\/2020\/03\/seltene-namen-biblisch-jungen-376x376.webp 376w, https:\/\/media.babyartikel.de\/magazin\/wp-content\/uploads\/2020\/03\/seltene-namen-biblisch-jungen-360x360.webp 360w, https:\/\/media.babyartikel.de\/magazin\/wp-content\/uploads\/2020\/03\/seltene-namen-biblisch-jungen-40x40.webp 40w, https:\/\/media.babyartikel.de\/magazin\/wp-content\/uploads\/2020\/03\/seltene-namen-biblisch-jungen-90x90.webp 90w, https:\/\/media.babyartikel.de\/magazin\/wp-content\/uploads\/2020\/03\/seltene-namen-biblisch-jungen-192x192.webp 192w, https:\/\/media.babyartikel.de\/magazin\/wp-content\/uploads\/2020\/03\/seltene-namen-biblisch-jungen-96x96.webp 96w, https:\/\/media.babyartikel.de\/magazin\/wp-content\/uploads\/2020\/03\/seltene-namen-biblisch-jungen-25x25.webp 25w\" sizes=\"auto, (max-width: 1000px) 100vw, 1000px\"><\/figure><h3 class=\"wp-block-heading\" id=\"h-seltene-biblische-vornamen-fur-madchen-nbsp\">Seltene biblische Vornamen f&uuml;r M&auml;dchen&nbsp;<\/h3><ul class=\"wp-block-list\">\n<li>Delilah<\/li>\n\n\n\n<li>Debora \/ Deborah<\/li>\n\n\n\n<li>Jael \/ Yael<\/li>\n\n\n\n<li>Jedida<\/li>\n\n\n\n<li>Esther<\/li>\n\n\n\n<li>Jeruscha<\/li>\n\n\n\n<li>Zilla<\/li>\n\n\n\n<li>Salome<\/li>\n\n\n\n<li>Tarja<\/li>\n\n\n\n<li>Sarai<\/li>\n\n\n\n<li>Mirjam \/ Miriam<\/li>\n\n\n\n<li>Naira<\/li>\n\n\n\n<li>Tirza<\/li>\n\n\n\n<li>Rachel<\/li>\n\n\n\n<li>Tabita<\/li>\n<\/ul><figure class=\"wp-block-image size-full\"><img loading=\"lazy\" decoding=\"async\" width=\"1000\" height=\"1000\" src=\"https:\/\/media.babyartikel.de\/magazin\/wp-content\/uploads\/2020\/03\/seltene-namen-biblisch-maedchen.webp\" alt=\"\" class=\"wp-image-959905\" srcset=\"https:\/\/media.babyartikel.de\/magazin\/wp-content\/uploads\/2020\/03\/seltene-namen-biblisch-maedchen.webp 1000w, https:\/\/media.babyartikel.de\/magazin\/wp-content\/uploads\/2020\/03\/seltene-namen-biblisch-maedchen-690x690.webp 690w, https:\/\/media.babyartikel.de\/magazin\/wp-content\/uploads\/2020\/03\/seltene-namen-biblisch-maedchen-150x150.webp 150w, https:\/\/media.babyartikel.de\/magazin\/wp-content\/uploads\/2020\/03\/seltene-namen-biblisch-maedchen-768x768.webp 768w, https:\/\/media.babyartikel.de\/magazin\/wp-content\/uploads\/2020\/03\/seltene-namen-biblisch-maedchen-631x631.webp 631w, https:\/\/media.babyartikel.de\/magazin\/wp-content\/uploads\/2020\/03\/seltene-namen-biblisch-maedchen-415x415.webp 415w, https:\/\/media.babyartikel.de\/magazin\/wp-content\/uploads\/2020\/03\/seltene-namen-biblisch-maedchen-412x412.webp 412w, https:\/\/media.babyartikel.de\/magazin\/wp-content\/uploads\/2020\/03\/seltene-namen-biblisch-maedchen-391x391.webp 391w, https:\/\/media.babyartikel.de\/magazin\/wp-content\/uploads\/2020\/03\/seltene-namen-biblisch-maedchen-376x376.webp 376w, https:\/\/media.babyartikel.de\/magazin\/wp-content\/uploads\/2020\/03\/seltene-namen-biblisch-maedchen-360x360.webp 360w, https:\/\/media.babyartikel.de\/magazin\/wp-content\/uploads\/2020\/03\/seltene-namen-biblisch-maedchen-40x40.webp 40w, https:\/\/media.babyartikel.de\/magazin\/wp-content\/uploads\/2020\/03\/seltene-namen-biblisch-maedchen-90x90.webp 90w, https:\/\/media.babyartikel.de\/magazin\/wp-content\/uploads\/2020\/03\/seltene-namen-biblisch-maedchen-192x192.webp 192w, https:\/\/media.babyartikel.de\/magazin\/wp-content\/uploads\/2020\/03\/seltene-namen-biblisch-maedchen-96x96.webp 96w, https:\/\/media.babyartikel.de\/magazin\/wp-content\/uploads\/2020\/03\/seltene-namen-biblisch-maedchen-25x25.webp 25w\" sizes=\"auto, (max-width: 1000px) 100vw, 1000px\"><\/figure><p>Es existieren unz&auml;hlige Vornamen. Um den Richtigen zu finden, lohnt eine ausgedehnte Recherche, schlie&szlig;lich wird ihn Dein Baby <strong>ein Leben lang tragen<\/strong>. Neben der klassischen Namenslekt&uuml;re kannst Du beispielsweise auch <strong>Geschichtsb&uuml;cher, Sagen oder Heilige Schriften<\/strong> w&auml;lzen. Dort findest Du viele Vorschl&auml;ge. Inspirierend ist oftmals auch das Lebenswerk der verbrieften Personen. Wer einen <strong>Helden der Vergangenheit<\/strong> bewusst als Namensgeber f&uuml;r sein Kind ausw&auml;hlt, der kann immer eine spannende Anekdote zum Besten geben.&nbsp;&nbsp;<\/p><p>Einer unserer Favoriten f&uuml;r die Tochter war der Name&nbsp;Hippolyta. Wir nannten das Baby in meinem Bauch immer&nbsp;Hippo, weil es auf dem ersten Ultraschall wie ein kleines Nilpferdchen aussah. Uns gefiel auch der Klang des Namens sehr. Als wir mit Familie und Freunden &uuml;ber die Idee sprachen, waren die <strong>Reaktionen <\/strong>allerdings durchwegs negativ. Von schockiert bis verst&auml;ndnislos war alles dabei. Dadurch, dass der Gro&szlig;teil der R&uuml;ckmeldungen ablehnend war, haben wir uns dann f&uuml;r einen g&auml;ngigeren Namen entschieden. <strong>Mittlerweile bin ich sehr froh dar&uuml;ber.<\/strong>&nbsp;&nbsp;<\/p><p>&Uuml;brigens habe ich auch einen Beitrag dazu geschrieben, ob Du den Babynamen vor der Geburt verraten solltest oder nicht. Meine Tipps diesbez&uuml;glich findest Du&nbsp;<a rel=\"noreferrer noopener\" href=\"https:\/\/www.babyartikel.de\/magazin\/soll-ich-den-babynamen-vorher-verraten-oder-lieber-nicht\" target=\"_blank\">hier<\/a>.&nbsp;&nbsp;<\/p><hr class=\"wp-block-separator has-css-opacity\"><p><em>Was haltet Ihr von seltenen Vornamen? Wie habt Ihr den Namen f&uuml;r Euer Kind ausgew&auml;hlt? Wir freuen uns &uuml;ber Eure Geschichte in den Kommentaren! <\/em><\/p><p><\/p><div class=\"credits-overlay\" data-target=\".wp-image-803931\"><a href=\"#\" target=\"_blank\">&copy; adrian_ilie825 &ndash; stock.adobe.com<\/a><\/div><\/p>\n","protected":false},"excerpt":{"rendered":"<p>Emilia, Leon, Mia und Noah &ndash; nur einige Beispiele der beliebtesten Namen in Deutschland. Seit Jahren werden unz&auml;hlige S&auml;uglinge so getauft. Das Resultat: In Kindergarten und Schule besuchen mehrere Kinder mit dem gleichen Vornamen die Gruppe oder Klasse. Wird der Name gerufen, herrscht zun&auml;chst Verwirrung dar&uuml;ber, wer &uuml;berhaupt gemeint ist. W&auml;hlen die Eltern dagegen seltene [&#8230;]<\/p>\n<p><a class=\"btn btn-secondary understrap-read-more-link\" href=\"https:\/\/www.babyartikel.de\/magazin\/seltene-vornamen-verwechslungsgefahr-ausgeschlossen\">Weiterlesen&#8230;<\/a><\/p>\n","protected":false},"author":104,"featured_media":803931,"comment_status":"open","ping_status":"closed","sticky":false,"template":"","format":"standard","meta":{"_acf_changed":false,"footnotes":""},"categories":[79,34,2797],"tags":[11989],"class_list":["post-804819","post","type-post","status-publish","format-standard","has-post-thumbnail","hentry","category-baby","category-schwangerschaft","category-geburtsvorbereitung","tag-vornamen"],"acf":[],"yoast_head":"<!-- This site is optimized with the Yoast SEO Premium plugin v27.2 (Yoast SEO v27.2) - https:\/\/yoast.com\/product\/yoast-seo-premium-wordpress\/ -->\n<title>Seltene Vornamen: Verwechslungsgefahr ausgeschlossen!<\/title>\n<meta name=\"description\" content=\"Wer f\u00fcr sein Kind einen seltenen Vornamen sucht, wird hier f\u00fcndig! Wir erkl\u00e4ren auch, was erlaubt ist \u2714 und was gar nicht geht \u2718\" \/>\n<meta name=\"robots\" content=\"index, follow, max-snippet:-1, max-image-preview:large, max-video-preview:-1\" \/>\n<link rel=\"canonical\" href=\"https:\/\/www.babyartikel.de\/magazin\/seltene-vornamen-verwechslungsgefahr-ausgeschlossen\" \/>\n<meta property=\"og:locale\" content=\"de_DE\" \/>\n<meta property=\"og:type\" content=\"article\" \/>\n<meta property=\"og:title\" content=\"Seltene Vornamen: Verwechslungsgefahr ausgeschlossen\" \/>\n<meta property=\"og:description\" content=\"Wer f\u00fcr sein Kind einen seltenen Vornamen sucht, wird hier f\u00fcndig! Wir erkl\u00e4ren auch, was erlaubt ist \u2714 und was gar nicht geht \u2718\" \/>\n<meta property=\"og:url\" content=\"https:\/\/www.babyartikel.de\/magazin\/seltene-vornamen-verwechslungsgefahr-ausgeschlossen\" \/>\n<meta property=\"og:site_name\" content=\"Babyartikel.de Magazin\" \/>\n<meta property=\"article:published_time\" content=\"2020-03-07T07:59:00+00:00\" \/>\n<meta property=\"article:modified_time\" content=\"2025-04-24T11:42:50+00:00\" \/>\n<meta property=\"og:image\" content=\"https:\/\/cdn.magazin.babyartikel.de\/magazin\/wp-content\/uploads\/2020\/03\/seltene-namen.png\" \/>\n\t<meta property=\"og:image:width\" content=\"1050\" \/>\n\t<meta property=\"og:image:height\" content=\"549\" \/>\n\t<meta property=\"og:image:type\" content=\"image\/png\" \/>\n<meta name=\"author\" content=\"Julia Starkey\" \/>\n<meta name=\"twitter:card\" content=\"summary_large_image\" \/>\n<meta name=\"twitter:label1\" content=\"Verfasst von\" \/>\n\t<meta name=\"twitter:data1\" content=\"Julia Starkey\" \/>\n\t<meta name=\"twitter:label2\" content=\"Gesch\u00e4tzte Lesezeit\" \/>\n\t<meta name=\"twitter:data2\" content=\"8\u00a0Minuten\" \/>\n<script type=\"application\/ld+json\" class=\"yoast-schema-graph\">{\"@context\":\"https:\/\/schema.org\",\"@graph\":[{\"@type\":\"Article\",\"@id\":\"https:\/\/www.babyartikel.de\/magazin\/seltene-vornamen-verwechslungsgefahr-ausgeschlossen#article\",\"isPartOf\":{\"@id\":\"https:\/\/www.babyartikel.de\/magazin\/seltene-vornamen-verwechslungsgefahr-ausgeschlossen\"},\"author\":{\"name\":\"Julia Starkey\",\"@id\":\"https:\/\/www.babyartikel.de\/magazin\/#\/schema\/person\/a78cef54bc738f4744e638de843ab745\"},\"headline\":\"Seltene Vornamen: Verwechslungsgefahr ausgeschlossen\",\"datePublished\":\"2020-03-07T07:59:00+00:00\",\"dateModified\":\"2025-04-24T11:42:50+00:00\",\"mainEntityOfPage\":{\"@id\":\"https:\/\/www.babyartikel.de\/magazin\/seltene-vornamen-verwechslungsgefahr-ausgeschlossen\"},\"wordCount\":1197,\"commentCount\":1,\"image\":{\"@id\":\"https:\/\/www.babyartikel.de\/magazin\/seltene-vornamen-verwechslungsgefahr-ausgeschlossen#primaryimage\"},\"thumbnailUrl\":\"https:\/\/media.babyartikel.de\/magazin\/wp-content\/uploads\/2020\/01\/babynamen-2020-trend-scaled.jpeg\",\"keywords\":[\"vornamen\"],\"articleSection\":[\"Baby\",\"Schwangerschaft\",\"Vor der Geburt\"],\"inLanguage\":\"de\",\"potentialAction\":[{\"@type\":\"CommentAction\",\"name\":\"Comment\",\"target\":[\"https:\/\/www.babyartikel.de\/magazin\/seltene-vornamen-verwechslungsgefahr-ausgeschlossen#respond\"]}]},{\"@type\":\"WebPage\",\"@id\":\"https:\/\/www.babyartikel.de\/magazin\/seltene-vornamen-verwechslungsgefahr-ausgeschlossen\",\"url\":\"https:\/\/www.babyartikel.de\/magazin\/seltene-vornamen-verwechslungsgefahr-ausgeschlossen\",\"name\":\"Seltene Vornamen: Verwechslungsgefahr ausgeschlossen!\",\"isPartOf\":{\"@id\":\"https:\/\/www.babyartikel.de\/magazin\/#website\"},\"primaryImageOfPage\":{\"@id\":\"https:\/\/www.babyartikel.de\/magazin\/seltene-vornamen-verwechslungsgefahr-ausgeschlossen#primaryimage\"},\"image\":{\"@id\":\"https:\/\/www.babyartikel.de\/magazin\/seltene-vornamen-verwechslungsgefahr-ausgeschlossen#primaryimage\"},\"thumbnailUrl\":\"https:\/\/media.babyartikel.de\/magazin\/wp-content\/uploads\/2020\/01\/babynamen-2020-trend-scaled.jpeg\",\"datePublished\":\"2020-03-07T07:59:00+00:00\",\"dateModified\":\"2025-04-24T11:42:50+00:00\",\"author\":{\"@id\":\"https:\/\/www.babyartikel.de\/magazin\/#\/schema\/person\/a78cef54bc738f4744e638de843ab745\"},\"description\":\"Wer f\u00fcr sein Kind einen seltenen Vornamen sucht, wird hier f\u00fcndig! Wir erkl\u00e4ren auch, was erlaubt ist \u2714 und was gar nicht geht \u2718\",\"breadcrumb\":{\"@id\":\"https:\/\/www.babyartikel.de\/magazin\/seltene-vornamen-verwechslungsgefahr-ausgeschlossen#breadcrumb\"},\"inLanguage\":\"de\",\"potentialAction\":[{\"@type\":\"ReadAction\",\"target\":[\"https:\/\/www.babyartikel.de\/magazin\/seltene-vornamen-verwechslungsgefahr-ausgeschlossen\"]}]},{\"@type\":\"ImageObject\",\"inLanguage\":\"de\",\"@id\":\"https:\/\/www.babyartikel.de\/magazin\/seltene-vornamen-verwechslungsgefahr-ausgeschlossen#primaryimage\",\"url\":\"https:\/\/media.babyartikel.de\/magazin\/wp-content\/uploads\/2020\/01\/babynamen-2020-trend-scaled.jpeg\",\"contentUrl\":\"https:\/\/media.babyartikel.de\/magazin\/wp-content\/uploads\/2020\/01\/babynamen-2020-trend-scaled.jpeg\",\"width\":2560,\"height\":1707,\"caption\":\"seltene namen baby namen einzigartig alt biblisch\"},{\"@type\":\"BreadcrumbList\",\"@id\":\"https:\/\/www.babyartikel.de\/magazin\/seltene-vornamen-verwechslungsgefahr-ausgeschlossen#breadcrumb\",\"itemListElement\":[{\"@type\":\"ListItem\",\"position\":1,\"name\":\"Startseite\",\"item\":\"https:\/\/www.babyartikel.de\/magazin\"},{\"@type\":\"ListItem\",\"position\":2,\"name\":\"Seltene Vornamen: Verwechslungsgefahr ausgeschlossen\"}]},{\"@type\":\"WebSite\",\"@id\":\"https:\/\/www.babyartikel.de\/magazin\/#website\",\"url\":\"https:\/\/www.babyartikel.de\/magazin\/\",\"name\":\"Babyartikel.de Magazin\",\"description\":\"\",\"potentialAction\":[{\"@type\":\"SearchAction\",\"target\":{\"@type\":\"EntryPoint\",\"urlTemplate\":\"https:\/\/www.babyartikel.de\/magazin\/?s={search_term_string}\"},\"query-input\":{\"@type\":\"PropertyValueSpecification\",\"valueRequired\":true,\"valueName\":\"search_term_string\"}}],\"inLanguage\":\"de\"},{\"@type\":\"Person\",\"@id\":\"https:\/\/www.babyartikel.de\/magazin\/#\/schema\/person\/a78cef54bc738f4744e638de843ab745\",\"name\":\"Julia Starkey\",\"image\":{\"@type\":\"ImageObject\",\"inLanguage\":\"de\",\"@id\":\"https:\/\/secure.gravatar.com\/avatar\/010c984bef0b0f8e88895fd8dec7eb2c5f0118982f4b682256cfc6667ba4ee5a?s=96&d=mm&r=g\",\"url\":\"https:\/\/secure.gravatar.com\/avatar\/010c984bef0b0f8e88895fd8dec7eb2c5f0118982f4b682256cfc6667ba4ee5a?s=96&d=mm&r=g\",\"contentUrl\":\"https:\/\/secure.gravatar.com\/avatar\/010c984bef0b0f8e88895fd8dec7eb2c5f0118982f4b682256cfc6667ba4ee5a?s=96&d=mm&r=g\",\"caption\":\"Julia Starkey\"},\"description\":\"Vor mehr als 10 Jahren startete ich als Bloggerin f\u00fcr Familien-, Gesundheits- und Lifestyle-Themen durch. Dann wurde ich im Herbst 2015 selbst Mutter einer bezaubernden Tochter. Gemeinsam leben wir in unserer Wahlheimat Bali. Meine Leidenschaft ist die Recherche zu unterschiedlichsten Themen. Es erf\u00fcllt mein Herz, dass ich hier meine Erkenntnisse, aber auch pers\u00f6nlichen Erfahrungen als Mama mit Dir teilen darf.\",\"sameAs\":[\"https:\/\/julia-starkey.de\/\",\"https:\/\/www.instagram.com\/julia.starkey.official\/\"],\"url\":\"https:\/\/www.babyartikel.de\/magazin\/author\/julia-trippingtribe\"}]}<\/script>\n<!-- \/ Yoast SEO Premium plugin. -->","yoast_head_json":{"title":"Seltene Vornamen: Verwechslungsgefahr ausgeschlossen!","description":"Wer f\u00fcr sein Kind einen seltenen Vornamen sucht, wird hier f\u00fcndig! Wir erkl\u00e4ren auch, was erlaubt ist \u2714 und was gar nicht geht \u2718","robots":{"index":"index","follow":"follow","max-snippet":"max-snippet:-1","max-image-preview":"max-image-preview:large","max-video-preview":"max-video-preview:-1"},"canonical":"https:\/\/www.babyartikel.de\/magazin\/seltene-vornamen-verwechslungsgefahr-ausgeschlossen","og_locale":"de_DE","og_type":"article","og_title":"Seltene Vornamen: Verwechslungsgefahr ausgeschlossen","og_description":"Wer f\u00fcr sein Kind einen seltenen Vornamen sucht, wird hier f\u00fcndig! Wir erkl\u00e4ren auch, was erlaubt ist \u2714 und was gar nicht geht \u2718","og_url":"https:\/\/www.babyartikel.de\/magazin\/seltene-vornamen-verwechslungsgefahr-ausgeschlossen","og_site_name":"Babyartikel.de Magazin","article_published_time":"2020-03-07T07:59:00+00:00","article_modified_time":"2025-04-24T11:42:50+00:00","og_image":[{"width":1050,"height":549,"url":"https:\/\/cdn.magazin.babyartikel.de\/magazin\/wp-content\/uploads\/2020\/03\/seltene-namen.png","type":"image\/png"}],"author":"Julia Starkey","twitter_card":"summary_large_image","twitter_misc":{"Verfasst von":"Julia Starkey","Gesch\u00e4tzte Lesezeit":"8\u00a0Minuten"},"schema":{"@context":"https:\/\/schema.org","@graph":[{"@type":"Article","@id":"https:\/\/www.babyartikel.de\/magazin\/seltene-vornamen-verwechslungsgefahr-ausgeschlossen#article","isPartOf":{"@id":"https:\/\/www.babyartikel.de\/magazin\/seltene-vornamen-verwechslungsgefahr-ausgeschlossen"},"author":{"name":"Julia Starkey","@id":"https:\/\/www.babyartikel.de\/magazin\/#\/schema\/person\/a78cef54bc738f4744e638de843ab745"},"headline":"Seltene Vornamen: Verwechslungsgefahr ausgeschlossen","datePublished":"2020-03-07T07:59:00+00:00","dateModified":"2025-04-24T11:42:50+00:00","mainEntityOfPage":{"@id":"https:\/\/www.babyartikel.de\/magazin\/seltene-vornamen-verwechslungsgefahr-ausgeschlossen"},"wordCount":1197,"commentCount":1,"image":{"@id":"https:\/\/www.babyartikel.de\/magazin\/seltene-vornamen-verwechslungsgefahr-ausgeschlossen#primaryimage"},"thumbnailUrl":"https:\/\/media.babyartikel.de\/magazin\/wp-content\/uploads\/2020\/01\/babynamen-2020-trend-scaled.jpeg","keywords":["vornamen"],"articleSection":["Baby","Schwangerschaft","Vor der Geburt"],"inLanguage":"de","potentialAction":[{"@type":"CommentAction","name":"Comment","target":["https:\/\/www.babyartikel.de\/magazin\/seltene-vornamen-verwechslungsgefahr-ausgeschlossen#respond"]}]},{"@type":"WebPage","@id":"https:\/\/www.babyartikel.de\/magazin\/seltene-vornamen-verwechslungsgefahr-ausgeschlossen","url":"https:\/\/www.babyartikel.de\/magazin\/seltene-vornamen-verwechslungsgefahr-ausgeschlossen","name":"Seltene Vornamen: Verwechslungsgefahr ausgeschlossen!","isPartOf":{"@id":"https:\/\/www.babyartikel.de\/magazin\/#website"},"primaryImageOfPage":{"@id":"https:\/\/www.babyartikel.de\/magazin\/seltene-vornamen-verwechslungsgefahr-ausgeschlossen#primaryimage"},"image":{"@id":"https:\/\/www.babyartikel.de\/magazin\/seltene-vornamen-verwechslungsgefahr-ausgeschlossen#primaryimage"},"thumbnailUrl":"https:\/\/media.babyartikel.de\/magazin\/wp-content\/uploads\/2020\/01\/babynamen-2020-trend-scaled.jpeg","datePublished":"2020-03-07T07:59:00+00:00","dateModified":"2025-04-24T11:42:50+00:00","author":{"@id":"https:\/\/www.babyartikel.de\/magazin\/#\/schema\/person\/a78cef54bc738f4744e638de843ab745"},"description":"Wer f\u00fcr sein Kind einen seltenen Vornamen sucht, wird hier f\u00fcndig! Wir erkl\u00e4ren auch, was erlaubt ist \u2714 und was gar nicht geht \u2718","breadcrumb":{"@id":"https:\/\/www.babyartikel.de\/magazin\/seltene-vornamen-verwechslungsgefahr-ausgeschlossen#breadcrumb"},"inLanguage":"de","potentialAction":[{"@type":"ReadAction","target":["https:\/\/www.babyartikel.de\/magazin\/seltene-vornamen-verwechslungsgefahr-ausgeschlossen"]}]},{"@type":"ImageObject","inLanguage":"de","@id":"https:\/\/www.babyartikel.de\/magazin\/seltene-vornamen-verwechslungsgefahr-ausgeschlossen#primaryimage","url":"https:\/\/media.babyartikel.de\/magazin\/wp-content\/uploads\/2020\/01\/babynamen-2020-trend-scaled.jpeg","contentUrl":"https:\/\/media.babyartikel.de\/magazin\/wp-content\/uploads\/2020\/01\/babynamen-2020-trend-scaled.jpeg","width":2560,"height":1707,"caption":"seltene namen baby namen einzigartig alt biblisch"},{"@type":"BreadcrumbList","@id":"https:\/\/www.babyartikel.de\/magazin\/seltene-vornamen-verwechslungsgefahr-ausgeschlossen#breadcrumb","itemListElement":[{"@type":"ListItem","position":1,"name":"Startseite","item":"https:\/\/www.babyartikel.de\/magazin"},{"@type":"ListItem","position":2,"name":"Seltene Vornamen: Verwechslungsgefahr ausgeschlossen"}]},{"@type":"WebSite","@id":"https:\/\/www.babyartikel.de\/magazin\/#website","url":"https:\/\/www.babyartikel.de\/magazin\/","name":"Babyartikel.de Magazin","description":"","potentialAction":[{"@type":"SearchAction","target":{"@type":"EntryPoint","urlTemplate":"https:\/\/www.babyartikel.de\/magazin\/?s={search_term_string}"},"query-input":{"@type":"PropertyValueSpecification","valueRequired":true,"valueName":"search_term_string"}}],"inLanguage":"de"},{"@type":"Person","@id":"https:\/\/www.babyartikel.de\/magazin\/#\/schema\/person\/a78cef54bc738f4744e638de843ab745","name":"Julia Starkey","image":{"@type":"ImageObject","inLanguage":"de","@id":"https:\/\/secure.gravatar.com\/avatar\/010c984bef0b0f8e88895fd8dec7eb2c5f0118982f4b682256cfc6667ba4ee5a?s=96&d=mm&r=g","url":"https:\/\/secure.gravatar.com\/avatar\/010c984bef0b0f8e88895fd8dec7eb2c5f0118982f4b682256cfc6667ba4ee5a?s=96&d=mm&r=g","contentUrl":"https:\/\/secure.gravatar.com\/avatar\/010c984bef0b0f8e88895fd8dec7eb2c5f0118982f4b682256cfc6667ba4ee5a?s=96&d=mm&r=g","caption":"Julia Starkey"},"description":"Vor mehr als 10 Jahren startete ich als Bloggerin f\u00fcr Familien-, Gesundheits- und Lifestyle-Themen durch. Dann wurde ich im Herbst 2015 selbst Mutter einer bezaubernden Tochter. Gemeinsam leben wir in unserer Wahlheimat Bali. Meine Leidenschaft ist die Recherche zu unterschiedlichsten Themen. Es erf\u00fcllt mein Herz, dass ich hier meine Erkenntnisse, aber auch pers\u00f6nlichen Erfahrungen als Mama mit Dir teilen darf.","sameAs":["https:\/\/julia-starkey.de\/","https:\/\/www.instagram.com\/julia.starkey.official\/"],"url":"https:\/\/www.babyartikel.de\/magazin\/author\/julia-trippingtribe"}]}},"abstract_sku":"","_links":{"self":[{"href":"https:\/\/www.babyartikel.de\/magazin\/wp-json\/wp\/v2\/posts\/804819","targetHints":{"allow":["GET"]}}],"collection":[{"href":"https:\/\/www.babyartikel.de\/magazin\/wp-json\/wp\/v2\/posts"}],"about":[{"href":"https:\/\/www.babyartikel.de\/magazin\/wp-json\/wp\/v2\/types\/post"}],"author":[{"embeddable":true,"href":"https:\/\/www.babyartikel.de\/magazin\/wp-json\/wp\/v2\/users\/104"}],"replies":[{"embeddable":true,"href":"https:\/\/www.babyartikel.de\/magazin\/wp-json\/wp\/v2\/comments?post=804819"}],"version-history":[{"count":60,"href":"https:\/\/www.babyartikel.de\/magazin\/wp-json\/wp\/v2\/posts\/804819\/revisions"}],"predecessor-version":[{"id":959906,"href":"https:\/\/www.babyartikel.de\/magazin\/wp-json\/wp\/v2\/posts\/804819\/revisions\/959906"}],"wp:featuredmedia":[{"embeddable":true,"href":"https:\/\/www.babyartikel.de\/magazin\/wp-json\/wp\/v2\/media\/803931"}],"wp:attachment":[{"href":"https:\/\/www.babyartikel.de\/magazin\/wp-json\/wp\/v2\/media?parent=804819"}],"wp:term":[{"taxonomy":"category","embeddable":true,"href":"https:\/\/www.babyartikel.de\/magazin\/wp-json\/wp\/v2\/categories?post=804819"},{"taxonomy":"post_tag","embeddable":true,"href":"https:\/\/www.babyartikel.de\/magazin\/wp-json\/wp\/v2\/tags?post=804819"}],"curies":[{"name":"wp","href":"https:\/\/api.w.org\/{rel}","templated":true}]}}