
{"id":805711,"date":"2020-03-03T10:41:24","date_gmt":"2020-03-03T09:41:24","guid":{"rendered":"https:\/\/www.babyartikel.de\/magazin\/?p=805711"},"modified":"2024-09-06T14:06:47","modified_gmt":"2024-09-06T12:06:47","slug":"coronavirus-bei-kindern-und-babys-risiko-symptome-und-massnahmen","status":"publish","type":"post","link":"https:\/\/www.babyartikel.de\/magazin\/coronavirus-bei-kindern-und-babys-risiko-symptome-und-massnahmen","title":{"rendered":"Coronavirus bei Kindern und Babys: Risiko, Symptome und Ma\u00dfnahmen"},"content":{"rendered":"<p>Die<img loading=\"lazy\" decoding=\"async\" src=\"https:\/\/ssl-vg03.met.vgwort.de\/na\/10bcfd7ffd254e859cf282f099f57d98\" width=\"1\" height=\"1\" alt=\"\"> Meldungen zur Ausbreitung des neuartigen Coronavirus &uuml;berschlagen sich. W&auml;hrend sich &ndash; in dem Moment, in dem ich diesen Beitrag schreibe &ndash; die Infektionszahlen in Deutschland mehren, wird in China ein leichter R&uuml;ckgang verzeichnet. Bei  SARS-CoV-2, einem Virus, das unter dem Namen Coronavirus traurige Ber&uuml;hmtheit erlangt, handelt es sich um eine neuartige Form. Eine weltweite Pandemie wird nicht mehr ausgeschlossen. Wie hoch ist das Risiko, dass unsere <strong>Babys und Kinder an dem Coronavirus erkranken<\/strong>? Wie <strong>erkennen<\/strong> wir ihn und welche <strong>Ma&szlig;nahmen <\/strong>lassen sich ergreifen?<div id=\"ez-toc-container\" class=\"ez-toc-v2_0_82_2 counter-flat ez-toc-counter ez-toc-white ez-toc-container-direction\">\n<div class=\"ez-toc-title-container\">\n<p class=\"ez-toc-title\" style=\"cursor:inherit\">Inhaltsverzeichnis<\/p>\n<span class=\"ez-toc-title-toggle\"><a href=\"#\" class=\"ez-toc-pull-right ez-toc-btn ez-toc-btn-xs ez-toc-btn-default ez-toc-toggle\" aria-label=\"Toggle Table of Content\"><span class=\"ez-toc-js-icon-con\"><span class=\"\"><span class=\"eztoc-hide\" style=\"display:none;\">Toggle<\/span><span class=\"ez-toc-icon-toggle-span\"><svg style=\"fill: #999;color:#999\" xmlns=\"http:\/\/www.w3.org\/2000\/svg\" class=\"list-377408\" width=\"20px\" height=\"20px\" viewBox=\"0 0 24 24\" fill=\"none\"><path d=\"M6 6H4v2h2V6zm14 0H8v2h12V6zM4 11h2v2H4v-2zm16 0H8v2h12v-2zM4 16h2v2H4v-2zm16 0H8v2h12v-2z\" fill=\"currentColor\"><\/path><\/svg><svg style=\"fill: #999;color:#999\" class=\"arrow-unsorted-368013\" xmlns=\"http:\/\/www.w3.org\/2000\/svg\" width=\"10px\" height=\"10px\" viewBox=\"0 0 24 24\" version=\"1.2\" baseProfile=\"tiny\"><path d=\"M18.2 9.3l-6.2-6.3-6.2 6.3c-.2.2-.3.4-.3.7s.1.5.3.7c.2.2.4.3.7.3h11c.3 0 .5-.1.7-.3.2-.2.3-.5.3-.7s-.1-.5-.3-.7zM5.8 14.7l6.2 6.3 6.2-6.3c.2-.2.3-.5.3-.7s-.1-.5-.3-.7c-.2-.2-.4-.3-.7-.3h-11c-.3 0-.5.1-.7.3-.2.2-.3.5-.3.7s.1.5.3.7z\"\/><\/svg><\/span><\/span><\/span><\/a><\/span><\/div>\n<nav><ul class='ez-toc-list ez-toc-list-level-1 ' ><li class='ez-toc-page-1'><a class=\"ez-toc-link ez-toc-heading-1\" href=\"https:\/\/www.babyartikel.de\/magazin\/coronavirus-bei-kindern-und-babys-risiko-symptome-und-massnahmen\/#Coronavirus_Was_steckt_dahinter\" >Coronavirus: Was steckt dahinter?<\/a><\/li><li class='ez-toc-page-1'><a class=\"ez-toc-link ez-toc-heading-2\" href=\"https:\/\/www.babyartikel.de\/magazin\/coronavirus-bei-kindern-und-babys-risiko-symptome-und-massnahmen\/#Wie_hoch_ist_das_Corona-Risiko_fuer_Kinder_und_Babys\" >Wie hoch ist das Corona-Risiko f&uuml;r Kinder und Babys?<\/a><\/li><li class='ez-toc-page-1'><a class=\"ez-toc-link ez-toc-heading-3\" href=\"https:\/\/www.babyartikel.de\/magazin\/coronavirus-bei-kindern-und-babys-risiko-symptome-und-massnahmen\/#Welche_Symptome_deuten_auf_eine_Infektion_mit_dem_Coronavirus_bei_Kindern_hin\" >Welche Symptome deuten auf eine Infektion mit dem Coronavirus bei Kindern hin?<\/a><\/li><li class='ez-toc-page-1'><a class=\"ez-toc-link ez-toc-heading-4\" href=\"https:\/\/www.babyartikel.de\/magazin\/coronavirus-bei-kindern-und-babys-risiko-symptome-und-massnahmen\/#Welche_Praeventionsmassnahmen_kannst_Du_fuer_Deine_Kinder_ergreifen\" >Welche Pr&auml;ventionsma&szlig;nahmen kannst Du f&uuml;r Deine Kinder ergreifen?<\/a><\/li><li class='ez-toc-page-1'><a class=\"ez-toc-link ez-toc-heading-5\" href=\"https:\/\/www.babyartikel.de\/magazin\/coronavirus-bei-kindern-und-babys-risiko-symptome-und-massnahmen\/#Mein_Fazit_Entwarnung_fuer_Eltern\" >Mein Fazit: Entwarnung f&uuml;r Eltern<\/a><\/li><\/ul><\/nav><\/div>\n<h2 class=\"wp-block-heading\" id=\"h-coronavirus-was-steckt-dahinter\"><span class=\"ez-toc-section\" id=\"Coronavirus_Was_steckt_dahinter\"><\/span>Coronavirus: Was steckt dahinter?<span class=\"ez-toc-section-end\"><\/span><\/h2><p>Seit Ende 2019 h&auml;lt COVID-19 (Coronavirus Disease 19) die Welt in Schach.  Das neuartige Virus SARS-CoV-2 z&auml;hlt zu den Coronaviren: einer Virenfamilie, die zur Ordnung Nidovirales z&auml;hlen. Coronaviren befallen Wirbeltiere. Nur 7 unterschiedliche Coronaviren k&ouml;nnen Menschen infizieren, der Rest vorwiegend Hunde, Katzen und Nager.<\/p><p>Vermutlich macht <strong>beinahe jeder Mensch im Laufe seines Lebens<\/strong> eine Infektion mit irgendeinem Coronavirus durch. Normalerweise verl&auml;uft die Erkrankung leicht und ohne Komplikationen. Aufgrund der Wandelbarkeit und der Mutationsfreudigkeit der Viren kommt es aber auch immer wieder zu Herausforderungen, wie die SARS-Pandemie 2002\/2003 beweist. <\/p><div class=\"marketing-slot\"><div id=\"block-18\" class=\"content-post-widget marketing-slot-1 widget_block\"><a href=\"#\" class=\"newsletter_popup\" style=\"\n  display: inline-block;\n  box-shadow: 0 4px 10px rgba(0,0,0,0.1);\n  margin: 20px auto;\n  max-width: 800px;\n  width: 100%;\">\n  <img src=\"https:\/\/media.babyartikel.de\/magazin\/wp-content\/uploads\/2025\/08\/NL-Banner-Magazin-8-25.webp\" alt=\"Newsletter Banner\" style=\"\n    width: 100%;\n    height: auto;\n    display: block;\" onclick=\"ga('send', 'event', 'banner', 'click', 'magazin-banner-newsletter-8-25');\">\n<\/a>\n\n\t<!-- Modal -->\n\t<div class=\"modal fade modal_popup\" id=\"newsletter_popup\" tabindex=\"-1\" aria-labelledby=\"exampleModalLabel\" aria-hidden=\"true\">\n\t\t<div class=\"modal-dialog modal-dialog-centered modal-dialog-scrollable\">\n\t\t\t<div class=\"modal-content\">\n\t\t\t\t<div class=\"modal-header small-header\">\n\t\t\t\t\t<h5 class=\"modal-title\" id=\"newsletterModalLabel\">\n\t\t\t\t\t\tNewsletter\t\t\t\t\t<\/h5>\n\t\t\t\t\t<button type=\"button\" class=\"btn-close small-close\" data-bs-dismiss=\"modal\" aria-label=\"Close\"><\/button>\n\t\t\t\t<\/div>\n\n\t\t\t\t<div class=\"modal-body\">\n\t\t\t\t\t\t<div class=\"newsletterForm-embed popup-form\">\n        <form name=\"newsletterSubscriptionForm\" id=\"newsletter_popup_69f5a6f1a9991_form\" data-newsletter-id=\"newsletter_popup_69f5a6f1a9991\" method=\"POST\">\n\n\t\t\t<input type=\"text\" name=\"website\" class=\"hidden\" tabindex=\"-1\" autocomplete=\"off\" style=\"position:absolute;left:-9999px;\">\n\t\t\t<input type=\"hidden\" name=\"ts\" value=\"1777706737\">\n\n\t\t\t                <input type=\"hidden\" name=\"emarsys-event-id\" value=\"3756\">\n            \n            \t\t\t<div class=\"mb-3\">\n\t\t\t\t<label for=\"date\" class=\"form-label\">Geburtstag\/ -termin Deines Babys<\/label>\n                <input type=\"date\" name=\"date\" class=\"input input--expand form-control\" required>\n\t\t\t<\/div>\n            \n\t\t\t<div class=\"mb-3\">\n\t\t\t\t<label for=\"email\" class=\"form-label\">E-Mail-Adresse<\/label>\n\t\t\t\t<input type=\"email\" name=\"email\" placeholder=\"E-Mail-Adresse\" class=\"input input--expand form-control\" required>\n\t\t\t<\/div>\n\n\t\t\t\t\t\t\t<button type=\"submit\" class=\"btn btn-primary\">Absenden<\/button>\n\t\t\t\n\t\t\t\t\t\t\t<div class=\"small mt-3\" style=\"font-weight:normal;\">\n\t\t\t\t\t\n\t\t\t<div class=\"mt-3\">\n\t\t\t\tJa, ich m&ouml;chte den Newsletter von Babyartikel.de erhalten und &uuml;ber Aktionen informiert werden.\n  Dabei darf mein Nutzungsverhalten (z. B. &Ouml;ffnungen und Klicks) zur Personalisierung ausgewertet werden.\n  Mehr finde ich in der <a href=\"\/de\/datenschutz\" style=\"text-decoration:underline\">Datenschutzerkl&auml;rung<\/a>.\n\t\t\t<\/div>\n\t\t\t\t\t\t<\/div>\n\t\t\t\n\t\t\t\t\t\t\t<div class=\"small mb-3 mt-3\" style=\"font-weight:normal;\">\n\t\t\t\t\tJederzeit abbestellbar | <a href=\"\/de\/datenschutz\" style=\"text-decoration:underline\">\n\t\t\t\t\t\tDatenschutzerkl&auml;rung\n\t\t\t\t\t<\/a>\n\t\t\t\t<\/div>\n\t\t\t\n        <\/form>\n    <\/div>\n\t\n\t\t\t\t\t<div class=\"response-messages_newsletter_popup_69f5a6f1a9991\">\n\t\t\t\t\t\t<div class=\"alert alert-success success mt-3 mb-3 d-none\">\n\t\t\t\t\t\t\tNur noch ein Klick! Best&auml;tige Deine Anmeldung in der E-Mail, die du gleich erh&auml;ltst.\t\t\t\t\t\t<\/div>\n\t\t\t\t\t\t<div class=\"error mt-3 mb-3 d-none\">\n\t\t\t\t\t\t\t<div class=\"alert alert-danger \">\n\t\t\t\t\t\t\t\tEin Fehler ist aufgetreten. Bitte versuche es sp&auml;ter erneut.\t\t\t\t\t\t\t<\/div>\n\t\t\t\t\t\t<\/div>\n\t\t\t\t\t\t<div class=\"alert alert-danger other-2007 mt-3 mb-3 d-none\">\n\t\t\t\t\t\t\tUng&Atilde;&frac14;ltiges Datumsformat\t\t\t\t\t\t<\/div>\n\t\t\t\t\t<\/div>\n\t\t\t\t<\/div>\n\t\t\t<\/div>\n\t\t<\/div>\n\t<\/div>\n\n\t<\/div><!-- content-widget --><\/div><p>Das Coronavirus SARS-CoV-2 brach &ndash; offiziellen Meldungen nach &ndash; auf einem Wildtiermarkt in der chinesischen Stadt Wuhan aus. Alternative Quellen berichten, dass m&ouml;glicherweise auch ein Zusammenhang mit dem <a href=\"https:\/\/de.wikipedia.org\/wiki\/Wuhan_Institute_of_Virology\">Wuhan Institute of Virology<\/a> best&uuml;nde. In der Anlage werden Biologische Stoffe der Risikogruppe 4 getestet. Dabei handelt es sich laut <a href=\"https:\/\/www.gesetze-im-internet.de\/biostoffv_2013\/__3.html\">&sect; 3 Biostoffverordung<\/a> um:<\/p><p>&bdquo;Risikogruppe 4: Biostoffe, die eine schwere Krankheit beim\nMenschen hervorrufen und eine ernste Gefahr f&uuml;r Besch&auml;ftigte darstellen; die\nGefahr einer Verbreitung in der Bev&ouml;lkerung ist unter Umst&auml;nden gro&szlig;; normalerweise\nist eine wirksame Vorbeugung oder Behandlung nicht m&ouml;glich.&ldquo;<\/p><div class=\"postslot1\">[articles]<link rel=\"stylesheet\" href=\"https:\/\/cdn.jsdelivr.net\/npm\/swiper@8\/swiper-bundle.min.css\"><\/div><div class=\"marketing-slot\"><div id=\"block-25\" class=\"content-post-widget marketing-slot-2 widget_block\"><a href=\"https:\/\/www.babyartikel.de\/de\/angebote\" data-track-link-click=\"true\" data-track-name=\"nyoutlet2026-magazin\" data-track-medium=\"banner-magazin-post\" data-track-campaign=\"magazin-banner-nyoutlet2026\" onclick=\"ga('send', 'event', 'banner', 'click', 'magazin-banner-nyoutlet2026');\" style=\"display:block;width:100%;text-align:center;\"><img src=\"https:\/\/media.babyartikel.de\/magazin\/wp-content\/uploads\/2026\/01\/NY-Outlet-10-2026.webp\" alt=\"Sale\" style=\"max-width:100%;\"><\/a><\/div><!-- content-widget --><\/div><p>Egal, woher das Virus wirklich stammt, mittlerweile verbreitet es sich &ndash; scheinbar unaufhaltsam &ndash; &uuml;ber die gesamte Welt. Derzeit sind mindestens 48 L&auml;nder betroffen. Stand 28.02.2020 sind weltweit rund 84.000 Menschen infiziert. In <a href=\"https:\/\/www.worldometers.info\/coronavirus\/\">93 % der abgeschlossenen F&auml;lle<\/a> sind die Betroffenen <strong>wieder gesund geworden<\/strong>. <\/p><h2 class=\"wp-block-heading\" id=\"h-wie-hoch-ist-das-corona-risiko-fur-kinder-und-babys\"><span class=\"ez-toc-section\" id=\"Wie_hoch_ist_das_Corona-Risiko_fuer_Kinder_und_Babys\"><\/span>Wie hoch ist das Corona-Risiko f&uuml;r Kinder und Babys?<span class=\"ez-toc-section-end\"><\/span><\/h2><p>Hier ist, nach derzeitiger Informationslage, Entwarnung angesagt. Laut des <a href=\"https:\/\/www.who.int\/docs\/default-source\/coronaviruse\/who-china-joint-mission-on-covid-19-final-report.pdf\">Reports der WHO-China Joint Mission zur Coronavirus-Seuche 2019 (COVID-19)<\/a> ist die Zahl der <strong>infizierten Kinder auff&auml;llig gering<\/strong>. Nur <strong>2,4 %<\/strong> aller gemeldeten F&auml;lle betrafen <strong>Kinder und Jugendliche unter 18 Jahren<\/strong>. In Wuhan gab es nach Ausbruch der Seuche sowohl im November, Dezember, als auch in den ersten beiden Wochen im Januar, keinen gemeldeten Erkrankten, der unter 18 Jahren alt war. <\/p><p>Es existieren noch keine Erkenntnisse dar&uuml;ber, weshalb das Corona-Virus Kinder und Babys seltener angreift als Erwachsene und insbesondere &auml;ltere Menschen. Und selbst wenn sich ein S&auml;ugling oder Kleinkind mit dem Virus infiziert, stehen <strong>sehr gute Aussichten auf Heilung<\/strong>. Bisher gibt es keine Todesf&auml;lle bei der Gruppe der 0- bis 9-J&auml;hrigen. Auch die Sterberate der Corona-Infizierten zwischen 10 und 18 Jahren liegt lediglich bei 0,2 %. Bei den &uuml;ber 80-j&auml;hrigen liegt sie im Vergleich bei 14,8 %. <\/p><p>Dadurch, dass es sich bei SARS-CoV-2 um ein neuartiges Virus handelt, kann sich die Faktenlage auch noch &auml;ndern. Wie der Virologe Kekule bei der Talkshow Lanz anschaulich erkl&auml;rt, ist das Virus noch unsicher in Bezug auf den Menschen. Bisher kennt es nur Tiere als Wirt. Es wei&szlig; also nicht recht, wo es im Organismus andocken soll und muss sich erst ausprobieren. Viren versuchen sich ihrem Wirt anzupassen, nicht ihn zu zerst&ouml;ren. In diesem Anpassungsprozess kommt es zu &Uuml;berreaktionen des K&ouml;rpers, der noch nie Ber&uuml;hrung mit dieser Coronavirus-Art hatte. Je nachdem, wie sich das Virus ver&auml;ndert, kann es m&ouml;glicherweise auch irgendwann gef&auml;hrlicher f&uuml;r Kinder werden.<\/p><p>Allerdings meinte der Virologe, dass es im Laufe der Zeit eher zu <strong>milderen Krankheitsverl&auml;ufen<\/strong> kommt, wenn sich Mensch und Virus besser aufeinander einspielen. Wie zuvor beim SARS-Virus 2002\/2003, ist auch ein <strong>v&ouml;lliges, spontanes Verschwinden des Krankheitserregers<\/strong> m&ouml;glich. <\/p><h2 class=\"wp-block-heading\" id=\"h-welche-symptome-deuten-auf-eine-infektion-mit-dem-coronavirus-bei-kindern-hin\"><span class=\"ez-toc-section\" id=\"Welche_Symptome_deuten_auf_eine_Infektion_mit_dem_Coronavirus_bei_Kindern_hin\"><\/span>Welche Symptome deuten auf eine Infektion mit dem Coronavirus bei Kindern hin?<span class=\"ez-toc-section-end\"><\/span><\/h2><p>Nachdem die Zahl der Infizierten in Deutschland rasant ansteigt, sind viele Eltern besorgt. <strong>Wie erkennen<\/strong> wir, ob unser Nachwuchs von COVID-19 betroffen ist? Hier die bekannten Anzeichen:<\/p><ul class=\"wp-block-list\"><li><strong>Fieber<\/strong><\/li><li><strong>Husten<\/strong><\/li><li><strong>Atemnot<\/strong><\/li><li><strong>Muskelschmerzen<\/strong><\/li><li><strong>M&uuml;digkeit<\/strong><\/li><\/ul><p>Selten gesellen sich Auswurf, Kopfschmerzen, blutiger Husten und Durchfall dazu. Insgesamt sind die Symptome vom Corona-Virus bei Babys und Kindern leicht mit den <strong>typischen Grippeanzeichen<\/strong> zu verwechseln. Egal aus welchem Grund Dein Nachwuchs die genannten Symptome zeigt, ein zeitnaher Besuch beim Kinderarzt wird in jedem Fall empfohlen. Bitte <strong>ruf aber unbedingt vorher an<\/strong> und &auml;u&szlig;ere Deinen Verdacht <strong>am Telefon<\/strong>, damit der Kinderarzt Vorkehrungen treffen kann, um nicht weitere Menschen einem Ansteckungsrisiko auszusetzen. <\/p><h2 class=\"wp-block-heading\" id=\"h-welche-praventionsmassnahmen-kannst-du-fur-deine-kinder-ergreifen\"><span class=\"ez-toc-section\" id=\"Welche_Praeventionsmassnahmen_kannst_Du_fuer_Deine_Kinder_ergreifen\"><\/span>Welche Pr&auml;ventionsma&szlig;nahmen kannst Du f&uuml;r Deine Kinder ergreifen?<span class=\"ez-toc-section-end\"><\/span><\/h2><p>Vergiss die bekannten Gesichtsmasken aus der Apotheke. Diese helfen nicht dabei, Deine Familie vor einer Infektion zu sch&uuml;tzen. Es existieren spezielle Atemschutzmasken mit eingebautem Filter, die vor einer Infektion &uuml;ber die Atemwege bewahren k&ouml;nnen. Leider gibt es massive Lieferengp&auml;sse in diesem Bereich. <\/p><p>Zum Schutz vor dem Corona-Virus kannst Du trotzdem folgende Vorsichtsma&szlig;nahmen beachten:<\/p><ul class=\"wp-block-list\"><li><strong>Mehrmals t&auml;glich gr&uuml;ndlich die H&auml;nde waschen<\/strong> (mindestens 20 Sekunden lang mit Wasser und Seife)<\/li><li><strong>H&auml;ndesch&uuml;tteln vermeiden<\/strong><\/li><li><strong>Regelm&auml;&szlig;ig die Zimmer l&uuml;ften<\/strong><\/li><li><strong>Abstand von Erkrankten halten<\/strong><\/li><\/ul><p>Zus&auml;tzlich wird empfohlen, m&ouml;glichst <strong>selten sein Gesicht mit den H&auml;nden zu ber&uuml;hren<\/strong> sowie ausschlie&szlig;lich <strong>in Taschent&uuml;cher oder die Armbeuge zu niesen<\/strong>. Meiner Meinung nach sind diese beiden Punkte bei kleinen Kindern allerdings schwierig umzusetzen. <\/p><p>Einige Kitas und Schulen haben die Empfehlung ausgesprochen, dass Kinder, die <strong>innerhalb der letzten 14 Tage in einem Risikogebiet<\/strong> waren &ndash; unabh&auml;ngig von Symptomen &ndash; unn&ouml;tige Kontakte vermeiden und&nbsp;nach M&ouml;glichkeit zu Hause bleiben sollen. Informiere Dich am besten bei Eurer Kindertagesst&auml;tte oder Schule diesbez&uuml;glich. <\/p><h2 class=\"wp-block-heading\" id=\"h-mein-fazit-entwarnung-fur-eltern\"><span class=\"ez-toc-section\" id=\"Mein_Fazit_Entwarnung_fuer_Eltern\"><\/span>Mein Fazit: Entwarnung f&uuml;r Eltern<span class=\"ez-toc-section-end\"><\/span><\/h2><p>In der derzeitigen Lage ist eine &uuml;bertriebene Sorge um den Nachwuchs nicht notwendig. Die Fakten zeigen, dass <strong>Kinder und S&auml;uglinge gesundheitlich kaum von dem neuartigen Coronavirus betroffen<\/strong> sind. Jedoch k&ouml;nnen Kinder das Virus quasi unbemerkt in sich tragen und andere damit anstecken! Um die <strong>Ansteckungsgefahr <\/strong>zu minimieren ist es wichtig ausreichende <strong>Hygiene-Ma&szlig;nahmen<\/strong> zu treffen. Vor allem regelm&auml;&szlig;ig und gr&uuml;ndlich die H&auml;nde waschen. <\/p><p>Bei S&auml;uglingen solltest Du die normalen <a href=\"https:\/\/www.babyartikel.de\/magazin\/hygiene-im-babyalltag-2\">Hygienema&szlig;nahmen im Babyalltag<\/a> sorgf&auml;ltig betreiben. Handels&uuml;bliche OP-Masken sind dagegen wirkungslos. Im Moment k&ouml;nnen wir alle nur hoffen, dass sich das Virus komplett zur&uuml;ckzieht oder harmloser f&uuml;r den Menschen wird. <\/p><p>Wenn Du gerade schwanger bist und Dir Sorgen &uuml;ber das Coronavirus in der Schwangerschaft machst, dann lies doch unseren Beitrag dazu: <br><a href=\"https:\/\/www.babyartikel.de\/magazin\/coronavirus-in-der-schwangerschaft-alles-was-du-jetzt-wissen-musst\">Coronavirus in der Schwangerschaft: alles, was Du jetzt wissen musst<\/a> <\/p><p>Stand 02.03.2020<\/p><div class=\"credits-overlay\" data-target=\".wp-image-805765\"><a href=\"#\" target=\"_blank\">&copy; yavdat &ndash; stock.adobe.com<\/a><\/div><\/p>\n","protected":false},"excerpt":{"rendered":"<p>Die Meldungen zur Ausbreitung des neuartigen Coronavirus &uuml;berschlagen sich. W&auml;hrend sich &ndash; in dem Moment, in dem ich diesen Beitrag schreibe &ndash; die Infektionszahlen in Deutschland mehren, wird in China ein leichter R&uuml;ckgang verzeichnet. Bei SARS-CoV-2, einem Virus, das unter dem Namen Coronavirus traurige Ber&uuml;hmtheit erlangt, handelt es sich um eine neuartige Form. Eine weltweite [&#8230;]<\/p>\n<p><a class=\"btn btn-secondary understrap-read-more-link\" href=\"https:\/\/www.babyartikel.de\/magazin\/coronavirus-bei-kindern-und-babys-risiko-symptome-und-massnahmen\">Weiterlesen&#8230;<\/a><\/p>\n","protected":false},"author":104,"featured_media":805765,"comment_status":"open","ping_status":"closed","sticky":false,"template":"","format":"standard","meta":{"_acf_changed":false,"footnotes":""},"categories":[79,1430,2824,2818],"tags":[3334,19248],"class_list":["post-805711","post","type-post","status-publish","format-standard","has-post-thumbnail","hentry","category-baby","category-kleinkind","category-entwicklung-kleinkind","category-pflege-gesundheit","tag-gesundheit","tag-krankheit"],"acf":[],"yoast_head":"<!-- This site is optimized with the Yoast SEO Premium plugin v27.2 (Yoast SEO v27.2) - https:\/\/yoast.com\/product\/yoast-seo-premium-wordpress\/ -->\n<title>Coronavirus bei Kindern und Babys: Risiko, Symptome und Ma\u00dfnahmen<\/title>\n<meta name=\"description\" content=\"Stellt das Coronavirus bei Kindern und Babys eine erh\u00f6hte Gefahr dar? Wir kl\u00e4ren \u00fcber das Infektions-Risiko, die Symptome und Ma\u00dfnahmen auf.\" \/>\n<meta name=\"robots\" content=\"index, follow, max-snippet:-1, max-image-preview:large, max-video-preview:-1\" \/>\n<link rel=\"canonical\" href=\"https:\/\/www.babyartikel.de\/magazin\/coronavirus-bei-kindern-und-babys-risiko-symptome-und-massnahmen\" \/>\n<meta property=\"og:locale\" content=\"de_DE\" \/>\n<meta property=\"og:type\" content=\"article\" \/>\n<meta property=\"og:title\" content=\"Coronavirus bei Kindern und Babys: Risiko, Symptome und Ma\u00dfnahmen\" \/>\n<meta property=\"og:description\" content=\"Stellt das Coronavirus bei Kindern und Babys eine erh\u00f6hte Gefahr dar? Wir kl\u00e4ren \u00fcber das Infektions-Risiko, die Symptome und Ma\u00dfnahmen auf.\" \/>\n<meta property=\"og:url\" content=\"https:\/\/www.babyartikel.de\/magazin\/coronavirus-bei-kindern-und-babys-risiko-symptome-und-massnahmen\" \/>\n<meta property=\"og:site_name\" content=\"Babyartikel.de Magazin\" \/>\n<meta property=\"article:published_time\" content=\"2020-03-03T09:41:24+00:00\" \/>\n<meta property=\"article:modified_time\" content=\"2024-09-06T12:06:47+00:00\" \/>\n<meta property=\"og:image\" content=\"https:\/\/cdn.magazin.babyartikel.de\/magazin\/wp-content\/uploads\/2020\/03\/Coronavirus-bei-Kindern.jpg\" \/>\n\t<meta property=\"og:image:width\" content=\"1200\" \/>\n\t<meta property=\"og:image:height\" content=\"627\" \/>\n\t<meta property=\"og:image:type\" content=\"image\/jpeg\" \/>\n<meta name=\"author\" content=\"Julia Starkey\" \/>\n<meta name=\"twitter:card\" content=\"summary_large_image\" \/>\n<meta name=\"twitter:label1\" content=\"Verfasst von\" \/>\n\t<meta name=\"twitter:data1\" content=\"Julia Starkey\" \/>\n\t<meta name=\"twitter:label2\" content=\"Gesch\u00e4tzte Lesezeit\" \/>\n\t<meta name=\"twitter:data2\" content=\"5\u00a0Minuten\" \/>\n<script type=\"application\/ld+json\" class=\"yoast-schema-graph\">{\"@context\":\"https:\/\/schema.org\",\"@graph\":[{\"@type\":\"Article\",\"@id\":\"https:\/\/www.babyartikel.de\/magazin\/coronavirus-bei-kindern-und-babys-risiko-symptome-und-massnahmen#article\",\"isPartOf\":{\"@id\":\"https:\/\/www.babyartikel.de\/magazin\/coronavirus-bei-kindern-und-babys-risiko-symptome-und-massnahmen\"},\"author\":{\"name\":\"Julia Starkey\",\"@id\":\"https:\/\/www.babyartikel.de\/magazin\/#\/schema\/person\/a78cef54bc738f4744e638de843ab745\"},\"headline\":\"Coronavirus bei Kindern und Babys: Risiko, Symptome und Ma\u00dfnahmen\",\"datePublished\":\"2020-03-03T09:41:24+00:00\",\"dateModified\":\"2024-09-06T12:06:47+00:00\",\"mainEntityOfPage\":{\"@id\":\"https:\/\/www.babyartikel.de\/magazin\/coronavirus-bei-kindern-und-babys-risiko-symptome-und-massnahmen\"},\"wordCount\":1072,\"commentCount\":2,\"image\":{\"@id\":\"https:\/\/www.babyartikel.de\/magazin\/coronavirus-bei-kindern-und-babys-risiko-symptome-und-massnahmen#primaryimage\"},\"thumbnailUrl\":\"https:\/\/media.babyartikel.de\/magazin\/wp-content\/uploads\/2020\/03\/Coronavirus-bei-Kindern-Babys-\u00a9-yavdat-AdobeStock_246148577-scaled.jpeg\",\"keywords\":[\"gesundheit\",\"krankheit\"],\"articleSection\":[\"Baby\",\"Kleinkind\",\"Leben mit Kleinkind\",\"Pflege &amp; Gesundheit\"],\"inLanguage\":\"de\",\"potentialAction\":[{\"@type\":\"CommentAction\",\"name\":\"Comment\",\"target\":[\"https:\/\/www.babyartikel.de\/magazin\/coronavirus-bei-kindern-und-babys-risiko-symptome-und-massnahmen#respond\"]}]},{\"@type\":\"WebPage\",\"@id\":\"https:\/\/www.babyartikel.de\/magazin\/coronavirus-bei-kindern-und-babys-risiko-symptome-und-massnahmen\",\"url\":\"https:\/\/www.babyartikel.de\/magazin\/coronavirus-bei-kindern-und-babys-risiko-symptome-und-massnahmen\",\"name\":\"Coronavirus bei Kindern und Babys: Risiko, Symptome und Ma\u00dfnahmen\",\"isPartOf\":{\"@id\":\"https:\/\/www.babyartikel.de\/magazin\/#website\"},\"primaryImageOfPage\":{\"@id\":\"https:\/\/www.babyartikel.de\/magazin\/coronavirus-bei-kindern-und-babys-risiko-symptome-und-massnahmen#primaryimage\"},\"image\":{\"@id\":\"https:\/\/www.babyartikel.de\/magazin\/coronavirus-bei-kindern-und-babys-risiko-symptome-und-massnahmen#primaryimage\"},\"thumbnailUrl\":\"https:\/\/media.babyartikel.de\/magazin\/wp-content\/uploads\/2020\/03\/Coronavirus-bei-Kindern-Babys-\u00a9-yavdat-AdobeStock_246148577-scaled.jpeg\",\"datePublished\":\"2020-03-03T09:41:24+00:00\",\"dateModified\":\"2024-09-06T12:06:47+00:00\",\"author\":{\"@id\":\"https:\/\/www.babyartikel.de\/magazin\/#\/schema\/person\/a78cef54bc738f4744e638de843ab745\"},\"description\":\"Stellt das Coronavirus bei Kindern und Babys eine erh\u00f6hte Gefahr dar? Wir kl\u00e4ren \u00fcber das Infektions-Risiko, die Symptome und Ma\u00dfnahmen auf.\",\"breadcrumb\":{\"@id\":\"https:\/\/www.babyartikel.de\/magazin\/coronavirus-bei-kindern-und-babys-risiko-symptome-und-massnahmen#breadcrumb\"},\"inLanguage\":\"de\",\"potentialAction\":[{\"@type\":\"ReadAction\",\"target\":[\"https:\/\/www.babyartikel.de\/magazin\/coronavirus-bei-kindern-und-babys-risiko-symptome-und-massnahmen\"]}]},{\"@type\":\"ImageObject\",\"inLanguage\":\"de\",\"@id\":\"https:\/\/www.babyartikel.de\/magazin\/coronavirus-bei-kindern-und-babys-risiko-symptome-und-massnahmen#primaryimage\",\"url\":\"https:\/\/media.babyartikel.de\/magazin\/wp-content\/uploads\/2020\/03\/Coronavirus-bei-Kindern-Babys-\u00a9-yavdat-AdobeStock_246148577-scaled.jpeg\",\"contentUrl\":\"https:\/\/media.babyartikel.de\/magazin\/wp-content\/uploads\/2020\/03\/Coronavirus-bei-Kindern-Babys-\u00a9-yavdat-AdobeStock_246148577-scaled.jpeg\",\"width\":2560,\"height\":1707,\"caption\":\"corona virus kinder baby\"},{\"@type\":\"BreadcrumbList\",\"@id\":\"https:\/\/www.babyartikel.de\/magazin\/coronavirus-bei-kindern-und-babys-risiko-symptome-und-massnahmen#breadcrumb\",\"itemListElement\":[{\"@type\":\"ListItem\",\"position\":1,\"name\":\"Startseite\",\"item\":\"https:\/\/www.babyartikel.de\/magazin\"},{\"@type\":\"ListItem\",\"position\":2,\"name\":\"Coronavirus bei Kindern und Babys: Risiko, Symptome und Ma\u00dfnahmen\"}]},{\"@type\":\"WebSite\",\"@id\":\"https:\/\/www.babyartikel.de\/magazin\/#website\",\"url\":\"https:\/\/www.babyartikel.de\/magazin\/\",\"name\":\"Babyartikel.de Magazin\",\"description\":\"\",\"potentialAction\":[{\"@type\":\"SearchAction\",\"target\":{\"@type\":\"EntryPoint\",\"urlTemplate\":\"https:\/\/www.babyartikel.de\/magazin\/?s={search_term_string}\"},\"query-input\":{\"@type\":\"PropertyValueSpecification\",\"valueRequired\":true,\"valueName\":\"search_term_string\"}}],\"inLanguage\":\"de\"},{\"@type\":\"Person\",\"@id\":\"https:\/\/www.babyartikel.de\/magazin\/#\/schema\/person\/a78cef54bc738f4744e638de843ab745\",\"name\":\"Julia Starkey\",\"image\":{\"@type\":\"ImageObject\",\"inLanguage\":\"de\",\"@id\":\"https:\/\/secure.gravatar.com\/avatar\/010c984bef0b0f8e88895fd8dec7eb2c5f0118982f4b682256cfc6667ba4ee5a?s=96&d=mm&r=g\",\"url\":\"https:\/\/secure.gravatar.com\/avatar\/010c984bef0b0f8e88895fd8dec7eb2c5f0118982f4b682256cfc6667ba4ee5a?s=96&d=mm&r=g\",\"contentUrl\":\"https:\/\/secure.gravatar.com\/avatar\/010c984bef0b0f8e88895fd8dec7eb2c5f0118982f4b682256cfc6667ba4ee5a?s=96&d=mm&r=g\",\"caption\":\"Julia Starkey\"},\"description\":\"Vor mehr als 10 Jahren startete ich als Bloggerin f\u00fcr Familien-, Gesundheits- und Lifestyle-Themen durch. Dann wurde ich im Herbst 2015 selbst Mutter einer bezaubernden Tochter. Gemeinsam leben wir in unserer Wahlheimat Bali. Meine Leidenschaft ist die Recherche zu unterschiedlichsten Themen. Es erf\u00fcllt mein Herz, dass ich hier meine Erkenntnisse, aber auch pers\u00f6nlichen Erfahrungen als Mama mit Dir teilen darf.\",\"sameAs\":[\"https:\/\/julia-starkey.de\/\",\"https:\/\/www.instagram.com\/julia.starkey.official\/\"],\"url\":\"https:\/\/www.babyartikel.de\/magazin\/author\/julia-trippingtribe\"}]}<\/script>\n<!-- \/ Yoast SEO Premium plugin. -->","yoast_head_json":{"title":"Coronavirus bei Kindern und Babys: Risiko, Symptome und Ma\u00dfnahmen","description":"Stellt das Coronavirus bei Kindern und Babys eine erh\u00f6hte Gefahr dar? Wir kl\u00e4ren \u00fcber das Infektions-Risiko, die Symptome und Ma\u00dfnahmen auf.","robots":{"index":"index","follow":"follow","max-snippet":"max-snippet:-1","max-image-preview":"max-image-preview:large","max-video-preview":"max-video-preview:-1"},"canonical":"https:\/\/www.babyartikel.de\/magazin\/coronavirus-bei-kindern-und-babys-risiko-symptome-und-massnahmen","og_locale":"de_DE","og_type":"article","og_title":"Coronavirus bei Kindern und Babys: Risiko, Symptome und Ma\u00dfnahmen","og_description":"Stellt das Coronavirus bei Kindern und Babys eine erh\u00f6hte Gefahr dar? Wir kl\u00e4ren \u00fcber das Infektions-Risiko, die Symptome und Ma\u00dfnahmen auf.","og_url":"https:\/\/www.babyartikel.de\/magazin\/coronavirus-bei-kindern-und-babys-risiko-symptome-und-massnahmen","og_site_name":"Babyartikel.de Magazin","article_published_time":"2020-03-03T09:41:24+00:00","article_modified_time":"2024-09-06T12:06:47+00:00","og_image":[{"width":1200,"height":627,"url":"https:\/\/cdn.magazin.babyartikel.de\/magazin\/wp-content\/uploads\/2020\/03\/Coronavirus-bei-Kindern.jpg","type":"image\/jpeg"}],"author":"Julia Starkey","twitter_card":"summary_large_image","twitter_misc":{"Verfasst von":"Julia Starkey","Gesch\u00e4tzte Lesezeit":"5\u00a0Minuten"},"schema":{"@context":"https:\/\/schema.org","@graph":[{"@type":"Article","@id":"https:\/\/www.babyartikel.de\/magazin\/coronavirus-bei-kindern-und-babys-risiko-symptome-und-massnahmen#article","isPartOf":{"@id":"https:\/\/www.babyartikel.de\/magazin\/coronavirus-bei-kindern-und-babys-risiko-symptome-und-massnahmen"},"author":{"name":"Julia Starkey","@id":"https:\/\/www.babyartikel.de\/magazin\/#\/schema\/person\/a78cef54bc738f4744e638de843ab745"},"headline":"Coronavirus bei Kindern und Babys: Risiko, Symptome und Ma\u00dfnahmen","datePublished":"2020-03-03T09:41:24+00:00","dateModified":"2024-09-06T12:06:47+00:00","mainEntityOfPage":{"@id":"https:\/\/www.babyartikel.de\/magazin\/coronavirus-bei-kindern-und-babys-risiko-symptome-und-massnahmen"},"wordCount":1072,"commentCount":2,"image":{"@id":"https:\/\/www.babyartikel.de\/magazin\/coronavirus-bei-kindern-und-babys-risiko-symptome-und-massnahmen#primaryimage"},"thumbnailUrl":"https:\/\/media.babyartikel.de\/magazin\/wp-content\/uploads\/2020\/03\/Coronavirus-bei-Kindern-Babys-\u00a9-yavdat-AdobeStock_246148577-scaled.jpeg","keywords":["gesundheit","krankheit"],"articleSection":["Baby","Kleinkind","Leben mit Kleinkind","Pflege &amp; Gesundheit"],"inLanguage":"de","potentialAction":[{"@type":"CommentAction","name":"Comment","target":["https:\/\/www.babyartikel.de\/magazin\/coronavirus-bei-kindern-und-babys-risiko-symptome-und-massnahmen#respond"]}]},{"@type":"WebPage","@id":"https:\/\/www.babyartikel.de\/magazin\/coronavirus-bei-kindern-und-babys-risiko-symptome-und-massnahmen","url":"https:\/\/www.babyartikel.de\/magazin\/coronavirus-bei-kindern-und-babys-risiko-symptome-und-massnahmen","name":"Coronavirus bei Kindern und Babys: Risiko, Symptome und Ma\u00dfnahmen","isPartOf":{"@id":"https:\/\/www.babyartikel.de\/magazin\/#website"},"primaryImageOfPage":{"@id":"https:\/\/www.babyartikel.de\/magazin\/coronavirus-bei-kindern-und-babys-risiko-symptome-und-massnahmen#primaryimage"},"image":{"@id":"https:\/\/www.babyartikel.de\/magazin\/coronavirus-bei-kindern-und-babys-risiko-symptome-und-massnahmen#primaryimage"},"thumbnailUrl":"https:\/\/media.babyartikel.de\/magazin\/wp-content\/uploads\/2020\/03\/Coronavirus-bei-Kindern-Babys-\u00a9-yavdat-AdobeStock_246148577-scaled.jpeg","datePublished":"2020-03-03T09:41:24+00:00","dateModified":"2024-09-06T12:06:47+00:00","author":{"@id":"https:\/\/www.babyartikel.de\/magazin\/#\/schema\/person\/a78cef54bc738f4744e638de843ab745"},"description":"Stellt das Coronavirus bei Kindern und Babys eine erh\u00f6hte Gefahr dar? Wir kl\u00e4ren \u00fcber das Infektions-Risiko, die Symptome und Ma\u00dfnahmen auf.","breadcrumb":{"@id":"https:\/\/www.babyartikel.de\/magazin\/coronavirus-bei-kindern-und-babys-risiko-symptome-und-massnahmen#breadcrumb"},"inLanguage":"de","potentialAction":[{"@type":"ReadAction","target":["https:\/\/www.babyartikel.de\/magazin\/coronavirus-bei-kindern-und-babys-risiko-symptome-und-massnahmen"]}]},{"@type":"ImageObject","inLanguage":"de","@id":"https:\/\/www.babyartikel.de\/magazin\/coronavirus-bei-kindern-und-babys-risiko-symptome-und-massnahmen#primaryimage","url":"https:\/\/media.babyartikel.de\/magazin\/wp-content\/uploads\/2020\/03\/Coronavirus-bei-Kindern-Babys-\u00a9-yavdat-AdobeStock_246148577-scaled.jpeg","contentUrl":"https:\/\/media.babyartikel.de\/magazin\/wp-content\/uploads\/2020\/03\/Coronavirus-bei-Kindern-Babys-\u00a9-yavdat-AdobeStock_246148577-scaled.jpeg","width":2560,"height":1707,"caption":"corona virus kinder baby"},{"@type":"BreadcrumbList","@id":"https:\/\/www.babyartikel.de\/magazin\/coronavirus-bei-kindern-und-babys-risiko-symptome-und-massnahmen#breadcrumb","itemListElement":[{"@type":"ListItem","position":1,"name":"Startseite","item":"https:\/\/www.babyartikel.de\/magazin"},{"@type":"ListItem","position":2,"name":"Coronavirus bei Kindern und Babys: Risiko, Symptome und Ma\u00dfnahmen"}]},{"@type":"WebSite","@id":"https:\/\/www.babyartikel.de\/magazin\/#website","url":"https:\/\/www.babyartikel.de\/magazin\/","name":"Babyartikel.de Magazin","description":"","potentialAction":[{"@type":"SearchAction","target":{"@type":"EntryPoint","urlTemplate":"https:\/\/www.babyartikel.de\/magazin\/?s={search_term_string}"},"query-input":{"@type":"PropertyValueSpecification","valueRequired":true,"valueName":"search_term_string"}}],"inLanguage":"de"},{"@type":"Person","@id":"https:\/\/www.babyartikel.de\/magazin\/#\/schema\/person\/a78cef54bc738f4744e638de843ab745","name":"Julia Starkey","image":{"@type":"ImageObject","inLanguage":"de","@id":"https:\/\/secure.gravatar.com\/avatar\/010c984bef0b0f8e88895fd8dec7eb2c5f0118982f4b682256cfc6667ba4ee5a?s=96&d=mm&r=g","url":"https:\/\/secure.gravatar.com\/avatar\/010c984bef0b0f8e88895fd8dec7eb2c5f0118982f4b682256cfc6667ba4ee5a?s=96&d=mm&r=g","contentUrl":"https:\/\/secure.gravatar.com\/avatar\/010c984bef0b0f8e88895fd8dec7eb2c5f0118982f4b682256cfc6667ba4ee5a?s=96&d=mm&r=g","caption":"Julia Starkey"},"description":"Vor mehr als 10 Jahren startete ich als Bloggerin f\u00fcr Familien-, Gesundheits- und Lifestyle-Themen durch. Dann wurde ich im Herbst 2015 selbst Mutter einer bezaubernden Tochter. Gemeinsam leben wir in unserer Wahlheimat Bali. Meine Leidenschaft ist die Recherche zu unterschiedlichsten Themen. Es erf\u00fcllt mein Herz, dass ich hier meine Erkenntnisse, aber auch pers\u00f6nlichen Erfahrungen als Mama mit Dir teilen darf.","sameAs":["https:\/\/julia-starkey.de\/","https:\/\/www.instagram.com\/julia.starkey.official\/"],"url":"https:\/\/www.babyartikel.de\/magazin\/author\/julia-trippingtribe"}]}},"abstract_sku":"","_links":{"self":[{"href":"https:\/\/www.babyartikel.de\/magazin\/wp-json\/wp\/v2\/posts\/805711","targetHints":{"allow":["GET"]}}],"collection":[{"href":"https:\/\/www.babyartikel.de\/magazin\/wp-json\/wp\/v2\/posts"}],"about":[{"href":"https:\/\/www.babyartikel.de\/magazin\/wp-json\/wp\/v2\/types\/post"}],"author":[{"embeddable":true,"href":"https:\/\/www.babyartikel.de\/magazin\/wp-json\/wp\/v2\/users\/104"}],"replies":[{"embeddable":true,"href":"https:\/\/www.babyartikel.de\/magazin\/wp-json\/wp\/v2\/comments?post=805711"}],"version-history":[{"count":21,"href":"https:\/\/www.babyartikel.de\/magazin\/wp-json\/wp\/v2\/posts\/805711\/revisions"}],"predecessor-version":[{"id":951335,"href":"https:\/\/www.babyartikel.de\/magazin\/wp-json\/wp\/v2\/posts\/805711\/revisions\/951335"}],"wp:featuredmedia":[{"embeddable":true,"href":"https:\/\/www.babyartikel.de\/magazin\/wp-json\/wp\/v2\/media\/805765"}],"wp:attachment":[{"href":"https:\/\/www.babyartikel.de\/magazin\/wp-json\/wp\/v2\/media?parent=805711"}],"wp:term":[{"taxonomy":"category","embeddable":true,"href":"https:\/\/www.babyartikel.de\/magazin\/wp-json\/wp\/v2\/categories?post=805711"},{"taxonomy":"post_tag","embeddable":true,"href":"https:\/\/www.babyartikel.de\/magazin\/wp-json\/wp\/v2\/tags?post=805711"}],"curies":[{"name":"wp","href":"https:\/\/api.w.org\/{rel}","templated":true}]}}