
{"id":816004,"date":"2020-07-31T07:50:00","date_gmt":"2020-07-31T05:50:00","guid":{"rendered":"https:\/\/www.babyartikel.de\/magazin\/?p=816004"},"modified":"2025-10-01T13:57:01","modified_gmt":"2025-10-01T11:57:01","slug":"sichere-fahrt-mit-dem-avova-sperling-fix-kindersitz","status":"publish","type":"post","link":"https:\/\/www.babyartikel.de\/magazin\/sichere-fahrt-mit-dem-avova-sperling-fix-kindersitz","title":{"rendered":"Sichere Fahrt mit dem Avova Sperling-Fix Kindersitz"},"content":{"rendered":"<p>Der erste vorw&auml;rtsgerichtete Kindersitz f&uuml;r unseren 3-j&auml;hrigen Sohn sollte sehr sicher und dennoch bequem sein &ndash; <strong>der <a href=\"https:\/\/www.babyartikel.de\/prod\/avova-kindersitz-sperling-fix-i-size-76-cm-150-cm-ab-15-monate-bis-12-jahre-mit-isofix-top-tethers-koala-grey\">Avova Sperling-Fix i-Size<\/a> hat all unsere Erwartungen erf&uuml;llt<\/strong>.<p>Du kennst die Kindersitz-Marke noch gar nicht? Dann solltest Du unbedingt weiterlesen&hellip;<\/p><div id=\"ez-toc-container\" class=\"ez-toc-v2_0_82_2 counter-flat ez-toc-counter ez-toc-white ez-toc-container-direction\">\n<div class=\"ez-toc-title-container\">\n<p class=\"ez-toc-title\" style=\"cursor:inherit\">Inhaltsverzeichnis<\/p>\n<span class=\"ez-toc-title-toggle\"><a href=\"#\" class=\"ez-toc-pull-right ez-toc-btn ez-toc-btn-xs ez-toc-btn-default ez-toc-toggle\" aria-label=\"Toggle Table of Content\"><span class=\"ez-toc-js-icon-con\"><span class=\"\"><span class=\"eztoc-hide\" style=\"display:none;\">Toggle<\/span><span class=\"ez-toc-icon-toggle-span\"><svg style=\"fill: #999;color:#999\" xmlns=\"http:\/\/www.w3.org\/2000\/svg\" class=\"list-377408\" width=\"20px\" height=\"20px\" viewBox=\"0 0 24 24\" fill=\"none\"><path d=\"M6 6H4v2h2V6zm14 0H8v2h12V6zM4 11h2v2H4v-2zm16 0H8v2h12v-2zM4 16h2v2H4v-2zm16 0H8v2h12v-2z\" fill=\"currentColor\"><\/path><\/svg><svg style=\"fill: #999;color:#999\" class=\"arrow-unsorted-368013\" xmlns=\"http:\/\/www.w3.org\/2000\/svg\" width=\"10px\" height=\"10px\" viewBox=\"0 0 24 24\" version=\"1.2\" baseProfile=\"tiny\"><path d=\"M18.2 9.3l-6.2-6.3-6.2 6.3c-.2.2-.3.4-.3.7s.1.5.3.7c.2.2.4.3.7.3h11c.3 0 .5-.1.7-.3.2-.2.3-.5.3-.7s-.1-.5-.3-.7zM5.8 14.7l6.2 6.3 6.2-6.3c.2-.2.3-.5.3-.7s-.1-.5-.3-.7c-.2-.2-.4-.3-.7-.3h-11c-.3 0-.5.1-.7.3-.2.2-.3.5-.3.7s.1.5.3.7z\"\/><\/svg><\/span><\/span><\/span><\/a><\/span><\/div>\n<nav><ul class='ez-toc-list ez-toc-list-level-1 ' ><li class='ez-toc-page-1'><a class=\"ez-toc-link ez-toc-heading-1\" href=\"https:\/\/www.babyartikel.de\/magazin\/sichere-fahrt-mit-dem-avova-sperling-fix-kindersitz\/#Avova_%E2%80%93_die_neue_Kindersitzmarke_aus_Deutschland\" >Avova &ndash; die neue Kindersitzmarke aus Deutschland<\/a><\/li><li class='ez-toc-page-1'><a class=\"ez-toc-link ez-toc-heading-2\" href=\"https:\/\/www.babyartikel.de\/magazin\/sichere-fahrt-mit-dem-avova-sperling-fix-kindersitz\/#Der_Avova_Sperling-Fix_im_Detail\" >Der Avova Sperling-Fix im Detail<\/a><\/li><li class='ez-toc-page-1'><a class=\"ez-toc-link ez-toc-heading-3\" href=\"https:\/\/www.babyartikel.de\/magazin\/sichere-fahrt-mit-dem-avova-sperling-fix-kindersitz\/#Der_Avova_Sperling-Fix_im_Praxistest\" >Der Avova Sperling-Fix im Praxistest<\/a><\/li><li class='ez-toc-page-1'><a class=\"ez-toc-link ez-toc-heading-4\" href=\"https:\/\/www.babyartikel.de\/magazin\/sichere-fahrt-mit-dem-avova-sperling-fix-kindersitz\/#Der_Avova_Kindersitz_Sperling-Fix_unser_Fazit\" >Der Avova Kindersitz Sperling-Fix: unser Fazit<\/a><\/li><\/ul><\/nav><\/div>\n<h2 class=\"wp-block-heading\" id=\"h-avova-die-neue-kindersitzmarke-aus-deutschland\"><span class=\"ez-toc-section\" id=\"Avova_%E2%80%93_die_neue_Kindersitzmarke_aus_Deutschland\"><\/span>Avova &ndash; die neue Kindersitzmarke aus Deutschland<span class=\"ez-toc-section-end\"><\/span><\/h2><p>Dem Team von Avova liegt besonders <strong>die Sicherheit unserer Kinder am Herzen<\/strong>, deshalb erf&uuml;llen die Kindersitze nicht nur die gesetzlichen Normen und Vorschriften, sondern &uuml;bertreffen sie sogar.<br>Zurzeit gibt es drei verschiedene Kindersitze im Sortiment: den <strong><a href=\"https:\/\/www.babyartikel.de\/prod\/avova-kindersitz-star-i-size-100-cm-150-cm-3-jahre-bis-12-jahre-atlantic-blue-pearl-black\" target=\"_blank\" rel=\"noreferrer noopener\">Star<\/a><\/strong>, den <strong><a href=\"https:\/\/www.babyartikel.de\/prod\/avova-kindersitz-star-fix-i-size-100-cm-150-cm-3-jahre-bis-12-jahre-mit-isofix-pearl-black\" target=\"_blank\" rel=\"noreferrer noopener\">Star-Fix<\/a><\/strong> und den <strong><a href=\"https:\/\/www.babyartikel.de\/prod\/avova-kindersitz-sperling-fix-i-size-76-cm-150-cm-ab-15-monate-bis-12-jahre-mit-isofix-top-tethers-pearl-black\" target=\"_blank\" rel=\"noreferrer noopener\">Sperling-Fix<\/a><\/strong>. Alle Avova Kindersitze werden <strong>komplett in Deutschland hergestellt <\/strong>und sind bereits <strong>nach neuestem i-Size-Standard zugelassen<\/strong>.<\/p><div class=\"marketing-slot\"><div id=\"block-18\" class=\"content-post-widget marketing-slot-1 widget_block\"><a href=\"#\" class=\"newsletter_popup\" style=\"\n  display: inline-block;\n  box-shadow: 0 4px 10px rgba(0,0,0,0.1);\n  margin: 20px auto;\n  max-width: 800px;\n  width: 100%;\">\n  <img src=\"https:\/\/media.babyartikel.de\/magazin\/wp-content\/uploads\/2025\/08\/NL-Banner-Magazin-8-25.webp\" alt=\"Newsletter Banner\" style=\"\n    width: 100%;\n    height: auto;\n    display: block;\" onclick=\"ga('send', 'event', 'banner', 'click', 'magazin-banner-newsletter-8-25');\">\n<\/a>\n\n\t<!-- Modal -->\n\t<div class=\"modal fade modal_popup\" id=\"newsletter_popup\" tabindex=\"-1\" aria-labelledby=\"exampleModalLabel\" aria-hidden=\"true\">\n\t\t<div class=\"modal-dialog modal-dialog-centered modal-dialog-scrollable\">\n\t\t\t<div class=\"modal-content\">\n\t\t\t\t<div class=\"modal-header small-header\">\n\t\t\t\t\t<h5 class=\"modal-title\" id=\"newsletterModalLabel\">\n\t\t\t\t\t\tNewsletter\t\t\t\t\t<\/h5>\n\t\t\t\t\t<button type=\"button\" class=\"btn-close small-close\" data-bs-dismiss=\"modal\" aria-label=\"Close\"><\/button>\n\t\t\t\t<\/div>\n\n\t\t\t\t<div class=\"modal-body\">\n\t\t\t\t\t\t<div class=\"newsletterForm-embed popup-form\">\n        <form name=\"newsletterSubscriptionForm\" id=\"newsletter_popup_69f35c51bbecd_form\" data-newsletter-id=\"newsletter_popup_69f35c51bbecd\" method=\"POST\">\n\n\t\t\t<input type=\"text\" name=\"website\" class=\"hidden\" tabindex=\"-1\" autocomplete=\"off\" style=\"position:absolute;left:-9999px;\">\n\t\t\t<input type=\"hidden\" name=\"ts\" value=\"1777556561\">\n\n\t\t\t                <input type=\"hidden\" name=\"emarsys-event-id\" value=\"3756\">\n            \n            \t\t\t<div class=\"mb-3\">\n\t\t\t\t<label for=\"date\" class=\"form-label\">Geburtstag\/ -termin Deines Babys<\/label>\n                <input type=\"date\" name=\"date\" class=\"input input--expand form-control\" required>\n\t\t\t<\/div>\n            \n\t\t\t<div class=\"mb-3\">\n\t\t\t\t<label for=\"email\" class=\"form-label\">E-Mail-Adresse<\/label>\n\t\t\t\t<input type=\"email\" name=\"email\" placeholder=\"E-Mail-Adresse\" class=\"input input--expand form-control\" required>\n\t\t\t<\/div>\n\n\t\t\t\t\t\t\t<button type=\"submit\" class=\"btn btn-primary\">Absenden<\/button>\n\t\t\t\n\t\t\t\t\t\t\t<div class=\"small mt-3\" style=\"font-weight:normal;\">\n\t\t\t\t\t\n\t\t\t<div class=\"mt-3\">\n\t\t\t\tJa, ich m&ouml;chte den Newsletter von Babyartikel.de erhalten und &uuml;ber Aktionen informiert werden.\n  Dabei darf mein Nutzungsverhalten (z. B. &Ouml;ffnungen und Klicks) zur Personalisierung ausgewertet werden.\n  Mehr finde ich in der <a href=\"\/de\/datenschutz\" style=\"text-decoration:underline\">Datenschutzerkl&auml;rung<\/a>.\n\t\t\t<\/div>\n\t\t\t\t\t\t<\/div>\n\t\t\t\n\t\t\t\t\t\t\t<div class=\"small mb-3 mt-3\" style=\"font-weight:normal;\">\n\t\t\t\t\tJederzeit abbestellbar | <a href=\"\/de\/datenschutz\" style=\"text-decoration:underline\">\n\t\t\t\t\t\tDatenschutzerkl&auml;rung\n\t\t\t\t\t<\/a>\n\t\t\t\t<\/div>\n\t\t\t\n        <\/form>\n    <\/div>\n\t\n\t\t\t\t\t<div class=\"response-messages_newsletter_popup_69f35c51bbecd\">\n\t\t\t\t\t\t<div class=\"alert alert-success success mt-3 mb-3 d-none\">\n\t\t\t\t\t\t\tNur noch ein Klick! Best&auml;tige Deine Anmeldung in der E-Mail, die du gleich erh&auml;ltst.\t\t\t\t\t\t<\/div>\n\t\t\t\t\t\t<div class=\"error mt-3 mb-3 d-none\">\n\t\t\t\t\t\t\t<div class=\"alert alert-danger \">\n\t\t\t\t\t\t\t\tEin Fehler ist aufgetreten. Bitte versuche es sp&auml;ter erneut.\t\t\t\t\t\t\t<\/div>\n\t\t\t\t\t\t<\/div>\n\t\t\t\t\t\t<div class=\"alert alert-danger other-2007 mt-3 mb-3 d-none\">\n\t\t\t\t\t\t\tUng&Atilde;&frac14;ltiges Datumsformat\t\t\t\t\t\t<\/div>\n\t\t\t\t\t<\/div>\n\t\t\t\t<\/div>\n\t\t\t<\/div>\n\t\t<\/div>\n\t<\/div>\n\n\t<\/div><!-- content-widget --><\/div><h2 class=\"wp-block-heading\" id=\"h-der-avova-sperling-fix-im-detail\"><span class=\"ez-toc-section\" id=\"Der_Avova_Sperling-Fix_im_Detail\"><\/span>Der Avova Sperling-Fix im Detail<span class=\"ez-toc-section-end\"><\/span><\/h2><p>Der Sperling-Fix wird unseren Sohn sehr lange begleiten, denn er ist tats&auml;chlich schon <strong>ab etwa 15 Monaten bis zum 12. Lebensjahr nutzbar<\/strong> &ndash; genauer gesagt von 76 bis 150 cm K&ouml;rpergr&ouml;&szlig;e.<\/p><p>Der Avova Kindersitz ist <strong>komplett neu designt und mit ISOFIX ausgestattet<\/strong>. W&auml;hrend Du Dein Kind zun&auml;chst mit dem <strong>sitzeigenen 5-Punkt-Gurt<\/strong> anschnallst, wechselst Du ab einer K&ouml;rperh&ouml;he von einem Meter auf den <strong>3-Punkt-Gurt Deines Autos<\/strong>.<\/p><div class=\"postslot1\">\t\t<div style=\"clear:both\"><\/div>\n\t\t\t\t\t\t<div id=\"productPanel558\" class=\"product-panel-bottom\">&nbsp;<\/div>\n\t\t\t\t\t\t<script type=\"module\">\n\t\t\t\t\t\t\trequestProductPanel(\"https:\/\/www.babyartikel.de\/magazin\/wp-content\/plugins\/wp-productpanel2\/ProductPanel.php\", \"?panel_type=automatic&basis_category=1-KS-936&basis_product=201900003362&swipe_mobile=1&postid=816004&template=auto&max=4&productPanelId=558&solrQuery=\", 558, 1);\n\t\t\t\t\t\t<\/script>\n\t\t\t\t\t<link rel=\"stylesheet\" href=\"https:\/\/cdn.jsdelivr.net\/npm\/swiper@8\/swiper-bundle.min.css\"><\/div><div class=\"marketing-slot\"><div id=\"block-25\" class=\"content-post-widget marketing-slot-2 widget_block\"><a href=\"https:\/\/www.babyartikel.de\/de\/angebote\" data-track-link-click=\"true\" data-track-name=\"nyoutlet2026-magazin\" data-track-medium=\"banner-magazin-post\" data-track-campaign=\"magazin-banner-nyoutlet2026\" onclick=\"ga('send', 'event', 'banner', 'click', 'magazin-banner-nyoutlet2026');\" style=\"display:block;width:100%;text-align:center;\"><img src=\"https:\/\/media.babyartikel.de\/magazin\/wp-content\/uploads\/2026\/01\/NY-Outlet-10-2026.webp\" alt=\"Sale\" style=\"max-width:100%;\"><\/a><\/div><!-- content-widget --><\/div><div class=\"wp-block-image\">\n<figure class=\"aligncenter size-large is-resized\"><a href=\"https:\/\/www.babyartikel.de\/prod\/avova-kindersitz-sperling-fix-i-size-76-cm-150-cm-ab-15-monate-bis-12-jahre-mit-isofix-top-tethers-pearl-black\" target=\"_blank\" rel=\"noopener noreferrer\"><img loading=\"lazy\" decoding=\"async\" width=\"1050\" height=\"788\" src=\"https:\/\/www.babyartikel.de\/magazin\/wp-content\/uploads\/2020\/07\/Avova5-1050x788.jpg\" alt=\"avova kindersitz\" class=\"wp-image-816068\" style=\"width:525px;height:394px\" srcset=\"https:\/\/media.babyartikel.de\/magazin\/wp-content\/uploads\/2020\/07\/Avova5-1050x788.jpg 1050w, https:\/\/media.babyartikel.de\/magazin\/wp-content\/uploads\/2020\/07\/Avova5-690x518.jpg 690w, https:\/\/media.babyartikel.de\/magazin\/wp-content\/uploads\/2020\/07\/Avova5-150x113.jpg 150w, https:\/\/media.babyartikel.de\/magazin\/wp-content\/uploads\/2020\/07\/Avova5-768x576.jpg 768w, https:\/\/media.babyartikel.de\/magazin\/wp-content\/uploads\/2020\/07\/Avova5-1536x1152.jpg 1536w, https:\/\/media.babyartikel.de\/magazin\/wp-content\/uploads\/2020\/07\/Avova5-2048x1536.jpg 2048w\" sizes=\"auto, (max-width: 1050px) 100vw, 1050px\"><\/a><figcaption class=\"wp-element-caption\">Der Avova Kindersitz Sperling Fix in Pearl Black<\/figcaption><\/figure><\/div><p>Neben einer <strong>ergonomischen Sicherheits-Kopfst&uuml;tze<\/strong> bietet der Sitz einen <strong>ISIP Seitenaufprallschutz<\/strong>, der direkt in den Sitz integriert ist.<\/p><p>Den Avova Sperling-Fix gibt es zurzeit in den <strong>Farben Schwarz, Grau, Blau und Rot<\/strong> zu bestellen.<\/p><h2 class=\"wp-block-heading\" id=\"h-der-avova-sperling-fix-im-praxistest\"><span class=\"ez-toc-section\" id=\"Der_Avova_Sperling-Fix_im_Praxistest\"><\/span>Der Avova Sperling-Fix im Praxistest<span class=\"ez-toc-section-end\"><\/span><\/h2><p>Warum gef&auml;llt uns der Sperling-Fix so gut? Wir erkl&auml;ren es dir&hellip;<\/p><h3 class=\"wp-block-heading\" id=\"h-der-einbau\">Der Einbau<\/h3><p><strong>Durch ISOFIX ist der Sitz ruckzuck eingebaut<\/strong>. Dazu m&uuml;ssen wir die ISOFIX-Konnektoren herausschieben, in dem wir vorne links und rechts auf den ISOFIX-L&ouml;sehebel dr&uuml;cken. Die ISOFIX-Konnektoren werden dann einfach in die Ankerpunkte im Auto geschoben. Durch die Anzeige vorne ist sofort erkennbar, ob beide Konnektoren richtig eingerastet sind.<\/p><div class=\"wp-block-image\">\n<figure class=\"aligncenter size-large is-resized\"><img loading=\"lazy\" decoding=\"async\" width=\"1050\" height=\"788\" src=\"https:\/\/www.babyartikel.de\/magazin\/wp-content\/uploads\/2020\/07\/ISO-FIX-1050x788.jpg\" alt=\"\" class=\"wp-image-816064\" style=\"width:525px;height:394px\" srcset=\"https:\/\/media.babyartikel.de\/magazin\/wp-content\/uploads\/2020\/07\/ISO-FIX-1050x788.jpg 1050w, https:\/\/media.babyartikel.de\/magazin\/wp-content\/uploads\/2020\/07\/ISO-FIX-690x518.jpg 690w, https:\/\/media.babyartikel.de\/magazin\/wp-content\/uploads\/2020\/07\/ISO-FIX-150x113.jpg 150w, https:\/\/media.babyartikel.de\/magazin\/wp-content\/uploads\/2020\/07\/ISO-FIX-768x576.jpg 768w, https:\/\/media.babyartikel.de\/magazin\/wp-content\/uploads\/2020\/07\/ISO-FIX-1536x1152.jpg 1536w, https:\/\/media.babyartikel.de\/magazin\/wp-content\/uploads\/2020\/07\/ISO-FIX-2048x1536.jpg 2048w\" sizes=\"auto, (max-width: 1050px) 100vw, 1050px\"><figcaption class=\"wp-element-caption\">ISOFIX-Konnektoren sind eingerastet<\/figcaption><\/figure><\/div><p><br>Zus&auml;tzlich wird der Kindersitz auf der R&uuml;ckseite des Autositzes gesichert: der am Kindersitz befestigte <strong>Haltegurt wird mit dem Haltegurthaken im Kofferraum befestigt<\/strong> und anschlie&szlig;end so lang festgezogen, bis der Haltegurtanpasser gr&uuml;n wird.<\/p><div class=\"wp-block-image\">\n<figure class=\"aligncenter size-medium is-resized\"><img loading=\"lazy\" decoding=\"async\" width=\"690\" height=\"518\" src=\"https:\/\/www.babyartikel.de\/magazin\/wp-content\/uploads\/2020\/07\/Haltegurthaken-690x518.jpg\" alt=\"\" class=\"wp-image-816065\" style=\"width:518px;height:389px\" srcset=\"https:\/\/media.babyartikel.de\/magazin\/wp-content\/uploads\/2020\/07\/Haltegurthaken-690x518.jpg 690w, https:\/\/media.babyartikel.de\/magazin\/wp-content\/uploads\/2020\/07\/Haltegurthaken-1050x788.jpg 1050w, https:\/\/media.babyartikel.de\/magazin\/wp-content\/uploads\/2020\/07\/Haltegurthaken-150x113.jpg 150w, https:\/\/media.babyartikel.de\/magazin\/wp-content\/uploads\/2020\/07\/Haltegurthaken-768x576.jpg 768w, https:\/\/media.babyartikel.de\/magazin\/wp-content\/uploads\/2020\/07\/Haltegurthaken-1536x1152.jpg 1536w, https:\/\/media.babyartikel.de\/magazin\/wp-content\/uploads\/2020\/07\/Haltegurthaken-2048x1536.jpg 2048w\" sizes=\"auto, (max-width: 690px) 100vw, 690px\"><figcaption class=\"wp-element-caption\">Befestigung durch den Haltegurthaken<\/figcaption><\/figure><\/div><h3 class=\"wp-block-heading\" id=\"h-die-einstellmoglichkeiten\">Die Einstellm&ouml;glichkeiten<\/h3><p>Der Avova Sperling-Fix kann <strong>in drei verschiedenen Liegepositionen verwendet<\/strong> werden. W&auml;hrend unser Sohn in der ersten Einstellung sehr gerade sitzt, liegt er in der dritten Einstellung fast. Ihm gef&auml;llt die mittlere Einstellung am besten. Um die Sitzneigung zu verstellen, wird der R&uuml;ckenlehnenverstellgriff vorne direkt in der Mitte des Sitzes gedr&uuml;ckt und der Sitz vorsichtig verschoben.<\/p><p>Zus&auml;tzlich muss die <strong>Kopfst&uuml;tze auf die Gr&ouml;&szlig;e unseres Sohnes eingestellt<\/strong> werden. Zwischen dem untersten Ende der Kopfst&uuml;tze und der Schulter sollte etwa 2 Fingerbreit Abstand sein. Der Griff zum Verstellen befindet sich direkt hinter der Kopfst&uuml;tze.<\/p><div class=\"wp-block-image\">\n<figure class=\"aligncenter size-large is-resized\"><img loading=\"lazy\" decoding=\"async\" width=\"1050\" height=\"788\" src=\"https:\/\/www.babyartikel.de\/magazin\/wp-content\/uploads\/2020\/07\/Einstellung-Kopfst%C3%BCtze-1050x788.jpg\" alt=\"\" class=\"wp-image-816070\" style=\"width:525px;height:394px\" srcset=\"https:\/\/media.babyartikel.de\/magazin\/wp-content\/uploads\/2020\/07\/Einstellung-Kopfst&uuml;tze-1050x788.jpg 1050w, https:\/\/media.babyartikel.de\/magazin\/wp-content\/uploads\/2020\/07\/Einstellung-Kopfst&uuml;tze-690x518.jpg 690w, https:\/\/media.babyartikel.de\/magazin\/wp-content\/uploads\/2020\/07\/Einstellung-Kopfst&uuml;tze-150x113.jpg 150w, https:\/\/media.babyartikel.de\/magazin\/wp-content\/uploads\/2020\/07\/Einstellung-Kopfst&uuml;tze-768x576.jpg 768w, https:\/\/media.babyartikel.de\/magazin\/wp-content\/uploads\/2020\/07\/Einstellung-Kopfst&uuml;tze-1536x1152.jpg 1536w, https:\/\/media.babyartikel.de\/magazin\/wp-content\/uploads\/2020\/07\/Einstellung-Kopfst&uuml;tze-2048x1536.jpg 2048w\" sizes=\"auto, (max-width: 1050px) 100vw, 1050px\"><figcaption class=\"wp-element-caption\">Einstellung der Kopfst&uuml;tze<\/figcaption><\/figure><\/div><p>Da unser <strong>Sohn bereits 100 cm gro&szlig; ist<\/strong>, haben wir direkt den 5-Punkt-Gurt im Sitz verstaut und schnallen ihn mit dem 3-Punkt-Gurt unseres Autos an.<\/p><h3 class=\"wp-block-heading\" id=\"h-die-qualitat\">Die Qualit&auml;t<\/h3><p>Nun kam der Kindersitz nat&uuml;rlich schon zusammengebaut bei uns an (Gott sei Dank :D). Wenn ich mir aber den Bezug anschaue, ist er <strong>sehr gut verarbeitet<\/strong> und der ganze <strong>Kindersitz macht einen sehr hochwertigen Eindruck<\/strong>. Nichts wackelt oder sieht billig aus.<\/p><h3 class=\"wp-block-heading\" id=\"h-der-komfort\">Der Komfort<\/h3><p>Der Avova Kindersitz ist bei uns <strong>fast t&auml;glich im Einsatz<\/strong> und hat auch schon <strong>l&auml;ngere Strecken zur&uuml;ckgelegt<\/strong>. Unser Sohn sitzt w&auml;hrend der Fahrt sehr gerne in seinem Sitz, schaut aus dem Fenster oder guckt B&uuml;cher an. Tats&auml;chlich <strong>schl&auml;ft er auch regelm&auml;&szlig;ig darin ein<\/strong>. Wenn wir ihn fragen, sagt er, dass er sehr bequem darin sitzt.<\/p><div class=\"wp-block-image\">\n<figure class=\"aligncenter size-medium is-resized\"><img loading=\"lazy\" decoding=\"async\" width=\"518\" height=\"690\" src=\"https:\/\/www.babyartikel.de\/magazin\/wp-content\/uploads\/2020\/07\/Avova-518x690.jpg\" alt=\"\" class=\"wp-image-816067\" style=\"width:259px;height:345px\" srcset=\"https:\/\/media.babyartikel.de\/magazin\/wp-content\/uploads\/2020\/07\/Avova-518x690.jpg 518w, https:\/\/media.babyartikel.de\/magazin\/wp-content\/uploads\/2020\/07\/Avova-788x1050.jpg 788w, https:\/\/media.babyartikel.de\/magazin\/wp-content\/uploads\/2020\/07\/Avova-113x150.jpg 113w, https:\/\/media.babyartikel.de\/magazin\/wp-content\/uploads\/2020\/07\/Avova-768x1024.jpg 768w, https:\/\/media.babyartikel.de\/magazin\/wp-content\/uploads\/2020\/07\/Avova-1152x1536.jpg 1152w, https:\/\/media.babyartikel.de\/magazin\/wp-content\/uploads\/2020\/07\/Avova-1536x2048.jpg 1536w, https:\/\/media.babyartikel.de\/magazin\/wp-content\/uploads\/2020\/07\/Avova-scaled.jpg 1920w\" sizes=\"auto, (max-width: 518px) 100vw, 518px\"><figcaption class=\"wp-element-caption\">Unser Sohn sitzt gerne in seinem Kindersitz<\/figcaption><\/figure><\/div><h3 class=\"wp-block-heading\" id=\"h-die-alltagstauglichkeit\">Die Alltagstauglichkeit<\/h3><p>Das Anschnallen meines Sohnes ist wirklich einfach: er klettert auf den Sitz, ich nehme den 3-Punkt-Gurt und stecke ihn in das Schloss. Dabei muss ich darauf achten, dass der Gurt durch <strong>die rote Beckengurtf&uuml;hrung verl&auml;uft<\/strong> und oben durch die <strong>rote Schultergurtf&uuml;hrung<\/strong>.<br>H&ouml;rt sich jetzt vielleicht ein wenig kompliziert an, ist aber nach den ersten Anschnallversuchen ganz simpel.<\/p><div class=\"wp-block-image\">\n<figure class=\"aligncenter size-medium is-resized\"><img loading=\"lazy\" decoding=\"async\" width=\"690\" height=\"518\" src=\"https:\/\/www.babyartikel.de\/magazin\/wp-content\/uploads\/2020\/07\/Schultergurtf%C3%BChrung-690x518.jpg\" alt=\"\" class=\"wp-image-816066\" style=\"width:518px;height:389px\" srcset=\"https:\/\/media.babyartikel.de\/magazin\/wp-content\/uploads\/2020\/07\/Schultergurtf&uuml;hrung-690x518.jpg 690w, https:\/\/media.babyartikel.de\/magazin\/wp-content\/uploads\/2020\/07\/Schultergurtf&uuml;hrung-1050x788.jpg 1050w, https:\/\/media.babyartikel.de\/magazin\/wp-content\/uploads\/2020\/07\/Schultergurtf&uuml;hrung-150x113.jpg 150w, https:\/\/media.babyartikel.de\/magazin\/wp-content\/uploads\/2020\/07\/Schultergurtf&uuml;hrung-768x576.jpg 768w, https:\/\/media.babyartikel.de\/magazin\/wp-content\/uploads\/2020\/07\/Schultergurtf&uuml;hrung-1536x1152.jpg 1536w, https:\/\/media.babyartikel.de\/magazin\/wp-content\/uploads\/2020\/07\/Schultergurtf&uuml;hrung-2048x1536.jpg 2048w\" sizes=\"auto, (max-width: 690px) 100vw, 690px\"><figcaption class=\"wp-element-caption\">Richtig anschnallen ist wichtig<\/figcaption><\/figure><\/div><p>Der Sperling-Fix ist au&szlig;erdem <strong>recht platzsparend<\/strong> (besonders im Vergleich zum Reboarder) und <strong>schaut auch sehr gut aus<\/strong>. Ein Kindersitz f&uuml;r jede Gelegenheit!<\/p><h2 class=\"wp-block-heading\" id=\"h-der-avova-kindersitz-sperling-fix-unser-fazit\"><span class=\"ez-toc-section\" id=\"Der_Avova_Kindersitz_Sperling-Fix_unser_Fazit\"><\/span>Der Avova Kindersitz Sperling-Fix: unser Fazit<span class=\"ez-toc-section-end\"><\/span><\/h2><p>Der gr&ouml;&szlig;te Vorteil ist f&uuml;r uns, dass der Sperling-Fix <strong>vom 15. Lebensmonat bis zum 12. Lebensjahr nutzbar ist<\/strong> und quasi mit dem Kind mitw&auml;chst. Dennoch ist der Avova Kindersitz <strong>zu jedem Alter absolut sicher<\/strong> und <strong>&uuml;berzeugt mit einer sehr guten Qualit&auml;t<\/strong>. Dank <strong>ISOFIX geht der Einbau leicht und schnell<\/strong> von der Hand.<\/p><p>Der einzige kleine Nachteil ist, dass der Kindersitz <strong>mit rund 14 kg ziemlich schwer<\/strong> ist und deshalb nicht ganz so schnell ein- und ausgebaut ist. Als Sitz, der in mehreren Autos verwendet werden soll, ist er deshalb nicht so gut geeignet. Da wir den Kindersitz aber sowieso nur in einem Auto nutzen, st&ouml;rt uns das Gewicht nicht und k&ouml;nnen den Avova Kindersitz definitiv empfehlen. <\/p><\/p>\n","protected":false},"excerpt":{"rendered":"<p>Der erste vorw&auml;rtsgerichtete Kindersitz f&uuml;r unseren 3-j&auml;hrigen Sohn sollte sehr sicher und dennoch bequem sein &ndash; der Avova Sperling-Fix i-Size hat all unsere Erwartungen erf&uuml;llt.Du kennst die Kindersitz-Marke noch gar nicht? Dann solltest Du unbedingt weiterlesen&hellip;Avova &ndash; die neue Kindersitzmarke aus DeutschlandDem Team von Avova liegt besonders die Sicherheit unserer Kinder am Herzen, deshalb erf&uuml;llen [&#8230;]<\/p>\n<p><a class=\"btn btn-secondary understrap-read-more-link\" href=\"https:\/\/www.babyartikel.de\/magazin\/sichere-fahrt-mit-dem-avova-sperling-fix-kindersitz\">Weiterlesen&#8230;<\/a><\/p>\n","protected":false},"author":79,"featured_media":816063,"comment_status":"open","ping_status":"closed","sticky":false,"template":"","format":"standard","meta":{"_acf_changed":false,"footnotes":""},"categories":[2829,1430,2802,2830,48],"tags":[3339,22877,3461,15870,3320,3389],"class_list":["post-816004","post","type-post","status-publish","format-standard","has-post-thumbnail","hentry","category-kaufberater","category-kleinkind","category-mamablogger-berichten","category-produkte-fuer-kleinkinder","category-test-bewertungen","tag-alltag-mit-kleinkind","tag-autofahren","tag-kindersitz","tag-lieblingsprodukte","tag-produkte","tag-test"],"acf":[],"yoast_head":"<!-- This site is optimized with the Yoast SEO Premium plugin v27.2 (Yoast SEO v27.2) - https:\/\/yoast.com\/product\/yoast-seo-premium-wordpress\/ -->\n<title>Sichere Fahrt mit dem Avova Sperling Fix Kindersitz<\/title>\n<meta name=\"description\" content=\"Der neue Kindersitz vom deutschen Produzenten Avova entspricht den neuesten i-Size Normen und steht den gro\u00dfen Marken in nichts nach ...\" \/>\n<meta name=\"robots\" content=\"index, follow, max-snippet:-1, max-image-preview:large, max-video-preview:-1\" \/>\n<link rel=\"canonical\" href=\"https:\/\/www.babyartikel.de\/magazin\/sichere-fahrt-mit-dem-avova-sperling-fix-kindersitz\" \/>\n<meta property=\"og:locale\" content=\"de_DE\" \/>\n<meta property=\"og:type\" content=\"article\" \/>\n<meta property=\"og:title\" content=\"Sichere Fahrt mit dem Avova Sperling-Fix Kindersitz\" \/>\n<meta property=\"og:description\" content=\"Der neue Kindersitz vom deutschen Produzenten Avova entspricht den neuesten i-Size Normen und steht den gro\u00dfen Marken in nichts nach ...\" \/>\n<meta property=\"og:url\" content=\"https:\/\/www.babyartikel.de\/magazin\/sichere-fahrt-mit-dem-avova-sperling-fix-kindersitz\" \/>\n<meta property=\"og:site_name\" content=\"Babyartikel.de Magazin\" \/>\n<meta property=\"article:published_time\" content=\"2020-07-31T05:50:00+00:00\" \/>\n<meta property=\"article:modified_time\" content=\"2025-10-01T11:57:01+00:00\" \/>\n<meta property=\"og:image\" content=\"https:\/\/media.babyartikel.de\/magazin\/wp-content\/uploads\/2020\/07\/Avova2-scaled.jpg\" \/>\n\t<meta property=\"og:image:width\" content=\"2560\" \/>\n\t<meta property=\"og:image:height\" content=\"1920\" \/>\n\t<meta property=\"og:image:type\" content=\"image\/jpeg\" \/>\n<meta name=\"author\" content=\"Sandra Baumann\" \/>\n<meta name=\"twitter:card\" content=\"summary_large_image\" \/>\n<meta name=\"twitter:label1\" content=\"Verfasst von\" \/>\n\t<meta name=\"twitter:data1\" content=\"Sandra Baumann\" \/>\n\t<meta name=\"twitter:label2\" content=\"Gesch\u00e4tzte Lesezeit\" \/>\n\t<meta name=\"twitter:data2\" content=\"6\u00a0Minuten\" \/>\n<script type=\"application\/ld+json\" class=\"yoast-schema-graph\">{\"@context\":\"https:\/\/schema.org\",\"@graph\":[{\"@type\":\"Article\",\"@id\":\"https:\/\/www.babyartikel.de\/magazin\/sichere-fahrt-mit-dem-avova-sperling-fix-kindersitz#article\",\"isPartOf\":{\"@id\":\"https:\/\/www.babyartikel.de\/magazin\/sichere-fahrt-mit-dem-avova-sperling-fix-kindersitz\"},\"author\":{\"name\":\"Sandra Baumann\",\"@id\":\"https:\/\/www.babyartikel.de\/magazin\/#\/schema\/person\/ff48fd33e1e240dfb3012b74fce938f1\"},\"headline\":\"Sichere Fahrt mit dem Avova Sperling-Fix Kindersitz\",\"datePublished\":\"2020-07-31T05:50:00+00:00\",\"dateModified\":\"2025-10-01T11:57:01+00:00\",\"mainEntityOfPage\":{\"@id\":\"https:\/\/www.babyartikel.de\/magazin\/sichere-fahrt-mit-dem-avova-sperling-fix-kindersitz\"},\"wordCount\":802,\"commentCount\":0,\"image\":{\"@id\":\"https:\/\/www.babyartikel.de\/magazin\/sichere-fahrt-mit-dem-avova-sperling-fix-kindersitz#primaryimage\"},\"thumbnailUrl\":\"https:\/\/media.babyartikel.de\/magazin\/wp-content\/uploads\/2020\/07\/Avova2-scaled.jpg\",\"keywords\":[\"alltag mit kleinkind\",\"autofahren\",\"kindersitz\",\"lieblingsprodukte\",\"produkte\",\"test\"],\"articleSection\":[\"Kaufberater\",\"Kleinkind\",\"Mamablogger berichten\",\"Produkte f\u00fcr Kleinkinder\",\"Tests\"],\"inLanguage\":\"de\",\"potentialAction\":[{\"@type\":\"CommentAction\",\"name\":\"Comment\",\"target\":[\"https:\/\/www.babyartikel.de\/magazin\/sichere-fahrt-mit-dem-avova-sperling-fix-kindersitz#respond\"]}]},{\"@type\":\"WebPage\",\"@id\":\"https:\/\/www.babyartikel.de\/magazin\/sichere-fahrt-mit-dem-avova-sperling-fix-kindersitz\",\"url\":\"https:\/\/www.babyartikel.de\/magazin\/sichere-fahrt-mit-dem-avova-sperling-fix-kindersitz\",\"name\":\"Sichere Fahrt mit dem Avova Sperling Fix Kindersitz\",\"isPartOf\":{\"@id\":\"https:\/\/www.babyartikel.de\/magazin\/#website\"},\"primaryImageOfPage\":{\"@id\":\"https:\/\/www.babyartikel.de\/magazin\/sichere-fahrt-mit-dem-avova-sperling-fix-kindersitz#primaryimage\"},\"image\":{\"@id\":\"https:\/\/www.babyartikel.de\/magazin\/sichere-fahrt-mit-dem-avova-sperling-fix-kindersitz#primaryimage\"},\"thumbnailUrl\":\"https:\/\/media.babyartikel.de\/magazin\/wp-content\/uploads\/2020\/07\/Avova2-scaled.jpg\",\"datePublished\":\"2020-07-31T05:50:00+00:00\",\"dateModified\":\"2025-10-01T11:57:01+00:00\",\"author\":{\"@id\":\"https:\/\/www.babyartikel.de\/magazin\/#\/schema\/person\/ff48fd33e1e240dfb3012b74fce938f1\"},\"description\":\"Der neue Kindersitz vom deutschen Produzenten Avova entspricht den neuesten i-Size Normen und steht den gro\u00dfen Marken in nichts nach ...\",\"breadcrumb\":{\"@id\":\"https:\/\/www.babyartikel.de\/magazin\/sichere-fahrt-mit-dem-avova-sperling-fix-kindersitz#breadcrumb\"},\"inLanguage\":\"de\",\"potentialAction\":[{\"@type\":\"ReadAction\",\"target\":[\"https:\/\/www.babyartikel.de\/magazin\/sichere-fahrt-mit-dem-avova-sperling-fix-kindersitz\"]}]},{\"@type\":\"ImageObject\",\"inLanguage\":\"de\",\"@id\":\"https:\/\/www.babyartikel.de\/magazin\/sichere-fahrt-mit-dem-avova-sperling-fix-kindersitz#primaryimage\",\"url\":\"https:\/\/media.babyartikel.de\/magazin\/wp-content\/uploads\/2020\/07\/Avova2-scaled.jpg\",\"contentUrl\":\"https:\/\/media.babyartikel.de\/magazin\/wp-content\/uploads\/2020\/07\/Avova2-scaled.jpg\",\"width\":2560,\"height\":1920,\"caption\":\"bty\"},{\"@type\":\"BreadcrumbList\",\"@id\":\"https:\/\/www.babyartikel.de\/magazin\/sichere-fahrt-mit-dem-avova-sperling-fix-kindersitz#breadcrumb\",\"itemListElement\":[{\"@type\":\"ListItem\",\"position\":1,\"name\":\"Startseite\",\"item\":\"https:\/\/www.babyartikel.de\/magazin\"},{\"@type\":\"ListItem\",\"position\":2,\"name\":\"Sichere Fahrt mit dem Avova Sperling-Fix Kindersitz\"}]},{\"@type\":\"WebSite\",\"@id\":\"https:\/\/www.babyartikel.de\/magazin\/#website\",\"url\":\"https:\/\/www.babyartikel.de\/magazin\/\",\"name\":\"Babyartikel.de Magazin\",\"description\":\"\",\"potentialAction\":[{\"@type\":\"SearchAction\",\"target\":{\"@type\":\"EntryPoint\",\"urlTemplate\":\"https:\/\/www.babyartikel.de\/magazin\/?s={search_term_string}\"},\"query-input\":{\"@type\":\"PropertyValueSpecification\",\"valueRequired\":true,\"valueName\":\"search_term_string\"}}],\"inLanguage\":\"de\"},{\"@type\":\"Person\",\"@id\":\"https:\/\/www.babyartikel.de\/magazin\/#\/schema\/person\/ff48fd33e1e240dfb3012b74fce938f1\",\"name\":\"Sandra Baumann\",\"image\":{\"@type\":\"ImageObject\",\"inLanguage\":\"de\",\"@id\":\"https:\/\/media.babyartikel.de\/magazin\/wp-content\/uploads\/2017\/03\/Sandra-Baumann-150x150.jpg\",\"url\":\"https:\/\/media.babyartikel.de\/magazin\/wp-content\/uploads\/2017\/03\/Sandra-Baumann-150x150.jpg\",\"contentUrl\":\"https:\/\/media.babyartikel.de\/magazin\/wp-content\/uploads\/2017\/03\/Sandra-Baumann-150x150.jpg\",\"caption\":\"Sandra Baumann\"},\"description\":\"Mein Name ist Sandra, ich bin Anfang 30 und wohne in der N\u00e4he von Hamburg. Eine eigene Familie haben - das war schon immer unser Wunsch und so hat sich im April 2017 unser Sohn in unsere Herzen geschlichen. Seitdem schreibe ich tats\u00e4chlich auch schon Artikel f\u00fcr das Babyartikel Magazin und habe immer noch sehr viel Freude daran. Unsere kleine Tochter hat unsere Familie dann im Juli 2019 komplett gemacht. Gerne m\u00f6chte ich Dir von meinen Erfahrungen berichten - besonders viel besch\u00e4ftige ich mich mit den Themen bed\u00fcrfnisorientierte Erziehung und Ern\u00e4hrung von Kindern - und vielleicht kann ich dir bei dem ein oder anderen Problem weiterhelfen.\",\"url\":\"https:\/\/www.babyartikel.de\/magazin\/author\/sandra-b\"}]}<\/script>\n<!-- \/ Yoast SEO Premium plugin. -->","yoast_head_json":{"title":"Sichere Fahrt mit dem Avova Sperling Fix Kindersitz","description":"Der neue Kindersitz vom deutschen Produzenten Avova entspricht den neuesten i-Size Normen und steht den gro\u00dfen Marken in nichts nach ...","robots":{"index":"index","follow":"follow","max-snippet":"max-snippet:-1","max-image-preview":"max-image-preview:large","max-video-preview":"max-video-preview:-1"},"canonical":"https:\/\/www.babyartikel.de\/magazin\/sichere-fahrt-mit-dem-avova-sperling-fix-kindersitz","og_locale":"de_DE","og_type":"article","og_title":"Sichere Fahrt mit dem Avova Sperling-Fix Kindersitz","og_description":"Der neue Kindersitz vom deutschen Produzenten Avova entspricht den neuesten i-Size Normen und steht den gro\u00dfen Marken in nichts nach ...","og_url":"https:\/\/www.babyartikel.de\/magazin\/sichere-fahrt-mit-dem-avova-sperling-fix-kindersitz","og_site_name":"Babyartikel.de Magazin","article_published_time":"2020-07-31T05:50:00+00:00","article_modified_time":"2025-10-01T11:57:01+00:00","og_image":[{"width":2560,"height":1920,"url":"https:\/\/media.babyartikel.de\/magazin\/wp-content\/uploads\/2020\/07\/Avova2-scaled.jpg","type":"image\/jpeg"}],"author":"Sandra Baumann","twitter_card":"summary_large_image","twitter_misc":{"Verfasst von":"Sandra Baumann","Gesch\u00e4tzte Lesezeit":"6\u00a0Minuten"},"schema":{"@context":"https:\/\/schema.org","@graph":[{"@type":"Article","@id":"https:\/\/www.babyartikel.de\/magazin\/sichere-fahrt-mit-dem-avova-sperling-fix-kindersitz#article","isPartOf":{"@id":"https:\/\/www.babyartikel.de\/magazin\/sichere-fahrt-mit-dem-avova-sperling-fix-kindersitz"},"author":{"name":"Sandra Baumann","@id":"https:\/\/www.babyartikel.de\/magazin\/#\/schema\/person\/ff48fd33e1e240dfb3012b74fce938f1"},"headline":"Sichere Fahrt mit dem Avova Sperling-Fix Kindersitz","datePublished":"2020-07-31T05:50:00+00:00","dateModified":"2025-10-01T11:57:01+00:00","mainEntityOfPage":{"@id":"https:\/\/www.babyartikel.de\/magazin\/sichere-fahrt-mit-dem-avova-sperling-fix-kindersitz"},"wordCount":802,"commentCount":0,"image":{"@id":"https:\/\/www.babyartikel.de\/magazin\/sichere-fahrt-mit-dem-avova-sperling-fix-kindersitz#primaryimage"},"thumbnailUrl":"https:\/\/media.babyartikel.de\/magazin\/wp-content\/uploads\/2020\/07\/Avova2-scaled.jpg","keywords":["alltag mit kleinkind","autofahren","kindersitz","lieblingsprodukte","produkte","test"],"articleSection":["Kaufberater","Kleinkind","Mamablogger berichten","Produkte f\u00fcr Kleinkinder","Tests"],"inLanguage":"de","potentialAction":[{"@type":"CommentAction","name":"Comment","target":["https:\/\/www.babyartikel.de\/magazin\/sichere-fahrt-mit-dem-avova-sperling-fix-kindersitz#respond"]}]},{"@type":"WebPage","@id":"https:\/\/www.babyartikel.de\/magazin\/sichere-fahrt-mit-dem-avova-sperling-fix-kindersitz","url":"https:\/\/www.babyartikel.de\/magazin\/sichere-fahrt-mit-dem-avova-sperling-fix-kindersitz","name":"Sichere Fahrt mit dem Avova Sperling Fix Kindersitz","isPartOf":{"@id":"https:\/\/www.babyartikel.de\/magazin\/#website"},"primaryImageOfPage":{"@id":"https:\/\/www.babyartikel.de\/magazin\/sichere-fahrt-mit-dem-avova-sperling-fix-kindersitz#primaryimage"},"image":{"@id":"https:\/\/www.babyartikel.de\/magazin\/sichere-fahrt-mit-dem-avova-sperling-fix-kindersitz#primaryimage"},"thumbnailUrl":"https:\/\/media.babyartikel.de\/magazin\/wp-content\/uploads\/2020\/07\/Avova2-scaled.jpg","datePublished":"2020-07-31T05:50:00+00:00","dateModified":"2025-10-01T11:57:01+00:00","author":{"@id":"https:\/\/www.babyartikel.de\/magazin\/#\/schema\/person\/ff48fd33e1e240dfb3012b74fce938f1"},"description":"Der neue Kindersitz vom deutschen Produzenten Avova entspricht den neuesten i-Size Normen und steht den gro\u00dfen Marken in nichts nach ...","breadcrumb":{"@id":"https:\/\/www.babyartikel.de\/magazin\/sichere-fahrt-mit-dem-avova-sperling-fix-kindersitz#breadcrumb"},"inLanguage":"de","potentialAction":[{"@type":"ReadAction","target":["https:\/\/www.babyartikel.de\/magazin\/sichere-fahrt-mit-dem-avova-sperling-fix-kindersitz"]}]},{"@type":"ImageObject","inLanguage":"de","@id":"https:\/\/www.babyartikel.de\/magazin\/sichere-fahrt-mit-dem-avova-sperling-fix-kindersitz#primaryimage","url":"https:\/\/media.babyartikel.de\/magazin\/wp-content\/uploads\/2020\/07\/Avova2-scaled.jpg","contentUrl":"https:\/\/media.babyartikel.de\/magazin\/wp-content\/uploads\/2020\/07\/Avova2-scaled.jpg","width":2560,"height":1920,"caption":"bty"},{"@type":"BreadcrumbList","@id":"https:\/\/www.babyartikel.de\/magazin\/sichere-fahrt-mit-dem-avova-sperling-fix-kindersitz#breadcrumb","itemListElement":[{"@type":"ListItem","position":1,"name":"Startseite","item":"https:\/\/www.babyartikel.de\/magazin"},{"@type":"ListItem","position":2,"name":"Sichere Fahrt mit dem Avova Sperling-Fix Kindersitz"}]},{"@type":"WebSite","@id":"https:\/\/www.babyartikel.de\/magazin\/#website","url":"https:\/\/www.babyartikel.de\/magazin\/","name":"Babyartikel.de Magazin","description":"","potentialAction":[{"@type":"SearchAction","target":{"@type":"EntryPoint","urlTemplate":"https:\/\/www.babyartikel.de\/magazin\/?s={search_term_string}"},"query-input":{"@type":"PropertyValueSpecification","valueRequired":true,"valueName":"search_term_string"}}],"inLanguage":"de"},{"@type":"Person","@id":"https:\/\/www.babyartikel.de\/magazin\/#\/schema\/person\/ff48fd33e1e240dfb3012b74fce938f1","name":"Sandra Baumann","image":{"@type":"ImageObject","inLanguage":"de","@id":"https:\/\/media.babyartikel.de\/magazin\/wp-content\/uploads\/2017\/03\/Sandra-Baumann-150x150.jpg","url":"https:\/\/media.babyartikel.de\/magazin\/wp-content\/uploads\/2017\/03\/Sandra-Baumann-150x150.jpg","contentUrl":"https:\/\/media.babyartikel.de\/magazin\/wp-content\/uploads\/2017\/03\/Sandra-Baumann-150x150.jpg","caption":"Sandra Baumann"},"description":"Mein Name ist Sandra, ich bin Anfang 30 und wohne in der N\u00e4he von Hamburg. Eine eigene Familie haben - das war schon immer unser Wunsch und so hat sich im April 2017 unser Sohn in unsere Herzen geschlichen. Seitdem schreibe ich tats\u00e4chlich auch schon Artikel f\u00fcr das Babyartikel Magazin und habe immer noch sehr viel Freude daran. Unsere kleine Tochter hat unsere Familie dann im Juli 2019 komplett gemacht. Gerne m\u00f6chte ich Dir von meinen Erfahrungen berichten - besonders viel besch\u00e4ftige ich mich mit den Themen bed\u00fcrfnisorientierte Erziehung und Ern\u00e4hrung von Kindern - und vielleicht kann ich dir bei dem ein oder anderen Problem weiterhelfen.","url":"https:\/\/www.babyartikel.de\/magazin\/author\/sandra-b"}]}},"abstract_sku":"201900003362abs","_links":{"self":[{"href":"https:\/\/www.babyartikel.de\/magazin\/wp-json\/wp\/v2\/posts\/816004","targetHints":{"allow":["GET"]}}],"collection":[{"href":"https:\/\/www.babyartikel.de\/magazin\/wp-json\/wp\/v2\/posts"}],"about":[{"href":"https:\/\/www.babyartikel.de\/magazin\/wp-json\/wp\/v2\/types\/post"}],"author":[{"embeddable":true,"href":"https:\/\/www.babyartikel.de\/magazin\/wp-json\/wp\/v2\/users\/79"}],"replies":[{"embeddable":true,"href":"https:\/\/www.babyartikel.de\/magazin\/wp-json\/wp\/v2\/comments?post=816004"}],"version-history":[{"count":34,"href":"https:\/\/www.babyartikel.de\/magazin\/wp-json\/wp\/v2\/posts\/816004\/revisions"}],"predecessor-version":[{"id":964625,"href":"https:\/\/www.babyartikel.de\/magazin\/wp-json\/wp\/v2\/posts\/816004\/revisions\/964625"}],"wp:featuredmedia":[{"embeddable":true,"href":"https:\/\/www.babyartikel.de\/magazin\/wp-json\/wp\/v2\/media\/816063"}],"wp:attachment":[{"href":"https:\/\/www.babyartikel.de\/magazin\/wp-json\/wp\/v2\/media?parent=816004"}],"wp:term":[{"taxonomy":"category","embeddable":true,"href":"https:\/\/www.babyartikel.de\/magazin\/wp-json\/wp\/v2\/categories?post=816004"},{"taxonomy":"post_tag","embeddable":true,"href":"https:\/\/www.babyartikel.de\/magazin\/wp-json\/wp\/v2\/tags?post=816004"}],"curies":[{"name":"wp","href":"https:\/\/api.w.org\/{rel}","templated":true}]}}