
{"id":820078,"date":"2020-11-09T07:57:00","date_gmt":"2020-11-09T06:57:00","guid":{"rendered":"https:\/\/www.babyartikel.de\/magazin\/?p=820078"},"modified":"2026-01-23T17:30:06","modified_gmt":"2026-01-23T16:30:06","slug":"scham-fuer-das-verhalten-des-kindes-was-kann-ich-fuer-mich-tun","status":"publish","type":"post","link":"https:\/\/www.babyartikel.de\/magazin\/scham-fuer-das-verhalten-des-kindes-was-kann-ich-fuer-mich-tun","title":{"rendered":"Scham f\u00fcr das Verhalten des Kindes: Was kann ich f\u00fcr mich tun?"},"content":{"rendered":"<p>Vielleicht kennst Du die folgende Situation: Dein Kind reagiert forsch und laut auf ein anderes Kind, schubst es vielleicht und\/oder schreit es an. Oder Ihr seid in Bus oder Bahn und es kommt jemand hinein und Dein Kind sagt so laut, dass es jeder h&ouml;ren kann: &bdquo;Mama, schau mal die Frau\/der Mann ist so fett!&ldquo; Und da kommt dieses Gef&uuml;hl in Dir hoch: <strong>Du sch&auml;mst Dich daf&uuml;r, was Dein Kind getan oder gesagt hat.<\/strong> Scham geh&ouml;rt zu den Gef&uuml;hlen, die wir nicht so gerne m&ouml;gen, die sich nicht angenehm anf&uuml;hlen. Und das hat einen Grund. Lass uns mal schauen, was dahintersteckt und was Du nach diesen Momenten f&uuml;r Dich tun kannst.<div id=\"ez-toc-container\" class=\"ez-toc-v2_0_82_2 counter-flat ez-toc-counter ez-toc-white ez-toc-container-direction\">\n<div class=\"ez-toc-title-container\">\n<p class=\"ez-toc-title\" style=\"cursor:inherit\">Inhaltsverzeichnis<\/p>\n<span class=\"ez-toc-title-toggle\"><a href=\"#\" class=\"ez-toc-pull-right ez-toc-btn ez-toc-btn-xs ez-toc-btn-default ez-toc-toggle\" aria-label=\"Toggle Table of Content\"><span class=\"ez-toc-js-icon-con\"><span class=\"\"><span class=\"eztoc-hide\" style=\"display:none;\">Toggle<\/span><span class=\"ez-toc-icon-toggle-span\"><svg style=\"fill: #999;color:#999\" xmlns=\"http:\/\/www.w3.org\/2000\/svg\" class=\"list-377408\" width=\"20px\" height=\"20px\" viewBox=\"0 0 24 24\" fill=\"none\"><path d=\"M6 6H4v2h2V6zm14 0H8v2h12V6zM4 11h2v2H4v-2zm16 0H8v2h12v-2zM4 16h2v2H4v-2zm16 0H8v2h12v-2z\" fill=\"currentColor\"><\/path><\/svg><svg style=\"fill: #999;color:#999\" class=\"arrow-unsorted-368013\" xmlns=\"http:\/\/www.w3.org\/2000\/svg\" width=\"10px\" height=\"10px\" viewBox=\"0 0 24 24\" version=\"1.2\" baseProfile=\"tiny\"><path d=\"M18.2 9.3l-6.2-6.3-6.2 6.3c-.2.2-.3.4-.3.7s.1.5.3.7c.2.2.4.3.7.3h11c.3 0 .5-.1.7-.3.2-.2.3-.5.3-.7s-.1-.5-.3-.7zM5.8 14.7l6.2 6.3 6.2-6.3c.2-.2.3-.5.3-.7s-.1-.5-.3-.7c-.2-.2-.4-.3-.7-.3h-11c-.3 0-.5.1-.7.3-.2.2-.3.5-.3.7s.1.5.3.7z\"\/><\/svg><\/span><\/span><\/span><\/a><\/span><\/div>\n<nav><ul class='ez-toc-list ez-toc-list-level-1 ' ><li class='ez-toc-page-1'><a class=\"ez-toc-link ez-toc-heading-1\" href=\"https:\/\/www.babyartikel.de\/magazin\/scham-fuer-das-verhalten-des-kindes-was-kann-ich-fuer-mich-tun\/#Was_ist_Scham\" >Was ist Scham?<\/a><\/li><li class='ez-toc-page-1'><a class=\"ez-toc-link ez-toc-heading-2\" href=\"https:\/\/www.babyartikel.de\/magazin\/scham-fuer-das-verhalten-des-kindes-was-kann-ich-fuer-mich-tun\/#Gruende_warum_wir_uns_schaemen\" >Gr&uuml;nde, warum wir uns sch&auml;men<\/a><\/li><li class='ez-toc-page-1'><a class=\"ez-toc-link ez-toc-heading-3\" href=\"https:\/\/www.babyartikel.de\/magazin\/scham-fuer-das-verhalten-des-kindes-was-kann-ich-fuer-mich-tun\/#Wozu_dient_Scham\" >Wozu dient Scham?<\/a><\/li><li class='ez-toc-page-1'><a class=\"ez-toc-link ez-toc-heading-4\" href=\"https:\/\/www.babyartikel.de\/magazin\/scham-fuer-das-verhalten-des-kindes-was-kann-ich-fuer-mich-tun\/#Scham_fuer_das_Verhalten_des_Kindes_Was_kann_ich_fuer_mich_tun\" >Scham f&uuml;r das Verhalten des Kindes: Was kann ich f&uuml;r mich tun?<\/a><\/li><\/ul><\/nav><\/div>\n<h2 class=\"wp-block-heading\" id=\"h-was-ist-scham\"><span class=\"ez-toc-section\" id=\"Was_ist_Scham\"><\/span>Was ist Scham?<span class=\"ez-toc-section-end\"><\/span><\/h2><p>Der Duden definiert Scham folgenderma&szlig;en: <\/p><p class=\"has-text-align-center\">&bdquo;<strong><em>Durch das Bewusstsein, (besonders in moralischer Hinsicht) versagt zu haben, durch das Gef&uuml;hl, sich eine Bl&ouml;&szlig;e gegeben zu haben, ausgel&ouml;ste qu&auml;lende Empfindung.<\/em><\/strong>&bdquo;<\/p><div class=\"marketing-slot\"><div id=\"block-18\" class=\"content-post-widget marketing-slot-1 widget_block\"><a href=\"#\" class=\"newsletter_popup\" style=\"\n  display: inline-block;\n  box-shadow: 0 4px 10px rgba(0,0,0,0.1);\n  margin: 20px auto;\n  max-width: 800px;\n  width: 100%;\">\n  <img src=\"https:\/\/media.babyartikel.de\/magazin\/wp-content\/uploads\/2025\/08\/NL-Banner-Magazin-8-25.webp\" alt=\"Newsletter Banner\" style=\"\n    width: 100%;\n    height: auto;\n    display: block;\" onclick=\"ga('send', 'event', 'banner', 'click', 'magazin-banner-newsletter-8-25');\">\n<\/a>\n\n\t<!-- Modal -->\n\t<div class=\"modal fade modal_popup\" id=\"newsletter_popup\" tabindex=\"-1\" aria-labelledby=\"exampleModalLabel\" aria-hidden=\"true\">\n\t\t<div class=\"modal-dialog modal-dialog-centered modal-dialog-scrollable\">\n\t\t\t<div class=\"modal-content\">\n\t\t\t\t<div class=\"modal-header small-header\">\n\t\t\t\t\t<h5 class=\"modal-title\" id=\"newsletterModalLabel\">\n\t\t\t\t\t\tNewsletter\t\t\t\t\t<\/h5>\n\t\t\t\t\t<button type=\"button\" class=\"btn-close small-close\" data-bs-dismiss=\"modal\" aria-label=\"Close\"><\/button>\n\t\t\t\t<\/div>\n\n\t\t\t\t<div class=\"modal-body\">\n\t\t\t\t\t\t<div class=\"newsletterForm-embed popup-form\">\n        <form name=\"newsletterSubscriptionForm\" id=\"newsletter_popup_69f39fdff1475_form\" data-newsletter-id=\"newsletter_popup_69f39fdff1475\" method=\"POST\">\n\n\t\t\t<input type=\"text\" name=\"website\" class=\"hidden\" tabindex=\"-1\" autocomplete=\"off\" style=\"position:absolute;left:-9999px;\">\n\t\t\t<input type=\"hidden\" name=\"ts\" value=\"1777573855\">\n\n\t\t\t                <input type=\"hidden\" name=\"emarsys-event-id\" value=\"3756\">\n            \n            \t\t\t<div class=\"mb-3\">\n\t\t\t\t<label for=\"date\" class=\"form-label\">Geburtstag\/ -termin Deines Babys<\/label>\n                <input type=\"date\" name=\"date\" class=\"input input--expand form-control\" required>\n\t\t\t<\/div>\n            \n\t\t\t<div class=\"mb-3\">\n\t\t\t\t<label for=\"email\" class=\"form-label\">E-Mail-Adresse<\/label>\n\t\t\t\t<input type=\"email\" name=\"email\" placeholder=\"E-Mail-Adresse\" class=\"input input--expand form-control\" required>\n\t\t\t<\/div>\n\n\t\t\t\t\t\t\t<button type=\"submit\" class=\"btn btn-primary\">Absenden<\/button>\n\t\t\t\n\t\t\t\t\t\t\t<div class=\"small mt-3\" style=\"font-weight:normal;\">\n\t\t\t\t\t\n\t\t\t<div class=\"mt-3\">\n\t\t\t\tJa, ich m&ouml;chte den Newsletter von Babyartikel.de erhalten und &uuml;ber Aktionen informiert werden.\n  Dabei darf mein Nutzungsverhalten (z. B. &Ouml;ffnungen und Klicks) zur Personalisierung ausgewertet werden.\n  Mehr finde ich in der <a href=\"\/de\/datenschutz\" style=\"text-decoration:underline\">Datenschutzerkl&auml;rung<\/a>.\n\t\t\t<\/div>\n\t\t\t\t\t\t<\/div>\n\t\t\t\n\t\t\t\t\t\t\t<div class=\"small mb-3 mt-3\" style=\"font-weight:normal;\">\n\t\t\t\t\tJederzeit abbestellbar | <a href=\"\/de\/datenschutz\" style=\"text-decoration:underline\">\n\t\t\t\t\t\tDatenschutzerkl&auml;rung\n\t\t\t\t\t<\/a>\n\t\t\t\t<\/div>\n\t\t\t\n        <\/form>\n    <\/div>\n\t\n\t\t\t\t\t<div class=\"response-messages_newsletter_popup_69f39fdff1475\">\n\t\t\t\t\t\t<div class=\"alert alert-success success mt-3 mb-3 d-none\">\n\t\t\t\t\t\t\tNur noch ein Klick! Best&auml;tige Deine Anmeldung in der E-Mail, die du gleich erh&auml;ltst.\t\t\t\t\t\t<\/div>\n\t\t\t\t\t\t<div class=\"error mt-3 mb-3 d-none\">\n\t\t\t\t\t\t\t<div class=\"alert alert-danger \">\n\t\t\t\t\t\t\t\tEin Fehler ist aufgetreten. Bitte versuche es sp&auml;ter erneut.\t\t\t\t\t\t\t<\/div>\n\t\t\t\t\t\t<\/div>\n\t\t\t\t\t\t<div class=\"alert alert-danger other-2007 mt-3 mb-3 d-none\">\n\t\t\t\t\t\t\tUng&Atilde;&frac14;ltiges Datumsformat\t\t\t\t\t\t<\/div>\n\t\t\t\t\t<\/div>\n\t\t\t\t<\/div>\n\t\t\t<\/div>\n\t\t<\/div>\n\t<\/div>\n\n\t<\/div><!-- content-widget --><\/div><p>Hier wird sofort deutlich, dass Schamgef&uuml;hle ungern empfunden werden. Sie erzeugen in uns ein Gef&uuml;hl des Versagens und Blo&szlig;gestelltseins. Wenn wir uns die wissenschaftlichen Erkenntnisse dazu anschauen, wird uns klar, warum wir uns sch&auml;men.<\/p><h2 class=\"wp-block-heading\" id=\"h-grunde-warum-wir-uns-schamen\"><span class=\"ez-toc-section\" id=\"Gruende_warum_wir_uns_schaemen\"><\/span>Gr&uuml;nde, warum wir uns sch&auml;men<span class=\"ez-toc-section-end\"><\/span><\/h2><ul class=\"wp-block-list\">\n<li>Unser Verhalten anders ist, als es in der &Ouml;ffentlichkeit gern gesehen wird: Also zum Beispiel, wenn wir laut lachen, obwohl gerade Stille gefordert wird.<\/li>\n\n\n\n<li>Wir uns aufgrund &auml;u&szlig;erer Merkmale an einem Ort nicht wohlf&uuml;hlen: Auf einer Feier tragen alle schwarz aber wir gelb. Wir f&uuml;hlen uns fehl am Platz.<\/li>\n\n\n\n<li>Wir beim L&uuml;gen erwischt wurden<\/li>\n\n\n\n<li>Man uns in der &Ouml;ffentlichkeit kritisiert hat<\/li>\n\n\n\n<li>Wir jemanden mit unserem Verhalten gekr&auml;nkt haben<\/li>\n\n\n\n<li>Wir das Gef&uuml;hl haben, versagt zu haben: Wir waren uns einer Sache sicher, aber sie stellt sich als Fehler bzw. Missgeschick heraus.<\/li>\n\n\n\n<li>Weil wir in der &Ouml;ffentlichkeit etwas getan haben, was nicht angemessen ist, zum Beispiel lautes Pupsen.<\/li>\n\n\n\n<li>Wir gelobt werden und nicht recht wissen, wie wir damit umgehen sollen.<\/li>\n<\/ul><p>Spannend ist auch, dass Frauen sich &ouml;fter sch&auml;men als M&auml;nner. In einer Umfrage der Apothekenumschau wurde dies besonders deutlich. Die meisten Probandinnen gaben an, dass ihnen besonders K&ouml;rperausd&uuml;nstungen unangenehm werden und sie stets bem&uuml;ht sind, sich perfekt zu verhalten und gut auszusehen. &nbsp;Und 46% der Frauen erkl&auml;rten, dass sie sich &ouml;fter f&uuml;r das Verhalten von Familienangeh&ouml;rigen sch&auml;men.<\/p><div class=\"postslot1\">[articles]<link rel=\"stylesheet\" href=\"https:\/\/cdn.jsdelivr.net\/npm\/swiper@8\/swiper-bundle.min.css\"><\/div><div class=\"marketing-slot\"><div id=\"block-25\" class=\"content-post-widget marketing-slot-2 widget_block\"><a href=\"https:\/\/www.babyartikel.de\/de\/angebote\" data-track-link-click=\"true\" data-track-name=\"nyoutlet2026-magazin\" data-track-medium=\"banner-magazin-post\" data-track-campaign=\"magazin-banner-nyoutlet2026\" onclick=\"ga('send', 'event', 'banner', 'click', 'magazin-banner-nyoutlet2026');\" style=\"display:block;width:100%;text-align:center;\"><img src=\"https:\/\/media.babyartikel.de\/magazin\/wp-content\/uploads\/2026\/01\/NY-Outlet-10-2026.webp\" alt=\"Sale\" style=\"max-width:100%;\"><\/a><\/div><!-- content-widget --><\/div><h2 class=\"wp-block-heading\" id=\"h-wozu-dient-scham\"><span class=\"ez-toc-section\" id=\"Wozu_dient_Scham\"><\/span>Wozu dient Scham?<span class=\"ez-toc-section-end\"><\/span><\/h2><p>Es ist wirklich interessant mal dahinter zu schauen, weshalb wir uns eigentlich sch&auml;men. Vielleicht hast auch Du Dich das schon mal gefragt: Wozu dient Scham? <\/p><p><strong>Scham dient dazu, dass wir uns an die Gesellschaft anpassen.<\/strong> Sie soll helfen, Regelverst&ouml;&szlig;e zu bereuen, unser Verhalten zu hinterfragen und so nicht die Gemeinschaft oder Umwelt zu st&ouml;ren. Ebenso zeigt es unserem Umfeld, dass wir nicht absichtlich gegen jemanden oder etwas agiert haben, sondern tief im Inneren die Regeln der Gemeinschaft kennen und akzeptieren, wenn wir uns daf&uuml;r sch&auml;men. Wir wollen das Gesicht nicht verlieren.<\/p><h2 class=\"wp-block-heading\" id=\"h-scham-fur-das-verhalten-des-kindes-was-kann-ich-fur-mich-tun\"><span class=\"ez-toc-section\" id=\"Scham_fuer_das_Verhalten_des_Kindes_Was_kann_ich_fuer_mich_tun\"><\/span>Scham f&uuml;r das Verhalten des Kindes: Was kann ich f&uuml;r mich tun?<span class=\"ez-toc-section-end\"><\/span><\/h2><p>Ich kenne das Gef&uuml;hl, sich f&uuml;r das Verhalten des Kindes zu sch&auml;men. Mein Kind ist sehr forsch und manchmal erwischt mich die Scham auch. Was kannst Du also in diesen Momenten bzw. danach f&uuml;r Dich tun? <\/p><p>Versuche erstmal die Situation bestm&ouml;glich zu l&ouml;sen und hinterher gehst Du in die <strong>Reflektion<\/strong>: Wof&uuml;r hast Du Dich gesch&auml;mt? Was war genau passiert? Atme tief durch. Oft sind es Situationen, in denen wir Angst haben, was die anderen von uns als Elternteil denken und vor allem halten k&ouml;nnten. Wir wollen nach au&szlig;en nicht als schlechte Mama oder schlechter Papa gelten. Wir m&ouml;chten nicht, dass andere sehen, dass wir mal nicht alles im Griff haben oder uns die Kontrolle entgleitet. <strong>Versuche Dich abzugrenzen!<\/strong> <\/p><p>Es ist leicht gesagt, aber: Es ist nicht wichtig, was andere von Dir bzw. Euch halten. Achte darauf, dass weder Du noch Dein Kind hier Schuldgef&uuml;hle f&uuml;r Situationen oder unangenehme Gef&uuml;hle entwickeln. Jede unangenehme Situation l&auml;sst uns wachsen.<\/p><p><em>Und wie geht es Dir mit dem Thema Scham? Sch&auml;mst Du Dich manchmal f&uuml;r das Verhalten Deines Kindes? Was tust Du dann (f&uuml;r Dich)?<\/em><\/p><div class=\"credits-overlay\" data-target=\".wp-image-822985\"><a href=\"#\" target=\"_blank\"> &copy; Syda Productions &ndash; stock.adobe.com<\/a><\/div><\/p>\n","protected":false},"excerpt":{"rendered":"<p>Vielleicht kennst Du die folgende Situation: Dein Kind reagiert forsch und laut auf ein anderes Kind, schubst es vielleicht und\/oder schreit es an. Oder Ihr seid in Bus oder Bahn und es kommt jemand hinein und Dein Kind sagt so laut, dass es jeder h&ouml;ren kann: &bdquo;Mama, schau mal die Frau\/der Mann ist so fett!&ldquo; [&#8230;]<\/p>\n<p><a class=\"btn btn-secondary understrap-read-more-link\" href=\"https:\/\/www.babyartikel.de\/magazin\/scham-fuer-das-verhalten-des-kindes-was-kann-ich-fuer-mich-tun\">Weiterlesen&#8230;<\/a><\/p>\n","protected":false},"author":114,"featured_media":822985,"comment_status":"open","ping_status":"closed","sticky":false,"template":"","format":"standard","meta":{"_acf_changed":false,"footnotes":""},"categories":[1430,2824],"tags":[3339,3678,3411],"class_list":["post-820078","post","type-post","status-publish","format-standard","has-post-thumbnail","hentry","category-kleinkind","category-entwicklung-kleinkind","tag-alltag-mit-kleinkind","tag-familienleben","tag-tipps"],"acf":[],"yoast_head":"<!-- This site is optimized with the Yoast SEO Premium plugin v27.2 (Yoast SEO v27.2) - https:\/\/yoast.com\/product\/yoast-seo-premium-wordpress\/ -->\n<title>Scham f\u00fcr das Verhalten des Kindes: Was kann ich (f\u00fcr mich) tun?<\/title>\n<meta name=\"description\" content=\"Sch\u00e4mst Du Dich manchmal f\u00fcr das Verhalten Deines Kindes? Was hinter dieser Scham steckt und was Du dagegen tun kannst, erkl\u00e4ren wir Dir hier.\" \/>\n<meta name=\"robots\" content=\"index, follow, max-snippet:-1, max-image-preview:large, max-video-preview:-1\" \/>\n<link rel=\"canonical\" href=\"https:\/\/www.babyartikel.de\/magazin\/scham-fuer-das-verhalten-des-kindes-was-kann-ich-fuer-mich-tun\" \/>\n<meta property=\"og:locale\" content=\"de_DE\" \/>\n<meta property=\"og:type\" content=\"article\" \/>\n<meta property=\"og:title\" content=\"Scham f\u00fcr das Verhalten des Kindes: Was kann ich f\u00fcr mich tun?\" \/>\n<meta property=\"og:description\" content=\"Sch\u00e4mst Du Dich manchmal f\u00fcr das Verhalten Deines Kindes? Was hinter dieser Scham steckt und was Du dagegen tun kannst, erkl\u00e4ren wir Dir hier.\" \/>\n<meta property=\"og:url\" content=\"https:\/\/www.babyartikel.de\/magazin\/scham-fuer-das-verhalten-des-kindes-was-kann-ich-fuer-mich-tun\" \/>\n<meta property=\"og:site_name\" content=\"Babyartikel.de Magazin\" \/>\n<meta property=\"article:published_time\" content=\"2020-11-09T06:57:00+00:00\" \/>\n<meta property=\"article:modified_time\" content=\"2026-01-23T16:30:06+00:00\" \/>\n<meta property=\"og:image\" content=\"https:\/\/media.babyartikel.de\/magazin\/wp-content\/uploads\/2020\/11\/mutter-schaemen-fuer-kind-scaled.jpeg\" \/>\n\t<meta property=\"og:image:width\" content=\"2560\" \/>\n\t<meta property=\"og:image:height\" content=\"1707\" \/>\n\t<meta property=\"og:image:type\" content=\"image\/jpeg\" \/>\n<meta name=\"author\" content=\"Jenny\" \/>\n<meta name=\"twitter:card\" content=\"summary_large_image\" \/>\n<meta name=\"twitter:label1\" content=\"Verfasst von\" \/>\n\t<meta name=\"twitter:data1\" content=\"Jenny\" \/>\n\t<meta name=\"twitter:label2\" content=\"Gesch\u00e4tzte Lesezeit\" \/>\n\t<meta name=\"twitter:data2\" content=\"4\u00a0Minuten\" \/>\n<script type=\"application\/ld+json\" class=\"yoast-schema-graph\">{\"@context\":\"https:\/\/schema.org\",\"@graph\":[{\"@type\":\"Article\",\"@id\":\"https:\/\/www.babyartikel.de\/magazin\/scham-fuer-das-verhalten-des-kindes-was-kann-ich-fuer-mich-tun#article\",\"isPartOf\":{\"@id\":\"https:\/\/www.babyartikel.de\/magazin\/scham-fuer-das-verhalten-des-kindes-was-kann-ich-fuer-mich-tun\"},\"author\":{\"name\":\"Jenny\",\"@id\":\"https:\/\/www.babyartikel.de\/magazin\/#\/schema\/person\/57ffc2b16328f43173ed77ac6783ff05\"},\"headline\":\"Scham f\u00fcr das Verhalten des Kindes: Was kann ich f\u00fcr mich tun?\",\"datePublished\":\"2020-11-09T06:57:00+00:00\",\"dateModified\":\"2026-01-23T16:30:06+00:00\",\"mainEntityOfPage\":{\"@id\":\"https:\/\/www.babyartikel.de\/magazin\/scham-fuer-das-verhalten-des-kindes-was-kann-ich-fuer-mich-tun\"},\"wordCount\":717,\"commentCount\":0,\"image\":{\"@id\":\"https:\/\/www.babyartikel.de\/magazin\/scham-fuer-das-verhalten-des-kindes-was-kann-ich-fuer-mich-tun#primaryimage\"},\"thumbnailUrl\":\"https:\/\/media.babyartikel.de\/magazin\/wp-content\/uploads\/2020\/11\/mutter-schaemen-fuer-kind-scaled.jpeg\",\"keywords\":[\"alltag mit kleinkind\",\"familienleben\",\"tipps\"],\"articleSection\":[\"Kleinkind\",\"Leben mit Kleinkind\"],\"inLanguage\":\"de\",\"potentialAction\":[{\"@type\":\"CommentAction\",\"name\":\"Comment\",\"target\":[\"https:\/\/www.babyartikel.de\/magazin\/scham-fuer-das-verhalten-des-kindes-was-kann-ich-fuer-mich-tun#respond\"]}]},{\"@type\":\"WebPage\",\"@id\":\"https:\/\/www.babyartikel.de\/magazin\/scham-fuer-das-verhalten-des-kindes-was-kann-ich-fuer-mich-tun\",\"url\":\"https:\/\/www.babyartikel.de\/magazin\/scham-fuer-das-verhalten-des-kindes-was-kann-ich-fuer-mich-tun\",\"name\":\"Scham f\u00fcr das Verhalten des Kindes: Was kann ich (f\u00fcr mich) tun?\",\"isPartOf\":{\"@id\":\"https:\/\/www.babyartikel.de\/magazin\/#website\"},\"primaryImageOfPage\":{\"@id\":\"https:\/\/www.babyartikel.de\/magazin\/scham-fuer-das-verhalten-des-kindes-was-kann-ich-fuer-mich-tun#primaryimage\"},\"image\":{\"@id\":\"https:\/\/www.babyartikel.de\/magazin\/scham-fuer-das-verhalten-des-kindes-was-kann-ich-fuer-mich-tun#primaryimage\"},\"thumbnailUrl\":\"https:\/\/media.babyartikel.de\/magazin\/wp-content\/uploads\/2020\/11\/mutter-schaemen-fuer-kind-scaled.jpeg\",\"datePublished\":\"2020-11-09T06:57:00+00:00\",\"dateModified\":\"2026-01-23T16:30:06+00:00\",\"author\":{\"@id\":\"https:\/\/www.babyartikel.de\/magazin\/#\/schema\/person\/57ffc2b16328f43173ed77ac6783ff05\"},\"description\":\"Sch\u00e4mst Du Dich manchmal f\u00fcr das Verhalten Deines Kindes? Was hinter dieser Scham steckt und was Du dagegen tun kannst, erkl\u00e4ren wir Dir hier.\",\"breadcrumb\":{\"@id\":\"https:\/\/www.babyartikel.de\/magazin\/scham-fuer-das-verhalten-des-kindes-was-kann-ich-fuer-mich-tun#breadcrumb\"},\"inLanguage\":\"de\",\"potentialAction\":[{\"@type\":\"ReadAction\",\"target\":[\"https:\/\/www.babyartikel.de\/magazin\/scham-fuer-das-verhalten-des-kindes-was-kann-ich-fuer-mich-tun\"]}]},{\"@type\":\"ImageObject\",\"inLanguage\":\"de\",\"@id\":\"https:\/\/www.babyartikel.de\/magazin\/scham-fuer-das-verhalten-des-kindes-was-kann-ich-fuer-mich-tun#primaryimage\",\"url\":\"https:\/\/media.babyartikel.de\/magazin\/wp-content\/uploads\/2020\/11\/mutter-schaemen-fuer-kind-scaled.jpeg\",\"contentUrl\":\"https:\/\/media.babyartikel.de\/magazin\/wp-content\/uploads\/2020\/11\/mutter-schaemen-fuer-kind-scaled.jpeg\",\"width\":2560,\"height\":1707,\"caption\":\"eltern scham verhalten kinder sch\u00e4men f\u00fcr kind\"},{\"@type\":\"BreadcrumbList\",\"@id\":\"https:\/\/www.babyartikel.de\/magazin\/scham-fuer-das-verhalten-des-kindes-was-kann-ich-fuer-mich-tun#breadcrumb\",\"itemListElement\":[{\"@type\":\"ListItem\",\"position\":1,\"name\":\"Startseite\",\"item\":\"https:\/\/www.babyartikel.de\/magazin\"},{\"@type\":\"ListItem\",\"position\":2,\"name\":\"Scham f\u00fcr das Verhalten des Kindes: Was kann ich f\u00fcr mich tun?\"}]},{\"@type\":\"WebSite\",\"@id\":\"https:\/\/www.babyartikel.de\/magazin\/#website\",\"url\":\"https:\/\/www.babyartikel.de\/magazin\/\",\"name\":\"Babyartikel.de Magazin\",\"description\":\"\",\"potentialAction\":[{\"@type\":\"SearchAction\",\"target\":{\"@type\":\"EntryPoint\",\"urlTemplate\":\"https:\/\/www.babyartikel.de\/magazin\/?s={search_term_string}\"},\"query-input\":{\"@type\":\"PropertyValueSpecification\",\"valueRequired\":true,\"valueName\":\"search_term_string\"}}],\"inLanguage\":\"de\"},{\"@type\":\"Person\",\"@id\":\"https:\/\/www.babyartikel.de\/magazin\/#\/schema\/person\/57ffc2b16328f43173ed77ac6783ff05\",\"name\":\"Jenny\",\"image\":{\"@type\":\"ImageObject\",\"inLanguage\":\"de\",\"@id\":\"https:\/\/media.babyartikel.de\/magazin\/wp-content\/uploads\/2020\/07\/Foto-Jenny-Zorn-IMG_3474-150x150.jpg\",\"url\":\"https:\/\/media.babyartikel.de\/magazin\/wp-content\/uploads\/2020\/07\/Foto-Jenny-Zorn-IMG_3474-150x150.jpg\",\"contentUrl\":\"https:\/\/media.babyartikel.de\/magazin\/wp-content\/uploads\/2020\/07\/Foto-Jenny-Zorn-IMG_3474-150x150.jpg\",\"caption\":\"Jenny\"},\"description\":\"Digitale Nomadin. Mit Vertrauen und kleiner Tochter im Gep\u00e4ck Low Budget um die Welt. Freiheitsliebend, ortsunabh\u00e4ngig und selbstbestimmt.\",\"sameAs\":[\"http:\/\/www.zweiumdiewelt.de\/\",\"https:\/\/www.instagram.com\/zweiumdiewelt.de\/\"],\"url\":\"https:\/\/www.babyartikel.de\/magazin\/author\/jenny\"}]}<\/script>\n<!-- \/ Yoast SEO Premium plugin. -->","yoast_head_json":{"title":"Scham f\u00fcr das Verhalten des Kindes: Was kann ich (f\u00fcr mich) tun?","description":"Sch\u00e4mst Du Dich manchmal f\u00fcr das Verhalten Deines Kindes? Was hinter dieser Scham steckt und was Du dagegen tun kannst, erkl\u00e4ren wir Dir hier.","robots":{"index":"index","follow":"follow","max-snippet":"max-snippet:-1","max-image-preview":"max-image-preview:large","max-video-preview":"max-video-preview:-1"},"canonical":"https:\/\/www.babyartikel.de\/magazin\/scham-fuer-das-verhalten-des-kindes-was-kann-ich-fuer-mich-tun","og_locale":"de_DE","og_type":"article","og_title":"Scham f\u00fcr das Verhalten des Kindes: Was kann ich f\u00fcr mich tun?","og_description":"Sch\u00e4mst Du Dich manchmal f\u00fcr das Verhalten Deines Kindes? Was hinter dieser Scham steckt und was Du dagegen tun kannst, erkl\u00e4ren wir Dir hier.","og_url":"https:\/\/www.babyartikel.de\/magazin\/scham-fuer-das-verhalten-des-kindes-was-kann-ich-fuer-mich-tun","og_site_name":"Babyartikel.de Magazin","article_published_time":"2020-11-09T06:57:00+00:00","article_modified_time":"2026-01-23T16:30:06+00:00","og_image":[{"width":2560,"height":1707,"url":"https:\/\/media.babyartikel.de\/magazin\/wp-content\/uploads\/2020\/11\/mutter-schaemen-fuer-kind-scaled.jpeg","type":"image\/jpeg"}],"author":"Jenny","twitter_card":"summary_large_image","twitter_misc":{"Verfasst von":"Jenny","Gesch\u00e4tzte Lesezeit":"4\u00a0Minuten"},"schema":{"@context":"https:\/\/schema.org","@graph":[{"@type":"Article","@id":"https:\/\/www.babyartikel.de\/magazin\/scham-fuer-das-verhalten-des-kindes-was-kann-ich-fuer-mich-tun#article","isPartOf":{"@id":"https:\/\/www.babyartikel.de\/magazin\/scham-fuer-das-verhalten-des-kindes-was-kann-ich-fuer-mich-tun"},"author":{"name":"Jenny","@id":"https:\/\/www.babyartikel.de\/magazin\/#\/schema\/person\/57ffc2b16328f43173ed77ac6783ff05"},"headline":"Scham f\u00fcr das Verhalten des Kindes: Was kann ich f\u00fcr mich tun?","datePublished":"2020-11-09T06:57:00+00:00","dateModified":"2026-01-23T16:30:06+00:00","mainEntityOfPage":{"@id":"https:\/\/www.babyartikel.de\/magazin\/scham-fuer-das-verhalten-des-kindes-was-kann-ich-fuer-mich-tun"},"wordCount":717,"commentCount":0,"image":{"@id":"https:\/\/www.babyartikel.de\/magazin\/scham-fuer-das-verhalten-des-kindes-was-kann-ich-fuer-mich-tun#primaryimage"},"thumbnailUrl":"https:\/\/media.babyartikel.de\/magazin\/wp-content\/uploads\/2020\/11\/mutter-schaemen-fuer-kind-scaled.jpeg","keywords":["alltag mit kleinkind","familienleben","tipps"],"articleSection":["Kleinkind","Leben mit Kleinkind"],"inLanguage":"de","potentialAction":[{"@type":"CommentAction","name":"Comment","target":["https:\/\/www.babyartikel.de\/magazin\/scham-fuer-das-verhalten-des-kindes-was-kann-ich-fuer-mich-tun#respond"]}]},{"@type":"WebPage","@id":"https:\/\/www.babyartikel.de\/magazin\/scham-fuer-das-verhalten-des-kindes-was-kann-ich-fuer-mich-tun","url":"https:\/\/www.babyartikel.de\/magazin\/scham-fuer-das-verhalten-des-kindes-was-kann-ich-fuer-mich-tun","name":"Scham f\u00fcr das Verhalten des Kindes: Was kann ich (f\u00fcr mich) tun?","isPartOf":{"@id":"https:\/\/www.babyartikel.de\/magazin\/#website"},"primaryImageOfPage":{"@id":"https:\/\/www.babyartikel.de\/magazin\/scham-fuer-das-verhalten-des-kindes-was-kann-ich-fuer-mich-tun#primaryimage"},"image":{"@id":"https:\/\/www.babyartikel.de\/magazin\/scham-fuer-das-verhalten-des-kindes-was-kann-ich-fuer-mich-tun#primaryimage"},"thumbnailUrl":"https:\/\/media.babyartikel.de\/magazin\/wp-content\/uploads\/2020\/11\/mutter-schaemen-fuer-kind-scaled.jpeg","datePublished":"2020-11-09T06:57:00+00:00","dateModified":"2026-01-23T16:30:06+00:00","author":{"@id":"https:\/\/www.babyartikel.de\/magazin\/#\/schema\/person\/57ffc2b16328f43173ed77ac6783ff05"},"description":"Sch\u00e4mst Du Dich manchmal f\u00fcr das Verhalten Deines Kindes? Was hinter dieser Scham steckt und was Du dagegen tun kannst, erkl\u00e4ren wir Dir hier.","breadcrumb":{"@id":"https:\/\/www.babyartikel.de\/magazin\/scham-fuer-das-verhalten-des-kindes-was-kann-ich-fuer-mich-tun#breadcrumb"},"inLanguage":"de","potentialAction":[{"@type":"ReadAction","target":["https:\/\/www.babyartikel.de\/magazin\/scham-fuer-das-verhalten-des-kindes-was-kann-ich-fuer-mich-tun"]}]},{"@type":"ImageObject","inLanguage":"de","@id":"https:\/\/www.babyartikel.de\/magazin\/scham-fuer-das-verhalten-des-kindes-was-kann-ich-fuer-mich-tun#primaryimage","url":"https:\/\/media.babyartikel.de\/magazin\/wp-content\/uploads\/2020\/11\/mutter-schaemen-fuer-kind-scaled.jpeg","contentUrl":"https:\/\/media.babyartikel.de\/magazin\/wp-content\/uploads\/2020\/11\/mutter-schaemen-fuer-kind-scaled.jpeg","width":2560,"height":1707,"caption":"eltern scham verhalten kinder sch\u00e4men f\u00fcr kind"},{"@type":"BreadcrumbList","@id":"https:\/\/www.babyartikel.de\/magazin\/scham-fuer-das-verhalten-des-kindes-was-kann-ich-fuer-mich-tun#breadcrumb","itemListElement":[{"@type":"ListItem","position":1,"name":"Startseite","item":"https:\/\/www.babyartikel.de\/magazin"},{"@type":"ListItem","position":2,"name":"Scham f\u00fcr das Verhalten des Kindes: Was kann ich f\u00fcr mich tun?"}]},{"@type":"WebSite","@id":"https:\/\/www.babyartikel.de\/magazin\/#website","url":"https:\/\/www.babyartikel.de\/magazin\/","name":"Babyartikel.de Magazin","description":"","potentialAction":[{"@type":"SearchAction","target":{"@type":"EntryPoint","urlTemplate":"https:\/\/www.babyartikel.de\/magazin\/?s={search_term_string}"},"query-input":{"@type":"PropertyValueSpecification","valueRequired":true,"valueName":"search_term_string"}}],"inLanguage":"de"},{"@type":"Person","@id":"https:\/\/www.babyartikel.de\/magazin\/#\/schema\/person\/57ffc2b16328f43173ed77ac6783ff05","name":"Jenny","image":{"@type":"ImageObject","inLanguage":"de","@id":"https:\/\/media.babyartikel.de\/magazin\/wp-content\/uploads\/2020\/07\/Foto-Jenny-Zorn-IMG_3474-150x150.jpg","url":"https:\/\/media.babyartikel.de\/magazin\/wp-content\/uploads\/2020\/07\/Foto-Jenny-Zorn-IMG_3474-150x150.jpg","contentUrl":"https:\/\/media.babyartikel.de\/magazin\/wp-content\/uploads\/2020\/07\/Foto-Jenny-Zorn-IMG_3474-150x150.jpg","caption":"Jenny"},"description":"Digitale Nomadin. Mit Vertrauen und kleiner Tochter im Gep\u00e4ck Low Budget um die Welt. Freiheitsliebend, ortsunabh\u00e4ngig und selbstbestimmt.","sameAs":["http:\/\/www.zweiumdiewelt.de\/","https:\/\/www.instagram.com\/zweiumdiewelt.de\/"],"url":"https:\/\/www.babyartikel.de\/magazin\/author\/jenny"}]}},"abstract_sku":"","_links":{"self":[{"href":"https:\/\/www.babyartikel.de\/magazin\/wp-json\/wp\/v2\/posts\/820078","targetHints":{"allow":["GET"]}}],"collection":[{"href":"https:\/\/www.babyartikel.de\/magazin\/wp-json\/wp\/v2\/posts"}],"about":[{"href":"https:\/\/www.babyartikel.de\/magazin\/wp-json\/wp\/v2\/types\/post"}],"author":[{"embeddable":true,"href":"https:\/\/www.babyartikel.de\/magazin\/wp-json\/wp\/v2\/users\/114"}],"replies":[{"embeddable":true,"href":"https:\/\/www.babyartikel.de\/magazin\/wp-json\/wp\/v2\/comments?post=820078"}],"version-history":[{"count":11,"href":"https:\/\/www.babyartikel.de\/magazin\/wp-json\/wp\/v2\/posts\/820078\/revisions"}],"predecessor-version":[{"id":966397,"href":"https:\/\/www.babyartikel.de\/magazin\/wp-json\/wp\/v2\/posts\/820078\/revisions\/966397"}],"wp:featuredmedia":[{"embeddable":true,"href":"https:\/\/www.babyartikel.de\/magazin\/wp-json\/wp\/v2\/media\/822985"}],"wp:attachment":[{"href":"https:\/\/www.babyartikel.de\/magazin\/wp-json\/wp\/v2\/media?parent=820078"}],"wp:term":[{"taxonomy":"category","embeddable":true,"href":"https:\/\/www.babyartikel.de\/magazin\/wp-json\/wp\/v2\/categories?post=820078"},{"taxonomy":"post_tag","embeddable":true,"href":"https:\/\/www.babyartikel.de\/magazin\/wp-json\/wp\/v2\/tags?post=820078"}],"curies":[{"name":"wp","href":"https:\/\/api.w.org\/{rel}","templated":true}]}}