
{"id":820404,"date":"2021-02-23T07:53:00","date_gmt":"2021-02-23T06:53:00","guid":{"rendered":"https:\/\/www.babyartikel.de\/magazin\/?p=820404"},"modified":"2023-07-11T13:33:42","modified_gmt":"2023-07-11T11:33:42","slug":"sonnencreme-fuer-kinder-so-findest-du-die-richtige","status":"publish","type":"post","link":"https:\/\/www.babyartikel.de\/magazin\/sonnencreme-fuer-kinder-so-findest-du-die-richtige","title":{"rendered":"Sonnencreme f\u00fcr Kinder \u2013 So findest Du die richtige"},"content":{"rendered":"<p>Sobald sich die Sonne wieder zeigt, darf <strong>Sonnencreme f&uuml;r die empfindliche Kinderhaut <\/strong>nicht fehlen. Nat&uuml;rlich kannst Du zur erst besten Creme greifen, doch tats&auml;chlich gibt es beim Kauf von Sonnencreme f&uuml;r Kinder so einiges zu beachten. Wie Du die richtige Sonnencreme f&uuml;r Kinder findest, erf&auml;hrst Du in diesem Artikel!<div id=\"ez-toc-container\" class=\"ez-toc-v2_0_82_2 counter-flat ez-toc-counter ez-toc-white ez-toc-container-direction\">\n<div class=\"ez-toc-title-container\">\n<p class=\"ez-toc-title\" style=\"cursor:inherit\">Inhaltsverzeichnis<\/p>\n<span class=\"ez-toc-title-toggle\"><a href=\"#\" class=\"ez-toc-pull-right ez-toc-btn ez-toc-btn-xs ez-toc-btn-default ez-toc-toggle\" aria-label=\"Toggle Table of Content\"><span class=\"ez-toc-js-icon-con\"><span class=\"\"><span class=\"eztoc-hide\" style=\"display:none;\">Toggle<\/span><span class=\"ez-toc-icon-toggle-span\"><svg style=\"fill: #999;color:#999\" xmlns=\"http:\/\/www.w3.org\/2000\/svg\" class=\"list-377408\" width=\"20px\" height=\"20px\" viewBox=\"0 0 24 24\" fill=\"none\"><path d=\"M6 6H4v2h2V6zm14 0H8v2h12V6zM4 11h2v2H4v-2zm16 0H8v2h12v-2zM4 16h2v2H4v-2zm16 0H8v2h12v-2z\" fill=\"currentColor\"><\/path><\/svg><svg style=\"fill: #999;color:#999\" class=\"arrow-unsorted-368013\" xmlns=\"http:\/\/www.w3.org\/2000\/svg\" width=\"10px\" height=\"10px\" viewBox=\"0 0 24 24\" version=\"1.2\" baseProfile=\"tiny\"><path d=\"M18.2 9.3l-6.2-6.3-6.2 6.3c-.2.2-.3.4-.3.7s.1.5.3.7c.2.2.4.3.7.3h11c.3 0 .5-.1.7-.3.2-.2.3-.5.3-.7s-.1-.5-.3-.7zM5.8 14.7l6.2 6.3 6.2-6.3c.2-.2.3-.5.3-.7s-.1-.5-.3-.7c-.2-.2-.4-.3-.7-.3h-11c-.3 0-.5.1-.7.3-.2.2-.3.5-.3.7s.1.5.3.7z\"\/><\/svg><\/span><\/span><\/span><\/a><\/span><\/div>\n<nav><ul class='ez-toc-list ez-toc-list-level-1 ' ><li class='ez-toc-page-1'><a class=\"ez-toc-link ez-toc-heading-1\" href=\"https:\/\/www.babyartikel.de\/magazin\/sonnencreme-fuer-kinder-so-findest-du-die-richtige\/#Sonnencreme_fuer_Kinder_mineralischer_oder_chemischer_UV-Filter\" >Sonnencreme f&uuml;r Kinder: mineralischer oder chemischer UV-Filter?<\/a><\/li><li class='ez-toc-page-1'><a class=\"ez-toc-link ez-toc-heading-2\" href=\"https:\/\/www.babyartikel.de\/magazin\/sonnencreme-fuer-kinder-so-findest-du-die-richtige\/#Chemische_UV-Filter\" >Chemische UV-Filter<\/a><\/li><li class='ez-toc-page-1'><a class=\"ez-toc-link ez-toc-heading-3\" href=\"https:\/\/www.babyartikel.de\/magazin\/sonnencreme-fuer-kinder-so-findest-du-die-richtige\/#Mineralische_UV-Filter\" >Mineralische UV-Filter<\/a><\/li><li class='ez-toc-page-1'><a class=\"ez-toc-link ez-toc-heading-4\" href=\"https:\/\/www.babyartikel.de\/magazin\/sonnencreme-fuer-kinder-so-findest-du-die-richtige\/#Das_gehoert_nicht_in_Sonnencremes_fuer_Kinder\" >Das geh&ouml;rt nicht in Sonnencremes f&uuml;r Kinder<\/a><\/li><li class='ez-toc-page-1'><a class=\"ez-toc-link ez-toc-heading-5\" href=\"https:\/\/www.babyartikel.de\/magazin\/sonnencreme-fuer-kinder-so-findest-du-die-richtige\/#Mehr_Schein_als_Sein\" >Mehr Schein als Sein<\/a><\/li><li class='ez-toc-page-1'><a class=\"ez-toc-link ez-toc-heading-6\" href=\"https:\/\/www.babyartikel.de\/magazin\/sonnencreme-fuer-kinder-so-findest-du-die-richtige\/#Welcher_Lichtschutzfaktor_bei_Sonnencreme_fuer_Kinder\" >Welcher Lichtschutzfaktor bei Sonnencreme f&uuml;r Kinder?<\/a><\/li><li class='ez-toc-page-1'><a class=\"ez-toc-link ez-toc-heading-7\" href=\"https:\/\/www.babyartikel.de\/magazin\/sonnencreme-fuer-kinder-so-findest-du-die-richtige\/#Sonnencreme_aus_dem_letzten_Jahr\" >Sonnencreme aus dem letzten Jahr?<\/a><\/li><li class='ez-toc-page-1'><a class=\"ez-toc-link ez-toc-heading-8\" href=\"https:\/\/www.babyartikel.de\/magazin\/sonnencreme-fuer-kinder-so-findest-du-die-richtige\/#Du_hast_die_Wahl\" >Du hast die Wahl<\/a><\/li><\/ul><\/nav><\/div>\n<h2 class=\"wp-block-heading\" id=\"h-sonnencreme-fur-kinder-mineralischer-oder-chemischer-uv-filter\"><span class=\"ez-toc-section\" id=\"Sonnencreme_fuer_Kinder_mineralischer_oder_chemischer_UV-Filter\"><\/span>Sonnencreme f&uuml;r Kinder: mineralischer oder chemischer UV-Filter?<span class=\"ez-toc-section-end\"><\/span><\/h2><p>Um die Haut Deines Schatzes vor den UV-Strahlen der Sonne zu sch&uuml;tzen hast Du die Wahl zwischen <strong>Sonnencreme mit chemischen oder mineralischen Filter<\/strong>. Wichtig zu wissen ist, dass beide Filter nach dem derzeitigen Wissensstand <strong>gesundheitlich unbedenklich<\/strong> sind. Dennoch haben sie Vor- und Nachteile.<\/p><h2 class=\"wp-block-heading\" id=\"h-chemische-uv-filter\"><span class=\"ez-toc-section\" id=\"Chemische_UV-Filter\"><\/span>Chemische UV-Filter<span class=\"ez-toc-section-end\"><\/span><\/h2><p>Chemische Filter wie <strong>Octocrylene oder Benzophenone<\/strong> wandeln die Sonnenstrahlen auf der Haut in W&auml;rme um. Sie belasten die empfindliche Kinderhaut mehr als mineralische UV-Filter, da sie in der Haut wirken. Sie stehen im Verdacht, <strong>hormonell im K&ouml;rper zu wirken und Allergien ausl&ouml;sen zu k&ouml;nnen<\/strong>.<\/p><div class=\"marketing-slot\"><div id=\"block-18\" class=\"content-post-widget marketing-slot-1 widget_block\"><a href=\"#\" class=\"newsletter_popup\" style=\"\n  display: inline-block;\n  box-shadow: 0 4px 10px rgba(0,0,0,0.1);\n  margin: 20px auto;\n  max-width: 800px;\n  width: 100%;\">\n  <img src=\"https:\/\/media.babyartikel.de\/magazin\/wp-content\/uploads\/2025\/08\/NL-Banner-Magazin-8-25.webp\" alt=\"Newsletter Banner\" style=\"\n    width: 100%;\n    height: auto;\n    display: block;\" onclick=\"ga('send', 'event', 'banner', 'click', 'magazin-banner-newsletter-8-25');\">\n<\/a>\n\n\t<!-- Modal -->\n\t<div class=\"modal fade modal_popup\" id=\"newsletter_popup\" tabindex=\"-1\" aria-labelledby=\"exampleModalLabel\" aria-hidden=\"true\">\n\t\t<div class=\"modal-dialog modal-dialog-centered modal-dialog-scrollable\">\n\t\t\t<div class=\"modal-content\">\n\t\t\t\t<div class=\"modal-header small-header\">\n\t\t\t\t\t<h5 class=\"modal-title\" id=\"newsletterModalLabel\">\n\t\t\t\t\t\tNewsletter\t\t\t\t\t<\/h5>\n\t\t\t\t\t<button type=\"button\" class=\"btn-close small-close\" data-bs-dismiss=\"modal\" aria-label=\"Close\"><\/button>\n\t\t\t\t<\/div>\n\n\t\t\t\t<div class=\"modal-body\">\n\t\t\t\t\t\t<div class=\"newsletterForm-embed popup-form\">\n        <form name=\"newsletterSubscriptionForm\" id=\"newsletter_popup_69f3e74590b70_form\" data-newsletter-id=\"newsletter_popup_69f3e74590b70\" method=\"POST\">\n\n\t\t\t<input type=\"text\" name=\"website\" class=\"hidden\" tabindex=\"-1\" autocomplete=\"off\" style=\"position:absolute;left:-9999px;\">\n\t\t\t<input type=\"hidden\" name=\"ts\" value=\"1777592133\">\n\n\t\t\t                <input type=\"hidden\" name=\"emarsys-event-id\" value=\"3756\">\n            \n            \t\t\t<div class=\"mb-3\">\n\t\t\t\t<label for=\"date\" class=\"form-label\">Geburtstag\/ -termin Deines Babys<\/label>\n                <input type=\"date\" name=\"date\" class=\"input input--expand form-control\" required>\n\t\t\t<\/div>\n            \n\t\t\t<div class=\"mb-3\">\n\t\t\t\t<label for=\"email\" class=\"form-label\">E-Mail-Adresse<\/label>\n\t\t\t\t<input type=\"email\" name=\"email\" placeholder=\"E-Mail-Adresse\" class=\"input input--expand form-control\" required>\n\t\t\t<\/div>\n\n\t\t\t\t\t\t\t<button type=\"submit\" class=\"btn btn-primary\">Absenden<\/button>\n\t\t\t\n\t\t\t\t\t\t\t<div class=\"small mt-3\" style=\"font-weight:normal;\">\n\t\t\t\t\t\n\t\t\t<div class=\"mt-3\">\n\t\t\t\tJa, ich m&ouml;chte den Newsletter von Babyartikel.de erhalten und &uuml;ber Aktionen informiert werden.\n  Dabei darf mein Nutzungsverhalten (z. B. &Ouml;ffnungen und Klicks) zur Personalisierung ausgewertet werden.\n  Mehr finde ich in der <a href=\"\/de\/datenschutz\" style=\"text-decoration:underline\">Datenschutzerkl&auml;rung<\/a>.\n\t\t\t<\/div>\n\t\t\t\t\t\t<\/div>\n\t\t\t\n\t\t\t\t\t\t\t<div class=\"small mb-3 mt-3\" style=\"font-weight:normal;\">\n\t\t\t\t\tJederzeit abbestellbar | <a href=\"\/de\/datenschutz\" style=\"text-decoration:underline\">\n\t\t\t\t\t\tDatenschutzerkl&auml;rung\n\t\t\t\t\t<\/a>\n\t\t\t\t<\/div>\n\t\t\t\n        <\/form>\n    <\/div>\n\t\n\t\t\t\t\t<div class=\"response-messages_newsletter_popup_69f3e74590b70\">\n\t\t\t\t\t\t<div class=\"alert alert-success success mt-3 mb-3 d-none\">\n\t\t\t\t\t\t\tNur noch ein Klick! Best&auml;tige Deine Anmeldung in der E-Mail, die du gleich erh&auml;ltst.\t\t\t\t\t\t<\/div>\n\t\t\t\t\t\t<div class=\"error mt-3 mb-3 d-none\">\n\t\t\t\t\t\t\t<div class=\"alert alert-danger \">\n\t\t\t\t\t\t\t\tEin Fehler ist aufgetreten. Bitte versuche es sp&auml;ter erneut.\t\t\t\t\t\t\t<\/div>\n\t\t\t\t\t\t<\/div>\n\t\t\t\t\t\t<div class=\"alert alert-danger other-2007 mt-3 mb-3 d-none\">\n\t\t\t\t\t\t\tUng&Atilde;&frac14;ltiges Datumsformat\t\t\t\t\t\t<\/div>\n\t\t\t\t\t<\/div>\n\t\t\t\t<\/div>\n\t\t\t<\/div>\n\t\t<\/div>\n\t<\/div>\n\n\t<\/div><!-- content-widget --><\/div><p>Ihr Vorteil ist, dass sich die Sonnencreme leicht auf der Haut verteilen l&auml;sst und kaum wei&szlig;elt.<\/p><h2 class=\"wp-block-heading\" id=\"h-mineralische-uv-filter\"><span class=\"ez-toc-section\" id=\"Mineralische_UV-Filter\"><\/span>Mineralische UV-Filter<span class=\"ez-toc-section-end\"><\/span><\/h2><p>Mineralische Filter wie <strong>Titaniumdioxid oder Zinkoxid<\/strong> reflektieren das Sonnenlicht auf der Haut wie kleine Spiegel, ohne in der Haut zu wirken.<\/p><div class=\"postslot1\">[articles]<link rel=\"stylesheet\" href=\"https:\/\/cdn.jsdelivr.net\/npm\/swiper@8\/swiper-bundle.min.css\"><\/div><div class=\"marketing-slot\"><div id=\"block-25\" class=\"content-post-widget marketing-slot-2 widget_block\"><a href=\"https:\/\/www.babyartikel.de\/de\/angebote\" data-track-link-click=\"true\" data-track-name=\"nyoutlet2026-magazin\" data-track-medium=\"banner-magazin-post\" data-track-campaign=\"magazin-banner-nyoutlet2026\" onclick=\"ga('send', 'event', 'banner', 'click', 'magazin-banner-nyoutlet2026');\" style=\"display:block;width:100%;text-align:center;\"><img src=\"https:\/\/media.babyartikel.de\/magazin\/wp-content\/uploads\/2026\/01\/NY-Outlet-10-2026.webp\" alt=\"Sale\" style=\"max-width:100%;\"><\/a><\/div><!-- content-widget --><\/div><p>Der Nachteil ist, dass Dein Kind nach dem Eincremen wie ein kleines Gespenst aussieht, da Sonnencremes mit mineralischem Filter fester sind und einen <strong>wei&szlig;en Film auf der Haut<\/strong> hinterlassen.<\/p><p>Deshalb vermahlen einige Hersteller die <strong>Partikel zu kleinen Nanoteilchen<\/strong>, wodurch sich die Creme besser auf der Haut verteilt und weniger wei&szlig; erscheint. Klingt erst einmal toll, doch es wird vermutet, dass diese <strong>Nanoteilchen in die Haut eindringen k&ouml;nnen<\/strong>. Und was das auf Dauer mit dem K&ouml;rper macht, ist noch nicht hinreichend erforscht. W&auml;hle deshalb lieber eine Sonnencreme ohne Nanopartikel (in der Liste der Inhaltsstoffe darf nicht der<strong> Zusatz &bdquo;Nano&ldquo;<\/strong> zu finden sein).<\/p><h2 class=\"wp-block-heading\" id=\"h-das-gehort-nicht-in-sonnencremes-fur-kinder\"><span class=\"ez-toc-section\" id=\"Das_gehoert_nicht_in_Sonnencremes_fuer_Kinder\"><\/span>Das geh&ouml;rt nicht in Sonnencremes f&uuml;r Kinder<span class=\"ez-toc-section-end\"><\/span><\/h2><p>Wenn Du auf die Inhaltsstoffe der Sonnencremes schaust, verstehst Du nur Bahnhof? So geht es mir auch, wenn Du aber auf die folgenden Stoffe verzichtest, hast Du schon viel richtig gemacht:<\/p><ul class=\"wp-block-list\">\n<li><strong>Panthenol<\/strong>: Eigentlich positiv, da er die Haut pflegt und Hautr&ouml;tungen vermindert. Dadurch wird ein <strong>Sonnenbrand aber auch erst sp&auml;ter sichtbar<\/strong> und h&auml;tte evtl. ohne Panthenol vermieden werden k&ouml;nnen.<\/li>\n<\/ul><ul class=\"wp-block-list\">\n<li><strong>Konservierungsstoffe wie Parabene: <\/strong>Sie geh&ouml;ren absolut nicht in eine Sonnencreme, da sie unser <strong>Hormonsystem beeinflussen k&ouml;nnen. <\/strong>Als Inhaltsstoff ist z.B. Methylparaben, Propylparaben, Ethylparaben oder Butylparaben angegeben.<br><\/li>\n\n\n\n<li><strong>Mikroplastik: <\/strong>Mikroplastik ist nicht nur schlecht f&uuml;r die Umwelt, es reichert sich auch nachweislich in unserem K&ouml;rper an. Als Inhaltsstoff ist meist Polyethylen (PE) oder Polypropylen (PP) aufgef&uuml;hrt.<br><\/li>\n\n\n\n<li><strong>Duftstoffe<\/strong>: Durch Duftstoffe riechen Sonnencremes zwar besser, allerdings k&ouml;nnen sie die <strong>Haut reizen und Allergien <\/strong>provozieren.<\/li>\n<\/ul><h2 class=\"wp-block-heading\" id=\"h-mehr-schein-als-sein\"><span class=\"ez-toc-section\" id=\"Mehr_Schein_als_Sein\"><\/span>Mehr Schein als Sein<span class=\"ez-toc-section-end\"><\/span><\/h2><p>Nicht alles, womit die Hersteller von Sonnencreme f&uuml;r Kinder werben, ist auch tats&auml;chlich hilfreich:<\/p><ul class=\"wp-block-list\">\n<li><strong>Wasserfest<\/strong>: Viele Sonnencremes enthalten den Hinweis &bdquo;wasserfest&ldquo;. So wiegen sich Eltern oft in Sicherheit, wenn die Kids stundenlang im Wasser spielen. Wasserfest ist eine Sonnencreme aber bereits dann, wenn sie nach 2 x 20 min baden noch die H&auml;lfte des Originalschutzes bietet. Mit einem Lichtschutzfaktor von 15 anstatt 30 ist ein Sonnenbrand aber nicht weit. Deshalb solltest Du Dein Kind <strong>nach dem Baden immer nachcremen<\/strong>, auch wenn die Sonnencreme angeblich wasserfest ist.<br><br><\/li>\n\n\n\n<li><strong>Dermatologisch getestet<\/strong>: Klingt doch gut, aber tats&auml;chlich hei&szlig;t es nur, dass die Creme auf Hautvertr&auml;glichkeit getestet wurde. Ob der Test allerdings gut oder schlecht ausgefallen ist, verr&auml;t der Zusatz nicht. Stattdessen solltest Du lieber auf den Hinweis <strong>&bdquo;hautvertr&auml;glich&ldquo; <\/strong>achten, der besagt, dass bei Benutzung der Sonnencreme bei den Testern keine unerw&uuml;nschten Reaktionen aufgetreten sind.<\/li>\n<\/ul><h2 class=\"wp-block-heading\" id=\"h-welcher-lichtschutzfaktor-bei-sonnencreme-fur-kinder\"><span class=\"ez-toc-section\" id=\"Welcher_Lichtschutzfaktor_bei_Sonnencreme_fuer_Kinder\"><\/span>Welcher Lichtschutzfaktor bei Sonnencreme f&uuml;r Kinder?<span class=\"ez-toc-section-end\"><\/span><\/h2><p>Der Lichtschutzfaktor sollte bei <strong>mindestens 30 <\/strong>liegen<strong>, 50 w&auml;re noch besser<\/strong>. Er muss Schutz bieten vor den langwelligen UVA-Strahlen, die zu einer fr&uuml;hzeitigen Hautalterung f&uuml;hren, und vor den kurzwelligen UVB-Strahlen, die zu Sonnenbrand f&uuml;hren.<\/p><h2 class=\"wp-block-heading\" id=\"h-sonnencreme-aus-dem-letzten-jahr\"><span class=\"ez-toc-section\" id=\"Sonnencreme_aus_dem_letzten_Jahr\"><\/span>Sonnencreme aus dem letzten Jahr?<span class=\"ez-toc-section-end\"><\/span><\/h2><p>Auch wenn die halbvolle Sonnencreme aus dem letzten Jahr noch im Schrank steht &ndash; kaufe dennoch besser eine neue Tube. <strong>Mit der Zeit bauen sich die Filter n&auml;mlich ab<\/strong>, so dass eine Sonnencreme mit einem Lichtschutzfaktor von 30 im n&auml;chsten Sommer gar keinen wirklichen Schutz mehr bietet.<\/p><p>Sinnvoller ist es, nicht mit der Sonnencreme zu geizen und die Tube in einem Sommer aufzubrauchen.<\/p><h2 class=\"wp-block-heading\" id=\"h-du-hast-die-wahl\"><span class=\"ez-toc-section\" id=\"Du_hast_die_Wahl\"><\/span>Du hast die Wahl<span class=\"ez-toc-section-end\"><\/span><\/h2><p>Inzwischen gibt es immer mehr Hersteller, die bei ihren Sonnencremes auf chemische UV-Filter, Silikone, Paraffine, PEG, Farb- oder Duftstoffe, Konservierungsstoffe und Tierextrakte verzichten. Das hat auch der <a href=\"https:\/\/www.babyartikel.de\/magazin\/baby-sonnencreme-test-2022-oekotest-testsieger-kinder-sonnencreme\">Sonnencreme &Ouml;kostest 2022<\/a> gezeigt: Mehr als jede zweite Baby Sonnencreme ist zu empfehlen. <\/p><p>Die Stiftung Warentest empfiehlt in ihrem <a href=\"https:\/\/www.babyartikel.de\/magazin\/sonnencreme-kinder-test-stiftung-warentest-2023\">Kindersonnencreme-Test (7\/23)<\/a> hingegen ein konventionelles Sonnenschutzprodukt vom Discounter.<\/p><p>Wenn Du auf Nummer sicher gehen willst, benutze die <strong>Website oder App von <\/strong><strong>Codecheck<\/strong>, die Beautyprodukte auf ihre Inhaltsstoffe checkt.<\/p><p><strong>Wie kannst Du Deinen kleinen Schatz neben einer guten Sonnencreme noch sch&uuml;tzen?<\/strong> Das erf&auml;hrst Du in unserem Artikel &bdquo;<a href=\"https:\/\/www.babyartikel.de\/magazin\/sommer-sonne-sonnenschutz-so-ist-dein-kind-bestens-geschuetzt\">Sommer, Sonne, Sonnenschutz &ndash; so ist Dein Kind bestens gesch&uuml;tzt<\/a>&ldquo;. Viel Spa&szlig; beim Lesen!<\/p><div class=\"credits-overlay\" data-target=\".wp-image-829912\"><a href=\"#\" target=\"_blank\"> &copy; Tomsickova &ndash; stock.adobe.com<\/a><\/div><\/p>\n","protected":false},"excerpt":{"rendered":"<p>Sobald sich die Sonne wieder zeigt, darf Sonnencreme f&uuml;r die empfindliche Kinderhaut nicht fehlen. Nat&uuml;rlich kannst Du zur erst besten Creme greifen, doch tats&auml;chlich gibt es beim Kauf von Sonnencreme f&uuml;r Kinder so einiges zu beachten. Wie Du die richtige Sonnencreme f&uuml;r Kinder findest, erf&auml;hrst Du in diesem Artikel!Sonnencreme f&uuml;r Kinder: mineralischer oder chemischer UV-Filter?Um [&#8230;]<\/p>\n<p><a class=\"btn btn-secondary understrap-read-more-link\" href=\"https:\/\/www.babyartikel.de\/magazin\/sonnencreme-fuer-kinder-so-findest-du-die-richtige\">Weiterlesen&#8230;<\/a><\/p>\n","protected":false},"author":79,"featured_media":829912,"comment_status":"open","ping_status":"closed","sticky":false,"template":"","format":"standard","meta":{"_acf_changed":false,"footnotes":""},"categories":[79,2829,1430,2820,2824,2818],"tags":[400,3334,3569],"class_list":["post-820404","post","type-post","status-publish","format-standard","has-post-thumbnail","hentry","category-baby","category-kaufberater","category-kleinkind","category-leben-mit-baby","category-entwicklung-kleinkind","category-pflege-gesundheit","tag-babypflege","tag-gesundheit","tag-sommer"],"acf":[],"yoast_head":"<!-- This site is optimized with the Yoast SEO Premium plugin v27.2 (Yoast SEO v27.2) - https:\/\/yoast.com\/product\/yoast-seo-premium-wordpress\/ -->\n<title>Sonnencreme f\u00fcr Kinder: So findest Du die richtige | Babyartikel Magazin<\/title>\n<meta name=\"description\" content=\"Worauf Du beim Kauf von Sonnencreme f\u00fcr Kinder unbedingt achten solltest und wie Du den richtigen Sonnenschutz f\u00fcr Dein Kind findest.\" \/>\n<meta name=\"robots\" content=\"index, follow, max-snippet:-1, max-image-preview:large, max-video-preview:-1\" \/>\n<link rel=\"canonical\" href=\"https:\/\/www.babyartikel.de\/magazin\/sonnencreme-fuer-kinder-so-findest-du-die-richtige\" \/>\n<meta property=\"og:locale\" content=\"de_DE\" \/>\n<meta property=\"og:type\" content=\"article\" \/>\n<meta property=\"og:title\" content=\"Sonnencreme f\u00fcr Kinder \u2013 So findest Du die richtige\" \/>\n<meta property=\"og:description\" content=\"Worauf Du beim Kauf von Sonnencreme f\u00fcr Kinder unbedingt achten solltest und wie Du den richtigen Sonnenschutz f\u00fcr Dein Kind findest.\" \/>\n<meta property=\"og:url\" content=\"https:\/\/www.babyartikel.de\/magazin\/sonnencreme-fuer-kinder-so-findest-du-die-richtige\" \/>\n<meta property=\"og:site_name\" content=\"Babyartikel.de Magazin\" \/>\n<meta property=\"article:published_time\" content=\"2021-02-23T06:53:00+00:00\" \/>\n<meta property=\"article:modified_time\" content=\"2023-07-11T11:33:42+00:00\" \/>\n<meta property=\"og:image\" content=\"https:\/\/www.babyartikel.de\/magazin\/wp-content\/uploads\/2021\/02\/sonnencreme-fuer-kinder.jpg\" \/>\n\t<meta property=\"og:image:width\" content=\"1050\" \/>\n\t<meta property=\"og:image:height\" content=\"549\" \/>\n\t<meta property=\"og:image:type\" content=\"image\/jpeg\" \/>\n<meta name=\"author\" content=\"Sandra Baumann\" \/>\n<meta name=\"twitter:card\" content=\"summary_large_image\" \/>\n<meta name=\"twitter:label1\" content=\"Verfasst von\" \/>\n\t<meta name=\"twitter:data1\" content=\"Sandra Baumann\" \/>\n\t<meta name=\"twitter:label2\" content=\"Gesch\u00e4tzte Lesezeit\" \/>\n\t<meta name=\"twitter:data2\" content=\"5\u00a0Minuten\" \/>\n<script type=\"application\/ld+json\" class=\"yoast-schema-graph\">{\"@context\":\"https:\/\/schema.org\",\"@graph\":[{\"@type\":\"Article\",\"@id\":\"https:\/\/www.babyartikel.de\/magazin\/sonnencreme-fuer-kinder-so-findest-du-die-richtige#article\",\"isPartOf\":{\"@id\":\"https:\/\/www.babyartikel.de\/magazin\/sonnencreme-fuer-kinder-so-findest-du-die-richtige\"},\"author\":{\"name\":\"Sandra Baumann\",\"@id\":\"https:\/\/www.babyartikel.de\/magazin\/#\/schema\/person\/ff48fd33e1e240dfb3012b74fce938f1\"},\"headline\":\"Sonnencreme f\u00fcr Kinder \u2013 So findest Du die richtige\",\"datePublished\":\"2021-02-23T06:53:00+00:00\",\"dateModified\":\"2023-07-11T11:33:42+00:00\",\"mainEntityOfPage\":{\"@id\":\"https:\/\/www.babyartikel.de\/magazin\/sonnencreme-fuer-kinder-so-findest-du-die-richtige\"},\"wordCount\":833,\"commentCount\":0,\"image\":{\"@id\":\"https:\/\/www.babyartikel.de\/magazin\/sonnencreme-fuer-kinder-so-findest-du-die-richtige#primaryimage\"},\"thumbnailUrl\":\"https:\/\/media.babyartikel.de\/magazin\/wp-content\/uploads\/2021\/02\/sonnencreme-fuer-kinder-scaled.jpeg\",\"keywords\":[\"babypflege\",\"gesundheit\",\"Sommer\"],\"articleSection\":[\"Baby\",\"Kaufberater\",\"Kleinkind\",\"Leben mit Baby\",\"Leben mit Kleinkind\",\"Pflege &amp; Gesundheit\"],\"inLanguage\":\"de\",\"potentialAction\":[{\"@type\":\"CommentAction\",\"name\":\"Comment\",\"target\":[\"https:\/\/www.babyartikel.de\/magazin\/sonnencreme-fuer-kinder-so-findest-du-die-richtige#respond\"]}]},{\"@type\":\"WebPage\",\"@id\":\"https:\/\/www.babyartikel.de\/magazin\/sonnencreme-fuer-kinder-so-findest-du-die-richtige\",\"url\":\"https:\/\/www.babyartikel.de\/magazin\/sonnencreme-fuer-kinder-so-findest-du-die-richtige\",\"name\":\"Sonnencreme f\u00fcr Kinder: So findest Du die richtige | Babyartikel Magazin\",\"isPartOf\":{\"@id\":\"https:\/\/www.babyartikel.de\/magazin\/#website\"},\"primaryImageOfPage\":{\"@id\":\"https:\/\/www.babyartikel.de\/magazin\/sonnencreme-fuer-kinder-so-findest-du-die-richtige#primaryimage\"},\"image\":{\"@id\":\"https:\/\/www.babyartikel.de\/magazin\/sonnencreme-fuer-kinder-so-findest-du-die-richtige#primaryimage\"},\"thumbnailUrl\":\"https:\/\/media.babyartikel.de\/magazin\/wp-content\/uploads\/2021\/02\/sonnencreme-fuer-kinder-scaled.jpeg\",\"datePublished\":\"2021-02-23T06:53:00+00:00\",\"dateModified\":\"2023-07-11T11:33:42+00:00\",\"author\":{\"@id\":\"https:\/\/www.babyartikel.de\/magazin\/#\/schema\/person\/ff48fd33e1e240dfb3012b74fce938f1\"},\"description\":\"Worauf Du beim Kauf von Sonnencreme f\u00fcr Kinder unbedingt achten solltest und wie Du den richtigen Sonnenschutz f\u00fcr Dein Kind findest.\",\"breadcrumb\":{\"@id\":\"https:\/\/www.babyartikel.de\/magazin\/sonnencreme-fuer-kinder-so-findest-du-die-richtige#breadcrumb\"},\"inLanguage\":\"de\",\"potentialAction\":[{\"@type\":\"ReadAction\",\"target\":[\"https:\/\/www.babyartikel.de\/magazin\/sonnencreme-fuer-kinder-so-findest-du-die-richtige\"]}]},{\"@type\":\"ImageObject\",\"inLanguage\":\"de\",\"@id\":\"https:\/\/www.babyartikel.de\/magazin\/sonnencreme-fuer-kinder-so-findest-du-die-richtige#primaryimage\",\"url\":\"https:\/\/media.babyartikel.de\/magazin\/wp-content\/uploads\/2021\/02\/sonnencreme-fuer-kinder-scaled.jpeg\",\"contentUrl\":\"https:\/\/media.babyartikel.de\/magazin\/wp-content\/uploads\/2021\/02\/sonnencreme-fuer-kinder-scaled.jpeg\",\"width\":2560,\"height\":1707,\"caption\":\"sonnencreme f\u00fcr kinder\"},{\"@type\":\"BreadcrumbList\",\"@id\":\"https:\/\/www.babyartikel.de\/magazin\/sonnencreme-fuer-kinder-so-findest-du-die-richtige#breadcrumb\",\"itemListElement\":[{\"@type\":\"ListItem\",\"position\":1,\"name\":\"Startseite\",\"item\":\"https:\/\/www.babyartikel.de\/magazin\"},{\"@type\":\"ListItem\",\"position\":2,\"name\":\"Sonnencreme f\u00fcr Kinder \u2013 So findest Du die richtige\"}]},{\"@type\":\"WebSite\",\"@id\":\"https:\/\/www.babyartikel.de\/magazin\/#website\",\"url\":\"https:\/\/www.babyartikel.de\/magazin\/\",\"name\":\"Babyartikel.de Magazin\",\"description\":\"\",\"potentialAction\":[{\"@type\":\"SearchAction\",\"target\":{\"@type\":\"EntryPoint\",\"urlTemplate\":\"https:\/\/www.babyartikel.de\/magazin\/?s={search_term_string}\"},\"query-input\":{\"@type\":\"PropertyValueSpecification\",\"valueRequired\":true,\"valueName\":\"search_term_string\"}}],\"inLanguage\":\"de\"},{\"@type\":\"Person\",\"@id\":\"https:\/\/www.babyartikel.de\/magazin\/#\/schema\/person\/ff48fd33e1e240dfb3012b74fce938f1\",\"name\":\"Sandra Baumann\",\"image\":{\"@type\":\"ImageObject\",\"inLanguage\":\"de\",\"@id\":\"https:\/\/media.babyartikel.de\/magazin\/wp-content\/uploads\/2017\/03\/Sandra-Baumann-150x150.jpg\",\"url\":\"https:\/\/media.babyartikel.de\/magazin\/wp-content\/uploads\/2017\/03\/Sandra-Baumann-150x150.jpg\",\"contentUrl\":\"https:\/\/media.babyartikel.de\/magazin\/wp-content\/uploads\/2017\/03\/Sandra-Baumann-150x150.jpg\",\"caption\":\"Sandra Baumann\"},\"description\":\"Mein Name ist Sandra, ich bin Anfang 30 und wohne in der N\u00e4he von Hamburg. Eine eigene Familie haben - das war schon immer unser Wunsch und so hat sich im April 2017 unser Sohn in unsere Herzen geschlichen. Seitdem schreibe ich tats\u00e4chlich auch schon Artikel f\u00fcr das Babyartikel Magazin und habe immer noch sehr viel Freude daran. Unsere kleine Tochter hat unsere Familie dann im Juli 2019 komplett gemacht. Gerne m\u00f6chte ich Dir von meinen Erfahrungen berichten - besonders viel besch\u00e4ftige ich mich mit den Themen bed\u00fcrfnisorientierte Erziehung und Ern\u00e4hrung von Kindern - und vielleicht kann ich dir bei dem ein oder anderen Problem weiterhelfen.\",\"url\":\"https:\/\/www.babyartikel.de\/magazin\/author\/sandra-b\"}]}<\/script>\n<!-- \/ Yoast SEO Premium plugin. -->","yoast_head_json":{"title":"Sonnencreme f\u00fcr Kinder: So findest Du die richtige | Babyartikel Magazin","description":"Worauf Du beim Kauf von Sonnencreme f\u00fcr Kinder unbedingt achten solltest und wie Du den richtigen Sonnenschutz f\u00fcr Dein Kind findest.","robots":{"index":"index","follow":"follow","max-snippet":"max-snippet:-1","max-image-preview":"max-image-preview:large","max-video-preview":"max-video-preview:-1"},"canonical":"https:\/\/www.babyartikel.de\/magazin\/sonnencreme-fuer-kinder-so-findest-du-die-richtige","og_locale":"de_DE","og_type":"article","og_title":"Sonnencreme f\u00fcr Kinder \u2013 So findest Du die richtige","og_description":"Worauf Du beim Kauf von Sonnencreme f\u00fcr Kinder unbedingt achten solltest und wie Du den richtigen Sonnenschutz f\u00fcr Dein Kind findest.","og_url":"https:\/\/www.babyartikel.de\/magazin\/sonnencreme-fuer-kinder-so-findest-du-die-richtige","og_site_name":"Babyartikel.de Magazin","article_published_time":"2021-02-23T06:53:00+00:00","article_modified_time":"2023-07-11T11:33:42+00:00","og_image":[{"width":1050,"height":549,"url":"https:\/\/www.babyartikel.de\/magazin\/wp-content\/uploads\/2021\/02\/sonnencreme-fuer-kinder.jpg","type":"image\/jpeg"}],"author":"Sandra Baumann","twitter_card":"summary_large_image","twitter_misc":{"Verfasst von":"Sandra Baumann","Gesch\u00e4tzte Lesezeit":"5\u00a0Minuten"},"schema":{"@context":"https:\/\/schema.org","@graph":[{"@type":"Article","@id":"https:\/\/www.babyartikel.de\/magazin\/sonnencreme-fuer-kinder-so-findest-du-die-richtige#article","isPartOf":{"@id":"https:\/\/www.babyartikel.de\/magazin\/sonnencreme-fuer-kinder-so-findest-du-die-richtige"},"author":{"name":"Sandra Baumann","@id":"https:\/\/www.babyartikel.de\/magazin\/#\/schema\/person\/ff48fd33e1e240dfb3012b74fce938f1"},"headline":"Sonnencreme f\u00fcr Kinder \u2013 So findest Du die richtige","datePublished":"2021-02-23T06:53:00+00:00","dateModified":"2023-07-11T11:33:42+00:00","mainEntityOfPage":{"@id":"https:\/\/www.babyartikel.de\/magazin\/sonnencreme-fuer-kinder-so-findest-du-die-richtige"},"wordCount":833,"commentCount":0,"image":{"@id":"https:\/\/www.babyartikel.de\/magazin\/sonnencreme-fuer-kinder-so-findest-du-die-richtige#primaryimage"},"thumbnailUrl":"https:\/\/media.babyartikel.de\/magazin\/wp-content\/uploads\/2021\/02\/sonnencreme-fuer-kinder-scaled.jpeg","keywords":["babypflege","gesundheit","Sommer"],"articleSection":["Baby","Kaufberater","Kleinkind","Leben mit Baby","Leben mit Kleinkind","Pflege &amp; Gesundheit"],"inLanguage":"de","potentialAction":[{"@type":"CommentAction","name":"Comment","target":["https:\/\/www.babyartikel.de\/magazin\/sonnencreme-fuer-kinder-so-findest-du-die-richtige#respond"]}]},{"@type":"WebPage","@id":"https:\/\/www.babyartikel.de\/magazin\/sonnencreme-fuer-kinder-so-findest-du-die-richtige","url":"https:\/\/www.babyartikel.de\/magazin\/sonnencreme-fuer-kinder-so-findest-du-die-richtige","name":"Sonnencreme f\u00fcr Kinder: So findest Du die richtige | Babyartikel Magazin","isPartOf":{"@id":"https:\/\/www.babyartikel.de\/magazin\/#website"},"primaryImageOfPage":{"@id":"https:\/\/www.babyartikel.de\/magazin\/sonnencreme-fuer-kinder-so-findest-du-die-richtige#primaryimage"},"image":{"@id":"https:\/\/www.babyartikel.de\/magazin\/sonnencreme-fuer-kinder-so-findest-du-die-richtige#primaryimage"},"thumbnailUrl":"https:\/\/media.babyartikel.de\/magazin\/wp-content\/uploads\/2021\/02\/sonnencreme-fuer-kinder-scaled.jpeg","datePublished":"2021-02-23T06:53:00+00:00","dateModified":"2023-07-11T11:33:42+00:00","author":{"@id":"https:\/\/www.babyartikel.de\/magazin\/#\/schema\/person\/ff48fd33e1e240dfb3012b74fce938f1"},"description":"Worauf Du beim Kauf von Sonnencreme f\u00fcr Kinder unbedingt achten solltest und wie Du den richtigen Sonnenschutz f\u00fcr Dein Kind findest.","breadcrumb":{"@id":"https:\/\/www.babyartikel.de\/magazin\/sonnencreme-fuer-kinder-so-findest-du-die-richtige#breadcrumb"},"inLanguage":"de","potentialAction":[{"@type":"ReadAction","target":["https:\/\/www.babyartikel.de\/magazin\/sonnencreme-fuer-kinder-so-findest-du-die-richtige"]}]},{"@type":"ImageObject","inLanguage":"de","@id":"https:\/\/www.babyartikel.de\/magazin\/sonnencreme-fuer-kinder-so-findest-du-die-richtige#primaryimage","url":"https:\/\/media.babyartikel.de\/magazin\/wp-content\/uploads\/2021\/02\/sonnencreme-fuer-kinder-scaled.jpeg","contentUrl":"https:\/\/media.babyartikel.de\/magazin\/wp-content\/uploads\/2021\/02\/sonnencreme-fuer-kinder-scaled.jpeg","width":2560,"height":1707,"caption":"sonnencreme f\u00fcr kinder"},{"@type":"BreadcrumbList","@id":"https:\/\/www.babyartikel.de\/magazin\/sonnencreme-fuer-kinder-so-findest-du-die-richtige#breadcrumb","itemListElement":[{"@type":"ListItem","position":1,"name":"Startseite","item":"https:\/\/www.babyartikel.de\/magazin"},{"@type":"ListItem","position":2,"name":"Sonnencreme f\u00fcr Kinder \u2013 So findest Du die richtige"}]},{"@type":"WebSite","@id":"https:\/\/www.babyartikel.de\/magazin\/#website","url":"https:\/\/www.babyartikel.de\/magazin\/","name":"Babyartikel.de Magazin","description":"","potentialAction":[{"@type":"SearchAction","target":{"@type":"EntryPoint","urlTemplate":"https:\/\/www.babyartikel.de\/magazin\/?s={search_term_string}"},"query-input":{"@type":"PropertyValueSpecification","valueRequired":true,"valueName":"search_term_string"}}],"inLanguage":"de"},{"@type":"Person","@id":"https:\/\/www.babyartikel.de\/magazin\/#\/schema\/person\/ff48fd33e1e240dfb3012b74fce938f1","name":"Sandra Baumann","image":{"@type":"ImageObject","inLanguage":"de","@id":"https:\/\/media.babyartikel.de\/magazin\/wp-content\/uploads\/2017\/03\/Sandra-Baumann-150x150.jpg","url":"https:\/\/media.babyartikel.de\/magazin\/wp-content\/uploads\/2017\/03\/Sandra-Baumann-150x150.jpg","contentUrl":"https:\/\/media.babyartikel.de\/magazin\/wp-content\/uploads\/2017\/03\/Sandra-Baumann-150x150.jpg","caption":"Sandra Baumann"},"description":"Mein Name ist Sandra, ich bin Anfang 30 und wohne in der N\u00e4he von Hamburg. Eine eigene Familie haben - das war schon immer unser Wunsch und so hat sich im April 2017 unser Sohn in unsere Herzen geschlichen. Seitdem schreibe ich tats\u00e4chlich auch schon Artikel f\u00fcr das Babyartikel Magazin und habe immer noch sehr viel Freude daran. Unsere kleine Tochter hat unsere Familie dann im Juli 2019 komplett gemacht. Gerne m\u00f6chte ich Dir von meinen Erfahrungen berichten - besonders viel besch\u00e4ftige ich mich mit den Themen bed\u00fcrfnisorientierte Erziehung und Ern\u00e4hrung von Kindern - und vielleicht kann ich dir bei dem ein oder anderen Problem weiterhelfen.","url":"https:\/\/www.babyartikel.de\/magazin\/author\/sandra-b"}]}},"abstract_sku":"","_links":{"self":[{"href":"https:\/\/www.babyartikel.de\/magazin\/wp-json\/wp\/v2\/posts\/820404","targetHints":{"allow":["GET"]}}],"collection":[{"href":"https:\/\/www.babyartikel.de\/magazin\/wp-json\/wp\/v2\/posts"}],"about":[{"href":"https:\/\/www.babyartikel.de\/magazin\/wp-json\/wp\/v2\/types\/post"}],"author":[{"embeddable":true,"href":"https:\/\/www.babyartikel.de\/magazin\/wp-json\/wp\/v2\/users\/79"}],"replies":[{"embeddable":true,"href":"https:\/\/www.babyartikel.de\/magazin\/wp-json\/wp\/v2\/comments?post=820404"}],"version-history":[{"count":14,"href":"https:\/\/www.babyartikel.de\/magazin\/wp-json\/wp\/v2\/posts\/820404\/revisions"}],"predecessor-version":[{"id":882454,"href":"https:\/\/www.babyartikel.de\/magazin\/wp-json\/wp\/v2\/posts\/820404\/revisions\/882454"}],"wp:featuredmedia":[{"embeddable":true,"href":"https:\/\/www.babyartikel.de\/magazin\/wp-json\/wp\/v2\/media\/829912"}],"wp:attachment":[{"href":"https:\/\/www.babyartikel.de\/magazin\/wp-json\/wp\/v2\/media?parent=820404"}],"wp:term":[{"taxonomy":"category","embeddable":true,"href":"https:\/\/www.babyartikel.de\/magazin\/wp-json\/wp\/v2\/categories?post=820404"},{"taxonomy":"post_tag","embeddable":true,"href":"https:\/\/www.babyartikel.de\/magazin\/wp-json\/wp\/v2\/tags?post=820404"}],"curies":[{"name":"wp","href":"https:\/\/api.w.org\/{rel}","templated":true}]}}