
{"id":820710,"date":"2020-10-06T07:49:00","date_gmt":"2020-10-06T05:49:00","guid":{"rendered":"https:\/\/www.babyartikel.de\/magazin\/?p=820710"},"modified":"2022-04-20T09:51:10","modified_gmt":"2022-04-20T07:51:10","slug":"wann-lernen-kinder-sprechen-was-eltern-wissen-muessen","status":"publish","type":"post","link":"https:\/\/www.babyartikel.de\/magazin\/wann-lernen-kinder-sprechen-was-eltern-wissen-muessen","title":{"rendered":"Wann lernen Kinder sprechen? Was Eltern wissen m\u00fcssen"},"content":{"rendered":"<p>Es ist einer der sch&ouml;nsten Momente im Leben von Eltern: wenn Kinder zu sprechen beginnen. <a href=\"https:\/\/www.babyartikel.de\/magazin\/sprachentwicklung-beim-baby-so-lernt-dein-kind-sprechen\">Aber ab wann lernen Kinder sprechen? Wan<\/a>n k&ouml;nnen sie richtige S&auml;tze formen? Und ab wann sollten sich Eltern Sorgen machen?<h2 class=\"wp-block-heading\" id=\"h-probleme-beim-sprechen-lernen-ab-wann-muss-ich-handeln\">Probleme beim Sprechen lernen: Ab wann muss ich handeln?<\/h2><p>Tats&auml;chlich ist es &ndash; wie in vielen anderen Bereichen auch &ndash; so, dass manche Kinder sehr fr&uuml;h, andere sehr sp&auml;t beginnen <a href=\"https:\/\/www.babyartikel.de\/magazin\/sprechen-lernen-foerdern-7-fehler\" target=\"_blank\" rel=\"noreferrer noopener\">richtig zu sprechen<\/a>. <strong>In der Regel fangen die meisten Kinder schon vor dem ersten Geburtstag damit an, erste Worte zu sprechen<\/strong>, manche formen sogar schon zwei-Wort-S&auml;tze. Bis zum zweiten Geburtstag haben die meisten Kinder einen Wortschatz von mehr als 50 W&ouml;rtern, k&ouml;nnen sich gut verst&auml;ndigen. In der Regel solltest Du als Elternteil aktiv werden, es beobachten oder mit dem Kinderarzt sprechen, wenn Dein Schatz folgende Kriterien erf&uuml;llt:<\/p><ul class=\"wp-block-list\"><li><strong>Vor dem 1. Geburtstag:<\/strong> Dein Kind spricht noch gar keine Worte? Weder Mama, Papa noch andere? Es kommuniziert nur mit Gestik und Mimik, ohne dabei Blickkontakt aufzunehmen? Und es reagiert auch nicht auf Ansprache? Dann solltest Du vielleicht einmal mit dem Kinderarzt sprechen und das Ganze beobachten. <\/li><li><strong>Vor dem 2. Geburtstag:<\/strong> Wenn Dein Schatz weniger als etwa 50 W&ouml;rter spricht, diese auch nicht zu Zwei-Wort-S&auml;tzen zusammensetzt, wie etwa &bdquo;Buch haben&ldquo;, und insgesamt wenig Interesse am Sprechen oder Kommunizieren zeigt, solltest Du das im Auge behalten. Bei der U7 pr&uuml;ft der Kinderarzt den Wortschatz Deines Kindes und kann feststellen, ob Dein Kind vielleicht zu den <strong>&bdquo;Late Talkern&ldquo;<\/strong>, also &bdquo;sp&auml;ten Sprechern&ldquo; z&auml;hlt. So werden Kinder genannt, die mit zwei Jahren noch weniger als 50 W&ouml;rter sprechen. Dazu z&auml;hlen etwa 15 % der Zweij&auml;hrigen.<\/li><li><strong>Vor dem 3. Geburtstag:<\/strong> Wenn Dein Kind von anderen sehr schlecht verstanden wird, ohne Verben oder Adjektive spricht, keine Mehrzahl bildet und noch keine einfachen S&auml;tze bilden kann, solltest Du das f&uuml;r den n&auml;chsten Kinderarzt-Besuch im Hinterkopf behalten oder auch direkt abkl&auml;ren lassen. <\/li><li><strong>Vor dem 4. Geburtstag:<\/strong> Dein Schatz wird schlecht verstanden und kann sich nicht richtig ausdr&uuml;cken? Er kann S&auml;tze noch nicht fehlerfrei bilden, hat starke Probleme mit der Grammatik? Dann ist es sicher ratsam, einmal mit dem Kinderarzt zu sprechen und gegebenenfalls einen Logop&auml;den aufzusuchen. Auch ein Gespr&auml;ch mit den Erziehern in der Kita k&ouml;nnte hilfreich sein, um herauszufinden, wie sich Dein Kind im Alltag verst&auml;ndigt und ob diese Probleme sehen.<\/li><\/ul><p>Manche Kinder sprechen tats&auml;chlich einfach sp&auml;ter als andere, ohne an einer ernsthaften Sprach&shy;entwicklungsst&ouml;rung, Sprachverz&ouml;gerung oder -auff&auml;lligkeit zu leiden. <strong>Meist erkennt der Kinder&shy;arzt <a href=\"https:\/\/www.babyartikel.de\/magazin\/u-untersuchungen-vorsorgeuntersuchungen\" target=\"_blank\" rel=\"noreferrer noopener\">w&auml;hrend der&nbsp;U-Untersuchungen<\/a>, wenn Defizite vorliegen <\/strong>und hilft Dir und Deinem Kind dabei, diese anzugehen. Allerdings solltest Du zu Hause das Sprechen auch f&ouml;rdern, indem Du vorliest, mit Deinem Kind viel sprichst und falsch ausgesprochene W&ouml;rter richtig wiederholst.<\/p><div class=\"marketing-slot\"><div id=\"block-18\" class=\"content-post-widget marketing-slot-1 widget_block\"><a href=\"#\" class=\"newsletter_popup\" style=\"\n  display: inline-block;\n  box-shadow: 0 4px 10px rgba(0,0,0,0.1);\n  margin: 20px auto;\n  max-width: 800px;\n  width: 100%;\">\n  <img src=\"https:\/\/media.babyartikel.de\/magazin\/wp-content\/uploads\/2025\/08\/NL-Banner-Magazin-8-25.webp\" alt=\"Newsletter Banner\" style=\"\n    width: 100%;\n    height: auto;\n    display: block;\" onclick=\"ga('send', 'event', 'banner', 'click', 'magazin-banner-newsletter-8-25');\">\n<\/a>\n\n\t<!-- Modal -->\n\t<div class=\"modal fade modal_popup\" id=\"newsletter_popup\" tabindex=\"-1\" aria-labelledby=\"exampleModalLabel\" aria-hidden=\"true\">\n\t\t<div class=\"modal-dialog modal-dialog-centered modal-dialog-scrollable\">\n\t\t\t<div class=\"modal-content\">\n\t\t\t\t<div class=\"modal-header small-header\">\n\t\t\t\t\t<h5 class=\"modal-title\" id=\"newsletterModalLabel\">\n\t\t\t\t\t\tNewsletter\t\t\t\t\t<\/h5>\n\t\t\t\t\t<button type=\"button\" class=\"btn-close small-close\" data-bs-dismiss=\"modal\" aria-label=\"Close\"><\/button>\n\t\t\t\t<\/div>\n\n\t\t\t\t<div class=\"modal-body\">\n\t\t\t\t\t\t<div class=\"newsletterForm-embed popup-form\">\n        <form name=\"newsletterSubscriptionForm\" id=\"newsletter_popup_69f51c792f59a_form\" data-newsletter-id=\"newsletter_popup_69f51c792f59a\" method=\"POST\">\n\n\t\t\t<input type=\"text\" name=\"website\" class=\"hidden\" tabindex=\"-1\" autocomplete=\"off\" style=\"position:absolute;left:-9999px;\">\n\t\t\t<input type=\"hidden\" name=\"ts\" value=\"1777671289\">\n\n\t\t\t                <input type=\"hidden\" name=\"emarsys-event-id\" value=\"3756\">\n            \n            \t\t\t<div class=\"mb-3\">\n\t\t\t\t<label for=\"date\" class=\"form-label\">Geburtstag\/ -termin Deines Babys<\/label>\n                <input type=\"date\" name=\"date\" class=\"input input--expand form-control\" required>\n\t\t\t<\/div>\n            \n\t\t\t<div class=\"mb-3\">\n\t\t\t\t<label for=\"email\" class=\"form-label\">E-Mail-Adresse<\/label>\n\t\t\t\t<input type=\"email\" name=\"email\" placeholder=\"E-Mail-Adresse\" class=\"input input--expand form-control\" required>\n\t\t\t<\/div>\n\n\t\t\t\t\t\t\t<button type=\"submit\" class=\"btn btn-primary\">Absenden<\/button>\n\t\t\t\n\t\t\t\t\t\t\t<div class=\"small mt-3\" style=\"font-weight:normal;\">\n\t\t\t\t\t\n\t\t\t<div class=\"mt-3\">\n\t\t\t\tJa, ich m&ouml;chte den Newsletter von Babyartikel.de erhalten und &uuml;ber Aktionen informiert werden.\n  Dabei darf mein Nutzungsverhalten (z. B. &Ouml;ffnungen und Klicks) zur Personalisierung ausgewertet werden.\n  Mehr finde ich in der <a href=\"\/de\/datenschutz\" style=\"text-decoration:underline\">Datenschutzerkl&auml;rung<\/a>.\n\t\t\t<\/div>\n\t\t\t\t\t\t<\/div>\n\t\t\t\n\t\t\t\t\t\t\t<div class=\"small mb-3 mt-3\" style=\"font-weight:normal;\">\n\t\t\t\t\tJederzeit abbestellbar | <a href=\"\/de\/datenschutz\" style=\"text-decoration:underline\">\n\t\t\t\t\t\tDatenschutzerkl&auml;rung\n\t\t\t\t\t<\/a>\n\t\t\t\t<\/div>\n\t\t\t\n        <\/form>\n    <\/div>\n\t\n\t\t\t\t\t<div class=\"response-messages_newsletter_popup_69f51c792f59a\">\n\t\t\t\t\t\t<div class=\"alert alert-success success mt-3 mb-3 d-none\">\n\t\t\t\t\t\t\tNur noch ein Klick! Best&auml;tige Deine Anmeldung in der E-Mail, die du gleich erh&auml;ltst.\t\t\t\t\t\t<\/div>\n\t\t\t\t\t\t<div class=\"error mt-3 mb-3 d-none\">\n\t\t\t\t\t\t\t<div class=\"alert alert-danger \">\n\t\t\t\t\t\t\t\tEin Fehler ist aufgetreten. Bitte versuche es sp&auml;ter erneut.\t\t\t\t\t\t\t<\/div>\n\t\t\t\t\t\t<\/div>\n\t\t\t\t\t\t<div class=\"alert alert-danger other-2007 mt-3 mb-3 d-none\">\n\t\t\t\t\t\t\tUng&Atilde;&frac14;ltiges Datumsformat\t\t\t\t\t\t<\/div>\n\t\t\t\t\t<\/div>\n\t\t\t\t<\/div>\n\t\t\t<\/div>\n\t\t<\/div>\n\t<\/div>\n\n\t<\/div><!-- content-widget --><\/div><h2 class=\"wp-block-heading\" id=\"h-wann-lernen-kinder-sprechen-tipps-um-dein-kind-zu-fordern\">Wann lernen Kinder sprechen? Tipps, um Dein Kind zu f&ouml;rdern<\/h2><ul class=\"wp-block-list\"><li><strong>Ermuntere Dein Kind<\/strong>, viel zu erz&auml;hlen und h&ouml;re zu, lobe es, wenn es spricht. <\/li><li><strong>Lies Deinem Schatz regelm&auml;&szlig;ig vor<\/strong> und beziehe es ruhig in die Geschichten mit ein &ndash; Frage etwa: &bdquo;Welches Tier ist das?&ldquo; oder &bdquo;Warum hat es das gerade getan?&ldquo;<\/li><li>Nutzt Dein Kind <strong>Wortkreationen<\/strong>, kannst Du diese <strong>berichtigen<\/strong>, indem Du diese einfach richtig nachsprichst. Statt &bdquo;Flugflug&ldquo; o.&auml;. f&uuml;r &bdquo;Flugzeug&ldquo; sagst Du: &bdquo;Richtig, da oben fliegt ein Flugzeug.&ldquo; Damit zeigst Du Deinem Schatz, dass er verstanden wird und er h&ouml;rt das Wort richtig. <\/li><li><strong>Klatschspiele,&nbsp;Reime &amp; Lieder<\/strong>&nbsp;helfen Deinem Kind dar&uuml;ber hinaus, Silbenrhythmen zu erkennen und das Sprechen von l&auml;ngeren W&ouml;rtern zu trainieren. <\/li><\/ul><p><em>Hast Du bereits Erfahrungen zum Thema &bdquo;Ab wann lernen Kinder sprechen&ldquo;? Mit welchem Alter haben Deine Kinder angefangen zu reden? Wir freuen uns &uuml;ber Deine Geschichte und weitere Tipps in den Kommentaren.<\/em><\/p><div class=\"credits-overlay\" data-target=\".wp-image-821264\"><a href=\"#\" target=\"_blank\">&copy; Oksana Kuzmina &ndash; stock.adobe.com<\/a><\/div><\/p>\n","protected":false},"excerpt":{"rendered":"<p>Es ist einer der sch&ouml;nsten Momente im Leben von Eltern: wenn Kinder zu sprechen beginnen. Aber ab wann lernen Kinder sprechen? Wann k&ouml;nnen sie richtige S&auml;tze formen? Und ab wann sollten sich Eltern Sorgen machen?Probleme beim Sprechen lernen: Ab wann muss ich handeln?Tats&auml;chlich ist es &ndash; wie in vielen anderen Bereichen auch &ndash; so, dass [&#8230;]<\/p>\n<p><a class=\"btn btn-secondary understrap-read-more-link\" href=\"https:\/\/www.babyartikel.de\/magazin\/wann-lernen-kinder-sprechen-was-eltern-wissen-muessen\">Weiterlesen&#8230;<\/a><\/p>\n","protected":false},"author":66,"featured_media":821264,"comment_status":"open","ping_status":"closed","sticky":false,"template":"","format":"standard","meta":{"_acf_changed":false,"footnotes":""},"categories":[2825,1430,2824],"tags":[3339,1044,3577,3675],"class_list":["post-820710","post","type-post","status-publish","format-standard","has-post-thumbnail","hentry","category-erziehungstipps","category-kleinkind","category-entwicklung-kleinkind","tag-alltag-mit-kleinkind","tag-entwicklung","tag-lernen","tag-sprechen"],"acf":[],"yoast_head":"<!-- This site is optimized with the Yoast SEO Premium plugin v27.2 (Yoast SEO v27.2) - https:\/\/yoast.com\/product\/yoast-seo-premium-wordpress\/ -->\n<title>Wann lernen Kinder sprechen? Das m\u00fcssen Eltern wissen<\/title>\n<meta name=\"description\" content=\"Was sollten Eltern wissen, wenn das Kind die ersten Worte spricht? Und ab wann lernen Kinder sprechen? Antworten auf die wichtigsten Fragen.\" \/>\n<meta name=\"robots\" content=\"index, follow, max-snippet:-1, max-image-preview:large, max-video-preview:-1\" \/>\n<link rel=\"canonical\" href=\"https:\/\/www.babyartikel.de\/magazin\/wann-lernen-kinder-sprechen-was-eltern-wissen-muessen\" \/>\n<meta property=\"og:locale\" content=\"de_DE\" \/>\n<meta property=\"og:type\" content=\"article\" \/>\n<meta property=\"og:title\" content=\"Wann lernen Kinder sprechen? Was Eltern wissen m\u00fcssen\" \/>\n<meta property=\"og:description\" content=\"Was sollten Eltern wissen, wenn das Kind die ersten Worte spricht? Und ab wann lernen Kinder sprechen? Antworten auf die wichtigsten Fragen.\" \/>\n<meta property=\"og:url\" content=\"https:\/\/www.babyartikel.de\/magazin\/wann-lernen-kinder-sprechen-was-eltern-wissen-muessen\" \/>\n<meta property=\"og:site_name\" content=\"Babyartikel.de Magazin\" \/>\n<meta property=\"article:published_time\" content=\"2020-10-06T05:49:00+00:00\" \/>\n<meta property=\"article:modified_time\" content=\"2022-04-20T07:51:10+00:00\" \/>\n<meta property=\"og:image\" content=\"https:\/\/www.babyartikel.de\/magazin\/wp-content\/uploads\/2020\/10\/wann-lernen-Kinder-sprechen.jpg\" \/>\n\t<meta property=\"og:image:width\" content=\"1050\" \/>\n\t<meta property=\"og:image:height\" content=\"549\" \/>\n\t<meta property=\"og:image:type\" content=\"image\/jpeg\" \/>\n<meta name=\"author\" content=\"Mareike Fangmann\" \/>\n<meta name=\"twitter:card\" content=\"summary_large_image\" \/>\n<meta name=\"twitter:label1\" content=\"Verfasst von\" \/>\n\t<meta name=\"twitter:data1\" content=\"Mareike Fangmann\" \/>\n\t<meta name=\"twitter:label2\" content=\"Gesch\u00e4tzte Lesezeit\" \/>\n\t<meta name=\"twitter:data2\" content=\"4\u00a0Minuten\" \/>\n<script type=\"application\/ld+json\" class=\"yoast-schema-graph\">{\"@context\":\"https:\/\/schema.org\",\"@graph\":[{\"@type\":\"Article\",\"@id\":\"https:\/\/www.babyartikel.de\/magazin\/wann-lernen-kinder-sprechen-was-eltern-wissen-muessen#article\",\"isPartOf\":{\"@id\":\"https:\/\/www.babyartikel.de\/magazin\/wann-lernen-kinder-sprechen-was-eltern-wissen-muessen\"},\"author\":{\"name\":\"Mareike Fangmann\",\"@id\":\"https:\/\/www.babyartikel.de\/magazin\/#\/schema\/person\/ebca06311ba3b031c9bca7bf2502fd34\"},\"headline\":\"Wann lernen Kinder sprechen? Was Eltern wissen m\u00fcssen\",\"datePublished\":\"2020-10-06T05:49:00+00:00\",\"dateModified\":\"2022-04-20T07:51:10+00:00\",\"mainEntityOfPage\":{\"@id\":\"https:\/\/www.babyartikel.de\/magazin\/wann-lernen-kinder-sprechen-was-eltern-wissen-muessen\"},\"wordCount\":633,\"commentCount\":0,\"image\":{\"@id\":\"https:\/\/www.babyartikel.de\/magazin\/wann-lernen-kinder-sprechen-was-eltern-wissen-muessen#primaryimage\"},\"thumbnailUrl\":\"https:\/\/media.babyartikel.de\/magazin\/wp-content\/uploads\/2020\/09\/sprechen-lernen-\u00a9-Oksana-Kuzmina-AdobeStock_94077488-scaled.jpeg\",\"keywords\":[\"alltag mit kleinkind\",\"entwicklung\",\"lernen\",\"sprechen\"],\"articleSection\":[\"Erziehungstipps\",\"Kleinkind\",\"Leben mit Kleinkind\"],\"inLanguage\":\"de\",\"potentialAction\":[{\"@type\":\"CommentAction\",\"name\":\"Comment\",\"target\":[\"https:\/\/www.babyartikel.de\/magazin\/wann-lernen-kinder-sprechen-was-eltern-wissen-muessen#respond\"]}]},{\"@type\":\"WebPage\",\"@id\":\"https:\/\/www.babyartikel.de\/magazin\/wann-lernen-kinder-sprechen-was-eltern-wissen-muessen\",\"url\":\"https:\/\/www.babyartikel.de\/magazin\/wann-lernen-kinder-sprechen-was-eltern-wissen-muessen\",\"name\":\"Wann lernen Kinder sprechen? Das m\u00fcssen Eltern wissen\",\"isPartOf\":{\"@id\":\"https:\/\/www.babyartikel.de\/magazin\/#website\"},\"primaryImageOfPage\":{\"@id\":\"https:\/\/www.babyartikel.de\/magazin\/wann-lernen-kinder-sprechen-was-eltern-wissen-muessen#primaryimage\"},\"image\":{\"@id\":\"https:\/\/www.babyartikel.de\/magazin\/wann-lernen-kinder-sprechen-was-eltern-wissen-muessen#primaryimage\"},\"thumbnailUrl\":\"https:\/\/media.babyartikel.de\/magazin\/wp-content\/uploads\/2020\/09\/sprechen-lernen-\u00a9-Oksana-Kuzmina-AdobeStock_94077488-scaled.jpeg\",\"datePublished\":\"2020-10-06T05:49:00+00:00\",\"dateModified\":\"2022-04-20T07:51:10+00:00\",\"author\":{\"@id\":\"https:\/\/www.babyartikel.de\/magazin\/#\/schema\/person\/ebca06311ba3b031c9bca7bf2502fd34\"},\"description\":\"Was sollten Eltern wissen, wenn das Kind die ersten Worte spricht? Und ab wann lernen Kinder sprechen? Antworten auf die wichtigsten Fragen.\",\"breadcrumb\":{\"@id\":\"https:\/\/www.babyartikel.de\/magazin\/wann-lernen-kinder-sprechen-was-eltern-wissen-muessen#breadcrumb\"},\"inLanguage\":\"de\",\"potentialAction\":[{\"@type\":\"ReadAction\",\"target\":[\"https:\/\/www.babyartikel.de\/magazin\/wann-lernen-kinder-sprechen-was-eltern-wissen-muessen\"]}]},{\"@type\":\"ImageObject\",\"inLanguage\":\"de\",\"@id\":\"https:\/\/www.babyartikel.de\/magazin\/wann-lernen-kinder-sprechen-was-eltern-wissen-muessen#primaryimage\",\"url\":\"https:\/\/media.babyartikel.de\/magazin\/wp-content\/uploads\/2020\/09\/sprechen-lernen-\u00a9-Oksana-Kuzmina-AdobeStock_94077488-scaled.jpeg\",\"contentUrl\":\"https:\/\/media.babyartikel.de\/magazin\/wp-content\/uploads\/2020\/09\/sprechen-lernen-\u00a9-Oksana-Kuzmina-AdobeStock_94077488-scaled.jpeg\",\"width\":2560,\"height\":1707,\"caption\":\"lernen sprechen kinder kind erste worte\"},{\"@type\":\"BreadcrumbList\",\"@id\":\"https:\/\/www.babyartikel.de\/magazin\/wann-lernen-kinder-sprechen-was-eltern-wissen-muessen#breadcrumb\",\"itemListElement\":[{\"@type\":\"ListItem\",\"position\":1,\"name\":\"Startseite\",\"item\":\"https:\/\/www.babyartikel.de\/magazin\"},{\"@type\":\"ListItem\",\"position\":2,\"name\":\"Wann lernen Kinder sprechen? Was Eltern wissen m\u00fcssen\"}]},{\"@type\":\"WebSite\",\"@id\":\"https:\/\/www.babyartikel.de\/magazin\/#website\",\"url\":\"https:\/\/www.babyartikel.de\/magazin\/\",\"name\":\"Babyartikel.de Magazin\",\"description\":\"\",\"potentialAction\":[{\"@type\":\"SearchAction\",\"target\":{\"@type\":\"EntryPoint\",\"urlTemplate\":\"https:\/\/www.babyartikel.de\/magazin\/?s={search_term_string}\"},\"query-input\":{\"@type\":\"PropertyValueSpecification\",\"valueRequired\":true,\"valueName\":\"search_term_string\"}}],\"inLanguage\":\"de\"},{\"@type\":\"Person\",\"@id\":\"https:\/\/www.babyartikel.de\/magazin\/#\/schema\/person\/ebca06311ba3b031c9bca7bf2502fd34\",\"name\":\"Mareike Fangmann\",\"image\":{\"@type\":\"ImageObject\",\"inLanguage\":\"de\",\"@id\":\"https:\/\/media.babyartikel.de\/magazin\/wp-content\/uploads\/2022\/05\/mareike-fangmann-mama-150x150.jpg\",\"url\":\"https:\/\/media.babyartikel.de\/magazin\/wp-content\/uploads\/2022\/05\/mareike-fangmann-mama-150x150.jpg\",\"contentUrl\":\"https:\/\/media.babyartikel.de\/magazin\/wp-content\/uploads\/2022\/05\/mareike-fangmann-mama-150x150.jpg\",\"caption\":\"Mareike Fangmann\"},\"description\":\"Schon mit 16 wusste ich, dass ich Journalistin werden m\u00f6chte. Damals wollte ich Promis ihre Geheimnisse entlocken und Geschichten schreiben, die ber\u00fchren oder Augen \u00f6ffnen. An Anekdoten aus meinem Alltag als Mama habe ich damals noch nicht gedacht, aber das Leben schreibt bekannterweise seine eigenen Geschichten \u2013 und meine passen sich ihm an. Ich schreibe zwar seit einigen Jahren tats\u00e4chlich \u00fcber Ber\u00fchrendes und (manchmal auch Un-)Bewegendes aus dem Alltag und der Welt, und das bei einem gro\u00dfen Medium in Hamburg. Aber als Elternteil wirst Du das kennen: Themen au\u00dferhalb des Baby-Kosmos sind besonders in der Anfangszeit unwichtiger denn je. Kein Promi der Welt ist dann noch so interessant wie das eigene Kind. Und ich bin froh, dass ich Dich in dieser Zeit mit Tipps zur Baby-Ausstattung, Hilfestellungen bei Problemen mit dem Stuhlgang, Stillen, Schlafen oder meinen Erfahrungen zum Leben mit Kleinkind unterst\u00fctzen kann.\",\"sameAs\":[\"https:\/\/www.linkedin.com\/in\/mareike-fangmann-476940ab\/\"],\"url\":\"https:\/\/www.babyartikel.de\/magazin\/author\/mareike\"}]}<\/script>\n<!-- \/ Yoast SEO Premium plugin. -->","yoast_head_json":{"title":"Wann lernen Kinder sprechen? Das m\u00fcssen Eltern wissen","description":"Was sollten Eltern wissen, wenn das Kind die ersten Worte spricht? Und ab wann lernen Kinder sprechen? Antworten auf die wichtigsten Fragen.","robots":{"index":"index","follow":"follow","max-snippet":"max-snippet:-1","max-image-preview":"max-image-preview:large","max-video-preview":"max-video-preview:-1"},"canonical":"https:\/\/www.babyartikel.de\/magazin\/wann-lernen-kinder-sprechen-was-eltern-wissen-muessen","og_locale":"de_DE","og_type":"article","og_title":"Wann lernen Kinder sprechen? Was Eltern wissen m\u00fcssen","og_description":"Was sollten Eltern wissen, wenn das Kind die ersten Worte spricht? Und ab wann lernen Kinder sprechen? Antworten auf die wichtigsten Fragen.","og_url":"https:\/\/www.babyartikel.de\/magazin\/wann-lernen-kinder-sprechen-was-eltern-wissen-muessen","og_site_name":"Babyartikel.de Magazin","article_published_time":"2020-10-06T05:49:00+00:00","article_modified_time":"2022-04-20T07:51:10+00:00","og_image":[{"width":1050,"height":549,"url":"https:\/\/www.babyartikel.de\/magazin\/wp-content\/uploads\/2020\/10\/wann-lernen-Kinder-sprechen.jpg","type":"image\/jpeg"}],"author":"Mareike Fangmann","twitter_card":"summary_large_image","twitter_misc":{"Verfasst von":"Mareike Fangmann","Gesch\u00e4tzte Lesezeit":"4\u00a0Minuten"},"schema":{"@context":"https:\/\/schema.org","@graph":[{"@type":"Article","@id":"https:\/\/www.babyartikel.de\/magazin\/wann-lernen-kinder-sprechen-was-eltern-wissen-muessen#article","isPartOf":{"@id":"https:\/\/www.babyartikel.de\/magazin\/wann-lernen-kinder-sprechen-was-eltern-wissen-muessen"},"author":{"name":"Mareike Fangmann","@id":"https:\/\/www.babyartikel.de\/magazin\/#\/schema\/person\/ebca06311ba3b031c9bca7bf2502fd34"},"headline":"Wann lernen Kinder sprechen? Was Eltern wissen m\u00fcssen","datePublished":"2020-10-06T05:49:00+00:00","dateModified":"2022-04-20T07:51:10+00:00","mainEntityOfPage":{"@id":"https:\/\/www.babyartikel.de\/magazin\/wann-lernen-kinder-sprechen-was-eltern-wissen-muessen"},"wordCount":633,"commentCount":0,"image":{"@id":"https:\/\/www.babyartikel.de\/magazin\/wann-lernen-kinder-sprechen-was-eltern-wissen-muessen#primaryimage"},"thumbnailUrl":"https:\/\/media.babyartikel.de\/magazin\/wp-content\/uploads\/2020\/09\/sprechen-lernen-\u00a9-Oksana-Kuzmina-AdobeStock_94077488-scaled.jpeg","keywords":["alltag mit kleinkind","entwicklung","lernen","sprechen"],"articleSection":["Erziehungstipps","Kleinkind","Leben mit Kleinkind"],"inLanguage":"de","potentialAction":[{"@type":"CommentAction","name":"Comment","target":["https:\/\/www.babyartikel.de\/magazin\/wann-lernen-kinder-sprechen-was-eltern-wissen-muessen#respond"]}]},{"@type":"WebPage","@id":"https:\/\/www.babyartikel.de\/magazin\/wann-lernen-kinder-sprechen-was-eltern-wissen-muessen","url":"https:\/\/www.babyartikel.de\/magazin\/wann-lernen-kinder-sprechen-was-eltern-wissen-muessen","name":"Wann lernen Kinder sprechen? Das m\u00fcssen Eltern wissen","isPartOf":{"@id":"https:\/\/www.babyartikel.de\/magazin\/#website"},"primaryImageOfPage":{"@id":"https:\/\/www.babyartikel.de\/magazin\/wann-lernen-kinder-sprechen-was-eltern-wissen-muessen#primaryimage"},"image":{"@id":"https:\/\/www.babyartikel.de\/magazin\/wann-lernen-kinder-sprechen-was-eltern-wissen-muessen#primaryimage"},"thumbnailUrl":"https:\/\/media.babyartikel.de\/magazin\/wp-content\/uploads\/2020\/09\/sprechen-lernen-\u00a9-Oksana-Kuzmina-AdobeStock_94077488-scaled.jpeg","datePublished":"2020-10-06T05:49:00+00:00","dateModified":"2022-04-20T07:51:10+00:00","author":{"@id":"https:\/\/www.babyartikel.de\/magazin\/#\/schema\/person\/ebca06311ba3b031c9bca7bf2502fd34"},"description":"Was sollten Eltern wissen, wenn das Kind die ersten Worte spricht? Und ab wann lernen Kinder sprechen? Antworten auf die wichtigsten Fragen.","breadcrumb":{"@id":"https:\/\/www.babyartikel.de\/magazin\/wann-lernen-kinder-sprechen-was-eltern-wissen-muessen#breadcrumb"},"inLanguage":"de","potentialAction":[{"@type":"ReadAction","target":["https:\/\/www.babyartikel.de\/magazin\/wann-lernen-kinder-sprechen-was-eltern-wissen-muessen"]}]},{"@type":"ImageObject","inLanguage":"de","@id":"https:\/\/www.babyartikel.de\/magazin\/wann-lernen-kinder-sprechen-was-eltern-wissen-muessen#primaryimage","url":"https:\/\/media.babyartikel.de\/magazin\/wp-content\/uploads\/2020\/09\/sprechen-lernen-\u00a9-Oksana-Kuzmina-AdobeStock_94077488-scaled.jpeg","contentUrl":"https:\/\/media.babyartikel.de\/magazin\/wp-content\/uploads\/2020\/09\/sprechen-lernen-\u00a9-Oksana-Kuzmina-AdobeStock_94077488-scaled.jpeg","width":2560,"height":1707,"caption":"lernen sprechen kinder kind erste worte"},{"@type":"BreadcrumbList","@id":"https:\/\/www.babyartikel.de\/magazin\/wann-lernen-kinder-sprechen-was-eltern-wissen-muessen#breadcrumb","itemListElement":[{"@type":"ListItem","position":1,"name":"Startseite","item":"https:\/\/www.babyartikel.de\/magazin"},{"@type":"ListItem","position":2,"name":"Wann lernen Kinder sprechen? Was Eltern wissen m\u00fcssen"}]},{"@type":"WebSite","@id":"https:\/\/www.babyartikel.de\/magazin\/#website","url":"https:\/\/www.babyartikel.de\/magazin\/","name":"Babyartikel.de Magazin","description":"","potentialAction":[{"@type":"SearchAction","target":{"@type":"EntryPoint","urlTemplate":"https:\/\/www.babyartikel.de\/magazin\/?s={search_term_string}"},"query-input":{"@type":"PropertyValueSpecification","valueRequired":true,"valueName":"search_term_string"}}],"inLanguage":"de"},{"@type":"Person","@id":"https:\/\/www.babyartikel.de\/magazin\/#\/schema\/person\/ebca06311ba3b031c9bca7bf2502fd34","name":"Mareike Fangmann","image":{"@type":"ImageObject","inLanguage":"de","@id":"https:\/\/media.babyartikel.de\/magazin\/wp-content\/uploads\/2022\/05\/mareike-fangmann-mama-150x150.jpg","url":"https:\/\/media.babyartikel.de\/magazin\/wp-content\/uploads\/2022\/05\/mareike-fangmann-mama-150x150.jpg","contentUrl":"https:\/\/media.babyartikel.de\/magazin\/wp-content\/uploads\/2022\/05\/mareike-fangmann-mama-150x150.jpg","caption":"Mareike Fangmann"},"description":"Schon mit 16 wusste ich, dass ich Journalistin werden m\u00f6chte. Damals wollte ich Promis ihre Geheimnisse entlocken und Geschichten schreiben, die ber\u00fchren oder Augen \u00f6ffnen. An Anekdoten aus meinem Alltag als Mama habe ich damals noch nicht gedacht, aber das Leben schreibt bekannterweise seine eigenen Geschichten \u2013 und meine passen sich ihm an. Ich schreibe zwar seit einigen Jahren tats\u00e4chlich \u00fcber Ber\u00fchrendes und (manchmal auch Un-)Bewegendes aus dem Alltag und der Welt, und das bei einem gro\u00dfen Medium in Hamburg. Aber als Elternteil wirst Du das kennen: Themen au\u00dferhalb des Baby-Kosmos sind besonders in der Anfangszeit unwichtiger denn je. Kein Promi der Welt ist dann noch so interessant wie das eigene Kind. Und ich bin froh, dass ich Dich in dieser Zeit mit Tipps zur Baby-Ausstattung, Hilfestellungen bei Problemen mit dem Stuhlgang, Stillen, Schlafen oder meinen Erfahrungen zum Leben mit Kleinkind unterst\u00fctzen kann.","sameAs":["https:\/\/www.linkedin.com\/in\/mareike-fangmann-476940ab\/"],"url":"https:\/\/www.babyartikel.de\/magazin\/author\/mareike"}]}},"abstract_sku":"","_links":{"self":[{"href":"https:\/\/www.babyartikel.de\/magazin\/wp-json\/wp\/v2\/posts\/820710","targetHints":{"allow":["GET"]}}],"collection":[{"href":"https:\/\/www.babyartikel.de\/magazin\/wp-json\/wp\/v2\/posts"}],"about":[{"href":"https:\/\/www.babyartikel.de\/magazin\/wp-json\/wp\/v2\/types\/post"}],"author":[{"embeddable":true,"href":"https:\/\/www.babyartikel.de\/magazin\/wp-json\/wp\/v2\/users\/66"}],"replies":[{"embeddable":true,"href":"https:\/\/www.babyartikel.de\/magazin\/wp-json\/wp\/v2\/comments?post=820710"}],"version-history":[{"count":29,"href":"https:\/\/www.babyartikel.de\/magazin\/wp-json\/wp\/v2\/posts\/820710\/revisions"}],"predecessor-version":[{"id":857079,"href":"https:\/\/www.babyartikel.de\/magazin\/wp-json\/wp\/v2\/posts\/820710\/revisions\/857079"}],"wp:featuredmedia":[{"embeddable":true,"href":"https:\/\/www.babyartikel.de\/magazin\/wp-json\/wp\/v2\/media\/821264"}],"wp:attachment":[{"href":"https:\/\/www.babyartikel.de\/magazin\/wp-json\/wp\/v2\/media?parent=820710"}],"wp:term":[{"taxonomy":"category","embeddable":true,"href":"https:\/\/www.babyartikel.de\/magazin\/wp-json\/wp\/v2\/categories?post=820710"},{"taxonomy":"post_tag","embeddable":true,"href":"https:\/\/www.babyartikel.de\/magazin\/wp-json\/wp\/v2\/tags?post=820710"}],"curies":[{"name":"wp","href":"https:\/\/api.w.org\/{rel}","templated":true}]}}