
{"id":826381,"date":"2021-03-27T09:00:00","date_gmt":"2021-03-27T08:00:00","guid":{"rendered":"https:\/\/www.babyartikel.de\/magazin\/?p=826381"},"modified":"2021-09-09T12:53:31","modified_gmt":"2021-09-09T10:53:31","slug":"jahreszeiten-kindern-erklaeren","status":"publish","type":"post","link":"https:\/\/www.babyartikel.de\/magazin\/jahreszeiten-kindern-erklaeren","title":{"rendered":"Die Jahreszeiten Kindern erkl\u00e4ren &#8211; so funktioniert es am besten"},"content":{"rendered":"<p>Kleine Kinder sind unglaublich neugierig &ndash; eine Binsenweisheit. Diese Neugier richtet sich vor allem auf ganz allt&auml;gliche und normale Dinge wie den blauen Himmel, Pflanzen oder Schnee. F&uuml;r uns abgekl&auml;rte Erwachsene klingt das simpel und irgendwie zu einfach. F&uuml;r Dein Kind bedeutet es jedoch, die Welt zu entdecken und f&uuml;r sich zu &bdquo;erobern&ldquo;. Besch&auml;ftigung hei&szlig;t immer auch lernen. Wir Erwachsene sollten uns das immer wieder vergegenw&auml;rtigen und sch&auml;tzen. Dann schaffst Du es, dass Deinem Kind nicht langweilig wird und es gleichzeitig immer wieder Neues lernt. Jahreszeiten Kindern erkl&auml;ren? Kein Problem dank kindlicher Neugier.<div id=\"ez-toc-container\" class=\"ez-toc-v2_0_82_2 counter-flat ez-toc-counter ez-toc-white ez-toc-container-direction\">\n<div class=\"ez-toc-title-container\">\n<p class=\"ez-toc-title\" style=\"cursor:inherit\">Inhaltsverzeichnis<\/p>\n<span class=\"ez-toc-title-toggle\"><a href=\"#\" class=\"ez-toc-pull-right ez-toc-btn ez-toc-btn-xs ez-toc-btn-default ez-toc-toggle\" aria-label=\"Toggle Table of Content\"><span class=\"ez-toc-js-icon-con\"><span class=\"\"><span class=\"eztoc-hide\" style=\"display:none;\">Toggle<\/span><span class=\"ez-toc-icon-toggle-span\"><svg style=\"fill: #999;color:#999\" xmlns=\"http:\/\/www.w3.org\/2000\/svg\" class=\"list-377408\" width=\"20px\" height=\"20px\" viewBox=\"0 0 24 24\" fill=\"none\"><path d=\"M6 6H4v2h2V6zm14 0H8v2h12V6zM4 11h2v2H4v-2zm16 0H8v2h12v-2zM4 16h2v2H4v-2zm16 0H8v2h12v-2z\" fill=\"currentColor\"><\/path><\/svg><svg style=\"fill: #999;color:#999\" class=\"arrow-unsorted-368013\" xmlns=\"http:\/\/www.w3.org\/2000\/svg\" width=\"10px\" height=\"10px\" viewBox=\"0 0 24 24\" version=\"1.2\" baseProfile=\"tiny\"><path d=\"M18.2 9.3l-6.2-6.3-6.2 6.3c-.2.2-.3.4-.3.7s.1.5.3.7c.2.2.4.3.7.3h11c.3 0 .5-.1.7-.3.2-.2.3-.5.3-.7s-.1-.5-.3-.7zM5.8 14.7l6.2 6.3 6.2-6.3c.2-.2.3-.5.3-.7s-.1-.5-.3-.7c-.2-.2-.4-.3-.7-.3h-11c-.3 0-.5.1-.7.3-.2.2-.3.5-.3.7s.1.5.3.7z\"\/><\/svg><\/span><\/span><\/span><\/a><\/span><\/div>\n<nav><ul class='ez-toc-list ez-toc-list-level-1 ' ><li class='ez-toc-page-1'><a class=\"ez-toc-link ez-toc-heading-1\" href=\"https:\/\/www.babyartikel.de\/magazin\/jahreszeiten-kindern-erklaeren\/#Unsere_Blaetter-Entdeckungstour\" >Unsere Bl&auml;tter-Entdeckungstour<\/a><\/li><li class='ez-toc-page-1'><a class=\"ez-toc-link ez-toc-heading-2\" href=\"https:\/\/www.babyartikel.de\/magazin\/jahreszeiten-kindern-erklaeren\/#Wie_meine_Tochter_die_Jahreszeiten_kennenlernte\" >Wie meine Tochter die Jahreszeiten kennenlernte<\/a><\/li><li class='ez-toc-page-1'><a class=\"ez-toc-link ez-toc-heading-3\" href=\"https:\/\/www.babyartikel.de\/magazin\/jahreszeiten-kindern-erklaeren\/#Neugier_foerdern_und_Wissensdurst_stillen_%E2%80%93_so_hat_es_bei_uns_funktioniert\" >Neugier f&ouml;rdern und Wissensdurst stillen &ndash; so hat es bei uns funktioniert<\/a><\/li><li class='ez-toc-page-1'><a class=\"ez-toc-link ez-toc-heading-4\" href=\"https:\/\/www.babyartikel.de\/magazin\/jahreszeiten-kindern-erklaeren\/#Jahreszeiten_Kindern_erklaeren_Am_besten_anschaulich\" >Jahreszeiten Kindern erkl&auml;ren? Am besten anschaulich!<\/a><\/li><li class='ez-toc-page-1'><a class=\"ez-toc-link ez-toc-heading-5\" href=\"https:\/\/www.babyartikel.de\/magazin\/jahreszeiten-kindern-erklaeren\/#Den_Spaziergang_mit_Sammeln_von_Blaettern_Stoecken_und_Co_verbinden\" >Den Spaziergang mit Sammeln von Bl&auml;ttern, St&ouml;cken und Co verbinden<\/a><\/li><li class='ez-toc-page-1'><a class=\"ez-toc-link ez-toc-heading-6\" href=\"https:\/\/www.babyartikel.de\/magazin\/jahreszeiten-kindern-erklaeren\/#Erklaeren_und_Anleiten_Das_weckt_Aufmerksamkeit_und_verscheucht_Langeweile\" >Erkl&auml;ren und Anleiten: Das weckt Aufmerksamkeit und verscheucht Langeweile<\/a><\/li><li class='ez-toc-page-1'><a class=\"ez-toc-link ez-toc-heading-7\" href=\"https:\/\/www.babyartikel.de\/magazin\/jahreszeiten-kindern-erklaeren\/#Die_Natur_mit_Kinderaugen_sehen\" >Die Natur mit Kinderaugen sehen<\/a><\/li><\/ul><\/nav><\/div>\n<h2 class=\"wp-block-heading\" id=\"h-unsere-bl-tter-entdeckungstour\"><span class=\"ez-toc-section\" id=\"Unsere_Blaetter-Entdeckungstour\"><\/span>Unsere Bl&auml;tter-Entdeckungstour<span class=\"ez-toc-section-end\"><\/span><\/h2><p>Am Wochenende setze ich meinen kleinen Wirbelwind oft aufs Laufrad und wir gehen Richtung Spielplatz. Als meine Kleine anfing, an manchen Gartenz&auml;unen auf dem Weg stehen zu bleiben und erstmal nur zu gucken, habe ich das erst nicht so richtig ernstgenommen. Ich hatte die Erwachsenenbrille auf. Doch dann bemerkte ich, dass sie sich f&uuml;r die Bl&auml;tter interessierte, die zwischen den Zaunlatten hervorlugten. Die meisten waren sehr klein und gr&uuml;n, manche schon braun. Sie zeigte darauf und sagte mit gro&szlig;en Augen: &bdquo;Bl&auml;&auml;&auml;&auml;tter&ldquo;. <\/p><h2 class=\"wp-block-heading\" id=\"h-wie-meine-tochter-die-jahreszeiten-kennenlernte\"><span class=\"ez-toc-section\" id=\"Wie_meine_Tochter_die_Jahreszeiten_kennenlernte\"><\/span>Wie meine Tochter die Jahreszeiten kennenlernte<span class=\"ez-toc-section-end\"><\/span><\/h2><div class=\"wp-block-image\"><figure class=\"alignleft size-large is-resized\"><a href=\"https:\/\/www.amazon.de\/Jahreszeiten-Wieso-Weshalb-Warum-junior\/dp\/3473327301\/ref=sr_1_11?__mk_de_DE=%C3%85M%C3%85%C5%BD%C3%95%C3%91&amp;dchild=1&amp;keywords=jahreszeiten+buch+kinder&amp;qid=1615369265&amp;sr=8-11\"><img loading=\"lazy\" decoding=\"async\" src=\"https:\/\/www.babyartikel.de\/magazin\/wp-content\/uploads\/2021\/01\/die-jahreszeiten-wieso-weshalb-warum-amazon-de.jpg\" alt=\"\" class=\"wp-image-831380\" width=\"224\" height=\"250\" srcset=\"https:\/\/media.babyartikel.de\/magazin\/wp-content\/uploads\/2021\/01\/die-jahreszeiten-wieso-weshalb-warum-amazon-de.jpg 447w, https:\/\/media.babyartikel.de\/magazin\/wp-content\/uploads\/2021\/01\/die-jahreszeiten-wieso-weshalb-warum-amazon-de-134x150.jpg 134w\" sizes=\"auto, (max-width: 224px) 100vw, 224px\"><\/a><figcaption>Die Jahreszeiten &ndash; Wieso, weshalb, warum<\/figcaption><\/figure><\/div><p>Ich zupfte ein paar der Bl&auml;tter ab und reichte sie ihr. Sie nahm sie and&auml;chtig entgegen und meinte nochmal aufgeregt: &bdquo;Bl&auml;&auml;&auml;&auml;tter!&ldquo;. Wir gingen ein paar Meter weiter und da entdeckte sie dann bunte Bl&auml;tter. <\/p><div class=\"marketing-slot\"><div id=\"block-18\" class=\"content-post-widget marketing-slot-1 widget_block\"><a href=\"#\" class=\"newsletter_popup\" style=\"\n  display: inline-block;\n  box-shadow: 0 4px 10px rgba(0,0,0,0.1);\n  margin: 20px auto;\n  max-width: 800px;\n  width: 100%;\">\n  <img src=\"https:\/\/media.babyartikel.de\/magazin\/wp-content\/uploads\/2025\/08\/NL-Banner-Magazin-8-25.webp\" alt=\"Newsletter Banner\" style=\"\n    width: 100%;\n    height: auto;\n    display: block;\" onclick=\"ga('send', 'event', 'banner', 'click', 'magazin-banner-newsletter-8-25');\">\n<\/a>\n\n\t<!-- Modal -->\n\t<div class=\"modal fade modal_popup\" id=\"newsletter_popup\" tabindex=\"-1\" aria-labelledby=\"exampleModalLabel\" aria-hidden=\"true\">\n\t\t<div class=\"modal-dialog modal-dialog-centered modal-dialog-scrollable\">\n\t\t\t<div class=\"modal-content\">\n\t\t\t\t<div class=\"modal-header small-header\">\n\t\t\t\t\t<h5 class=\"modal-title\" id=\"newsletterModalLabel\">\n\t\t\t\t\t\tNewsletter\t\t\t\t\t<\/h5>\n\t\t\t\t\t<button type=\"button\" class=\"btn-close small-close\" data-bs-dismiss=\"modal\" aria-label=\"Close\"><\/button>\n\t\t\t\t<\/div>\n\n\t\t\t\t<div class=\"modal-body\">\n\t\t\t\t\t\t<div class=\"newsletterForm-embed popup-form\">\n        <form name=\"newsletterSubscriptionForm\" id=\"newsletter_popup_69f392ba4652b_form\" data-newsletter-id=\"newsletter_popup_69f392ba4652b\" method=\"POST\">\n\n\t\t\t<input type=\"text\" name=\"website\" class=\"hidden\" tabindex=\"-1\" autocomplete=\"off\" style=\"position:absolute;left:-9999px;\">\n\t\t\t<input type=\"hidden\" name=\"ts\" value=\"1777570490\">\n\n\t\t\t                <input type=\"hidden\" name=\"emarsys-event-id\" value=\"3756\">\n            \n            \t\t\t<div class=\"mb-3\">\n\t\t\t\t<label for=\"date\" class=\"form-label\">Geburtstag\/ -termin Deines Babys<\/label>\n                <input type=\"date\" name=\"date\" class=\"input input--expand form-control\" required>\n\t\t\t<\/div>\n            \n\t\t\t<div class=\"mb-3\">\n\t\t\t\t<label for=\"email\" class=\"form-label\">E-Mail-Adresse<\/label>\n\t\t\t\t<input type=\"email\" name=\"email\" placeholder=\"E-Mail-Adresse\" class=\"input input--expand form-control\" required>\n\t\t\t<\/div>\n\n\t\t\t\t\t\t\t<button type=\"submit\" class=\"btn btn-primary\">Absenden<\/button>\n\t\t\t\n\t\t\t\t\t\t\t<div class=\"small mt-3\" style=\"font-weight:normal;\">\n\t\t\t\t\t\n\t\t\t<div class=\"mt-3\">\n\t\t\t\tJa, ich m&ouml;chte den Newsletter von Babyartikel.de erhalten und &uuml;ber Aktionen informiert werden.\n  Dabei darf mein Nutzungsverhalten (z. B. &Ouml;ffnungen und Klicks) zur Personalisierung ausgewertet werden.\n  Mehr finde ich in der <a href=\"\/de\/datenschutz\" style=\"text-decoration:underline\">Datenschutzerkl&auml;rung<\/a>.\n\t\t\t<\/div>\n\t\t\t\t\t\t<\/div>\n\t\t\t\n\t\t\t\t\t\t\t<div class=\"small mb-3 mt-3\" style=\"font-weight:normal;\">\n\t\t\t\t\tJederzeit abbestellbar | <a href=\"\/de\/datenschutz\" style=\"text-decoration:underline\">\n\t\t\t\t\t\tDatenschutzerkl&auml;rung\n\t\t\t\t\t<\/a>\n\t\t\t\t<\/div>\n\t\t\t\n        <\/form>\n    <\/div>\n\t\n\t\t\t\t\t<div class=\"response-messages_newsletter_popup_69f392ba4652b\">\n\t\t\t\t\t\t<div class=\"alert alert-success success mt-3 mb-3 d-none\">\n\t\t\t\t\t\t\tNur noch ein Klick! Best&auml;tige Deine Anmeldung in der E-Mail, die du gleich erh&auml;ltst.\t\t\t\t\t\t<\/div>\n\t\t\t\t\t\t<div class=\"error mt-3 mb-3 d-none\">\n\t\t\t\t\t\t\t<div class=\"alert alert-danger \">\n\t\t\t\t\t\t\t\tEin Fehler ist aufgetreten. Bitte versuche es sp&auml;ter erneut.\t\t\t\t\t\t\t<\/div>\n\t\t\t\t\t\t<\/div>\n\t\t\t\t\t\t<div class=\"alert alert-danger other-2007 mt-3 mb-3 d-none\">\n\t\t\t\t\t\t\tUng&Atilde;&frac14;ltiges Datumsformat\t\t\t\t\t\t<\/div>\n\t\t\t\t\t<\/div>\n\t\t\t\t<\/div>\n\t\t\t<\/div>\n\t\t<\/div>\n\t<\/div>\n\n\t<\/div><!-- content-widget --><\/div><p>Der Herbst hatte die Bl&auml;tter in gelbe, rote, braune und orange-farbene Bl&auml;tter verwandelt. Sie kam aus dem Staunen nicht mehr heraus. Sie kommentierte alles: &bdquo;Gelbe Bl&auml;tter. Rote Bl&auml;tter. Braune Bl&auml;tter!&ldquo;<\/p><h2 class=\"wp-block-heading\" id=\"h-neugier-f-rdern-und-wissensdurst-stillen-so-hat-es-bei-uns-funktioniert\"><span class=\"ez-toc-section\" id=\"Neugier_foerdern_und_Wissensdurst_stillen_%E2%80%93_so_hat_es_bei_uns_funktioniert\"><\/span>Neugier f&ouml;rdern und Wissensdurst stillen &ndash; so hat es bei uns funktioniert<span class=\"ez-toc-section-end\"><\/span><\/h2><p>Da begriff ich erst so richtig, dass meine Kleine in diesem Moment wahrscheinlich das Objekt &bdquo;Blatt&ldquo; f&ouml;rmlich in sich aufsaugte. Ich konnte die kleinen R&auml;dchen in ihrem kleinen Kopf fast rattern h&ouml;ren. Sie begriff auch schnell und kombinierte rasch. V&ouml;llig klar eigentlich. Bl&auml;tter und Co sind ja auch ein super <a href=\"https:\/\/www.babyartikel.de\/magazin\/ideen-fuer-herbst-aktivitaeten-mit-kind-drinnen-draussen\">Ausgangsmaterial zum Basteln<\/a>.<\/p><div class=\"postslot1\">[articles]<link rel=\"stylesheet\" href=\"https:\/\/cdn.jsdelivr.net\/npm\/swiper@8\/swiper-bundle.min.css\"><\/div><div class=\"marketing-slot\"><div id=\"block-25\" class=\"content-post-widget marketing-slot-2 widget_block\"><a href=\"https:\/\/www.babyartikel.de\/de\/angebote\" data-track-link-click=\"true\" data-track-name=\"nyoutlet2026-magazin\" data-track-medium=\"banner-magazin-post\" data-track-campaign=\"magazin-banner-nyoutlet2026\" onclick=\"ga('send', 'event', 'banner', 'click', 'magazin-banner-nyoutlet2026');\" style=\"display:block;width:100%;text-align:center;\"><img src=\"https:\/\/media.babyartikel.de\/magazin\/wp-content\/uploads\/2026\/01\/NY-Outlet-10-2026.webp\" alt=\"Sale\" style=\"max-width:100%;\"><\/a><\/div><!-- content-widget --><\/div><p>Am n&auml;chsten Strauch hingen nicht nur Bl&auml;tter, sondern auch Hagebutten. Ihr ganz logischer Kommentar: &bdquo;Fr&uuml;chte. Papa nehmen Fr&uuml;chte!&ldquo;. Auf einer unserer n&auml;chsten Touren Richtung Spielplatz und der hei&szlig; geliebten Schaukel packte sie dann jede Menge Bl&auml;tter und Fr&uuml;chte in ihre Jackentaschen. Sie hatte Spa&szlig; dabei, dem Papa dabei zuzuschauen, wie er sich so richtig strecken musste, um bei manchen Str&auml;uchern oder B&auml;umen die letzten Bl&auml;tter oder matschige Kirschen zu pfl&uuml;cken.<\/p><h2 class=\"wp-block-heading\" id=\"h-jahreszeiten-kindern-erkl-ren-am-besten-anschaulich\"><span class=\"ez-toc-section\" id=\"Jahreszeiten_Kindern_erklaeren_Am_besten_anschaulich\"><\/span>Jahreszeiten Kindern erkl&auml;ren? Am besten anschaulich!<span class=\"ez-toc-section-end\"><\/span><\/h2><p>Das war nat&uuml;rlich einerseits anstrengend, brachte den Papa andererseits aber auch auf andere Gedanken. Es lenkte mich sogar ein wenig vom Alltagsstress ab. Ich erkl&auml;rte ihr dabei die Jahreszeiten &ndash; dass im Fr&uuml;hjahr die B&auml;ume, Blumen und Str&auml;ucher aufbl&uuml;hen, im Sommer die Bl&uuml;ten sich in Fr&uuml;chte verwandeln und diese dann im Herbst und Winter herunterfallen, wenn sie keiner pfl&uuml;ckt. Ohne gro&szlig;en Aufwand und, wie ich glaube, f&uuml;r sie anschaulich, erhielt sie anhand von Bl&auml;ttern und (matschigen) Fr&uuml;chten eine Vorstellung von Herbst und Winter. Sie hat jedenfalls an den Str&auml;uchern und dessen Fr&uuml;chten sehen k&ouml;nnen, wie sich Herbst und Winter in der Natur zeigen.<\/p><p>Ich erkl&auml;rte ihr auch, dass im Fr&uuml;hling die Bienen kommen und sich auf die sch&ouml;nen Bl&uuml;ten setzen, weil sie Hunger haben. Dann von der einen Bl&uuml;te zur anderen fliegen, immer weiter. Im Sommer wachsen dann Kirschen, Erdbeeren und Hagebutten heran, in ihren sch&ouml;nen, satten Farben. Sie hat mich angeschaut mit einem Blick, der so viel sagte wie: &bdquo;Was erz&auml;hlt der hier f&uuml;r Quatsch. Ich verstehe nur Bahnhof.&ldquo; Ich war mir sicher, dass sie h&ouml;chstens einen Bruchteil davon verstanden hatte, aber das war f&uuml;r den Moment egal. Der kleine Kopf hatte allerdings mehr abgespeichert, als mir klar war. Als es w&auml;rmer wurde, meinte sie n&auml;mlich s&uuml;ffisant zu einer Biene, die w&auml;hrend unseres Spaziergangs vorbeischwirrte: &bdquo;Biene. Macht Fr&uuml;chte.&ldquo;<\/p><h2 class=\"wp-block-heading\" id=\"h-den-spaziergang-mit-sammeln-von-bl-ttern-st-cken-und-co-verbinden\"><span class=\"ez-toc-section\" id=\"Den_Spaziergang_mit_Sammeln_von_Blaettern_Stoecken_und_Co_verbinden\"><\/span>Den Spaziergang mit Sammeln von Bl&auml;ttern, St&ouml;cken und Co verbinden<span class=\"ez-toc-section-end\"><\/span><\/h2><p>Seitdem ist der Weg hin zum Spielplatz stets gespickt mit Bl&auml;tter sammeln, gucken, staunen, Fragen stellen, auf interessante Dinge zeigen und kommentieren. Ich h&auml;tte schon fr&uuml;her darauf kommen k&ouml;nnen. Klar, Schaukeln und im Sand spielen, das will sie nat&uuml;rlich immer noch. Ihre Neugier aber ist seitdem nachhaltig geweckt und es wurde zu einem festen Ritual. Abgesehen davon verging die Zeit relativ schnell und sie hatte sozusagen keine Gelegenheit, aus Langeweile mit Quengeln anzufangen.<\/p><p>Das Tolle ist, dass kleine Kinder &uuml;berall Fr&uuml;chte, Bl&auml;tter, Gr&uuml;nzeug und Naturobjekte aller Art aufsammeln und diese interessant finden k&ouml;nnen. Sie saugen alles in sich auf. Sie werden also nicht nur besch&auml;ftigt, sondern lernen die ganze Zeit die ihnen noch unbekannte Welt kennen.<\/p><h2 class=\"wp-block-heading\" id=\"h-erkl-ren-und-anleiten-das-weckt-aufmerksamkeit-und-verscheucht-langeweile\"><span class=\"ez-toc-section\" id=\"Erklaeren_und_Anleiten_Das_weckt_Aufmerksamkeit_und_verscheucht_Langeweile\"><\/span>Erkl&auml;ren und Anleiten: Das weckt Aufmerksamkeit und verscheucht Langeweile<span class=\"ez-toc-section-end\"><\/span><\/h2><p>Meine Kleine hat eigentlich keine Angst vor der Dunkelheit. Ich merke aber, dass sie sie oft nicht mag. Besonders, wenn es im Herbst und Winter durch das fr&uuml;he Dunkelwerden schnell vorbei ist mit Schaukeln und Spielen. Viele Spielpl&auml;tze sind ja nur sp&auml;rlich beleuchtet. Auch solche Situationen k&ouml;nnen spannend sein. <\/p><p>Ich zeigte ihr die angehenden Stra&szlig;enlaternen und machte sie darauf aufmerksam, dass sie immer noch viele Dinge sehen konnte. F&uuml;r uns Erwachsene alles das Normalste der Welt. F&uuml;r sie aber eine vollkommen neue, andere Welt. Die Autos am Stra&szlig;enrand waren noch schemenhaft sichtbar. Der breite B&uuml;rgersteig, auf dem wir unterwegs waren, war pl&ouml;tzlich eher schwarz als blau. Sie sagte: &bdquo;Papa, ich sehen gar nichts mehr!&ldquo;. <\/p><p>&bdquo;Doch, du kannst schon noch einige Dinge sehen&ldquo;, entgegnete ich ihr. &bdquo;Deine Handschuhe, Deine Schuhe oder den Baum hier am Stra&szlig;enrand. Die kannst du noch ganz gut sehen, nur ist alles etwas dunkler&ldquo;. &bdquo;Jaaa&ldquo;, meinte sie darauf &ndash; begeisterter als ich dachte. Auch das fr&uuml;he Dunkelwerden l&auml;sst sich &uuml;brigens ganz leicht mit einem kleinen Gespr&auml;ch &uuml;ber die Jahreszeiten verkn&uuml;pfen.<\/p><h2 class=\"wp-block-heading\" id=\"h-die-natur-mit-kinderaugen-sehen\"><span class=\"ez-toc-section\" id=\"Die_Natur_mit_Kinderaugen_sehen\"><\/span>Die Natur mit Kinderaugen sehen<span class=\"ez-toc-section-end\"><\/span><\/h2><p>Das alles mag naiv klingen und nicht der Rede wert. Doch die Kleinsten unter uns sind nicht naiv. Sie lernen und erlernen ja erst alles. Sie haben das noch vor sich, was wir Erwachsene schon l&auml;ngst hinter uns haben. Lass Dir dadurch nicht die &bdquo;Sicht&ldquo; versperren. Dann schaffst Du es, Besch&auml;ftigung f&uuml;r Dein Kind mit Lernen zu verkn&uuml;pfen &ndash; bei jedem Wetter und zu jeder Jahreszeit.<\/p><hr class=\"wp-block-separator\"><p><em>Jahreszeiten Kindern erkl&auml;ren: Wie gehst Du vor? Erkl&auml;rst du in der Natur, mit Hilfe von B&uuml;chern oder vielleicht ganz anders? Schreibe gerne einen Kommentar.<\/em><\/p><div class=\"credits-overlay\" data-target=\".wp-image-831404\"><a href=\"#\" target=\"_blank\">&copy;lisalucia &ndash; stock.adobe<\/a><\/div><\/p>\n","protected":false},"excerpt":{"rendered":"<p>Kleine Kinder sind unglaublich neugierig &ndash; eine Binsenweisheit. Diese Neugier richtet sich vor allem auf ganz allt&auml;gliche und normale Dinge wie den blauen Himmel, Pflanzen oder Schnee. F&uuml;r uns abgekl&auml;rte Erwachsene klingt das simpel und irgendwie zu einfach. F&uuml;r Dein Kind bedeutet es jedoch, die Welt zu entdecken und f&uuml;r sich zu &bdquo;erobern&ldquo;. Besch&auml;ftigung hei&szlig;t [&#8230;]<\/p>\n<p><a class=\"btn btn-secondary understrap-read-more-link\" href=\"https:\/\/www.babyartikel.de\/magazin\/jahreszeiten-kindern-erklaeren\">Weiterlesen&#8230;<\/a><\/p>\n","protected":false},"author":116,"featured_media":831404,"comment_status":"open","ping_status":"closed","sticky":false,"template":"","format":"standard","meta":{"_acf_changed":false,"footnotes":""},"categories":[1430,2824,20990],"tags":[3339,3413],"class_list":["post-826381","post","type-post","status-publish","format-standard","has-post-thumbnail","hentry","category-kleinkind","category-entwicklung-kleinkind","category-papas-erzaehlen","tag-alltag-mit-kleinkind","tag-papa"],"acf":[],"yoast_head":"<!-- This site is optimized with the Yoast SEO Premium plugin v27.2 (Yoast SEO v27.2) - https:\/\/yoast.com\/product\/yoast-seo-premium-wordpress\/ -->\n<title>Jahreszeiten Kindern erkl\u00e4ren<\/title>\n<meta name=\"description\" content=\"Jahreszeiten Kindern erkl\u00e4ren? Papa Sebastian erz\u00e4hlt, wie das spielerisch geht. Und wie er dank seiner Tochter die Welt nochmal neu entdeckt.\" \/>\n<meta name=\"robots\" content=\"index, follow, max-snippet:-1, max-image-preview:large, max-video-preview:-1\" \/>\n<link rel=\"canonical\" href=\"https:\/\/www.babyartikel.de\/magazin\/jahreszeiten-kindern-erklaeren\" \/>\n<meta property=\"og:locale\" content=\"de_DE\" \/>\n<meta property=\"og:type\" content=\"article\" \/>\n<meta property=\"og:title\" content=\"Die Jahreszeiten Kindern erkl\u00e4ren - so funktioniert es am besten\" \/>\n<meta property=\"og:description\" content=\"Jahreszeiten Kindern erkl\u00e4ren? Papa Sebastian erz\u00e4hlt, wie das spielerisch geht. Und wie er dank seiner Tochter die Welt nochmal neu entdeckt.\" \/>\n<meta property=\"og:url\" content=\"https:\/\/www.babyartikel.de\/magazin\/jahreszeiten-kindern-erklaeren\" \/>\n<meta property=\"og:site_name\" content=\"Babyartikel.de Magazin\" \/>\n<meta property=\"article:published_time\" content=\"2021-03-27T08:00:00+00:00\" \/>\n<meta property=\"article:modified_time\" content=\"2021-09-09T10:53:31+00:00\" \/>\n<meta property=\"og:image\" content=\"https:\/\/www.babyartikel.de\/magazin\/wp-content\/uploads\/2021\/01\/AdobeStock_39985229-scaled.jpeg\" \/>\n\t<meta property=\"og:image:width\" content=\"2560\" \/>\n\t<meta property=\"og:image:height\" content=\"1714\" \/>\n\t<meta property=\"og:image:type\" content=\"image\/jpeg\" \/>\n<meta name=\"author\" content=\"Sebastian\" \/>\n<meta name=\"twitter:card\" content=\"summary_large_image\" \/>\n<meta name=\"twitter:label1\" content=\"Verfasst von\" \/>\n\t<meta name=\"twitter:data1\" content=\"Sebastian\" \/>\n\t<meta name=\"twitter:label2\" content=\"Gesch\u00e4tzte Lesezeit\" \/>\n\t<meta name=\"twitter:data2\" content=\"5\u00a0Minuten\" \/>\n<script type=\"application\/ld+json\" class=\"yoast-schema-graph\">{\"@context\":\"https:\/\/schema.org\",\"@graph\":[{\"@type\":\"Article\",\"@id\":\"https:\/\/www.babyartikel.de\/magazin\/jahreszeiten-kindern-erklaeren#article\",\"isPartOf\":{\"@id\":\"https:\/\/www.babyartikel.de\/magazin\/jahreszeiten-kindern-erklaeren\"},\"author\":{\"name\":\"Sebastian\",\"@id\":\"https:\/\/www.babyartikel.de\/magazin\/#\/schema\/person\/46e52917397107b3477134aa4a959524\"},\"headline\":\"Die Jahreszeiten Kindern erkl\u00e4ren &#8211; so funktioniert es am besten\",\"datePublished\":\"2021-03-27T08:00:00+00:00\",\"dateModified\":\"2021-09-09T10:53:31+00:00\",\"mainEntityOfPage\":{\"@id\":\"https:\/\/www.babyartikel.de\/magazin\/jahreszeiten-kindern-erklaeren\"},\"wordCount\":1134,\"commentCount\":0,\"image\":{\"@id\":\"https:\/\/www.babyartikel.de\/magazin\/jahreszeiten-kindern-erklaeren#primaryimage\"},\"thumbnailUrl\":\"https:\/\/media.babyartikel.de\/magazin\/wp-content\/uploads\/2021\/01\/AdobeStock_39985229-scaled.jpeg\",\"keywords\":[\"alltag mit kleinkind\",\"papa\"],\"articleSection\":[\"Kleinkind\",\"Leben mit Kleinkind\",\"Papas erz\u00e4hlen\"],\"inLanguage\":\"de\",\"potentialAction\":[{\"@type\":\"CommentAction\",\"name\":\"Comment\",\"target\":[\"https:\/\/www.babyartikel.de\/magazin\/jahreszeiten-kindern-erklaeren#respond\"]}]},{\"@type\":\"WebPage\",\"@id\":\"https:\/\/www.babyartikel.de\/magazin\/jahreszeiten-kindern-erklaeren\",\"url\":\"https:\/\/www.babyartikel.de\/magazin\/jahreszeiten-kindern-erklaeren\",\"name\":\"Jahreszeiten Kindern erkl\u00e4ren\",\"isPartOf\":{\"@id\":\"https:\/\/www.babyartikel.de\/magazin\/#website\"},\"primaryImageOfPage\":{\"@id\":\"https:\/\/www.babyartikel.de\/magazin\/jahreszeiten-kindern-erklaeren#primaryimage\"},\"image\":{\"@id\":\"https:\/\/www.babyartikel.de\/magazin\/jahreszeiten-kindern-erklaeren#primaryimage\"},\"thumbnailUrl\":\"https:\/\/media.babyartikel.de\/magazin\/wp-content\/uploads\/2021\/01\/AdobeStock_39985229-scaled.jpeg\",\"datePublished\":\"2021-03-27T08:00:00+00:00\",\"dateModified\":\"2021-09-09T10:53:31+00:00\",\"author\":{\"@id\":\"https:\/\/www.babyartikel.de\/magazin\/#\/schema\/person\/46e52917397107b3477134aa4a959524\"},\"description\":\"Jahreszeiten Kindern erkl\u00e4ren? Papa Sebastian erz\u00e4hlt, wie das spielerisch geht. Und wie er dank seiner Tochter die Welt nochmal neu entdeckt.\",\"breadcrumb\":{\"@id\":\"https:\/\/www.babyartikel.de\/magazin\/jahreszeiten-kindern-erklaeren#breadcrumb\"},\"inLanguage\":\"de\",\"potentialAction\":[{\"@type\":\"ReadAction\",\"target\":[\"https:\/\/www.babyartikel.de\/magazin\/jahreszeiten-kindern-erklaeren\"]}]},{\"@type\":\"ImageObject\",\"inLanguage\":\"de\",\"@id\":\"https:\/\/www.babyartikel.de\/magazin\/jahreszeiten-kindern-erklaeren#primaryimage\",\"url\":\"https:\/\/media.babyartikel.de\/magazin\/wp-content\/uploads\/2021\/01\/AdobeStock_39985229-scaled.jpeg\",\"contentUrl\":\"https:\/\/media.babyartikel.de\/magazin\/wp-content\/uploads\/2021\/01\/AdobeStock_39985229-scaled.jpeg\",\"width\":2560,\"height\":1714,\"caption\":\"jahreszeiten kleinkind erkl\u00e4ren, kleinkind tulpen\"},{\"@type\":\"BreadcrumbList\",\"@id\":\"https:\/\/www.babyartikel.de\/magazin\/jahreszeiten-kindern-erklaeren#breadcrumb\",\"itemListElement\":[{\"@type\":\"ListItem\",\"position\":1,\"name\":\"Startseite\",\"item\":\"https:\/\/www.babyartikel.de\/magazin\"},{\"@type\":\"ListItem\",\"position\":2,\"name\":\"Die Jahreszeiten Kindern erkl\u00e4ren &#8211; so funktioniert es am besten\"}]},{\"@type\":\"WebSite\",\"@id\":\"https:\/\/www.babyartikel.de\/magazin\/#website\",\"url\":\"https:\/\/www.babyartikel.de\/magazin\/\",\"name\":\"Babyartikel.de Magazin\",\"description\":\"\",\"potentialAction\":[{\"@type\":\"SearchAction\",\"target\":{\"@type\":\"EntryPoint\",\"urlTemplate\":\"https:\/\/www.babyartikel.de\/magazin\/?s={search_term_string}\"},\"query-input\":{\"@type\":\"PropertyValueSpecification\",\"valueRequired\":true,\"valueName\":\"search_term_string\"}}],\"inLanguage\":\"de\"},{\"@type\":\"Person\",\"@id\":\"https:\/\/www.babyartikel.de\/magazin\/#\/schema\/person\/46e52917397107b3477134aa4a959524\",\"name\":\"Sebastian\",\"image\":{\"@type\":\"ImageObject\",\"inLanguage\":\"de\",\"@id\":\"https:\/\/media.babyartikel.de\/magazin\/wp-content\/uploads\/2020\/11\/IMG-20190620-WA0014-e1605521666932-150x150.jpg\",\"url\":\"https:\/\/media.babyartikel.de\/magazin\/wp-content\/uploads\/2020\/11\/IMG-20190620-WA0014-e1605521666932-150x150.jpg\",\"contentUrl\":\"https:\/\/media.babyartikel.de\/magazin\/wp-content\/uploads\/2020\/11\/IMG-20190620-WA0014-e1605521666932-150x150.jpg\",\"caption\":\"Sebastian\"},\"description\":\"Ich bin seit 2018 Papa und m\u00f6chte meine Erfahrungen als Vater gern teilen. Ich richte mich damit nat\u00fcrlich nicht nur an angehende V\u00e4ter, sondern auch an die eine oder andere Mutter, die sich f\u00fcr eine andere Perspektive interessiert.\",\"url\":\"https:\/\/www.babyartikel.de\/magazin\/author\/sebastian\"}]}<\/script>\n<!-- \/ Yoast SEO Premium plugin. -->","yoast_head_json":{"title":"Jahreszeiten Kindern erkl\u00e4ren","description":"Jahreszeiten Kindern erkl\u00e4ren? Papa Sebastian erz\u00e4hlt, wie das spielerisch geht. Und wie er dank seiner Tochter die Welt nochmal neu entdeckt.","robots":{"index":"index","follow":"follow","max-snippet":"max-snippet:-1","max-image-preview":"max-image-preview:large","max-video-preview":"max-video-preview:-1"},"canonical":"https:\/\/www.babyartikel.de\/magazin\/jahreszeiten-kindern-erklaeren","og_locale":"de_DE","og_type":"article","og_title":"Die Jahreszeiten Kindern erkl\u00e4ren - so funktioniert es am besten","og_description":"Jahreszeiten Kindern erkl\u00e4ren? Papa Sebastian erz\u00e4hlt, wie das spielerisch geht. Und wie er dank seiner Tochter die Welt nochmal neu entdeckt.","og_url":"https:\/\/www.babyartikel.de\/magazin\/jahreszeiten-kindern-erklaeren","og_site_name":"Babyartikel.de Magazin","article_published_time":"2021-03-27T08:00:00+00:00","article_modified_time":"2021-09-09T10:53:31+00:00","og_image":[{"width":2560,"height":1714,"url":"https:\/\/www.babyartikel.de\/magazin\/wp-content\/uploads\/2021\/01\/AdobeStock_39985229-scaled.jpeg","type":"image\/jpeg"}],"author":"Sebastian","twitter_card":"summary_large_image","twitter_misc":{"Verfasst von":"Sebastian","Gesch\u00e4tzte Lesezeit":"5\u00a0Minuten"},"schema":{"@context":"https:\/\/schema.org","@graph":[{"@type":"Article","@id":"https:\/\/www.babyartikel.de\/magazin\/jahreszeiten-kindern-erklaeren#article","isPartOf":{"@id":"https:\/\/www.babyartikel.de\/magazin\/jahreszeiten-kindern-erklaeren"},"author":{"name":"Sebastian","@id":"https:\/\/www.babyartikel.de\/magazin\/#\/schema\/person\/46e52917397107b3477134aa4a959524"},"headline":"Die Jahreszeiten Kindern erkl\u00e4ren &#8211; so funktioniert es am besten","datePublished":"2021-03-27T08:00:00+00:00","dateModified":"2021-09-09T10:53:31+00:00","mainEntityOfPage":{"@id":"https:\/\/www.babyartikel.de\/magazin\/jahreszeiten-kindern-erklaeren"},"wordCount":1134,"commentCount":0,"image":{"@id":"https:\/\/www.babyartikel.de\/magazin\/jahreszeiten-kindern-erklaeren#primaryimage"},"thumbnailUrl":"https:\/\/media.babyartikel.de\/magazin\/wp-content\/uploads\/2021\/01\/AdobeStock_39985229-scaled.jpeg","keywords":["alltag mit kleinkind","papa"],"articleSection":["Kleinkind","Leben mit Kleinkind","Papas erz\u00e4hlen"],"inLanguage":"de","potentialAction":[{"@type":"CommentAction","name":"Comment","target":["https:\/\/www.babyartikel.de\/magazin\/jahreszeiten-kindern-erklaeren#respond"]}]},{"@type":"WebPage","@id":"https:\/\/www.babyartikel.de\/magazin\/jahreszeiten-kindern-erklaeren","url":"https:\/\/www.babyartikel.de\/magazin\/jahreszeiten-kindern-erklaeren","name":"Jahreszeiten Kindern erkl\u00e4ren","isPartOf":{"@id":"https:\/\/www.babyartikel.de\/magazin\/#website"},"primaryImageOfPage":{"@id":"https:\/\/www.babyartikel.de\/magazin\/jahreszeiten-kindern-erklaeren#primaryimage"},"image":{"@id":"https:\/\/www.babyartikel.de\/magazin\/jahreszeiten-kindern-erklaeren#primaryimage"},"thumbnailUrl":"https:\/\/media.babyartikel.de\/magazin\/wp-content\/uploads\/2021\/01\/AdobeStock_39985229-scaled.jpeg","datePublished":"2021-03-27T08:00:00+00:00","dateModified":"2021-09-09T10:53:31+00:00","author":{"@id":"https:\/\/www.babyartikel.de\/magazin\/#\/schema\/person\/46e52917397107b3477134aa4a959524"},"description":"Jahreszeiten Kindern erkl\u00e4ren? Papa Sebastian erz\u00e4hlt, wie das spielerisch geht. Und wie er dank seiner Tochter die Welt nochmal neu entdeckt.","breadcrumb":{"@id":"https:\/\/www.babyartikel.de\/magazin\/jahreszeiten-kindern-erklaeren#breadcrumb"},"inLanguage":"de","potentialAction":[{"@type":"ReadAction","target":["https:\/\/www.babyartikel.de\/magazin\/jahreszeiten-kindern-erklaeren"]}]},{"@type":"ImageObject","inLanguage":"de","@id":"https:\/\/www.babyartikel.de\/magazin\/jahreszeiten-kindern-erklaeren#primaryimage","url":"https:\/\/media.babyartikel.de\/magazin\/wp-content\/uploads\/2021\/01\/AdobeStock_39985229-scaled.jpeg","contentUrl":"https:\/\/media.babyartikel.de\/magazin\/wp-content\/uploads\/2021\/01\/AdobeStock_39985229-scaled.jpeg","width":2560,"height":1714,"caption":"jahreszeiten kleinkind erkl\u00e4ren, kleinkind tulpen"},{"@type":"BreadcrumbList","@id":"https:\/\/www.babyartikel.de\/magazin\/jahreszeiten-kindern-erklaeren#breadcrumb","itemListElement":[{"@type":"ListItem","position":1,"name":"Startseite","item":"https:\/\/www.babyartikel.de\/magazin"},{"@type":"ListItem","position":2,"name":"Die Jahreszeiten Kindern erkl\u00e4ren &#8211; so funktioniert es am besten"}]},{"@type":"WebSite","@id":"https:\/\/www.babyartikel.de\/magazin\/#website","url":"https:\/\/www.babyartikel.de\/magazin\/","name":"Babyartikel.de Magazin","description":"","potentialAction":[{"@type":"SearchAction","target":{"@type":"EntryPoint","urlTemplate":"https:\/\/www.babyartikel.de\/magazin\/?s={search_term_string}"},"query-input":{"@type":"PropertyValueSpecification","valueRequired":true,"valueName":"search_term_string"}}],"inLanguage":"de"},{"@type":"Person","@id":"https:\/\/www.babyartikel.de\/magazin\/#\/schema\/person\/46e52917397107b3477134aa4a959524","name":"Sebastian","image":{"@type":"ImageObject","inLanguage":"de","@id":"https:\/\/media.babyartikel.de\/magazin\/wp-content\/uploads\/2020\/11\/IMG-20190620-WA0014-e1605521666932-150x150.jpg","url":"https:\/\/media.babyartikel.de\/magazin\/wp-content\/uploads\/2020\/11\/IMG-20190620-WA0014-e1605521666932-150x150.jpg","contentUrl":"https:\/\/media.babyartikel.de\/magazin\/wp-content\/uploads\/2020\/11\/IMG-20190620-WA0014-e1605521666932-150x150.jpg","caption":"Sebastian"},"description":"Ich bin seit 2018 Papa und m\u00f6chte meine Erfahrungen als Vater gern teilen. Ich richte mich damit nat\u00fcrlich nicht nur an angehende V\u00e4ter, sondern auch an die eine oder andere Mutter, die sich f\u00fcr eine andere Perspektive interessiert.","url":"https:\/\/www.babyartikel.de\/magazin\/author\/sebastian"}]}},"abstract_sku":"","_links":{"self":[{"href":"https:\/\/www.babyartikel.de\/magazin\/wp-json\/wp\/v2\/posts\/826381","targetHints":{"allow":["GET"]}}],"collection":[{"href":"https:\/\/www.babyartikel.de\/magazin\/wp-json\/wp\/v2\/posts"}],"about":[{"href":"https:\/\/www.babyartikel.de\/magazin\/wp-json\/wp\/v2\/types\/post"}],"author":[{"embeddable":true,"href":"https:\/\/www.babyartikel.de\/magazin\/wp-json\/wp\/v2\/users\/116"}],"replies":[{"embeddable":true,"href":"https:\/\/www.babyartikel.de\/magazin\/wp-json\/wp\/v2\/comments?post=826381"}],"version-history":[{"count":26,"href":"https:\/\/www.babyartikel.de\/magazin\/wp-json\/wp\/v2\/posts\/826381\/revisions"}],"predecessor-version":[{"id":843717,"href":"https:\/\/www.babyartikel.de\/magazin\/wp-json\/wp\/v2\/posts\/826381\/revisions\/843717"}],"wp:featuredmedia":[{"embeddable":true,"href":"https:\/\/www.babyartikel.de\/magazin\/wp-json\/wp\/v2\/media\/831404"}],"wp:attachment":[{"href":"https:\/\/www.babyartikel.de\/magazin\/wp-json\/wp\/v2\/media?parent=826381"}],"wp:term":[{"taxonomy":"category","embeddable":true,"href":"https:\/\/www.babyartikel.de\/magazin\/wp-json\/wp\/v2\/categories?post=826381"},{"taxonomy":"post_tag","embeddable":true,"href":"https:\/\/www.babyartikel.de\/magazin\/wp-json\/wp\/v2\/tags?post=826381"}],"curies":[{"name":"wp","href":"https:\/\/api.w.org\/{rel}","templated":true}]}}