
{"id":834897,"date":"2021-06-21T14:29:00","date_gmt":"2021-06-21T12:29:00","guid":{"rendered":"https:\/\/www.babyartikel.de\/magazin\/?p=834897"},"modified":"2023-06-20T13:16:19","modified_gmt":"2023-06-20T11:16:19","slug":"elternzeit-als-vater-mein-fazit-nach-der-zeit-als-papa-daheim","status":"publish","type":"post","link":"https:\/\/www.babyartikel.de\/magazin\/elternzeit-als-vater-mein-fazit-nach-der-zeit-als-papa-daheim","title":{"rendered":"Elternzeit als Vater &#8211; Mein Fazit nach der Zeit als Papa daheim"},"content":{"rendered":"<p>Elterngeld und Elternzeit sind eine tolle Sache. Mamas und nat&uuml;rlich auch die Papas k&ouml;nnen eine Zeit lang Zuhause bleiben und erhalten einen Gro&szlig;teil ihres Gehalts. Wer sich einmal durch den B&uuml;rokratiewust durchgearbeitet und erfolgreich einen Elterngeld-Antrag gestellt hat, kann anschlie&szlig;end die Zeit mit dem Baby genie&szlig;en. In diesem Beitrag schildere ich Dir meine Erfahrungen mit Elternzeit als Vater &ndash; und welches Fazit ich im Nachhinein ziehe. Damit richte ich mich als Papa dieses Mal direkt an werdende V&auml;ter.<div id=\"ez-toc-container\" class=\"ez-toc-v2_0_82_2 counter-flat ez-toc-counter ez-toc-white ez-toc-container-direction\">\n<div class=\"ez-toc-title-container\">\n<p class=\"ez-toc-title\" style=\"cursor:inherit\">Inhaltsverzeichnis<\/p>\n<span class=\"ez-toc-title-toggle\"><a href=\"#\" class=\"ez-toc-pull-right ez-toc-btn ez-toc-btn-xs ez-toc-btn-default ez-toc-toggle\" aria-label=\"Toggle Table of Content\"><span class=\"ez-toc-js-icon-con\"><span class=\"\"><span class=\"eztoc-hide\" style=\"display:none;\">Toggle<\/span><span class=\"ez-toc-icon-toggle-span\"><svg style=\"fill: #999;color:#999\" xmlns=\"http:\/\/www.w3.org\/2000\/svg\" class=\"list-377408\" width=\"20px\" height=\"20px\" viewBox=\"0 0 24 24\" fill=\"none\"><path d=\"M6 6H4v2h2V6zm14 0H8v2h12V6zM4 11h2v2H4v-2zm16 0H8v2h12v-2zM4 16h2v2H4v-2zm16 0H8v2h12v-2z\" fill=\"currentColor\"><\/path><\/svg><svg style=\"fill: #999;color:#999\" class=\"arrow-unsorted-368013\" xmlns=\"http:\/\/www.w3.org\/2000\/svg\" width=\"10px\" height=\"10px\" viewBox=\"0 0 24 24\" version=\"1.2\" baseProfile=\"tiny\"><path d=\"M18.2 9.3l-6.2-6.3-6.2 6.3c-.2.2-.3.4-.3.7s.1.5.3.7c.2.2.4.3.7.3h11c.3 0 .5-.1.7-.3.2-.2.3-.5.3-.7s-.1-.5-.3-.7zM5.8 14.7l6.2 6.3 6.2-6.3c.2-.2.3-.5.3-.7s-.1-.5-.3-.7c-.2-.2-.4-.3-.7-.3h-11c-.3 0-.5.1-.7.3-.2.2-.3.5-.3.7s.1.5.3.7z\"\/><\/svg><\/span><\/span><\/span><\/a><\/span><\/div>\n<nav><ul class='ez-toc-list ez-toc-list-level-1 ' ><li class='ez-toc-page-1'><a class=\"ez-toc-link ez-toc-heading-1\" href=\"https:\/\/www.babyartikel.de\/magazin\/elternzeit-als-vater-mein-fazit-nach-der-zeit-als-papa-daheim\/#Antrag_auf_Elterngeld_stellen\" >Antrag auf Elterngeld stellen<\/a><\/li><li class='ez-toc-page-1'><a class=\"ez-toc-link ez-toc-heading-2\" href=\"https:\/\/www.babyartikel.de\/magazin\/elternzeit-als-vater-mein-fazit-nach-der-zeit-als-papa-daheim\/#Elternzeit_in_Raten_nehmen\" >Elternzeit in Raten nehmen<\/a><\/li><li class='ez-toc-page-1'><a class=\"ez-toc-link ez-toc-heading-3\" href=\"https:\/\/www.babyartikel.de\/magazin\/elternzeit-als-vater-mein-fazit-nach-der-zeit-als-papa-daheim\/#Mein_Fazit_aus_der_Elternzeit_als_Vater\" >Mein Fazit aus der Elternzeit als Vater<\/a><\/li><\/ul><\/nav><\/div>\n<h2 class=\"wp-block-heading\" id=\"h-antrag-auf-elterngeld-stellen\"><span class=\"ez-toc-section\" id=\"Antrag_auf_Elterngeld_stellen\"><\/span>Antrag auf Elterngeld stellen<span class=\"ez-toc-section-end\"><\/span><\/h2><p>Details f&uuml;r den Antrag auf Elterngeld erspare ich Dir. Das w&uuml;rde zu weit f&uuml;hren. Ein paar Eckpunkte, die mir aus meiner Erfahrung wichtig erscheinen, m&ouml;chte ich trotzdem erw&auml;hnen. Du solltest auf jeden Fall Elternzeit und die Bezugsdauer f&uuml;r Elterngeld gut planen. Unter Umst&auml;nden kann das f&uuml;r Dich und Deine Partnerin n&auml;mlich einen Zeitraum von 24 Monaten oder l&auml;nger betreffen. Das will gut &uuml;berlegt sein und vor allem gut mit der Partnerin, deren Bed&uuml;rfnissen und Anforderungen im Job abgestimmt sein. Einmal gut geplant, ersparst Du Dir sp&auml;ter Stress.<\/p><p>Deine Zeit mit dem Baby kannst Du ganz individuell gestalten. Beachte, dass sie nicht der Zeit entsprechen muss, in der Du Elterngeld beziehst. Es ist z.B. m&ouml;glich, Elternzeit zu nehmen ohne Elterngeld. Grunds&auml;tzlich gilt also: Elternzeit ist nicht gleich Elterngeld. Doch eine l&auml;ngere Zeit ohne Verdienst musst Du Dir leisten k&ouml;nnen.<\/p><div class=\"marketing-slot\"><div id=\"block-18\" class=\"content-post-widget marketing-slot-1 widget_block\"><a href=\"#\" class=\"newsletter_popup\" style=\"\n  display: inline-block;\n  box-shadow: 0 4px 10px rgba(0,0,0,0.1);\n  margin: 20px auto;\n  max-width: 800px;\n  width: 100%;\">\n  <img src=\"https:\/\/media.babyartikel.de\/magazin\/wp-content\/uploads\/2025\/08\/NL-Banner-Magazin-8-25.webp\" alt=\"Newsletter Banner\" style=\"\n    width: 100%;\n    height: auto;\n    display: block;\" onclick=\"ga('send', 'event', 'banner', 'click', 'magazin-banner-newsletter-8-25');\">\n<\/a>\n\n\t<!-- Modal -->\n\t<div class=\"modal fade modal_popup\" id=\"newsletter_popup\" tabindex=\"-1\" aria-labelledby=\"exampleModalLabel\" aria-hidden=\"true\">\n\t\t<div class=\"modal-dialog modal-dialog-centered modal-dialog-scrollable\">\n\t\t\t<div class=\"modal-content\">\n\t\t\t\t<div class=\"modal-header small-header\">\n\t\t\t\t\t<h5 class=\"modal-title\" id=\"newsletterModalLabel\">\n\t\t\t\t\t\tNewsletter\t\t\t\t\t<\/h5>\n\t\t\t\t\t<button type=\"button\" class=\"btn-close small-close\" data-bs-dismiss=\"modal\" aria-label=\"Close\"><\/button>\n\t\t\t\t<\/div>\n\n\t\t\t\t<div class=\"modal-body\">\n\t\t\t\t\t\t<div class=\"newsletterForm-embed popup-form\">\n        <form name=\"newsletterSubscriptionForm\" id=\"newsletter_popup_69f530660ca6a_form\" data-newsletter-id=\"newsletter_popup_69f530660ca6a\" method=\"POST\">\n\n\t\t\t<input type=\"text\" name=\"website\" class=\"hidden\" tabindex=\"-1\" autocomplete=\"off\" style=\"position:absolute;left:-9999px;\">\n\t\t\t<input type=\"hidden\" name=\"ts\" value=\"1777676390\">\n\n\t\t\t                <input type=\"hidden\" name=\"emarsys-event-id\" value=\"3756\">\n            \n            \t\t\t<div class=\"mb-3\">\n\t\t\t\t<label for=\"date\" class=\"form-label\">Geburtstag\/ -termin Deines Babys<\/label>\n                <input type=\"date\" name=\"date\" class=\"input input--expand form-control\" required>\n\t\t\t<\/div>\n            \n\t\t\t<div class=\"mb-3\">\n\t\t\t\t<label for=\"email\" class=\"form-label\">E-Mail-Adresse<\/label>\n\t\t\t\t<input type=\"email\" name=\"email\" placeholder=\"E-Mail-Adresse\" class=\"input input--expand form-control\" required>\n\t\t\t<\/div>\n\n\t\t\t\t\t\t\t<button type=\"submit\" class=\"btn btn-primary\">Absenden<\/button>\n\t\t\t\n\t\t\t\t\t\t\t<div class=\"small mt-3\" style=\"font-weight:normal;\">\n\t\t\t\t\t\n\t\t\t<div class=\"mt-3\">\n\t\t\t\tJa, ich m&ouml;chte den Newsletter von Babyartikel.de erhalten und &uuml;ber Aktionen informiert werden.\n  Dabei darf mein Nutzungsverhalten (z. B. &Ouml;ffnungen und Klicks) zur Personalisierung ausgewertet werden.\n  Mehr finde ich in der <a href=\"\/de\/datenschutz\" style=\"text-decoration:underline\">Datenschutzerkl&auml;rung<\/a>.\n\t\t\t<\/div>\n\t\t\t\t\t\t<\/div>\n\t\t\t\n\t\t\t\t\t\t\t<div class=\"small mb-3 mt-3\" style=\"font-weight:normal;\">\n\t\t\t\t\tJederzeit abbestellbar | <a href=\"\/de\/datenschutz\" style=\"text-decoration:underline\">\n\t\t\t\t\t\tDatenschutzerkl&auml;rung\n\t\t\t\t\t<\/a>\n\t\t\t\t<\/div>\n\t\t\t\n        <\/form>\n    <\/div>\n\t\n\t\t\t\t\t<div class=\"response-messages_newsletter_popup_69f530660ca6a\">\n\t\t\t\t\t\t<div class=\"alert alert-success success mt-3 mb-3 d-none\">\n\t\t\t\t\t\t\tNur noch ein Klick! Best&auml;tige Deine Anmeldung in der E-Mail, die du gleich erh&auml;ltst.\t\t\t\t\t\t<\/div>\n\t\t\t\t\t\t<div class=\"error mt-3 mb-3 d-none\">\n\t\t\t\t\t\t\t<div class=\"alert alert-danger \">\n\t\t\t\t\t\t\t\tEin Fehler ist aufgetreten. Bitte versuche es sp&auml;ter erneut.\t\t\t\t\t\t\t<\/div>\n\t\t\t\t\t\t<\/div>\n\t\t\t\t\t\t<div class=\"alert alert-danger other-2007 mt-3 mb-3 d-none\">\n\t\t\t\t\t\t\tUng&Atilde;&frac14;ltiges Datumsformat\t\t\t\t\t\t<\/div>\n\t\t\t\t\t<\/div>\n\t\t\t\t<\/div>\n\t\t\t<\/div>\n\t\t<\/div>\n\t<\/div>\n\n\t<\/div><!-- content-widget --><\/div><p>Du solltest den Antrag auf Elternzeit auch deshalb reiflich &uuml;berlegen, denn ist er erst einmal gestellt und der Arbeitgeber informiert, musst Du Dich auch daran halten. Der Arbeitgeber kann &Auml;nderungen oder Verl&auml;ngerungen zustimmen, muss es aber nicht tun. <strong>Elternzeit von vornherein verwehren darf der Arbeitgeber allerdings auch nicht<\/strong>. Ein kleiner Hinweis noch an dieser Stelle: Durch Elternzeit kann Dein Urlaub anteilig reduziert werden. Das ist wichtig, falls Du Urlaubszeiten z.B. f&uuml;r eine erste Reise mit dem Baby einplanst.<\/p><h2 class=\"wp-block-heading\" id=\"h-elternzeit-in-raten-nehmen\"><span class=\"ez-toc-section\" id=\"Elternzeit_in_Raten_nehmen\"><\/span>Elternzeit in Raten nehmen<span class=\"ez-toc-section-end\"><\/span><\/h2><p>Ein weiterer Ratschlag, den ich aufgrund meiner Erfahrungen weitergeben m&ouml;chte, ist: Ziehe in Betracht, Deine Elternzeit nicht in einem St&uuml;ck komplett aufzubrauchen, sondern auf zwei oder drei Phasen aufzuteilen. Je nach L&auml;nge der ersten Elternzeit, k&ouml;nnen diese sp&auml;teren Zeitr&auml;ume ja dann k&uuml;rzer ausfallen. Grunds&auml;tzlich kannst Du sie frei verteilen. Also ganz so, wie es Dir und Deiner Partnerin am besten passt.<\/p><div class=\"postslot1\">[articles]<link rel=\"stylesheet\" href=\"https:\/\/cdn.jsdelivr.net\/npm\/swiper@8\/swiper-bundle.min.css\"><\/div><div class=\"marketing-slot\"><div id=\"block-25\" class=\"content-post-widget marketing-slot-2 widget_block\"><a href=\"https:\/\/www.babyartikel.de\/de\/angebote\" data-track-link-click=\"true\" data-track-name=\"nyoutlet2026-magazin\" data-track-medium=\"banner-magazin-post\" data-track-campaign=\"magazin-banner-nyoutlet2026\" onclick=\"ga('send', 'event', 'banner', 'click', 'magazin-banner-nyoutlet2026');\" style=\"display:block;width:100%;text-align:center;\"><img src=\"https:\/\/media.babyartikel.de\/magazin\/wp-content\/uploads\/2026\/01\/NY-Outlet-10-2026.webp\" alt=\"Sale\" style=\"max-width:100%;\"><\/a><\/div><!-- content-widget --><\/div><p>Nicht jede Art von Job l&auml;sst das zu. Wenn es jedoch irgendwie machbar ist, dann ist eine Aufteilung der Elternzeit auf jeden Fall eine &Uuml;berlegung wert. Eine vorausschauende Planung ist &ndash; wie oben schon erw&auml;hnt &ndash; eine wichtige Voraussetzung daf&uuml;r, dass es ohne Probleme klappt. Wei&szlig; auch Dein Arbeitgeber fr&uuml;h genug Bescheid, kann er sich darauf einstellen. Die Sorge, dass Dein Arbeitgeber sich bei Deiner erneuten Verabschiedung in die Elternzeit  als Vater querstellt, brauchst Du dann also nicht zu haben.<\/p><h2 class=\"wp-block-heading\" id=\"h-mein-fazit-aus-der-elternzeit-als-vater\"><span class=\"ez-toc-section\" id=\"Mein_Fazit_aus_der_Elternzeit_als_Vater\"><\/span>Mein Fazit aus der Elternzeit als Vater<span class=\"ez-toc-section-end\"><\/span><\/h2><p>Die Zeit unmittelbar nach der Geburt ist die intensivste, sch&ouml;nste und auch anstrengendste Zeit &uuml;berhaupt. Ich hatte nur einen Monat Elternzeit genommen. Im Nachhinein betrachtet h&auml;tte ich mich anders entschieden und einen l&auml;ngeren Zeitraum gew&auml;hlt. Vielleicht drei bis vier oder gar sechs Monate. Das geh&ouml;rt definitiv zu den Dingen, die ich aus dieser Zeit gelernt habe.<\/p><p>Nicht nur, um die Mutter meiner Tochter mehr unterst&uuml;tzen zu k&ouml;nnen, sondern auch um f&uuml;r die Kleine da zu sein bzw. einfach bei ihr zu sein. Elternzeit erm&ouml;glicht es, diese Zeit intensiver erleben zu k&ouml;nnen. Ein Monat war daf&uuml;r entschieden zu kurz. Abgesehen davon: Es gab in den ersten Monaten einige N&auml;chte, in denen ich sehr wenig Schlaf abbekommen habe. Am n&auml;chsten Tag arbeiten zu gehen, war teilweise k&ouml;rperlich und auch geistig sehr belastend.<\/p><h3 class=\"wp-block-heading\" id=\"h-lieber-mehr-als-wenig-papa-elternzeit-nehmen\">Lieber mehr als wenig Papa-Elternzeit nehmen<\/h3><p><strong>Oft hatte ich in der Zeit nach dem ersten Elternzeitmonat das Gef&uuml;hl, etwas zu verpassen<\/strong>. Das war nat&uuml;rlich nicht der Fall. Jedenfalls nicht so schlimm, wie ich es mir eingebildet hatte. Aber diese erste Zeit kommt nie wieder und Du solltest sie genie&szlig;en. Wenn Dein Baby noch so klein ist, passiert im positiven Sinne st&auml;ndig irgendwas. Krabbeln, die ersten Z&auml;hnchen, das erste L&auml;cheln, die ersten U-Untersuchungen, mit dem Baby in der Trage spazieren gehen, <a href=\"https:\/\/www.babyartikel.de\/magazin\/ab-wann-koennen-babys-sitzen-so-war-es-bei-meiner-tochter\">das erste Mal sitzen<\/a>, die erste Fahrt im Fahrradanh&auml;nger &ndash; die Liste ist wirklich lang. Elternzeit erm&ouml;glicht es Dir, genau dann bei Deinem Kind zu sein.<\/p><p>Aufgrund meiner pers&ouml;nlichen Erfahrungen, kann ich definitiv die Empfehlung aussprechen, direkt nach der Geburt eine l&auml;ngere Elternzeit als Vater zu w&auml;hlen. Sechs Monate klingt nach einer langen Zeit, vor allem wenn der Arbeitgeber auf eine R&uuml;ckkehr dr&auml;ngt. Oder Du die Bef&uuml;rchtung hast, im Job abgeh&auml;ngt zu werden. Deine Arbeit ist nat&uuml;rlich immer ein Kriterium, das Du in Deine &Uuml;berlegungen einbeziehen musst. Trotzdem solltest Du es Dir nicht nehmen lassen, gerade in der ersten Zeit Daheim zu bleiben. Diese erste Zeit kann Dir einfach niemand wieder zur&uuml;ckgeben.<\/p><h3 class=\"wp-block-heading\" id=\"h-direkt-nach-der-geburt-in-elternzeit-gehen\">Direkt nach der Geburt in Elternzeit gehen<\/h3><p>Das alles spiegelt meine Erfahrungen und Eindr&uuml;cke wieder. Und Ratschl&auml;ge, die sich aus <em>meiner<\/em> Elternzeit ergeben haben. F&uuml;r Dich und Deine Partnerin funktioniert ein anderes Modell vielleicht besser. Am wichtigsten ist wohl, bei der Planung immer im Hinterkopf zu behalten, so viel Zeit wie m&ouml;glich und so fr&uuml;h wie m&ouml;glich nach der Geburt aufzubringen. Dann steht dieser aufregenden und spannenden ersten Zeit nichts im Wege. Ich w&uuml;nsche Dir eine tolle Elternzeit!<\/p><hr class=\"wp-block-separator\"><p><em><strong>Elternzeit als Vater<\/strong> &ndash; Wie war es bei Euch? Wie habt Ihr Euch die Elternzeit aufgeteilt? Schreibe es uns gern in die Kommentare.<\/em><\/p><div class=\"credits-overlay\" data-target=\".wp-image-836950\"><a href=\"#\" target=\"_blank\">&copy; Masson &ndash; stock.adobe.com<\/a><\/div><\/p>\n","protected":false},"excerpt":{"rendered":"<p>Elterngeld und Elternzeit sind eine tolle Sache. Mamas und nat&uuml;rlich auch die Papas k&ouml;nnen eine Zeit lang Zuhause bleiben und erhalten einen Gro&szlig;teil ihres Gehalts. Wer sich einmal durch den B&uuml;rokratiewust durchgearbeitet und erfolgreich einen Elterngeld-Antrag gestellt hat, kann anschlie&szlig;end die Zeit mit dem Baby genie&szlig;en. In diesem Beitrag schildere ich Dir meine Erfahrungen mit [&#8230;]<\/p>\n<p><a class=\"btn btn-secondary understrap-read-more-link\" href=\"https:\/\/www.babyartikel.de\/magazin\/elternzeit-als-vater-mein-fazit-nach-der-zeit-als-papa-daheim\">Weiterlesen&#8230;<\/a><\/p>\n","protected":false},"author":116,"featured_media":836950,"comment_status":"open","ping_status":"closed","sticky":false,"template":"","format":"standard","meta":{"_acf_changed":false,"footnotes":""},"categories":[2820,20990],"tags":[12657,3413],"class_list":["post-834897","post","type-post","status-publish","format-standard","has-post-thumbnail","hentry","category-leben-mit-baby","category-papas-erzaehlen","tag-elternzeit","tag-papa"],"acf":[],"yoast_head":"<!-- This site is optimized with the Yoast SEO Premium plugin v27.2 (Yoast SEO v27.2) - https:\/\/yoast.com\/product\/yoast-seo-premium-wordpress\/ -->\n<title>Elternzeit als Vater - Mein Fazit nach der Zeit als Papa daheim | Babyartikel.de Magazin<\/title>\n<meta name=\"description\" content=\"Papa Sebastian war im ersten Lebensmonat seiner Tochter zu Hause. Zu wenig, findet er heute. Lies mehr im Beitrag Elternzeit als Vater \ud83d\udc68\ud83c\udffb\u200d\ud83c\udf7c\" \/>\n<meta name=\"robots\" content=\"index, follow, max-snippet:-1, max-image-preview:large, max-video-preview:-1\" \/>\n<link rel=\"canonical\" href=\"https:\/\/www.babyartikel.de\/magazin\/elternzeit-als-vater-mein-fazit-nach-der-zeit-als-papa-daheim\" \/>\n<meta property=\"og:locale\" content=\"de_DE\" \/>\n<meta property=\"og:type\" content=\"article\" \/>\n<meta property=\"og:title\" content=\"Elternzeit als Vater - Mein Fazit nach der Zeit als Papa daheim\" \/>\n<meta property=\"og:description\" content=\"Papa Sebastian war im ersten Lebensmonat seiner Tochter zu Hause. Zu wenig, findet er heute. Lies mehr im Beitrag Elternzeit als Vater \ud83d\udc68\ud83c\udffb\u200d\ud83c\udf7c\" \/>\n<meta property=\"og:url\" content=\"https:\/\/www.babyartikel.de\/magazin\/elternzeit-als-vater-mein-fazit-nach-der-zeit-als-papa-daheim\" \/>\n<meta property=\"og:site_name\" content=\"Babyartikel.de Magazin\" \/>\n<meta property=\"article:published_time\" content=\"2021-06-21T12:29:00+00:00\" \/>\n<meta property=\"article:modified_time\" content=\"2023-06-20T11:16:19+00:00\" \/>\n<meta property=\"og:image\" content=\"https:\/\/www.babyartikel.de\/magazin\/wp-content\/uploads\/2021\/06\/AdobeStock_225097001-scaled.jpeg\" \/>\n\t<meta property=\"og:image:width\" content=\"2560\" \/>\n\t<meta property=\"og:image:height\" content=\"1706\" \/>\n\t<meta property=\"og:image:type\" content=\"image\/jpeg\" \/>\n<meta name=\"author\" content=\"Sebastian\" \/>\n<meta name=\"twitter:card\" content=\"summary_large_image\" \/>\n<meta name=\"twitter:label1\" content=\"Verfasst von\" \/>\n\t<meta name=\"twitter:data1\" content=\"Sebastian\" \/>\n\t<meta name=\"twitter:label2\" content=\"Gesch\u00e4tzte Lesezeit\" \/>\n\t<meta name=\"twitter:data2\" content=\"5\u00a0Minuten\" \/>\n<script type=\"application\/ld+json\" class=\"yoast-schema-graph\">{\"@context\":\"https:\/\/schema.org\",\"@graph\":[{\"@type\":\"Article\",\"@id\":\"https:\/\/www.babyartikel.de\/magazin\/elternzeit-als-vater-mein-fazit-nach-der-zeit-als-papa-daheim#article\",\"isPartOf\":{\"@id\":\"https:\/\/www.babyartikel.de\/magazin\/elternzeit-als-vater-mein-fazit-nach-der-zeit-als-papa-daheim\"},\"author\":{\"name\":\"Sebastian\",\"@id\":\"https:\/\/www.babyartikel.de\/magazin\/#\/schema\/person\/46e52917397107b3477134aa4a959524\"},\"headline\":\"Elternzeit als Vater &#8211; Mein Fazit nach der Zeit als Papa daheim\",\"datePublished\":\"2021-06-21T12:29:00+00:00\",\"dateModified\":\"2023-06-20T11:16:19+00:00\",\"mainEntityOfPage\":{\"@id\":\"https:\/\/www.babyartikel.de\/magazin\/elternzeit-als-vater-mein-fazit-nach-der-zeit-als-papa-daheim\"},\"wordCount\":957,\"commentCount\":1,\"image\":{\"@id\":\"https:\/\/www.babyartikel.de\/magazin\/elternzeit-als-vater-mein-fazit-nach-der-zeit-als-papa-daheim#primaryimage\"},\"thumbnailUrl\":\"https:\/\/media.babyartikel.de\/magazin\/wp-content\/uploads\/2021\/06\/AdobeStock_225097001-scaled.jpeg\",\"keywords\":[\"elternzeit\",\"papa\"],\"articleSection\":[\"Leben mit Baby\",\"Papas erz\u00e4hlen\"],\"inLanguage\":\"de\",\"potentialAction\":[{\"@type\":\"CommentAction\",\"name\":\"Comment\",\"target\":[\"https:\/\/www.babyartikel.de\/magazin\/elternzeit-als-vater-mein-fazit-nach-der-zeit-als-papa-daheim#respond\"]}]},{\"@type\":\"WebPage\",\"@id\":\"https:\/\/www.babyartikel.de\/magazin\/elternzeit-als-vater-mein-fazit-nach-der-zeit-als-papa-daheim\",\"url\":\"https:\/\/www.babyartikel.de\/magazin\/elternzeit-als-vater-mein-fazit-nach-der-zeit-als-papa-daheim\",\"name\":\"Elternzeit als Vater - Mein Fazit nach der Zeit als Papa daheim | Babyartikel.de Magazin\",\"isPartOf\":{\"@id\":\"https:\/\/www.babyartikel.de\/magazin\/#website\"},\"primaryImageOfPage\":{\"@id\":\"https:\/\/www.babyartikel.de\/magazin\/elternzeit-als-vater-mein-fazit-nach-der-zeit-als-papa-daheim#primaryimage\"},\"image\":{\"@id\":\"https:\/\/www.babyartikel.de\/magazin\/elternzeit-als-vater-mein-fazit-nach-der-zeit-als-papa-daheim#primaryimage\"},\"thumbnailUrl\":\"https:\/\/media.babyartikel.de\/magazin\/wp-content\/uploads\/2021\/06\/AdobeStock_225097001-scaled.jpeg\",\"datePublished\":\"2021-06-21T12:29:00+00:00\",\"dateModified\":\"2023-06-20T11:16:19+00:00\",\"author\":{\"@id\":\"https:\/\/www.babyartikel.de\/magazin\/#\/schema\/person\/46e52917397107b3477134aa4a959524\"},\"description\":\"Papa Sebastian war im ersten Lebensmonat seiner Tochter zu Hause. Zu wenig, findet er heute. Lies mehr im Beitrag Elternzeit als Vater \ud83d\udc68\ud83c\udffb\u200d\ud83c\udf7c\",\"breadcrumb\":{\"@id\":\"https:\/\/www.babyartikel.de\/magazin\/elternzeit-als-vater-mein-fazit-nach-der-zeit-als-papa-daheim#breadcrumb\"},\"inLanguage\":\"de\",\"potentialAction\":[{\"@type\":\"ReadAction\",\"target\":[\"https:\/\/www.babyartikel.de\/magazin\/elternzeit-als-vater-mein-fazit-nach-der-zeit-als-papa-daheim\"]}]},{\"@type\":\"ImageObject\",\"inLanguage\":\"de\",\"@id\":\"https:\/\/www.babyartikel.de\/magazin\/elternzeit-als-vater-mein-fazit-nach-der-zeit-als-papa-daheim#primaryimage\",\"url\":\"https:\/\/media.babyartikel.de\/magazin\/wp-content\/uploads\/2021\/06\/AdobeStock_225097001-scaled.jpeg\",\"contentUrl\":\"https:\/\/media.babyartikel.de\/magazin\/wp-content\/uploads\/2021\/06\/AdobeStock_225097001-scaled.jpeg\",\"width\":2560,\"height\":1706,\"caption\":\"elternzeit als vater, v\u00e4termonate, vaterschaftsurlaub\"},{\"@type\":\"BreadcrumbList\",\"@id\":\"https:\/\/www.babyartikel.de\/magazin\/elternzeit-als-vater-mein-fazit-nach-der-zeit-als-papa-daheim#breadcrumb\",\"itemListElement\":[{\"@type\":\"ListItem\",\"position\":1,\"name\":\"Startseite\",\"item\":\"https:\/\/www.babyartikel.de\/magazin\"},{\"@type\":\"ListItem\",\"position\":2,\"name\":\"Elternzeit als Vater &#8211; Mein Fazit nach der Zeit als Papa daheim\"}]},{\"@type\":\"WebSite\",\"@id\":\"https:\/\/www.babyartikel.de\/magazin\/#website\",\"url\":\"https:\/\/www.babyartikel.de\/magazin\/\",\"name\":\"Babyartikel.de Magazin\",\"description\":\"\",\"potentialAction\":[{\"@type\":\"SearchAction\",\"target\":{\"@type\":\"EntryPoint\",\"urlTemplate\":\"https:\/\/www.babyartikel.de\/magazin\/?s={search_term_string}\"},\"query-input\":{\"@type\":\"PropertyValueSpecification\",\"valueRequired\":true,\"valueName\":\"search_term_string\"}}],\"inLanguage\":\"de\"},{\"@type\":\"Person\",\"@id\":\"https:\/\/www.babyartikel.de\/magazin\/#\/schema\/person\/46e52917397107b3477134aa4a959524\",\"name\":\"Sebastian\",\"image\":{\"@type\":\"ImageObject\",\"inLanguage\":\"de\",\"@id\":\"https:\/\/media.babyartikel.de\/magazin\/wp-content\/uploads\/2020\/11\/IMG-20190620-WA0014-e1605521666932-150x150.jpg\",\"url\":\"https:\/\/media.babyartikel.de\/magazin\/wp-content\/uploads\/2020\/11\/IMG-20190620-WA0014-e1605521666932-150x150.jpg\",\"contentUrl\":\"https:\/\/media.babyartikel.de\/magazin\/wp-content\/uploads\/2020\/11\/IMG-20190620-WA0014-e1605521666932-150x150.jpg\",\"caption\":\"Sebastian\"},\"description\":\"Ich bin seit 2018 Papa und m\u00f6chte meine Erfahrungen als Vater gern teilen. Ich richte mich damit nat\u00fcrlich nicht nur an angehende V\u00e4ter, sondern auch an die eine oder andere Mutter, die sich f\u00fcr eine andere Perspektive interessiert.\",\"url\":\"https:\/\/www.babyartikel.de\/magazin\/author\/sebastian\"}]}<\/script>\n<!-- \/ Yoast SEO Premium plugin. -->","yoast_head_json":{"title":"Elternzeit als Vater - Mein Fazit nach der Zeit als Papa daheim | Babyartikel.de Magazin","description":"Papa Sebastian war im ersten Lebensmonat seiner Tochter zu Hause. Zu wenig, findet er heute. Lies mehr im Beitrag Elternzeit als Vater \ud83d\udc68\ud83c\udffb\u200d\ud83c\udf7c","robots":{"index":"index","follow":"follow","max-snippet":"max-snippet:-1","max-image-preview":"max-image-preview:large","max-video-preview":"max-video-preview:-1"},"canonical":"https:\/\/www.babyartikel.de\/magazin\/elternzeit-als-vater-mein-fazit-nach-der-zeit-als-papa-daheim","og_locale":"de_DE","og_type":"article","og_title":"Elternzeit als Vater - Mein Fazit nach der Zeit als Papa daheim","og_description":"Papa Sebastian war im ersten Lebensmonat seiner Tochter zu Hause. Zu wenig, findet er heute. Lies mehr im Beitrag Elternzeit als Vater \ud83d\udc68\ud83c\udffb\u200d\ud83c\udf7c","og_url":"https:\/\/www.babyartikel.de\/magazin\/elternzeit-als-vater-mein-fazit-nach-der-zeit-als-papa-daheim","og_site_name":"Babyartikel.de Magazin","article_published_time":"2021-06-21T12:29:00+00:00","article_modified_time":"2023-06-20T11:16:19+00:00","og_image":[{"width":2560,"height":1706,"url":"https:\/\/www.babyartikel.de\/magazin\/wp-content\/uploads\/2021\/06\/AdobeStock_225097001-scaled.jpeg","type":"image\/jpeg"}],"author":"Sebastian","twitter_card":"summary_large_image","twitter_misc":{"Verfasst von":"Sebastian","Gesch\u00e4tzte Lesezeit":"5\u00a0Minuten"},"schema":{"@context":"https:\/\/schema.org","@graph":[{"@type":"Article","@id":"https:\/\/www.babyartikel.de\/magazin\/elternzeit-als-vater-mein-fazit-nach-der-zeit-als-papa-daheim#article","isPartOf":{"@id":"https:\/\/www.babyartikel.de\/magazin\/elternzeit-als-vater-mein-fazit-nach-der-zeit-als-papa-daheim"},"author":{"name":"Sebastian","@id":"https:\/\/www.babyartikel.de\/magazin\/#\/schema\/person\/46e52917397107b3477134aa4a959524"},"headline":"Elternzeit als Vater &#8211; Mein Fazit nach der Zeit als Papa daheim","datePublished":"2021-06-21T12:29:00+00:00","dateModified":"2023-06-20T11:16:19+00:00","mainEntityOfPage":{"@id":"https:\/\/www.babyartikel.de\/magazin\/elternzeit-als-vater-mein-fazit-nach-der-zeit-als-papa-daheim"},"wordCount":957,"commentCount":1,"image":{"@id":"https:\/\/www.babyartikel.de\/magazin\/elternzeit-als-vater-mein-fazit-nach-der-zeit-als-papa-daheim#primaryimage"},"thumbnailUrl":"https:\/\/media.babyartikel.de\/magazin\/wp-content\/uploads\/2021\/06\/AdobeStock_225097001-scaled.jpeg","keywords":["elternzeit","papa"],"articleSection":["Leben mit Baby","Papas erz\u00e4hlen"],"inLanguage":"de","potentialAction":[{"@type":"CommentAction","name":"Comment","target":["https:\/\/www.babyartikel.de\/magazin\/elternzeit-als-vater-mein-fazit-nach-der-zeit-als-papa-daheim#respond"]}]},{"@type":"WebPage","@id":"https:\/\/www.babyartikel.de\/magazin\/elternzeit-als-vater-mein-fazit-nach-der-zeit-als-papa-daheim","url":"https:\/\/www.babyartikel.de\/magazin\/elternzeit-als-vater-mein-fazit-nach-der-zeit-als-papa-daheim","name":"Elternzeit als Vater - Mein Fazit nach der Zeit als Papa daheim | Babyartikel.de Magazin","isPartOf":{"@id":"https:\/\/www.babyartikel.de\/magazin\/#website"},"primaryImageOfPage":{"@id":"https:\/\/www.babyartikel.de\/magazin\/elternzeit-als-vater-mein-fazit-nach-der-zeit-als-papa-daheim#primaryimage"},"image":{"@id":"https:\/\/www.babyartikel.de\/magazin\/elternzeit-als-vater-mein-fazit-nach-der-zeit-als-papa-daheim#primaryimage"},"thumbnailUrl":"https:\/\/media.babyartikel.de\/magazin\/wp-content\/uploads\/2021\/06\/AdobeStock_225097001-scaled.jpeg","datePublished":"2021-06-21T12:29:00+00:00","dateModified":"2023-06-20T11:16:19+00:00","author":{"@id":"https:\/\/www.babyartikel.de\/magazin\/#\/schema\/person\/46e52917397107b3477134aa4a959524"},"description":"Papa Sebastian war im ersten Lebensmonat seiner Tochter zu Hause. Zu wenig, findet er heute. Lies mehr im Beitrag Elternzeit als Vater \ud83d\udc68\ud83c\udffb\u200d\ud83c\udf7c","breadcrumb":{"@id":"https:\/\/www.babyartikel.de\/magazin\/elternzeit-als-vater-mein-fazit-nach-der-zeit-als-papa-daheim#breadcrumb"},"inLanguage":"de","potentialAction":[{"@type":"ReadAction","target":["https:\/\/www.babyartikel.de\/magazin\/elternzeit-als-vater-mein-fazit-nach-der-zeit-als-papa-daheim"]}]},{"@type":"ImageObject","inLanguage":"de","@id":"https:\/\/www.babyartikel.de\/magazin\/elternzeit-als-vater-mein-fazit-nach-der-zeit-als-papa-daheim#primaryimage","url":"https:\/\/media.babyartikel.de\/magazin\/wp-content\/uploads\/2021\/06\/AdobeStock_225097001-scaled.jpeg","contentUrl":"https:\/\/media.babyartikel.de\/magazin\/wp-content\/uploads\/2021\/06\/AdobeStock_225097001-scaled.jpeg","width":2560,"height":1706,"caption":"elternzeit als vater, v\u00e4termonate, vaterschaftsurlaub"},{"@type":"BreadcrumbList","@id":"https:\/\/www.babyartikel.de\/magazin\/elternzeit-als-vater-mein-fazit-nach-der-zeit-als-papa-daheim#breadcrumb","itemListElement":[{"@type":"ListItem","position":1,"name":"Startseite","item":"https:\/\/www.babyartikel.de\/magazin"},{"@type":"ListItem","position":2,"name":"Elternzeit als Vater &#8211; Mein Fazit nach der Zeit als Papa daheim"}]},{"@type":"WebSite","@id":"https:\/\/www.babyartikel.de\/magazin\/#website","url":"https:\/\/www.babyartikel.de\/magazin\/","name":"Babyartikel.de Magazin","description":"","potentialAction":[{"@type":"SearchAction","target":{"@type":"EntryPoint","urlTemplate":"https:\/\/www.babyartikel.de\/magazin\/?s={search_term_string}"},"query-input":{"@type":"PropertyValueSpecification","valueRequired":true,"valueName":"search_term_string"}}],"inLanguage":"de"},{"@type":"Person","@id":"https:\/\/www.babyartikel.de\/magazin\/#\/schema\/person\/46e52917397107b3477134aa4a959524","name":"Sebastian","image":{"@type":"ImageObject","inLanguage":"de","@id":"https:\/\/media.babyartikel.de\/magazin\/wp-content\/uploads\/2020\/11\/IMG-20190620-WA0014-e1605521666932-150x150.jpg","url":"https:\/\/media.babyartikel.de\/magazin\/wp-content\/uploads\/2020\/11\/IMG-20190620-WA0014-e1605521666932-150x150.jpg","contentUrl":"https:\/\/media.babyartikel.de\/magazin\/wp-content\/uploads\/2020\/11\/IMG-20190620-WA0014-e1605521666932-150x150.jpg","caption":"Sebastian"},"description":"Ich bin seit 2018 Papa und m\u00f6chte meine Erfahrungen als Vater gern teilen. Ich richte mich damit nat\u00fcrlich nicht nur an angehende V\u00e4ter, sondern auch an die eine oder andere Mutter, die sich f\u00fcr eine andere Perspektive interessiert.","url":"https:\/\/www.babyartikel.de\/magazin\/author\/sebastian"}]}},"abstract_sku":"","_links":{"self":[{"href":"https:\/\/www.babyartikel.de\/magazin\/wp-json\/wp\/v2\/posts\/834897","targetHints":{"allow":["GET"]}}],"collection":[{"href":"https:\/\/www.babyartikel.de\/magazin\/wp-json\/wp\/v2\/posts"}],"about":[{"href":"https:\/\/www.babyartikel.de\/magazin\/wp-json\/wp\/v2\/types\/post"}],"author":[{"embeddable":true,"href":"https:\/\/www.babyartikel.de\/magazin\/wp-json\/wp\/v2\/users\/116"}],"replies":[{"embeddable":true,"href":"https:\/\/www.babyartikel.de\/magazin\/wp-json\/wp\/v2\/comments?post=834897"}],"version-history":[{"count":9,"href":"https:\/\/www.babyartikel.de\/magazin\/wp-json\/wp\/v2\/posts\/834897\/revisions"}],"predecessor-version":[{"id":881822,"href":"https:\/\/www.babyartikel.de\/magazin\/wp-json\/wp\/v2\/posts\/834897\/revisions\/881822"}],"wp:featuredmedia":[{"embeddable":true,"href":"https:\/\/www.babyartikel.de\/magazin\/wp-json\/wp\/v2\/media\/836950"}],"wp:attachment":[{"href":"https:\/\/www.babyartikel.de\/magazin\/wp-json\/wp\/v2\/media?parent=834897"}],"wp:term":[{"taxonomy":"category","embeddable":true,"href":"https:\/\/www.babyartikel.de\/magazin\/wp-json\/wp\/v2\/categories?post=834897"},{"taxonomy":"post_tag","embeddable":true,"href":"https:\/\/www.babyartikel.de\/magazin\/wp-json\/wp\/v2\/tags?post=834897"}],"curies":[{"name":"wp","href":"https:\/\/api.w.org\/{rel}","templated":true}]}}