
{"id":839,"date":"2014-06-04T08:50:13","date_gmt":"2014-06-04T06:50:13","guid":{"rendered":"\/magazin\/?p=839"},"modified":"2017-03-15T12:22:42","modified_gmt":"2017-03-15T11:22:42","slug":"hautveraenderungen-in-der-schwangerschaft-154","status":"publish","type":"post","link":"https:\/\/www.babyartikel.de\/magazin\/hautveraenderungen-in-der-schwangerschaft-154","title":{"rendered":"SSW-Update: Hautver\u00e4nderungen in der Schwangerschaft (15. SSW)"},"content":{"rendered":"<h2>31. Mai 2014<h3><b>Juckreiz und Trockenheit<\/b><\/h3><p>Bereits seit Wochen ist meine Haut furchtbar trocken und juckt so heftig, dass ich mich stundenlang kratzen k&ouml;nnte. Vor allem auf dem R&uuml;cken (nat&uuml;rlich an den Stellen, an die ich nicht gut ran komme) und am Bauch. In den letzten Tagen ist es noch mal um einiges schlimmer geworden, so dass ich mir eine Massageb&uuml;rste, einen Schwamm, einen Peeling-Handschuh und eine Bodylotion (mit Haferextrakt und Mandel&ouml;l von fenjal) besorgte, um den Juckreiz ein wenig zu lindern.<\/p><p>\n Meine trockene, schuppige Haut :(<br>Auf Fotos leider nicht so gut zu erkennen&hellip;\n<\/p><p>Es hei&szlig;t juckende Haut (ohne erkennbaren Grund) sei normal in der Schwangerschaft und auf die Hormonver&auml;nderungen zur&uuml;ckzuf&uuml;hren. Die Haut sei empfindlicher, auch gegen&uuml;ber Substanzen (in Duschgels oder Cremes), auf die Frauen vor der Schwangerschaft nicht reagierten. Das bedeutet juckende Haut ist zwar unangenehm und nervig, aber kein Grund zur Beunruhigung.<\/p><div class=\"marketing-slot\"><div id=\"block-18\" class=\"content-post-widget marketing-slot-1 widget_block\"><a href=\"#\" class=\"newsletter_popup\" style=\"\n  display: inline-block;\n  box-shadow: 0 4px 10px rgba(0,0,0,0.1);\n  margin: 20px auto;\n  max-width: 800px;\n  width: 100%;\">\n  <img src=\"https:\/\/media.babyartikel.de\/magazin\/wp-content\/uploads\/2025\/08\/NL-Banner-Magazin-8-25.webp\" alt=\"Newsletter Banner\" style=\"\n    width: 100%;\n    height: auto;\n    display: block;\" onclick=\"ga('send', 'event', 'banner', 'click', 'magazin-banner-newsletter-8-25');\">\n<\/a>\n\n\t<!-- Modal -->\n\t<div class=\"modal fade modal_popup\" id=\"newsletter_popup\" tabindex=\"-1\" aria-labelledby=\"exampleModalLabel\" aria-hidden=\"true\">\n\t\t<div class=\"modal-dialog modal-dialog-centered modal-dialog-scrollable\">\n\t\t\t<div class=\"modal-content\">\n\t\t\t\t<div class=\"modal-header small-header\">\n\t\t\t\t\t<h5 class=\"modal-title\" id=\"newsletterModalLabel\">\n\t\t\t\t\t\tNewsletter\t\t\t\t\t<\/h5>\n\t\t\t\t\t<button type=\"button\" class=\"btn-close small-close\" data-bs-dismiss=\"modal\" aria-label=\"Close\"><\/button>\n\t\t\t\t<\/div>\n\n\t\t\t\t<div class=\"modal-body\">\n\t\t\t\t\t\t<div class=\"newsletterForm-embed popup-form\">\n        <form name=\"newsletterSubscriptionForm\" id=\"newsletter_popup_69f5efa72096c_form\" data-newsletter-id=\"newsletter_popup_69f5efa72096c\" method=\"POST\">\n\n\t\t\t<input type=\"text\" name=\"website\" class=\"hidden\" tabindex=\"-1\" autocomplete=\"off\" style=\"position:absolute;left:-9999px;\">\n\t\t\t<input type=\"hidden\" name=\"ts\" value=\"1777725351\">\n\n\t\t\t                <input type=\"hidden\" name=\"emarsys-event-id\" value=\"3756\">\n            \n            \t\t\t<div class=\"mb-3\">\n\t\t\t\t<label for=\"date\" class=\"form-label\">Geburtstag\/ -termin Deines Babys<\/label>\n                <input type=\"date\" name=\"date\" class=\"input input--expand form-control\" required>\n\t\t\t<\/div>\n            \n\t\t\t<div class=\"mb-3\">\n\t\t\t\t<label for=\"email\" class=\"form-label\">E-Mail-Adresse<\/label>\n\t\t\t\t<input type=\"email\" name=\"email\" placeholder=\"E-Mail-Adresse\" class=\"input input--expand form-control\" required>\n\t\t\t<\/div>\n\n\t\t\t\t\t\t\t<button type=\"submit\" class=\"btn btn-primary\">Absenden<\/button>\n\t\t\t\n\t\t\t\t\t\t\t<div class=\"small mt-3\" style=\"font-weight:normal;\">\n\t\t\t\t\t\n\t\t\t<div class=\"mt-3\">\n\t\t\t\tJa, ich m&ouml;chte den Newsletter von Babyartikel.de erhalten und &uuml;ber Aktionen informiert werden.\n  Dabei darf mein Nutzungsverhalten (z. B. &Ouml;ffnungen und Klicks) zur Personalisierung ausgewertet werden.\n  Mehr finde ich in der <a href=\"\/de\/datenschutz\" style=\"text-decoration:underline\">Datenschutzerkl&auml;rung<\/a>.\n\t\t\t<\/div>\n\t\t\t\t\t\t<\/div>\n\t\t\t\n\t\t\t\t\t\t\t<div class=\"small mb-3 mt-3\" style=\"font-weight:normal;\">\n\t\t\t\t\tJederzeit abbestellbar | <a href=\"\/de\/datenschutz\" style=\"text-decoration:underline\">\n\t\t\t\t\t\tDatenschutzerkl&auml;rung\n\t\t\t\t\t<\/a>\n\t\t\t\t<\/div>\n\t\t\t\n        <\/form>\n    <\/div>\n\t\n\t\t\t\t\t<div class=\"response-messages_newsletter_popup_69f5efa72096c\">\n\t\t\t\t\t\t<div class=\"alert alert-success success mt-3 mb-3 d-none\">\n\t\t\t\t\t\t\tNur noch ein Klick! Best&auml;tige Deine Anmeldung in der E-Mail, die du gleich erh&auml;ltst.\t\t\t\t\t\t<\/div>\n\t\t\t\t\t\t<div class=\"error mt-3 mb-3 d-none\">\n\t\t\t\t\t\t\t<div class=\"alert alert-danger \">\n\t\t\t\t\t\t\t\tEin Fehler ist aufgetreten. Bitte versuche es sp&auml;ter erneut.\t\t\t\t\t\t\t<\/div>\n\t\t\t\t\t\t<\/div>\n\t\t\t\t\t\t<div class=\"alert alert-danger other-2007 mt-3 mb-3 d-none\">\n\t\t\t\t\t\t\tUng&Atilde;&frac14;ltiges Datumsformat\t\t\t\t\t\t<\/div>\n\t\t\t\t\t<\/div>\n\t\t\t\t<\/div>\n\t\t\t<\/div>\n\t\t<\/div>\n\t<\/div>\n\n\t<\/div><!-- content-widget --><\/div><p>Bei unserem M&auml;dchen&nbsp;hatte ich diesen extremen Juckreiz und die schuppige Haut ebenfalls &ndash; nach der Schwangerschaft verschwanden die Symptome dann ganz von selbst. Bereits damals benutzte ich eine Massageb&uuml;rste unter der Dusche und massierte meine Haut in kleinen, kreisenden Bewegungen. Das regt ja bekanntlich die Durchblutung an, half mir Hautreste zu entfernen und es f&uuml;hlte sich au&szlig;erdem gut an.<\/p><p>Heute greife ich auf die gleiche Taktik zur&uuml;ck und genie&szlig;e das weiche Kratzen der Borsten auf meiner Haut, w&auml;hrend ich dusche. F&uuml;nf Minuten ausgiebig schrubbeln, &nbsp;finde ich besser als meine Haut mit den Fingern&auml;geln zu scharren. Obwohl ich dem Kratzen, wenn es ganz schlimm ist, nicht widerstehen kann.<\/p><div class=\"postslot1\">[articles]<link rel=\"stylesheet\" href=\"https:\/\/cdn.jsdelivr.net\/npm\/swiper@8\/swiper-bundle.min.css\"><\/div><div class=\"marketing-slot\"><div id=\"block-25\" class=\"content-post-widget marketing-slot-2 widget_block\"><a href=\"https:\/\/www.babyartikel.de\/de\/angebote\" data-track-link-click=\"true\" data-track-name=\"nyoutlet2026-magazin\" data-track-medium=\"banner-magazin-post\" data-track-campaign=\"magazin-banner-nyoutlet2026\" onclick=\"ga('send', 'event', 'banner', 'click', 'magazin-banner-nyoutlet2026');\" style=\"display:block;width:100%;text-align:center;\"><img src=\"https:\/\/media.babyartikel.de\/magazin\/wp-content\/uploads\/2026\/01\/NY-Outlet-10-2026.webp\" alt=\"Sale\" style=\"max-width:100%;\"><\/a><\/div><!-- content-widget --><\/div><p>Normalerweise verzichte ich auf Hautpflegeprodukte (wie Cremes oder &Ouml;l) nach dem Duschen, weil die meisten chemischen Tinkturen der Haut eher schaden, als dass sie Gutes tun. Da meine Haut jetzt aber offensichtlich Unterst&uuml;tzung ben&ouml;tigt, creme ich mich seit einigen Tagen ein. Die fenjal-Bodylotion riecht angenehm dezent, sie l&auml;sst sich gut verteilen und lindert den Juckreiz zumindest f&uuml;r kurze Zeit.<\/p><p>Dieses Pflegeprogramm (b&uuml;rsten, Peeling, cremen) werde ich wahrscheinlich bis zum Ende der Schwangerschaft durchziehen m&uuml;ssen, denn es sieht gerade nicht so aus, als wenn es bald besser wird.<\/p><p>\n Meine neuen und sehr hilfreichen Duschbegleiter.\n<\/p><h3><b>Pickelchen, rote &Auml;derchen und Ausschlag<\/b><\/h3><p>Der Juckreiz und die trockene Haut sind das kleinere &Uuml;bel im Vergleich zu den Hautunreinheiten. Genau wie in der ersten Schwangerschaft ist meine Haut (haupts&auml;chlich auf dem Dekollet&eacute;) mit kleinen Pickelchen, die sich nicht ausdr&uuml;cken lassen, versehen. Das sieht fast aus wie ein Ausschlag ohne R&ouml;tung. Hinzu kommen viele kleine, aufgeplatzte, rote &Auml;derchen &ndash; ebenfalls auf dem Dekollet&eacute;. Im Winter w&auml;re das alles halb so wild &ndash; Rollkragenpulli dr&uuml;ber und gut. Aber jetzt in der Jahreszeit, in der ich am liebsten Tr&auml;gertops trage, &auml;rgert mich das sehr.<\/p><p>Machen kann man nichts dagegen. Auch bei diesen Hautver&auml;nderungen spielen die Hormone eine gro&szlig;e Rolle, so dass Experimente mit Cremes oder &auml;hnlichem kaum etwas bewirken &ndash; wenn man Pech hat, macht es die Sache nur noch schlimmer.<\/p><h3><b>Ziehen M&auml;dchen die Sch&ouml;nheit?<\/b><\/h3><p>Der Volksmund sagt: &bdquo;M&auml;dchen rauben der Mutter die Sch&ouml;nheit, Jungen geben sie ihr.&ldquo; Bei unserem M&auml;dchen&nbsp;haben Haut, K&ouml;rper und die Haare (Haarausfall) tats&auml;chlich unter der Schwangerschaft gelitten. Jetzt ist es (bis auf den Haarausfall) wieder genau so. Hei&szlig;t das ich bekomme wieder ein M&auml;dchen? Das w&auml;re nicht nur praktisch in Hinsicht auf die Wiederverwertung der Anziehsachen, sondern auch sch&ouml;n. Ich w&uuml;rde mich &uuml;ber ein weiteres M&auml;del freuen.<\/p><p>Aber die Aufl&ouml;sung erhalte ich fr&uuml;hestens n&auml;chste Woche, denn erst nach Pfingsten habe ich meinen n&auml;chsten Ultraschall. Bis dahin ist schrubbeln und hibbeln angesagt :)<\/p><p>&nbsp;<\/p><p>&nbsp;<\/p><\/h2>\n","protected":false},"excerpt":{"rendered":"<p>31. Mai 2014Juckreiz und TrockenheitBereits seit Wochen ist meine Haut furchtbar trocken und juckt so heftig, dass ich mich stundenlang kratzen k&ouml;nnte. Vor allem auf dem R&uuml;cken (nat&uuml;rlich an den Stellen, an die ich nicht gut ran komme) und am Bauch. In den letzten Tagen ist es noch mal um einiges schlimmer geworden, so dass [&#8230;]<\/p>\n<p><a class=\"btn btn-secondary understrap-read-more-link\" href=\"https:\/\/www.babyartikel.de\/magazin\/hautveraenderungen-in-der-schwangerschaft-154\">Weiterlesen&#8230;<\/a><\/p>\n","protected":false},"author":6,"featured_media":0,"comment_status":"open","ping_status":"open","sticky":false,"template":"","format":"standard","meta":{"_acf_changed":false,"footnotes":""},"categories":[2802,34],"tags":[1508,3243],"class_list":["post-839","post","type-post","status-publish","format-standard","hentry","category-mamablogger-berichten","category-schwangerschaft","tag-15-ssw","tag-ssw-update"],"acf":[],"yoast_head":"<!-- This site is optimized with the Yoast SEO Premium plugin v27.2 (Yoast SEO v27.2) - https:\/\/yoast.com\/product\/yoast-seo-premium-wordpress\/ -->\n<title>SSW-Update: Hautver\u00e4nderungen in der Schwangerschaft (15. SSW) | Babyartikel.de Magazin<\/title>\n<meta name=\"robots\" content=\"index, follow, max-snippet:-1, max-image-preview:large, max-video-preview:-1\" \/>\n<link rel=\"canonical\" href=\"https:\/\/www.babyartikel.de\/magazin\/hautveraenderungen-in-der-schwangerschaft-154\" \/>\n<meta property=\"og:locale\" content=\"de_DE\" \/>\n<meta property=\"og:type\" content=\"article\" \/>\n<meta property=\"og:title\" content=\"SSW-Update: Hautver\u00e4nderungen in der Schwangerschaft (15. SSW)\" \/>\n<meta property=\"og:description\" content=\"31. Mai 2014Juckreiz und TrockenheitBereits seit Wochen ist meine Haut furchtbar trocken und juckt so heftig, dass ich mich stundenlang kratzen k&ouml;nnte. Vor allem auf dem R&uuml;cken (nat&uuml;rlich an den Stellen, an die ich nicht gut ran komme) und am Bauch. In den letzten Tagen ist es noch mal um einiges schlimmer geworden, so dass [...]Weiterlesen...\" \/>\n<meta property=\"og:url\" content=\"https:\/\/www.babyartikel.de\/magazin\/hautveraenderungen-in-der-schwangerschaft-154\" \/>\n<meta property=\"og:site_name\" content=\"Babyartikel.de Magazin\" \/>\n<meta property=\"article:published_time\" content=\"2014-06-04T06:50:13+00:00\" \/>\n<meta property=\"article:modified_time\" content=\"2017-03-15T11:22:42+00:00\" \/>\n<meta name=\"author\" content=\"Kathrin\" \/>\n<meta name=\"twitter:card\" content=\"summary_large_image\" \/>\n<meta name=\"twitter:label1\" content=\"Verfasst von\" \/>\n\t<meta name=\"twitter:data1\" content=\"Kathrin\" \/>\n\t<meta name=\"twitter:label2\" content=\"Gesch\u00e4tzte Lesezeit\" \/>\n\t<meta name=\"twitter:data2\" content=\"3\u00a0Minuten\" \/>\n<script type=\"application\/ld+json\" class=\"yoast-schema-graph\">{\"@context\":\"https:\/\/schema.org\",\"@graph\":[{\"@type\":\"Article\",\"@id\":\"https:\/\/www.babyartikel.de\/magazin\/hautveraenderungen-in-der-schwangerschaft-154#article\",\"isPartOf\":{\"@id\":\"https:\/\/www.babyartikel.de\/magazin\/hautveraenderungen-in-der-schwangerschaft-154\"},\"author\":{\"name\":\"Kathrin\",\"@id\":\"https:\/\/www.babyartikel.de\/magazin\/#\/schema\/person\/1db11e46f2cc589fbd7acee6c5191911\"},\"headline\":\"SSW-Update: Hautver\u00e4nderungen in der Schwangerschaft (15. SSW)\",\"datePublished\":\"2014-06-04T06:50:13+00:00\",\"dateModified\":\"2017-03-15T11:22:42+00:00\",\"mainEntityOfPage\":{\"@id\":\"https:\/\/www.babyartikel.de\/magazin\/hautveraenderungen-in-der-schwangerschaft-154\"},\"wordCount\":637,\"commentCount\":1,\"keywords\":[\"15. SSW\",\"ssw-update\"],\"articleSection\":[\"Mamablogger berichten\",\"Schwangerschaft\"],\"inLanguage\":\"de\",\"potentialAction\":[{\"@type\":\"CommentAction\",\"name\":\"Comment\",\"target\":[\"https:\/\/www.babyartikel.de\/magazin\/hautveraenderungen-in-der-schwangerschaft-154#respond\"]}]},{\"@type\":\"WebPage\",\"@id\":\"https:\/\/www.babyartikel.de\/magazin\/hautveraenderungen-in-der-schwangerschaft-154\",\"url\":\"https:\/\/www.babyartikel.de\/magazin\/hautveraenderungen-in-der-schwangerschaft-154\",\"name\":\"SSW-Update: Hautver\u00e4nderungen in der Schwangerschaft (15. SSW) | Babyartikel.de Magazin\",\"isPartOf\":{\"@id\":\"https:\/\/www.babyartikel.de\/magazin\/#website\"},\"datePublished\":\"2014-06-04T06:50:13+00:00\",\"dateModified\":\"2017-03-15T11:22:42+00:00\",\"author\":{\"@id\":\"https:\/\/www.babyartikel.de\/magazin\/#\/schema\/person\/1db11e46f2cc589fbd7acee6c5191911\"},\"breadcrumb\":{\"@id\":\"https:\/\/www.babyartikel.de\/magazin\/hautveraenderungen-in-der-schwangerschaft-154#breadcrumb\"},\"inLanguage\":\"de\",\"potentialAction\":[{\"@type\":\"ReadAction\",\"target\":[\"https:\/\/www.babyartikel.de\/magazin\/hautveraenderungen-in-der-schwangerschaft-154\"]}]},{\"@type\":\"BreadcrumbList\",\"@id\":\"https:\/\/www.babyartikel.de\/magazin\/hautveraenderungen-in-der-schwangerschaft-154#breadcrumb\",\"itemListElement\":[{\"@type\":\"ListItem\",\"position\":1,\"name\":\"Startseite\",\"item\":\"https:\/\/www.babyartikel.de\/magazin\"},{\"@type\":\"ListItem\",\"position\":2,\"name\":\"SSW-Update: Hautver\u00e4nderungen in der Schwangerschaft (15. SSW)\"}]},{\"@type\":\"WebSite\",\"@id\":\"https:\/\/www.babyartikel.de\/magazin\/#website\",\"url\":\"https:\/\/www.babyartikel.de\/magazin\/\",\"name\":\"Babyartikel.de Magazin\",\"description\":\"\",\"potentialAction\":[{\"@type\":\"SearchAction\",\"target\":{\"@type\":\"EntryPoint\",\"urlTemplate\":\"https:\/\/www.babyartikel.de\/magazin\/?s={search_term_string}\"},\"query-input\":{\"@type\":\"PropertyValueSpecification\",\"valueRequired\":true,\"valueName\":\"search_term_string\"}}],\"inLanguage\":\"de\"},{\"@type\":\"Person\",\"@id\":\"https:\/\/www.babyartikel.de\/magazin\/#\/schema\/person\/1db11e46f2cc589fbd7acee6c5191911\",\"name\":\"Kathrin\",\"image\":{\"@type\":\"ImageObject\",\"inLanguage\":\"de\",\"@id\":\"https:\/\/secure.gravatar.com\/avatar\/5d45d670bebfbc1b2ddaa9a7bbaedbe41756cbd8db0940323b4d161b32a80ff4?s=96&d=mm&r=g\",\"url\":\"https:\/\/secure.gravatar.com\/avatar\/5d45d670bebfbc1b2ddaa9a7bbaedbe41756cbd8db0940323b4d161b32a80ff4?s=96&d=mm&r=g\",\"contentUrl\":\"https:\/\/secure.gravatar.com\/avatar\/5d45d670bebfbc1b2ddaa9a7bbaedbe41756cbd8db0940323b4d161b32a80ff4?s=96&d=mm&r=g\",\"caption\":\"Kathrin\"},\"description\":\"Ich m\u00f6chte mir und anderen M\u00fcttern Mut machen, der eigenen Intuition zu folgen und nicht gesellschaftlichen Erwartungshaltungen entsprechen zu m\u00fcssen. Ich m\u00f6chte ermuntern auf die individuellen Bed\u00fcrfnisse von Kindern einzugehen. Ihnen zu zuh\u00f6ren. Sie zu verstehen. Ihnen Nestw\u00e4rme zu geben!\",\"sameAs\":[\"http:\/\/www.nestling.org\"],\"url\":\"https:\/\/www.babyartikel.de\/magazin\/author\/nestling\"}]}<\/script>\n<!-- \/ Yoast SEO Premium plugin. -->","yoast_head_json":{"title":"SSW-Update: Hautver\u00e4nderungen in der Schwangerschaft (15. SSW) | Babyartikel.de Magazin","robots":{"index":"index","follow":"follow","max-snippet":"max-snippet:-1","max-image-preview":"max-image-preview:large","max-video-preview":"max-video-preview:-1"},"canonical":"https:\/\/www.babyartikel.de\/magazin\/hautveraenderungen-in-der-schwangerschaft-154","og_locale":"de_DE","og_type":"article","og_title":"SSW-Update: Hautver\u00e4nderungen in der Schwangerschaft (15. SSW)","og_description":"31. Mai 2014Juckreiz und TrockenheitBereits seit Wochen ist meine Haut furchtbar trocken und juckt so heftig, dass ich mich stundenlang kratzen k&ouml;nnte. Vor allem auf dem R&uuml;cken (nat&uuml;rlich an den Stellen, an die ich nicht gut ran komme) und am Bauch. In den letzten Tagen ist es noch mal um einiges schlimmer geworden, so dass [...]Weiterlesen...","og_url":"https:\/\/www.babyartikel.de\/magazin\/hautveraenderungen-in-der-schwangerschaft-154","og_site_name":"Babyartikel.de Magazin","article_published_time":"2014-06-04T06:50:13+00:00","article_modified_time":"2017-03-15T11:22:42+00:00","author":"Kathrin","twitter_card":"summary_large_image","twitter_misc":{"Verfasst von":"Kathrin","Gesch\u00e4tzte Lesezeit":"3\u00a0Minuten"},"schema":{"@context":"https:\/\/schema.org","@graph":[{"@type":"Article","@id":"https:\/\/www.babyartikel.de\/magazin\/hautveraenderungen-in-der-schwangerschaft-154#article","isPartOf":{"@id":"https:\/\/www.babyartikel.de\/magazin\/hautveraenderungen-in-der-schwangerschaft-154"},"author":{"name":"Kathrin","@id":"https:\/\/www.babyartikel.de\/magazin\/#\/schema\/person\/1db11e46f2cc589fbd7acee6c5191911"},"headline":"SSW-Update: Hautver\u00e4nderungen in der Schwangerschaft (15. SSW)","datePublished":"2014-06-04T06:50:13+00:00","dateModified":"2017-03-15T11:22:42+00:00","mainEntityOfPage":{"@id":"https:\/\/www.babyartikel.de\/magazin\/hautveraenderungen-in-der-schwangerschaft-154"},"wordCount":637,"commentCount":1,"keywords":["15. SSW","ssw-update"],"articleSection":["Mamablogger berichten","Schwangerschaft"],"inLanguage":"de","potentialAction":[{"@type":"CommentAction","name":"Comment","target":["https:\/\/www.babyartikel.de\/magazin\/hautveraenderungen-in-der-schwangerschaft-154#respond"]}]},{"@type":"WebPage","@id":"https:\/\/www.babyartikel.de\/magazin\/hautveraenderungen-in-der-schwangerschaft-154","url":"https:\/\/www.babyartikel.de\/magazin\/hautveraenderungen-in-der-schwangerschaft-154","name":"SSW-Update: Hautver\u00e4nderungen in der Schwangerschaft (15. SSW) | Babyartikel.de Magazin","isPartOf":{"@id":"https:\/\/www.babyartikel.de\/magazin\/#website"},"datePublished":"2014-06-04T06:50:13+00:00","dateModified":"2017-03-15T11:22:42+00:00","author":{"@id":"https:\/\/www.babyartikel.de\/magazin\/#\/schema\/person\/1db11e46f2cc589fbd7acee6c5191911"},"breadcrumb":{"@id":"https:\/\/www.babyartikel.de\/magazin\/hautveraenderungen-in-der-schwangerschaft-154#breadcrumb"},"inLanguage":"de","potentialAction":[{"@type":"ReadAction","target":["https:\/\/www.babyartikel.de\/magazin\/hautveraenderungen-in-der-schwangerschaft-154"]}]},{"@type":"BreadcrumbList","@id":"https:\/\/www.babyartikel.de\/magazin\/hautveraenderungen-in-der-schwangerschaft-154#breadcrumb","itemListElement":[{"@type":"ListItem","position":1,"name":"Startseite","item":"https:\/\/www.babyartikel.de\/magazin"},{"@type":"ListItem","position":2,"name":"SSW-Update: Hautver\u00e4nderungen in der Schwangerschaft (15. SSW)"}]},{"@type":"WebSite","@id":"https:\/\/www.babyartikel.de\/magazin\/#website","url":"https:\/\/www.babyartikel.de\/magazin\/","name":"Babyartikel.de Magazin","description":"","potentialAction":[{"@type":"SearchAction","target":{"@type":"EntryPoint","urlTemplate":"https:\/\/www.babyartikel.de\/magazin\/?s={search_term_string}"},"query-input":{"@type":"PropertyValueSpecification","valueRequired":true,"valueName":"search_term_string"}}],"inLanguage":"de"},{"@type":"Person","@id":"https:\/\/www.babyartikel.de\/magazin\/#\/schema\/person\/1db11e46f2cc589fbd7acee6c5191911","name":"Kathrin","image":{"@type":"ImageObject","inLanguage":"de","@id":"https:\/\/secure.gravatar.com\/avatar\/5d45d670bebfbc1b2ddaa9a7bbaedbe41756cbd8db0940323b4d161b32a80ff4?s=96&d=mm&r=g","url":"https:\/\/secure.gravatar.com\/avatar\/5d45d670bebfbc1b2ddaa9a7bbaedbe41756cbd8db0940323b4d161b32a80ff4?s=96&d=mm&r=g","contentUrl":"https:\/\/secure.gravatar.com\/avatar\/5d45d670bebfbc1b2ddaa9a7bbaedbe41756cbd8db0940323b4d161b32a80ff4?s=96&d=mm&r=g","caption":"Kathrin"},"description":"Ich m\u00f6chte mir und anderen M\u00fcttern Mut machen, der eigenen Intuition zu folgen und nicht gesellschaftlichen Erwartungshaltungen entsprechen zu m\u00fcssen. Ich m\u00f6chte ermuntern auf die individuellen Bed\u00fcrfnisse von Kindern einzugehen. Ihnen zu zuh\u00f6ren. Sie zu verstehen. Ihnen Nestw\u00e4rme zu geben!","sameAs":["http:\/\/www.nestling.org"],"url":"https:\/\/www.babyartikel.de\/magazin\/author\/nestling"}]}},"abstract_sku":"","_links":{"self":[{"href":"https:\/\/www.babyartikel.de\/magazin\/wp-json\/wp\/v2\/posts\/839","targetHints":{"allow":["GET"]}}],"collection":[{"href":"https:\/\/www.babyartikel.de\/magazin\/wp-json\/wp\/v2\/posts"}],"about":[{"href":"https:\/\/www.babyartikel.de\/magazin\/wp-json\/wp\/v2\/types\/post"}],"author":[{"embeddable":true,"href":"https:\/\/www.babyartikel.de\/magazin\/wp-json\/wp\/v2\/users\/6"}],"replies":[{"embeddable":true,"href":"https:\/\/www.babyartikel.de\/magazin\/wp-json\/wp\/v2\/comments?post=839"}],"version-history":[{"count":14,"href":"https:\/\/www.babyartikel.de\/magazin\/wp-json\/wp\/v2\/posts\/839\/revisions"}],"predecessor-version":[{"id":822186,"href":"https:\/\/www.babyartikel.de\/magazin\/wp-json\/wp\/v2\/posts\/839\/revisions\/822186"}],"wp:attachment":[{"href":"https:\/\/www.babyartikel.de\/magazin\/wp-json\/wp\/v2\/media?parent=839"}],"wp:term":[{"taxonomy":"category","embeddable":true,"href":"https:\/\/www.babyartikel.de\/magazin\/wp-json\/wp\/v2\/categories?post=839"},{"taxonomy":"post_tag","embeddable":true,"href":"https:\/\/www.babyartikel.de\/magazin\/wp-json\/wp\/v2\/tags?post=839"}],"curies":[{"name":"wp","href":"https:\/\/api.w.org\/{rel}","templated":true}]}}