
{"id":839338,"date":"2021-08-04T18:45:00","date_gmt":"2021-08-04T16:45:00","guid":{"rendered":"https:\/\/www.babyartikel.de\/magazin\/?p=839338"},"modified":"2025-08-22T12:01:20","modified_gmt":"2025-08-22T10:01:20","slug":"papa-und-sein-stillkind","status":"publish","type":"post","link":"https:\/\/www.babyartikel.de\/magazin\/papa-und-sein-stillkind","title":{"rendered":"Papa und sein Stillkind &#8211; Wie ich die Stillzeit wahrgenommen habe"},"content":{"rendered":"<p>Ein relativ weit verbreiteter Gemeinplatz ist, dass die Stillzeit Mutter und Kind allein geh&ouml;rt. Da kann ich nur sagen: Das stimmt so nicht! Auch f&uuml;r frischgebackene Papas k&ouml;nnen die Momente, in denen das Baby gestillt wird, gro&szlig;artig sein. Und im Notfall geht es dank Abpumpen und Fl&auml;schchen auch ohne die Mama. In diesem Text beschreibe ich Dir meine pers&ouml;nlichen Erfahrungen als Papa eines Stillkindes.<div id=\"ez-toc-container\" class=\"ez-toc-v2_0_82_2 counter-flat ez-toc-counter ez-toc-white ez-toc-container-direction\">\n<div class=\"ez-toc-title-container\">\n<p class=\"ez-toc-title\" style=\"cursor:inherit\">Inhaltsverzeichnis<\/p>\n<span class=\"ez-toc-title-toggle\"><a href=\"#\" class=\"ez-toc-pull-right ez-toc-btn ez-toc-btn-xs ez-toc-btn-default ez-toc-toggle\" aria-label=\"Toggle Table of Content\"><span class=\"ez-toc-js-icon-con\"><span class=\"\"><span class=\"eztoc-hide\" style=\"display:none;\">Toggle<\/span><span class=\"ez-toc-icon-toggle-span\"><svg style=\"fill: #999;color:#999\" xmlns=\"http:\/\/www.w3.org\/2000\/svg\" class=\"list-377408\" width=\"20px\" height=\"20px\" viewBox=\"0 0 24 24\" fill=\"none\"><path d=\"M6 6H4v2h2V6zm14 0H8v2h12V6zM4 11h2v2H4v-2zm16 0H8v2h12v-2zM4 16h2v2H4v-2zm16 0H8v2h12v-2z\" fill=\"currentColor\"><\/path><\/svg><svg style=\"fill: #999;color:#999\" class=\"arrow-unsorted-368013\" xmlns=\"http:\/\/www.w3.org\/2000\/svg\" width=\"10px\" height=\"10px\" viewBox=\"0 0 24 24\" version=\"1.2\" baseProfile=\"tiny\"><path d=\"M18.2 9.3l-6.2-6.3-6.2 6.3c-.2.2-.3.4-.3.7s.1.5.3.7c.2.2.4.3.7.3h11c.3 0 .5-.1.7-.3.2-.2.3-.5.3-.7s-.1-.5-.3-.7zM5.8 14.7l6.2 6.3 6.2-6.3c.2-.2.3-.5.3-.7s-.1-.5-.3-.7c-.2-.2-.4-.3-.7-.3h-11c-.3 0-.5.1-.7.3-.2.2-.3.5-.3.7s.1.5.3.7z\"\/><\/svg><\/span><\/span><\/span><\/a><\/span><\/div>\n<nav><ul class='ez-toc-list ez-toc-list-level-1 ' ><li class='ez-toc-page-1'><a class=\"ez-toc-link ez-toc-heading-1\" href=\"https:\/\/www.babyartikel.de\/magazin\/papa-und-sein-stillkind\/#Beobachter_sein_und_Ruhe_und_Geborgenheit_geniessen\" >Beobachter sein und Ruhe und Geborgenheit genie&szlig;en<\/a><\/li><li class='ez-toc-page-1'><a class=\"ez-toc-link ez-toc-heading-2\" href=\"https:\/\/www.babyartikel.de\/magazin\/papa-und-sein-stillkind\/#Stillzeit_sinnvoll_nutzen\" >Stillzeit sinnvoll nutzen<\/a><\/li><li class='ez-toc-page-1'><a class=\"ez-toc-link ez-toc-heading-3\" href=\"https:\/\/www.babyartikel.de\/magazin\/papa-und-sein-stillkind\/#Das_Stillkind_bei_Papa_lassen\" >Das Stillkind bei Papa lassen<\/a><\/li><li class='ez-toc-page-1'><a class=\"ez-toc-link ez-toc-heading-4\" href=\"https:\/\/www.babyartikel.de\/magazin\/papa-und-sein-stillkind\/#Gemeinsam_die_Stillzeit_geniessen\" >Gemeinsam die Stillzeit genie&szlig;en<\/a><\/li><\/ul><\/nav><\/div>\n<h2 class=\"wp-block-heading\" id=\"h-beobachter-sein-und-ruhe-und-geborgenheit-genie-en\"><span class=\"ez-toc-section\" id=\"Beobachter_sein_und_Ruhe_und_Geborgenheit_geniessen\"><\/span>Beobachter sein und Ruhe und Geborgenheit genie&szlig;en<span class=\"ez-toc-section-end\"><\/span><\/h2><p>Gerade in den ersten Wochen nach der Geburt, k&ouml;nnen die Momente, in denen Dein Baby gestillt wird, seltene Momente der Ruhe und Geborgenheit sein. Nicht nur f&uuml;r Mutter und Baby, sondern auch f&uuml;r den Papa. Mein Rat: Nutze diese Situationen und geselle Dich als junger Vater zum Still-Duo dazu.<\/p><p>Ich habe es so gehalten, dass ich mich des &Ouml;fteren sehr vorsichtig dazugelegt &ndash; oder gesetzt habe. Einfach, um dabei zu sein. Klar, beim eigentlichen Vorgang des Stillens kann ein Mann nicht mitmachen. Trotzdem ist es sch&ouml;n, einfach nur dabei zu sein und dem Wonneproppen dabei zuzuschauen, wie er genie&szlig;t. Macht es Euch bequem. Vielleicht nicken alle drei, Baby, Mama und Papa dabei friedlich ein?<\/p><div class=\"marketing-slot\"><div id=\"block-18\" class=\"content-post-widget marketing-slot-1 widget_block\"><a href=\"#\" class=\"newsletter_popup\" style=\"\n  display: inline-block;\n  box-shadow: 0 4px 10px rgba(0,0,0,0.1);\n  margin: 20px auto;\n  max-width: 800px;\n  width: 100%;\">\n  <img src=\"https:\/\/media.babyartikel.de\/magazin\/wp-content\/uploads\/2025\/08\/NL-Banner-Magazin-8-25.webp\" alt=\"Newsletter Banner\" style=\"\n    width: 100%;\n    height: auto;\n    display: block;\" onclick=\"ga('send', 'event', 'banner', 'click', 'magazin-banner-newsletter-8-25');\">\n<\/a>\n\n\t<!-- Modal -->\n\t<div class=\"modal fade modal_popup\" id=\"newsletter_popup\" tabindex=\"-1\" aria-labelledby=\"exampleModalLabel\" aria-hidden=\"true\">\n\t\t<div class=\"modal-dialog modal-dialog-centered modal-dialog-scrollable\">\n\t\t\t<div class=\"modal-content\">\n\t\t\t\t<div class=\"modal-header small-header\">\n\t\t\t\t\t<h5 class=\"modal-title\" id=\"newsletterModalLabel\">\n\t\t\t\t\t\tNewsletter\t\t\t\t\t<\/h5>\n\t\t\t\t\t<button type=\"button\" class=\"btn-close small-close\" data-bs-dismiss=\"modal\" aria-label=\"Close\"><\/button>\n\t\t\t\t<\/div>\n\n\t\t\t\t<div class=\"modal-body\">\n\t\t\t\t\t\t<div class=\"newsletterForm-embed popup-form\">\n        <form name=\"newsletterSubscriptionForm\" id=\"newsletter_popup_69f52e214095a_form\" data-newsletter-id=\"newsletter_popup_69f52e214095a\" method=\"POST\">\n\n\t\t\t<input type=\"text\" name=\"website\" class=\"hidden\" tabindex=\"-1\" autocomplete=\"off\" style=\"position:absolute;left:-9999px;\">\n\t\t\t<input type=\"hidden\" name=\"ts\" value=\"1777675809\">\n\n\t\t\t                <input type=\"hidden\" name=\"emarsys-event-id\" value=\"3756\">\n            \n            \t\t\t<div class=\"mb-3\">\n\t\t\t\t<label for=\"date\" class=\"form-label\">Geburtstag\/ -termin Deines Babys<\/label>\n                <input type=\"date\" name=\"date\" class=\"input input--expand form-control\" required>\n\t\t\t<\/div>\n            \n\t\t\t<div class=\"mb-3\">\n\t\t\t\t<label for=\"email\" class=\"form-label\">E-Mail-Adresse<\/label>\n\t\t\t\t<input type=\"email\" name=\"email\" placeholder=\"E-Mail-Adresse\" class=\"input input--expand form-control\" required>\n\t\t\t<\/div>\n\n\t\t\t\t\t\t\t<button type=\"submit\" class=\"btn btn-primary\">Absenden<\/button>\n\t\t\t\n\t\t\t\t\t\t\t<div class=\"small mt-3\" style=\"font-weight:normal;\">\n\t\t\t\t\t\n\t\t\t<div class=\"mt-3\">\n\t\t\t\tJa, ich m&ouml;chte den Newsletter von Babyartikel.de erhalten und &uuml;ber Aktionen informiert werden.\n  Dabei darf mein Nutzungsverhalten (z. B. &Ouml;ffnungen und Klicks) zur Personalisierung ausgewertet werden.\n  Mehr finde ich in der <a href=\"\/de\/datenschutz\" style=\"text-decoration:underline\">Datenschutzerkl&auml;rung<\/a>.\n\t\t\t<\/div>\n\t\t\t\t\t\t<\/div>\n\t\t\t\n\t\t\t\t\t\t\t<div class=\"small mb-3 mt-3\" style=\"font-weight:normal;\">\n\t\t\t\t\tJederzeit abbestellbar | <a href=\"\/de\/datenschutz\" style=\"text-decoration:underline\">\n\t\t\t\t\t\tDatenschutzerkl&auml;rung\n\t\t\t\t\t<\/a>\n\t\t\t\t<\/div>\n\t\t\t\n        <\/form>\n    <\/div>\n\t\n\t\t\t\t\t<div class=\"response-messages_newsletter_popup_69f52e214095a\">\n\t\t\t\t\t\t<div class=\"alert alert-success success mt-3 mb-3 d-none\">\n\t\t\t\t\t\t\tNur noch ein Klick! Best&auml;tige Deine Anmeldung in der E-Mail, die du gleich erh&auml;ltst.\t\t\t\t\t\t<\/div>\n\t\t\t\t\t\t<div class=\"error mt-3 mb-3 d-none\">\n\t\t\t\t\t\t\t<div class=\"alert alert-danger \">\n\t\t\t\t\t\t\t\tEin Fehler ist aufgetreten. Bitte versuche es sp&auml;ter erneut.\t\t\t\t\t\t\t<\/div>\n\t\t\t\t\t\t<\/div>\n\t\t\t\t\t\t<div class=\"alert alert-danger other-2007 mt-3 mb-3 d-none\">\n\t\t\t\t\t\t\tUng&Atilde;&frac14;ltiges Datumsformat\t\t\t\t\t\t<\/div>\n\t\t\t\t\t<\/div>\n\t\t\t\t<\/div>\n\t\t\t<\/div>\n\t\t<\/div>\n\t<\/div>\n\n\t<\/div><!-- content-widget --><\/div><p><strong>Die Rolle des Vaters ist gezwungenerma&szlig;en lediglich die des Zuschauers. Aber wenn Du diese Rolle annimmst, ist es toll dabei zu sein und diese friedlichen Momente zu genie&szlig;en.<\/strong> Vielleicht h&auml;lt Dein Baby mal einen Deiner Finger, wenn es was zum &bdquo;Festhalten&ldquo; braucht. Au&szlig;erdem kannst Du Dein kleines Wunder auch beim Stillen sanft streicheln. Immer mit der gebotenen Vorsicht und R&uuml;cksicht.<\/p><h2 class=\"wp-block-heading\" id=\"h-stillzeit-sinnvoll-nutzen\"><span class=\"ez-toc-section\" id=\"Stillzeit_sinnvoll_nutzen\"><\/span>Stillzeit sinnvoll nutzen<span class=\"ez-toc-section-end\"><\/span><\/h2><p>Nat&uuml;rlich kann man als Papa nicht immer dabei sein. Manchmal muss man, Stillkind und Mama diesen friedlichen Moment zu Zweit einfach genie&szlig;en lassen. Das ist dann Deine Gelegenheit, kurz durchzuatmen. Gerade in der ersten Zeit nach der Geburt ist es ja oft stressig. Viele neue Eindr&uuml;cke prasseln auf Euch ein und eine komplett andere Situation ist Zuhause entstanden. Da lohnt es sich, auch mal f&uuml;r einen Moment zu reflektieren und sich auszuruhen.<\/p><div class=\"postslot1\">[articles]<link rel=\"stylesheet\" href=\"https:\/\/cdn.jsdelivr.net\/npm\/swiper@8\/swiper-bundle.min.css\"><\/div><div class=\"marketing-slot\"><div id=\"block-25\" class=\"content-post-widget marketing-slot-2 widget_block\"><a href=\"https:\/\/www.babyartikel.de\/de\/angebote\" data-track-link-click=\"true\" data-track-name=\"nyoutlet2026-magazin\" data-track-medium=\"banner-magazin-post\" data-track-campaign=\"magazin-banner-nyoutlet2026\" onclick=\"ga('send', 'event', 'banner', 'click', 'magazin-banner-nyoutlet2026');\" style=\"display:block;width:100%;text-align:center;\"><img src=\"https:\/\/media.babyartikel.de\/magazin\/wp-content\/uploads\/2026\/01\/NY-Outlet-10-2026.webp\" alt=\"Sale\" style=\"max-width:100%;\"><\/a><\/div><!-- content-widget --><\/div><p>Oder Du nutzt den Stillmoment anders aus, <strong>machst Dich n&uuml;tzlich und erledigst etwas im Haushalt<\/strong>. Es gibt ja immer etwas zu tun und vielleicht ist nun der richtige Augenblick, einen Teil davon zu erledigen. Kein Mann bricht sich einen Zacken aus der Krone, wenn er w&auml;hrend einer l&auml;ngeren Still-Einheit mal einkaufen geht oder die K&uuml;che aufr&auml;umt. Ger&auml;uschvolle T&auml;tigkeiten wie Staubsaugen oder Rasenm&auml;hen sind dagegen erfahrungsgem&auml;&szlig; eher unangebracht. <\/p><p>Wobei es auch Babys geben soll, die das monotone Ger&auml;usch eines Staubsaugers m&ouml;gen. Probiere es einfach mal aus.<\/p><h2 class=\"wp-block-heading\" id=\"h-das-stillkind-bei-papa-lassen\"><span class=\"ez-toc-section\" id=\"Das_Stillkind_bei_Papa_lassen\"><\/span>Das Stillkind bei Papa lassen<span class=\"ez-toc-section-end\"><\/span><\/h2><p>Du hast also viele M&ouml;glichkeiten, die Zeit beim Stillen zu nutzen. Dein gro&szlig;er Moment kommt sp&auml;ter. Ich rede von dem Moment, in dem Du mal mit Deinem Baby allein bist, weil die Mama im B&uuml;ro, bei einer Freundin oder anderweitig besch&auml;ftigt und nicht anwesend ist. Und Dein Baby bekommt just in diesem Moment Hunger. Garantiert! <\/p><p><strong>Super ist es, wenn Mama und Papa auf diese Situation vorbereitet sind.<\/strong> Vielleicht pumpt die Mama sowieso schon manchmal Muttermilch ab. F&uuml;r die Gelegenheiten, in denen Papa mal allein mit dem Baby sein sollte, ist <a href=\"https:\/\/www.babyartikel.de\/magazin\/muttermilch-abpumpen\">Abpumpen<\/a> auf jeden Fall eine &Uuml;berlegung wert. Die Muttermilch h&auml;lt sich ja gut verpackt und gek&uuml;hlt &uuml;ber einen l&auml;ngeren Zeitraum. Diese Milch kann dann der Papa im Fl&auml;schchen verf&uuml;ttern.<\/p><p>Ich m&ouml;chte nicht einsteigen in die teilweise hitzig gef&uuml;hrte Debatte &uuml;ber <a href=\"https:\/\/www.babyartikel.de\/magazin\/immer-wieder-ein-wirres-thema-die-saugverwirrung\">Saugverwirrung<\/a> etc. Ich denke, dass es f&uuml;r ein paar Ausnahmen in der wom&ouml;glich langen Stillzeit nicht schlimm ist, Muttermilch ausnahmsweise &uuml;bers Fl&auml;schchen zu geben. Meiner ganz pers&ouml;nlichen Meinung nach bedeutet es f&uuml;r den noch sehr jungen K&ouml;rper des Babys eine gr&ouml;&szlig;ere Verwirrung, wenn hier pl&ouml;tzlich Milchpulvernahrung ank&auml;me. Die Verdauung muss sich ja erstmal richtig herausbilden. <\/p><h2 class=\"wp-block-heading\" id=\"h-gemeinsam-die-stillzeit-genie-en\"><span class=\"ez-toc-section\" id=\"Gemeinsam_die_Stillzeit_geniessen\"><\/span>Gemeinsam die Stillzeit genie&szlig;en<span class=\"ez-toc-section-end\"><\/span><\/h2><p>F&uuml;r mich war es ein sch&ouml;nes Gef&uuml;hl, meine Kleine auch mal zu f&uuml;ttern. Auch wenn es &bdquo;nur&ldquo; mit dem Fl&auml;schchen war. Ich bilde mir ein, dass es auch f&uuml;r sie ein sch&ouml;ner Moment war. Nat&uuml;rlich anders als mit ihrer Mama beim Stillen, aber auf unsere Weise trotzdem unvergesslich.<\/p><hr class=\"wp-block-separator\"><p>Ich w&uuml;nsche Dir, der Mama und Deinem Baby eine tolle Stillzeit. Gestaltet sie ganz nach Euren Vorstellungen und so, dass es Euch dabei gut geht. <\/p><div class=\"credits-overlay\" data-target=\".wp-image-841706\"><a href=\"#\" target=\"_blank\">&copy; svetlana &ndash; stock.adobe.com<\/a><\/div><\/p>\n","protected":false},"excerpt":{"rendered":"<p>Ein relativ weit verbreiteter Gemeinplatz ist, dass die Stillzeit Mutter und Kind allein geh&ouml;rt. Da kann ich nur sagen: Das stimmt so nicht! Auch f&uuml;r frischgebackene Papas k&ouml;nnen die Momente, in denen das Baby gestillt wird, gro&szlig;artig sein. Und im Notfall geht es dank Abpumpen und Fl&auml;schchen auch ohne die Mama. In diesem Text beschreibe [&#8230;]<\/p>\n<p><a class=\"btn btn-secondary understrap-read-more-link\" href=\"https:\/\/www.babyartikel.de\/magazin\/papa-und-sein-stillkind\">Weiterlesen&#8230;<\/a><\/p>\n","protected":false},"author":116,"featured_media":841706,"comment_status":"open","ping_status":"closed","sticky":false,"template":"","format":"standard","meta":{"_acf_changed":false,"footnotes":""},"categories":[79,2817,20990,2816],"tags":[3413,240],"class_list":["post-839338","post","type-post","status-publish","format-standard","has-post-thumbnail","hentry","category-baby","category-baby-ernaehrung","category-papas-erzaehlen","category-stillen","tag-papa","tag-stillen"],"acf":[],"yoast_head":"<!-- This site is optimized with the Yoast SEO Premium plugin v27.2 (Yoast SEO v27.2) - https:\/\/yoast.com\/product\/yoast-seo-premium-wordpress\/ -->\n<title>Papa und sein Stillkind - Wie ich die Stillzeit wahrgenommen habe | Babyartikel.de Magazin<\/title>\n<meta name=\"description\" content=\"Beim Stillen haben V\u00e4ter nichts zu suchen? Stimmt nicht, meint Papa Sebastian. Er hat sich oft dazu gesellt und den Moment der Ruhe genossen.\" \/>\n<meta name=\"robots\" content=\"index, follow, max-snippet:-1, max-image-preview:large, max-video-preview:-1\" \/>\n<link rel=\"canonical\" href=\"https:\/\/www.babyartikel.de\/magazin\/papa-und-sein-stillkind\" \/>\n<meta property=\"og:locale\" content=\"de_DE\" \/>\n<meta property=\"og:type\" content=\"article\" \/>\n<meta property=\"og:title\" content=\"Papa und sein Stillkind - Wie ich die Stillzeit wahrgenommen habe\" \/>\n<meta property=\"og:description\" content=\"Beim Stillen haben V\u00e4ter nichts zu suchen? Stimmt nicht, meint Papa Sebastian. Er hat sich oft dazu gesellt und den Moment der Ruhe genossen.\" \/>\n<meta property=\"og:url\" content=\"https:\/\/www.babyartikel.de\/magazin\/papa-und-sein-stillkind\" \/>\n<meta property=\"og:site_name\" content=\"Babyartikel.de Magazin\" \/>\n<meta property=\"article:published_time\" content=\"2021-08-04T16:45:00+00:00\" \/>\n<meta property=\"article:modified_time\" content=\"2025-08-22T10:01:20+00:00\" \/>\n<meta property=\"og:image\" content=\"https:\/\/media.babyartikel.de\/magazin\/wp-content\/uploads\/2021\/08\/AdobeStock_278710656-scaled.jpeg\" \/>\n\t<meta property=\"og:image:width\" content=\"2560\" \/>\n\t<meta property=\"og:image:height\" content=\"1707\" \/>\n\t<meta property=\"og:image:type\" content=\"image\/jpeg\" \/>\n<meta name=\"author\" content=\"Sebastian\" \/>\n<meta name=\"twitter:card\" content=\"summary_large_image\" \/>\n<meta name=\"twitter:label1\" content=\"Verfasst von\" \/>\n\t<meta name=\"twitter:data1\" content=\"Sebastian\" \/>\n\t<meta name=\"twitter:label2\" content=\"Gesch\u00e4tzte Lesezeit\" \/>\n\t<meta name=\"twitter:data2\" content=\"3\u00a0Minuten\" \/>\n<script type=\"application\/ld+json\" class=\"yoast-schema-graph\">{\"@context\":\"https:\/\/schema.org\",\"@graph\":[{\"@type\":\"Article\",\"@id\":\"https:\/\/www.babyartikel.de\/magazin\/papa-und-sein-stillkind#article\",\"isPartOf\":{\"@id\":\"https:\/\/www.babyartikel.de\/magazin\/papa-und-sein-stillkind\"},\"author\":{\"name\":\"Sebastian\",\"@id\":\"https:\/\/www.babyartikel.de\/magazin\/#\/schema\/person\/46e52917397107b3477134aa4a959524\"},\"headline\":\"Papa und sein Stillkind &#8211; Wie ich die Stillzeit wahrgenommen habe\",\"datePublished\":\"2021-08-04T16:45:00+00:00\",\"dateModified\":\"2025-08-22T10:01:20+00:00\",\"mainEntityOfPage\":{\"@id\":\"https:\/\/www.babyartikel.de\/magazin\/papa-und-sein-stillkind\"},\"wordCount\":745,\"commentCount\":0,\"image\":{\"@id\":\"https:\/\/www.babyartikel.de\/magazin\/papa-und-sein-stillkind#primaryimage\"},\"thumbnailUrl\":\"https:\/\/media.babyartikel.de\/magazin\/wp-content\/uploads\/2021\/08\/AdobeStock_278710656-scaled.jpeg\",\"keywords\":[\"papa\",\"stillen\"],\"articleSection\":[\"Baby\",\"Baby-Ern\u00e4hrung\",\"Papas erz\u00e4hlen\",\"Stillen\"],\"inLanguage\":\"de\",\"potentialAction\":[{\"@type\":\"CommentAction\",\"name\":\"Comment\",\"target\":[\"https:\/\/www.babyartikel.de\/magazin\/papa-und-sein-stillkind#respond\"]}]},{\"@type\":\"WebPage\",\"@id\":\"https:\/\/www.babyartikel.de\/magazin\/papa-und-sein-stillkind\",\"url\":\"https:\/\/www.babyartikel.de\/magazin\/papa-und-sein-stillkind\",\"name\":\"Papa und sein Stillkind - Wie ich die Stillzeit wahrgenommen habe | Babyartikel.de Magazin\",\"isPartOf\":{\"@id\":\"https:\/\/www.babyartikel.de\/magazin\/#website\"},\"primaryImageOfPage\":{\"@id\":\"https:\/\/www.babyartikel.de\/magazin\/papa-und-sein-stillkind#primaryimage\"},\"image\":{\"@id\":\"https:\/\/www.babyartikel.de\/magazin\/papa-und-sein-stillkind#primaryimage\"},\"thumbnailUrl\":\"https:\/\/media.babyartikel.de\/magazin\/wp-content\/uploads\/2021\/08\/AdobeStock_278710656-scaled.jpeg\",\"datePublished\":\"2021-08-04T16:45:00+00:00\",\"dateModified\":\"2025-08-22T10:01:20+00:00\",\"author\":{\"@id\":\"https:\/\/www.babyartikel.de\/magazin\/#\/schema\/person\/46e52917397107b3477134aa4a959524\"},\"description\":\"Beim Stillen haben V\u00e4ter nichts zu suchen? Stimmt nicht, meint Papa Sebastian. Er hat sich oft dazu gesellt und den Moment der Ruhe genossen.\",\"breadcrumb\":{\"@id\":\"https:\/\/www.babyartikel.de\/magazin\/papa-und-sein-stillkind#breadcrumb\"},\"inLanguage\":\"de\",\"potentialAction\":[{\"@type\":\"ReadAction\",\"target\":[\"https:\/\/www.babyartikel.de\/magazin\/papa-und-sein-stillkind\"]}]},{\"@type\":\"ImageObject\",\"inLanguage\":\"de\",\"@id\":\"https:\/\/www.babyartikel.de\/magazin\/papa-und-sein-stillkind#primaryimage\",\"url\":\"https:\/\/media.babyartikel.de\/magazin\/wp-content\/uploads\/2021\/08\/AdobeStock_278710656-scaled.jpeg\",\"contentUrl\":\"https:\/\/media.babyartikel.de\/magazin\/wp-content\/uploads\/2021\/08\/AdobeStock_278710656-scaled.jpeg\",\"width\":2560,\"height\":1707,\"caption\":\"mama papa und stillkind,\"},{\"@type\":\"BreadcrumbList\",\"@id\":\"https:\/\/www.babyartikel.de\/magazin\/papa-und-sein-stillkind#breadcrumb\",\"itemListElement\":[{\"@type\":\"ListItem\",\"position\":1,\"name\":\"Startseite\",\"item\":\"https:\/\/www.babyartikel.de\/magazin\"},{\"@type\":\"ListItem\",\"position\":2,\"name\":\"Papa und sein Stillkind &#8211; Wie ich die Stillzeit wahrgenommen habe\"}]},{\"@type\":\"WebSite\",\"@id\":\"https:\/\/www.babyartikel.de\/magazin\/#website\",\"url\":\"https:\/\/www.babyartikel.de\/magazin\/\",\"name\":\"Babyartikel.de Magazin\",\"description\":\"\",\"potentialAction\":[{\"@type\":\"SearchAction\",\"target\":{\"@type\":\"EntryPoint\",\"urlTemplate\":\"https:\/\/www.babyartikel.de\/magazin\/?s={search_term_string}\"},\"query-input\":{\"@type\":\"PropertyValueSpecification\",\"valueRequired\":true,\"valueName\":\"search_term_string\"}}],\"inLanguage\":\"de\"},{\"@type\":\"Person\",\"@id\":\"https:\/\/www.babyartikel.de\/magazin\/#\/schema\/person\/46e52917397107b3477134aa4a959524\",\"name\":\"Sebastian\",\"image\":{\"@type\":\"ImageObject\",\"inLanguage\":\"de\",\"@id\":\"https:\/\/media.babyartikel.de\/magazin\/wp-content\/uploads\/2020\/11\/IMG-20190620-WA0014-e1605521666932-150x150.jpg\",\"url\":\"https:\/\/media.babyartikel.de\/magazin\/wp-content\/uploads\/2020\/11\/IMG-20190620-WA0014-e1605521666932-150x150.jpg\",\"contentUrl\":\"https:\/\/media.babyartikel.de\/magazin\/wp-content\/uploads\/2020\/11\/IMG-20190620-WA0014-e1605521666932-150x150.jpg\",\"caption\":\"Sebastian\"},\"description\":\"Ich bin seit 2018 Papa und m\u00f6chte meine Erfahrungen als Vater gern teilen. Ich richte mich damit nat\u00fcrlich nicht nur an angehende V\u00e4ter, sondern auch an die eine oder andere Mutter, die sich f\u00fcr eine andere Perspektive interessiert.\",\"url\":\"https:\/\/www.babyartikel.de\/magazin\/author\/sebastian\"}]}<\/script>\n<!-- \/ Yoast SEO Premium plugin. -->","yoast_head_json":{"title":"Papa und sein Stillkind - Wie ich die Stillzeit wahrgenommen habe | Babyartikel.de Magazin","description":"Beim Stillen haben V\u00e4ter nichts zu suchen? Stimmt nicht, meint Papa Sebastian. Er hat sich oft dazu gesellt und den Moment der Ruhe genossen.","robots":{"index":"index","follow":"follow","max-snippet":"max-snippet:-1","max-image-preview":"max-image-preview:large","max-video-preview":"max-video-preview:-1"},"canonical":"https:\/\/www.babyartikel.de\/magazin\/papa-und-sein-stillkind","og_locale":"de_DE","og_type":"article","og_title":"Papa und sein Stillkind - Wie ich die Stillzeit wahrgenommen habe","og_description":"Beim Stillen haben V\u00e4ter nichts zu suchen? Stimmt nicht, meint Papa Sebastian. Er hat sich oft dazu gesellt und den Moment der Ruhe genossen.","og_url":"https:\/\/www.babyartikel.de\/magazin\/papa-und-sein-stillkind","og_site_name":"Babyartikel.de Magazin","article_published_time":"2021-08-04T16:45:00+00:00","article_modified_time":"2025-08-22T10:01:20+00:00","og_image":[{"width":2560,"height":1707,"url":"https:\/\/media.babyartikel.de\/magazin\/wp-content\/uploads\/2021\/08\/AdobeStock_278710656-scaled.jpeg","type":"image\/jpeg"}],"author":"Sebastian","twitter_card":"summary_large_image","twitter_misc":{"Verfasst von":"Sebastian","Gesch\u00e4tzte Lesezeit":"3\u00a0Minuten"},"schema":{"@context":"https:\/\/schema.org","@graph":[{"@type":"Article","@id":"https:\/\/www.babyartikel.de\/magazin\/papa-und-sein-stillkind#article","isPartOf":{"@id":"https:\/\/www.babyartikel.de\/magazin\/papa-und-sein-stillkind"},"author":{"name":"Sebastian","@id":"https:\/\/www.babyartikel.de\/magazin\/#\/schema\/person\/46e52917397107b3477134aa4a959524"},"headline":"Papa und sein Stillkind &#8211; Wie ich die Stillzeit wahrgenommen habe","datePublished":"2021-08-04T16:45:00+00:00","dateModified":"2025-08-22T10:01:20+00:00","mainEntityOfPage":{"@id":"https:\/\/www.babyartikel.de\/magazin\/papa-und-sein-stillkind"},"wordCount":745,"commentCount":0,"image":{"@id":"https:\/\/www.babyartikel.de\/magazin\/papa-und-sein-stillkind#primaryimage"},"thumbnailUrl":"https:\/\/media.babyartikel.de\/magazin\/wp-content\/uploads\/2021\/08\/AdobeStock_278710656-scaled.jpeg","keywords":["papa","stillen"],"articleSection":["Baby","Baby-Ern\u00e4hrung","Papas erz\u00e4hlen","Stillen"],"inLanguage":"de","potentialAction":[{"@type":"CommentAction","name":"Comment","target":["https:\/\/www.babyartikel.de\/magazin\/papa-und-sein-stillkind#respond"]}]},{"@type":"WebPage","@id":"https:\/\/www.babyartikel.de\/magazin\/papa-und-sein-stillkind","url":"https:\/\/www.babyartikel.de\/magazin\/papa-und-sein-stillkind","name":"Papa und sein Stillkind - Wie ich die Stillzeit wahrgenommen habe | Babyartikel.de Magazin","isPartOf":{"@id":"https:\/\/www.babyartikel.de\/magazin\/#website"},"primaryImageOfPage":{"@id":"https:\/\/www.babyartikel.de\/magazin\/papa-und-sein-stillkind#primaryimage"},"image":{"@id":"https:\/\/www.babyartikel.de\/magazin\/papa-und-sein-stillkind#primaryimage"},"thumbnailUrl":"https:\/\/media.babyartikel.de\/magazin\/wp-content\/uploads\/2021\/08\/AdobeStock_278710656-scaled.jpeg","datePublished":"2021-08-04T16:45:00+00:00","dateModified":"2025-08-22T10:01:20+00:00","author":{"@id":"https:\/\/www.babyartikel.de\/magazin\/#\/schema\/person\/46e52917397107b3477134aa4a959524"},"description":"Beim Stillen haben V\u00e4ter nichts zu suchen? Stimmt nicht, meint Papa Sebastian. Er hat sich oft dazu gesellt und den Moment der Ruhe genossen.","breadcrumb":{"@id":"https:\/\/www.babyartikel.de\/magazin\/papa-und-sein-stillkind#breadcrumb"},"inLanguage":"de","potentialAction":[{"@type":"ReadAction","target":["https:\/\/www.babyartikel.de\/magazin\/papa-und-sein-stillkind"]}]},{"@type":"ImageObject","inLanguage":"de","@id":"https:\/\/www.babyartikel.de\/magazin\/papa-und-sein-stillkind#primaryimage","url":"https:\/\/media.babyartikel.de\/magazin\/wp-content\/uploads\/2021\/08\/AdobeStock_278710656-scaled.jpeg","contentUrl":"https:\/\/media.babyartikel.de\/magazin\/wp-content\/uploads\/2021\/08\/AdobeStock_278710656-scaled.jpeg","width":2560,"height":1707,"caption":"mama papa und stillkind,"},{"@type":"BreadcrumbList","@id":"https:\/\/www.babyartikel.de\/magazin\/papa-und-sein-stillkind#breadcrumb","itemListElement":[{"@type":"ListItem","position":1,"name":"Startseite","item":"https:\/\/www.babyartikel.de\/magazin"},{"@type":"ListItem","position":2,"name":"Papa und sein Stillkind &#8211; Wie ich die Stillzeit wahrgenommen habe"}]},{"@type":"WebSite","@id":"https:\/\/www.babyartikel.de\/magazin\/#website","url":"https:\/\/www.babyartikel.de\/magazin\/","name":"Babyartikel.de Magazin","description":"","potentialAction":[{"@type":"SearchAction","target":{"@type":"EntryPoint","urlTemplate":"https:\/\/www.babyartikel.de\/magazin\/?s={search_term_string}"},"query-input":{"@type":"PropertyValueSpecification","valueRequired":true,"valueName":"search_term_string"}}],"inLanguage":"de"},{"@type":"Person","@id":"https:\/\/www.babyartikel.de\/magazin\/#\/schema\/person\/46e52917397107b3477134aa4a959524","name":"Sebastian","image":{"@type":"ImageObject","inLanguage":"de","@id":"https:\/\/media.babyartikel.de\/magazin\/wp-content\/uploads\/2020\/11\/IMG-20190620-WA0014-e1605521666932-150x150.jpg","url":"https:\/\/media.babyartikel.de\/magazin\/wp-content\/uploads\/2020\/11\/IMG-20190620-WA0014-e1605521666932-150x150.jpg","contentUrl":"https:\/\/media.babyartikel.de\/magazin\/wp-content\/uploads\/2020\/11\/IMG-20190620-WA0014-e1605521666932-150x150.jpg","caption":"Sebastian"},"description":"Ich bin seit 2018 Papa und m\u00f6chte meine Erfahrungen als Vater gern teilen. Ich richte mich damit nat\u00fcrlich nicht nur an angehende V\u00e4ter, sondern auch an die eine oder andere Mutter, die sich f\u00fcr eine andere Perspektive interessiert.","url":"https:\/\/www.babyartikel.de\/magazin\/author\/sebastian"}]}},"abstract_sku":"","_links":{"self":[{"href":"https:\/\/www.babyartikel.de\/magazin\/wp-json\/wp\/v2\/posts\/839338","targetHints":{"allow":["GET"]}}],"collection":[{"href":"https:\/\/www.babyartikel.de\/magazin\/wp-json\/wp\/v2\/posts"}],"about":[{"href":"https:\/\/www.babyartikel.de\/magazin\/wp-json\/wp\/v2\/types\/post"}],"author":[{"embeddable":true,"href":"https:\/\/www.babyartikel.de\/magazin\/wp-json\/wp\/v2\/users\/116"}],"replies":[{"embeddable":true,"href":"https:\/\/www.babyartikel.de\/magazin\/wp-json\/wp\/v2\/comments?post=839338"}],"version-history":[{"count":7,"href":"https:\/\/www.babyartikel.de\/magazin\/wp-json\/wp\/v2\/posts\/839338\/revisions"}],"predecessor-version":[{"id":841717,"href":"https:\/\/www.babyartikel.de\/magazin\/wp-json\/wp\/v2\/posts\/839338\/revisions\/841717"}],"wp:featuredmedia":[{"embeddable":true,"href":"https:\/\/www.babyartikel.de\/magazin\/wp-json\/wp\/v2\/media\/841706"}],"wp:attachment":[{"href":"https:\/\/www.babyartikel.de\/magazin\/wp-json\/wp\/v2\/media?parent=839338"}],"wp:term":[{"taxonomy":"category","embeddable":true,"href":"https:\/\/www.babyartikel.de\/magazin\/wp-json\/wp\/v2\/categories?post=839338"},{"taxonomy":"post_tag","embeddable":true,"href":"https:\/\/www.babyartikel.de\/magazin\/wp-json\/wp\/v2\/tags?post=839338"}],"curies":[{"name":"wp","href":"https:\/\/api.w.org\/{rel}","templated":true}]}}