
{"id":840752,"date":"2021-08-28T07:59:00","date_gmt":"2021-08-28T05:59:00","guid":{"rendered":"https:\/\/www.babyartikel.de\/magazin\/?p=840752"},"modified":"2024-11-14T13:44:36","modified_gmt":"2024-11-14T12:44:36","slug":"dein-baby-laesst-sich-nicht-ablegen-9-wertvolle-tipps-fuer-tag-und-nacht","status":"publish","type":"post","link":"https:\/\/www.babyartikel.de\/magazin\/dein-baby-laesst-sich-nicht-ablegen-9-wertvolle-tipps-fuer-tag-und-nacht","title":{"rendered":"Dein Baby l\u00e4sst sich nicht ablegen? 9 wertvolle Tipps f\u00fcr Tag und Nacht"},"content":{"rendered":"<p>Ein Baby stellt den gewohnten Alltag und die Familienroutinen f&uuml;r gew&ouml;hnlich erst einmal auf den Kopf. Die N&auml;chte werden (wieder) k&uuml;rzer, das Stillen oder F&uuml;ttern muss sich einspielen und alle Mitglieder der Familie brauchen Zeit, um sich kennenzulernen und aufeinander einzuspielen. <strong>Wenn das Baby sich zus&auml;tzlich nicht ablegen l&auml;sst und 24\/7 Mamas K&ouml;rper sp&uuml;ren m&ouml;chte, kann das zur besonderen Herausforderung werden.<\/strong> Du hast keine M&ouml;glichkeit mehr, um in Ruhe auf die Toilette zu gehen? Das Geschwisterkind sehnt sich nach ungeteilter Aufmerksamkeit? Hier erh&auml;ltst Du <strong>wichtige Informationen und Tipps, <\/strong>die Dir helfen k&ouml;nnen<strong> m&ouml;glichst kr&auml;fteschonend mit der Situation rund um Dein Baby<\/strong>, das sich nicht ablegen l&auml;sst,<strong> umzugehen.<\/strong><div id=\"ez-toc-container\" class=\"ez-toc-v2_0_82_2 counter-flat ez-toc-counter ez-toc-white ez-toc-container-direction\">\n<div class=\"ez-toc-title-container\">\n<p class=\"ez-toc-title\" style=\"cursor:inherit\">Inhaltsverzeichnis<\/p>\n<span class=\"ez-toc-title-toggle\"><a href=\"#\" class=\"ez-toc-pull-right ez-toc-btn ez-toc-btn-xs ez-toc-btn-default ez-toc-toggle\" aria-label=\"Toggle Table of Content\"><span class=\"ez-toc-js-icon-con\"><span class=\"\"><span class=\"eztoc-hide\" style=\"display:none;\">Toggle<\/span><span class=\"ez-toc-icon-toggle-span\"><svg style=\"fill: #999;color:#999\" xmlns=\"http:\/\/www.w3.org\/2000\/svg\" class=\"list-377408\" width=\"20px\" height=\"20px\" viewBox=\"0 0 24 24\" fill=\"none\"><path d=\"M6 6H4v2h2V6zm14 0H8v2h12V6zM4 11h2v2H4v-2zm16 0H8v2h12v-2zM4 16h2v2H4v-2zm16 0H8v2h12v-2z\" fill=\"currentColor\"><\/path><\/svg><svg style=\"fill: #999;color:#999\" class=\"arrow-unsorted-368013\" xmlns=\"http:\/\/www.w3.org\/2000\/svg\" width=\"10px\" height=\"10px\" viewBox=\"0 0 24 24\" version=\"1.2\" baseProfile=\"tiny\"><path d=\"M18.2 9.3l-6.2-6.3-6.2 6.3c-.2.2-.3.4-.3.7s.1.5.3.7c.2.2.4.3.7.3h11c.3 0 .5-.1.7-.3.2-.2.3-.5.3-.7s-.1-.5-.3-.7zM5.8 14.7l6.2 6.3 6.2-6.3c.2-.2.3-.5.3-.7s-.1-.5-.3-.7c-.2-.2-.4-.3-.7-.3h-11c-.3 0-.5.1-.7.3-.2.2-.3.5-.3.7s.1.5.3.7z\"\/><\/svg><\/span><\/span><\/span><\/a><\/span><\/div>\n<nav><ul class='ez-toc-list ez-toc-list-level-1 ' ><li class='ez-toc-page-1'><a class=\"ez-toc-link ez-toc-heading-1\" href=\"https:\/\/www.babyartikel.de\/magazin\/dein-baby-laesst-sich-nicht-ablegen-9-wertvolle-tipps-fuer-tag-und-nacht\/#Warum_Dein_Baby_sich_nicht_ablegen_laesst\" >Warum Dein Baby sich nicht ablegen l&auml;sst<\/a><\/li><li class='ez-toc-page-1'><a class=\"ez-toc-link ez-toc-heading-2\" href=\"https:\/\/www.babyartikel.de\/magazin\/dein-baby-laesst-sich-nicht-ablegen-9-wertvolle-tipps-fuer-tag-und-nacht\/#Keine_Angst_vor_dem_Verwoehnen\" >Keine Angst vor dem Verw&ouml;hnen!<\/a><\/li><li class='ez-toc-page-1'><a class=\"ez-toc-link ez-toc-heading-3\" href=\"https:\/\/www.babyartikel.de\/magazin\/dein-baby-laesst-sich-nicht-ablegen-9-wertvolle-tipps-fuer-tag-und-nacht\/#Mein_Baby_laesst_sich_nicht_ablegen_Eine_Herausforderung_im_Alltag\" >Mein Baby l&auml;sst sich nicht ablegen: Eine Herausforderung im Alltag<\/a><\/li><li class='ez-toc-page-1'><a class=\"ez-toc-link ez-toc-heading-4\" href=\"https:\/\/www.babyartikel.de\/magazin\/dein-baby-laesst-sich-nicht-ablegen-9-wertvolle-tipps-fuer-tag-und-nacht\/#4_Tipps_die_Dir_das_Baby-Ablegen_tagsueber_erleichtern\" >4 Tipps, die Dir das Baby-Ablegen tags&uuml;ber erleichtern<\/a><\/li><li class='ez-toc-page-1'><a class=\"ez-toc-link ez-toc-heading-5\" href=\"https:\/\/www.babyartikel.de\/magazin\/dein-baby-laesst-sich-nicht-ablegen-9-wertvolle-tipps-fuer-tag-und-nacht\/#Dein_Baby_laesst_sich_auch_nachts_nicht_ablegen\" >Dein Baby l&auml;sst sich auch nachts nicht ablegen?<\/a><\/li><li class='ez-toc-page-1'><a class=\"ez-toc-link ez-toc-heading-6\" href=\"https:\/\/www.babyartikel.de\/magazin\/dein-baby-laesst-sich-nicht-ablegen-9-wertvolle-tipps-fuer-tag-und-nacht\/#Extratipp_Baby_schlafend_aus_der_Trage_ablegen\" >Extratipp: Baby schlafend aus der Trage ablegen<\/a><\/li><li class='ez-toc-page-1'><a class=\"ez-toc-link ez-toc-heading-7\" href=\"https:\/\/www.babyartikel.de\/magazin\/dein-baby-laesst-sich-nicht-ablegen-9-wertvolle-tipps-fuer-tag-und-nacht\/#Fazit_Mindset_im_Blick_behalten\" >Fazit: Mindset im Blick behalten<\/a><\/li><\/ul><\/nav><\/div>\n<h2 class=\"wp-block-heading\" id=\"h-warum-dein-baby-sich-nicht-ablegen-lasst\"><span class=\"ez-toc-section\" id=\"Warum_Dein_Baby_sich_nicht_ablegen_laesst\"><\/span>Warum Dein Baby sich nicht ablegen l&auml;sst<span class=\"ez-toc-section-end\"><\/span><\/h2><p>Wichtig zu wissen: Das <strong>Verhalten Deines Babys ist vollkommen normal und altersgerecht<\/strong>. Nach 9 Monaten umgeben von Deinem Herzschlag in Deiner Geb&auml;rmutter braucht es Zeit, um sich <strong>schrittweise an die neue Au&szlig;enwelt <\/strong>zu gew&ouml;hnen. Was n&auml;mlich oft in Vergessenheit ger&auml;t: Menschenbabys sind <strong>Traglinge und physiologische Fr&uuml;hgeburten<\/strong>, die steinzeitliche Instinkte mitbringen. Im Vergleich zu anderen S&auml;ugetieren sind sie<strong> hochgradig von ihren Bezugspersonen abh&auml;ngig und ihrer Umgebung schutzlos ausgeliefert.<\/strong> Das macht sich nat&uuml;rlich im Verhalten vieler Babys bemerkbar.<\/p><p><strong>M&ouml;gliche Ursachen daf&uuml;r, dass sich Dein Baby nicht ablegen l&auml;sst, auf einen Blick:<\/strong><\/p><ul class=\"wp-block-list\">\n<li>Dein vertrauter Herzschlag, Deine bekannte Stimme &ndash; <strong>der Platz auf Deinem Arm gibt Sicherheit<\/strong>.<\/li>\n\n\n\n<li><strong>Dein Baby wei&szlig; noch nicht, dass du wiederkommst, wenn du den Raum verl&auml;sst.<\/strong> <\/li>\n\n\n\n<li>Seine steinzeitlichen Instinkte wirken wie eine Alarmanlage: Schreit Dein Baby beim Ablegen los, m&ouml;chte es <strong>auf sich aufmerksam machen, um nicht vergessen zu werden<\/strong>. Ein liegendes Baby in der freien Natur war schlie&szlig;lich in Lebensgefahr!<\/li>\n\n\n\n<li>Dein <strong>Baby nimmt sich zu Beginn noch als Einheit mit Dir wahr<\/strong> anstatt als eigenst&auml;ndiges Wesen.<\/li>\n\n\n\n<li>Die <strong>Sehsch&auml;rfe Deines Babys entwickelt sich noch<\/strong>. Es kann erst einmal nur<strong> ca. 30 cm weit sehen.<\/strong> Neugeborene sehen zudem ziemlich unscharf.<\/li>\n\n\n\n<li>Dein Baby durchl&auml;uft gerade einen <strong><a href=\"https:\/\/www.babyartikel.de\/magazin\/wachstumsschub-baby-die-8-entwicklungsschuebe-im-ueberblick\">Wachstumsschub<\/a>, der eine neue Wahrnehmung der Umwelt mit sich bringt<\/strong> und seine vertraute Welt Kopf stehen l&auml;sst.<\/li>\n<\/ul><div class=\"marketing-slot\"><div id=\"block-18\" class=\"content-post-widget marketing-slot-1 widget_block\"><a href=\"#\" class=\"newsletter_popup\" style=\"\n  display: inline-block;\n  box-shadow: 0 4px 10px rgba(0,0,0,0.1);\n  margin: 20px auto;\n  max-width: 800px;\n  width: 100%;\">\n  <img src=\"https:\/\/media.babyartikel.de\/magazin\/wp-content\/uploads\/2025\/08\/NL-Banner-Magazin-8-25.webp\" alt=\"Newsletter Banner\" style=\"\n    width: 100%;\n    height: auto;\n    display: block;\" onclick=\"ga('send', 'event', 'banner', 'click', 'magazin-banner-newsletter-8-25');\">\n<\/a>\n\n\t<!-- Modal -->\n\t<div class=\"modal fade modal_popup\" id=\"newsletter_popup\" tabindex=\"-1\" aria-labelledby=\"exampleModalLabel\" aria-hidden=\"true\">\n\t\t<div class=\"modal-dialog modal-dialog-centered modal-dialog-scrollable\">\n\t\t\t<div class=\"modal-content\">\n\t\t\t\t<div class=\"modal-header small-header\">\n\t\t\t\t\t<h5 class=\"modal-title\" id=\"newsletterModalLabel\">\n\t\t\t\t\t\tNewsletter\t\t\t\t\t<\/h5>\n\t\t\t\t\t<button type=\"button\" class=\"btn-close small-close\" data-bs-dismiss=\"modal\" aria-label=\"Close\"><\/button>\n\t\t\t\t<\/div>\n\n\t\t\t\t<div class=\"modal-body\">\n\t\t\t\t\t\t<div class=\"newsletterForm-embed popup-form\">\n        <form name=\"newsletterSubscriptionForm\" id=\"newsletter_popup_69f2dc3839c6f_form\" data-newsletter-id=\"newsletter_popup_69f2dc3839c6f\" method=\"POST\">\n\n\t\t\t<input type=\"text\" name=\"website\" class=\"hidden\" tabindex=\"-1\" autocomplete=\"off\" style=\"position:absolute;left:-9999px;\">\n\t\t\t<input type=\"hidden\" name=\"ts\" value=\"1777523768\">\n\n\t\t\t                <input type=\"hidden\" name=\"emarsys-event-id\" value=\"3756\">\n            \n            \t\t\t<div class=\"mb-3\">\n\t\t\t\t<label for=\"date\" class=\"form-label\">Geburtstag\/ -termin Deines Babys<\/label>\n                <input type=\"date\" name=\"date\" class=\"input input--expand form-control\" required>\n\t\t\t<\/div>\n            \n\t\t\t<div class=\"mb-3\">\n\t\t\t\t<label for=\"email\" class=\"form-label\">E-Mail-Adresse<\/label>\n\t\t\t\t<input type=\"email\" name=\"email\" placeholder=\"E-Mail-Adresse\" class=\"input input--expand form-control\" required>\n\t\t\t<\/div>\n\n\t\t\t\t\t\t\t<button type=\"submit\" class=\"btn btn-primary\">Absenden<\/button>\n\t\t\t\n\t\t\t\t\t\t\t<div class=\"small mt-3\" style=\"font-weight:normal;\">\n\t\t\t\t\t\n\t\t\t<div class=\"mt-3\">\n\t\t\t\tJa, ich m&ouml;chte den Newsletter von Babyartikel.de erhalten und &uuml;ber Aktionen informiert werden.\n  Dabei darf mein Nutzungsverhalten (z. B. &Ouml;ffnungen und Klicks) zur Personalisierung ausgewertet werden.\n  Mehr finde ich in der <a href=\"\/de\/datenschutz\" style=\"text-decoration:underline\">Datenschutzerkl&auml;rung<\/a>.\n\t\t\t<\/div>\n\t\t\t\t\t\t<\/div>\n\t\t\t\n\t\t\t\t\t\t\t<div class=\"small mb-3 mt-3\" style=\"font-weight:normal;\">\n\t\t\t\t\tJederzeit abbestellbar | <a href=\"\/de\/datenschutz\" style=\"text-decoration:underline\">\n\t\t\t\t\t\tDatenschutzerkl&auml;rung\n\t\t\t\t\t<\/a>\n\t\t\t\t<\/div>\n\t\t\t\n        <\/form>\n    <\/div>\n\t\n\t\t\t\t\t<div class=\"response-messages_newsletter_popup_69f2dc3839c6f\">\n\t\t\t\t\t\t<div class=\"alert alert-success success mt-3 mb-3 d-none\">\n\t\t\t\t\t\t\tNur noch ein Klick! Best&auml;tige Deine Anmeldung in der E-Mail, die du gleich erh&auml;ltst.\t\t\t\t\t\t<\/div>\n\t\t\t\t\t\t<div class=\"error mt-3 mb-3 d-none\">\n\t\t\t\t\t\t\t<div class=\"alert alert-danger \">\n\t\t\t\t\t\t\t\tEin Fehler ist aufgetreten. Bitte versuche es sp&auml;ter erneut.\t\t\t\t\t\t\t<\/div>\n\t\t\t\t\t\t<\/div>\n\t\t\t\t\t\t<div class=\"alert alert-danger other-2007 mt-3 mb-3 d-none\">\n\t\t\t\t\t\t\tUng&Atilde;&frac14;ltiges Datumsformat\t\t\t\t\t\t<\/div>\n\t\t\t\t\t<\/div>\n\t\t\t\t<\/div>\n\t\t\t<\/div>\n\t\t<\/div>\n\t<\/div>\n\n\t<\/div><!-- content-widget --><\/div><h2 class=\"wp-block-heading\" id=\"h-keine-angst-vor-dem-verwohnen\"><span class=\"ez-toc-section\" id=\"Keine_Angst_vor_dem_Verwoehnen\"><\/span>Keine Angst vor dem Verw&ouml;hnen!<span class=\"ez-toc-section-end\"><\/span><\/h2><p>Anders als oft suggeriert wird darfst Du Deinem Baby also bedenkenlos genau die N&auml;he geben, die es braucht. <strong>Tragen, Schuckeln, Kuscheln? Immer gerne!<\/strong> <\/p><p>Auch Hebamme Jule Tilgner beschreibt in ihrem Buch &bdquo;<em>Mutter werden&ldquo;<\/em>:<\/p><div class=\"postslot1\">\t\t<div style=\"clear:both\"><\/div>\n\t\t\t\t\t\t<div id=\"productPanel654\" class=\"product-panel-bottom\">&nbsp;<\/div>\n\t\t\t\t\t\t<script type=\"module\">\n\t\t\t\t\t\t\trequestProductPanel(\"https:\/\/www.babyartikel.de\/magazin\/wp-content\/plugins\/wp-productpanel2\/ProductPanel.php\", \"?panel_type=automatic&basis_category=1-BT&basis_product=&swipe_mobile=1&postid=840752&template=auto&max=4&productPanelId=654&solrQuery=\", 654, 1);\n\t\t\t\t\t\t<\/script>\n\t\t\t\t\t<link rel=\"stylesheet\" href=\"https:\/\/cdn.jsdelivr.net\/npm\/swiper@8\/swiper-bundle.min.css\"><\/div><div class=\"marketing-slot\"><div id=\"block-25\" class=\"content-post-widget marketing-slot-2 widget_block\"><a href=\"https:\/\/www.babyartikel.de\/de\/angebote\" data-track-link-click=\"true\" data-track-name=\"nyoutlet2026-magazin\" data-track-medium=\"banner-magazin-post\" data-track-campaign=\"magazin-banner-nyoutlet2026\" onclick=\"ga('send', 'event', 'banner', 'click', 'magazin-banner-nyoutlet2026');\" style=\"display:block;width:100%;text-align:center;\"><img src=\"https:\/\/media.babyartikel.de\/magazin\/wp-content\/uploads\/2026\/01\/NY-Outlet-10-2026.webp\" alt=\"Sale\" style=\"max-width:100%;\"><\/a><\/div><!-- content-widget --><\/div><blockquote class=\"wp-block-quote is-layout-flow wp-block-quote-is-layout-flow\">\n<p>&bdquo;<em>Es gibt kein &bdquo;zu viel&ldquo; Tragen.<\/em>&ldquo;<\/p>\n<\/blockquote><p>Gerade in den ersten Wochen, in Wachstumssch&uuml;ben und auch noch in sp&auml;teren Lebensphasen brauchen unsere Kinder unsere N&auml;he. <strong>Deinem Baby hilft K&ouml;rperkontakt, um sich anzupassen, sich sicher zu f&uuml;hlen und ganz in seinem Tempo auf dieser Welt anzukommen.<\/strong> Und auch bei &auml;lteren Babys &uuml;ber 6 Monaten oder Kleinkindern findet nach dem Erkunden der Umwelt immer wieder eine R&uuml;ckversicherung statt: <\/p><ul class=\"wp-block-list\">\n<li>&bdquo;Sind Mama und Papa da?&ldquo; <\/li>\n\n\n\n<li>&bdquo;Halten sie mich, wenn ich es brauche?&ldquo; <\/li>\n<\/ul><p>Kann Dein Kind diese Fragen mit &bdquo;ja&ldquo; beantworten, f&uuml;hlt es sich verwurzelt genug, um sich nach und nach zu l&ouml;sen und eigenst&auml;ndiger zu werden. Was braucht Dein Kind also? Das <a href=\"https:\/\/www.babyartikel.de\/magazin\/wie-koennt-ihr-das-urvertrauen-eures-babys-foerdern\">Gef&uuml;hl der Bindung und Sicherheit<\/a>, die Du ihm durch das Tragen gibst. <strong>Die Angst vor dem Verw&ouml;hnen kannst Du dabei getrost ablegen! In Wahrheit st&auml;rkst du Dein Kind n&auml;mlich nachhaltig.<\/strong><\/p><h2 class=\"wp-block-heading\" id=\"h-mein-baby-lasst-sich-nicht-ablegen-eine-herausforderung-im-alltag\"><span class=\"ez-toc-section\" id=\"Mein_Baby_laesst_sich_nicht_ablegen_Eine_Herausforderung_im_Alltag\"><\/span>Mein Baby l&auml;sst sich nicht ablegen: Eine Herausforderung im Alltag<span class=\"ez-toc-section-end\"><\/span><\/h2><p>Sein Baby nah bei sich zu haben, zu riechen und zu kuscheln kann so sch&ouml;n sein! In unserer modernen Welt sorgen wir als Eltern jedoch meist alleine als Kleinfamilie f&uuml;r unsere Kinder, anstatt uns in einer Gemeinschaft mit anderen abwechseln zu k&ouml;nnen. <strong>Ob Berufst&auml;tigkeit eines Elternteils, alleinerziehend mit Baby, ein <a href=\"https:\/\/www.babyartikel.de\/magazin\/high-need-baby-wenn-dein-kind-dir-alle-kraefte-raubt\">High-Need-Baby<\/a>, das 24 Stunden intensive Begleitung braucht: Eine Vielzahl an Szenarien kann besonders mit einem Baby, das sich nicht ablegen l&auml;sst, schnell an die Kraftreserven gehen.<\/strong> <\/p><p>Nicht umsonst gibt es das <em>Sprichwort &bdquo;Um ein Kind gro&szlig;zuziehen braucht es ein ganzes Dorf.&ldquo;<\/em> Gemeint sind mehrere, nahestehende Bezugspersonen als Entlastung f&uuml;r Dich und Deinen Partner. Insbesondere, wenn noch ein Geschwisterkind da ist, das ebenfalls Aufmerksamkeit und N&auml;he braucht, stehen viele Familien heute vor einer gro&szlig;en Herausforderung, wenn sich ihr Baby nicht ablegen l&auml;sst.<\/p><h2 class=\"wp-block-heading\" id=\"h-4-tipps-die-dir-das-baby-ablegen-tagsuber-erleichtern\"><span class=\"ez-toc-section\" id=\"4_Tipps_die_Dir_das_Baby-Ablegen_tagsueber_erleichtern\"><\/span>4 Tipps, die Dir das Baby-Ablegen tags&uuml;ber erleichtern <span class=\"ez-toc-section-end\"><\/span><\/h2><p>Dein Baby l&auml;sst sich den ganzen Tag nicht ablegen? Der Haushalt bleibt liegen, deine Bed&uuml;rfnisse bleiben auf der Strecke und eventuell ist da sogar ein Geschwisterkind, das Dich braucht? N&auml;he ist sch&ouml;n und gut! Aber du fragst Dich, wie Du den Bed&uuml;rfnissen Deines Babys und Euch als Rest der Familie gerecht werden kannst? <\/p><p><strong>Diese 4 wertvollen Tipps erleichtern Dir den Umgang mit der Situation am Tag:<\/strong><\/p><h3 class=\"wp-block-heading\" id=\"h-1-investiere-in-eine-gute-und-passende-trage-oder-ein-tragetuch\">1. Investiere in eine gute und passende Trage oder ein Tragetuch!<\/h3><blockquote class=\"wp-block-quote is-layout-flow wp-block-quote-is-layout-flow\">\n<p><em>&bdquo;Je mehr K&ouml;rper- und Hautkontakt Dein Baby in der ersten Zeit erf&auml;hrt, desto besser.&ldquo;<\/em><\/p>\n<\/blockquote><p>erkl&auml;rt Hebamme Jule Tilgner. Der einfachste Weg, um ihm diesen K&ouml;rperkontakt zu geben ist das Tragen in einer <a href=\"https:\/\/www.babyartikel.de\/cat\/babytragen-tragetuecher\">geeigneten Trage oder einem Tragetuch<\/a>. So kann Dein Baby Dich sp&uuml;ren und Du hast gleichzeitig die H&auml;nde frei, um Dich dem Haushalt, Erledigungen &amp; Co. zu widmen.<\/p><p><strong>Wichtig zu wissen:<\/strong><\/p><ul class=\"wp-block-list\">\n<li>Trage Dein <strong>Baby immer mit dem Gesicht zu Dir<\/strong> in der sogenannten <strong>Anhock-Spreiz-Haltung<\/strong>!<\/li>\n\n\n\n<li><a href=\"https:\/\/www.babyartikel.de\/magazin\/babytragen-fuer-neugeborene\">W&auml;hle eine wirklich passende Trage<\/a>! Auf dem Markt gibt es eine Vielzahl an Modellen, die nicht alle geeignet f&uuml;r Euch sind. Daher empfehle ich: <strong>Einmal eine Trageberatung in Anspruch nehmen und langfristig das Tragen mit gesundem R&uuml;cken genie&szlig;en!<\/strong><\/li>\n<\/ul><div class=\"wp-block-image\">\n<figure class=\"aligncenter size-medium\"><a href=\"https:\/\/www.babyartikel.de\/cat\/babytragen-tragetuecher\"><img loading=\"lazy\" decoding=\"async\" width=\"690\" height=\"461\" src=\"https:\/\/www.babyartikel.de\/magazin\/wp-content\/uploads\/2021\/11\/Ergobaby-Adapt-Softtouch-690x461.jpg\" alt=\"baby l&auml;sst sich nicht ablegen, ergobaby embrace soft touch cotton, babytrage ja oder nein\" class=\"wp-image-847662\" srcset=\"https:\/\/media.babyartikel.de\/magazin\/wp-content\/uploads\/2021\/11\/Ergobaby-Adapt-Softtouch-690x461.jpg 690w, https:\/\/media.babyartikel.de\/magazin\/wp-content\/uploads\/2021\/11\/Ergobaby-Adapt-Softtouch-1050x701.jpg 1050w, https:\/\/media.babyartikel.de\/magazin\/wp-content\/uploads\/2021\/11\/Ergobaby-Adapt-Softtouch-150x100.jpg 150w, https:\/\/media.babyartikel.de\/magazin\/wp-content\/uploads\/2021\/11\/Ergobaby-Adapt-Softtouch-768x513.jpg 768w, https:\/\/media.babyartikel.de\/magazin\/wp-content\/uploads\/2021\/11\/Ergobaby-Adapt-Softtouch-1536x1025.jpg 1536w, https:\/\/media.babyartikel.de\/magazin\/wp-content\/uploads\/2021\/11\/Ergobaby-Adapt-Softtouch-2048x1367.jpg 2048w, https:\/\/media.babyartikel.de\/magazin\/wp-content\/uploads\/2021\/11\/Ergobaby-Adapt-Softtouch-272x182.jpg 272w\" sizes=\"auto, (max-width: 690px) 100vw, 690px\"><\/a><figcaption class=\"wp-element-caption\"> Eine geeignete <a href=\"https:\/\/www.babyartikel.de\/cat\/babytragen-tragetuecher\">Babytrage oder ein Tragetuch<\/a> ist goldwert, wenn sich Dein Baby nicht ablegen l&auml;sst <\/figcaption><\/figure><\/div><p><strong>Sobald Dein Baby seinen <a href=\"https:\/\/www.babyartikel.de\/magazin\/baby-koepfchen-halten\">Kopf eigenst&auml;ndig halten<\/a> kann, l&auml;sst es sich auch <a href=\"https:\/\/www.babyartikel.de\/magazin\/babytrage-fuer-den-ruecken\">auf dem R&uuml;cken tragen<\/a><\/strong>. Das bedeutet f&uuml;r Dich: <\/p><ol class=\"wp-block-list\">\n<li>Mehr Bewegungsfreiheit allgemein.<\/li>\n\n\n\n<li>Raum, sich dem Geschwisterkind zuzuwenden, wenn es Hilfe beim Essen oder im Bad braucht.<\/li>\n\n\n\n<li>Die M&ouml;glichkeit, sicher mit Baby am K&ouml;rper zu kochen. <\/li>\n\n\n\n<li>Dinge wie Sp&uuml;lmaschine ausr&auml;umen, W&auml;schek&ouml;rbe tragen, an der Supermarktkasse bezahlen werden einfacher.<\/li>\n<\/ol><p><strong>F&uuml;r mich als alleinerziehende Mama w&auml;re ein Alltag ohne Trage nicht vorstellbar gewesen!<\/strong><\/p><p><a href=\"https:\/\/www.babyartikel.de\/magazin\/babytrage-ab-wann-du-sie-nutzen-darfst\">Ab wann Du Dein Baby in einer Babytrage tragen darfst, erkl&auml;re ich Dir hier!<\/a><\/p><h3 class=\"wp-block-heading\" id=\"h-2-du-mochtest-dich-frei-bewegen-diese-alltagsretter-durfen-nicht-fehlen\">2. Du m&ouml;chtest Dich frei bewegen? Diese Alltagsretter d&uuml;rfen nicht fehlen!<\/h3><p>So sch&ouml;n das Tragen Deines Babys auch sein kann und so unkompliziert es sich in den Alltag integrieren l&auml;sst, Du m&ouml;chtest Dich zwischendurch sicher auch einmal v&ouml;llig frei bewegen k&ouml;nnen. Sport f&uuml;r Dein Wohlbefinden, Exklusivzeit mit dem zweiten Kind oder einfach Mal eine Pause auf dem Sofa nur f&uuml;r Dich &ndash; all das darf sein! <\/p><p><strong>Macht Dein Baby seine Schl&auml;fchen tags&uuml;ber nur an Deinem K&ouml;rper, kann eine <a href=\"https:\/\/www.babyartikel.de\/prod\/membantu-federwiege-ab-5-kg-bis-15-kg-belastbar-mit-bio-baumwolle-inkl-matratze-natur\">Federwiege<\/a> helfen.<\/strong> Sie wiegt es durch sanfte Bewegungen, die den Mutterleib imitieren, in den Schlaf. H&ouml;rt sich gut an? Ja! Und l&auml;sst sich ab der Geburt bis zu etwa 15 kg K&ouml;rpergewicht einsetzen.<\/p><div class=\"wp-block-image\">\n<figure class=\"aligncenter size-full is-resized\"><a href=\"https:\/\/www.babyartikel.de\/prod\/membantu-federwiege-ab-5-kg-bis-15-kg-belastbar-mit-bio-baumwolle-inkl-matratze-natur\"><img loading=\"lazy\" decoding=\"async\" width=\"571\" height=\"571\" src=\"https:\/\/www.babyartikel.de\/magazin\/wp-content\/uploads\/2023\/02\/image-edited.png\" alt=\"membantu federwiege, baby l&auml;sst sich nicht ablegen was hilft\" class=\"wp-image-874454\" style=\"width:571px;height:571px\" srcset=\"https:\/\/media.babyartikel.de\/magazin\/wp-content\/uploads\/2023\/02\/image-edited.png 571w, https:\/\/media.babyartikel.de\/magazin\/wp-content\/uploads\/2023\/02\/image-edited-150x150.png 150w, https:\/\/media.babyartikel.de\/magazin\/wp-content\/uploads\/2023\/02\/image-edited-415x415.png 415w, https:\/\/media.babyartikel.de\/magazin\/wp-content\/uploads\/2023\/02\/image-edited-412x412.png 412w, https:\/\/media.babyartikel.de\/magazin\/wp-content\/uploads\/2023\/02\/image-edited-391x391.png 391w, https:\/\/media.babyartikel.de\/magazin\/wp-content\/uploads\/2023\/02\/image-edited-376x376.png 376w, https:\/\/media.babyartikel.de\/magazin\/wp-content\/uploads\/2023\/02\/image-edited-360x360.png 360w\" sizes=\"auto, (max-width: 571px) 100vw, 571px\"><\/a><figcaption class=\"wp-element-caption\">Federwiege von <a href=\"https:\/\/www.babyartikel.de\/marken\/membantu\">Membantu<\/a><\/figcaption><\/figure><\/div><p><strong>Wertvolle Alltagshelfer<\/strong>, um eine Dusche f&uuml;r Dich genie&szlig;en und am Tisch mit freien H&auml;nden essen zu k&ouml;nnen &ndash; oder auch Dein &auml;lteres Kind zu versorgen, sind au&szlig;erdem:<\/p><h4 class=\"wp-block-heading\">&#10132; Eine<strong> Babywippe<\/strong>:<\/h4><p>In einer <a href=\"https:\/\/www.babyartikel.de\/cat\/babywippen-schaukeln\">Babywippe oder Babyschaukel<\/a> l&auml;sst sich Dein Baby m&ouml;glicherweise einfacher ablegen als im Bettchen oder im Kinderwagen.<\/p><div class=\"wp-block-image\">\n<figure class=\"aligncenter size-medium\"><img loading=\"lazy\" decoding=\"async\" width=\"690\" height=\"456\" src=\"https:\/\/www.babyartikel.de\/magazin\/wp-content\/uploads\/2022\/03\/babymoov-babyschaukel-swoon-touch-690x456.jpg\" alt=\"baby l&auml;sst sich nicht ablegen, babywippe, babyschaukel swoon touch babymoov\" class=\"wp-image-853879\" srcset=\"https:\/\/media.babyartikel.de\/magazin\/wp-content\/uploads\/2022\/03\/babymoov-babyschaukel-swoon-touch-690x456.jpg 690w, https:\/\/media.babyartikel.de\/magazin\/wp-content\/uploads\/2022\/03\/babymoov-babyschaukel-swoon-touch-150x99.jpg 150w, https:\/\/media.babyartikel.de\/magazin\/wp-content\/uploads\/2022\/03\/babymoov-babyschaukel-swoon-touch-768x508.jpg 768w, https:\/\/media.babyartikel.de\/magazin\/wp-content\/uploads\/2022\/03\/babymoov-babyschaukel-swoon-touch.jpg 882w\" sizes=\"auto, (max-width: 690px) 100vw, 690px\"><figcaption class=\"wp-element-caption\">Es muss nicht unbedingt wie hier die elektrische Babyschaukel sein &ndash; auch eine einfache Wippe h&auml;lt Dir f&uuml;r einen gewissen Zeitraum die H&auml;nde frei<\/figcaption><\/figure><\/div><h4 class=\"wp-block-heading\" id=\"h-ein-hochstuhl-mit-newborn-bouncer\">&#10132; Ein Hochstuhl mit Newborn Bouncer:<\/h4><p>Auch ein <strong><a href=\"https:\/\/www.babyartikel.de\/prod\/hauck-hochstuhl-alpha-plus-grau-im-sparset-inkl-sitzkissen-und-essbrett-alpha-tray-grey\">Hochstuhl mit Neugeboreneneinsatz<\/a><\/strong> (hier im Video der Bouncer von Hauck) kann in dieser Hinsicht praktisch sein:<\/p><figure class=\"wp-block-embed aligncenter is-type-video is-provider-youtube wp-block-embed-youtube wp-embed-aspect-16-9 wp-has-aspect-ratio\"><div class=\"wp-block-embed__wrapper\">\n<lite-youtube videoid=\"2xXDmixOL2Q\" style=\"background-image: url('https:\/\/yt.babyartikel.de\/2xXDmixOL2Q\/hqdefault.webp'\"><p class=\"lite-youtube__privacy-notice\">Beim Klick wird dieses Video von den YouTube-Servern geladen. Details siehe <a href=\"\/de\/datenschutz\">Datenschutzerkl&auml;rung<\/a>.<\/p><\/lite-youtube>\n<\/div><\/figure><p><\/p><h4 class=\"wp-block-heading\" id=\"h-ein-spielbogen-activity-center\">&#10132; Ein Spielbogen \/ Activity Center:<\/h4><p>Ist Dein Baby schon &auml;lter als 3 Monate und zeigt Interesse an seiner Umgebung, lohnt sich ein spannender <strong><a href=\"https:\/\/www.babyartikel.de\/magazin\/spielbogen-test\">Spielbogen<\/a><\/strong>, um Dir ein paar Minuten am Tag f&uuml;r Dich zu verschaffen:<\/p><div class=\"wp-block-image\">\n<figure class=\"aligncenter size-medium\"><a href=\"https:\/\/www.babyartikel.de\/prod\/done-by-deer-activity-gym-spielbogen-deer-friends-blau\"><img loading=\"lazy\" decoding=\"async\" width=\"662\" height=\"662\" src=\"https:\/\/www.babyartikel.de\/magazin\/wp-content\/uploads\/2022\/03\/done-by-deer-activity-gym-spielbogen-deer-friends-blau-40722-d4-edited.jpg\" alt=\"baby spielbogen done by deer, baby ablegen activity center, baby 3 monate besch&auml;ftigen\" class=\"wp-image-853886\" srcset=\"https:\/\/media.babyartikel.de\/magazin\/wp-content\/uploads\/2022\/03\/done-by-deer-activity-gym-spielbogen-deer-friends-blau-40722-d4-edited.jpg 662w, https:\/\/media.babyartikel.de\/magazin\/wp-content\/uploads\/2022\/03\/done-by-deer-activity-gym-spielbogen-deer-friends-blau-40722-d4-edited-150x150.jpg 150w\" sizes=\"auto, (max-width: 662px) 100vw, 662px\"><\/a><figcaption class=\"wp-element-caption\">Vielleicht l&auml;sst sich Dein (&auml;lteres) Baby zumindest f&uuml;r einen gewissen Zeitraum unter einem <a href=\"https:\/\/www.babyartikel.de\/cat\/spielbogen-spieldecken\">Spielbogen<\/a> ablegen?<\/figcaption><\/figure><\/div><h3 class=\"wp-block-heading\" id=\"h-3-dein-baby-lasst-sich-plotzlich-gar-nicht-mehr-ablegen-wissen-uber-wachstumsschube-hilft\">3. Dein Baby l&auml;sst sich pl&ouml;tzlich gar nicht mehr ablegen? Wissen &uuml;ber Wachstumssch&uuml;be hilft!<\/h3><p>Alle Eltern kennen sie: <strong>Die Zeiten, wenn das Baby alles ablehnt, was sonst so gut funktioniert hat<\/strong>. Es l&auml;sst<strong> sich gar nicht mehr ablegen, ist weinerlich und schl&auml;ft schlechter.<\/strong> Jede Dusche, jede Mahlzeit, jeder Toilettengang kann jetzt zur Tortur werden, die Dein Baby schreiend und Dich selbst gestresst zur&uuml;ckl&auml;sst. H&auml;lt dieser Zustand &uuml;ber mehrere Tage an droht pure Ersch&ouml;pfung und Verzweiflung<strong>.<\/strong> <\/p><p><strong>Was Dir jetzt helfen kann ist Wissen &uuml;ber <a href=\"https:\/\/www.babyartikel.de\/magazin\/wachstumsschub-baby-die-8-entwicklungsschuebe-im-ueberblick\">die Entwicklungsschritte Deines Babys<\/a>.<\/strong> In dem Buch <a href=\"https:\/\/amzn.to\/3fk8Fen\">&bdquo;Oje, ich wachse!&ldquo;<\/a> etwa beschreibt van de Rijt die mentalen Entwicklungsspr&uuml;nge von Babys w&auml;hrend der ersten 14 Lebensmonate und wie man damit als Eltern umgehen kann. <\/p><p>W&auml;hrend die &bdquo;Erziehungstipps&ldquo; meiner Meinung nicht 1:1 &uuml;bernommen werden sollten, <strong>kann das Wissen &uuml;ber die Spr&uuml;nge und was in diesen Phasen mit Deinem Baby passiert unheimlich viel Druck nehmen<\/strong>. So bekommst Du eine Ahnung, wie sehr die Welt Deines Schatzes durch seine ver&auml;nderte Wahrnehmung der Umgebung gerade im Wanken ist und warum Dein Baby Dich so braucht. L&ouml;st das Eure Situation? Leider nein! Aber es macht sie erfahrungsgem&auml;&szlig; leichter und versichert Dir, dass die Phase vorbeigehen wird. Manchmal hilft schon das.<\/p><h3 class=\"wp-block-heading\" id=\"h-4-quicktipp-osteopathie-kann-bei-baby-das-sich-nicht-ablegen-lasst-helfen\">4. Quicktipp: Osteopathie kann bei Baby, das sich nicht ablegen l&auml;sst, helfen!<\/h3><p>Mag Dein Baby es generell nicht gerne auf dem R&uuml;cken zu liegen und wird sofort unruhig? <a href=\"https:\/\/www.babyartikel.de\/magazin\/osteopathie-baby\">Ein Gang zum (Kinder-)Osteopathen kann sich lohnen!<\/a> Egal, ob es per Kaiserschnitt oder nat&uuml;rlich zur Welt gekommen ist, die Geburt kann bei Babys zu <strong>Blockaden<\/strong> f&uuml;hren, <strong>die das Liegen unangenehm machen<\/strong>.<\/p><p><a href=\"https:\/\/www.babyartikel.de\/magazin\/wie-osteopathie-kindern-helfen-kann-osteopathin-sabine-haefner-im-interview\">Mehr &uuml;ber Osteopathie bei Babys erf&auml;hrst Du in Julias Interview mit der Kinder-Osteopathin Sabine H&auml;fner.<\/a><\/p><h2 class=\"wp-block-heading\" id=\"h-dein-baby-lasst-sich-auch-nachts-nicht-ablegen\"><span class=\"ez-toc-section\" id=\"Dein_Baby_laesst_sich_auch_nachts_nicht_ablegen\"><\/span>Dein Baby l&auml;sst sich auch nachts nicht ablegen? <span class=\"ez-toc-section-end\"><\/span><\/h2><p><strong>Insbesondere in den ersten Wochen nach der Geburt ist der N&auml;hebedarf eines Babys sehr hoch.<\/strong> Dein Baby findet nur auf Deinem Bauch (oder dem Deines Partners) zur Ruhe und l&auml;sst sich auch nachts nicht ablegen? Verst&auml;ndlich! Die angenehme K&ouml;rperw&auml;rme, die sich auf- und ab bewegende Brust, der vertraute Herzschlag &ndash; hier kann es wirklich loslassen und entspannen. <strong>Das Schlafen im halben Liegen mit st&auml;ndiger Angst, dass Dein Baby zur Seite herunterrutscht, ist f&uuml;r Euch als Eltern jedoch meist weniger erholsam.<\/strong><\/p><p><strong>Diese 4 Tipps k&ouml;nnen Dir helfen, Dein Baby zufrieden und entspannt neben Dir im Beistellbett oder im Eurem Elternbett abzulegen:<\/strong><\/p><ol class=\"wp-block-list\">\n<li>Neugeborene k&ouml;nnen ihre K&ouml;rpertemperatur noch nicht vollst&auml;ndig alleine regulieren, daher kann es helfen <strong>den Platz neben Dir mit einem<\/strong> <strong><a href=\"https:\/\/www.babyartikel.de\/cat\/waermekissen-koernerkissen\">Kirschkern- oder K&ouml;rnerkissen<\/a> vorzuw&auml;rmen<\/strong>. (Achtung: Das Kissen sollte warm und nicht hei&szlig; sein. Nimm&lsquo; es wieder aus dem Bett, wenn Du Dein Baby hineinlegst. Benutze auf keinen Fall eine hei&szlig;e W&auml;rmflasche, daran k&ouml;nnte sich Dein Baby ernsthaft verbrennen!)<\/li>\n\n\n\n<li><strong>Halte K&ouml;rperkontakt und lass&lsquo; es auch im Schlaf sp&uuml;ren, dass Du da bist.<\/strong><\/li>\n\n\n\n<li>Vielen Babys hilft es, erst einmal <strong>in Seitenlage einzuschlafen<\/strong>. In der R&uuml;ckenlage sind sie angreifbarer und damit oft unsicherer. Auch <a href=\"https:\/\/www.babyartikel.de\/magazin\/wenn-babys-spucken\">Babys, die viel spucken<\/a>, liegen nach dem Trinken meist lieber auf der Seite.<\/li>\n\n\n\n<li>Lass&lsquo; Dein Baby auf Deinem Bauch einschlafen. <strong>Warte 15-20 Minuten bis es tief schl&auml;ft und lege es dann sanft in Seitenlage neben Dir ab. <\/strong><\/li>\n<\/ol><p><strong>Und last but not least: <\/strong>Es ist nicht ungew&ouml;hnlich f&uuml;r Babys, zu Beginn nur auf dem Bauch ihrer Mama zu schlafen. Solange Du nicht unter Einfluss von Medikamenten oder Drogen stehst, stellt das in der Regel auch kein Problem dar. Im Gegenteil: Dein Schlaf als Mutter ist so leicht und rein instinktiv w&uuml;rdest Du Dich nicht herumdrehen und Dein Kind erdr&uuml;cken. Seitliche Absicherung kannst Du Dir durch ein Stillkissen geben. <strong>Ein Vorteil ist sogar: Dein Kind wird durch Deine Atmung zum regelm&auml;&szlig;igen Atmen animiert, was dem <a href=\"https:\/\/www.babyartikel.de\/magazin\/ploetzlicher-kindstod-sids-ursachen-risiken-vorbeugung\">Pl&ouml;tzlichen Kindstod<\/a> entgegenwirken kann.<\/strong><\/p><h2 class=\"wp-block-heading\" id=\"h-extratipp-baby-schlafend-aus-der-trage-ablegen\"><span class=\"ez-toc-section\" id=\"Extratipp_Baby_schlafend_aus_der_Trage_ablegen\"><\/span>Extratipp: Baby schlafend aus der Trage ablegen<span class=\"ez-toc-section-end\"><\/span><\/h2><p>Ob tags&uuml;ber oder am Abend &ndash; ist Dein Baby im Auto oder in der Trage eingeschlafen, kann dieser Trick aus der Kin&auml;sthetik beim &bdquo;Umbetten&ldquo; bzw. Ablegen helfen:<\/p><ol style=\"list-style-type:1\" class=\"wp-block-list\">\n<li>Lasse Dein Baby <strong>mit den F&uuml;&szlig;en anstatt mit seinem R&uuml;cken zuerst auf der Matratze aufkommen.<\/strong><\/li>\n\n\n\n<li><strong>Beuge anschlie&szlig;end sanft in einer Drehbewegung seine Beine.<\/strong><\/li>\n\n\n\n<li>Lasse es <strong>&uuml;ber den Po auf die Seite sinken.<\/strong><\/li>\n\n\n\n<li>Rolle es erst <strong>dann auf den R&uuml;cken<\/strong>.<\/li>\n<\/ol><p>Viele Babys schlafen so besser weiter als wenn sie unvermittelt abgelegt werden. Dein Baby wacht besonders leicht auf? Ein <strong>Vorw&auml;rmen der Matratze mit einem <a href=\"https:\/\/www.babyartikel.de\/cat\/waermekissen-koernerkissen\">W&auml;rmekissen<\/a><\/strong> und das Halten von K&ouml;rperkontakt z.B. durch eine <strong>aufgelegte Hand auf dem Babybauch<\/strong> &ndash; auch f&uuml;r einige Minuten nach dem ins Bett legen &ndash; kann das erfolgreiche Ablegen unterst&uuml;tzen. Bei ganz kleinen Babys tr&auml;gt ein <strong>W&auml;rmekissen an den F&uuml;&szlig;en <\/strong>au&szlig;erdem oft zu l&auml;ngeren Schlafphasen bei.<\/p><h2 class=\"wp-block-heading\" id=\"h-fazit-mindset-im-blick-behalten\"><span class=\"ez-toc-section\" id=\"Fazit_Mindset_im_Blick_behalten\"><\/span>Fazit: Mindset im Blick behalten<span class=\"ez-toc-section-end\"><\/span><\/h2><p>Generell l&auml;sst sich sagen, dass das Tragebed&uuml;rfnis von Babys naturgegeben hoch ist. Abgedroschen, aber wahr: So anstrengend es insbesondere f&uuml;r Dich als Mama manchmal sein kann, wenn Euer Baby sich &uuml;berhaupt nicht ablegen l&auml;sst &ndash; so schnell geht die Zeit auch wieder vorbei! <strong>Irgendwann wei&szlig; ein gut gebundenes Kind, dass es auch ohne K&ouml;rperkontakt in Sicherheit ist.<\/strong> Bis dahin kann es neben den genannten Tipps und Tricks hilfreich sein in die <strong>Annahme<\/strong> zu kommen und das eigene <strong>Mindset<\/strong> anzupassen: Dein Baby teilt sich Dir mit, es braucht Deine N&auml;he, es handelt instinktiv richtig und gesund &ndash; was f&uuml;r ein Geschenk! <strong>Mit jedem Tragemoment schenkst Du ihm die so ben&ouml;tigte Sicherheit und f&ouml;rderst Eure Bindung und sein Vertrauen nachhaltig.<\/strong> Dieser Blickwinkel bringt Entspannung und macht auch die anstrengenden Phasen etwas leichter. <\/p><p>Und seien wir mal ehrlich: Diesen unbeschreiblich sch&ouml;nen Babygeruch wirst Du sp&auml;ter noch so einige Male vermissen&hellip;<\/p><p><em><strong>Dein Baby l&auml;sst sich nicht ablegen? Wie geht es Dir damit? Was hilft Dir besonders im Alltag? Wir freuen uns Auf Deinen Kommentar!<\/strong><\/em><\/p><div class=\"wp-block-group\"><div class=\"wp-block-group__inner-container is-layout-constrained wp-block-group-is-layout-constrained\">\n<p class=\"has-small-font-size\"><strong>Quellen:<\/strong><\/p>\n\n\n\n<ul class=\"wp-block-list has-small-font-size\">\n<li>Schmidt, N.: <a href=\"https:\/\/amzn.to\/375uwlc\">Artgerecht &ndash; das andere Baby-Buch: Bed&uuml;rfnisse nat&uuml;rlich stillen. Gesunde Entwicklung f&ouml;rdern. Naturnah erziehen.<\/a> (2015). <\/li>\n\n\n\n<li>Tilgner, J.\/Friese M.: <a href=\"https:\/\/amzn.to\/3rDtvu7\">Mutter werden. Dein Begleiter durch die erste Zeit nach der Geburt. <\/a>(2019)<\/li>\n<\/ul>\n<\/div><\/div><figure class=\"wp-block-image size-full\"><a href=\"https:\/\/www.babyartikel.de\/content\/anmeldung-newsletter\/?nl-banner-magazin=001-16.05.22-dein-baby-laesst-sich-nicht-ablegen-bottom\"><img loading=\"lazy\" decoding=\"async\" width=\"1050\" height=\"500\" src=\"https:\/\/www.babyartikel.de\/magazin\/wp-content\/uploads\/2022\/05\/3.png\" alt=\"Baby l&auml;sst sich nicht ablegen\" class=\"wp-image-858661\" srcset=\"https:\/\/media.babyartikel.de\/magazin\/wp-content\/uploads\/2022\/05\/3.png 1050w, https:\/\/media.babyartikel.de\/magazin\/wp-content\/uploads\/2022\/05\/3-690x329.png 690w, https:\/\/media.babyartikel.de\/magazin\/wp-content\/uploads\/2022\/05\/3-150x71.png 150w, https:\/\/media.babyartikel.de\/magazin\/wp-content\/uploads\/2022\/05\/3-768x366.png 768w\" sizes=\"auto, (max-width: 1050px) 100vw, 1050px\"><\/a><\/figure><div class=\"credits-overlay\" data-target=\".wp-image-840873\"><a href=\"#\" target=\"_blank\">&copy; nataliaderiabina &ndash; stock.adobe.com<\/a><\/div><div class=\"credits-overlay\" data-target=\".wp-image-853879\"><a href=\"#\" target=\"_blank\">&copy; Babymoov<\/a><\/div><div class=\"credits-overlay\" data-target=\".wp-image-853886\"><a href=\"#\" target=\"_blank\">&copy; Mladen &ndash; stock.adobe.com<\/a><\/div><\/p>\n","protected":false},"excerpt":{"rendered":"<p>Ein Baby stellt den gewohnten Alltag und die Familienroutinen f&uuml;r gew&ouml;hnlich erst einmal auf den Kopf. Die N&auml;chte werden (wieder) k&uuml;rzer, das Stillen oder F&uuml;ttern muss sich einspielen und alle Mitglieder der Familie brauchen Zeit, um sich kennenzulernen und aufeinander einzuspielen. Wenn das Baby sich zus&auml;tzlich nicht ablegen l&auml;sst und 24\/7 Mamas K&ouml;rper sp&uuml;ren m&ouml;chte, [&#8230;]<\/p>\n<p><a class=\"btn btn-secondary understrap-read-more-link\" href=\"https:\/\/www.babyartikel.de\/magazin\/dein-baby-laesst-sich-nicht-ablegen-9-wertvolle-tipps-fuer-tag-und-nacht\">Weiterlesen&#8230;<\/a><\/p>\n","protected":false},"author":120,"featured_media":840873,"comment_status":"open","ping_status":"closed","sticky":false,"template":"","format":"standard","meta":{"_acf_changed":false,"footnotes":""},"categories":[79,2820,3254],"tags":[3338,3447,486,3410,122],"class_list":["post-840752","post","type-post","status-publish","format-standard","has-post-thumbnail","hentry","category-baby","category-leben-mit-baby","category-wochenbett","tag-alltag-mit-baby","tag-babytrage","tag-nach-der-geburt","tag-schlafen","tag-wochenbett"],"acf":[],"yoast_head":"<!-- This site is optimized with the Yoast SEO Premium plugin v27.2 (Yoast SEO v27.2) - https:\/\/yoast.com\/product\/yoast-seo-premium-wordpress\/ -->\n<title>Dein Baby l\u00e4sst sich nicht ablegen? Das hilft Dir jetzt! | Babyartikel.de<\/title>\n<meta name=\"description\" content=\"Dein Baby l\u00e4sst sich nicht ablegen und m\u00f6chte 24h Deine N\u00e4he? \u2665 Hier bekommst Du wertvolle Tipps, die Dir tags\u00fcber und nachts helfen.\" \/>\n<meta name=\"robots\" content=\"index, follow, max-snippet:-1, max-image-preview:large, max-video-preview:-1\" \/>\n<link rel=\"canonical\" href=\"https:\/\/www.babyartikel.de\/magazin\/dein-baby-laesst-sich-nicht-ablegen-9-wertvolle-tipps-fuer-tag-und-nacht\" \/>\n<meta property=\"og:locale\" content=\"de_DE\" \/>\n<meta property=\"og:type\" content=\"article\" \/>\n<meta property=\"og:title\" content=\"Dein Baby l\u00e4sst sich nicht ablegen? 9 wertvolle Tipps f\u00fcr Tag und Nacht\" \/>\n<meta property=\"og:description\" content=\"Dein Baby l\u00e4sst sich nicht ablegen und m\u00f6chte 24h Deine N\u00e4he? \u2665 Hier bekommst Du wertvolle Tipps, die Dir tags\u00fcber und nachts helfen.\" \/>\n<meta property=\"og:url\" content=\"https:\/\/www.babyartikel.de\/magazin\/dein-baby-laesst-sich-nicht-ablegen-9-wertvolle-tipps-fuer-tag-und-nacht\" \/>\n<meta property=\"og:site_name\" content=\"Babyartikel.de Magazin\" \/>\n<meta property=\"article:published_time\" content=\"2021-08-28T05:59:00+00:00\" \/>\n<meta property=\"article:modified_time\" content=\"2024-11-14T12:44:36+00:00\" \/>\n<meta property=\"og:image\" content=\"https:\/\/cdn.magazin.babyartikel.de\/magazin\/wp-content\/uploads\/2021\/08\/Baby-laesst-sich-nicht-ablegen-Tipps.jpg\" \/>\n\t<meta property=\"og:image:width\" content=\"1050\" \/>\n\t<meta property=\"og:image:height\" content=\"549\" \/>\n\t<meta property=\"og:image:type\" content=\"image\/jpeg\" \/>\n<meta name=\"author\" content=\"Lara K.\" \/>\n<meta name=\"twitter:card\" content=\"summary_large_image\" \/>\n<meta name=\"twitter:label1\" content=\"Verfasst von\" \/>\n\t<meta name=\"twitter:data1\" content=\"Lara K.\" \/>\n\t<meta name=\"twitter:label2\" content=\"Gesch\u00e4tzte Lesezeit\" \/>\n\t<meta name=\"twitter:data2\" content=\"14\u00a0Minuten\" \/>\n<script type=\"application\/ld+json\" class=\"yoast-schema-graph\">{\"@context\":\"https:\/\/schema.org\",\"@graph\":[{\"@type\":\"Article\",\"@id\":\"https:\/\/www.babyartikel.de\/magazin\/dein-baby-laesst-sich-nicht-ablegen-9-wertvolle-tipps-fuer-tag-und-nacht#article\",\"isPartOf\":{\"@id\":\"https:\/\/www.babyartikel.de\/magazin\/dein-baby-laesst-sich-nicht-ablegen-9-wertvolle-tipps-fuer-tag-und-nacht\"},\"author\":{\"name\":\"Lara K.\",\"@id\":\"https:\/\/www.babyartikel.de\/magazin\/#\/schema\/person\/fa307c1d64ea970b0bfbe73d05efd5a5\"},\"headline\":\"Dein Baby l\u00e4sst sich nicht ablegen? 9 wertvolle Tipps f\u00fcr Tag und Nacht\",\"datePublished\":\"2021-08-28T05:59:00+00:00\",\"dateModified\":\"2024-11-14T12:44:36+00:00\",\"mainEntityOfPage\":{\"@id\":\"https:\/\/www.babyartikel.de\/magazin\/dein-baby-laesst-sich-nicht-ablegen-9-wertvolle-tipps-fuer-tag-und-nacht\"},\"wordCount\":2340,\"commentCount\":2,\"image\":{\"@id\":\"https:\/\/www.babyartikel.de\/magazin\/dein-baby-laesst-sich-nicht-ablegen-9-wertvolle-tipps-fuer-tag-und-nacht#primaryimage\"},\"thumbnailUrl\":\"https:\/\/media.babyartikel.de\/magazin\/wp-content\/uploads\/2021\/07\/baby-laesst-sich-nicht-ablegen-scaled.jpeg\",\"keywords\":[\"alltag mit baby\",\"babytrage\",\"nach der geburt\",\"schlafen\",\"wochenbett\"],\"articleSection\":[\"Baby\",\"Leben mit Baby\",\"Wochenbett\"],\"inLanguage\":\"de\",\"potentialAction\":[{\"@type\":\"CommentAction\",\"name\":\"Comment\",\"target\":[\"https:\/\/www.babyartikel.de\/magazin\/dein-baby-laesst-sich-nicht-ablegen-9-wertvolle-tipps-fuer-tag-und-nacht#respond\"]}]},{\"@type\":\"WebPage\",\"@id\":\"https:\/\/www.babyartikel.de\/magazin\/dein-baby-laesst-sich-nicht-ablegen-9-wertvolle-tipps-fuer-tag-und-nacht\",\"url\":\"https:\/\/www.babyartikel.de\/magazin\/dein-baby-laesst-sich-nicht-ablegen-9-wertvolle-tipps-fuer-tag-und-nacht\",\"name\":\"Dein Baby l\u00e4sst sich nicht ablegen? Das hilft Dir jetzt! | Babyartikel.de\",\"isPartOf\":{\"@id\":\"https:\/\/www.babyartikel.de\/magazin\/#website\"},\"primaryImageOfPage\":{\"@id\":\"https:\/\/www.babyartikel.de\/magazin\/dein-baby-laesst-sich-nicht-ablegen-9-wertvolle-tipps-fuer-tag-und-nacht#primaryimage\"},\"image\":{\"@id\":\"https:\/\/www.babyartikel.de\/magazin\/dein-baby-laesst-sich-nicht-ablegen-9-wertvolle-tipps-fuer-tag-und-nacht#primaryimage\"},\"thumbnailUrl\":\"https:\/\/media.babyartikel.de\/magazin\/wp-content\/uploads\/2021\/07\/baby-laesst-sich-nicht-ablegen-scaled.jpeg\",\"datePublished\":\"2021-08-28T05:59:00+00:00\",\"dateModified\":\"2024-11-14T12:44:36+00:00\",\"author\":{\"@id\":\"https:\/\/www.babyartikel.de\/magazin\/#\/schema\/person\/fa307c1d64ea970b0bfbe73d05efd5a5\"},\"description\":\"Dein Baby l\u00e4sst sich nicht ablegen und m\u00f6chte 24h Deine N\u00e4he? \u2665 Hier bekommst Du wertvolle Tipps, die Dir tags\u00fcber und nachts helfen.\",\"breadcrumb\":{\"@id\":\"https:\/\/www.babyartikel.de\/magazin\/dein-baby-laesst-sich-nicht-ablegen-9-wertvolle-tipps-fuer-tag-und-nacht#breadcrumb\"},\"inLanguage\":\"de\",\"potentialAction\":[{\"@type\":\"ReadAction\",\"target\":[\"https:\/\/www.babyartikel.de\/magazin\/dein-baby-laesst-sich-nicht-ablegen-9-wertvolle-tipps-fuer-tag-und-nacht\"]}]},{\"@type\":\"ImageObject\",\"inLanguage\":\"de\",\"@id\":\"https:\/\/www.babyartikel.de\/magazin\/dein-baby-laesst-sich-nicht-ablegen-9-wertvolle-tipps-fuer-tag-und-nacht#primaryimage\",\"url\":\"https:\/\/media.babyartikel.de\/magazin\/wp-content\/uploads\/2021\/07\/baby-laesst-sich-nicht-ablegen-scaled.jpeg\",\"contentUrl\":\"https:\/\/media.babyartikel.de\/magazin\/wp-content\/uploads\/2021\/07\/baby-laesst-sich-nicht-ablegen-scaled.jpeg\",\"width\":2560,\"height\":1706,\"caption\":\"baby l\u00e4sst sich nicht ablegen, baby ablegen, neugeborenes ablegen, baby schl\u00e4ft nur auf meinem bauch, baby aus trage ablegen, baby l\u00e4sst sich nicht nachts nicht ablegen\"},{\"@type\":\"BreadcrumbList\",\"@id\":\"https:\/\/www.babyartikel.de\/magazin\/dein-baby-laesst-sich-nicht-ablegen-9-wertvolle-tipps-fuer-tag-und-nacht#breadcrumb\",\"itemListElement\":[{\"@type\":\"ListItem\",\"position\":1,\"name\":\"Startseite\",\"item\":\"https:\/\/www.babyartikel.de\/magazin\"},{\"@type\":\"ListItem\",\"position\":2,\"name\":\"Dein Baby l\u00e4sst sich nicht ablegen? 9 wertvolle Tipps f\u00fcr Tag und Nacht\"}]},{\"@type\":\"WebSite\",\"@id\":\"https:\/\/www.babyartikel.de\/magazin\/#website\",\"url\":\"https:\/\/www.babyartikel.de\/magazin\/\",\"name\":\"Babyartikel.de Magazin\",\"description\":\"\",\"potentialAction\":[{\"@type\":\"SearchAction\",\"target\":{\"@type\":\"EntryPoint\",\"urlTemplate\":\"https:\/\/www.babyartikel.de\/magazin\/?s={search_term_string}\"},\"query-input\":{\"@type\":\"PropertyValueSpecification\",\"valueRequired\":true,\"valueName\":\"search_term_string\"}}],\"inLanguage\":\"de\"},{\"@type\":\"Person\",\"@id\":\"https:\/\/www.babyartikel.de\/magazin\/#\/schema\/person\/fa307c1d64ea970b0bfbe73d05efd5a5\",\"name\":\"Lara K.\",\"image\":{\"@type\":\"ImageObject\",\"inLanguage\":\"de\",\"@id\":\"https:\/\/secure.gravatar.com\/avatar\/c90dce9af49b2816579c776eca00f5778d73cafd7341025fc7fec811da18a97b?s=96&d=mm&r=g\",\"url\":\"https:\/\/secure.gravatar.com\/avatar\/c90dce9af49b2816579c776eca00f5778d73cafd7341025fc7fec811da18a97b?s=96&d=mm&r=g\",\"contentUrl\":\"https:\/\/secure.gravatar.com\/avatar\/c90dce9af49b2816579c776eca00f5778d73cafd7341025fc7fec811da18a97b?s=96&d=mm&r=g\",\"caption\":\"Lara K.\"},\"description\":\"Ich bin seit 2017 Mama eines Sohnes, ausgebildete Grundschullehrerin und nun freiberufliche Texterin. Wir leben von Beginn an zu zweit. Achtsame und respektvolle Elternschaft wurde in den letzten Jahren zu einem meiner Herzensthemen. Seit 2020 bin ich nun Artgerecht Kleinkind Coach und momentan in Ausbildung zur Resilienzcoachin f\u00fcr Familien, um Mamas zu unterst\u00fctzen mehr Achtsamkeit und Leichtigkeit in ihren Alltag zu bringen. Ich freu mich, wenn du uns begleitest auf dieser Reise :)\",\"sameAs\":[\"https:\/\/www.instagram.com\/natuerlich.geborgen\/\"],\"url\":\"https:\/\/www.babyartikel.de\/magazin\/author\/lara\"}]}<\/script>\n<!-- \/ Yoast SEO Premium plugin. -->","yoast_head_json":{"title":"Dein Baby l\u00e4sst sich nicht ablegen? Das hilft Dir jetzt! | Babyartikel.de","description":"Dein Baby l\u00e4sst sich nicht ablegen und m\u00f6chte 24h Deine N\u00e4he? \u2665 Hier bekommst Du wertvolle Tipps, die Dir tags\u00fcber und nachts helfen.","robots":{"index":"index","follow":"follow","max-snippet":"max-snippet:-1","max-image-preview":"max-image-preview:large","max-video-preview":"max-video-preview:-1"},"canonical":"https:\/\/www.babyartikel.de\/magazin\/dein-baby-laesst-sich-nicht-ablegen-9-wertvolle-tipps-fuer-tag-und-nacht","og_locale":"de_DE","og_type":"article","og_title":"Dein Baby l\u00e4sst sich nicht ablegen? 9 wertvolle Tipps f\u00fcr Tag und Nacht","og_description":"Dein Baby l\u00e4sst sich nicht ablegen und m\u00f6chte 24h Deine N\u00e4he? \u2665 Hier bekommst Du wertvolle Tipps, die Dir tags\u00fcber und nachts helfen.","og_url":"https:\/\/www.babyartikel.de\/magazin\/dein-baby-laesst-sich-nicht-ablegen-9-wertvolle-tipps-fuer-tag-und-nacht","og_site_name":"Babyartikel.de Magazin","article_published_time":"2021-08-28T05:59:00+00:00","article_modified_time":"2024-11-14T12:44:36+00:00","og_image":[{"width":1050,"height":549,"url":"https:\/\/cdn.magazin.babyartikel.de\/magazin\/wp-content\/uploads\/2021\/08\/Baby-laesst-sich-nicht-ablegen-Tipps.jpg","type":"image\/jpeg"}],"author":"Lara K.","twitter_card":"summary_large_image","twitter_misc":{"Verfasst von":"Lara K.","Gesch\u00e4tzte Lesezeit":"14\u00a0Minuten"},"schema":{"@context":"https:\/\/schema.org","@graph":[{"@type":"Article","@id":"https:\/\/www.babyartikel.de\/magazin\/dein-baby-laesst-sich-nicht-ablegen-9-wertvolle-tipps-fuer-tag-und-nacht#article","isPartOf":{"@id":"https:\/\/www.babyartikel.de\/magazin\/dein-baby-laesst-sich-nicht-ablegen-9-wertvolle-tipps-fuer-tag-und-nacht"},"author":{"name":"Lara K.","@id":"https:\/\/www.babyartikel.de\/magazin\/#\/schema\/person\/fa307c1d64ea970b0bfbe73d05efd5a5"},"headline":"Dein Baby l\u00e4sst sich nicht ablegen? 9 wertvolle Tipps f\u00fcr Tag und Nacht","datePublished":"2021-08-28T05:59:00+00:00","dateModified":"2024-11-14T12:44:36+00:00","mainEntityOfPage":{"@id":"https:\/\/www.babyartikel.de\/magazin\/dein-baby-laesst-sich-nicht-ablegen-9-wertvolle-tipps-fuer-tag-und-nacht"},"wordCount":2340,"commentCount":2,"image":{"@id":"https:\/\/www.babyartikel.de\/magazin\/dein-baby-laesst-sich-nicht-ablegen-9-wertvolle-tipps-fuer-tag-und-nacht#primaryimage"},"thumbnailUrl":"https:\/\/media.babyartikel.de\/magazin\/wp-content\/uploads\/2021\/07\/baby-laesst-sich-nicht-ablegen-scaled.jpeg","keywords":["alltag mit baby","babytrage","nach der geburt","schlafen","wochenbett"],"articleSection":["Baby","Leben mit Baby","Wochenbett"],"inLanguage":"de","potentialAction":[{"@type":"CommentAction","name":"Comment","target":["https:\/\/www.babyartikel.de\/magazin\/dein-baby-laesst-sich-nicht-ablegen-9-wertvolle-tipps-fuer-tag-und-nacht#respond"]}]},{"@type":"WebPage","@id":"https:\/\/www.babyartikel.de\/magazin\/dein-baby-laesst-sich-nicht-ablegen-9-wertvolle-tipps-fuer-tag-und-nacht","url":"https:\/\/www.babyartikel.de\/magazin\/dein-baby-laesst-sich-nicht-ablegen-9-wertvolle-tipps-fuer-tag-und-nacht","name":"Dein Baby l\u00e4sst sich nicht ablegen? Das hilft Dir jetzt! | Babyartikel.de","isPartOf":{"@id":"https:\/\/www.babyartikel.de\/magazin\/#website"},"primaryImageOfPage":{"@id":"https:\/\/www.babyartikel.de\/magazin\/dein-baby-laesst-sich-nicht-ablegen-9-wertvolle-tipps-fuer-tag-und-nacht#primaryimage"},"image":{"@id":"https:\/\/www.babyartikel.de\/magazin\/dein-baby-laesst-sich-nicht-ablegen-9-wertvolle-tipps-fuer-tag-und-nacht#primaryimage"},"thumbnailUrl":"https:\/\/media.babyartikel.de\/magazin\/wp-content\/uploads\/2021\/07\/baby-laesst-sich-nicht-ablegen-scaled.jpeg","datePublished":"2021-08-28T05:59:00+00:00","dateModified":"2024-11-14T12:44:36+00:00","author":{"@id":"https:\/\/www.babyartikel.de\/magazin\/#\/schema\/person\/fa307c1d64ea970b0bfbe73d05efd5a5"},"description":"Dein Baby l\u00e4sst sich nicht ablegen und m\u00f6chte 24h Deine N\u00e4he? \u2665 Hier bekommst Du wertvolle Tipps, die Dir tags\u00fcber und nachts helfen.","breadcrumb":{"@id":"https:\/\/www.babyartikel.de\/magazin\/dein-baby-laesst-sich-nicht-ablegen-9-wertvolle-tipps-fuer-tag-und-nacht#breadcrumb"},"inLanguage":"de","potentialAction":[{"@type":"ReadAction","target":["https:\/\/www.babyartikel.de\/magazin\/dein-baby-laesst-sich-nicht-ablegen-9-wertvolle-tipps-fuer-tag-und-nacht"]}]},{"@type":"ImageObject","inLanguage":"de","@id":"https:\/\/www.babyartikel.de\/magazin\/dein-baby-laesst-sich-nicht-ablegen-9-wertvolle-tipps-fuer-tag-und-nacht#primaryimage","url":"https:\/\/media.babyartikel.de\/magazin\/wp-content\/uploads\/2021\/07\/baby-laesst-sich-nicht-ablegen-scaled.jpeg","contentUrl":"https:\/\/media.babyartikel.de\/magazin\/wp-content\/uploads\/2021\/07\/baby-laesst-sich-nicht-ablegen-scaled.jpeg","width":2560,"height":1706,"caption":"baby l\u00e4sst sich nicht ablegen, baby ablegen, neugeborenes ablegen, baby schl\u00e4ft nur auf meinem bauch, baby aus trage ablegen, baby l\u00e4sst sich nicht nachts nicht ablegen"},{"@type":"BreadcrumbList","@id":"https:\/\/www.babyartikel.de\/magazin\/dein-baby-laesst-sich-nicht-ablegen-9-wertvolle-tipps-fuer-tag-und-nacht#breadcrumb","itemListElement":[{"@type":"ListItem","position":1,"name":"Startseite","item":"https:\/\/www.babyartikel.de\/magazin"},{"@type":"ListItem","position":2,"name":"Dein Baby l\u00e4sst sich nicht ablegen? 9 wertvolle Tipps f\u00fcr Tag und Nacht"}]},{"@type":"WebSite","@id":"https:\/\/www.babyartikel.de\/magazin\/#website","url":"https:\/\/www.babyartikel.de\/magazin\/","name":"Babyartikel.de Magazin","description":"","potentialAction":[{"@type":"SearchAction","target":{"@type":"EntryPoint","urlTemplate":"https:\/\/www.babyartikel.de\/magazin\/?s={search_term_string}"},"query-input":{"@type":"PropertyValueSpecification","valueRequired":true,"valueName":"search_term_string"}}],"inLanguage":"de"},{"@type":"Person","@id":"https:\/\/www.babyartikel.de\/magazin\/#\/schema\/person\/fa307c1d64ea970b0bfbe73d05efd5a5","name":"Lara K.","image":{"@type":"ImageObject","inLanguage":"de","@id":"https:\/\/secure.gravatar.com\/avatar\/c90dce9af49b2816579c776eca00f5778d73cafd7341025fc7fec811da18a97b?s=96&d=mm&r=g","url":"https:\/\/secure.gravatar.com\/avatar\/c90dce9af49b2816579c776eca00f5778d73cafd7341025fc7fec811da18a97b?s=96&d=mm&r=g","contentUrl":"https:\/\/secure.gravatar.com\/avatar\/c90dce9af49b2816579c776eca00f5778d73cafd7341025fc7fec811da18a97b?s=96&d=mm&r=g","caption":"Lara K."},"description":"Ich bin seit 2017 Mama eines Sohnes, ausgebildete Grundschullehrerin und nun freiberufliche Texterin. Wir leben von Beginn an zu zweit. Achtsame und respektvolle Elternschaft wurde in den letzten Jahren zu einem meiner Herzensthemen. Seit 2020 bin ich nun Artgerecht Kleinkind Coach und momentan in Ausbildung zur Resilienzcoachin f\u00fcr Familien, um Mamas zu unterst\u00fctzen mehr Achtsamkeit und Leichtigkeit in ihren Alltag zu bringen. Ich freu mich, wenn du uns begleitest auf dieser Reise :)","sameAs":["https:\/\/www.instagram.com\/natuerlich.geborgen\/"],"url":"https:\/\/www.babyartikel.de\/magazin\/author\/lara"}]}},"abstract_sku":"","_links":{"self":[{"href":"https:\/\/www.babyartikel.de\/magazin\/wp-json\/wp\/v2\/posts\/840752","targetHints":{"allow":["GET"]}}],"collection":[{"href":"https:\/\/www.babyartikel.de\/magazin\/wp-json\/wp\/v2\/posts"}],"about":[{"href":"https:\/\/www.babyartikel.de\/magazin\/wp-json\/wp\/v2\/types\/post"}],"author":[{"embeddable":true,"href":"https:\/\/www.babyartikel.de\/magazin\/wp-json\/wp\/v2\/users\/120"}],"replies":[{"embeddable":true,"href":"https:\/\/www.babyartikel.de\/magazin\/wp-json\/wp\/v2\/comments?post=840752"}],"version-history":[{"count":70,"href":"https:\/\/www.babyartikel.de\/magazin\/wp-json\/wp\/v2\/posts\/840752\/revisions"}],"predecessor-version":[{"id":954143,"href":"https:\/\/www.babyartikel.de\/magazin\/wp-json\/wp\/v2\/posts\/840752\/revisions\/954143"}],"wp:featuredmedia":[{"embeddable":true,"href":"https:\/\/www.babyartikel.de\/magazin\/wp-json\/wp\/v2\/media\/840873"}],"wp:attachment":[{"href":"https:\/\/www.babyartikel.de\/magazin\/wp-json\/wp\/v2\/media?parent=840752"}],"wp:term":[{"taxonomy":"category","embeddable":true,"href":"https:\/\/www.babyartikel.de\/magazin\/wp-json\/wp\/v2\/categories?post=840752"},{"taxonomy":"post_tag","embeddable":true,"href":"https:\/\/www.babyartikel.de\/magazin\/wp-json\/wp\/v2\/tags?post=840752"}],"curies":[{"name":"wp","href":"https:\/\/api.w.org\/{rel}","templated":true}]}}