
{"id":849893,"date":"2022-01-20T07:53:00","date_gmt":"2022-01-20T06:53:00","guid":{"rendered":"https:\/\/www.babyartikel.de\/magazin\/?p=849893"},"modified":"2025-09-08T13:21:47","modified_gmt":"2025-09-08T11:21:47","slug":"lammfell-fuer-babys-gut-oder-gefaehrlich","status":"publish","type":"post","link":"https:\/\/www.babyartikel.de\/magazin\/lammfell-fuer-babys-gut-oder-gefaehrlich","title":{"rendered":"Lammfell f\u00fcr Babys: Gut oder gef\u00e4hrlich?"},"content":{"rendered":"<p>Es h&auml;lt sch&ouml;n warm, ist kuschelig und ein Naturprodukt: Lammfell scheint gerade in der kalten Jahreszeit das Material der Wahl. <strong>Aber ist Lammfell f&uuml;r Babys auch geeignet?<\/strong> D&uuml;rfen Babys auf einem Lammfell schlafen oder kann das gef&auml;hrlich sein? Worauf solltest Du beim Kauf eines Lammfells f&uuml;r Dein Kind achten? Und was sind die besten Alternativen, wenn Du lieber auf Fell verzichten m&ouml;chtest? <p><strong>Alle Infos zum Thema &bdquo;Lammfell f&uuml;r Babys&ldquo; habe ich Dir hier zusammengefasst.<\/strong><\/p><div id=\"ez-toc-container\" class=\"ez-toc-v2_0_82_2 counter-flat ez-toc-counter ez-toc-white ez-toc-container-direction\">\n<div class=\"ez-toc-title-container\">\n<p class=\"ez-toc-title\" style=\"cursor:inherit\">Inhaltsverzeichnis<\/p>\n<span class=\"ez-toc-title-toggle\"><a href=\"#\" class=\"ez-toc-pull-right ez-toc-btn ez-toc-btn-xs ez-toc-btn-default ez-toc-toggle\" aria-label=\"Toggle Table of Content\"><span class=\"ez-toc-js-icon-con\"><span class=\"\"><span class=\"eztoc-hide\" style=\"display:none;\">Toggle<\/span><span class=\"ez-toc-icon-toggle-span\"><svg style=\"fill: #999;color:#999\" xmlns=\"http:\/\/www.w3.org\/2000\/svg\" class=\"list-377408\" width=\"20px\" height=\"20px\" viewBox=\"0 0 24 24\" fill=\"none\"><path d=\"M6 6H4v2h2V6zm14 0H8v2h12V6zM4 11h2v2H4v-2zm16 0H8v2h12v-2zM4 16h2v2H4v-2zm16 0H8v2h12v-2z\" fill=\"currentColor\"><\/path><\/svg><svg style=\"fill: #999;color:#999\" class=\"arrow-unsorted-368013\" xmlns=\"http:\/\/www.w3.org\/2000\/svg\" width=\"10px\" height=\"10px\" viewBox=\"0 0 24 24\" version=\"1.2\" baseProfile=\"tiny\"><path d=\"M18.2 9.3l-6.2-6.3-6.2 6.3c-.2.2-.3.4-.3.7s.1.5.3.7c.2.2.4.3.7.3h11c.3 0 .5-.1.7-.3.2-.2.3-.5.3-.7s-.1-.5-.3-.7zM5.8 14.7l6.2 6.3 6.2-6.3c.2-.2.3-.5.3-.7s-.1-.5-.3-.7c-.2-.2-.4-.3-.7-.3h-11c-.3 0-.5.1-.7.3-.2.2-.3.5-.3.7s.1.5.3.7z\"\/><\/svg><\/span><\/span><\/span><\/a><\/span><\/div>\n<nav><ul class='ez-toc-list ez-toc-list-level-1 ' ><li class='ez-toc-page-1'><a class=\"ez-toc-link ez-toc-heading-1\" href=\"https:\/\/www.babyartikel.de\/magazin\/lammfell-fuer-babys-gut-oder-gefaehrlich\/#%F0%9F%91%8DLammfell_fuer_Babys_7_Vorteile\" >&#128077;Lammfell f&uuml;r Babys: 7 Vorteile<\/a><\/li><li class='ez-toc-page-1'><a class=\"ez-toc-link ez-toc-heading-2\" href=\"https:\/\/www.babyartikel.de\/magazin\/lammfell-fuer-babys-gut-oder-gefaehrlich\/#%F0%9F%91%8ELammfell_fuer_Babys_5_Nachteile\" >&#128078;Lammfell f&uuml;r Babys: 5 Nachteile<\/a><\/li><li class='ez-toc-page-1'><a class=\"ez-toc-link ez-toc-heading-3\" href=\"https:\/\/www.babyartikel.de\/magazin\/lammfell-fuer-babys-gut-oder-gefaehrlich\/#Warum_Lammfell_nicht_ins_Babybett_gehoert\" >Warum Lammfell nicht ins Babybett geh&ouml;rt<\/a><\/li><li class='ez-toc-page-1'><a class=\"ez-toc-link ez-toc-heading-4\" href=\"https:\/\/www.babyartikel.de\/magazin\/lammfell-fuer-babys-gut-oder-gefaehrlich\/#Lammfell_fuer_Babys_Die_wichtigsten_Kauf-Tipps\" >Lammfell f&uuml;r Babys: Die wichtigsten Kauf-Tipps<\/a><\/li><li class='ez-toc-page-1'><a class=\"ez-toc-link ez-toc-heading-5\" href=\"https:\/\/www.babyartikel.de\/magazin\/lammfell-fuer-babys-gut-oder-gefaehrlich\/#Lammfell_fuer_Babys_richtig_pflegen\" >Lammfell f&uuml;r Babys richtig pflegen<\/a><\/li><li class='ez-toc-page-1'><a class=\"ez-toc-link ez-toc-heading-6\" href=\"https:\/\/www.babyartikel.de\/magazin\/lammfell-fuer-babys-gut-oder-gefaehrlich\/#Lammfell_fuer_Babys_Gute_Alternativen\" >Lammfell f&uuml;r Babys: Gute Alternativen<\/a><\/li><li class='ez-toc-page-1'><a class=\"ez-toc-link ez-toc-heading-7\" href=\"https:\/\/www.babyartikel.de\/magazin\/lammfell-fuer-babys-gut-oder-gefaehrlich\/#Fazit_Lammfell_fuer_Babys_%E2%80%93_ja_oder_nein\" >Fazit: Lammfell f&uuml;r Babys &ndash; ja oder nein?<\/a><\/li><\/ul><\/nav><\/div>\n<h2 class=\"wp-block-heading\" id=\"h-lammfell-fur-babys-7-vorteile\"><span class=\"ez-toc-section\" id=\"%F0%9F%91%8DLammfell_fuer_Babys_7_Vorteile\"><\/span>&#128077;Lammfell f&uuml;r Babys: 7 Vorteile<span class=\"ez-toc-section-end\"><\/span><\/h2><p>Lammfell hat tats&auml;chlich positive Eigenschaften, von denen auch Dein Baby profitieren kann. <\/p><div class=\"marketing-slot\"><div id=\"block-18\" class=\"content-post-widget marketing-slot-1 widget_block\"><a href=\"#\" class=\"newsletter_popup\" style=\"\n  display: inline-block;\n  box-shadow: 0 4px 10px rgba(0,0,0,0.1);\n  margin: 20px auto;\n  max-width: 800px;\n  width: 100%;\">\n  <img src=\"https:\/\/media.babyartikel.de\/magazin\/wp-content\/uploads\/2025\/08\/NL-Banner-Magazin-8-25.webp\" alt=\"Newsletter Banner\" style=\"\n    width: 100%;\n    height: auto;\n    display: block;\" onclick=\"ga('send', 'event', 'banner', 'click', 'magazin-banner-newsletter-8-25');\">\n<\/a>\n\n\t<!-- Modal -->\n\t<div class=\"modal fade modal_popup\" id=\"newsletter_popup\" tabindex=\"-1\" aria-labelledby=\"exampleModalLabel\" aria-hidden=\"true\">\n\t\t<div class=\"modal-dialog modal-dialog-centered modal-dialog-scrollable\">\n\t\t\t<div class=\"modal-content\">\n\t\t\t\t<div class=\"modal-header small-header\">\n\t\t\t\t\t<h5 class=\"modal-title\" id=\"newsletterModalLabel\">\n\t\t\t\t\t\tNewsletter\t\t\t\t\t<\/h5>\n\t\t\t\t\t<button type=\"button\" class=\"btn-close small-close\" data-bs-dismiss=\"modal\" aria-label=\"Close\"><\/button>\n\t\t\t\t<\/div>\n\n\t\t\t\t<div class=\"modal-body\">\n\t\t\t\t\t\t<div class=\"newsletterForm-embed popup-form\">\n        <form name=\"newsletterSubscriptionForm\" id=\"newsletter_popup_69f3e3a6670d4_form\" data-newsletter-id=\"newsletter_popup_69f3e3a6670d4\" method=\"POST\">\n\n\t\t\t<input type=\"text\" name=\"website\" class=\"hidden\" tabindex=\"-1\" autocomplete=\"off\" style=\"position:absolute;left:-9999px;\">\n\t\t\t<input type=\"hidden\" name=\"ts\" value=\"1777591206\">\n\n\t\t\t                <input type=\"hidden\" name=\"emarsys-event-id\" value=\"3756\">\n            \n            \t\t\t<div class=\"mb-3\">\n\t\t\t\t<label for=\"date\" class=\"form-label\">Geburtstag\/ -termin Deines Babys<\/label>\n                <input type=\"date\" name=\"date\" class=\"input input--expand form-control\" required>\n\t\t\t<\/div>\n            \n\t\t\t<div class=\"mb-3\">\n\t\t\t\t<label for=\"email\" class=\"form-label\">E-Mail-Adresse<\/label>\n\t\t\t\t<input type=\"email\" name=\"email\" placeholder=\"E-Mail-Adresse\" class=\"input input--expand form-control\" required>\n\t\t\t<\/div>\n\n\t\t\t\t\t\t\t<button type=\"submit\" class=\"btn btn-primary\">Absenden<\/button>\n\t\t\t\n\t\t\t\t\t\t\t<div class=\"small mt-3\" style=\"font-weight:normal;\">\n\t\t\t\t\t\n\t\t\t<div class=\"mt-3\">\n\t\t\t\tJa, ich m&ouml;chte den Newsletter von Babyartikel.de erhalten und &uuml;ber Aktionen informiert werden.\n  Dabei darf mein Nutzungsverhalten (z. B. &Ouml;ffnungen und Klicks) zur Personalisierung ausgewertet werden.\n  Mehr finde ich in der <a href=\"\/de\/datenschutz\" style=\"text-decoration:underline\">Datenschutzerkl&auml;rung<\/a>.\n\t\t\t<\/div>\n\t\t\t\t\t\t<\/div>\n\t\t\t\n\t\t\t\t\t\t\t<div class=\"small mb-3 mt-3\" style=\"font-weight:normal;\">\n\t\t\t\t\tJederzeit abbestellbar | <a href=\"\/de\/datenschutz\" style=\"text-decoration:underline\">\n\t\t\t\t\t\tDatenschutzerkl&auml;rung\n\t\t\t\t\t<\/a>\n\t\t\t\t<\/div>\n\t\t\t\n        <\/form>\n    <\/div>\n\t\n\t\t\t\t\t<div class=\"response-messages_newsletter_popup_69f3e3a6670d4\">\n\t\t\t\t\t\t<div class=\"alert alert-success success mt-3 mb-3 d-none\">\n\t\t\t\t\t\t\tNur noch ein Klick! Best&auml;tige Deine Anmeldung in der E-Mail, die du gleich erh&auml;ltst.\t\t\t\t\t\t<\/div>\n\t\t\t\t\t\t<div class=\"error mt-3 mb-3 d-none\">\n\t\t\t\t\t\t\t<div class=\"alert alert-danger \">\n\t\t\t\t\t\t\t\tEin Fehler ist aufgetreten. Bitte versuche es sp&auml;ter erneut.\t\t\t\t\t\t\t<\/div>\n\t\t\t\t\t\t<\/div>\n\t\t\t\t\t\t<div class=\"alert alert-danger other-2007 mt-3 mb-3 d-none\">\n\t\t\t\t\t\t\tUng&Atilde;&frac14;ltiges Datumsformat\t\t\t\t\t\t<\/div>\n\t\t\t\t\t<\/div>\n\t\t\t\t<\/div>\n\t\t\t<\/div>\n\t\t<\/div>\n\t<\/div>\n\n\t<\/div><!-- content-widget --><\/div><section><div class=\"cta-container custom-infobox\" style=\"background-color: #F9ECF4; box-shadow: 1px 1px 4px #9d9d9d; padding: 10px; border: 2px solid white; margin-bottom: 10px; margin-top: 25px; border-radius: 0.125rem;\"><div class=\"text-center\"><img decoding=\"async\" src=\"https:\/\/www.babyartikel.de\/magazin\/wp-content\/plugins\/wp-ba-custom-block\/img\/chicklet.svg\" alt=\"chicklet.svg\" style=\"padding: 0.1rem; border: solid #FCF8FB; border-radius: 50%; margin-top: -2.75rem; width: 2.5rem; height: 2.5rem; background-color: #FCF8FB\"><\/div><label style=\"color: #95326B; \" class=\"labelHomePage h5\">So kann Lammfell f&uuml;r Babys etwa diese Vorteile haben:<\/label>\n<ol class=\"wp-block-list\">\n<li>Es ist sehr weich und gem&uuml;tlich.<\/li>\n\n\n\n<li>Lammfell ist <strong>atmungsaktiv <\/strong>und<strong> temperaturausgleichend<\/strong>, sowohl bei W&auml;rme als auch bei K&auml;lte.<\/li>\n\n\n\n<li>Es ist sehr strapazierf&auml;hig und langlebig.<\/li>\n\n\n\n<li>Lammfell absorbiert Feuchtigkeit &ndash; und Dein Baby schwitzt nicht.<\/li>\n\n\n\n<li>Wolle hat einen selbstreinigenden Effekt.<\/li>\n\n\n\n<li>Bei <strong>medizinischer Gerbung<\/strong> ist Lammfell anti-bakteriell und anti-allergen. <\/li>\n\n\n\n<li>Lammfell kann bei Babys Asthma vorbeugen.<\/li>\n<\/ol>\n<\/div><\/section><p><strong>Der letzte Punkt wurde sogar in einer Studie untersucht: <\/strong>Lungen&auml;rzte des <a href=\"http:\/\/www.lungenaerzte-im-netz.de\/\" rel=\"noreferrer noopener\" target=\"_blank\">Bundesverbands der Pneumologen (BdP)<\/a> verweisen auf die Ergebnisse einer&nbsp;<a href=\"http:\/\/erscongress.org\/component\/content\/article\/47-media-centre\/press-releases\/216-sleeping-on-animal-fur-in-infancy-found-to-reduce-risk-of-asthma.html\" rel=\"noreferrer noopener\" target=\"_blank\">Studie von Forschern des Helmholtz Zentrums M&uuml;nchen<\/a>&nbsp;mit &uuml;ber 2400 Kindern. Die Studie wurde 2014 auf dem internationalen Lungenkongress der European Respiratory Society vorgestellt und besagt, dass S&auml;uglinge, die in ihren ersten drei Lebensmonaten regelm&auml;&szlig;ig auf einem Tierfell wie Lammfell lagen, <strong>ein bis zu 80 Prozent geringeres Risiko haben, an Asthma zu erkranken<\/strong>.&nbsp;<\/p><section>  \n    <div class=\"bootstrap-container dynamic-toplist-table\">\n    <div class=\"h1\">\n        Unsere Top 7 Lammfell-Fu&szlig;s&auml;cke    <\/div>\n\n    <!-- Slider main container -->\n    <div class=\"swiper mySwiper swiper-initialized swiper-horizontal swiper-pointer-events swiper-watch-progress swiper-backface-hidden\">\n\n        <!-- Additional required wrapper -->\n        <div class=\"swiper-wrapper\">\n            <!-- Slides -->\n            <div class=\"swiper-slide\">\n    <!--Slide 1-->\n    <a href=\"\/prod\/fellhof-lammfell-fusssack-hochsolden-fur-buggy-sport-kinderwagen?attribute%5Bcolor_variant%5D=Schwarz\" class=\"dynamic-toplist-card-link\" data-track-link-click=\"true\" data-track-campaign=\"magazin-dynamic-toplist\" data-track-name=\"202500002171abs\" data-track-position=\"1\">\n        <div class=\"card\">\n            <span class=\"label\">Platz 1<\/span> \n            <img decoding=\"async\" src=\"https:\/\/media.babyartikel.de\/fellhof-lammfell-fusssack-hochsolden-fur-buggy-sport-kinderwagen-schwarz-1103-001-d0.png?preset=large\" class=\"card-img-top\" loading=\"lazy\" alt=\"...\">\n            <div class=\"card-body\">\n                <ul>\n                    <li><strong> Fellhof <\/strong><\/li>\n                    <li class=\"product-title\"> Lammfell-Fu&szlig;sack Hochs&ouml;lden f&uuml;r Buggy, Sport- &amp; Kinderwagen - Schwarz <\/li>\n                    <li>\n                        <span class=\"btn\">Zum Produkt<\/span>\n                        <span> 239,00 &euro; <\/span>\n                    <\/li>\n                    <li>\n                        <!--<span class=\"stars\"><\/span>-->\n                        <span class=\"ratingStars\"><svg xmlns=\"http:\/\/www.w3.org\/2000\/svg\" width=\"21\" height=\"21\" fill=\"#ffbf1c\" class=\"bi bi-star\" viewbox=\"0 0 16 16\">\n                            <path d=\"M2.866 14.85c-.078.444.36.791.746.593l4.39-2.256 4.389 2.256c.386.198.824-.149.746-.592l-.83-4.73 3.522-3.356c.33-.314.16-.888-.282-.95l-4.898-.696L8.465.792a.513.513 0 0 0-.927 0L5.354 5.12l-4.898.696c-.441.062-.612.636-.283.95l3.523 3.356-.83 4.73zm4.905-2.767-3.686 1.894.694-3.957a.565.565 0 0 0-.163-.505L1.71 6.745l4.052-.576a.525.525 0 0 0 .393-.288L8 2.223l1.847 3.658a.525.525 0 0 0 .393.288l4.052.575-2.906 2.77a.565.565 0 0 0-.163.506l.694 3.957-3.686-1.894a.503.503 0 0 0-.461 0z\"><\/path>\n                           <\/svg><svg xmlns=\"http:\/\/www.w3.org\/2000\/svg\" width=\"21\" height=\"21\" fill=\"#ffbf1c\" class=\"bi bi-star\" viewbox=\"0 0 16 16\">\n                            <path d=\"M2.866 14.85c-.078.444.36.791.746.593l4.39-2.256 4.389 2.256c.386.198.824-.149.746-.592l-.83-4.73 3.522-3.356c.33-.314.16-.888-.282-.95l-4.898-.696L8.465.792a.513.513 0 0 0-.927 0L5.354 5.12l-4.898.696c-.441.062-.612.636-.283.95l3.523 3.356-.83 4.73zm4.905-2.767-3.686 1.894.694-3.957a.565.565 0 0 0-.163-.505L1.71 6.745l4.052-.576a.525.525 0 0 0 .393-.288L8 2.223l1.847 3.658a.525.525 0 0 0 .393.288l4.052.575-2.906 2.77a.565.565 0 0 0-.163.506l.694 3.957-3.686-1.894a.503.503 0 0 0-.461 0z\"><\/path>\n                           <\/svg><svg xmlns=\"http:\/\/www.w3.org\/2000\/svg\" width=\"21\" height=\"21\" fill=\"#ffbf1c\" class=\"bi bi-star\" viewbox=\"0 0 16 16\">\n                            <path d=\"M2.866 14.85c-.078.444.36.791.746.593l4.39-2.256 4.389 2.256c.386.198.824-.149.746-.592l-.83-4.73 3.522-3.356c.33-.314.16-.888-.282-.95l-4.898-.696L8.465.792a.513.513 0 0 0-.927 0L5.354 5.12l-4.898.696c-.441.062-.612.636-.283.95l3.523 3.356-.83 4.73zm4.905-2.767-3.686 1.894.694-3.957a.565.565 0 0 0-.163-.505L1.71 6.745l4.052-.576a.525.525 0 0 0 .393-.288L8 2.223l1.847 3.658a.525.525 0 0 0 .393.288l4.052.575-2.906 2.77a.565.565 0 0 0-.163.506l.694 3.957-3.686-1.894a.503.503 0 0 0-.461 0z\"><\/path>\n                           <\/svg><svg xmlns=\"http:\/\/www.w3.org\/2000\/svg\" width=\"21\" height=\"21\" fill=\"#ffbf1c\" class=\"bi bi-star\" viewbox=\"0 0 16 16\">\n                            <path d=\"M2.866 14.85c-.078.444.36.791.746.593l4.39-2.256 4.389 2.256c.386.198.824-.149.746-.592l-.83-4.73 3.522-3.356c.33-.314.16-.888-.282-.95l-4.898-.696L8.465.792a.513.513 0 0 0-.927 0L5.354 5.12l-4.898.696c-.441.062-.612.636-.283.95l3.523 3.356-.83 4.73zm4.905-2.767-3.686 1.894.694-3.957a.565.565 0 0 0-.163-.505L1.71 6.745l4.052-.576a.525.525 0 0 0 .393-.288L8 2.223l1.847 3.658a.525.525 0 0 0 .393.288l4.052.575-2.906 2.77a.565.565 0 0 0-.163.506l.694 3.957-3.686-1.894a.503.503 0 0 0-.461 0z\"><\/path>\n                           <\/svg><svg xmlns=\"http:\/\/www.w3.org\/2000\/svg\" width=\"21\" height=\"21\" fill=\"#ffbf1c\" class=\"bi bi-star\" viewbox=\"0 0 16 16\">\n                            <path d=\"M2.866 14.85c-.078.444.36.791.746.593l4.39-2.256 4.389 2.256c.386.198.824-.149.746-.592l-.83-4.73 3.522-3.356c.33-.314.16-.888-.282-.95l-4.898-.696L8.465.792a.513.513 0 0 0-.927 0L5.354 5.12l-4.898.696c-.441.062-.612.636-.283.95l3.523 3.356-.83 4.73zm4.905-2.767-3.686 1.894.694-3.957a.565.565 0 0 0-.163-.505L1.71 6.745l4.052-.576a.525.525 0 0 0 .393-.288L8 2.223l1.847 3.658a.525.525 0 0 0 .393.288l4.052.575-2.906 2.77a.565.565 0 0 0-.163.506l.694 3.957-3.686-1.894a.503.503 0 0 0-.461 0z\"><\/path>\n                           <\/svg><\/span>\n                    <\/li>\n                                        \n                <\/ul>\n            <\/div>\n        <\/div>\n    <\/a>\n<\/div><div class=\"swiper-slide\">\n    <!--Slide 1-->\n    <a href=\"\/prod\/fellhof-lammfell-fusssack-aspen-fur-buggy-sport-kinderwagen?attribute%5Bcolor_variant%5D=Schwarz\" class=\"dynamic-toplist-card-link\" data-track-link-click=\"true\" data-track-campaign=\"magazin-dynamic-toplist\" data-track-name=\"202500002174abs\" data-track-position=\"2\">\n        <div class=\"card\">\n            <span class=\"label\">Platz 2<\/span> \n            <img decoding=\"async\" src=\"https:\/\/media.babyartikel.de\/fellhof-lammfell-fusssack-aspen-fur-buggy-sport-kinderwagen-schwarz-1113-001-d0.png?preset=large\" class=\"card-img-top\" loading=\"lazy\" alt=\"...\">\n            <div class=\"card-body\">\n                <ul>\n                    <li><strong> Fellhof <\/strong><\/li>\n                    <li class=\"product-title\"> Lammfell-Fu&szlig;sack Aspen f&uuml;r Buggy, Sport- &amp; Kinderwagen - Schwarz <\/li>\n                    <li>\n                        <span class=\"btn\">Zum Produkt<\/span>\n                        <span> 229,00 &euro; <\/span>\n                    <\/li>\n                    <li>\n                        <!--<span class=\"stars\"><\/span>-->\n                        <span class=\"ratingStars\"><svg xmlns=\"http:\/\/www.w3.org\/2000\/svg\" width=\"21\" height=\"21\" fill=\"#ffbf1c\" class=\"bi bi-star\" viewbox=\"0 0 16 16\">\n                            <path d=\"M2.866 14.85c-.078.444.36.791.746.593l4.39-2.256 4.389 2.256c.386.198.824-.149.746-.592l-.83-4.73 3.522-3.356c.33-.314.16-.888-.282-.95l-4.898-.696L8.465.792a.513.513 0 0 0-.927 0L5.354 5.12l-4.898.696c-.441.062-.612.636-.283.95l3.523 3.356-.83 4.73zm4.905-2.767-3.686 1.894.694-3.957a.565.565 0 0 0-.163-.505L1.71 6.745l4.052-.576a.525.525 0 0 0 .393-.288L8 2.223l1.847 3.658a.525.525 0 0 0 .393.288l4.052.575-2.906 2.77a.565.565 0 0 0-.163.506l.694 3.957-3.686-1.894a.503.503 0 0 0-.461 0z\"><\/path>\n                           <\/svg><svg xmlns=\"http:\/\/www.w3.org\/2000\/svg\" width=\"21\" height=\"21\" fill=\"#ffbf1c\" class=\"bi bi-star\" viewbox=\"0 0 16 16\">\n                            <path d=\"M2.866 14.85c-.078.444.36.791.746.593l4.39-2.256 4.389 2.256c.386.198.824-.149.746-.592l-.83-4.73 3.522-3.356c.33-.314.16-.888-.282-.95l-4.898-.696L8.465.792a.513.513 0 0 0-.927 0L5.354 5.12l-4.898.696c-.441.062-.612.636-.283.95l3.523 3.356-.83 4.73zm4.905-2.767-3.686 1.894.694-3.957a.565.565 0 0 0-.163-.505L1.71 6.745l4.052-.576a.525.525 0 0 0 .393-.288L8 2.223l1.847 3.658a.525.525 0 0 0 .393.288l4.052.575-2.906 2.77a.565.565 0 0 0-.163.506l.694 3.957-3.686-1.894a.503.503 0 0 0-.461 0z\"><\/path>\n                           <\/svg><svg xmlns=\"http:\/\/www.w3.org\/2000\/svg\" width=\"21\" height=\"21\" fill=\"#ffbf1c\" class=\"bi bi-star\" viewbox=\"0 0 16 16\">\n                            <path d=\"M2.866 14.85c-.078.444.36.791.746.593l4.39-2.256 4.389 2.256c.386.198.824-.149.746-.592l-.83-4.73 3.522-3.356c.33-.314.16-.888-.282-.95l-4.898-.696L8.465.792a.513.513 0 0 0-.927 0L5.354 5.12l-4.898.696c-.441.062-.612.636-.283.95l3.523 3.356-.83 4.73zm4.905-2.767-3.686 1.894.694-3.957a.565.565 0 0 0-.163-.505L1.71 6.745l4.052-.576a.525.525 0 0 0 .393-.288L8 2.223l1.847 3.658a.525.525 0 0 0 .393.288l4.052.575-2.906 2.77a.565.565 0 0 0-.163.506l.694 3.957-3.686-1.894a.503.503 0 0 0-.461 0z\"><\/path>\n                           <\/svg><svg xmlns=\"http:\/\/www.w3.org\/2000\/svg\" width=\"21\" height=\"21\" fill=\"#ffbf1c\" class=\"bi bi-star\" viewbox=\"0 0 16 16\">\n                            <path d=\"M2.866 14.85c-.078.444.36.791.746.593l4.39-2.256 4.389 2.256c.386.198.824-.149.746-.592l-.83-4.73 3.522-3.356c.33-.314.16-.888-.282-.95l-4.898-.696L8.465.792a.513.513 0 0 0-.927 0L5.354 5.12l-4.898.696c-.441.062-.612.636-.283.95l3.523 3.356-.83 4.73zm4.905-2.767-3.686 1.894.694-3.957a.565.565 0 0 0-.163-.505L1.71 6.745l4.052-.576a.525.525 0 0 0 .393-.288L8 2.223l1.847 3.658a.525.525 0 0 0 .393.288l4.052.575-2.906 2.77a.565.565 0 0 0-.163.506l.694 3.957-3.686-1.894a.503.503 0 0 0-.461 0z\"><\/path>\n                           <\/svg><svg xmlns=\"http:\/\/www.w3.org\/2000\/svg\" width=\"21\" height=\"21\" fill=\"#ffbf1c\" class=\"bi bi-star\" viewbox=\"0 0 16 16\">\n                            <path d=\"M2.866 14.85c-.078.444.36.791.746.593l4.39-2.256 4.389 2.256c.386.198.824-.149.746-.592l-.83-4.73 3.522-3.356c.33-.314.16-.888-.282-.95l-4.898-.696L8.465.792a.513.513 0 0 0-.927 0L5.354 5.12l-4.898.696c-.441.062-.612.636-.283.95l3.523 3.356-.83 4.73zm4.905-2.767-3.686 1.894.694-3.957a.565.565 0 0 0-.163-.505L1.71 6.745l4.052-.576a.525.525 0 0 0 .393-.288L8 2.223l1.847 3.658a.525.525 0 0 0 .393.288l4.052.575-2.906 2.77a.565.565 0 0 0-.163.506l.694 3.957-3.686-1.894a.503.503 0 0 0-.461 0z\"><\/path>\n                           <\/svg><\/span>\n                    <\/li>\n                                        \n                <\/ul>\n            <\/div>\n        <\/div>\n    <\/a>\n<\/div><div class=\"swiper-slide\">\n    <!--Slide 1-->\n    <a href=\"\/prod\/fellhof-lammfell-fusssack-cortina-fur-buggy-sport-kinderwagen?attribute%5Bcolor_variant%5D=Schwarz\" class=\"dynamic-toplist-card-link\" data-track-link-click=\"true\" data-track-campaign=\"magazin-dynamic-toplist\" data-track-name=\"202500002168abs\" data-track-position=\"3\">\n        <div class=\"card\">\n            <span class=\"label\">Platz 3<\/span> \n            <img decoding=\"async\" src=\"https:\/\/media.babyartikel.de\/fellhof-lammfell-fusssack-cortina-fur-buggy-sport-kinderwagen-schwarz-1101-001-d0.png?preset=large\" class=\"card-img-top\" loading=\"lazy\" alt=\"...\">\n            <div class=\"card-body\">\n                <ul>\n                    <li><strong> Fellhof <\/strong><\/li>\n                    <li class=\"product-title\"> Lammfell-Fu&szlig;sack Cortina f&uuml;r Buggy, Sport- &amp; Kinderwagen - Schwarz <\/li>\n                    <li>\n                        <span class=\"btn\">Zum Produkt<\/span>\n                        <span> 219,00 &euro; <\/span>\n                    <\/li>\n                    <li>\n                        <!--<span class=\"stars\"><\/span>-->\n                        <span class=\"ratingStars\"><svg xmlns=\"http:\/\/www.w3.org\/2000\/svg\" width=\"21\" height=\"21\" fill=\"#ffbf1c\" class=\"bi bi-star\" viewbox=\"0 0 16 16\">\n                            <path d=\"M2.866 14.85c-.078.444.36.791.746.593l4.39-2.256 4.389 2.256c.386.198.824-.149.746-.592l-.83-4.73 3.522-3.356c.33-.314.16-.888-.282-.95l-4.898-.696L8.465.792a.513.513 0 0 0-.927 0L5.354 5.12l-4.898.696c-.441.062-.612.636-.283.95l3.523 3.356-.83 4.73zm4.905-2.767-3.686 1.894.694-3.957a.565.565 0 0 0-.163-.505L1.71 6.745l4.052-.576a.525.525 0 0 0 .393-.288L8 2.223l1.847 3.658a.525.525 0 0 0 .393.288l4.052.575-2.906 2.77a.565.565 0 0 0-.163.506l.694 3.957-3.686-1.894a.503.503 0 0 0-.461 0z\"><\/path>\n                           <\/svg><svg xmlns=\"http:\/\/www.w3.org\/2000\/svg\" width=\"21\" height=\"21\" fill=\"#ffbf1c\" class=\"bi bi-star\" viewbox=\"0 0 16 16\">\n                            <path d=\"M2.866 14.85c-.078.444.36.791.746.593l4.39-2.256 4.389 2.256c.386.198.824-.149.746-.592l-.83-4.73 3.522-3.356c.33-.314.16-.888-.282-.95l-4.898-.696L8.465.792a.513.513 0 0 0-.927 0L5.354 5.12l-4.898.696c-.441.062-.612.636-.283.95l3.523 3.356-.83 4.73zm4.905-2.767-3.686 1.894.694-3.957a.565.565 0 0 0-.163-.505L1.71 6.745l4.052-.576a.525.525 0 0 0 .393-.288L8 2.223l1.847 3.658a.525.525 0 0 0 .393.288l4.052.575-2.906 2.77a.565.565 0 0 0-.163.506l.694 3.957-3.686-1.894a.503.503 0 0 0-.461 0z\"><\/path>\n                           <\/svg><svg xmlns=\"http:\/\/www.w3.org\/2000\/svg\" width=\"21\" height=\"21\" fill=\"#ffbf1c\" class=\"bi bi-star\" viewbox=\"0 0 16 16\">\n                            <path d=\"M2.866 14.85c-.078.444.36.791.746.593l4.39-2.256 4.389 2.256c.386.198.824-.149.746-.592l-.83-4.73 3.522-3.356c.33-.314.16-.888-.282-.95l-4.898-.696L8.465.792a.513.513 0 0 0-.927 0L5.354 5.12l-4.898.696c-.441.062-.612.636-.283.95l3.523 3.356-.83 4.73zm4.905-2.767-3.686 1.894.694-3.957a.565.565 0 0 0-.163-.505L1.71 6.745l4.052-.576a.525.525 0 0 0 .393-.288L8 2.223l1.847 3.658a.525.525 0 0 0 .393.288l4.052.575-2.906 2.77a.565.565 0 0 0-.163.506l.694 3.957-3.686-1.894a.503.503 0 0 0-.461 0z\"><\/path>\n                           <\/svg><svg xmlns=\"http:\/\/www.w3.org\/2000\/svg\" width=\"21\" height=\"21\" fill=\"#ffbf1c\" class=\"bi bi-star\" viewbox=\"0 0 16 16\">\n                            <path d=\"M2.866 14.85c-.078.444.36.791.746.593l4.39-2.256 4.389 2.256c.386.198.824-.149.746-.592l-.83-4.73 3.522-3.356c.33-.314.16-.888-.282-.95l-4.898-.696L8.465.792a.513.513 0 0 0-.927 0L5.354 5.12l-4.898.696c-.441.062-.612.636-.283.95l3.523 3.356-.83 4.73zm4.905-2.767-3.686 1.894.694-3.957a.565.565 0 0 0-.163-.505L1.71 6.745l4.052-.576a.525.525 0 0 0 .393-.288L8 2.223l1.847 3.658a.525.525 0 0 0 .393.288l4.052.575-2.906 2.77a.565.565 0 0 0-.163.506l.694 3.957-3.686-1.894a.503.503 0 0 0-.461 0z\"><\/path>\n                           <\/svg><svg xmlns=\"http:\/\/www.w3.org\/2000\/svg\" width=\"21\" height=\"21\" fill=\"#ffbf1c\" class=\"bi bi-star\" viewbox=\"0 0 16 16\">\n                            <path d=\"M2.866 14.85c-.078.444.36.791.746.593l4.39-2.256 4.389 2.256c.386.198.824-.149.746-.592l-.83-4.73 3.522-3.356c.33-.314.16-.888-.282-.95l-4.898-.696L8.465.792a.513.513 0 0 0-.927 0L5.354 5.12l-4.898.696c-.441.062-.612.636-.283.95l3.523 3.356-.83 4.73zm4.905-2.767-3.686 1.894.694-3.957a.565.565 0 0 0-.163-.505L1.71 6.745l4.052-.576a.525.525 0 0 0 .393-.288L8 2.223l1.847 3.658a.525.525 0 0 0 .393.288l4.052.575-2.906 2.77a.565.565 0 0 0-.163.506l.694 3.957-3.686-1.894a.503.503 0 0 0-.461 0z\"><\/path>\n                           <\/svg><\/span>\n                    <\/li>\n                                        \n                <\/ul>\n            <\/div>\n        <\/div>\n    <\/a>\n<\/div><div class=\"swiper-slide\">\n    <!--Slide 1-->\n    <a href=\"\/prod\/fellhof-lammfell-fusssack-cortina-filz-fur-kinderwagen-buggy-hellgrau\" class=\"dynamic-toplist-card-link\" data-track-link-click=\"true\" data-track-campaign=\"magazin-dynamic-toplist\" data-track-name=\"202500002187abs\" data-track-position=\"4\">\n        <div class=\"card\">\n            <span class=\"label\">Platz 4<\/span> \n            <img decoding=\"async\" src=\"https:\/\/media.babyartikel.de\/fellhof-lammfell-fusssack-cortina-filz-fur-kinderwagen-buggy-hellgrau-1101-103-d0.png?preset=large\" class=\"card-img-top\" loading=\"lazy\" alt=\"...\">\n            <div class=\"card-body\">\n                <ul>\n                    <li><strong> Fellhof <\/strong><\/li>\n                    <li class=\"product-title\"> Lammfell-Fu&szlig;sack Cortina Filz f&uuml;r Kinderwagen &amp; Buggy - Hellgrau <\/li>\n                    <li>\n                        <span class=\"btn\">Zum Produkt<\/span>\n                        <span> 199,99 &euro; <\/span>\n                    <\/li>\n                    <li>\n                        <!--<span class=\"stars\"><\/span>-->\n                        <span class=\"ratingStars\"><svg xmlns=\"http:\/\/www.w3.org\/2000\/svg\" width=\"21\" height=\"21\" fill=\"#ffbf1c\" class=\"bi bi-star\" viewbox=\"0 0 16 16\">\n                            <path d=\"M2.866 14.85c-.078.444.36.791.746.593l4.39-2.256 4.389 2.256c.386.198.824-.149.746-.592l-.83-4.73 3.522-3.356c.33-.314.16-.888-.282-.95l-4.898-.696L8.465.792a.513.513 0 0 0-.927 0L5.354 5.12l-4.898.696c-.441.062-.612.636-.283.95l3.523 3.356-.83 4.73zm4.905-2.767-3.686 1.894.694-3.957a.565.565 0 0 0-.163-.505L1.71 6.745l4.052-.576a.525.525 0 0 0 .393-.288L8 2.223l1.847 3.658a.525.525 0 0 0 .393.288l4.052.575-2.906 2.77a.565.565 0 0 0-.163.506l.694 3.957-3.686-1.894a.503.503 0 0 0-.461 0z\"><\/path>\n                           <\/svg><svg xmlns=\"http:\/\/www.w3.org\/2000\/svg\" width=\"21\" height=\"21\" fill=\"#ffbf1c\" class=\"bi bi-star\" viewbox=\"0 0 16 16\">\n                            <path d=\"M2.866 14.85c-.078.444.36.791.746.593l4.39-2.256 4.389 2.256c.386.198.824-.149.746-.592l-.83-4.73 3.522-3.356c.33-.314.16-.888-.282-.95l-4.898-.696L8.465.792a.513.513 0 0 0-.927 0L5.354 5.12l-4.898.696c-.441.062-.612.636-.283.95l3.523 3.356-.83 4.73zm4.905-2.767-3.686 1.894.694-3.957a.565.565 0 0 0-.163-.505L1.71 6.745l4.052-.576a.525.525 0 0 0 .393-.288L8 2.223l1.847 3.658a.525.525 0 0 0 .393.288l4.052.575-2.906 2.77a.565.565 0 0 0-.163.506l.694 3.957-3.686-1.894a.503.503 0 0 0-.461 0z\"><\/path>\n                           <\/svg><svg xmlns=\"http:\/\/www.w3.org\/2000\/svg\" width=\"21\" height=\"21\" fill=\"#ffbf1c\" class=\"bi bi-star\" viewbox=\"0 0 16 16\">\n                            <path d=\"M2.866 14.85c-.078.444.36.791.746.593l4.39-2.256 4.389 2.256c.386.198.824-.149.746-.592l-.83-4.73 3.522-3.356c.33-.314.16-.888-.282-.95l-4.898-.696L8.465.792a.513.513 0 0 0-.927 0L5.354 5.12l-4.898.696c-.441.062-.612.636-.283.95l3.523 3.356-.83 4.73zm4.905-2.767-3.686 1.894.694-3.957a.565.565 0 0 0-.163-.505L1.71 6.745l4.052-.576a.525.525 0 0 0 .393-.288L8 2.223l1.847 3.658a.525.525 0 0 0 .393.288l4.052.575-2.906 2.77a.565.565 0 0 0-.163.506l.694 3.957-3.686-1.894a.503.503 0 0 0-.461 0z\"><\/path>\n                           <\/svg><svg xmlns=\"http:\/\/www.w3.org\/2000\/svg\" width=\"21\" height=\"21\" fill=\"#ffbf1c\" class=\"bi bi-star\" viewbox=\"0 0 16 16\">\n                            <path d=\"M2.866 14.85c-.078.444.36.791.746.593l4.39-2.256 4.389 2.256c.386.198.824-.149.746-.592l-.83-4.73 3.522-3.356c.33-.314.16-.888-.282-.95l-4.898-.696L8.465.792a.513.513 0 0 0-.927 0L5.354 5.12l-4.898.696c-.441.062-.612.636-.283.95l3.523 3.356-.83 4.73zm4.905-2.767-3.686 1.894.694-3.957a.565.565 0 0 0-.163-.505L1.71 6.745l4.052-.576a.525.525 0 0 0 .393-.288L8 2.223l1.847 3.658a.525.525 0 0 0 .393.288l4.052.575-2.906 2.77a.565.565 0 0 0-.163.506l.694 3.957-3.686-1.894a.503.503 0 0 0-.461 0z\"><\/path>\n                           <\/svg><svg xmlns=\"http:\/\/www.w3.org\/2000\/svg\" width=\"21\" height=\"21\" fill=\"#ffbf1c\" class=\"bi bi-star\" viewbox=\"0 0 16 16\">\n                            <path d=\"M2.866 14.85c-.078.444.36.791.746.593l4.39-2.256 4.389 2.256c.386.198.824-.149.746-.592l-.83-4.73 3.522-3.356c.33-.314.16-.888-.282-.95l-4.898-.696L8.465.792a.513.513 0 0 0-.927 0L5.354 5.12l-4.898.696c-.441.062-.612.636-.283.95l3.523 3.356-.83 4.73zm4.905-2.767-3.686 1.894.694-3.957a.565.565 0 0 0-.163-.505L1.71 6.745l4.052-.576a.525.525 0 0 0 .393-.288L8 2.223l1.847 3.658a.525.525 0 0 0 .393.288l4.052.575-2.906 2.77a.565.565 0 0 0-.163.506l.694 3.957-3.686-1.894a.503.503 0 0 0-.461 0z\"><\/path>\n                           <\/svg><\/span>\n                    <\/li>\n                                        \n                <\/ul>\n            <\/div>\n        <\/div>\n    <\/a>\n<\/div><div class=\"swiper-slide\">\n    <!--Slide 1-->\n    <a href=\"\/prod\/kaiser-lammfell-fusssack-natura-organic-cotton-anthrazit\" class=\"dynamic-toplist-card-link\" data-track-link-click=\"true\" data-track-campaign=\"magazin-dynamic-toplist\" data-track-name=\"201800004427abs\" data-track-position=\"5\">\n        <div class=\"card\">\n            <span class=\"label\">Platz 5<\/span> \n            <img decoding=\"async\" src=\"https:\/\/media.babyartikel.de\/kaiser-lammfell-fusssack-natura-organic-cotton-anthrazit-65401224-d0.jpg?preset=large\" class=\"card-img-top\" loading=\"lazy\" alt=\"...\">\n            <div class=\"card-body\">\n                <ul>\n                    <li><strong> Kaiser <\/strong><\/li>\n                    <li class=\"product-title\"> Lammfell-Fu&szlig;sack Natura Organic Cotton - Anthracite <\/li>\n                    <li>\n                        <span class=\"btn\">Zum Produkt<\/span>\n                        <span> 199,99 &euro; <\/span>\n                    <\/li>\n                    <li>\n                        <!--<span class=\"stars\"><\/span>-->\n                        <span class=\"ratingStars\"><svg xmlns=\"http:\/\/www.w3.org\/2000\/svg\" width=\"21\" height=\"21\" fill=\"#ffbf1c\" class=\"bi bi-star-fill\" viewbox=\"0 0 16 16\">\n                            <path d=\"M3.612 15.443c-.386.198-.824-.149-.746-.592l.83-4.73L.173 6.765c-.329-.314-.158-.888.283-.95l4.898-.696L7.538.792c.197-.39.73-.39.927 0l2.184 4.327 4.898.696c.441.062.612.636.282.95l-3.522 3.356.83 4.73c.078.443-.36.79-.746.592L8 13.187l-4.389 2.256z\"><\/path>\n                           <\/svg><svg xmlns=\"http:\/\/www.w3.org\/2000\/svg\" width=\"21\" height=\"21\" fill=\"#ffbf1c\" class=\"bi bi-star-fill\" viewbox=\"0 0 16 16\">\n                            <path d=\"M3.612 15.443c-.386.198-.824-.149-.746-.592l.83-4.73L.173 6.765c-.329-.314-.158-.888.283-.95l4.898-.696L7.538.792c.197-.39.73-.39.927 0l2.184 4.327 4.898.696c.441.062.612.636.282.95l-3.522 3.356.83 4.73c.078.443-.36.79-.746.592L8 13.187l-4.389 2.256z\"><\/path>\n                           <\/svg><svg xmlns=\"http:\/\/www.w3.org\/2000\/svg\" width=\"21\" height=\"21\" fill=\"#ffbf1c\" class=\"bi bi-star-fill\" viewbox=\"0 0 16 16\">\n                            <path d=\"M3.612 15.443c-.386.198-.824-.149-.746-.592l.83-4.73L.173 6.765c-.329-.314-.158-.888.283-.95l4.898-.696L7.538.792c.197-.39.73-.39.927 0l2.184 4.327 4.898.696c.441.062.612.636.282.95l-3.522 3.356.83 4.73c.078.443-.36.79-.746.592L8 13.187l-4.389 2.256z\"><\/path>\n                           <\/svg><svg xmlns=\"http:\/\/www.w3.org\/2000\/svg\" width=\"21\" height=\"21\" fill=\"#ffbf1c\" class=\"bi bi-star-fill\" viewbox=\"0 0 16 16\">\n                            <path d=\"M3.612 15.443c-.386.198-.824-.149-.746-.592l.83-4.73L.173 6.765c-.329-.314-.158-.888.283-.95l4.898-.696L7.538.792c.197-.39.73-.39.927 0l2.184 4.327 4.898.696c.441.062.612.636.282.95l-3.522 3.356.83 4.73c.078.443-.36.79-.746.592L8 13.187l-4.389 2.256z\"><\/path>\n                           <\/svg><svg xmlns=\"http:\/\/www.w3.org\/2000\/svg\" width=\"21\" height=\"21\" fill=\"#ffbf1c\" class=\"bi bi-star-half\" viewbox=\"0 0 16 16\">\n                            <path d=\"M5.354 5.119 7.538.792A.516.516 0 0 1 8 .5c.183 0 .366.097.465.292l2.184 4.327 4.898.696A.537.537 0 0 1 16 6.32a.548.548 0 0 1-.17.445l-3.523 3.356.83 4.73c.078.443-.36.79-.746.592L8 13.187l-4.389 2.256a.52.52 0 0 1-.146.05c-.342.06-.668-.254-.6-.642l.83-4.73L.173 6.765a.55.55 0 0 1-.172-.403.58.58 0 0 1 .085-.302.513.513 0 0 1 .37-.245l4.898-.696zM8 12.027a.5.5 0 0 1 .232.056l3.686 1.894-.694-3.957a.565.565 0 0 1 .162-.505l2.907-2.77-4.052-.576a.525.525 0 0 1-.393-.288L8.001 2.223 8 2.226v9.8z\"><\/path>\n                           <\/svg><\/span>\n                    <\/li>\n                                        \n                <\/ul>\n            <\/div>\n        <\/div>\n    <\/a>\n<\/div><div class=\"swiper-slide\">\n    <!--Slide 1-->\n    <a href=\"\/prod\/kaiser-lammfell-fusssack-iglu-20-fur-buggy-sport-kinderwagen-fahrradanhanger?attribute%5Bcolor_variant%5D=Black\" class=\"dynamic-toplist-card-link\" data-track-link-click=\"true\" data-track-campaign=\"magazin-dynamic-toplist\" data-track-name=\"202500001429abs\" data-track-position=\"6\">\n        <div class=\"card\">\n            <span class=\"label\">Platz 6<\/span> \n            <img decoding=\"async\" src=\"https:\/\/media.babyartikel.de\/kaiser-lammfell-fusssack-iglu-2-0-fur-buggy-sport-kinderwagen-fahrradanhanger-black-67206-25-d0.png?preset=large\" class=\"card-img-top\" loading=\"lazy\" alt=\"...\">\n            <div class=\"card-body\">\n                <ul>\n                    <li><strong> Kaiser <\/strong><\/li>\n                    <li class=\"product-title\"> Lammfell-Fu&szlig;sack Iglu 2.0 f&uuml;r Buggy, Sport-, Kinderwagen &amp; Fahrradanh&auml;nger - Black <\/li>\n                    <li>\n                        <span class=\"btn\">Zum Produkt<\/span>\n                        <span> 199,99 &euro; <\/span>\n                    <\/li>\n                    <li>\n                        <!--<span class=\"stars\"><\/span>-->\n                        <span class=\"ratingStars\"><svg xmlns=\"http:\/\/www.w3.org\/2000\/svg\" width=\"21\" height=\"21\" fill=\"#ffbf1c\" class=\"bi bi-star\" viewbox=\"0 0 16 16\">\n                            <path d=\"M2.866 14.85c-.078.444.36.791.746.593l4.39-2.256 4.389 2.256c.386.198.824-.149.746-.592l-.83-4.73 3.522-3.356c.33-.314.16-.888-.282-.95l-4.898-.696L8.465.792a.513.513 0 0 0-.927 0L5.354 5.12l-4.898.696c-.441.062-.612.636-.283.95l3.523 3.356-.83 4.73zm4.905-2.767-3.686 1.894.694-3.957a.565.565 0 0 0-.163-.505L1.71 6.745l4.052-.576a.525.525 0 0 0 .393-.288L8 2.223l1.847 3.658a.525.525 0 0 0 .393.288l4.052.575-2.906 2.77a.565.565 0 0 0-.163.506l.694 3.957-3.686-1.894a.503.503 0 0 0-.461 0z\"><\/path>\n                           <\/svg><svg xmlns=\"http:\/\/www.w3.org\/2000\/svg\" width=\"21\" height=\"21\" fill=\"#ffbf1c\" class=\"bi bi-star\" viewbox=\"0 0 16 16\">\n                            <path d=\"M2.866 14.85c-.078.444.36.791.746.593l4.39-2.256 4.389 2.256c.386.198.824-.149.746-.592l-.83-4.73 3.522-3.356c.33-.314.16-.888-.282-.95l-4.898-.696L8.465.792a.513.513 0 0 0-.927 0L5.354 5.12l-4.898.696c-.441.062-.612.636-.283.95l3.523 3.356-.83 4.73zm4.905-2.767-3.686 1.894.694-3.957a.565.565 0 0 0-.163-.505L1.71 6.745l4.052-.576a.525.525 0 0 0 .393-.288L8 2.223l1.847 3.658a.525.525 0 0 0 .393.288l4.052.575-2.906 2.77a.565.565 0 0 0-.163.506l.694 3.957-3.686-1.894a.503.503 0 0 0-.461 0z\"><\/path>\n                           <\/svg><svg xmlns=\"http:\/\/www.w3.org\/2000\/svg\" width=\"21\" height=\"21\" fill=\"#ffbf1c\" class=\"bi bi-star\" viewbox=\"0 0 16 16\">\n                            <path d=\"M2.866 14.85c-.078.444.36.791.746.593l4.39-2.256 4.389 2.256c.386.198.824-.149.746-.592l-.83-4.73 3.522-3.356c.33-.314.16-.888-.282-.95l-4.898-.696L8.465.792a.513.513 0 0 0-.927 0L5.354 5.12l-4.898.696c-.441.062-.612.636-.283.95l3.523 3.356-.83 4.73zm4.905-2.767-3.686 1.894.694-3.957a.565.565 0 0 0-.163-.505L1.71 6.745l4.052-.576a.525.525 0 0 0 .393-.288L8 2.223l1.847 3.658a.525.525 0 0 0 .393.288l4.052.575-2.906 2.77a.565.565 0 0 0-.163.506l.694 3.957-3.686-1.894a.503.503 0 0 0-.461 0z\"><\/path>\n                           <\/svg><svg xmlns=\"http:\/\/www.w3.org\/2000\/svg\" width=\"21\" height=\"21\" fill=\"#ffbf1c\" class=\"bi bi-star\" viewbox=\"0 0 16 16\">\n                            <path d=\"M2.866 14.85c-.078.444.36.791.746.593l4.39-2.256 4.389 2.256c.386.198.824-.149.746-.592l-.83-4.73 3.522-3.356c.33-.314.16-.888-.282-.95l-4.898-.696L8.465.792a.513.513 0 0 0-.927 0L5.354 5.12l-4.898.696c-.441.062-.612.636-.283.95l3.523 3.356-.83 4.73zm4.905-2.767-3.686 1.894.694-3.957a.565.565 0 0 0-.163-.505L1.71 6.745l4.052-.576a.525.525 0 0 0 .393-.288L8 2.223l1.847 3.658a.525.525 0 0 0 .393.288l4.052.575-2.906 2.77a.565.565 0 0 0-.163.506l.694 3.957-3.686-1.894a.503.503 0 0 0-.461 0z\"><\/path>\n                           <\/svg><svg xmlns=\"http:\/\/www.w3.org\/2000\/svg\" width=\"21\" height=\"21\" fill=\"#ffbf1c\" class=\"bi bi-star\" viewbox=\"0 0 16 16\">\n                            <path d=\"M2.866 14.85c-.078.444.36.791.746.593l4.39-2.256 4.389 2.256c.386.198.824-.149.746-.592l-.83-4.73 3.522-3.356c.33-.314.16-.888-.282-.95l-4.898-.696L8.465.792a.513.513 0 0 0-.927 0L5.354 5.12l-4.898.696c-.441.062-.612.636-.283.95l3.523 3.356-.83 4.73zm4.905-2.767-3.686 1.894.694-3.957a.565.565 0 0 0-.163-.505L1.71 6.745l4.052-.576a.525.525 0 0 0 .393-.288L8 2.223l1.847 3.658a.525.525 0 0 0 .393.288l4.052.575-2.906 2.77a.565.565 0 0 0-.163.506l.694 3.957-3.686-1.894a.503.503 0 0 0-.461 0z\"><\/path>\n                           <\/svg><\/span>\n                    <\/li>\n                                        \n                <\/ul>\n            <\/div>\n        <\/div>\n    <\/a>\n<\/div><div class=\"swiper-slide\">\n    <!--Slide 1-->\n    <a href=\"\/prod\/fellhof-lammfell-fusssack-winterberg-fur-buggy-sport-kinderwagen?attribute%5Bcolor_variant%5D=Schwarz\" class=\"dynamic-toplist-card-link\" data-track-link-click=\"true\" data-track-campaign=\"magazin-dynamic-toplist\" data-track-name=\"202500002183abs\" data-track-position=\"7\">\n        <div class=\"card\">\n            <span class=\"label\">Platz 7<\/span> \n            <img decoding=\"async\" src=\"https:\/\/media.babyartikel.de\/fellhof-lammfell-fusssack-winterberg-fur-buggy-sport-kinderwagen-schwarz-1114-001-d0.png?preset=large\" class=\"card-img-top\" loading=\"lazy\" alt=\"...\">\n            <div class=\"card-body\">\n                <ul>\n                    <li><strong> Fellhof <\/strong><\/li>\n                    <li class=\"product-title\"> Lammfell-Fu&szlig;sack Winterberg f&uuml;r Buggy, Sport- &amp; Kinderwagen - Schwarz <\/li>\n                    <li>\n                        <span class=\"btn\">Zum Produkt<\/span>\n                        <span> 199,00 &euro; <\/span>\n                    <\/li>\n                    <li>\n                        <!--<span class=\"stars\"><\/span>-->\n                        <span class=\"ratingStars\"><svg xmlns=\"http:\/\/www.w3.org\/2000\/svg\" width=\"21\" height=\"21\" fill=\"#ffbf1c\" class=\"bi bi-star\" viewbox=\"0 0 16 16\">\n                            <path d=\"M2.866 14.85c-.078.444.36.791.746.593l4.39-2.256 4.389 2.256c.386.198.824-.149.746-.592l-.83-4.73 3.522-3.356c.33-.314.16-.888-.282-.95l-4.898-.696L8.465.792a.513.513 0 0 0-.927 0L5.354 5.12l-4.898.696c-.441.062-.612.636-.283.95l3.523 3.356-.83 4.73zm4.905-2.767-3.686 1.894.694-3.957a.565.565 0 0 0-.163-.505L1.71 6.745l4.052-.576a.525.525 0 0 0 .393-.288L8 2.223l1.847 3.658a.525.525 0 0 0 .393.288l4.052.575-2.906 2.77a.565.565 0 0 0-.163.506l.694 3.957-3.686-1.894a.503.503 0 0 0-.461 0z\"><\/path>\n                           <\/svg><svg xmlns=\"http:\/\/www.w3.org\/2000\/svg\" width=\"21\" height=\"21\" fill=\"#ffbf1c\" class=\"bi bi-star\" viewbox=\"0 0 16 16\">\n                            <path d=\"M2.866 14.85c-.078.444.36.791.746.593l4.39-2.256 4.389 2.256c.386.198.824-.149.746-.592l-.83-4.73 3.522-3.356c.33-.314.16-.888-.282-.95l-4.898-.696L8.465.792a.513.513 0 0 0-.927 0L5.354 5.12l-4.898.696c-.441.062-.612.636-.283.95l3.523 3.356-.83 4.73zm4.905-2.767-3.686 1.894.694-3.957a.565.565 0 0 0-.163-.505L1.71 6.745l4.052-.576a.525.525 0 0 0 .393-.288L8 2.223l1.847 3.658a.525.525 0 0 0 .393.288l4.052.575-2.906 2.77a.565.565 0 0 0-.163.506l.694 3.957-3.686-1.894a.503.503 0 0 0-.461 0z\"><\/path>\n                           <\/svg><svg xmlns=\"http:\/\/www.w3.org\/2000\/svg\" width=\"21\" height=\"21\" fill=\"#ffbf1c\" class=\"bi bi-star\" viewbox=\"0 0 16 16\">\n                            <path d=\"M2.866 14.85c-.078.444.36.791.746.593l4.39-2.256 4.389 2.256c.386.198.824-.149.746-.592l-.83-4.73 3.522-3.356c.33-.314.16-.888-.282-.95l-4.898-.696L8.465.792a.513.513 0 0 0-.927 0L5.354 5.12l-4.898.696c-.441.062-.612.636-.283.95l3.523 3.356-.83 4.73zm4.905-2.767-3.686 1.894.694-3.957a.565.565 0 0 0-.163-.505L1.71 6.745l4.052-.576a.525.525 0 0 0 .393-.288L8 2.223l1.847 3.658a.525.525 0 0 0 .393.288l4.052.575-2.906 2.77a.565.565 0 0 0-.163.506l.694 3.957-3.686-1.894a.503.503 0 0 0-.461 0z\"><\/path>\n                           <\/svg><svg xmlns=\"http:\/\/www.w3.org\/2000\/svg\" width=\"21\" height=\"21\" fill=\"#ffbf1c\" class=\"bi bi-star\" viewbox=\"0 0 16 16\">\n                            <path d=\"M2.866 14.85c-.078.444.36.791.746.593l4.39-2.256 4.389 2.256c.386.198.824-.149.746-.592l-.83-4.73 3.522-3.356c.33-.314.16-.888-.282-.95l-4.898-.696L8.465.792a.513.513 0 0 0-.927 0L5.354 5.12l-4.898.696c-.441.062-.612.636-.283.95l3.523 3.356-.83 4.73zm4.905-2.767-3.686 1.894.694-3.957a.565.565 0 0 0-.163-.505L1.71 6.745l4.052-.576a.525.525 0 0 0 .393-.288L8 2.223l1.847 3.658a.525.525 0 0 0 .393.288l4.052.575-2.906 2.77a.565.565 0 0 0-.163.506l.694 3.957-3.686-1.894a.503.503 0 0 0-.461 0z\"><\/path>\n                           <\/svg><svg xmlns=\"http:\/\/www.w3.org\/2000\/svg\" width=\"21\" height=\"21\" fill=\"#ffbf1c\" class=\"bi bi-star\" viewbox=\"0 0 16 16\">\n                            <path d=\"M2.866 14.85c-.078.444.36.791.746.593l4.39-2.256 4.389 2.256c.386.198.824-.149.746-.592l-.83-4.73 3.522-3.356c.33-.314.16-.888-.282-.95l-4.898-.696L8.465.792a.513.513 0 0 0-.927 0L5.354 5.12l-4.898.696c-.441.062-.612.636-.283.95l3.523 3.356-.83 4.73zm4.905-2.767-3.686 1.894.694-3.957a.565.565 0 0 0-.163-.505L1.71 6.745l4.052-.576a.525.525 0 0 0 .393-.288L8 2.223l1.847 3.658a.525.525 0 0 0 .393.288l4.052.575-2.906 2.77a.565.565 0 0 0-.163.506l.694 3.957-3.686-1.894a.503.503 0 0 0-.461 0z\"><\/path>\n                           <\/svg><\/span>\n                    <\/li>\n                                        \n                <\/ul>\n            <\/div>\n        <\/div>\n    <\/a>\n<\/div>            \n        <\/div>\n\n        <!-- If we need navigation buttons -->\n        <div class=\"swiper-button-prev\">\n            <svg xmlns=\"http:\/\/www.w3.org\/2000\/svg\" width=\"30\" height=\"30\" fill=\"#ffffff\" class=\"bi bi-chevron-compact-left\" viewbox=\"0 0 16 16\">\n                <path fill-rule=\"evenodd\" d=\"M9.224 1.553a.5.5 0 0 1 .223.67L6.56 8l2.888 5.776a.5.5 0 1 1-.894.448l-3-6a.5.5 0 0 1 0-.448l3-6a.5.5 0 0 1 .67-.223z\"><\/path>\n            <\/svg>\n        <\/div>\n        <div class=\"swiper-button-next\">\n            <svg xmlns=\"http:\/\/www.w3.org\/2000\/svg\" width=\"30\" height=\"30\" fill=\"currentColor\" class=\"bi bi-chevron-compact-right\" viewbox=\"0 0 16 16\">\n                <path fill-rule=\"evenodd\" d=\"M6.776 1.553a.5.5 0 0 1 .671.223l3 6a.5.5 0 0 1 0 .448l-3 6a.5.5 0 1 1-.894-.448L9.44 8 6.553 2.224a.5.5 0 0 1 .223-.671z\"><\/path>\n            <\/svg>\n        <\/div>\n\n        <!-- If we need scrollbar -->\n        <div class=\"swiper-scrollbar\"><\/div>\n\n    <\/div>\n\n<\/div>\n<\/section><link rel=\"stylesheet\" href=\"https:\/\/cdn.jsdelivr.net\/npm\/swiper@8\/swiper-bundle.min.css\"><script type=\"module\">\n    import Swiper from 'https:\/\/cdn.jsdelivr.net\/npm\/swiper@8\/swiper-bundle.esm.browser.min.js';\n\n        var swiper = new Swiper(\".mySwiper\", {\n        \/\/ Default parameters\n        watchSlidesProgress: true,\n        slidesPerView: 1,\n\n        \/\/ Responsive breakpoints\n        breakpoints: {            \n            \/\/ when window width is >= 768px\n            680: {\n            slidesPerView: 2,\n            },\n            \/\/ when window width is >= 575px\n            575: {\n            slidesPerView: 1.5,\n            },\n            },  \n       \n        \n        \/\/ If we need pagination\n        \/\/pagination: {\n        \/\/    el: '.swiper-pagination',\n        \/\/},\n\n        \/\/ Navigation arrows\n        navigation: {\n            nextEl: '.swiper-button-next',\n            prevEl: '.swiper-button-prev',\n        },\n          \/\/ And if we need scrollbar\n            scrollbar: {\n                el: '.swiper-scrollbar',\n            },\n\n        });\n<\/script><style>\n\n    .dynamic-toplist-table .card{\n        text-align:center;\n        padding: 1rem;\n        border: 0px;\n    }\n\n    .dynamic-toplist-table .dynamic-toplist-card-link{\n        text-decoration: none;\n        color: inherit;\n    }\n\n    .dynamic-toplist-table .card:after {\n        content: \"\";\n        position: absolute;\n        top: 0;\n        left: 0;\n        right: 0;\n        bottom: 0;\n        border-radius: 0.375rem;\n        background: rgba(17,17,17,.05);\n        z-index: 12;\n    }\n\n    @media all and (min-width: 575px){\n        .dynamic-toplist-table .card{\n            width: 18rem;\n        }\n    }\n\n    .dynamic-toplist-table .card .card-body{\n        padding: 0rem;\n        z-index: 13;\n    }\n\n    .dynamic-toplist-table .card .label{\n        position: absolute;\n        color: white;\n        background-color: #4880C0;\n        text-align: left;\n        width: fit-content;\n        padding: 0.25rem 0.5rem;\n        margin-left: -1rem;\n        font-weight: 600;\n    }\n\n    .dynamic-toplist-table .card li{\n        padding: 0.35rem 0;\n    }\n    \n    .dynamic-toplist-table .card li:nth-child(2n){\n        background-color: #ECECEC;\n        margin: 0 -1rem;\n        padding: 0.35rem 1rem;\n    }\n\n    .dynamic-toplist-table .card li .btn{\n        width: -webkit-fill-available;\n        background-color: #C8BFDF;\n        margin-top: 0.5rem;\n        margin-bottom: 0.5rem;\n        border: hidden;\n        font-weight: 600;\n\n    }\n\n    .dynamic-toplist-table .card p {\n        margin-bottom: 0rem;;\n    }    \n    \n    .dynamic-toplist-table .card .product-title{\n        display: -webkit-box;\n        -webkit-line-clamp: 2;\n        -webkit-box-orient: vertical;\n        overflow: hidden;\n        text-overflow: ellipsis;\n    }\n\n    .dynamic-toplist-table .card .product-title {\n        line-height: 28px !important;\n    }\n\n    .dynamic-toplist-table .card .stars{\n        text-align: left;\n        margin: -0.25rem 0 -1rem 0;\n    }\n    .dynamic-toplist-table .card .ratingStars {\n        text-align: left;\n        padding-top: 10px;\n        padding-bottom: 10px;\n    }\n\n    \/*just to add contrast for the test layout*\/\n    .dynamic-toplist-table .card .stars:before{\n        color: #ffbf1c;\n    }\n\n    .dynamic-toplist-table .swiper-button-next, .swiper-button-prev{\n        color: #fff;\n        border-radius: 100%;\n        background: rgba(17,17,17,.7);\n        width: 2.5rem;\n        height: 2.5rem;\n    }\n    .dynamic-toplist-table .swiper-button-next:after, .swiper-button-prev:after {\n        font-size: inherit;\n        content: none;\n    }\n\n    .dynamic-toplist-table .card ul{\n        list-style-type: none;\n        padding-left: 0;\n    }\n\n    .dynamic-toplist-table .card{\n        width: 95%;\n    }\n\n    @media (max-width: 550px)  {\n        .dynamic-toplist-table .card{\n            width: 100%;\n        }\n    }\n    \n\n<\/style><div style=\"height:100px\" aria-hidden=\"true\" class=\"wp-block-spacer\"><\/div><p>Welche Bakterien speziell daf&uuml;r verantwortlich sind, dass Lammfell bei Babys Asthma vorbeugen kann, das ist bislang noch nicht genau erforscht. Bekannt ist nur, dass auch Kinder, die auf einem Bauernhof gro&szlig; geworden sind, ebenfalls ein geringeres Risiko haben, an Asthma zu erkranken. Auch das hat offenbar mit dem engen Kontakt zu Tieren (und deren Fell) zu tun.<\/p><div class=\"marketing-slot\"><div id=\"block-25\" class=\"content-post-widget marketing-slot-2 widget_block\"><a href=\"https:\/\/www.babyartikel.de\/de\/angebote\" data-track-link-click=\"true\" data-track-name=\"nyoutlet2026-magazin\" data-track-medium=\"banner-magazin-post\" data-track-campaign=\"magazin-banner-nyoutlet2026\" onclick=\"ga('send', 'event', 'banner', 'click', 'magazin-banner-nyoutlet2026');\" style=\"display:block;width:100%;text-align:center;\"><img src=\"https:\/\/media.babyartikel.de\/magazin\/wp-content\/uploads\/2026\/01\/NY-Outlet-10-2026.webp\" alt=\"Sale\" style=\"max-width:100%;\"><\/a><\/div><!-- content-widget --><\/div><h2 class=\"wp-block-heading\"><span class=\"ez-toc-section\" id=\"%F0%9F%91%8ELammfell_fuer_Babys_5_Nachteile\"><\/span>&#128078;Lammfell f&uuml;r Babys: 5 Nachteile<span class=\"ez-toc-section-end\"><\/span><\/h2><p>Trotz der vielen Vorteile birgt Lammfell f&uuml;r Babys aber auch <strong>Gefahren und Risiken, <\/strong>die Du als Mama oder Papa nicht au&szlig;er Acht lassen solltest:<\/p><section><div class=\"cta-container custom-infobox\" style=\"background-color: #F9ECF4; box-shadow: 1px 1px 4px #9d9d9d; padding: 10px; border: 2px solid white; margin-bottom: 10px; margin-top: 25px; border-radius: 0.125rem;\"><div class=\"text-center\"><img decoding=\"async\" src=\"https:\/\/www.babyartikel.de\/magazin\/wp-content\/plugins\/wp-ba-custom-block\/img\/chicklet.svg\" alt=\"chicklet.svg\" style=\"padding: 0.1rem; border: solid #FCF8FB; border-radius: 50%; margin-top: -2.75rem; width: 2.5rem; height: 2.5rem; background-color: #FCF8FB\"><\/div><label style=\"color: #95326B; \" class=\"labelHomePage h5\">Lammfell: M&ouml;gliche Gefahren<\/label>\n<ol class=\"wp-block-list has-white-background-color has-background\">\n<li><strong>Bei falscher Nutzung kann Lammfell den Pl&ouml;tzlichen Kindstod <a href=\"https:\/\/www.babyartikel.de\/magazin\/ploetzlicher-kindstod-sids-ursachen-risiken-vorbeugung\">(SIDS)<\/a> beg&uuml;nstigen. <\/strong>Deshalb geh&ouml;rt ein Lammfell nicht ins Babybett!<\/li>\n\n\n\n<li>Minderwertige Tierfelle sind oft <strong>schadstoffbelastet<\/strong>.<\/li>\n\n\n\n<li><strong>Dein Baby kann einzelne Haare einatmen<\/strong> &ndash; und das kann wirklich gef&auml;hrlich sein!<\/li>\n\n\n\n<li><strong>Pflege und Reinigung<\/strong> eines Lammfells sind im Vergleich zu anderen Materialien recht <strong>aufw&auml;ndig<\/strong>.<\/li>\n\n\n\n<li><strong>Lammfell ist ziemlich schwer <\/strong>und l&auml;sst sich nicht so klein zusammenfalten oder einrollen wie z.B. Fleece oder Baumwolle.<\/li>\n<\/ol>\n<\/div><\/section><h2 class=\"wp-block-heading\"><span class=\"ez-toc-section\" id=\"Warum_Lammfell_nicht_ins_Babybett_gehoert\"><\/span>Warum Lammfell nicht ins Babybett geh&ouml;rt<span class=\"ez-toc-section-end\"><\/span><\/h2><p>Auch wenn Lammfell f&uuml;r Babys Vorteile hat: Im Babybett sollte es nicht zum Einsatz kommen. <\/p><p>Der Grund: S&auml;uglinge haben noch keine gut funktionierende Temperaturregulation. Nutzt Du ein Lammfell als Schlafunterlage, kann es zu einem <strong>W&auml;rmestau <\/strong>kommen &ndash; ein Risikofaktor f&uuml;r den <a href=\"https:\/\/www.babyartikel.de\/magazin\/ploetzlicher-kindstod-sids-ursachen-risiken-vorbeugung\" target=\"_blank\" rel=\"noreferrer noopener\">Pl&ouml;tzlichen Kindstod<\/a>. Darauf <a href=\"https:\/\/www.kinderaerzte-im-netz.de\/news-archiv\/meldung\/lammfelle-im-babybett-fuehren-zu-ueberwaermung\/\" target=\"_blank\" rel=\"noreferrer noopener\">weist auch die Gemeinsame Elterninitiative&nbsp;Pl&ouml;tzlicher Kindstod&nbsp;(GEPS) in M&uuml;nster hin<\/a>. <\/p><p>Insbesondere, <a href=\"https:\/\/www.babyartikel.de\/magazin\/dein-baby-schlaeft-auf-dem-bauch-so-gefaehrlich-ist-das-wirklich\">wenn Dein Baby auf dem Bauch schl&auml;ft<\/a>, muss es auf einer festen und glatten Unterlage liegen &ndash; und <strong>nicht auf einem flauschigen Lammfell.<\/strong> Nur mit einer festen, glatten Matratze stellst Du sicher, dass das ausgeatmete CO<sub>2<\/sub> abziehen kann und Dein Baby wieder ausreichend sauerstoffreiche Luft einatmen kann. <\/p><p>Auch das Risiko, dass Dein Neugeborenes feine H&auml;rchen einatmen k&ouml;nnte und es zu einer potenziellen Erstickungsgefahr kommen kann, macht <strong>das Tierfell zu einer ungeeigneten Schlafunterlage<\/strong> insbesondere f&uuml;r Bauchschl&auml;fer-Babys, die sich im Schlaf noch nicht allein wieder umdrehen k&ouml;nnen.<\/p><p>Tats&auml;chlich m&uuml;ssen Tierfelle aus diesem Grund auch mit einem Hinweis versehen werden, um auf diese Gefahr aufmerksam zu machen: <em>&bdquo;Wegen Erstickungsgefahr nicht als Schlafunterlage f&uuml;r S&auml;uglinge bis zum Alter von zw&ouml;lf Monaten geeignet.&ldquo;<\/em><\/p><h3 class=\"wp-block-heading\"> &#10132; Warum ist Lammfell im Kinderwagen unbedenklich?<\/h3><p>W&auml;hrend ein Lammfell als Bettunterlage gef&auml;hrlich sein kann, ist es dagegen <strong>drau&szlig;en im Kinderwagen eher unbedenklich<\/strong>. So lautet auch die <a href=\"https:\/\/www.kinderaerzte-im-netz.de\/news-archiv\/meldung\/lammfelle-im-babybett-fuehren-zu-ueberwaermung\/\" target=\"_blank\" rel=\"noreferrer noopener\">Einsch&auml;tzung der &bdquo;Kinder&auml;rzte im Netz&ldquo;<\/a>. <\/p><div class=\"postslot1\">\t\t<div style=\"clear:both\"><\/div>\n\t\t\t\t\t\t<div id=\"productPanel940\" class=\"product-panel-bottom\">&nbsp;<\/div>\n\t\t\t\t\t\t<script type=\"module\">\n\t\t\t\t\t\t\trequestProductPanel(\"https:\/\/www.babyartikel.de\/magazin\/wp-content\/plugins\/wp-productpanel2\/ProductPanel.php\", \"?panel_type=automatic&basis_category=0&basis_product=202100001643,202400002105,202500002167,201800004427&swipe_mobile=1&postid=849893&template=auto&max=4&productPanelId=940&solrQuery=\", 940, 1);\n\t\t\t\t\t\t<\/script>\n\t\t\t\t\t<link rel=\"stylesheet\" href=\"https:\/\/cdn.jsdelivr.net\/npm\/swiper@8\/swiper-bundle.min.css\"><\/div><p>Bei einem Spaziergang mit dem Kinderwagen punktet das Lammfell z.B. als warmer Fu&szlig;sack mit seinen postitiven Eigenschaften, dass es&nbsp;atmungsaktiv&nbsp;und&nbsp;temperaturregulierend&nbsp;wirkt. <\/p><p>Und noch mehr: Wenn Dein Baby schwitzen sollte,&nbsp;absorbiert es die &uuml;berfl&uuml;ssige Feuchtigkeit. Damit gibt es Deinem Baby angenehmeres K&ouml;rpergef&uuml;hl als&nbsp;beispielsweise&nbsp;Polyester. <\/p><p><strong>Allerdings solltest Du beim Einsatz von Lammfell im Kinderwagen auf folgende Dinge achten, damit es wirklich seine positiven Eigenschaften entfalten kann und nicht gef&auml;hrlich wird:<\/strong><\/p><ul class=\"wp-block-list\">\n<li>Verwende das Lammfell&nbsp;<strong>nur in Form eines <a href=\"https:\/\/www.babyartikel.de\/cat\/fusssaecke\">Fu&szlig;sacks<\/a> oder als Unterlage<\/strong> und lege es nicht als Decke &uuml;ber Dein Kind.<\/li>\n\n\n\n<li>Achte darauf, dass Dein Schatz w&auml;hrend des Spaziergangs <strong>auf dem R&uuml;cken liegt<\/strong> und dass <strong>Nase und Mund immer frei sind.<\/strong><\/li>\n\n\n\n<li>Achte auf eine <strong>gute Bel&uuml;ftung im Kinderwagen<\/strong>. Decke den Kinderwagen (z.B. bei Sonne) nie mit einer Decke ab!<\/li>\n\n\n\n<li><strong>&Ouml;ffne den Fu&szlig;sack, um einen Hitzestau zu vermeiden<\/strong>, sobald es w&auml;rmer wird. Also z.B. beim Einkaufen im Supermarkt oder wenn Dein Baby nach dem Spaziergang zuhause im Kinderwagen weiterschl&auml;ft.<\/li>\n\n\n\n<li>Ein Lammfell mit vielen Gurtschlitzen kannst Du auch im Buggy, in der Babyschale oder im <a href=\"https:\/\/www.babyartikel.de\/magazin\/fahrradanhaenger-baby-test-ab-wann\">Fahrradanh&auml;nger<\/a> nutzen.<\/li>\n<\/ul><div class=\"wp-block-image\">\n<figure class=\"aligncenter size-full is-resized\"><a href=\"https:\/\/www.babyartikel.de\/prod\/zamboo-universal-lammfell-fusssack-fuer-kinderwagen-buggy-melange-hellgrau\"><img loading=\"lazy\" decoding=\"async\" width=\"1000\" height=\"1000\" src=\"https:\/\/www.babyartikel.de\/magazin\/wp-content\/uploads\/2022\/01\/zamboo-universal-lammfell-fusssack-fuer-kinderwagen-buggy-melange-hellgrau-kp4790-17-d7.jpg\" alt=\"\" class=\"wp-image-850329\" style=\"width:500px\" srcset=\"https:\/\/media.babyartikel.de\/magazin\/wp-content\/uploads\/2022\/01\/zamboo-universal-lammfell-fusssack-fuer-kinderwagen-buggy-melange-hellgrau-kp4790-17-d7.jpg 1000w, https:\/\/media.babyartikel.de\/magazin\/wp-content\/uploads\/2022\/01\/zamboo-universal-lammfell-fusssack-fuer-kinderwagen-buggy-melange-hellgrau-kp4790-17-d7-690x690.jpg 690w, https:\/\/media.babyartikel.de\/magazin\/wp-content\/uploads\/2022\/01\/zamboo-universal-lammfell-fusssack-fuer-kinderwagen-buggy-melange-hellgrau-kp4790-17-d7-150x150.jpg 150w, https:\/\/media.babyartikel.de\/magazin\/wp-content\/uploads\/2022\/01\/zamboo-universal-lammfell-fusssack-fuer-kinderwagen-buggy-melange-hellgrau-kp4790-17-d7-768x768.jpg 768w\" sizes=\"auto, (max-width: 1000px) 100vw, 1000px\"><\/a><figcaption class=\"wp-element-caption\"><a href=\"https:\/\/www.babyartikel.de\/prod\/zamboo-universal-lammfell-fusssack-fuer-kinderwagen-buggy-melange-hellgrau\">Universal-Lammfellfu&szlig;sack mit vielen Gurtschlitzen<\/a><\/figcaption><\/figure><\/div><h2 class=\"wp-block-heading\"><span class=\"ez-toc-section\" id=\"Lammfell_fuer_Babys_Die_wichtigsten_Kauf-Tipps\"><\/span>Lammfell f&uuml;r Babys: Die wichtigsten Kauf-Tipps<span class=\"ez-toc-section-end\"><\/span><\/h2><p>Wenn Du Dich f&uuml;r Lammfell f&uuml;r Dein Baby entscheidest, sollte es am besten <strong>medizinisch gegerbt<\/strong> sein sein, denn Du wirst es vermutlich irgendwann einmal waschen wollen.<\/p><h3 class=\"wp-block-heading\"> &#10132; Medizinische Gerbung<\/h3><p>Bei Schaf- oder Lammfellen gibt es in der Regel drei Arten des Gerbens: die biologische, die medizinische und die pflanzliche Gerbung. <\/p><p><strong>Welche Lammfell-Gerbungen gibt es?<\/strong><\/p><ol class=\"wp-block-list\">\n<li><strong>Medizinische Gerbung:<\/strong>&nbsp;Bei dieser Art des Gerbens kommen synthetische Gerbstoffe zum Einsatz. Auf m&ouml;glicherweise sch&auml;dliche Chromsalze wird verzichtet. Lammfelle mit medizinischer Gerbung sind in der Regel goldgelb und f&uuml;r Dein Baby besonders vertr&auml;glich. Weitere Vorteile: Du kannst sie problemlos waschen und sie haben durch ihre Strapazierf&auml;higkeit eine lange Lebensdauer.<\/li>\n\n\n\n<li><strong>Biologische Gerbung&nbsp;bzw. Wei&szlig;gerbung:<\/strong> Als Gerbstoff wird bei dieser Art Alaunsalz verwendet. Es ist das &auml;lteste Gerbverfahren der drei genannten. Heute wird es allerdings kaum noch genutzt.<\/li>\n\n\n\n<li><strong>Pflanzliche Gerbung<\/strong>:&nbsp;Hier werden nur nat&uuml;rliche Gerbstoffe verwendet. Holz oder Rinde von Kastanien oder Akazien kommen etwa zum Einsatz. Vorteil: Bei der pflanzlichen Gerbung kommen keine Schadstoffe wie beispielsweise Chromsalze zum Einsatz. Nachteil: Pflanzlich gegerbte&nbsp;Lammfelle sind nicht waschbar.<\/li>\n<\/ol><h3 class=\"wp-block-heading\"> &#10132; Pr&uuml;fsiegel<\/h3><p><strong>Neben der richtigen Gerbung kannst Du noch darauf achten, dass ein klassisches&nbsp;Pr&uuml;fsiegel vorhanden ist<\/strong>, etwa &Ouml;KO-Tex Standard 100 oder&nbsp;T&Uuml;V-Zertifikate. Dann bist Du beim Kauf auf der sicheren Seite.  <\/p><h3 class=\"wp-block-heading\"> &#10132; Bei Fu&szlig;s&auml;cken: Wasser- und windabweisender Au&szlig;enstoff<\/h3><p>Wenn Du Dich f&uuml;r einen Fu&szlig;sack aus Lammfell entscheidest, achte auf einen winddichten und bestenfalls auch wasserabweisenden Au&szlig;enstoff. Sonst musst Du beim ersten kleinen Schneeschauer sofort das Regenverdeck auspacken.<\/p><div style=\"clear:both\"><\/div><div id=\"productPanel238\" class=\"product-panel-bottom\">&nbsp;<\/div><script type=\"module\">\n\t\t\t\t\t\t\trequestProductPanel(\"https:\/\/www.babyartikel.de\/magazin\/wp-content\/plugins\/wp-productpanel2\/ProductPanel.php\", \"?panel_type=manual&basis_category=&basis_product=202100001643,202400002105,202500002167,201800004427&swipe_mobile=1&postid=849893&template=&max=4&productPanelId=238&solrQuery=\", 238, 1);\n\t\t\t\t\t\t<\/script><p><a href=\"https:\/\/www.babyartikel.de\/magazin\/fusssack-fuer-kinderwagen-buggy-oder-babyschale-so-findest-du-den-richtigen\"><strong><em>Worauf Du beim Fu&szlig;sack-Kauf sonst noch achten musst &ndash; und welches Material f&uuml;r Fu&szlig;s&auml;cke welche Vorteile hat, erkl&auml;rt Dir Expertin Julia hier.<\/em><\/strong><\/a><\/p><h3 class=\"wp-block-heading\"> &#10132; Tierschutz<\/h3><p>Wenn Dir Tierschutz wichtig ist, kannst Du beim Kauf des Lammfells auf die Herkunft achten. Auf der <a href=\"http:\/\/www.kaiserbaby.de\/faq\/\">Website des Herstellers Kaiser<\/a> hei&szlig;t es z.B.:<\/p><blockquote class=\"wp-block-quote is-style-plain is-layout-flow wp-block-quote-is-layout-flow\">\n<p><em>Unsere Lamm-\/Schaffelle stammen &uuml;berwiegend aus dem heimischen Raum und dem europ&auml;ischen Ausland. Die Schafe stammen nicht aus Massentierhaltung in St&auml;llen, sondern leben in Herden mit ihren Sch&auml;fern auf den Weiden und dienen zur Pflege der Deiche an der Nordseek&uuml;ste.<\/em><\/p>\n<\/blockquote><p>Anders als z.B. viele L&auml;mmer australischen Ursprungs werden Schafe hier nicht f&uuml;r ihr Fell in Massentierhaltung gez&uuml;chtet, sondern werden prim&auml;r als Nutztiere zur Fleisch- und Milchproduktion gehalten.<\/p><h2 class=\"wp-block-heading\"><span class=\"ez-toc-section\" id=\"Lammfell_fuer_Babys_richtig_pflegen\"><\/span>Lammfell f&uuml;r Babys richtig pflegen<span class=\"ez-toc-section-end\"><\/span><\/h2><p>Auch wenn Du das Lammfell nur im Kinderwagen nutzt und es daher nicht allzu lange strapaziert wird, braucht es dennoch regelm&auml;&szlig;ige Pflege.&nbsp;Zwar ist&nbsp;medizinisches Lammfell&nbsp;<strong>schmutzabweisend und&nbsp;selbstreinigend<\/strong>.&nbsp;Daher <strong>reicht in der Regel schon frische Luft aus<\/strong>, damit&nbsp;es diese Eigenschaften entfalten kann.&nbsp;<\/p><p>Allerdings kann es ja auch zu Flecken oder anderen Verunreinigen kommen, die Du mit einer <a href=\"https:\/\/www.babyartikel.de\/prod\/kaiser-lammfellbuerste\">Lammfellb&uuml;rste <\/a><span class=\"y_product \" data-code=\"202000001171\" data-return=\"\" data-postid=\"849893\"><\/span> entfernen kannst (man denke nur an angekaute Hirsekringel, die im Fell kleben bleiben, oder an eingetrocknete Quetschie-Reste). <\/p><p>Ist das Fell stark verschmutzt, kannst Du es auch in der Waschmaschine reinigen. Bei der Reinigung und Pflege solltest Du aber folgende Dinge beachten:&nbsp;&nbsp;<\/p><ul class=\"wp-block-list\">\n<li>Nutze den Schonwaschgang bei <strong>maximal 30 Grad<\/strong>.&nbsp;<\/li>\n\n\n\n<li>Verwende nur geeignetes <a href=\"https:\/\/www.babyartikel.de\/prod\/kaiser-lammfell-waschmittel-200-ml\">Lanolin-haltiges Wollwaschmittel<\/a> <span class=\"y_product \" data-code=\"062055000005\" data-return=\"\" data-postid=\"849893\"><\/span> bei der Maschinenw&auml;sche.&nbsp;<\/li>\n\n\n\n<li>Lammfell solltest Du <strong>nie in den Trockner geben<\/strong>, sondern es an der frischen Luft trocknen lassen. <\/li>\n\n\n\n<li>Lege es auch <strong>nicht auf die Heizung<\/strong> und trockne es <strong>nicht drau&szlig;en bei direkter Sonneneinstrahlung.&nbsp;<\/strong><\/li>\n\n\n\n<li>Beim Trocknen solltest Du zudem darauf achten, die <strong>Lederseite immer wieder in Form zu ziehen<\/strong>, damit es sich nicht verformt.<\/li>\n<\/ul><p><strong>Alle Tipps zur Lammfell-Pflege geben Dir die Experten von Kaiser im Video:<\/strong><\/p><figure class=\"wp-block-embed is-type-rich is-provider-handler-einbetten wp-block-embed-handler-einbetten wp-embed-aspect-4-3 wp-has-aspect-ratio\"><div class=\"wp-block-embed__wrapper\">\n<lite-youtube videoid=\"c9E8bpmdRv4\" style=\"background-image: url('https:\/\/yt.babyartikel.de\/c9E8bpmdRv4\/hqdefault.webp'\"><p class=\"lite-youtube__privacy-notice\">Beim Klick wird dieses Video von den YouTube-Servern geladen. Details siehe <a href=\"\/de\/datenschutz\">Datenschutzerkl&auml;rung<\/a>.<\/p><\/lite-youtube>\n<\/div><\/figure><h2 class=\"wp-block-heading\"><span class=\"ez-toc-section\" id=\"Lammfell_fuer_Babys_Gute_Alternativen\"><\/span>Lammfell f&uuml;r Babys: Gute Alternativen<span class=\"ez-toc-section-end\"><\/span><\/h2><p>Mit Blick auf die Gefahren und Nachteile von Lammfell und der Tatsache, dass es nicht vegan ist, kann es nun sein, dass Du Dich gegen den Kauf und den Einsatz von Lammfell entscheidest &ndash; Dich aber fragst: Was ist die beste Alternative?<\/p><h3 class=\"wp-block-heading\"> &#10132; Baumwolle: Nat&uuml;rlich, aber nicht so warm<\/h3><p>Zum einen kann <strong>(Bio-)Baumwolle <\/strong>ein geeignetes Natur-Material sein, das f&uuml;r Babys unbedenklich ist. Sie ist vegan und nicht synthetisch, falls Dir diese Faktoren wichtig sind. Durch die glatte Oberfl&auml;che gibt es keine H&auml;rchen, die eingeatmet werden k&ouml;nnen und auch ein W&auml;rmestau ist bei diesem Material als Unterlage nicht wahrscheinlich. <\/p><p>Allerdings isoliert Baumwolle nat&uuml;rlich nicht so gut wie Fell oder Fleece und ist daher bei winterlichen Temperaturen nicht empfehlenswert.<\/p><h3 class=\"wp-block-heading\"> &#10132; Fleece und Polyesterwatte: Vegan, aber synthetisch<\/h3><p>Als Fu&szlig;sack f&uuml;r den Kinderwagen haben sich <strong>Fleece und Polyesterwatte<\/strong> etabliert: Auch wattierte und <a href=\"https:\/\/www.babyartikel.de\/prod\/zamboo-universal-thermo-fleece-fusssack-mit-fellkragen-fuer-babyschale-wanne-melange-dunkelgrau\">mit kuscheligem Fleece gef&uuml;tterte Fu&szlig;s&auml;cke<\/a> w&auml;rmen Dein Baby zuverl&auml;ssig und sind unkomplizierter zu pflegen &ndash; und auch deutlich leichter als Fell. Der selbstreinigende Effekt wie beim medizinischen Lammfell und auch die temperaturregulierenden Eigenschaften fallen hier allerdings weg.<\/p><a class=\"btn btn-primary\" href=\"https:\/\/www.babyartikel.de\/cat\/fusssaecke\">schau Dir hier unsere Fleece-Fu&szlig;s&auml;cke an<\/a><hr class=\"wp-block-separator has-alpha-channel-opacity is-style-dots\"><h2 class=\"wp-block-heading\"><span class=\"ez-toc-section\" id=\"Fazit_Lammfell_fuer_Babys_%E2%80%93_ja_oder_nein\"><\/span>Fazit: Lammfell f&uuml;r Babys &ndash; ja oder nein?<span class=\"ez-toc-section-end\"><\/span><\/h2><p>Es kommt am Ende darauf an, wof&uuml;r Du das Lammfell nutzen m&ouml;chtest und ob Du eine aufwendigere Pflege in Kauf nehmen m&ouml;chtest. <\/p><section><div class=\"cta-container custom-infobox\" style=\"background-color: #EEF7EF; box-shadow: 1px 1px 4px #9d9d9d; padding: 10px; border: 2px solid white; margin-bottom: 10px; margin-top: 25px; border-radius: 0.125rem;\"><div class=\"text-center\"><img decoding=\"async\" src=\"https:\/\/www.babyartikel.de\/magazin\/wp-content\/plugins\/wp-ba-custom-block\/img\/plus.svg\" alt=\"plus.svg\" style=\"padding: 0.1rem; border: solid #377C3A; border-radius: 50%; margin-top: -2.75rem; width: 2.5rem; height: 2.5rem; background-color: #377C3A\"><\/div><label style=\"color: #377C3A; \" class=\"labelHomePage h5\">Top als Fu&szlig;sack oder Buggy-Einlage<\/label>\n<p><strong>Als Unterlage oder Fu&szlig;sack im Kinderwagen kann Lammfell f&uuml;r Babys sehr vorteilhaft sein<\/strong>. Hier zeigt es seine kuschelige, temperaturregulierende, atmungsaktive Eigenschaft und ist ungef&auml;hrlich, wenn Du die Risiken kennst und umgehst. <\/p>\n<\/div><\/section><section><div class=\"cta-container custom-infobox\" style=\"background-color: #F4E8EA; box-shadow: 1px 1px 4px #9d9d9d; padding: 10px; border: 2px solid white; margin-bottom: 10px; margin-top: 25px; border-radius: 0.125rem;\"><div class=\"text-center\"><img decoding=\"async\" src=\"https:\/\/www.babyartikel.de\/magazin\/wp-content\/plugins\/wp-ba-custom-block\/img\/exclamationmark.svg\" alt=\"exclamationmark.svg\" style=\"padding: 0.1rem; border: solid #90192B; border-radius: 50%; margin-top: -2.75rem; width: 2.5rem; height: 2.5rem; background-color: #90192B\"><\/div><label style=\"color: #90192B; \" class=\"labelHomePage h5\">Kein Fell im Babybett<\/label>\n<p><strong>Als reine Schlaf-Unterlage im Babybett solltest Du ein Lammfell nicht verwenden.<\/strong><\/p>\n<\/div><\/section><p>Ein gutes <strong>medizinisch gegerbtes Lammfell<\/strong> ist am Ende zwar<strong> teurer in der Anschaffung <\/strong>als eine Kunstfell- oder&nbsp;Fleece-Unterlage&nbsp;f&uuml;r den Kinderwagen, ist aber auch sehr <strong>langlebig <\/strong>und <strong>sch&uuml;tzt Dein Kind <\/strong>m&ouml;glicherweise sogar vor einer sp&auml;teren Asthmaerkrankung.<\/p><p><strong><em>W&uuml;rdest Du Dich f&uuml;r Dein Baby f&uuml;r ein Lammfell entscheiden? Oder ziehst Du ein anderes Material vor? Wir sind gespannt auf Deinen Kommentar!<\/em><\/strong><\/p><div class=\"credits-overlay\" data-target=\".wp-image-850331\"><a href=\"#\" target=\"_blank\">&copy; famveldman &ndash; stock.adobe.com<\/a><\/div><\/p>\n","protected":false},"excerpt":{"rendered":"<p>Es h&auml;lt sch&ouml;n warm, ist kuschelig und ein Naturprodukt: Lammfell scheint gerade in der kalten Jahreszeit das Material der Wahl. Aber ist Lammfell f&uuml;r Babys auch geeignet? D&uuml;rfen Babys auf einem Lammfell schlafen oder kann das gef&auml;hrlich sein? Worauf solltest Du beim Kauf eines Lammfells f&uuml;r Dein Kind achten? Und was sind die besten Alternativen, [&#8230;]<\/p>\n<p><a class=\"btn btn-secondary understrap-read-more-link\" href=\"https:\/\/www.babyartikel.de\/magazin\/lammfell-fuer-babys-gut-oder-gefaehrlich\">Weiterlesen&#8230;<\/a><\/p>\n","protected":false},"author":66,"featured_media":850331,"comment_status":"open","ping_status":"closed","sticky":false,"template":"","format":"standard","meta":{"_acf_changed":false,"footnotes":""},"categories":[79,2806,2829],"tags":[11125,3],"class_list":["post-849893","post","type-post","status-publish","format-standard","has-post-thumbnail","hentry","category-baby","category-baby-erstausstattung","category-kaufberater","tag-fusssack","tag-kinderwagen"],"acf":[],"yoast_head":"<!-- This site is optimized with the Yoast SEO Premium plugin v27.2 (Yoast SEO v27.2) - https:\/\/yoast.com\/product\/yoast-seo-premium-wordpress\/ -->\n<title>Lammfell f\u00fcr Babys: Gut oder gef\u00e4hrlich? | Babyartikel.de Magazin<\/title>\n<meta name=\"description\" content=\"Welche Vorteile hat Lammfell f\u00fcr Babys \ud83d\udc76? Kann Lammfell f\u00fcr Babys gef\u00e4hrlich sein? Worauf musst Du beim Kauf achten? Wir haben recherchiert\" \/>\n<meta name=\"robots\" content=\"index, follow, max-snippet:-1, max-image-preview:large, max-video-preview:-1\" \/>\n<link rel=\"canonical\" href=\"https:\/\/www.babyartikel.de\/magazin\/lammfell-fuer-babys-gut-oder-gefaehrlich\" \/>\n<meta property=\"og:locale\" content=\"de_DE\" \/>\n<meta property=\"og:type\" content=\"article\" \/>\n<meta property=\"og:title\" content=\"Lammfell f\u00fcr Babys: Gut oder gef\u00e4hrlich?\" \/>\n<meta property=\"og:description\" content=\"Welche Vorteile hat Lammfell f\u00fcr Babys \ud83d\udc76? Kann Lammfell f\u00fcr Babys gef\u00e4hrlich sein? Worauf musst Du beim Kauf achten? Wir haben recherchiert\" \/>\n<meta property=\"og:url\" content=\"https:\/\/www.babyartikel.de\/magazin\/lammfell-fuer-babys-gut-oder-gefaehrlich\" \/>\n<meta property=\"og:site_name\" content=\"Babyartikel.de Magazin\" \/>\n<meta property=\"article:published_time\" content=\"2022-01-20T06:53:00+00:00\" \/>\n<meta property=\"article:modified_time\" content=\"2025-09-08T11:21:47+00:00\" \/>\n<meta property=\"og:image\" content=\"https:\/\/media.babyartikel.de\/magazin\/wp-content\/uploads\/2022\/01\/lammfell-fuer-Babys-gut-oder-gefaehrlich.jpg\" \/>\n\t<meta property=\"og:image:width\" content=\"1050\" \/>\n\t<meta property=\"og:image:height\" content=\"549\" \/>\n\t<meta property=\"og:image:type\" content=\"image\/jpeg\" \/>\n<meta name=\"author\" content=\"Mareike Fangmann\" \/>\n<meta name=\"twitter:card\" content=\"summary_large_image\" \/>\n<meta name=\"twitter:label1\" content=\"Verfasst von\" \/>\n\t<meta name=\"twitter:data1\" content=\"Mareike Fangmann\" \/>\n\t<meta name=\"twitter:label2\" content=\"Gesch\u00e4tzte Lesezeit\" \/>\n\t<meta name=\"twitter:data2\" content=\"11\u00a0Minuten\" \/>\n<script type=\"application\/ld+json\" class=\"yoast-schema-graph\">{\"@context\":\"https:\/\/schema.org\",\"@graph\":[{\"@type\":\"Article\",\"@id\":\"https:\/\/www.babyartikel.de\/magazin\/lammfell-fuer-babys-gut-oder-gefaehrlich#article\",\"isPartOf\":{\"@id\":\"https:\/\/www.babyartikel.de\/magazin\/lammfell-fuer-babys-gut-oder-gefaehrlich\"},\"author\":{\"name\":\"Mareike Fangmann\",\"@id\":\"https:\/\/www.babyartikel.de\/magazin\/#\/schema\/person\/ebca06311ba3b031c9bca7bf2502fd34\"},\"headline\":\"Lammfell f\u00fcr Babys: Gut oder gef\u00e4hrlich?\",\"datePublished\":\"2022-01-20T06:53:00+00:00\",\"dateModified\":\"2025-09-08T11:21:47+00:00\",\"mainEntityOfPage\":{\"@id\":\"https:\/\/www.babyartikel.de\/magazin\/lammfell-fuer-babys-gut-oder-gefaehrlich\"},\"wordCount\":1848,\"commentCount\":3,\"image\":{\"@id\":\"https:\/\/www.babyartikel.de\/magazin\/lammfell-fuer-babys-gut-oder-gefaehrlich#primaryimage\"},\"thumbnailUrl\":\"https:\/\/media.babyartikel.de\/magazin\/wp-content\/uploads\/2022\/01\/Lammfell-Baby-scaled.jpeg\",\"keywords\":[\"fu\u00dfsack\",\"kinderwagen\"],\"articleSection\":[\"Baby\",\"Baby Erstausstattung\",\"Kaufberater\"],\"inLanguage\":\"de\",\"potentialAction\":[{\"@type\":\"CommentAction\",\"name\":\"Comment\",\"target\":[\"https:\/\/www.babyartikel.de\/magazin\/lammfell-fuer-babys-gut-oder-gefaehrlich#respond\"]}]},{\"@type\":\"WebPage\",\"@id\":\"https:\/\/www.babyartikel.de\/magazin\/lammfell-fuer-babys-gut-oder-gefaehrlich\",\"url\":\"https:\/\/www.babyartikel.de\/magazin\/lammfell-fuer-babys-gut-oder-gefaehrlich\",\"name\":\"Lammfell f\u00fcr Babys: Gut oder gef\u00e4hrlich? | Babyartikel.de Magazin\",\"isPartOf\":{\"@id\":\"https:\/\/www.babyartikel.de\/magazin\/#website\"},\"primaryImageOfPage\":{\"@id\":\"https:\/\/www.babyartikel.de\/magazin\/lammfell-fuer-babys-gut-oder-gefaehrlich#primaryimage\"},\"image\":{\"@id\":\"https:\/\/www.babyartikel.de\/magazin\/lammfell-fuer-babys-gut-oder-gefaehrlich#primaryimage\"},\"thumbnailUrl\":\"https:\/\/media.babyartikel.de\/magazin\/wp-content\/uploads\/2022\/01\/Lammfell-Baby-scaled.jpeg\",\"datePublished\":\"2022-01-20T06:53:00+00:00\",\"dateModified\":\"2025-09-08T11:21:47+00:00\",\"author\":{\"@id\":\"https:\/\/www.babyartikel.de\/magazin\/#\/schema\/person\/ebca06311ba3b031c9bca7bf2502fd34\"},\"description\":\"Welche Vorteile hat Lammfell f\u00fcr Babys \ud83d\udc76? Kann Lammfell f\u00fcr Babys gef\u00e4hrlich sein? Worauf musst Du beim Kauf achten? Wir haben recherchiert\",\"breadcrumb\":{\"@id\":\"https:\/\/www.babyartikel.de\/magazin\/lammfell-fuer-babys-gut-oder-gefaehrlich#breadcrumb\"},\"inLanguage\":\"de\",\"potentialAction\":[{\"@type\":\"ReadAction\",\"target\":[\"https:\/\/www.babyartikel.de\/magazin\/lammfell-fuer-babys-gut-oder-gefaehrlich\"]}]},{\"@type\":\"ImageObject\",\"inLanguage\":\"de\",\"@id\":\"https:\/\/www.babyartikel.de\/magazin\/lammfell-fuer-babys-gut-oder-gefaehrlich#primaryimage\",\"url\":\"https:\/\/media.babyartikel.de\/magazin\/wp-content\/uploads\/2022\/01\/Lammfell-Baby-scaled.jpeg\",\"contentUrl\":\"https:\/\/media.babyartikel.de\/magazin\/wp-content\/uploads\/2022\/01\/Lammfell-Baby-scaled.jpeg\",\"width\":2560,\"height\":1706,\"caption\":\"lammfell f\u00fcr babys, lammfell baby ja oder nein, lammfell fu\u00dfsack kinderwagen, lammfell baby pl\u00f6tzlicher kindstod gef\u00e4hrlich\"},{\"@type\":\"BreadcrumbList\",\"@id\":\"https:\/\/www.babyartikel.de\/magazin\/lammfell-fuer-babys-gut-oder-gefaehrlich#breadcrumb\",\"itemListElement\":[{\"@type\":\"ListItem\",\"position\":1,\"name\":\"Startseite\",\"item\":\"https:\/\/www.babyartikel.de\/magazin\"},{\"@type\":\"ListItem\",\"position\":2,\"name\":\"Lammfell f\u00fcr Babys: Gut oder gef\u00e4hrlich?\"}]},{\"@type\":\"WebSite\",\"@id\":\"https:\/\/www.babyartikel.de\/magazin\/#website\",\"url\":\"https:\/\/www.babyartikel.de\/magazin\/\",\"name\":\"Babyartikel.de Magazin\",\"description\":\"\",\"potentialAction\":[{\"@type\":\"SearchAction\",\"target\":{\"@type\":\"EntryPoint\",\"urlTemplate\":\"https:\/\/www.babyartikel.de\/magazin\/?s={search_term_string}\"},\"query-input\":{\"@type\":\"PropertyValueSpecification\",\"valueRequired\":true,\"valueName\":\"search_term_string\"}}],\"inLanguage\":\"de\"},{\"@type\":\"Person\",\"@id\":\"https:\/\/www.babyartikel.de\/magazin\/#\/schema\/person\/ebca06311ba3b031c9bca7bf2502fd34\",\"name\":\"Mareike Fangmann\",\"image\":{\"@type\":\"ImageObject\",\"inLanguage\":\"de\",\"@id\":\"https:\/\/media.babyartikel.de\/magazin\/wp-content\/uploads\/2022\/05\/mareike-fangmann-mama-150x150.jpg\",\"url\":\"https:\/\/media.babyartikel.de\/magazin\/wp-content\/uploads\/2022\/05\/mareike-fangmann-mama-150x150.jpg\",\"contentUrl\":\"https:\/\/media.babyartikel.de\/magazin\/wp-content\/uploads\/2022\/05\/mareike-fangmann-mama-150x150.jpg\",\"caption\":\"Mareike Fangmann\"},\"description\":\"Schon mit 16 wusste ich, dass ich Journalistin werden m\u00f6chte. Damals wollte ich Promis ihre Geheimnisse entlocken und Geschichten schreiben, die ber\u00fchren oder Augen \u00f6ffnen. An Anekdoten aus meinem Alltag als Mama habe ich damals noch nicht gedacht, aber das Leben schreibt bekannterweise seine eigenen Geschichten \u2013 und meine passen sich ihm an. Ich schreibe zwar seit einigen Jahren tats\u00e4chlich \u00fcber Ber\u00fchrendes und (manchmal auch Un-)Bewegendes aus dem Alltag und der Welt, und das bei einem gro\u00dfen Medium in Hamburg. Aber als Elternteil wirst Du das kennen: Themen au\u00dferhalb des Baby-Kosmos sind besonders in der Anfangszeit unwichtiger denn je. Kein Promi der Welt ist dann noch so interessant wie das eigene Kind. Und ich bin froh, dass ich Dich in dieser Zeit mit Tipps zur Baby-Ausstattung, Hilfestellungen bei Problemen mit dem Stuhlgang, Stillen, Schlafen oder meinen Erfahrungen zum Leben mit Kleinkind unterst\u00fctzen kann.\",\"sameAs\":[\"https:\/\/www.linkedin.com\/in\/mareike-fangmann-476940ab\/\"],\"url\":\"https:\/\/www.babyartikel.de\/magazin\/author\/mareike\"}]}<\/script>\n<!-- \/ Yoast SEO Premium plugin. -->","yoast_head_json":{"title":"Lammfell f\u00fcr Babys: Gut oder gef\u00e4hrlich? | Babyartikel.de Magazin","description":"Welche Vorteile hat Lammfell f\u00fcr Babys \ud83d\udc76? Kann Lammfell f\u00fcr Babys gef\u00e4hrlich sein? Worauf musst Du beim Kauf achten? Wir haben recherchiert","robots":{"index":"index","follow":"follow","max-snippet":"max-snippet:-1","max-image-preview":"max-image-preview:large","max-video-preview":"max-video-preview:-1"},"canonical":"https:\/\/www.babyartikel.de\/magazin\/lammfell-fuer-babys-gut-oder-gefaehrlich","og_locale":"de_DE","og_type":"article","og_title":"Lammfell f\u00fcr Babys: Gut oder gef\u00e4hrlich?","og_description":"Welche Vorteile hat Lammfell f\u00fcr Babys \ud83d\udc76? Kann Lammfell f\u00fcr Babys gef\u00e4hrlich sein? Worauf musst Du beim Kauf achten? Wir haben recherchiert","og_url":"https:\/\/www.babyartikel.de\/magazin\/lammfell-fuer-babys-gut-oder-gefaehrlich","og_site_name":"Babyartikel.de Magazin","article_published_time":"2022-01-20T06:53:00+00:00","article_modified_time":"2025-09-08T11:21:47+00:00","og_image":[{"width":1050,"height":549,"url":"https:\/\/media.babyartikel.de\/magazin\/wp-content\/uploads\/2022\/01\/lammfell-fuer-Babys-gut-oder-gefaehrlich.jpg","type":"image\/jpeg"}],"author":"Mareike Fangmann","twitter_card":"summary_large_image","twitter_misc":{"Verfasst von":"Mareike Fangmann","Gesch\u00e4tzte Lesezeit":"11\u00a0Minuten"},"schema":{"@context":"https:\/\/schema.org","@graph":[{"@type":"Article","@id":"https:\/\/www.babyartikel.de\/magazin\/lammfell-fuer-babys-gut-oder-gefaehrlich#article","isPartOf":{"@id":"https:\/\/www.babyartikel.de\/magazin\/lammfell-fuer-babys-gut-oder-gefaehrlich"},"author":{"name":"Mareike Fangmann","@id":"https:\/\/www.babyartikel.de\/magazin\/#\/schema\/person\/ebca06311ba3b031c9bca7bf2502fd34"},"headline":"Lammfell f\u00fcr Babys: Gut oder gef\u00e4hrlich?","datePublished":"2022-01-20T06:53:00+00:00","dateModified":"2025-09-08T11:21:47+00:00","mainEntityOfPage":{"@id":"https:\/\/www.babyartikel.de\/magazin\/lammfell-fuer-babys-gut-oder-gefaehrlich"},"wordCount":1848,"commentCount":3,"image":{"@id":"https:\/\/www.babyartikel.de\/magazin\/lammfell-fuer-babys-gut-oder-gefaehrlich#primaryimage"},"thumbnailUrl":"https:\/\/media.babyartikel.de\/magazin\/wp-content\/uploads\/2022\/01\/Lammfell-Baby-scaled.jpeg","keywords":["fu\u00dfsack","kinderwagen"],"articleSection":["Baby","Baby Erstausstattung","Kaufberater"],"inLanguage":"de","potentialAction":[{"@type":"CommentAction","name":"Comment","target":["https:\/\/www.babyartikel.de\/magazin\/lammfell-fuer-babys-gut-oder-gefaehrlich#respond"]}]},{"@type":"WebPage","@id":"https:\/\/www.babyartikel.de\/magazin\/lammfell-fuer-babys-gut-oder-gefaehrlich","url":"https:\/\/www.babyartikel.de\/magazin\/lammfell-fuer-babys-gut-oder-gefaehrlich","name":"Lammfell f\u00fcr Babys: Gut oder gef\u00e4hrlich? | Babyartikel.de Magazin","isPartOf":{"@id":"https:\/\/www.babyartikel.de\/magazin\/#website"},"primaryImageOfPage":{"@id":"https:\/\/www.babyartikel.de\/magazin\/lammfell-fuer-babys-gut-oder-gefaehrlich#primaryimage"},"image":{"@id":"https:\/\/www.babyartikel.de\/magazin\/lammfell-fuer-babys-gut-oder-gefaehrlich#primaryimage"},"thumbnailUrl":"https:\/\/media.babyartikel.de\/magazin\/wp-content\/uploads\/2022\/01\/Lammfell-Baby-scaled.jpeg","datePublished":"2022-01-20T06:53:00+00:00","dateModified":"2025-09-08T11:21:47+00:00","author":{"@id":"https:\/\/www.babyartikel.de\/magazin\/#\/schema\/person\/ebca06311ba3b031c9bca7bf2502fd34"},"description":"Welche Vorteile hat Lammfell f\u00fcr Babys \ud83d\udc76? Kann Lammfell f\u00fcr Babys gef\u00e4hrlich sein? Worauf musst Du beim Kauf achten? Wir haben recherchiert","breadcrumb":{"@id":"https:\/\/www.babyartikel.de\/magazin\/lammfell-fuer-babys-gut-oder-gefaehrlich#breadcrumb"},"inLanguage":"de","potentialAction":[{"@type":"ReadAction","target":["https:\/\/www.babyartikel.de\/magazin\/lammfell-fuer-babys-gut-oder-gefaehrlich"]}]},{"@type":"ImageObject","inLanguage":"de","@id":"https:\/\/www.babyartikel.de\/magazin\/lammfell-fuer-babys-gut-oder-gefaehrlich#primaryimage","url":"https:\/\/media.babyartikel.de\/magazin\/wp-content\/uploads\/2022\/01\/Lammfell-Baby-scaled.jpeg","contentUrl":"https:\/\/media.babyartikel.de\/magazin\/wp-content\/uploads\/2022\/01\/Lammfell-Baby-scaled.jpeg","width":2560,"height":1706,"caption":"lammfell f\u00fcr babys, lammfell baby ja oder nein, lammfell fu\u00dfsack kinderwagen, lammfell baby pl\u00f6tzlicher kindstod gef\u00e4hrlich"},{"@type":"BreadcrumbList","@id":"https:\/\/www.babyartikel.de\/magazin\/lammfell-fuer-babys-gut-oder-gefaehrlich#breadcrumb","itemListElement":[{"@type":"ListItem","position":1,"name":"Startseite","item":"https:\/\/www.babyartikel.de\/magazin"},{"@type":"ListItem","position":2,"name":"Lammfell f\u00fcr Babys: Gut oder gef\u00e4hrlich?"}]},{"@type":"WebSite","@id":"https:\/\/www.babyartikel.de\/magazin\/#website","url":"https:\/\/www.babyartikel.de\/magazin\/","name":"Babyartikel.de Magazin","description":"","potentialAction":[{"@type":"SearchAction","target":{"@type":"EntryPoint","urlTemplate":"https:\/\/www.babyartikel.de\/magazin\/?s={search_term_string}"},"query-input":{"@type":"PropertyValueSpecification","valueRequired":true,"valueName":"search_term_string"}}],"inLanguage":"de"},{"@type":"Person","@id":"https:\/\/www.babyartikel.de\/magazin\/#\/schema\/person\/ebca06311ba3b031c9bca7bf2502fd34","name":"Mareike Fangmann","image":{"@type":"ImageObject","inLanguage":"de","@id":"https:\/\/media.babyartikel.de\/magazin\/wp-content\/uploads\/2022\/05\/mareike-fangmann-mama-150x150.jpg","url":"https:\/\/media.babyartikel.de\/magazin\/wp-content\/uploads\/2022\/05\/mareike-fangmann-mama-150x150.jpg","contentUrl":"https:\/\/media.babyartikel.de\/magazin\/wp-content\/uploads\/2022\/05\/mareike-fangmann-mama-150x150.jpg","caption":"Mareike Fangmann"},"description":"Schon mit 16 wusste ich, dass ich Journalistin werden m\u00f6chte. Damals wollte ich Promis ihre Geheimnisse entlocken und Geschichten schreiben, die ber\u00fchren oder Augen \u00f6ffnen. An Anekdoten aus meinem Alltag als Mama habe ich damals noch nicht gedacht, aber das Leben schreibt bekannterweise seine eigenen Geschichten \u2013 und meine passen sich ihm an. Ich schreibe zwar seit einigen Jahren tats\u00e4chlich \u00fcber Ber\u00fchrendes und (manchmal auch Un-)Bewegendes aus dem Alltag und der Welt, und das bei einem gro\u00dfen Medium in Hamburg. Aber als Elternteil wirst Du das kennen: Themen au\u00dferhalb des Baby-Kosmos sind besonders in der Anfangszeit unwichtiger denn je. Kein Promi der Welt ist dann noch so interessant wie das eigene Kind. Und ich bin froh, dass ich Dich in dieser Zeit mit Tipps zur Baby-Ausstattung, Hilfestellungen bei Problemen mit dem Stuhlgang, Stillen, Schlafen oder meinen Erfahrungen zum Leben mit Kleinkind unterst\u00fctzen kann.","sameAs":["https:\/\/www.linkedin.com\/in\/mareike-fangmann-476940ab\/"],"url":"https:\/\/www.babyartikel.de\/magazin\/author\/mareike"}]}},"abstract_sku":"","_links":{"self":[{"href":"https:\/\/www.babyartikel.de\/magazin\/wp-json\/wp\/v2\/posts\/849893","targetHints":{"allow":["GET"]}}],"collection":[{"href":"https:\/\/www.babyartikel.de\/magazin\/wp-json\/wp\/v2\/posts"}],"about":[{"href":"https:\/\/www.babyartikel.de\/magazin\/wp-json\/wp\/v2\/types\/post"}],"author":[{"embeddable":true,"href":"https:\/\/www.babyartikel.de\/magazin\/wp-json\/wp\/v2\/users\/66"}],"replies":[{"embeddable":true,"href":"https:\/\/www.babyartikel.de\/magazin\/wp-json\/wp\/v2\/comments?post=849893"}],"version-history":[{"count":141,"href":"https:\/\/www.babyartikel.de\/magazin\/wp-json\/wp\/v2\/posts\/849893\/revisions"}],"predecessor-version":[{"id":964082,"href":"https:\/\/www.babyartikel.de\/magazin\/wp-json\/wp\/v2\/posts\/849893\/revisions\/964082"}],"wp:featuredmedia":[{"embeddable":true,"href":"https:\/\/www.babyartikel.de\/magazin\/wp-json\/wp\/v2\/media\/850331"}],"wp:attachment":[{"href":"https:\/\/www.babyartikel.de\/magazin\/wp-json\/wp\/v2\/media?parent=849893"}],"wp:term":[{"taxonomy":"category","embeddable":true,"href":"https:\/\/www.babyartikel.de\/magazin\/wp-json\/wp\/v2\/categories?post=849893"},{"taxonomy":"post_tag","embeddable":true,"href":"https:\/\/www.babyartikel.de\/magazin\/wp-json\/wp\/v2\/tags?post=849893"}],"curies":[{"name":"wp","href":"https:\/\/api.w.org\/{rel}","templated":true}]}}