
{"id":854408,"date":"2022-03-26T08:42:00","date_gmt":"2022-03-26T07:42:00","guid":{"rendered":"https:\/\/www.babyartikel.de\/magazin\/?p=854408"},"modified":"2024-11-14T11:59:00","modified_gmt":"2024-11-14T10:59:00","slug":"baby-kalte-haende","status":"publish","type":"post","link":"https:\/\/www.babyartikel.de\/magazin\/baby-kalte-haende","title":{"rendered":"Warum hat mein Baby kalte H\u00e4nde? 3 Gr\u00fcnde &#038; wie Du ihm helfen kannst"},"content":{"rendered":"<p><a href=\"https:\/\/www.babyartikel.de\/magazin\/baby-nachts-anziehen-so-ist-es-richtig\">Passende Kleidung<\/a>, ein muckeliger <a href=\"https:\/\/www.babyartikel.de\/cat\/baby-schlafsaecke\">Schlafsack<\/a> und die ideale Raumtemperatur &ndash; Du versuchst die Schlafumgebung Deines Schatzes so gem&uuml;tlich und sicher wie m&ouml;glich zu gestalten. Trotzdem sp&uuml;rst Du immer wieder, dass Dein <strong>Baby kalte H&auml;nde<\/strong> hat? <strong>Gerade frischgebackene Mamas und Papas sind bei kalten Babyh&auml;nden h&auml;ufig verunsichert. <\/strong><p>Grunds&auml;tzlich sind kalte H&auml;nde bei Babys zwar nicht gleich ein Grund zur Sorge, doch gibt es einige Punkte f&uuml;r Mamas und Papas zu beachten. <strong>Hier erf&auml;hrst Du daher alles Wissenswerte rund um das Thema kalte H&auml;nde beim Baby, m&ouml;gliche Ursachen und was Du tun kannst. &nbsp;<\/strong><\/p><div id=\"ez-toc-container\" class=\"ez-toc-v2_0_82_2 counter-flat ez-toc-counter ez-toc-white ez-toc-container-direction\">\n<div class=\"ez-toc-title-container\">\n<p class=\"ez-toc-title\" style=\"cursor:inherit\">Inhaltsverzeichnis<\/p>\n<span class=\"ez-toc-title-toggle\"><a href=\"#\" class=\"ez-toc-pull-right ez-toc-btn ez-toc-btn-xs ez-toc-btn-default ez-toc-toggle\" aria-label=\"Toggle Table of Content\"><span class=\"ez-toc-js-icon-con\"><span class=\"\"><span class=\"eztoc-hide\" style=\"display:none;\">Toggle<\/span><span class=\"ez-toc-icon-toggle-span\"><svg style=\"fill: #999;color:#999\" xmlns=\"http:\/\/www.w3.org\/2000\/svg\" class=\"list-377408\" width=\"20px\" height=\"20px\" viewBox=\"0 0 24 24\" fill=\"none\"><path d=\"M6 6H4v2h2V6zm14 0H8v2h12V6zM4 11h2v2H4v-2zm16 0H8v2h12v-2zM4 16h2v2H4v-2zm16 0H8v2h12v-2z\" fill=\"currentColor\"><\/path><\/svg><svg style=\"fill: #999;color:#999\" class=\"arrow-unsorted-368013\" xmlns=\"http:\/\/www.w3.org\/2000\/svg\" width=\"10px\" height=\"10px\" viewBox=\"0 0 24 24\" version=\"1.2\" baseProfile=\"tiny\"><path d=\"M18.2 9.3l-6.2-6.3-6.2 6.3c-.2.2-.3.4-.3.7s.1.5.3.7c.2.2.4.3.7.3h11c.3 0 .5-.1.7-.3.2-.2.3-.5.3-.7s-.1-.5-.3-.7zM5.8 14.7l6.2 6.3 6.2-6.3c.2-.2.3-.5.3-.7s-.1-.5-.3-.7c-.2-.2-.4-.3-.7-.3h-11c-.3 0-.5.1-.7.3-.2.2-.3.5-.3.7s.1.5.3.7z\"\/><\/svg><\/span><\/span><\/span><\/a><\/span><\/div>\n<nav><ul class='ez-toc-list ez-toc-list-level-1 ' ><li class='ez-toc-page-1'><a class=\"ez-toc-link ez-toc-heading-1\" href=\"https:\/\/www.babyartikel.de\/magazin\/baby-kalte-haende\/#3_Gruende_warum_Dein_Baby_kalte_Haende_hat\" >3 Gr&uuml;nde, warum Dein Baby kalte H&auml;nde hat<\/a><\/li><li class='ez-toc-page-1'><a class=\"ez-toc-link ez-toc-heading-2\" href=\"https:\/\/www.babyartikel.de\/magazin\/baby-kalte-haende\/#Sind_kalte_Haende_bei_Babys_schlimm\" >Sind kalte H&auml;nde bei Babys schlimm?<\/a><\/li><li class='ez-toc-page-1'><a class=\"ez-toc-link ez-toc-heading-3\" href=\"https:\/\/www.babyartikel.de\/magazin\/baby-kalte-haende\/#Wie_erkennst_Du_ob_Deinem_Baby_zu_kalt_ist\" >Wie erkennst Du, ob Deinem Baby zu kalt ist?<\/a><\/li><li class='ez-toc-page-1'><a class=\"ez-toc-link ez-toc-heading-4\" href=\"https:\/\/www.babyartikel.de\/magazin\/baby-kalte-haende\/#Unsere_Top-Tipps_bei_kalten_Haenden_Deines_Babys\" >Unsere Top-Tipps bei kalten H&auml;nden Deines Babys<\/a><\/li><li class='ez-toc-page-1'><a class=\"ez-toc-link ez-toc-heading-5\" href=\"https:\/\/www.babyartikel.de\/magazin\/baby-kalte-haende\/#Baby_hat_nachts_kalte_Haende_Was_hilft\" >Baby hat nachts kalte H&auml;nde: Was hilft?<\/a><\/li><li class='ez-toc-page-1'><a class=\"ez-toc-link ez-toc-heading-6\" href=\"https:\/\/www.babyartikel.de\/magazin\/baby-kalte-haende\/#Fazit_Keine_Panik_%E2%80%93_und_kuscheln_kuscheln_kuscheln\" >Fazit: Keine Panik &ndash; und kuscheln, kuscheln, kuscheln!<\/a><\/li><\/ul><\/nav><\/div>\n<h2 class=\"wp-block-heading\" id=\"h-3-grunde-warum-dein-baby-kalte-hande-hat\"><span class=\"ez-toc-section\" id=\"3_Gruende_warum_Dein_Baby_kalte_Haende_hat\"><\/span>3 Gr&uuml;nde, warum Dein Baby kalte H&auml;nde hat<span class=\"ez-toc-section-end\"><\/span><\/h2><p>Du fragst Dich, warum Dein Baby immer wieder kalte H&auml;nde bekommt, obwohl Du so genau auf die passende Kleidung achtest? Das kann verschiedene Ursachen haben.<\/p><div class=\"marketing-slot\"><div id=\"block-18\" class=\"content-post-widget marketing-slot-1 widget_block\"><a href=\"#\" class=\"newsletter_popup\" style=\"\n  display: inline-block;\n  box-shadow: 0 4px 10px rgba(0,0,0,0.1);\n  margin: 20px auto;\n  max-width: 800px;\n  width: 100%;\">\n  <img src=\"https:\/\/media.babyartikel.de\/magazin\/wp-content\/uploads\/2025\/08\/NL-Banner-Magazin-8-25.webp\" alt=\"Newsletter Banner\" style=\"\n    width: 100%;\n    height: auto;\n    display: block;\" onclick=\"ga('send', 'event', 'banner', 'click', 'magazin-banner-newsletter-8-25');\">\n<\/a>\n\n\t<!-- Modal -->\n\t<div class=\"modal fade modal_popup\" id=\"newsletter_popup\" tabindex=\"-1\" aria-labelledby=\"exampleModalLabel\" aria-hidden=\"true\">\n\t\t<div class=\"modal-dialog modal-dialog-centered modal-dialog-scrollable\">\n\t\t\t<div class=\"modal-content\">\n\t\t\t\t<div class=\"modal-header small-header\">\n\t\t\t\t\t<h5 class=\"modal-title\" id=\"newsletterModalLabel\">\n\t\t\t\t\t\tNewsletter\t\t\t\t\t<\/h5>\n\t\t\t\t\t<button type=\"button\" class=\"btn-close small-close\" data-bs-dismiss=\"modal\" aria-label=\"Close\"><\/button>\n\t\t\t\t<\/div>\n\n\t\t\t\t<div class=\"modal-body\">\n\t\t\t\t\t\t<div class=\"newsletterForm-embed popup-form\">\n        <form name=\"newsletterSubscriptionForm\" id=\"newsletter_popup_69f38aab15f39_form\" data-newsletter-id=\"newsletter_popup_69f38aab15f39\" method=\"POST\">\n\n\t\t\t<input type=\"text\" name=\"website\" class=\"hidden\" tabindex=\"-1\" autocomplete=\"off\" style=\"position:absolute;left:-9999px;\">\n\t\t\t<input type=\"hidden\" name=\"ts\" value=\"1777568427\">\n\n\t\t\t                <input type=\"hidden\" name=\"emarsys-event-id\" value=\"3756\">\n            \n            \t\t\t<div class=\"mb-3\">\n\t\t\t\t<label for=\"date\" class=\"form-label\">Geburtstag\/ -termin Deines Babys<\/label>\n                <input type=\"date\" name=\"date\" class=\"input input--expand form-control\" required>\n\t\t\t<\/div>\n            \n\t\t\t<div class=\"mb-3\">\n\t\t\t\t<label for=\"email\" class=\"form-label\">E-Mail-Adresse<\/label>\n\t\t\t\t<input type=\"email\" name=\"email\" placeholder=\"E-Mail-Adresse\" class=\"input input--expand form-control\" required>\n\t\t\t<\/div>\n\n\t\t\t\t\t\t\t<button type=\"submit\" class=\"btn btn-primary\">Absenden<\/button>\n\t\t\t\n\t\t\t\t\t\t\t<div class=\"small mt-3\" style=\"font-weight:normal;\">\n\t\t\t\t\t\n\t\t\t<div class=\"mt-3\">\n\t\t\t\tJa, ich m&ouml;chte den Newsletter von Babyartikel.de erhalten und &uuml;ber Aktionen informiert werden.\n  Dabei darf mein Nutzungsverhalten (z. B. &Ouml;ffnungen und Klicks) zur Personalisierung ausgewertet werden.\n  Mehr finde ich in der <a href=\"\/de\/datenschutz\" style=\"text-decoration:underline\">Datenschutzerkl&auml;rung<\/a>.\n\t\t\t<\/div>\n\t\t\t\t\t\t<\/div>\n\t\t\t\n\t\t\t\t\t\t\t<div class=\"small mb-3 mt-3\" style=\"font-weight:normal;\">\n\t\t\t\t\tJederzeit abbestellbar | <a href=\"\/de\/datenschutz\" style=\"text-decoration:underline\">\n\t\t\t\t\t\tDatenschutzerkl&auml;rung\n\t\t\t\t\t<\/a>\n\t\t\t\t<\/div>\n\t\t\t\n        <\/form>\n    <\/div>\n\t\n\t\t\t\t\t<div class=\"response-messages_newsletter_popup_69f38aab15f39\">\n\t\t\t\t\t\t<div class=\"alert alert-success success mt-3 mb-3 d-none\">\n\t\t\t\t\t\t\tNur noch ein Klick! Best&auml;tige Deine Anmeldung in der E-Mail, die du gleich erh&auml;ltst.\t\t\t\t\t\t<\/div>\n\t\t\t\t\t\t<div class=\"error mt-3 mb-3 d-none\">\n\t\t\t\t\t\t\t<div class=\"alert alert-danger \">\n\t\t\t\t\t\t\t\tEin Fehler ist aufgetreten. Bitte versuche es sp&auml;ter erneut.\t\t\t\t\t\t\t<\/div>\n\t\t\t\t\t\t<\/div>\n\t\t\t\t\t\t<div class=\"alert alert-danger other-2007 mt-3 mb-3 d-none\">\n\t\t\t\t\t\t\tUng&Atilde;&frac14;ltiges Datumsformat\t\t\t\t\t\t<\/div>\n\t\t\t\t\t<\/div>\n\t\t\t\t<\/div>\n\t\t\t<\/div>\n\t\t<\/div>\n\t<\/div>\n\n\t<\/div><!-- content-widget --><\/div><p><strong>Drei Gr&uuml;nde f&uuml;r kalte H&auml;nde bei Babys sind:<\/strong><\/p><h3 class=\"wp-block-heading\" id=\"h-1-unausgereifte-temperaturregulierung\">1. Unausgereifte Temperaturregulierung<\/h3><p>Neugeborene sind noch nicht dazu in der Lage, ihre K&ouml;rpertemperatur angemessen zu regulieren. Warum ist das so? Das f&uuml;r die <a href=\"https:\/\/www.babyartikel.de\/magazin\/temperaturregulation-beim-neugeborenen\">Temperaturregulation<\/a> zust&auml;ndige Hirnareal reift erst nach und nach aus. <strong>W&auml;hrend in Deinem Bauch noch wohlige 37&deg;C Umgebungstemperatur herrschten, muss Dein Schatz nun erstmalig selbst W&auml;rme produzieren.<\/strong> Ein Kraftakt! Gerade bei fehlendem K&ouml;rperkontakt zu Papa oder Mama (z.B. beim Mittagsschlaf oder abends im Bettchen) sind kalte Babyh&auml;nde daher nicht ungew&ouml;hnlich.<\/p><div class=\"marketing-slot\"><div id=\"block-25\" class=\"content-post-widget marketing-slot-2 widget_block\"><a href=\"https:\/\/www.babyartikel.de\/de\/angebote\" data-track-link-click=\"true\" data-track-name=\"nyoutlet2026-magazin\" data-track-medium=\"banner-magazin-post\" data-track-campaign=\"magazin-banner-nyoutlet2026\" onclick=\"ga('send', 'event', 'banner', 'click', 'magazin-banner-nyoutlet2026');\" style=\"display:block;width:100%;text-align:center;\"><img src=\"https:\/\/media.babyartikel.de\/magazin\/wp-content\/uploads\/2026\/01\/NY-Outlet-10-2026.webp\" alt=\"Sale\" style=\"max-width:100%;\"><\/a><\/div><!-- content-widget --><\/div><p><strong>Dabei kommt folgendes zusammen:<\/strong><\/p><ul class=\"wp-block-list\">\n<li>Im Verh&auml;ltnis zum ihrem geringen Gewicht haben Babys ein gro&szlig;e K&ouml;rperoberfl&auml;che warmzuhalten, die &uuml;ber nur wenig K&ouml;rperbehaarung verf&uuml;gt.<\/li>\n\n\n\n<li>Viele Babys haben von Geburt an noch keine Kopfhaare, die ihr K&ouml;pfchen w&auml;rmen.<\/li>\n\n\n\n<li>Die Durchblutung befindet sich noch in der Entwicklung, wodurch gerade die Gliedma&szlig;en zum Kaltwerden neigen.<\/li>\n\n\n\n<li>Auch &uuml;bersch&uuml;ssige K&ouml;rperw&auml;rme kann noch nicht effektiv abgegeben werden.<\/li>\n\n\n\n<li>&Uuml;ber den Kopf k&ouml;nnen Babys viel K&ouml;rperw&auml;rme verlieren, da sich ihre Hautporen bei K&auml;lte noch nicht ausreichend schlie&szlig;en.<\/li>\n<\/ul><p><a href=\"https:\/\/www.babyartikel.de\/magazin\/baby-nachts-anziehen-so-ist-es-richtig\"><em>Lies hier, wie Du Dein Baby nachts richtig anziehst.<\/em><\/a><\/p><h3 class=\"wp-block-heading\" id=\"h-2-unterkuhlung-durch-fehlenden-korperkontakt-oder-dunne-kleidung\">2. Unterk&uuml;hlung durch fehlenden K&ouml;rperkontakt oder d&uuml;nne Kleidung<\/h3><p>Kalte H&auml;nde stehen nicht in direktem Zusammenhang mit einer zu geringen K&ouml;rpertemperatur. Trotzdem solltest Du, wenn Du bemerkst, dass Dein Baby kalte H&auml;nde hat, immer zus&auml;tzlich &uuml;berpr&uuml;fen, ob sein K&ouml;rper warm genug ist. Mit einer Unterk&uuml;hlung gehen n&auml;mlich unter anderem (!) kalte H&auml;nde einher.<\/p><p><strong>Aufgrund seiner noch unausgereiften Temperaturregulation ben&ouml;tigt Dein Baby regelm&auml;&szlig;ig Deine K&ouml;rperw&auml;rme und angemessen w&auml;rmende Kleidung.<\/strong> Friert es, kostet das seinen kleinen K&ouml;rper viel Energie, die er gerade in den ersten Wochen nach der Geburt dringend zum <a href=\"https:\/\/www.babyartikel.de\/magazin\/wachstumsschub-baby-die-8-entwicklungsschuebe-im-ueberblick\">Wachsen<\/a> braucht. Weiter unten im Beitrag erf&auml;hrst Du, wie Du sichergehst, ob Dein Baby warm genug ist.<\/p><div style=\"clear:both\"><\/div><div id=\"productPanel827\" class=\"product-panel-bottom\">&nbsp;<\/div><script type=\"module\">\n\t\t\t\t\t\t\trequestProductPanel(\"https:\/\/www.babyartikel.de\/magazin\/wp-content\/plugins\/wp-productpanel2\/ProductPanel.php\", \"?panel_type=automatic&basis_category=1-F-KB&basis_product=202100001642,201700003637,202100001643,201900001000&swipe_mobile=1&postid=854408&template=automatic&max=8&productPanelId=827&solrQuery=\", 827, 1);\n\t\t\t\t\t\t<\/script><h3 class=\"wp-block-heading\" id=\"h-3-nbsp-baby-hat-kalte-hande-bei-fieber-krankheit-amp-co\">3.&nbsp;Baby hat kalte H&auml;nde bei Fieber, Krankheit &amp; Co.<\/h3><p><strong>In seltenen F&auml;llen (!) k&ouml;nnen kalte Babyh&auml;nde auch erste Anzeichen einer Krankheit sein. <\/strong>Gerade Neugeborene reagieren etwa auf eine Infektion nicht zwingend mit Fieber. Hin und wieder sinkt stattdessen ihre K&ouml;rpertemperatur. <strong>Sollte Dein Baby eine Temperatur von 36-36,5&deg;C haben, liegt eine Unterk&uuml;hlung (Hypothermie) vor<\/strong>, die Du beim Kinderarzt abkl&auml;ren lassen solltest.<\/p><p>Bei einer K&ouml;rpertemperatur von &uuml;ber 38&deg;C hingegen spricht man bei Babys von Fieber. <strong>Fieber geht h&auml;ufig mit Sch&uuml;ttelfrost einher und kann zu niedrigen Temperaturen und kalten H&auml;nden f&uuml;hren. <\/strong>Gleichzeitig werden die Extremit&auml;ten bei Fieber in geringerem Ma&szlig;e mit W&auml;rme versorgt, da das Immunsystem und die Blutzirkulation prim&auml;r mit der Bek&auml;mpfung von Keimen im System besch&auml;ftigt sind.<\/p><p><a href=\"https:\/\/www.babyartikel.de\/magazin\/fieber-bei-babys-was-wirklich-hilft\"><em>Lies hier, was Du tun kannst, wenn Dein Baby Fieber hat.<\/em><\/a><\/p><p><strong>Eine Krankheit ist bei kalten H&auml;nden aber nicht der Regelfall. Es besteht f&uuml;r Dich kein Grund zur Sorge, wenn Dein Baby hin und wieder kalte H&auml;nde hat, aber gleichzeitig einen zufriedenen Gesamteindruck macht und ausreichend trinkt.<\/strong><\/p><h2 class=\"wp-block-heading\" id=\"h-sind-kalte-hande-bei-babys-schlimm\"><span class=\"ez-toc-section\" id=\"Sind_kalte_Haende_bei_Babys_schlimm\"><\/span>Sind kalte H&auml;nde bei Babys schlimm?<span class=\"ez-toc-section-end\"><\/span><\/h2><p>Grunds&auml;tzlich gilt:<\/p><p><strong>Kalte H&auml;nde beim Baby stehen nicht in unmittelbarem Zusammenhang mit der K&ouml;rpertemperatur. Sie sind also kein Marker daf&uuml;r, ob Deinem Baby kalt ist.<\/strong><\/p><p>Durch die sich noch entwickelnde W&auml;rmeregulation von Babys sind gerade die Au&szlig;enbezirke des kleinen K&ouml;rpers wie die H&auml;nde und F&uuml;&szlig;e schnell kalt. Die Ursache:<strong> Der K&ouml;rper Deines Babys h&auml;lt seine lebenswichtigen Organe in der K&ouml;rpermitte zuerst warm, die H&auml;nde und F&uuml;&szlig;e stehen an zweiter Stelle.<\/strong><\/p><p>Hat Dein Kind also gelegentlich kalte H&auml;nde, besteht erst einmal kein Grund zur Sorge. Wichtig ist es in dem Fall nachzuf&uuml;hlen wie warm der K&ouml;rper Deines Schatzes tats&auml;chlich ist.<\/p><h2 class=\"wp-block-heading\" id=\"h-wie-erkennst-du-ob-deinem-baby-zu-kalt-ist\"><span class=\"ez-toc-section\" id=\"Wie_erkennst_Du_ob_Deinem_Baby_zu_kalt_ist\"><\/span>Wie erkennst Du, ob Deinem Baby zu kalt ist?<span class=\"ez-toc-section-end\"><\/span><\/h2><p>Wenn kalte H&auml;nde nur wenig &uuml;ber die K&ouml;rpertemperatur eines Babys aussagen, wie kannst Du dann erkennen, ob Deinem Baby kalt ist?<\/p><p><strong>Folgende Anzeichen deuten darauf hin, dass Dein Schatz Deine Hilfe zum Aufw&auml;rmen ben&ouml;tigt:<\/strong><\/p><ul class=\"wp-block-list\">\n<li>kalte Arme oder Beine<\/li>\n\n\n\n<li>kalter Kopf<\/li>\n\n\n\n<li>kalter Nacken<\/li>\n\n\n\n<li><span style=\"color: initial\">kalte Nase<\/span><\/li>\n\n\n\n<li>blaue, marmorierte anstatt rosiger Haut<\/li>\n\n\n\n<li>kalter, oberer R&uuml;cken zwischen den Schultern<\/li>\n<\/ul><p>Insbesondere mit einem einfachen <strong>Kontrollgriff am Nacken<\/strong>, kannst Du schnell die K&ouml;rpertemperatur Deines Babys &uuml;berpr&uuml;fen. <strong>Der Nacken sollte stets angenehm warm und trocken sein.<\/strong> Ein feuchter verschwitzer Nacken hingegen deutet darauf hin, dass es Deinem Baby zu warm ist.<\/p><h2 class=\"wp-block-heading\" id=\"h-unsere-top-tipps-bei-kalten-handen-deines-babys\"><span class=\"ez-toc-section\" id=\"Unsere_Top-Tipps_bei_kalten_Haenden_Deines_Babys\"><\/span>Unsere Top-Tipps bei kalten H&auml;nden Deines Babys<span class=\"ez-toc-section-end\"><\/span><\/h2><p>Eins steht fest: kalte H&auml;nde sind nicht besonders angenehm. Sie weisen zwar nicht auf einen zu kalten K&ouml;rper Deines Babys hin, doch wissen wir alle &ndash; mit w&auml;rmen H&auml;nden (und F&uuml;&szlig;en!) schl&auml;ft es sich gleich viel besser.<\/p><p><strong>Mit unseren Top-Tipps w&auml;rmst Du kalte Babyh&auml;nde wieder auf:<\/strong><\/p><ul class=\"wp-block-list\">\n<li><strong>Reiben: <\/strong>Reibung verursacht W&auml;rme und macht kalte Babyh&auml;nde schnell wieder warm. <\/li>\n\n\n\n<li><strong>K&ouml;rperkontakt, K&ouml;rperkontakt, K&ouml;rperkontakt: <\/strong>Kalte H&auml;nde beim Baby kommen besonders beim Mittagsschlaf oder nachts vor, wenn Babys nur sehr wenig K&ouml;rperkontakt mit ihren Eltern haben. Da hilft vor allem eins: Kuschelt euch warm! Ob gemeinsam im Bett oder beim Mittagsschlaf in der <a href=\"https:\/\/www.babyartikel.de\/magazin\/babytrage-ab-wann-du-sie-nutzen-darfst\">Babytrage<\/a> &ndash; die H&auml;nde Deines Babys sind durch Deine K&ouml;rperw&auml;rme im Nu aufgew&auml;rmt (oder k&uuml;hlen gar nicht erst aus). Lassen die Temperaturen es zu, hilft besonders der Haut-auf-Haut-Kontakt auf Deinem nackten Oberk&ouml;rper und schenkt euch zus&auml;tzlich wundersch&ouml;ne <a href=\"https:\/\/www.babyartikel.de\/magazin\/was-ist-bonding-und-wie-geht-das\">Bondingzeit<\/a>!<\/li>\n\n\n\n<li><strong><a href=\"https:\/\/www.babyartikel.de\/magazin\/babymassage-haendchen-und-arme\">Babymassage:<\/a><\/strong> Eine sch&ouml;ne Babymassage unter dem <a href=\"https:\/\/www.babyartikel.de\/cat\/heizstrahler\">W&auml;rmestrahler <\/a>regt nicht nur den Kreislauf Deines Babys an und sorgt daf&uuml;r, dass die Babyh&auml;nde sich von selbst wieder erw&auml;rmen, sondern schenkt Deinem Schatz auch eine Extraportion Entspannung.<\/li>\n\n\n\n<li><strong><a href=\"https:\/\/www.babyartikel.de\/cat\/babymuetzen-huete\">Babym&uuml;tze<\/a>:<\/strong> Da &uuml;ber den Kopf viel W&auml;rme abgehen kann, k&ouml;nnen M&uuml;tzchen bei kleineren S&auml;uglingen gegen den W&auml;rmeverlust helfen.<\/li>\n\n\n\n<li><strong>Passende Kleidung: <\/strong>Vor allem in den <a href=\"https:\/\/www.babyartikel.de\/magazin\/5-tipps-zum-wochenbett-zu-hause\">ersten Wochen nach der Geburt<\/a> ist es wichtig, dass Dein Baby die passende Kleidung tr&auml;gt und sein gesamter K&ouml;rper umh&uuml;llt ist. Das gilt auch im Fr&uuml;hling\/ Sommer!<\/li>\n<\/ul><p><em>Grunds&auml;tzlich gilt hier:<\/em> Materialien wie Wolle-Seide helfen dem kleinen K&ouml;rper eher bei der W&auml;rmeregulation als reine Baumwolle. Bei kalten H&auml;nden kannst Du Deinem Schatz also zus&auml;tzlich zur Kleidung angenehm w&auml;rmende Wolle-Seide- oder Wollsocken &uuml;ber die H&auml;nde st&uuml;lpen &ndash; eine super Hilfe bei der W&auml;rmeregulation!<\/p><ul class=\"wp-block-list\">\n<li><strong><a href=\"https:\/\/www.babyartikel.de\/cat\/waermekissen-koernerkissen\">K&ouml;rnerkissen: <\/a><\/strong>Neigt Dein Baby zu kalten H&auml;nden oder F&uuml;&szlig;en, kannst Du es auch wunderbar mit einem lauwarmen K&ouml;rnerkissen warmhalten. Im Kinderwagen auf den F&uuml;&szlig;en oder auch zwischendurch zum Aufw&auml;rmen der kleinen H&auml;ndchen.<\/li>\n<\/ul><p><em>Aber Achtung: Achte unbedingt darauf, dass das Kissen nur lauwarm ist und verwende auf keinen Fall eine W&auml;rmflasche! Hier besteht das Risiko des Auslaufens. Bei speziellen Kirschkern- oder K&ouml;rnerkissen f&uuml;r Babys gehst Du dieser Gefahr aus dem Weg.<\/em><\/p><div style=\"clear:both\"><\/div><div id=\"productPanel99\" class=\"product-panel-bottom\">&nbsp;<\/div><script type=\"module\">\n\t\t\t\t\t\t\trequestProductPanel(\"https:\/\/www.babyartikel.de\/magazin\/wp-content\/plugins\/wp-productpanel2\/ProductPanel.php\", \"?panel_type=automatic&basis_category=3-G-WK&basis_product=&swipe_mobile=1&postid=854408&template=automatic&max=4&productPanelId=99&solrQuery=\", 99, 1);\n\t\t\t\t\t\t<\/script><h2 class=\"wp-block-heading\" id=\"h-baby-hat-nachts-kalte-hande-was-hilft\"><span class=\"ez-toc-section\" id=\"Baby_hat_nachts_kalte_Haende_Was_hilft\"><\/span>Baby hat nachts kalte H&auml;nde: Was hilft?<span class=\"ez-toc-section-end\"><\/span><\/h2><p>Kalte H&auml;nde kommen bei Babys besonders h&auml;ufig nachts beim schlafen vor, wenn sie keinen K&ouml;rperkontakt zu Mama oder Papa haben und der Kreislauf auf Sparflamme schaltet.<\/p><p><strong>Das kann Deinem Baby bei kalten H&auml;nden nachts helfen:<\/strong><\/p><ul class=\"wp-block-list\">\n<li><strong>Raumtemperatur:<\/strong> idealerweise  bei etwa 16-18&deg;C<\/li>\n\n\n\n<li><a href=\"https:\/\/www.babyartikel.de\/magazin\/baby-schlafsack\"><strong>Schlafsack:<\/strong><\/a> angepasst an die Jahreszeit und die individuellen Bed&uuml;rfnisse Deines Schatzes <\/li>\n\n\n\n<li><strong>S&ouml;ckchen oder Handschuhe:<\/strong> Bei kalten H&auml;ndchen k&ouml;nnen Socken oder Handschuhe aus Wolle-Seide oder reiner Wolle zus&auml;tzlich zum Schlafsack f&uuml;r eine Extraportion W&auml;rme sorgen.<\/li>\n\n\n\n<li><strong>Schlafanzug: <\/strong>Unabh&auml;ngig von der Jahreszeit sollte Dein Baby zum Schlafen einen langen Strampler oder einen Langarmbody mit langer Hose tragen. Ist Euer Schlafzimmer k&auml;lter temperiert oder ist es Winter, bietet sich in jedem Fall Kleidung mit Wollanteil an. Aber auch im Sommer gilt: <a href=\"https:\/\/www.amazon.de\/Dilling-Strampler-Bio-Merinowolle-Dunkelgrau-meliert\/dp\/B074QPR1NP\/ref=sr_1_2_sspa?keywords=wolle+seide+strampler&amp;qid=1646744262&amp;sr=8-2-spons&amp;psc=1&amp;spLa=ZW5jcnlwdGVkUXVhbGlmaWVyPUEyMVg0QkJVUTBRWDhJJmVuY3J5cHRlZElkPUEwNjQ4NTk5Mjg2WThZVkhHWThHVSZlbmNyeXB0ZWRBZElkPUEwNjQ0NzkzMVBRUVc1UkRSTFJPQSZ3aWRnZXROYW1lPXNwX2F0ZiZhY3Rpb249Y2xpY2tSZWRpcmVjdCZkb05vdExvZ0NsaWNrPXRydWU=\">Wolle-Seide<\/a> etwa wird auch bei einem schwitzenden oder sabbernden Baby nicht so schnell nass-kalt wie Baumwolle.<\/li>\n\n\n\n<li><strong><a href=\"https:\/\/www.babyartikel.de\/magazin\/warum-wir-im-familienbett-schlafen\">Familienbett:<\/a><\/strong> Kommt f&uuml;r Euch ein Familienbett in Frage, kann Euer Schatz von Eurer K&ouml;rperwarme profitieren und hat garantiert seltener kalte H&auml;nde in der Nacht.<\/li>\n<\/ul><p><a href=\"https:\/\/www.babyartikel.de\/magazin\/baby-im-elternbett-sicher\"><em>Kennst Du schon die 17 Regeln f&uuml;r sicheren Babyschlaf im Elternbett?<\/em><\/a><\/p><h2 class=\"wp-block-heading\"><span class=\"ez-toc-section\" id=\"Fazit_Keine_Panik_%E2%80%93_und_kuscheln_kuscheln_kuscheln\"><\/span>Fazit: Keine Panik &ndash; und kuscheln, kuscheln, kuscheln!<span class=\"ez-toc-section-end\"><\/span><\/h2><p>Du m&ouml;chtest verst&auml;ndlicherweise alles richtig machen und Deinen kleinen Schatz wohlbeh&uuml;tet wissen. <strong>Eiskalte Babyh&auml;nde k&ouml;nnen da schon einmal einen Schreck ausl&ouml;sen! Zusammenfassend l&auml;sst sich aber sagen, dass f&uuml;r Dich nicht gleich ein Grund zur Sorge besteht, wenn Dein Baby einmal kalte H&auml;nde hat.<\/strong> Vielmehr ist es sogar vollkommen normal, dass die H&auml;ndchen von Babys insbesondere beim Schlafen etwas k&uuml;hler sind. <\/p><p><strong>Um es Deinem Schatz trotzdem angenehm zu machen, kannst Du unsere Tipps und Tricks f&uuml;r Euch nutzen. In erster Linie hei&szlig;t das: Wie von der Natur vorgegeben m&ouml;glichst viel K&ouml;rperkontakt schenken und kuscheln, was das Zeug h&auml;lt.<\/strong> Denn eins steht fest: So abgedroschen es klingt &ndash; die erste Zeit kommt nie wieder! Gleichzeitig habt ihr beide etwas davon. <a href=\"https:\/\/www.babyartikel.de\/magazin\/oxytocin\">Oxytocin <\/a>pur &ndash; ganz viele Gl&uuml;ckshormone!<\/p><p class=\"has-small-font-size\"><strong>Quellen:<\/strong><\/p><ul class=\"wp-block-list\">\n<li class=\"has-small-font-size\">Bauer, M. (2006): <em>Von der artgerechten Aufzucht unserer Kinder.<\/em> Goldegg Verlag Berlin.<\/li>\n\n\n\n<li class=\"has-small-font-size\">W&uuml;chner, E. (2012): <em>Die 100 gr&ouml;&szlig;ten Babyirrt&uuml;mer und wie Sie es besser machen k&ouml;nnen.<\/em> Fischer E-Books.<\/li>\n<\/ul><div class=\"credits-overlay\" data-target=\".wp-image-855063\"><a href=\"#\" target=\"_blank\">&copy; nataliaderiabina &ndash; stock.adobe.com<\/a><\/div><\/p>\n","protected":false},"excerpt":{"rendered":"<p>Passende Kleidung, ein muckeliger Schlafsack und die ideale Raumtemperatur &ndash; Du versuchst die Schlafumgebung Deines Schatzes so gem&uuml;tlich und sicher wie m&ouml;glich zu gestalten. Trotzdem sp&uuml;rst Du immer wieder, dass Dein Baby kalte H&auml;nde hat? Gerade frischgebackene Mamas und Papas sind bei kalten Babyh&auml;nden h&auml;ufig verunsichert. Grunds&auml;tzlich sind kalte H&auml;nde bei Babys zwar nicht gleich [&#8230;]<\/p>\n<p><a class=\"btn btn-secondary understrap-read-more-link\" href=\"https:\/\/www.babyartikel.de\/magazin\/baby-kalte-haende\">Weiterlesen&#8230;<\/a><\/p>\n","protected":false},"author":120,"featured_media":855063,"comment_status":"open","ping_status":"closed","sticky":false,"template":"","format":"standard","meta":{"_acf_changed":false,"footnotes":""},"categories":[79,2818],"tags":[3334],"class_list":["post-854408","post","type-post","status-publish","format-standard","has-post-thumbnail","hentry","category-baby","category-pflege-gesundheit","tag-gesundheit"],"acf":[],"yoast_head":"<!-- This site is optimized with the Yoast SEO Premium plugin v27.2 (Yoast SEO v27.2) - https:\/\/yoast.com\/product\/yoast-seo-premium-wordpress\/ -->\n<title>Baby kalte H\u00e4nde: 3 Gr\u00fcnde &amp; was Du tun kannst | Babyartikel.de<\/title>\n<meta name=\"description\" content=\"Warum hat mein Baby kalte H\u00e4nde \ud83e\udd32? 3 Ursachen und was Du jetzt tun kannst, um Deinen kleinen Schatz \ud83d\udc76 warm zu halten.\" \/>\n<meta name=\"robots\" content=\"index, follow, max-snippet:-1, max-image-preview:large, max-video-preview:-1\" \/>\n<link rel=\"canonical\" href=\"https:\/\/www.babyartikel.de\/magazin\/baby-kalte-haende\" \/>\n<meta property=\"og:locale\" content=\"de_DE\" \/>\n<meta property=\"og:type\" content=\"article\" \/>\n<meta property=\"og:title\" content=\"Warum hat mein Baby kalte H\u00e4nde? 3 Gr\u00fcnde &amp; wie Du ihm helfen kannst\" \/>\n<meta property=\"og:description\" content=\"Warum hat mein Baby kalte H\u00e4nde \ud83e\udd32? 3 Ursachen und was Du jetzt tun kannst, um Deinen kleinen Schatz \ud83d\udc76 warm zu halten.\" \/>\n<meta property=\"og:url\" content=\"https:\/\/www.babyartikel.de\/magazin\/baby-kalte-haende\" \/>\n<meta property=\"og:site_name\" content=\"Babyartikel.de Magazin\" \/>\n<meta property=\"article:published_time\" content=\"2022-03-26T07:42:00+00:00\" \/>\n<meta property=\"article:modified_time\" content=\"2024-11-14T10:59:00+00:00\" \/>\n<meta property=\"og:image\" content=\"https:\/\/cdn.magazin.babyartikel.de\/magazin\/wp-content\/uploads\/2022\/03\/baby-kalte-haende-Gruende.jpg\" \/>\n\t<meta property=\"og:image:width\" content=\"1050\" \/>\n\t<meta property=\"og:image:height\" content=\"549\" \/>\n\t<meta property=\"og:image:type\" content=\"image\/jpeg\" \/>\n<meta name=\"author\" content=\"Lara K.\" \/>\n<meta name=\"twitter:card\" content=\"summary_large_image\" \/>\n<meta name=\"twitter:label1\" content=\"Verfasst von\" \/>\n\t<meta name=\"twitter:data1\" content=\"Lara K.\" \/>\n\t<meta name=\"twitter:label2\" content=\"Gesch\u00e4tzte Lesezeit\" \/>\n\t<meta name=\"twitter:data2\" content=\"9\u00a0Minuten\" \/>\n<script type=\"application\/ld+json\" class=\"yoast-schema-graph\">{\"@context\":\"https:\/\/schema.org\",\"@graph\":[{\"@type\":\"Article\",\"@id\":\"https:\/\/www.babyartikel.de\/magazin\/baby-kalte-haende#article\",\"isPartOf\":{\"@id\":\"https:\/\/www.babyartikel.de\/magazin\/baby-kalte-haende\"},\"author\":{\"name\":\"Lara K.\",\"@id\":\"https:\/\/www.babyartikel.de\/magazin\/#\/schema\/person\/fa307c1d64ea970b0bfbe73d05efd5a5\"},\"headline\":\"Warum hat mein Baby kalte H\u00e4nde? 3 Gr\u00fcnde &#038; wie Du ihm helfen kannst\",\"datePublished\":\"2022-03-26T07:42:00+00:00\",\"dateModified\":\"2024-11-14T10:59:00+00:00\",\"mainEntityOfPage\":{\"@id\":\"https:\/\/www.babyartikel.de\/magazin\/baby-kalte-haende\"},\"wordCount\":1657,\"commentCount\":0,\"image\":{\"@id\":\"https:\/\/www.babyartikel.de\/magazin\/baby-kalte-haende#primaryimage\"},\"thumbnailUrl\":\"https:\/\/media.babyartikel.de\/magazin\/wp-content\/uploads\/2022\/03\/Baby-kalte-haende-scaled.jpeg\",\"keywords\":[\"gesundheit\"],\"articleSection\":[\"Baby\",\"Pflege &amp; Gesundheit\"],\"inLanguage\":\"de\",\"potentialAction\":[{\"@type\":\"CommentAction\",\"name\":\"Comment\",\"target\":[\"https:\/\/www.babyartikel.de\/magazin\/baby-kalte-haende#respond\"]}]},{\"@type\":\"WebPage\",\"@id\":\"https:\/\/www.babyartikel.de\/magazin\/baby-kalte-haende\",\"url\":\"https:\/\/www.babyartikel.de\/magazin\/baby-kalte-haende\",\"name\":\"Baby kalte H\u00e4nde: 3 Gr\u00fcnde & was Du tun kannst | Babyartikel.de\",\"isPartOf\":{\"@id\":\"https:\/\/www.babyartikel.de\/magazin\/#website\"},\"primaryImageOfPage\":{\"@id\":\"https:\/\/www.babyartikel.de\/magazin\/baby-kalte-haende#primaryimage\"},\"image\":{\"@id\":\"https:\/\/www.babyartikel.de\/magazin\/baby-kalte-haende#primaryimage\"},\"thumbnailUrl\":\"https:\/\/media.babyartikel.de\/magazin\/wp-content\/uploads\/2022\/03\/Baby-kalte-haende-scaled.jpeg\",\"datePublished\":\"2022-03-26T07:42:00+00:00\",\"dateModified\":\"2024-11-14T10:59:00+00:00\",\"author\":{\"@id\":\"https:\/\/www.babyartikel.de\/magazin\/#\/schema\/person\/fa307c1d64ea970b0bfbe73d05efd5a5\"},\"description\":\"Warum hat mein Baby kalte H\u00e4nde \ud83e\udd32? 3 Ursachen und was Du jetzt tun kannst, um Deinen kleinen Schatz \ud83d\udc76 warm zu halten.\",\"breadcrumb\":{\"@id\":\"https:\/\/www.babyartikel.de\/magazin\/baby-kalte-haende#breadcrumb\"},\"inLanguage\":\"de\",\"potentialAction\":[{\"@type\":\"ReadAction\",\"target\":[\"https:\/\/www.babyartikel.de\/magazin\/baby-kalte-haende\"]}]},{\"@type\":\"ImageObject\",\"inLanguage\":\"de\",\"@id\":\"https:\/\/www.babyartikel.de\/magazin\/baby-kalte-haende#primaryimage\",\"url\":\"https:\/\/media.babyartikel.de\/magazin\/wp-content\/uploads\/2022\/03\/Baby-kalte-haende-scaled.jpeg\",\"contentUrl\":\"https:\/\/media.babyartikel.de\/magazin\/wp-content\/uploads\/2022\/03\/Baby-kalte-haende-scaled.jpeg\",\"width\":2560,\"height\":1707,\"caption\":\"baby kalte h\u00e4nde nachts, fieber, schlafen, drau\u00dfen; Baby und Mutter halten H\u00e4ndchen, Baby hat nachts kalte H\u00e4nde, Baby hat immer kalte H\u00e4nde\"},{\"@type\":\"BreadcrumbList\",\"@id\":\"https:\/\/www.babyartikel.de\/magazin\/baby-kalte-haende#breadcrumb\",\"itemListElement\":[{\"@type\":\"ListItem\",\"position\":1,\"name\":\"Startseite\",\"item\":\"https:\/\/www.babyartikel.de\/magazin\"},{\"@type\":\"ListItem\",\"position\":2,\"name\":\"Warum hat mein Baby kalte H\u00e4nde? 3 Gr\u00fcnde &#038; wie Du ihm helfen kannst\"}]},{\"@type\":\"WebSite\",\"@id\":\"https:\/\/www.babyartikel.de\/magazin\/#website\",\"url\":\"https:\/\/www.babyartikel.de\/magazin\/\",\"name\":\"Babyartikel.de Magazin\",\"description\":\"\",\"potentialAction\":[{\"@type\":\"SearchAction\",\"target\":{\"@type\":\"EntryPoint\",\"urlTemplate\":\"https:\/\/www.babyartikel.de\/magazin\/?s={search_term_string}\"},\"query-input\":{\"@type\":\"PropertyValueSpecification\",\"valueRequired\":true,\"valueName\":\"search_term_string\"}}],\"inLanguage\":\"de\"},{\"@type\":\"Person\",\"@id\":\"https:\/\/www.babyartikel.de\/magazin\/#\/schema\/person\/fa307c1d64ea970b0bfbe73d05efd5a5\",\"name\":\"Lara K.\",\"image\":{\"@type\":\"ImageObject\",\"inLanguage\":\"de\",\"@id\":\"https:\/\/secure.gravatar.com\/avatar\/c90dce9af49b2816579c776eca00f5778d73cafd7341025fc7fec811da18a97b?s=96&d=mm&r=g\",\"url\":\"https:\/\/secure.gravatar.com\/avatar\/c90dce9af49b2816579c776eca00f5778d73cafd7341025fc7fec811da18a97b?s=96&d=mm&r=g\",\"contentUrl\":\"https:\/\/secure.gravatar.com\/avatar\/c90dce9af49b2816579c776eca00f5778d73cafd7341025fc7fec811da18a97b?s=96&d=mm&r=g\",\"caption\":\"Lara K.\"},\"description\":\"Ich bin seit 2017 Mama eines Sohnes, ausgebildete Grundschullehrerin und nun freiberufliche Texterin. Wir leben von Beginn an zu zweit. Achtsame und respektvolle Elternschaft wurde in den letzten Jahren zu einem meiner Herzensthemen. Seit 2020 bin ich nun Artgerecht Kleinkind Coach und momentan in Ausbildung zur Resilienzcoachin f\u00fcr Familien, um Mamas zu unterst\u00fctzen mehr Achtsamkeit und Leichtigkeit in ihren Alltag zu bringen. Ich freu mich, wenn du uns begleitest auf dieser Reise :)\",\"sameAs\":[\"https:\/\/www.instagram.com\/natuerlich.geborgen\/\"],\"url\":\"https:\/\/www.babyartikel.de\/magazin\/author\/lara\"}]}<\/script>\n<!-- \/ Yoast SEO Premium plugin. -->","yoast_head_json":{"title":"Baby kalte H\u00e4nde: 3 Gr\u00fcnde & was Du tun kannst | Babyartikel.de","description":"Warum hat mein Baby kalte H\u00e4nde \ud83e\udd32? 3 Ursachen und was Du jetzt tun kannst, um Deinen kleinen Schatz \ud83d\udc76 warm zu halten.","robots":{"index":"index","follow":"follow","max-snippet":"max-snippet:-1","max-image-preview":"max-image-preview:large","max-video-preview":"max-video-preview:-1"},"canonical":"https:\/\/www.babyartikel.de\/magazin\/baby-kalte-haende","og_locale":"de_DE","og_type":"article","og_title":"Warum hat mein Baby kalte H\u00e4nde? 3 Gr\u00fcnde & wie Du ihm helfen kannst","og_description":"Warum hat mein Baby kalte H\u00e4nde \ud83e\udd32? 3 Ursachen und was Du jetzt tun kannst, um Deinen kleinen Schatz \ud83d\udc76 warm zu halten.","og_url":"https:\/\/www.babyartikel.de\/magazin\/baby-kalte-haende","og_site_name":"Babyartikel.de Magazin","article_published_time":"2022-03-26T07:42:00+00:00","article_modified_time":"2024-11-14T10:59:00+00:00","og_image":[{"width":1050,"height":549,"url":"https:\/\/cdn.magazin.babyartikel.de\/magazin\/wp-content\/uploads\/2022\/03\/baby-kalte-haende-Gruende.jpg","type":"image\/jpeg"}],"author":"Lara K.","twitter_card":"summary_large_image","twitter_misc":{"Verfasst von":"Lara K.","Gesch\u00e4tzte Lesezeit":"9\u00a0Minuten"},"schema":{"@context":"https:\/\/schema.org","@graph":[{"@type":"Article","@id":"https:\/\/www.babyartikel.de\/magazin\/baby-kalte-haende#article","isPartOf":{"@id":"https:\/\/www.babyartikel.de\/magazin\/baby-kalte-haende"},"author":{"name":"Lara K.","@id":"https:\/\/www.babyartikel.de\/magazin\/#\/schema\/person\/fa307c1d64ea970b0bfbe73d05efd5a5"},"headline":"Warum hat mein Baby kalte H\u00e4nde? 3 Gr\u00fcnde &#038; wie Du ihm helfen kannst","datePublished":"2022-03-26T07:42:00+00:00","dateModified":"2024-11-14T10:59:00+00:00","mainEntityOfPage":{"@id":"https:\/\/www.babyartikel.de\/magazin\/baby-kalte-haende"},"wordCount":1657,"commentCount":0,"image":{"@id":"https:\/\/www.babyartikel.de\/magazin\/baby-kalte-haende#primaryimage"},"thumbnailUrl":"https:\/\/media.babyartikel.de\/magazin\/wp-content\/uploads\/2022\/03\/Baby-kalte-haende-scaled.jpeg","keywords":["gesundheit"],"articleSection":["Baby","Pflege &amp; Gesundheit"],"inLanguage":"de","potentialAction":[{"@type":"CommentAction","name":"Comment","target":["https:\/\/www.babyartikel.de\/magazin\/baby-kalte-haende#respond"]}]},{"@type":"WebPage","@id":"https:\/\/www.babyartikel.de\/magazin\/baby-kalte-haende","url":"https:\/\/www.babyartikel.de\/magazin\/baby-kalte-haende","name":"Baby kalte H\u00e4nde: 3 Gr\u00fcnde & was Du tun kannst | Babyartikel.de","isPartOf":{"@id":"https:\/\/www.babyartikel.de\/magazin\/#website"},"primaryImageOfPage":{"@id":"https:\/\/www.babyartikel.de\/magazin\/baby-kalte-haende#primaryimage"},"image":{"@id":"https:\/\/www.babyartikel.de\/magazin\/baby-kalte-haende#primaryimage"},"thumbnailUrl":"https:\/\/media.babyartikel.de\/magazin\/wp-content\/uploads\/2022\/03\/Baby-kalte-haende-scaled.jpeg","datePublished":"2022-03-26T07:42:00+00:00","dateModified":"2024-11-14T10:59:00+00:00","author":{"@id":"https:\/\/www.babyartikel.de\/magazin\/#\/schema\/person\/fa307c1d64ea970b0bfbe73d05efd5a5"},"description":"Warum hat mein Baby kalte H\u00e4nde \ud83e\udd32? 3 Ursachen und was Du jetzt tun kannst, um Deinen kleinen Schatz \ud83d\udc76 warm zu halten.","breadcrumb":{"@id":"https:\/\/www.babyartikel.de\/magazin\/baby-kalte-haende#breadcrumb"},"inLanguage":"de","potentialAction":[{"@type":"ReadAction","target":["https:\/\/www.babyartikel.de\/magazin\/baby-kalte-haende"]}]},{"@type":"ImageObject","inLanguage":"de","@id":"https:\/\/www.babyartikel.de\/magazin\/baby-kalte-haende#primaryimage","url":"https:\/\/media.babyartikel.de\/magazin\/wp-content\/uploads\/2022\/03\/Baby-kalte-haende-scaled.jpeg","contentUrl":"https:\/\/media.babyartikel.de\/magazin\/wp-content\/uploads\/2022\/03\/Baby-kalte-haende-scaled.jpeg","width":2560,"height":1707,"caption":"baby kalte h\u00e4nde nachts, fieber, schlafen, drau\u00dfen; Baby und Mutter halten H\u00e4ndchen, Baby hat nachts kalte H\u00e4nde, Baby hat immer kalte H\u00e4nde"},{"@type":"BreadcrumbList","@id":"https:\/\/www.babyartikel.de\/magazin\/baby-kalte-haende#breadcrumb","itemListElement":[{"@type":"ListItem","position":1,"name":"Startseite","item":"https:\/\/www.babyartikel.de\/magazin"},{"@type":"ListItem","position":2,"name":"Warum hat mein Baby kalte H\u00e4nde? 3 Gr\u00fcnde &#038; wie Du ihm helfen kannst"}]},{"@type":"WebSite","@id":"https:\/\/www.babyartikel.de\/magazin\/#website","url":"https:\/\/www.babyartikel.de\/magazin\/","name":"Babyartikel.de Magazin","description":"","potentialAction":[{"@type":"SearchAction","target":{"@type":"EntryPoint","urlTemplate":"https:\/\/www.babyartikel.de\/magazin\/?s={search_term_string}"},"query-input":{"@type":"PropertyValueSpecification","valueRequired":true,"valueName":"search_term_string"}}],"inLanguage":"de"},{"@type":"Person","@id":"https:\/\/www.babyartikel.de\/magazin\/#\/schema\/person\/fa307c1d64ea970b0bfbe73d05efd5a5","name":"Lara K.","image":{"@type":"ImageObject","inLanguage":"de","@id":"https:\/\/secure.gravatar.com\/avatar\/c90dce9af49b2816579c776eca00f5778d73cafd7341025fc7fec811da18a97b?s=96&d=mm&r=g","url":"https:\/\/secure.gravatar.com\/avatar\/c90dce9af49b2816579c776eca00f5778d73cafd7341025fc7fec811da18a97b?s=96&d=mm&r=g","contentUrl":"https:\/\/secure.gravatar.com\/avatar\/c90dce9af49b2816579c776eca00f5778d73cafd7341025fc7fec811da18a97b?s=96&d=mm&r=g","caption":"Lara K."},"description":"Ich bin seit 2017 Mama eines Sohnes, ausgebildete Grundschullehrerin und nun freiberufliche Texterin. Wir leben von Beginn an zu zweit. Achtsame und respektvolle Elternschaft wurde in den letzten Jahren zu einem meiner Herzensthemen. Seit 2020 bin ich nun Artgerecht Kleinkind Coach und momentan in Ausbildung zur Resilienzcoachin f\u00fcr Familien, um Mamas zu unterst\u00fctzen mehr Achtsamkeit und Leichtigkeit in ihren Alltag zu bringen. Ich freu mich, wenn du uns begleitest auf dieser Reise :)","sameAs":["https:\/\/www.instagram.com\/natuerlich.geborgen\/"],"url":"https:\/\/www.babyartikel.de\/magazin\/author\/lara"}]}},"abstract_sku":"","_links":{"self":[{"href":"https:\/\/www.babyartikel.de\/magazin\/wp-json\/wp\/v2\/posts\/854408","targetHints":{"allow":["GET"]}}],"collection":[{"href":"https:\/\/www.babyartikel.de\/magazin\/wp-json\/wp\/v2\/posts"}],"about":[{"href":"https:\/\/www.babyartikel.de\/magazin\/wp-json\/wp\/v2\/types\/post"}],"author":[{"embeddable":true,"href":"https:\/\/www.babyartikel.de\/magazin\/wp-json\/wp\/v2\/users\/120"}],"replies":[{"embeddable":true,"href":"https:\/\/www.babyartikel.de\/magazin\/wp-json\/wp\/v2\/comments?post=854408"}],"version-history":[{"count":25,"href":"https:\/\/www.babyartikel.de\/magazin\/wp-json\/wp\/v2\/posts\/854408\/revisions"}],"predecessor-version":[{"id":954080,"href":"https:\/\/www.babyartikel.de\/magazin\/wp-json\/wp\/v2\/posts\/854408\/revisions\/954080"}],"wp:featuredmedia":[{"embeddable":true,"href":"https:\/\/www.babyartikel.de\/magazin\/wp-json\/wp\/v2\/media\/855063"}],"wp:attachment":[{"href":"https:\/\/www.babyartikel.de\/magazin\/wp-json\/wp\/v2\/media?parent=854408"}],"wp:term":[{"taxonomy":"category","embeddable":true,"href":"https:\/\/www.babyartikel.de\/magazin\/wp-json\/wp\/v2\/categories?post=854408"},{"taxonomy":"post_tag","embeddable":true,"href":"https:\/\/www.babyartikel.de\/magazin\/wp-json\/wp\/v2\/tags?post=854408"}],"curies":[{"name":"wp","href":"https:\/\/api.w.org\/{rel}","templated":true}]}}