
{"id":855612,"date":"2022-08-17T07:53:00","date_gmt":"2022-08-17T05:53:00","guid":{"rendered":"https:\/\/www.babyartikel.de\/magazin\/?p=855612"},"modified":"2025-03-03T13:48:09","modified_gmt":"2025-03-03T12:48:09","slug":"spaetfolgen-fuer-fruehgeborene-welche-auswirkungen-hat-eine-fruehgeburt","status":"publish","type":"post","link":"https:\/\/www.babyartikel.de\/magazin\/spaetfolgen-fuer-fruehgeborene-welche-auswirkungen-hat-eine-fruehgeburt","title":{"rendered":"Sp\u00e4tfolgen bei Fr\u00fchchen: Diese Auswirkungen sind m\u00f6glich"},"content":{"rendered":"<p>Ein Kind, das zu fr&uuml;h auf die Welt kommt, kann die Auswirkungen sein ganzes Leben lang sp&uuml;ren. Nat&uuml;rlich trifft das nicht auf alle <a href=\"https:\/\/www.babyartikel.de\/magazin\/fruehchen-alles-zur-geburt-zur-entwicklung-und-zur-versorgung-von-fruehgeborenen\">Fr&uuml;hchen<\/a> zu. Betroffen sind meistens Babys mit einem sehr geringen Geburtsgewicht. Ab wann ist ein Kind ein Fr&uuml;hchen und welche k&ouml;rperlichen, sozialen und psychischen Folgen kann eine Fr&uuml;hgeburt haben? In diesem Beitrag gehe ich dem Thema Sp&auml;tfolgen f&uuml;r Fr&uuml;hgeborene auf den Grund.<div id=\"ez-toc-container\" class=\"ez-toc-v2_0_82_2 counter-flat ez-toc-counter ez-toc-white ez-toc-container-direction\">\n<div class=\"ez-toc-title-container\">\n<p class=\"ez-toc-title\" style=\"cursor:inherit\">Inhaltsverzeichnis<\/p>\n<span class=\"ez-toc-title-toggle\"><a href=\"#\" class=\"ez-toc-pull-right ez-toc-btn ez-toc-btn-xs ez-toc-btn-default ez-toc-toggle\" aria-label=\"Toggle Table of Content\"><span class=\"ez-toc-js-icon-con\"><span class=\"\"><span class=\"eztoc-hide\" style=\"display:none;\">Toggle<\/span><span class=\"ez-toc-icon-toggle-span\"><svg style=\"fill: #999;color:#999\" xmlns=\"http:\/\/www.w3.org\/2000\/svg\" class=\"list-377408\" width=\"20px\" height=\"20px\" viewBox=\"0 0 24 24\" fill=\"none\"><path d=\"M6 6H4v2h2V6zm14 0H8v2h12V6zM4 11h2v2H4v-2zm16 0H8v2h12v-2zM4 16h2v2H4v-2zm16 0H8v2h12v-2z\" fill=\"currentColor\"><\/path><\/svg><svg style=\"fill: #999;color:#999\" class=\"arrow-unsorted-368013\" xmlns=\"http:\/\/www.w3.org\/2000\/svg\" width=\"10px\" height=\"10px\" viewBox=\"0 0 24 24\" version=\"1.2\" baseProfile=\"tiny\"><path d=\"M18.2 9.3l-6.2-6.3-6.2 6.3c-.2.2-.3.4-.3.7s.1.5.3.7c.2.2.4.3.7.3h11c.3 0 .5-.1.7-.3.2-.2.3-.5.3-.7s-.1-.5-.3-.7zM5.8 14.7l6.2 6.3 6.2-6.3c.2-.2.3-.5.3-.7s-.1-.5-.3-.7c-.2-.2-.4-.3-.7-.3h-11c-.3 0-.5.1-.7.3-.2.2-.3.5-.3.7s.1.5.3.7z\"\/><\/svg><\/span><\/span><\/span><\/a><\/span><\/div>\n<nav><ul class='ez-toc-list ez-toc-list-level-1 ' ><li class='ez-toc-page-1'><a class=\"ez-toc-link ez-toc-heading-1\" href=\"https:\/\/www.babyartikel.de\/magazin\/spaetfolgen-fuer-fruehgeborene-welche-auswirkungen-hat-eine-fruehgeburt\/#Wann_gilt_ein_Kind_als_%E2%80%9EFruehchen%E2%80%9C\" >Wann gilt ein Kind als &bdquo;Fr&uuml;hchen&ldquo;?<\/a><\/li><li class='ez-toc-page-1'><a class=\"ez-toc-link ez-toc-heading-2\" href=\"https:\/\/www.babyartikel.de\/magazin\/spaetfolgen-fuer-fruehgeborene-welche-auswirkungen-hat-eine-fruehgeburt\/#Fruehchen_und_Spaetfolgen_%E2%80%93_betrifft_das_alle_Fruehgeborenen\" >Fr&uuml;hchen und Sp&auml;tfolgen &ndash; betrifft das alle Fr&uuml;hgeborenen?<\/a><\/li><li class='ez-toc-page-1'><a class=\"ez-toc-link ez-toc-heading-3\" href=\"https:\/\/www.babyartikel.de\/magazin\/spaetfolgen-fuer-fruehgeborene-welche-auswirkungen-hat-eine-fruehgeburt\/#Welche_Spaetfolgen_koennen_auftreten\" >Welche Sp&auml;tfolgen k&ouml;nnen auftreten?<\/a><\/li><li class='ez-toc-page-1'><a class=\"ez-toc-link ez-toc-heading-4\" href=\"https:\/\/www.babyartikel.de\/magazin\/spaetfolgen-fuer-fruehgeborene-welche-auswirkungen-hat-eine-fruehgeburt\/#Was_koennen_Eltern_von_Fruehchen_noch_tun\" >Was k&ouml;nnen Eltern von Fr&uuml;hchen noch tun?<\/a><\/li><li class='ez-toc-page-1'><a class=\"ez-toc-link ez-toc-heading-5\" href=\"https:\/\/www.babyartikel.de\/magazin\/spaetfolgen-fuer-fruehgeborene-welche-auswirkungen-hat-eine-fruehgeburt\/#Fruehgeburten_%E2%80%93_moegliche_Ursachen\" >Fr&uuml;hgeburten &ndash; m&ouml;gliche Ursachen<\/a><\/li><li class='ez-toc-page-1'><a class=\"ez-toc-link ez-toc-heading-6\" href=\"https:\/\/www.babyartikel.de\/magazin\/spaetfolgen-fuer-fruehgeborene-welche-auswirkungen-hat-eine-fruehgeburt\/#Fruehchen_sind_nicht_zu_unterschaetzen\" >Fr&uuml;hchen sind nicht zu untersch&auml;tzen<\/a><\/li><\/ul><\/nav><\/div>\n<h2 class=\"wp-block-heading\" id=\"h-wann-gilt-ein-kind-als-fruhchen\"><span class=\"ez-toc-section\" id=\"Wann_gilt_ein_Kind_als_%E2%80%9EFruehchen%E2%80%9C\"><\/span>Wann gilt ein Kind als &bdquo;Fr&uuml;hchen&ldquo;?<span class=\"ez-toc-section-end\"><\/span><\/h2><p>Eine Schwangerschaft dauert 40 Wochen. Idealerweise bleibt Dein Baby so lange in Deinem Bauch. Kommt es aber vor der vollendeten 37. Schwangerschaftswoche zur Welt, dann ist es ein Fr&uuml;hchen. Laut &bdquo;<a href=\"https:\/\/www.fruehgeborene.de\/index.htm\">Das fr&uuml;hgeborene Kind<\/a>&ldquo; kommen etwa 60.000 Babys pro Jahr zu fr&uuml;h auf die Welt, das ist etwa jedes elfte Kind.<\/p><h2 class=\"wp-block-heading\" id=\"h-fruhchen-und-spatfolgen-betrifft-das-alle-fruhgeborenen\"><span class=\"ez-toc-section\" id=\"Fruehchen_und_Spaetfolgen_%E2%80%93_betrifft_das_alle_Fruehgeborenen\"><\/span>Fr&uuml;hchen und Sp&auml;tfolgen &ndash; betrifft das alle Fr&uuml;hgeborenen?<span class=\"ez-toc-section-end\"><\/span><\/h2><p>Ein Fr&uuml;hchen ist nicht gleich ein Fr&uuml;hchen. Es gibt darunter einige, die wenige Wochen zu fr&uuml;h auf die Welt gekommen sind und auch einige, die extrem fr&uuml;h geboren wurden. <strong>Je sp&auml;ter ein Baby geboren wird und je reifer es ist, umso weniger Sp&auml;tfolgen sind zu bef&uuml;rchten<\/strong>. Zur H&ouml;chstrisikogruppe geh&ouml;ren Kinder, die unter 500 Gramm bei der Geburt wiegen und weniger als 24 Wochen im Mutterleib waren. Denn da ist die Wahrscheinlichkeit gro&szlig;, dass Lunge und Gehirn nicht ausreichend entwickelt sind. Und genau davon h&auml;ngt das Leben des Babys ab. Die &Uuml;berlebenschance liegt hier laut Medizinern bei etwa 60 Prozent. Von den Kindern, die &uuml;berleben, entwickelt sich etwa ein Drittel gut. Ein weiteres Drittel lebt mit mittleren Beeintr&auml;chtigungen und das letzte Drittel mit schweren Beeintr&auml;chtigungen.<\/p><div class=\"marketing-slot\"><div id=\"block-18\" class=\"content-post-widget marketing-slot-1 widget_block\"><a href=\"#\" class=\"newsletter_popup\" style=\"\n  display: inline-block;\n  box-shadow: 0 4px 10px rgba(0,0,0,0.1);\n  margin: 20px auto;\n  max-width: 800px;\n  width: 100%;\">\n  <img src=\"https:\/\/media.babyartikel.de\/magazin\/wp-content\/uploads\/2025\/08\/NL-Banner-Magazin-8-25.webp\" alt=\"Newsletter Banner\" style=\"\n    width: 100%;\n    height: auto;\n    display: block;\" onclick=\"ga('send', 'event', 'banner', 'click', 'magazin-banner-newsletter-8-25');\">\n<\/a>\n\n\t<!-- Modal -->\n\t<div class=\"modal fade modal_popup\" id=\"newsletter_popup\" tabindex=\"-1\" aria-labelledby=\"exampleModalLabel\" aria-hidden=\"true\">\n\t\t<div class=\"modal-dialog modal-dialog-centered modal-dialog-scrollable\">\n\t\t\t<div class=\"modal-content\">\n\t\t\t\t<div class=\"modal-header small-header\">\n\t\t\t\t\t<h5 class=\"modal-title\" id=\"newsletterModalLabel\">\n\t\t\t\t\t\tNewsletter\t\t\t\t\t<\/h5>\n\t\t\t\t\t<button type=\"button\" class=\"btn-close small-close\" data-bs-dismiss=\"modal\" aria-label=\"Close\"><\/button>\n\t\t\t\t<\/div>\n\n\t\t\t\t<div class=\"modal-body\">\n\t\t\t\t\t\t<div class=\"newsletterForm-embed popup-form\">\n        <form name=\"newsletterSubscriptionForm\" id=\"newsletter_popup_69f360f715604_form\" data-newsletter-id=\"newsletter_popup_69f360f715604\" method=\"POST\">\n\n\t\t\t<input type=\"text\" name=\"website\" class=\"hidden\" tabindex=\"-1\" autocomplete=\"off\" style=\"position:absolute;left:-9999px;\">\n\t\t\t<input type=\"hidden\" name=\"ts\" value=\"1777557751\">\n\n\t\t\t                <input type=\"hidden\" name=\"emarsys-event-id\" value=\"3756\">\n            \n            \t\t\t<div class=\"mb-3\">\n\t\t\t\t<label for=\"date\" class=\"form-label\">Geburtstag\/ -termin Deines Babys<\/label>\n                <input type=\"date\" name=\"date\" class=\"input input--expand form-control\" required>\n\t\t\t<\/div>\n            \n\t\t\t<div class=\"mb-3\">\n\t\t\t\t<label for=\"email\" class=\"form-label\">E-Mail-Adresse<\/label>\n\t\t\t\t<input type=\"email\" name=\"email\" placeholder=\"E-Mail-Adresse\" class=\"input input--expand form-control\" required>\n\t\t\t<\/div>\n\n\t\t\t\t\t\t\t<button type=\"submit\" class=\"btn btn-primary\">Absenden<\/button>\n\t\t\t\n\t\t\t\t\t\t\t<div class=\"small mt-3\" style=\"font-weight:normal;\">\n\t\t\t\t\t\n\t\t\t<div class=\"mt-3\">\n\t\t\t\tJa, ich m&ouml;chte den Newsletter von Babyartikel.de erhalten und &uuml;ber Aktionen informiert werden.\n  Dabei darf mein Nutzungsverhalten (z. B. &Ouml;ffnungen und Klicks) zur Personalisierung ausgewertet werden.\n  Mehr finde ich in der <a href=\"\/de\/datenschutz\" style=\"text-decoration:underline\">Datenschutzerkl&auml;rung<\/a>.\n\t\t\t<\/div>\n\t\t\t\t\t\t<\/div>\n\t\t\t\n\t\t\t\t\t\t\t<div class=\"small mb-3 mt-3\" style=\"font-weight:normal;\">\n\t\t\t\t\tJederzeit abbestellbar | <a href=\"\/de\/datenschutz\" style=\"text-decoration:underline\">\n\t\t\t\t\t\tDatenschutzerkl&auml;rung\n\t\t\t\t\t<\/a>\n\t\t\t\t<\/div>\n\t\t\t\n        <\/form>\n    <\/div>\n\t\n\t\t\t\t\t<div class=\"response-messages_newsletter_popup_69f360f715604\">\n\t\t\t\t\t\t<div class=\"alert alert-success success mt-3 mb-3 d-none\">\n\t\t\t\t\t\t\tNur noch ein Klick! Best&auml;tige Deine Anmeldung in der E-Mail, die du gleich erh&auml;ltst.\t\t\t\t\t\t<\/div>\n\t\t\t\t\t\t<div class=\"error mt-3 mb-3 d-none\">\n\t\t\t\t\t\t\t<div class=\"alert alert-danger \">\n\t\t\t\t\t\t\t\tEin Fehler ist aufgetreten. Bitte versuche es sp&auml;ter erneut.\t\t\t\t\t\t\t<\/div>\n\t\t\t\t\t\t<\/div>\n\t\t\t\t\t\t<div class=\"alert alert-danger other-2007 mt-3 mb-3 d-none\">\n\t\t\t\t\t\t\tUng&Atilde;&frac14;ltiges Datumsformat\t\t\t\t\t\t<\/div>\n\t\t\t\t\t<\/div>\n\t\t\t\t<\/div>\n\t\t\t<\/div>\n\t\t<\/div>\n\t<\/div>\n\n\t<\/div><!-- content-widget --><\/div><h2 class=\"wp-block-heading\"><span class=\"ez-toc-section\" id=\"Welche_Spaetfolgen_koennen_auftreten\"><\/span>Welche Sp&auml;tfolgen k&ouml;nnen auftreten?<span class=\"ez-toc-section-end\"><\/span><\/h2><p>Inwiefern Sp&auml;tfolgen f&uuml;r Fr&uuml;hgeborene auftreten, h&auml;ngt von verschiedenen Faktoren ab. Wie bereits geschrieben, spielen Geburtsgewicht und -zeitpunkt eine gro&szlig;e Rolle. Gerade in der Entwicklung brauchen Fr&uuml;hgeborene etwa acht Jahre, um den Entwicklungsvorsprung von Gleichaltrigen aufzuholen. Sind sie etwa drei Jahre alt, ist der Unterschied noch recht gro&szlig;. Mit ca. acht Jahren sind sie ebenso wie ihre reifgeborenen Altersgenossen zu betrachten. Das trifft aber nur dann zu, wenn es nach der Geburt keine Hirnblutungen gab.<\/p><p>Fr&uuml;hchen sind vor allem betroffen von Anpassungsproblemen. Auch sind sie anf&auml;lliger f&uuml;r Infektionen. Sie k&ouml;nnen Probleme mit ihren Nieren bekommen und die Entwicklung von Gehirn und Lungen kann sich verz&ouml;gern. Aber nicht nur k&ouml;rperlich macht sich im sp&auml;teren Leben eine zu fr&uuml;he Geburt bemerkbar. Betroffen sind auch Entwicklungen im<\/p><div class=\"postslot1\">[articles]<link rel=\"stylesheet\" href=\"https:\/\/cdn.jsdelivr.net\/npm\/swiper@8\/swiper-bundle.min.css\"><\/div><div class=\"marketing-slot\"><div id=\"block-25\" class=\"content-post-widget marketing-slot-2 widget_block\"><a href=\"https:\/\/www.babyartikel.de\/de\/angebote\" data-track-link-click=\"true\" data-track-name=\"nyoutlet2026-magazin\" data-track-medium=\"banner-magazin-post\" data-track-campaign=\"magazin-banner-nyoutlet2026\" onclick=\"ga('send', 'event', 'banner', 'click', 'magazin-banner-nyoutlet2026');\" style=\"display:block;width:100%;text-align:center;\"><img src=\"https:\/\/media.babyartikel.de\/magazin\/wp-content\/uploads\/2026\/01\/NY-Outlet-10-2026.webp\" alt=\"Sale\" style=\"max-width:100%;\"><\/a><\/div><!-- content-widget --><\/div><ul class=\"wp-block-list\">\n<li>kognitiven Bereich (beispielsweise die sp&auml;tere Leistung in der Schule)<\/li>\n\n\n\n<li>emotionalen Bereich (tendenziell scheues und vorsichtiges Verhalten, werden leichter zu Mobbingopferm)<\/li>\n\n\n\n<li>sozialen Bereich (Schwierigkeiten bei der Partnerfindung)<\/li>\n<\/ul><p>Es gibt Studien, die die genannten Punkte auch belegen. So haben zum Beispiel Forscher der University of Warwick herausgefunden, dass Kinder, die zu fr&uuml;h geboren wurden, als Erwachsene oft weniger verdienen. Sie weisen eine schlechtere Bildung auf und die schulischen Leistungen, vor allem im <a href=\"https:\/\/pubmed.ncbi.nlm.nih.gov\/26324513\/\">mathematischen Bereich<\/a>, waren schlechter.<\/p><p>Eine <a href=\"https:\/\/publications.aap.org\/pediatrics\/article-abstract\/137\/3\/e20153383\/81437\/Long-term-Psychiatric-Impact-of-Peer-Victimization?redirectedFrom=fulltext\">andere Untersuchung<\/a> zeigt, dass Fr&uuml;hchen h&auml;ufiger gemobbt werden. Diese Kinder fielen den Angriffen gleichaltriger Schu&uuml;ler zum Opfer und entwickelten dadurch h&auml;ufiger psychische Probleme als Erwachsene. Das Risiko, an Depressionen, ADHS oder Angstst&ouml;rungen zu erkranken, ist doppelt so hoch.<\/p><p>Deshalb ist es laut Forschern ganz wichtig, dass Eltern ihre fr&uuml;hgeborenen Kinder in ihrer sozialen Entwicklung besonders gut beobachten. Wird Mobbing nicht unterbunden, kann das zu langfristigen psychischen St&ouml;rungen f&uuml;hren.<\/p><h2 class=\"wp-block-heading\"><span class=\"ez-toc-section\" id=\"Was_koennen_Eltern_von_Fruehchen_noch_tun\"><\/span>Was k&ouml;nnen Eltern von Fr&uuml;hchen noch tun?<span class=\"ez-toc-section-end\"><\/span><\/h2><p>Auch nach der Entlassung aus dem Krankenhaus werden Fr&uuml;hchen engmaschig betreut. So wird sichergestellt, dass schnelle Hilfe da ist, wenn Entwicklungsverz&ouml;gerungen auftreten. Fr&uuml;hgeborene sind tendenziell h&auml;ufiger auf therapeutische Hilfe angewiesen. Ihnen wird zum Beispiel Ergotherapie, Krankengymnastik oder Logop&auml;die zur Unterst&uuml;tzung ihrer Entwicklung angeboten. Als Eltern k&ouml;nnt Ihr Euer Kind zus&auml;tzlich unterst&uuml;tzen, indem Ihr<\/p><ul class=\"wp-block-list\">\n<li>Euer Kind zu einer Musiktherapie anmeldet, denn Musik hat eine ausgleichende und heilende Wirkung,<\/li>\n\n\n\n<li>an einem H&ouml;rtest teilnehmt, damit H&ouml;rst&ouml;rungen rechtzeitig erkannt und Problemen in der Sprachentwicklung entgegengewirkt werden kann,<\/li>\n\n\n\n<li>das Kind gegen Pneumokkoken und Influenza impfen lasst, unabh&auml;ngig vom Geburtsgewicht (<a href=\"https:\/\/www.rki.de\/DE\/Content\/Kommissionen\/STIKO\/Empfehlungen\/Impfempfehlungen_node.html\">Empfehlung des Robert-Koch-Instituts<\/a>),<\/li>\n\n\n\n<li>Kontakt mit dem <a href=\"https:\/\/behinderung.org\/fruehfoerderstellen-bundesweit.htm\">Fachdienst der Fr&uuml;hf&ouml;rderung<\/a> Eures jeweiligen Bundeslandes aufnehmt, um Hilfe bei der Erziehung und Entwicklung des Kindes zu bekommen.<\/li>\n<\/ul><h2 class=\"wp-block-heading\"><span class=\"ez-toc-section\" id=\"Fruehgeburten_%E2%80%93_moegliche_Ursachen\"><\/span>Fr&uuml;hgeburten &ndash; m&ouml;gliche Ursachen<span class=\"ez-toc-section-end\"><\/span><\/h2><p>Eine Fr&uuml;hgeburt kann durch verschiedene Risikofaktoren beg&uuml;nstigt werden. geh&ouml;ren das Rauchen, hoher Blutdruck, etwas h&ouml;heres Alter der Mutter oder Stress. Oft ist auch gar nicht klar, warum es zu einer fr&uuml;hzeitigen Geburt gekommen ist. <\/p><h2 class=\"wp-block-heading\"><span class=\"ez-toc-section\" id=\"Fruehchen_sind_nicht_zu_unterschaetzen\"><\/span>Fr&uuml;hchen sind nicht zu untersch&auml;tzen<span class=\"ez-toc-section-end\"><\/span><\/h2><p>Nat&uuml;rlich bedeutet ein Fr&uuml;hchen nicht automatisch auch Sp&auml;tfolgen. Und Sp&auml;tfolgen bedeuten auch nicht, dass das Kind schwerstbehindert sein wird. Es gibt Kinder, die kaum Einschr&auml;nkungen haben oder so wenig, dass diese im Alltag nicht st&ouml;ren. Dann gibt es Fr&uuml;hchen, die als Erwachsene hochintelligent sind und ein erfolgreiches Studium hinter sich bringen. Als Mama wei&szlig; ich, dass dieser Artikel Angst machen kann und Deine Sorgen jetzt vielleicht noch gr&ouml;&szlig;er sind. <strong>Was ich Dir mit dem Artikel aber sagen m&ouml;chte, ist, dass es Sp&auml;tfolgen geben kann, Ihr aber mit diesen nicht alleine seid<\/strong>.<\/p><div class=\"credits-overlay\" data-target=\".wp-image-864448\"><a href=\"#\" target=\"_blank\">&copy; satura_ &ndash; stock.adobe<\/a><\/div><\/p>\n","protected":false},"excerpt":{"rendered":"<p>Ein Kind, das zu fr&uuml;h auf die Welt kommt, kann die Auswirkungen sein ganzes Leben lang sp&uuml;ren. Nat&uuml;rlich trifft das nicht auf alle Fr&uuml;hchen zu. Betroffen sind meistens Babys mit einem sehr geringen Geburtsgewicht. Ab wann ist ein Kind ein Fr&uuml;hchen und welche k&ouml;rperlichen, sozialen und psychischen Folgen kann eine Fr&uuml;hgeburt haben? In diesem Beitrag [&#8230;]<\/p>\n<p><a class=\"btn btn-secondary understrap-read-more-link\" href=\"https:\/\/www.babyartikel.de\/magazin\/spaetfolgen-fuer-fruehgeborene-welche-auswirkungen-hat-eine-fruehgeburt\">Weiterlesen&#8230;<\/a><\/p>\n","protected":false},"author":57,"featured_media":864448,"comment_status":"open","ping_status":"closed","sticky":false,"template":"","format":"standard","meta":{"_acf_changed":false,"footnotes":""},"categories":[2820,2818],"tags":[3404],"class_list":["post-855612","post","type-post","status-publish","format-standard","has-post-thumbnail","hentry","category-leben-mit-baby","category-pflege-gesundheit","tag-fruehchen"],"acf":[],"yoast_head":"<!-- This site is optimized with the Yoast SEO Premium plugin v27.2 (Yoast SEO v27.2) - https:\/\/yoast.com\/product\/yoast-seo-premium-wordpress\/ -->\n<title>M\u00f6gliche Sp\u00e4tfolgen bei Fr\u00fchchen | Babyartikel.de Magazin<\/title>\n<meta name=\"description\" content=\"Nicht immer, aber oft haben Fr\u00fchchen mit Sp\u00e4tfolgen zu k\u00e4mpfen. Lies hier, welche das sind und wo Ihr als Eltern Hilfe findet\" \/>\n<meta name=\"robots\" content=\"index, follow, max-snippet:-1, max-image-preview:large, max-video-preview:-1\" \/>\n<link rel=\"canonical\" href=\"https:\/\/www.babyartikel.de\/magazin\/spaetfolgen-fuer-fruehgeborene-welche-auswirkungen-hat-eine-fruehgeburt\" \/>\n<meta property=\"og:locale\" content=\"de_DE\" \/>\n<meta property=\"og:type\" content=\"article\" \/>\n<meta property=\"og:title\" content=\"Sp\u00e4tfolgen bei Fr\u00fchchen: Diese Auswirkungen sind m\u00f6glich\" \/>\n<meta property=\"og:description\" content=\"Nicht immer, aber oft haben Fr\u00fchchen mit Sp\u00e4tfolgen zu k\u00e4mpfen. Lies hier, welche das sind und wo Ihr als Eltern Hilfe findet\" \/>\n<meta property=\"og:url\" content=\"https:\/\/www.babyartikel.de\/magazin\/spaetfolgen-fuer-fruehgeborene-welche-auswirkungen-hat-eine-fruehgeburt\" \/>\n<meta property=\"og:site_name\" content=\"Babyartikel.de Magazin\" \/>\n<meta property=\"article:author\" content=\"www.facebook.com\/mamapremiere\" \/>\n<meta property=\"article:published_time\" content=\"2022-08-17T05:53:00+00:00\" \/>\n<meta property=\"article:modified_time\" content=\"2025-03-03T12:48:09+00:00\" \/>\n<meta property=\"og:image\" content=\"https:\/\/cdn.magazin.babyartikel.de\/magazin\/wp-content\/uploads\/2022\/08\/Spaetfolgen-fruehgeborene.jpg\" \/>\n\t<meta property=\"og:image:width\" content=\"1050\" \/>\n\t<meta property=\"og:image:height\" content=\"549\" \/>\n\t<meta property=\"og:image:type\" content=\"image\/jpeg\" \/>\n<meta name=\"author\" content=\"Simone\" \/>\n<meta name=\"twitter:card\" content=\"summary_large_image\" \/>\n<meta name=\"twitter:creator\" content=\"@mamapremiere\" \/>\n<meta name=\"twitter:label1\" content=\"Verfasst von\" \/>\n\t<meta name=\"twitter:data1\" content=\"Simone\" \/>\n\t<meta name=\"twitter:label2\" content=\"Gesch\u00e4tzte Lesezeit\" \/>\n\t<meta name=\"twitter:data2\" content=\"5\u00a0Minuten\" \/>\n<script type=\"application\/ld+json\" class=\"yoast-schema-graph\">{\"@context\":\"https:\/\/schema.org\",\"@graph\":[{\"@type\":\"Article\",\"@id\":\"https:\/\/www.babyartikel.de\/magazin\/spaetfolgen-fuer-fruehgeborene-welche-auswirkungen-hat-eine-fruehgeburt#article\",\"isPartOf\":{\"@id\":\"https:\/\/www.babyartikel.de\/magazin\/spaetfolgen-fuer-fruehgeborene-welche-auswirkungen-hat-eine-fruehgeburt\"},\"author\":{\"name\":\"Simone\",\"@id\":\"https:\/\/www.babyartikel.de\/magazin\/#\/schema\/person\/de23436078078f4dc28107852c8d5687\"},\"headline\":\"Sp\u00e4tfolgen bei Fr\u00fchchen: Diese Auswirkungen sind m\u00f6glich\",\"datePublished\":\"2022-08-17T05:53:00+00:00\",\"dateModified\":\"2025-03-03T12:48:09+00:00\",\"mainEntityOfPage\":{\"@id\":\"https:\/\/www.babyartikel.de\/magazin\/spaetfolgen-fuer-fruehgeborene-welche-auswirkungen-hat-eine-fruehgeburt\"},\"wordCount\":875,\"commentCount\":18,\"image\":{\"@id\":\"https:\/\/www.babyartikel.de\/magazin\/spaetfolgen-fuer-fruehgeborene-welche-auswirkungen-hat-eine-fruehgeburt#primaryimage\"},\"thumbnailUrl\":\"https:\/\/media.babyartikel.de\/magazin\/wp-content\/uploads\/2022\/08\/spaetfolgen_fuer_fruehgeborene.jpg\",\"keywords\":[\"fr\u00fchchen\"],\"articleSection\":[\"Leben mit Baby\",\"Pflege &amp; Gesundheit\"],\"inLanguage\":\"de\",\"potentialAction\":[{\"@type\":\"CommentAction\",\"name\":\"Comment\",\"target\":[\"https:\/\/www.babyartikel.de\/magazin\/spaetfolgen-fuer-fruehgeborene-welche-auswirkungen-hat-eine-fruehgeburt#respond\"]}]},{\"@type\":\"WebPage\",\"@id\":\"https:\/\/www.babyartikel.de\/magazin\/spaetfolgen-fuer-fruehgeborene-welche-auswirkungen-hat-eine-fruehgeburt\",\"url\":\"https:\/\/www.babyartikel.de\/magazin\/spaetfolgen-fuer-fruehgeborene-welche-auswirkungen-hat-eine-fruehgeburt\",\"name\":\"M\u00f6gliche Sp\u00e4tfolgen bei Fr\u00fchchen | Babyartikel.de Magazin\",\"isPartOf\":{\"@id\":\"https:\/\/www.babyartikel.de\/magazin\/#website\"},\"primaryImageOfPage\":{\"@id\":\"https:\/\/www.babyartikel.de\/magazin\/spaetfolgen-fuer-fruehgeborene-welche-auswirkungen-hat-eine-fruehgeburt#primaryimage\"},\"image\":{\"@id\":\"https:\/\/www.babyartikel.de\/magazin\/spaetfolgen-fuer-fruehgeborene-welche-auswirkungen-hat-eine-fruehgeburt#primaryimage\"},\"thumbnailUrl\":\"https:\/\/media.babyartikel.de\/magazin\/wp-content\/uploads\/2022\/08\/spaetfolgen_fuer_fruehgeborene.jpg\",\"datePublished\":\"2022-08-17T05:53:00+00:00\",\"dateModified\":\"2025-03-03T12:48:09+00:00\",\"author\":{\"@id\":\"https:\/\/www.babyartikel.de\/magazin\/#\/schema\/person\/de23436078078f4dc28107852c8d5687\"},\"description\":\"Nicht immer, aber oft haben Fr\u00fchchen mit Sp\u00e4tfolgen zu k\u00e4mpfen. Lies hier, welche das sind und wo Ihr als Eltern Hilfe findet\",\"breadcrumb\":{\"@id\":\"https:\/\/www.babyartikel.de\/magazin\/spaetfolgen-fuer-fruehgeborene-welche-auswirkungen-hat-eine-fruehgeburt#breadcrumb\"},\"inLanguage\":\"de\",\"potentialAction\":[{\"@type\":\"ReadAction\",\"target\":[\"https:\/\/www.babyartikel.de\/magazin\/spaetfolgen-fuer-fruehgeborene-welche-auswirkungen-hat-eine-fruehgeburt\"]}]},{\"@type\":\"ImageObject\",\"inLanguage\":\"de\",\"@id\":\"https:\/\/www.babyartikel.de\/magazin\/spaetfolgen-fuer-fruehgeborene-welche-auswirkungen-hat-eine-fruehgeburt#primaryimage\",\"url\":\"https:\/\/media.babyartikel.de\/magazin\/wp-content\/uploads\/2022\/08\/spaetfolgen_fuer_fruehgeborene.jpg\",\"contentUrl\":\"https:\/\/media.babyartikel.de\/magazin\/wp-content\/uploads\/2022\/08\/spaetfolgen_fuer_fruehgeborene.jpg\",\"width\":1749,\"height\":1166,\"caption\":\"kleinkind mit h\u00f6rger\u00e4t, sp\u00e4tfolgen f\u00fcr fr\u00fchgeborene\"},{\"@type\":\"BreadcrumbList\",\"@id\":\"https:\/\/www.babyartikel.de\/magazin\/spaetfolgen-fuer-fruehgeborene-welche-auswirkungen-hat-eine-fruehgeburt#breadcrumb\",\"itemListElement\":[{\"@type\":\"ListItem\",\"position\":1,\"name\":\"Startseite\",\"item\":\"https:\/\/www.babyartikel.de\/magazin\"},{\"@type\":\"ListItem\",\"position\":2,\"name\":\"Sp\u00e4tfolgen bei Fr\u00fchchen: Diese Auswirkungen sind m\u00f6glich\"}]},{\"@type\":\"WebSite\",\"@id\":\"https:\/\/www.babyartikel.de\/magazin\/#website\",\"url\":\"https:\/\/www.babyartikel.de\/magazin\/\",\"name\":\"Babyartikel.de Magazin\",\"description\":\"\",\"potentialAction\":[{\"@type\":\"SearchAction\",\"target\":{\"@type\":\"EntryPoint\",\"urlTemplate\":\"https:\/\/www.babyartikel.de\/magazin\/?s={search_term_string}\"},\"query-input\":{\"@type\":\"PropertyValueSpecification\",\"valueRequired\":true,\"valueName\":\"search_term_string\"}}],\"inLanguage\":\"de\"},{\"@type\":\"Person\",\"@id\":\"https:\/\/www.babyartikel.de\/magazin\/#\/schema\/person\/de23436078078f4dc28107852c8d5687\",\"name\":\"Simone\",\"image\":{\"@type\":\"ImageObject\",\"inLanguage\":\"de\",\"@id\":\"https:\/\/secure.gravatar.com\/avatar\/fb3df32d53b52d8a53f13e8f1ea4b106b1b17c5e9e2c5b9960b90519c8533492?s=96&d=mm&r=g\",\"url\":\"https:\/\/secure.gravatar.com\/avatar\/fb3df32d53b52d8a53f13e8f1ea4b106b1b17c5e9e2c5b9960b90519c8533492?s=96&d=mm&r=g\",\"contentUrl\":\"https:\/\/secure.gravatar.com\/avatar\/fb3df32d53b52d8a53f13e8f1ea4b106b1b17c5e9e2c5b9960b90519c8533492?s=96&d=mm&r=g\",\"caption\":\"Simone\"},\"description\":\"Von einer Gro\u00dfstadtliebhaberin in Bayern zur Mama \\\"auf'm L\u00e4ndle\\\"... Im Januar 2015 kam mein Sohn zur Welt, im Sommer 2016 wude geheiratet und im August 2017 machte uns ein kleines M\u00e4dchen (vorerst) komplett. Mit den dreien lebe ich in Baden-W\u00fcrttemberg und wenn ich nicht gerade mit Mann, Kind, Haushalt und meiner Arbeit besch\u00e4ftigt bin, dann blogge ich \u00fcber mein Leben als Mama :)\",\"sameAs\":[\"www.facebook.com\/mamapremiere\",\"https:\/\/x.com\/mamapremiere\"],\"url\":\"https:\/\/www.babyartikel.de\/magazin\/author\/simone-nestvogel\"}]}<\/script>\n<!-- \/ Yoast SEO Premium plugin. -->","yoast_head_json":{"title":"M\u00f6gliche Sp\u00e4tfolgen bei Fr\u00fchchen | Babyartikel.de Magazin","description":"Nicht immer, aber oft haben Fr\u00fchchen mit Sp\u00e4tfolgen zu k\u00e4mpfen. Lies hier, welche das sind und wo Ihr als Eltern Hilfe findet","robots":{"index":"index","follow":"follow","max-snippet":"max-snippet:-1","max-image-preview":"max-image-preview:large","max-video-preview":"max-video-preview:-1"},"canonical":"https:\/\/www.babyartikel.de\/magazin\/spaetfolgen-fuer-fruehgeborene-welche-auswirkungen-hat-eine-fruehgeburt","og_locale":"de_DE","og_type":"article","og_title":"Sp\u00e4tfolgen bei Fr\u00fchchen: Diese Auswirkungen sind m\u00f6glich","og_description":"Nicht immer, aber oft haben Fr\u00fchchen mit Sp\u00e4tfolgen zu k\u00e4mpfen. Lies hier, welche das sind und wo Ihr als Eltern Hilfe findet","og_url":"https:\/\/www.babyartikel.de\/magazin\/spaetfolgen-fuer-fruehgeborene-welche-auswirkungen-hat-eine-fruehgeburt","og_site_name":"Babyartikel.de Magazin","article_author":"www.facebook.com\/mamapremiere","article_published_time":"2022-08-17T05:53:00+00:00","article_modified_time":"2025-03-03T12:48:09+00:00","og_image":[{"width":1050,"height":549,"url":"https:\/\/cdn.magazin.babyartikel.de\/magazin\/wp-content\/uploads\/2022\/08\/Spaetfolgen-fruehgeborene.jpg","type":"image\/jpeg"}],"author":"Simone","twitter_card":"summary_large_image","twitter_creator":"@mamapremiere","twitter_misc":{"Verfasst von":"Simone","Gesch\u00e4tzte Lesezeit":"5\u00a0Minuten"},"schema":{"@context":"https:\/\/schema.org","@graph":[{"@type":"Article","@id":"https:\/\/www.babyartikel.de\/magazin\/spaetfolgen-fuer-fruehgeborene-welche-auswirkungen-hat-eine-fruehgeburt#article","isPartOf":{"@id":"https:\/\/www.babyartikel.de\/magazin\/spaetfolgen-fuer-fruehgeborene-welche-auswirkungen-hat-eine-fruehgeburt"},"author":{"name":"Simone","@id":"https:\/\/www.babyartikel.de\/magazin\/#\/schema\/person\/de23436078078f4dc28107852c8d5687"},"headline":"Sp\u00e4tfolgen bei Fr\u00fchchen: Diese Auswirkungen sind m\u00f6glich","datePublished":"2022-08-17T05:53:00+00:00","dateModified":"2025-03-03T12:48:09+00:00","mainEntityOfPage":{"@id":"https:\/\/www.babyartikel.de\/magazin\/spaetfolgen-fuer-fruehgeborene-welche-auswirkungen-hat-eine-fruehgeburt"},"wordCount":875,"commentCount":18,"image":{"@id":"https:\/\/www.babyartikel.de\/magazin\/spaetfolgen-fuer-fruehgeborene-welche-auswirkungen-hat-eine-fruehgeburt#primaryimage"},"thumbnailUrl":"https:\/\/media.babyartikel.de\/magazin\/wp-content\/uploads\/2022\/08\/spaetfolgen_fuer_fruehgeborene.jpg","keywords":["fr\u00fchchen"],"articleSection":["Leben mit Baby","Pflege &amp; Gesundheit"],"inLanguage":"de","potentialAction":[{"@type":"CommentAction","name":"Comment","target":["https:\/\/www.babyartikel.de\/magazin\/spaetfolgen-fuer-fruehgeborene-welche-auswirkungen-hat-eine-fruehgeburt#respond"]}]},{"@type":"WebPage","@id":"https:\/\/www.babyartikel.de\/magazin\/spaetfolgen-fuer-fruehgeborene-welche-auswirkungen-hat-eine-fruehgeburt","url":"https:\/\/www.babyartikel.de\/magazin\/spaetfolgen-fuer-fruehgeborene-welche-auswirkungen-hat-eine-fruehgeburt","name":"M\u00f6gliche Sp\u00e4tfolgen bei Fr\u00fchchen | Babyartikel.de Magazin","isPartOf":{"@id":"https:\/\/www.babyartikel.de\/magazin\/#website"},"primaryImageOfPage":{"@id":"https:\/\/www.babyartikel.de\/magazin\/spaetfolgen-fuer-fruehgeborene-welche-auswirkungen-hat-eine-fruehgeburt#primaryimage"},"image":{"@id":"https:\/\/www.babyartikel.de\/magazin\/spaetfolgen-fuer-fruehgeborene-welche-auswirkungen-hat-eine-fruehgeburt#primaryimage"},"thumbnailUrl":"https:\/\/media.babyartikel.de\/magazin\/wp-content\/uploads\/2022\/08\/spaetfolgen_fuer_fruehgeborene.jpg","datePublished":"2022-08-17T05:53:00+00:00","dateModified":"2025-03-03T12:48:09+00:00","author":{"@id":"https:\/\/www.babyartikel.de\/magazin\/#\/schema\/person\/de23436078078f4dc28107852c8d5687"},"description":"Nicht immer, aber oft haben Fr\u00fchchen mit Sp\u00e4tfolgen zu k\u00e4mpfen. Lies hier, welche das sind und wo Ihr als Eltern Hilfe findet","breadcrumb":{"@id":"https:\/\/www.babyartikel.de\/magazin\/spaetfolgen-fuer-fruehgeborene-welche-auswirkungen-hat-eine-fruehgeburt#breadcrumb"},"inLanguage":"de","potentialAction":[{"@type":"ReadAction","target":["https:\/\/www.babyartikel.de\/magazin\/spaetfolgen-fuer-fruehgeborene-welche-auswirkungen-hat-eine-fruehgeburt"]}]},{"@type":"ImageObject","inLanguage":"de","@id":"https:\/\/www.babyartikel.de\/magazin\/spaetfolgen-fuer-fruehgeborene-welche-auswirkungen-hat-eine-fruehgeburt#primaryimage","url":"https:\/\/media.babyartikel.de\/magazin\/wp-content\/uploads\/2022\/08\/spaetfolgen_fuer_fruehgeborene.jpg","contentUrl":"https:\/\/media.babyartikel.de\/magazin\/wp-content\/uploads\/2022\/08\/spaetfolgen_fuer_fruehgeborene.jpg","width":1749,"height":1166,"caption":"kleinkind mit h\u00f6rger\u00e4t, sp\u00e4tfolgen f\u00fcr fr\u00fchgeborene"},{"@type":"BreadcrumbList","@id":"https:\/\/www.babyartikel.de\/magazin\/spaetfolgen-fuer-fruehgeborene-welche-auswirkungen-hat-eine-fruehgeburt#breadcrumb","itemListElement":[{"@type":"ListItem","position":1,"name":"Startseite","item":"https:\/\/www.babyartikel.de\/magazin"},{"@type":"ListItem","position":2,"name":"Sp\u00e4tfolgen bei Fr\u00fchchen: Diese Auswirkungen sind m\u00f6glich"}]},{"@type":"WebSite","@id":"https:\/\/www.babyartikel.de\/magazin\/#website","url":"https:\/\/www.babyartikel.de\/magazin\/","name":"Babyartikel.de Magazin","description":"","potentialAction":[{"@type":"SearchAction","target":{"@type":"EntryPoint","urlTemplate":"https:\/\/www.babyartikel.de\/magazin\/?s={search_term_string}"},"query-input":{"@type":"PropertyValueSpecification","valueRequired":true,"valueName":"search_term_string"}}],"inLanguage":"de"},{"@type":"Person","@id":"https:\/\/www.babyartikel.de\/magazin\/#\/schema\/person\/de23436078078f4dc28107852c8d5687","name":"Simone","image":{"@type":"ImageObject","inLanguage":"de","@id":"https:\/\/secure.gravatar.com\/avatar\/fb3df32d53b52d8a53f13e8f1ea4b106b1b17c5e9e2c5b9960b90519c8533492?s=96&d=mm&r=g","url":"https:\/\/secure.gravatar.com\/avatar\/fb3df32d53b52d8a53f13e8f1ea4b106b1b17c5e9e2c5b9960b90519c8533492?s=96&d=mm&r=g","contentUrl":"https:\/\/secure.gravatar.com\/avatar\/fb3df32d53b52d8a53f13e8f1ea4b106b1b17c5e9e2c5b9960b90519c8533492?s=96&d=mm&r=g","caption":"Simone"},"description":"Von einer Gro\u00dfstadtliebhaberin in Bayern zur Mama \"auf'm L\u00e4ndle\"... Im Januar 2015 kam mein Sohn zur Welt, im Sommer 2016 wude geheiratet und im August 2017 machte uns ein kleines M\u00e4dchen (vorerst) komplett. Mit den dreien lebe ich in Baden-W\u00fcrttemberg und wenn ich nicht gerade mit Mann, Kind, Haushalt und meiner Arbeit besch\u00e4ftigt bin, dann blogge ich \u00fcber mein Leben als Mama :)","sameAs":["www.facebook.com\/mamapremiere","https:\/\/x.com\/mamapremiere"],"url":"https:\/\/www.babyartikel.de\/magazin\/author\/simone-nestvogel"}]}},"abstract_sku":"","_links":{"self":[{"href":"https:\/\/www.babyartikel.de\/magazin\/wp-json\/wp\/v2\/posts\/855612","targetHints":{"allow":["GET"]}}],"collection":[{"href":"https:\/\/www.babyartikel.de\/magazin\/wp-json\/wp\/v2\/posts"}],"about":[{"href":"https:\/\/www.babyartikel.de\/magazin\/wp-json\/wp\/v2\/types\/post"}],"author":[{"embeddable":true,"href":"https:\/\/www.babyartikel.de\/magazin\/wp-json\/wp\/v2\/users\/57"}],"replies":[{"embeddable":true,"href":"https:\/\/www.babyartikel.de\/magazin\/wp-json\/wp\/v2\/comments?post=855612"}],"version-history":[{"count":6,"href":"https:\/\/www.babyartikel.de\/magazin\/wp-json\/wp\/v2\/posts\/855612\/revisions"}],"predecessor-version":[{"id":958771,"href":"https:\/\/www.babyartikel.de\/magazin\/wp-json\/wp\/v2\/posts\/855612\/revisions\/958771"}],"wp:featuredmedia":[{"embeddable":true,"href":"https:\/\/www.babyartikel.de\/magazin\/wp-json\/wp\/v2\/media\/864448"}],"wp:attachment":[{"href":"https:\/\/www.babyartikel.de\/magazin\/wp-json\/wp\/v2\/media?parent=855612"}],"wp:term":[{"taxonomy":"category","embeddable":true,"href":"https:\/\/www.babyartikel.de\/magazin\/wp-json\/wp\/v2\/categories?post=855612"},{"taxonomy":"post_tag","embeddable":true,"href":"https:\/\/www.babyartikel.de\/magazin\/wp-json\/wp\/v2\/tags?post=855612"}],"curies":[{"name":"wp","href":"https:\/\/api.w.org\/{rel}","templated":true}]}}