
{"id":859531,"date":"2022-06-15T06:37:00","date_gmt":"2022-06-15T04:37:00","guid":{"rendered":"https:\/\/www.babyartikel.de\/magazin\/?p=859531"},"modified":"2025-09-30T12:17:36","modified_gmt":"2025-09-30T10:17:36","slug":"hauck-walk-n-care-test","status":"publish","type":"post","link":"https:\/\/www.babyartikel.de\/magazin\/hauck-walk-n-care-test","title":{"rendered":"Hauck Walk N Care Test &#8211; Kombi-Kinderwagen mit besonderen Extras"},"content":{"rendered":"<p>Gerade auf den Markt gekommen und schon f&uuml;r Dich getestet: <strong>Der <a href=\"https:\/\/www.babyartikel.de\/prod\/hauck-kombi-kinderwagen-walk-n-care-set-inkl-babywanne-sportsitz-beindecke-und-getrankehalter-bis-22kg-belastbar-dark-blue\">Walk N Care Kombi-Kinderwagen <\/a>von Hauck.<\/strong> Was der Kinderwagen Dir alles bietet und welche besonderen Extras er im Gep&auml;ck hat, das erf&auml;hrst Du in unserem gro&szlig;en Hauck Walk N Care Test. <br><strong>Spoiler:<\/strong> <strong>Der Sportsitz kann etwas ganz Besonderes! Dazu sp&auml;ter mehr.<\/strong><div id=\"ez-toc-container\" class=\"ez-toc-v2_0_82_2 counter-flat ez-toc-counter ez-toc-white ez-toc-container-direction\">\n<div class=\"ez-toc-title-container\">\n<p class=\"ez-toc-title\" style=\"cursor:inherit\">Inhaltsverzeichnis<\/p>\n<span class=\"ez-toc-title-toggle\"><a href=\"#\" class=\"ez-toc-pull-right ez-toc-btn ez-toc-btn-xs ez-toc-btn-default ez-toc-toggle\" aria-label=\"Toggle Table of Content\"><span class=\"ez-toc-js-icon-con\"><span class=\"\"><span class=\"eztoc-hide\" style=\"display:none;\">Toggle<\/span><span class=\"ez-toc-icon-toggle-span\"><svg style=\"fill: #999;color:#999\" xmlns=\"http:\/\/www.w3.org\/2000\/svg\" class=\"list-377408\" width=\"20px\" height=\"20px\" viewBox=\"0 0 24 24\" fill=\"none\"><path d=\"M6 6H4v2h2V6zm14 0H8v2h12V6zM4 11h2v2H4v-2zm16 0H8v2h12v-2zM4 16h2v2H4v-2zm16 0H8v2h12v-2z\" fill=\"currentColor\"><\/path><\/svg><svg style=\"fill: #999;color:#999\" class=\"arrow-unsorted-368013\" xmlns=\"http:\/\/www.w3.org\/2000\/svg\" width=\"10px\" height=\"10px\" viewBox=\"0 0 24 24\" version=\"1.2\" baseProfile=\"tiny\"><path d=\"M18.2 9.3l-6.2-6.3-6.2 6.3c-.2.2-.3.4-.3.7s.1.5.3.7c.2.2.4.3.7.3h11c.3 0 .5-.1.7-.3.2-.2.3-.5.3-.7s-.1-.5-.3-.7zM5.8 14.7l6.2 6.3 6.2-6.3c.2-.2.3-.5.3-.7s-.1-.5-.3-.7c-.2-.2-.4-.3-.7-.3h-11c-.3 0-.5.1-.7.3-.2.2-.3.5-.3.7s.1.5.3.7z\"\/><\/svg><\/span><\/span><\/span><\/a><\/span><\/div>\n<nav><ul class='ez-toc-list ez-toc-list-level-1 ' ><li class='ez-toc-page-1'><a class=\"ez-toc-link ez-toc-heading-1\" href=\"https:\/\/www.babyartikel.de\/magazin\/hauck-walk-n-care-test\/#Aufbau_und_Verpackung\" >Aufbau und Verpackung<\/a><\/li><li class='ez-toc-page-1'><a class=\"ez-toc-link ez-toc-heading-2\" href=\"https:\/\/www.babyartikel.de\/magazin\/hauck-walk-n-care-test\/#Babywanne_Komfortabel_mit_tollen_Features\" >Babywanne: Komfortabel mit tollen Features<\/a><\/li><li class='ez-toc-page-1'><a class=\"ez-toc-link ez-toc-heading-3\" href=\"https:\/\/www.babyartikel.de\/magazin\/hauck-walk-n-care-test\/#Das_Gestell_%E2%80%93_robust_und_bestaendig\" >Das Gestell &ndash; robust und best&auml;ndig<\/a><\/li><li class='ez-toc-page-1'><a class=\"ez-toc-link ez-toc-heading-4\" href=\"https:\/\/www.babyartikel.de\/magazin\/hauck-walk-n-care-test\/#Der_Sportsitz_Mit_einem_ganz_besonderen_Extra\" >Der Sportsitz: Mit einem ganz besonderen Extra<\/a><\/li><li class='ez-toc-page-1'><a class=\"ez-toc-link ez-toc-heading-5\" href=\"https:\/\/www.babyartikel.de\/magazin\/hauck-walk-n-care-test\/#Das_Zusammenklappen_%E2%80%93_eine_Sache_fuer_sich_oder_doch_ganz_einfach\" >Das Zusammenklappen &ndash; eine Sache f&uuml;r sich oder doch ganz einfach<\/a><\/li><li class='ez-toc-page-1'><a class=\"ez-toc-link ez-toc-heading-6\" href=\"https:\/\/www.babyartikel.de\/magazin\/hauck-walk-n-care-test\/#Video_Hauck_Walk_N_Care_im_Test\" >Video: Hauck Walk N Care im Test<\/a><\/li><li class='ez-toc-page-1'><a class=\"ez-toc-link ez-toc-heading-7\" href=\"https:\/\/www.babyartikel.de\/magazin\/hauck-walk-n-care-test\/#Hauck_Walk_N_Care_Test_Fazit_und_Preis-Leistung\" >Hauck Walk N Care Test: Fazit und Preis-Leistung<\/a><\/li><\/ul><\/nav><\/div>\n<h2 class=\"wp-block-heading\" id=\"h-aufbau-und-verpackung\"><span class=\"ez-toc-section\" id=\"Aufbau_und_Verpackung\"><\/span>Aufbau und Verpackung<span class=\"ez-toc-section-end\"><\/span><\/h2><h3 class=\"wp-block-heading\" id=\"h-klein-und-kompakt-verpackt\">Klein und kompakt verpackt<\/h3><p>Der Walk N Care kommt in einem schmalen Paket bei uns an. Schon fast so kompakt verpackt, dass wir uns wunderten, ob da wirklich ein Kinderwagen drin steckt. Aber siehe da: Das <strong>Gestell und der Sportsitz sind platzsparend verstaut<\/strong> &ndash; bei der durchdachten Verpackung wurde also auch an die Vermeidung von unn&ouml;tigem M&uuml;ll gedacht. Bravo! <br>In einem separaten Paket finden wir die Babywanne, flach zusammengefaltet.<\/p><h3 class=\"wp-block-heading\" id=\"h-intuitiver-aufbau-mit-kurzem-blick-auf-den-spickzettel\">Intuitiver Aufbau &ndash; mit kurzem Blick auf den Spickzettel<\/h3><p>Wie immer bei unseren Produkttests haben wir auch den Walk N Care <strong>ohne vorherigen Blick in die Gebrauchsanleitung<\/strong> aufgebaut. Beim Aufklappen des Gestells taten wir uns dann etwas schwer. Die Schiebestange wollte sich einfach nicht komplett aufklappen. Der Blick in die Anleitung verriet: Ein <strong>Druck auf den dort seitlich angebrachten Hebel l&auml;sst das Gestell entfalten.<\/strong> Die Babywanne oder wahlweise der Sportsitz werden nun <strong>mit einem Klick ganz einfach darauf befestigt.<\/strong><\/p><div class=\"marketing-slot\"><div id=\"block-18\" class=\"content-post-widget marketing-slot-1 widget_block\"><a href=\"#\" class=\"newsletter_popup\" style=\"\n  display: inline-block;\n  box-shadow: 0 4px 10px rgba(0,0,0,0.1);\n  margin: 20px auto;\n  max-width: 800px;\n  width: 100%;\">\n  <img src=\"https:\/\/media.babyartikel.de\/magazin\/wp-content\/uploads\/2025\/08\/NL-Banner-Magazin-8-25.webp\" alt=\"Newsletter Banner\" style=\"\n    width: 100%;\n    height: auto;\n    display: block;\" onclick=\"ga('send', 'event', 'banner', 'click', 'magazin-banner-newsletter-8-25');\">\n<\/a>\n\n\t<!-- Modal -->\n\t<div class=\"modal fade modal_popup\" id=\"newsletter_popup\" tabindex=\"-1\" aria-labelledby=\"exampleModalLabel\" aria-hidden=\"true\">\n\t\t<div class=\"modal-dialog modal-dialog-centered modal-dialog-scrollable\">\n\t\t\t<div class=\"modal-content\">\n\t\t\t\t<div class=\"modal-header small-header\">\n\t\t\t\t\t<h5 class=\"modal-title\" id=\"newsletterModalLabel\">\n\t\t\t\t\t\tNewsletter\t\t\t\t\t<\/h5>\n\t\t\t\t\t<button type=\"button\" class=\"btn-close small-close\" data-bs-dismiss=\"modal\" aria-label=\"Close\"><\/button>\n\t\t\t\t<\/div>\n\n\t\t\t\t<div class=\"modal-body\">\n\t\t\t\t\t\t<div class=\"newsletterForm-embed popup-form\">\n        <form name=\"newsletterSubscriptionForm\" id=\"newsletter_popup_69f4fc5075b6a_form\" data-newsletter-id=\"newsletter_popup_69f4fc5075b6a\" method=\"POST\">\n\n\t\t\t<input type=\"text\" name=\"website\" class=\"hidden\" tabindex=\"-1\" autocomplete=\"off\" style=\"position:absolute;left:-9999px;\">\n\t\t\t<input type=\"hidden\" name=\"ts\" value=\"1777663056\">\n\n\t\t\t                <input type=\"hidden\" name=\"emarsys-event-id\" value=\"3756\">\n            \n            \t\t\t<div class=\"mb-3\">\n\t\t\t\t<label for=\"date\" class=\"form-label\">Geburtstag\/ -termin Deines Babys<\/label>\n                <input type=\"date\" name=\"date\" class=\"input input--expand form-control\" required>\n\t\t\t<\/div>\n            \n\t\t\t<div class=\"mb-3\">\n\t\t\t\t<label for=\"email\" class=\"form-label\">E-Mail-Adresse<\/label>\n\t\t\t\t<input type=\"email\" name=\"email\" placeholder=\"E-Mail-Adresse\" class=\"input input--expand form-control\" required>\n\t\t\t<\/div>\n\n\t\t\t\t\t\t\t<button type=\"submit\" class=\"btn btn-primary\">Absenden<\/button>\n\t\t\t\n\t\t\t\t\t\t\t<div class=\"small mt-3\" style=\"font-weight:normal;\">\n\t\t\t\t\t\n\t\t\t<div class=\"mt-3\">\n\t\t\t\tJa, ich m&ouml;chte den Newsletter von Babyartikel.de erhalten und &uuml;ber Aktionen informiert werden.\n  Dabei darf mein Nutzungsverhalten (z. B. &Ouml;ffnungen und Klicks) zur Personalisierung ausgewertet werden.\n  Mehr finde ich in der <a href=\"\/de\/datenschutz\" style=\"text-decoration:underline\">Datenschutzerkl&auml;rung<\/a>.\n\t\t\t<\/div>\n\t\t\t\t\t\t<\/div>\n\t\t\t\n\t\t\t\t\t\t\t<div class=\"small mb-3 mt-3\" style=\"font-weight:normal;\">\n\t\t\t\t\tJederzeit abbestellbar | <a href=\"\/de\/datenschutz\" style=\"text-decoration:underline\">\n\t\t\t\t\t\tDatenschutzerkl&auml;rung\n\t\t\t\t\t<\/a>\n\t\t\t\t<\/div>\n\t\t\t\n        <\/form>\n    <\/div>\n\t\n\t\t\t\t\t<div class=\"response-messages_newsletter_popup_69f4fc5075b6a\">\n\t\t\t\t\t\t<div class=\"alert alert-success success mt-3 mb-3 d-none\">\n\t\t\t\t\t\t\tNur noch ein Klick! Best&auml;tige Deine Anmeldung in der E-Mail, die du gleich erh&auml;ltst.\t\t\t\t\t\t<\/div>\n\t\t\t\t\t\t<div class=\"error mt-3 mb-3 d-none\">\n\t\t\t\t\t\t\t<div class=\"alert alert-danger \">\n\t\t\t\t\t\t\t\tEin Fehler ist aufgetreten. Bitte versuche es sp&auml;ter erneut.\t\t\t\t\t\t\t<\/div>\n\t\t\t\t\t\t<\/div>\n\t\t\t\t\t\t<div class=\"alert alert-danger other-2007 mt-3 mb-3 d-none\">\n\t\t\t\t\t\t\tUng&Atilde;&frac14;ltiges Datumsformat\t\t\t\t\t\t<\/div>\n\t\t\t\t\t<\/div>\n\t\t\t\t<\/div>\n\t\t\t<\/div>\n\t\t<\/div>\n\t<\/div>\n\n\t<\/div><!-- content-widget --><\/div><h2 class=\"wp-block-heading\" id=\"h-babywanne-komfortabel-mit-tollen-features\"><span class=\"ez-toc-section\" id=\"Babywanne_Komfortabel_mit_tollen_Features\"><\/span>Babywanne: Komfortabel mit tollen Features<span class=\"ez-toc-section-end\"><\/span><\/h2><figure class=\"wp-block-image size-large\"><img loading=\"lazy\" decoding=\"async\" width=\"1050\" height=\"701\" src=\"https:\/\/www.babyartikel.de\/magazin\/wp-content\/uploads\/2022\/06\/walk-n-care-babywanne-1050x701.jpg\" alt=\"walk-care-babywanne\" class=\"wp-image-861032\" srcset=\"https:\/\/media.babyartikel.de\/magazin\/wp-content\/uploads\/2022\/06\/walk-n-care-babywanne-1050x701.jpg 1050w, https:\/\/media.babyartikel.de\/magazin\/wp-content\/uploads\/2022\/06\/walk-n-care-babywanne-690x461.jpg 690w, https:\/\/media.babyartikel.de\/magazin\/wp-content\/uploads\/2022\/06\/walk-n-care-babywanne-150x100.jpg 150w, https:\/\/media.babyartikel.de\/magazin\/wp-content\/uploads\/2022\/06\/walk-n-care-babywanne-768x513.jpg 768w, https:\/\/media.babyartikel.de\/magazin\/wp-content\/uploads\/2022\/06\/walk-n-care-babywanne-1536x1025.jpg 1536w, https:\/\/media.babyartikel.de\/magazin\/wp-content\/uploads\/2022\/06\/walk-n-care-babywanne-2048x1367.jpg 2048w, https:\/\/media.babyartikel.de\/magazin\/wp-content\/uploads\/2022\/06\/walk-n-care-babywanne-272x182.jpg 272w\" sizes=\"auto, (max-width: 1050px) 100vw, 1050px\"><\/figure><h3 class=\"wp-block-heading\" id=\"h-details-der-babywanne\">Details der Babywanne <\/h3><figure class=\"wp-block-table is-style-stripes\"><table><tbody><tr><td>Nutzbar ab<\/td><td>0 &ndash; 9 Monaten<\/td><\/tr><tr><td>Liegefl&auml;che Ma&szlig;e<\/td><td>77 x 34 cm<\/td><\/tr><tr><td>Maximale Belastbarkeit<\/td><td>9 kg<\/td><\/tr><tr><td>Babywanne faltbar<\/td><td>ja<\/td><\/tr><tr><td>Bel&uuml;ftung<\/td><td>ja<\/td><\/tr><tr><td>Sichtfenster<\/td><td>ja<\/td><\/tr><tr><td>UV-Schutz<\/td><td>50+<\/td><\/tr><\/tbody><\/table><\/figure><a style=\"\" class=\"link-to-product \" title=\"Walk N Care im Shop anschauen\" href=\"http:\/\/www.babyartikel.de\/prod\/hauck-kombi-kinderwagen-walk-n-care-set-inkl-babywanne-sportsitz-beindecke-und-getrankehalter-bis-22kg-belastbar-dark-blue\">\n                        Walk N Care im Shop anschauen\n                    <\/a><h3 class=\"wp-block-heading\" id=\"h-weiche-nestchen-umrandung\">Weiche Nestchen Umrandung<\/h3><div class=\"su-image-carousel  su-image-carousel-has-spacing su-image-carousel-has-outline su-image-carousel-adaptive su-image-carousel-slides-style-default su-image-carousel-controls-style-light su-image-carousel-align-center\" style=\"\" data-flickity-options='{\"groupCells\":true,\"cellSelector\":\".su-image-carousel-item\",\"adaptiveHeight\":true,\"cellAlign\":\"left\",\"prevNextButtons\":true,\"pageDots\":false,\"autoPlay\":false,\"imagesLoaded\":true,\"contain\":false,\"selectedAttraction\":0.025,\"friction\":0.28}' id=\"su_image_carousel_69f4fc4ed1140\"><div class=\"su-image-carousel-item\"><div class=\"su-image-carousel-item-content\">    <picture>\n        <source type=\"image\/avif\" srcset=\"https:\/\/media.babyartikel.de\/magazin\/wp-content\/uploads\/2022\/06\/hauck-walk-n-care-test-polsterung-scaled.jpg?preset=large&amp;format=avif&amp;dpr=1 1x, https:\/\/media.babyartikel.de\/magazin\/wp-content\/uploads\/2022\/06\/hauck-walk-n-care-test-polsterung-scaled.jpg?preset=large&amp;format=avif&amp;dpr=2 2x, https:\/\/media.babyartikel.de\/magazin\/wp-content\/uploads\/2022\/06\/hauck-walk-n-care-test-polsterung-scaled.jpg?preset=large&amp;format=avif&amp;dpr=3 3x\">\n        <source type=\"image\/webp\" srcset=\"https:\/\/media.babyartikel.de\/magazin\/wp-content\/uploads\/2022\/06\/hauck-walk-n-care-test-polsterung-scaled.jpg?preset=large&amp;format=webp&amp;dpr=1 1x, https:\/\/media.babyartikel.de\/magazin\/wp-content\/uploads\/2022\/06\/hauck-walk-n-care-test-polsterung-scaled.jpg?preset=large&amp;format=webp&amp;dpr=2 2x, https:\/\/media.babyartikel.de\/magazin\/wp-content\/uploads\/2022\/06\/hauck-walk-n-care-test-polsterung-scaled.jpg?preset=large&amp;format=webp&amp;dpr=3 3x\">\n        <source type=\"image\/jpeg\" srcset=\"https:\/\/media.babyartikel.de\/magazin\/wp-content\/uploads\/2022\/06\/hauck-walk-n-care-test-polsterung-scaled.jpg?preset=large&amp;format=jpeg&amp;dpr=1 1x, https:\/\/media.babyartikel.de\/magazin\/wp-content\/uploads\/2022\/06\/hauck-walk-n-care-test-polsterung-scaled.jpg?preset=large&amp;format=jpeg&amp;dpr=2 2x, https:\/\/media.babyartikel.de\/magazin\/wp-content\/uploads\/2022\/06\/hauck-walk-n-care-test-polsterung-scaled.jpg?preset=large&amp;format=jpeg&amp;dpr=3 3x\">\n        <source type=\"image\/jpeg\" srcset=\"https:\/\/media.babyartikel.de\/magazin\/wp-content\/uploads\/2022\/06\/hauck-walk-n-care-test-polsterung-scaled.jpg?preset=large&amp;dpr=1 1x, https:\/\/media.babyartikel.de\/magazin\/wp-content\/uploads\/2022\/06\/hauck-walk-n-care-test-polsterung-scaled.jpg?preset=large&amp;dpr=2 2x, https:\/\/media.babyartikel.de\/magazin\/wp-content\/uploads\/2022\/06\/hauck-walk-n-care-test-polsterung-scaled.jpg?preset=large&amp;dpr=3 3x\">\n        <img loading=\"lazy\" decoding=\"async\" width=\"690\" height=\"461\" src=\"https:\/\/media.babyartikel.de\/magazin\/wp-content\/uploads\/2022\/06\/hauck-walk-n-care-test-polsterung-690x461.jpg\" class=\" wp-image-861033\" alt=\"hauck-walk-n-care-test-polsterung-babywanne\" srcset=\"https:\/\/media.babyartikel.de\/magazin\/wp-content\/uploads\/2022\/06\/hauck-walk-n-care-test-polsterung-690x461.jpg 690w, https:\/\/media.babyartikel.de\/magazin\/wp-content\/uploads\/2022\/06\/hauck-walk-n-care-test-polsterung-1050x701.jpg 1050w, https:\/\/media.babyartikel.de\/magazin\/wp-content\/uploads\/2022\/06\/hauck-walk-n-care-test-polsterung-150x100.jpg 150w, https:\/\/media.babyartikel.de\/magazin\/wp-content\/uploads\/2022\/06\/hauck-walk-n-care-test-polsterung-768x513.jpg 768w, https:\/\/media.babyartikel.de\/magazin\/wp-content\/uploads\/2022\/06\/hauck-walk-n-care-test-polsterung-1536x1025.jpg 1536w, https:\/\/media.babyartikel.de\/magazin\/wp-content\/uploads\/2022\/06\/hauck-walk-n-care-test-polsterung-2048x1367.jpg 2048w, https:\/\/media.babyartikel.de\/magazin\/wp-content\/uploads\/2022\/06\/hauck-walk-n-care-test-polsterung-272x182.jpg 272w\" sizes=\"auto, (max-width: 690px) 100vw, 690px\">\n    <\/source><\/source><\/source><\/source><\/picture><span><\/span><\/div><\/div><div class=\"su-image-carousel-item\"><div class=\"su-image-carousel-item-content\">    <picture>\n        <source type=\"image\/avif\" srcset=\"https:\/\/media.babyartikel.de\/magazin\/wp-content\/uploads\/2022\/06\/walk-care-stoff-scaled.jpg?preset=large&amp;format=avif&amp;dpr=1 1x, https:\/\/media.babyartikel.de\/magazin\/wp-content\/uploads\/2022\/06\/walk-care-stoff-scaled.jpg?preset=large&amp;format=avif&amp;dpr=2 2x, https:\/\/media.babyartikel.de\/magazin\/wp-content\/uploads\/2022\/06\/walk-care-stoff-scaled.jpg?preset=large&amp;format=avif&amp;dpr=3 3x\">\n        <source type=\"image\/webp\" srcset=\"https:\/\/media.babyartikel.de\/magazin\/wp-content\/uploads\/2022\/06\/walk-care-stoff-scaled.jpg?preset=large&amp;format=webp&amp;dpr=1 1x, https:\/\/media.babyartikel.de\/magazin\/wp-content\/uploads\/2022\/06\/walk-care-stoff-scaled.jpg?preset=large&amp;format=webp&amp;dpr=2 2x, https:\/\/media.babyartikel.de\/magazin\/wp-content\/uploads\/2022\/06\/walk-care-stoff-scaled.jpg?preset=large&amp;format=webp&amp;dpr=3 3x\">\n        <source type=\"image\/jpeg\" srcset=\"https:\/\/media.babyartikel.de\/magazin\/wp-content\/uploads\/2022\/06\/walk-care-stoff-scaled.jpg?preset=large&amp;format=jpeg&amp;dpr=1 1x, https:\/\/media.babyartikel.de\/magazin\/wp-content\/uploads\/2022\/06\/walk-care-stoff-scaled.jpg?preset=large&amp;format=jpeg&amp;dpr=2 2x, https:\/\/media.babyartikel.de\/magazin\/wp-content\/uploads\/2022\/06\/walk-care-stoff-scaled.jpg?preset=large&amp;format=jpeg&amp;dpr=3 3x\">\n        <source type=\"image\/jpeg\" srcset=\"https:\/\/media.babyartikel.de\/magazin\/wp-content\/uploads\/2022\/06\/walk-care-stoff-scaled.jpg?preset=large&amp;dpr=1 1x, https:\/\/media.babyartikel.de\/magazin\/wp-content\/uploads\/2022\/06\/walk-care-stoff-scaled.jpg?preset=large&amp;dpr=2 2x, https:\/\/media.babyartikel.de\/magazin\/wp-content\/uploads\/2022\/06\/walk-care-stoff-scaled.jpg?preset=large&amp;dpr=3 3x\">\n        <img loading=\"lazy\" decoding=\"async\" width=\"690\" height=\"461\" src=\"https:\/\/media.babyartikel.de\/magazin\/wp-content\/uploads\/2022\/06\/walk-care-stoff-690x461.jpg\" class=\" wp-image-861034\" alt=\"walk-care-nestchen-umrandung\" srcset=\"https:\/\/media.babyartikel.de\/magazin\/wp-content\/uploads\/2022\/06\/walk-care-stoff-690x461.jpg 690w, https:\/\/media.babyartikel.de\/magazin\/wp-content\/uploads\/2022\/06\/walk-care-stoff-1050x701.jpg 1050w, https:\/\/media.babyartikel.de\/magazin\/wp-content\/uploads\/2022\/06\/walk-care-stoff-150x100.jpg 150w, https:\/\/media.babyartikel.de\/magazin\/wp-content\/uploads\/2022\/06\/walk-care-stoff-768x513.jpg 768w, https:\/\/media.babyartikel.de\/magazin\/wp-content\/uploads\/2022\/06\/walk-care-stoff-1536x1025.jpg 1536w, https:\/\/media.babyartikel.de\/magazin\/wp-content\/uploads\/2022\/06\/walk-care-stoff-2048x1367.jpg 2048w, https:\/\/media.babyartikel.de\/magazin\/wp-content\/uploads\/2022\/06\/walk-care-stoff-272x182.jpg 272w\" sizes=\"auto, (max-width: 690px) 100vw, 690px\">\n    <\/source><\/source><\/source><\/source><\/picture><span><\/span><\/div><\/div><\/div><script id=\"su_image_carousel_69f4fc4ed1140_script\">if(window.SUImageCarousel){setTimeout(function() {window.SUImageCarousel.initGallery(document.getElementById(\"su_image_carousel_69f4fc4ed1140\"))}, 0);}var su_image_carousel_69f4fc4ed1140_script=document.getElementById(\"su_image_carousel_69f4fc4ed1140_script\");if(su_image_carousel_69f4fc4ed1140_script){su_image_carousel_69f4fc4ed1140_script.parentNode.removeChild(su_image_carousel_69f4fc4ed1140_script);}<\/script><p>Direkt positiv ist uns im Hauck Walk N Care Test an der Babywanne die <strong>weiche und gepolsterte Umrandung im Quilted Look<\/strong> aufgefallen. Sie <strong>umrahmt die komfortable Matratze wie ein Nestchen.<\/strong> F&uuml;r Neugeborene ist die Umrandung <strong>am Kopf ganz besonders gut gepolstert.<\/strong> <\/p><div class=\"su-image-carousel  su-image-carousel-has-spacing su-image-carousel-has-outline su-image-carousel-adaptive su-image-carousel-slides-style-default su-image-carousel-controls-style-light su-image-carousel-align-center\" style=\"\" data-flickity-options='{\"groupCells\":true,\"cellSelector\":\".su-image-carousel-item\",\"adaptiveHeight\":true,\"cellAlign\":\"left\",\"prevNextButtons\":true,\"pageDots\":false,\"autoPlay\":false,\"imagesLoaded\":true,\"contain\":false,\"selectedAttraction\":0.025,\"friction\":0.28}' id=\"su_image_carousel_69f4fc4eea342\"><div class=\"su-image-carousel-item\"><div class=\"su-image-carousel-item-content\">    <picture>\n        <source type=\"image\/avif\" srcset=\"https:\/\/media.babyartikel.de\/magazin\/wp-content\/uploads\/2022\/06\/walk-n-care-bezug-abnehmbar-scaled.jpg?preset=large&amp;format=avif&amp;dpr=1 1x, https:\/\/media.babyartikel.de\/magazin\/wp-content\/uploads\/2022\/06\/walk-n-care-bezug-abnehmbar-scaled.jpg?preset=large&amp;format=avif&amp;dpr=2 2x, https:\/\/media.babyartikel.de\/magazin\/wp-content\/uploads\/2022\/06\/walk-n-care-bezug-abnehmbar-scaled.jpg?preset=large&amp;format=avif&amp;dpr=3 3x\">\n        <source type=\"image\/webp\" srcset=\"https:\/\/media.babyartikel.de\/magazin\/wp-content\/uploads\/2022\/06\/walk-n-care-bezug-abnehmbar-scaled.jpg?preset=large&amp;format=webp&amp;dpr=1 1x, https:\/\/media.babyartikel.de\/magazin\/wp-content\/uploads\/2022\/06\/walk-n-care-bezug-abnehmbar-scaled.jpg?preset=large&amp;format=webp&amp;dpr=2 2x, https:\/\/media.babyartikel.de\/magazin\/wp-content\/uploads\/2022\/06\/walk-n-care-bezug-abnehmbar-scaled.jpg?preset=large&amp;format=webp&amp;dpr=3 3x\">\n        <source type=\"image\/jpeg\" srcset=\"https:\/\/media.babyartikel.de\/magazin\/wp-content\/uploads\/2022\/06\/walk-n-care-bezug-abnehmbar-scaled.jpg?preset=large&amp;format=jpeg&amp;dpr=1 1x, https:\/\/media.babyartikel.de\/magazin\/wp-content\/uploads\/2022\/06\/walk-n-care-bezug-abnehmbar-scaled.jpg?preset=large&amp;format=jpeg&amp;dpr=2 2x, https:\/\/media.babyartikel.de\/magazin\/wp-content\/uploads\/2022\/06\/walk-n-care-bezug-abnehmbar-scaled.jpg?preset=large&amp;format=jpeg&amp;dpr=3 3x\">\n        <source type=\"image\/jpeg\" srcset=\"https:\/\/media.babyartikel.de\/magazin\/wp-content\/uploads\/2022\/06\/walk-n-care-bezug-abnehmbar-scaled.jpg?preset=large&amp;dpr=1 1x, https:\/\/media.babyartikel.de\/magazin\/wp-content\/uploads\/2022\/06\/walk-n-care-bezug-abnehmbar-scaled.jpg?preset=large&amp;dpr=2 2x, https:\/\/media.babyartikel.de\/magazin\/wp-content\/uploads\/2022\/06\/walk-n-care-bezug-abnehmbar-scaled.jpg?preset=large&amp;dpr=3 3x\">\n        <img loading=\"lazy\" decoding=\"async\" width=\"690\" height=\"461\" src=\"https:\/\/media.babyartikel.de\/magazin\/wp-content\/uploads\/2022\/06\/walk-n-care-bezug-abnehmbar-690x461.jpg\" class=\" wp-image-861036\" alt=\"walk n care bezug abnehmbar\" srcset=\"https:\/\/media.babyartikel.de\/magazin\/wp-content\/uploads\/2022\/06\/walk-n-care-bezug-abnehmbar-690x461.jpg 690w, https:\/\/media.babyartikel.de\/magazin\/wp-content\/uploads\/2022\/06\/walk-n-care-bezug-abnehmbar-1050x701.jpg 1050w, https:\/\/media.babyartikel.de\/magazin\/wp-content\/uploads\/2022\/06\/walk-n-care-bezug-abnehmbar-150x100.jpg 150w, https:\/\/media.babyartikel.de\/magazin\/wp-content\/uploads\/2022\/06\/walk-n-care-bezug-abnehmbar-768x513.jpg 768w, https:\/\/media.babyartikel.de\/magazin\/wp-content\/uploads\/2022\/06\/walk-n-care-bezug-abnehmbar-1536x1025.jpg 1536w, https:\/\/media.babyartikel.de\/magazin\/wp-content\/uploads\/2022\/06\/walk-n-care-bezug-abnehmbar-2048x1367.jpg 2048w, https:\/\/media.babyartikel.de\/magazin\/wp-content\/uploads\/2022\/06\/walk-n-care-bezug-abnehmbar-272x182.jpg 272w\" sizes=\"auto, (max-width: 690px) 100vw, 690px\">\n    <\/source><\/source><\/source><\/source><\/picture><span><\/span><\/div><\/div><div class=\"su-image-carousel-item\"><div class=\"su-image-carousel-item-content\">    <picture>\n        <source type=\"image\/avif\" srcset=\"https:\/\/media.babyartikel.de\/magazin\/wp-content\/uploads\/2022\/06\/hauck-walk-n-care-test-matratze-scaled.jpg?preset=large&amp;format=avif&amp;dpr=1 1x, https:\/\/media.babyartikel.de\/magazin\/wp-content\/uploads\/2022\/06\/hauck-walk-n-care-test-matratze-scaled.jpg?preset=large&amp;format=avif&amp;dpr=2 2x, https:\/\/media.babyartikel.de\/magazin\/wp-content\/uploads\/2022\/06\/hauck-walk-n-care-test-matratze-scaled.jpg?preset=large&amp;format=avif&amp;dpr=3 3x\">\n        <source type=\"image\/webp\" srcset=\"https:\/\/media.babyartikel.de\/magazin\/wp-content\/uploads\/2022\/06\/hauck-walk-n-care-test-matratze-scaled.jpg?preset=large&amp;format=webp&amp;dpr=1 1x, https:\/\/media.babyartikel.de\/magazin\/wp-content\/uploads\/2022\/06\/hauck-walk-n-care-test-matratze-scaled.jpg?preset=large&amp;format=webp&amp;dpr=2 2x, https:\/\/media.babyartikel.de\/magazin\/wp-content\/uploads\/2022\/06\/hauck-walk-n-care-test-matratze-scaled.jpg?preset=large&amp;format=webp&amp;dpr=3 3x\">\n        <source type=\"image\/jpeg\" srcset=\"https:\/\/media.babyartikel.de\/magazin\/wp-content\/uploads\/2022\/06\/hauck-walk-n-care-test-matratze-scaled.jpg?preset=large&amp;format=jpeg&amp;dpr=1 1x, https:\/\/media.babyartikel.de\/magazin\/wp-content\/uploads\/2022\/06\/hauck-walk-n-care-test-matratze-scaled.jpg?preset=large&amp;format=jpeg&amp;dpr=2 2x, https:\/\/media.babyartikel.de\/magazin\/wp-content\/uploads\/2022\/06\/hauck-walk-n-care-test-matratze-scaled.jpg?preset=large&amp;format=jpeg&amp;dpr=3 3x\">\n        <source type=\"image\/jpeg\" srcset=\"https:\/\/media.babyartikel.de\/magazin\/wp-content\/uploads\/2022\/06\/hauck-walk-n-care-test-matratze-scaled.jpg?preset=large&amp;dpr=1 1x, https:\/\/media.babyartikel.de\/magazin\/wp-content\/uploads\/2022\/06\/hauck-walk-n-care-test-matratze-scaled.jpg?preset=large&amp;dpr=2 2x, https:\/\/media.babyartikel.de\/magazin\/wp-content\/uploads\/2022\/06\/hauck-walk-n-care-test-matratze-scaled.jpg?preset=large&amp;dpr=3 3x\">\n        <img loading=\"lazy\" decoding=\"async\" width=\"690\" height=\"461\" src=\"https:\/\/media.babyartikel.de\/magazin\/wp-content\/uploads\/2022\/06\/hauck-walk-n-care-test-matratze-690x461.jpg\" class=\" wp-image-861041\" alt=\"\" srcset=\"https:\/\/media.babyartikel.de\/magazin\/wp-content\/uploads\/2022\/06\/hauck-walk-n-care-test-matratze-690x461.jpg 690w, https:\/\/media.babyartikel.de\/magazin\/wp-content\/uploads\/2022\/06\/hauck-walk-n-care-test-matratze-1050x701.jpg 1050w, https:\/\/media.babyartikel.de\/magazin\/wp-content\/uploads\/2022\/06\/hauck-walk-n-care-test-matratze-150x100.jpg 150w, https:\/\/media.babyartikel.de\/magazin\/wp-content\/uploads\/2022\/06\/hauck-walk-n-care-test-matratze-768x513.jpg 768w, https:\/\/media.babyartikel.de\/magazin\/wp-content\/uploads\/2022\/06\/hauck-walk-n-care-test-matratze-1536x1025.jpg 1536w, https:\/\/media.babyartikel.de\/magazin\/wp-content\/uploads\/2022\/06\/hauck-walk-n-care-test-matratze-2048x1367.jpg 2048w, https:\/\/media.babyartikel.de\/magazin\/wp-content\/uploads\/2022\/06\/hauck-walk-n-care-test-matratze-272x182.jpg 272w\" sizes=\"auto, (max-width: 690px) 100vw, 690px\">\n    <\/source><\/source><\/source><\/source><\/picture><span><\/span><\/div><\/div><\/div><script id=\"su_image_carousel_69f4fc4eea342_script\">if(window.SUImageCarousel){setTimeout(function() {window.SUImageCarousel.initGallery(document.getElementById(\"su_image_carousel_69f4fc4eea342\"))}, 0);}var su_image_carousel_69f4fc4eea342_script=document.getElementById(\"su_image_carousel_69f4fc4eea342_script\");if(su_image_carousel_69f4fc4eea342_script){su_image_carousel_69f4fc4eea342_script.parentNode.removeChild(su_image_carousel_69f4fc4eea342_script);}<\/script><p>Nestchen-Polsterung und Matratze sind mit einem angenehmen Jersey Stoff &uuml;berzogen und sehr weich. Beide Bez&uuml;ge <strong>k&ouml;nnen &uuml;brigens abgenommen und bei 30 Grad gewaschen werden.<\/strong><\/p><div class=\"postslot1\">\t\t<div style=\"clear:both\"><\/div>\n\t\t\t\t\t\t<div id=\"productPanel716\" class=\"product-panel-bottom\">&nbsp;<\/div>\n\t\t\t\t\t\t<script type=\"module\">\n\t\t\t\t\t\t\trequestProductPanel(\"https:\/\/www.babyartikel.de\/magazin\/wp-content\/plugins\/wp-productpanel2\/ProductPanel.php\", \"?panel_type=automatic&basis_category=1-KW-KK&basis_product=202500002437,202200002436&swipe_mobile=1&postid=859531&template=auto&max=4&productPanelId=716&solrQuery=\", 716, 1);\n\t\t\t\t\t\t<\/script>\n\t\t\t\t\t<link rel=\"stylesheet\" href=\"https:\/\/cdn.jsdelivr.net\/npm\/swiper@8\/swiper-bundle.min.css\"><\/div><div class=\"marketing-slot\"><div id=\"block-25\" class=\"content-post-widget marketing-slot-2 widget_block\"><a href=\"https:\/\/www.babyartikel.de\/de\/angebote\" data-track-link-click=\"true\" data-track-name=\"nyoutlet2026-magazin\" data-track-medium=\"banner-magazin-post\" data-track-campaign=\"magazin-banner-nyoutlet2026\" onclick=\"ga('send', 'event', 'banner', 'click', 'magazin-banner-nyoutlet2026');\" style=\"display:block;width:100%;text-align:center;\"><img src=\"https:\/\/media.babyartikel.de\/magazin\/wp-content\/uploads\/2026\/01\/NY-Outlet-10-2026.webp\" alt=\"Sale\" style=\"max-width:100%;\"><\/a><\/div><!-- content-widget --><\/div><h3 class=\"wp-block-heading\" id=\"h-abnehmbare-wannenabdeckung-mit-reissverschluss\">Abnehmbare Wannenabdeckung mit Rei&szlig;verschluss<\/h3><p>Der Hauck Walk N Care kommt <strong>mit einer praktischen Wannenabdeckung<\/strong> daher. Diese ist angenehm dick gepolstert und <strong>sch&uuml;tzt Dein Baby an kalten Tagen vor Wind und Wetter.<\/strong> An w&auml;rmeren Tagen entfernst Du sie ganz einfach mittels Rei&szlig;verschluss.<\/p><h3 class=\"wp-block-heading\" id=\"h-grosses-panorama-fenster-mit-mesh-einsatz\">Gro&szlig;es Panorama Fenster mit Mesh-Einsatz<\/h3><div class=\"su-image-carousel  su-image-carousel-has-spacing su-image-carousel-has-outline su-image-carousel-adaptive su-image-carousel-slides-style-default su-image-carousel-controls-style-light su-image-carousel-align-center\" style=\"\" data-flickity-options='{\"groupCells\":true,\"cellSelector\":\".su-image-carousel-item\",\"adaptiveHeight\":true,\"cellAlign\":\"left\",\"prevNextButtons\":true,\"pageDots\":false,\"autoPlay\":false,\"imagesLoaded\":true,\"contain\":false,\"selectedAttraction\":0.025,\"friction\":0.28}' id=\"su_image_carousel_69f4fc4f0ef52\"><div class=\"su-image-carousel-item\"><div class=\"su-image-carousel-item-content\">    <picture>\n        <source type=\"image\/avif\" srcset=\"https:\/\/media.babyartikel.de\/magazin\/wp-content\/uploads\/2022\/06\/hauck-walk-care-belueftung-scaled.jpg?preset=large&amp;format=avif&amp;dpr=1 1x, https:\/\/media.babyartikel.de\/magazin\/wp-content\/uploads\/2022\/06\/hauck-walk-care-belueftung-scaled.jpg?preset=large&amp;format=avif&amp;dpr=2 2x, https:\/\/media.babyartikel.de\/magazin\/wp-content\/uploads\/2022\/06\/hauck-walk-care-belueftung-scaled.jpg?preset=large&amp;format=avif&amp;dpr=3 3x\">\n        <source type=\"image\/webp\" srcset=\"https:\/\/media.babyartikel.de\/magazin\/wp-content\/uploads\/2022\/06\/hauck-walk-care-belueftung-scaled.jpg?preset=large&amp;format=webp&amp;dpr=1 1x, https:\/\/media.babyartikel.de\/magazin\/wp-content\/uploads\/2022\/06\/hauck-walk-care-belueftung-scaled.jpg?preset=large&amp;format=webp&amp;dpr=2 2x, https:\/\/media.babyartikel.de\/magazin\/wp-content\/uploads\/2022\/06\/hauck-walk-care-belueftung-scaled.jpg?preset=large&amp;format=webp&amp;dpr=3 3x\">\n        <source type=\"image\/jpeg\" srcset=\"https:\/\/media.babyartikel.de\/magazin\/wp-content\/uploads\/2022\/06\/hauck-walk-care-belueftung-scaled.jpg?preset=large&amp;format=jpeg&amp;dpr=1 1x, https:\/\/media.babyartikel.de\/magazin\/wp-content\/uploads\/2022\/06\/hauck-walk-care-belueftung-scaled.jpg?preset=large&amp;format=jpeg&amp;dpr=2 2x, https:\/\/media.babyartikel.de\/magazin\/wp-content\/uploads\/2022\/06\/hauck-walk-care-belueftung-scaled.jpg?preset=large&amp;format=jpeg&amp;dpr=3 3x\">\n        <source type=\"image\/jpeg\" srcset=\"https:\/\/media.babyartikel.de\/magazin\/wp-content\/uploads\/2022\/06\/hauck-walk-care-belueftung-scaled.jpg?preset=large&amp;dpr=1 1x, https:\/\/media.babyartikel.de\/magazin\/wp-content\/uploads\/2022\/06\/hauck-walk-care-belueftung-scaled.jpg?preset=large&amp;dpr=2 2x, https:\/\/media.babyartikel.de\/magazin\/wp-content\/uploads\/2022\/06\/hauck-walk-care-belueftung-scaled.jpg?preset=large&amp;dpr=3 3x\">\n        <img loading=\"lazy\" decoding=\"async\" width=\"690\" height=\"461\" src=\"https:\/\/media.babyartikel.de\/magazin\/wp-content\/uploads\/2022\/06\/hauck-walk-care-belueftung-690x461.jpg\" class=\" wp-image-861038\" alt=\"hauck-walk-n-care-test-belueftung, walk n care mesh fenster\" srcset=\"https:\/\/media.babyartikel.de\/magazin\/wp-content\/uploads\/2022\/06\/hauck-walk-care-belueftung-690x461.jpg 690w, https:\/\/media.babyartikel.de\/magazin\/wp-content\/uploads\/2022\/06\/hauck-walk-care-belueftung-1050x701.jpg 1050w, https:\/\/media.babyartikel.de\/magazin\/wp-content\/uploads\/2022\/06\/hauck-walk-care-belueftung-150x100.jpg 150w, https:\/\/media.babyartikel.de\/magazin\/wp-content\/uploads\/2022\/06\/hauck-walk-care-belueftung-768x513.jpg 768w, https:\/\/media.babyartikel.de\/magazin\/wp-content\/uploads\/2022\/06\/hauck-walk-care-belueftung-1536x1025.jpg 1536w, https:\/\/media.babyartikel.de\/magazin\/wp-content\/uploads\/2022\/06\/hauck-walk-care-belueftung-2048x1367.jpg 2048w, https:\/\/media.babyartikel.de\/magazin\/wp-content\/uploads\/2022\/06\/hauck-walk-care-belueftung-272x182.jpg 272w\" sizes=\"auto, (max-width: 690px) 100vw, 690px\">\n    <\/source><\/source><\/source><\/source><\/picture><span><\/span><\/div><\/div><div class=\"su-image-carousel-item\"><div class=\"su-image-carousel-item-content\">    <picture>\n        <source type=\"image\/avif\" srcset=\"https:\/\/media.babyartikel.de\/magazin\/wp-content\/uploads\/2022\/06\/walk-n-care-panoramafenster-scaled.jpg?preset=large&amp;format=avif&amp;dpr=1 1x, https:\/\/media.babyartikel.de\/magazin\/wp-content\/uploads\/2022\/06\/walk-n-care-panoramafenster-scaled.jpg?preset=large&amp;format=avif&amp;dpr=2 2x, https:\/\/media.babyartikel.de\/magazin\/wp-content\/uploads\/2022\/06\/walk-n-care-panoramafenster-scaled.jpg?preset=large&amp;format=avif&amp;dpr=3 3x\">\n        <source type=\"image\/webp\" srcset=\"https:\/\/media.babyartikel.de\/magazin\/wp-content\/uploads\/2022\/06\/walk-n-care-panoramafenster-scaled.jpg?preset=large&amp;format=webp&amp;dpr=1 1x, https:\/\/media.babyartikel.de\/magazin\/wp-content\/uploads\/2022\/06\/walk-n-care-panoramafenster-scaled.jpg?preset=large&amp;format=webp&amp;dpr=2 2x, https:\/\/media.babyartikel.de\/magazin\/wp-content\/uploads\/2022\/06\/walk-n-care-panoramafenster-scaled.jpg?preset=large&amp;format=webp&amp;dpr=3 3x\">\n        <source type=\"image\/jpeg\" srcset=\"https:\/\/media.babyartikel.de\/magazin\/wp-content\/uploads\/2022\/06\/walk-n-care-panoramafenster-scaled.jpg?preset=large&amp;format=jpeg&amp;dpr=1 1x, https:\/\/media.babyartikel.de\/magazin\/wp-content\/uploads\/2022\/06\/walk-n-care-panoramafenster-scaled.jpg?preset=large&amp;format=jpeg&amp;dpr=2 2x, https:\/\/media.babyartikel.de\/magazin\/wp-content\/uploads\/2022\/06\/walk-n-care-panoramafenster-scaled.jpg?preset=large&amp;format=jpeg&amp;dpr=3 3x\">\n        <source type=\"image\/jpeg\" srcset=\"https:\/\/media.babyartikel.de\/magazin\/wp-content\/uploads\/2022\/06\/walk-n-care-panoramafenster-scaled.jpg?preset=large&amp;dpr=1 1x, https:\/\/media.babyartikel.de\/magazin\/wp-content\/uploads\/2022\/06\/walk-n-care-panoramafenster-scaled.jpg?preset=large&amp;dpr=2 2x, https:\/\/media.babyartikel.de\/magazin\/wp-content\/uploads\/2022\/06\/walk-n-care-panoramafenster-scaled.jpg?preset=large&amp;dpr=3 3x\">\n        <img loading=\"lazy\" decoding=\"async\" width=\"690\" height=\"461\" src=\"https:\/\/media.babyartikel.de\/magazin\/wp-content\/uploads\/2022\/06\/walk-n-care-panoramafenster-690x461.jpg\" class=\" wp-image-861039\" alt=\"walk n care panoramafenster\" srcset=\"https:\/\/media.babyartikel.de\/magazin\/wp-content\/uploads\/2022\/06\/walk-n-care-panoramafenster-690x461.jpg 690w, https:\/\/media.babyartikel.de\/magazin\/wp-content\/uploads\/2022\/06\/walk-n-care-panoramafenster-1050x701.jpg 1050w, https:\/\/media.babyartikel.de\/magazin\/wp-content\/uploads\/2022\/06\/walk-n-care-panoramafenster-150x100.jpg 150w, https:\/\/media.babyartikel.de\/magazin\/wp-content\/uploads\/2022\/06\/walk-n-care-panoramafenster-768x513.jpg 768w, https:\/\/media.babyartikel.de\/magazin\/wp-content\/uploads\/2022\/06\/walk-n-care-panoramafenster-1536x1025.jpg 1536w, https:\/\/media.babyartikel.de\/magazin\/wp-content\/uploads\/2022\/06\/walk-n-care-panoramafenster-2048x1367.jpg 2048w, https:\/\/media.babyartikel.de\/magazin\/wp-content\/uploads\/2022\/06\/walk-n-care-panoramafenster-272x182.jpg 272w\" sizes=\"auto, (max-width: 690px) 100vw, 690px\">\n    <\/source><\/source><\/source><\/source><\/picture><span><\/span><\/div><\/div><\/div><script id=\"su_image_carousel_69f4fc4f0ef52_script\">if(window.SUImageCarousel){setTimeout(function() {window.SUImageCarousel.initGallery(document.getElementById(\"su_image_carousel_69f4fc4f0ef52\"))}, 0);}var su_image_carousel_69f4fc4f0ef52_script=document.getElementById(\"su_image_carousel_69f4fc4f0ef52_script\");if(su_image_carousel_69f4fc4f0ef52_script){su_image_carousel_69f4fc4f0ef52_script.parentNode.removeChild(su_image_carousel_69f4fc4f0ef52_script);}<\/script><p>Weiterer Pluspunkt: Mittels Rei&szlig;verschluss l&auml;sst sich an der Babywanne <strong>im Kopfbereich ein gro&szlig;es Panorama Fenster mit Mesh-Einsatz<\/strong> &ouml;ffnen. Dieses sorgt f&uuml;r ein <strong>angenehmes Klima an warmen Sommertagen und l&auml;sst die Luft im Inneren gut zirkulieren.<\/strong> Au&szlig;erdem kann Dein etwas &auml;lteres Baby hier gem&uuml;tlich auf dem Bauch liegen und nach drau&szlig;en schauen.<br>Das L&uuml;ftungsfenster finden wir auch im Verdeck der Babywanne. Hier versteckt es sich unter dem Bezug und kommt durch Umkrempeln zum Vorschein. Im Vergleich zu anderen Kinderwagen <strong>ist das Bel&uuml;ftungsfenster sehr gro&szlig;. <\/strong>So wird auch an hei&szlig;en Tagen der Spaziergang mit Deinem kleinen Schatz nicht zur Schwitzpartie.<\/p><h3 class=\"wp-block-heading\" id=\"h-ausklappbares-sonnendach\">Ausklappbares Sonnendach<\/h3><div class=\"su-image-carousel  su-image-carousel-has-spacing su-image-carousel-has-outline su-image-carousel-adaptive su-image-carousel-slides-style-default su-image-carousel-controls-style-light su-image-carousel-align-center\" style=\"\" data-flickity-options='{\"groupCells\":true,\"cellSelector\":\".su-image-carousel-item\",\"adaptiveHeight\":true,\"cellAlign\":\"left\",\"prevNextButtons\":true,\"pageDots\":false,\"autoPlay\":false,\"imagesLoaded\":true,\"contain\":false,\"selectedAttraction\":0.025,\"friction\":0.28}' id=\"su_image_carousel_69f4fc4f27ee4\"><div class=\"su-image-carousel-item\"><div class=\"su-image-carousel-item-content\">    <picture>\n        <source type=\"image\/avif\" srcset=\"https:\/\/media.babyartikel.de\/magazin\/wp-content\/uploads\/2022\/06\/walk-n-care-sonnendach-ausklappen-scaled.jpg?preset=large&amp;format=avif&amp;dpr=1 1x, https:\/\/media.babyartikel.de\/magazin\/wp-content\/uploads\/2022\/06\/walk-n-care-sonnendach-ausklappen-scaled.jpg?preset=large&amp;format=avif&amp;dpr=2 2x, https:\/\/media.babyartikel.de\/magazin\/wp-content\/uploads\/2022\/06\/walk-n-care-sonnendach-ausklappen-scaled.jpg?preset=large&amp;format=avif&amp;dpr=3 3x\">\n        <source type=\"image\/webp\" srcset=\"https:\/\/media.babyartikel.de\/magazin\/wp-content\/uploads\/2022\/06\/walk-n-care-sonnendach-ausklappen-scaled.jpg?preset=large&amp;format=webp&amp;dpr=1 1x, https:\/\/media.babyartikel.de\/magazin\/wp-content\/uploads\/2022\/06\/walk-n-care-sonnendach-ausklappen-scaled.jpg?preset=large&amp;format=webp&amp;dpr=2 2x, https:\/\/media.babyartikel.de\/magazin\/wp-content\/uploads\/2022\/06\/walk-n-care-sonnendach-ausklappen-scaled.jpg?preset=large&amp;format=webp&amp;dpr=3 3x\">\n        <source type=\"image\/jpeg\" srcset=\"https:\/\/media.babyartikel.de\/magazin\/wp-content\/uploads\/2022\/06\/walk-n-care-sonnendach-ausklappen-scaled.jpg?preset=large&amp;format=jpeg&amp;dpr=1 1x, https:\/\/media.babyartikel.de\/magazin\/wp-content\/uploads\/2022\/06\/walk-n-care-sonnendach-ausklappen-scaled.jpg?preset=large&amp;format=jpeg&amp;dpr=2 2x, https:\/\/media.babyartikel.de\/magazin\/wp-content\/uploads\/2022\/06\/walk-n-care-sonnendach-ausklappen-scaled.jpg?preset=large&amp;format=jpeg&amp;dpr=3 3x\">\n        <source type=\"image\/jpeg\" srcset=\"https:\/\/media.babyartikel.de\/magazin\/wp-content\/uploads\/2022\/06\/walk-n-care-sonnendach-ausklappen-scaled.jpg?preset=large&amp;dpr=1 1x, https:\/\/media.babyartikel.de\/magazin\/wp-content\/uploads\/2022\/06\/walk-n-care-sonnendach-ausklappen-scaled.jpg?preset=large&amp;dpr=2 2x, https:\/\/media.babyartikel.de\/magazin\/wp-content\/uploads\/2022\/06\/walk-n-care-sonnendach-ausklappen-scaled.jpg?preset=large&amp;dpr=3 3x\">\n        <img loading=\"lazy\" decoding=\"async\" width=\"690\" height=\"461\" src=\"https:\/\/media.babyartikel.de\/magazin\/wp-content\/uploads\/2022\/06\/walk-n-care-sonnendach-ausklappen-690x461.jpg\" class=\" wp-image-861042\" alt=\"walk n care sonnendach ausklappen\" srcset=\"https:\/\/media.babyartikel.de\/magazin\/wp-content\/uploads\/2022\/06\/walk-n-care-sonnendach-ausklappen-690x461.jpg 690w, https:\/\/media.babyartikel.de\/magazin\/wp-content\/uploads\/2022\/06\/walk-n-care-sonnendach-ausklappen-1050x701.jpg 1050w, https:\/\/media.babyartikel.de\/magazin\/wp-content\/uploads\/2022\/06\/walk-n-care-sonnendach-ausklappen-150x100.jpg 150w, https:\/\/media.babyartikel.de\/magazin\/wp-content\/uploads\/2022\/06\/walk-n-care-sonnendach-ausklappen-768x513.jpg 768w, https:\/\/media.babyartikel.de\/magazin\/wp-content\/uploads\/2022\/06\/walk-n-care-sonnendach-ausklappen-1536x1025.jpg 1536w, https:\/\/media.babyartikel.de\/magazin\/wp-content\/uploads\/2022\/06\/walk-n-care-sonnendach-ausklappen-2048x1367.jpg 2048w, https:\/\/media.babyartikel.de\/magazin\/wp-content\/uploads\/2022\/06\/walk-n-care-sonnendach-ausklappen-272x182.jpg 272w\" sizes=\"auto, (max-width: 690px) 100vw, 690px\">\n    <\/source><\/source><\/source><\/source><\/picture><span><\/span><\/div><\/div><div class=\"su-image-carousel-item\"><div class=\"su-image-carousel-item-content\">    <picture>\n        <source type=\"image\/avif\" srcset=\"https:\/\/media.babyartikel.de\/magazin\/wp-content\/uploads\/2022\/06\/walk-care-sonnendach-scaled.jpg?preset=large&amp;format=avif&amp;dpr=1 1x, https:\/\/media.babyartikel.de\/magazin\/wp-content\/uploads\/2022\/06\/walk-care-sonnendach-scaled.jpg?preset=large&amp;format=avif&amp;dpr=2 2x, https:\/\/media.babyartikel.de\/magazin\/wp-content\/uploads\/2022\/06\/walk-care-sonnendach-scaled.jpg?preset=large&amp;format=avif&amp;dpr=3 3x\">\n        <source type=\"image\/webp\" srcset=\"https:\/\/media.babyartikel.de\/magazin\/wp-content\/uploads\/2022\/06\/walk-care-sonnendach-scaled.jpg?preset=large&amp;format=webp&amp;dpr=1 1x, https:\/\/media.babyartikel.de\/magazin\/wp-content\/uploads\/2022\/06\/walk-care-sonnendach-scaled.jpg?preset=large&amp;format=webp&amp;dpr=2 2x, https:\/\/media.babyartikel.de\/magazin\/wp-content\/uploads\/2022\/06\/walk-care-sonnendach-scaled.jpg?preset=large&amp;format=webp&amp;dpr=3 3x\">\n        <source type=\"image\/jpeg\" srcset=\"https:\/\/media.babyartikel.de\/magazin\/wp-content\/uploads\/2022\/06\/walk-care-sonnendach-scaled.jpg?preset=large&amp;format=jpeg&amp;dpr=1 1x, https:\/\/media.babyartikel.de\/magazin\/wp-content\/uploads\/2022\/06\/walk-care-sonnendach-scaled.jpg?preset=large&amp;format=jpeg&amp;dpr=2 2x, https:\/\/media.babyartikel.de\/magazin\/wp-content\/uploads\/2022\/06\/walk-care-sonnendach-scaled.jpg?preset=large&amp;format=jpeg&amp;dpr=3 3x\">\n        <source type=\"image\/jpeg\" srcset=\"https:\/\/media.babyartikel.de\/magazin\/wp-content\/uploads\/2022\/06\/walk-care-sonnendach-scaled.jpg?preset=large&amp;dpr=1 1x, https:\/\/media.babyartikel.de\/magazin\/wp-content\/uploads\/2022\/06\/walk-care-sonnendach-scaled.jpg?preset=large&amp;dpr=2 2x, https:\/\/media.babyartikel.de\/magazin\/wp-content\/uploads\/2022\/06\/walk-care-sonnendach-scaled.jpg?preset=large&amp;dpr=3 3x\">\n        <img loading=\"lazy\" decoding=\"async\" width=\"690\" height=\"461\" src=\"https:\/\/media.babyartikel.de\/magazin\/wp-content\/uploads\/2022\/06\/walk-care-sonnendach-690x461.jpg\" class=\" wp-image-861043\" alt=\"walk care sonnendach\" srcset=\"https:\/\/media.babyartikel.de\/magazin\/wp-content\/uploads\/2022\/06\/walk-care-sonnendach-690x461.jpg 690w, https:\/\/media.babyartikel.de\/magazin\/wp-content\/uploads\/2022\/06\/walk-care-sonnendach-1050x701.jpg 1050w, https:\/\/media.babyartikel.de\/magazin\/wp-content\/uploads\/2022\/06\/walk-care-sonnendach-150x100.jpg 150w, https:\/\/media.babyartikel.de\/magazin\/wp-content\/uploads\/2022\/06\/walk-care-sonnendach-768x513.jpg 768w, https:\/\/media.babyartikel.de\/magazin\/wp-content\/uploads\/2022\/06\/walk-care-sonnendach-1536x1025.jpg 1536w, https:\/\/media.babyartikel.de\/magazin\/wp-content\/uploads\/2022\/06\/walk-care-sonnendach-2048x1367.jpg 2048w, https:\/\/media.babyartikel.de\/magazin\/wp-content\/uploads\/2022\/06\/walk-care-sonnendach-272x182.jpg 272w\" sizes=\"auto, (max-width: 690px) 100vw, 690px\">\n    <\/source><\/source><\/source><\/source><\/picture><span><\/span><\/div><\/div><\/div><script id=\"su_image_carousel_69f4fc4f27ee4_script\">if(window.SUImageCarousel){setTimeout(function() {window.SUImageCarousel.initGallery(document.getElementById(\"su_image_carousel_69f4fc4f27ee4\"))}, 0);}var su_image_carousel_69f4fc4f27ee4_script=document.getElementById(\"su_image_carousel_69f4fc4f27ee4_script\");if(su_image_carousel_69f4fc4f27ee4_script){su_image_carousel_69f4fc4f27ee4_script.parentNode.removeChild(su_image_carousel_69f4fc4f27ee4_script);}<\/script><p>Was uns auch gut gefallen hat: Die Babywanne <strong>besitzt ein erweiterbares Verdeck.<\/strong> Dieses findest Du unter dem Tragegriff. Es l&auml;sst sich ganz einfach aus- und einklappen und dient als zus&auml;tzlicher Schutz vor Sonne und Wind. Das gesamte Verdeck des Hauck Walk N Care ist <strong>mit UV-Schutz 50+ versehen.<\/strong><\/p><h3 class=\"wp-block-heading\" id=\"h-griff-mit-details-aus-eco-leder\">Griff mit Details aus ECO-Leder<\/h3><figure class=\"wp-block-image size-large\"><img loading=\"lazy\" decoding=\"async\" width=\"1050\" height=\"701\" src=\"https:\/\/www.babyartikel.de\/magazin\/wp-content\/uploads\/2022\/06\/hauck-walk-care-griff-babywanne-1050x701.jpg\" alt=\"hauck walk care griff babywanne\" class=\"wp-image-861044\" srcset=\"https:\/\/media.babyartikel.de\/magazin\/wp-content\/uploads\/2022\/06\/hauck-walk-care-griff-babywanne-1050x701.jpg 1050w, https:\/\/media.babyartikel.de\/magazin\/wp-content\/uploads\/2022\/06\/hauck-walk-care-griff-babywanne-690x461.jpg 690w, https:\/\/media.babyartikel.de\/magazin\/wp-content\/uploads\/2022\/06\/hauck-walk-care-griff-babywanne-150x100.jpg 150w, https:\/\/media.babyartikel.de\/magazin\/wp-content\/uploads\/2022\/06\/hauck-walk-care-griff-babywanne-768x513.jpg 768w, https:\/\/media.babyartikel.de\/magazin\/wp-content\/uploads\/2022\/06\/hauck-walk-care-griff-babywanne-1536x1025.jpg 1536w, https:\/\/media.babyartikel.de\/magazin\/wp-content\/uploads\/2022\/06\/hauck-walk-care-griff-babywanne-2048x1367.jpg 2048w, https:\/\/media.babyartikel.de\/magazin\/wp-content\/uploads\/2022\/06\/hauck-walk-care-griff-babywanne-272x182.jpg 272w\" sizes=\"auto, (max-width: 1050px) 100vw, 1050px\"><\/figure><p>Tragen l&auml;sst sich die Babywanne an dem <strong>mit ECO-Leder umkleideten Griff.<\/strong> F&uuml;r unsere Begriffe k&ouml;nnte dieser etwas st&auml;rker gepolstert sein, denn die <strong>Babywanne bringt einiges an Gewicht auf die Waage<\/strong> (6,35 kg). Da man die Wanne keine weiten Strecken tr&auml;gt, sehen wir das nicht als gro&szlig;en Nachteil an. Wenn Du jedoch im 5. Stock wohnst, k&ouml;nnte das Tragen etwas anstrengend werden.<\/p><div class=\"su-box su-box-style-default\" id=\"\" style=\"border-color:#679b9c;border-radius:3px;\"><div class=\"su-box-title\" style=\"background-color:#9acecf;color:#FFFFFF;border-top-left-radius:1px;border-top-right-radius:1px\"><b>Was ist ECO-Leder?<\/b><\/div><div class=\"su-box-content su-u-clearfix su-u-trim\" style=\"border-bottom-left-radius:1px;border-bottom-right-radius:1px\">ECO-Leder besteht zu 70% aus Leder und zu 30% aus Polyester. Das Material wird nachhaltig produziert und ist aufgrund seiner Beschaffenheit besonders robust und best&auml;ndig.<\/div><\/div><h3 class=\"wp-block-heading\" id=\"h-babywanne-flach-zusammenfaltbar\">Babywanne flach zusammenfaltbar<\/h3><p>Ein besonderer Vorteil f&uuml;r Eltern mit kleinerem Auto: Die <strong>Babywanne l&auml;sst sich nahezu flach zusammenfalten!<\/strong> Dazu l&ouml;sen wir die Stab-Verbindungen unter der Matratze und schon senken sich die Seitenr&auml;nder nach unten.<\/p><h2 class=\"wp-block-heading\" id=\"h-das-gestell-robust-und-bestandig\"><span class=\"ez-toc-section\" id=\"Das_Gestell_%E2%80%93_robust_und_bestaendig\"><\/span>Das Gestell &ndash; robust und best&auml;ndig<span class=\"ez-toc-section-end\"><\/span><\/h2><h3 class=\"wp-block-heading\" id=\"h-kompaktes-gestell-auch-fur-den-kleineren-kofferraum\">Kompaktes Gestell auch f&uuml;r den kleineren Kofferraum<\/h3><figure class=\"wp-block-image size-large\"><img loading=\"lazy\" decoding=\"async\" width=\"1050\" height=\"701\" src=\"https:\/\/www.babyartikel.de\/magazin\/wp-content\/uploads\/2022\/06\/walk-n-care-zusammenklappt-kofferraum-1050x701.jpg\" alt=\"walk n care zusammengeklappt im kofferraum eines vw golf\" class=\"wp-image-861045\" srcset=\"https:\/\/media.babyartikel.de\/magazin\/wp-content\/uploads\/2022\/06\/walk-n-care-zusammenklappt-kofferraum-1050x701.jpg 1050w, https:\/\/media.babyartikel.de\/magazin\/wp-content\/uploads\/2022\/06\/walk-n-care-zusammenklappt-kofferraum-690x461.jpg 690w, https:\/\/media.babyartikel.de\/magazin\/wp-content\/uploads\/2022\/06\/walk-n-care-zusammenklappt-kofferraum-150x100.jpg 150w, https:\/\/media.babyartikel.de\/magazin\/wp-content\/uploads\/2022\/06\/walk-n-care-zusammenklappt-kofferraum-768x513.jpg 768w, https:\/\/media.babyartikel.de\/magazin\/wp-content\/uploads\/2022\/06\/walk-n-care-zusammenklappt-kofferraum-1536x1025.jpg 1536w, https:\/\/media.babyartikel.de\/magazin\/wp-content\/uploads\/2022\/06\/walk-n-care-zusammenklappt-kofferraum-2048x1367.jpg 2048w, https:\/\/media.babyartikel.de\/magazin\/wp-content\/uploads\/2022\/06\/walk-n-care-zusammenklappt-kofferraum-272x182.jpg 272w\" sizes=\"auto, (max-width: 1050px) 100vw, 1050px\"><\/figure><p>Ebenfalls echt praktisch: Das Gestell des Walk N Care Kombi-Kinderwagens <strong>passt zusammengefaltet auch in einen kleineren Kofferraum,<\/strong> wir haben es bei einem VW Golf ausprobiert. Wenn Du einen noch kompakteren Kofferraum hast, kannst Du mit einem Klick die Hinterr&auml;der abnehmen. <strong>Zusammengeklappt messen wir 74 x 60 x 31 cm,<\/strong> das kann sich sehen lassen.<\/p><div style=\"clear:both\"><\/div><div id=\"productPanel284\" class=\"product-panel-bottom\">&nbsp;<\/div><script type=\"module\">\n\t\t\t\t\t\t\trequestProductPanel(\"https:\/\/www.babyartikel.de\/magazin\/wp-content\/plugins\/wp-productpanel2\/ProductPanel.php\", \"?panel_type=automatic&basis_category=1-KW-KS&basis_product=202200002436,202500001099&swipe_mobile=1&postid=859531&template=automatic&max=8&productPanelId=284&solrQuery=\", 284, 1);\n\t\t\t\t\t\t<\/script><a style=\"\" class=\"link-to-product \" title=\"Walk N Care kaufen\" href=\"http:\/\/www.babyartikel.de\/prod\/hauck-kombi-kinderwagen-walk-n-care-set-inkl-babywanne-sportsitz-beindecke-und-getrankehalter-bis-22kg-belastbar-dark-blue\">\n                        Walk N Care kaufen\n                    <\/a><h3 class=\"wp-block-heading\" id=\"h-hohenverstellbarer-teleskop-schieber\">H&ouml;henverstellbarer Teleskop-Schieber<\/h3><div class=\"su-image-carousel  su-image-carousel-has-spacing su-image-carousel-has-outline su-image-carousel-adaptive su-image-carousel-slides-style-default su-image-carousel-controls-style-light su-image-carousel-align-center\" style=\"\" data-flickity-options='{\"groupCells\":true,\"cellSelector\":\".su-image-carousel-item\",\"adaptiveHeight\":true,\"cellAlign\":\"left\",\"prevNextButtons\":true,\"pageDots\":false,\"autoPlay\":false,\"imagesLoaded\":true,\"contain\":false,\"selectedAttraction\":0.025,\"friction\":0.28}' id=\"su_image_carousel_69f4fc4f6d4c6\"><div class=\"su-image-carousel-item\"><div class=\"su-image-carousel-item-content\">    <picture>\n        <source type=\"image\/avif\" srcset=\"https:\/\/media.babyartikel.de\/magazin\/wp-content\/uploads\/2022\/06\/hauck-n-care-test-schiebestange-scaled.jpg?preset=large&amp;format=avif&amp;dpr=1 1x, https:\/\/media.babyartikel.de\/magazin\/wp-content\/uploads\/2022\/06\/hauck-n-care-test-schiebestange-scaled.jpg?preset=large&amp;format=avif&amp;dpr=2 2x, https:\/\/media.babyartikel.de\/magazin\/wp-content\/uploads\/2022\/06\/hauck-n-care-test-schiebestange-scaled.jpg?preset=large&amp;format=avif&amp;dpr=3 3x\">\n        <source type=\"image\/webp\" srcset=\"https:\/\/media.babyartikel.de\/magazin\/wp-content\/uploads\/2022\/06\/hauck-n-care-test-schiebestange-scaled.jpg?preset=large&amp;format=webp&amp;dpr=1 1x, https:\/\/media.babyartikel.de\/magazin\/wp-content\/uploads\/2022\/06\/hauck-n-care-test-schiebestange-scaled.jpg?preset=large&amp;format=webp&amp;dpr=2 2x, https:\/\/media.babyartikel.de\/magazin\/wp-content\/uploads\/2022\/06\/hauck-n-care-test-schiebestange-scaled.jpg?preset=large&amp;format=webp&amp;dpr=3 3x\">\n        <source type=\"image\/jpeg\" srcset=\"https:\/\/media.babyartikel.de\/magazin\/wp-content\/uploads\/2022\/06\/hauck-n-care-test-schiebestange-scaled.jpg?preset=large&amp;format=jpeg&amp;dpr=1 1x, https:\/\/media.babyartikel.de\/magazin\/wp-content\/uploads\/2022\/06\/hauck-n-care-test-schiebestange-scaled.jpg?preset=large&amp;format=jpeg&amp;dpr=2 2x, https:\/\/media.babyartikel.de\/magazin\/wp-content\/uploads\/2022\/06\/hauck-n-care-test-schiebestange-scaled.jpg?preset=large&amp;format=jpeg&amp;dpr=3 3x\">\n        <source type=\"image\/jpeg\" srcset=\"https:\/\/media.babyartikel.de\/magazin\/wp-content\/uploads\/2022\/06\/hauck-n-care-test-schiebestange-scaled.jpg?preset=large&amp;dpr=1 1x, https:\/\/media.babyartikel.de\/magazin\/wp-content\/uploads\/2022\/06\/hauck-n-care-test-schiebestange-scaled.jpg?preset=large&amp;dpr=2 2x, https:\/\/media.babyartikel.de\/magazin\/wp-content\/uploads\/2022\/06\/hauck-n-care-test-schiebestange-scaled.jpg?preset=large&amp;dpr=3 3x\">\n        <img loading=\"lazy\" decoding=\"async\" width=\"690\" height=\"461\" src=\"https:\/\/media.babyartikel.de\/magazin\/wp-content\/uploads\/2022\/06\/hauck-n-care-test-schiebestange-690x461.jpg\" class=\" wp-image-861049\" alt=\"schiebestange walk n care kinderwagen\" srcset=\"https:\/\/media.babyartikel.de\/magazin\/wp-content\/uploads\/2022\/06\/hauck-n-care-test-schiebestange-690x461.jpg 690w, https:\/\/media.babyartikel.de\/magazin\/wp-content\/uploads\/2022\/06\/hauck-n-care-test-schiebestange-1050x701.jpg 1050w, https:\/\/media.babyartikel.de\/magazin\/wp-content\/uploads\/2022\/06\/hauck-n-care-test-schiebestange-150x100.jpg 150w, https:\/\/media.babyartikel.de\/magazin\/wp-content\/uploads\/2022\/06\/hauck-n-care-test-schiebestange-768x513.jpg 768w, https:\/\/media.babyartikel.de\/magazin\/wp-content\/uploads\/2022\/06\/hauck-n-care-test-schiebestange-1536x1025.jpg 1536w, https:\/\/media.babyartikel.de\/magazin\/wp-content\/uploads\/2022\/06\/hauck-n-care-test-schiebestange-2048x1367.jpg 2048w, https:\/\/media.babyartikel.de\/magazin\/wp-content\/uploads\/2022\/06\/hauck-n-care-test-schiebestange-272x182.jpg 272w\" sizes=\"auto, (max-width: 690px) 100vw, 690px\">\n    <\/source><\/source><\/source><\/source><\/picture><span><\/span><\/div><\/div><div class=\"su-image-carousel-item\"><div class=\"su-image-carousel-item-content\">    <picture>\n        <source type=\"image\/avif\" srcset=\"https:\/\/media.babyartikel.de\/magazin\/wp-content\/uploads\/2022\/06\/schieber-walk-n-care-minimal-scaled.jpg?preset=large&amp;format=avif&amp;dpr=1 1x, https:\/\/media.babyartikel.de\/magazin\/wp-content\/uploads\/2022\/06\/schieber-walk-n-care-minimal-scaled.jpg?preset=large&amp;format=avif&amp;dpr=2 2x, https:\/\/media.babyartikel.de\/magazin\/wp-content\/uploads\/2022\/06\/schieber-walk-n-care-minimal-scaled.jpg?preset=large&amp;format=avif&amp;dpr=3 3x\">\n        <source type=\"image\/webp\" srcset=\"https:\/\/media.babyartikel.de\/magazin\/wp-content\/uploads\/2022\/06\/schieber-walk-n-care-minimal-scaled.jpg?preset=large&amp;format=webp&amp;dpr=1 1x, https:\/\/media.babyartikel.de\/magazin\/wp-content\/uploads\/2022\/06\/schieber-walk-n-care-minimal-scaled.jpg?preset=large&amp;format=webp&amp;dpr=2 2x, https:\/\/media.babyartikel.de\/magazin\/wp-content\/uploads\/2022\/06\/schieber-walk-n-care-minimal-scaled.jpg?preset=large&amp;format=webp&amp;dpr=3 3x\">\n        <source type=\"image\/jpeg\" srcset=\"https:\/\/media.babyartikel.de\/magazin\/wp-content\/uploads\/2022\/06\/schieber-walk-n-care-minimal-scaled.jpg?preset=large&amp;format=jpeg&amp;dpr=1 1x, https:\/\/media.babyartikel.de\/magazin\/wp-content\/uploads\/2022\/06\/schieber-walk-n-care-minimal-scaled.jpg?preset=large&amp;format=jpeg&amp;dpr=2 2x, https:\/\/media.babyartikel.de\/magazin\/wp-content\/uploads\/2022\/06\/schieber-walk-n-care-minimal-scaled.jpg?preset=large&amp;format=jpeg&amp;dpr=3 3x\">\n        <source type=\"image\/jpeg\" srcset=\"https:\/\/media.babyartikel.de\/magazin\/wp-content\/uploads\/2022\/06\/schieber-walk-n-care-minimal-scaled.jpg?preset=large&amp;dpr=1 1x, https:\/\/media.babyartikel.de\/magazin\/wp-content\/uploads\/2022\/06\/schieber-walk-n-care-minimal-scaled.jpg?preset=large&amp;dpr=2 2x, https:\/\/media.babyartikel.de\/magazin\/wp-content\/uploads\/2022\/06\/schieber-walk-n-care-minimal-scaled.jpg?preset=large&amp;dpr=3 3x\">\n        <img loading=\"lazy\" decoding=\"async\" width=\"690\" height=\"461\" src=\"https:\/\/media.babyartikel.de\/magazin\/wp-content\/uploads\/2022\/06\/schieber-walk-n-care-minimal-690x461.jpg\" class=\" wp-image-861047\" alt=\"schieber walk n care minimale hoehe\" srcset=\"https:\/\/media.babyartikel.de\/magazin\/wp-content\/uploads\/2022\/06\/schieber-walk-n-care-minimal-690x461.jpg 690w, https:\/\/media.babyartikel.de\/magazin\/wp-content\/uploads\/2022\/06\/schieber-walk-n-care-minimal-1050x701.jpg 1050w, https:\/\/media.babyartikel.de\/magazin\/wp-content\/uploads\/2022\/06\/schieber-walk-n-care-minimal-150x100.jpg 150w, https:\/\/media.babyartikel.de\/magazin\/wp-content\/uploads\/2022\/06\/schieber-walk-n-care-minimal-768x513.jpg 768w, https:\/\/media.babyartikel.de\/magazin\/wp-content\/uploads\/2022\/06\/schieber-walk-n-care-minimal-1536x1025.jpg 1536w, https:\/\/media.babyartikel.de\/magazin\/wp-content\/uploads\/2022\/06\/schieber-walk-n-care-minimal-2048x1367.jpg 2048w, https:\/\/media.babyartikel.de\/magazin\/wp-content\/uploads\/2022\/06\/schieber-walk-n-care-minimal-272x182.jpg 272w\" sizes=\"auto, (max-width: 690px) 100vw, 690px\">\n    <\/source><\/source><\/source><\/source><\/picture><span><\/span><\/div><\/div><div class=\"su-image-carousel-item\"><div class=\"su-image-carousel-item-content\">    <picture>\n        <source type=\"image\/avif\" srcset=\"https:\/\/media.babyartikel.de\/magazin\/wp-content\/uploads\/2022\/06\/schiebestange-walk-care-maximal-scaled.jpg?preset=large&amp;format=avif&amp;dpr=1 1x, https:\/\/media.babyartikel.de\/magazin\/wp-content\/uploads\/2022\/06\/schiebestange-walk-care-maximal-scaled.jpg?preset=large&amp;format=avif&amp;dpr=2 2x, https:\/\/media.babyartikel.de\/magazin\/wp-content\/uploads\/2022\/06\/schiebestange-walk-care-maximal-scaled.jpg?preset=large&amp;format=avif&amp;dpr=3 3x\">\n        <source type=\"image\/webp\" srcset=\"https:\/\/media.babyartikel.de\/magazin\/wp-content\/uploads\/2022\/06\/schiebestange-walk-care-maximal-scaled.jpg?preset=large&amp;format=webp&amp;dpr=1 1x, https:\/\/media.babyartikel.de\/magazin\/wp-content\/uploads\/2022\/06\/schiebestange-walk-care-maximal-scaled.jpg?preset=large&amp;format=webp&amp;dpr=2 2x, https:\/\/media.babyartikel.de\/magazin\/wp-content\/uploads\/2022\/06\/schiebestange-walk-care-maximal-scaled.jpg?preset=large&amp;format=webp&amp;dpr=3 3x\">\n        <source type=\"image\/jpeg\" srcset=\"https:\/\/media.babyartikel.de\/magazin\/wp-content\/uploads\/2022\/06\/schiebestange-walk-care-maximal-scaled.jpg?preset=large&amp;format=jpeg&amp;dpr=1 1x, https:\/\/media.babyartikel.de\/magazin\/wp-content\/uploads\/2022\/06\/schiebestange-walk-care-maximal-scaled.jpg?preset=large&amp;format=jpeg&amp;dpr=2 2x, https:\/\/media.babyartikel.de\/magazin\/wp-content\/uploads\/2022\/06\/schiebestange-walk-care-maximal-scaled.jpg?preset=large&amp;format=jpeg&amp;dpr=3 3x\">\n        <source type=\"image\/jpeg\" srcset=\"https:\/\/media.babyartikel.de\/magazin\/wp-content\/uploads\/2022\/06\/schiebestange-walk-care-maximal-scaled.jpg?preset=large&amp;dpr=1 1x, https:\/\/media.babyartikel.de\/magazin\/wp-content\/uploads\/2022\/06\/schiebestange-walk-care-maximal-scaled.jpg?preset=large&amp;dpr=2 2x, https:\/\/media.babyartikel.de\/magazin\/wp-content\/uploads\/2022\/06\/schiebestange-walk-care-maximal-scaled.jpg?preset=large&amp;dpr=3 3x\">\n        <img loading=\"lazy\" decoding=\"async\" width=\"690\" height=\"461\" src=\"https:\/\/media.babyartikel.de\/magazin\/wp-content\/uploads\/2022\/06\/schiebestange-walk-care-maximal-690x461.jpg\" class=\" wp-image-861048\" alt=\"schiebestange hauck walk n care maximale h&ouml;he\" srcset=\"https:\/\/media.babyartikel.de\/magazin\/wp-content\/uploads\/2022\/06\/schiebestange-walk-care-maximal-690x461.jpg 690w, https:\/\/media.babyartikel.de\/magazin\/wp-content\/uploads\/2022\/06\/schiebestange-walk-care-maximal-1050x701.jpg 1050w, https:\/\/media.babyartikel.de\/magazin\/wp-content\/uploads\/2022\/06\/schiebestange-walk-care-maximal-150x100.jpg 150w, https:\/\/media.babyartikel.de\/magazin\/wp-content\/uploads\/2022\/06\/schiebestange-walk-care-maximal-768x513.jpg 768w, https:\/\/media.babyartikel.de\/magazin\/wp-content\/uploads\/2022\/06\/schiebestange-walk-care-maximal-1536x1025.jpg 1536w, https:\/\/media.babyartikel.de\/magazin\/wp-content\/uploads\/2022\/06\/schiebestange-walk-care-maximal-2048x1367.jpg 2048w, https:\/\/media.babyartikel.de\/magazin\/wp-content\/uploads\/2022\/06\/schiebestange-walk-care-maximal-272x182.jpg 272w\" sizes=\"auto, (max-width: 690px) 100vw, 690px\">\n    <\/source><\/source><\/source><\/source><\/picture><span><\/span><\/div><\/div><\/div><script id=\"su_image_carousel_69f4fc4f6d4c6_script\">if(window.SUImageCarousel){setTimeout(function() {window.SUImageCarousel.initGallery(document.getElementById(\"su_image_carousel_69f4fc4f6d4c6\"))}, 0);}var su_image_carousel_69f4fc4f6d4c6_script=document.getElementById(\"su_image_carousel_69f4fc4f6d4c6_script\");if(su_image_carousel_69f4fc4f6d4c6_script){su_image_carousel_69f4fc4f6d4c6_script.parentNode.removeChild(su_image_carousel_69f4fc4f6d4c6_script);}<\/script><p>Die Schiebestange ist, wie auch der Griff der Babywanne, mit ECO-Leder gepolstert. Sie liegt gut in der Hand und ist <strong>mittels Teleskop-Mechanismus von 93 cm bis auf eine H&ouml;he von 108 cm einstellbar.<\/strong> F&uuml;r unsere Begriffe ist die Schiebestange in der obersten Einstellung ein wenig wackelig, das gibt einen kleinen Minuspunkt. <\/p><figure class=\"wp-block-image size-large\"><img loading=\"lazy\" decoding=\"async\" width=\"1050\" height=\"701\" src=\"https:\/\/www.babyartikel.de\/magazin\/wp-content\/uploads\/2022\/06\/getraenkehalter-walk-n-care-1050x701.jpg\" alt=\"getraenkehalter beim walk n care sportwagen\" class=\"wp-image-861065\" srcset=\"https:\/\/media.babyartikel.de\/magazin\/wp-content\/uploads\/2022\/06\/getraenkehalter-walk-n-care-1050x701.jpg 1050w, https:\/\/media.babyartikel.de\/magazin\/wp-content\/uploads\/2022\/06\/getraenkehalter-walk-n-care-690x461.jpg 690w, https:\/\/media.babyartikel.de\/magazin\/wp-content\/uploads\/2022\/06\/getraenkehalter-walk-n-care-150x100.jpg 150w, https:\/\/media.babyartikel.de\/magazin\/wp-content\/uploads\/2022\/06\/getraenkehalter-walk-n-care-768x513.jpg 768w, https:\/\/media.babyartikel.de\/magazin\/wp-content\/uploads\/2022\/06\/getraenkehalter-walk-n-care-1536x1025.jpg 1536w, https:\/\/media.babyartikel.de\/magazin\/wp-content\/uploads\/2022\/06\/getraenkehalter-walk-n-care-2048x1367.jpg 2048w, https:\/\/media.babyartikel.de\/magazin\/wp-content\/uploads\/2022\/06\/getraenkehalter-walk-n-care-272x182.jpg 272w\" sizes=\"auto, (max-width: 1050px) 100vw, 1050px\"><\/figure><p>Mit im Lieferumfang enthalten: <strong>Ein praktischer Getr&auml;nkehalter,<\/strong> der an der Schiebestange befestigt werden kann.<\/p><h3 class=\"wp-block-heading\" id=\"h-hauck-walk-n-care-test-abmessungen-und-gewicht\">Hauck Walk N Care Test: Abmessungen und Gewicht<\/h3><figure class=\"wp-block-table is-style-stripes\"><table><tbody><tr><td><strong>Abmessungen<\/strong><\/td><td>98 x 60 x 107 cm<\/td><\/tr><tr><td><strong>Klappma&szlig;<\/strong><\/td><td>74 x 60 x 31 cm<\/td><\/tr><tr><td><strong>Liegefl&auml;che<\/strong><\/td><td>87 x 28 cm<\/td><\/tr><tr><td><strong>Sitzfl&auml;che<\/strong><\/td><td>22 x 28 cm<\/td><\/tr><tr><td><strong>Gewicht<\/strong><\/td><td>11,55 kg<\/td><\/tr><\/tbody><\/table><\/figure><h3 class=\"wp-block-heading\" id=\"h-leichtgangige-feststellbremse\">Leichtg&auml;ngige Feststellbremse<\/h3><div class=\"su-image-carousel  su-image-carousel-has-spacing su-image-carousel-has-outline su-image-carousel-adaptive su-image-carousel-slides-style-default su-image-carousel-controls-style-light su-image-carousel-align-center\" style=\"\" data-flickity-options='{\"groupCells\":true,\"cellSelector\":\".su-image-carousel-item\",\"adaptiveHeight\":true,\"cellAlign\":\"left\",\"prevNextButtons\":true,\"pageDots\":false,\"autoPlay\":false,\"imagesLoaded\":true,\"contain\":false,\"selectedAttraction\":0.025,\"friction\":0.28}' id=\"su_image_carousel_69f4fc4f920ef\"><div class=\"su-image-carousel-item\"><div class=\"su-image-carousel-item-content\">    <picture>\n        <source type=\"image\/avif\" srcset=\"https:\/\/media.babyartikel.de\/magazin\/wp-content\/uploads\/2022\/06\/bremse-hauck-walk-care-scaled.jpg?preset=large&amp;format=avif&amp;dpr=1 1x, https:\/\/media.babyartikel.de\/magazin\/wp-content\/uploads\/2022\/06\/bremse-hauck-walk-care-scaled.jpg?preset=large&amp;format=avif&amp;dpr=2 2x, https:\/\/media.babyartikel.de\/magazin\/wp-content\/uploads\/2022\/06\/bremse-hauck-walk-care-scaled.jpg?preset=large&amp;format=avif&amp;dpr=3 3x\">\n        <source type=\"image\/webp\" srcset=\"https:\/\/media.babyartikel.de\/magazin\/wp-content\/uploads\/2022\/06\/bremse-hauck-walk-care-scaled.jpg?preset=large&amp;format=webp&amp;dpr=1 1x, https:\/\/media.babyartikel.de\/magazin\/wp-content\/uploads\/2022\/06\/bremse-hauck-walk-care-scaled.jpg?preset=large&amp;format=webp&amp;dpr=2 2x, https:\/\/media.babyartikel.de\/magazin\/wp-content\/uploads\/2022\/06\/bremse-hauck-walk-care-scaled.jpg?preset=large&amp;format=webp&amp;dpr=3 3x\">\n        <source type=\"image\/jpeg\" srcset=\"https:\/\/media.babyartikel.de\/magazin\/wp-content\/uploads\/2022\/06\/bremse-hauck-walk-care-scaled.jpg?preset=large&amp;format=jpeg&amp;dpr=1 1x, https:\/\/media.babyartikel.de\/magazin\/wp-content\/uploads\/2022\/06\/bremse-hauck-walk-care-scaled.jpg?preset=large&amp;format=jpeg&amp;dpr=2 2x, https:\/\/media.babyartikel.de\/magazin\/wp-content\/uploads\/2022\/06\/bremse-hauck-walk-care-scaled.jpg?preset=large&amp;format=jpeg&amp;dpr=3 3x\">\n        <source type=\"image\/jpeg\" srcset=\"https:\/\/media.babyartikel.de\/magazin\/wp-content\/uploads\/2022\/06\/bremse-hauck-walk-care-scaled.jpg?preset=large&amp;dpr=1 1x, https:\/\/media.babyartikel.de\/magazin\/wp-content\/uploads\/2022\/06\/bremse-hauck-walk-care-scaled.jpg?preset=large&amp;dpr=2 2x, https:\/\/media.babyartikel.de\/magazin\/wp-content\/uploads\/2022\/06\/bremse-hauck-walk-care-scaled.jpg?preset=large&amp;dpr=3 3x\">\n        <img loading=\"lazy\" decoding=\"async\" width=\"690\" height=\"461\" src=\"https:\/\/media.babyartikel.de\/magazin\/wp-content\/uploads\/2022\/06\/bremse-hauck-walk-care-690x461.jpg\" class=\" wp-image-861051\" alt=\"feststellbremse hauck walk n care test\" srcset=\"https:\/\/media.babyartikel.de\/magazin\/wp-content\/uploads\/2022\/06\/bremse-hauck-walk-care-690x461.jpg 690w, https:\/\/media.babyartikel.de\/magazin\/wp-content\/uploads\/2022\/06\/bremse-hauck-walk-care-1050x701.jpg 1050w, https:\/\/media.babyartikel.de\/magazin\/wp-content\/uploads\/2022\/06\/bremse-hauck-walk-care-150x100.jpg 150w, https:\/\/media.babyartikel.de\/magazin\/wp-content\/uploads\/2022\/06\/bremse-hauck-walk-care-768x513.jpg 768w, https:\/\/media.babyartikel.de\/magazin\/wp-content\/uploads\/2022\/06\/bremse-hauck-walk-care-1536x1025.jpg 1536w, https:\/\/media.babyartikel.de\/magazin\/wp-content\/uploads\/2022\/06\/bremse-hauck-walk-care-2048x1367.jpg 2048w, https:\/\/media.babyartikel.de\/magazin\/wp-content\/uploads\/2022\/06\/bremse-hauck-walk-care-272x182.jpg 272w\" sizes=\"auto, (max-width: 690px) 100vw, 690px\">\n    <\/source><\/source><\/source><\/source><\/picture><span><\/span><\/div><\/div><div class=\"su-image-carousel-item\"><div class=\"su-image-carousel-item-content\">    <picture>\n        <source type=\"image\/avif\" srcset=\"https:\/\/media.babyartikel.de\/magazin\/wp-content\/uploads\/2022\/06\/feststellbremse-betaetigen-walk-care-scaled.jpg?preset=large&amp;format=avif&amp;dpr=1 1x, https:\/\/media.babyartikel.de\/magazin\/wp-content\/uploads\/2022\/06\/feststellbremse-betaetigen-walk-care-scaled.jpg?preset=large&amp;format=avif&amp;dpr=2 2x, https:\/\/media.babyartikel.de\/magazin\/wp-content\/uploads\/2022\/06\/feststellbremse-betaetigen-walk-care-scaled.jpg?preset=large&amp;format=avif&amp;dpr=3 3x\">\n        <source type=\"image\/webp\" srcset=\"https:\/\/media.babyartikel.de\/magazin\/wp-content\/uploads\/2022\/06\/feststellbremse-betaetigen-walk-care-scaled.jpg?preset=large&amp;format=webp&amp;dpr=1 1x, https:\/\/media.babyartikel.de\/magazin\/wp-content\/uploads\/2022\/06\/feststellbremse-betaetigen-walk-care-scaled.jpg?preset=large&amp;format=webp&amp;dpr=2 2x, https:\/\/media.babyartikel.de\/magazin\/wp-content\/uploads\/2022\/06\/feststellbremse-betaetigen-walk-care-scaled.jpg?preset=large&amp;format=webp&amp;dpr=3 3x\">\n        <source type=\"image\/jpeg\" srcset=\"https:\/\/media.babyartikel.de\/magazin\/wp-content\/uploads\/2022\/06\/feststellbremse-betaetigen-walk-care-scaled.jpg?preset=large&amp;format=jpeg&amp;dpr=1 1x, https:\/\/media.babyartikel.de\/magazin\/wp-content\/uploads\/2022\/06\/feststellbremse-betaetigen-walk-care-scaled.jpg?preset=large&amp;format=jpeg&amp;dpr=2 2x, https:\/\/media.babyartikel.de\/magazin\/wp-content\/uploads\/2022\/06\/feststellbremse-betaetigen-walk-care-scaled.jpg?preset=large&amp;format=jpeg&amp;dpr=3 3x\">\n        <source type=\"image\/jpeg\" srcset=\"https:\/\/media.babyartikel.de\/magazin\/wp-content\/uploads\/2022\/06\/feststellbremse-betaetigen-walk-care-scaled.jpg?preset=large&amp;dpr=1 1x, https:\/\/media.babyartikel.de\/magazin\/wp-content\/uploads\/2022\/06\/feststellbremse-betaetigen-walk-care-scaled.jpg?preset=large&amp;dpr=2 2x, https:\/\/media.babyartikel.de\/magazin\/wp-content\/uploads\/2022\/06\/feststellbremse-betaetigen-walk-care-scaled.jpg?preset=large&amp;dpr=3 3x\">\n        <img loading=\"lazy\" decoding=\"async\" width=\"690\" height=\"461\" src=\"https:\/\/media.babyartikel.de\/magazin\/wp-content\/uploads\/2022\/06\/feststellbremse-betaetigen-walk-care-690x461.jpg\" class=\" wp-image-861052\" alt=\"bremse bet&auml;tigen beim hauck n care kinderwagen\" srcset=\"https:\/\/media.babyartikel.de\/magazin\/wp-content\/uploads\/2022\/06\/feststellbremse-betaetigen-walk-care-690x461.jpg 690w, https:\/\/media.babyartikel.de\/magazin\/wp-content\/uploads\/2022\/06\/feststellbremse-betaetigen-walk-care-1050x701.jpg 1050w, https:\/\/media.babyartikel.de\/magazin\/wp-content\/uploads\/2022\/06\/feststellbremse-betaetigen-walk-care-150x100.jpg 150w, https:\/\/media.babyartikel.de\/magazin\/wp-content\/uploads\/2022\/06\/feststellbremse-betaetigen-walk-care-768x513.jpg 768w, https:\/\/media.babyartikel.de\/magazin\/wp-content\/uploads\/2022\/06\/feststellbremse-betaetigen-walk-care-1536x1025.jpg 1536w, https:\/\/media.babyartikel.de\/magazin\/wp-content\/uploads\/2022\/06\/feststellbremse-betaetigen-walk-care-2048x1367.jpg 2048w, https:\/\/media.babyartikel.de\/magazin\/wp-content\/uploads\/2022\/06\/feststellbremse-betaetigen-walk-care-272x182.jpg 272w\" sizes=\"auto, (max-width: 690px) 100vw, 690px\">\n    <\/source><\/source><\/source><\/source><\/picture><span><\/span><\/div><\/div><div class=\"su-image-carousel-item\"><div class=\"su-image-carousel-item-content\">    <picture>\n        <source type=\"image\/avif\" srcset=\"https:\/\/media.babyartikel.de\/magazin\/wp-content\/uploads\/2022\/06\/bremse-loesen-walk-n-care-scaled.jpg?preset=large&amp;format=avif&amp;dpr=1 1x, https:\/\/media.babyartikel.de\/magazin\/wp-content\/uploads\/2022\/06\/bremse-loesen-walk-n-care-scaled.jpg?preset=large&amp;format=avif&amp;dpr=2 2x, https:\/\/media.babyartikel.de\/magazin\/wp-content\/uploads\/2022\/06\/bremse-loesen-walk-n-care-scaled.jpg?preset=large&amp;format=avif&amp;dpr=3 3x\">\n        <source type=\"image\/webp\" srcset=\"https:\/\/media.babyartikel.de\/magazin\/wp-content\/uploads\/2022\/06\/bremse-loesen-walk-n-care-scaled.jpg?preset=large&amp;format=webp&amp;dpr=1 1x, https:\/\/media.babyartikel.de\/magazin\/wp-content\/uploads\/2022\/06\/bremse-loesen-walk-n-care-scaled.jpg?preset=large&amp;format=webp&amp;dpr=2 2x, https:\/\/media.babyartikel.de\/magazin\/wp-content\/uploads\/2022\/06\/bremse-loesen-walk-n-care-scaled.jpg?preset=large&amp;format=webp&amp;dpr=3 3x\">\n        <source type=\"image\/jpeg\" srcset=\"https:\/\/media.babyartikel.de\/magazin\/wp-content\/uploads\/2022\/06\/bremse-loesen-walk-n-care-scaled.jpg?preset=large&amp;format=jpeg&amp;dpr=1 1x, https:\/\/media.babyartikel.de\/magazin\/wp-content\/uploads\/2022\/06\/bremse-loesen-walk-n-care-scaled.jpg?preset=large&amp;format=jpeg&amp;dpr=2 2x, https:\/\/media.babyartikel.de\/magazin\/wp-content\/uploads\/2022\/06\/bremse-loesen-walk-n-care-scaled.jpg?preset=large&amp;format=jpeg&amp;dpr=3 3x\">\n        <source type=\"image\/jpeg\" srcset=\"https:\/\/media.babyartikel.de\/magazin\/wp-content\/uploads\/2022\/06\/bremse-loesen-walk-n-care-scaled.jpg?preset=large&amp;dpr=1 1x, https:\/\/media.babyartikel.de\/magazin\/wp-content\/uploads\/2022\/06\/bremse-loesen-walk-n-care-scaled.jpg?preset=large&amp;dpr=2 2x, https:\/\/media.babyartikel.de\/magazin\/wp-content\/uploads\/2022\/06\/bremse-loesen-walk-n-care-scaled.jpg?preset=large&amp;dpr=3 3x\">\n        <img loading=\"lazy\" decoding=\"async\" width=\"690\" height=\"461\" src=\"https:\/\/media.babyartikel.de\/magazin\/wp-content\/uploads\/2022\/06\/bremse-loesen-walk-n-care-690x461.jpg\" class=\" wp-image-861053\" alt=\"feststellbremse l&ouml;sen am walk n care\" srcset=\"https:\/\/media.babyartikel.de\/magazin\/wp-content\/uploads\/2022\/06\/bremse-loesen-walk-n-care-690x461.jpg 690w, https:\/\/media.babyartikel.de\/magazin\/wp-content\/uploads\/2022\/06\/bremse-loesen-walk-n-care-1050x701.jpg 1050w, https:\/\/media.babyartikel.de\/magazin\/wp-content\/uploads\/2022\/06\/bremse-loesen-walk-n-care-150x100.jpg 150w, https:\/\/media.babyartikel.de\/magazin\/wp-content\/uploads\/2022\/06\/bremse-loesen-walk-n-care-768x513.jpg 768w, https:\/\/media.babyartikel.de\/magazin\/wp-content\/uploads\/2022\/06\/bremse-loesen-walk-n-care-1536x1025.jpg 1536w, https:\/\/media.babyartikel.de\/magazin\/wp-content\/uploads\/2022\/06\/bremse-loesen-walk-n-care-2048x1367.jpg 2048w, https:\/\/media.babyartikel.de\/magazin\/wp-content\/uploads\/2022\/06\/bremse-loesen-walk-n-care-272x182.jpg 272w\" sizes=\"auto, (max-width: 690px) 100vw, 690px\">\n    <\/source><\/source><\/source><\/source><\/picture><span><\/span><\/div><\/div><\/div><script id=\"su_image_carousel_69f4fc4f920ef_script\">if(window.SUImageCarousel){setTimeout(function() {window.SUImageCarousel.initGallery(document.getElementById(\"su_image_carousel_69f4fc4f920ef\"))}, 0);}var su_image_carousel_69f4fc4f920ef_script=document.getElementById(\"su_image_carousel_69f4fc4f920ef_script\");if(su_image_carousel_69f4fc4f920ef_script){su_image_carousel_69f4fc4f920ef_script.parentNode.removeChild(su_image_carousel_69f4fc4f920ef_script);}<\/script><p>Die Bremse des Walk N Care funktioniert <strong>mittels Klick mit dem Fu&szlig;. <\/strong>Sie ist leichtg&auml;ngig und h&auml;lt den Kinderwagen festgestellt gut in Position.<\/p><h3 class=\"wp-block-heading\" id=\"h-gestell-kombinierbar-mit-vielen-babyschalen\">Gestell kombinierbar mit vielen Babyschalen<\/h3><p>Wenn Du einmal nur mit der Babyschale unterwegs bist, dann kannst Du <a href=\"https:\/\/www.babyartikel.de\/prod\/hauck-babyschalen-adapter-fuer-walk-n-care-kinderwagen-passend-fuer-maxi-cosi-cybex-joie\">mit einem zus&auml;tzlichen Adapter<\/a> <strong>Deine Schale mit einem Klick auf dem Gestell des Walk N Care befestigen.<\/strong> So musst Dein Baby f&uuml;r den Wechsel vom Autofahren zum Kinderwagen nicht unn&ouml;tig aufwecken.<br><strong>Folgende Babyschalen wurden vom Hersteller als passend getestet:<\/strong><\/p><figure class=\"wp-block-table is-style-stripes\"><table><tbody><tr><td><strong>Maxi-Cosi<\/strong><\/td><td>Cabriofix, Pebble Pro, Pebble Plus, Pebble 360, Coral 360, Cabriofix i-Size, Marble, City<\/td><\/tr><tr><td><strong>Cybex<\/strong><\/td><td>Aton (1 &ndash; 5), Aton i-Size, Aton M, Aton S2, Aton B, Cloud Z<\/td><\/tr><tr><td><strong>Joie<\/strong><\/td><td>Gemm, i-Gemm 2, i-Leven, i-Snug<\/td><\/tr><\/tbody><\/table><\/figure><h3 class=\"wp-block-heading\" id=\"h-pannensichere-reifen-mit-vierfacher-federung\">Pannensichere Reifen mit vierfacher Federung<\/h3><div class=\"su-image-carousel  su-image-carousel-has-spacing su-image-carousel-has-outline su-image-carousel-adaptive su-image-carousel-slides-style-default su-image-carousel-controls-style-light su-image-carousel-align-center\" style=\"\" data-flickity-options='{\"groupCells\":true,\"cellSelector\":\".su-image-carousel-item\",\"adaptiveHeight\":true,\"cellAlign\":\"left\",\"prevNextButtons\":true,\"pageDots\":false,\"autoPlay\":false,\"imagesLoaded\":true,\"contain\":false,\"selectedAttraction\":0.025,\"friction\":0.28}' id=\"su_image_carousel_69f4fc4faaeb5\"><div class=\"su-image-carousel-item\"><div class=\"su-image-carousel-item-content\">    <picture>\n        <source type=\"image\/avif\" srcset=\"https:\/\/media.babyartikel.de\/magazin\/wp-content\/uploads\/2022\/06\/vorderrad-hauck-walk-care-scaled.jpg?preset=large&amp;format=avif&amp;dpr=1 1x, https:\/\/media.babyartikel.de\/magazin\/wp-content\/uploads\/2022\/06\/vorderrad-hauck-walk-care-scaled.jpg?preset=large&amp;format=avif&amp;dpr=2 2x, https:\/\/media.babyartikel.de\/magazin\/wp-content\/uploads\/2022\/06\/vorderrad-hauck-walk-care-scaled.jpg?preset=large&amp;format=avif&amp;dpr=3 3x\">\n        <source type=\"image\/webp\" srcset=\"https:\/\/media.babyartikel.de\/magazin\/wp-content\/uploads\/2022\/06\/vorderrad-hauck-walk-care-scaled.jpg?preset=large&amp;format=webp&amp;dpr=1 1x, https:\/\/media.babyartikel.de\/magazin\/wp-content\/uploads\/2022\/06\/vorderrad-hauck-walk-care-scaled.jpg?preset=large&amp;format=webp&amp;dpr=2 2x, https:\/\/media.babyartikel.de\/magazin\/wp-content\/uploads\/2022\/06\/vorderrad-hauck-walk-care-scaled.jpg?preset=large&amp;format=webp&amp;dpr=3 3x\">\n        <source type=\"image\/jpeg\" srcset=\"https:\/\/media.babyartikel.de\/magazin\/wp-content\/uploads\/2022\/06\/vorderrad-hauck-walk-care-scaled.jpg?preset=large&amp;format=jpeg&amp;dpr=1 1x, https:\/\/media.babyartikel.de\/magazin\/wp-content\/uploads\/2022\/06\/vorderrad-hauck-walk-care-scaled.jpg?preset=large&amp;format=jpeg&amp;dpr=2 2x, https:\/\/media.babyartikel.de\/magazin\/wp-content\/uploads\/2022\/06\/vorderrad-hauck-walk-care-scaled.jpg?preset=large&amp;format=jpeg&amp;dpr=3 3x\">\n        <source type=\"image\/jpeg\" srcset=\"https:\/\/media.babyartikel.de\/magazin\/wp-content\/uploads\/2022\/06\/vorderrad-hauck-walk-care-scaled.jpg?preset=large&amp;dpr=1 1x, https:\/\/media.babyartikel.de\/magazin\/wp-content\/uploads\/2022\/06\/vorderrad-hauck-walk-care-scaled.jpg?preset=large&amp;dpr=2 2x, https:\/\/media.babyartikel.de\/magazin\/wp-content\/uploads\/2022\/06\/vorderrad-hauck-walk-care-scaled.jpg?preset=large&amp;dpr=3 3x\">\n        <img loading=\"lazy\" decoding=\"async\" width=\"690\" height=\"461\" src=\"https:\/\/media.babyartikel.de\/magazin\/wp-content\/uploads\/2022\/06\/vorderrad-hauck-walk-care-690x461.jpg\" class=\" wp-image-861056\" alt=\"vorderraeder hauck walk n care test\" srcset=\"https:\/\/media.babyartikel.de\/magazin\/wp-content\/uploads\/2022\/06\/vorderrad-hauck-walk-care-690x461.jpg 690w, https:\/\/media.babyartikel.de\/magazin\/wp-content\/uploads\/2022\/06\/vorderrad-hauck-walk-care-1050x701.jpg 1050w, https:\/\/media.babyartikel.de\/magazin\/wp-content\/uploads\/2022\/06\/vorderrad-hauck-walk-care-150x100.jpg 150w, https:\/\/media.babyartikel.de\/magazin\/wp-content\/uploads\/2022\/06\/vorderrad-hauck-walk-care-768x513.jpg 768w, https:\/\/media.babyartikel.de\/magazin\/wp-content\/uploads\/2022\/06\/vorderrad-hauck-walk-care-1536x1025.jpg 1536w, https:\/\/media.babyartikel.de\/magazin\/wp-content\/uploads\/2022\/06\/vorderrad-hauck-walk-care-2048x1367.jpg 2048w, https:\/\/media.babyartikel.de\/magazin\/wp-content\/uploads\/2022\/06\/vorderrad-hauck-walk-care-272x182.jpg 272w\" sizes=\"auto, (max-width: 690px) 100vw, 690px\">\n    <\/source><\/source><\/source><\/source><\/picture><span><\/span><\/div><\/div><div class=\"su-image-carousel-item\"><div class=\"su-image-carousel-item-content\">    <picture>\n        <source type=\"image\/avif\" srcset=\"https:\/\/media.babyartikel.de\/magazin\/wp-content\/uploads\/2022\/06\/federung-hinterrad-walk-n-care-scaled.jpg?preset=large&amp;format=avif&amp;dpr=1 1x, https:\/\/media.babyartikel.de\/magazin\/wp-content\/uploads\/2022\/06\/federung-hinterrad-walk-n-care-scaled.jpg?preset=large&amp;format=avif&amp;dpr=2 2x, https:\/\/media.babyartikel.de\/magazin\/wp-content\/uploads\/2022\/06\/federung-hinterrad-walk-n-care-scaled.jpg?preset=large&amp;format=avif&amp;dpr=3 3x\">\n        <source type=\"image\/webp\" srcset=\"https:\/\/media.babyartikel.de\/magazin\/wp-content\/uploads\/2022\/06\/federung-hinterrad-walk-n-care-scaled.jpg?preset=large&amp;format=webp&amp;dpr=1 1x, https:\/\/media.babyartikel.de\/magazin\/wp-content\/uploads\/2022\/06\/federung-hinterrad-walk-n-care-scaled.jpg?preset=large&amp;format=webp&amp;dpr=2 2x, https:\/\/media.babyartikel.de\/magazin\/wp-content\/uploads\/2022\/06\/federung-hinterrad-walk-n-care-scaled.jpg?preset=large&amp;format=webp&amp;dpr=3 3x\">\n        <source type=\"image\/jpeg\" srcset=\"https:\/\/media.babyartikel.de\/magazin\/wp-content\/uploads\/2022\/06\/federung-hinterrad-walk-n-care-scaled.jpg?preset=large&amp;format=jpeg&amp;dpr=1 1x, https:\/\/media.babyartikel.de\/magazin\/wp-content\/uploads\/2022\/06\/federung-hinterrad-walk-n-care-scaled.jpg?preset=large&amp;format=jpeg&amp;dpr=2 2x, https:\/\/media.babyartikel.de\/magazin\/wp-content\/uploads\/2022\/06\/federung-hinterrad-walk-n-care-scaled.jpg?preset=large&amp;format=jpeg&amp;dpr=3 3x\">\n        <source type=\"image\/jpeg\" srcset=\"https:\/\/media.babyartikel.de\/magazin\/wp-content\/uploads\/2022\/06\/federung-hinterrad-walk-n-care-scaled.jpg?preset=large&amp;dpr=1 1x, https:\/\/media.babyartikel.de\/magazin\/wp-content\/uploads\/2022\/06\/federung-hinterrad-walk-n-care-scaled.jpg?preset=large&amp;dpr=2 2x, https:\/\/media.babyartikel.de\/magazin\/wp-content\/uploads\/2022\/06\/federung-hinterrad-walk-n-care-scaled.jpg?preset=large&amp;dpr=3 3x\">\n        <img loading=\"lazy\" decoding=\"async\" width=\"690\" height=\"461\" src=\"https:\/\/media.babyartikel.de\/magazin\/wp-content\/uploads\/2022\/06\/federung-hinterrad-walk-n-care-690x461.jpg\" class=\" wp-image-861055\" alt=\"federung hinterrad walk n care\" srcset=\"https:\/\/media.babyartikel.de\/magazin\/wp-content\/uploads\/2022\/06\/federung-hinterrad-walk-n-care-690x461.jpg 690w, https:\/\/media.babyartikel.de\/magazin\/wp-content\/uploads\/2022\/06\/federung-hinterrad-walk-n-care-1050x701.jpg 1050w, https:\/\/media.babyartikel.de\/magazin\/wp-content\/uploads\/2022\/06\/federung-hinterrad-walk-n-care-150x100.jpg 150w, https:\/\/media.babyartikel.de\/magazin\/wp-content\/uploads\/2022\/06\/federung-hinterrad-walk-n-care-768x513.jpg 768w, https:\/\/media.babyartikel.de\/magazin\/wp-content\/uploads\/2022\/06\/federung-hinterrad-walk-n-care-1536x1025.jpg 1536w, https:\/\/media.babyartikel.de\/magazin\/wp-content\/uploads\/2022\/06\/federung-hinterrad-walk-n-care-2048x1367.jpg 2048w, https:\/\/media.babyartikel.de\/magazin\/wp-content\/uploads\/2022\/06\/federung-hinterrad-walk-n-care-272x182.jpg 272w\" sizes=\"auto, (max-width: 690px) 100vw, 690px\">\n    <\/source><\/source><\/source><\/source><\/picture><span><\/span><\/div><\/div><\/div><script id=\"su_image_carousel_69f4fc4faaeb5_script\">if(window.SUImageCarousel){setTimeout(function() {window.SUImageCarousel.initGallery(document.getElementById(\"su_image_carousel_69f4fc4faaeb5\"))}, 0);}var su_image_carousel_69f4fc4faaeb5_script=document.getElementById(\"su_image_carousel_69f4fc4faaeb5_script\");if(su_image_carousel_69f4fc4faaeb5_script){su_image_carousel_69f4fc4faaeb5_script.parentNode.removeChild(su_image_carousel_69f4fc4faaeb5_script);}<\/script><p>Die Reifen dieses Kombi-Kinderwagens sind <strong>pannensichere Gummir&auml;der mit vierfacher, individueller Federung. <\/strong>So f&auml;hrst Du <strong>mit einem &auml;hnlichen Komfort wie bei Luftr&auml;dern,<\/strong> hast jedoch den Vorteil, dass Du keinen platten Reifen bekommen kannst.<br>In unserem Hauck Walk N Care Test waren wir auf Asphalt, im holperigen Park und auf einem unebenen Feldweg unterwegs. Die <strong>Federung an jedem Reifen merkten wir deutlich:<\/strong> Anders als bei Kinderwagen ohne, oder mit nur teilweise gefederten Reifen, wackelt hier beim Schieben nichts. Der Wagen <strong>f&auml;hrt ruhig auf den verschiedenen Untergr&uuml;nden.<\/strong> F&uuml;r anspruchsvolle Strecken kannst Du die Vorderr&auml;der mit einem Klick feststellen.<\/p><h3 class=\"wp-block-heading\" id=\"h-leicht-zuganglicher-einkaufskorb-mit-ausreichend-platz\">Leicht zug&auml;nglicher Einkaufskorb mit ausreichend Platz<\/h3><div class=\"su-image-carousel  su-image-carousel-has-spacing su-image-carousel-has-outline su-image-carousel-adaptive su-image-carousel-slides-style-default su-image-carousel-controls-style-light su-image-carousel-align-center\" style=\"\" data-flickity-options='{\"groupCells\":true,\"cellSelector\":\".su-image-carousel-item\",\"adaptiveHeight\":true,\"cellAlign\":\"left\",\"prevNextButtons\":true,\"pageDots\":false,\"autoPlay\":7000,\"imagesLoaded\":true,\"contain\":false,\"selectedAttraction\":0.025,\"friction\":0.28}' id=\"su_image_carousel_69f4fc4fc3bf0\"><div class=\"su-image-carousel-item\"><div class=\"su-image-carousel-item-content\">    <picture>\n        <source type=\"image\/avif\" srcset=\"https:\/\/media.babyartikel.de\/magazin\/wp-content\/uploads\/2022\/06\/hauck-walk-care-einkaufskorb-scaled.jpg?preset=large&amp;format=avif&amp;dpr=1 1x, https:\/\/media.babyartikel.de\/magazin\/wp-content\/uploads\/2022\/06\/hauck-walk-care-einkaufskorb-scaled.jpg?preset=large&amp;format=avif&amp;dpr=2 2x, https:\/\/media.babyartikel.de\/magazin\/wp-content\/uploads\/2022\/06\/hauck-walk-care-einkaufskorb-scaled.jpg?preset=large&amp;format=avif&amp;dpr=3 3x\">\n        <source type=\"image\/webp\" srcset=\"https:\/\/media.babyartikel.de\/magazin\/wp-content\/uploads\/2022\/06\/hauck-walk-care-einkaufskorb-scaled.jpg?preset=large&amp;format=webp&amp;dpr=1 1x, https:\/\/media.babyartikel.de\/magazin\/wp-content\/uploads\/2022\/06\/hauck-walk-care-einkaufskorb-scaled.jpg?preset=large&amp;format=webp&amp;dpr=2 2x, https:\/\/media.babyartikel.de\/magazin\/wp-content\/uploads\/2022\/06\/hauck-walk-care-einkaufskorb-scaled.jpg?preset=large&amp;format=webp&amp;dpr=3 3x\">\n        <source type=\"image\/jpeg\" srcset=\"https:\/\/media.babyartikel.de\/magazin\/wp-content\/uploads\/2022\/06\/hauck-walk-care-einkaufskorb-scaled.jpg?preset=large&amp;format=jpeg&amp;dpr=1 1x, https:\/\/media.babyartikel.de\/magazin\/wp-content\/uploads\/2022\/06\/hauck-walk-care-einkaufskorb-scaled.jpg?preset=large&amp;format=jpeg&amp;dpr=2 2x, https:\/\/media.babyartikel.de\/magazin\/wp-content\/uploads\/2022\/06\/hauck-walk-care-einkaufskorb-scaled.jpg?preset=large&amp;format=jpeg&amp;dpr=3 3x\">\n        <source type=\"image\/jpeg\" srcset=\"https:\/\/media.babyartikel.de\/magazin\/wp-content\/uploads\/2022\/06\/hauck-walk-care-einkaufskorb-scaled.jpg?preset=large&amp;dpr=1 1x, https:\/\/media.babyartikel.de\/magazin\/wp-content\/uploads\/2022\/06\/hauck-walk-care-einkaufskorb-scaled.jpg?preset=large&amp;dpr=2 2x, https:\/\/media.babyartikel.de\/magazin\/wp-content\/uploads\/2022\/06\/hauck-walk-care-einkaufskorb-scaled.jpg?preset=large&amp;dpr=3 3x\">\n        <img loading=\"lazy\" decoding=\"async\" width=\"690\" height=\"461\" src=\"https:\/\/media.babyartikel.de\/magazin\/wp-content\/uploads\/2022\/06\/hauck-walk-care-einkaufskorb-690x461.jpg\" class=\" wp-image-861058\" alt=\"hauck walk care test einkaufskorb\" srcset=\"https:\/\/media.babyartikel.de\/magazin\/wp-content\/uploads\/2022\/06\/hauck-walk-care-einkaufskorb-690x461.jpg 690w, https:\/\/media.babyartikel.de\/magazin\/wp-content\/uploads\/2022\/06\/hauck-walk-care-einkaufskorb-1050x701.jpg 1050w, https:\/\/media.babyartikel.de\/magazin\/wp-content\/uploads\/2022\/06\/hauck-walk-care-einkaufskorb-150x100.jpg 150w, https:\/\/media.babyartikel.de\/magazin\/wp-content\/uploads\/2022\/06\/hauck-walk-care-einkaufskorb-768x513.jpg 768w, https:\/\/media.babyartikel.de\/magazin\/wp-content\/uploads\/2022\/06\/hauck-walk-care-einkaufskorb-1536x1025.jpg 1536w, https:\/\/media.babyartikel.de\/magazin\/wp-content\/uploads\/2022\/06\/hauck-walk-care-einkaufskorb-2048x1367.jpg 2048w, https:\/\/media.babyartikel.de\/magazin\/wp-content\/uploads\/2022\/06\/hauck-walk-care-einkaufskorb-272x182.jpg 272w\" sizes=\"auto, (max-width: 690px) 100vw, 690px\">\n    <\/source><\/source><\/source><\/source><\/picture><span><\/span><\/div><\/div><div class=\"su-image-carousel-item\"><div class=\"su-image-carousel-item-content\">    <picture>\n        <source type=\"image\/avif\" srcset=\"https:\/\/media.babyartikel.de\/magazin\/wp-content\/uploads\/2022\/06\/walk-n-care-test-einkaufskorb-inhalt-scaled.jpg?preset=large&amp;format=avif&amp;dpr=1 1x, https:\/\/media.babyartikel.de\/magazin\/wp-content\/uploads\/2022\/06\/walk-n-care-test-einkaufskorb-inhalt-scaled.jpg?preset=large&amp;format=avif&amp;dpr=2 2x, https:\/\/media.babyartikel.de\/magazin\/wp-content\/uploads\/2022\/06\/walk-n-care-test-einkaufskorb-inhalt-scaled.jpg?preset=large&amp;format=avif&amp;dpr=3 3x\">\n        <source type=\"image\/webp\" srcset=\"https:\/\/media.babyartikel.de\/magazin\/wp-content\/uploads\/2022\/06\/walk-n-care-test-einkaufskorb-inhalt-scaled.jpg?preset=large&amp;format=webp&amp;dpr=1 1x, https:\/\/media.babyartikel.de\/magazin\/wp-content\/uploads\/2022\/06\/walk-n-care-test-einkaufskorb-inhalt-scaled.jpg?preset=large&amp;format=webp&amp;dpr=2 2x, https:\/\/media.babyartikel.de\/magazin\/wp-content\/uploads\/2022\/06\/walk-n-care-test-einkaufskorb-inhalt-scaled.jpg?preset=large&amp;format=webp&amp;dpr=3 3x\">\n        <source type=\"image\/jpeg\" srcset=\"https:\/\/media.babyartikel.de\/magazin\/wp-content\/uploads\/2022\/06\/walk-n-care-test-einkaufskorb-inhalt-scaled.jpg?preset=large&amp;format=jpeg&amp;dpr=1 1x, https:\/\/media.babyartikel.de\/magazin\/wp-content\/uploads\/2022\/06\/walk-n-care-test-einkaufskorb-inhalt-scaled.jpg?preset=large&amp;format=jpeg&amp;dpr=2 2x, https:\/\/media.babyartikel.de\/magazin\/wp-content\/uploads\/2022\/06\/walk-n-care-test-einkaufskorb-inhalt-scaled.jpg?preset=large&amp;format=jpeg&amp;dpr=3 3x\">\n        <source type=\"image\/jpeg\" srcset=\"https:\/\/media.babyartikel.de\/magazin\/wp-content\/uploads\/2022\/06\/walk-n-care-test-einkaufskorb-inhalt-scaled.jpg?preset=large&amp;dpr=1 1x, https:\/\/media.babyartikel.de\/magazin\/wp-content\/uploads\/2022\/06\/walk-n-care-test-einkaufskorb-inhalt-scaled.jpg?preset=large&amp;dpr=2 2x, https:\/\/media.babyartikel.de\/magazin\/wp-content\/uploads\/2022\/06\/walk-n-care-test-einkaufskorb-inhalt-scaled.jpg?preset=large&amp;dpr=3 3x\">\n        <img loading=\"lazy\" decoding=\"async\" width=\"690\" height=\"461\" src=\"https:\/\/media.babyartikel.de\/magazin\/wp-content\/uploads\/2022\/06\/walk-n-care-test-einkaufskorb-inhalt-690x461.jpg\" class=\" wp-image-861059\" alt=\"walk n care einkaufskorb wie viel platz\" srcset=\"https:\/\/media.babyartikel.de\/magazin\/wp-content\/uploads\/2022\/06\/walk-n-care-test-einkaufskorb-inhalt-690x461.jpg 690w, https:\/\/media.babyartikel.de\/magazin\/wp-content\/uploads\/2022\/06\/walk-n-care-test-einkaufskorb-inhalt-1050x701.jpg 1050w, https:\/\/media.babyartikel.de\/magazin\/wp-content\/uploads\/2022\/06\/walk-n-care-test-einkaufskorb-inhalt-150x100.jpg 150w, https:\/\/media.babyartikel.de\/magazin\/wp-content\/uploads\/2022\/06\/walk-n-care-test-einkaufskorb-inhalt-768x513.jpg 768w, https:\/\/media.babyartikel.de\/magazin\/wp-content\/uploads\/2022\/06\/walk-n-care-test-einkaufskorb-inhalt-1536x1025.jpg 1536w, https:\/\/media.babyartikel.de\/magazin\/wp-content\/uploads\/2022\/06\/walk-n-care-test-einkaufskorb-inhalt-2048x1367.jpg 2048w, https:\/\/media.babyartikel.de\/magazin\/wp-content\/uploads\/2022\/06\/walk-n-care-test-einkaufskorb-inhalt-272x182.jpg 272w\" sizes=\"auto, (max-width: 690px) 100vw, 690px\">\n    <\/source><\/source><\/source><\/source><\/picture><span><\/span><\/div><\/div><\/div><script id=\"su_image_carousel_69f4fc4fc3bf0_script\">if(window.SUImageCarousel){setTimeout(function() {window.SUImageCarousel.initGallery(document.getElementById(\"su_image_carousel_69f4fc4fc3bf0\"))}, 0);}var su_image_carousel_69f4fc4fc3bf0_script=document.getElementById(\"su_image_carousel_69f4fc4fc3bf0_script\");if(su_image_carousel_69f4fc4fc3bf0_script){su_image_carousel_69f4fc4fc3bf0_script.parentNode.removeChild(su_image_carousel_69f4fc4fc3bf0_script);}<\/script><p>Immer ein wichtiger Punkt: Die Gr&ouml;&szlig;e des Einkaufskorbs. Hier haben wir genau f&uuml;r Dich gemessen: <strong>9,5 l fasst der Korb.<\/strong> F&uuml;r einen mittelgro&szlig;en Einkauf im Supermarkt, eine gro&szlig;e Menge Sandspielzeug oder eine Wickeltasche plus Zubeh&ouml;r ist im Walk N Care also ausreichend Platz.<\/p><h2 class=\"wp-block-heading\" id=\"h-der-sportsitz-mit-einem-ganz-besonderen-extra\"><span class=\"ez-toc-section\" id=\"Der_Sportsitz_Mit_einem_ganz_besonderen_Extra\"><\/span>Der Sportsitz: Mit einem ganz besonderen Extra<span class=\"ez-toc-section-end\"><\/span><\/h2><figure class=\"wp-block-image size-large\"><img loading=\"lazy\" decoding=\"async\" width=\"1050\" height=\"701\" src=\"https:\/\/www.babyartikel.de\/magazin\/wp-content\/uploads\/2022\/06\/hauck-walk-care-sportsitz-1050x701.jpg\" alt=\"sportsitz im hauck walk n care test von babyartikel.de\" class=\"wp-image-861061\" srcset=\"https:\/\/media.babyartikel.de\/magazin\/wp-content\/uploads\/2022\/06\/hauck-walk-care-sportsitz-1050x701.jpg 1050w, https:\/\/media.babyartikel.de\/magazin\/wp-content\/uploads\/2022\/06\/hauck-walk-care-sportsitz-690x461.jpg 690w, https:\/\/media.babyartikel.de\/magazin\/wp-content\/uploads\/2022\/06\/hauck-walk-care-sportsitz-150x100.jpg 150w, https:\/\/media.babyartikel.de\/magazin\/wp-content\/uploads\/2022\/06\/hauck-walk-care-sportsitz-768x513.jpg 768w, https:\/\/media.babyartikel.de\/magazin\/wp-content\/uploads\/2022\/06\/hauck-walk-care-sportsitz-1536x1025.jpg 1536w, https:\/\/media.babyartikel.de\/magazin\/wp-content\/uploads\/2022\/06\/hauck-walk-care-sportsitz-2048x1367.jpg 2048w, https:\/\/media.babyartikel.de\/magazin\/wp-content\/uploads\/2022\/06\/hauck-walk-care-sportsitz-272x182.jpg 272w\" sizes=\"auto, (max-width: 1050px) 100vw, 1050px\"><\/figure><p>Wir spannen Dich nicht l&auml;nger auf die Folter: Der Sportsitz des Walk N Care <strong>kommt mit einem coolen Feature daher: Er ist dreifach h&ouml;henverstellbar!<\/strong> Bedeutet, ist unterwegs oder im Biergarten mal kein kleinkindgerechter Stuhl vorhanden, dann wird der Sportwagen zum Sitz. <br><\/p><figure class=\"wp-block-image size-large\"><img loading=\"lazy\" decoding=\"async\" width=\"1050\" height=\"701\" src=\"https:\/\/www.babyartikel.de\/magazin\/wp-content\/uploads\/2022\/06\/sportsitz-hoehenverstellbar-walk-care-1050x701.jpg\" alt=\"hoehenverstellbarer sportsitz des walk n care\" class=\"wp-image-861062\" srcset=\"https:\/\/media.babyartikel.de\/magazin\/wp-content\/uploads\/2022\/06\/sportsitz-hoehenverstellbar-walk-care-1050x701.jpg 1050w, https:\/\/media.babyartikel.de\/magazin\/wp-content\/uploads\/2022\/06\/sportsitz-hoehenverstellbar-walk-care-690x461.jpg 690w, https:\/\/media.babyartikel.de\/magazin\/wp-content\/uploads\/2022\/06\/sportsitz-hoehenverstellbar-walk-care-150x100.jpg 150w, https:\/\/media.babyartikel.de\/magazin\/wp-content\/uploads\/2022\/06\/sportsitz-hoehenverstellbar-walk-care-768x513.jpg 768w, https:\/\/media.babyartikel.de\/magazin\/wp-content\/uploads\/2022\/06\/sportsitz-hoehenverstellbar-walk-care-1536x1025.jpg 1536w, https:\/\/media.babyartikel.de\/magazin\/wp-content\/uploads\/2022\/06\/sportsitz-hoehenverstellbar-walk-care-2048x1367.jpg 2048w, https:\/\/media.babyartikel.de\/magazin\/wp-content\/uploads\/2022\/06\/sportsitz-hoehenverstellbar-walk-care-272x182.jpg 272w\" sizes=\"auto, (max-width: 1050px) 100vw, 1050px\"><\/figure><p>Er l&auml;sst sich <strong>auf eine H&ouml;he von 54 bis 71 cm einstellen. <\/strong>Dein Kind sitzt also an niedrigen und hohen Tischen bequem und kann gem&uuml;tlich mitessen (Zur besseren Vorstellung: Ein durchschnittlicher Esstisch hat eine H&ouml;he von 75 cm).<\/p><div style=\"clear:both\"><\/div><div id=\"productPanel504\" class=\"product-panel-bottom\">&nbsp;<\/div><script type=\"module\">\n\t\t\t\t\t\t\trequestProductPanel(\"https:\/\/www.babyartikel.de\/magazin\/wp-content\/plugins\/wp-productpanel2\/ProductPanel.php\", \"?panel_type=automatic&basis_category=1-KW-KS&basis_product=202200002436,202500001099,202500002437,202200002437&swipe_mobile=1&postid=859531&template=automatic&max=8&productPanelId=504&solrQuery=\", 504, 1);\n\t\t\t\t\t\t<\/script><a style=\"\" class=\"link-to-product \" title=\"Walk N Care kaufen\" href=\"http:\/\/www.babyartikel.de\/prod\/hauck-kombi-kinderwagen-walk-n-care-set-inkl-babywanne-sportsitz-beindecke-und-getrankehalter-bis-22kg-belastbar-dark-blue\">\n                        Walk N Care kaufen\n                    <\/a><h3 class=\"wp-block-heading\" id=\"h-blitzschnell-umgebaut-nach-vorne-oder-zu-dir-gerichtet\">Blitzschnell umgebaut: Nach vorne oder zu Dir gerichtet<\/h3><figure class=\"wp-block-image size-large\"><img loading=\"lazy\" decoding=\"async\" width=\"1050\" height=\"701\" src=\"https:\/\/www.babyartikel.de\/magazin\/wp-content\/uploads\/2022\/06\/sportsitz-nach-vorne-gerichtet-walk-care-1050x701.jpg\" alt=\"sportsitz nach vorne gerichtet beim walk care\" class=\"wp-image-861064\" srcset=\"https:\/\/media.babyartikel.de\/magazin\/wp-content\/uploads\/2022\/06\/sportsitz-nach-vorne-gerichtet-walk-care-1050x701.jpg 1050w, https:\/\/media.babyartikel.de\/magazin\/wp-content\/uploads\/2022\/06\/sportsitz-nach-vorne-gerichtet-walk-care-690x461.jpg 690w, https:\/\/media.babyartikel.de\/magazin\/wp-content\/uploads\/2022\/06\/sportsitz-nach-vorne-gerichtet-walk-care-150x100.jpg 150w, https:\/\/media.babyartikel.de\/magazin\/wp-content\/uploads\/2022\/06\/sportsitz-nach-vorne-gerichtet-walk-care-768x513.jpg 768w, https:\/\/media.babyartikel.de\/magazin\/wp-content\/uploads\/2022\/06\/sportsitz-nach-vorne-gerichtet-walk-care-1536x1025.jpg 1536w, https:\/\/media.babyartikel.de\/magazin\/wp-content\/uploads\/2022\/06\/sportsitz-nach-vorne-gerichtet-walk-care-2048x1367.jpg 2048w, https:\/\/media.babyartikel.de\/magazin\/wp-content\/uploads\/2022\/06\/sportsitz-nach-vorne-gerichtet-walk-care-272x182.jpg 272w\" sizes=\"auto, (max-width: 1050px) 100vw, 1050px\"><\/figure><p>Den Sportsitz bauen wir mit einem Klick auf das Gestell des Walk N Care. Das geht <strong>nach vorne oder zu uns gerichtet.<\/strong> Der <strong>Wechsel gelingt innerhalb von ein paar Sekunden.<\/strong> Also ideal, wenn Dein Kleinkind sich entscheidet, spontan doch mal in die andere Richtung gucken zu wollen.<\/p><h3 class=\"wp-block-heading\" id=\"h-memory-funktion-vereinfacht-die-handhabung\">Memory-Funktion vereinfacht die Handhabung<\/h3><p>Au&szlig;erdem besitzt der Sportsitz eine Memory-Funktion. Bedeutet: Wenn Du ihn umdrehen oder vom Gestell abnehmen m&ouml;chtest, <strong>dann dr&uuml;ckst Du auf den wei&szlig;en Punkt an der Seite. <\/strong>Daf&uuml;r reicht eine Hand. Es ist also <strong>nicht n&ouml;tig, umst&auml;ndlich gleichzeitig auf beide Seiten zu dr&uuml;cken,<\/strong> um den Sitz bewegen zu k&ouml;nnen.<\/p><h3 class=\"wp-block-heading\" id=\"h-bezug-zum-entfernen-und-waschen\">Bezug zum Entfernen und Waschen<\/h3><p>Wir kennen es alle: Unser Kleinkind isst einen Snack im Sportwagen und schnell geht mal was daneben. Besonders <a href=\"https:\/\/www.babyartikel.de\/magazin\/quetschies-sinnvoll-oder-ueberfluessig\">Quetschie<\/a>-Flecken sind hartn&auml;ckig und lassen sich durch blo&szlig;es Wischen kaum entfernen. Hier hat der Hersteller mitgedacht: Die <strong>Bez&uuml;ge des Sportsitzes lassen sich entfernen und bei 30 Grad waschen!<\/strong><\/p><h3 class=\"wp-block-heading\" id=\"h-grosses-verdeck-mit-beluftungsfenster\">Gro&szlig;es Verdeck mit Bel&uuml;ftungsfenster<\/h3><p>Am Verdeck finden wir, wie auch bei dem der Babywanne, den Hinweis auf eine Sonnenschutz 50+ Ausstattung. Im Rei&szlig;verschluss versteckt sich <strong>das Bel&uuml;ftungsfenster mit Mesh-Einsatz.<\/strong> Komplett ausgeklappt <strong>empfinden wir das Verdeck als sehr gro&szlig;z&uuml;gig.<\/strong> Die Krempe zum aus- und einklappen des Verdecks fasst sich etwas hart an. Hier f&uuml;hlt man deutlich das Metall darunter. Das gibt von uns einen kleinen Punktabzug, denn man h&auml;tte es noch eleganter l&ouml;sen k&ouml;nnen.<\/p><h3 class=\"wp-block-heading\" id=\"h-gepolsterter-sitz-mit-funf-punkt-gurtsystem\">Gepolsterter Sitz mit F&uuml;nf-Punkt-Gurtsystem<\/h3><figure class=\"wp-block-image size-large\"><img loading=\"lazy\" decoding=\"async\" width=\"1050\" height=\"701\" src=\"https:\/\/www.babyartikel.de\/magazin\/wp-content\/uploads\/2022\/06\/5-punkt-gurt-hauck-walk-n-care-1050x701.jpg\" alt=\"5 punkt gurtsystem beim sportsitz im hauck walk n care test\" class=\"wp-image-861068\" srcset=\"https:\/\/media.babyartikel.de\/magazin\/wp-content\/uploads\/2022\/06\/5-punkt-gurt-hauck-walk-n-care-1050x701.jpg 1050w, https:\/\/media.babyartikel.de\/magazin\/wp-content\/uploads\/2022\/06\/5-punkt-gurt-hauck-walk-n-care-690x461.jpg 690w, https:\/\/media.babyartikel.de\/magazin\/wp-content\/uploads\/2022\/06\/5-punkt-gurt-hauck-walk-n-care-150x100.jpg 150w, https:\/\/media.babyartikel.de\/magazin\/wp-content\/uploads\/2022\/06\/5-punkt-gurt-hauck-walk-n-care-768x513.jpg 768w, https:\/\/media.babyartikel.de\/magazin\/wp-content\/uploads\/2022\/06\/5-punkt-gurt-hauck-walk-n-care-1536x1025.jpg 1536w, https:\/\/media.babyartikel.de\/magazin\/wp-content\/uploads\/2022\/06\/5-punkt-gurt-hauck-walk-n-care-2048x1367.jpg 2048w, https:\/\/media.babyartikel.de\/magazin\/wp-content\/uploads\/2022\/06\/5-punkt-gurt-hauck-walk-n-care-272x182.jpg 272w\" sizes=\"auto, (max-width: 1050px) 100vw, 1050px\"><\/figure><p>Den Sitz empfinden wir als <strong>gut gepolstert, gem&uuml;tliches Sitzen oder Liegen ist also auch auf l&auml;ngeren Strecken gew&auml;hrleistet.<\/strong> Nat&uuml;rlich gibt es auch einen <strong>F&uuml;nf-Punkt-Gurt, den wir auf 3 unterschiedliche H&ouml;hen einstellen <\/strong>k&ouml;nnen. Der Gurt ist mit Polstern versehen, so schneidet nichts ein.<\/p><h3 class=\"wp-block-heading\" id=\"h-beindecke-fur-kalte-tage\">Beindecke f&uuml;r kalte Tage<\/h3><figure class=\"wp-block-image size-large\"><img loading=\"lazy\" decoding=\"async\" width=\"1050\" height=\"701\" src=\"https:\/\/www.babyartikel.de\/magazin\/wp-content\/uploads\/2022\/06\/beindecke-walk-care-1050x701.jpg\" alt=\"beindecke beim walk n care von hauck\" class=\"wp-image-861067\" srcset=\"https:\/\/media.babyartikel.de\/magazin\/wp-content\/uploads\/2022\/06\/beindecke-walk-care-1050x701.jpg 1050w, https:\/\/media.babyartikel.de\/magazin\/wp-content\/uploads\/2022\/06\/beindecke-walk-care-690x461.jpg 690w, https:\/\/media.babyartikel.de\/magazin\/wp-content\/uploads\/2022\/06\/beindecke-walk-care-150x100.jpg 150w, https:\/\/media.babyartikel.de\/magazin\/wp-content\/uploads\/2022\/06\/beindecke-walk-care-768x513.jpg 768w, https:\/\/media.babyartikel.de\/magazin\/wp-content\/uploads\/2022\/06\/beindecke-walk-care-1536x1025.jpg 1536w, https:\/\/media.babyartikel.de\/magazin\/wp-content\/uploads\/2022\/06\/beindecke-walk-care-2048x1367.jpg 2048w, https:\/\/media.babyartikel.de\/magazin\/wp-content\/uploads\/2022\/06\/beindecke-walk-care-272x182.jpg 272w\" sizes=\"auto, (max-width: 1050px) 100vw, 1050px\"><\/figure><p>Mit im Lieferumfang enthalten: Eine <strong>Beindecke, die sich ganz einfach am Sportsitz befestigen l&auml;sst.<\/strong> An Tagen, an denen ein dicker Fu&szlig;sack zu warm w&auml;re, die Fahrt ganz ohne Schutz jedoch zu kalt, ist die Decke eine tolle L&ouml;sung.<\/p><h3 class=\"wp-block-heading\" id=\"h-komplett-flache-liegeposition-und-verstellbare-fussstutze\">Komplett flache Liegeposition und verstellbare Fu&szlig;st&uuml;tze<\/h3><figure class=\"wp-block-image size-large\"><img loading=\"lazy\" decoding=\"async\" width=\"1050\" height=\"701\" src=\"https:\/\/www.babyartikel.de\/magazin\/wp-content\/uploads\/2022\/06\/liegeposition-verdeck-hauck-walk-n-care-test-1050x701.jpg\" alt=\"liegeposition mit grossem verdeck des hauck walk n care\" class=\"wp-image-861066\" srcset=\"https:\/\/media.babyartikel.de\/magazin\/wp-content\/uploads\/2022\/06\/liegeposition-verdeck-hauck-walk-n-care-test-1050x701.jpg 1050w, https:\/\/media.babyartikel.de\/magazin\/wp-content\/uploads\/2022\/06\/liegeposition-verdeck-hauck-walk-n-care-test-690x461.jpg 690w, https:\/\/media.babyartikel.de\/magazin\/wp-content\/uploads\/2022\/06\/liegeposition-verdeck-hauck-walk-n-care-test-150x100.jpg 150w, https:\/\/media.babyartikel.de\/magazin\/wp-content\/uploads\/2022\/06\/liegeposition-verdeck-hauck-walk-n-care-test-768x513.jpg 768w, https:\/\/media.babyartikel.de\/magazin\/wp-content\/uploads\/2022\/06\/liegeposition-verdeck-hauck-walk-n-care-test-1536x1025.jpg 1536w, https:\/\/media.babyartikel.de\/magazin\/wp-content\/uploads\/2022\/06\/liegeposition-verdeck-hauck-walk-n-care-test-2048x1367.jpg 2048w, https:\/\/media.babyartikel.de\/magazin\/wp-content\/uploads\/2022\/06\/liegeposition-verdeck-hauck-walk-n-care-test-272x182.jpg 272w\" sizes=\"auto, (max-width: 1050px) 100vw, 1050px\"><\/figure><p>Was Du sicher auch noch wissen m&ouml;chtest: Hat der Sportsitz des Walk N Care eine echte Liegeposition? Ja, hat er. Der Sitz l&auml;sst sich <strong>mit dem Schalter an der R&uuml;ckenlehne auf drei verschiedene Stufen verstellen.<\/strong><\/p><figure class=\"wp-block-image size-large\"><img loading=\"lazy\" decoding=\"async\" width=\"1050\" height=\"701\" src=\"https:\/\/www.babyartikel.de\/magazin\/wp-content\/uploads\/2022\/06\/fussstuetze-walk-n-care-hauck-1050x701.jpg\" alt=\"fussstuetze beim sportsitz des walk n care kinderwagens\" class=\"wp-image-861069\" srcset=\"https:\/\/media.babyartikel.de\/magazin\/wp-content\/uploads\/2022\/06\/fussstuetze-walk-n-care-hauck-1050x701.jpg 1050w, https:\/\/media.babyartikel.de\/magazin\/wp-content\/uploads\/2022\/06\/fussstuetze-walk-n-care-hauck-690x461.jpg 690w, https:\/\/media.babyartikel.de\/magazin\/wp-content\/uploads\/2022\/06\/fussstuetze-walk-n-care-hauck-150x100.jpg 150w, https:\/\/media.babyartikel.de\/magazin\/wp-content\/uploads\/2022\/06\/fussstuetze-walk-n-care-hauck-768x513.jpg 768w, https:\/\/media.babyartikel.de\/magazin\/wp-content\/uploads\/2022\/06\/fussstuetze-walk-n-care-hauck-1536x1025.jpg 1536w, https:\/\/media.babyartikel.de\/magazin\/wp-content\/uploads\/2022\/06\/fussstuetze-walk-n-care-hauck-2048x1367.jpg 2048w, https:\/\/media.babyartikel.de\/magazin\/wp-content\/uploads\/2022\/06\/fussstuetze-walk-n-care-hauck-272x182.jpg 272w\" sizes=\"auto, (max-width: 1050px) 100vw, 1050px\"><\/figure><p>Auch die <strong>Fu&szlig;st&uuml;tze kannst Du der Gr&ouml;&szlig;e Deines Kindes anpassen:<\/strong> Hier sind ebenfalls <strong>3 unterschiedliche Einstellungen<\/strong> m&ouml;glich.<\/p><h3 class=\"wp-block-heading\" id=\"h-schutzbugel-zum-aufklappen-und-abnehmen\">Schutzb&uuml;gel zum Aufklappen und Abnehmen <\/h3><figure class=\"wp-block-image size-large\"><img loading=\"lazy\" decoding=\"async\" width=\"1050\" height=\"701\" src=\"https:\/\/www.babyartikel.de\/magazin\/wp-content\/uploads\/2022\/06\/schutzbuegel-walk-n-care-test-1050x701.jpg\" alt=\"schutzbuegel im hauck walk n care test\" class=\"wp-image-861071\" srcset=\"https:\/\/media.babyartikel.de\/magazin\/wp-content\/uploads\/2022\/06\/schutzbuegel-walk-n-care-test-1050x701.jpg 1050w, https:\/\/media.babyartikel.de\/magazin\/wp-content\/uploads\/2022\/06\/schutzbuegel-walk-n-care-test-690x461.jpg 690w, https:\/\/media.babyartikel.de\/magazin\/wp-content\/uploads\/2022\/06\/schutzbuegel-walk-n-care-test-150x100.jpg 150w, https:\/\/media.babyartikel.de\/magazin\/wp-content\/uploads\/2022\/06\/schutzbuegel-walk-n-care-test-768x513.jpg 768w, https:\/\/media.babyartikel.de\/magazin\/wp-content\/uploads\/2022\/06\/schutzbuegel-walk-n-care-test-1536x1025.jpg 1536w, https:\/\/media.babyartikel.de\/magazin\/wp-content\/uploads\/2022\/06\/schutzbuegel-walk-n-care-test-2048x1367.jpg 2048w, https:\/\/media.babyartikel.de\/magazin\/wp-content\/uploads\/2022\/06\/schutzbuegel-walk-n-care-test-272x182.jpg 272w\" sizes=\"auto, (max-width: 1050px) 100vw, 1050px\"><\/figure><p>Die ECO-Leder Details finden wir auch beim Schutzb&uuml;gel wieder: Er ist damit <strong>gut gepolstert und l&auml;sst sich zu beiden Seiten aufklappen. <\/strong>Auch ein komplettes Entfernen ist m&ouml;glich.<\/p><h3 class=\"wp-block-heading\" id=\"h-belastbar-bis-25kg\">Belastbar bis 25kg<\/h3><p>Im Sportmodus kannst Du den Hauck N Care <strong>bis zu einem Alter von ungef&auml;hr 4 Jahren verwenden, hei&szlig;t bis zu einem K&ouml;rpergewicht von 22 kg.<\/strong> Drei Kilo d&uuml;rfen in den Einkaufskorb, <strong>macht insgesamt 25 kg Belastbarkeit.<\/strong> Der Wagen ist also <strong>auch noch f&uuml;r gr&ouml;&szlig;ere Kinder einsetzbar,<\/strong> wenn auf l&auml;ngeren Ausfl&uuml;gen die Beine dann doch mal zu schwer werden.<\/p><div style=\"clear:both\"><\/div><div id=\"productPanel580\" class=\"product-panel-bottom\">&nbsp;<\/div><script type=\"module\">\n\t\t\t\t\t\t\trequestProductPanel(\"https:\/\/www.babyartikel.de\/magazin\/wp-content\/plugins\/wp-productpanel2\/ProductPanel.php\", \"?panel_type=automatic&basis_category=1-KW-KS&basis_product=202200002436,202500001099,202500002437,202200002437&swipe_mobile=1&postid=859531&template=automatic&max=8&productPanelId=580&solrQuery=\", 580, 1);\n\t\t\t\t\t\t<\/script><a style=\"\" class=\"link-to-product \" title=\"Walk N Care kaufen\" href=\"http:\/\/www.babyartikel.de\/prod\/hauck-kombi-kinderwagen-walk-n-care-set-inkl-babywanne-sportsitz-beindecke-und-getrankehalter-bis-22kg-belastbar-dark-blue\">\n                        Walk N Care kaufen\n                    <\/a><h2 class=\"wp-block-heading\" id=\"h-das-zusammenklappen-eine-sache-fur-sich-oder-doch-ganz-einfach\"><span class=\"ez-toc-section\" id=\"Das_Zusammenklappen_%E2%80%93_eine_Sache_fuer_sich_oder_doch_ganz_einfach\"><\/span>Das Zusammenklappen &ndash; eine Sache f&uuml;r sich oder doch ganz einfach<span class=\"ez-toc-section-end\"><\/span><\/h2><p>Eine kleine Vorwarnung: Beim ersten Zusammenklappen des Hauck Walk N Care k&ouml;nnte es durchaus vorkommen, dass Du kurzzeitig (oder auch etwas l&auml;nger) mit fragendem Blick neben dem Wagen stehst. Uns ging es &auml;hnlich. <strong>Deshalb kommt hier nun die detaillierte Beschreibung des Vorgangs, damit Du das Zusammenklappen von Anfang an wie ein Profi schaffst:<\/strong><\/p><div class=\"su-image-carousel  su-image-carousel-has-spacing su-image-carousel-has-outline su-image-carousel-adaptive su-image-carousel-slides-style-default su-image-carousel-controls-style-light su-image-carousel-align-center\" style=\"\" data-flickity-options='{\"groupCells\":true,\"cellSelector\":\".su-image-carousel-item\",\"adaptiveHeight\":true,\"cellAlign\":\"left\",\"prevNextButtons\":true,\"pageDots\":false,\"autoPlay\":false,\"imagesLoaded\":true,\"contain\":false,\"selectedAttraction\":1,\"friction\":1}' id=\"su_image_carousel_69f4fc5047ffc\"><div class=\"su-image-carousel-item\"><div class=\"su-image-carousel-item-content\">    <picture>\n        <source type=\"image\/avif\" srcset=\"https:\/\/media.babyartikel.de\/magazin\/wp-content\/uploads\/2022\/06\/zusammenklappen-rueckenlehne-walk-n-care-scaled.jpg?preset=large&amp;format=avif&amp;dpr=1 1x, https:\/\/media.babyartikel.de\/magazin\/wp-content\/uploads\/2022\/06\/zusammenklappen-rueckenlehne-walk-n-care-scaled.jpg?preset=large&amp;format=avif&amp;dpr=2 2x, https:\/\/media.babyartikel.de\/magazin\/wp-content\/uploads\/2022\/06\/zusammenklappen-rueckenlehne-walk-n-care-scaled.jpg?preset=large&amp;format=avif&amp;dpr=3 3x\">\n        <source type=\"image\/webp\" srcset=\"https:\/\/media.babyartikel.de\/magazin\/wp-content\/uploads\/2022\/06\/zusammenklappen-rueckenlehne-walk-n-care-scaled.jpg?preset=large&amp;format=webp&amp;dpr=1 1x, https:\/\/media.babyartikel.de\/magazin\/wp-content\/uploads\/2022\/06\/zusammenklappen-rueckenlehne-walk-n-care-scaled.jpg?preset=large&amp;format=webp&amp;dpr=2 2x, https:\/\/media.babyartikel.de\/magazin\/wp-content\/uploads\/2022\/06\/zusammenklappen-rueckenlehne-walk-n-care-scaled.jpg?preset=large&amp;format=webp&amp;dpr=3 3x\">\n        <source type=\"image\/jpeg\" srcset=\"https:\/\/media.babyartikel.de\/magazin\/wp-content\/uploads\/2022\/06\/zusammenklappen-rueckenlehne-walk-n-care-scaled.jpg?preset=large&amp;format=jpeg&amp;dpr=1 1x, https:\/\/media.babyartikel.de\/magazin\/wp-content\/uploads\/2022\/06\/zusammenklappen-rueckenlehne-walk-n-care-scaled.jpg?preset=large&amp;format=jpeg&amp;dpr=2 2x, https:\/\/media.babyartikel.de\/magazin\/wp-content\/uploads\/2022\/06\/zusammenklappen-rueckenlehne-walk-n-care-scaled.jpg?preset=large&amp;format=jpeg&amp;dpr=3 3x\">\n        <source type=\"image\/jpeg\" srcset=\"https:\/\/media.babyartikel.de\/magazin\/wp-content\/uploads\/2022\/06\/zusammenklappen-rueckenlehne-walk-n-care-scaled.jpg?preset=large&amp;dpr=1 1x, https:\/\/media.babyartikel.de\/magazin\/wp-content\/uploads\/2022\/06\/zusammenklappen-rueckenlehne-walk-n-care-scaled.jpg?preset=large&amp;dpr=2 2x, https:\/\/media.babyartikel.de\/magazin\/wp-content\/uploads\/2022\/06\/zusammenklappen-rueckenlehne-walk-n-care-scaled.jpg?preset=large&amp;dpr=3 3x\">\n        <img loading=\"lazy\" decoding=\"async\" width=\"690\" height=\"461\" src=\"https:\/\/media.babyartikel.de\/magazin\/wp-content\/uploads\/2022\/06\/zusammenklappen-rueckenlehne-walk-n-care-690x461.jpg\" class=\" wp-image-861073\" alt=\"rueckenlehne umklappen walk n care test bei babyartikel.de\" srcset=\"https:\/\/media.babyartikel.de\/magazin\/wp-content\/uploads\/2022\/06\/zusammenklappen-rueckenlehne-walk-n-care-690x461.jpg 690w, https:\/\/media.babyartikel.de\/magazin\/wp-content\/uploads\/2022\/06\/zusammenklappen-rueckenlehne-walk-n-care-1050x701.jpg 1050w, https:\/\/media.babyartikel.de\/magazin\/wp-content\/uploads\/2022\/06\/zusammenklappen-rueckenlehne-walk-n-care-150x100.jpg 150w, https:\/\/media.babyartikel.de\/magazin\/wp-content\/uploads\/2022\/06\/zusammenklappen-rueckenlehne-walk-n-care-768x513.jpg 768w, https:\/\/media.babyartikel.de\/magazin\/wp-content\/uploads\/2022\/06\/zusammenklappen-rueckenlehne-walk-n-care-1536x1025.jpg 1536w, https:\/\/media.babyartikel.de\/magazin\/wp-content\/uploads\/2022\/06\/zusammenklappen-rueckenlehne-walk-n-care-2048x1367.jpg 2048w, https:\/\/media.babyartikel.de\/magazin\/wp-content\/uploads\/2022\/06\/zusammenklappen-rueckenlehne-walk-n-care-272x182.jpg 272w\" sizes=\"auto, (max-width: 690px) 100vw, 690px\">\n    <\/source><\/source><\/source><\/source><\/picture><span><\/span><\/div><\/div><div class=\"su-image-carousel-item\"><div class=\"su-image-carousel-item-content\">    <picture>\n        <source type=\"image\/avif\" srcset=\"https:\/\/media.babyartikel.de\/magazin\/wp-content\/uploads\/2022\/06\/rueckenlehne-umgeklappt-walk-care-hauck-scaled.jpg?preset=large&amp;format=avif&amp;dpr=1 1x, https:\/\/media.babyartikel.de\/magazin\/wp-content\/uploads\/2022\/06\/rueckenlehne-umgeklappt-walk-care-hauck-scaled.jpg?preset=large&amp;format=avif&amp;dpr=2 2x, https:\/\/media.babyartikel.de\/magazin\/wp-content\/uploads\/2022\/06\/rueckenlehne-umgeklappt-walk-care-hauck-scaled.jpg?preset=large&amp;format=avif&amp;dpr=3 3x\">\n        <source type=\"image\/webp\" srcset=\"https:\/\/media.babyartikel.de\/magazin\/wp-content\/uploads\/2022\/06\/rueckenlehne-umgeklappt-walk-care-hauck-scaled.jpg?preset=large&amp;format=webp&amp;dpr=1 1x, https:\/\/media.babyartikel.de\/magazin\/wp-content\/uploads\/2022\/06\/rueckenlehne-umgeklappt-walk-care-hauck-scaled.jpg?preset=large&amp;format=webp&amp;dpr=2 2x, https:\/\/media.babyartikel.de\/magazin\/wp-content\/uploads\/2022\/06\/rueckenlehne-umgeklappt-walk-care-hauck-scaled.jpg?preset=large&amp;format=webp&amp;dpr=3 3x\">\n        <source type=\"image\/jpeg\" srcset=\"https:\/\/media.babyartikel.de\/magazin\/wp-content\/uploads\/2022\/06\/rueckenlehne-umgeklappt-walk-care-hauck-scaled.jpg?preset=large&amp;format=jpeg&amp;dpr=1 1x, https:\/\/media.babyartikel.de\/magazin\/wp-content\/uploads\/2022\/06\/rueckenlehne-umgeklappt-walk-care-hauck-scaled.jpg?preset=large&amp;format=jpeg&amp;dpr=2 2x, https:\/\/media.babyartikel.de\/magazin\/wp-content\/uploads\/2022\/06\/rueckenlehne-umgeklappt-walk-care-hauck-scaled.jpg?preset=large&amp;format=jpeg&amp;dpr=3 3x\">\n        <source type=\"image\/jpeg\" srcset=\"https:\/\/media.babyartikel.de\/magazin\/wp-content\/uploads\/2022\/06\/rueckenlehne-umgeklappt-walk-care-hauck-scaled.jpg?preset=large&amp;dpr=1 1x, https:\/\/media.babyartikel.de\/magazin\/wp-content\/uploads\/2022\/06\/rueckenlehne-umgeklappt-walk-care-hauck-scaled.jpg?preset=large&amp;dpr=2 2x, https:\/\/media.babyartikel.de\/magazin\/wp-content\/uploads\/2022\/06\/rueckenlehne-umgeklappt-walk-care-hauck-scaled.jpg?preset=large&amp;dpr=3 3x\">\n        <img loading=\"lazy\" decoding=\"async\" width=\"690\" height=\"461\" src=\"https:\/\/media.babyartikel.de\/magazin\/wp-content\/uploads\/2022\/06\/rueckenlehne-umgeklappt-walk-care-hauck-690x461.jpg\" class=\" wp-image-861078\" alt=\"rueckenlehne umgeklappt walk care hauck\" srcset=\"https:\/\/media.babyartikel.de\/magazin\/wp-content\/uploads\/2022\/06\/rueckenlehne-umgeklappt-walk-care-hauck-690x461.jpg 690w, https:\/\/media.babyartikel.de\/magazin\/wp-content\/uploads\/2022\/06\/rueckenlehne-umgeklappt-walk-care-hauck-1050x701.jpg 1050w, https:\/\/media.babyartikel.de\/magazin\/wp-content\/uploads\/2022\/06\/rueckenlehne-umgeklappt-walk-care-hauck-150x100.jpg 150w, https:\/\/media.babyartikel.de\/magazin\/wp-content\/uploads\/2022\/06\/rueckenlehne-umgeklappt-walk-care-hauck-768x513.jpg 768w, https:\/\/media.babyartikel.de\/magazin\/wp-content\/uploads\/2022\/06\/rueckenlehne-umgeklappt-walk-care-hauck-1536x1025.jpg 1536w, https:\/\/media.babyartikel.de\/magazin\/wp-content\/uploads\/2022\/06\/rueckenlehne-umgeklappt-walk-care-hauck-2048x1367.jpg 2048w, https:\/\/media.babyartikel.de\/magazin\/wp-content\/uploads\/2022\/06\/rueckenlehne-umgeklappt-walk-care-hauck-272x182.jpg 272w\" sizes=\"auto, (max-width: 690px) 100vw, 690px\">\n    <\/source><\/source><\/source><\/source><\/picture><span><\/span><\/div><\/div><div class=\"su-image-carousel-item\"><div class=\"su-image-carousel-item-content\">    <picture>\n        <source type=\"image\/avif\" srcset=\"https:\/\/media.babyartikel.de\/magazin\/wp-content\/uploads\/2022\/06\/zusammenklappen-walk-care-schieber-scaled.jpg?preset=large&amp;format=avif&amp;dpr=1 1x, https:\/\/media.babyartikel.de\/magazin\/wp-content\/uploads\/2022\/06\/zusammenklappen-walk-care-schieber-scaled.jpg?preset=large&amp;format=avif&amp;dpr=2 2x, https:\/\/media.babyartikel.de\/magazin\/wp-content\/uploads\/2022\/06\/zusammenklappen-walk-care-schieber-scaled.jpg?preset=large&amp;format=avif&amp;dpr=3 3x\">\n        <source type=\"image\/webp\" srcset=\"https:\/\/media.babyartikel.de\/magazin\/wp-content\/uploads\/2022\/06\/zusammenklappen-walk-care-schieber-scaled.jpg?preset=large&amp;format=webp&amp;dpr=1 1x, https:\/\/media.babyartikel.de\/magazin\/wp-content\/uploads\/2022\/06\/zusammenklappen-walk-care-schieber-scaled.jpg?preset=large&amp;format=webp&amp;dpr=2 2x, https:\/\/media.babyartikel.de\/magazin\/wp-content\/uploads\/2022\/06\/zusammenklappen-walk-care-schieber-scaled.jpg?preset=large&amp;format=webp&amp;dpr=3 3x\">\n        <source type=\"image\/jpeg\" srcset=\"https:\/\/media.babyartikel.de\/magazin\/wp-content\/uploads\/2022\/06\/zusammenklappen-walk-care-schieber-scaled.jpg?preset=large&amp;format=jpeg&amp;dpr=1 1x, https:\/\/media.babyartikel.de\/magazin\/wp-content\/uploads\/2022\/06\/zusammenklappen-walk-care-schieber-scaled.jpg?preset=large&amp;format=jpeg&amp;dpr=2 2x, https:\/\/media.babyartikel.de\/magazin\/wp-content\/uploads\/2022\/06\/zusammenklappen-walk-care-schieber-scaled.jpg?preset=large&amp;format=jpeg&amp;dpr=3 3x\">\n        <source type=\"image\/jpeg\" srcset=\"https:\/\/media.babyartikel.de\/magazin\/wp-content\/uploads\/2022\/06\/zusammenklappen-walk-care-schieber-scaled.jpg?preset=large&amp;dpr=1 1x, https:\/\/media.babyartikel.de\/magazin\/wp-content\/uploads\/2022\/06\/zusammenklappen-walk-care-schieber-scaled.jpg?preset=large&amp;dpr=2 2x, https:\/\/media.babyartikel.de\/magazin\/wp-content\/uploads\/2022\/06\/zusammenklappen-walk-care-schieber-scaled.jpg?preset=large&amp;dpr=3 3x\">\n        <img loading=\"lazy\" decoding=\"async\" width=\"690\" height=\"461\" src=\"https:\/\/media.babyartikel.de\/magazin\/wp-content\/uploads\/2022\/06\/zusammenklappen-walk-care-schieber-690x461.jpg\" class=\" wp-image-861072\" alt=\"\" srcset=\"https:\/\/media.babyartikel.de\/magazin\/wp-content\/uploads\/2022\/06\/zusammenklappen-walk-care-schieber-690x461.jpg 690w, https:\/\/media.babyartikel.de\/magazin\/wp-content\/uploads\/2022\/06\/zusammenklappen-walk-care-schieber-1050x701.jpg 1050w, https:\/\/media.babyartikel.de\/magazin\/wp-content\/uploads\/2022\/06\/zusammenklappen-walk-care-schieber-150x100.jpg 150w, https:\/\/media.babyartikel.de\/magazin\/wp-content\/uploads\/2022\/06\/zusammenklappen-walk-care-schieber-768x513.jpg 768w, https:\/\/media.babyartikel.de\/magazin\/wp-content\/uploads\/2022\/06\/zusammenklappen-walk-care-schieber-1536x1025.jpg 1536w, https:\/\/media.babyartikel.de\/magazin\/wp-content\/uploads\/2022\/06\/zusammenklappen-walk-care-schieber-2048x1367.jpg 2048w, https:\/\/media.babyartikel.de\/magazin\/wp-content\/uploads\/2022\/06\/zusammenklappen-walk-care-schieber-272x182.jpg 272w\" sizes=\"auto, (max-width: 690px) 100vw, 690px\">\n    <\/source><\/source><\/source><\/source><\/picture><span><\/span><\/div><\/div><div class=\"su-image-carousel-item\"><div class=\"su-image-carousel-item-content\">    <picture>\n        <source type=\"image\/avif\" srcset=\"https:\/\/media.babyartikel.de\/magazin\/wp-content\/uploads\/2022\/06\/schiebestange-umklappen-walk-care-test-scaled.jpg?preset=large&amp;format=avif&amp;dpr=1 1x, https:\/\/media.babyartikel.de\/magazin\/wp-content\/uploads\/2022\/06\/schiebestange-umklappen-walk-care-test-scaled.jpg?preset=large&amp;format=avif&amp;dpr=2 2x, https:\/\/media.babyartikel.de\/magazin\/wp-content\/uploads\/2022\/06\/schiebestange-umklappen-walk-care-test-scaled.jpg?preset=large&amp;format=avif&amp;dpr=3 3x\">\n        <source type=\"image\/webp\" srcset=\"https:\/\/media.babyartikel.de\/magazin\/wp-content\/uploads\/2022\/06\/schiebestange-umklappen-walk-care-test-scaled.jpg?preset=large&amp;format=webp&amp;dpr=1 1x, https:\/\/media.babyartikel.de\/magazin\/wp-content\/uploads\/2022\/06\/schiebestange-umklappen-walk-care-test-scaled.jpg?preset=large&amp;format=webp&amp;dpr=2 2x, https:\/\/media.babyartikel.de\/magazin\/wp-content\/uploads\/2022\/06\/schiebestange-umklappen-walk-care-test-scaled.jpg?preset=large&amp;format=webp&amp;dpr=3 3x\">\n        <source type=\"image\/jpeg\" srcset=\"https:\/\/media.babyartikel.de\/magazin\/wp-content\/uploads\/2022\/06\/schiebestange-umklappen-walk-care-test-scaled.jpg?preset=large&amp;format=jpeg&amp;dpr=1 1x, https:\/\/media.babyartikel.de\/magazin\/wp-content\/uploads\/2022\/06\/schiebestange-umklappen-walk-care-test-scaled.jpg?preset=large&amp;format=jpeg&amp;dpr=2 2x, https:\/\/media.babyartikel.de\/magazin\/wp-content\/uploads\/2022\/06\/schiebestange-umklappen-walk-care-test-scaled.jpg?preset=large&amp;format=jpeg&amp;dpr=3 3x\">\n        <source type=\"image\/jpeg\" srcset=\"https:\/\/media.babyartikel.de\/magazin\/wp-content\/uploads\/2022\/06\/schiebestange-umklappen-walk-care-test-scaled.jpg?preset=large&amp;dpr=1 1x, https:\/\/media.babyartikel.de\/magazin\/wp-content\/uploads\/2022\/06\/schiebestange-umklappen-walk-care-test-scaled.jpg?preset=large&amp;dpr=2 2x, https:\/\/media.babyartikel.de\/magazin\/wp-content\/uploads\/2022\/06\/schiebestange-umklappen-walk-care-test-scaled.jpg?preset=large&amp;dpr=3 3x\">\n        <img loading=\"lazy\" decoding=\"async\" width=\"690\" height=\"461\" src=\"https:\/\/media.babyartikel.de\/magazin\/wp-content\/uploads\/2022\/06\/schiebestange-umklappen-walk-care-test-690x461.jpg\" class=\" wp-image-861074\" alt=\"schiebestange umklappen walk care test\" srcset=\"https:\/\/media.babyartikel.de\/magazin\/wp-content\/uploads\/2022\/06\/schiebestange-umklappen-walk-care-test-690x461.jpg 690w, https:\/\/media.babyartikel.de\/magazin\/wp-content\/uploads\/2022\/06\/schiebestange-umklappen-walk-care-test-1050x701.jpg 1050w, https:\/\/media.babyartikel.de\/magazin\/wp-content\/uploads\/2022\/06\/schiebestange-umklappen-walk-care-test-150x100.jpg 150w, https:\/\/media.babyartikel.de\/magazin\/wp-content\/uploads\/2022\/06\/schiebestange-umklappen-walk-care-test-768x513.jpg 768w, https:\/\/media.babyartikel.de\/magazin\/wp-content\/uploads\/2022\/06\/schiebestange-umklappen-walk-care-test-1536x1025.jpg 1536w, https:\/\/media.babyartikel.de\/magazin\/wp-content\/uploads\/2022\/06\/schiebestange-umklappen-walk-care-test-2048x1367.jpg 2048w, https:\/\/media.babyartikel.de\/magazin\/wp-content\/uploads\/2022\/06\/schiebestange-umklappen-walk-care-test-272x182.jpg 272w\" sizes=\"auto, (max-width: 690px) 100vw, 690px\">\n    <\/source><\/source><\/source><\/source><\/picture><span><\/span><\/div><\/div><div class=\"su-image-carousel-item\"><div class=\"su-image-carousel-item-content\">    <picture>\n        <source type=\"image\/avif\" srcset=\"https:\/\/media.babyartikel.de\/magazin\/wp-content\/uploads\/2022\/06\/gestell-klappen-hauck-walk-care-scaled.jpg?preset=large&amp;format=avif&amp;dpr=1 1x, https:\/\/media.babyartikel.de\/magazin\/wp-content\/uploads\/2022\/06\/gestell-klappen-hauck-walk-care-scaled.jpg?preset=large&amp;format=avif&amp;dpr=2 2x, https:\/\/media.babyartikel.de\/magazin\/wp-content\/uploads\/2022\/06\/gestell-klappen-hauck-walk-care-scaled.jpg?preset=large&amp;format=avif&amp;dpr=3 3x\">\n        <source type=\"image\/webp\" srcset=\"https:\/\/media.babyartikel.de\/magazin\/wp-content\/uploads\/2022\/06\/gestell-klappen-hauck-walk-care-scaled.jpg?preset=large&amp;format=webp&amp;dpr=1 1x, https:\/\/media.babyartikel.de\/magazin\/wp-content\/uploads\/2022\/06\/gestell-klappen-hauck-walk-care-scaled.jpg?preset=large&amp;format=webp&amp;dpr=2 2x, https:\/\/media.babyartikel.de\/magazin\/wp-content\/uploads\/2022\/06\/gestell-klappen-hauck-walk-care-scaled.jpg?preset=large&amp;format=webp&amp;dpr=3 3x\">\n        <source type=\"image\/jpeg\" srcset=\"https:\/\/media.babyartikel.de\/magazin\/wp-content\/uploads\/2022\/06\/gestell-klappen-hauck-walk-care-scaled.jpg?preset=large&amp;format=jpeg&amp;dpr=1 1x, https:\/\/media.babyartikel.de\/magazin\/wp-content\/uploads\/2022\/06\/gestell-klappen-hauck-walk-care-scaled.jpg?preset=large&amp;format=jpeg&amp;dpr=2 2x, https:\/\/media.babyartikel.de\/magazin\/wp-content\/uploads\/2022\/06\/gestell-klappen-hauck-walk-care-scaled.jpg?preset=large&amp;format=jpeg&amp;dpr=3 3x\">\n        <source type=\"image\/jpeg\" srcset=\"https:\/\/media.babyartikel.de\/magazin\/wp-content\/uploads\/2022\/06\/gestell-klappen-hauck-walk-care-scaled.jpg?preset=large&amp;dpr=1 1x, https:\/\/media.babyartikel.de\/magazin\/wp-content\/uploads\/2022\/06\/gestell-klappen-hauck-walk-care-scaled.jpg?preset=large&amp;dpr=2 2x, https:\/\/media.babyartikel.de\/magazin\/wp-content\/uploads\/2022\/06\/gestell-klappen-hauck-walk-care-scaled.jpg?preset=large&amp;dpr=3 3x\">\n        <img loading=\"lazy\" decoding=\"async\" width=\"690\" height=\"461\" src=\"https:\/\/media.babyartikel.de\/magazin\/wp-content\/uploads\/2022\/06\/gestell-klappen-hauck-walk-care-690x461.jpg\" class=\" wp-image-861079\" alt=\"gestell klappen hauck walk care\" srcset=\"https:\/\/media.babyartikel.de\/magazin\/wp-content\/uploads\/2022\/06\/gestell-klappen-hauck-walk-care-690x461.jpg 690w, https:\/\/media.babyartikel.de\/magazin\/wp-content\/uploads\/2022\/06\/gestell-klappen-hauck-walk-care-1050x701.jpg 1050w, https:\/\/media.babyartikel.de\/magazin\/wp-content\/uploads\/2022\/06\/gestell-klappen-hauck-walk-care-150x100.jpg 150w, https:\/\/media.babyartikel.de\/magazin\/wp-content\/uploads\/2022\/06\/gestell-klappen-hauck-walk-care-768x513.jpg 768w, https:\/\/media.babyartikel.de\/magazin\/wp-content\/uploads\/2022\/06\/gestell-klappen-hauck-walk-care-1536x1025.jpg 1536w, https:\/\/media.babyartikel.de\/magazin\/wp-content\/uploads\/2022\/06\/gestell-klappen-hauck-walk-care-2048x1367.jpg 2048w, https:\/\/media.babyartikel.de\/magazin\/wp-content\/uploads\/2022\/06\/gestell-klappen-hauck-walk-care-272x182.jpg 272w\" sizes=\"auto, (max-width: 690px) 100vw, 690px\">\n    <\/source><\/source><\/source><\/source><\/picture><span><\/span><\/div><\/div><div class=\"su-image-carousel-item\"><div class=\"su-image-carousel-item-content\">    <picture>\n        <source type=\"image\/avif\" srcset=\"https:\/\/media.babyartikel.de\/magazin\/wp-content\/uploads\/2022\/06\/walk-n-care-gestell-zusammengeklappt-scaled.jpg?preset=large&amp;format=avif&amp;dpr=1 1x, https:\/\/media.babyartikel.de\/magazin\/wp-content\/uploads\/2022\/06\/walk-n-care-gestell-zusammengeklappt-scaled.jpg?preset=large&amp;format=avif&amp;dpr=2 2x, https:\/\/media.babyartikel.de\/magazin\/wp-content\/uploads\/2022\/06\/walk-n-care-gestell-zusammengeklappt-scaled.jpg?preset=large&amp;format=avif&amp;dpr=3 3x\">\n        <source type=\"image\/webp\" srcset=\"https:\/\/media.babyartikel.de\/magazin\/wp-content\/uploads\/2022\/06\/walk-n-care-gestell-zusammengeklappt-scaled.jpg?preset=large&amp;format=webp&amp;dpr=1 1x, https:\/\/media.babyartikel.de\/magazin\/wp-content\/uploads\/2022\/06\/walk-n-care-gestell-zusammengeklappt-scaled.jpg?preset=large&amp;format=webp&amp;dpr=2 2x, https:\/\/media.babyartikel.de\/magazin\/wp-content\/uploads\/2022\/06\/walk-n-care-gestell-zusammengeklappt-scaled.jpg?preset=large&amp;format=webp&amp;dpr=3 3x\">\n        <source type=\"image\/jpeg\" srcset=\"https:\/\/media.babyartikel.de\/magazin\/wp-content\/uploads\/2022\/06\/walk-n-care-gestell-zusammengeklappt-scaled.jpg?preset=large&amp;format=jpeg&amp;dpr=1 1x, https:\/\/media.babyartikel.de\/magazin\/wp-content\/uploads\/2022\/06\/walk-n-care-gestell-zusammengeklappt-scaled.jpg?preset=large&amp;format=jpeg&amp;dpr=2 2x, https:\/\/media.babyartikel.de\/magazin\/wp-content\/uploads\/2022\/06\/walk-n-care-gestell-zusammengeklappt-scaled.jpg?preset=large&amp;format=jpeg&amp;dpr=3 3x\">\n        <source type=\"image\/jpeg\" srcset=\"https:\/\/media.babyartikel.de\/magazin\/wp-content\/uploads\/2022\/06\/walk-n-care-gestell-zusammengeklappt-scaled.jpg?preset=large&amp;dpr=1 1x, https:\/\/media.babyartikel.de\/magazin\/wp-content\/uploads\/2022\/06\/walk-n-care-gestell-zusammengeklappt-scaled.jpg?preset=large&amp;dpr=2 2x, https:\/\/media.babyartikel.de\/magazin\/wp-content\/uploads\/2022\/06\/walk-n-care-gestell-zusammengeklappt-scaled.jpg?preset=large&amp;dpr=3 3x\">\n        <img loading=\"lazy\" decoding=\"async\" width=\"690\" height=\"461\" src=\"https:\/\/media.babyartikel.de\/magazin\/wp-content\/uploads\/2022\/06\/walk-n-care-gestell-zusammengeklappt-690x461.jpg\" class=\" wp-image-861080\" alt=\"walk n care gestell zusammengeklappt\" srcset=\"https:\/\/media.babyartikel.de\/magazin\/wp-content\/uploads\/2022\/06\/walk-n-care-gestell-zusammengeklappt-690x461.jpg 690w, https:\/\/media.babyartikel.de\/magazin\/wp-content\/uploads\/2022\/06\/walk-n-care-gestell-zusammengeklappt-1050x701.jpg 1050w, https:\/\/media.babyartikel.de\/magazin\/wp-content\/uploads\/2022\/06\/walk-n-care-gestell-zusammengeklappt-150x100.jpg 150w, https:\/\/media.babyartikel.de\/magazin\/wp-content\/uploads\/2022\/06\/walk-n-care-gestell-zusammengeklappt-768x513.jpg 768w, https:\/\/media.babyartikel.de\/magazin\/wp-content\/uploads\/2022\/06\/walk-n-care-gestell-zusammengeklappt-1536x1025.jpg 1536w, https:\/\/media.babyartikel.de\/magazin\/wp-content\/uploads\/2022\/06\/walk-n-care-gestell-zusammengeklappt-2048x1367.jpg 2048w, https:\/\/media.babyartikel.de\/magazin\/wp-content\/uploads\/2022\/06\/walk-n-care-gestell-zusammengeklappt-272x182.jpg 272w\" sizes=\"auto, (max-width: 690px) 100vw, 690px\">\n    <\/source><\/source><\/source><\/source><\/picture><span><\/span><\/div><\/div><\/div><script id=\"su_image_carousel_69f4fc5047ffc_script\">if(window.SUImageCarousel){setTimeout(function() {window.SUImageCarousel.initGallery(document.getElementById(\"su_image_carousel_69f4fc5047ffc\"))}, 0);}var su_image_carousel_69f4fc5047ffc_script=document.getElementById(\"su_image_carousel_69f4fc5047ffc_script\");if(su_image_carousel_69f4fc5047ffc_script){su_image_carousel_69f4fc5047ffc_script.parentNode.removeChild(su_image_carousel_69f4fc5047ffc_script);}<\/script><p>Du klappst den Sportsitz (in Fahrtrichtung gedreht) komplett nach vorne. Hierf&uuml;r dr&uuml;ckst du den wei&szlig;en Knopf am Sitz und den Schalter an der R&uuml;ckenlehne und klappst sie mit etwas Druck nach unten. <br>Dann bet&auml;tigst Du die beiden Schalter zum Verstellen der Schiebestange und dr&uuml;ckst gleichzeitig die Stange mit Schwung von Dir nach vorne weg. <br><strong>Sei mutig, es kann wirklich nichts kaputt gehen!<\/strong> Und schwupps, der Kinderwagen klappt sich magisch zusammen. Als Profi ben&ouml;tigst Du daf&uuml;r &uuml;brigens nur eine Hand.<br>Wenn es nicht beim ersten Mal funktioniert, probiere es gleich noch einmal. Du schaffst das!<br><br><strong>In diesem Video erkl&auml;rt Dir Expertin Steffi den Vorgang noch einmal ganz genau:<\/strong><\/p><figure class=\"wp-block-embed is-type-video is-provider-youtube wp-block-embed-youtube wp-embed-aspect-16-9 wp-has-aspect-ratio\"><div class=\"wp-block-embed__wrapper\">\n<lite-youtube videoid=\"G34YH6x8ef0\" style=\"background-image: url('https:\/\/yt.babyartikel.de\/G34YH6x8ef0\/hqdefault.webp'\"><p class=\"lite-youtube__privacy-notice\">Beim Klick wird dieses Video von den YouTube-Servern geladen. Details siehe <a href=\"\/de\/datenschutz\">Datenschutzerkl&auml;rung<\/a>.<\/p><\/lite-youtube>\n<\/div><\/figure><h2 class=\"wp-block-heading\" id=\"h-video-hauck-walk-n-care-im-test\"><span class=\"ez-toc-section\" id=\"Video_Hauck_Walk_N_Care_im_Test\"><\/span>Video: Hauck Walk N Care im Test<span class=\"ez-toc-section-end\"><\/span><\/h2><p>In diesem Video zeigt Dir Expertin Steffi Dir den Walk N Care Kombi-Kinderwagen im Detail und erkl&auml;rt Dir die tollen Extras. Schau doch gleich mal rein!<\/p><figure class=\"wp-block-embed is-type-video is-provider-youtube wp-block-embed-youtube wp-embed-aspect-16-9 wp-has-aspect-ratio\"><div class=\"wp-block-embed__wrapper\">\n<lite-youtube videoid=\"Qo4ptiQKEvA\" style=\"background-image: url('https:\/\/yt.babyartikel.de\/Qo4ptiQKEvA\/hqdefault.webp'\"><p class=\"lite-youtube__privacy-notice\">Beim Klick wird dieses Video von den YouTube-Servern geladen. Details siehe <a href=\"\/de\/datenschutz\">Datenschutzerkl&auml;rung<\/a>.<\/p><\/lite-youtube>\n<\/div><\/figure><h2 class=\"wp-block-heading\" id=\"h-hauck-walk-n-care-test-fazit-und-preis-leistung\"><span class=\"ez-toc-section\" id=\"Hauck_Walk_N_Care_Test_Fazit_und_Preis-Leistung\"><\/span>Hauck Walk N Care Test: Fazit und Preis-Leistung<span class=\"ez-toc-section-end\"><\/span><\/h2><p><strong>Das hat uns im gro&szlig;en Hauck Walk N Care Test am besten gefallen:<\/strong><\/p><p>&#10010; Das gro&szlig;e Panorama-Fenster der Babywanne<br>&#10010; Die weiche Nestchen-Umrandung<br>&#10010; Ausklappbares Sonnendach der Babywanne<br>&#10010; Entfern- und waschbare Bez&uuml;ge<br>&#10010; Umbau zum Sportwagen oder Richtungswechsel geht mit einem Klick<br>&#10010; H&ouml;henverstellbarkeit des Sportsitzes <br>&#10010; Kompaktes Gestell, auch f&uuml;r den kleinen Kofferraum<\/p><p><strong>Kleine Mankos:<\/strong><\/p><p>&ndash; Schiebestange wackelt in der h&ouml;chsten Einstellung leicht<br>&ndash; Babywanne ist etwas schwerer<br>&ndash; Krempe des Sportsitz-Verdecks nicht so hochwertig verarbeitet<br>&ndash; Zusammenklappen erfordert &Uuml;bung<\/p><p>Den Kombi-Kinderwagen bekommst Du aktuell f&uuml;r ca. <span class=\"y_product \" data-code=\"202200002436\" data-return=\"price\" data-postid=\"859531\"><\/span> bei Babyartikel.de. Angesichts der gebotenen Extras beurteilen wir hier das <strong>Preis-Leistungsverh&auml;ltnis als sehr gut.<\/strong><\/p><p><em><strong>Hat Dir unser Testbericht gefallen oder hast Du Fragen? Wir freuen uns auf Deinen Kommentar!<\/strong><\/em><\/p><\/p>\n","protected":false},"excerpt":{"rendered":"<p>Gerade auf den Markt gekommen und schon f&uuml;r Dich getestet: Der Walk N Care Kombi-Kinderwagen von Hauck. Was der Kinderwagen Dir alles bietet und welche besonderen Extras er im Gep&auml;ck hat, das erf&auml;hrst Du in unserem gro&szlig;en Hauck Walk N Care Test. Spoiler: Der Sportsitz kann etwas ganz Besonderes! Dazu sp&auml;ter mehr.Aufbau und VerpackungKlein und [&#8230;]<\/p>\n<p><a class=\"btn btn-secondary understrap-read-more-link\" href=\"https:\/\/www.babyartikel.de\/magazin\/hauck-walk-n-care-test\">Weiterlesen&#8230;<\/a><\/p>\n","protected":false},"author":121,"featured_media":861031,"comment_status":"open","ping_status":"closed","sticky":false,"template":"","format":"standard","meta":{"_acf_changed":false,"footnotes":""},"categories":[48],"tags":[3338,3,3389],"class_list":["post-859531","post","type-post","status-publish","format-standard","has-post-thumbnail","hentry","category-test-bewertungen","tag-alltag-mit-baby","tag-kinderwagen","tag-test"],"acf":[],"yoast_head":"<!-- This site is optimized with the Yoast SEO Premium plugin v27.2 (Yoast SEO v27.2) - https:\/\/yoast.com\/product\/yoast-seo-premium-wordpress\/ -->\n<title>Der Hauck Walk N Care im gro\u00dfen Test | Babyartikel.de Magazin<\/title>\n<meta name=\"description\" content=\"\u25b6Was kann der Kombi-Kinderwagen? Was sind die besonderen Features? Alles dar\u00fcber erf\u00e4hrst Du im gro\u00dfen Hauck Walk N Care Test\" \/>\n<meta name=\"robots\" content=\"index, follow, max-snippet:-1, max-image-preview:large, max-video-preview:-1\" \/>\n<link rel=\"canonical\" href=\"https:\/\/www.babyartikel.de\/magazin\/hauck-walk-n-care-test\" \/>\n<meta property=\"og:locale\" content=\"de_DE\" \/>\n<meta property=\"og:type\" content=\"article\" \/>\n<meta property=\"og:title\" content=\"Hauck Walk N Care Test - Kombi-Kinderwagen mit besonderen Extras\" \/>\n<meta property=\"og:description\" content=\"\u25b6Was kann der Kombi-Kinderwagen? Was sind die besonderen Features? Alles dar\u00fcber erf\u00e4hrst Du im gro\u00dfen Hauck Walk N Care Test\" \/>\n<meta property=\"og:url\" content=\"https:\/\/www.babyartikel.de\/magazin\/hauck-walk-n-care-test\" \/>\n<meta property=\"og:site_name\" content=\"Babyartikel.de Magazin\" \/>\n<meta property=\"article:published_time\" content=\"2022-06-15T04:37:00+00:00\" \/>\n<meta property=\"article:modified_time\" content=\"2025-09-30T10:17:36+00:00\" \/>\n<meta property=\"og:image\" content=\"https:\/\/media.babyartikel.de\/magazin\/wp-content\/uploads\/2022\/06\/Test-hauck-walk-n-care.jpg\" \/>\n\t<meta property=\"og:image:width\" content=\"1050\" \/>\n\t<meta property=\"og:image:height\" content=\"549\" \/>\n\t<meta property=\"og:image:type\" content=\"image\/jpeg\" \/>\n<meta name=\"author\" content=\"Stephanie\" \/>\n<meta name=\"twitter:card\" content=\"summary_large_image\" \/>\n<meta name=\"twitter:label1\" content=\"Verfasst von\" \/>\n\t<meta name=\"twitter:data1\" content=\"Stephanie\" \/>\n\t<meta name=\"twitter:label2\" content=\"Gesch\u00e4tzte Lesezeit\" \/>\n\t<meta name=\"twitter:data2\" content=\"15\u00a0Minuten\" \/>\n<script type=\"application\/ld+json\" class=\"yoast-schema-graph\">{\"@context\":\"https:\/\/schema.org\",\"@graph\":[{\"@type\":\"Article\",\"@id\":\"https:\/\/www.babyartikel.de\/magazin\/hauck-walk-n-care-test#article\",\"isPartOf\":{\"@id\":\"https:\/\/www.babyartikel.de\/magazin\/hauck-walk-n-care-test\"},\"author\":{\"name\":\"Stephanie\",\"@id\":\"https:\/\/www.babyartikel.de\/magazin\/#\/schema\/person\/88738f17e8be867ce841842522ad2b5a\"},\"headline\":\"Hauck Walk N Care Test &#8211; Kombi-Kinderwagen mit besonderen Extras\",\"datePublished\":\"2022-06-15T04:37:00+00:00\",\"dateModified\":\"2025-09-30T10:17:36+00:00\",\"mainEntityOfPage\":{\"@id\":\"https:\/\/www.babyartikel.de\/magazin\/hauck-walk-n-care-test\"},\"wordCount\":2340,\"commentCount\":8,\"image\":{\"@id\":\"https:\/\/www.babyartikel.de\/magazin\/hauck-walk-n-care-test#primaryimage\"},\"thumbnailUrl\":\"https:\/\/media.babyartikel.de\/magazin\/wp-content\/uploads\/2022\/06\/hauck-walk-n-care-test-scaled.jpg\",\"keywords\":[\"alltag mit baby\",\"kinderwagen\",\"test\"],\"articleSection\":[\"Tests\"],\"inLanguage\":\"de\",\"potentialAction\":[{\"@type\":\"CommentAction\",\"name\":\"Comment\",\"target\":[\"https:\/\/www.babyartikel.de\/magazin\/hauck-walk-n-care-test#respond\"]}]},{\"@type\":\"WebPage\",\"@id\":\"https:\/\/www.babyartikel.de\/magazin\/hauck-walk-n-care-test\",\"url\":\"https:\/\/www.babyartikel.de\/magazin\/hauck-walk-n-care-test\",\"name\":\"Der Hauck Walk N Care im gro\u00dfen Test | Babyartikel.de Magazin\",\"isPartOf\":{\"@id\":\"https:\/\/www.babyartikel.de\/magazin\/#website\"},\"primaryImageOfPage\":{\"@id\":\"https:\/\/www.babyartikel.de\/magazin\/hauck-walk-n-care-test#primaryimage\"},\"image\":{\"@id\":\"https:\/\/www.babyartikel.de\/magazin\/hauck-walk-n-care-test#primaryimage\"},\"thumbnailUrl\":\"https:\/\/media.babyartikel.de\/magazin\/wp-content\/uploads\/2022\/06\/hauck-walk-n-care-test-scaled.jpg\",\"datePublished\":\"2022-06-15T04:37:00+00:00\",\"dateModified\":\"2025-09-30T10:17:36+00:00\",\"author\":{\"@id\":\"https:\/\/www.babyartikel.de\/magazin\/#\/schema\/person\/88738f17e8be867ce841842522ad2b5a\"},\"description\":\"\u25b6Was kann der Kombi-Kinderwagen? Was sind die besonderen Features? Alles dar\u00fcber erf\u00e4hrst Du im gro\u00dfen Hauck Walk N Care Test\",\"breadcrumb\":{\"@id\":\"https:\/\/www.babyartikel.de\/magazin\/hauck-walk-n-care-test#breadcrumb\"},\"inLanguage\":\"de\",\"potentialAction\":[{\"@type\":\"ReadAction\",\"target\":[\"https:\/\/www.babyartikel.de\/magazin\/hauck-walk-n-care-test\"]}]},{\"@type\":\"ImageObject\",\"inLanguage\":\"de\",\"@id\":\"https:\/\/www.babyartikel.de\/magazin\/hauck-walk-n-care-test#primaryimage\",\"url\":\"https:\/\/media.babyartikel.de\/magazin\/wp-content\/uploads\/2022\/06\/hauck-walk-n-care-test-scaled.jpg\",\"contentUrl\":\"https:\/\/media.babyartikel.de\/magazin\/wp-content\/uploads\/2022\/06\/hauck-walk-n-care-test-scaled.jpg\",\"width\":2560,\"height\":1709,\"caption\":\"hauck walk n care test von babyartikel.de\"},{\"@type\":\"BreadcrumbList\",\"@id\":\"https:\/\/www.babyartikel.de\/magazin\/hauck-walk-n-care-test#breadcrumb\",\"itemListElement\":[{\"@type\":\"ListItem\",\"position\":1,\"name\":\"Startseite\",\"item\":\"https:\/\/www.babyartikel.de\/magazin\"},{\"@type\":\"ListItem\",\"position\":2,\"name\":\"Hauck Walk N Care Test &#8211; Kombi-Kinderwagen mit besonderen Extras\"}]},{\"@type\":\"WebSite\",\"@id\":\"https:\/\/www.babyartikel.de\/magazin\/#website\",\"url\":\"https:\/\/www.babyartikel.de\/magazin\/\",\"name\":\"Babyartikel.de Magazin\",\"description\":\"\",\"potentialAction\":[{\"@type\":\"SearchAction\",\"target\":{\"@type\":\"EntryPoint\",\"urlTemplate\":\"https:\/\/www.babyartikel.de\/magazin\/?s={search_term_string}\"},\"query-input\":{\"@type\":\"PropertyValueSpecification\",\"valueRequired\":true,\"valueName\":\"search_term_string\"}}],\"inLanguage\":\"de\"},{\"@type\":\"Person\",\"@id\":\"https:\/\/www.babyartikel.de\/magazin\/#\/schema\/person\/88738f17e8be867ce841842522ad2b5a\",\"name\":\"Stephanie\",\"image\":{\"@type\":\"ImageObject\",\"inLanguage\":\"de\",\"@id\":\"https:\/\/media.babyartikel.de\/magazin\/wp-content\/uploads\/2021\/05\/IMG_20200217_141306x-150x150.jpg\",\"url\":\"https:\/\/media.babyartikel.de\/magazin\/wp-content\/uploads\/2021\/05\/IMG_20200217_141306x-150x150.jpg\",\"contentUrl\":\"https:\/\/media.babyartikel.de\/magazin\/wp-content\/uploads\/2021\/05\/IMG_20200217_141306x-150x150.jpg\",\"caption\":\"Stephanie\"},\"description\":\"Ich bin Redakteurin beim Babyartikel.de Magazin und lebe mit meinem sechsj\u00e4hrigen Sohn in M\u00fcnchen. Alle Themen rund ums Baby und Kleinkind sind bereits seit 9 Jahren meine professionelle Leidenschaft und ein echtes Herzensthema. Ich habe immer einen \u00dcberblick \u00fcber die neusten Produkte und teste diese f\u00fcr Euch auf Herz und Nieren.\",\"url\":\"https:\/\/www.babyartikel.de\/magazin\/author\/stephanie-ferrazstein\"}]}<\/script>\n<!-- \/ Yoast SEO Premium plugin. -->","yoast_head_json":{"title":"Der Hauck Walk N Care im gro\u00dfen Test | Babyartikel.de Magazin","description":"\u25b6Was kann der Kombi-Kinderwagen? Was sind die besonderen Features? Alles dar\u00fcber erf\u00e4hrst Du im gro\u00dfen Hauck Walk N Care Test","robots":{"index":"index","follow":"follow","max-snippet":"max-snippet:-1","max-image-preview":"max-image-preview:large","max-video-preview":"max-video-preview:-1"},"canonical":"https:\/\/www.babyartikel.de\/magazin\/hauck-walk-n-care-test","og_locale":"de_DE","og_type":"article","og_title":"Hauck Walk N Care Test - Kombi-Kinderwagen mit besonderen Extras","og_description":"\u25b6Was kann der Kombi-Kinderwagen? Was sind die besonderen Features? Alles dar\u00fcber erf\u00e4hrst Du im gro\u00dfen Hauck Walk N Care Test","og_url":"https:\/\/www.babyartikel.de\/magazin\/hauck-walk-n-care-test","og_site_name":"Babyartikel.de Magazin","article_published_time":"2022-06-15T04:37:00+00:00","article_modified_time":"2025-09-30T10:17:36+00:00","og_image":[{"width":1050,"height":549,"url":"https:\/\/media.babyartikel.de\/magazin\/wp-content\/uploads\/2022\/06\/Test-hauck-walk-n-care.jpg","type":"image\/jpeg"}],"author":"Stephanie","twitter_card":"summary_large_image","twitter_misc":{"Verfasst von":"Stephanie","Gesch\u00e4tzte Lesezeit":"15\u00a0Minuten"},"schema":{"@context":"https:\/\/schema.org","@graph":[{"@type":"Article","@id":"https:\/\/www.babyartikel.de\/magazin\/hauck-walk-n-care-test#article","isPartOf":{"@id":"https:\/\/www.babyartikel.de\/magazin\/hauck-walk-n-care-test"},"author":{"name":"Stephanie","@id":"https:\/\/www.babyartikel.de\/magazin\/#\/schema\/person\/88738f17e8be867ce841842522ad2b5a"},"headline":"Hauck Walk N Care Test &#8211; Kombi-Kinderwagen mit besonderen Extras","datePublished":"2022-06-15T04:37:00+00:00","dateModified":"2025-09-30T10:17:36+00:00","mainEntityOfPage":{"@id":"https:\/\/www.babyartikel.de\/magazin\/hauck-walk-n-care-test"},"wordCount":2340,"commentCount":8,"image":{"@id":"https:\/\/www.babyartikel.de\/magazin\/hauck-walk-n-care-test#primaryimage"},"thumbnailUrl":"https:\/\/media.babyartikel.de\/magazin\/wp-content\/uploads\/2022\/06\/hauck-walk-n-care-test-scaled.jpg","keywords":["alltag mit baby","kinderwagen","test"],"articleSection":["Tests"],"inLanguage":"de","potentialAction":[{"@type":"CommentAction","name":"Comment","target":["https:\/\/www.babyartikel.de\/magazin\/hauck-walk-n-care-test#respond"]}]},{"@type":"WebPage","@id":"https:\/\/www.babyartikel.de\/magazin\/hauck-walk-n-care-test","url":"https:\/\/www.babyartikel.de\/magazin\/hauck-walk-n-care-test","name":"Der Hauck Walk N Care im gro\u00dfen Test | Babyartikel.de Magazin","isPartOf":{"@id":"https:\/\/www.babyartikel.de\/magazin\/#website"},"primaryImageOfPage":{"@id":"https:\/\/www.babyartikel.de\/magazin\/hauck-walk-n-care-test#primaryimage"},"image":{"@id":"https:\/\/www.babyartikel.de\/magazin\/hauck-walk-n-care-test#primaryimage"},"thumbnailUrl":"https:\/\/media.babyartikel.de\/magazin\/wp-content\/uploads\/2022\/06\/hauck-walk-n-care-test-scaled.jpg","datePublished":"2022-06-15T04:37:00+00:00","dateModified":"2025-09-30T10:17:36+00:00","author":{"@id":"https:\/\/www.babyartikel.de\/magazin\/#\/schema\/person\/88738f17e8be867ce841842522ad2b5a"},"description":"\u25b6Was kann der Kombi-Kinderwagen? Was sind die besonderen Features? Alles dar\u00fcber erf\u00e4hrst Du im gro\u00dfen Hauck Walk N Care Test","breadcrumb":{"@id":"https:\/\/www.babyartikel.de\/magazin\/hauck-walk-n-care-test#breadcrumb"},"inLanguage":"de","potentialAction":[{"@type":"ReadAction","target":["https:\/\/www.babyartikel.de\/magazin\/hauck-walk-n-care-test"]}]},{"@type":"ImageObject","inLanguage":"de","@id":"https:\/\/www.babyartikel.de\/magazin\/hauck-walk-n-care-test#primaryimage","url":"https:\/\/media.babyartikel.de\/magazin\/wp-content\/uploads\/2022\/06\/hauck-walk-n-care-test-scaled.jpg","contentUrl":"https:\/\/media.babyartikel.de\/magazin\/wp-content\/uploads\/2022\/06\/hauck-walk-n-care-test-scaled.jpg","width":2560,"height":1709,"caption":"hauck walk n care test von babyartikel.de"},{"@type":"BreadcrumbList","@id":"https:\/\/www.babyartikel.de\/magazin\/hauck-walk-n-care-test#breadcrumb","itemListElement":[{"@type":"ListItem","position":1,"name":"Startseite","item":"https:\/\/www.babyartikel.de\/magazin"},{"@type":"ListItem","position":2,"name":"Hauck Walk N Care Test &#8211; Kombi-Kinderwagen mit besonderen Extras"}]},{"@type":"WebSite","@id":"https:\/\/www.babyartikel.de\/magazin\/#website","url":"https:\/\/www.babyartikel.de\/magazin\/","name":"Babyartikel.de Magazin","description":"","potentialAction":[{"@type":"SearchAction","target":{"@type":"EntryPoint","urlTemplate":"https:\/\/www.babyartikel.de\/magazin\/?s={search_term_string}"},"query-input":{"@type":"PropertyValueSpecification","valueRequired":true,"valueName":"search_term_string"}}],"inLanguage":"de"},{"@type":"Person","@id":"https:\/\/www.babyartikel.de\/magazin\/#\/schema\/person\/88738f17e8be867ce841842522ad2b5a","name":"Stephanie","image":{"@type":"ImageObject","inLanguage":"de","@id":"https:\/\/media.babyartikel.de\/magazin\/wp-content\/uploads\/2021\/05\/IMG_20200217_141306x-150x150.jpg","url":"https:\/\/media.babyartikel.de\/magazin\/wp-content\/uploads\/2021\/05\/IMG_20200217_141306x-150x150.jpg","contentUrl":"https:\/\/media.babyartikel.de\/magazin\/wp-content\/uploads\/2021\/05\/IMG_20200217_141306x-150x150.jpg","caption":"Stephanie"},"description":"Ich bin Redakteurin beim Babyartikel.de Magazin und lebe mit meinem sechsj\u00e4hrigen Sohn in M\u00fcnchen. Alle Themen rund ums Baby und Kleinkind sind bereits seit 9 Jahren meine professionelle Leidenschaft und ein echtes Herzensthema. Ich habe immer einen \u00dcberblick \u00fcber die neusten Produkte und teste diese f\u00fcr Euch auf Herz und Nieren.","url":"https:\/\/www.babyartikel.de\/magazin\/author\/stephanie-ferrazstein"}]}},"abstract_sku":"202200002436abs","_links":{"self":[{"href":"https:\/\/www.babyartikel.de\/magazin\/wp-json\/wp\/v2\/posts\/859531","targetHints":{"allow":["GET"]}}],"collection":[{"href":"https:\/\/www.babyartikel.de\/magazin\/wp-json\/wp\/v2\/posts"}],"about":[{"href":"https:\/\/www.babyartikel.de\/magazin\/wp-json\/wp\/v2\/types\/post"}],"author":[{"embeddable":true,"href":"https:\/\/www.babyartikel.de\/magazin\/wp-json\/wp\/v2\/users\/121"}],"replies":[{"embeddable":true,"href":"https:\/\/www.babyartikel.de\/magazin\/wp-json\/wp\/v2\/comments?post=859531"}],"version-history":[{"count":88,"href":"https:\/\/www.babyartikel.de\/magazin\/wp-json\/wp\/v2\/posts\/859531\/revisions"}],"predecessor-version":[{"id":964550,"href":"https:\/\/www.babyartikel.de\/magazin\/wp-json\/wp\/v2\/posts\/859531\/revisions\/964550"}],"wp:featuredmedia":[{"embeddable":true,"href":"https:\/\/www.babyartikel.de\/magazin\/wp-json\/wp\/v2\/media\/861031"}],"wp:attachment":[{"href":"https:\/\/www.babyartikel.de\/magazin\/wp-json\/wp\/v2\/media?parent=859531"}],"wp:term":[{"taxonomy":"category","embeddable":true,"href":"https:\/\/www.babyartikel.de\/magazin\/wp-json\/wp\/v2\/categories?post=859531"},{"taxonomy":"post_tag","embeddable":true,"href":"https:\/\/www.babyartikel.de\/magazin\/wp-json\/wp\/v2\/tags?post=859531"}],"curies":[{"name":"wp","href":"https:\/\/api.w.org\/{rel}","templated":true}]}}