
{"id":873022,"date":"2023-02-11T07:55:00","date_gmt":"2023-02-11T06:55:00","guid":{"rendered":"https:\/\/www.babyartikel.de\/magazin\/?p=873022"},"modified":"2026-02-09T13:47:43","modified_gmt":"2026-02-09T12:47:43","slug":"wie-alt-ist-mein-baby-wochenrechner","status":"publish","type":"post","link":"https:\/\/www.babyartikel.de\/magazin\/wie-alt-ist-mein-baby-wochenrechner","title":{"rendered":"Wie alt ist mein Baby? \u27a4Praktischer Wochenrechner"},"content":{"rendered":"<p>Du fragst Dich: &bdquo;Wie alt ist mein Baby?&ldquo; Unser <strong>Wochenrechner<\/strong> gibt Dir in Sekundenschnelle Antwort. Dabei zeigt Dir der Baby-Alter-Rechner nicht nur die Wochen an, sondern auch <strong>Lebens-Jahre, -Monate und -Tage<\/strong>. Finde au&szlig;erdem Rechenbeispiele, Anwendungs-Tipps bei Fr&uuml;hchen und Hinweise, wof&uuml;r Du den Wochenrechner nutzen kannst. <h2 class=\"wp-block-heading\">Wie alt ist mein Baby &#10148; Jetzt berechnen<\/h2><p id=\"babyage-calculator-seitenanfang\"><\/p><div class=\"calendarWrapper babyAgeWrapper bgGradient\">\n\t\t\t\t<div style=\"background-color:white;padding:15px;\">\n\t\t\t\t\t<div class=\"babyAgeInput\">\n\t\t\t\t\t\t<aside class=\"h2 text-center\" style=\"margin-bottom:15px\">Wie alt ist mein Kind?<\/aside>\n\t\t\t\t\t\t<div class=\"form-group\">\n\t\t\t\t\t\t\t<label for=\"dateOfBirthOfBaby\">\n\t\t\t\t\t\t\t\tBitte gib den Geburtstag Deines Babys ein: \n\t\t\t\t\t\t\t<\/label>\n\t\t\t\t\t\t\t<input class=\"form-control\" id=\"dateOfBirthOfBaby\" type=\"date\" value=\"\" onchange=\"onBabyAgeDateSelect();\">\n\t\t\t\t\t\t<\/div>\n\t\t\t\t\t<\/div>\n\t\t\t\t\t<div class=\"ageOfBaby\" id=\"showAgeOfBaby\"><\/div>\n\t\t\t\t<\/div>\n\t\t\t<\/div><h2 class=\"wp-block-heading\" id=\"h-so-funktioniert-der-wochenrechner\">So funktioniert der Wochenrechner<\/h2><p>Unser <strong>Baby-Alter-Rechner<\/strong> ist super einfach zu bedienen und Du kannst <strong>in Sekundenschnelle<\/strong> das exakte Baby Alter berechnen. So funktioniert es:<\/p><div class=\"marketing-slot\"><div id=\"block-18\" class=\"content-post-widget marketing-slot-1 widget_block\"><a href=\"#\" class=\"newsletter_popup\" style=\"\n  display: inline-block;\n  box-shadow: 0 4px 10px rgba(0,0,0,0.1);\n  margin: 20px auto;\n  max-width: 800px;\n  width: 100%;\">\n  <img src=\"https:\/\/media.babyartikel.de\/magazin\/wp-content\/uploads\/2025\/08\/NL-Banner-Magazin-8-25.webp\" alt=\"Newsletter Banner\" style=\"\n    width: 100%;\n    height: auto;\n    display: block;\" onclick=\"ga('send', 'event', 'banner', 'click', 'magazin-banner-newsletter-8-25');\">\n<\/a>\n\n\t<!-- Modal -->\n\t<div class=\"modal fade modal_popup\" id=\"newsletter_popup\" tabindex=\"-1\" aria-labelledby=\"exampleModalLabel\" aria-hidden=\"true\">\n\t\t<div class=\"modal-dialog modal-dialog-centered modal-dialog-scrollable\">\n\t\t\t<div class=\"modal-content\">\n\t\t\t\t<div class=\"modal-header small-header\">\n\t\t\t\t\t<h5 class=\"modal-title\" id=\"newsletterModalLabel\">\n\t\t\t\t\t\tNewsletter\t\t\t\t\t<\/h5>\n\t\t\t\t\t<button type=\"button\" class=\"btn-close small-close\" data-bs-dismiss=\"modal\" aria-label=\"Close\"><\/button>\n\t\t\t\t<\/div>\n\n\t\t\t\t<div class=\"modal-body\">\n\t\t\t\t\t\t<div class=\"newsletterForm-embed popup-form\">\n        <form name=\"newsletterSubscriptionForm\" id=\"newsletter_popup_69f1f531363ff_form\" data-newsletter-id=\"newsletter_popup_69f1f531363ff\" method=\"POST\">\n\n\t\t\t<input type=\"text\" name=\"website\" class=\"hidden\" tabindex=\"-1\" autocomplete=\"off\" style=\"position:absolute;left:-9999px;\">\n\t\t\t<input type=\"hidden\" name=\"ts\" value=\"1777464625\">\n\n\t\t\t                <input type=\"hidden\" name=\"emarsys-event-id\" value=\"3756\">\n            \n            \t\t\t<div class=\"mb-3\">\n\t\t\t\t<label for=\"date\" class=\"form-label\">Geburtstag\/ -termin Deines Babys<\/label>\n                <input type=\"date\" name=\"date\" class=\"input input--expand form-control\" required>\n\t\t\t<\/div>\n            \n\t\t\t<div class=\"mb-3\">\n\t\t\t\t<label for=\"email\" class=\"form-label\">E-Mail-Adresse<\/label>\n\t\t\t\t<input type=\"email\" name=\"email\" placeholder=\"E-Mail-Adresse\" class=\"input input--expand form-control\" required>\n\t\t\t<\/div>\n\n\t\t\t\t\t\t\t<button type=\"submit\" class=\"btn btn-primary\">Absenden<\/button>\n\t\t\t\n\t\t\t\t\t\t\t<div class=\"small mt-3\" style=\"font-weight:normal;\">\n\t\t\t\t\t\n\t\t\t<div class=\"mt-3\">\n\t\t\t\tJa, ich m&ouml;chte den Newsletter von Babyartikel.de erhalten und &uuml;ber Aktionen informiert werden.\n  Dabei darf mein Nutzungsverhalten (z. B. &Ouml;ffnungen und Klicks) zur Personalisierung ausgewertet werden.\n  Mehr finde ich in der <a href=\"\/de\/datenschutz\" style=\"text-decoration:underline\">Datenschutzerkl&auml;rung<\/a>.\n\t\t\t<\/div>\n\t\t\t\t\t\t<\/div>\n\t\t\t\n\t\t\t\t\t\t\t<div class=\"small mb-3 mt-3\" style=\"font-weight:normal;\">\n\t\t\t\t\tJederzeit abbestellbar | <a href=\"\/de\/datenschutz\" style=\"text-decoration:underline\">\n\t\t\t\t\t\tDatenschutzerkl&auml;rung\n\t\t\t\t\t<\/a>\n\t\t\t\t<\/div>\n\t\t\t\n        <\/form>\n    <\/div>\n\t\n\t\t\t\t\t<div class=\"response-messages_newsletter_popup_69f1f531363ff\">\n\t\t\t\t\t\t<div class=\"alert alert-success success mt-3 mb-3 d-none\">\n\t\t\t\t\t\t\tNur noch ein Klick! Best&auml;tige Deine Anmeldung in der E-Mail, die du gleich erh&auml;ltst.\t\t\t\t\t\t<\/div>\n\t\t\t\t\t\t<div class=\"error mt-3 mb-3 d-none\">\n\t\t\t\t\t\t\t<div class=\"alert alert-danger \">\n\t\t\t\t\t\t\t\tEin Fehler ist aufgetreten. Bitte versuche es sp&auml;ter erneut.\t\t\t\t\t\t\t<\/div>\n\t\t\t\t\t\t<\/div>\n\t\t\t\t\t\t<div class=\"alert alert-danger other-2007 mt-3 mb-3 d-none\">\n\t\t\t\t\t\t\tUng&Atilde;&frac14;ltiges Datumsformat\t\t\t\t\t\t<\/div>\n\t\t\t\t\t<\/div>\n\t\t\t\t<\/div>\n\t\t\t<\/div>\n\t\t<\/div>\n\t<\/div>\n\n\t<\/div><!-- content-widget --><\/div><p>Trage in das <strong>Datum-Feld<\/strong> den Geburtstag Deines Babys ein. Daf&uuml;r hast Du zwei M&ouml;glichkeiten:<\/p><p>&#10004;&#65039;Datum im Format <strong>TT.MM.JJJJ<\/strong> eintippen<br>&#10004;&#65039;Datum durch Klick auf das <strong>Kalender-Symbol<\/strong> einstellen. W&auml;hle zuerst das Geburts-Jahr, danach den -Monat und zuletzt den -Tag aus.<\/p><div class=\"postslot1\">[articles]<link rel=\"stylesheet\" href=\"https:\/\/cdn.jsdelivr.net\/npm\/swiper@8\/swiper-bundle.min.css\"><\/div><div class=\"marketing-slot\"><div id=\"block-25\" class=\"content-post-widget marketing-slot-2 widget_block\"><a href=\"https:\/\/www.babyartikel.de\/de\/angebote\" data-track-link-click=\"true\" data-track-name=\"nyoutlet2026-magazin\" data-track-medium=\"banner-magazin-post\" data-track-campaign=\"magazin-banner-nyoutlet2026\" onclick=\"ga('send', 'event', 'banner', 'click', 'magazin-banner-nyoutlet2026');\" style=\"display:block;width:100%;text-align:center;\"><img src=\"https:\/\/media.babyartikel.de\/magazin\/wp-content\/uploads\/2026\/01\/NY-Outlet-10-2026.webp\" alt=\"Sale\" style=\"max-width:100%;\"><\/a><\/div><!-- content-widget --><\/div><p>Sobald Du die letzte Ziffer eingetragen bzw. den Tag ausgew&auml;hlt hast, zeigt Dir der Baby-Wochenrechner automatisch die Antwort auf die Frage &bdquo;Wie alt ist mein Baby?&ldquo; an. Das Ergebnis wird Dir ausgespielt in<\/p><ul class=\"wp-block-list\">\n<li><strong>Tagen<\/strong><\/li>\n\n\n\n<li><strong>Wochen und Tagen<\/strong><\/li>\n\n\n\n<li><strong>Monaten, Wochen und Tagen<\/strong><\/li>\n\n\n\n<li><strong>Jahren, Monaten, Wochen und Tagen<\/strong> <\/li>\n<\/ul><p class=\"has-background\" style=\"background-color:#e6cdd4\">Anmerkung zur Berechnung:<br>Unser Baby-Alter-Rechner kalkuliert das Alter Deines Kindes <strong>auf den Tag genau<\/strong>. Bei der Berechnung werden die <strong>unterschiedlichen Monatsl&auml;ngen sowie Schaltjahre automatisch ber&uuml;cksichtigt<\/strong>. <\/p><h2 class=\"wp-block-heading\">Rechenbeispiele: Wie alt ist mein Baby?<\/h2><p><strong>Beispiel 1<\/strong>: Mein Baby hat Geburtstag am <em>4. Juli 2022<\/em>.<br><strong>Frage:<\/strong> Wie alt ist mein Kind heute (2. Februar 2023)?<br><strong>Antwort:<\/strong> Mein Kind ist genau <em>6 Monate, 4 Wochen, 1 Tag<\/em> oder <em>30 Wochen, 3 Tage<\/em> oder <em>213 Tage<\/em> alt. <\/p><div style=\"height:13px\" aria-hidden=\"true\" class=\"wp-block-spacer\"><\/div><p><strong>Beispiel 2: <\/strong>Mein Kind ist geboren am <em>1. November 2022<\/em>.<br><strong>Frage:<\/strong> Wie alt ist mein Baby heute (2. Februar 2023) ganz genau?<br><strong>Antwort:<\/strong> Heute ist mein Baby genau <em>3 Monate, 0 Wochen, 1 Tag<\/em> oder <em>13 Wochen, 2 Tage<\/em> oder <em>93 Tage<\/em> alt. <\/p><h2 class=\"wp-block-heading\">Wie alt ist mein Fr&uuml;hchen? Tipps zum Wochenrechner<\/h2><p>Wenn Dein Kind als Fr&uuml;hchen zur Welt kam, beachte folgende Besonderheit, wenn du den Wochenrechner benutzt:  <\/p><p>Je nachdem, <strong>zu welchem Zweck<\/strong> Du bestimmen m&ouml;chtest, wie alt Dein Kind ist, w&auml;hlst Du ein anderes Datum aus, und zwar<\/p><ul class=\"wp-block-list\">\n<li>entweder den <strong>tats&auml;chlichen Geburtstag<\/strong> <\/li>\n\n\n\n<li>oder den <strong><a href=\"https:\/\/www.babyartikel.de\/magazin\/geburtstermin-berechnen-wann-kommt-dein-baby-zur-welt\">errechneten Geburtstermin<\/a> (ET<\/strong>) Deines Kindes. <\/li>\n<\/ul><p>Auch wenn Dein Baby mehrere Wochen oder gar Monate zu fr&uuml;h auf die Welt kam, bestimmt sich sein <strong>Lebensalter (chronologisches Alter)<\/strong> nach seinem<strong> tats&auml;chlichen Geburtstag<\/strong>. <\/p><p class=\"has-background\" style=\"background-color:#e6cdd4\">Bei Fr&uuml;hchen: <strong>Tats&auml;chlicher Geburtstag<\/strong> ergibt <strong>chronologisches Alter<\/strong> (relevant z.B. f&uuml;r Terminierung von U-Untersuchungen oder Impfungen)<br>&rarr; <a href=\"https:\/\/www.babyartikel.de\/magazin\/u-untersuchungen-vorsorgeuntersuchungen\">Hier geht es zu unserer U-Untersuchungen-Tabelle<\/a>.<br>&rarr; <a href=\"https:\/\/www.babyartikel.de\/magazin\/impfungen-baby\">Finde hier eine &Uuml;bersicht &uuml;ber alle Impfungen im 1. Lebensjahr (inkl. Empfehlung f&uuml;r Fr&uuml;hchen).<\/a><\/p><p>Betrachtest Du dagegen die allgemeine <strong><a href=\"https:\/\/www.fruehgeborene.de\/familie\/entwicklungsphasen-baby.htm\">Entwicklung Deines Fr&uuml;hchen-Babys<\/a><\/strong>, verwendest Du das korrigierte Alter als Referenz. Gib daf&uuml;r den <strong>errechneten Geburtstermin<\/strong> (statt den tats&auml;chlichen Geburtstermin) in den Baby-Alter-Rechner ein. <\/p><p class=\"has-background\" style=\"background-color:#e6cdd4\">Bei Fr&uuml;hchen: <strong>Errechneter Geburtstermin (ET) <\/strong>ergibt <strong>korrigiertes Alter<\/strong> (relevant z.B. f&uuml;r Entwicklungssch&uuml;be und allgemeine Baby-Entwicklung)<br>&rarr; <a href=\"https:\/\/www.babyartikel.de\/magazin\/wachstumsschub-baby-die-8-entwicklungsschuebe-im-ueberblick\">Das sind die 8 Entwicklungssch&uuml;be bei Babys.<\/a><\/p><h3 class=\"wp-block-heading\">Fr&uuml;hchen: Anwendungsbeispiel Wochenrechner<\/h3><p><strong>Beispiel:<\/strong> <br>Mein errechneter Geburtstermin war der <em>24. September 2022<\/em>.<br>Aber mein Kind kam 5 Wochen zu fr&uuml;h auf die Welt, n&auml;mlich am <em>20. August 2022<\/em>.<br><strong>Fragen:<\/strong> <br>Wie alt ist mein Kind heute (2. Februar 2023)?<br>Wie lange dauert es noch bis zum 19-Wochen-Schub? <br><strong>Antworten:<\/strong> <br>Das chronologische Lebensalter meines Babys betr&auml;gt <em>23 Wochen, 5 Tage<\/em>. <br>Das f&uuml;r die Entwicklungssch&uuml;be relevante korrigierte Alter meines Kindes betr&auml;gt aber erst <em>18 Wochen, 5 Tage<\/em>. Der 19-Wochen-Schub steht demnach unmittelbar bevor. <\/p><h2 class=\"wp-block-heading\">Wie alt ist mein Baby: Wof&uuml;r Wochenrechner benutzen?<\/h2><p>Im spannenden Alltag mit Baby gibt es immer wieder Momente, wo Du inneh&auml;ltst und &uuml;berlegst: &bdquo;Wie alt ist mein Baby in Wochen oder Monaten?&ldquo; Zum Beispiel, wenn Dich eine <strong>Freundin fragt<\/strong> oder Du Dich im Internet <strong>&uuml;ber Entwicklungssch&uuml;be schlau machst<\/strong>, die unpraktischerweise in Lebenswochen (statt Lebensmonaten) angegeben sind.<\/p><p>Die Wochenrechnerei ist keine leichte &Uuml;bung, erst recht nicht, wenn Du Schlafmangel hast oder an <a href=\"https:\/\/www.babyartikel.de\/magazin\/stilldemenz-gut-fuer-dein-baby\">Stilldemenz<\/a> leidest. <\/p><p class=\"has-background\" style=\"background-color:#e6cdd4\">&#10148; <strong>M&uuml;he Dich also nicht mit Kopfrechnen ab<\/strong>. Gib einfach den Geburtstag Deines Kindes in den <a href=\"#babyage-calculator-seitenanfang\" rel=\"nofollow\">&#128151;<strong>Wochenrechner<\/strong>&#128151;<\/a> ein. <strong>Mit einem Klick<\/strong> erf&auml;hrst Du Babys Alter auf den Tag genau.<\/p><p>&bdquo;Wie alt ist mein Kind?&ldquo; In folgenden Situationen k&ouml;nnte diese Frage aufkommen und sich mit dem Wochenrechner leicht beantworten lassen: <\/p><h3 class=\"wp-block-heading\">Lebenswochen &amp; Meilensteine der Entwicklung<\/h3><figure class=\"wp-block-image size-large\"><img loading=\"lazy\" decoding=\"async\" width=\"1050\" height=\"875\" src=\"https:\/\/www.babyartikel.de\/magazin\/wp-content\/uploads\/2023\/02\/baby-alter-rechner-fuer-information-entwicklung-1050x875.jpg\" alt=\"baby alter rechner f&uuml;r information &uuml;ber sprache und motorik entwicklung meilensteine baby krabbelt\" class=\"wp-image-873866\" srcset=\"https:\/\/media.babyartikel.de\/magazin\/wp-content\/uploads\/2023\/02\/baby-alter-rechner-fuer-information-entwicklung-1050x875.jpg 1050w, https:\/\/media.babyartikel.de\/magazin\/wp-content\/uploads\/2023\/02\/baby-alter-rechner-fuer-information-entwicklung-690x575.jpg 690w, https:\/\/media.babyartikel.de\/magazin\/wp-content\/uploads\/2023\/02\/baby-alter-rechner-fuer-information-entwicklung-150x125.jpg 150w, https:\/\/media.babyartikel.de\/magazin\/wp-content\/uploads\/2023\/02\/baby-alter-rechner-fuer-information-entwicklung-768x640.jpg 768w, https:\/\/media.babyartikel.de\/magazin\/wp-content\/uploads\/2023\/02\/baby-alter-rechner-fuer-information-entwicklung-631x526.jpg 631w, https:\/\/media.babyartikel.de\/magazin\/wp-content\/uploads\/2023\/02\/baby-alter-rechner-fuer-information-entwicklung-415x346.jpg 415w, https:\/\/media.babyartikel.de\/magazin\/wp-content\/uploads\/2023\/02\/baby-alter-rechner-fuer-information-entwicklung-412x343.jpg 412w, https:\/\/media.babyartikel.de\/magazin\/wp-content\/uploads\/2023\/02\/baby-alter-rechner-fuer-information-entwicklung-391x326.jpg 391w, https:\/\/media.babyartikel.de\/magazin\/wp-content\/uploads\/2023\/02\/baby-alter-rechner-fuer-information-entwicklung-376x313.jpg 376w, https:\/\/media.babyartikel.de\/magazin\/wp-content\/uploads\/2023\/02\/baby-alter-rechner-fuer-information-entwicklung-360x300.jpg 360w, https:\/\/media.babyartikel.de\/magazin\/wp-content\/uploads\/2023\/02\/baby-alter-rechner-fuer-information-entwicklung.jpg 1200w\" sizes=\"auto, (max-width: 1050px) 100vw, 1050px\"><\/figure><p>Dein Kleines hat zum ersten Mal &bdquo;Mama&ldquo; gesagt oder seine ersten Schritte gemacht.<br>&#10132; Vielleicht m&ouml;chtest Du diesen <strong><a href=\"https:\/\/www.babyartikel.de\/magazin\/7-meilensteine-baby-im-ersten-lebensjahr\">Meilenstein<\/a><\/strong> dokumentieren (z.B. in einem Baby-Album), und zwar mit Datum und dem genauen Alter Deines Kindes. Das geht ganz einfach mit dem Baby-Wochenrechner. <\/p><p>Oder Du interessierst Dich daf&uuml;r, <strong>in welchem Alter Babys bestimmte Entwicklungsschritte machen<\/strong>. In welchem Zeitraum lernen Babys zum Beispiel alleine zu sitzen? Oder wie alt sind Kinder, wenn sie anfangen zu sprechen?<br>&#10132; Ermittle zun&auml;chst mit dem Baby-Alter-Rechner den <strong>Lebensmonat Deines Kindes<\/strong>. <\/p><section><div class=\"cta-container custom-infobox\" style=\"background-color: #FFF8DB; box-shadow: 1px 1px 4px #9d9d9d; padding: 10px; border: 2px solid white; margin-bottom: 10px; margin-top: 25px; border-radius: 0.125rem;\"><div class=\"text-center\"><img decoding=\"async\" src=\"https:\/\/www.babyartikel.de\/magazin\/wp-content\/plugins\/wp-ba-custom-block\/img\/lightbulb.svg\" alt=\"lightbulb.svg\" style=\"padding: 0.1rem; border: solid #946B0F; border-radius: 50%; margin-top: -2.75rem; width: 2.5rem; height: 2.5rem; background-color: #946B0F\"><\/div><label style=\"color: #946B0F; \" class=\"labelHomePage h5\">Lebensmonat korrekt bestimmen<\/label>\n<p>Du m&ouml;chtest wissen: &bdquo;Wie alt ist mein Kind in Monaten?&ldquo; Beachte die korrekte Bezeichnung der Lebensmonate. Wenn Dein Kind laut Baby-Alter-Rechner zum Beispiel <strong>4 Monate und 2 Wochen<\/strong> alt ist, befindet es sich schon mitten im <strong>5. Lebensmonat<\/strong>.<\/p>\n<\/div><\/section><ul class=\"wp-block-list\">\n<li>Informiere Dich dann &uuml;ber die <a href=\"https:\/\/www.babyartikel.de\/magazin\/sprachentwicklung-beim-baby-so-lernt-dein-kind-sprechen#Uebersicht_zur_Sprachentwicklung_beim_Baby\">Sprachentwicklung bei Babys<\/a><\/li>\n\n\n\n<li>Wertvolle Informationen zur den Meilensteinen der motorischen Entwicklung findest Du im Beitrag <a href=\"https:\/\/www.babyartikel.de\/magazin\/motorische-entwicklung-beim-baby-im-1-lebensjahr\">&bdquo;Motorische Entwicklung beim Baby im 1. Lebensjahr&ldquo;<\/a> <\/li>\n<\/ul><hr class=\"wp-block-separator has-alpha-channel-opacity\"><h3 class=\"wp-block-heading\">Wie alt ist mein Baby? Die ersten 12 Lebensmonate<\/h3><figure class=\"wp-block-image size-large is-resized\"><img loading=\"lazy\" decoding=\"async\" width=\"1050\" height=\"875\" src=\"https:\/\/www.babyartikel.de\/magazin\/wp-content\/uploads\/2023\/02\/wie-alt-ist-mein-baby-12-monate-1050x875.jpg\" alt=\"wie alt ist mein baby wochenrechner f&uuml;r babys erste lebensmonate\" class=\"wp-image-874115\" style=\"width:788px\" srcset=\"https:\/\/media.babyartikel.de\/magazin\/wp-content\/uploads\/2023\/02\/wie-alt-ist-mein-baby-12-monate-1050x875.jpg 1050w, https:\/\/media.babyartikel.de\/magazin\/wp-content\/uploads\/2023\/02\/wie-alt-ist-mein-baby-12-monate-690x575.jpg 690w, https:\/\/media.babyartikel.de\/magazin\/wp-content\/uploads\/2023\/02\/wie-alt-ist-mein-baby-12-monate-150x125.jpg 150w, https:\/\/media.babyartikel.de\/magazin\/wp-content\/uploads\/2023\/02\/wie-alt-ist-mein-baby-12-monate-768x640.jpg 768w, https:\/\/media.babyartikel.de\/magazin\/wp-content\/uploads\/2023\/02\/wie-alt-ist-mein-baby-12-monate-631x526.jpg 631w, https:\/\/media.babyartikel.de\/magazin\/wp-content\/uploads\/2023\/02\/wie-alt-ist-mein-baby-12-monate-415x346.jpg 415w, https:\/\/media.babyartikel.de\/magazin\/wp-content\/uploads\/2023\/02\/wie-alt-ist-mein-baby-12-monate-412x343.jpg 412w, https:\/\/media.babyartikel.de\/magazin\/wp-content\/uploads\/2023\/02\/wie-alt-ist-mein-baby-12-monate-391x326.jpg 391w, https:\/\/media.babyartikel.de\/magazin\/wp-content\/uploads\/2023\/02\/wie-alt-ist-mein-baby-12-monate-376x313.jpg 376w, https:\/\/media.babyartikel.de\/magazin\/wp-content\/uploads\/2023\/02\/wie-alt-ist-mein-baby-12-monate-360x300.jpg 360w, https:\/\/media.babyartikel.de\/magazin\/wp-content\/uploads\/2023\/02\/wie-alt-ist-mein-baby-12-monate.jpg 1200w\" sizes=\"auto, (max-width: 1050px) 100vw, 1050px\"><\/figure><p>In den <strong>ersten 12 Lebensmonaten<\/strong> entwickeln sich Babys mit einer unglaublichen Geschwindigkeit. In keiner anderen Lebensphase schreitet die Entwicklung Deines Kindes so schnell voran. <strong>Wie viele Monate ist Dein Baby alt? <\/strong><\/p><p>&#10132; Finde den Lebensmonat Deines Kindes mithilfe des Wochenrechners heraus. Wenn Du auf die Kreise,  klickst, kommst Du auf die passenden <strong>Beitr&auml;ge zu den einzelnen Baby-Monaten<\/strong>. Hier erf&auml;hrst Du, was Dein Kleines schon alles kann, welche Themen f&uuml;r Euch jetzt besonders wichtig ist und wie Du Dein Kind am besten f&ouml;rdern kannst. <\/p><p><strong>Alle Baby-Monate im &Uuml;berblick<\/strong><\/p><nav class=\"kp-linkgrid\" aria-label=\"Baby Entwicklung nach Monaten\">\n  <ul class=\"kp-linkgrid__list\">\n    <li><a class=\"in-link-to-product link-to-product\" href=\"https:\/\/www.babyartikel.de\/magazin\/baby-1-monat\">1 Monat<\/a><\/li>\n    <li><a class=\"in-link-to-product link-to-product\" href=\"https:\/\/www.babyartikel.de\/magazin\/baby-2-monate\">2 Monate<\/a><\/li>\n    <li><a class=\"in-link-to-product link-to-product\" href=\"https:\/\/www.babyartikel.de\/magazin\/baby-3-monate\">3 Monate<\/a><\/li>\n    <li><a class=\"in-link-to-product link-to-product\" href=\"https:\/\/www.babyartikel.de\/magazin\/baby-4-monate\">4 Monate<\/a><\/li>\n    <li><a class=\"in-link-to-product link-to-product\" href=\"https:\/\/www.babyartikel.de\/magazin\/baby-5-monate\">5 Monate<\/a><\/li>\n    <li><a class=\"in-link-to-product link-to-product\" href=\"https:\/\/www.babyartikel.de\/magazin\/baby-6-monate-entwicklung\">6 Monate<\/a><\/li>\n    <li><a class=\"in-link-to-product link-to-product\" href=\"https:\/\/www.babyartikel.de\/magazin\/baby-7-monate\">7 Monate<\/a><\/li>\n    <li><a class=\"in-link-to-product link-to-product\" href=\"https:\/\/www.babyartikel.de\/magazin\/baby-8-monate\">8 Monate<\/a><\/li>\n    <li><a class=\"in-link-to-product link-to-product\" href=\"https:\/\/www.babyartikel.de\/magazin\/baby-9-monate-so-entwickelt-sich-dein-schatz\">9 Monate<\/a><\/li>\n    <li><a class=\"in-link-to-product link-to-product\" href=\"https:\/\/www.babyartikel.de\/magazin\/baby-10-monate-alles-ueber-schlaf-essen-entwicklung\">10 Monate<\/a><\/li>\n    <li><a class=\"in-link-to-product link-to-product\" href=\"https:\/\/www.babyartikel.de\/magazin\/baby-11-monate-entwicklung-und-foerderung\">11 Monate<\/a><\/li>\n    <li><a class=\"in-link-to-product link-to-product\" href=\"https:\/\/www.babyartikel.de\/magazin\/baby-1-jahr\">12 Monate<\/a><\/li>\n    <li><a class=\"in-link-to-product link-to-product\" href=\"https:\/\/www.babyartikel.de\/magazin\/baby-13-monate-entwicklung-schlaf-ernaehrung\">13 Monate<\/a><\/li>\n    <li><a class=\"in-link-to-product link-to-product\" href=\"https:\/\/www.babyartikel.de\/magazin\/baby-14-monate-vom-laufen-schlafen-und-wutanfaellen\">14 Monate<\/a><\/li>\n    <li><a class=\"in-link-to-product link-to-product\" href=\"https:\/\/www.babyartikel.de\/magazin\/baby-15-monate\">15 Monate<\/a><\/li>\n    <li><a class=\"in-link-to-product link-to-product\" href=\"https:\/\/www.babyartikel.de\/magazin\/16-monate-altes-kind\">16 Monate<\/a><\/li>\n    <li><a class=\"in-link-to-product link-to-product\" href=\"https:\/\/www.babyartikel.de\/magazin\/kind-17-monate-entwicklung-schlaf-essen-schub\">17 Monate<\/a><\/li>\n    <li><a class=\"in-link-to-product link-to-product\" href=\"https:\/\/www.babyartikel.de\/magazin\/kind-18-monate-entwicklung-herausforderungen\">18 Monate<\/a><\/li>\n  <\/ul>\n<\/nav><style>\n  .kp-linkgrid__list{\n    display:grid;\n    grid-template-columns:repeat(2, minmax(0, 1fr));\n    gap:6px 7px;              \/* Whitespace deutlich reduziert (ca. halbiert) *\/\n    list-style:none;\n    padding:0;\n    margin:0;\n  }\n\n  .kp-linkgrid__list li{ margin:0; }\n\n  .kp-linkgrid__list a{\n    display:flex;\n    align-items:center;\n    justify-content:center;\n    width:100%;\n    box-sizing:border-box;\n    text-align:center;\n    white-space:normal;\n    line-height:1.15;\n    min-height:2.2em;         \/* noch flacher *\/\n  }\n\n  @media (max-width: 640px){\n    .kp-linkgrid__list a{\n      font-size:0.82em;       \/* etwas kleiner, damit 2 Zeilen sauber passen *\/\n      padding:6px 6px;        \/* weniger H&ouml;he *\/\n    }\n  }\n<\/style><hr class=\"wp-block-separator has-alpha-channel-opacity\"><h3 class=\"wp-block-heading\">Baby-Wochenrechner f&uuml;r U-Untersuchungs-Termine<\/h3><figure class=\"wp-block-image size-large is-resized\"><a href=\"https:\/\/www.babyartikel.de\/magazin\/u-untersuchungen-vorsorgeuntersuchungen\"><img loading=\"lazy\" decoding=\"async\" width=\"1050\" height=\"875\" src=\"https:\/\/www.babyartikel.de\/magazin\/wp-content\/uploads\/2023\/02\/baby-alter-rechner-fuer-u-untersuchungen-1050x875.jpg\" alt=\"baby alter rechner verwenden f&uuml;r terminplan u-untersuchungen\" class=\"wp-image-873828\" style=\"width:788px\" srcset=\"https:\/\/media.babyartikel.de\/magazin\/wp-content\/uploads\/2023\/02\/baby-alter-rechner-fuer-u-untersuchungen-1050x875.jpg 1050w, https:\/\/media.babyartikel.de\/magazin\/wp-content\/uploads\/2023\/02\/baby-alter-rechner-fuer-u-untersuchungen-690x575.jpg 690w, https:\/\/media.babyartikel.de\/magazin\/wp-content\/uploads\/2023\/02\/baby-alter-rechner-fuer-u-untersuchungen-150x125.jpg 150w, https:\/\/media.babyartikel.de\/magazin\/wp-content\/uploads\/2023\/02\/baby-alter-rechner-fuer-u-untersuchungen-768x640.jpg 768w, https:\/\/media.babyartikel.de\/magazin\/wp-content\/uploads\/2023\/02\/baby-alter-rechner-fuer-u-untersuchungen-631x526.jpg 631w, https:\/\/media.babyartikel.de\/magazin\/wp-content\/uploads\/2023\/02\/baby-alter-rechner-fuer-u-untersuchungen-415x346.jpg 415w, https:\/\/media.babyartikel.de\/magazin\/wp-content\/uploads\/2023\/02\/baby-alter-rechner-fuer-u-untersuchungen-412x343.jpg 412w, https:\/\/media.babyartikel.de\/magazin\/wp-content\/uploads\/2023\/02\/baby-alter-rechner-fuer-u-untersuchungen-391x326.jpg 391w, https:\/\/media.babyartikel.de\/magazin\/wp-content\/uploads\/2023\/02\/baby-alter-rechner-fuer-u-untersuchungen-376x313.jpg 376w, https:\/\/media.babyartikel.de\/magazin\/wp-content\/uploads\/2023\/02\/baby-alter-rechner-fuer-u-untersuchungen-360x300.jpg 360w, https:\/\/media.babyartikel.de\/magazin\/wp-content\/uploads\/2023\/02\/baby-alter-rechner-fuer-u-untersuchungen.jpg 1200w\" sizes=\"auto, (max-width: 1050px) 100vw, 1050px\"><\/a><\/figure><p>Wann steht f&uuml;r Dein Baby eigentlich der <strong>n&auml;chste Vorsorge-Termin<\/strong> an? Diese Info findest Du zwar auch im gelben U-Heft, aber wohin hast Du das nur wieder ger&auml;umt? <\/p><p>&#10132; Wirf einfach einen Blick in unsere <a href=\"https:\/\/www.babyartikel.de\/magazin\/u-untersuchungen-vorsorgeuntersuchungen\">U-Untersuchungen-Termintabelle<\/a> und gleiche sie mit Deinem Ergebnis aus dem Wochenrechner ab. <\/p><script>\n\tjQuery(document).ready(function() {\n\t\t\/\/ Swiper: Slider\n\t\tvar swiper = new Swiper('.swiper-4126-729', {\n\t\t\tslidesPerView: 9,\n\t\t\tslidesPerGroup: 1,\n\t\t\tspaceBetween: 5,\n\t\t\tinitialSlide: 0,\n\t\t\t\/\/direction: 'horizontal',\n\t\t\t\/\/loop: true,\n\t\t\tnavigation: {\n\t\t\t  nextEl: '.swiper-btn-nx-swiper-4126-729',\n\t\t\t  prevEl: '.swiper-btn-pr-swiper-4126-729',\n\t\t\t},\n\t\t\tbreakpoints: {\n\t\t\t\t1260: {\n\t\t\t\t\tslidesPerView: 7,\n\t\t\t\t},\n\t\t\t\t767: {\n\t\t\t\t\tslidesPerView: 5,\n\t\t\t\t},\n\t\t\t\t460: {\n\t\t\t\t\tslidesPerView: 4,\n\t\t\t\t},\n\t\t\t\t380: {\n\t\t\t\t\tslidesPerView: 3,\n\t\t\t\t},\n\t\t\t\t320: {\n\t\t\t\t\tslidesPerView: 2,\n\t\t\t\t}\n\t\t\t}\n\t\t  });\n\t\t});\n\t\t<\/script><section class=\"navigation-calender\">\n\t<div class=\"swiper-element\" style=\"background-color:white;\">\n\t\t<label class=\"text-center h2\">Alle U-Untersuchungen<\/label>\n\t\t<div class=\"swiper_wrap swiper-wrap-wop\">\n\t\t\t<!-- Slider main container -->\n\t\t\t<div class=\"swiper-container swiper-container-wop swiper-4126-729\">\n\t\t\t\t<!-- Additional required wrapper -->\n\t\t\t\t<div class=\"swiper-wrapper\" style=\"width: 80%\">\n\t\t\t\t\t\n\t\t\t\t<div class=\"swiper-slide\">\n\t\t\t\t\t<a href=\"\/magazin\/u1-untersuchung\" class=\"notSelectedWeek\">U1<br><\/a>\n\t\t\t\t<\/div>\n\t\t\t\t<div class=\"swiper-slide\">\n\t\t\t\t\t<a href=\"\/magazin\/u2-untersuchung\" class=\"notSelectedWeek\">U2<br><\/a>\n\t\t\t\t<\/div>\n\t\t\t\t<div class=\"swiper-slide\">\n\t\t\t\t\t<a href=\"\/magazin\/die-u3-untersuchung-beim-kinderarzt\" class=\"notSelectedWeek\">U3<br><\/a>\n\t\t\t\t<\/div>\n\t\t\t\t<div class=\"swiper-slide\">\n\t\t\t\t\t<a href=\"\/magazin\/u4-untersuchung-3-bis-4-lebensmonat\" class=\"notSelectedWeek\">U4<br><\/a>\n\t\t\t\t<\/div>\n\t\t\t\t<div class=\"swiper-slide\">\n\t\t\t\t\t<a href=\"\/magazin\/die-u5-untersuchung-koerperliche-entwicklung-beratung\" class=\"notSelectedWeek\">U5<br><\/a>\n\t\t\t\t<\/div>\n\t\t\t\t<div class=\"swiper-slide\">\n\t\t\t\t\t<a href=\"\/magazin\/u6-untersuchung-motorik-check-mmr-impfung\" class=\"notSelectedWeek\">U6<br><\/a>\n\t\t\t\t<\/div>\n\t\t\t\t<div class=\"swiper-slide\">\n\t\t\t\t\t<a href=\"\/magazin\/die-u7-untersuchung-fokus-auf-sprache-und-sozialverhalten\" class=\"notSelectedWeek\">U7<br><\/a>\n\t\t\t\t<\/div>\n\t\t\t\t<div class=\"swiper-slide\">\n\t\t\t\t\t<a href=\"\/magazin\/die-u7a-untersuchung-fokus-auf-motorik-sprache\" class=\"notSelectedWeek\">U7a<br><\/a>\n\t\t\t\t<\/div>\n\t\t\t\t<\/div>\n\t\t\t\t\n\t\t\t<\/div>\n\t\t\t<!-- If we need navigation buttons -->\n\t\t\t<div class=\"swiper-button-prev-wop swiper-btn-pr-swiper-4126-729\" style=\"right: auto;\">\n\t\t\t\t<svg xmlns=\"http:\/\/www.w3.org\/2000\/svg\" width=\"25\" height=\"25\" fill=\"#3e3e3e\" class=\"bi bi-chevron-left\" viewbox=\"0 0 16 16\">\n\t\t\t\t\t<path fill-rule=\"evenodd\" d=\"M11.354 1.646a.5.5 0 0 1 0 .708L5.707 8l5.647 5.646a.5.5 0 0 1-.708.708l-6-6a.5.5 0 0 1 0-.708l6-6a.5.5 0 0 1 .708 0z\"><\/path>\n\t\t\t\t<\/svg>\n\t\t\t<\/div>\n\t\t\t<div class=\"swiper-button-next-wop swiper-btn-nx-swiper-4126-729\" style=\"right: 0px; left: auto;\">\n\t\t\t\t<svg xmlns=\"http:\/\/www.w3.org\/2000\/svg\" width=\"25\" height=\"25\" fill=\"#3e3e3e\" class=\"bi bi-chevron-right\" viewbox=\"0 0 16 16\">\n\t\t\t\t\t<path fill-rule=\"evenodd\" d=\"M4.646 1.646a.5.5 0 0 1 .708 0l6 6a.5.5 0 0 1 0 .708l-6 6a.5.5 0 0 1-.708-.708L10.293 8 4.646 2.354a.5.5 0 0 1 0-.708z\"><\/path>\n\t\t\t\t<\/svg>\n\t\t\t<\/div>\n\t\t<\/div>\n\t<\/div>\n\t<\/section><hr class=\"wp-block-separator has-alpha-channel-opacity\"><h3 class=\"wp-block-heading\">Entwicklungsschub bestimmen mit Wochenrechner<\/h3><figure class=\"wp-block-image size-large is-resized\"><a href=\"https:\/\/www.babyartikel.de\/magazin\/wachstumsschub-baby-die-8-entwicklungsschuebe-im-ueberblick\"><img loading=\"lazy\" decoding=\"async\" width=\"1050\" height=\"875\" src=\"https:\/\/www.babyartikel.de\/magazin\/wp-content\/uploads\/2023\/02\/baby-alter-rechner-zum-entwicklungschub-berechnen-1050x875.jpg\" alt=\"baby alter rechner verwenden um entwicklungsschub zu berechnen\" class=\"wp-image-873819\" style=\"width:788px\" srcset=\"https:\/\/media.babyartikel.de\/magazin\/wp-content\/uploads\/2023\/02\/baby-alter-rechner-zum-entwicklungschub-berechnen-1050x875.jpg 1050w, https:\/\/media.babyartikel.de\/magazin\/wp-content\/uploads\/2023\/02\/baby-alter-rechner-zum-entwicklungschub-berechnen-690x575.jpg 690w, https:\/\/media.babyartikel.de\/magazin\/wp-content\/uploads\/2023\/02\/baby-alter-rechner-zum-entwicklungschub-berechnen-150x125.jpg 150w, https:\/\/media.babyartikel.de\/magazin\/wp-content\/uploads\/2023\/02\/baby-alter-rechner-zum-entwicklungschub-berechnen-768x640.jpg 768w, https:\/\/media.babyartikel.de\/magazin\/wp-content\/uploads\/2023\/02\/baby-alter-rechner-zum-entwicklungschub-berechnen-631x526.jpg 631w, https:\/\/media.babyartikel.de\/magazin\/wp-content\/uploads\/2023\/02\/baby-alter-rechner-zum-entwicklungschub-berechnen-415x346.jpg 415w, https:\/\/media.babyartikel.de\/magazin\/wp-content\/uploads\/2023\/02\/baby-alter-rechner-zum-entwicklungschub-berechnen-412x343.jpg 412w, https:\/\/media.babyartikel.de\/magazin\/wp-content\/uploads\/2023\/02\/baby-alter-rechner-zum-entwicklungschub-berechnen-391x326.jpg 391w, https:\/\/media.babyartikel.de\/magazin\/wp-content\/uploads\/2023\/02\/baby-alter-rechner-zum-entwicklungschub-berechnen-376x313.jpg 376w, https:\/\/media.babyartikel.de\/magazin\/wp-content\/uploads\/2023\/02\/baby-alter-rechner-zum-entwicklungschub-berechnen-360x300.jpg 360w, https:\/\/media.babyartikel.de\/magazin\/wp-content\/uploads\/2023\/02\/baby-alter-rechner-zum-entwicklungschub-berechnen.jpg 1200w\" sizes=\"auto, (max-width: 1050px) 100vw, 1050px\"><\/a><\/figure><p>So ein Entwicklungsschub ist nicht nur f&uuml;r Dein Baby anstrengend. Auch Mama und Papa kann er ganz sch&ouml;n mitnehmen. Ist der Schub aber &uuml;berstanden, hat Dein Kind neue F&auml;higkeiten erworben und Euer Alltag sollte wieder besser laufen. <\/p><p>&#10132; Wie alt ist Dein Kind? Bestimme mit dem Wochenrechner das Lebensalter Deines Babys und gleiche es mit den Tabellen zu den Entwicklungssch&uuml;ben ab. So kannst Du absch&auml;tzen, <strong>wann wieder ein Wachstumsschub auf Euch zukommt<\/strong>. Au&szlig;erdem sehr wichtig: Du kannst auch herausfinden, wann er wieder vorbei ist. <\/p><ul class=\"wp-block-list\">\n<li><a href=\"https:\/\/www.babyartikel.de\/magazin\/wachstumsschub-baby-die-8-entwicklungsschuebe-im-ueberblick\">Hier findest Du eine &Uuml;bersicht zu den 8 Baby-Entwicklungssch&uuml;ben.<\/a><\/li>\n\n\n\n<li><a href=\"https:\/\/www.babyartikel.de\/magazin\/wachstumsschuebe-kleinkind-tabelle-ueberblick\">Zu den Entwicklungssch&uuml;ben beim Kleinkind f&uuml;hrt Dich dieser Link.<\/a><\/li>\n<\/ul><section><div class=\"cta-container custom-infobox\" style=\"background-color: #FFF8DB; box-shadow: 1px 1px 4px #9d9d9d; padding: 10px; border: 2px solid white; margin-bottom: 10px; margin-top: 25px; border-radius: 0.125rem;\"><div class=\"text-center\"><img decoding=\"async\" src=\"https:\/\/www.babyartikel.de\/magazin\/wp-content\/plugins\/wp-ba-custom-block\/img\/lightbulb.svg\" alt=\"lightbulb.svg\" style=\"padding: 0.1rem; border: solid #946B0F; border-radius: 50%; margin-top: -2.75rem; width: 2.5rem; height: 2.5rem; background-color: #946B0F\"><\/div><label style=\"color: #946B0F; \" class=\"labelHomePage h5\">Lebenswoche korrekt bestimmen<\/label>\n<p>Aufgepasst bei der Bestimmung der Lebenswochen. Wenn der Wochenrechner Dir beispielsweise ein Baby-Alter von <strong>45 Wochen und 1 Tag<\/strong> ausgibt, hat gerade die <strong>46. Lebenswoche<\/strong> Deines Kleinen begonnen. <\/p>\n<\/div><\/section><script>\n\tjQuery(document).ready(function() {\n\t\t\/\/ Swiper: Slider\n\t\tvar swiper = new Swiper('.swiper-5759-6779', {\n\t\t\tslidesPerView: 9,\n\t\t\tslidesPerGroup: 1,\n\t\t\tspaceBetween: 5,\n\t\t\tinitialSlide: 0,\n\t\t\t\/\/direction: 'horizontal',\n\t\t\t\/\/loop: true,\n\t\t\tnavigation: {\n\t\t\t  nextEl: '.swiper-btn-nx-swiper-5759-6779',\n\t\t\t  prevEl: '.swiper-btn-pr-swiper-5759-6779',\n\t\t\t},\n\t\t\tbreakpoints: {\n\t\t\t\t1260: {\n\t\t\t\t\tslidesPerView: 7,\n\t\t\t\t},\n\t\t\t\t767: {\n\t\t\t\t\tslidesPerView: 5,\n\t\t\t\t},\n\t\t\t\t460: {\n\t\t\t\t\tslidesPerView: 4,\n\t\t\t\t},\n\t\t\t\t380: {\n\t\t\t\t\tslidesPerView: 3,\n\t\t\t\t},\n\t\t\t\t320: {\n\t\t\t\t\tslidesPerView: 2,\n\t\t\t\t}\n\t\t\t}\n\t\t  });\n\t\t});\n\t\t<\/script><section class=\"navigation-calender\">\n\t<div class=\"swiper-element\" style=\"background-color:white;\">\n\t\t<label class=\"text-center h2\">Alle Baby Wachstumssch&uuml;be<\/label>\n\t\t<div class=\"swiper_wrap swiper-wrap-wop\">\n\t\t\t<!-- Slider main container -->\n\t\t\t<div class=\"swiper-container swiper-container-wop swiper-5759-6779\">\n\t\t\t\t<!-- Additional required wrapper -->\n\t\t\t\t<div class=\"swiper-wrapper\" style=\"width: 80%\">\n\t\t\t\t\t\n\t\t\t<div class=\"swiper-slide\">\n\t\t\t\t<a href=\"\/magazin\/der-erste-wachstumsschub-erkennen\" class=\"notSelectedWeek\">1.<br>Schub<\/a>\n\t\t\t<\/div>\n\t\t\t<div class=\"swiper-slide\">\n\t\t\t\t<a href=\"\/magazin\/8-wochen-schub-anzeichen-dauer-schreien-schlaf\" class=\"notSelectedWeek\">2.<br>Schub<\/a>\n\t\t\t<\/div>\n\t\t\t<div class=\"swiper-slide\">\n\t\t\t\t<a href=\"\/magazin\/12-wochen-schub-so-erkennst-du-ihn\" class=\"notSelectedWeek\">3.<br>Schub<\/a>\n\t\t\t<\/div>\n\t\t\t<div class=\"swiper-slide\">\n\t\t\t\t<a href=\"\/magazin\/voll-erwischt-der-19-wochen-schub\" class=\"notSelectedWeek\">4.<br>Schub<\/a>\n\t\t\t<\/div>\n\t\t\t<div class=\"swiper-slide\">\n\t\t\t\t<a href=\"\/magazin\/der-26-wochen-schub-tipps-fuer-den-5-schub-beim-baby\" class=\"notSelectedWeek\">5.<br>Schub<\/a>\n\t\t\t<\/div>\n\t\t\t<div class=\"swiper-slide\">\n\t\t\t\t<a href=\"\/magazin\/babys-6-wachstumsschub-37-wochen-schub-typische-anzeichen-was-dein-kind-jetzt-lernt\" class=\"notSelectedWeek\">6.<br>Schub<\/a>\n\t\t\t<\/div>\n\t\t\t<div class=\"swiper-slide\">\n\t\t\t\t<a href=\"\/magazin\/46-wochen-schub-alter-anzeichen-wann-vor\" class=\"notSelectedWeek\">7.<br>Schub<\/a>\n\t\t\t<\/div>\n\t\t\t<div class=\"swiper-slide\">\n\t\t\t\t<a href=\"\/magazin\/8-wachstumsschub-baby-55-wochen-schub-dauer-anzeichen-erfahrungen\" class=\"notSelectedWeek\">8.<br>Schub<\/a>\n\t\t\t<\/div>\n\t\t\t<div class=\"swiper-slide\">\n\t\t\t\t<a href=\"\/magazin\/64-wochen-schub-erfahrungen-dauer-schlaf-schlimm-wann-vorbei\" class=\"notSelectedWeek\">9.<br>Schub<\/a>\n\t\t\t<\/div>\n\t\t\t\t<\/div>\n\t\t\t\t\n\t\t\t<\/div>\n\t\t\t<!-- If we need navigation buttons -->\n\t\t\t<div class=\"swiper-button-prev-wop swiper-btn-pr-swiper-5759-6779\" style=\"right: auto;\">\n\t\t\t\t<svg xmlns=\"http:\/\/www.w3.org\/2000\/svg\" width=\"25\" height=\"25\" fill=\"#3e3e3e\" class=\"bi bi-chevron-left\" viewbox=\"0 0 16 16\">\n\t\t\t\t\t<path fill-rule=\"evenodd\" d=\"M11.354 1.646a.5.5 0 0 1 0 .708L5.707 8l5.647 5.646a.5.5 0 0 1-.708.708l-6-6a.5.5 0 0 1 0-.708l6-6a.5.5 0 0 1 .708 0z\"><\/path>\n\t\t\t\t<\/svg>\n\t\t\t<\/div>\n\t\t\t<div class=\"swiper-button-next-wop swiper-btn-nx-swiper-5759-6779\" style=\"right: 0px; left: auto;\">\n\t\t\t\t<svg xmlns=\"http:\/\/www.w3.org\/2000\/svg\" width=\"25\" height=\"25\" fill=\"#3e3e3e\" class=\"bi bi-chevron-right\" viewbox=\"0 0 16 16\">\n\t\t\t\t\t<path fill-rule=\"evenodd\" d=\"M4.646 1.646a.5.5 0 0 1 .708 0l6 6a.5.5 0 0 1 0 .708l-6 6a.5.5 0 0 1-.708-.708L10.293 8 4.646 2.354a.5.5 0 0 1 0-.708z\"><\/path>\n\t\t\t\t<\/svg>\n\t\t\t<\/div>\n\t\t<\/div>\n\t<\/div>\n\t<\/section><hr class=\"wp-block-separator has-alpha-channel-opacity\"><h3 class=\"wp-block-heading\">Baby-Alter-Rechner f&uuml;r Beikostplan verwenden<\/h3><figure class=\"wp-block-image size-large is-resized\"><a href=\"https:\/\/www.babyartikel.de\/magazin\/dein-beikostplan-beikost-einfuehren-schritt-fuer-schritt\"><img loading=\"lazy\" decoding=\"async\" width=\"1050\" height=\"875\" src=\"https:\/\/www.babyartikel.de\/magazin\/wp-content\/uploads\/2023\/02\/baby-alter-rechner-fuer-beikostplan-1050x875.jpg\" alt=\"baby alter rechner verwenden f&uuml;r beikostplan baby\" class=\"wp-image-873829\" style=\"width:788px\" srcset=\"https:\/\/media.babyartikel.de\/magazin\/wp-content\/uploads\/2023\/02\/baby-alter-rechner-fuer-beikostplan-1050x875.jpg 1050w, https:\/\/media.babyartikel.de\/magazin\/wp-content\/uploads\/2023\/02\/baby-alter-rechner-fuer-beikostplan-690x575.jpg 690w, https:\/\/media.babyartikel.de\/magazin\/wp-content\/uploads\/2023\/02\/baby-alter-rechner-fuer-beikostplan-150x125.jpg 150w, https:\/\/media.babyartikel.de\/magazin\/wp-content\/uploads\/2023\/02\/baby-alter-rechner-fuer-beikostplan-768x640.jpg 768w, https:\/\/media.babyartikel.de\/magazin\/wp-content\/uploads\/2023\/02\/baby-alter-rechner-fuer-beikostplan-631x526.jpg 631w, https:\/\/media.babyartikel.de\/magazin\/wp-content\/uploads\/2023\/02\/baby-alter-rechner-fuer-beikostplan-415x346.jpg 415w, https:\/\/media.babyartikel.de\/magazin\/wp-content\/uploads\/2023\/02\/baby-alter-rechner-fuer-beikostplan-412x343.jpg 412w, https:\/\/media.babyartikel.de\/magazin\/wp-content\/uploads\/2023\/02\/baby-alter-rechner-fuer-beikostplan-391x326.jpg 391w, https:\/\/media.babyartikel.de\/magazin\/wp-content\/uploads\/2023\/02\/baby-alter-rechner-fuer-beikostplan-376x313.jpg 376w, https:\/\/media.babyartikel.de\/magazin\/wp-content\/uploads\/2023\/02\/baby-alter-rechner-fuer-beikostplan-360x300.jpg 360w, https:\/\/media.babyartikel.de\/magazin\/wp-content\/uploads\/2023\/02\/baby-alter-rechner-fuer-beikostplan.jpg 1200w\" sizes=\"auto, (max-width: 1050px) 100vw, 1050px\"><\/a><\/figure><p>Wie alt ist Dein Baby? Fr&uuml;hestens ab dem <strong>5. Lebensmonat<\/strong> (der Wochenrechner zeigt mindestens 4 Monate, 1 Tag an) darfst Du es behutsam mit Beikost vertraut machen. Schritt f&uuml;r Schritt gew&ouml;hnst Du es an unterschiedliche Lebensmittel, die Du ihm parallel zu den Milchmahlzeiten f&uuml;tterst. <\/p><p>&#10132; Ist Dein Baby auch schon bereit f&uuml;r den Getreide-, Kartoffel- oder Fleisch-Brei? Bestimme mit dem Wochenrechner sein Alter und schau im <a href=\"https:\/\/www.babyartikel.de\/magazin\/dein-beikostplan-beikost-einfuehren-schritt-fuer-schritt\"><\/a><a href=\"https:\/\/www.babyartikel.de\/magazin\/dein-beikostplan-beikost-einfuehren-schritt-fuer-schritt\">Beikostplan<\/a> nach, was Dein Kleines ab wann essen darf. <\/p><hr class=\"wp-block-separator has-alpha-channel-opacity\"><h3 class=\"wp-block-heading\">Baby-Wochenrechner f&uuml;r Impftermine benutzen<\/h3><figure class=\"wp-block-image size-large\"><img loading=\"lazy\" decoding=\"async\" width=\"1050\" height=\"875\" src=\"https:\/\/media.babyartikel.de\/magazin\/wp-content\/uploads\/2023\/02\/baby-alter-rechner-fuer-impftermin-1050x875.jpg\" alt=\"wochenrechner f&uuml;r impftermin verwenden baby bekommt impfung\" class=\"wp-image-873841\" srcset=\"https:\/\/media.babyartikel.de\/magazin\/wp-content\/uploads\/2023\/02\/baby-alter-rechner-fuer-impftermin-1050x875.jpg 1050w, https:\/\/media.babyartikel.de\/magazin\/wp-content\/uploads\/2023\/02\/baby-alter-rechner-fuer-impftermin-690x575.jpg 690w, https:\/\/media.babyartikel.de\/magazin\/wp-content\/uploads\/2023\/02\/baby-alter-rechner-fuer-impftermin-150x125.jpg 150w, https:\/\/media.babyartikel.de\/magazin\/wp-content\/uploads\/2023\/02\/baby-alter-rechner-fuer-impftermin-768x640.jpg 768w, https:\/\/media.babyartikel.de\/magazin\/wp-content\/uploads\/2023\/02\/baby-alter-rechner-fuer-impftermin-631x526.jpg 631w, https:\/\/media.babyartikel.de\/magazin\/wp-content\/uploads\/2023\/02\/baby-alter-rechner-fuer-impftermin-415x346.jpg 415w, https:\/\/media.babyartikel.de\/magazin\/wp-content\/uploads\/2023\/02\/baby-alter-rechner-fuer-impftermin-412x343.jpg 412w, https:\/\/media.babyartikel.de\/magazin\/wp-content\/uploads\/2023\/02\/baby-alter-rechner-fuer-impftermin-391x326.jpg 391w, https:\/\/media.babyartikel.de\/magazin\/wp-content\/uploads\/2023\/02\/baby-alter-rechner-fuer-impftermin-376x313.jpg 376w, https:\/\/media.babyartikel.de\/magazin\/wp-content\/uploads\/2023\/02\/baby-alter-rechner-fuer-impftermin-360x300.jpg 360w, https:\/\/media.babyartikel.de\/magazin\/wp-content\/uploads\/2023\/02\/baby-alter-rechner-fuer-impftermin.jpg 1200w\" sizes=\"auto, (max-width: 1050px) 100vw, 1050px\"><\/figure><p><strong>Alle paar Lebenswochen und -monate stehen bei Deinem Baby Impfungen an.<\/strong> Allein im ersten Lebensjahr sind es 10-13 Dosen. Wenn m&ouml;glich, erledigt der Kinderarzt die Impfung gleich, wenn Ihr sowieso zur U-Untersuchung in die Praxis kommt. <\/p><p>Eine &Uuml;bersicht &uuml;ber alle Impftermine findest Du &uuml;brigens auch im Impfpass Deines Kindes. Solltest Du diesen gerade nicht zur Hand haben, hilft Dir unser Baby-Alter-Rechner.<\/p><p>&#10132; &bdquo;Wie alt ist mein Baby und wann bekommt es die n&auml;chste Impfung?&ldquo; Finde es heraus, indem Du den Wochenrechner benutzt und das Ergebnis mit unserer <a href=\"https:\/\/www.babyartikel.de\/magazin\/impfungen-baby\">Impf-&Uuml;bersicht f&uuml;r Babys und Kleinkinder<\/a> abgleichst. <\/p><hr class=\"wp-block-separator has-alpha-channel-opacity\"><h3 class=\"wp-block-heading\">Lebenswochen &amp; passender Kindersitz f&uuml;r das Auto<\/h3><figure class=\"wp-block-image size-large is-resized\"><a href=\"https:\/\/www.babyartikel.de\/cat\/kindersitze\"><img loading=\"lazy\" decoding=\"async\" width=\"1050\" height=\"875\" src=\"https:\/\/www.babyartikel.de\/magazin\/wp-content\/uploads\/2023\/02\/baby-alter-rechner-fuer-kindersitze-1050x875.jpg\" alt=\"baby alter rechner verwenden um richtigen kindersitz f&uuml;r das auto zu finden\" class=\"wp-image-873827\" style=\"width:788px\" srcset=\"https:\/\/media.babyartikel.de\/magazin\/wp-content\/uploads\/2023\/02\/baby-alter-rechner-fuer-kindersitze-1050x875.jpg 1050w, https:\/\/media.babyartikel.de\/magazin\/wp-content\/uploads\/2023\/02\/baby-alter-rechner-fuer-kindersitze-690x575.jpg 690w, https:\/\/media.babyartikel.de\/magazin\/wp-content\/uploads\/2023\/02\/baby-alter-rechner-fuer-kindersitze-150x125.jpg 150w, https:\/\/media.babyartikel.de\/magazin\/wp-content\/uploads\/2023\/02\/baby-alter-rechner-fuer-kindersitze-768x640.jpg 768w, https:\/\/media.babyartikel.de\/magazin\/wp-content\/uploads\/2023\/02\/baby-alter-rechner-fuer-kindersitze-631x526.jpg 631w, https:\/\/media.babyartikel.de\/magazin\/wp-content\/uploads\/2023\/02\/baby-alter-rechner-fuer-kindersitze-415x346.jpg 415w, https:\/\/media.babyartikel.de\/magazin\/wp-content\/uploads\/2023\/02\/baby-alter-rechner-fuer-kindersitze-412x343.jpg 412w, https:\/\/media.babyartikel.de\/magazin\/wp-content\/uploads\/2023\/02\/baby-alter-rechner-fuer-kindersitze-391x326.jpg 391w, https:\/\/media.babyartikel.de\/magazin\/wp-content\/uploads\/2023\/02\/baby-alter-rechner-fuer-kindersitze-376x313.jpg 376w, https:\/\/media.babyartikel.de\/magazin\/wp-content\/uploads\/2023\/02\/baby-alter-rechner-fuer-kindersitze-360x300.jpg 360w, https:\/\/media.babyartikel.de\/magazin\/wp-content\/uploads\/2023\/02\/baby-alter-rechner-fuer-kindersitze.jpg 1200w\" sizes=\"auto, (max-width: 1050px) 100vw, 1050px\"><\/a><\/figure><p>Haben die Lebenswochen denn sogar etwas mit Kindersitzen zu tun? Ja, denn nach der <a href=\"https:\/\/www.babyartikel.de\/magazin\/so-unterscheiden-sich-i-size-und-ece-r44\">i-Size-Norm<\/a> musst Du Dein Kind bis zu einem Alter von 15 Monaten r&uuml;ckw&auml;rts gerichtet im Auto transportieren. Dabei spielt es keine Rolle, ob Dein Kleines noch in einer <a href=\"https:\/\/www.babyartikel.de\/cat\/babyschalen\">Babyschale<\/a> liegt oder schon in einen Kindersitz umgezogen ist.<\/p><p>&#10132; Ist Dein Kind <strong>0-15 Monate<\/strong> alt und f&auml;hrt r&uuml;ckw&auml;rts im Auto mit? Sehr gut, denn diese Transport-Richtung ist die sicherste. Das gilt &uuml;brigens auch f&uuml;r <strong>&auml;ltere Kinder bis 4 Jahre<\/strong>. F&uuml;r sie ist der R&uuml;ckw&auml;rts-Transport zwar keine Pflicht mehr, Fachleute empfehlen aber trotzdem einen <a href=\"https:\/\/www.babyartikel.de\/cat\/reboarder\">Reboarder<\/a>. <\/p><hr class=\"wp-block-separator has-alpha-channel-opacity\"><h3 class=\"wp-block-heading\">Wozu der Wochenrechner sonst noch gut ist &#128521;<\/h3><p><strong>Nette Erinnerung<\/strong>: Wenn Du den Kalender des Wochenrechners &ouml;ffnest, kannst Du nachsehen, an welchem <strong>Wochentag Dein Baby geboren<\/strong> wurde. <\/p><p><strong>Nette Spielerei<\/strong>: Auch Mama, Papa oder &auml;ltere Geschwister k&ouml;nnen sich mit dem Baby-Alter-Rechner ihr <strong>Lebensalter<\/strong> in (zahlreichen) Tagen und Wochen anzeigen lassen. <\/p><div class=\"credits-overlay\" data-target=\".wp-image-874548\"><a href=\"#\" target=\"_blank\">&copy; Aliaksei Lasevich &ndash; stock.adobe.com<\/a><\/div><div class=\"credits-overlay\" data-target=\".wp-image-873866\"><a href=\"#\" target=\"_blank\">&copy; Oksana Kuzmina &ndash; stock.adobe.com<\/a><\/div><div class=\"credits-overlay\" data-target=\".wp-image-874115\"><a href=\"#\" target=\"_blank\">&copy; highwaystarz &ndash; stock.adobe.com<\/a><\/div><div class=\"credits-overlay\" data-target=\".wp-image-873828\"><a href=\"#\" target=\"_blank\">&copy; Oksana Kuzmina &ndash; stock.adobe.com<\/a><\/div><div class=\"credits-overlay\" data-target=\".wp-image-873819\"><a href=\"#\" target=\"_blank\">&copy; Dmitry Dven &ndash; stock.adobe.com<\/a><\/div><div class=\"credits-overlay\" data-target=\".wp-image-873829\"><a href=\"#\" target=\"_blank\">&copy; yanadjan &ndash; stock.adobe.com<\/a><\/div><div class=\"credits-overlay\" data-target=\".wp-image-873841\"><a href=\"#\" target=\"_blank\">&copy; Prostock-studio &ndash; stock.adobe.com<\/a><\/div><div class=\"credits-overlay\" data-target=\".wp-image-873827\"><a href=\"#\" target=\"_blank\">&copy; Trendsetter Images &ndash; stock.adobe.com<\/a><\/div><\/p>\n","protected":false},"excerpt":{"rendered":"<p>Du fragst Dich: &bdquo;Wie alt ist mein Baby?&ldquo; Unser Wochenrechner gibt Dir in Sekundenschnelle Antwort. Dabei zeigt Dir der Baby-Alter-Rechner nicht nur die Wochen an, sondern auch Lebens-Jahre, -Monate und -Tage. Finde au&szlig;erdem Rechenbeispiele, Anwendungs-Tipps bei Fr&uuml;hchen und Hinweise, wof&uuml;r Du den Wochenrechner nutzen kannst. Wie alt ist mein Baby &#10148; Jetzt berechnen So funktioniert [&#8230;]<\/p>\n<p><a class=\"btn btn-secondary understrap-read-more-link\" href=\"https:\/\/www.babyartikel.de\/magazin\/wie-alt-ist-mein-baby-wochenrechner\">Weiterlesen&#8230;<\/a><\/p>\n","protected":false},"author":124,"featured_media":874548,"comment_status":"open","ping_status":"closed","sticky":false,"template":"","format":"standard","meta":{"_acf_changed":false,"footnotes":""},"categories":[79,1430,2820,2824],"tags":[3338,1044,23050],"class_list":["post-873022","post","type-post","status-publish","format-standard","has-post-thumbnail","hentry","category-baby","category-kleinkind","category-leben-mit-baby","category-entwicklung-kleinkind","tag-alltag-mit-baby","tag-entwicklung","tag-rechner"],"acf":[],"yoast_head":"<!-- This site is optimized with the Yoast SEO Premium plugin v27.2 (Yoast SEO v27.2) - https:\/\/yoast.com\/product\/yoast-seo-premium-wordpress\/ -->\n<title>Wie alt ist mein Baby? \u27a4Praktischer Wochenrechner | Babyartikel.de<\/title>\n<meta name=\"description\" content=\"&quot;Wie alt ist mein Baby?&quot; \u2794 Finde es mit unserem \ud83d\udc97Wochenrechner\ud83d\udc97heraus und berechne Babys Alter mit 1 Klick auf den Tag genau.\" \/>\n<meta name=\"robots\" content=\"index, follow, max-snippet:-1, max-image-preview:large, max-video-preview:-1\" \/>\n<link rel=\"canonical\" href=\"https:\/\/www.babyartikel.de\/magazin\/wie-alt-ist-mein-baby-wochenrechner\" \/>\n<meta property=\"og:locale\" content=\"de_DE\" \/>\n<meta property=\"og:type\" content=\"article\" \/>\n<meta property=\"og:title\" content=\"Wie alt ist mein Baby? \u27a4Praktischer Wochenrechner\" \/>\n<meta property=\"og:description\" content=\"&quot;Wie alt ist mein Baby?&quot; \u2794 Finde es mit unserem \ud83d\udc97Wochenrechner\ud83d\udc97heraus und berechne Babys Alter mit 1 Klick auf den Tag genau.\" \/>\n<meta property=\"og:url\" content=\"https:\/\/www.babyartikel.de\/magazin\/wie-alt-ist-mein-baby-wochenrechner\" \/>\n<meta property=\"og:site_name\" content=\"Babyartikel.de Magazin\" \/>\n<meta property=\"article:published_time\" content=\"2023-02-11T06:55:00+00:00\" \/>\n<meta property=\"article:modified_time\" content=\"2026-02-09T12:47:43+00:00\" \/>\n<meta property=\"og:image\" content=\"https:\/\/media.babyartikel.de\/magazin\/wp-content\/uploads\/2023\/02\/wie-alt-ist-mein-Baby-wochenrechner.png\" \/>\n\t<meta property=\"og:image:width\" content=\"1200\" \/>\n\t<meta property=\"og:image:height\" content=\"627\" \/>\n\t<meta property=\"og:image:type\" content=\"image\/png\" \/>\n<meta name=\"author\" content=\"Jennifer Carpenter\" \/>\n<meta name=\"twitter:card\" content=\"summary_large_image\" \/>\n<meta name=\"twitter:label1\" content=\"Verfasst von\" \/>\n\t<meta name=\"twitter:data1\" content=\"Jennifer Carpenter\" \/>\n\t<meta name=\"twitter:label2\" content=\"Gesch\u00e4tzte Lesezeit\" \/>\n\t<meta name=\"twitter:data2\" content=\"10\u00a0Minuten\" \/>\n<script type=\"application\/ld+json\" class=\"yoast-schema-graph\">{\"@context\":\"https:\/\/schema.org\",\"@graph\":[{\"@type\":\"Article\",\"@id\":\"https:\/\/www.babyartikel.de\/magazin\/wie-alt-ist-mein-baby-wochenrechner#article\",\"isPartOf\":{\"@id\":\"https:\/\/www.babyartikel.de\/magazin\/wie-alt-ist-mein-baby-wochenrechner\"},\"author\":{\"name\":\"Jennifer Carpenter\",\"@id\":\"https:\/\/www.babyartikel.de\/magazin\/#\/schema\/person\/abdeb2cd70a5d991bf0afcad83e4a360\"},\"headline\":\"Wie alt ist mein Baby? \u27a4Praktischer Wochenrechner\",\"datePublished\":\"2023-02-11T06:55:00+00:00\",\"dateModified\":\"2026-02-09T12:47:43+00:00\",\"mainEntityOfPage\":{\"@id\":\"https:\/\/www.babyartikel.de\/magazin\/wie-alt-ist-mein-baby-wochenrechner\"},\"wordCount\":1473,\"commentCount\":2,\"image\":{\"@id\":\"https:\/\/www.babyartikel.de\/magazin\/wie-alt-ist-mein-baby-wochenrechner#primaryimage\"},\"thumbnailUrl\":\"https:\/\/media.babyartikel.de\/magazin\/wp-content\/uploads\/2023\/02\/wie-alt-ist-mein-baby-wochenrechner.jpg\",\"keywords\":[\"alltag mit baby\",\"entwicklung\",\"rechner\"],\"articleSection\":[\"Baby\",\"Kleinkind\",\"Leben mit Baby\",\"Leben mit Kleinkind\"],\"inLanguage\":\"de\",\"potentialAction\":[{\"@type\":\"CommentAction\",\"name\":\"Comment\",\"target\":[\"https:\/\/www.babyartikel.de\/magazin\/wie-alt-ist-mein-baby-wochenrechner#respond\"]}]},{\"@type\":\"WebPage\",\"@id\":\"https:\/\/www.babyartikel.de\/magazin\/wie-alt-ist-mein-baby-wochenrechner\",\"url\":\"https:\/\/www.babyartikel.de\/magazin\/wie-alt-ist-mein-baby-wochenrechner\",\"name\":\"Wie alt ist mein Baby? \u27a4Praktischer Wochenrechner | Babyartikel.de\",\"isPartOf\":{\"@id\":\"https:\/\/www.babyartikel.de\/magazin\/#website\"},\"primaryImageOfPage\":{\"@id\":\"https:\/\/www.babyartikel.de\/magazin\/wie-alt-ist-mein-baby-wochenrechner#primaryimage\"},\"image\":{\"@id\":\"https:\/\/www.babyartikel.de\/magazin\/wie-alt-ist-mein-baby-wochenrechner#primaryimage\"},\"thumbnailUrl\":\"https:\/\/media.babyartikel.de\/magazin\/wp-content\/uploads\/2023\/02\/wie-alt-ist-mein-baby-wochenrechner.jpg\",\"datePublished\":\"2023-02-11T06:55:00+00:00\",\"dateModified\":\"2026-02-09T12:47:43+00:00\",\"author\":{\"@id\":\"https:\/\/www.babyartikel.de\/magazin\/#\/schema\/person\/abdeb2cd70a5d991bf0afcad83e4a360\"},\"description\":\"\\\"Wie alt ist mein Baby?\\\" \u2794 Finde es mit unserem \ud83d\udc97Wochenrechner\ud83d\udc97heraus und berechne Babys Alter mit 1 Klick auf den Tag genau.\",\"breadcrumb\":{\"@id\":\"https:\/\/www.babyartikel.de\/magazin\/wie-alt-ist-mein-baby-wochenrechner#breadcrumb\"},\"inLanguage\":\"de\",\"potentialAction\":[{\"@type\":\"ReadAction\",\"target\":[\"https:\/\/www.babyartikel.de\/magazin\/wie-alt-ist-mein-baby-wochenrechner\"]}]},{\"@type\":\"ImageObject\",\"inLanguage\":\"de\",\"@id\":\"https:\/\/www.babyartikel.de\/magazin\/wie-alt-ist-mein-baby-wochenrechner#primaryimage\",\"url\":\"https:\/\/media.babyartikel.de\/magazin\/wp-content\/uploads\/2023\/02\/wie-alt-ist-mein-baby-wochenrechner.jpg\",\"contentUrl\":\"https:\/\/media.babyartikel.de\/magazin\/wp-content\/uploads\/2023\/02\/wie-alt-ist-mein-baby-wochenrechner.jpg\",\"width\":6762,\"height\":3962,\"caption\":\"wie alt ist mein baby wochenrechner portrait vier s\u00fc\u00dfe babys auf lammfell\"},{\"@type\":\"BreadcrumbList\",\"@id\":\"https:\/\/www.babyartikel.de\/magazin\/wie-alt-ist-mein-baby-wochenrechner#breadcrumb\",\"itemListElement\":[{\"@type\":\"ListItem\",\"position\":1,\"name\":\"Startseite\",\"item\":\"https:\/\/www.babyartikel.de\/magazin\"},{\"@type\":\"ListItem\",\"position\":2,\"name\":\"Wie alt ist mein Baby? \u27a4Praktischer Wochenrechner\"}]},{\"@type\":\"WebSite\",\"@id\":\"https:\/\/www.babyartikel.de\/magazin\/#website\",\"url\":\"https:\/\/www.babyartikel.de\/magazin\/\",\"name\":\"Babyartikel.de Magazin\",\"description\":\"\",\"potentialAction\":[{\"@type\":\"SearchAction\",\"target\":{\"@type\":\"EntryPoint\",\"urlTemplate\":\"https:\/\/www.babyartikel.de\/magazin\/?s={search_term_string}\"},\"query-input\":{\"@type\":\"PropertyValueSpecification\",\"valueRequired\":true,\"valueName\":\"search_term_string\"}}],\"inLanguage\":\"de\"},{\"@type\":\"Person\",\"@id\":\"https:\/\/www.babyartikel.de\/magazin\/#\/schema\/person\/abdeb2cd70a5d991bf0afcad83e4a360\",\"name\":\"Jennifer Carpenter\",\"image\":{\"@type\":\"ImageObject\",\"inLanguage\":\"de\",\"@id\":\"https:\/\/media.babyartikel.de\/magazin\/wp-content\/uploads\/2021\/08\/profilbild-autorin-jennifer-150x150.jpg\",\"url\":\"https:\/\/media.babyartikel.de\/magazin\/wp-content\/uploads\/2021\/08\/profilbild-autorin-jennifer-150x150.jpg\",\"contentUrl\":\"https:\/\/media.babyartikel.de\/magazin\/wp-content\/uploads\/2021\/08\/profilbild-autorin-jennifer-150x150.jpg\",\"caption\":\"Jennifer Carpenter\"},\"description\":\"Hallo! Ich hei\u00dfe Jennifer und lebe mit meinem Mann und unseren zwei Kindern am gr\u00fcnen Stadtrand von M\u00fcnchen. Seit 2021 bin ich Redakteurin bei Babyartikel.de. Davor habe ich im Verlag B\u00fccher gemacht, einen Beckenboden-Blog betreut und freiberuflich getextet. Als Biologin interessiere ich mich f\u00fcr Gesundheits-Themen, aber es ist die Vielfalt unserer Magazin-Beitr\u00e4ge, die ich besonders sch\u00e4tze. So entdecke und teste ich f\u00fcr unsere Leser:innen auch gerne die neuesten Buggys, Reisebetten, Kindersitze &amp; Co. (Werdende) Eltern mit dem Babyartikel.de-Magazin beratend zu begleiten ist ein gutes Gef\u00fchl und macht mir sehr viel Spa\u00df!\",\"sameAs\":[\"https:\/\/www.babyartikel.de\/magazin\/\"],\"url\":\"https:\/\/www.babyartikel.de\/magazin\/author\/jennifer-carpenter\"}]}<\/script>\n<!-- \/ Yoast SEO Premium plugin. -->","yoast_head_json":{"title":"Wie alt ist mein Baby? \u27a4Praktischer Wochenrechner | Babyartikel.de","description":"\"Wie alt ist mein Baby?\" \u2794 Finde es mit unserem \ud83d\udc97Wochenrechner\ud83d\udc97heraus und berechne Babys Alter mit 1 Klick auf den Tag genau.","robots":{"index":"index","follow":"follow","max-snippet":"max-snippet:-1","max-image-preview":"max-image-preview:large","max-video-preview":"max-video-preview:-1"},"canonical":"https:\/\/www.babyartikel.de\/magazin\/wie-alt-ist-mein-baby-wochenrechner","og_locale":"de_DE","og_type":"article","og_title":"Wie alt ist mein Baby? \u27a4Praktischer Wochenrechner","og_description":"\"Wie alt ist mein Baby?\" \u2794 Finde es mit unserem \ud83d\udc97Wochenrechner\ud83d\udc97heraus und berechne Babys Alter mit 1 Klick auf den Tag genau.","og_url":"https:\/\/www.babyartikel.de\/magazin\/wie-alt-ist-mein-baby-wochenrechner","og_site_name":"Babyartikel.de Magazin","article_published_time":"2023-02-11T06:55:00+00:00","article_modified_time":"2026-02-09T12:47:43+00:00","og_image":[{"width":1200,"height":627,"url":"https:\/\/media.babyartikel.de\/magazin\/wp-content\/uploads\/2023\/02\/wie-alt-ist-mein-Baby-wochenrechner.png","type":"image\/png"}],"author":"Jennifer Carpenter","twitter_card":"summary_large_image","twitter_misc":{"Verfasst von":"Jennifer Carpenter","Gesch\u00e4tzte Lesezeit":"10\u00a0Minuten"},"schema":{"@context":"https:\/\/schema.org","@graph":[{"@type":"Article","@id":"https:\/\/www.babyartikel.de\/magazin\/wie-alt-ist-mein-baby-wochenrechner#article","isPartOf":{"@id":"https:\/\/www.babyartikel.de\/magazin\/wie-alt-ist-mein-baby-wochenrechner"},"author":{"name":"Jennifer Carpenter","@id":"https:\/\/www.babyartikel.de\/magazin\/#\/schema\/person\/abdeb2cd70a5d991bf0afcad83e4a360"},"headline":"Wie alt ist mein Baby? \u27a4Praktischer Wochenrechner","datePublished":"2023-02-11T06:55:00+00:00","dateModified":"2026-02-09T12:47:43+00:00","mainEntityOfPage":{"@id":"https:\/\/www.babyartikel.de\/magazin\/wie-alt-ist-mein-baby-wochenrechner"},"wordCount":1473,"commentCount":2,"image":{"@id":"https:\/\/www.babyartikel.de\/magazin\/wie-alt-ist-mein-baby-wochenrechner#primaryimage"},"thumbnailUrl":"https:\/\/media.babyartikel.de\/magazin\/wp-content\/uploads\/2023\/02\/wie-alt-ist-mein-baby-wochenrechner.jpg","keywords":["alltag mit baby","entwicklung","rechner"],"articleSection":["Baby","Kleinkind","Leben mit Baby","Leben mit Kleinkind"],"inLanguage":"de","potentialAction":[{"@type":"CommentAction","name":"Comment","target":["https:\/\/www.babyartikel.de\/magazin\/wie-alt-ist-mein-baby-wochenrechner#respond"]}]},{"@type":"WebPage","@id":"https:\/\/www.babyartikel.de\/magazin\/wie-alt-ist-mein-baby-wochenrechner","url":"https:\/\/www.babyartikel.de\/magazin\/wie-alt-ist-mein-baby-wochenrechner","name":"Wie alt ist mein Baby? \u27a4Praktischer Wochenrechner | Babyartikel.de","isPartOf":{"@id":"https:\/\/www.babyartikel.de\/magazin\/#website"},"primaryImageOfPage":{"@id":"https:\/\/www.babyartikel.de\/magazin\/wie-alt-ist-mein-baby-wochenrechner#primaryimage"},"image":{"@id":"https:\/\/www.babyartikel.de\/magazin\/wie-alt-ist-mein-baby-wochenrechner#primaryimage"},"thumbnailUrl":"https:\/\/media.babyartikel.de\/magazin\/wp-content\/uploads\/2023\/02\/wie-alt-ist-mein-baby-wochenrechner.jpg","datePublished":"2023-02-11T06:55:00+00:00","dateModified":"2026-02-09T12:47:43+00:00","author":{"@id":"https:\/\/www.babyartikel.de\/magazin\/#\/schema\/person\/abdeb2cd70a5d991bf0afcad83e4a360"},"description":"\"Wie alt ist mein Baby?\" \u2794 Finde es mit unserem \ud83d\udc97Wochenrechner\ud83d\udc97heraus und berechne Babys Alter mit 1 Klick auf den Tag genau.","breadcrumb":{"@id":"https:\/\/www.babyartikel.de\/magazin\/wie-alt-ist-mein-baby-wochenrechner#breadcrumb"},"inLanguage":"de","potentialAction":[{"@type":"ReadAction","target":["https:\/\/www.babyartikel.de\/magazin\/wie-alt-ist-mein-baby-wochenrechner"]}]},{"@type":"ImageObject","inLanguage":"de","@id":"https:\/\/www.babyartikel.de\/magazin\/wie-alt-ist-mein-baby-wochenrechner#primaryimage","url":"https:\/\/media.babyartikel.de\/magazin\/wp-content\/uploads\/2023\/02\/wie-alt-ist-mein-baby-wochenrechner.jpg","contentUrl":"https:\/\/media.babyartikel.de\/magazin\/wp-content\/uploads\/2023\/02\/wie-alt-ist-mein-baby-wochenrechner.jpg","width":6762,"height":3962,"caption":"wie alt ist mein baby wochenrechner portrait vier s\u00fc\u00dfe babys auf lammfell"},{"@type":"BreadcrumbList","@id":"https:\/\/www.babyartikel.de\/magazin\/wie-alt-ist-mein-baby-wochenrechner#breadcrumb","itemListElement":[{"@type":"ListItem","position":1,"name":"Startseite","item":"https:\/\/www.babyartikel.de\/magazin"},{"@type":"ListItem","position":2,"name":"Wie alt ist mein Baby? \u27a4Praktischer Wochenrechner"}]},{"@type":"WebSite","@id":"https:\/\/www.babyartikel.de\/magazin\/#website","url":"https:\/\/www.babyartikel.de\/magazin\/","name":"Babyartikel.de Magazin","description":"","potentialAction":[{"@type":"SearchAction","target":{"@type":"EntryPoint","urlTemplate":"https:\/\/www.babyartikel.de\/magazin\/?s={search_term_string}"},"query-input":{"@type":"PropertyValueSpecification","valueRequired":true,"valueName":"search_term_string"}}],"inLanguage":"de"},{"@type":"Person","@id":"https:\/\/www.babyartikel.de\/magazin\/#\/schema\/person\/abdeb2cd70a5d991bf0afcad83e4a360","name":"Jennifer Carpenter","image":{"@type":"ImageObject","inLanguage":"de","@id":"https:\/\/media.babyartikel.de\/magazin\/wp-content\/uploads\/2021\/08\/profilbild-autorin-jennifer-150x150.jpg","url":"https:\/\/media.babyartikel.de\/magazin\/wp-content\/uploads\/2021\/08\/profilbild-autorin-jennifer-150x150.jpg","contentUrl":"https:\/\/media.babyartikel.de\/magazin\/wp-content\/uploads\/2021\/08\/profilbild-autorin-jennifer-150x150.jpg","caption":"Jennifer Carpenter"},"description":"Hallo! Ich hei\u00dfe Jennifer und lebe mit meinem Mann und unseren zwei Kindern am gr\u00fcnen Stadtrand von M\u00fcnchen. Seit 2021 bin ich Redakteurin bei Babyartikel.de. Davor habe ich im Verlag B\u00fccher gemacht, einen Beckenboden-Blog betreut und freiberuflich getextet. Als Biologin interessiere ich mich f\u00fcr Gesundheits-Themen, aber es ist die Vielfalt unserer Magazin-Beitr\u00e4ge, die ich besonders sch\u00e4tze. So entdecke und teste ich f\u00fcr unsere Leser:innen auch gerne die neuesten Buggys, Reisebetten, Kindersitze &amp; Co. (Werdende) Eltern mit dem Babyartikel.de-Magazin beratend zu begleiten ist ein gutes Gef\u00fchl und macht mir sehr viel Spa\u00df!","sameAs":["https:\/\/www.babyartikel.de\/magazin\/"],"url":"https:\/\/www.babyartikel.de\/magazin\/author\/jennifer-carpenter"}]}},"abstract_sku":"","_links":{"self":[{"href":"https:\/\/www.babyartikel.de\/magazin\/wp-json\/wp\/v2\/posts\/873022","targetHints":{"allow":["GET"]}}],"collection":[{"href":"https:\/\/www.babyartikel.de\/magazin\/wp-json\/wp\/v2\/posts"}],"about":[{"href":"https:\/\/www.babyartikel.de\/magazin\/wp-json\/wp\/v2\/types\/post"}],"author":[{"embeddable":true,"href":"https:\/\/www.babyartikel.de\/magazin\/wp-json\/wp\/v2\/users\/124"}],"replies":[{"embeddable":true,"href":"https:\/\/www.babyartikel.de\/magazin\/wp-json\/wp\/v2\/comments?post=873022"}],"version-history":[{"count":296,"href":"https:\/\/www.babyartikel.de\/magazin\/wp-json\/wp\/v2\/posts\/873022\/revisions"}],"predecessor-version":[{"id":966568,"href":"https:\/\/www.babyartikel.de\/magazin\/wp-json\/wp\/v2\/posts\/873022\/revisions\/966568"}],"wp:featuredmedia":[{"embeddable":true,"href":"https:\/\/www.babyartikel.de\/magazin\/wp-json\/wp\/v2\/media\/874548"}],"wp:attachment":[{"href":"https:\/\/www.babyartikel.de\/magazin\/wp-json\/wp\/v2\/media?parent=873022"}],"wp:term":[{"taxonomy":"category","embeddable":true,"href":"https:\/\/www.babyartikel.de\/magazin\/wp-json\/wp\/v2\/categories?post=873022"},{"taxonomy":"post_tag","embeddable":true,"href":"https:\/\/www.babyartikel.de\/magazin\/wp-json\/wp\/v2\/tags?post=873022"}],"curies":[{"name":"wp","href":"https:\/\/api.w.org\/{rel}","templated":true}]}}