
{"id":873215,"date":"2023-03-02T07:55:00","date_gmt":"2023-03-02T06:55:00","guid":{"rendered":"https:\/\/www.babyartikel.de\/magazin\/?p=873215"},"modified":"2025-01-23T10:38:22","modified_gmt":"2025-01-23T09:38:22","slug":"baby-6-monate-entwicklung","status":"publish","type":"post","link":"https:\/\/www.babyartikel.de\/magazin\/baby-6-monate-entwicklung","title":{"rendered":"Baby 6 Monate: Entwicklung &#038;\u00a0F\u00f6rderung\u00a0"},"content":{"rendered":"<p>Dein<img loading=\"lazy\" decoding=\"async\" width=\"1\" height=\"1\" src=\"https:\/\/ssl-vg03.met.vgwort.de\/na\/2c203f10d5fb4336857d8b69d1c8518d\" alt=\"\"> Baby ist jetzt schon 6 Monate alt! In seinem ersten halben Lebensjahr ist viel passiert &ndash; und genauso aufregend geht es weiter. Denn Dein Schatz erreicht jetzt nach und nach viele wichtige Meilensteine in seiner Entwicklung. <script>\n\tjQuery(document).ready(function() {\n\t\t\/\/ Swiper: Slider\n\t\tvar swiper = new Swiper('.swiper-8088-4514', {\n\t\t\tslidesPerView: 9,\n\t\t\tslidesPerGroup: 1,\n\t\t\tspaceBetween: 5,\n\t\t\tinitialSlide: 5,\n\t\t\t\/\/direction: 'horizontal',\n\t\t\t\/\/loop: true,\n\t\t\tnavigation: {\n\t\t\t  nextEl: '.swiper-btn-nx-swiper-8088-4514',\n\t\t\t  prevEl: '.swiper-btn-pr-swiper-8088-4514',\n\t\t\t},\n\t\t\tbreakpoints: {\n\t\t\t\t1260: {\n\t\t\t\t\tslidesPerView: 7,\n\t\t\t\t},\n\t\t\t\t767: {\n\t\t\t\t\tslidesPerView: 5,\n\t\t\t\t},\n\t\t\t\t460: {\n\t\t\t\t\tslidesPerView: 4,\n\t\t\t\t},\n\t\t\t\t380: {\n\t\t\t\t\tslidesPerView: 3,\n\t\t\t\t},\n\t\t\t\t320: {\n\t\t\t\t\tslidesPerView: 2,\n\t\t\t\t}\n\t\t\t}\n\t\t  });\n\t\t});\n\t\t<\/script><section class=\"navigation-calender\">\n\t<div class=\"swiper-element\" style=\"background-color:white;\">\n\t\t<label class=\"text-center h2\">Baby-Monate im &Uuml;berblick<\/label>\n\t\t<div class=\"swiper_wrap swiper-wrap-wop\">\n\t\t\t<!-- Slider main container -->\n\t\t\t<div class=\"swiper-container swiper-container-wop swiper-8088-4514\">\n\t\t\t\t<!-- Additional required wrapper -->\n\t\t\t\t<div class=\"swiper-wrapper\" style=\"width: 80%\">\n\t\t\t\t\t\n\t\t\t\t<div class=\"swiper-slide isagenav-slide\">\n\t\t\t\t\t<a href=\"\/magazin\/baby-1-monat\" class=\"notSelectedWeek\">Baby 1<br>Monat<\/a>\n\t\t\t\t<\/div>\n\t\t\t\t<div class=\"swiper-slide isagenav-slide\">\n\t\t\t\t\t<a href=\"\/magazin\/baby-2-monate\" class=\"notSelectedWeek\">Baby 2<br>Monate<\/a>\n\t\t\t\t<\/div>\n\t\t\t\t<div class=\"swiper-slide isagenav-slide\">\n\t\t\t\t\t<a href=\"\/magazin\/baby-3-monate\" class=\"notSelectedWeek\">Baby 3<br>Monate<\/a>\n\t\t\t\t<\/div>\n\t\t\t\t<div class=\"swiper-slide isagenav-slide\">\n\t\t\t\t\t<a href=\"\/magazin\/baby-4-monate\" class=\"notSelectedWeek\">Baby 4<br>Monate<\/a>\n\t\t\t\t<\/div>\n\t\t\t\t<div class=\"swiper-slide isagenav-slide\">\n\t\t\t\t\t<a href=\"\/magazin\/baby-5-monate\" class=\"notSelectedWeek\">Baby 5<br>Monate<\/a>\n\t\t\t\t<\/div>\n\t\t\t\t<div class=\"swiper-slide isagenav-slide\">\n\t\t\t\t\t<a href=\"\/magazin\/baby-6-monate-entwicklung\" class=\"selectedWeek\">Baby 6<br>Monate<\/a>\n\t\t\t\t<\/div>\n\t\t\t\t<div class=\"swiper-slide isagenav-slide\">\n\t\t\t\t\t<a href=\"\/magazin\/baby-7-monate\" class=\"notSelectedWeek\">Baby 7<br>Monate<\/a>\n\t\t\t\t<\/div>\n\t\t\t\t<div class=\"swiper-slide isagenav-slide\">\n\t\t\t\t\t<a href=\"\/magazin\/baby-8-monate\" class=\"notSelectedWeek\">Baby 8<br>Monate<\/a>\n\t\t\t\t<\/div>\n\t\t\t\t<div class=\"swiper-slide isagenav-slide\">\n\t\t\t\t\t<a href=\"\/magazin\/baby-9-monate-so-entwickelt-sich-dein-schatz\" class=\"notSelectedWeek\">Baby 9<br>Monate<\/a>\n\t\t\t\t<\/div>\n\t\t\t\t<div class=\"swiper-slide isagenav-slide\">\n\t\t\t\t\t<a href=\"\/magazin\/baby-10-monate-alles-ueber-schlaf-essen-entwicklung\" class=\"notSelectedWeek\">Baby 10<br>Monate<\/a>\n\t\t\t\t<\/div>\n\t\t\t\t<div class=\"swiper-slide isagenav-slide\">\n\t\t\t\t\t<a href=\"\/magazin\/baby-11-monate-entwicklung-und-foerderung\" class=\"notSelectedWeek\">Baby 11<br>Monate<\/a>\n\t\t\t\t<\/div>\n\t\t\t\t<div class=\"swiper-slide isagenav-slide\">\n\t\t\t\t\t<a href=\"\/magazin\/baby-1-jahr\" class=\"notSelectedWeek\">Baby 12<br>Monate<\/a>\n\t\t\t\t<\/div>\n\t\t\t\t<div class=\"swiper-slide isagenav-slide\">\n\t\t\t\t\t<a href=\"\/magazin\/baby-13-monate-entwicklung-schlaf-ernaehrung\" class=\"notSelectedWeek\">Baby 13<br>Monate<\/a>\n\t\t\t\t<\/div>\n\t\t\t\t<div class=\"swiper-slide isagenav-slide\">\n\t\t\t\t\t<a href=\"\/magazin\/baby-14-monate-vom-laufen-schlafen-und-wutanfaellen\" class=\"notSelectedWeek\">Baby 14<br>Monate<\/a>\n\t\t\t\t<\/div>\n\t\t\t\t<div class=\"swiper-slide isagenav-slide\">\n\t\t\t\t\t<a href=\"\/magazin\/baby-15-monate\" class=\"notSelectedWeek\">Baby 15<br>Monate<\/a>\n\t\t\t\t<\/div>\n\t\t\t\t<div class=\"swiper-slide isagenav-slide\">\n\t\t\t\t\t<a href=\"\/magazin\/16-monate-altes-kind\" class=\"notSelectedWeek\">Baby 16<br>Monate<\/a>\n\t\t\t\t<\/div>\n\t\t\t\t<div class=\"swiper-slide isagenav-slide\">\n\t\t\t\t\t<a href=\"\/magazin\/kind-17-monate-entwicklung-schlaf-essen-schub\" class=\"notSelectedWeek\">Baby 17<br>Monate<\/a>\n\t\t\t\t<\/div>\n\t\t\t\t<div class=\"swiper-slide isagenav-slide\">\n\t\t\t\t\t<a href=\"\/magazin\/kind-18-monate-entwicklung-herausforderungen\" class=\"notSelectedWeek\">Baby 18<br>Monate<\/a>\n\t\t\t\t<\/div>\n\t\t\t\t<\/div>\n\t\t\t\t\n\t\t\t<\/div>\n\t\t\t<!-- If we need navigation buttons -->\n\t\t\t<div class=\"swiper-button-prev-wop swiper-btn-pr-swiper-8088-4514\" style=\"right: auto;\">\n\t\t\t\t<svg xmlns=\"http:\/\/www.w3.org\/2000\/svg\" width=\"25\" height=\"25\" fill=\"#3e3e3e\" class=\"bi bi-chevron-left\" viewbox=\"0 0 16 16\">\n\t\t\t\t\t<path fill-rule=\"evenodd\" d=\"M11.354 1.646a.5.5 0 0 1 0 .708L5.707 8l5.647 5.646a.5.5 0 0 1-.708.708l-6-6a.5.5 0 0 1 0-.708l6-6a.5.5 0 0 1 .708 0z\"><\/path>\n\t\t\t\t<\/svg>\n\t\t\t<\/div>\n\t\t\t<div class=\"swiper-button-next-wop swiper-btn-nx-swiper-8088-4514\" style=\"right: 0px; left: auto;\">\n\t\t\t\t<svg xmlns=\"http:\/\/www.w3.org\/2000\/svg\" width=\"25\" height=\"25\" fill=\"#3e3e3e\" class=\"bi bi-chevron-right\" viewbox=\"0 0 16 16\">\n\t\t\t\t\t<path fill-rule=\"evenodd\" d=\"M4.646 1.646a.5.5 0 0 1 .708 0l6 6a.5.5 0 0 1 0 .708l-6 6a.5.5 0 0 1-.708-.708L10.293 8 4.646 2.354a.5.5 0 0 1 0-.708z\"><\/path>\n\t\t\t\t<\/svg>\n\t\t\t<\/div>\n\t\t<\/div>\n\t<\/div>\n\t<\/section><div id=\"ez-toc-container\" class=\"ez-toc-v2_0_82_2 counter-flat ez-toc-counter ez-toc-white ez-toc-container-direction\">\n<div class=\"ez-toc-title-container\">\n<p class=\"ez-toc-title\" style=\"cursor:inherit\">Inhaltsverzeichnis<\/p>\n<span class=\"ez-toc-title-toggle\"><a href=\"#\" class=\"ez-toc-pull-right ez-toc-btn ez-toc-btn-xs ez-toc-btn-default ez-toc-toggle\" aria-label=\"Toggle Table of Content\"><span class=\"ez-toc-js-icon-con\"><span class=\"\"><span class=\"eztoc-hide\" style=\"display:none;\">Toggle<\/span><span class=\"ez-toc-icon-toggle-span\"><svg style=\"fill: #999;color:#999\" xmlns=\"http:\/\/www.w3.org\/2000\/svg\" class=\"list-377408\" width=\"20px\" height=\"20px\" viewBox=\"0 0 24 24\" fill=\"none\"><path d=\"M6 6H4v2h2V6zm14 0H8v2h12V6zM4 11h2v2H4v-2zm16 0H8v2h12v-2zM4 16h2v2H4v-2zm16 0H8v2h12v-2z\" fill=\"currentColor\"><\/path><\/svg><svg style=\"fill: #999;color:#999\" class=\"arrow-unsorted-368013\" xmlns=\"http:\/\/www.w3.org\/2000\/svg\" width=\"10px\" height=\"10px\" viewBox=\"0 0 24 24\" version=\"1.2\" baseProfile=\"tiny\"><path d=\"M18.2 9.3l-6.2-6.3-6.2 6.3c-.2.2-.3.4-.3.7s.1.5.3.7c.2.2.4.3.7.3h11c.3 0 .5-.1.7-.3.2-.2.3-.5.3-.7s-.1-.5-.3-.7zM5.8 14.7l6.2 6.3 6.2-6.3c.2-.2.3-.5.3-.7s-.1-.5-.3-.7c-.2-.2-.4-.3-.7-.3h-11c-.3 0-.5.1-.7.3-.2.2-.3.5-.3.7s.1.5.3.7z\"\/><\/svg><\/span><\/span><\/span><\/a><\/span><\/div>\n<nav><ul class='ez-toc-list ez-toc-list-level-1 ' ><li class='ez-toc-page-1'><a class=\"ez-toc-link ez-toc-heading-1\" href=\"https:\/\/www.babyartikel.de\/magazin\/baby-6-monate-entwicklung\/#Entwicklung_Baby_6_Monate_Viel_Bewegung_Brabbeln\" >Entwicklung Baby 6 Monate: Viel Bewegung &amp; Brabbeln<\/a><\/li><li class='ez-toc-page-1'><a class=\"ez-toc-link ez-toc-heading-2\" href=\"https:\/\/www.babyartikel.de\/magazin\/baby-6-monate-entwicklung\/#Baby_kann_schon_sitzen_Ein_Meilenstein_ab_6_Monate\" >Baby kann schon sitzen? Ein Meilenstein ab 6 Monate<\/a><\/li><li class='ez-toc-page-1'><a class=\"ez-toc-link ez-toc-heading-3\" href=\"https:\/\/www.babyartikel.de\/magazin\/baby-6-monate-entwicklung\/#Baby_6_Monate_Gewicht_Groesse_Kopfumfang\" >Baby 6 Monate: Gewicht, Gr&ouml;&szlig;e &amp; Kopfumfang&nbsp;<\/a><\/li><li class='ez-toc-page-1'><a class=\"ez-toc-link ez-toc-heading-4\" href=\"https:\/\/www.babyartikel.de\/magazin\/baby-6-monate-entwicklung\/#Typischer_Tagesablauf_mit_Baby_6_Monate\" >Typischer Tagesablauf mit Baby 6 Monate&nbsp;<\/a><\/li><li class='ez-toc-page-1'><a class=\"ez-toc-link ez-toc-heading-5\" href=\"https:\/\/www.babyartikel.de\/magazin\/baby-6-monate-entwicklung\/#Baby_6_Monate_und_unruhiger_Schlaf\" >Baby 6 Monate und unruhiger Schlaf&nbsp;<\/a><\/li><li class='ez-toc-page-1'><a class=\"ez-toc-link ez-toc-heading-6\" href=\"https:\/\/www.babyartikel.de\/magazin\/baby-6-monate-entwicklung\/#Baby_im_26-Wochen-Schub_5_Wachstumsschub\" >Baby im 26-Wochen-Schub (5. Wachstumsschub)<\/a><\/li><li class='ez-toc-page-1'><a class=\"ez-toc-link ez-toc-heading-7\" href=\"https:\/\/www.babyartikel.de\/magazin\/baby-6-monate-entwicklung\/#Die_U5-Untersuchung_steht_an\" >Die U5-Untersuchung steht an<\/a><\/li><li class='ez-toc-page-1'><a class=\"ez-toc-link ez-toc-heading-8\" href=\"https:\/\/www.babyartikel.de\/magazin\/baby-6-monate-entwicklung\/#Spielen_Foerdern_der_Babys_mit_6_Monaten\" >Spielen &amp; F&ouml;rdern der Babys mit 6 Monaten<\/a><\/li><\/ul><\/nav><\/div>\n<h2 class=\"wp-block-heading\" id=\"h-entwicklung-baby-6-monate-viel-bewegung-amp-brabbeln\"><span class=\"ez-toc-section\" id=\"Entwicklung_Baby_6_Monate_Viel_Bewegung_Brabbeln\"><\/span>Entwicklung Baby 6 Monate: Viel Bewegung &amp; Brabbeln<span class=\"ez-toc-section-end\"><\/span><\/h2><p>Mit <strong>6 Monaten<\/strong> geht es entwicklungstechnisch ziemlich&nbsp;rund. Die Babys werden jetzt <strong>mobil<\/strong>, erwerben <strong>viele neue F&auml;higkeiten<\/strong> oder legen den Grundstock daf&uuml;r. &nbsp;<\/p><p class=\"has-background\" style=\"background-color:#e6cdd4\">&#10148; Wie alt ist Dein Baby?&nbsp;Mit unserem <a href=\"https:\/\/www.babyartikel.de\/magazin\/wie-alt-ist-mein-baby-wochenrechner\"><strong>Wochenrechner<\/strong><\/a> erf&auml;hrst Du das Ergebnis auf den Tag genau.<\/p><div class=\"marketing-slot\"><div id=\"block-18\" class=\"content-post-widget marketing-slot-1 widget_block\"><a href=\"#\" class=\"newsletter_popup\" style=\"\n  display: inline-block;\n  box-shadow: 0 4px 10px rgba(0,0,0,0.1);\n  margin: 20px auto;\n  max-width: 800px;\n  width: 100%;\">\n  <img src=\"https:\/\/media.babyartikel.de\/magazin\/wp-content\/uploads\/2025\/08\/NL-Banner-Magazin-8-25.webp\" alt=\"Newsletter Banner\" style=\"\n    width: 100%;\n    height: auto;\n    display: block;\" onclick=\"ga('send', 'event', 'banner', 'click', 'magazin-banner-newsletter-8-25');\">\n<\/a>\n\n\t<!-- Modal -->\n\t<div class=\"modal fade modal_popup\" id=\"newsletter_popup\" tabindex=\"-1\" aria-labelledby=\"exampleModalLabel\" aria-hidden=\"true\">\n\t\t<div class=\"modal-dialog modal-dialog-centered modal-dialog-scrollable\">\n\t\t\t<div class=\"modal-content\">\n\t\t\t\t<div class=\"modal-header small-header\">\n\t\t\t\t\t<h5 class=\"modal-title\" id=\"newsletterModalLabel\">\n\t\t\t\t\t\tNewsletter\t\t\t\t\t<\/h5>\n\t\t\t\t\t<button type=\"button\" class=\"btn-close small-close\" data-bs-dismiss=\"modal\" aria-label=\"Close\"><\/button>\n\t\t\t\t<\/div>\n\n\t\t\t\t<div class=\"modal-body\">\n\t\t\t\t\t\t<div class=\"newsletterForm-embed popup-form\">\n        <form name=\"newsletterSubscriptionForm\" id=\"newsletter_popup_69f4ef38c9f2b_form\" data-newsletter-id=\"newsletter_popup_69f4ef38c9f2b\" method=\"POST\">\n\n\t\t\t<input type=\"text\" name=\"website\" class=\"hidden\" tabindex=\"-1\" autocomplete=\"off\" style=\"position:absolute;left:-9999px;\">\n\t\t\t<input type=\"hidden\" name=\"ts\" value=\"1777659704\">\n\n\t\t\t                <input type=\"hidden\" name=\"emarsys-event-id\" value=\"3756\">\n            \n            \t\t\t<div class=\"mb-3\">\n\t\t\t\t<label for=\"date\" class=\"form-label\">Geburtstag\/ -termin Deines Babys<\/label>\n                <input type=\"date\" name=\"date\" class=\"input input--expand form-control\" required>\n\t\t\t<\/div>\n            \n\t\t\t<div class=\"mb-3\">\n\t\t\t\t<label for=\"email\" class=\"form-label\">E-Mail-Adresse<\/label>\n\t\t\t\t<input type=\"email\" name=\"email\" placeholder=\"E-Mail-Adresse\" class=\"input input--expand form-control\" required>\n\t\t\t<\/div>\n\n\t\t\t\t\t\t\t<button type=\"submit\" class=\"btn btn-primary\">Absenden<\/button>\n\t\t\t\n\t\t\t\t\t\t\t<div class=\"small mt-3\" style=\"font-weight:normal;\">\n\t\t\t\t\t\n\t\t\t<div class=\"mt-3\">\n\t\t\t\tJa, ich m&ouml;chte den Newsletter von Babyartikel.de erhalten und &uuml;ber Aktionen informiert werden.\n  Dabei darf mein Nutzungsverhalten (z. B. &Ouml;ffnungen und Klicks) zur Personalisierung ausgewertet werden.\n  Mehr finde ich in der <a href=\"\/de\/datenschutz\" style=\"text-decoration:underline\">Datenschutzerkl&auml;rung<\/a>.\n\t\t\t<\/div>\n\t\t\t\t\t\t<\/div>\n\t\t\t\n\t\t\t\t\t\t\t<div class=\"small mb-3 mt-3\" style=\"font-weight:normal;\">\n\t\t\t\t\tJederzeit abbestellbar | <a href=\"\/de\/datenschutz\" style=\"text-decoration:underline\">\n\t\t\t\t\t\tDatenschutzerkl&auml;rung\n\t\t\t\t\t<\/a>\n\t\t\t\t<\/div>\n\t\t\t\n        <\/form>\n    <\/div>\n\t\n\t\t\t\t\t<div class=\"response-messages_newsletter_popup_69f4ef38c9f2b\">\n\t\t\t\t\t\t<div class=\"alert alert-success success mt-3 mb-3 d-none\">\n\t\t\t\t\t\t\tNur noch ein Klick! Best&auml;tige Deine Anmeldung in der E-Mail, die du gleich erh&auml;ltst.\t\t\t\t\t\t<\/div>\n\t\t\t\t\t\t<div class=\"error mt-3 mb-3 d-none\">\n\t\t\t\t\t\t\t<div class=\"alert alert-danger \">\n\t\t\t\t\t\t\t\tEin Fehler ist aufgetreten. Bitte versuche es sp&auml;ter erneut.\t\t\t\t\t\t\t<\/div>\n\t\t\t\t\t\t<\/div>\n\t\t\t\t\t\t<div class=\"alert alert-danger other-2007 mt-3 mb-3 d-none\">\n\t\t\t\t\t\t\tUng&Atilde;&frac14;ltiges Datumsformat\t\t\t\t\t\t<\/div>\n\t\t\t\t\t<\/div>\n\t\t\t\t<\/div>\n\t\t\t<\/div>\n\t\t<\/div>\n\t<\/div>\n\n\t<\/div><!-- content-widget --><\/div><h3 class=\"wp-block-heading\">6 Monate altes Baby: Motorische F&auml;higkeiten<\/h3><p>Viele Babys verbringen mit 6 Monaten noch viel Zeit noch im Liegen. Aber wenn Du Dein Kleines beobachtest, wie es auf seiner Decke spielt und herumkugelt, wird schnell klar: <strong>Dein Baby wird jetzt immer mobiler<\/strong>. <\/p><p>Mit einem halben Jahr spielt Dein Baby <strong>vergn&uuml;gt in der R&uuml;ckenlage<\/strong>, <strong>zieht seine Beine hoch<\/strong> und <strong>fasst sich an die F&uuml;&szlig;e<\/strong>. <\/p><div class=\"postslot1\">\t\t<div style=\"clear:both\"><\/div>\n\t\t\t\t\t\t<div id=\"productPanel178\" class=\"product-panel-bottom\">&nbsp;<\/div>\n\t\t\t\t\t\t<script type=\"module\">\n\t\t\t\t\t\t\trequestProductPanel(\"https:\/\/www.babyartikel.de\/magazin\/wp-content\/plugins\/wp-productpanel2\/ProductPanel.php\", \"?panel_type=automatic&basis_category=6-BS-SBD&basis_product=&swipe_mobile=1&postid=873215&template=auto&max=4&productPanelId=178&solrQuery=\", 178, 1);\n\t\t\t\t\t\t<\/script>\n\t\t\t\t\t<link rel=\"stylesheet\" href=\"https:\/\/cdn.jsdelivr.net\/npm\/swiper@8\/swiper-bundle.min.css\"><\/div><div class=\"marketing-slot\"><div id=\"block-25\" class=\"content-post-widget marketing-slot-2 widget_block\"><a href=\"https:\/\/www.babyartikel.de\/de\/angebote\" data-track-link-click=\"true\" data-track-name=\"nyoutlet2026-magazin\" data-track-medium=\"banner-magazin-post\" data-track-campaign=\"magazin-banner-nyoutlet2026\" onclick=\"ga('send', 'event', 'banner', 'click', 'magazin-banner-nyoutlet2026');\" style=\"display:block;width:100%;text-align:center;\"><img src=\"https:\/\/media.babyartikel.de\/magazin\/wp-content\/uploads\/2026\/01\/NY-Outlet-10-2026.webp\" alt=\"Sale\" style=\"max-width:100%;\"><\/a><\/div><!-- content-widget --><\/div><p>In der <strong><a href=\"https:\/\/www.babyartikel.de\/magazin\/bauchlage-baby-7-tipps-damit-es-klappt\">Bauchlage<\/a><\/strong> kann es sein <strong>K&ouml;pfchen schon sicher halten<\/strong>. Es ist in der Lage, seinen Oberk&ouml;rper aufzurichten, indem es sich <strong>auf beide Unterarme (Unterarmst&uuml;tz) oder auf einen Arm (Seitst&uuml;tz) aufst&uuml;tzt<\/strong>. <\/p><p>Au&szlig;erdem k&ouml;nnen sich Babys mit einem halben Jahr in der Regel <strong>auf die Seite und um die eigene Achse drehen<\/strong>. Gerne kugeln sie <strong>vom Bauch in die R&uuml;ckenlage<\/strong> und kurz darauf auch umgekehrt <strong>vom R&uuml;cken auf den Bauch<\/strong>. <\/p><p>Mitunter sind Babys Muskeln mit 6 Monaten sogar schon so stark, dass es Dir den sogenannten <strong>&bdquo;Schwimmer&ldquo;<\/strong> zeigt, die Bauchlage ganz ohne Abst&uuml;tzen mit den H&auml;nden. <\/p><section><div class=\"cta-container custom-infobox\" style=\"background-color: #F9ECF4; box-shadow: 1px 1px 4px #9d9d9d; padding: 10px; border: 2px solid white; margin-bottom: 10px; margin-top: 25px; border-radius: 0.125rem;\"><div class=\"text-center\"><img decoding=\"async\" src=\"https:\/\/www.babyartikel.de\/magazin\/wp-content\/plugins\/wp-ba-custom-block\/img\/chicklet.svg\" alt=\"chicklet.svg\" style=\"padding: 0.1rem; border: solid #FCF8FB; border-radius: 50%; margin-top: -2.75rem; width: 2.5rem; height: 2.5rem; background-color: #FCF8FB\"><\/div><label style=\"color: #95326B; \" class=\"labelHomePage h5\"><strong>Motorischen F&auml;higkeiten vieler Babys mit 6 Monaten<\/strong><\/label>\n<ul class=\"wp-block-list\">\n<li><strong>Unterarmst&uuml;tz<\/strong><\/li>\n\n\n\n<li><strong>Schwimmen<\/strong><\/li>\n\n\n\n<li><strong>Einh&auml;ndiges Greifen<\/strong> in Bauchlage<\/li>\n\n\n\n<li>Bewusstes Drehen aus <strong>Bauchlage in R&uuml;ckenlage<\/strong><\/li>\n\n\n\n<li>Zur&uuml;ckdrehen aus <strong>R&uuml;ckenlage in die Bauchlage<\/strong><\/li>\n\n\n\n<li><strong>Drehen auf die Seite<\/strong> aus Bauch- oder R&uuml;ckenlage<\/li>\n\n\n\n<li><strong>Rotieren<\/strong> in Bauchlage<\/li>\n<\/ul>\n<\/div><\/section><p>Wenn Dein Baby sich bewegt, dreht und aufst&uuml;tzt, <strong>trainiert es seine Muskeln<\/strong> in Vorbereitung auf die folgenden Entwicklungsschritte. <\/p><p>Die <strong>n&auml;chsten Meilensteine<\/strong> sind der <strong>Vierf&uuml;&szlig;lerstand und das Sitzen.<\/strong> Manche Babys k&ouml;nnen mit 6 Monaten schon sitzen, vereinzelt sogar schon krabbeln. Die meisten Kinder starten damit aber erst in weiteren 2-3 Monaten. <\/p><h3 class=\"wp-block-heading\">Hand-Auge-Koordination mit 6 Monaten<\/h3><p>Auch die Finger und H&auml;nde werden von Babys mit 6 Monaten vermehrt eingesetzt. Kein Wunder, denn damit lassen sich die verschiedensten Dinge zum Mund f&uuml;hren und erkunden. <\/p><p>Kinder mit einem halben Jahr k&ouml;nnen schon gezielt greifen, und zwar sowohl in der Bauch- als auch in der R&uuml;ckenlage. Dabei halten sie Gegenst&auml;nde mit der gesamten Handfl&auml;che fest <strong>(palmares Greifen)<\/strong>. Auch klappt mit 6 Monaten die <strong>&Uuml;bergabe von Gegenst&auml;nden von einer Hand in die andere<\/strong> schon ganz gut. &nbsp;<\/p><p class=\"has-background\" style=\"background-color:#e6cdd4\">Dein Baby mit 6 Monaten dreht sich nicht? Mach Dir deshalb keine Sorgen. <strong>Babys entwickeln sich unterschiedlich schnell<\/strong> und es ist v&ouml;llig normal, dass manche Kinder mit 6 Monaten schon sitzen, w&auml;hrend andere noch die meiste Zeit im Liegen verbringen. <br><br>&#10132; Wenn Dein Baby noch nicht alle oben aufgelisteten F&auml;higkeiten besitzt, braucht Dich das <strong>nicht beunruhigen<\/strong>. Bei gr&ouml;&szlig;eren Zweifeln, wende Dich bitte an Deinen Kinderarzt. <\/p><h3 class=\"wp-block-heading\">Sprachliche Entwicklung mit 6 Monaten<\/h3><p>Die <a href=\"https:\/\/www.babyartikel.de\/magazin\/sprachentwicklung-beim-baby-so-lernt-dein-kind-sprechen\" target=\"_blank\" rel=\"noreferrer noopener\">Sprachentwicklung<\/a> schreitet beim Baby mit 6 Monaten stark voran. Wahrscheinlich plaudert Dein Nachwuchs oft fr&ouml;hlich vor sich hin. Verstehen kann man das Geplapper allerdings nicht. <\/p><p>Aber das tut auch nichts zur Sache, denn Dein <strong>Kind &uuml;bt einfach verschiedene Laute<\/strong>, es lallt und brabbelt. Mit 6 Monaten produziert es <strong>typischerweise Doppellaute wie Lala oder Baba<\/strong>. Au&szlig;erdem beginnen die Kinder langsam damit, <strong>Laute nachzuahmen<\/strong>. <\/p><p>Au&szlig;erdem wissen die Kleinen mit 6 Monaten, wie sie hei&szlig;en. Dein Schatz wird bestimmt reagieren, wenn Du ihn mit <strong>seinem Namen<\/strong> ansprichst. <\/p><h3 class=\"wp-block-heading\">Altersgem&auml;&szlig;e kognitive Entwicklung&nbsp;<\/h3><p>Babys im 7. Lebensmonat sind in der Lage, <strong>dreidimensional zu sehen<\/strong>. Das hilft ihnen unter anderem dabei, Hindernisse besser zu erkennen. <\/p><p>Dein Kind ist mit 6 Monaten auch immer neugieriger auf seine Umwelt. W&auml;hrend Mama und Papa bisher Babys ganzes Universum waren, ver&auml;ndert sich nun etwas: Die Kleinen m&ouml;chten vermehrt ihre Sinne einsetzen, um<strong> die Welt zu entdecken<\/strong>. Sie sehen und h&ouml;ren aufmerksam zu. <\/p><p>Auch das Schmecken nimmt jetzt einen h&ouml;heren Stellenwert ein, eine gute Voraussetzung f&uuml;r die Gabe von <a href=\"https:\/\/www.babyartikel.de\/magazin\/dein-beikostplan-beikost-einfuehren-schritt-fuer-schritt\">Beikost<\/a>. <\/p><h2 class=\"wp-block-heading\"><span class=\"ez-toc-section\" id=\"Baby_kann_schon_sitzen_Ein_Meilenstein_ab_6_Monate\"><\/span>Baby kann schon sitzen? Ein Meilenstein ab 6 Monate<span class=\"ez-toc-section-end\"><\/span><\/h2><p class=\"has-background\" style=\"background-color:#e6cdd4\">Neben dem Drehen, Greifen und Brabbeln ist das <strong><a href=\"https:\/\/www.babyartikel.de\/magazin\/sitzen-lernen-wie-geht-das\">Sitzen<\/a> ein Meilenstein in der <a href=\"https:\/\/www.babyartikel.de\/magazin\/motorische-entwicklung-beim-baby-im-1-lebensjahr\">motorischen Entwicklung<\/a><\/strong>, den manche Babys schon im 6. Monat meistern. Wenn die Kleinen sich sicher in sitzender Position halten k&ouml;nnen, ver&auml;ndert sich dadurch sehr viel. &nbsp;<\/p><p>&#10148; Sobald Dein Baby sitzt, kannst Du Deinen <strong>Kinderwagen von der Babywanne auf den Sportsitz umr&uuml;sten<\/strong>. <\/p><p><strong>Pers&ouml;nliche Erfahrung:<\/strong> Meine Tochter wollte schon unter 6 Monaten nicht mehr im Kinderwagen liegen, das war ihr zu langweilig. Wir waren heilfroh, als ihre Muskulatur so weit entwickelt war, dass sie sitzen und wir auf den Sportsitz umstellen konnten. &nbsp;<\/p><p><strong>Tipp:<\/strong> Bei vielen <a href=\"https:\/\/www.babyartikel.de\/cat\/kombikinderwagen\">Kombi-Kinderwagen<\/a> kannst Du den Sportaufsatz sowohl in Fahrtrichtung als auch mit Blick zu Mama und Papa fixieren. Wenn Du den Sportsitz montierst, achte darauf, dass Dein Schatz erst mal <strong>Dir zugewandt<\/strong> sitzt. F&uuml;r die Sicherheit, das Wohlbefinden&nbsp;sowie die Entwicklung von S&auml;uglingen bis 9 Monaten ist der <strong>Blickkontakt mit den Eltern n&auml;mlich sehr wichtig<\/strong>. <\/p><p>&#10148; Neben dem Sportsitz darfst Du jetzt auch einen <a href=\"https:\/\/www.babyartikel.de\/de\/hochstuehle-fuer-sitzende-kinder\">Hochstuhl ohne Neugeborenen-Aufsatz<\/a> verwenden. Das gilt allerdings nur, wenn Dein Baby mit 6 Monaten wirklich selbstst&auml;ndig und frei sitzen kann.<\/p><p><strong>Tipp:<\/strong> Nicht jeder S&auml;ugling entwickelt sich gleich schnell. Bevor Du einen Hochstuhl kaufst, lies Dir <a href=\"https:\/\/www.babyartikel.de\/magazin\/darauf-musst-du-achten-wenn-du-einen-hochstuhl-kaufst\">Hannas Kaufberatungs-Beitrag<\/a> durch. Hier hat sie zusammengefasst, <strong>worauf Du bei der Anschaffung unbedingt achten<\/strong> solltest.<\/p><h2 class=\"wp-block-heading\"><span class=\"ez-toc-section\" id=\"Baby_6_Monate_Gewicht_Groesse_Kopfumfang\"><\/span>Baby 6 Monate: Gewicht, Gr&ouml;&szlig;e &amp; Kopfumfang&nbsp;<span class=\"ez-toc-section-end\"><\/span><\/h2><p>Wenn Dich der k&ouml;rperliche Entwicklungsstand Deines Babys interessierst, kannst Du diesen <strong>im gelben U-Untersuchungs-Heft<\/strong> nachschlagen. <\/p><p>Dort findest Du Angaben dazu, was Dein Baby wiegt, wie viele Zentimeter es schon misst und wie gro&szlig; sein <a href=\"https:\/\/www.babyartikel.de\/magazin\/kopfumfang-baby-tabelle-nach-alter-und-geschlecht\">Kopfumfang <\/a>ist. <\/p><section><div class=\"cta-container custom-infobox\" style=\"background-color: #F9ECF4; box-shadow: 1px 1px 4px #9d9d9d; padding: 10px; border: 2px solid white; margin-bottom: 10px; margin-top: 25px; border-radius: 0.125rem;\"><div class=\"text-center\"><img decoding=\"async\" src=\"https:\/\/www.babyartikel.de\/magazin\/wp-content\/plugins\/wp-ba-custom-block\/img\/chicklet.svg\" alt=\"chicklet.svg\" style=\"padding: 0.1rem; border: solid #FCF8FB; border-radius: 50%; margin-top: -2.75rem; width: 2.5rem; height: 2.5rem; background-color: #FCF8FB\"><\/div><label style=\"color: #95326B; \" class=\"labelHomePage h5\"><strong>Durchschnittliche K&ouml;rperentwicklung Baby 6 Monate<\/strong><\/label>\n<p>L&auml;nge  <strong>63 bis 68 cm<\/strong><br>Gewicht  <strong>7.300 bis 7.900 g<\/strong><br>Kopfumfang  <strong>41 bis 43 cm <\/strong>&nbsp;<br>Kleidergr&ouml;&szlig;e  <strong>68 bis 74<\/strong><\/p>\n<\/div><\/section><p>Keine Sorge, falls Dein Baby mit 6 Monaten &uuml;ber oder unter diesen Angaben liegt, jeder S&auml;ugling ist einzigartig. <\/p><p>F&uuml;r gew&ouml;hnlich sind <strong>M&auml;dchen etwas kleiner und leichter als Jungen<\/strong>. Gegen Ende des 7. Lebensmonats (also mit etwa 6 Monaten und 4 Wochen) sind:&nbsp;<\/p><ul class=\"wp-block-list\">\n<li><strong>M&auml;dchen<\/strong> im Schnitt <strong>7,3 kg<\/strong> schwer und <strong>66,5 cm<\/strong> lang&nbsp;<\/li>\n\n\n\n<li><strong>Jungen<\/strong> durchschnittlich <strong>8 kg<\/strong> schwer und <strong>68,4 cm<\/strong> lang&nbsp;<\/li>\n<\/ul><p>Die Toleranz beim Gewicht liegt bei 800 g und bei der Gr&ouml;&szlig;e bei zwischen 2 und 3 cm. Du siehst den Normbereich auch in der Perzentilkurve, die im U-Heft abgebildet ist. Alles, was zwischen P25 und P75 liegt, ist im Normbereich.  &nbsp;<\/p><p>&rarr; <a href=\"https:\/\/edoc.rki.de\/bitstream\/handle\/176904\/3254\/28jWMa04ZjppM.pdf?sequence=1&amp;isAllowed=y\">Hier findest Du die Perzentile zur K&ouml;rperl&auml;nge bei Babys.<\/a><br>&rarr; <a href=\"https:\/\/www.babyartikel.de\/magazin\/gewichtszunahme-beim-baby-so-viel-wiegt-dein-kind-im-1-lebensjahr#Baby-Gewicht_Tabelle_mit_Durchschnittswerten\">&Uuml;ber die Gewichtszunahme beim Baby im 1. Lebensjahr kannst Du Dich hier informieren.<\/a><\/p><p>Auch die Kleidergr&ouml;&szlig;e Deines Babys richtet sich nat&uuml;rlich danach, wie viele Zentimeter es schon misst. Viele Babys mit 6 Monaten <strong>tragen Gr&ouml;&szlig;e 74<\/strong>. <br>&rarr; <a href=\"https:\/\/www.babyartikel.de\/magazin\/groessentabelle-fuer-babys\">Hier findest Du eine Gr&ouml;&szlig;entabelle f&uuml;r Babys. <\/a><\/p><p>Der Kinderarzt &uuml;berpr&uuml;ft bei der <a href=\"https:\/\/www.babyartikel.de\/magazin\/u-untersuchungen-vorsorgeuntersuchungen\">U-Untersuchung<\/a> auch die <strong>Gehirnentwicklung<\/strong> Deines Babys. Dazu sieht er sich u.a. das Verh&auml;ltnis von Kopfumfang, Gr&ouml;&szlig;e und Gewicht an. <\/p><h2 class=\"wp-block-heading\"><span class=\"ez-toc-section\" id=\"Typischer_Tagesablauf_mit_Baby_6_Monate\"><\/span>Typischer Tagesablauf mit Baby 6 Monate&nbsp;<span class=\"ez-toc-section-end\"><\/span><\/h2><p>In diesem Alter sind die meisten S&auml;uglinge<strong> <\/strong>noch <strong>nicht in Fremdbetreuung<\/strong>. Deshalb richtet sich der Tagesablauf mit einem 6 Monate alten Baby nach der pers&ouml;nlichen Situation und ist von Familie zu Familie unterschiedlich. <\/p><p>Ein gewisser <strong>Wechsel zwischen Essen, Wachphasen und Ruhephasen<\/strong> ist bei den Kleinen altersbedingt aber ganz typisch: <\/p><p>&#128164;&#127868; In der Regel <strong>wacht Dein 6 Monate altes Baby fr&uuml;h auf<\/strong> und hat schon bald Hunger. Morgens bekommen die Kleinen in der Regel <strong>Milch<\/strong>. Mit 6 Monaten werden noch 40-50 % aller Babys gestillt, andere Babys bekommen die Flasche. <\/p><p>&#129528; Im Anschluss macht sich die Familie f&uuml;r den Tag fertig. <\/p><p>&#127868; <strong>Im Laufe des Vormittags<\/strong> wird das Baby dann <strong>nochmal gef&uuml;ttert<\/strong>. <\/p><p>&#128164;Je nachdem wie anstrengend der Morgen abl&auml;uft, braucht Dein Baby fr&uuml;her oder sp&auml;ter sein <strong>erstes Schl&auml;fchen<\/strong>. <\/p><p>&#127868; Danach hat es <strong>wieder Appetit<\/strong>. <br>Die WHO empfiehlt, mit 6 Monaten die <a href=\"https:\/\/www.babyartikel.de\/magazin\/dein-beikostplan-beikost-einfuehren-schritt-fuer-schritt\" target=\"_blank\" rel=\"noreferrer noopener\">Beikost einzuf&uuml;hren<\/a>. Zeigt Dein Baby <a href=\"https:\/\/www.babyartikel.de\/magazin\/beikostreifezeichen-6-dinge-die-zeigen-dass-dein-baby-bereit-fuer-brei-ist\">Beikostreife-Zeichen<\/a> bekommt es zun&auml;chst mittags einen <a href=\"https:\/\/www.babyartikel.de\/magazin\/gemuesebrei-fuers-baby-selber-machen\">Gem&uuml;sebrei<\/a>. Vielleicht ist aber auch das <a href=\"https:\/\/www.babyartikel.de\/magazin\/baby-led-weaning\" target=\"_blank\" rel=\"noreferrer noopener\">Babyled Weaning<\/a> Euer Weg, bei dem Dein Baby nur feste Nahrung bekommt. <\/p><p>&#129528;&#128164;<strong>Nachmittags<\/strong> geht es am besten <strong>an die frische Luft<\/strong>. Bei einem Spaziergang schlafen die Kleinen oft wieder ein. <\/p><p>&#129528;&#127868;&#128164; <strong>Abends<\/strong> hat sich mittlerweile fast &uuml;berall ein <strong>festes Ritual<\/strong> eingespielt. Das gibt den Kleinen Sicherheit und l&auml;sst sie schneller einschlafen.&nbsp;<\/p><h2 class=\"wp-block-heading\"><span class=\"ez-toc-section\" id=\"Baby_6_Monate_und_unruhiger_Schlaf\"><\/span>Baby 6 Monate und unruhiger Schlaf&nbsp;<span class=\"ez-toc-section-end\"><\/span><\/h2><p class=\"has-background\" style=\"background-color:#e6cdd4\">Ein Baby mit 6 Monaten braucht <strong>t&auml;glich zwischen 12 und 16 Stunden Schlaf<\/strong>. Dieser wird in ein ausgedehntes Schl&auml;fchen in der Nacht sowie 2 bis 3 Nickerchen tags&uuml;ber aufgeteilt. &nbsp;<\/p><p>Dein Schatz <strong>wacht nachts viel seltener als fr&uuml;her aus Hunger auf<\/strong>. Denn Dein Baby isst nun schon gr&ouml;&szlig;ere Mengen und vielleicht habt Ihr auch bereits mit der Beikost begonnen. <\/p><p><strong>Dennoch schlafen die meisten Kinder in diesem Alter noch nicht durch und werden sogar wieder unruhiger.<\/strong> Das liegt an den vielen <strong>neuen Sinneseindr&uuml;cken<\/strong>, die Dein Baby im Schlaf verarbeitet. Au&szlig;erdem &uuml;ben die Kleinen sogar nachts ihre <strong>motorischen F&auml;higkeiten<\/strong> und bewegen sich viel. <\/p><p>Wenn Du Dein Kind im Schlaf beobachtest, siehst Du wahrscheinlich, wie es mit dem Po wackelt und die Beinchen anwinkelt. Diese &bdquo;&Uuml;bungen&ldquo; dienen dazu, den K&ouml;rper auf das baldige Krabbeln vorzubereiten.<\/p><h2 class=\"wp-block-heading\"><span class=\"ez-toc-section\" id=\"Baby_im_26-Wochen-Schub_5_Wachstumsschub\"><\/span>Baby im 26-Wochen-Schub (5. Wachstumsschub)<span class=\"ez-toc-section-end\"><\/span><\/h2><p><a href=\"https:\/\/www.babyartikel.de\/magazin\/der-26-wochen-schub-tipps-fuer-den-5-schub-beim-baby\">Rund um die<strong> <\/strong>26. Woche steht der 5. Wachstumsschub in der Baby-Entwicklung an<\/a>, der ca. 4 Wochen dauert. Dabei lernt Dein Baby sich zu drehen und unternimmt erste Krabbelversuche. Das Brabbeln beginnt ebenfalls. <\/p><p>Die Kleinen sind nach diesem Schub in der Lage, sich in einem gr&ouml;&szlig;eren Radius in ihrer Umgebung zu bewegen. Das ist sch&ouml;n, kann ihnen aber gleichzeitig Angst machen. Nach ein oder zwei Drehungen sind Papa und Mama pl&ouml;tzlich viel weiter entfernt als vorher. <\/p><p>&rarr; <a href=\"https:\/\/www.babyartikel.de\/magazin\/wachstumsschub-baby-die-8-entwicklungsschuebe-im-ueberblick\">Eine &Uuml;bersicht &uuml;ber alle 8 Baby-Entwicklungssch&uuml;be findest Du hier.<\/a> <\/p><p class=\"has-background\" style=\"background-color:#e6cdd4\">Damit die Kleinen lernen mit der neuen Situation umzugehen, brauchen sie jetzt <strong>besonders viel Zuneigung und N&auml;he<\/strong>. &nbsp;<\/p><h2 class=\"wp-block-heading\"><span class=\"ez-toc-section\" id=\"Die_U5-Untersuchung_steht_an\"><\/span>Die U5-Untersuchung steht an<span class=\"ez-toc-section-end\"><\/span><\/h2><p>Die <strong>U5 <\/strong>findet bei Babys zwischen 6. und 7. Lebensmonat statt. <strong>Im Fokus steht die k&ouml;rperliche Entwicklung Deines Kindes.<\/strong> <\/p><p>Aber nat&uuml;rlich &uuml;berpr&uuml;ft der Kinderarzt bei der U5-Untersuchung auch Folgendes: <\/p><ul class=\"wp-block-list\">\n<li>Geistige Entwicklung<\/li>\n\n\n\n<li>Funktion von Augen und Ohren<\/li>\n\n\n\n<li>Kann das Kind schon frei sitzen?<\/li>\n\n\n\n<li>H&auml;lt das Baby selbstst&auml;ndig seinen Kopf? <\/li>\n<\/ul><p>Bei der U5 wird auch der <strong>Impfstatus <\/strong>Deines Babys gepr&uuml;ft. Au&szlig;erdem wird Dich der Arzt zum Essen und zur Verdauung Deines Kindes befragen und Dir wichtige Sicherheitstipps mit auf den Weg geben. Denn <strong>je beweglicher<\/strong> die Kleinen werden, desto <strong>gr&ouml;&szlig;er ist die Unfallgefahr<\/strong>. &nbsp;<\/p><section><div class=\"cta-container custom-infobox\" style=\"background-color: #F9ECF4; box-shadow: 1px 1px 4px #9d9d9d; padding: 10px; border: 2px solid white; margin-bottom: 10px; margin-top: 25px; border-radius: 0.125rem;\"><div class=\"text-center\"><img decoding=\"async\" src=\"https:\/\/www.babyartikel.de\/magazin\/wp-content\/plugins\/wp-ba-custom-block\/img\/chicklet.svg\" alt=\"chicklet.svg\" style=\"padding: 0.1rem; border: solid #FCF8FB; border-radius: 50%; margin-top: -2.75rem; width: 2.5rem; height: 2.5rem; background-color: #FCF8FB\"><\/div><label style=\"color: #95326B; \" class=\"labelHomePage h5\">Baby-Sicherheit im Fokus<\/label>\n<p>Aufgrund der <strong>neuen Bewegungsfreiheit<\/strong> Deines 6 Monate alten Babys ist <strong>erh&ouml;hte Vorsicht<\/strong> geboten.<\/p>\n\n\n\n<p>Achte darauf, zu Hause m&ouml;glichst alle Gefahrenquellen zu eliminieren. Falls noch nicht geschehen, dann solltest Du jetzt <a href=\"https:\/\/www.babyartikel.de\/cat\/tuer-treppenschutzgitter\"><strong>Treppen- bzw. T&uuml;rschutzgitter<\/strong><\/a> anbringen und Dich um verschiedene <a href=\"https:\/\/www.babyartikel.de\/cat\/kindersicherungen\"><strong>Kindersicherungen<\/strong><\/a> (Kanten-, Steckdosenschutz etc.) k&uuml;mmern.<\/p>\n<\/div><\/section><h2 class=\"wp-block-heading\"><span class=\"ez-toc-section\" id=\"Spielen_Foerdern_der_Babys_mit_6_Monaten\"><\/span>Spielen &amp; F&ouml;rdern der Babys mit 6 Monaten<span class=\"ez-toc-section-end\"><\/span><\/h2><p>Wie Du siehst, passiert im Leben Deines 6 Monate alten Babys gerade wirklich viel. Hier erf&auml;hrst Du, wie Du Dein Kleines in dieser Entwicklungsphase unterst&uuml;tzen kannst. <\/p><h3 class=\"wp-block-heading\">Freies Spielen und Bewegung<\/h3><p>Lege Dein Baby regelm&auml;&szlig;ig an einem sicheren Ort auf dem Boden ab. Auf einer Spielmatte, einer Babydecke oder direkt auf dem Boden kann es sich <strong>frei bewegen<\/strong>.<\/p><p>Mit einem halben Jahr haben Kinder Spa&szlig; daran, auf R&uuml;cken oder Bauch <strong>herumzurollen<\/strong> und versuchen schon, sich zum Sitzen oder in den Vierf&uuml;&szlig;ler <strong>aufzurichten<\/strong>. Nat&uuml;rlich solltest Du Dein Baby dabei nicht alleine lassen. <\/p><h3 class=\"wp-block-heading\">Babyspielzeug ab 6 Monate<\/h3><p>Auch mit einem altersgerechten <a href=\"https:\/\/www.babyartikel.de\/magazin\/spielzeug-ab-6-monate-unser-ratgeber-fuer-babyspielzeug\">Babyspielzeug ab 6 Monate<\/a> kannst Du Deinem Schatz etwas Gutes tun. Ein weicher <a href=\"https:\/\/www.babyartikel.de\/cat\/babybaelle-wuerfel\">Ball<\/a> oder ein lustiges <strong>Stehaufm&auml;nnchen<\/strong> animieren Dein Baby dazu, sich in eine bestimmte Richtung zu bewegen. Dadurch trainiert es Kraft und Koordination.  &nbsp;<\/p><p>Die Kleinen sind mit sechs Monaten auch fasziniert von <a href=\"https:\/\/www.babyartikel.de\/cat\/spielbogen-spieldecken\">Spielb&ouml;gen<\/a>. Die herunterh&auml;ngenden Gegenst&auml;nde k&ouml;nnen sie nun gut greifen und sich f&uuml;r eine kurze Zeit selbst besch&auml;ftigen. <br>&rarr; <a href=\"https:\/\/www.babyartikel.de\/magazin\/spielbogen-test\">Unsere Top 5 Spielbogen stellt Dir Stephanie hier vor.<\/a> <\/p><h3 class=\"wp-block-heading\">Mit dem Baby sprechen<\/h3><p>Neben den motorischen F&auml;higkeiten kannst Du auch <strong>Babys sprachliche Entwicklung unterst&uuml;tzen<\/strong>. <\/p><p>Am meisten lernen die Kinder durch Nachahmung. Du brauchst also keine teuren Anschaffungen machen, sondern einfach nur <strong>viel mit Deinem Baby sprechen<\/strong>. <\/p><p>Manche Menschen haben eine Hemmschwelle, mit S&auml;uglingen zu reden. Falls es Dir auch so geht, dann kannst Du alternativ auch singen. Oder Du besorgst <a href=\"https:\/\/www.babyartikel.de\/cat\/babybuecher\" target=\"_blank\" rel=\"noreferrer noopener\">altersgerechte Bilderb&uuml;cher<\/a>, die Ihr gemeinsam anschaut. <\/p><p>Dabei deutest Du auf verschiedene Dinge, Menschen und Tiere und benennst sie. Wenn das Buch dann auch noch knistert oder rasselt, findet Dein Baby es bestimmt sehr spannend. &nbsp;<\/p><h3 class=\"wp-block-heading\">Linderung beim Zahnen mit 6 Monaten<\/h3><p>Ist Dein Baby 6 Monate alt, kann schon das erste Z&auml;hnchen durchblitzen. Gew&ouml;hnlich beginnt das <a href=\"https:\/\/www.babyartikel.de\/magazin\/zahnen-baby-symptome-fieber-zahnfleisch-wie-lange-was-hilft\">Zahnen beim Baby<\/a> im Alter von 6 bis 8 Monaten mit den mittleren Schneidez&auml;hnen im Unterkiefer. <\/p><p>Damit gehen oft unangenehme Gef&uuml;hle und ein <strong>wundes Zahnfleisch<\/strong> einher. Du kannst die Beschwerden durch einen gek&uuml;hlten <a href=\"https:\/\/www.babyartikel.de\/cat\/beissringe-zahnungshilfen\" target=\"_blank\" rel=\"noreferrer noopener\">Bei&szlig;ring<\/a> oder ein St&uuml;ck gefrorene Gurke lindern. <\/p><script>\n\tjQuery(document).ready(function() {\n\t\t\/\/ Swiper: Slider\n\t\tvar swiper = new Swiper('.swiper-1237-4668', {\n\t\t\tslidesPerView: 9,\n\t\t\tslidesPerGroup: 1,\n\t\t\tspaceBetween: 5,\n\t\t\tinitialSlide: 5,\n\t\t\t\/\/direction: 'horizontal',\n\t\t\t\/\/loop: true,\n\t\t\tnavigation: {\n\t\t\t  nextEl: '.swiper-btn-nx-swiper-1237-4668',\n\t\t\t  prevEl: '.swiper-btn-pr-swiper-1237-4668',\n\t\t\t},\n\t\t\tbreakpoints: {\n\t\t\t\t1260: {\n\t\t\t\t\tslidesPerView: 7,\n\t\t\t\t},\n\t\t\t\t767: {\n\t\t\t\t\tslidesPerView: 5,\n\t\t\t\t},\n\t\t\t\t460: {\n\t\t\t\t\tslidesPerView: 4,\n\t\t\t\t},\n\t\t\t\t380: {\n\t\t\t\t\tslidesPerView: 3,\n\t\t\t\t},\n\t\t\t\t320: {\n\t\t\t\t\tslidesPerView: 2,\n\t\t\t\t}\n\t\t\t}\n\t\t  });\n\t\t});\n\t\t<\/script><section class=\"navigation-calender\">\n\t<div class=\"swiper-element\" style=\"background-color:white;\">\n\t\t<label class=\"text-center h2\">Baby-Monate im &Uuml;berblick<\/label>\n\t\t<div class=\"swiper_wrap swiper-wrap-wop\">\n\t\t\t<!-- Slider main container -->\n\t\t\t<div class=\"swiper-container swiper-container-wop swiper-1237-4668\">\n\t\t\t\t<!-- Additional required wrapper -->\n\t\t\t\t<div class=\"swiper-wrapper\" style=\"width: 80%\">\n\t\t\t\t\t\n\t\t\t\t<div class=\"swiper-slide isagenav-slide\">\n\t\t\t\t\t<a href=\"\/magazin\/baby-1-monat\" class=\"notSelectedWeek\">Baby 1<br>Monat<\/a>\n\t\t\t\t<\/div>\n\t\t\t\t<div class=\"swiper-slide isagenav-slide\">\n\t\t\t\t\t<a href=\"\/magazin\/baby-2-monate\" class=\"notSelectedWeek\">Baby 2<br>Monate<\/a>\n\t\t\t\t<\/div>\n\t\t\t\t<div class=\"swiper-slide isagenav-slide\">\n\t\t\t\t\t<a href=\"\/magazin\/baby-3-monate\" class=\"notSelectedWeek\">Baby 3<br>Monate<\/a>\n\t\t\t\t<\/div>\n\t\t\t\t<div class=\"swiper-slide isagenav-slide\">\n\t\t\t\t\t<a href=\"\/magazin\/baby-4-monate\" class=\"notSelectedWeek\">Baby 4<br>Monate<\/a>\n\t\t\t\t<\/div>\n\t\t\t\t<div class=\"swiper-slide isagenav-slide\">\n\t\t\t\t\t<a href=\"\/magazin\/baby-5-monate\" class=\"notSelectedWeek\">Baby 5<br>Monate<\/a>\n\t\t\t\t<\/div>\n\t\t\t\t<div class=\"swiper-slide isagenav-slide\">\n\t\t\t\t\t<a href=\"\/magazin\/baby-6-monate-entwicklung\" class=\"selectedWeek\">Baby 6<br>Monate<\/a>\n\t\t\t\t<\/div>\n\t\t\t\t<div class=\"swiper-slide isagenav-slide\">\n\t\t\t\t\t<a href=\"\/magazin\/baby-7-monate\" class=\"notSelectedWeek\">Baby 7<br>Monate<\/a>\n\t\t\t\t<\/div>\n\t\t\t\t<div class=\"swiper-slide isagenav-slide\">\n\t\t\t\t\t<a href=\"\/magazin\/baby-8-monate\" class=\"notSelectedWeek\">Baby 8<br>Monate<\/a>\n\t\t\t\t<\/div>\n\t\t\t\t<div class=\"swiper-slide isagenav-slide\">\n\t\t\t\t\t<a href=\"\/magazin\/baby-9-monate-so-entwickelt-sich-dein-schatz\" class=\"notSelectedWeek\">Baby 9<br>Monate<\/a>\n\t\t\t\t<\/div>\n\t\t\t\t<div class=\"swiper-slide isagenav-slide\">\n\t\t\t\t\t<a href=\"\/magazin\/baby-10-monate-alles-ueber-schlaf-essen-entwicklung\" class=\"notSelectedWeek\">Baby 10<br>Monate<\/a>\n\t\t\t\t<\/div>\n\t\t\t\t<div class=\"swiper-slide isagenav-slide\">\n\t\t\t\t\t<a href=\"\/magazin\/baby-11-monate-entwicklung-und-foerderung\" class=\"notSelectedWeek\">Baby 11<br>Monate<\/a>\n\t\t\t\t<\/div>\n\t\t\t\t<div class=\"swiper-slide isagenav-slide\">\n\t\t\t\t\t<a href=\"\/magazin\/baby-1-jahr\" class=\"notSelectedWeek\">Baby 12<br>Monate<\/a>\n\t\t\t\t<\/div>\n\t\t\t\t<div class=\"swiper-slide isagenav-slide\">\n\t\t\t\t\t<a href=\"\/magazin\/baby-13-monate-entwicklung-schlaf-ernaehrung\" class=\"notSelectedWeek\">Baby 13<br>Monate<\/a>\n\t\t\t\t<\/div>\n\t\t\t\t<div class=\"swiper-slide isagenav-slide\">\n\t\t\t\t\t<a href=\"\/magazin\/baby-14-monate-vom-laufen-schlafen-und-wutanfaellen\" class=\"notSelectedWeek\">Baby 14<br>Monate<\/a>\n\t\t\t\t<\/div>\n\t\t\t\t<div class=\"swiper-slide isagenav-slide\">\n\t\t\t\t\t<a href=\"\/magazin\/baby-15-monate\" class=\"notSelectedWeek\">Baby 15<br>Monate<\/a>\n\t\t\t\t<\/div>\n\t\t\t\t<div class=\"swiper-slide isagenav-slide\">\n\t\t\t\t\t<a href=\"\/magazin\/16-monate-altes-kind\" class=\"notSelectedWeek\">Baby 16<br>Monate<\/a>\n\t\t\t\t<\/div>\n\t\t\t\t<div class=\"swiper-slide isagenav-slide\">\n\t\t\t\t\t<a href=\"\/magazin\/kind-17-monate-entwicklung-schlaf-essen-schub\" class=\"notSelectedWeek\">Baby 17<br>Monate<\/a>\n\t\t\t\t<\/div>\n\t\t\t\t<div class=\"swiper-slide isagenav-slide\">\n\t\t\t\t\t<a href=\"\/magazin\/kind-18-monate-entwicklung-herausforderungen\" class=\"notSelectedWeek\">Baby 18<br>Monate<\/a>\n\t\t\t\t<\/div>\n\t\t\t\t<\/div>\n\t\t\t\t\n\t\t\t<\/div>\n\t\t\t<!-- If we need navigation buttons -->\n\t\t\t<div class=\"swiper-button-prev-wop swiper-btn-pr-swiper-1237-4668\" style=\"right: auto;\">\n\t\t\t\t<svg xmlns=\"http:\/\/www.w3.org\/2000\/svg\" width=\"25\" height=\"25\" fill=\"#3e3e3e\" class=\"bi bi-chevron-left\" viewbox=\"0 0 16 16\">\n\t\t\t\t\t<path fill-rule=\"evenodd\" d=\"M11.354 1.646a.5.5 0 0 1 0 .708L5.707 8l5.647 5.646a.5.5 0 0 1-.708.708l-6-6a.5.5 0 0 1 0-.708l6-6a.5.5 0 0 1 .708 0z\"><\/path>\n\t\t\t\t<\/svg>\n\t\t\t<\/div>\n\t\t\t<div class=\"swiper-button-next-wop swiper-btn-nx-swiper-1237-4668\" style=\"right: 0px; left: auto;\">\n\t\t\t\t<svg xmlns=\"http:\/\/www.w3.org\/2000\/svg\" width=\"25\" height=\"25\" fill=\"#3e3e3e\" class=\"bi bi-chevron-right\" viewbox=\"0 0 16 16\">\n\t\t\t\t\t<path fill-rule=\"evenodd\" d=\"M4.646 1.646a.5.5 0 0 1 .708 0l6 6a.5.5 0 0 1 0 .708l-6 6a.5.5 0 0 1-.708-.708L10.293 8 4.646 2.354a.5.5 0 0 1 0-.708z\"><\/path>\n\t\t\t\t<\/svg>\n\t\t\t<\/div>\n\t\t<\/div>\n\t<\/div>\n\t<\/section><div class=\"credits-overlay\" data-target=\".wp-image-875610\"><a href=\"#\" target=\"_blank\">&copy; Ekaterina Pokrovsky &ndash; stock.adobe.com<\/a><\/div><\/p>\n","protected":false},"excerpt":{"rendered":"<p>Dein Baby ist jetzt schon 6 Monate alt! In seinem ersten halben Lebensjahr ist viel passiert &ndash; und genauso aufregend geht es weiter. Denn Dein Schatz erreicht jetzt nach und nach viele wichtige Meilensteine in seiner Entwicklung. Entwicklung Baby 6 Monate: Viel Bewegung &amp; BrabbelnMit 6 Monaten geht es entwicklungstechnisch ziemlich&nbsp;rund. Die Babys werden jetzt [&#8230;]<\/p>\n<p><a class=\"btn btn-secondary understrap-read-more-link\" href=\"https:\/\/www.babyartikel.de\/magazin\/baby-6-monate-entwicklung\">Weiterlesen&#8230;<\/a><\/p>\n","protected":false},"author":104,"featured_media":875610,"comment_status":"open","ping_status":"closed","sticky":false,"template":"","format":"standard","meta":{"_acf_changed":false,"footnotes":""},"categories":[79,3248],"tags":[1044,23129],"class_list":["post-873215","post","type-post","status-publish","format-standard","has-post-thumbnail","hentry","category-baby","category-babyentwicklungskalender","tag-entwicklung","tag-month-6-primary"],"acf":[],"yoast_head":"<!-- This site is optimized with the Yoast SEO Premium plugin v27.2 (Yoast SEO v27.2) - https:\/\/yoast.com\/product\/yoast-seo-premium-wordpress\/ -->\n<title>Baby 6 Monate: Entwicklung &amp; F\u00f6rderung | Babyartikel.de Magazin<\/title>\n<meta name=\"description\" content=\"Dein Baby ist schon 6 Monate alt! Alle Informationen zu \u2714Entwicklungs-Meilensteinen \u2714Tagesablauf und \u2714Baby-Schlaf mit einem halben Jahr.\" \/>\n<meta name=\"robots\" content=\"index, follow, max-snippet:-1, max-image-preview:large, max-video-preview:-1\" \/>\n<link rel=\"canonical\" href=\"https:\/\/www.babyartikel.de\/magazin\/baby-6-monate-entwicklung\" \/>\n<meta property=\"og:locale\" content=\"de_DE\" \/>\n<meta property=\"og:type\" content=\"article\" \/>\n<meta property=\"og:title\" content=\"Baby 6 Monate: Entwicklung &amp;\u00a0F\u00f6rderung\u00a0\" \/>\n<meta property=\"og:description\" content=\"Dein Baby ist schon 6 Monate alt! Alle Informationen zu \u2714Entwicklungs-Meilensteinen \u2714Tagesablauf und \u2714Baby-Schlaf mit einem halben Jahr.\" \/>\n<meta property=\"og:url\" content=\"https:\/\/www.babyartikel.de\/magazin\/baby-6-monate-entwicklung\" \/>\n<meta property=\"og:site_name\" content=\"Babyartikel.de Magazin\" \/>\n<meta property=\"article:published_time\" content=\"2023-03-02T06:55:00+00:00\" \/>\n<meta property=\"article:modified_time\" content=\"2025-01-23T09:38:22+00:00\" \/>\n<meta property=\"og:image\" content=\"https:\/\/cdn.magazin.babyartikel.de\/magazin\/wp-content\/uploads\/2023\/02\/baby-6-monate-e1677150662365.jpg\" \/>\n\t<meta property=\"og:image:width\" content=\"4990\" \/>\n\t<meta property=\"og:image:height\" content=\"3262\" \/>\n\t<meta property=\"og:image:type\" content=\"image\/jpeg\" \/>\n<meta name=\"author\" content=\"Julia Starkey\" \/>\n<meta name=\"twitter:card\" content=\"summary_large_image\" \/>\n<meta name=\"twitter:label1\" content=\"Verfasst von\" \/>\n\t<meta name=\"twitter:data1\" content=\"Julia Starkey\" \/>\n\t<meta name=\"twitter:label2\" content=\"Gesch\u00e4tzte Lesezeit\" \/>\n\t<meta name=\"twitter:data2\" content=\"13\u00a0Minuten\" \/>\n<script type=\"application\/ld+json\" class=\"yoast-schema-graph\">{\"@context\":\"https:\/\/schema.org\",\"@graph\":[{\"@type\":\"Article\",\"@id\":\"https:\/\/www.babyartikel.de\/magazin\/baby-6-monate-entwicklung#article\",\"isPartOf\":{\"@id\":\"https:\/\/www.babyartikel.de\/magazin\/baby-6-monate-entwicklung\"},\"author\":{\"name\":\"Julia Starkey\",\"@id\":\"https:\/\/www.babyartikel.de\/magazin\/#\/schema\/person\/a78cef54bc738f4744e638de843ab745\"},\"headline\":\"Baby 6 Monate: Entwicklung &#038;\u00a0F\u00f6rderung\u00a0\",\"datePublished\":\"2023-03-02T06:55:00+00:00\",\"dateModified\":\"2025-01-23T09:38:22+00:00\",\"mainEntityOfPage\":{\"@id\":\"https:\/\/www.babyartikel.de\/magazin\/baby-6-monate-entwicklung\"},\"wordCount\":2141,\"commentCount\":0,\"image\":{\"@id\":\"https:\/\/www.babyartikel.de\/magazin\/baby-6-monate-entwicklung#primaryimage\"},\"thumbnailUrl\":\"https:\/\/media.babyartikel.de\/magazin\/wp-content\/uploads\/2023\/02\/baby-6-monate-e1677150662365.jpg\",\"keywords\":[\"entwicklung\",\"MONTH-6-primary\"],\"articleSection\":[\"Baby\",\"Baby-Entwicklungskalender\"],\"inLanguage\":\"de\",\"potentialAction\":[{\"@type\":\"CommentAction\",\"name\":\"Comment\",\"target\":[\"https:\/\/www.babyartikel.de\/magazin\/baby-6-monate-entwicklung#respond\"]}]},{\"@type\":\"WebPage\",\"@id\":\"https:\/\/www.babyartikel.de\/magazin\/baby-6-monate-entwicklung\",\"url\":\"https:\/\/www.babyartikel.de\/magazin\/baby-6-monate-entwicklung\",\"name\":\"Baby 6 Monate: Entwicklung & F\u00f6rderung | Babyartikel.de Magazin\",\"isPartOf\":{\"@id\":\"https:\/\/www.babyartikel.de\/magazin\/#website\"},\"primaryImageOfPage\":{\"@id\":\"https:\/\/www.babyartikel.de\/magazin\/baby-6-monate-entwicklung#primaryimage\"},\"image\":{\"@id\":\"https:\/\/www.babyartikel.de\/magazin\/baby-6-monate-entwicklung#primaryimage\"},\"thumbnailUrl\":\"https:\/\/media.babyartikel.de\/magazin\/wp-content\/uploads\/2023\/02\/baby-6-monate-e1677150662365.jpg\",\"datePublished\":\"2023-03-02T06:55:00+00:00\",\"dateModified\":\"2025-01-23T09:38:22+00:00\",\"author\":{\"@id\":\"https:\/\/www.babyartikel.de\/magazin\/#\/schema\/person\/a78cef54bc738f4744e638de843ab745\"},\"description\":\"Dein Baby ist schon 6 Monate alt! Alle Informationen zu \u2714Entwicklungs-Meilensteinen \u2714Tagesablauf und \u2714Baby-Schlaf mit einem halben Jahr.\",\"breadcrumb\":{\"@id\":\"https:\/\/www.babyartikel.de\/magazin\/baby-6-monate-entwicklung#breadcrumb\"},\"inLanguage\":\"de\",\"potentialAction\":[{\"@type\":\"ReadAction\",\"target\":[\"https:\/\/www.babyartikel.de\/magazin\/baby-6-monate-entwicklung\"]}]},{\"@type\":\"ImageObject\",\"inLanguage\":\"de\",\"@id\":\"https:\/\/www.babyartikel.de\/magazin\/baby-6-monate-entwicklung#primaryimage\",\"url\":\"https:\/\/media.babyartikel.de\/magazin\/wp-content\/uploads\/2023\/02\/baby-6-monate-e1677150662365.jpg\",\"contentUrl\":\"https:\/\/media.babyartikel.de\/magazin\/wp-content\/uploads\/2023\/02\/baby-6-monate-e1677150662365.jpg\",\"width\":4990,\"height\":3262,\"caption\":\"gl\u00fcckliches baby 6 monate alt liegt auf r\u00fccken greift f\u00fc\u00dfe\"},{\"@type\":\"BreadcrumbList\",\"@id\":\"https:\/\/www.babyartikel.de\/magazin\/baby-6-monate-entwicklung#breadcrumb\",\"itemListElement\":[{\"@type\":\"ListItem\",\"position\":1,\"name\":\"Startseite\",\"item\":\"https:\/\/www.babyartikel.de\/magazin\"},{\"@type\":\"ListItem\",\"position\":2,\"name\":\"Baby 6 Monate: Entwicklung &#038;\u00a0F\u00f6rderung\u00a0\"}]},{\"@type\":\"WebSite\",\"@id\":\"https:\/\/www.babyartikel.de\/magazin\/#website\",\"url\":\"https:\/\/www.babyartikel.de\/magazin\/\",\"name\":\"Babyartikel.de Magazin\",\"description\":\"\",\"potentialAction\":[{\"@type\":\"SearchAction\",\"target\":{\"@type\":\"EntryPoint\",\"urlTemplate\":\"https:\/\/www.babyartikel.de\/magazin\/?s={search_term_string}\"},\"query-input\":{\"@type\":\"PropertyValueSpecification\",\"valueRequired\":true,\"valueName\":\"search_term_string\"}}],\"inLanguage\":\"de\"},{\"@type\":\"Person\",\"@id\":\"https:\/\/www.babyartikel.de\/magazin\/#\/schema\/person\/a78cef54bc738f4744e638de843ab745\",\"name\":\"Julia Starkey\",\"image\":{\"@type\":\"ImageObject\",\"inLanguage\":\"de\",\"@id\":\"https:\/\/secure.gravatar.com\/avatar\/010c984bef0b0f8e88895fd8dec7eb2c5f0118982f4b682256cfc6667ba4ee5a?s=96&d=mm&r=g\",\"url\":\"https:\/\/secure.gravatar.com\/avatar\/010c984bef0b0f8e88895fd8dec7eb2c5f0118982f4b682256cfc6667ba4ee5a?s=96&d=mm&r=g\",\"contentUrl\":\"https:\/\/secure.gravatar.com\/avatar\/010c984bef0b0f8e88895fd8dec7eb2c5f0118982f4b682256cfc6667ba4ee5a?s=96&d=mm&r=g\",\"caption\":\"Julia Starkey\"},\"description\":\"Vor mehr als 10 Jahren startete ich als Bloggerin f\u00fcr Familien-, Gesundheits- und Lifestyle-Themen durch. Dann wurde ich im Herbst 2015 selbst Mutter einer bezaubernden Tochter. Gemeinsam leben wir in unserer Wahlheimat Bali. Meine Leidenschaft ist die Recherche zu unterschiedlichsten Themen. Es erf\u00fcllt mein Herz, dass ich hier meine Erkenntnisse, aber auch pers\u00f6nlichen Erfahrungen als Mama mit Dir teilen darf.\",\"sameAs\":[\"https:\/\/julia-starkey.de\/\",\"https:\/\/www.instagram.com\/julia.starkey.official\/\"],\"url\":\"https:\/\/www.babyartikel.de\/magazin\/author\/julia-trippingtribe\"}]}<\/script>\n<!-- \/ Yoast SEO Premium plugin. -->","yoast_head_json":{"title":"Baby 6 Monate: Entwicklung & F\u00f6rderung | Babyartikel.de Magazin","description":"Dein Baby ist schon 6 Monate alt! Alle Informationen zu \u2714Entwicklungs-Meilensteinen \u2714Tagesablauf und \u2714Baby-Schlaf mit einem halben Jahr.","robots":{"index":"index","follow":"follow","max-snippet":"max-snippet:-1","max-image-preview":"max-image-preview:large","max-video-preview":"max-video-preview:-1"},"canonical":"https:\/\/www.babyartikel.de\/magazin\/baby-6-monate-entwicklung","og_locale":"de_DE","og_type":"article","og_title":"Baby 6 Monate: Entwicklung &\u00a0F\u00f6rderung\u00a0","og_description":"Dein Baby ist schon 6 Monate alt! Alle Informationen zu \u2714Entwicklungs-Meilensteinen \u2714Tagesablauf und \u2714Baby-Schlaf mit einem halben Jahr.","og_url":"https:\/\/www.babyartikel.de\/magazin\/baby-6-monate-entwicklung","og_site_name":"Babyartikel.de Magazin","article_published_time":"2023-03-02T06:55:00+00:00","article_modified_time":"2025-01-23T09:38:22+00:00","og_image":[{"width":4990,"height":3262,"url":"https:\/\/cdn.magazin.babyartikel.de\/magazin\/wp-content\/uploads\/2023\/02\/baby-6-monate-e1677150662365.jpg","type":"image\/jpeg"}],"author":"Julia Starkey","twitter_card":"summary_large_image","twitter_misc":{"Verfasst von":"Julia Starkey","Gesch\u00e4tzte Lesezeit":"13\u00a0Minuten"},"schema":{"@context":"https:\/\/schema.org","@graph":[{"@type":"Article","@id":"https:\/\/www.babyartikel.de\/magazin\/baby-6-monate-entwicklung#article","isPartOf":{"@id":"https:\/\/www.babyartikel.de\/magazin\/baby-6-monate-entwicklung"},"author":{"name":"Julia Starkey","@id":"https:\/\/www.babyartikel.de\/magazin\/#\/schema\/person\/a78cef54bc738f4744e638de843ab745"},"headline":"Baby 6 Monate: Entwicklung &#038;\u00a0F\u00f6rderung\u00a0","datePublished":"2023-03-02T06:55:00+00:00","dateModified":"2025-01-23T09:38:22+00:00","mainEntityOfPage":{"@id":"https:\/\/www.babyartikel.de\/magazin\/baby-6-monate-entwicklung"},"wordCount":2141,"commentCount":0,"image":{"@id":"https:\/\/www.babyartikel.de\/magazin\/baby-6-monate-entwicklung#primaryimage"},"thumbnailUrl":"https:\/\/media.babyartikel.de\/magazin\/wp-content\/uploads\/2023\/02\/baby-6-monate-e1677150662365.jpg","keywords":["entwicklung","MONTH-6-primary"],"articleSection":["Baby","Baby-Entwicklungskalender"],"inLanguage":"de","potentialAction":[{"@type":"CommentAction","name":"Comment","target":["https:\/\/www.babyartikel.de\/magazin\/baby-6-monate-entwicklung#respond"]}]},{"@type":"WebPage","@id":"https:\/\/www.babyartikel.de\/magazin\/baby-6-monate-entwicklung","url":"https:\/\/www.babyartikel.de\/magazin\/baby-6-monate-entwicklung","name":"Baby 6 Monate: Entwicklung & F\u00f6rderung | Babyartikel.de Magazin","isPartOf":{"@id":"https:\/\/www.babyartikel.de\/magazin\/#website"},"primaryImageOfPage":{"@id":"https:\/\/www.babyartikel.de\/magazin\/baby-6-monate-entwicklung#primaryimage"},"image":{"@id":"https:\/\/www.babyartikel.de\/magazin\/baby-6-monate-entwicklung#primaryimage"},"thumbnailUrl":"https:\/\/media.babyartikel.de\/magazin\/wp-content\/uploads\/2023\/02\/baby-6-monate-e1677150662365.jpg","datePublished":"2023-03-02T06:55:00+00:00","dateModified":"2025-01-23T09:38:22+00:00","author":{"@id":"https:\/\/www.babyartikel.de\/magazin\/#\/schema\/person\/a78cef54bc738f4744e638de843ab745"},"description":"Dein Baby ist schon 6 Monate alt! Alle Informationen zu \u2714Entwicklungs-Meilensteinen \u2714Tagesablauf und \u2714Baby-Schlaf mit einem halben Jahr.","breadcrumb":{"@id":"https:\/\/www.babyartikel.de\/magazin\/baby-6-monate-entwicklung#breadcrumb"},"inLanguage":"de","potentialAction":[{"@type":"ReadAction","target":["https:\/\/www.babyartikel.de\/magazin\/baby-6-monate-entwicklung"]}]},{"@type":"ImageObject","inLanguage":"de","@id":"https:\/\/www.babyartikel.de\/magazin\/baby-6-monate-entwicklung#primaryimage","url":"https:\/\/media.babyartikel.de\/magazin\/wp-content\/uploads\/2023\/02\/baby-6-monate-e1677150662365.jpg","contentUrl":"https:\/\/media.babyartikel.de\/magazin\/wp-content\/uploads\/2023\/02\/baby-6-monate-e1677150662365.jpg","width":4990,"height":3262,"caption":"gl\u00fcckliches baby 6 monate alt liegt auf r\u00fccken greift f\u00fc\u00dfe"},{"@type":"BreadcrumbList","@id":"https:\/\/www.babyartikel.de\/magazin\/baby-6-monate-entwicklung#breadcrumb","itemListElement":[{"@type":"ListItem","position":1,"name":"Startseite","item":"https:\/\/www.babyartikel.de\/magazin"},{"@type":"ListItem","position":2,"name":"Baby 6 Monate: Entwicklung &#038;\u00a0F\u00f6rderung\u00a0"}]},{"@type":"WebSite","@id":"https:\/\/www.babyartikel.de\/magazin\/#website","url":"https:\/\/www.babyartikel.de\/magazin\/","name":"Babyartikel.de Magazin","description":"","potentialAction":[{"@type":"SearchAction","target":{"@type":"EntryPoint","urlTemplate":"https:\/\/www.babyartikel.de\/magazin\/?s={search_term_string}"},"query-input":{"@type":"PropertyValueSpecification","valueRequired":true,"valueName":"search_term_string"}}],"inLanguage":"de"},{"@type":"Person","@id":"https:\/\/www.babyartikel.de\/magazin\/#\/schema\/person\/a78cef54bc738f4744e638de843ab745","name":"Julia Starkey","image":{"@type":"ImageObject","inLanguage":"de","@id":"https:\/\/secure.gravatar.com\/avatar\/010c984bef0b0f8e88895fd8dec7eb2c5f0118982f4b682256cfc6667ba4ee5a?s=96&d=mm&r=g","url":"https:\/\/secure.gravatar.com\/avatar\/010c984bef0b0f8e88895fd8dec7eb2c5f0118982f4b682256cfc6667ba4ee5a?s=96&d=mm&r=g","contentUrl":"https:\/\/secure.gravatar.com\/avatar\/010c984bef0b0f8e88895fd8dec7eb2c5f0118982f4b682256cfc6667ba4ee5a?s=96&d=mm&r=g","caption":"Julia Starkey"},"description":"Vor mehr als 10 Jahren startete ich als Bloggerin f\u00fcr Familien-, Gesundheits- und Lifestyle-Themen durch. Dann wurde ich im Herbst 2015 selbst Mutter einer bezaubernden Tochter. Gemeinsam leben wir in unserer Wahlheimat Bali. Meine Leidenschaft ist die Recherche zu unterschiedlichsten Themen. Es erf\u00fcllt mein Herz, dass ich hier meine Erkenntnisse, aber auch pers\u00f6nlichen Erfahrungen als Mama mit Dir teilen darf.","sameAs":["https:\/\/julia-starkey.de\/","https:\/\/www.instagram.com\/julia.starkey.official\/"],"url":"https:\/\/www.babyartikel.de\/magazin\/author\/julia-trippingtribe"}]}},"abstract_sku":"","_links":{"self":[{"href":"https:\/\/www.babyartikel.de\/magazin\/wp-json\/wp\/v2\/posts\/873215","targetHints":{"allow":["GET"]}}],"collection":[{"href":"https:\/\/www.babyartikel.de\/magazin\/wp-json\/wp\/v2\/posts"}],"about":[{"href":"https:\/\/www.babyartikel.de\/magazin\/wp-json\/wp\/v2\/types\/post"}],"author":[{"embeddable":true,"href":"https:\/\/www.babyartikel.de\/magazin\/wp-json\/wp\/v2\/users\/104"}],"replies":[{"embeddable":true,"href":"https:\/\/www.babyartikel.de\/magazin\/wp-json\/wp\/v2\/comments?post=873215"}],"version-history":[{"count":115,"href":"https:\/\/www.babyartikel.de\/magazin\/wp-json\/wp\/v2\/posts\/873215\/revisions"}],"predecessor-version":[{"id":954764,"href":"https:\/\/www.babyartikel.de\/magazin\/wp-json\/wp\/v2\/posts\/873215\/revisions\/954764"}],"wp:featuredmedia":[{"embeddable":true,"href":"https:\/\/www.babyartikel.de\/magazin\/wp-json\/wp\/v2\/media\/875610"}],"wp:attachment":[{"href":"https:\/\/www.babyartikel.de\/magazin\/wp-json\/wp\/v2\/media?parent=873215"}],"wp:term":[{"taxonomy":"category","embeddable":true,"href":"https:\/\/www.babyartikel.de\/magazin\/wp-json\/wp\/v2\/categories?post=873215"},{"taxonomy":"post_tag","embeddable":true,"href":"https:\/\/www.babyartikel.de\/magazin\/wp-json\/wp\/v2\/tags?post=873215"}],"curies":[{"name":"wp","href":"https:\/\/api.w.org\/{rel}","templated":true}]}}